{"id":69794,"date":"2024-09-26T20:38:23","date_gmt":"2024-09-26T18:38:23","guid":{"rendered":"https:\/\/now-news.de\/de\/deutschland\/zurich-film-festival-sagt-vorfuehrung-von-russians-at-war-aus-sicherheitsgruenden-ab\/"},"modified":"2024-09-26T20:38:23","modified_gmt":"2024-09-26T18:38:23","slug":"zurich-film-festival-sagt-vorfuehrung-von-russians-at-war-aus-sicherheitsgruenden-ab","status":"publish","type":"post","link":"https:\/\/now-news.de\/de\/deutschland\/zurich-film-festival-sagt-vorfuehrung-von-russians-at-war-aus-sicherheitsgruenden-ab\/","title":{"rendered":"Zurich Film Festival sagt Vorf\u00fchrung von &quot;Russians at War&quot; aus Sicherheitsgr\u00fcnden ab"},"content":{"rendered":"<p><img decoding=\"async\" src=\"https:\/\/now-news.de\/de\/wp-content\/uploads\/sites\/3\/2024\/09\/66f5a6dfb480cc1fa4787477.jpg\" \/><\/p>\n<div class=\"Text-root Text-type_1 \">\n                Das Filmfestival in Z\u00fcrich hat noch nicht begonnen, da gibt es schon einen Skandal. Dabei dreht sich alles um die Vorf\u00fchrung der Dokumentation &#8220;Russians at War&#8221;, die von den Schweizer Veranstaltern abgesagt wurde. Grund daf\u00fcr sind Sicherheitsbedenken, nachdem aus Kiew Forderungen eingegangen waren, den Film aus dem Programm zu nehmen.\n            <\/div>\n<p><\/p>\n<div class=\"Text-root Text-type_5 ArticleView-text ViewText-root \">\n<p>Das Zurich Film Festival (ZFF) hat entschieden, die \u00f6ffentliche Vorf\u00fchrung des\u00a0faktentreuen und authentischen Dokumentarfilms &#8220;Russians at War&#8221; \u00fcber den Krieg in der Ukraine abzusagen.<\/p>\n<p>Wie die Festivalleitung am Donnerstagabend mitteilte, erfolgte dieser Entscheid aus Sicherheitsgr\u00fcnden:<\/p>\n<blockquote>\n<p><em>&#8220;Die Sicherheit unseres Publikums, der G\u00e4ste, Partner und Mitarbeiter hat f\u00fcr uns oberste Priorit\u00e4t.&#8221;<\/em><\/p>\n<\/blockquote>\n<p>Trotz der Absage bleibt der Film im Wettbewerb des <a rel=\"nofollow noopener\" target=\"_blank\" href=\"https:\/\/zff.com\/en\">Festivals<\/a>.<\/p>\n<p>Die Regisseurin Anastasia Trofimowa, der vorgeworfen wird, Kriegsverbrechen zu verharmlosen und eine Perspektive zu zeigen, die von der in westlichen Medien g\u00e4ngigen Darstellung des Ukraine-Kriegs abweicht, wird aus Sicherheits- und politischen Gr\u00fcnden nicht nach Z\u00fcrich reisen.<\/p>\n<p>Bereits erworbene Tickets f\u00fcr die abgesagten Vorf\u00fchrungen werden den K\u00e4ufern erstattet.<\/p>\n<div class=\"EmbedBlock-root EmbedBlock-youtube\">\n<div class=\"YouTubeEmbed\">\n<div class=\"jeg_video_container jeg_video_content\"><iframe loading=\"lazy\" title=\"RUSSIANS AT WAR Trailer | TIFF 2024\" width=\"500\" height=\"281\" src=\"https:\/\/www.youtube.com\/embed\/-IJ5Qaj2GMQ?feature=oembed\" frameborder=\"0\" allow=\"accelerometer; autoplay; clipboard-write; encrypted-media; gyroscope; picture-in-picture; web-share\" referrerpolicy=\"strict-origin-when-cross-origin\" allowfullscreen><\/iframe><\/div>\n<\/div>\n<\/div>\n<p>Bereits beim Toronto Film Festival in Kanada hatte der Film ukrainische Proteste ausgel\u00f6st. Nach ernstzunehmenden Drohungen mussten dort mehrere Vorf\u00fchrungen abgesagt werden, was die Kontroverse um den Film weiter verst\u00e4rkte.<\/p>\n<p>Auch in Z\u00fcrich war eine Podiumsdiskussion mit der Regisseurin geplant, um die umstrittenen Inhalte des Films zu er\u00f6rtern.<\/p>\n<p>Es gibt jedoch Spekulationen, dass der Film zu einem sp\u00e4teren Zeitpunkt in privatem Underground-Rahmen gezeigt werden k\u00f6nnte.<\/p>\n<div class=\"EmbedBlock-root EmbedBlock-twitter\">\n<div class=\"TwitterEmbed\">\n<blockquote class=\"twitter-tweet lazyload\" data-twitter=\"twitter-tweet\">\n<p lang=\"en\" dir=\"ltr\">We are outraged that <a rel=\"nofollow noopener\" target=\"_blank\" href=\"https:\/\/twitter.com\/zurichfilmfest?ref_src=twsrc%5Etfw\">@zurichfilmfest<\/a> is considering screening &#8220;Russians at War.&#8221;We strongly condemn any attempts to give Russia a cultural stage on which to whitewash its war crimes, while Russian troops continue to commit atrocities against Ukrainians.<a rel=\"nofollow noopener\" target=\"_blank\" href=\"https:\/\/twitter.com\/hashtag\/NoStageForRussia?src=hash&amp;ref_src=twsrc%5Etfw\">#NoStageForRussia<\/a><a rel=\"nofollow noopener\" target=\"_blank\" href=\"https:\/\/t.co\/Xom3jyxskc\">pic.twitter.com\/Xom3jyxskc<\/a><\/p>\n<p>\u2014 MFA of Ukraine \ud83c\uddfa\ud83c\udde6 (@MFA_Ukraine) <a rel=\"nofollow noopener\" target=\"_blank\" href=\"https:\/\/twitter.com\/MFA_Ukraine\/status\/1836461621910143047?ref_src=twsrc%5Etfw\">September 18, 2024<\/a><\/p><\/blockquote>\n<\/div>\n<\/div>\n<p>&#8220;Russians at War&#8221; dokumentiert das Leben einer russischen Milit\u00e4reinheit w\u00e4hrend des Ukraine-Kriegs und begleitet die Soldaten \u00fcber mehrere Monate hinweg.<\/p>\n<p>Laut der Regisseurin soll der Film die desillusionierte und unorganisierte Realit\u00e4t der Soldaten zeigen.<\/p>\n<p>Kritiker, darunter vor allem ukrainische Gefl\u00fcchtete und das ukrainische Au\u00dfenministerium, werfen dem Film jedoch vor, die russische Kriegsf\u00fchrung zu verherrlichen und nicht dem g\u00e4ngigen Narrativ der Ereignisse in der Ukraine zu folgen.<\/p>\n<p><strong>Mehr zum Thema<\/strong>\u00a0\u2012 <a rel=\"nofollow noopener\" target=\"_blank\" href=\"https:\/\/freedert.online\/nordamerika\/212071-hollywood-erliegt-pentagon-wie-kino\/\">Hollywood erliegt dem Pentagon: Wie Kino zur Kriegsf\u00f6rderung instrumentalisiert wird<\/a><\/p>\n<div class=\"EmbedBlock-root EmbedBlock-externalVideo EmbedBlock-rumble\">\n<div class=\"VkEmbed\"><iframe class=\"lazyload\" data-src=\"https:\/\/rumble.com\/embed\/v5adi1x\" frameborder=\"0\" width=\"853\" height=\"480\" allowfullscreen><\/iframe><\/div>\n<\/div>\n<\/div>\n<p><script async src=\"https:\/\/platform.twitter.com\/widgets.js\" charset=\"utf-8\"><\/script><br \/>\n<br \/><br \/>\n<br \/><a href=\"https:\/\/de.rt.com\/schweiz\/220579-zurich-film-festival-sagt-vorfuehrung\/\">Source link <\/a><\/p>\n","protected":false},"excerpt":{"rendered":"<p>Das Filmfestival in Z\u00fcrich hat noch nicht begonnen, da gibt es schon einen Skandal. Dabei dreht sich alles um die Vorf\u00fchrung der Dokumentation &#8220;Russians at War&#8221;, die von den Schweizer Veranstaltern abgesagt wurde. Grund daf\u00fcr sind Sicherheitsbedenken, nachdem aus Kiew Forderungen eingegangen waren, den Film aus dem Programm zu nehmen. Das Zurich Film Festival (ZFF) [&hellip;]<\/p>\n","protected":false},"author":3,"featured_media":69795,"comment_status":"open","ping_status":"open","sticky":false,"template":"","format":"standard","meta":{"_yoast_indexnow_last_ping":["1727376878"],"_oembed_fcba76961959b1b9377278719f8a9648":["<iframe title=\"RUSSIANS AT WAR Trailer | TIFF 2024\" width=\"500\" height=\"281\" src=\"https:\/\/www.youtube.com\/embed\/-IJ5Qaj2GMQ?feature=oembed\" frameborder=\"0\" allow=\"accelerometer; autoplay; clipboard-write; encrypted-media; gyroscope; picture-in-picture; web-share\" referrerpolicy=\"strict-origin-when-cross-origin\" allowfullscreen><\/iframe>"],"_oembed_time_fcba76961959b1b9377278719f8a9648":["1727376879"],"wp_automatic_camp":["217"],"8429339b00a0a9e57a6f5cf17b6984e9":["Zurich Film Festival sagt Vorf\u00fchrung von &quot;Russians at War&quot; aus Sicherheitsgr\u00fcnden ab"],"original_link":["https:\/\/de.rt.com\/schweiz\/220579-zurich-film-festival-sagt-vorfuehrung\/"],"_thumbnail_id":["69795"],"jnews_social_counter_last_update":["1777563585"],"_wptgpro_p2tg_sent2tg":["a:1:{i:23737;s:19:\"2024-09-26 20:55:50\";}"]},"categories":[19,23],"tags":[679,22354,5788,58947,3564,37784,50,28187,37311,53356],"yoast_head":"<!-- This site is optimized with the Yoast SEO Premium plugin v22.7 (Yoast SEO v22.7) - https:\/\/yoast.com\/wordpress\/plugins\/seo\/ -->\n<title>Zurich Film Festival sagt Vorf\u00fchrung von &quot;Russians at War&quot; aus Sicherheitsgr\u00fcnden ab - just-now.NEWS Deutschland<\/title>\n<meta name=\"robots\" content=\"index, follow, max-snippet:-1, max-image-preview:large, max-video-preview:-1\" \/>\n<link rel=\"canonical\" href=\"https:\/\/now-news.de\/de\/deutschland\/zurich-film-festival-sagt-vorfuehrung-von-russians-at-war-aus-sicherheitsgruenden-ab\/\" \/>\n<meta property=\"og:locale\" content=\"de_DE\" \/>\n<meta property=\"og:type\" content=\"article\" \/>\n<meta property=\"og:title\" content=\"Zurich Film Festival sagt Vorf\u00fchrung von &quot;Russians at War&quot; aus Sicherheitsgr\u00fcnden ab\" \/>\n<meta property=\"og:description\" content=\"Das Filmfestival in Z\u00fcrich hat noch nicht begonnen, da gibt es schon einen Skandal. Dabei dreht sich alles um die Vorf\u00fchrung der Dokumentation &#8220;Russians at War&#8221;, die von den Schweizer Veranstaltern abgesagt wurde. Grund daf\u00fcr sind Sicherheitsbedenken, nachdem aus Kiew Forderungen eingegangen waren, den Film aus dem Programm zu nehmen. Das Zurich Film Festival (ZFF) [&hellip;]\" \/>\n<meta property=\"og:url\" content=\"https:\/\/now-news.de\/de\/deutschland\/zurich-film-festival-sagt-vorfuehrung-von-russians-at-war-aus-sicherheitsgruenden-ab\/\" \/>\n<meta property=\"og:site_name\" content=\"just-now.NEWS Deutschland\" \/>\n<meta property=\"article:publisher\" content=\"https:\/\/www.facebook.com\/wirmachenauf\" \/>\n<meta property=\"article:published_time\" content=\"2024-09-26T18:38:23+00:00\" \/>\n<meta property=\"og:image\" content=\"https:\/\/now-news.de\/de\/wp-content\/uploads\/sites\/3\/2024\/09\/66f5a6dfb480cc1fa4787477.jpg\" \/>\n<meta name=\"author\" content=\"rtnews\" \/>\n<meta name=\"twitter:card\" content=\"summary_large_image\" \/>\n<meta name=\"twitter:creator\" content=\"@WirMachenAuf_de\" \/>\n<meta name=\"twitter:site\" content=\"@WirMachenAuf_de\" \/>\n<meta name=\"twitter:label1\" content=\"Verfasst von\" \/>\n\t<meta name=\"twitter:data1\" content=\"rtnews\" \/>\n\t<meta name=\"twitter:label2\" content=\"Gesch\u00e4tzte Lesezeit\" \/>\n\t<meta name=\"twitter:data2\" content=\"2\u00a0Minuten\" \/>\n<script type=\"application\/ld+json\" class=\"yoast-schema-graph\">{\"@context\":\"https:\/\/schema.org\",\"@graph\":[{\"@type\":\"Article\",\"@id\":\"https:\/\/now-news.de\/de\/deutschland\/zurich-film-festival-sagt-vorfuehrung-von-russians-at-war-aus-sicherheitsgruenden-ab\/#article\",\"isPartOf\":{\"@id\":\"https:\/\/now-news.de\/de\/deutschland\/zurich-film-festival-sagt-vorfuehrung-von-russians-at-war-aus-sicherheitsgruenden-ab\/\"},\"author\":{\"name\":\"rtnews\",\"@id\":\"https:\/\/now-news.de\/de\/#\/schema\/person\/fb534a4e865501d8b3285208df34a9b5\"},\"headline\":\"Zurich Film Festival sagt Vorf\u00fchrung von &quot;Russians at War&quot; aus Sicherheitsgr\u00fcnden ab\",\"datePublished\":\"2024-09-26T18:38:23+00:00\",\"dateModified\":\"2024-09-26T18:38:23+00:00\",\"mainEntityOfPage\":{\"@id\":\"https:\/\/now-news.de\/de\/deutschland\/zurich-film-festival-sagt-vorfuehrung-von-russians-at-war-aus-sicherheitsgruenden-ab\/\"},\"wordCount\":410,\"commentCount\":0,\"publisher\":{\"@id\":\"https:\/\/now-news.de\/de\/#organization\"},\"image\":{\"@id\":\"https:\/\/now-news.de\/de\/deutschland\/zurich-film-festival-sagt-vorfuehrung-von-russians-at-war-aus-sicherheitsgruenden-ab\/#primaryimage\"},\"thumbnailUrl\":\"https:\/\/now-news.de\/de\/wp-content\/uploads\/sites\/3\/2024\/09\/Zurich-Film-Festival-sagt-Vorfuehrung-von-quotRussians-at-Warquot-aus.jpg\",\"keywords\":[\"aus\",\"Festival\",\"film\",\"quotRussians\",\"sagt\",\"Sicherheitsgr\u00fcnden\",\"von\",\"Vorf\u00fchrung\",\"warquot\",\"Z\u00fcrich\"],\"articleSection\":[\"Deutschland\",\"Russland\"],\"inLanguage\":\"de\",\"potentialAction\":[{\"@type\":\"CommentAction\",\"name\":\"Comment\",\"target\":[\"https:\/\/now-news.de\/de\/deutschland\/zurich-film-festival-sagt-vorfuehrung-von-russians-at-war-aus-sicherheitsgruenden-ab\/#respond\"]}]},{\"@type\":\"WebPage\",\"@id\":\"https:\/\/now-news.de\/de\/deutschland\/zurich-film-festival-sagt-vorfuehrung-von-russians-at-war-aus-sicherheitsgruenden-ab\/\",\"url\":\"https:\/\/now-news.de\/de\/deutschland\/zurich-film-festival-sagt-vorfuehrung-von-russians-at-war-aus-sicherheitsgruenden-ab\/\",\"name\":\"Zurich Film Festival sagt Vorf\u00fchrung von &quot;Russians at War&quot; aus Sicherheitsgr\u00fcnden ab - just-now.NEWS Deutschland\",\"isPartOf\":{\"@id\":\"https:\/\/now-news.de\/de\/#website\"},\"primaryImageOfPage\":{\"@id\":\"https:\/\/now-news.de\/de\/deutschland\/zurich-film-festival-sagt-vorfuehrung-von-russians-at-war-aus-sicherheitsgruenden-ab\/#primaryimage\"},\"image\":{\"@id\":\"https:\/\/now-news.de\/de\/deutschland\/zurich-film-festival-sagt-vorfuehrung-von-russians-at-war-aus-sicherheitsgruenden-ab\/#primaryimage\"},\"thumbnailUrl\":\"https:\/\/now-news.de\/de\/wp-content\/uploads\/sites\/3\/2024\/09\/Zurich-Film-Festival-sagt-Vorfuehrung-von-quotRussians-at-Warquot-aus.jpg\",\"datePublished\":\"2024-09-26T18:38:23+00:00\",\"dateModified\":\"2024-09-26T18:38:23+00:00\",\"breadcrumb\":{\"@id\":\"https:\/\/now-news.de\/de\/deutschland\/zurich-film-festival-sagt-vorfuehrung-von-russians-at-war-aus-sicherheitsgruenden-ab\/#breadcrumb\"},\"inLanguage\":\"de\",\"potentialAction\":[{\"@type\":\"ReadAction\",\"target\":[\"https:\/\/now-news.de\/de\/deutschland\/zurich-film-festival-sagt-vorfuehrung-von-russians-at-war-aus-sicherheitsgruenden-ab\/\"]}]},{\"@type\":\"ImageObject\",\"inLanguage\":\"de\",\"@id\":\"https:\/\/now-news.de\/de\/deutschland\/zurich-film-festival-sagt-vorfuehrung-von-russians-at-war-aus-sicherheitsgruenden-ab\/#primaryimage\",\"url\":\"https:\/\/now-news.de\/de\/wp-content\/uploads\/sites\/3\/2024\/09\/Zurich-Film-Festival-sagt-Vorfuehrung-von-quotRussians-at-Warquot-aus.jpg\",\"contentUrl\":\"https:\/\/now-news.de\/de\/wp-content\/uploads\/sites\/3\/2024\/09\/Zurich-Film-Festival-sagt-Vorfuehrung-von-quotRussians-at-Warquot-aus.jpg\",\"width\":460,\"height\":259,\"caption\":\"Zurich Film Festival sagt Vorf\u00fchrung von &quot;Russians at War&quot; aus Sicherheitsgr\u00fcnden ab\"},{\"@type\":\"BreadcrumbList\",\"@id\":\"https:\/\/now-news.de\/de\/deutschland\/zurich-film-festival-sagt-vorfuehrung-von-russians-at-war-aus-sicherheitsgruenden-ab\/#breadcrumb\",\"itemListElement\":[{\"@type\":\"ListItem\",\"position\":1,\"name\":\"Home\",\"item\":\"https:\/\/now-news.de\/de\/\"},{\"@type\":\"ListItem\",\"position\":2,\"name\":\"Zurich Film Festival sagt Vorf\u00fchrung von &quot;Russians at War&quot; aus Sicherheitsgr\u00fcnden ab\"}]},{\"@type\":\"WebSite\",\"@id\":\"https:\/\/now-news.de\/de\/#website\",\"url\":\"https:\/\/now-news.de\/de\/\",\"name\":\"just-now.NEWS Deutschland\",\"description\":\"Das Portal f\u00fcr unzensierte Nachrichten aus der Welt\",\"publisher\":{\"@id\":\"https:\/\/now-news.de\/de\/#organization\"},\"potentialAction\":[{\"@type\":\"SearchAction\",\"target\":{\"@type\":\"EntryPoint\",\"urlTemplate\":\"https:\/\/now-news.de\/de\/?s={search_term_string}\"},\"query-input\":\"required name=search_term_string\"}],\"inLanguage\":\"de\"},{\"@type\":\"Organization\",\"@id\":\"https:\/\/now-news.de\/de\/#organization\",\"name\":\"Just Now News\",\"url\":\"https:\/\/now-news.de\/de\/\",\"logo\":{\"@type\":\"ImageObject\",\"inLanguage\":\"de\",\"@id\":\"https:\/\/now-news.de\/de\/#\/schema\/logo\/image\/\",\"url\":\"http:\/\/just-now.news\/de\/wp-content\/uploads\/sites\/3\/2022\/04\/logo500x500.jpg\",\"contentUrl\":\"http:\/\/just-now.news\/de\/wp-content\/uploads\/sites\/3\/2022\/04\/logo500x500.jpg\",\"width\":500,\"height\":500,\"caption\":\"Just Now News\"},\"image\":{\"@id\":\"https:\/\/now-news.de\/de\/#\/schema\/logo\/image\/\"},\"sameAs\":[\"https:\/\/www.facebook.com\/wirmachenauf\",\"https:\/\/x.com\/WirMachenAuf_de\"]},{\"@type\":\"Person\",\"@id\":\"https:\/\/now-news.de\/de\/#\/schema\/person\/fb534a4e865501d8b3285208df34a9b5\",\"name\":\"rtnews\",\"image\":{\"@type\":\"ImageObject\",\"inLanguage\":\"de\",\"@id\":\"https:\/\/now-news.de\/de\/#\/schema\/person\/image\/\",\"url\":\"https:\/\/secure.gravatar.com\/avatar\/82aafea7d8127119dd649515f56e2117?s=96&d=mm&r=g\",\"contentUrl\":\"https:\/\/secure.gravatar.com\/avatar\/82aafea7d8127119dd649515f56e2117?s=96&d=mm&r=g\",\"caption\":\"rtnews\"},\"url\":\"https:\/\/now-news.de\/de\/author\/rnews\/\"}]}<\/script>\n<!-- \/ Yoast SEO Premium plugin. -->","yoast_head_json":{"title":"Zurich Film Festival sagt Vorf\u00fchrung von &quot;Russians at War&quot; aus Sicherheitsgr\u00fcnden ab - just-now.NEWS Deutschland","robots":{"index":"index","follow":"follow","max-snippet":"max-snippet:-1","max-image-preview":"max-image-preview:large","max-video-preview":"max-video-preview:-1"},"canonical":"https:\/\/now-news.de\/de\/deutschland\/zurich-film-festival-sagt-vorfuehrung-von-russians-at-war-aus-sicherheitsgruenden-ab\/","og_locale":"de_DE","og_type":"article","og_title":"Zurich Film Festival sagt Vorf\u00fchrung von &quot;Russians at War&quot; aus Sicherheitsgr\u00fcnden ab","og_description":"Das Filmfestival in Z\u00fcrich hat noch nicht begonnen, da gibt es schon einen Skandal. Dabei dreht sich alles um die Vorf\u00fchrung der Dokumentation &#8220;Russians at War&#8221;, die von den Schweizer Veranstaltern abgesagt wurde. Grund daf\u00fcr sind Sicherheitsbedenken, nachdem aus Kiew Forderungen eingegangen waren, den Film aus dem Programm zu nehmen. Das Zurich Film Festival (ZFF) [&hellip;]","og_url":"https:\/\/now-news.de\/de\/deutschland\/zurich-film-festival-sagt-vorfuehrung-von-russians-at-war-aus-sicherheitsgruenden-ab\/","og_site_name":"just-now.NEWS Deutschland","article_publisher":"https:\/\/www.facebook.com\/wirmachenauf","article_published_time":"2024-09-26T18:38:23+00:00","og_image":[{"url":"https:\/\/now-news.de\/de\/wp-content\/uploads\/sites\/3\/2024\/09\/66f5a6dfb480cc1fa4787477.jpg"}],"author":"rtnews","twitter_card":"summary_large_image","twitter_creator":"@WirMachenAuf_de","twitter_site":"@WirMachenAuf_de","twitter_misc":{"Verfasst von":"rtnews","Gesch\u00e4tzte Lesezeit":"2\u00a0Minuten"},"schema":{"@context":"https:\/\/schema.org","@graph":[{"@type":"Article","@id":"https:\/\/now-news.de\/de\/deutschland\/zurich-film-festival-sagt-vorfuehrung-von-russians-at-war-aus-sicherheitsgruenden-ab\/#article","isPartOf":{"@id":"https:\/\/now-news.de\/de\/deutschland\/zurich-film-festival-sagt-vorfuehrung-von-russians-at-war-aus-sicherheitsgruenden-ab\/"},"author":{"name":"rtnews","@id":"https:\/\/now-news.de\/de\/#\/schema\/person\/fb534a4e865501d8b3285208df34a9b5"},"headline":"Zurich Film Festival sagt Vorf\u00fchrung von &quot;Russians at War&quot; aus Sicherheitsgr\u00fcnden ab","datePublished":"2024-09-26T18:38:23+00:00","dateModified":"2024-09-26T18:38:23+00:00","mainEntityOfPage":{"@id":"https:\/\/now-news.de\/de\/deutschland\/zurich-film-festival-sagt-vorfuehrung-von-russians-at-war-aus-sicherheitsgruenden-ab\/"},"wordCount":410,"commentCount":0,"publisher":{"@id":"https:\/\/now-news.de\/de\/#organization"},"image":{"@id":"https:\/\/now-news.de\/de\/deutschland\/zurich-film-festival-sagt-vorfuehrung-von-russians-at-war-aus-sicherheitsgruenden-ab\/#primaryimage"},"thumbnailUrl":"https:\/\/now-news.de\/de\/wp-content\/uploads\/sites\/3\/2024\/09\/Zurich-Film-Festival-sagt-Vorfuehrung-von-quotRussians-at-Warquot-aus.jpg","keywords":["aus","Festival","film","quotRussians","sagt","Sicherheitsgr\u00fcnden","von","Vorf\u00fchrung","warquot","Z\u00fcrich"],"articleSection":["Deutschland","Russland"],"inLanguage":"de","potentialAction":[{"@type":"CommentAction","name":"Comment","target":["https:\/\/now-news.de\/de\/deutschland\/zurich-film-festival-sagt-vorfuehrung-von-russians-at-war-aus-sicherheitsgruenden-ab\/#respond"]}]},{"@type":"WebPage","@id":"https:\/\/now-news.de\/de\/deutschland\/zurich-film-festival-sagt-vorfuehrung-von-russians-at-war-aus-sicherheitsgruenden-ab\/","url":"https:\/\/now-news.de\/de\/deutschland\/zurich-film-festival-sagt-vorfuehrung-von-russians-at-war-aus-sicherheitsgruenden-ab\/","name":"Zurich Film Festival sagt Vorf\u00fchrung von &quot;Russians at War&quot; aus Sicherheitsgr\u00fcnden ab - just-now.NEWS Deutschland","isPartOf":{"@id":"https:\/\/now-news.de\/de\/#website"},"primaryImageOfPage":{"@id":"https:\/\/now-news.de\/de\/deutschland\/zurich-film-festival-sagt-vorfuehrung-von-russians-at-war-aus-sicherheitsgruenden-ab\/#primaryimage"},"image":{"@id":"https:\/\/now-news.de\/de\/deutschland\/zurich-film-festival-sagt-vorfuehrung-von-russians-at-war-aus-sicherheitsgruenden-ab\/#primaryimage"},"thumbnailUrl":"https:\/\/now-news.de\/de\/wp-content\/uploads\/sites\/3\/2024\/09\/Zurich-Film-Festival-sagt-Vorfuehrung-von-quotRussians-at-Warquot-aus.jpg","datePublished":"2024-09-26T18:38:23+00:00","dateModified":"2024-09-26T18:38:23+00:00","breadcrumb":{"@id":"https:\/\/now-news.de\/de\/deutschland\/zurich-film-festival-sagt-vorfuehrung-von-russians-at-war-aus-sicherheitsgruenden-ab\/#breadcrumb"},"inLanguage":"de","potentialAction":[{"@type":"ReadAction","target":["https:\/\/now-news.de\/de\/deutschland\/zurich-film-festival-sagt-vorfuehrung-von-russians-at-war-aus-sicherheitsgruenden-ab\/"]}]},{"@type":"ImageObject","inLanguage":"de","@id":"https:\/\/now-news.de\/de\/deutschland\/zurich-film-festival-sagt-vorfuehrung-von-russians-at-war-aus-sicherheitsgruenden-ab\/#primaryimage","url":"https:\/\/now-news.de\/de\/wp-content\/uploads\/sites\/3\/2024\/09\/Zurich-Film-Festival-sagt-Vorfuehrung-von-quotRussians-at-Warquot-aus.jpg","contentUrl":"https:\/\/now-news.de\/de\/wp-content\/uploads\/sites\/3\/2024\/09\/Zurich-Film-Festival-sagt-Vorfuehrung-von-quotRussians-at-Warquot-aus.jpg","width":460,"height":259,"caption":"Zurich Film Festival sagt Vorf\u00fchrung von &quot;Russians at War&quot; aus Sicherheitsgr\u00fcnden ab"},{"@type":"BreadcrumbList","@id":"https:\/\/now-news.de\/de\/deutschland\/zurich-film-festival-sagt-vorfuehrung-von-russians-at-war-aus-sicherheitsgruenden-ab\/#breadcrumb","itemListElement":[{"@type":"ListItem","position":1,"name":"Home","item":"https:\/\/now-news.de\/de\/"},{"@type":"ListItem","position":2,"name":"Zurich Film Festival sagt Vorf\u00fchrung von &quot;Russians at War&quot; aus Sicherheitsgr\u00fcnden ab"}]},{"@type":"WebSite","@id":"https:\/\/now-news.de\/de\/#website","url":"https:\/\/now-news.de\/de\/","name":"just-now.NEWS Deutschland","description":"Das Portal f\u00fcr unzensierte Nachrichten aus der Welt","publisher":{"@id":"https:\/\/now-news.de\/de\/#organization"},"potentialAction":[{"@type":"SearchAction","target":{"@type":"EntryPoint","urlTemplate":"https:\/\/now-news.de\/de\/?s={search_term_string}"},"query-input":"required name=search_term_string"}],"inLanguage":"de"},{"@type":"Organization","@id":"https:\/\/now-news.de\/de\/#organization","name":"Just Now News","url":"https:\/\/now-news.de\/de\/","logo":{"@type":"ImageObject","inLanguage":"de","@id":"https:\/\/now-news.de\/de\/#\/schema\/logo\/image\/","url":"http:\/\/just-now.news\/de\/wp-content\/uploads\/sites\/3\/2022\/04\/logo500x500.jpg","contentUrl":"http:\/\/just-now.news\/de\/wp-content\/uploads\/sites\/3\/2022\/04\/logo500x500.jpg","width":500,"height":500,"caption":"Just Now News"},"image":{"@id":"https:\/\/now-news.de\/de\/#\/schema\/logo\/image\/"},"sameAs":["https:\/\/www.facebook.com\/wirmachenauf","https:\/\/x.com\/WirMachenAuf_de"]},{"@type":"Person","@id":"https:\/\/now-news.de\/de\/#\/schema\/person\/fb534a4e865501d8b3285208df34a9b5","name":"rtnews","image":{"@type":"ImageObject","inLanguage":"de","@id":"https:\/\/now-news.de\/de\/#\/schema\/person\/image\/","url":"https:\/\/secure.gravatar.com\/avatar\/82aafea7d8127119dd649515f56e2117?s=96&d=mm&r=g","contentUrl":"https:\/\/secure.gravatar.com\/avatar\/82aafea7d8127119dd649515f56e2117?s=96&d=mm&r=g","caption":"rtnews"},"url":"https:\/\/now-news.de\/de\/author\/rnews\/"}]}},"_links":{"self":[{"href":"https:\/\/now-news.de\/de\/wp-json\/wp\/v2\/posts\/69794"}],"collection":[{"href":"https:\/\/now-news.de\/de\/wp-json\/wp\/v2\/posts"}],"about":[{"href":"https:\/\/now-news.de\/de\/wp-json\/wp\/v2\/types\/post"}],"author":[{"embeddable":true,"href":"https:\/\/now-news.de\/de\/wp-json\/wp\/v2\/users\/3"}],"replies":[{"embeddable":true,"href":"https:\/\/now-news.de\/de\/wp-json\/wp\/v2\/comments?post=69794"}],"version-history":[{"count":0,"href":"https:\/\/now-news.de\/de\/wp-json\/wp\/v2\/posts\/69794\/revisions"}],"wp:featuredmedia":[{"embeddable":true,"href":"https:\/\/now-news.de\/de\/wp-json\/wp\/v2\/media\/69795"}],"wp:attachment":[{"href":"https:\/\/now-news.de\/de\/wp-json\/wp\/v2\/media?parent=69794"}],"wp:term":[{"taxonomy":"category","embeddable":true,"href":"https:\/\/now-news.de\/de\/wp-json\/wp\/v2\/categories?post=69794"},{"taxonomy":"post_tag","embeddable":true,"href":"https:\/\/now-news.de\/de\/wp-json\/wp\/v2\/tags?post=69794"}],"curies":[{"name":"wp","href":"https:\/\/api.w.org\/{rel}","templated":true}]}}