{"id":69780,"date":"2024-09-26T18:08:14","date_gmt":"2024-09-26T16:08:14","guid":{"rendered":"https:\/\/now-news.de\/de\/deutschland\/sinneswandel-im-mainstream-kritik-an-gruener-politik-wird-salonfaehig\/"},"modified":"2024-09-26T18:08:14","modified_gmt":"2024-09-26T16:08:14","slug":"sinneswandel-im-mainstream-kritik-an-gruener-politik-wird-salonfaehig","status":"publish","type":"post","link":"https:\/\/now-news.de\/de\/deutschland\/sinneswandel-im-mainstream-kritik-an-gruener-politik-wird-salonfaehig\/","title":{"rendered":"Sinneswandel im Mainstream? Kritik an gr\u00fcner Politik wird salonf\u00e4hig"},"content":{"rendered":"<p><img decoding=\"async\" src=\"https:\/\/now-news.de\/de\/wp-content\/uploads\/sites\/3\/2024\/09\/66f52ddd48fbef47f52c67cd.jpg\" \/><\/p>\n<div class=\"Text-root Text-type_1 \">\n                Der Mainstream positionierte sich bisher eng an der Seite der Gr\u00fcnen. Er \u00fcbernahm gr\u00fcne Narrative und sch\u00fctzte die Partei vor inhaltlicher Kritik. Gegen die Opposition teilte er dagegen aus. Das scheint sich zu \u00e4ndern, deutet ein Beitrag im &#8220;Tagesspiegel&#8221; an.\n            <\/div>\n<p><\/p>\n<div class=\"Text-root Text-type_5 ArticleView-text ViewText-root \">\n<p><em>Von Gert Ewen Ungar<\/em><\/p>\n<p>Dass es den Gr\u00fcnen an inhaltlicher Kompetenz fehlt, f\u00e4llt inzwischen sogar jenen Medien auf, die sich bisher nicht durch \u00fcberm\u00e4\u00dfige Kritik an gr\u00fcner Politik hervorgetan haben. Der Berliner <em>Tagesspiegel<\/em> untertitelt einen <a rel=\"nofollow noopener\" target=\"_blank\" href=\"https:\/\/www.tagesspiegel.de\/politik\/nicht-so-viel-in-markte-reinpfuschen-habecks-schwache-wirtschaftskompetenz-wird-zum-problem-fur-die-grunen-12431045.html\">Beitrag<\/a> &#8220;Habecks schwache Wirtschaftskompetenz wird zum Problem f\u00fcr die Gr\u00fcnen&#8221;. Damit deutet sich eine Wende in der bisherigen Berichterstattung an, die gegen\u00fcber gr\u00fcner Politik zwischen wohlwollend affirmativ und unterw\u00fcrfig oszillierte. Offene Kritik an Habeck als auch an Baerbock war bisher ein Tabu.\u00a0<\/p>\n<p>Ob Habeck die Gr\u00fcnen tats\u00e4chlich erfolgreich durch den anstehenden Bundestagswahlkampf f\u00fchren kann, daran werden zunehmend Zweifel wach, schreibt der <em>Tagesspiegel<\/em>.\u00a0Ausgerechnet Jens Spahn (CDU) befeuert diesen Zweifel bei einem Auftritt auf einer Veranstaltung der Wirtschaftsvereinigung der Gr\u00fcnen.<\/p>\n<p>Habeck ist als Wirtschaftsminister gescheitert, ist Spahns These, die er gut belegt. Die Hersteller von W\u00e4rmepumpen, die deutsche Solarindustrie, die E-Auto-Produzenten, alle seien am Boden. Geschuldet sei der Niedergang gr\u00fcner Steuerungspolitik.<\/p>\n<p>Doch nicht nur Spahn moniert gr\u00fcne Wirtschaftspolitik. Kritik kommt auch von Unternehmen, berichtet der <em>Tagesspiegel<\/em> weiter. Das ist nicht wirklich neu. Neu ist, dass im Mainstream dar\u00fcber berichtet wird, ohne dass man die Unternehmen im Anschluss dar\u00fcber belehrt, welcher Segen gr\u00fcne Wirtschaftspolitik f\u00fcr den Standort Deutschland im Grunde sei.\u00a0<\/p>\n<p>Dass es Habeck an Kompetenz und Einsicht in Zusammenh\u00e4nge fehlt, stellt er auf der Veranstaltung unter Beweis. An der konjunkturellen Schw\u00e4che Deutschlands sei Russland schuld, behauptet Habeck. Putin habe den Gashahn zugedreht. Dadurch seien die Preise f\u00fcr Energie und schlie\u00dflich die Inflation gestiegen.\u00a0<\/p>\n<p>Trotz der schweren Krise seiner Partei bleibt Habeck der Strategie treu, Desinformation zu verbreiten. Russland ist nach wie vor bereit, Gas per Pipeline nach Deutschland zu liefern. Russlands Pr\u00e4sident Putin hat dies wiederholt \u00f6ffentlich ge\u00e4u\u00dfert und sich dar\u00fcber verwundert gezeigt, warum deutsche Politik nicht auf das Angebot eingeht, sondern stattdessen die eigene Wirtschaft und den Wohlstand der Deutschen opfert. Aufgabe verantwortungsvoller und souver\u00e4ner Wirtschaftspolitik w\u00e4re, dieses Angebot zumindest zur Kenntnis zu nehmen und abzuw\u00e4gen. Denn ohne g\u00fcnstige russische Energie l\u00e4sst sich keines der Habeckschen Vorhaben umsetzen, machen die vergangenen zwei Jahre deutlich. Doch genau dieser Einsicht verweigert sich Habeck beharrlich.\u00a0<\/p>\n<p>Mit Habeck scheitert jedoch noch etwas anderes. Die Strategie der Gr\u00fcnen, allein durch best\u00e4ndiges Wiederholen ihrer Narrative eine Welt jenseits der Realit\u00e4t und Fakten zu erschaffen, in der alles nach gr\u00fcner Gesetzm\u00e4\u00dfigkeit l\u00e4uft. Den Menschen ist auch durch penetrante Wiederholung nicht einzureden, dass Putin Deutschland das Gas abgedreht hat. Es entspricht ebenso wenig den Fakten wie Baerbocks Mantra, Russland habe anlasslos die Ukraine \u00fcberfallen. Auch durch gr\u00fcne Politik lassen sich die geistigen Errungenschaften der Aufkl\u00e4rung nicht vollst\u00e4ndig aus Deutschland vertreiben. Das ist eine gute Nachricht.\u00a0<\/p>\n<p><strong>Mehr zum Thema<\/strong>\u00a0\u2013 <a rel=\"nofollow noopener\" target=\"_blank\" href=\"https:\/\/freedert.online\/inland\/220488-reaktionen-aus-politischen-berlin-zum\/\">Reaktionen aus dem politischen Berlin zum R\u00fccktritt von Lang und Nouripour<\/a><\/p>\n<div class=\"EmbedBlock-root EmbedBlock-externalVideo EmbedBlock-rumble\">\n<div class=\"VkEmbed\"><iframe class=\"lazyload\" data-src=\"https:\/\/rumble.com\/embed\/v5e0c19\" frameborder=\"0\" width=\"853\" height=\"480\" allowfullscreen><\/iframe><\/div>\n<\/div>\n<\/div>\n<p><br \/>\n<br \/><a href=\"https:\/\/de.rt.com\/meinung\/220511-sinneswandel-im-mainstream-kritik-an\/\">Source link <\/a><\/p>\n","protected":false},"excerpt":{"rendered":"<p>Der Mainstream positionierte sich bisher eng an der Seite der Gr\u00fcnen. Er \u00fcbernahm gr\u00fcne Narrative und sch\u00fctzte die Partei vor inhaltlicher Kritik. Gegen die Opposition teilte er dagegen aus. Das scheint sich zu \u00e4ndern, deutet ein Beitrag im &#8220;Tagesspiegel&#8221; an. Von Gert Ewen Ungar Dass es den Gr\u00fcnen an inhaltlicher Kompetenz fehlt, f\u00e4llt inzwischen sogar [&hellip;]<\/p>\n","protected":false},"author":3,"featured_media":69781,"comment_status":"open","ping_status":"open","sticky":false,"template":"","format":"standard","meta":{"_yoast_indexnow_last_ping":["1727367273"],"wp_automatic_camp":["217"],"38ca1e864aadcaffc114bb3b96bdc48e":["Sinneswandel im Mainstream? Kritik an gr\u00fcner Politik wird salonf\u00e4hig"],"original_link":["https:\/\/de.rt.com\/meinung\/220511-sinneswandel-im-mainstream-kritik-an\/"],"_thumbnail_id":["69781"],"jnews_social_counter_last_update":["1777440663"],"_wptgpro_p2tg_sent2tg":["a:1:{i:23737;s:19:\"2024-09-26 18:15:36\";}"]},"categories":[19,23],"tags":[12313,935,24689,592,39144,58941,374],"yoast_head":"<!-- This site is optimized with the Yoast SEO Premium plugin v22.7 (Yoast SEO v22.7) - https:\/\/yoast.com\/wordpress\/plugins\/seo\/ -->\n<title>Sinneswandel im Mainstream? Kritik an gr\u00fcner Politik wird salonf\u00e4hig - just-now.NEWS Deutschland<\/title>\n<meta name=\"robots\" content=\"index, follow, max-snippet:-1, max-image-preview:large, max-video-preview:-1\" \/>\n<link rel=\"canonical\" href=\"https:\/\/now-news.de\/de\/deutschland\/sinneswandel-im-mainstream-kritik-an-gruener-politik-wird-salonfaehig\/\" \/>\n<meta property=\"og:locale\" content=\"de_DE\" \/>\n<meta property=\"og:type\" content=\"article\" \/>\n<meta property=\"og:title\" content=\"Sinneswandel im Mainstream? Kritik an gr\u00fcner Politik wird salonf\u00e4hig\" \/>\n<meta property=\"og:description\" content=\"Der Mainstream positionierte sich bisher eng an der Seite der Gr\u00fcnen. Er \u00fcbernahm gr\u00fcne Narrative und sch\u00fctzte die Partei vor inhaltlicher Kritik. Gegen die Opposition teilte er dagegen aus. Das scheint sich zu \u00e4ndern, deutet ein Beitrag im &#8220;Tagesspiegel&#8221; an. Von Gert Ewen Ungar Dass es den Gr\u00fcnen an inhaltlicher Kompetenz fehlt, f\u00e4llt inzwischen sogar [&hellip;]\" \/>\n<meta property=\"og:url\" content=\"https:\/\/now-news.de\/de\/deutschland\/sinneswandel-im-mainstream-kritik-an-gruener-politik-wird-salonfaehig\/\" \/>\n<meta property=\"og:site_name\" content=\"just-now.NEWS Deutschland\" \/>\n<meta property=\"article:publisher\" content=\"https:\/\/www.facebook.com\/wirmachenauf\" \/>\n<meta property=\"article:published_time\" content=\"2024-09-26T16:08:14+00:00\" \/>\n<meta property=\"og:image\" content=\"https:\/\/now-news.de\/de\/wp-content\/uploads\/sites\/3\/2024\/09\/66f52ddd48fbef47f52c67cd.jpg\" \/>\n<meta name=\"author\" content=\"rtnews\" \/>\n<meta name=\"twitter:card\" content=\"summary_large_image\" \/>\n<meta name=\"twitter:creator\" content=\"@WirMachenAuf_de\" \/>\n<meta name=\"twitter:site\" content=\"@WirMachenAuf_de\" \/>\n<meta name=\"twitter:label1\" content=\"Verfasst von\" \/>\n\t<meta name=\"twitter:data1\" content=\"rtnews\" \/>\n\t<meta name=\"twitter:label2\" content=\"Gesch\u00e4tzte Lesezeit\" \/>\n\t<meta name=\"twitter:data2\" content=\"3\u00a0Minuten\" \/>\n<script type=\"application\/ld+json\" class=\"yoast-schema-graph\">{\"@context\":\"https:\/\/schema.org\",\"@graph\":[{\"@type\":\"Article\",\"@id\":\"https:\/\/now-news.de\/de\/deutschland\/sinneswandel-im-mainstream-kritik-an-gruener-politik-wird-salonfaehig\/#article\",\"isPartOf\":{\"@id\":\"https:\/\/now-news.de\/de\/deutschland\/sinneswandel-im-mainstream-kritik-an-gruener-politik-wird-salonfaehig\/\"},\"author\":{\"name\":\"rtnews\",\"@id\":\"https:\/\/now-news.de\/de\/#\/schema\/person\/fb534a4e865501d8b3285208df34a9b5\"},\"headline\":\"Sinneswandel im Mainstream? Kritik an gr\u00fcner Politik wird salonf\u00e4hig\",\"datePublished\":\"2024-09-26T16:08:14+00:00\",\"dateModified\":\"2024-09-26T16:08:14+00:00\",\"mainEntityOfPage\":{\"@id\":\"https:\/\/now-news.de\/de\/deutschland\/sinneswandel-im-mainstream-kritik-an-gruener-politik-wird-salonfaehig\/\"},\"wordCount\":536,\"commentCount\":0,\"publisher\":{\"@id\":\"https:\/\/now-news.de\/de\/#organization\"},\"image\":{\"@id\":\"https:\/\/now-news.de\/de\/deutschland\/sinneswandel-im-mainstream-kritik-an-gruener-politik-wird-salonfaehig\/#primaryimage\"},\"thumbnailUrl\":\"https:\/\/now-news.de\/de\/wp-content\/uploads\/sites\/3\/2024\/09\/Sinneswandel-im-Mainstream-Kritik-an-gruener-Politik-wird-salonfaehig.jpg\",\"keywords\":[\"gr\u00fcner\",\"Kritik\",\"Mainstream\",\"Politik\",\"salonf\u00e4hig\",\"Sinneswandel\",\"wird\"],\"articleSection\":[\"Deutschland\",\"Russland\"],\"inLanguage\":\"de\",\"potentialAction\":[{\"@type\":\"CommentAction\",\"name\":\"Comment\",\"target\":[\"https:\/\/now-news.de\/de\/deutschland\/sinneswandel-im-mainstream-kritik-an-gruener-politik-wird-salonfaehig\/#respond\"]}]},{\"@type\":\"WebPage\",\"@id\":\"https:\/\/now-news.de\/de\/deutschland\/sinneswandel-im-mainstream-kritik-an-gruener-politik-wird-salonfaehig\/\",\"url\":\"https:\/\/now-news.de\/de\/deutschland\/sinneswandel-im-mainstream-kritik-an-gruener-politik-wird-salonfaehig\/\",\"name\":\"Sinneswandel im Mainstream? Kritik an gr\u00fcner Politik wird salonf\u00e4hig - just-now.NEWS Deutschland\",\"isPartOf\":{\"@id\":\"https:\/\/now-news.de\/de\/#website\"},\"primaryImageOfPage\":{\"@id\":\"https:\/\/now-news.de\/de\/deutschland\/sinneswandel-im-mainstream-kritik-an-gruener-politik-wird-salonfaehig\/#primaryimage\"},\"image\":{\"@id\":\"https:\/\/now-news.de\/de\/deutschland\/sinneswandel-im-mainstream-kritik-an-gruener-politik-wird-salonfaehig\/#primaryimage\"},\"thumbnailUrl\":\"https:\/\/now-news.de\/de\/wp-content\/uploads\/sites\/3\/2024\/09\/Sinneswandel-im-Mainstream-Kritik-an-gruener-Politik-wird-salonfaehig.jpg\",\"datePublished\":\"2024-09-26T16:08:14+00:00\",\"dateModified\":\"2024-09-26T16:08:14+00:00\",\"breadcrumb\":{\"@id\":\"https:\/\/now-news.de\/de\/deutschland\/sinneswandel-im-mainstream-kritik-an-gruener-politik-wird-salonfaehig\/#breadcrumb\"},\"inLanguage\":\"de\",\"potentialAction\":[{\"@type\":\"ReadAction\",\"target\":[\"https:\/\/now-news.de\/de\/deutschland\/sinneswandel-im-mainstream-kritik-an-gruener-politik-wird-salonfaehig\/\"]}]},{\"@type\":\"ImageObject\",\"inLanguage\":\"de\",\"@id\":\"https:\/\/now-news.de\/de\/deutschland\/sinneswandel-im-mainstream-kritik-an-gruener-politik-wird-salonfaehig\/#primaryimage\",\"url\":\"https:\/\/now-news.de\/de\/wp-content\/uploads\/sites\/3\/2024\/09\/Sinneswandel-im-Mainstream-Kritik-an-gruener-Politik-wird-salonfaehig.jpg\",\"contentUrl\":\"https:\/\/now-news.de\/de\/wp-content\/uploads\/sites\/3\/2024\/09\/Sinneswandel-im-Mainstream-Kritik-an-gruener-Politik-wird-salonfaehig.jpg\",\"width\":460,\"height\":259,\"caption\":\"Sinneswandel im Mainstream? Kritik an gr\u00fcner Politik wird salonf\u00e4hig\"},{\"@type\":\"BreadcrumbList\",\"@id\":\"https:\/\/now-news.de\/de\/deutschland\/sinneswandel-im-mainstream-kritik-an-gruener-politik-wird-salonfaehig\/#breadcrumb\",\"itemListElement\":[{\"@type\":\"ListItem\",\"position\":1,\"name\":\"Home\",\"item\":\"https:\/\/now-news.de\/de\/\"},{\"@type\":\"ListItem\",\"position\":2,\"name\":\"Sinneswandel im Mainstream? Kritik an gr\u00fcner Politik wird salonf\u00e4hig\"}]},{\"@type\":\"WebSite\",\"@id\":\"https:\/\/now-news.de\/de\/#website\",\"url\":\"https:\/\/now-news.de\/de\/\",\"name\":\"just-now.NEWS Deutschland\",\"description\":\"Das Portal f\u00fcr unzensierte Nachrichten aus der Welt\",\"publisher\":{\"@id\":\"https:\/\/now-news.de\/de\/#organization\"},\"potentialAction\":[{\"@type\":\"SearchAction\",\"target\":{\"@type\":\"EntryPoint\",\"urlTemplate\":\"https:\/\/now-news.de\/de\/?s={search_term_string}\"},\"query-input\":\"required name=search_term_string\"}],\"inLanguage\":\"de\"},{\"@type\":\"Organization\",\"@id\":\"https:\/\/now-news.de\/de\/#organization\",\"name\":\"Just Now News\",\"url\":\"https:\/\/now-news.de\/de\/\",\"logo\":{\"@type\":\"ImageObject\",\"inLanguage\":\"de\",\"@id\":\"https:\/\/now-news.de\/de\/#\/schema\/logo\/image\/\",\"url\":\"http:\/\/just-now.news\/de\/wp-content\/uploads\/sites\/3\/2022\/04\/logo500x500.jpg\",\"contentUrl\":\"http:\/\/just-now.news\/de\/wp-content\/uploads\/sites\/3\/2022\/04\/logo500x500.jpg\",\"width\":500,\"height\":500,\"caption\":\"Just Now News\"},\"image\":{\"@id\":\"https:\/\/now-news.de\/de\/#\/schema\/logo\/image\/\"},\"sameAs\":[\"https:\/\/www.facebook.com\/wirmachenauf\",\"https:\/\/x.com\/WirMachenAuf_de\"]},{\"@type\":\"Person\",\"@id\":\"https:\/\/now-news.de\/de\/#\/schema\/person\/fb534a4e865501d8b3285208df34a9b5\",\"name\":\"rtnews\",\"image\":{\"@type\":\"ImageObject\",\"inLanguage\":\"de\",\"@id\":\"https:\/\/now-news.de\/de\/#\/schema\/person\/image\/\",\"url\":\"https:\/\/secure.gravatar.com\/avatar\/82aafea7d8127119dd649515f56e2117?s=96&d=mm&r=g\",\"contentUrl\":\"https:\/\/secure.gravatar.com\/avatar\/82aafea7d8127119dd649515f56e2117?s=96&d=mm&r=g\",\"caption\":\"rtnews\"},\"url\":\"https:\/\/now-news.de\/de\/author\/rnews\/\"}]}<\/script>\n<!-- \/ Yoast SEO Premium plugin. -->","yoast_head_json":{"title":"Sinneswandel im Mainstream? Kritik an gr\u00fcner Politik wird salonf\u00e4hig - just-now.NEWS Deutschland","robots":{"index":"index","follow":"follow","max-snippet":"max-snippet:-1","max-image-preview":"max-image-preview:large","max-video-preview":"max-video-preview:-1"},"canonical":"https:\/\/now-news.de\/de\/deutschland\/sinneswandel-im-mainstream-kritik-an-gruener-politik-wird-salonfaehig\/","og_locale":"de_DE","og_type":"article","og_title":"Sinneswandel im Mainstream? Kritik an gr\u00fcner Politik wird salonf\u00e4hig","og_description":"Der Mainstream positionierte sich bisher eng an der Seite der Gr\u00fcnen. Er \u00fcbernahm gr\u00fcne Narrative und sch\u00fctzte die Partei vor inhaltlicher Kritik. Gegen die Opposition teilte er dagegen aus. Das scheint sich zu \u00e4ndern, deutet ein Beitrag im &#8220;Tagesspiegel&#8221; an. Von Gert Ewen Ungar Dass es den Gr\u00fcnen an inhaltlicher Kompetenz fehlt, f\u00e4llt inzwischen sogar [&hellip;]","og_url":"https:\/\/now-news.de\/de\/deutschland\/sinneswandel-im-mainstream-kritik-an-gruener-politik-wird-salonfaehig\/","og_site_name":"just-now.NEWS Deutschland","article_publisher":"https:\/\/www.facebook.com\/wirmachenauf","article_published_time":"2024-09-26T16:08:14+00:00","og_image":[{"url":"https:\/\/now-news.de\/de\/wp-content\/uploads\/sites\/3\/2024\/09\/66f52ddd48fbef47f52c67cd.jpg"}],"author":"rtnews","twitter_card":"summary_large_image","twitter_creator":"@WirMachenAuf_de","twitter_site":"@WirMachenAuf_de","twitter_misc":{"Verfasst von":"rtnews","Gesch\u00e4tzte Lesezeit":"3\u00a0Minuten"},"schema":{"@context":"https:\/\/schema.org","@graph":[{"@type":"Article","@id":"https:\/\/now-news.de\/de\/deutschland\/sinneswandel-im-mainstream-kritik-an-gruener-politik-wird-salonfaehig\/#article","isPartOf":{"@id":"https:\/\/now-news.de\/de\/deutschland\/sinneswandel-im-mainstream-kritik-an-gruener-politik-wird-salonfaehig\/"},"author":{"name":"rtnews","@id":"https:\/\/now-news.de\/de\/#\/schema\/person\/fb534a4e865501d8b3285208df34a9b5"},"headline":"Sinneswandel im Mainstream? Kritik an gr\u00fcner Politik wird salonf\u00e4hig","datePublished":"2024-09-26T16:08:14+00:00","dateModified":"2024-09-26T16:08:14+00:00","mainEntityOfPage":{"@id":"https:\/\/now-news.de\/de\/deutschland\/sinneswandel-im-mainstream-kritik-an-gruener-politik-wird-salonfaehig\/"},"wordCount":536,"commentCount":0,"publisher":{"@id":"https:\/\/now-news.de\/de\/#organization"},"image":{"@id":"https:\/\/now-news.de\/de\/deutschland\/sinneswandel-im-mainstream-kritik-an-gruener-politik-wird-salonfaehig\/#primaryimage"},"thumbnailUrl":"https:\/\/now-news.de\/de\/wp-content\/uploads\/sites\/3\/2024\/09\/Sinneswandel-im-Mainstream-Kritik-an-gruener-Politik-wird-salonfaehig.jpg","keywords":["gr\u00fcner","Kritik","Mainstream","Politik","salonf\u00e4hig","Sinneswandel","wird"],"articleSection":["Deutschland","Russland"],"inLanguage":"de","potentialAction":[{"@type":"CommentAction","name":"Comment","target":["https:\/\/now-news.de\/de\/deutschland\/sinneswandel-im-mainstream-kritik-an-gruener-politik-wird-salonfaehig\/#respond"]}]},{"@type":"WebPage","@id":"https:\/\/now-news.de\/de\/deutschland\/sinneswandel-im-mainstream-kritik-an-gruener-politik-wird-salonfaehig\/","url":"https:\/\/now-news.de\/de\/deutschland\/sinneswandel-im-mainstream-kritik-an-gruener-politik-wird-salonfaehig\/","name":"Sinneswandel im Mainstream? Kritik an gr\u00fcner Politik wird salonf\u00e4hig - just-now.NEWS Deutschland","isPartOf":{"@id":"https:\/\/now-news.de\/de\/#website"},"primaryImageOfPage":{"@id":"https:\/\/now-news.de\/de\/deutschland\/sinneswandel-im-mainstream-kritik-an-gruener-politik-wird-salonfaehig\/#primaryimage"},"image":{"@id":"https:\/\/now-news.de\/de\/deutschland\/sinneswandel-im-mainstream-kritik-an-gruener-politik-wird-salonfaehig\/#primaryimage"},"thumbnailUrl":"https:\/\/now-news.de\/de\/wp-content\/uploads\/sites\/3\/2024\/09\/Sinneswandel-im-Mainstream-Kritik-an-gruener-Politik-wird-salonfaehig.jpg","datePublished":"2024-09-26T16:08:14+00:00","dateModified":"2024-09-26T16:08:14+00:00","breadcrumb":{"@id":"https:\/\/now-news.de\/de\/deutschland\/sinneswandel-im-mainstream-kritik-an-gruener-politik-wird-salonfaehig\/#breadcrumb"},"inLanguage":"de","potentialAction":[{"@type":"ReadAction","target":["https:\/\/now-news.de\/de\/deutschland\/sinneswandel-im-mainstream-kritik-an-gruener-politik-wird-salonfaehig\/"]}]},{"@type":"ImageObject","inLanguage":"de","@id":"https:\/\/now-news.de\/de\/deutschland\/sinneswandel-im-mainstream-kritik-an-gruener-politik-wird-salonfaehig\/#primaryimage","url":"https:\/\/now-news.de\/de\/wp-content\/uploads\/sites\/3\/2024\/09\/Sinneswandel-im-Mainstream-Kritik-an-gruener-Politik-wird-salonfaehig.jpg","contentUrl":"https:\/\/now-news.de\/de\/wp-content\/uploads\/sites\/3\/2024\/09\/Sinneswandel-im-Mainstream-Kritik-an-gruener-Politik-wird-salonfaehig.jpg","width":460,"height":259,"caption":"Sinneswandel im Mainstream? Kritik an gr\u00fcner Politik wird salonf\u00e4hig"},{"@type":"BreadcrumbList","@id":"https:\/\/now-news.de\/de\/deutschland\/sinneswandel-im-mainstream-kritik-an-gruener-politik-wird-salonfaehig\/#breadcrumb","itemListElement":[{"@type":"ListItem","position":1,"name":"Home","item":"https:\/\/now-news.de\/de\/"},{"@type":"ListItem","position":2,"name":"Sinneswandel im Mainstream? Kritik an gr\u00fcner Politik wird salonf\u00e4hig"}]},{"@type":"WebSite","@id":"https:\/\/now-news.de\/de\/#website","url":"https:\/\/now-news.de\/de\/","name":"just-now.NEWS Deutschland","description":"Das Portal f\u00fcr unzensierte Nachrichten aus der Welt","publisher":{"@id":"https:\/\/now-news.de\/de\/#organization"},"potentialAction":[{"@type":"SearchAction","target":{"@type":"EntryPoint","urlTemplate":"https:\/\/now-news.de\/de\/?s={search_term_string}"},"query-input":"required name=search_term_string"}],"inLanguage":"de"},{"@type":"Organization","@id":"https:\/\/now-news.de\/de\/#organization","name":"Just Now News","url":"https:\/\/now-news.de\/de\/","logo":{"@type":"ImageObject","inLanguage":"de","@id":"https:\/\/now-news.de\/de\/#\/schema\/logo\/image\/","url":"http:\/\/just-now.news\/de\/wp-content\/uploads\/sites\/3\/2022\/04\/logo500x500.jpg","contentUrl":"http:\/\/just-now.news\/de\/wp-content\/uploads\/sites\/3\/2022\/04\/logo500x500.jpg","width":500,"height":500,"caption":"Just Now News"},"image":{"@id":"https:\/\/now-news.de\/de\/#\/schema\/logo\/image\/"},"sameAs":["https:\/\/www.facebook.com\/wirmachenauf","https:\/\/x.com\/WirMachenAuf_de"]},{"@type":"Person","@id":"https:\/\/now-news.de\/de\/#\/schema\/person\/fb534a4e865501d8b3285208df34a9b5","name":"rtnews","image":{"@type":"ImageObject","inLanguage":"de","@id":"https:\/\/now-news.de\/de\/#\/schema\/person\/image\/","url":"https:\/\/secure.gravatar.com\/avatar\/82aafea7d8127119dd649515f56e2117?s=96&d=mm&r=g","contentUrl":"https:\/\/secure.gravatar.com\/avatar\/82aafea7d8127119dd649515f56e2117?s=96&d=mm&r=g","caption":"rtnews"},"url":"https:\/\/now-news.de\/de\/author\/rnews\/"}]}},"_links":{"self":[{"href":"https:\/\/now-news.de\/de\/wp-json\/wp\/v2\/posts\/69780"}],"collection":[{"href":"https:\/\/now-news.de\/de\/wp-json\/wp\/v2\/posts"}],"about":[{"href":"https:\/\/now-news.de\/de\/wp-json\/wp\/v2\/types\/post"}],"author":[{"embeddable":true,"href":"https:\/\/now-news.de\/de\/wp-json\/wp\/v2\/users\/3"}],"replies":[{"embeddable":true,"href":"https:\/\/now-news.de\/de\/wp-json\/wp\/v2\/comments?post=69780"}],"version-history":[{"count":0,"href":"https:\/\/now-news.de\/de\/wp-json\/wp\/v2\/posts\/69780\/revisions"}],"wp:featuredmedia":[{"embeddable":true,"href":"https:\/\/now-news.de\/de\/wp-json\/wp\/v2\/media\/69781"}],"wp:attachment":[{"href":"https:\/\/now-news.de\/de\/wp-json\/wp\/v2\/media?parent=69780"}],"wp:term":[{"taxonomy":"category","embeddable":true,"href":"https:\/\/now-news.de\/de\/wp-json\/wp\/v2\/categories?post=69780"},{"taxonomy":"post_tag","embeddable":true,"href":"https:\/\/now-news.de\/de\/wp-json\/wp\/v2\/tags?post=69780"}],"curies":[{"name":"wp","href":"https:\/\/api.w.org\/{rel}","templated":true}]}}