{"id":69515,"date":"2024-09-23T12:32:36","date_gmt":"2024-09-23T10:32:36","guid":{"rendered":"https:\/\/now-news.de\/de\/deutschland\/moskau-selenskij-hat-sich-fuer-eskalation-entschieden\/"},"modified":"2024-09-23T12:32:36","modified_gmt":"2024-09-23T10:32:36","slug":"moskau-selenskij-hat-sich-fuer-eskalation-entschieden","status":"publish","type":"post","link":"https:\/\/now-news.de\/de\/deutschland\/moskau-selenskij-hat-sich-fuer-eskalation-entschieden\/","title":{"rendered":"Moskau: Selenskij hat sich f\u00fcr Eskalation entschieden"},"content":{"rendered":"<p><img decoding=\"async\" src=\"https:\/\/now-news.de\/de\/wp-content\/uploads\/sites\/3\/2024\/09\/66f13279b480cc374e366652.jpg\" \/><\/p>\n<div class=\"Text-root Text-type_1 \">\n                Der Einmarsch der Ukraine in die Region Kursk war die beste Antwort auf diejenigen, die dachten, Kiew wolle Frieden, sagte der stellvertretende UN-Gesandte Russlands.\n            <\/div>\n<p><\/p>\n<div class=\"Text-root Text-type_5 ArticleView-text ViewText-root \">\n<p>Der ukrainische F\u00fchrer Wladimir Selenskij hat sich f\u00fcr den Weg der Eskalation entschieden, als er den Kiewer Streitkr\u00e4ften befahl, in die russische Region Kursk einzumarschieren, so\u00a0Dmitri Poljanskij,\u00a0erster stellvertretender st\u00e4ndiger Vertreter Moskaus bei der UNO.<\/p>\n<p>Am Sonntag traf Selenskij in den USA ein, wo er mit US-Pr\u00e4sident Joe Biden, Mitgliedern des US-Kongresses und den beiden US-Pr\u00e4sidentschaftskandidaten Kamala Harris und Donald Trump zusammentreffen will, um ihnen seinen <em>&#8220;Friedensplan&#8221;<\/em> vorzustellen, den er k\u00fcrzlich in <em>&#8220;Siegesplan&#8221;<\/em> umbenannt hat. Laut Selenskij k\u00f6nnte der Plan den Konflikt zwischen Moskau und Kiew bis Ende dieses Jahres beenden, wenn der Westen <em>&#8220;schnelle Entscheidungen&#8221; <\/em>\u00fcber die Verst\u00e4rkung seiner Unterst\u00fctzung f\u00fcr die Ukraine trifft.<\/p>\n<p>Gegen\u00fcber der Nachrichtenagentur <em>RIA Novosti<\/em> erkl\u00e4rte Poljanskij am Montag, dass die russischen Beh\u00f6rden <em>&#8220;das Handeln der anderen nach ihren Taten und nicht nach ihren Worten beurteilen.<\/em>\u00a0<em>Das bedeutet, dass er [Selenskij] eindeutig den Weg der Eskalation gew\u00e4hlt hat, als er in die russische Region Kursk einmarschierte&#8221;.<\/em><\/p>\n<p><em>&#8220;Ich denke, das war die beste Antwort an alle, die gehofft haben, dass die ukrainische F\u00fchrung nach Frieden strebt&#8221;,<\/em> betonte er.<\/p>\n<p>Das ukrainische Milit\u00e4r war am 6. August in die Region Kursk eingedrungen und hatte damit den gr\u00f6\u00dften Angriff auf international anerkanntes russisches Territorium seit dem Ausbruch der Feindseligkeiten zwischen Moskau und Kiew im Februar 2022 gestartet. Das russische Milit\u00e4r konnte den Vormarsch schnell stoppen und meldete in den letzten Wochen die R\u00fcckeroberung von mehr als einem Dutzend D\u00f6rfern. Die Kiewer Streitkr\u00e4fte kontrollieren jedoch weiterhin einen Teil der Region, und die K\u00e4mpfe gehen weiter.<\/p>\n<p>Nach j\u00fcngsten Angaben des russischen Verteidigungsministeriums hat die Ukraine seit Beginn des Vormarsches mehr als 16.000 Soldaten und mehrere Hundert Einheiten milit\u00e4rischer Ausr\u00fcstung verloren, darunter 126 Panzer und 95 gepanzerte Mannschaftstransportwagen.<\/p>\n<p>Moskau kenne den Inhalt von Selenskijs\u00a0<em>&#8220;Siegesplan&#8221;<\/em>\u00a0nicht und sei auch nicht eingeladen worden, ihn zu er\u00f6rtern, sagte Poljanski.<\/p>\n<p><em>&#8220;Es ist f\u00fcr uns schwer zu verstehen, was der Verr\u00fcckte im Kopf hat.<\/em>\u00a0<em>Wir wissen nicht, was Selenskij plant, und es gibt eine Menge Wirbel um seine Anwesenheit [in den USA] und um das, was er anbieten wird oder nicht&#8221;,<\/em>\u00a0betonte der Diplomat.<\/p>\n<p>Zum Ausgang des Konflikts zwischen Moskau und Kiew erkl\u00e4rte Kreml-Sprecher Dmitri Peskow am Sonntag erneut, dass\u00a0<em>es &#8220;keine Alternative zu unserem [russischen] Sieg gibt&#8221;.<\/em><\/p>\n<p><strong>Mehr zum Thema<\/strong> \u2013 <a rel=\"nofollow noopener\" target=\"_blank\" href=\"https:\/\/freedert.online\/international\/131481-liveticker-ukraine-krieg\/\">Liveticker Ukraine-Krieg<\/a><\/p>\n<div class=\"EmbedBlock-root EmbedBlock-externalVideo EmbedBlock-rumble\">\n<div class=\"VkEmbed\"><iframe class=\"lazyload\" data-src=\"https:\/\/rumble.com\/embed\/v5dl2ml\" frameborder=\"0\" width=\"853\" height=\"480\" allowfullscreen><\/iframe><\/div>\n<\/div>\n<\/div>\n<p><br \/>\n<br \/><a href=\"https:\/\/de.rt.com\/europa\/220116-moskau-selenskij-hat-sich-fuer\/\">Source link <\/a><\/p>\n","protected":false},"excerpt":{"rendered":"<p>Der Einmarsch der Ukraine in die Region Kursk war die beste Antwort auf diejenigen, die dachten, Kiew wolle Frieden, sagte der stellvertretende UN-Gesandte Russlands. Der ukrainische F\u00fchrer Wladimir Selenskij hat sich f\u00fcr den Weg der Eskalation entschieden, als er den Kiewer Streitkr\u00e4ften befahl, in die russische Region Kursk einzumarschieren, so\u00a0Dmitri Poljanskij,\u00a0erster stellvertretender st\u00e4ndiger Vertreter Moskaus [&hellip;]<\/p>\n","protected":false},"author":3,"featured_media":69516,"comment_status":"open","ping_status":"open","sticky":false,"template":"","format":"standard","meta":{"_yoast_indexnow_last_ping":["1727087973"],"wp_automatic_camp":["217"],"6a309dfac98c31127391a6a636b47b0a":["Moskau: Selenskij hat sich f\u00fcr Eskalation entschieden"],"original_link":["https:\/\/de.rt.com\/europa\/220116-moskau-selenskij-hat-sich-fuer\/"],"_thumbnail_id":["69516"],"_wptgpro_p2tg_sent2tg":["a:1:{i:23737;s:19:\"2024-09-23 12:40:51\";}"],"jnews_social_counter_last_update":["1788014752"]},"categories":[19,23],"tags":[4220,582,221,423,946,6158,434],"class_list":["post-69515","post","type-post","status-publish","format-standard","has-post-thumbnail","hentry","category-deutschland","category-russland","tag-entschieden","tag-eskalation","tag-fuer","tag-hat","tag-moskau","tag-selenskij","tag-sich"],"yoast_head":"<!-- This site is optimized with the Yoast SEO Premium plugin v22.7 (Yoast SEO v28.2) - https:\/\/yoast.com\/product\/yoast-seo-premium-wordpress\/ -->\n<title>Moskau: Selenskij hat sich f\u00fcr Eskalation entschieden - just-now.NEWS Deutschland<\/title>\n<meta name=\"robots\" content=\"index, follow, max-snippet:-1, max-image-preview:large, max-video-preview:-1\" \/>\n<link rel=\"canonical\" href=\"https:\/\/now-news.de\/de\/deutschland\/moskau-selenskij-hat-sich-fuer-eskalation-entschieden\/\" \/>\n<meta property=\"og:locale\" content=\"de_DE\" \/>\n<meta property=\"og:type\" content=\"article\" \/>\n<meta property=\"og:title\" content=\"Moskau: Selenskij hat sich f\u00fcr Eskalation entschieden\" \/>\n<meta property=\"og:description\" content=\"Der Einmarsch der Ukraine in die Region Kursk war die beste Antwort auf diejenigen, die dachten, Kiew wolle Frieden, sagte der stellvertretende UN-Gesandte Russlands. Der ukrainische F\u00fchrer Wladimir Selenskij hat sich f\u00fcr den Weg der Eskalation entschieden, als er den Kiewer Streitkr\u00e4ften befahl, in die russische Region Kursk einzumarschieren, so\u00a0Dmitri Poljanskij,\u00a0erster stellvertretender st\u00e4ndiger Vertreter Moskaus [&hellip;]\" \/>\n<meta property=\"og:url\" content=\"https:\/\/now-news.de\/de\/deutschland\/moskau-selenskij-hat-sich-fuer-eskalation-entschieden\/\" \/>\n<meta property=\"og:site_name\" content=\"just-now.NEWS Deutschland\" \/>\n<meta property=\"article:publisher\" content=\"https:\/\/www.facebook.com\/wirmachenauf\" \/>\n<meta property=\"article:published_time\" content=\"2024-09-23T10:32:36+00:00\" \/>\n<meta property=\"og:image\" content=\"https:\/\/now-news.de\/de\/wp-content\/uploads\/sites\/3\/2024\/09\/66f13279b480cc374e366652.jpg\" \/>\n<meta name=\"author\" content=\"rtnews\" \/>\n<meta name=\"twitter:card\" content=\"summary_large_image\" \/>\n<meta name=\"twitter:creator\" content=\"@WirMachenAuf_de\" \/>\n<meta name=\"twitter:site\" content=\"@WirMachenAuf_de\" \/>\n<meta name=\"twitter:label1\" content=\"Verfasst von\" \/>\n\t<meta name=\"twitter:data1\" content=\"rtnews\" \/>\n\t<meta name=\"twitter:label2\" content=\"Gesch\u00e4tzte Lesezeit\" \/>\n\t<meta name=\"twitter:data2\" content=\"2\u00a0Minuten\" \/>\n<script type=\"application\/ld+json\" class=\"yoast-schema-graph\">{\"@context\":\"https:\\\/\\\/schema.org\",\"@graph\":[{\"@type\":\"Article\",\"@id\":\"https:\\\/\\\/now-news.de\\\/de\\\/deutschland\\\/moskau-selenskij-hat-sich-fuer-eskalation-entschieden\\\/#article\",\"isPartOf\":{\"@id\":\"https:\\\/\\\/now-news.de\\\/de\\\/deutschland\\\/moskau-selenskij-hat-sich-fuer-eskalation-entschieden\\\/\"},\"author\":{\"name\":\"rtnews\",\"@id\":\"https:\\\/\\\/now-news.de\\\/de\\\/#\\\/schema\\\/person\\\/fb534a4e865501d8b3285208df34a9b5\"},\"headline\":\"Moskau: Selenskij hat sich f\u00fcr Eskalation entschieden\",\"datePublished\":\"2024-09-23T10:32:36+00:00\",\"mainEntityOfPage\":{\"@id\":\"https:\\\/\\\/now-news.de\\\/de\\\/deutschland\\\/moskau-selenskij-hat-sich-fuer-eskalation-entschieden\\\/\"},\"wordCount\":428,\"commentCount\":0,\"publisher\":{\"@id\":\"https:\\\/\\\/now-news.de\\\/de\\\/#organization\"},\"image\":{\"@id\":\"https:\\\/\\\/now-news.de\\\/de\\\/deutschland\\\/moskau-selenskij-hat-sich-fuer-eskalation-entschieden\\\/#primaryimage\"},\"thumbnailUrl\":\"https:\\\/\\\/now-news.de\\\/de\\\/wp-content\\\/uploads\\\/sites\\\/3\\\/2024\\\/09\\\/Moskau-Selenskij-hat-sich-fuer-Eskalation-entschieden.jpg\",\"keywords\":[\"entschieden\",\"Eskalation\",\"f\u00fcr\",\"hat\",\"Moskau\",\"Selenskij\",\"sich\"],\"articleSection\":[\"Deutschland\",\"Russland\"],\"inLanguage\":\"de\",\"potentialAction\":[{\"@type\":\"CommentAction\",\"name\":\"Comment\",\"target\":[\"https:\\\/\\\/now-news.de\\\/de\\\/deutschland\\\/moskau-selenskij-hat-sich-fuer-eskalation-entschieden\\\/#respond\"]}]},{\"@type\":\"WebPage\",\"@id\":\"https:\\\/\\\/now-news.de\\\/de\\\/deutschland\\\/moskau-selenskij-hat-sich-fuer-eskalation-entschieden\\\/\",\"url\":\"https:\\\/\\\/now-news.de\\\/de\\\/deutschland\\\/moskau-selenskij-hat-sich-fuer-eskalation-entschieden\\\/\",\"name\":\"Moskau: Selenskij hat sich f\u00fcr Eskalation entschieden - just-now.NEWS Deutschland\",\"isPartOf\":{\"@id\":\"https:\\\/\\\/now-news.de\\\/de\\\/#website\"},\"primaryImageOfPage\":{\"@id\":\"https:\\\/\\\/now-news.de\\\/de\\\/deutschland\\\/moskau-selenskij-hat-sich-fuer-eskalation-entschieden\\\/#primaryimage\"},\"image\":{\"@id\":\"https:\\\/\\\/now-news.de\\\/de\\\/deutschland\\\/moskau-selenskij-hat-sich-fuer-eskalation-entschieden\\\/#primaryimage\"},\"thumbnailUrl\":\"https:\\\/\\\/now-news.de\\\/de\\\/wp-content\\\/uploads\\\/sites\\\/3\\\/2024\\\/09\\\/Moskau-Selenskij-hat-sich-fuer-Eskalation-entschieden.jpg\",\"datePublished\":\"2024-09-23T10:32:36+00:00\",\"breadcrumb\":{\"@id\":\"https:\\\/\\\/now-news.de\\\/de\\\/deutschland\\\/moskau-selenskij-hat-sich-fuer-eskalation-entschieden\\\/#breadcrumb\"},\"inLanguage\":\"de\",\"potentialAction\":[{\"@type\":\"ReadAction\",\"target\":[\"https:\\\/\\\/now-news.de\\\/de\\\/deutschland\\\/moskau-selenskij-hat-sich-fuer-eskalation-entschieden\\\/\"]}]},{\"@type\":\"ImageObject\",\"inLanguage\":\"de\",\"@id\":\"https:\\\/\\\/now-news.de\\\/de\\\/deutschland\\\/moskau-selenskij-hat-sich-fuer-eskalation-entschieden\\\/#primaryimage\",\"url\":\"https:\\\/\\\/now-news.de\\\/de\\\/wp-content\\\/uploads\\\/sites\\\/3\\\/2024\\\/09\\\/Moskau-Selenskij-hat-sich-fuer-Eskalation-entschieden.jpg\",\"contentUrl\":\"https:\\\/\\\/now-news.de\\\/de\\\/wp-content\\\/uploads\\\/sites\\\/3\\\/2024\\\/09\\\/Moskau-Selenskij-hat-sich-fuer-Eskalation-entschieden.jpg\",\"width\":460,\"height\":259,\"caption\":\"Moskau: Selenskij hat sich f\u00fcr Eskalation entschieden\"},{\"@type\":\"BreadcrumbList\",\"@id\":\"https:\\\/\\\/now-news.de\\\/de\\\/deutschland\\\/moskau-selenskij-hat-sich-fuer-eskalation-entschieden\\\/#breadcrumb\",\"itemListElement\":[{\"@type\":\"ListItem\",\"position\":1,\"name\":\"Home\",\"item\":\"https:\\\/\\\/now-news.de\\\/de\\\/\"},{\"@type\":\"ListItem\",\"position\":2,\"name\":\"Moskau: Selenskij hat sich f\u00fcr Eskalation entschieden\"}]},{\"@type\":\"WebSite\",\"@id\":\"https:\\\/\\\/now-news.de\\\/de\\\/#website\",\"url\":\"https:\\\/\\\/now-news.de\\\/de\\\/\",\"name\":\"just-now.NEWS Deutschland\",\"description\":\"Das Portal f\u00fcr unzensierte Nachrichten aus der Welt\",\"publisher\":{\"@id\":\"https:\\\/\\\/now-news.de\\\/de\\\/#organization\"},\"potentialAction\":[{\"@type\":\"SearchAction\",\"target\":{\"@type\":\"EntryPoint\",\"urlTemplate\":\"https:\\\/\\\/now-news.de\\\/de\\\/?s={search_term_string}\"},\"query-input\":{\"@type\":\"PropertyValueSpecification\",\"valueRequired\":true,\"valueName\":\"search_term_string\"}}],\"inLanguage\":\"de\"},{\"@type\":\"Organization\",\"@id\":\"https:\\\/\\\/now-news.de\\\/de\\\/#organization\",\"name\":\"Just Now News\",\"url\":\"https:\\\/\\\/now-news.de\\\/de\\\/\",\"logo\":{\"@type\":\"ImageObject\",\"inLanguage\":\"de\",\"@id\":\"https:\\\/\\\/now-news.de\\\/de\\\/#\\\/schema\\\/logo\\\/image\\\/\",\"url\":\"http:\\\/\\\/just-now.news\\\/de\\\/wp-content\\\/uploads\\\/sites\\\/3\\\/2022\\\/04\\\/logo500x500.jpg\",\"contentUrl\":\"http:\\\/\\\/just-now.news\\\/de\\\/wp-content\\\/uploads\\\/sites\\\/3\\\/2022\\\/04\\\/logo500x500.jpg\",\"width\":500,\"height\":500,\"caption\":\"Just Now News\"},\"image\":{\"@id\":\"https:\\\/\\\/now-news.de\\\/de\\\/#\\\/schema\\\/logo\\\/image\\\/\"},\"sameAs\":[\"https:\\\/\\\/www.facebook.com\\\/wirmachenauf\",\"https:\\\/\\\/x.com\\\/WirMachenAuf_de\"]},{\"@type\":\"Person\",\"@id\":\"https:\\\/\\\/now-news.de\\\/de\\\/#\\\/schema\\\/person\\\/fb534a4e865501d8b3285208df34a9b5\",\"name\":\"rtnews\",\"image\":{\"@type\":\"ImageObject\",\"inLanguage\":\"de\",\"@id\":\"https:\\\/\\\/secure.gravatar.com\\\/avatar\\\/358fe31b3ab5769fea05376e1953329834cd9912cf9daf607e2af3076a1b982b?s=96&d=mm&r=g\",\"url\":\"https:\\\/\\\/secure.gravatar.com\\\/avatar\\\/358fe31b3ab5769fea05376e1953329834cd9912cf9daf607e2af3076a1b982b?s=96&d=mm&r=g\",\"contentUrl\":\"https:\\\/\\\/secure.gravatar.com\\\/avatar\\\/358fe31b3ab5769fea05376e1953329834cd9912cf9daf607e2af3076a1b982b?s=96&d=mm&r=g\",\"caption\":\"rtnews\"},\"url\":\"https:\\\/\\\/now-news.de\\\/de\\\/author\\\/rnews\\\/\"}]}<\/script>\n<!-- \/ Yoast SEO Premium plugin. -->","yoast_head_json":{"title":"Moskau: Selenskij hat sich f\u00fcr Eskalation entschieden - just-now.NEWS Deutschland","robots":{"index":"index","follow":"follow","max-snippet":"max-snippet:-1","max-image-preview":"max-image-preview:large","max-video-preview":"max-video-preview:-1"},"canonical":"https:\/\/now-news.de\/de\/deutschland\/moskau-selenskij-hat-sich-fuer-eskalation-entschieden\/","og_locale":"de_DE","og_type":"article","og_title":"Moskau: Selenskij hat sich f\u00fcr Eskalation entschieden","og_description":"Der Einmarsch der Ukraine in die Region Kursk war die beste Antwort auf diejenigen, die dachten, Kiew wolle Frieden, sagte der stellvertretende UN-Gesandte Russlands. Der ukrainische F\u00fchrer Wladimir Selenskij hat sich f\u00fcr den Weg der Eskalation entschieden, als er den Kiewer Streitkr\u00e4ften befahl, in die russische Region Kursk einzumarschieren, so\u00a0Dmitri Poljanskij,\u00a0erster stellvertretender st\u00e4ndiger Vertreter Moskaus [&hellip;]","og_url":"https:\/\/now-news.de\/de\/deutschland\/moskau-selenskij-hat-sich-fuer-eskalation-entschieden\/","og_site_name":"just-now.NEWS Deutschland","article_publisher":"https:\/\/www.facebook.com\/wirmachenauf","article_published_time":"2024-09-23T10:32:36+00:00","og_image":[{"url":"https:\/\/now-news.de\/de\/wp-content\/uploads\/sites\/3\/2024\/09\/66f13279b480cc374e366652.jpg","type":"","width":"","height":""}],"author":"rtnews","twitter_card":"summary_large_image","twitter_creator":"@WirMachenAuf_de","twitter_site":"@WirMachenAuf_de","twitter_misc":{"Verfasst von":"rtnews","Gesch\u00e4tzte Lesezeit":"2\u00a0Minuten"},"schema":{"@context":"https:\/\/schema.org","@graph":[{"@type":"Article","@id":"https:\/\/now-news.de\/de\/deutschland\/moskau-selenskij-hat-sich-fuer-eskalation-entschieden\/#article","isPartOf":{"@id":"https:\/\/now-news.de\/de\/deutschland\/moskau-selenskij-hat-sich-fuer-eskalation-entschieden\/"},"author":{"name":"rtnews","@id":"https:\/\/now-news.de\/de\/#\/schema\/person\/fb534a4e865501d8b3285208df34a9b5"},"headline":"Moskau: Selenskij hat sich f\u00fcr Eskalation entschieden","datePublished":"2024-09-23T10:32:36+00:00","mainEntityOfPage":{"@id":"https:\/\/now-news.de\/de\/deutschland\/moskau-selenskij-hat-sich-fuer-eskalation-entschieden\/"},"wordCount":428,"commentCount":0,"publisher":{"@id":"https:\/\/now-news.de\/de\/#organization"},"image":{"@id":"https:\/\/now-news.de\/de\/deutschland\/moskau-selenskij-hat-sich-fuer-eskalation-entschieden\/#primaryimage"},"thumbnailUrl":"https:\/\/now-news.de\/de\/wp-content\/uploads\/sites\/3\/2024\/09\/Moskau-Selenskij-hat-sich-fuer-Eskalation-entschieden.jpg","keywords":["entschieden","Eskalation","f\u00fcr","hat","Moskau","Selenskij","sich"],"articleSection":["Deutschland","Russland"],"inLanguage":"de","potentialAction":[{"@type":"CommentAction","name":"Comment","target":["https:\/\/now-news.de\/de\/deutschland\/moskau-selenskij-hat-sich-fuer-eskalation-entschieden\/#respond"]}]},{"@type":"WebPage","@id":"https:\/\/now-news.de\/de\/deutschland\/moskau-selenskij-hat-sich-fuer-eskalation-entschieden\/","url":"https:\/\/now-news.de\/de\/deutschland\/moskau-selenskij-hat-sich-fuer-eskalation-entschieden\/","name":"Moskau: Selenskij hat sich f\u00fcr Eskalation entschieden - just-now.NEWS Deutschland","isPartOf":{"@id":"https:\/\/now-news.de\/de\/#website"},"primaryImageOfPage":{"@id":"https:\/\/now-news.de\/de\/deutschland\/moskau-selenskij-hat-sich-fuer-eskalation-entschieden\/#primaryimage"},"image":{"@id":"https:\/\/now-news.de\/de\/deutschland\/moskau-selenskij-hat-sich-fuer-eskalation-entschieden\/#primaryimage"},"thumbnailUrl":"https:\/\/now-news.de\/de\/wp-content\/uploads\/sites\/3\/2024\/09\/Moskau-Selenskij-hat-sich-fuer-Eskalation-entschieden.jpg","datePublished":"2024-09-23T10:32:36+00:00","breadcrumb":{"@id":"https:\/\/now-news.de\/de\/deutschland\/moskau-selenskij-hat-sich-fuer-eskalation-entschieden\/#breadcrumb"},"inLanguage":"de","potentialAction":[{"@type":"ReadAction","target":["https:\/\/now-news.de\/de\/deutschland\/moskau-selenskij-hat-sich-fuer-eskalation-entschieden\/"]}]},{"@type":"ImageObject","inLanguage":"de","@id":"https:\/\/now-news.de\/de\/deutschland\/moskau-selenskij-hat-sich-fuer-eskalation-entschieden\/#primaryimage","url":"https:\/\/now-news.de\/de\/wp-content\/uploads\/sites\/3\/2024\/09\/Moskau-Selenskij-hat-sich-fuer-Eskalation-entschieden.jpg","contentUrl":"https:\/\/now-news.de\/de\/wp-content\/uploads\/sites\/3\/2024\/09\/Moskau-Selenskij-hat-sich-fuer-Eskalation-entschieden.jpg","width":460,"height":259,"caption":"Moskau: Selenskij hat sich f\u00fcr Eskalation entschieden"},{"@type":"BreadcrumbList","@id":"https:\/\/now-news.de\/de\/deutschland\/moskau-selenskij-hat-sich-fuer-eskalation-entschieden\/#breadcrumb","itemListElement":[{"@type":"ListItem","position":1,"name":"Home","item":"https:\/\/now-news.de\/de\/"},{"@type":"ListItem","position":2,"name":"Moskau: Selenskij hat sich f\u00fcr Eskalation entschieden"}]},{"@type":"WebSite","@id":"https:\/\/now-news.de\/de\/#website","url":"https:\/\/now-news.de\/de\/","name":"just-now.NEWS Deutschland","description":"Das Portal f\u00fcr unzensierte Nachrichten aus der Welt","publisher":{"@id":"https:\/\/now-news.de\/de\/#organization"},"potentialAction":[{"@type":"SearchAction","target":{"@type":"EntryPoint","urlTemplate":"https:\/\/now-news.de\/de\/?s={search_term_string}"},"query-input":{"@type":"PropertyValueSpecification","valueRequired":true,"valueName":"search_term_string"}}],"inLanguage":"de"},{"@type":"Organization","@id":"https:\/\/now-news.de\/de\/#organization","name":"Just Now News","url":"https:\/\/now-news.de\/de\/","logo":{"@type":"ImageObject","inLanguage":"de","@id":"https:\/\/now-news.de\/de\/#\/schema\/logo\/image\/","url":"http:\/\/just-now.news\/de\/wp-content\/uploads\/sites\/3\/2022\/04\/logo500x500.jpg","contentUrl":"http:\/\/just-now.news\/de\/wp-content\/uploads\/sites\/3\/2022\/04\/logo500x500.jpg","width":500,"height":500,"caption":"Just Now News"},"image":{"@id":"https:\/\/now-news.de\/de\/#\/schema\/logo\/image\/"},"sameAs":["https:\/\/www.facebook.com\/wirmachenauf","https:\/\/x.com\/WirMachenAuf_de"]},{"@type":"Person","@id":"https:\/\/now-news.de\/de\/#\/schema\/person\/fb534a4e865501d8b3285208df34a9b5","name":"rtnews","image":{"@type":"ImageObject","inLanguage":"de","@id":"https:\/\/secure.gravatar.com\/avatar\/358fe31b3ab5769fea05376e1953329834cd9912cf9daf607e2af3076a1b982b?s=96&d=mm&r=g","url":"https:\/\/secure.gravatar.com\/avatar\/358fe31b3ab5769fea05376e1953329834cd9912cf9daf607e2af3076a1b982b?s=96&d=mm&r=g","contentUrl":"https:\/\/secure.gravatar.com\/avatar\/358fe31b3ab5769fea05376e1953329834cd9912cf9daf607e2af3076a1b982b?s=96&d=mm&r=g","caption":"rtnews"},"url":"https:\/\/now-news.de\/de\/author\/rnews\/"}]}},"_links":{"self":[{"href":"https:\/\/now-news.de\/de\/wp-json\/wp\/v2\/posts\/69515","targetHints":{"allow":["GET"]}}],"collection":[{"href":"https:\/\/now-news.de\/de\/wp-json\/wp\/v2\/posts"}],"about":[{"href":"https:\/\/now-news.de\/de\/wp-json\/wp\/v2\/types\/post"}],"author":[{"embeddable":true,"href":"https:\/\/now-news.de\/de\/wp-json\/wp\/v2\/users\/3"}],"replies":[{"embeddable":true,"href":"https:\/\/now-news.de\/de\/wp-json\/wp\/v2\/comments?post=69515"}],"version-history":[{"count":0,"href":"https:\/\/now-news.de\/de\/wp-json\/wp\/v2\/posts\/69515\/revisions"}],"wp:featuredmedia":[{"embeddable":true,"href":"https:\/\/now-news.de\/de\/wp-json\/wp\/v2\/media\/69516"}],"wp:attachment":[{"href":"https:\/\/now-news.de\/de\/wp-json\/wp\/v2\/media?parent=69515"}],"wp:term":[{"taxonomy":"category","embeddable":true,"href":"https:\/\/now-news.de\/de\/wp-json\/wp\/v2\/categories?post=69515"},{"taxonomy":"post_tag","embeddable":true,"href":"https:\/\/now-news.de\/de\/wp-json\/wp\/v2\/tags?post=69515"}],"curies":[{"name":"wp","href":"https:\/\/api.w.org\/{rel}","templated":true}]}}