{"id":69502,"date":"2024-09-23T07:10:00","date_gmt":"2024-09-23T05:10:00","guid":{"rendered":"https:\/\/now-news.de\/de\/deutschland\/vom-11-september-bis-zum-7-oktober-der-angebliche-krieg-gegen-den-terror-bricht-zusammen\/"},"modified":"2024-09-23T07:10:00","modified_gmt":"2024-09-23T05:10:00","slug":"vom-11-september-bis-zum-7-oktober-der-angebliche-krieg-gegen-den-terror-bricht-zusammen","status":"publish","type":"post","link":"https:\/\/now-news.de\/de\/deutschland\/vom-11-september-bis-zum-7-oktober-der-angebliche-krieg-gegen-den-terror-bricht-zusammen\/","title":{"rendered":"Vom 11. September bis zum 7. Oktober: Der angebliche &quot;Krieg gegen den Terror&quot; bricht zusammen"},"content":{"rendered":"<p><img decoding=\"async\" src=\"https:\/\/now-news.de\/de\/wp-content\/uploads\/sites\/3\/2024\/09\/66ed4cf648fbef177e2947b9.jpg\" \/><\/p>\n<div class=\"Text-root Text-type_1 \">\n                Die Ereignisse des 11. September 2001 sollten dem jungen 21. Jahrhundert das Paradigma einer exzeptionellen Herrschaft aufzwingen. Die Geschichte hat anders entschieden, denn ab am 7. Oktober 2023 wurde der Spie\u00df umgedreht. Seitdem wird die Macht des US-Hegemons gebrochen.\n            <\/div>\n<p><\/p>\n<div class=\"Text-root Text-type_5 ArticleView-text ViewText-root \">\n<p><em>Von Pepe Escobar<\/em><\/p>\n<blockquote>\n<p><em>&#8220;Die Kolonisierung &#8230; ist das beste Gesch\u00e4ft f\u00fcr das Kapital eines alten und wohlhabenden Landes &#8230; es gelten nicht die gleichen Regeln der internationalen Moral &#8230; zwischen zivilisierten Nationen und Barbaren.&#8221;(1) <\/em><br \/><em><\/em><\/p>\n<p><em>John Stuart Mill<\/em><\/p>\n<\/blockquote>\n<p>Jahrelang haben die USA Israels regionales Destabilisierungsprogramm mit Hilfe von Phantomterroristen als Rechtfertigung f\u00fcr den &#8220;Krieg gegen den Terror&#8221; durchgef\u00fchrt. Doch der 7. Oktober 2023 beendete Washingtons nicht enden wollendes Kriegsprojekt \u2013 jetzt haben US-Gegner den Schalter umgelegt und den &#8220;Langen Krieg&#8221; gegen Israel er\u00f6ffnet.<\/p>\n<p>Der Angriff vom 11. September, wurde als Angriff auf das US-Heimatland gewertet und f\u00fchrte unmittelbar zum &#8220;Globalen Krieg gegen den Terror&#8221; (GWOT), der schon um 23 Uhr desselben Tages begann. Vom Pentagon zun\u00e4chst als &#8220;Langer Krieg&#8221; bezeichnet, wurde der Begriff sp\u00e4ter von der Obama-Regierung als &#8220;Overseas Contingency Operations (OCO)&#8221; (kontinuierliche \u00dcbersee-Operationen) entsch\u00e4rft.<\/p>\n<p>F\u00fcr den von den USA inszenierten Krieg gegen den Terror wurden acht Billionen Dollar ausgegeben, um einen Phantomfeind zu besiegen. Dabei wurden <a rel=\"nofollow noopener\" target=\"_blank\" href=\"https:\/\/www.aljazeera.com\/news\/2018\/11\/9\/us-war-on-terror-has-killed-over-half-a-million-people-study\">mehr als eine halbe Million Menschen<\/a> \u2013 \u00fcberwiegend Muslime \u2013 get\u00f6tet und illegale Kriege gegen sieben Staaten mit muslimischer Bev\u00f6lkerungsmehrheit angezettelt. All dies wurde schonungslos mit &#8220;humanit\u00e4ren Gr\u00fcnden&#8221; gerechtfertigt. Zudem w\u00fcrden diese Kriege angeblich von der &#8220;internationalen Gemeinschaft&#8221; unterst\u00fctzt, hie\u00df es. Sp\u00e4ter wurde dieser Begriff in &#8220;regelbasierte internationale Ordnung&#8221; umbenannt.<\/p>\n<p>Cui bono? (Wem n\u00fctzt es?) ist in bezug auf den 11. September 2001 nach wie vor die wichtigste Frage. Vizepr\u00e4sident Dick Cheney \u2013 der in der Regierung von George W. Bushs Vater als Verteidigungsminister gedient hatte \u2013 setzte <a rel=\"nofollow noopener\" target=\"_blank\" href=\"https:\/\/www.haaretz.com\/2003-04-03\/ty-article\/white-mans-burden\/0000017f-e398-d804-ad7f-f3fa5d520000\">ein enges Netzwerk<\/a> von \u00fcberzeugten pro-israelischen Neokonservativen ein. Sie wurden von Cheney strategisch so postiert, dass sie die seit langem geplante Agenda des <a rel=\"nofollow noopener\" target=\"_blank\" href=\"https:\/\/de.wikipedia.org\/wiki\/Project_for_the_New_American_Century\">Project for the New American Century<\/a> (PNAC) durchsetzen konnten. Dessen umfassende Agenda hatte auf den richtigen Ausl\u00f6ser \u2013 ein &#8220;neues Pearl Harbor&#8221; \u2013 gewartet, um eine Reihe von Regimewechsel-Operationen und Kriegen in weiten Teilen Westasiens und anderen muslimischen Staaten zu rechtfertigen und die globale Geopolitik zugunsten Israels neu zu gestalten.<\/p>\n<p>Nachdem US-General Wesley Clark einen geheimen Plan des Cheney-Regimes aufgedeckt hatte, <a rel=\"nofollow noopener\" target=\"_blank\" href=\"https:\/\/www.globalresearch.ca\/we-re-going-to-take-out-7-countries-in-5-years-iraq-syria-lebanon-libya-somalia-sudan-iran\/5166\">sieben gro\u00dfe islamische L\u00e4nder <\/a>innerhalb von f\u00fcnf Jahren zu zerst\u00f6ren \u2013 vom Irak \u00fcber Syrien und Libyen bis hin zum Iran \u2013, wurde klar, dass die Planung bereits im Voraus erfolgt war. Diese Ziell\u00e4nder hatten eines gemeinsam: Sie waren entschiedene Gegner des Besatzungsstaates Israel und entschiedene Bef\u00fcrworter der Rechte der Pal\u00e4stinenser.<\/p>\n<p>Aus der Sicht von Tel Aviv war der &#8220;Krieg gegen den Terror&#8221; und all die damit verbundenen Kriege, die die USA und ihre westlichen Verb\u00fcndeten im Namen der &#8220;Zivilisation&#8221; und gegen die &#8220;Barbaren&#8221; f\u00fchren w\u00fcrden, ein gutes Gesch\u00e4ft. Die Israelis h\u00e4tten nicht gl\u00fccklicher oder selbstgef\u00e4lliger sein k\u00f6nnen \u00fcber die Richtung, in die sich all dies entwickelte.<\/p>\n<p>Es ist kein Wunder, dass der 7. Oktober 2023 ein Spiegelbild des 11. September 2001 ist. Der Besatzungsstaat selbst k\u00fcndigte dies als Israels eigenen &#8220;11. September&#8221; an. Parallelen gibt es in mehrfacher Hinsicht, aber sicherlich nicht so, wie es die Israel-Anh\u00e4nger und die Kabale der Extremisten in Tel Aviv erwartet haben.<\/p>\n<\/p>\n<p><strong>Syrien: der Wendepunkt<\/strong><\/p>\n<p>Der westliche Hegemon ist ein hervorragender Konstrukteur von Narrativen und schwelgt derzeit in den von ihm selbst geschaffenen S\u00fcmpfen der Russophobie, Iranophobie und Sinophobie. Offizielle, unumst\u00f6\u00dfliche Narrative wie das \u00fcber den 11. September zu widerlegen, bleibt das ultimative Tabu. Dennoch kann ein falsches narratives Konstrukt nicht ewig Bestand haben. Vor drei Jahren, am 20. Jahrestag des Einsturzes der Zwillingst\u00fcrme und des Beginns des Krieges gegen den Terror, wurden wir Zeuge eines gro\u00dfen Umbruchs an der Schnittstelle zwischen Zentral- und S\u00fcdasien: Die Taliban waren wieder an der Macht und sie feierten ihren Sieg \u00fcber den Hegemon. Die Taliban hatten in einem verworrenen Ewigen Krieg gewonnen.<\/p>\n<p>Zu diesem Zeitpunkt war die &#8220;Sieben L\u00e4nder in f\u00fcnf Jahren&#8221;-Obsession, mit dem Ziel, einen &#8220;Neuen Nahen Osten&#8221; zu gestalten, auf allen Ebenen entgleist. Syrien war der Wendepunkt \u2013 auch wenn manche behaupten, dass die Weichen bereits gestellt waren, als der libanesische Widerstand Israel im Jahr 2000 und dann erneut 2006 besiegte.<\/p>\n<p>Die Zerschlagung des unabh\u00e4ngigen Syriens h\u00e4tte den Weg f\u00fcr den Hegemon \u2013 und Israels Heiligen Gral \u2013 geebnet: den Regimewechsel im Iran. Ende 2014 marschierten US-Besatzungstruppen unter dem Vorwand der &#8220;Terrorbek\u00e4mpfung&#8221; in Syrien ein. Das war Obamas OCO in Aktion. In Wirklichkeit aber benutzte Washington zwei wichtige Terrorgruppen \u2013 Daesh, auch ISIL oder ISIS genannt, und Al-Qaida, die auch unter dem Namen Jabhat al-Nusra oder Hayat Tahrir al-Scham bekannt ist \u2013 um Damaskus zu zerst\u00f6ren.<\/p>\n<p>Das geht aus einem freigegebenen Dokument der US Defense Intelligence Agency (DIA) aus dem Jahr 2012 hervor. Sp\u00e4ter wurde dies auch von General Michael Flynn best\u00e4tigt, der zum Zeitpunkt der Erstellung des Dokuments Chef der DIA war: &#8220;Ich denke, es war eine vors\u00e4tzliche Entscheidung [der Obama-Regierung]&#8221;, dem Terror zu helfen, statt ihn zu bek\u00e4mpfen.<\/p>\n<p>ISIS wurde ins Leben gerufen, um sowohl die irakische als auch die syrische Armee zu bek\u00e4mpfen. Die Terrorgruppe war ein Ableger von Al-Qaida im Irak (AQI). nachdem sie 2012 die syrische Grenze \u00fcberschritten hatte, wurde sie zun\u00e4chst in Islamischer Staat im Irak (ISI), dann in ISIL und schlie\u00dflich in ISIS umbenannt. Der entscheidende Punkt ist, dass sowohl ISIS als auch die Nusra-Front (sp\u00e4ter Hayat Tahrir al-Sham) Ableger der salafistisch-dschihadistischen Al-Qaida waren.<\/p>\n<p>Als Russland im September 2015 auf Einladung von Damaskus den syrischen Schauplatz betrat, war dies der eigentliche Wendepunkt. Der russische Pr\u00e4sident Wladimir Putin beschloss, einen echten Krieg gegen den Terror auf syrischem Gebiet zu f\u00fchren, bevor dieser die Grenzen der Russischen F\u00f6deration erreichte. Die damalige Standardformulierung in Moskau lautete: Die Entfernung von Aleppo nach Grosny betr\u00e4gt nur 900 Kilometer.<\/p>\n<p>Schlie\u00dflich wurden die Russen bereits in den 1990er Jahren in Tschetschenien mit demselben Terror und Modus Operandi konfrontiert. Danach sind viele tschetschenische Dschihadisten geflohen, um sich\u00a0letztlich in Syrien zwielichtigen, von den Saudis finanzierten Organisationen anzuschlie\u00dfen.<\/p>\n<p>Der inzwischen verstorbene gro\u00dfe libanesische Analyst Anis Naqqash best\u00e4tigte sp\u00e4ter, dass der legend\u00e4re iranische Al-Quds-Brigaden-Befehlshaber Qassem Soleimani Putin pers\u00f6nlich davon \u00fcberzeugte, sich auf dem syrischen Kriegsschauplatz zu engagieren und bei der Bek\u00e4mpfung des Terrorismus zu helfen. Dieser strategische Masterplan sollte die USA in Westasien auf fatale Weise schw\u00e4chen.<\/p>\n<p>Das US-Sicherheitsestablishment konnte Putin und vor allem Soleimani nat\u00fcrlich nie verzeihen, dass sie ihre n\u00fctzlichen dschihadistischen Fu\u00dfsoldaten besiegt hatten. Auf Befehl von Pr\u00e4sident Donald Trump wurde der iranische Anti-ISIS-General im Januar 2020 in Bagdad ermordet. Ebenfalls ermordet wurde Abu Mahdi al-Mohandes, der stellvertretende Anf\u00fchrer der irakischen Volksmobilisierungseinheiten (PMUs). Dabei handelt es sich um ein breites B\u00fcndnis irakischer K\u00e4mpfer, die ISIS im Irak gemeinsam besiegen wollen.<\/p>\n<p><strong>Das Erbe des 11. September begraben<\/strong><\/p>\n<p>Soleimanis strategische Meisterleistung bestand darin, \u00fcber Jahre hinweg die Achse des Widerstands gegen Israel und die USA zu bilden und zu koordinieren. Im Irak beispielsweise wurden die PMUs (Volksmobilisierungseinheiten) in die vorderste Reihe des Widerstands katapultiert, weil das von den USA ausgebildete und kontrollierte irakische Milit\u00e4r ISIS einfach nicht bek\u00e4mpfen konnte. Die PMUs wurden nach einer Fatwa [auf Religion basierende rechtliche Verordnung] von Gro\u00dfajatollah Sistani im Juni 2014 \u2013 als ISIS seinen Amoklauf im Irak begann \u2013 gegr\u00fcndet. Darin forderte er &#8220;alle irakischen B\u00fcrger&#8221; auf, &#8220;das Land, sein Volk, die Ehre seiner B\u00fcrger und seine heiligen St\u00e4tten zu verteidigen.&#8221;<\/p>\n<p>Mehrere PMUs wurden von Soleimanis Quds-Truppe unterst\u00fctzt. Ironischerweise wurde dieser f\u00fcr den Rest des Jahrzehnts von Washington immer wieder als Meister der &#8220;Terroristen&#8221; gebrandmarkt. Parallel dazu beherbergte die irakische Regierung ein von Russland geleitetes Anti-ISIS-Informationszentrum in Bagdad. Das Verdienst f\u00fcr den Sieg \u00fcber ISIS im Irak geb\u00fchrte haupts\u00e4chlich den PMUs. Hinzu kam die Hilfe f\u00fcr Damaskus durch die Integration von PMU-Einheiten in die Syrische Arabische Armee. So sah der echte Krieg gegen den Terror aus, nicht dieses falsch benannte amerikanische Konstrukt namens &#8220;Krieg gegen den Terror&#8221;.<\/p>\n<p>Vor allem aber war und ist die westasiatische Antwort auf den Terror nicht sektiererisch. Teheran unterst\u00fctzt das s\u00e4kulare, pluralistische Syrien und das sunnitische Pal\u00e4stina; im Libanon gibt es eine Allianz zwischen Hisbollah und Christen; die irakischen PMUs sind eine sunnitisch-schiitisch-christliche Allianz. Teilen und Herrschen ist in einer selbst entwickelten Anti-Terror-Strategie einfach nicht angebracht.<\/p>\n<p><strong>Was dann am 7. Oktober 2023 geschah, hob das Ethos der regionalen Widerstandskr\u00e4fte auf eine ganz neue Ebene.<\/strong><\/p>\n<p>Mit einem Schlag wurde der Mythos von der Unbesiegbarkeit des israelischen Milit\u00e4rs und seiner viel gepriesenen Vorrangstellung bei \u00dcberwachung und Aufkl\u00e4rung zerst\u00f6rt. W\u00e4hrend der entsetzliche V\u00f6lkermord im Gazastreifen unvermindert weitergeht (mit m\u00f6glicherweise bis zu 200.000 zivilen Todesopfern, so <a rel=\"nofollow noopener\" target=\"_blank\" href=\"https:\/\/thecradle.co\/articles\/gaza-death-toll-could-reach-half-a-million-lancet\"><em>The Lancet<\/em><\/a>), wird die israelische Wirtschaft ausgeh\u00f6hlt.<\/p>\n<p>Jemens strategische Blockade des Bab al-Mandeb und des Roten Meeres f\u00fcr alle Schiffe, die mit Israel in Verbindung stehen oder f\u00fcr Israel bestimmt sind, ist eine Meisterleistung an Effizienz und Einfachheit. Sie hat nicht nur Israels strategisch wichtigen Hafen Eilat in den Ruin getrieben. Sondern sie hat durch den De-facto-Sieg der Jemeniten \u00fcber die US-Marine den theokratischen Hegemon auch noch auf spektakul\u00e4re Weise gedem\u00fctigt.<\/p>\n<p>So sehr Israel von den Ereignissen nach dem 11. September profitiert hat, so sehr haben die Aktionen Tel Avivs nach dem 7. Oktober den Zerfall des Landes beschleunigt. Heute, inmitten der massiven Verurteilung des israelischen V\u00f6lkermordes im Gazastreifen durch die Mehrheit der Weltbev\u00f6lkerung, steht der Besatzungsstaat als Paria da, der seine Verb\u00fcndeten beschmutzt und die Heuchelei des Hegemons mit jedem Tag mehr blo\u00dfstellt.<\/p>\n<p>F\u00fcr den Hegemon wird es sogar noch bedrohlicher. Erinnern Sie sich an die Warnung von Dr. Zbigniew-&#8220;Grand Chessboard&#8221;-Brzezi\u0144ski aus dem Jahr 1997:<\/p>\n<p><em>&#8220;Es ist unbedingt notwendig, dass kein eurasischer Herausforderer auftaucht, der in der Lage ist, Eurasien zu dominieren und damit auch Amerika herauszufordern.&#8221;<\/em><\/p>\n<p>Letztendlich hat die Kombination aus dem 11. September, dem Krieg gegen den Terror, dem Langen Krieg und der Operation Dies-und-Das \u00fcber zwei Jahrzehnte hinweg zu genau dem gef\u00fchrt, was &#8220;Zbig&#8221; bef\u00fcrchtet hat. Es ist nicht nur ein blo\u00dfer &#8220;Herausforderer&#8221; aufgetaucht, sondern eine vollwertige strategische Partnerschaft zwischen Russland und China, die einen neuen Ton f\u00fcr Eurasien vorgibt. Pl\u00f6tzlich hat Washington alles \u00fcber den Terrorismus vergessen. Jetzt ist es der wahre &#8220;Feind&#8221;, der f\u00fcr die beiden gr\u00f6\u00dften &#8220;strategischen Bedrohungen&#8221; der USA gehalten wird. Nicht Al-Qaida und ihre vielen Inkarnationen, ein fadenscheiniges Hirngespinst der CIA, welches im letzten Jahrzehnt als mystische &#8220;gem\u00e4\u00dfigte Rebellen&#8221; in Syrien rehabilitiert und saniert wurde.<\/p>\n<p>Noch unheimlicher ist, dass der konzeptionell unsinnige Krieg gegen den Terror, den die Neokonservativen unmittelbar nach dem 11. September ausheckten, sich nun in einen Krieg <em>des<\/em> Terrors (Kursivschrift von mir) verwandelt. Dabei handelt es sich um den verzweifelten Versuch der CIA und des MI6, der &#8220;russischen Aggression&#8221; in der Ukraine zu begegnen.<\/p>\n<p>Zwangsl\u00e4ufig wird sich dies auch in einen Sumpf der Sinophobie entwickeln. Schlie\u00dflich betrachten dieselben westlichen Geheimdienste den Aufstieg Chinas als &#8220;die gr\u00f6\u00dfte geopolitische und geheimdienstliche Herausforderung&#8221; des 21. Jahrhunderts. Der Krieg gegen den Terror ist entlarvt worden; er ist jetzt tot. Aber machen Sie sich auf weitere Terrorkriege eines Hegemons gefasst, der nicht daran gew\u00f6hnt ist, dass er weder das Narrativ, noch die Meere, noch den Boden beherrscht.<\/p>\n<p><em>(1) John Stuart Mill, zitiert von Eileen Sullivan in &#8220;Liberalism and Imperialism: JS Mill&#8217;s Defense of the British Empire&#8221;, Journal of the History of Ideas, Bd. 44, 1983.<\/em><\/p>\n<p><em>Der Beitrag des brasilianischen Journalisten Pepe Escobar wurde am 13. September 2024 in englischer Sprache\u00a0bei dem Internetmagazin &#8220;The Cradle&#8221;\u00a0<a rel=\"nofollow noopener\" target=\"_blank\" href=\"https:\/\/thecradle.co\/articles\/from-11-september-to-7-october-the-fake-war-on-terror-collapses\">erstver\u00f6ffenlicht<\/a> und vom RT-Team \u00fcbersetzt. Pepe Escobar ist Kolumnist bei &#8220;The Cradle&#8221;, leitender Redakteur bei &#8220;Asia Times&#8221; und unabh\u00e4ngiger geopolitischer Analyst mit Schwerpunkt Eurasien. <br \/><\/em><\/p>\n<p><strong>Mehr zum Thema<\/strong> &#8211; <a rel=\"nofollow noopener\" target=\"_blank\" href=\"https:\/\/dert.online\/international\/218687-dollar-oder-bomben-usa-planen\/\">Dollar oder Bomben: Die USA planen ein Ultimatum an die Welt <\/a><\/p>\n<\/p>\n<\/div>\n<p><br \/>\n<br \/><a href=\"https:\/\/de.rt.com\/international\/219734-vom-11-september-bis-zum\/\">Source link <\/a><\/p>\n","protected":false},"excerpt":{"rendered":"<p>Die Ereignisse des 11. September 2001 sollten dem jungen 21. Jahrhundert das Paradigma einer exzeptionellen Herrschaft aufzwingen. Die Geschichte hat anders entschieden, denn ab am 7. Oktober 2023 wurde der Spie\u00df umgedreht. Seitdem wird die Macht des US-Hegemons gebrochen. Von Pepe Escobar &#8220;Die Kolonisierung &#8230; ist das beste Gesch\u00e4ft f\u00fcr das Kapital eines alten und [&hellip;]<\/p>\n","protected":false},"author":3,"featured_media":69503,"comment_status":"open","ping_status":"open","sticky":false,"template":"","format":"standard","meta":{"_yoast_indexnow_last_ping":["1727068649"],"wp_automatic_camp":["217"],"cc112c6ac52d0fa04069a89b5c6d6b31":["Vom 11. September bis zum 7. Oktober: Der angebliche &quot;Krieg gegen den Terror&quot; bricht zusammen"],"original_link":["https:\/\/de.rt.com\/international\/219734-vom-11-september-bis-zum\/"],"_thumbnail_id":["69503"],"_wptgpro_p2tg_sent2tg":["a:1:{i:23737;s:19:\"2024-09-23 07:18:41\";}"],"jnews_social_counter_last_update":["1777510574"]},"categories":[19,23],"tags":[20600,843,3562,48,82,278,22749,23583,15790,35068,1010,565,6580],"yoast_head":"<!-- This site is optimized with the Yoast SEO Premium plugin v22.7 (Yoast SEO v22.7) - https:\/\/yoast.com\/wordpress\/plugins\/seo\/ -->\n<title>Vom 11. September bis zum 7. Oktober: Der angebliche &quot;Krieg gegen den Terror&quot; bricht zusammen - just-now.NEWS Deutschland<\/title>\n<meta name=\"robots\" content=\"index, follow, max-snippet:-1, max-image-preview:large, max-video-preview:-1\" \/>\n<link rel=\"canonical\" href=\"https:\/\/now-news.de\/de\/deutschland\/vom-11-september-bis-zum-7-oktober-der-angebliche-krieg-gegen-den-terror-bricht-zusammen\/\" \/>\n<meta property=\"og:locale\" content=\"de_DE\" \/>\n<meta property=\"og:type\" content=\"article\" \/>\n<meta property=\"og:title\" content=\"Vom 11. September bis zum 7. Oktober: Der angebliche &quot;Krieg gegen den Terror&quot; bricht zusammen\" \/>\n<meta property=\"og:description\" content=\"Die Ereignisse des 11. September 2001 sollten dem jungen 21. Jahrhundert das Paradigma einer exzeptionellen Herrschaft aufzwingen. Die Geschichte hat anders entschieden, denn ab am 7. Oktober 2023 wurde der Spie\u00df umgedreht. Seitdem wird die Macht des US-Hegemons gebrochen. Von Pepe Escobar &#8220;Die Kolonisierung &#8230; ist das beste Gesch\u00e4ft f\u00fcr das Kapital eines alten und [&hellip;]\" \/>\n<meta property=\"og:url\" content=\"https:\/\/now-news.de\/de\/deutschland\/vom-11-september-bis-zum-7-oktober-der-angebliche-krieg-gegen-den-terror-bricht-zusammen\/\" \/>\n<meta property=\"og:site_name\" content=\"just-now.NEWS Deutschland\" \/>\n<meta property=\"article:publisher\" content=\"https:\/\/www.facebook.com\/wirmachenauf\" \/>\n<meta property=\"article:published_time\" content=\"2024-09-23T05:10:00+00:00\" \/>\n<meta property=\"og:image\" content=\"https:\/\/now-news.de\/de\/wp-content\/uploads\/sites\/3\/2024\/09\/66ed4cf648fbef177e2947b9.jpg\" \/>\n<meta name=\"author\" content=\"rtnews\" \/>\n<meta name=\"twitter:card\" content=\"summary_large_image\" \/>\n<meta name=\"twitter:creator\" content=\"@WirMachenAuf_de\" \/>\n<meta name=\"twitter:site\" content=\"@WirMachenAuf_de\" \/>\n<meta name=\"twitter:label1\" content=\"Verfasst von\" \/>\n\t<meta name=\"twitter:data1\" content=\"rtnews\" \/>\n\t<meta name=\"twitter:label2\" content=\"Gesch\u00e4tzte Lesezeit\" \/>\n\t<meta name=\"twitter:data2\" content=\"10\u00a0Minuten\" \/>\n<script type=\"application\/ld+json\" class=\"yoast-schema-graph\">{\"@context\":\"https:\/\/schema.org\",\"@graph\":[{\"@type\":\"Article\",\"@id\":\"https:\/\/now-news.de\/de\/deutschland\/vom-11-september-bis-zum-7-oktober-der-angebliche-krieg-gegen-den-terror-bricht-zusammen\/#article\",\"isPartOf\":{\"@id\":\"https:\/\/now-news.de\/de\/deutschland\/vom-11-september-bis-zum-7-oktober-der-angebliche-krieg-gegen-den-terror-bricht-zusammen\/\"},\"author\":{\"name\":\"rtnews\",\"@id\":\"https:\/\/now-news.de\/de\/#\/schema\/person\/fb534a4e865501d8b3285208df34a9b5\"},\"headline\":\"Vom 11. September bis zum 7. Oktober: Der angebliche &quot;Krieg gegen den Terror&quot; bricht zusammen\",\"datePublished\":\"2024-09-23T05:10:00+00:00\",\"dateModified\":\"2024-09-23T05:10:00+00:00\",\"mainEntityOfPage\":{\"@id\":\"https:\/\/now-news.de\/de\/deutschland\/vom-11-september-bis-zum-7-oktober-der-angebliche-krieg-gegen-den-terror-bricht-zusammen\/\"},\"wordCount\":1968,\"commentCount\":0,\"publisher\":{\"@id\":\"https:\/\/now-news.de\/de\/#organization\"},\"image\":{\"@id\":\"https:\/\/now-news.de\/de\/deutschland\/vom-11-september-bis-zum-7-oktober-der-angebliche-krieg-gegen-den-terror-bricht-zusammen\/#primaryimage\"},\"thumbnailUrl\":\"https:\/\/now-news.de\/de\/wp-content\/uploads\/sites\/3\/2024\/09\/Vom-11-September-bis-zum-7-Oktober-Der-angebliche-quotKrieg.jpg\",\"keywords\":[\"angebliche\",\"bis\",\"bricht\",\"den\",\"der\",\"gegen\",\"Oktober\",\"quotKrieg\",\"September\",\"Terrorquot\",\"vom\",\"zum\",\"zusammen\"],\"articleSection\":[\"Deutschland\",\"Russland\"],\"inLanguage\":\"de\",\"potentialAction\":[{\"@type\":\"CommentAction\",\"name\":\"Comment\",\"target\":[\"https:\/\/now-news.de\/de\/deutschland\/vom-11-september-bis-zum-7-oktober-der-angebliche-krieg-gegen-den-terror-bricht-zusammen\/#respond\"]}]},{\"@type\":\"WebPage\",\"@id\":\"https:\/\/now-news.de\/de\/deutschland\/vom-11-september-bis-zum-7-oktober-der-angebliche-krieg-gegen-den-terror-bricht-zusammen\/\",\"url\":\"https:\/\/now-news.de\/de\/deutschland\/vom-11-september-bis-zum-7-oktober-der-angebliche-krieg-gegen-den-terror-bricht-zusammen\/\",\"name\":\"Vom 11. September bis zum 7. Oktober: Der angebliche &quot;Krieg gegen den Terror&quot; bricht zusammen - just-now.NEWS Deutschland\",\"isPartOf\":{\"@id\":\"https:\/\/now-news.de\/de\/#website\"},\"primaryImageOfPage\":{\"@id\":\"https:\/\/now-news.de\/de\/deutschland\/vom-11-september-bis-zum-7-oktober-der-angebliche-krieg-gegen-den-terror-bricht-zusammen\/#primaryimage\"},\"image\":{\"@id\":\"https:\/\/now-news.de\/de\/deutschland\/vom-11-september-bis-zum-7-oktober-der-angebliche-krieg-gegen-den-terror-bricht-zusammen\/#primaryimage\"},\"thumbnailUrl\":\"https:\/\/now-news.de\/de\/wp-content\/uploads\/sites\/3\/2024\/09\/Vom-11-September-bis-zum-7-Oktober-Der-angebliche-quotKrieg.jpg\",\"datePublished\":\"2024-09-23T05:10:00+00:00\",\"dateModified\":\"2024-09-23T05:10:00+00:00\",\"breadcrumb\":{\"@id\":\"https:\/\/now-news.de\/de\/deutschland\/vom-11-september-bis-zum-7-oktober-der-angebliche-krieg-gegen-den-terror-bricht-zusammen\/#breadcrumb\"},\"inLanguage\":\"de\",\"potentialAction\":[{\"@type\":\"ReadAction\",\"target\":[\"https:\/\/now-news.de\/de\/deutschland\/vom-11-september-bis-zum-7-oktober-der-angebliche-krieg-gegen-den-terror-bricht-zusammen\/\"]}]},{\"@type\":\"ImageObject\",\"inLanguage\":\"de\",\"@id\":\"https:\/\/now-news.de\/de\/deutschland\/vom-11-september-bis-zum-7-oktober-der-angebliche-krieg-gegen-den-terror-bricht-zusammen\/#primaryimage\",\"url\":\"https:\/\/now-news.de\/de\/wp-content\/uploads\/sites\/3\/2024\/09\/Vom-11-September-bis-zum-7-Oktober-Der-angebliche-quotKrieg.jpg\",\"contentUrl\":\"https:\/\/now-news.de\/de\/wp-content\/uploads\/sites\/3\/2024\/09\/Vom-11-September-bis-zum-7-Oktober-Der-angebliche-quotKrieg.jpg\",\"width\":460,\"height\":259,\"caption\":\"Vom 11. September bis zum 7. Oktober: Der angebliche &quot;Krieg gegen den Terror&quot; bricht zusammen\"},{\"@type\":\"BreadcrumbList\",\"@id\":\"https:\/\/now-news.de\/de\/deutschland\/vom-11-september-bis-zum-7-oktober-der-angebliche-krieg-gegen-den-terror-bricht-zusammen\/#breadcrumb\",\"itemListElement\":[{\"@type\":\"ListItem\",\"position\":1,\"name\":\"Home\",\"item\":\"https:\/\/now-news.de\/de\/\"},{\"@type\":\"ListItem\",\"position\":2,\"name\":\"Vom 11. September bis zum 7. Oktober: Der angebliche &quot;Krieg gegen den Terror&quot; bricht zusammen\"}]},{\"@type\":\"WebSite\",\"@id\":\"https:\/\/now-news.de\/de\/#website\",\"url\":\"https:\/\/now-news.de\/de\/\",\"name\":\"just-now.NEWS Deutschland\",\"description\":\"Das Portal f\u00fcr unzensierte Nachrichten aus der Welt\",\"publisher\":{\"@id\":\"https:\/\/now-news.de\/de\/#organization\"},\"potentialAction\":[{\"@type\":\"SearchAction\",\"target\":{\"@type\":\"EntryPoint\",\"urlTemplate\":\"https:\/\/now-news.de\/de\/?s={search_term_string}\"},\"query-input\":\"required name=search_term_string\"}],\"inLanguage\":\"de\"},{\"@type\":\"Organization\",\"@id\":\"https:\/\/now-news.de\/de\/#organization\",\"name\":\"Just Now News\",\"url\":\"https:\/\/now-news.de\/de\/\",\"logo\":{\"@type\":\"ImageObject\",\"inLanguage\":\"de\",\"@id\":\"https:\/\/now-news.de\/de\/#\/schema\/logo\/image\/\",\"url\":\"http:\/\/just-now.news\/de\/wp-content\/uploads\/sites\/3\/2022\/04\/logo500x500.jpg\",\"contentUrl\":\"http:\/\/just-now.news\/de\/wp-content\/uploads\/sites\/3\/2022\/04\/logo500x500.jpg\",\"width\":500,\"height\":500,\"caption\":\"Just Now News\"},\"image\":{\"@id\":\"https:\/\/now-news.de\/de\/#\/schema\/logo\/image\/\"},\"sameAs\":[\"https:\/\/www.facebook.com\/wirmachenauf\",\"https:\/\/x.com\/WirMachenAuf_de\"]},{\"@type\":\"Person\",\"@id\":\"https:\/\/now-news.de\/de\/#\/schema\/person\/fb534a4e865501d8b3285208df34a9b5\",\"name\":\"rtnews\",\"image\":{\"@type\":\"ImageObject\",\"inLanguage\":\"de\",\"@id\":\"https:\/\/now-news.de\/de\/#\/schema\/person\/image\/\",\"url\":\"https:\/\/secure.gravatar.com\/avatar\/82aafea7d8127119dd649515f56e2117?s=96&d=mm&r=g\",\"contentUrl\":\"https:\/\/secure.gravatar.com\/avatar\/82aafea7d8127119dd649515f56e2117?s=96&d=mm&r=g\",\"caption\":\"rtnews\"},\"url\":\"https:\/\/now-news.de\/de\/author\/rnews\/\"}]}<\/script>\n<!-- \/ Yoast SEO Premium plugin. -->","yoast_head_json":{"title":"Vom 11. September bis zum 7. Oktober: Der angebliche &quot;Krieg gegen den Terror&quot; bricht zusammen - just-now.NEWS Deutschland","robots":{"index":"index","follow":"follow","max-snippet":"max-snippet:-1","max-image-preview":"max-image-preview:large","max-video-preview":"max-video-preview:-1"},"canonical":"https:\/\/now-news.de\/de\/deutschland\/vom-11-september-bis-zum-7-oktober-der-angebliche-krieg-gegen-den-terror-bricht-zusammen\/","og_locale":"de_DE","og_type":"article","og_title":"Vom 11. September bis zum 7. Oktober: Der angebliche &quot;Krieg gegen den Terror&quot; bricht zusammen","og_description":"Die Ereignisse des 11. September 2001 sollten dem jungen 21. Jahrhundert das Paradigma einer exzeptionellen Herrschaft aufzwingen. Die Geschichte hat anders entschieden, denn ab am 7. Oktober 2023 wurde der Spie\u00df umgedreht. Seitdem wird die Macht des US-Hegemons gebrochen. Von Pepe Escobar &#8220;Die Kolonisierung &#8230; ist das beste Gesch\u00e4ft f\u00fcr das Kapital eines alten und [&hellip;]","og_url":"https:\/\/now-news.de\/de\/deutschland\/vom-11-september-bis-zum-7-oktober-der-angebliche-krieg-gegen-den-terror-bricht-zusammen\/","og_site_name":"just-now.NEWS Deutschland","article_publisher":"https:\/\/www.facebook.com\/wirmachenauf","article_published_time":"2024-09-23T05:10:00+00:00","og_image":[{"url":"https:\/\/now-news.de\/de\/wp-content\/uploads\/sites\/3\/2024\/09\/66ed4cf648fbef177e2947b9.jpg"}],"author":"rtnews","twitter_card":"summary_large_image","twitter_creator":"@WirMachenAuf_de","twitter_site":"@WirMachenAuf_de","twitter_misc":{"Verfasst von":"rtnews","Gesch\u00e4tzte Lesezeit":"10\u00a0Minuten"},"schema":{"@context":"https:\/\/schema.org","@graph":[{"@type":"Article","@id":"https:\/\/now-news.de\/de\/deutschland\/vom-11-september-bis-zum-7-oktober-der-angebliche-krieg-gegen-den-terror-bricht-zusammen\/#article","isPartOf":{"@id":"https:\/\/now-news.de\/de\/deutschland\/vom-11-september-bis-zum-7-oktober-der-angebliche-krieg-gegen-den-terror-bricht-zusammen\/"},"author":{"name":"rtnews","@id":"https:\/\/now-news.de\/de\/#\/schema\/person\/fb534a4e865501d8b3285208df34a9b5"},"headline":"Vom 11. September bis zum 7. Oktober: Der angebliche &quot;Krieg gegen den Terror&quot; bricht zusammen","datePublished":"2024-09-23T05:10:00+00:00","dateModified":"2024-09-23T05:10:00+00:00","mainEntityOfPage":{"@id":"https:\/\/now-news.de\/de\/deutschland\/vom-11-september-bis-zum-7-oktober-der-angebliche-krieg-gegen-den-terror-bricht-zusammen\/"},"wordCount":1968,"commentCount":0,"publisher":{"@id":"https:\/\/now-news.de\/de\/#organization"},"image":{"@id":"https:\/\/now-news.de\/de\/deutschland\/vom-11-september-bis-zum-7-oktober-der-angebliche-krieg-gegen-den-terror-bricht-zusammen\/#primaryimage"},"thumbnailUrl":"https:\/\/now-news.de\/de\/wp-content\/uploads\/sites\/3\/2024\/09\/Vom-11-September-bis-zum-7-Oktober-Der-angebliche-quotKrieg.jpg","keywords":["angebliche","bis","bricht","den","der","gegen","Oktober","quotKrieg","September","Terrorquot","vom","zum","zusammen"],"articleSection":["Deutschland","Russland"],"inLanguage":"de","potentialAction":[{"@type":"CommentAction","name":"Comment","target":["https:\/\/now-news.de\/de\/deutschland\/vom-11-september-bis-zum-7-oktober-der-angebliche-krieg-gegen-den-terror-bricht-zusammen\/#respond"]}]},{"@type":"WebPage","@id":"https:\/\/now-news.de\/de\/deutschland\/vom-11-september-bis-zum-7-oktober-der-angebliche-krieg-gegen-den-terror-bricht-zusammen\/","url":"https:\/\/now-news.de\/de\/deutschland\/vom-11-september-bis-zum-7-oktober-der-angebliche-krieg-gegen-den-terror-bricht-zusammen\/","name":"Vom 11. September bis zum 7. Oktober: Der angebliche &quot;Krieg gegen den Terror&quot; bricht zusammen - just-now.NEWS Deutschland","isPartOf":{"@id":"https:\/\/now-news.de\/de\/#website"},"primaryImageOfPage":{"@id":"https:\/\/now-news.de\/de\/deutschland\/vom-11-september-bis-zum-7-oktober-der-angebliche-krieg-gegen-den-terror-bricht-zusammen\/#primaryimage"},"image":{"@id":"https:\/\/now-news.de\/de\/deutschland\/vom-11-september-bis-zum-7-oktober-der-angebliche-krieg-gegen-den-terror-bricht-zusammen\/#primaryimage"},"thumbnailUrl":"https:\/\/now-news.de\/de\/wp-content\/uploads\/sites\/3\/2024\/09\/Vom-11-September-bis-zum-7-Oktober-Der-angebliche-quotKrieg.jpg","datePublished":"2024-09-23T05:10:00+00:00","dateModified":"2024-09-23T05:10:00+00:00","breadcrumb":{"@id":"https:\/\/now-news.de\/de\/deutschland\/vom-11-september-bis-zum-7-oktober-der-angebliche-krieg-gegen-den-terror-bricht-zusammen\/#breadcrumb"},"inLanguage":"de","potentialAction":[{"@type":"ReadAction","target":["https:\/\/now-news.de\/de\/deutschland\/vom-11-september-bis-zum-7-oktober-der-angebliche-krieg-gegen-den-terror-bricht-zusammen\/"]}]},{"@type":"ImageObject","inLanguage":"de","@id":"https:\/\/now-news.de\/de\/deutschland\/vom-11-september-bis-zum-7-oktober-der-angebliche-krieg-gegen-den-terror-bricht-zusammen\/#primaryimage","url":"https:\/\/now-news.de\/de\/wp-content\/uploads\/sites\/3\/2024\/09\/Vom-11-September-bis-zum-7-Oktober-Der-angebliche-quotKrieg.jpg","contentUrl":"https:\/\/now-news.de\/de\/wp-content\/uploads\/sites\/3\/2024\/09\/Vom-11-September-bis-zum-7-Oktober-Der-angebliche-quotKrieg.jpg","width":460,"height":259,"caption":"Vom 11. September bis zum 7. Oktober: Der angebliche &quot;Krieg gegen den Terror&quot; bricht zusammen"},{"@type":"BreadcrumbList","@id":"https:\/\/now-news.de\/de\/deutschland\/vom-11-september-bis-zum-7-oktober-der-angebliche-krieg-gegen-den-terror-bricht-zusammen\/#breadcrumb","itemListElement":[{"@type":"ListItem","position":1,"name":"Home","item":"https:\/\/now-news.de\/de\/"},{"@type":"ListItem","position":2,"name":"Vom 11. September bis zum 7. Oktober: Der angebliche &quot;Krieg gegen den Terror&quot; bricht zusammen"}]},{"@type":"WebSite","@id":"https:\/\/now-news.de\/de\/#website","url":"https:\/\/now-news.de\/de\/","name":"just-now.NEWS Deutschland","description":"Das Portal f\u00fcr unzensierte Nachrichten aus der Welt","publisher":{"@id":"https:\/\/now-news.de\/de\/#organization"},"potentialAction":[{"@type":"SearchAction","target":{"@type":"EntryPoint","urlTemplate":"https:\/\/now-news.de\/de\/?s={search_term_string}"},"query-input":"required name=search_term_string"}],"inLanguage":"de"},{"@type":"Organization","@id":"https:\/\/now-news.de\/de\/#organization","name":"Just Now News","url":"https:\/\/now-news.de\/de\/","logo":{"@type":"ImageObject","inLanguage":"de","@id":"https:\/\/now-news.de\/de\/#\/schema\/logo\/image\/","url":"http:\/\/just-now.news\/de\/wp-content\/uploads\/sites\/3\/2022\/04\/logo500x500.jpg","contentUrl":"http:\/\/just-now.news\/de\/wp-content\/uploads\/sites\/3\/2022\/04\/logo500x500.jpg","width":500,"height":500,"caption":"Just Now News"},"image":{"@id":"https:\/\/now-news.de\/de\/#\/schema\/logo\/image\/"},"sameAs":["https:\/\/www.facebook.com\/wirmachenauf","https:\/\/x.com\/WirMachenAuf_de"]},{"@type":"Person","@id":"https:\/\/now-news.de\/de\/#\/schema\/person\/fb534a4e865501d8b3285208df34a9b5","name":"rtnews","image":{"@type":"ImageObject","inLanguage":"de","@id":"https:\/\/now-news.de\/de\/#\/schema\/person\/image\/","url":"https:\/\/secure.gravatar.com\/avatar\/82aafea7d8127119dd649515f56e2117?s=96&d=mm&r=g","contentUrl":"https:\/\/secure.gravatar.com\/avatar\/82aafea7d8127119dd649515f56e2117?s=96&d=mm&r=g","caption":"rtnews"},"url":"https:\/\/now-news.de\/de\/author\/rnews\/"}]}},"_links":{"self":[{"href":"https:\/\/now-news.de\/de\/wp-json\/wp\/v2\/posts\/69502"}],"collection":[{"href":"https:\/\/now-news.de\/de\/wp-json\/wp\/v2\/posts"}],"about":[{"href":"https:\/\/now-news.de\/de\/wp-json\/wp\/v2\/types\/post"}],"author":[{"embeddable":true,"href":"https:\/\/now-news.de\/de\/wp-json\/wp\/v2\/users\/3"}],"replies":[{"embeddable":true,"href":"https:\/\/now-news.de\/de\/wp-json\/wp\/v2\/comments?post=69502"}],"version-history":[{"count":0,"href":"https:\/\/now-news.de\/de\/wp-json\/wp\/v2\/posts\/69502\/revisions"}],"wp:featuredmedia":[{"embeddable":true,"href":"https:\/\/now-news.de\/de\/wp-json\/wp\/v2\/media\/69503"}],"wp:attachment":[{"href":"https:\/\/now-news.de\/de\/wp-json\/wp\/v2\/media?parent=69502"}],"wp:term":[{"taxonomy":"category","embeddable":true,"href":"https:\/\/now-news.de\/de\/wp-json\/wp\/v2\/categories?post=69502"},{"taxonomy":"post_tag","embeddable":true,"href":"https:\/\/now-news.de\/de\/wp-json\/wp\/v2\/tags?post=69502"}],"curies":[{"name":"wp","href":"https:\/\/api.w.org\/{rel}","templated":true}]}}