{"id":69472,"date":"2024-09-22T15:46:57","date_gmt":"2024-09-22T13:46:57","guid":{"rendered":"https:\/\/now-news.de\/de\/deutschland\/tagesschau-karikaturen-als-staatsgefaehrdung-und-umnachtung-als-wahrheit\/"},"modified":"2024-09-22T15:46:57","modified_gmt":"2024-09-22T13:46:57","slug":"tagesschau-karikaturen-als-staatsgefaehrdung-und-umnachtung-als-wahrheit","status":"publish","type":"post","link":"https:\/\/now-news.de\/de\/deutschland\/tagesschau-karikaturen-als-staatsgefaehrdung-und-umnachtung-als-wahrheit\/","title":{"rendered":"Tagesschau: Karikaturen als Staatsgef\u00e4hrdung und Umnachtung als Wahrheit"},"content":{"rendered":"<p><img decoding=\"async\" src=\"https:\/\/now-news.de\/de\/wp-content\/uploads\/sites\/3\/2024\/09\/66f0208bb480cc6e190c551d.jpg\" \/><\/p>\n<div class=\"Text-root Text-type_1 \">\n                Man ist ja vieles gew\u00f6hnt in Deutschland. Aber die Bem\u00fchungen, den US-Vorgaben folgend eine Spionagegeschichte aus Internetposts zu spinnen, erreichen ganz neue H\u00f6hen. Oder vielmehr Tiefen. Ein Blick in geistige Abgr\u00fcnde, die sich als Journalismus tarnen.\n            <\/div>\n<p><\/p>\n<div class=\"Text-root Text-type_5 ArticleView-text ViewText-root \">\n<p><em>Von Dagmar Henn<\/em><\/p>\n<p>Wenn man alleine die Artikel verfolgt, die in den letzten Tagen erschienen sind, erwecken sie den Eindruck, dass US-Au\u00dfenminister Antony Blinken vergangene Woche nicht eine Kampagne eingeleitet, sondern nur den \u00f6ffentlichen Startschuss zu ihrer Umsetzung gegeben hat. Die geradezu schmerzhaft peinliche Ver\u00f6ffentlichung des Bayrischen Landesamtes f\u00fcr Verfassungsschutz vor Kurzem geh\u00f6rt ebenso dazu wie zwei Artikel der <em>Tagesschau<\/em>. Wobei der <a rel=\"nofollow noopener\" target=\"_blank\" href=\"https:\/\/www.tagesschau.de\/investigativ\/ndr-wdr\/russland-propaganda-fakenews-sda-deutschland-100.html\">zweite<\/a>, &#8220;Tiefe Einblicke in Putins L\u00fcgenmaschine&#8221;, besonders ergiebig ist. Vor allem, wenn man daraus das Negativ rekonstruiert\u00a0\u2013 das, was nach Meinung der Beteiligten die Wahrheit oder das gew\u00fcnschte Denken sei.<\/p>\n<p>Vorab sollte man anmerken, dass an diesem Elaborat ganze sieben Mitarbeiter \u00f6ffentlich-rechtlicher Rundfunkanstalten mitgewirkt haben. Das Ergebnis ist zwar im Vergleich zu diesem Stab wirklich entt\u00e4uschend \u2013 solche Lappalien erledigten fr\u00fcher einmal erfahrene Journalisten allein an einem Vormittag, insbesondere, wenn, wovon man in diesem Fall ausgehen kann, diverse Dienste das Rohmaterial schon fertig auf den Tisch gelegt haben\u00a0\u2013, aber mit dieser Meute wird demonstriert, welche Bedeutung dem Thema beigemessen wird, das unter dem Etikett &#8220;Exklusiv&#8221; als &#8220;Desinformations-Leak&#8221; beworben wird.<\/p>\n<p>Die Geschichte mit der &#8220;Doppelg\u00e4nger-Kampagne&#8221; wird noch einmal aufgew\u00e4rmt \u2013 ohne wie der bayrische Verfassungsschutz den Fehler zu begehen, die Zugriffsraten von 100 Aufrufen pro Beitrag zu verraten\u00a0\u2013 und dann wird ein vermeintlicher Ursprung benannt f\u00fcr diese so erfolgreichen und bedrohlichen Beitr\u00e4ge, und hinzugef\u00fcgt, dass aus dieser Quelle auch noch Karikaturen stammen, die zu Memes werden.<\/p>\n<p>Soll es geben. Der franz\u00f6sische Karikaturist Honor\u00e9 Daumier, einer der V\u00e4ter dieser Kunst, sa\u00df vor bald zweihundert Jahren sogar eineinhalb Jahre im Gef\u00e4ngnis wegen einer Karikatur. Andererseits erinnern sich Menschen mit einem gewissen politischen Ged\u00e4chtnis auch noch an die Auseinandersetzung um d\u00e4nische Mohammed-Karikaturen, die sogar zu internationalen Verwicklungen f\u00fchrten; damals wurde zumindest noch behauptet, dass die Freiheit, zu karikieren, unverzichtbarer Teil der europ\u00e4ischen Werte sei. Klar, man muss eben die westliche Doppelmoral mit ber\u00fccksichtigen, mit der der Satz dann lautet: Erlaubt ist jede Karikatur, die nicht uns meint.<\/p>\n<p>Man braucht sich eigentlich nicht l\u00e4nger mit der Geschichte drum herum zu befassen, die aus einem bei jeder Werbeagentur \u00fcblichen Planungsverfahren eine Verschw\u00f6rung eines fremden Staates zur Beeinflussung Deutschlands machen (nein, unsere lieben \u00f6ffentlich-rechtlichen Journalisten haben noch nie gesehen, wie ein Zielpublikum f\u00fcr eine Produktwerbung in unterschiedliche Gruppen aufgeteilt wird, um jede mit einer funktionierenden Botschaft zu versehen; das ist etwas, was in Deutschland jeden Tag hunderte Male geschieht).<\/p>\n<p>Jung und dumm eben, und v\u00f6llig ahnungslos, wie beispielsweise die CIA in der fr\u00fchen Bundesrepublik die Kulturpolitik in eine bestimmte Richtung lenkte, gezielt bestimmte Autoren gef\u00f6rdert und noch auf viele andere Weisen letztlich die Selbstwahrnehmung in der BRD beeinflusst hat. Was da beschrieben wird, ist jedenfalls wieder einmal Pillepalle. Vor allem, weil die angesprochenen Karikaturen genausogut aus Deutschland selbst stammen k\u00f6nnten, wenn die deutsche Medienlandschaft nicht derart auf den Hund gekommen w\u00e4re.<\/p>\n<p>Dieser Telegram-Kanal, der die b\u00f6sen Karikaturen liefert, hat ganze 6.451 Abonnenten. Die Produktion bel\u00e4uft sich auf maximal eine Karikatur pro Tag, und auch der sehr einheitliche Stil deutet an, dass hier eine Person arbeitet. Nur, um doch noch die Dimensionen klarzustellen. Nebenbei, in dem so inkriminierten Telegram-Kanal voller gef\u00e4hrlicher Bilder finden sich tats\u00e4chlich h\u00fcbsche Exemplare. Die leider, leider eine sehr gefestigte reale Grundlage haben. Damit es nicht langweilig wird, hier ein anderes Beispiel als bei der <em>Tagesschau:<\/em><\/p>\n<p>Andere Beispiele, die erw\u00e4hnt werden, sind diese:<\/p>\n<p><em>&#8220;Nutzer sehen etwa die USA mit einer IS-Pappfigur in der Hand, die Ukraine steht hinter der Pappfigur. Suggeriert werden soll wohl damit, dass die USA und die Ukraine hinter Anschl\u00e4gen islamistischer Terroristen stehen.&#8221;<\/em><\/p>\n<p>Wie war das noch mal mit der Ukraine und diesem neuen Abkommen mit einem Al-Kaida-Ableger, K\u00e4mpfer im Tausch gegen Drohnen?<\/p>\n<p><em>&#8220;Auf einem anderen Bild befindet sich Europa im W\u00fcrgegriff der USA, w\u00e4hrend die Ukraine die Hand aufh\u00e4lt. In einer wieder anderen Karikatur entgleist ein Zug mit einer schwarz-rot-gold angestrichenen Lok geschm\u00fcckt mit einer europ\u00e4ischen Flagge, um offenbar Zukunftsangst vor einer Rezession zu sch\u00fcren.&#8221;<\/em><\/p>\n<p>Nun ja, Selenskij auf die eine oder andere Art als Bettler darzustellen, der nur &#8220;Gib mir mehr Geld, gib mir mehr Waffen&#8221; murmelt, ist so realistisch wie unkreativ und existiert im Netz in hunderten Varianten verschiedensten Ursprungs. Und das mit dem Zug? Nun&#8230; &#8220;um offenbar Zukunftsangst vor einer Rezession zu sch\u00fcren&#8221;.\u00a0Interessante Frage, ob die Mitarbeiter von Thyssen-Krupp oder die von VW das genauso sehen.<\/p>\n<p>Womit wir an dem Punkt w\u00e4ren, an dem das Negativ anf\u00e4ngt, Konturen anzunehmen. Sieben \u00f6ffentlich-rechtliche Journalisten halten &#8220;Zukunftsangst vor einer Rezession&#8221; trotz reichlich miserabler Wirtschaftsdaten und verfallender Innenst\u00e4dte offenkundig f\u00fcr eine Verschw\u00f6rungstheorie, die man nicht durch Betrachtung der deutschen Wirklichkeit, sondern nur durch russische Propaganda entwickeln k\u00f6nne.<\/p>\n<p><em>&#8220;Ein weiteres erkl\u00e4rtes Ziel der SDA: eine Zunahme des Indikators &#8216;Zukunftsangst&#8217; zu erreichen. Der Indikator sollte in Umfragen m\u00f6glichst bei mehr als 50 Prozent liegen. Mehr als 55 Prozent der Deutschen sollten au\u00dferdem nicht bereit sein, ihr Verm\u00f6gen zu opfern, um Russland zu besiegen. Und auch ein weiteres Ziel sollte erreicht werden: &#8216;Polarisierung der deutschen Gesellschaft \u2013 Zur\u00fcckhaltung bei der Wahl der Gr\u00fcnen bei \u00fcber 40 Prozent&#8217; \u2013 wiederum gemessen an Umfragen.&#8221;<\/em><\/p>\n<p>Das ist schon charmant, von Mitarbeitern jener Sender, die jeden gew\u00f6hnlichen Sommertag tiefrot anpinseln, um den Klimaglauben zu st\u00e4rken, und das Lied vom Weltuntergang singen, um die Menschen zum Erwerb von W\u00e4rmepumpen zu n\u00f6tigen. Aber was soll&#8217;s. Das wirkliche Problem ist doch, dass es neben den verschiedensten Spielarten gr\u00fcnen Aberglaubens auch eine ganz rationale Zukunftsangst gibt.<\/p>\n<p>Es ist schon lange nicht mehr <em>RT,<\/em>\u00a0das von Deindustrialisierung spricht, sondern der Bundesverband der chemischen Industrie. Es war gerade erst der Sprecher des Bundesverbands G\u00fcterverkehr und Logistik, der vorrechnete, dass man f\u00fcr die Versorgung Deutschlands durch Elektro-LKW entweder 187.000 zus\u00e4tzliche Windr\u00e4der oder 61 Atomkraftwerke br\u00e4uchte. Ist das auch alles russische Propaganda? Wenn dem so ist, warum packt die ganze Ampelregierung nicht einfach ihre Sachen und l\u00e4sst das Land von jenen regieren, denen es wohl ohnehin geh\u00f6rt?<\/p>\n<p>Sind die lieben Kollegen der <em>ARD<\/em> wenigstens in die Ecke gegangen, um sich eine Runde zu sch\u00e4men, ehe sie allen Ernstes den Satz niederschrieben &#8220;Mehr als 55 Prozent der Deutschen sollten au\u00dferdem nicht bereit sein, ihr Verm\u00f6gen zu opfern, um Russland zu besiegen&#8221;? Das m\u00f6chte ich doch, h\u00f6chstpers\u00f6nlich und ganz unabh\u00e4ngig von einem Arbeitsverh\u00e4ltnis bei <em>RT<\/em>, hoffen, dass die Mehrheit der Deutschen noch nicht derart umnachtet ist, um bereitwillig ihr Verm\u00f6gen zu opfern, um &#8220;Russland zu besiegen&#8221;. Welchen Nutzen sollten sie davon haben, arm auf ein besiegtes Russland zu blicken? Die alte &#8220;Gold gab ich f\u00fcr Eisen&#8221;-Nummer? Oder gleich die h\u00e4rtere Ausgabe, aus dem ersten Weltkrieg, jetzt umgem\u00fcnzt auf &#8220;Die NATO muss leben, und wenn wir sterben m\u00fcssen&#8221;?<\/p>\n<p>Den &#8220;eigenen Wohlstand&#8221; \u2013 der, nebenbei bemerkt, bei der H\u00e4lfte der Deutschen statistisch ohnehin bei Null liegt \u2013 f\u00fcr ein geopolitisches Ziel zu opfern, das nicht einmal im Interesse des eigenen Landes ist, scheint diesen Herr- und Damenschaften als normaler Geisteszustand zu gelten. Bei Risiken und Nebenwirkungen fragen Sie ihren Arzt oder Psychiater.<\/p>\n<p>&#8220;Zur\u00fcckhaltung bei der Wahl der Gr\u00fcnen bei \u00fcber 40 Prozent&#8221; \u2013 ernsthaft? Der letzte Stand, den ich so geh\u00f6rt habe, INSA-Umfrage vom 16.09., waren zehn Prozent f\u00fcr die Gr\u00fcnen. Den H\u00f6hepunkt hatten die Gr\u00fcnen bei der Bundestagswahl 2021 mit 14,7 Prozent. F\u00fcr die matheschwachen Gr\u00fcnlinge, zu denen die Autoren zu geh\u00f6ren scheinen, drehen wir das Ganze mal um. Auf dem H\u00f6hepunkt der politischen Beliebtheit der gr\u00fcnen Partei w\u00e4hlten sie 85,3 Prozent nicht (Nichtw\u00e4hler nicht eingerechnet). Das ist, damit die Nachricht auch wirklich ankommt, glatt das Doppelte der vermeintlich angestrebten &#8220;Zur\u00fcckhaltung bei der Wahl der Gr\u00fcnen&#8221; von 40 Prozent. Vielleicht soll das ein Hinweis auf eine finstere Verschw\u00f6rungstheorie sein, dass Russland, um Deutschland zu schw\u00e4chen, die Zahl der Gr\u00fcnen-Nichtw\u00e4hler halbieren wollte?<\/p>\n<p>Auch hier\u00a0\u2013\u00a0diese Formulierung allein deutet an, dass die Autoren selbst der Meinung sind, der Stimmanteil der Gr\u00fcnen m\u00fcsste deutlich \u00fcber 60 Prozent liegen, nur die b\u00f6sen W\u00e4hler wollen nicht so ganz. Mit jedem einzelnen Punkt wird das Bild der implizit dargestellten &#8220;unbeeinflussten&#8221; Meinung bizarrer.<\/p>\n<p><em>&#8220;Deutschland sei unbewaffnet. Die USA w\u00fcrden antirussische Ma\u00dfnahmen nutzen, um Deutschland gezielt in den Bankrott zu treiben. Und Deutschland befinde sich angeblich in der tiefsten wirtschaftlichen und sozialen Krise der j\u00fcngeren Geschichte.&#8221;<\/em><\/p>\n<p>Klar, man muss nicht jede Klage aus der Bundeswehr w\u00f6rtlich nehmen. Vor mittlerweile mehr als zehn Jahren war ich einmal auf einer PR-Veranstaltung von Krauss-Maffei-Wegmann (inzwischen hei\u00dfen die schon wieder anders), auf die, vermutlich aus schierer Verzweiflung, Stadtr\u00e4te eingeladen wurden. Und der Vorstandsvorsitzende dieses Panzerbauers hielt einen Vortrag, in dem er beschrieb, wie Bundeswehrsoldaten mit Tr\u00e4nen in den Augen h\u00e4tten zusehen m\u00fcssen, wie den Briten brandneue Leopard-Panzer \u00fcbergeben wurden. Hartherzig, wie ich bin, hat mich das wenig ger\u00fchrt, aber das Essen war vorz\u00fcglich.<\/p>\n<p>Allerdings, gelegentlich rutschen schon einmal harte Zahlen durch die Presse, oder es steht wieder einmal eine Maschine der Flugbereitschaft der Bundeswehr auf einem Flughafen irgendwo auf der Welt und kann wegen eines Defekts nicht starten. Unabh\u00e4ngig von der Frage, dass Deindustrialisierung und R\u00fcstung nicht zusammenpassen, und Elektropanzer aus gr\u00fcnem Stahl vermutlich noch in Madagaskar Lachkr\u00e4mpfe ausl\u00f6sen w\u00fcrden \u2013 das gr\u00f6\u00dfte Problem bei der Verteidigungsf\u00e4higkeit des heutigen Deutschlands sind nicht einmal fehlende industrielle Kapazit\u00e4ten oder fehlendes Material, nachdem so viel in die Ukraine geschaufelt wurde. Das gr\u00f6\u00dfte Problem ist, dass es inzwischen kaum mehr etwas zu verteidigen gibt. Was aber den betreffenden sieben Herrschaften vorschwebt, d\u00fcrfte ja eher der Angriff sein. Sowas wie Mansteins Panzerkolonnen.<\/p>\n<p><em>&#8220;Die USA w\u00fcrden antirussische Ma\u00dfnahmen nutzen, um Deutschland gezielt in den Bankrott zu treiben.&#8221;<\/em><\/p>\n<p>Diesen Moment mit Scholz und Biden, dieses unterw\u00fcrfige Grinsen des Bundeskanzlerdarstellers, muss ich mir wohl eingebildet haben. Oder die Live\u00fcbertragung aus dem Wei\u00dfen Haus war ebenfalls russische Propaganda. Genauso wie die Explosion der Energiepreise nach der Sprengung von Nord Stream. Selbstverst\u00e4ndlich haben die USA weder ihr \u00fcberteuertes Fracking-Gas in den deutschen Markt gedr\u00fcckt, noch knabbert VW derzeit an den Strafz\u00f6llen, die die EU jetzt im US-Auftrag in China gebauten Fahrzeugen auferlegt. Und die Versuche, deutsche Konzerne wie BASF dazu zu dr\u00e4ngen, in den USA zu investieren, nachdem Deutschland zu teuer geworden ist, entsprangen vermutlich auch meiner Fantasie.<\/p>\n<p>Das mit der Wirtschaftskrise wird gr\u00fcndlich heruntergespielt, aber Abwanderung und Schlie\u00dfung von Industrie ist nun einmal f\u00fcr Deutschland ein existentielles Problem. Die Nummer, die die Briten unter Thatcher zogen, die Industrie durch einen gewaltigen Finanzmarkt zu ersetzen, geht n\u00e4mlich leider auch nicht mehr. Dieser Motor stottert sp\u00e4testens seit 2008, und wenn der Dollar endlich f\u00e4llt, kriegt er einen gewaltigen Kolbenfresser. Und dann? Schuhplattler \u00fcben und Dirndl anziehen, um Touristen anzulocken? Oder still Insekten fressen und jeden Tag einmal an die Grenze seines 15-Minuten-Radius marschieren?<\/p>\n<p>Wenn man den ganzen Text liest, der da verfasst wurde, einschlie\u00dflich dieser &#8220;mehr als 35 Protestveranstaltungen in Deutschland aus September und Oktober 2022&#8221;, von denen diese vermeintliche Spionagefirma gewusst haben soll, was dann mitnichten die Auswertung von Tageszeitungen belegt, sondern finsterste Absichten, dann erh\u00e4lt man den Eindruck, die Karikaturen und diese &#8220;Doppelg\u00e4nger&#8221;-Seiten, sofern sie tats\u00e4chlich aus einem Laden stammen, kommen aus einem sehr kleinen Projekt, zwei, drei Personen vielleicht. Man k\u00f6nnte sich sogar vorstellen, dass das als Abschlussarbeit in einem Marketing-Studium begonnen wurde, und die &#8220;Geheimpr\u00e4sentation&#8221;, die angeblich die finsteren Kreml-Pl\u00e4ne enthalten soll, schlicht entstand, weil man dann auf die Idee kam, das Projekt fortzusetzen, und sich auf die Suche nach Sponsoren machte. Genau danach klingen die formulierten Ziele \u2013 nach Verkaufsveranstaltung.<\/p>\n<p>Das wahrhaft Unheimliche sind jedoch die Ansichten der sieben schreibenden Zwerge. Diese Mischung aus Gold-f\u00fcr-Eisen und v\u00f6lliger Verleugnung der realen Probleme, die dann auch noch als nat\u00fcrlicher Zustand der deutschen Landsleute postuliert wird, das ist schon keine Propaganda mehr, das ist ein psychiatrisches Problem.<\/p>\n<p>Aber man soll seine Leser ja nicht freudlos hinterlassen, also kommt zum Abschluss noch ein besonderes Schmankerl. Eines der Ziele dieser gef\u00e4hrlichen russischen Spione war, &#8220;insbesondere das Ansehen von EU-Kommissionspr\u00e4sidentin Ursula von der Leyen zu besch\u00e4digen.&#8221;<\/p>\n<p>Der ist wirklich gut. Man denkt sofort an Eulen, die nach Athen getragen werden. Dazu muss man nicht einmal ihre vielen h\u00fcbsch-verblendeten englischen Zitate bem\u00fchen, von den Waschmaschinenchips in russischen Kampfflugzeugen und so. Von der Leyen hatte schon als deutsche Verteidigungsministerin einen interessanten Ruf (&#8220;Gorch Fock&#8221;), und mittlerweile d\u00fcrfte jeder die Geschichte mit den SMS, dem &#8220;Impfstoff&#8221; und Pfizer kennen. Auf jeden Fall tun dies diverse Staatsanwaltschaften (keine russischen \u00fcbrigens). Sofern die gute Dame also nicht demn\u00e4chst nachweist, dass es nicht Pfizer war, die ihr die Impfdosen angedreht haben, sondern Wowan und Lexus, ist dieses Ziel wirklich Zeitverschwendung.<\/p>\n<p>Tja, dieses zusammengeschmierte Zeug ist nun der n\u00e4chste Baustein, um den Deutschen <em>RT<\/em> und alle anderen alternativen Medien zu nehmen. Das ist wirklich beleidigend. Sie sollten wenigstens so tun, als w\u00fcrden sie sich M\u00fche geben. Oder \u2013 und das w\u00e4re vermutlich das Beste\u00a0\u2013 Insekten essen, im Kalten sitzen und ihren Wohlstand verschenken, um &#8220;Russland zu besiegen&#8221;. Wer die gedanklichen Verrenkungen hinbekommt, die sich in diesem Artikel finden, schafft es doch m\u00fchelos, sich einen Sieg \u00fcber Russland auszudenken und den Rest der Welt damit zu verschonen.<\/p>\n<p><strong>Mehr zum Thema<\/strong> &#8211; <a rel=\"nofollow noopener\" target=\"_blank\" href=\"https:\/\/freedert.online\/inland\/217413-zensurdebatte-wollen-wir-dass-behoerde\/\">Zensurdebatte: &#8220;Wollen wir, dass eine Beh\u00f6rde journalistische Vorgaben macht?&#8221;<\/a><\/p>\n<div class=\"EmbedBlock-root EmbedBlock-externalVideo EmbedBlock-rumble\">\n<div class=\"VkEmbed\"><iframe class=\"lazyload\" data-src=\"https:\/\/rumble.com\/embed\/v5cu3nh\" frameborder=\"0\" width=\"853\" height=\"480\" allowfullscreen><\/iframe><\/div>\n<\/div>\n<\/div>\n<p><br \/>\n<br \/><a href=\"https:\/\/de.rt.com\/meinung\/219462-tagesschau-karikaturen-als-staatsgefaehrdung-und\/\">Source link <\/a><\/p>\n","protected":false},"excerpt":{"rendered":"<p>Man ist ja vieles gew\u00f6hnt in Deutschland. Aber die Bem\u00fchungen, den US-Vorgaben folgend eine Spionagegeschichte aus Internetposts zu spinnen, erreichen ganz neue H\u00f6hen. Oder vielmehr Tiefen. Ein Blick in geistige Abgr\u00fcnde, die sich als Journalismus tarnen. Von Dagmar Henn Wenn man alleine die Artikel verfolgt, die in den letzten Tagen erschienen sind, erwecken sie den [&hellip;]<\/p>\n","protected":false},"author":3,"featured_media":69473,"comment_status":"open","ping_status":"open","sticky":false,"template":"","format":"standard","meta":{"_yoast_indexnow_last_ping":["1727013749"],"wp_automatic_camp":["217"],"58c470e76948182c2c2035c9077c6ecb":["Tagesschau: Karikaturen als Staatsgef\u00e4hrdung und Umnachtung als Wahrheit"],"original_link":["https:\/\/de.rt.com\/meinung\/219462-tagesschau-karikaturen-als-staatsgefaehrdung-und\/"],"_thumbnail_id":["69473"],"jnews_social_counter_last_update":["1777356407"],"_wptgpro_p2tg_sent2tg":["a:1:{i:23737;s:19:\"2024-09-22 16:03:32\";}"]},"categories":[19,23],"tags":[273,58800,58801,1159,58802,140,8893],"yoast_head":"<!-- This site is optimized with the Yoast SEO Premium plugin v22.7 (Yoast SEO v22.7) - https:\/\/yoast.com\/wordpress\/plugins\/seo\/ -->\n<title>Tagesschau: Karikaturen als Staatsgef\u00e4hrdung und Umnachtung als Wahrheit - just-now.NEWS Deutschland<\/title>\n<meta name=\"robots\" content=\"index, follow, max-snippet:-1, max-image-preview:large, max-video-preview:-1\" \/>\n<link rel=\"canonical\" href=\"https:\/\/now-news.de\/de\/deutschland\/tagesschau-karikaturen-als-staatsgefaehrdung-und-umnachtung-als-wahrheit\/\" \/>\n<meta property=\"og:locale\" content=\"de_DE\" \/>\n<meta property=\"og:type\" content=\"article\" \/>\n<meta property=\"og:title\" content=\"Tagesschau: Karikaturen als Staatsgef\u00e4hrdung und Umnachtung als Wahrheit\" \/>\n<meta property=\"og:description\" content=\"Man ist ja vieles gew\u00f6hnt in Deutschland. Aber die Bem\u00fchungen, den US-Vorgaben folgend eine Spionagegeschichte aus Internetposts zu spinnen, erreichen ganz neue H\u00f6hen. Oder vielmehr Tiefen. Ein Blick in geistige Abgr\u00fcnde, die sich als Journalismus tarnen. Von Dagmar Henn Wenn man alleine die Artikel verfolgt, die in den letzten Tagen erschienen sind, erwecken sie den [&hellip;]\" \/>\n<meta property=\"og:url\" content=\"https:\/\/now-news.de\/de\/deutschland\/tagesschau-karikaturen-als-staatsgefaehrdung-und-umnachtung-als-wahrheit\/\" \/>\n<meta property=\"og:site_name\" content=\"just-now.NEWS Deutschland\" \/>\n<meta property=\"article:publisher\" content=\"https:\/\/www.facebook.com\/wirmachenauf\" \/>\n<meta property=\"article:published_time\" content=\"2024-09-22T13:46:57+00:00\" \/>\n<meta property=\"og:image\" content=\"https:\/\/now-news.de\/de\/wp-content\/uploads\/sites\/3\/2024\/09\/66f0208bb480cc6e190c551d.jpg\" \/>\n<meta name=\"author\" content=\"rtnews\" \/>\n<meta name=\"twitter:card\" content=\"summary_large_image\" \/>\n<meta name=\"twitter:creator\" content=\"@WirMachenAuf_de\" \/>\n<meta name=\"twitter:site\" content=\"@WirMachenAuf_de\" \/>\n<meta name=\"twitter:label1\" content=\"Verfasst von\" \/>\n\t<meta name=\"twitter:data1\" content=\"rtnews\" \/>\n\t<meta name=\"twitter:label2\" content=\"Gesch\u00e4tzte Lesezeit\" \/>\n\t<meta name=\"twitter:data2\" content=\"11\u00a0Minuten\" \/>\n<script type=\"application\/ld+json\" class=\"yoast-schema-graph\">{\"@context\":\"https:\/\/schema.org\",\"@graph\":[{\"@type\":\"Article\",\"@id\":\"https:\/\/now-news.de\/de\/deutschland\/tagesschau-karikaturen-als-staatsgefaehrdung-und-umnachtung-als-wahrheit\/#article\",\"isPartOf\":{\"@id\":\"https:\/\/now-news.de\/de\/deutschland\/tagesschau-karikaturen-als-staatsgefaehrdung-und-umnachtung-als-wahrheit\/\"},\"author\":{\"name\":\"rtnews\",\"@id\":\"https:\/\/now-news.de\/de\/#\/schema\/person\/fb534a4e865501d8b3285208df34a9b5\"},\"headline\":\"Tagesschau: Karikaturen als Staatsgef\u00e4hrdung und Umnachtung als Wahrheit\",\"datePublished\":\"2024-09-22T13:46:57+00:00\",\"dateModified\":\"2024-09-22T13:46:57+00:00\",\"mainEntityOfPage\":{\"@id\":\"https:\/\/now-news.de\/de\/deutschland\/tagesschau-karikaturen-als-staatsgefaehrdung-und-umnachtung-als-wahrheit\/\"},\"wordCount\":2305,\"commentCount\":0,\"publisher\":{\"@id\":\"https:\/\/now-news.de\/de\/#organization\"},\"image\":{\"@id\":\"https:\/\/now-news.de\/de\/deutschland\/tagesschau-karikaturen-als-staatsgefaehrdung-und-umnachtung-als-wahrheit\/#primaryimage\"},\"thumbnailUrl\":\"https:\/\/now-news.de\/de\/wp-content\/uploads\/sites\/3\/2024\/09\/Tagesschau-Karikaturen-als-Staatsgefaehrdung-und-Umnachtung-als-Wahrheit.jpg\",\"keywords\":[\"als\",\"Karikaturen\",\"Staatsgef\u00e4hrdung\",\"Tagesschau\",\"Umnachtung\",\"und\",\"wahrheit\"],\"articleSection\":[\"Deutschland\",\"Russland\"],\"inLanguage\":\"de\",\"potentialAction\":[{\"@type\":\"CommentAction\",\"name\":\"Comment\",\"target\":[\"https:\/\/now-news.de\/de\/deutschland\/tagesschau-karikaturen-als-staatsgefaehrdung-und-umnachtung-als-wahrheit\/#respond\"]}]},{\"@type\":\"WebPage\",\"@id\":\"https:\/\/now-news.de\/de\/deutschland\/tagesschau-karikaturen-als-staatsgefaehrdung-und-umnachtung-als-wahrheit\/\",\"url\":\"https:\/\/now-news.de\/de\/deutschland\/tagesschau-karikaturen-als-staatsgefaehrdung-und-umnachtung-als-wahrheit\/\",\"name\":\"Tagesschau: Karikaturen als Staatsgef\u00e4hrdung und Umnachtung als Wahrheit - just-now.NEWS Deutschland\",\"isPartOf\":{\"@id\":\"https:\/\/now-news.de\/de\/#website\"},\"primaryImageOfPage\":{\"@id\":\"https:\/\/now-news.de\/de\/deutschland\/tagesschau-karikaturen-als-staatsgefaehrdung-und-umnachtung-als-wahrheit\/#primaryimage\"},\"image\":{\"@id\":\"https:\/\/now-news.de\/de\/deutschland\/tagesschau-karikaturen-als-staatsgefaehrdung-und-umnachtung-als-wahrheit\/#primaryimage\"},\"thumbnailUrl\":\"https:\/\/now-news.de\/de\/wp-content\/uploads\/sites\/3\/2024\/09\/Tagesschau-Karikaturen-als-Staatsgefaehrdung-und-Umnachtung-als-Wahrheit.jpg\",\"datePublished\":\"2024-09-22T13:46:57+00:00\",\"dateModified\":\"2024-09-22T13:46:57+00:00\",\"breadcrumb\":{\"@id\":\"https:\/\/now-news.de\/de\/deutschland\/tagesschau-karikaturen-als-staatsgefaehrdung-und-umnachtung-als-wahrheit\/#breadcrumb\"},\"inLanguage\":\"de\",\"potentialAction\":[{\"@type\":\"ReadAction\",\"target\":[\"https:\/\/now-news.de\/de\/deutschland\/tagesschau-karikaturen-als-staatsgefaehrdung-und-umnachtung-als-wahrheit\/\"]}]},{\"@type\":\"ImageObject\",\"inLanguage\":\"de\",\"@id\":\"https:\/\/now-news.de\/de\/deutschland\/tagesschau-karikaturen-als-staatsgefaehrdung-und-umnachtung-als-wahrheit\/#primaryimage\",\"url\":\"https:\/\/now-news.de\/de\/wp-content\/uploads\/sites\/3\/2024\/09\/Tagesschau-Karikaturen-als-Staatsgefaehrdung-und-Umnachtung-als-Wahrheit.jpg\",\"contentUrl\":\"https:\/\/now-news.de\/de\/wp-content\/uploads\/sites\/3\/2024\/09\/Tagesschau-Karikaturen-als-Staatsgefaehrdung-und-Umnachtung-als-Wahrheit.jpg\",\"width\":460,\"height\":259,\"caption\":\"Tagesschau: Karikaturen als Staatsgef\u00e4hrdung und Umnachtung als Wahrheit\"},{\"@type\":\"BreadcrumbList\",\"@id\":\"https:\/\/now-news.de\/de\/deutschland\/tagesschau-karikaturen-als-staatsgefaehrdung-und-umnachtung-als-wahrheit\/#breadcrumb\",\"itemListElement\":[{\"@type\":\"ListItem\",\"position\":1,\"name\":\"Home\",\"item\":\"https:\/\/now-news.de\/de\/\"},{\"@type\":\"ListItem\",\"position\":2,\"name\":\"Tagesschau: Karikaturen als Staatsgef\u00e4hrdung und Umnachtung als Wahrheit\"}]},{\"@type\":\"WebSite\",\"@id\":\"https:\/\/now-news.de\/de\/#website\",\"url\":\"https:\/\/now-news.de\/de\/\",\"name\":\"just-now.NEWS Deutschland\",\"description\":\"Das Portal f\u00fcr unzensierte Nachrichten aus der Welt\",\"publisher\":{\"@id\":\"https:\/\/now-news.de\/de\/#organization\"},\"potentialAction\":[{\"@type\":\"SearchAction\",\"target\":{\"@type\":\"EntryPoint\",\"urlTemplate\":\"https:\/\/now-news.de\/de\/?s={search_term_string}\"},\"query-input\":\"required name=search_term_string\"}],\"inLanguage\":\"de\"},{\"@type\":\"Organization\",\"@id\":\"https:\/\/now-news.de\/de\/#organization\",\"name\":\"Just Now News\",\"url\":\"https:\/\/now-news.de\/de\/\",\"logo\":{\"@type\":\"ImageObject\",\"inLanguage\":\"de\",\"@id\":\"https:\/\/now-news.de\/de\/#\/schema\/logo\/image\/\",\"url\":\"http:\/\/just-now.news\/de\/wp-content\/uploads\/sites\/3\/2022\/04\/logo500x500.jpg\",\"contentUrl\":\"http:\/\/just-now.news\/de\/wp-content\/uploads\/sites\/3\/2022\/04\/logo500x500.jpg\",\"width\":500,\"height\":500,\"caption\":\"Just Now News\"},\"image\":{\"@id\":\"https:\/\/now-news.de\/de\/#\/schema\/logo\/image\/\"},\"sameAs\":[\"https:\/\/www.facebook.com\/wirmachenauf\",\"https:\/\/x.com\/WirMachenAuf_de\"]},{\"@type\":\"Person\",\"@id\":\"https:\/\/now-news.de\/de\/#\/schema\/person\/fb534a4e865501d8b3285208df34a9b5\",\"name\":\"rtnews\",\"image\":{\"@type\":\"ImageObject\",\"inLanguage\":\"de\",\"@id\":\"https:\/\/now-news.de\/de\/#\/schema\/person\/image\/\",\"url\":\"https:\/\/secure.gravatar.com\/avatar\/82aafea7d8127119dd649515f56e2117?s=96&d=mm&r=g\",\"contentUrl\":\"https:\/\/secure.gravatar.com\/avatar\/82aafea7d8127119dd649515f56e2117?s=96&d=mm&r=g\",\"caption\":\"rtnews\"},\"url\":\"https:\/\/now-news.de\/de\/author\/rnews\/\"}]}<\/script>\n<!-- \/ Yoast SEO Premium plugin. -->","yoast_head_json":{"title":"Tagesschau: Karikaturen als Staatsgef\u00e4hrdung und Umnachtung als Wahrheit - just-now.NEWS Deutschland","robots":{"index":"index","follow":"follow","max-snippet":"max-snippet:-1","max-image-preview":"max-image-preview:large","max-video-preview":"max-video-preview:-1"},"canonical":"https:\/\/now-news.de\/de\/deutschland\/tagesschau-karikaturen-als-staatsgefaehrdung-und-umnachtung-als-wahrheit\/","og_locale":"de_DE","og_type":"article","og_title":"Tagesschau: Karikaturen als Staatsgef\u00e4hrdung und Umnachtung als Wahrheit","og_description":"Man ist ja vieles gew\u00f6hnt in Deutschland. Aber die Bem\u00fchungen, den US-Vorgaben folgend eine Spionagegeschichte aus Internetposts zu spinnen, erreichen ganz neue H\u00f6hen. Oder vielmehr Tiefen. Ein Blick in geistige Abgr\u00fcnde, die sich als Journalismus tarnen. Von Dagmar Henn Wenn man alleine die Artikel verfolgt, die in den letzten Tagen erschienen sind, erwecken sie den [&hellip;]","og_url":"https:\/\/now-news.de\/de\/deutschland\/tagesschau-karikaturen-als-staatsgefaehrdung-und-umnachtung-als-wahrheit\/","og_site_name":"just-now.NEWS Deutschland","article_publisher":"https:\/\/www.facebook.com\/wirmachenauf","article_published_time":"2024-09-22T13:46:57+00:00","og_image":[{"url":"https:\/\/now-news.de\/de\/wp-content\/uploads\/sites\/3\/2024\/09\/66f0208bb480cc6e190c551d.jpg"}],"author":"rtnews","twitter_card":"summary_large_image","twitter_creator":"@WirMachenAuf_de","twitter_site":"@WirMachenAuf_de","twitter_misc":{"Verfasst von":"rtnews","Gesch\u00e4tzte Lesezeit":"11\u00a0Minuten"},"schema":{"@context":"https:\/\/schema.org","@graph":[{"@type":"Article","@id":"https:\/\/now-news.de\/de\/deutschland\/tagesschau-karikaturen-als-staatsgefaehrdung-und-umnachtung-als-wahrheit\/#article","isPartOf":{"@id":"https:\/\/now-news.de\/de\/deutschland\/tagesschau-karikaturen-als-staatsgefaehrdung-und-umnachtung-als-wahrheit\/"},"author":{"name":"rtnews","@id":"https:\/\/now-news.de\/de\/#\/schema\/person\/fb534a4e865501d8b3285208df34a9b5"},"headline":"Tagesschau: Karikaturen als Staatsgef\u00e4hrdung und Umnachtung als Wahrheit","datePublished":"2024-09-22T13:46:57+00:00","dateModified":"2024-09-22T13:46:57+00:00","mainEntityOfPage":{"@id":"https:\/\/now-news.de\/de\/deutschland\/tagesschau-karikaturen-als-staatsgefaehrdung-und-umnachtung-als-wahrheit\/"},"wordCount":2305,"commentCount":0,"publisher":{"@id":"https:\/\/now-news.de\/de\/#organization"},"image":{"@id":"https:\/\/now-news.de\/de\/deutschland\/tagesschau-karikaturen-als-staatsgefaehrdung-und-umnachtung-als-wahrheit\/#primaryimage"},"thumbnailUrl":"https:\/\/now-news.de\/de\/wp-content\/uploads\/sites\/3\/2024\/09\/Tagesschau-Karikaturen-als-Staatsgefaehrdung-und-Umnachtung-als-Wahrheit.jpg","keywords":["als","Karikaturen","Staatsgef\u00e4hrdung","Tagesschau","Umnachtung","und","wahrheit"],"articleSection":["Deutschland","Russland"],"inLanguage":"de","potentialAction":[{"@type":"CommentAction","name":"Comment","target":["https:\/\/now-news.de\/de\/deutschland\/tagesschau-karikaturen-als-staatsgefaehrdung-und-umnachtung-als-wahrheit\/#respond"]}]},{"@type":"WebPage","@id":"https:\/\/now-news.de\/de\/deutschland\/tagesschau-karikaturen-als-staatsgefaehrdung-und-umnachtung-als-wahrheit\/","url":"https:\/\/now-news.de\/de\/deutschland\/tagesschau-karikaturen-als-staatsgefaehrdung-und-umnachtung-als-wahrheit\/","name":"Tagesschau: Karikaturen als Staatsgef\u00e4hrdung und Umnachtung als Wahrheit - just-now.NEWS Deutschland","isPartOf":{"@id":"https:\/\/now-news.de\/de\/#website"},"primaryImageOfPage":{"@id":"https:\/\/now-news.de\/de\/deutschland\/tagesschau-karikaturen-als-staatsgefaehrdung-und-umnachtung-als-wahrheit\/#primaryimage"},"image":{"@id":"https:\/\/now-news.de\/de\/deutschland\/tagesschau-karikaturen-als-staatsgefaehrdung-und-umnachtung-als-wahrheit\/#primaryimage"},"thumbnailUrl":"https:\/\/now-news.de\/de\/wp-content\/uploads\/sites\/3\/2024\/09\/Tagesschau-Karikaturen-als-Staatsgefaehrdung-und-Umnachtung-als-Wahrheit.jpg","datePublished":"2024-09-22T13:46:57+00:00","dateModified":"2024-09-22T13:46:57+00:00","breadcrumb":{"@id":"https:\/\/now-news.de\/de\/deutschland\/tagesschau-karikaturen-als-staatsgefaehrdung-und-umnachtung-als-wahrheit\/#breadcrumb"},"inLanguage":"de","potentialAction":[{"@type":"ReadAction","target":["https:\/\/now-news.de\/de\/deutschland\/tagesschau-karikaturen-als-staatsgefaehrdung-und-umnachtung-als-wahrheit\/"]}]},{"@type":"ImageObject","inLanguage":"de","@id":"https:\/\/now-news.de\/de\/deutschland\/tagesschau-karikaturen-als-staatsgefaehrdung-und-umnachtung-als-wahrheit\/#primaryimage","url":"https:\/\/now-news.de\/de\/wp-content\/uploads\/sites\/3\/2024\/09\/Tagesschau-Karikaturen-als-Staatsgefaehrdung-und-Umnachtung-als-Wahrheit.jpg","contentUrl":"https:\/\/now-news.de\/de\/wp-content\/uploads\/sites\/3\/2024\/09\/Tagesschau-Karikaturen-als-Staatsgefaehrdung-und-Umnachtung-als-Wahrheit.jpg","width":460,"height":259,"caption":"Tagesschau: Karikaturen als Staatsgef\u00e4hrdung und Umnachtung als Wahrheit"},{"@type":"BreadcrumbList","@id":"https:\/\/now-news.de\/de\/deutschland\/tagesschau-karikaturen-als-staatsgefaehrdung-und-umnachtung-als-wahrheit\/#breadcrumb","itemListElement":[{"@type":"ListItem","position":1,"name":"Home","item":"https:\/\/now-news.de\/de\/"},{"@type":"ListItem","position":2,"name":"Tagesschau: Karikaturen als Staatsgef\u00e4hrdung und Umnachtung als Wahrheit"}]},{"@type":"WebSite","@id":"https:\/\/now-news.de\/de\/#website","url":"https:\/\/now-news.de\/de\/","name":"just-now.NEWS Deutschland","description":"Das Portal f\u00fcr unzensierte Nachrichten aus der Welt","publisher":{"@id":"https:\/\/now-news.de\/de\/#organization"},"potentialAction":[{"@type":"SearchAction","target":{"@type":"EntryPoint","urlTemplate":"https:\/\/now-news.de\/de\/?s={search_term_string}"},"query-input":"required name=search_term_string"}],"inLanguage":"de"},{"@type":"Organization","@id":"https:\/\/now-news.de\/de\/#organization","name":"Just Now News","url":"https:\/\/now-news.de\/de\/","logo":{"@type":"ImageObject","inLanguage":"de","@id":"https:\/\/now-news.de\/de\/#\/schema\/logo\/image\/","url":"http:\/\/just-now.news\/de\/wp-content\/uploads\/sites\/3\/2022\/04\/logo500x500.jpg","contentUrl":"http:\/\/just-now.news\/de\/wp-content\/uploads\/sites\/3\/2022\/04\/logo500x500.jpg","width":500,"height":500,"caption":"Just Now News"},"image":{"@id":"https:\/\/now-news.de\/de\/#\/schema\/logo\/image\/"},"sameAs":["https:\/\/www.facebook.com\/wirmachenauf","https:\/\/x.com\/WirMachenAuf_de"]},{"@type":"Person","@id":"https:\/\/now-news.de\/de\/#\/schema\/person\/fb534a4e865501d8b3285208df34a9b5","name":"rtnews","image":{"@type":"ImageObject","inLanguage":"de","@id":"https:\/\/now-news.de\/de\/#\/schema\/person\/image\/","url":"https:\/\/secure.gravatar.com\/avatar\/82aafea7d8127119dd649515f56e2117?s=96&d=mm&r=g","contentUrl":"https:\/\/secure.gravatar.com\/avatar\/82aafea7d8127119dd649515f56e2117?s=96&d=mm&r=g","caption":"rtnews"},"url":"https:\/\/now-news.de\/de\/author\/rnews\/"}]}},"_links":{"self":[{"href":"https:\/\/now-news.de\/de\/wp-json\/wp\/v2\/posts\/69472"}],"collection":[{"href":"https:\/\/now-news.de\/de\/wp-json\/wp\/v2\/posts"}],"about":[{"href":"https:\/\/now-news.de\/de\/wp-json\/wp\/v2\/types\/post"}],"author":[{"embeddable":true,"href":"https:\/\/now-news.de\/de\/wp-json\/wp\/v2\/users\/3"}],"replies":[{"embeddable":true,"href":"https:\/\/now-news.de\/de\/wp-json\/wp\/v2\/comments?post=69472"}],"version-history":[{"count":0,"href":"https:\/\/now-news.de\/de\/wp-json\/wp\/v2\/posts\/69472\/revisions"}],"wp:featuredmedia":[{"embeddable":true,"href":"https:\/\/now-news.de\/de\/wp-json\/wp\/v2\/media\/69473"}],"wp:attachment":[{"href":"https:\/\/now-news.de\/de\/wp-json\/wp\/v2\/media?parent=69472"}],"wp:term":[{"taxonomy":"category","embeddable":true,"href":"https:\/\/now-news.de\/de\/wp-json\/wp\/v2\/categories?post=69472"},{"taxonomy":"post_tag","embeddable":true,"href":"https:\/\/now-news.de\/de\/wp-json\/wp\/v2\/tags?post=69472"}],"curies":[{"name":"wp","href":"https:\/\/api.w.org\/{rel}","templated":true}]}}