{"id":69468,"date":"2024-09-22T13:59:00","date_gmt":"2024-09-22T11:59:00","guid":{"rendered":"https:\/\/now-news.de\/de\/deutschland\/ueber-das-schicksal-der-ukraine-und-europas-wird-polen-entscheiden\/"},"modified":"2024-09-22T13:59:00","modified_gmt":"2024-09-22T11:59:00","slug":"ueber-das-schicksal-der-ukraine-und-europas-wird-polen-entscheiden","status":"publish","type":"post","link":"https:\/\/now-news.de\/de\/deutschland\/ueber-das-schicksal-der-ukraine-und-europas-wird-polen-entscheiden\/","title":{"rendered":"\u00dcber das Schicksal der Ukraine und Europas wird Polen entscheiden"},"content":{"rendered":"<p><img decoding=\"async\" src=\"https:\/\/now-news.de\/de\/wp-content\/uploads\/sites\/3\/2024\/09\/66ec181448fbef7bec2b4e66.jpeg\" \/><\/p>\n<div class=\"Text-root Text-type_1 \">\n                Polen hat sich im Laufe des Ukraine-Konflikts zu einem wichtigen Vertreter amerikanischer Interessen in Europa entwickelt. Darunter leidet vor allem Deutschland, dass in dem Versuch von russischem Gas und Kernenergie unabh\u00e4ngig zu werden, in die Deindustrialisierung abgerutscht ist. Und auch die Wirtschaft des einstigen Gas-Transitlands Ukraine liegt durch den Krieg am Boden.\n            <\/div>\n<p><\/p>\n<div class=\"Text-root Text-type_5 ArticleView-text ViewText-root \">\n<p><em>Von Sergei Sawtschuk<\/em><\/p>\n<p>Die Hoffnungen, dass die Vereinigten Staaten zumindest bis zur offiziellen Bekanntgabe des Wahlergebnisses so besch\u00e4ftigt sein w\u00fcrden, dass sie Europa und ihre Intrigen au\u00dfer Acht lassen, haben sich nicht erf\u00fcllt. Medienberichten zufolge wurde Joe Biden (der im Rahmen des internen politischen Bacchanals in den tiefen Schatten von Kamala Harris geriet und von allen offenbar als ein geistesschwacher alter Mann mit auslaufender Amtszeit betrachtet wird) von seinen Parteikollegen angesprochen. In einem Schreiben an den Pr\u00e4sidenten forderten die Demokraten die beschleunigte Behandlung neuer Projekte f\u00fcr die Produktion und Lieferung von Fl\u00fcssigerdgas an die Ukraine. Die 12 Demokraten verlangten vom Energieministerium, diesem Thema die richtige Priorit\u00e4t einzur\u00e4umen,\u00a0das hei\u00dft\u00a0eine eigene LNG-Produktionslinie f\u00fcr den ukrainischen Bedarf einzurichten. Dann verga\u00dfen diese Parteikollegen von Biden und Harris die Ukraine und schrieben direkt, dass eine Steigerung der Erdgaslieferungen nach Europa die nationalen Interessen der USA f\u00f6rdern w\u00fcrde.<\/p>\n<p>Auch wenn es merkw\u00fcrdig erscheinen mag, ist die ukrainische Frage in diesem Schema von untergeordneter Bedeutung. Das Hauptziel, das Anwendungsobjekt und der Vermittler der amerikanischen Interessen ist hier Polen. Lassen Sie uns das erkl\u00e4ren.<\/p>\n<p>Nach Sch\u00e4tzungen internationaler Analysezentren verbrauchte die Ukraine im vergangenen Jahr 18,3 Milliarden Kubikmeter Erdgas, um ihren Bedarf zu decken; in diesem Jahr ist der Bedarf nicht viel h\u00f6her, obwohl die Industrie und die Haushalte im Jahr 2021 27 Milliarden Kubikmeter und im Jahr 2017 30 Milliarden Kubikmeter verbrauchten. Der Grund daf\u00fcr sind die zunehmende Deindustrialisierung und die massenhafte Abwanderung der Bev\u00f6lkerung, die nach \u00d6ffnung der EU-T\u00fcren nicht mehr zur\u00fcckkehren will. Mit anderen Worten: Derzeit deckt Kiew erstens seinen Gasbedarf durch die eigene Erdgasproduktion und den virtuellen Gasr\u00fcckfluss, und zweitens ist es selbst theoretisch nicht in der Lage, f\u00fcr amerikanisches LNG zu bezahlen (das von vornherein teurer ist als Pipelinegas),\u00a0wobei auch\u00a0noch die polnische Marge hinzukommt.<\/p>\n<p>Alternative Lieferungen sind nur \u00fcber Polen m\u00f6glich, genauer gesagt \u00fcber das Regasifizierungsterminal in \u015awinouj\u015bcie. Und hier kommen wieder die unausweichlichen Zahlen ins Spiel.<\/p>\n<p>Das Terminal hat eine Kapazit\u00e4t von f\u00fcnf Milliarden Kubikmetern. Zur Zeit seines Baus sollte es genau ein Drittel des polnischen Gasbedarfs abdecken. Doch dann begannen eine\u00a0milit\u00e4rische Sonderoperation\u00a0in der Ukraine, Sanktionen, ein Embargo gegen russische Kohlenwasserstoffe und die Unterminierung von drei Nord-Stream-Str\u00e4ngen, wodurch sich der Wert des amerikanischen LNG vervielfachte. Deutschland schaltete einerseits die letzten Kernkraftwerke ab, und baute andererseits ohne R\u00fccksicht auf die Kosten zwei neue Regasifizierunsterminals.<\/p>\n<p>F\u00fcr Polen bot sich die Chance auf eine historische Revanche\u00a0\u2013\u00a0und Washington nutzte dieses Bestreben in vollem Umfang.<\/p>\n<p>Als der &#8220;Russlandfaktor&#8221; aus dem europ\u00e4ischen Energiemosaik herausfiel, begann bekanntlich ein kaskadenartiger Zusammenbruch der Industrien der gr\u00f6\u00dften Spender und \u2013 zuf\u00e4lligerweise \u2013 der gr\u00f6\u00dften Importeure von russischem Gas. So wurden in Deutschland allein in der ersten H\u00e4lfte dieses Jahres\u00a0f\u00fcr\u00a010.700 Unternehmen und juristische Personen Konkursverfahren eingeleitet, was einer Steigerungsrate von einem Viertel gegen\u00fcber dem Vorjahreszeitraum entspricht. Der Trend ist zwar steigend, aber rein negativ. Zu den namhaftesten Pleiteunternehmen geh\u00f6ren das Bauunternehmen Silberbaum, die Reederei Bockstiegel, die Bank Ride (auch die Sanierung brachte nichts), die Unternehmen der technischen Branche Erwin Lutz GmbH, Ramfire Gruppe und der Hersteller von Tourismusausr\u00fcstung Doorout.<\/p>\n<p>Die Situation im benachbarten \u00d6sterreich entwickelt sich \u00e4hnlich. In sechs Monaten wurden 3.298 Insolvenzantr\u00e4ge gestellt, ein Nettozuwachs von 26 Prozent im Vergleich zum Vorjahr oder 18 &#8220;Unternehmensselbstmorde&#8221; pro Tag. Das Holzverarbeitungsunternehmen Mareiner, die Adidas-Tochter Runtastic und das Bauunternehmen WRS Energie- und Baumanagement GmbH meldeten jeweils Insolvenz an.<\/p>\n<p>Zwei der f\u00fcnf gr\u00f6\u00dften EU-Volkswirtschaften sind also im Sinkflug \u2013 nur die Franzosen halten durch, vor allem dank des russischen Urans, das die Kosten f\u00fcr eine Megawattstunde bei 13\u201315 Euro sichert. Aber Frankreich ist im Gegensatz zu Deutschland und \u00d6sterreich ein Kernenergieland, und Erdgas ist f\u00fcr dieses Land kein Existenzfaktor.<\/p>\n<p>Wenn Biden die Forderung unterschreibt, werden die geopolitischen Positionen Polens in die H\u00f6he schnellen. Es ist klar, dass die Deutschen ihre eigenen LNG-Terminals haben. Aber deren Kapazit\u00e4t reicht a priori nicht aus, um den gesamten Bedarf zu decken, wenn\u00a0ein neues Berliner Team sich ernsthaft um die Wiederbelebung der deutschen Wirtschaft und Industrie bem\u00fchen sollte. Die Polen werden in der Lage sein, \u00fcber die sogenannten Restgasmengen zu manipulieren (oder sogar zu erpressen),\u00a0das hei\u00dft,\u00a0die Entwicklung oder den weiteren Niedergang Deutschlands direkt zu beeinflussen. Au\u00dferdem gibt es ein fertiges Projekt f\u00fcr den Bau eines neuen LNG-Terminals in Danzig, das vorerst eingefroren wurde, aber bei Bedarf innerhalb eines Jahres gebaut werden kann. Und dass das m\u00f6glich ist, wurde von den Deutschen bewiesen\u00a0\u2013 sie schafften es, in dieser Zeit zwei Terminals zu bauen.<\/p>\n<p>Was die Ukraine betrifft, so gibt es auch f\u00fcr sie keine besonders erfreulichen Nachrichten.<\/p>\n<p>Es ist kein Geheimnis, dass die enge Freundschaft zwischen Kiew und Warschau einzig und allein auf der gemeinsamen Russophobie und dem Bestreben beruht, einen Sieg Moskaus auf dem Schlachtfeld zu verhindern. Allerdings ist der allgemeine Vektor der ukrainisch-polnischen Beziehungen alles andere als ideal, wie das j\u00fcngste Treffen zwischen Wladimir Selenskij und dem polnischen Au\u00dfenminister Rados\u0142aw Sikorski best\u00e4tigt. Die europ\u00e4ischen und ukrainischen Massenmedien berichten, dass das Treffen in einer Atmosph\u00e4re gegenseitiger Anschuldigungen und Gemeinheiten stattfand. Kiew wirft Warschau vor, nicht zur Beschleunigung des EU-Beitrittsprozesses beizutragen, w\u00e4hrend Polen im Gegenzug verlangt, dass das Wolhynien-Massaker als V\u00f6lkermord anerkannt und bereut wird.<\/p>\n<p>Sollte die Ukraine, aus welchen Gr\u00fcnden auch immer, ihren Erdgasverbrauch wieder erh\u00f6hen, wird sie es aus Polen beziehen k\u00f6nnen, da Selenskijs Team jegliche Verhandlungen mit Moskau \u00fcber eine Gastransitvertragsverl\u00e4ngerung kategorisch ablehnt. Mit anderen Worten: Die Polen k\u00f6nnen das Tempo der ukrainischen Wirtschaft regulieren, indem sie an einem virtuellen Ventil drehen: Entweder lassen sie die ukrainische Wirtschaft &#8220;tiefer atmen&#8221; oder &#8220;bringen sie endg\u00fcltig um&#8221;. In jedem Fall haben die Polen einen Trumpf in der Hand.<\/p>\n<p>Es wurde bereits viel dar\u00fcber gesprochen, dass Polen die Rolle eines Vermittlers amerikanischer Interessen in Europa \u00fcbernommen hat. Und man muss zugeben, dass diese Wette aufgegangen ist. Auf der politischen Tafel der Alten Welt haben die Polen zum Bedauern der Ukraine und Deutschlands nunmehr eine wichtige und sehr g\u00fcnstige Position.<\/p>\n<p><em>\u00dcbersetzt aus dem <a rel=\"nofollow noopener\" target=\"_blank\" href=\"https:\/\/ria.ru\/20240919\/polsha-1973506064.html\">Russischen<\/a>. Der Artikel ist am 19. September 2024 zuerst\u00a0bei RIA Nowosti erschienen.<\/em><\/p>\n<p><strong>Mehr zum Thema <\/strong>\u2013 <a rel=\"nofollow noopener\" target=\"_blank\" href=\"https:\/\/freedert.online\/meinung\/219613-selenskij-versucht-sogar-aus-krieg\/\">Selenskij versucht, selbst aus dem Krieg eine Show zu machen<\/a><\/p>\n<\/div>\n<p><br \/>\n<br \/><a href=\"https:\/\/de.rt.com\/meinung\/219699-ueber-schicksal-ukraine-und-europas\/\">Source link <\/a><\/p>\n","protected":false},"excerpt":{"rendered":"<p>Polen hat sich im Laufe des Ukraine-Konflikts zu einem wichtigen Vertreter amerikanischer Interessen in Europa entwickelt. Darunter leidet vor allem Deutschland, dass in dem Versuch von russischem Gas und Kernenergie unabh\u00e4ngig zu werden, in die Deindustrialisierung abgerutscht ist. Und auch die Wirtschaft des einstigen Gas-Transitlands Ukraine liegt durch den Krieg am Boden. Von Sergei Sawtschuk [&hellip;]<\/p>\n","protected":false},"author":3,"featured_media":69469,"comment_status":"open","ping_status":"open","sticky":false,"template":"","format":"standard","meta":{"_yoast_indexnow_last_ping":["1727007030"],"wp_automatic_camp":["217"],"01b75d0ff528fed0833f096ac7fa2fe2":["\u00dcber das Schicksal der Ukraine und Europas wird Polen entscheiden"],"original_link":["https:\/\/de.rt.com\/meinung\/219699-ueber-schicksal-ukraine-und-europas\/"],"_thumbnail_id":["69469"],"_wptgpro_p2tg_sent2tg":["a:1:{i:23737;s:19:\"2024-09-22 14:11:32\";}"],"jnews_social_counter_last_update":["1777117029"]},"categories":[19,23],"tags":[427,82,20986,1293,5850,11803,139,127,140,374],"yoast_head":"<!-- This site is optimized with the Yoast SEO Premium plugin v22.7 (Yoast SEO v22.7) - https:\/\/yoast.com\/wordpress\/plugins\/seo\/ -->\n<title>\u00dcber das Schicksal der Ukraine und Europas wird Polen entscheiden - just-now.NEWS Deutschland<\/title>\n<meta name=\"robots\" content=\"index, follow, max-snippet:-1, max-image-preview:large, max-video-preview:-1\" \/>\n<link rel=\"canonical\" href=\"https:\/\/now-news.de\/de\/deutschland\/ueber-das-schicksal-der-ukraine-und-europas-wird-polen-entscheiden\/\" \/>\n<meta property=\"og:locale\" content=\"de_DE\" \/>\n<meta property=\"og:type\" content=\"article\" \/>\n<meta property=\"og:title\" content=\"\u00dcber das Schicksal der Ukraine und Europas wird Polen entscheiden\" \/>\n<meta property=\"og:description\" content=\"Polen hat sich im Laufe des Ukraine-Konflikts zu einem wichtigen Vertreter amerikanischer Interessen in Europa entwickelt. Darunter leidet vor allem Deutschland, dass in dem Versuch von russischem Gas und Kernenergie unabh\u00e4ngig zu werden, in die Deindustrialisierung abgerutscht ist. Und auch die Wirtschaft des einstigen Gas-Transitlands Ukraine liegt durch den Krieg am Boden. Von Sergei Sawtschuk [&hellip;]\" \/>\n<meta property=\"og:url\" content=\"https:\/\/now-news.de\/de\/deutschland\/ueber-das-schicksal-der-ukraine-und-europas-wird-polen-entscheiden\/\" \/>\n<meta property=\"og:site_name\" content=\"just-now.NEWS Deutschland\" \/>\n<meta property=\"article:publisher\" content=\"https:\/\/www.facebook.com\/wirmachenauf\" \/>\n<meta property=\"article:published_time\" content=\"2024-09-22T11:59:00+00:00\" \/>\n<meta property=\"og:image\" content=\"https:\/\/now-news.de\/de\/wp-content\/uploads\/sites\/3\/2024\/09\/66ec181448fbef7bec2b4e66.jpeg\" \/>\n<meta name=\"author\" content=\"rtnews\" \/>\n<meta name=\"twitter:card\" content=\"summary_large_image\" \/>\n<meta name=\"twitter:creator\" content=\"@WirMachenAuf_de\" \/>\n<meta name=\"twitter:site\" content=\"@WirMachenAuf_de\" \/>\n<meta name=\"twitter:label1\" content=\"Verfasst von\" \/>\n\t<meta name=\"twitter:data1\" content=\"rtnews\" \/>\n\t<meta name=\"twitter:label2\" content=\"Gesch\u00e4tzte Lesezeit\" \/>\n\t<meta name=\"twitter:data2\" content=\"6\u00a0Minuten\" \/>\n<script type=\"application\/ld+json\" class=\"yoast-schema-graph\">{\"@context\":\"https:\/\/schema.org\",\"@graph\":[{\"@type\":\"Article\",\"@id\":\"https:\/\/now-news.de\/de\/deutschland\/ueber-das-schicksal-der-ukraine-und-europas-wird-polen-entscheiden\/#article\",\"isPartOf\":{\"@id\":\"https:\/\/now-news.de\/de\/deutschland\/ueber-das-schicksal-der-ukraine-und-europas-wird-polen-entscheiden\/\"},\"author\":{\"name\":\"rtnews\",\"@id\":\"https:\/\/now-news.de\/de\/#\/schema\/person\/fb534a4e865501d8b3285208df34a9b5\"},\"headline\":\"\u00dcber das Schicksal der Ukraine und Europas wird Polen entscheiden\",\"datePublished\":\"2024-09-22T11:59:00+00:00\",\"dateModified\":\"2024-09-22T11:59:00+00:00\",\"mainEntityOfPage\":{\"@id\":\"https:\/\/now-news.de\/de\/deutschland\/ueber-das-schicksal-der-ukraine-und-europas-wird-polen-entscheiden\/\"},\"wordCount\":1117,\"commentCount\":0,\"publisher\":{\"@id\":\"https:\/\/now-news.de\/de\/#organization\"},\"image\":{\"@id\":\"https:\/\/now-news.de\/de\/deutschland\/ueber-das-schicksal-der-ukraine-und-europas-wird-polen-entscheiden\/#primaryimage\"},\"thumbnailUrl\":\"https:\/\/now-news.de\/de\/wp-content\/uploads\/sites\/3\/2024\/09\/Ueber-das-Schicksal-der-Ukraine-und-Europas-wird-Polen-entscheiden.jpeg\",\"keywords\":[\"das\",\"der\",\"entscheiden\",\"Europas\",\"Polen\",\"Schicksal\",\"\u00fcber\",\"ukraine\",\"und\",\"wird\"],\"articleSection\":[\"Deutschland\",\"Russland\"],\"inLanguage\":\"de\",\"potentialAction\":[{\"@type\":\"CommentAction\",\"name\":\"Comment\",\"target\":[\"https:\/\/now-news.de\/de\/deutschland\/ueber-das-schicksal-der-ukraine-und-europas-wird-polen-entscheiden\/#respond\"]}]},{\"@type\":\"WebPage\",\"@id\":\"https:\/\/now-news.de\/de\/deutschland\/ueber-das-schicksal-der-ukraine-und-europas-wird-polen-entscheiden\/\",\"url\":\"https:\/\/now-news.de\/de\/deutschland\/ueber-das-schicksal-der-ukraine-und-europas-wird-polen-entscheiden\/\",\"name\":\"\u00dcber das Schicksal der Ukraine und Europas wird Polen entscheiden - just-now.NEWS Deutschland\",\"isPartOf\":{\"@id\":\"https:\/\/now-news.de\/de\/#website\"},\"primaryImageOfPage\":{\"@id\":\"https:\/\/now-news.de\/de\/deutschland\/ueber-das-schicksal-der-ukraine-und-europas-wird-polen-entscheiden\/#primaryimage\"},\"image\":{\"@id\":\"https:\/\/now-news.de\/de\/deutschland\/ueber-das-schicksal-der-ukraine-und-europas-wird-polen-entscheiden\/#primaryimage\"},\"thumbnailUrl\":\"https:\/\/now-news.de\/de\/wp-content\/uploads\/sites\/3\/2024\/09\/Ueber-das-Schicksal-der-Ukraine-und-Europas-wird-Polen-entscheiden.jpeg\",\"datePublished\":\"2024-09-22T11:59:00+00:00\",\"dateModified\":\"2024-09-22T11:59:00+00:00\",\"breadcrumb\":{\"@id\":\"https:\/\/now-news.de\/de\/deutschland\/ueber-das-schicksal-der-ukraine-und-europas-wird-polen-entscheiden\/#breadcrumb\"},\"inLanguage\":\"de\",\"potentialAction\":[{\"@type\":\"ReadAction\",\"target\":[\"https:\/\/now-news.de\/de\/deutschland\/ueber-das-schicksal-der-ukraine-und-europas-wird-polen-entscheiden\/\"]}]},{\"@type\":\"ImageObject\",\"inLanguage\":\"de\",\"@id\":\"https:\/\/now-news.de\/de\/deutschland\/ueber-das-schicksal-der-ukraine-und-europas-wird-polen-entscheiden\/#primaryimage\",\"url\":\"https:\/\/now-news.de\/de\/wp-content\/uploads\/sites\/3\/2024\/09\/Ueber-das-Schicksal-der-Ukraine-und-Europas-wird-Polen-entscheiden.jpeg\",\"contentUrl\":\"https:\/\/now-news.de\/de\/wp-content\/uploads\/sites\/3\/2024\/09\/Ueber-das-Schicksal-der-Ukraine-und-Europas-wird-Polen-entscheiden.jpeg\",\"width\":460,\"height\":259,\"caption\":\"\u00dcber das Schicksal der Ukraine und Europas wird Polen entscheiden\"},{\"@type\":\"BreadcrumbList\",\"@id\":\"https:\/\/now-news.de\/de\/deutschland\/ueber-das-schicksal-der-ukraine-und-europas-wird-polen-entscheiden\/#breadcrumb\",\"itemListElement\":[{\"@type\":\"ListItem\",\"position\":1,\"name\":\"Home\",\"item\":\"https:\/\/now-news.de\/de\/\"},{\"@type\":\"ListItem\",\"position\":2,\"name\":\"\u00dcber das Schicksal der Ukraine und Europas wird Polen entscheiden\"}]},{\"@type\":\"WebSite\",\"@id\":\"https:\/\/now-news.de\/de\/#website\",\"url\":\"https:\/\/now-news.de\/de\/\",\"name\":\"just-now.NEWS Deutschland\",\"description\":\"Das Portal f\u00fcr unzensierte Nachrichten aus der Welt\",\"publisher\":{\"@id\":\"https:\/\/now-news.de\/de\/#organization\"},\"potentialAction\":[{\"@type\":\"SearchAction\",\"target\":{\"@type\":\"EntryPoint\",\"urlTemplate\":\"https:\/\/now-news.de\/de\/?s={search_term_string}\"},\"query-input\":\"required name=search_term_string\"}],\"inLanguage\":\"de\"},{\"@type\":\"Organization\",\"@id\":\"https:\/\/now-news.de\/de\/#organization\",\"name\":\"Just Now News\",\"url\":\"https:\/\/now-news.de\/de\/\",\"logo\":{\"@type\":\"ImageObject\",\"inLanguage\":\"de\",\"@id\":\"https:\/\/now-news.de\/de\/#\/schema\/logo\/image\/\",\"url\":\"http:\/\/just-now.news\/de\/wp-content\/uploads\/sites\/3\/2022\/04\/logo500x500.jpg\",\"contentUrl\":\"http:\/\/just-now.news\/de\/wp-content\/uploads\/sites\/3\/2022\/04\/logo500x500.jpg\",\"width\":500,\"height\":500,\"caption\":\"Just Now News\"},\"image\":{\"@id\":\"https:\/\/now-news.de\/de\/#\/schema\/logo\/image\/\"},\"sameAs\":[\"https:\/\/www.facebook.com\/wirmachenauf\",\"https:\/\/x.com\/WirMachenAuf_de\"]},{\"@type\":\"Person\",\"@id\":\"https:\/\/now-news.de\/de\/#\/schema\/person\/fb534a4e865501d8b3285208df34a9b5\",\"name\":\"rtnews\",\"image\":{\"@type\":\"ImageObject\",\"inLanguage\":\"de\",\"@id\":\"https:\/\/now-news.de\/de\/#\/schema\/person\/image\/\",\"url\":\"https:\/\/secure.gravatar.com\/avatar\/82aafea7d8127119dd649515f56e2117?s=96&d=mm&r=g\",\"contentUrl\":\"https:\/\/secure.gravatar.com\/avatar\/82aafea7d8127119dd649515f56e2117?s=96&d=mm&r=g\",\"caption\":\"rtnews\"},\"url\":\"https:\/\/now-news.de\/de\/author\/rnews\/\"}]}<\/script>\n<!-- \/ Yoast SEO Premium plugin. -->","yoast_head_json":{"title":"\u00dcber das Schicksal der Ukraine und Europas wird Polen entscheiden - just-now.NEWS Deutschland","robots":{"index":"index","follow":"follow","max-snippet":"max-snippet:-1","max-image-preview":"max-image-preview:large","max-video-preview":"max-video-preview:-1"},"canonical":"https:\/\/now-news.de\/de\/deutschland\/ueber-das-schicksal-der-ukraine-und-europas-wird-polen-entscheiden\/","og_locale":"de_DE","og_type":"article","og_title":"\u00dcber das Schicksal der Ukraine und Europas wird Polen entscheiden","og_description":"Polen hat sich im Laufe des Ukraine-Konflikts zu einem wichtigen Vertreter amerikanischer Interessen in Europa entwickelt. Darunter leidet vor allem Deutschland, dass in dem Versuch von russischem Gas und Kernenergie unabh\u00e4ngig zu werden, in die Deindustrialisierung abgerutscht ist. Und auch die Wirtschaft des einstigen Gas-Transitlands Ukraine liegt durch den Krieg am Boden. Von Sergei Sawtschuk [&hellip;]","og_url":"https:\/\/now-news.de\/de\/deutschland\/ueber-das-schicksal-der-ukraine-und-europas-wird-polen-entscheiden\/","og_site_name":"just-now.NEWS Deutschland","article_publisher":"https:\/\/www.facebook.com\/wirmachenauf","article_published_time":"2024-09-22T11:59:00+00:00","og_image":[{"url":"https:\/\/now-news.de\/de\/wp-content\/uploads\/sites\/3\/2024\/09\/66ec181448fbef7bec2b4e66.jpeg"}],"author":"rtnews","twitter_card":"summary_large_image","twitter_creator":"@WirMachenAuf_de","twitter_site":"@WirMachenAuf_de","twitter_misc":{"Verfasst von":"rtnews","Gesch\u00e4tzte Lesezeit":"6\u00a0Minuten"},"schema":{"@context":"https:\/\/schema.org","@graph":[{"@type":"Article","@id":"https:\/\/now-news.de\/de\/deutschland\/ueber-das-schicksal-der-ukraine-und-europas-wird-polen-entscheiden\/#article","isPartOf":{"@id":"https:\/\/now-news.de\/de\/deutschland\/ueber-das-schicksal-der-ukraine-und-europas-wird-polen-entscheiden\/"},"author":{"name":"rtnews","@id":"https:\/\/now-news.de\/de\/#\/schema\/person\/fb534a4e865501d8b3285208df34a9b5"},"headline":"\u00dcber das Schicksal der Ukraine und Europas wird Polen entscheiden","datePublished":"2024-09-22T11:59:00+00:00","dateModified":"2024-09-22T11:59:00+00:00","mainEntityOfPage":{"@id":"https:\/\/now-news.de\/de\/deutschland\/ueber-das-schicksal-der-ukraine-und-europas-wird-polen-entscheiden\/"},"wordCount":1117,"commentCount":0,"publisher":{"@id":"https:\/\/now-news.de\/de\/#organization"},"image":{"@id":"https:\/\/now-news.de\/de\/deutschland\/ueber-das-schicksal-der-ukraine-und-europas-wird-polen-entscheiden\/#primaryimage"},"thumbnailUrl":"https:\/\/now-news.de\/de\/wp-content\/uploads\/sites\/3\/2024\/09\/Ueber-das-Schicksal-der-Ukraine-und-Europas-wird-Polen-entscheiden.jpeg","keywords":["das","der","entscheiden","Europas","Polen","Schicksal","\u00fcber","ukraine","und","wird"],"articleSection":["Deutschland","Russland"],"inLanguage":"de","potentialAction":[{"@type":"CommentAction","name":"Comment","target":["https:\/\/now-news.de\/de\/deutschland\/ueber-das-schicksal-der-ukraine-und-europas-wird-polen-entscheiden\/#respond"]}]},{"@type":"WebPage","@id":"https:\/\/now-news.de\/de\/deutschland\/ueber-das-schicksal-der-ukraine-und-europas-wird-polen-entscheiden\/","url":"https:\/\/now-news.de\/de\/deutschland\/ueber-das-schicksal-der-ukraine-und-europas-wird-polen-entscheiden\/","name":"\u00dcber das Schicksal der Ukraine und Europas wird Polen entscheiden - just-now.NEWS Deutschland","isPartOf":{"@id":"https:\/\/now-news.de\/de\/#website"},"primaryImageOfPage":{"@id":"https:\/\/now-news.de\/de\/deutschland\/ueber-das-schicksal-der-ukraine-und-europas-wird-polen-entscheiden\/#primaryimage"},"image":{"@id":"https:\/\/now-news.de\/de\/deutschland\/ueber-das-schicksal-der-ukraine-und-europas-wird-polen-entscheiden\/#primaryimage"},"thumbnailUrl":"https:\/\/now-news.de\/de\/wp-content\/uploads\/sites\/3\/2024\/09\/Ueber-das-Schicksal-der-Ukraine-und-Europas-wird-Polen-entscheiden.jpeg","datePublished":"2024-09-22T11:59:00+00:00","dateModified":"2024-09-22T11:59:00+00:00","breadcrumb":{"@id":"https:\/\/now-news.de\/de\/deutschland\/ueber-das-schicksal-der-ukraine-und-europas-wird-polen-entscheiden\/#breadcrumb"},"inLanguage":"de","potentialAction":[{"@type":"ReadAction","target":["https:\/\/now-news.de\/de\/deutschland\/ueber-das-schicksal-der-ukraine-und-europas-wird-polen-entscheiden\/"]}]},{"@type":"ImageObject","inLanguage":"de","@id":"https:\/\/now-news.de\/de\/deutschland\/ueber-das-schicksal-der-ukraine-und-europas-wird-polen-entscheiden\/#primaryimage","url":"https:\/\/now-news.de\/de\/wp-content\/uploads\/sites\/3\/2024\/09\/Ueber-das-Schicksal-der-Ukraine-und-Europas-wird-Polen-entscheiden.jpeg","contentUrl":"https:\/\/now-news.de\/de\/wp-content\/uploads\/sites\/3\/2024\/09\/Ueber-das-Schicksal-der-Ukraine-und-Europas-wird-Polen-entscheiden.jpeg","width":460,"height":259,"caption":"\u00dcber das Schicksal der Ukraine und Europas wird Polen entscheiden"},{"@type":"BreadcrumbList","@id":"https:\/\/now-news.de\/de\/deutschland\/ueber-das-schicksal-der-ukraine-und-europas-wird-polen-entscheiden\/#breadcrumb","itemListElement":[{"@type":"ListItem","position":1,"name":"Home","item":"https:\/\/now-news.de\/de\/"},{"@type":"ListItem","position":2,"name":"\u00dcber das Schicksal der Ukraine und Europas wird Polen entscheiden"}]},{"@type":"WebSite","@id":"https:\/\/now-news.de\/de\/#website","url":"https:\/\/now-news.de\/de\/","name":"just-now.NEWS Deutschland","description":"Das Portal f\u00fcr unzensierte Nachrichten aus der Welt","publisher":{"@id":"https:\/\/now-news.de\/de\/#organization"},"potentialAction":[{"@type":"SearchAction","target":{"@type":"EntryPoint","urlTemplate":"https:\/\/now-news.de\/de\/?s={search_term_string}"},"query-input":"required name=search_term_string"}],"inLanguage":"de"},{"@type":"Organization","@id":"https:\/\/now-news.de\/de\/#organization","name":"Just Now News","url":"https:\/\/now-news.de\/de\/","logo":{"@type":"ImageObject","inLanguage":"de","@id":"https:\/\/now-news.de\/de\/#\/schema\/logo\/image\/","url":"http:\/\/just-now.news\/de\/wp-content\/uploads\/sites\/3\/2022\/04\/logo500x500.jpg","contentUrl":"http:\/\/just-now.news\/de\/wp-content\/uploads\/sites\/3\/2022\/04\/logo500x500.jpg","width":500,"height":500,"caption":"Just Now News"},"image":{"@id":"https:\/\/now-news.de\/de\/#\/schema\/logo\/image\/"},"sameAs":["https:\/\/www.facebook.com\/wirmachenauf","https:\/\/x.com\/WirMachenAuf_de"]},{"@type":"Person","@id":"https:\/\/now-news.de\/de\/#\/schema\/person\/fb534a4e865501d8b3285208df34a9b5","name":"rtnews","image":{"@type":"ImageObject","inLanguage":"de","@id":"https:\/\/now-news.de\/de\/#\/schema\/person\/image\/","url":"https:\/\/secure.gravatar.com\/avatar\/82aafea7d8127119dd649515f56e2117?s=96&d=mm&r=g","contentUrl":"https:\/\/secure.gravatar.com\/avatar\/82aafea7d8127119dd649515f56e2117?s=96&d=mm&r=g","caption":"rtnews"},"url":"https:\/\/now-news.de\/de\/author\/rnews\/"}]}},"_links":{"self":[{"href":"https:\/\/now-news.de\/de\/wp-json\/wp\/v2\/posts\/69468"}],"collection":[{"href":"https:\/\/now-news.de\/de\/wp-json\/wp\/v2\/posts"}],"about":[{"href":"https:\/\/now-news.de\/de\/wp-json\/wp\/v2\/types\/post"}],"author":[{"embeddable":true,"href":"https:\/\/now-news.de\/de\/wp-json\/wp\/v2\/users\/3"}],"replies":[{"embeddable":true,"href":"https:\/\/now-news.de\/de\/wp-json\/wp\/v2\/comments?post=69468"}],"version-history":[{"count":0,"href":"https:\/\/now-news.de\/de\/wp-json\/wp\/v2\/posts\/69468\/revisions"}],"wp:featuredmedia":[{"embeddable":true,"href":"https:\/\/now-news.de\/de\/wp-json\/wp\/v2\/media\/69469"}],"wp:attachment":[{"href":"https:\/\/now-news.de\/de\/wp-json\/wp\/v2\/media?parent=69468"}],"wp:term":[{"taxonomy":"category","embeddable":true,"href":"https:\/\/now-news.de\/de\/wp-json\/wp\/v2\/categories?post=69468"},{"taxonomy":"post_tag","embeddable":true,"href":"https:\/\/now-news.de\/de\/wp-json\/wp\/v2\/tags?post=69468"}],"curies":[{"name":"wp","href":"https:\/\/api.w.org\/{rel}","templated":true}]}}