{"id":6943,"date":"2022-05-06T15:50:35","date_gmt":"2022-05-06T13:50:35","guid":{"rendered":"http:\/\/just-now.news\/de\/deutschland\/israels-premier-bennett-putin-entschuldigte-sich-bei-israel-fuer-lawrow-aeusserungen\/"},"modified":"2022-05-06T15:50:35","modified_gmt":"2022-05-06T13:50:35","slug":"israels-premier-bennett-putin-entschuldigte-sich-bei-israel-fuer-lawrow-aeusserungen","status":"publish","type":"post","link":"https:\/\/now-news.de\/de\/deutschland\/israels-premier-bennett-putin-entschuldigte-sich-bei-israel-fuer-lawrow-aeusserungen\/","title":{"rendered":"Israels Premier Bennett: Putin entschuldigte sich bei Israel f\u00fcr Lawrow-\u00c4u\u00dferungen"},"content":{"rendered":"<div class=\"Text-root Text-type_5 ArticleView-text ViewText-root \">\n<p>Der russische Pr\u00e4sident Wladimir Putin soll sich in einem Telefongespr\u00e4ch am Donnerstag beim israelischen Premierminister Naftali Bennett f\u00fcr die \u00c4u\u00dferungen des russischen Au\u00dfenministers Sergei Lawrow entschuldigt haben. Das teilte das B\u00fcro des israelischen Premierministers mit. Lawrow hatte sich am Wochenende umstritten ge\u00e4u\u00dfert und angedeutet, dass Adolf Hitler j\u00fcdische Vorfahren gehabt haben k\u00f6nnte und dass einige der &#8220;gl\u00fchendsten&#8221; Antisemiten selbst Juden seien.\u00a0<\/p>\n<p>Das B\u00fcro des israelischen Premierministers erkl\u00e4rte nach dem Telefonat:<\/p>\n<blockquote>\n<p><em>&#8220;Der Premierminister nahm die Entschuldigung von Pr\u00e4sident Putin f\u00fcr Lawrows \u00c4u\u00dferungen an und dankte ihm f\u00fcr die Klarstellung seiner Haltung gegen\u00fcber dem j\u00fcdischen Volk und der Erinnerung an den Holocaust.&#8221;\u00a0<\/em><\/p>\n<\/blockquote>\n<div class=\"ReadMore-root Section-root Section-is1to3-xs_is1to1\" data-widgets=\"ReadMore\" data-has-alias>\n<div class=\"Section-container Section-isRow-isTop-isWrap\">\n<article class=\"Card-root Card-is1to1 \">\n<div class=\"Card-imageWrap\">\n<div class=\"Card-picture\">\n<picture class=\"Picture-root Picture-default\"><!--[if IE 9]><video style=\"display: none;\"><![endif]--><source media=\"(-webkit-min-device-pixel-ratio: 2) and (min-resolution: 120dpi)\" data-srcset=\" \nhttp:\/\/just-now.news\/de\/wp-content\/uploads\/sites\/3\/2022\/05\/6273a4cab480cc609b1b0552.jpeg 850w,\n                http:\/\/just-now.news\/de\/wp-content\/uploads\/sites\/3\/2022\/05\/1651833910_410_6273a4cab480cc609b1b0552.jpeg 1960w,\n            \" ><source data-srcset=\" \nhttp:\/\/just-now.news\/de\/wp-content\/uploads\/sites\/3\/2022\/05\/6273a4cab480cc609b1b0552.jpeg 460w,\n              http:\/\/just-now.news\/de\/wp-content\/uploads\/sites\/3\/2022\/05\/1651833910_410_6273a4cab480cc609b1b0552.jpeg 980w,\n            \" ><!--[if IE 9]><\/video><![endif]--><\/source><\/source><\/picture><!-- noscript pattern --><noscript><img decoding=\"async\" src=\"http:\/\/just-now.news\/de\/wp-content\/uploads\/sites\/3\/2022\/05\/1651833910_410_6273a4cab480cc609b1b0552.jpeg\" alt=\"Jerusalem: Israelische Polizei st\u00fcrmt erneut Gel\u00e4nde der al-Aqsa-Moschee\"><\/noscript>    <\/div><\/div>\n<div class=\"Card-contentWrap\">\n<div class=\"Card-content\">\n<div class=\"Card-title\">\n<div class=\"HeaderNews-root HeaderNews-type_6 \">\n<p>            <a rel=\"nofollow noopener\" target=\"_blank\" href=\"https:\/\/de.rt.com\/der-nahe-osten\/137754-jerusalem-israelische-polizei-stuermt-erneut-gelaende-der-al-aqsa-moschee\/\" class=\"Link-root Link-isFullCard \"><br \/>\n                Jerusalem: Israelische Polizei st\u00fcrmt erneut Gel\u00e4nde der al-Aqsa-Moschee<br \/>\n            <\/a><\/p><\/div><\/div><\/div><\/div>\n<\/article>\n<\/div><\/div>\n<p>Der vom Pressedienst des Kremls ver\u00f6ffentlichte Bericht \u00fcber das Telefongespr\u00e4ch erw\u00e4hnte die Entschuldigung nicht. Darin hie\u00df es, dass die beiden Staatsoberh\u00e4upter die Bedeutung der bevorstehenden Feierlichkeiten zum Tag des Sieges &#8220;f\u00fcr die Menschen beider L\u00e4nder, die die historische Wahrheit \u00fcber die Ereignisse jener Jahre sorgf\u00e4ltig bewahren und die Erinnerung an alle Gefallenen, einschlie\u00dflich der Opfer des Holocaust, ehren&#8221;, er\u00f6rterten.<\/p>\n<p>&#8220;Der russische Pr\u00e4sident erinnerte daran, dass von den sechs Millionen Juden, die in Ghettos und Vernichtungslagern gefoltert und von den Nazis w\u00e4hrend der Strafaktionen get\u00f6tet worden waren, 40 Prozent Sowjetb\u00fcrger waren&#8221;, so der Pressedienst des Kremls. Und weiter:<\/p>\n<blockquote>\n<p><em>&#8220;Im Gegenzug hob Naftali Bennett den entscheidenden Beitrag der Roten Armee zum Sieg \u00fcber den Nationalsozialismus hervor.&#8221;<\/em><\/p>\n<\/blockquote>\n<p>Die internationale Kontroverse war von Russlands Spitzendiplomat am Sonntag in einem Gespr\u00e4ch mit dem italienischen Medienunternehmen <em>Mediaset<\/em> ausgel\u00f6st worden. Lawrow hatte best\u00e4tigt, dass die &#8220;Entnazifizierung&#8221; der Ukraine weiterhin eines der Hauptziele der laufenden Milit\u00e4roperation gegen die Ukraine sei. Ein Reporter erw\u00e4hnte daraufhin, dass der ukrainische Pr\u00e4sident\u00a0Wladimir\u00a0Selenskij Jude sei, was Lawrow zu einer kontroversen Bemerkung veranlasste.<\/p>\n<p>Der\u00a0Au\u00dfenminister sagte in dem Interview:<\/p>\n<blockquote>\n<p><em>&#8220;Ich kann mich irren, aber Adolf Hitler hatte auch j\u00fcdisches Blut. Das hei\u00dft \u00fcberhaupt nichts. Das weise j\u00fcdische Volk sagt, dass die eifrigsten Antisemiten in der Regel Juden sind.&#8221;<\/em><\/p>\n<\/blockquote>\n<p>Bevor der Skandal auf h\u00f6chster Ebene gekl\u00e4rt werden konnte, war es zu einem kurzen diplomatischen Hin und Her zwischen Russland und Israel gekommen. Lawrows israelischer Amtskollege Jair Lapid verurteilte die \u00c4u\u00dferungen scharf und forderte eine Entschuldigung.<\/p>\n<p>&#8220;Die \u00c4u\u00dferungen von Au\u00dfenminister Lawrow sind sowohl eine unverzeihliche und emp\u00f6rende Aussage als auch ein schrecklicher historischer Fehler&#8221;, erkl\u00e4rte Lapid. Er erg\u00e4nzte:<\/p>\n<blockquote>\n<p><em>&#8220;Die Juden haben sich im Holocaust nicht selbst ermordet. Die niedrigste Stufe des Rassismus gegen Juden ist es, Juden selbst des Antisemitismus zu beschuldigen.&#8221;<\/em><\/p>\n<\/blockquote>\n<div class=\"ReadMore-root Section-root Section-is1to3-xs_is1to1\" data-widgets=\"ReadMore\" data-has-alias>\n<div class=\"Section-container Section-isRow-isTop-isWrap\">\n<article class=\"Card-root Card-is1to1 \">\n<div class=\"Card-imageWrap\">\n<div class=\"Card-picture\">\n<picture class=\"Picture-root Picture-default\"><!--[if IE 9]><video style=\"display: none;\"><![endif]--><source media=\"(-webkit-min-device-pixel-ratio: 2) and (min-resolution: 120dpi)\" data-srcset=\" \nhttp:\/\/just-now.news\/de\/wp-content\/uploads\/sites\/3\/2022\/05\/6274dd9e48fbef1aed56947a.jpg 850w,\n                http:\/\/just-now.news\/de\/wp-content\/uploads\/sites\/3\/2022\/05\/Nach-erneuter-Erstuermung-des-Gelaendes-der-al-Aqsa-Moschee-Drei-Tote-bei.jpg 1960w,\n            \" ><source data-srcset=\" \nhttp:\/\/just-now.news\/de\/wp-content\/uploads\/sites\/3\/2022\/05\/6274dd9e48fbef1aed56947a.jpg 460w,\n              http:\/\/just-now.news\/de\/wp-content\/uploads\/sites\/3\/2022\/05\/Nach-erneuter-Erstuermung-des-Gelaendes-der-al-Aqsa-Moschee-Drei-Tote-bei.jpg 980w,\n            \" ><!--[if IE 9]><\/video><![endif]--><img decoding=\"async\" data- src=\"data:image\/png;base64,iVBORw0KGgoAAAANSUhEUgAAABAAAAAJCAQAAACRI2S5AAAAEElEQVR42mNkIAAYRxWAAQAG9gAKqv6+AwAAAABJRU5ErkJggg==\" class=\"Picture-root Picture-default lazyload\" data-src=\"http:\/\/just-now.news\/de\/wp-content\/uploads\/sites\/3\/2022\/05\/6274dd9e48fbef1aed56947a.jpg\" alt=\"Nach erneuter Erst\u00fcrmung des Gel\u00e4ndes der al-Aqsa-Moschee: Drei Tote bei Anschlag in Israel\"><\/source><\/source><\/picture><!-- noscript pattern --><noscript><img decoding=\"async\" src=\"http:\/\/just-now.news\/de\/wp-content\/uploads\/sites\/3\/2022\/05\/Nach-erneuter-Erstuermung-des-Gelaendes-der-al-Aqsa-Moschee-Drei-Tote-bei.jpg\" alt=\"Nach erneuter Erst\u00fcrmung des Gel\u00e4ndes der al-Aqsa-Moschee: Drei Tote bei Anschlag in Israel\"><\/noscript>    <\/div><\/div>\n<div class=\"Card-contentWrap\">\n<div class=\"Card-content\">\n<div class=\"Card-title\">\n<div class=\"HeaderNews-root HeaderNews-type_6 \">\n<p>            <a rel=\"nofollow noopener\" target=\"_blank\" href=\"https:\/\/de.rt.com\/der-nahe-osten\/137815-nach-erneuter-ersturmung-gelandes-al\/\" class=\"Link-root Link-isFullCard \"><br \/>\n                Nach erneuter Erst\u00fcrmung des Gel\u00e4ndes der al-Aqsa-Moschee: Drei Tote bei Anschlag in Israel<br \/>\n            <\/a><\/p><\/div><\/div><\/div><\/div>\n<\/article>\n<\/div><\/div>\n<p>Lapids Erkl\u00e4rung l\u00f6ste eine Antwort des russischen Au\u00dfenministeriums aus, das auf &#8220;tragische Beispiele der Zusammenarbeit zwischen Juden und Nazis&#8221; w\u00e4hrend des Holocaust hinwies und dabei unter anderem die sogenannten &#8220;Judenr\u00e4te&#8221; erw\u00e4hnte \u2013 j\u00fcdische R\u00e4te, die in Ghettos eingerichtet wurden und den Nazis unterstanden. Au\u00dferdem k\u00f6nne die j\u00fcdische Abstammung eines Pr\u00e4sidenten keine Garantie daf\u00fcr sein, dass Neonazis nicht auftauchen, so das Ministerium.<\/p>\n<p>Der ukrainische Pr\u00e4sident &#8220;versteckt sich selbst hinter seiner Abstammung&#8221; und &#8220;deckt damit echte Neonazis, geistige und blutige Erben der Henker seines eigenen Volkes&#8221;, so das Ministerium weiter. Die j\u00fcdische Abstammung eines Pr\u00e4sidenten\u00a0sei keine Garantie f\u00fcr den Schutz vor grassierendem Neonazismus in einem Land.<\/p>\n<p><strong>Mehr zum Thema<\/strong> \u2013 <a rel=\"nofollow noopener\" target=\"_blank\" href=\"https:\/\/deutsch.rt.com\/international\/137660-russland-legt-nach-lawrow-israel\/\">Russland legt nach: Lawrow wirft Israel Unterst\u00fctzung des Kiewer &#8220;Neonazi-Regimes&#8221; vor<\/a><\/p>\n<\/div>\n<p><br \/>\n<br \/><a href=\"https:\/\/de.rt.com\/international\/137839-wegen-lawrow-aeusserungen-putin-entschuldigt-sich-bei-israel\/\">Source link <\/a><\/p>\n","protected":false},"excerpt":{"rendered":"<p>Der russische Pr\u00e4sident Wladimir Putin soll sich in einem Telefongespr\u00e4ch am Donnerstag beim israelischen Premierminister Naftali Bennett f\u00fcr die \u00c4u\u00dferungen des russischen Au\u00dfenministers Sergei Lawrow entschuldigt haben. Das teilte das B\u00fcro des israelischen Premierministers mit. Lawrow hatte sich am Wochenende umstritten ge\u00e4u\u00dfert und angedeutet, dass Adolf Hitler j\u00fcdische Vorfahren gehabt haben k\u00f6nnte und dass einige [&hellip;]<\/p>\n","protected":false},"author":3,"featured_media":6944,"comment_status":"open","ping_status":"open","sticky":false,"template":"","format":"standard","meta":{"wp_automatic_camp":["217"],"ae2da9e2213b1a7349b63576c2be79db":["Israels Premier Bennett: Putin entschuldigte sich bei Israel f\u00fcr Lawrow-\u00c4u\u00dferungen"],"original_link":["https:\/\/de.rt.com\/international\/137839-wegen-lawrow-aeusserungen-putin-entschuldigt-sich-bei-israel\/"],"_thumbnail_id":["6944"],"wp_automatic_remove_first_image":["yes"],"_wptg_p2tg_sent2tg":["2022-05-06 16:00:59"],"jnews_social_counter_last_update":["1777232851"]},"categories":[19,23],"tags":[363,6084,18929,221,432,3015,18930,9770,125,434],"yoast_head":"<!-- This site is optimized with the Yoast SEO Premium plugin v22.7 (Yoast SEO v22.7) - https:\/\/yoast.com\/wordpress\/plugins\/seo\/ -->\n<title>Israels Premier Bennett: Putin entschuldigte sich bei Israel f\u00fcr Lawrow-\u00c4u\u00dferungen - just-now.NEWS Deutschland<\/title>\n<meta name=\"robots\" content=\"index, follow, max-snippet:-1, max-image-preview:large, max-video-preview:-1\" \/>\n<link rel=\"canonical\" href=\"https:\/\/now-news.de\/de\/deutschland\/israels-premier-bennett-putin-entschuldigte-sich-bei-israel-fuer-lawrow-aeusserungen\/\" \/>\n<meta property=\"og:locale\" content=\"de_DE\" \/>\n<meta property=\"og:type\" content=\"article\" \/>\n<meta property=\"og:title\" content=\"Israels Premier Bennett: Putin entschuldigte sich bei Israel f\u00fcr Lawrow-\u00c4u\u00dferungen\" \/>\n<meta property=\"og:description\" content=\"Der russische Pr\u00e4sident Wladimir Putin soll sich in einem Telefongespr\u00e4ch am Donnerstag beim israelischen Premierminister Naftali Bennett f\u00fcr die \u00c4u\u00dferungen des russischen Au\u00dfenministers Sergei Lawrow entschuldigt haben. Das teilte das B\u00fcro des israelischen Premierministers mit. Lawrow hatte sich am Wochenende umstritten ge\u00e4u\u00dfert und angedeutet, dass Adolf Hitler j\u00fcdische Vorfahren gehabt haben k\u00f6nnte und dass einige [&hellip;]\" \/>\n<meta property=\"og:url\" content=\"https:\/\/now-news.de\/de\/deutschland\/israels-premier-bennett-putin-entschuldigte-sich-bei-israel-fuer-lawrow-aeusserungen\/\" \/>\n<meta property=\"og:site_name\" content=\"just-now.NEWS Deutschland\" \/>\n<meta property=\"article:publisher\" content=\"https:\/\/www.facebook.com\/wirmachenauf\" \/>\n<meta property=\"article:published_time\" content=\"2022-05-06T13:50:35+00:00\" \/>\n<meta property=\"og:image\" content=\"https:\/\/now-news.de\/de\/wp-content\/uploads\/sites\/3\/2022\/05\/Israels-Premier-Bennett-Putin-entschuldigte-sich-bei-Israel-fuer-Lawrow-Aeusserungen.jpg\" \/>\n\t<meta property=\"og:image:width\" content=\"1104\" \/>\n\t<meta property=\"og:image:height\" content=\"622\" \/>\n\t<meta property=\"og:image:type\" content=\"image\/jpeg\" \/>\n<meta name=\"author\" content=\"rtnews\" \/>\n<meta name=\"twitter:card\" content=\"summary_large_image\" \/>\n<meta name=\"twitter:creator\" content=\"@WirMachenAuf_de\" \/>\n<meta name=\"twitter:site\" content=\"@WirMachenAuf_de\" \/>\n<meta name=\"twitter:label1\" content=\"Verfasst von\" \/>\n\t<meta name=\"twitter:data1\" content=\"rtnews\" \/>\n\t<meta name=\"twitter:label2\" content=\"Gesch\u00e4tzte Lesezeit\" \/>\n\t<meta name=\"twitter:data2\" content=\"3\u00a0Minuten\" \/>\n<script type=\"application\/ld+json\" class=\"yoast-schema-graph\">{\"@context\":\"https:\/\/schema.org\",\"@graph\":[{\"@type\":\"Article\",\"@id\":\"https:\/\/now-news.de\/de\/deutschland\/israels-premier-bennett-putin-entschuldigte-sich-bei-israel-fuer-lawrow-aeusserungen\/#article\",\"isPartOf\":{\"@id\":\"https:\/\/now-news.de\/de\/deutschland\/israels-premier-bennett-putin-entschuldigte-sich-bei-israel-fuer-lawrow-aeusserungen\/\"},\"author\":{\"name\":\"rtnews\",\"@id\":\"https:\/\/now-news.de\/de\/#\/schema\/person\/fb534a4e865501d8b3285208df34a9b5\"},\"headline\":\"Israels Premier Bennett: Putin entschuldigte sich bei Israel f\u00fcr Lawrow-\u00c4u\u00dferungen\",\"datePublished\":\"2022-05-06T13:50:35+00:00\",\"dateModified\":\"2022-05-06T13:50:35+00:00\",\"mainEntityOfPage\":{\"@id\":\"https:\/\/now-news.de\/de\/deutschland\/israels-premier-bennett-putin-entschuldigte-sich-bei-israel-fuer-lawrow-aeusserungen\/\"},\"wordCount\":614,\"commentCount\":0,\"publisher\":{\"@id\":\"https:\/\/now-news.de\/de\/#organization\"},\"image\":{\"@id\":\"https:\/\/now-news.de\/de\/deutschland\/israels-premier-bennett-putin-entschuldigte-sich-bei-israel-fuer-lawrow-aeusserungen\/#primaryimage\"},\"thumbnailUrl\":\"https:\/\/now-news.de\/de\/wp-content\/uploads\/sites\/3\/2022\/05\/Israels-Premier-Bennett-Putin-entschuldigte-sich-bei-Israel-fuer-Lawrow-Aeusserungen.jpg\",\"keywords\":[\"bei\",\"Bennett\",\"entschuldigte\",\"f\u00fcr\",\"Israel\",\"Israels\",\"Lawrow\u00c4u\u00dferungen\",\"Premier\",\"putin\",\"sich\"],\"articleSection\":[\"Deutschland\",\"Russland\"],\"inLanguage\":\"de\",\"potentialAction\":[{\"@type\":\"CommentAction\",\"name\":\"Comment\",\"target\":[\"https:\/\/now-news.de\/de\/deutschland\/israels-premier-bennett-putin-entschuldigte-sich-bei-israel-fuer-lawrow-aeusserungen\/#respond\"]}]},{\"@type\":\"WebPage\",\"@id\":\"https:\/\/now-news.de\/de\/deutschland\/israels-premier-bennett-putin-entschuldigte-sich-bei-israel-fuer-lawrow-aeusserungen\/\",\"url\":\"https:\/\/now-news.de\/de\/deutschland\/israels-premier-bennett-putin-entschuldigte-sich-bei-israel-fuer-lawrow-aeusserungen\/\",\"name\":\"Israels Premier Bennett: Putin entschuldigte sich bei Israel f\u00fcr Lawrow-\u00c4u\u00dferungen - just-now.NEWS Deutschland\",\"isPartOf\":{\"@id\":\"https:\/\/now-news.de\/de\/#website\"},\"primaryImageOfPage\":{\"@id\":\"https:\/\/now-news.de\/de\/deutschland\/israels-premier-bennett-putin-entschuldigte-sich-bei-israel-fuer-lawrow-aeusserungen\/#primaryimage\"},\"image\":{\"@id\":\"https:\/\/now-news.de\/de\/deutschland\/israels-premier-bennett-putin-entschuldigte-sich-bei-israel-fuer-lawrow-aeusserungen\/#primaryimage\"},\"thumbnailUrl\":\"https:\/\/now-news.de\/de\/wp-content\/uploads\/sites\/3\/2022\/05\/Israels-Premier-Bennett-Putin-entschuldigte-sich-bei-Israel-fuer-Lawrow-Aeusserungen.jpg\",\"datePublished\":\"2022-05-06T13:50:35+00:00\",\"dateModified\":\"2022-05-06T13:50:35+00:00\",\"breadcrumb\":{\"@id\":\"https:\/\/now-news.de\/de\/deutschland\/israels-premier-bennett-putin-entschuldigte-sich-bei-israel-fuer-lawrow-aeusserungen\/#breadcrumb\"},\"inLanguage\":\"de\",\"potentialAction\":[{\"@type\":\"ReadAction\",\"target\":[\"https:\/\/now-news.de\/de\/deutschland\/israels-premier-bennett-putin-entschuldigte-sich-bei-israel-fuer-lawrow-aeusserungen\/\"]}]},{\"@type\":\"ImageObject\",\"inLanguage\":\"de\",\"@id\":\"https:\/\/now-news.de\/de\/deutschland\/israels-premier-bennett-putin-entschuldigte-sich-bei-israel-fuer-lawrow-aeusserungen\/#primaryimage\",\"url\":\"https:\/\/now-news.de\/de\/wp-content\/uploads\/sites\/3\/2022\/05\/Israels-Premier-Bennett-Putin-entschuldigte-sich-bei-Israel-fuer-Lawrow-Aeusserungen.jpg\",\"contentUrl\":\"https:\/\/now-news.de\/de\/wp-content\/uploads\/sites\/3\/2022\/05\/Israels-Premier-Bennett-Putin-entschuldigte-sich-bei-Israel-fuer-Lawrow-Aeusserungen.jpg\",\"width\":1104,\"height\":622},{\"@type\":\"BreadcrumbList\",\"@id\":\"https:\/\/now-news.de\/de\/deutschland\/israels-premier-bennett-putin-entschuldigte-sich-bei-israel-fuer-lawrow-aeusserungen\/#breadcrumb\",\"itemListElement\":[{\"@type\":\"ListItem\",\"position\":1,\"name\":\"Home\",\"item\":\"https:\/\/now-news.de\/de\/\"},{\"@type\":\"ListItem\",\"position\":2,\"name\":\"Israels Premier Bennett: Putin entschuldigte sich bei Israel f\u00fcr Lawrow-\u00c4u\u00dferungen\"}]},{\"@type\":\"WebSite\",\"@id\":\"https:\/\/now-news.de\/de\/#website\",\"url\":\"https:\/\/now-news.de\/de\/\",\"name\":\"just-now.NEWS Deutschland\",\"description\":\"Das Portal f\u00fcr unzensierte Nachrichten aus der Welt\",\"publisher\":{\"@id\":\"https:\/\/now-news.de\/de\/#organization\"},\"potentialAction\":[{\"@type\":\"SearchAction\",\"target\":{\"@type\":\"EntryPoint\",\"urlTemplate\":\"https:\/\/now-news.de\/de\/?s={search_term_string}\"},\"query-input\":\"required name=search_term_string\"}],\"inLanguage\":\"de\"},{\"@type\":\"Organization\",\"@id\":\"https:\/\/now-news.de\/de\/#organization\",\"name\":\"Just Now News\",\"url\":\"https:\/\/now-news.de\/de\/\",\"logo\":{\"@type\":\"ImageObject\",\"inLanguage\":\"de\",\"@id\":\"https:\/\/now-news.de\/de\/#\/schema\/logo\/image\/\",\"url\":\"http:\/\/just-now.news\/de\/wp-content\/uploads\/sites\/3\/2022\/04\/logo500x500.jpg\",\"contentUrl\":\"http:\/\/just-now.news\/de\/wp-content\/uploads\/sites\/3\/2022\/04\/logo500x500.jpg\",\"width\":500,\"height\":500,\"caption\":\"Just Now News\"},\"image\":{\"@id\":\"https:\/\/now-news.de\/de\/#\/schema\/logo\/image\/\"},\"sameAs\":[\"https:\/\/www.facebook.com\/wirmachenauf\",\"https:\/\/x.com\/WirMachenAuf_de\"]},{\"@type\":\"Person\",\"@id\":\"https:\/\/now-news.de\/de\/#\/schema\/person\/fb534a4e865501d8b3285208df34a9b5\",\"name\":\"rtnews\",\"image\":{\"@type\":\"ImageObject\",\"inLanguage\":\"de\",\"@id\":\"https:\/\/now-news.de\/de\/#\/schema\/person\/image\/\",\"url\":\"https:\/\/secure.gravatar.com\/avatar\/82aafea7d8127119dd649515f56e2117?s=96&d=mm&r=g\",\"contentUrl\":\"https:\/\/secure.gravatar.com\/avatar\/82aafea7d8127119dd649515f56e2117?s=96&d=mm&r=g\",\"caption\":\"rtnews\"},\"url\":\"https:\/\/now-news.de\/de\/author\/rnews\/\"}]}<\/script>\n<!-- \/ Yoast SEO Premium plugin. -->","yoast_head_json":{"title":"Israels Premier Bennett: Putin entschuldigte sich bei Israel f\u00fcr Lawrow-\u00c4u\u00dferungen - just-now.NEWS Deutschland","robots":{"index":"index","follow":"follow","max-snippet":"max-snippet:-1","max-image-preview":"max-image-preview:large","max-video-preview":"max-video-preview:-1"},"canonical":"https:\/\/now-news.de\/de\/deutschland\/israels-premier-bennett-putin-entschuldigte-sich-bei-israel-fuer-lawrow-aeusserungen\/","og_locale":"de_DE","og_type":"article","og_title":"Israels Premier Bennett: Putin entschuldigte sich bei Israel f\u00fcr Lawrow-\u00c4u\u00dferungen","og_description":"Der russische Pr\u00e4sident Wladimir Putin soll sich in einem Telefongespr\u00e4ch am Donnerstag beim israelischen Premierminister Naftali Bennett f\u00fcr die \u00c4u\u00dferungen des russischen Au\u00dfenministers Sergei Lawrow entschuldigt haben. Das teilte das B\u00fcro des israelischen Premierministers mit. Lawrow hatte sich am Wochenende umstritten ge\u00e4u\u00dfert und angedeutet, dass Adolf Hitler j\u00fcdische Vorfahren gehabt haben k\u00f6nnte und dass einige [&hellip;]","og_url":"https:\/\/now-news.de\/de\/deutschland\/israels-premier-bennett-putin-entschuldigte-sich-bei-israel-fuer-lawrow-aeusserungen\/","og_site_name":"just-now.NEWS Deutschland","article_publisher":"https:\/\/www.facebook.com\/wirmachenauf","article_published_time":"2022-05-06T13:50:35+00:00","og_image":[{"width":1104,"height":622,"url":"https:\/\/now-news.de\/de\/wp-content\/uploads\/sites\/3\/2022\/05\/Israels-Premier-Bennett-Putin-entschuldigte-sich-bei-Israel-fuer-Lawrow-Aeusserungen.jpg","type":"image\/jpeg"}],"author":"rtnews","twitter_card":"summary_large_image","twitter_creator":"@WirMachenAuf_de","twitter_site":"@WirMachenAuf_de","twitter_misc":{"Verfasst von":"rtnews","Gesch\u00e4tzte Lesezeit":"3\u00a0Minuten"},"schema":{"@context":"https:\/\/schema.org","@graph":[{"@type":"Article","@id":"https:\/\/now-news.de\/de\/deutschland\/israels-premier-bennett-putin-entschuldigte-sich-bei-israel-fuer-lawrow-aeusserungen\/#article","isPartOf":{"@id":"https:\/\/now-news.de\/de\/deutschland\/israels-premier-bennett-putin-entschuldigte-sich-bei-israel-fuer-lawrow-aeusserungen\/"},"author":{"name":"rtnews","@id":"https:\/\/now-news.de\/de\/#\/schema\/person\/fb534a4e865501d8b3285208df34a9b5"},"headline":"Israels Premier Bennett: Putin entschuldigte sich bei Israel f\u00fcr Lawrow-\u00c4u\u00dferungen","datePublished":"2022-05-06T13:50:35+00:00","dateModified":"2022-05-06T13:50:35+00:00","mainEntityOfPage":{"@id":"https:\/\/now-news.de\/de\/deutschland\/israels-premier-bennett-putin-entschuldigte-sich-bei-israel-fuer-lawrow-aeusserungen\/"},"wordCount":614,"commentCount":0,"publisher":{"@id":"https:\/\/now-news.de\/de\/#organization"},"image":{"@id":"https:\/\/now-news.de\/de\/deutschland\/israels-premier-bennett-putin-entschuldigte-sich-bei-israel-fuer-lawrow-aeusserungen\/#primaryimage"},"thumbnailUrl":"https:\/\/now-news.de\/de\/wp-content\/uploads\/sites\/3\/2022\/05\/Israels-Premier-Bennett-Putin-entschuldigte-sich-bei-Israel-fuer-Lawrow-Aeusserungen.jpg","keywords":["bei","Bennett","entschuldigte","f\u00fcr","Israel","Israels","Lawrow\u00c4u\u00dferungen","Premier","putin","sich"],"articleSection":["Deutschland","Russland"],"inLanguage":"de","potentialAction":[{"@type":"CommentAction","name":"Comment","target":["https:\/\/now-news.de\/de\/deutschland\/israels-premier-bennett-putin-entschuldigte-sich-bei-israel-fuer-lawrow-aeusserungen\/#respond"]}]},{"@type":"WebPage","@id":"https:\/\/now-news.de\/de\/deutschland\/israels-premier-bennett-putin-entschuldigte-sich-bei-israel-fuer-lawrow-aeusserungen\/","url":"https:\/\/now-news.de\/de\/deutschland\/israels-premier-bennett-putin-entschuldigte-sich-bei-israel-fuer-lawrow-aeusserungen\/","name":"Israels Premier Bennett: Putin entschuldigte sich bei Israel f\u00fcr Lawrow-\u00c4u\u00dferungen - just-now.NEWS Deutschland","isPartOf":{"@id":"https:\/\/now-news.de\/de\/#website"},"primaryImageOfPage":{"@id":"https:\/\/now-news.de\/de\/deutschland\/israels-premier-bennett-putin-entschuldigte-sich-bei-israel-fuer-lawrow-aeusserungen\/#primaryimage"},"image":{"@id":"https:\/\/now-news.de\/de\/deutschland\/israels-premier-bennett-putin-entschuldigte-sich-bei-israel-fuer-lawrow-aeusserungen\/#primaryimage"},"thumbnailUrl":"https:\/\/now-news.de\/de\/wp-content\/uploads\/sites\/3\/2022\/05\/Israels-Premier-Bennett-Putin-entschuldigte-sich-bei-Israel-fuer-Lawrow-Aeusserungen.jpg","datePublished":"2022-05-06T13:50:35+00:00","dateModified":"2022-05-06T13:50:35+00:00","breadcrumb":{"@id":"https:\/\/now-news.de\/de\/deutschland\/israels-premier-bennett-putin-entschuldigte-sich-bei-israel-fuer-lawrow-aeusserungen\/#breadcrumb"},"inLanguage":"de","potentialAction":[{"@type":"ReadAction","target":["https:\/\/now-news.de\/de\/deutschland\/israels-premier-bennett-putin-entschuldigte-sich-bei-israel-fuer-lawrow-aeusserungen\/"]}]},{"@type":"ImageObject","inLanguage":"de","@id":"https:\/\/now-news.de\/de\/deutschland\/israels-premier-bennett-putin-entschuldigte-sich-bei-israel-fuer-lawrow-aeusserungen\/#primaryimage","url":"https:\/\/now-news.de\/de\/wp-content\/uploads\/sites\/3\/2022\/05\/Israels-Premier-Bennett-Putin-entschuldigte-sich-bei-Israel-fuer-Lawrow-Aeusserungen.jpg","contentUrl":"https:\/\/now-news.de\/de\/wp-content\/uploads\/sites\/3\/2022\/05\/Israels-Premier-Bennett-Putin-entschuldigte-sich-bei-Israel-fuer-Lawrow-Aeusserungen.jpg","width":1104,"height":622},{"@type":"BreadcrumbList","@id":"https:\/\/now-news.de\/de\/deutschland\/israels-premier-bennett-putin-entschuldigte-sich-bei-israel-fuer-lawrow-aeusserungen\/#breadcrumb","itemListElement":[{"@type":"ListItem","position":1,"name":"Home","item":"https:\/\/now-news.de\/de\/"},{"@type":"ListItem","position":2,"name":"Israels Premier Bennett: Putin entschuldigte sich bei Israel f\u00fcr Lawrow-\u00c4u\u00dferungen"}]},{"@type":"WebSite","@id":"https:\/\/now-news.de\/de\/#website","url":"https:\/\/now-news.de\/de\/","name":"just-now.NEWS Deutschland","description":"Das Portal f\u00fcr unzensierte Nachrichten aus der Welt","publisher":{"@id":"https:\/\/now-news.de\/de\/#organization"},"potentialAction":[{"@type":"SearchAction","target":{"@type":"EntryPoint","urlTemplate":"https:\/\/now-news.de\/de\/?s={search_term_string}"},"query-input":"required name=search_term_string"}],"inLanguage":"de"},{"@type":"Organization","@id":"https:\/\/now-news.de\/de\/#organization","name":"Just Now News","url":"https:\/\/now-news.de\/de\/","logo":{"@type":"ImageObject","inLanguage":"de","@id":"https:\/\/now-news.de\/de\/#\/schema\/logo\/image\/","url":"http:\/\/just-now.news\/de\/wp-content\/uploads\/sites\/3\/2022\/04\/logo500x500.jpg","contentUrl":"http:\/\/just-now.news\/de\/wp-content\/uploads\/sites\/3\/2022\/04\/logo500x500.jpg","width":500,"height":500,"caption":"Just Now News"},"image":{"@id":"https:\/\/now-news.de\/de\/#\/schema\/logo\/image\/"},"sameAs":["https:\/\/www.facebook.com\/wirmachenauf","https:\/\/x.com\/WirMachenAuf_de"]},{"@type":"Person","@id":"https:\/\/now-news.de\/de\/#\/schema\/person\/fb534a4e865501d8b3285208df34a9b5","name":"rtnews","image":{"@type":"ImageObject","inLanguage":"de","@id":"https:\/\/now-news.de\/de\/#\/schema\/person\/image\/","url":"https:\/\/secure.gravatar.com\/avatar\/82aafea7d8127119dd649515f56e2117?s=96&d=mm&r=g","contentUrl":"https:\/\/secure.gravatar.com\/avatar\/82aafea7d8127119dd649515f56e2117?s=96&d=mm&r=g","caption":"rtnews"},"url":"https:\/\/now-news.de\/de\/author\/rnews\/"}]}},"_links":{"self":[{"href":"https:\/\/now-news.de\/de\/wp-json\/wp\/v2\/posts\/6943"}],"collection":[{"href":"https:\/\/now-news.de\/de\/wp-json\/wp\/v2\/posts"}],"about":[{"href":"https:\/\/now-news.de\/de\/wp-json\/wp\/v2\/types\/post"}],"author":[{"embeddable":true,"href":"https:\/\/now-news.de\/de\/wp-json\/wp\/v2\/users\/3"}],"replies":[{"embeddable":true,"href":"https:\/\/now-news.de\/de\/wp-json\/wp\/v2\/comments?post=6943"}],"version-history":[{"count":0,"href":"https:\/\/now-news.de\/de\/wp-json\/wp\/v2\/posts\/6943\/revisions"}],"wp:featuredmedia":[{"embeddable":true,"href":"https:\/\/now-news.de\/de\/wp-json\/wp\/v2\/media\/6944"}],"wp:attachment":[{"href":"https:\/\/now-news.de\/de\/wp-json\/wp\/v2\/media?parent=6943"}],"wp:term":[{"taxonomy":"category","embeddable":true,"href":"https:\/\/now-news.de\/de\/wp-json\/wp\/v2\/categories?post=6943"},{"taxonomy":"post_tag","embeddable":true,"href":"https:\/\/now-news.de\/de\/wp-json\/wp\/v2\/tags?post=6943"}],"curies":[{"name":"wp","href":"https:\/\/api.w.org\/{rel}","templated":true}]}}