{"id":69424,"date":"2024-09-21T16:27:43","date_gmt":"2024-09-21T14:27:43","guid":{"rendered":"https:\/\/now-news.de\/de\/deutschland\/akw-abschaltung-interne-mail-belastet-habeck\/"},"modified":"2024-09-21T16:27:43","modified_gmt":"2024-09-21T14:27:43","slug":"akw-abschaltung-interne-mail-belastet-habeck","status":"publish","type":"post","link":"https:\/\/now-news.de\/de\/deutschland\/akw-abschaltung-interne-mail-belastet-habeck\/","title":{"rendered":"AKW-Abschaltung: Interne Mail belastet Habeck"},"content":{"rendered":"<p><img decoding=\"async\" src=\"https:\/\/now-news.de\/de\/wp-content\/uploads\/sites\/3\/2024\/09\/66eecb89b480cc1e056d559f.PNG\" \/><\/p>\n<div class=\"Text-root Text-type_1 \">\n                Hat Robert Habeck gelogen? Interne Unterlagen bringen den Wirtschaftsminister und Vizekanzler in Bedr\u00e4ngnis. Aus ihnen geht hervor, dass der Kinderbuchautor den Weiterbetrieb der letzten drei Kernkraftwerke in Deutschland 2022 nicht wie angek\u00fcndigt &#8220;ergebnisoffen&#8221; pr\u00fcfte.\n            <\/div>\n<p><\/p>\n<div class=\"Text-root Text-type_5 ArticleView-text ViewText-root \">\n<p>Bundeswirtschaftsminister Robert Habeck\u00a0ger\u00e4t in der Debatte um die Abschaltung der letzten drei deutschen Atomkraftwerke unter Druck. Grund daf\u00fcr sind interne Unterlagen, in die das Springerblatt <em>Bild<\/em> Einblick nehmen konnte. Sie n\u00e4hren Zweifel daran, dass die\u00a0Pr\u00fcfung des Weiterbetriebs im Jahr 2022 tats\u00e4chlich, wie vom Minister behauptet, ergebnisoffen durchgef\u00fchrt wurde.<\/p>\n<p>Die\u00a0Unterlagen\u00a0\u2013 es handelt sich um Schriftst\u00fccke im Umfang von insgesamt\u00a0etwa\u00a0120.000 Seiten\u00a0\u2013 sollen in den kommenden Wochen vom Atom-Untersuchungsausschuss des Bundestags untersucht werden. Dieser soll kl\u00e4ren, ob Habeck den Weiterbetrieb der Atomkraftwerke tats\u00e4chlich ergebnisoffen gepr\u00fcft hat.\u00a0<\/p>\n<p>Besonders belastend f\u00fcr den Kinderbuchautor ist laut <em>Bild<\/em>\u00a0eine interne Mail vom 1. M\u00e4rz 2022.\u00a0Die Mail an Volker Oschmann, Abteilungsleiter Energie im Ministerium, tr\u00e4gt den Betreff &#8220;Anforderung M [M f\u00fcr Minister, d. Red.]: Vermerk Kernenergie&#8221;. Die Absenderin, eine Referentin, forderte darin eine &#8220;energiewirtschaftliche und -politische Bewertung des Weiterlaufens der AKW&#8221; \u2013 und \u00fcbermittelte eine Forderung des\u00a0sp\u00e4ter zur\u00fcckgetretenen einflussreichen Staatssekret\u00e4rs Patrick Graichen:<\/p>\n<p><em>&#8220;Das Ministerb\u00fcro und ST Gr [Staatssekret\u00e4r Graichen, d. Red.] bitten Euch den Vermerk zur Kernenergie in die Hand zu nehmen. BMUV [das Bundesumweltministerium] schreibt etwas auf, was wir dann integrieren m\u00fcssen.<\/em><\/p>\n<p><em>Kern unseres Vermerks muss eine energiewirtschaftliche und -politische Bewertung des Weiterlaufens der AKW sein. Patrick bittet insbesondere darum, darzustellen, wie wir auch ohne die drei in Rede stehenden Atomkraftwerke die Versorgungssicherheit sichern k\u00f6nnen.&#8221;<\/em><\/p>\n<p>Laut einem Bericht der <em>FAZ<\/em> hatten die Experten im Wirtschaftsministerium eine Verl\u00e4ngerung der Laufzeit f\u00fcr sinnvoll befunden. Die Formulierung in der nun bekannt gewordenen Mail deutet darauf hin, dass die Entscheidung Abschaltung nicht aufgrund fachlicher Kriterien erfolgte, sondern\u00a0politisch vorgegeben wurde. Nur wenige, Tage bevor diese geschrieben wurde, am 27. Februar 2022, hatte Habeck im &#8220;Bericht aus Berlin&#8221; der <em>ARD<\/em> noch eine &#8220;ergebnisoffene Pr\u00fcfung&#8221;\u00a0des Weiterbetriebs der Atomkraftwerke versprochen.\u00a0<\/p>\n<p>Konfrontiert mit der Mail wies der Minister jede Schuld von sich \u2013 und belastete seinen fr\u00fcheren Vertrauten Graichen. Ein Sprecher Habecks betonte, dass die Pr\u00fcfung wirklich\u00a0ergebnisoffen gewesen sei. Weiter erkl\u00e4rte er:<\/p>\n<p><em>&#8220;Die Mail und die dort zitierte Formulierung stammt nicht aus dem Ministerb\u00fcro, sie stammt aus dem B\u00fcro von Staatssekret\u00e4r Graichen.&#8221;<\/em><\/p>\n<p><strong>Mehr zum Thema<\/strong> \u2013 <a rel=\"nofollow noopener\" target=\"_blank\" href=\"https:\/\/freedert.online\/inland\/193874-blamage-fuer-habeck-gericht-entscheidet\/\">Blamage f\u00fcr Habeck: Gericht entscheidet f\u00fcr Herausgabe geheimer Atom-Akten<\/a><\/p>\n<div class=\"EmbedBlock-root EmbedBlock-externalVideo EmbedBlock-rumble\">\n<div class=\"VkEmbed\"><iframe class=\"lazyload\" data-src=\"https:\/\/rumble.com\/embed\/v5b5x2i\" frameborder=\"0\" width=\"853\" height=\"480\" allowfullscreen><\/iframe><\/div>\n<\/div>\n<\/div>\n<p><br \/>\n<br \/><a href=\"https:\/\/de.rt.com\/inland\/219951-akw-abschaltung-interne-mail-belastet\/\">Source link <\/a><\/p>\n","protected":false},"excerpt":{"rendered":"<p>Hat Robert Habeck gelogen? Interne Unterlagen bringen den Wirtschaftsminister und Vizekanzler in Bedr\u00e4ngnis. Aus ihnen geht hervor, dass der Kinderbuchautor den Weiterbetrieb der letzten drei Kernkraftwerke in Deutschland 2022 nicht wie angek\u00fcndigt &#8220;ergebnisoffen&#8221; pr\u00fcfte. Bundeswirtschaftsminister Robert Habeck\u00a0ger\u00e4t in der Debatte um die Abschaltung der letzten drei deutschen Atomkraftwerke unter Druck. Grund daf\u00fcr sind interne Unterlagen, [&hellip;]<\/p>\n","protected":false},"author":3,"featured_media":69425,"comment_status":"open","ping_status":"open","sticky":false,"template":"","format":"standard","meta":{"_yoast_indexnow_last_ping":["1726929756"],"wp_automatic_camp":["217"],"299af0c27e3250ba9fe8de94f7b21761":["AKW-Abschaltung: Interne Mail belastet Habeck"],"original_link":["https:\/\/de.rt.com\/inland\/219951-akw-abschaltung-interne-mail-belastet\/"],"_thumbnail_id":["69425"],"_wptgpro_p2tg_sent2tg":["a:1:{i:23737;s:19:\"2024-09-21 16:43:38\";}"],"jnews_social_counter_last_update":["1777499429"]},"categories":[19,23],"tags":[58784,26907,911,44424,24877],"yoast_head":"<!-- This site is optimized with the Yoast SEO Premium plugin v22.7 (Yoast SEO v22.7) - https:\/\/yoast.com\/wordpress\/plugins\/seo\/ -->\n<title>AKW-Abschaltung: Interne Mail belastet Habeck - just-now.NEWS Deutschland<\/title>\n<meta name=\"robots\" content=\"index, follow, max-snippet:-1, max-image-preview:large, max-video-preview:-1\" \/>\n<link rel=\"canonical\" href=\"https:\/\/now-news.de\/de\/deutschland\/akw-abschaltung-interne-mail-belastet-habeck\/\" \/>\n<meta property=\"og:locale\" content=\"de_DE\" \/>\n<meta property=\"og:type\" content=\"article\" \/>\n<meta property=\"og:title\" content=\"AKW-Abschaltung: Interne Mail belastet Habeck\" \/>\n<meta property=\"og:description\" content=\"Hat Robert Habeck gelogen? Interne Unterlagen bringen den Wirtschaftsminister und Vizekanzler in Bedr\u00e4ngnis. Aus ihnen geht hervor, dass der Kinderbuchautor den Weiterbetrieb der letzten drei Kernkraftwerke in Deutschland 2022 nicht wie angek\u00fcndigt &#8220;ergebnisoffen&#8221; pr\u00fcfte. Bundeswirtschaftsminister Robert Habeck\u00a0ger\u00e4t in der Debatte um die Abschaltung der letzten drei deutschen Atomkraftwerke unter Druck. Grund daf\u00fcr sind interne Unterlagen, [&hellip;]\" \/>\n<meta property=\"og:url\" content=\"https:\/\/now-news.de\/de\/deutschland\/akw-abschaltung-interne-mail-belastet-habeck\/\" \/>\n<meta property=\"og:site_name\" content=\"just-now.NEWS Deutschland\" \/>\n<meta property=\"article:publisher\" content=\"https:\/\/www.facebook.com\/wirmachenauf\" \/>\n<meta property=\"article:published_time\" content=\"2024-09-21T14:27:43+00:00\" \/>\n<meta property=\"og:image\" content=\"https:\/\/now-news.de\/de\/wp-content\/uploads\/sites\/3\/2024\/09\/66eecb89b480cc1e056d559f.PNG\" \/>\n<meta name=\"author\" content=\"rtnews\" \/>\n<meta name=\"twitter:card\" content=\"summary_large_image\" \/>\n<meta name=\"twitter:creator\" content=\"@WirMachenAuf_de\" \/>\n<meta name=\"twitter:site\" content=\"@WirMachenAuf_de\" \/>\n<meta name=\"twitter:label1\" content=\"Verfasst von\" \/>\n\t<meta name=\"twitter:data1\" content=\"rtnews\" \/>\n\t<meta name=\"twitter:label2\" content=\"Gesch\u00e4tzte Lesezeit\" \/>\n\t<meta name=\"twitter:data2\" content=\"2\u00a0Minuten\" \/>\n<script type=\"application\/ld+json\" class=\"yoast-schema-graph\">{\"@context\":\"https:\/\/schema.org\",\"@graph\":[{\"@type\":\"Article\",\"@id\":\"https:\/\/now-news.de\/de\/deutschland\/akw-abschaltung-interne-mail-belastet-habeck\/#article\",\"isPartOf\":{\"@id\":\"https:\/\/now-news.de\/de\/deutschland\/akw-abschaltung-interne-mail-belastet-habeck\/\"},\"author\":{\"name\":\"rtnews\",\"@id\":\"https:\/\/now-news.de\/de\/#\/schema\/person\/fb534a4e865501d8b3285208df34a9b5\"},\"headline\":\"AKW-Abschaltung: Interne Mail belastet Habeck\",\"datePublished\":\"2024-09-21T14:27:43+00:00\",\"dateModified\":\"2024-09-21T14:27:43+00:00\",\"mainEntityOfPage\":{\"@id\":\"https:\/\/now-news.de\/de\/deutschland\/akw-abschaltung-interne-mail-belastet-habeck\/\"},\"wordCount\":416,\"commentCount\":0,\"publisher\":{\"@id\":\"https:\/\/now-news.de\/de\/#organization\"},\"image\":{\"@id\":\"https:\/\/now-news.de\/de\/deutschland\/akw-abschaltung-interne-mail-belastet-habeck\/#primaryimage\"},\"thumbnailUrl\":\"https:\/\/now-news.de\/de\/wp-content\/uploads\/sites\/3\/2024\/09\/AKW-Abschaltung-Interne-Mail-belastet-Habeck.PNG\",\"keywords\":[\"AKWAbschaltung\",\"belastet\",\"Habeck\",\"interne\",\"Mail\"],\"articleSection\":[\"Deutschland\",\"Russland\"],\"inLanguage\":\"de\",\"potentialAction\":[{\"@type\":\"CommentAction\",\"name\":\"Comment\",\"target\":[\"https:\/\/now-news.de\/de\/deutschland\/akw-abschaltung-interne-mail-belastet-habeck\/#respond\"]}]},{\"@type\":\"WebPage\",\"@id\":\"https:\/\/now-news.de\/de\/deutschland\/akw-abschaltung-interne-mail-belastet-habeck\/\",\"url\":\"https:\/\/now-news.de\/de\/deutschland\/akw-abschaltung-interne-mail-belastet-habeck\/\",\"name\":\"AKW-Abschaltung: Interne Mail belastet Habeck - just-now.NEWS Deutschland\",\"isPartOf\":{\"@id\":\"https:\/\/now-news.de\/de\/#website\"},\"primaryImageOfPage\":{\"@id\":\"https:\/\/now-news.de\/de\/deutschland\/akw-abschaltung-interne-mail-belastet-habeck\/#primaryimage\"},\"image\":{\"@id\":\"https:\/\/now-news.de\/de\/deutschland\/akw-abschaltung-interne-mail-belastet-habeck\/#primaryimage\"},\"thumbnailUrl\":\"https:\/\/now-news.de\/de\/wp-content\/uploads\/sites\/3\/2024\/09\/AKW-Abschaltung-Interne-Mail-belastet-Habeck.PNG\",\"datePublished\":\"2024-09-21T14:27:43+00:00\",\"dateModified\":\"2024-09-21T14:27:43+00:00\",\"breadcrumb\":{\"@id\":\"https:\/\/now-news.de\/de\/deutschland\/akw-abschaltung-interne-mail-belastet-habeck\/#breadcrumb\"},\"inLanguage\":\"de\",\"potentialAction\":[{\"@type\":\"ReadAction\",\"target\":[\"https:\/\/now-news.de\/de\/deutschland\/akw-abschaltung-interne-mail-belastet-habeck\/\"]}]},{\"@type\":\"ImageObject\",\"inLanguage\":\"de\",\"@id\":\"https:\/\/now-news.de\/de\/deutschland\/akw-abschaltung-interne-mail-belastet-habeck\/#primaryimage\",\"url\":\"https:\/\/now-news.de\/de\/wp-content\/uploads\/sites\/3\/2024\/09\/AKW-Abschaltung-Interne-Mail-belastet-Habeck.PNG\",\"contentUrl\":\"https:\/\/now-news.de\/de\/wp-content\/uploads\/sites\/3\/2024\/09\/AKW-Abschaltung-Interne-Mail-belastet-Habeck.PNG\",\"width\":460,\"height\":259,\"caption\":\"AKW-Abschaltung: Interne Mail belastet Habeck\"},{\"@type\":\"BreadcrumbList\",\"@id\":\"https:\/\/now-news.de\/de\/deutschland\/akw-abschaltung-interne-mail-belastet-habeck\/#breadcrumb\",\"itemListElement\":[{\"@type\":\"ListItem\",\"position\":1,\"name\":\"Home\",\"item\":\"https:\/\/now-news.de\/de\/\"},{\"@type\":\"ListItem\",\"position\":2,\"name\":\"AKW-Abschaltung: Interne Mail belastet Habeck\"}]},{\"@type\":\"WebSite\",\"@id\":\"https:\/\/now-news.de\/de\/#website\",\"url\":\"https:\/\/now-news.de\/de\/\",\"name\":\"just-now.NEWS Deutschland\",\"description\":\"Das Portal f\u00fcr unzensierte Nachrichten aus der Welt\",\"publisher\":{\"@id\":\"https:\/\/now-news.de\/de\/#organization\"},\"potentialAction\":[{\"@type\":\"SearchAction\",\"target\":{\"@type\":\"EntryPoint\",\"urlTemplate\":\"https:\/\/now-news.de\/de\/?s={search_term_string}\"},\"query-input\":\"required name=search_term_string\"}],\"inLanguage\":\"de\"},{\"@type\":\"Organization\",\"@id\":\"https:\/\/now-news.de\/de\/#organization\",\"name\":\"Just Now News\",\"url\":\"https:\/\/now-news.de\/de\/\",\"logo\":{\"@type\":\"ImageObject\",\"inLanguage\":\"de\",\"@id\":\"https:\/\/now-news.de\/de\/#\/schema\/logo\/image\/\",\"url\":\"http:\/\/just-now.news\/de\/wp-content\/uploads\/sites\/3\/2022\/04\/logo500x500.jpg\",\"contentUrl\":\"http:\/\/just-now.news\/de\/wp-content\/uploads\/sites\/3\/2022\/04\/logo500x500.jpg\",\"width\":500,\"height\":500,\"caption\":\"Just Now News\"},\"image\":{\"@id\":\"https:\/\/now-news.de\/de\/#\/schema\/logo\/image\/\"},\"sameAs\":[\"https:\/\/www.facebook.com\/wirmachenauf\",\"https:\/\/x.com\/WirMachenAuf_de\"]},{\"@type\":\"Person\",\"@id\":\"https:\/\/now-news.de\/de\/#\/schema\/person\/fb534a4e865501d8b3285208df34a9b5\",\"name\":\"rtnews\",\"image\":{\"@type\":\"ImageObject\",\"inLanguage\":\"de\",\"@id\":\"https:\/\/now-news.de\/de\/#\/schema\/person\/image\/\",\"url\":\"https:\/\/secure.gravatar.com\/avatar\/82aafea7d8127119dd649515f56e2117?s=96&d=mm&r=g\",\"contentUrl\":\"https:\/\/secure.gravatar.com\/avatar\/82aafea7d8127119dd649515f56e2117?s=96&d=mm&r=g\",\"caption\":\"rtnews\"},\"url\":\"https:\/\/now-news.de\/de\/author\/rnews\/\"}]}<\/script>\n<!-- \/ Yoast SEO Premium plugin. -->","yoast_head_json":{"title":"AKW-Abschaltung: Interne Mail belastet Habeck - just-now.NEWS Deutschland","robots":{"index":"index","follow":"follow","max-snippet":"max-snippet:-1","max-image-preview":"max-image-preview:large","max-video-preview":"max-video-preview:-1"},"canonical":"https:\/\/now-news.de\/de\/deutschland\/akw-abschaltung-interne-mail-belastet-habeck\/","og_locale":"de_DE","og_type":"article","og_title":"AKW-Abschaltung: Interne Mail belastet Habeck","og_description":"Hat Robert Habeck gelogen? Interne Unterlagen bringen den Wirtschaftsminister und Vizekanzler in Bedr\u00e4ngnis. Aus ihnen geht hervor, dass der Kinderbuchautor den Weiterbetrieb der letzten drei Kernkraftwerke in Deutschland 2022 nicht wie angek\u00fcndigt &#8220;ergebnisoffen&#8221; pr\u00fcfte. Bundeswirtschaftsminister Robert Habeck\u00a0ger\u00e4t in der Debatte um die Abschaltung der letzten drei deutschen Atomkraftwerke unter Druck. Grund daf\u00fcr sind interne Unterlagen, [&hellip;]","og_url":"https:\/\/now-news.de\/de\/deutschland\/akw-abschaltung-interne-mail-belastet-habeck\/","og_site_name":"just-now.NEWS Deutschland","article_publisher":"https:\/\/www.facebook.com\/wirmachenauf","article_published_time":"2024-09-21T14:27:43+00:00","og_image":[{"url":"https:\/\/now-news.de\/de\/wp-content\/uploads\/sites\/3\/2024\/09\/66eecb89b480cc1e056d559f.PNG"}],"author":"rtnews","twitter_card":"summary_large_image","twitter_creator":"@WirMachenAuf_de","twitter_site":"@WirMachenAuf_de","twitter_misc":{"Verfasst von":"rtnews","Gesch\u00e4tzte Lesezeit":"2\u00a0Minuten"},"schema":{"@context":"https:\/\/schema.org","@graph":[{"@type":"Article","@id":"https:\/\/now-news.de\/de\/deutschland\/akw-abschaltung-interne-mail-belastet-habeck\/#article","isPartOf":{"@id":"https:\/\/now-news.de\/de\/deutschland\/akw-abschaltung-interne-mail-belastet-habeck\/"},"author":{"name":"rtnews","@id":"https:\/\/now-news.de\/de\/#\/schema\/person\/fb534a4e865501d8b3285208df34a9b5"},"headline":"AKW-Abschaltung: Interne Mail belastet Habeck","datePublished":"2024-09-21T14:27:43+00:00","dateModified":"2024-09-21T14:27:43+00:00","mainEntityOfPage":{"@id":"https:\/\/now-news.de\/de\/deutschland\/akw-abschaltung-interne-mail-belastet-habeck\/"},"wordCount":416,"commentCount":0,"publisher":{"@id":"https:\/\/now-news.de\/de\/#organization"},"image":{"@id":"https:\/\/now-news.de\/de\/deutschland\/akw-abschaltung-interne-mail-belastet-habeck\/#primaryimage"},"thumbnailUrl":"https:\/\/now-news.de\/de\/wp-content\/uploads\/sites\/3\/2024\/09\/AKW-Abschaltung-Interne-Mail-belastet-Habeck.PNG","keywords":["AKWAbschaltung","belastet","Habeck","interne","Mail"],"articleSection":["Deutschland","Russland"],"inLanguage":"de","potentialAction":[{"@type":"CommentAction","name":"Comment","target":["https:\/\/now-news.de\/de\/deutschland\/akw-abschaltung-interne-mail-belastet-habeck\/#respond"]}]},{"@type":"WebPage","@id":"https:\/\/now-news.de\/de\/deutschland\/akw-abschaltung-interne-mail-belastet-habeck\/","url":"https:\/\/now-news.de\/de\/deutschland\/akw-abschaltung-interne-mail-belastet-habeck\/","name":"AKW-Abschaltung: Interne Mail belastet Habeck - just-now.NEWS Deutschland","isPartOf":{"@id":"https:\/\/now-news.de\/de\/#website"},"primaryImageOfPage":{"@id":"https:\/\/now-news.de\/de\/deutschland\/akw-abschaltung-interne-mail-belastet-habeck\/#primaryimage"},"image":{"@id":"https:\/\/now-news.de\/de\/deutschland\/akw-abschaltung-interne-mail-belastet-habeck\/#primaryimage"},"thumbnailUrl":"https:\/\/now-news.de\/de\/wp-content\/uploads\/sites\/3\/2024\/09\/AKW-Abschaltung-Interne-Mail-belastet-Habeck.PNG","datePublished":"2024-09-21T14:27:43+00:00","dateModified":"2024-09-21T14:27:43+00:00","breadcrumb":{"@id":"https:\/\/now-news.de\/de\/deutschland\/akw-abschaltung-interne-mail-belastet-habeck\/#breadcrumb"},"inLanguage":"de","potentialAction":[{"@type":"ReadAction","target":["https:\/\/now-news.de\/de\/deutschland\/akw-abschaltung-interne-mail-belastet-habeck\/"]}]},{"@type":"ImageObject","inLanguage":"de","@id":"https:\/\/now-news.de\/de\/deutschland\/akw-abschaltung-interne-mail-belastet-habeck\/#primaryimage","url":"https:\/\/now-news.de\/de\/wp-content\/uploads\/sites\/3\/2024\/09\/AKW-Abschaltung-Interne-Mail-belastet-Habeck.PNG","contentUrl":"https:\/\/now-news.de\/de\/wp-content\/uploads\/sites\/3\/2024\/09\/AKW-Abschaltung-Interne-Mail-belastet-Habeck.PNG","width":460,"height":259,"caption":"AKW-Abschaltung: Interne Mail belastet Habeck"},{"@type":"BreadcrumbList","@id":"https:\/\/now-news.de\/de\/deutschland\/akw-abschaltung-interne-mail-belastet-habeck\/#breadcrumb","itemListElement":[{"@type":"ListItem","position":1,"name":"Home","item":"https:\/\/now-news.de\/de\/"},{"@type":"ListItem","position":2,"name":"AKW-Abschaltung: Interne Mail belastet Habeck"}]},{"@type":"WebSite","@id":"https:\/\/now-news.de\/de\/#website","url":"https:\/\/now-news.de\/de\/","name":"just-now.NEWS Deutschland","description":"Das Portal f\u00fcr unzensierte Nachrichten aus der Welt","publisher":{"@id":"https:\/\/now-news.de\/de\/#organization"},"potentialAction":[{"@type":"SearchAction","target":{"@type":"EntryPoint","urlTemplate":"https:\/\/now-news.de\/de\/?s={search_term_string}"},"query-input":"required name=search_term_string"}],"inLanguage":"de"},{"@type":"Organization","@id":"https:\/\/now-news.de\/de\/#organization","name":"Just Now News","url":"https:\/\/now-news.de\/de\/","logo":{"@type":"ImageObject","inLanguage":"de","@id":"https:\/\/now-news.de\/de\/#\/schema\/logo\/image\/","url":"http:\/\/just-now.news\/de\/wp-content\/uploads\/sites\/3\/2022\/04\/logo500x500.jpg","contentUrl":"http:\/\/just-now.news\/de\/wp-content\/uploads\/sites\/3\/2022\/04\/logo500x500.jpg","width":500,"height":500,"caption":"Just Now News"},"image":{"@id":"https:\/\/now-news.de\/de\/#\/schema\/logo\/image\/"},"sameAs":["https:\/\/www.facebook.com\/wirmachenauf","https:\/\/x.com\/WirMachenAuf_de"]},{"@type":"Person","@id":"https:\/\/now-news.de\/de\/#\/schema\/person\/fb534a4e865501d8b3285208df34a9b5","name":"rtnews","image":{"@type":"ImageObject","inLanguage":"de","@id":"https:\/\/now-news.de\/de\/#\/schema\/person\/image\/","url":"https:\/\/secure.gravatar.com\/avatar\/82aafea7d8127119dd649515f56e2117?s=96&d=mm&r=g","contentUrl":"https:\/\/secure.gravatar.com\/avatar\/82aafea7d8127119dd649515f56e2117?s=96&d=mm&r=g","caption":"rtnews"},"url":"https:\/\/now-news.de\/de\/author\/rnews\/"}]}},"_links":{"self":[{"href":"https:\/\/now-news.de\/de\/wp-json\/wp\/v2\/posts\/69424"}],"collection":[{"href":"https:\/\/now-news.de\/de\/wp-json\/wp\/v2\/posts"}],"about":[{"href":"https:\/\/now-news.de\/de\/wp-json\/wp\/v2\/types\/post"}],"author":[{"embeddable":true,"href":"https:\/\/now-news.de\/de\/wp-json\/wp\/v2\/users\/3"}],"replies":[{"embeddable":true,"href":"https:\/\/now-news.de\/de\/wp-json\/wp\/v2\/comments?post=69424"}],"version-history":[{"count":0,"href":"https:\/\/now-news.de\/de\/wp-json\/wp\/v2\/posts\/69424\/revisions"}],"wp:featuredmedia":[{"embeddable":true,"href":"https:\/\/now-news.de\/de\/wp-json\/wp\/v2\/media\/69425"}],"wp:attachment":[{"href":"https:\/\/now-news.de\/de\/wp-json\/wp\/v2\/media?parent=69424"}],"wp:term":[{"taxonomy":"category","embeddable":true,"href":"https:\/\/now-news.de\/de\/wp-json\/wp\/v2\/categories?post=69424"},{"taxonomy":"post_tag","embeddable":true,"href":"https:\/\/now-news.de\/de\/wp-json\/wp\/v2\/tags?post=69424"}],"curies":[{"name":"wp","href":"https:\/\/api.w.org\/{rel}","templated":true}]}}