{"id":69414,"date":"2024-09-21T13:55:05","date_gmt":"2024-09-21T11:55:05","guid":{"rendered":"https:\/\/now-news.de\/de\/deutschland\/vergewaltigt-und-zu-tode-gepruegelt-evakuierte-ueber-ukrainische-verbrechen-in-tschassow-jar\/"},"modified":"2024-09-21T13:55:05","modified_gmt":"2024-09-21T11:55:05","slug":"vergewaltigt-und-zu-tode-gepruegelt-evakuierte-ueber-ukrainische-verbrechen-in-tschassow-jar","status":"publish","type":"post","link":"https:\/\/now-news.de\/de\/deutschland\/vergewaltigt-und-zu-tode-gepruegelt-evakuierte-ueber-ukrainische-verbrechen-in-tschassow-jar\/","title":{"rendered":"&quot;Vergewaltigt und zu Tode gepr\u00fcgelt&quot; \u2013 Evakuierte \u00fcber ukrainische Verbrechen in Tschassow Jar"},"content":{"rendered":"<p><img decoding=\"async\" src=\"https:\/\/now-news.de\/de\/wp-content\/uploads\/sites\/3\/2024\/09\/66edd0bdb480cc541d5646db.JPG\" \/><\/p>\n<div class=\"Text-root Text-type_1 \">\n                RT hat mit Zivilisten gesprochen, die von russischen Soldaten aus der Kampfzone um Tschassow Jar evakuiert werden konnten. Was das Ehepaar Alexander und Julia berichtet, l\u00e4sst das Blut gefrieren. Dabei ist es nicht einmal ein Promille dessen, was die Ukraine im Donbass angerichtet hat.\n            <\/div>\n<p><\/p>\n<div class=\"Text-root Text-type_5 ArticleView-text ViewText-root \">\n<p>In der N\u00e4he von Tschassow Jar vergewaltigten und t\u00f6teten ukrainische Soldaten zusammen mit S\u00f6ldnern aus dem Ausland eine Frau, die an postnataler Depression litt. Dies wurde <em>RT<\/em> von Bewohnern des Vorortes mit dem Namen Kalinin-Siedlung berichtet, die das russische Milit\u00e4r unter Einsatz ihres eigenen Lebens aus der Kampfzone gebracht hat. Die Gegend stand seit 2014 unter ukrainischer Kontrolle, das Leben der Zivilisten dort wurde immer mehr zur H\u00f6lle.<\/p>\n<p>Den Evakuierten zufolge veranstalten ukrainische K\u00e4mpfer im Drogenrausch einen Genozid der russischsprachigen Bev\u00f6lkerung in den Frontgebieten und benutzen die Einwohner als menschliche Schutzschilde.<\/p>\n<p>F\u00fcr die Evakuierung der Zivilisten aus der Kalinin-Siedlung in der Volksrepublik Donezk hat das russische Milit\u00e4r eine zweit\u00e4gige Sonderaktion geplant und durchgef\u00fchrt. Alexander, einer der Evakuierten, berichtet:<\/p>\n<blockquote>\n<p><em>&#8220;Wir wurden wie durch ein Wunder herausgeholt. Wir hatten Gl\u00fcck. H\u00e4tten sie noch einen Tag l\u00e4nger gewartet, w\u00e4ren wir nicht mehr am Leben.&#8221;<\/em><\/p>\n<\/blockquote>\n<p>Vor dem Krieg arbeitete er in einem Reparaturwerk in Tschassow Jar, wo er Kleinbusse montierte. Doch nach dem Ausbruch der Feindseligkeiten wurden die Mitarbeiter des Unternehmens nicht mehr bezahlt und sp\u00e4ter entlassen.<\/p>\n<p>Ukrainische K\u00e4mpfer und S\u00f6ldner \u00fcberschwemmten die Stadt und ihre Umgebung. Laut Alexanders Frau Julia verwandelte sich das Leben in der Siedlung von diesem Moment an in einen Albtraum.<\/p>\n<p><strong>Die humanit\u00e4re Blockade<\/strong><\/p>\n<blockquote>\n<p><em>&#8220;Wir gingen zuletzt \u00fcberhaupt nicht mehr aus dem Haus, weil ukrainische Truppen auf dem Gebiet unserer Siedlung stationiert waren. Wir hatten Angst vor ihnen, weil sie unberechenbar waren. Ihre Augen waren getr\u00fcbt, ihre Sprache war verworren. Sie waren immer betrunken oder standen unter Drogen&#8221;, <\/em>so Alexander gegen\u00fcber<em> RT.<\/em><\/p>\n<\/blockquote>\n<p>Wie Julia bemerkt, war es f\u00fcr Russen besonders gef\u00e4hrlich, sich in der Stadt aufzuhalten. Die ukrainischen Soldaten hatten es st\u00e4ndig auf sie abgesehen, erinnert sie sich. Sie bedr\u00e4ngten sie mit Fragen:<\/p>\n<blockquote>\n<p><em>&#8220;Warum sprecht ihr Russisch? Ihr solltet unsere Sprache sprechen.&#8221;<\/em><\/p>\n<\/blockquote>\n<p>Gleichzeitig versuchten die Beh\u00f6rden die lokale Bev\u00f6lkerung zur Abwanderung in die Westukraine zu bewegen. Schon vor dem Ausbruch der Feindseligkeiten stellten Banken und Gesch\u00e4fte in dem Bezirk ihren Betrieb ein, die Strom- und Wasserversorgung wurde unterbrochen. Sie mussten Wasser aus einem Brunnen holen und es \u00fcber einem Feuer abkochen.<\/p>\n<p>Nach Angaben des Ehepaars wurde humanit\u00e4re Hilfe nach Tschassow Jar gebracht, aber es war nicht leicht, sie zu bekommen. Es gab lange Schlangen f\u00fcr Lebensmittel und Wasser, die vom Milit\u00e4r unter dem Vorwand des Beschusses absichtlich auseinandergetrieben wurden. Sie sagten dabei:<\/p>\n<blockquote>\n<p><em>&#8220;Es hat keinen Sinn, sie zu f\u00fcttern, sie warten auf die Russen.&#8221;<\/em><\/p>\n<\/blockquote>\n<p>Sechs Monate vor dem Ausbruch der K\u00e4mpfe wurden auch die humanit\u00e4ren Hilfslieferungen eingestellt, sodass die Einheimischen begannen, Essensreste des ukrainischen Milit\u00e4rs aufzusammeln \u2013 \u00fcbrig gebliebenen Eintopf und Getreide.<\/p>\n<p><strong>&#8220;Pl\u00fcndern und T\u00f6ten&#8221;<\/strong><\/p>\n<p>Je n\u00e4her die Frontlinie an die Siedlung heranr\u00fcckte, desto brutaler wurde das ukrainische Milit\u00e4r, wie die Eheleute berichten. Alexander erz\u00e4hlt:<\/p>\n<blockquote>\n<p><em>&#8220;Es gab eine geistig zur\u00fcckgebliebene Frau in der Siedlung, Tanja Kosjakina. Sie hatte eine postnatale Depression. Sie lebte bei ihrer Mutter. Sie wurde in ein anderes Haus geschleppt. Sie vergewaltigten sie und schlugen sie mit Gewehrkolben zu Tode.&#8221;<\/em><\/p>\n<\/blockquote>\n<p>Ihm zufolge waren an diesem Verbrechen neben den ukrainischen Soldaten auch polnische und georgische S\u00f6ldner beteiligt.<\/p>\n<p>Wie sich die Evakuierten erinnern, richteten die ukrainischen Soldaten und die S\u00f6ldner ihre Kampfstellungen in zivilen Geb\u00e4uden und Wohnh\u00e4usern ein, die sie zuvor pl\u00fcnderten:<\/p>\n<blockquote>\n<p><em>&#8220;Es wurde wirklich alles mitgenommen: Haushaltsger\u00e4te, Betten, sogar schmutzige Teppiche. Sie zerschnitten Matratzen und Kissen, auf der Suche nach Geld, das vielleicht jemand vergessen hatte. Einmal haben wir gesehen, wie sie ein Moped gestohlen haben. Sie warfen es auf einen Panzer und nahmen es mit.&#8221;<\/em><\/p>\n<\/blockquote>\n<p>An den verlassenen Standorten des ukrainischen Milit\u00e4rs fanden Zivilisten Spritzen, leere Ampullen, Flaschen f\u00fcr Rauchmischungen und Alkohol. Aufgrund der weit verbreiteten Trunkenheit und Drogenabh\u00e4ngigkeit fluchten die Soldaten und er\u00f6ffneten das Feuer auf die Stellungen ihrer Kameraden mit M\u00f6rsern oder Handfeuerwaffen. So haben sich nach Angaben der Evakuierten im Dorf Fjodorowka Soldaten im Alkoholrausch gegenseitig beschossen.<\/p>\n<p><strong>Beschuss und &#8220;Bl\u00fctenbl\u00e4tter&#8221;<\/strong><\/p>\n<p>Die ukrainische Armee, so die Eheleute, habe ihr Territorium absichtlich beschossen, um Russland die Schuld an den Zerst\u00f6rungen und Todesf\u00e4llen zu geben. Zu diesem Zweck verf\u00fcgen die nationalen Streitkr\u00e4fte \u00fcber einen &#8220;wandernden M\u00f6rser, der auf einer Gazelle (sowjetische Kleintransporter-Marke \u2013 <em>Anmerkung der Redaktion<\/em>) montiert ist&#8221;.<\/p>\n<p>In einem Nachbardorf kam ein Bekannter von Alexander durch die Explosion einer Totschka-U-Rakete ums Leben, die in sein Haus flog. Wie sich der Evakuierte erinnert, wurde der Schauplatz zun\u00e4chst vom Milit\u00e4r abgesperrt, um die Raketentr\u00fcmmer einzusammeln. Dann kamen westliche und ukrainische Journalisten, um die Folgen der Explosion zu filmen.<\/p>\n<blockquote>\n<p><em>&#8220;Wir haben pers\u00f6nlich gesehen, wie die Ukrainer aus Grad-Mehrfachraketenwerfern von der Siedlung Bogdanowka aus auf den Wohnbezirk Kanal in Tschassow Jar feuerten. Wir konnten die Flugbahn sehen. Es wurden dabei viele Menschen get\u00f6tet. Sie sagten uns, dass der Beschuss von Russland ausging. Aber wir wussten, wer es war&#8221;, erkl\u00e4rten die Evakuierten.<\/em><\/p>\n<\/blockquote>\n<p>Dar\u00fcber hinaus haben die ukrainischen Streitkr\u00e4fte in der Kalinin-Siedlung Lepestok-Antipersonenminen (Lepestok bedeutet auf Deutsch Bl\u00fctenblatt \u2013 Anmerkung der Redaktion) verstreut. Waffen dieses Typs sind von der UNO wegen der Gefahr f\u00fcr die Zivilbev\u00f6lkerung f\u00fcr den Einsatz in milit\u00e4rischen Konflikten verboten; auch die Ukraine hat die Verbotskonvention unterzeichnet.<\/p>\n<blockquote>\n<p><em>&#8220;Drei Raketen kamen von der ukrainischen Seite und explodierten \u00fcber uns. Sie verminten uns, unser Haus wurde mit &#8216;Bl\u00fctenbl\u00e4ttern&#8217; beworfen. Wir selbst haben 57 &#8216;Bl\u00fctenbl\u00e4tter&#8217; zerst\u00f6rt, um wenigstens vom Keller ins Haus zu kommen&#8221;, sagt Alexander.<\/em><\/p>\n<\/blockquote>\n<p>Sp\u00e4ter, als die K\u00e4mpfe in der Stadt begannen, beschoss das ukrainische Milit\u00e4r absichtlich das Haus eines Nachbarn, in dem eine dreik\u00f6pfige Familie Zuflucht gefunden hatte. Den Beschuss \u00fcberlebte nur die Frau, wohingegen ihr Mann und ihr Sohn get\u00f6tet wurden.<\/p>\n<p>Wie sich Alexander erinnert, hielten ukrainische Nationalisten acht seiner Bekannten in Wohnblocks in Tschassow Jar fest. Das Milit\u00e4r nutzte die Wohnh\u00e4user als Deckung, um das russische Milit\u00e4r davon abzuhalten, sie zu beschie\u00dfen. Die Soldaten selbst fl\u00fcchteten in den Keller dieses Hauses.<\/p>\n<p><strong>&#8220;Die Rentner haben sie auf Armen getragen&#8221;<\/strong><\/p>\n<p>In den vergangenen zwei Monaten versuchten Julia und Alexander, im Keller zu bleiben, um nicht von den ukrainischen K\u00e4mpfern gesehen zu werden. Erst als sie von Nachbarn erfuhren, dass die H\u00e4lfte der Kalinin-Siedlung bereits von den Russen besetzt worden war, trauten sie sich, ihr Versteck zu verlassen.<\/p>\n<blockquote>\n<p><em>&#8220;Wir h\u00f6rten die Schritte von jemandem. Wir haben die T\u00fcr ge\u00f6ffnet. Da war ein Soldat. Er fragte uns: &#8216;Was macht ihr hier?&#8217; Wir sagten, wir w\u00fcrden auf die Russen warten. Er sagte: &#8216;Wisst ihr, wer ich bin?&#8217; Wir hatten solche Angst, dass wir dachten, man w\u00fcrde uns t\u00f6ten. Und er sagte, er sei Russe. Wir fingen alle an zu weinen, wir waren gl\u00fccklich: Endlich wird das alles vorbei sein&#8221;, erinnern sich Julia und Alexander.<\/em><\/p>\n<\/blockquote>\n<p>Den Eheleuten zufolge erz\u00e4hlte der K\u00e4mpfer ihnen, dass sich mehrere Familien von Zivilisten in den Kellern versteckt hielten. &#8220;Die Soldaten sagten, sie w\u00fcrden von Drohnen aus Medikamente, Proviant und Brot f\u00fcr uns abwerfen&#8221;, so die Eheleute.<\/p>\n<p>Das Schwierigste, so Alexander und Julia, war es, aus der Siedlung herauszukommen. \u00dcber jedem Haus waren ukrainische Drohnen. Sie mussten von Haus zu Haus rennen. F\u00fcr jede der Strecken waren maximal eineinhalb Minuten vorgesehen. Um die Rentner herauszuholen, so das Ehepaar, wurde eine weitere Gruppe russischer Milit\u00e4rangeh\u00f6riger eingesetzt, die die Drohnen ablenkten.<\/p>\n<p>Nach Angaben des Ehepaars wurden K\u00e4mpfer der &#8220;Ablenkungsgruppe&#8221; verwundet:<\/p>\n<blockquote>\n<p><em>&#8220;Als die Ukrainer begannen, uns anzugreifen, rannten die russischen Soldaten ins offene Gel\u00e4nde, um von den Drohnen entdeckt zu werden. Sie wurden selbst unter Beschuss genommen. Dann rannten die K\u00e4mpfer auf der anderen Stra\u00dfenseite in den Keller. Dort wurden sie angegriffen und unter Tr\u00fcmmern versch\u00fcttet.&#8221;<\/em><\/p>\n<\/blockquote>\n<p>Gl\u00fccklicherweise \u00fcberlebten alle Soldaten der Deckungsgruppe. Die Operation zum Abzug der Zivilisten wurde fortgesetzt.<\/p>\n<blockquote>\n<p><em>&#8220;Wir mussten durch zwei S\u00fcmpfe gehen. Sie (die russischen Soldaten \u2013 RT) trugen alte Menschen auf ihren Armen oder auf ihren R\u00fccken. Die ganze Brigade half uns heraus. Sie boten uns Essen und Trinken an, alle ware waren sehr besorgt um uns. Herzlichen Dank an die ganze Brigade. M\u00f6ge Gott sie besch\u00fctzen&#8221;, erinnern sich die Interviewten.<\/em><\/p>\n<\/blockquote>\n<p><em>\u00dcbersetzt aus dem <a rel=\"nofollow noopener\" target=\"_blank\" href=\"https:\/\/russian.rt.com\/ussr\/article\/1370843-chasov-yar-ukraina-prestupleniya-vsu-svideteli\">Russischen<\/a><\/em>.<\/p>\n<p><strong>Mehr zum Thema<\/strong> &#8211; <a rel=\"nofollow noopener\" target=\"_blank\" href=\"https:\/\/freedert.online\/europa\/149536-julia-moerderin\/\">&#8220;Halte durch, Kleines&#8221; \u2013 Julia, der Leidensweg einer unschuldig verhafteten jungen Frau<\/a><\/p>\n<div class=\"EmbedBlock-root EmbedBlock-externalVideo EmbedBlock-rumble\">\n<div class=\"VkEmbed\"><iframe class=\"lazyload\" data-src=\"https:\/\/rumble.com\/embed\/v5dcm1x\" frameborder=\"0\" width=\"853\" height=\"480\" allowfullscreen><\/iframe><\/div>\n<\/div>\n<\/div>\n<p><br \/>\n<br \/><a href=\"https:\/\/de.rt.com\/europa\/219907-vergewaltigt-und-zu-tode-gepruegelt\/\">Source link <\/a><\/p>\n","protected":false},"excerpt":{"rendered":"<p>RT hat mit Zivilisten gesprochen, die von russischen Soldaten aus der Kampfzone um Tschassow Jar evakuiert werden konnten. Was das Ehepaar Alexander und Julia berichtet, l\u00e4sst das Blut gefrieren. Dabei ist es nicht einmal ein Promille dessen, was die Ukraine im Donbass angerichtet hat. In der N\u00e4he von Tschassow Jar vergewaltigten und t\u00f6teten ukrainische Soldaten [&hellip;]<\/p>\n","protected":false},"author":3,"featured_media":69415,"comment_status":"open","ping_status":"open","sticky":false,"template":"","format":"standard","meta":{"_yoast_indexnow_last_ping":["1726920155"],"wp_automatic_camp":["217"],"d0f88f3096184f785ec60341039f37e3":["&quot;Vergewaltigt und zu Tode gepr\u00fcgelt&quot; \u2013 Evakuierte \u00fcber ukrainische Verbrechen in Tschassow Jar"],"original_link":["https:\/\/de.rt.com\/europa\/219907-vergewaltigt-und-zu-tode-gepruegelt\/"],"_thumbnail_id":["69415"],"jnews_social_counter_last_update":["1777348584"],"_wptgpro_p2tg_sent2tg":["a:1:{i:23737;s:19:\"2024-09-21 14:03:50\";}"]},"categories":[19,23],"tags":[58776,58775,37027,58774,9522,37026,139,905,140,4252],"yoast_head":"<!-- This site is optimized with the Yoast SEO Premium plugin v22.7 (Yoast SEO v22.7) - https:\/\/yoast.com\/wordpress\/plugins\/seo\/ -->\n<title>&quot;Vergewaltigt und zu Tode gepr\u00fcgelt&quot; \u2013 Evakuierte \u00fcber ukrainische Verbrechen in Tschassow Jar - just-now.NEWS Deutschland<\/title>\n<meta name=\"robots\" content=\"index, follow, max-snippet:-1, max-image-preview:large, max-video-preview:-1\" \/>\n<link rel=\"canonical\" href=\"https:\/\/now-news.de\/de\/deutschland\/vergewaltigt-und-zu-tode-gepruegelt-evakuierte-ueber-ukrainische-verbrechen-in-tschassow-jar\/\" \/>\n<meta property=\"og:locale\" content=\"de_DE\" \/>\n<meta property=\"og:type\" content=\"article\" \/>\n<meta property=\"og:title\" content=\"&quot;Vergewaltigt und zu Tode gepr\u00fcgelt&quot; \u2013 Evakuierte \u00fcber ukrainische Verbrechen in Tschassow Jar\" \/>\n<meta property=\"og:description\" content=\"RT hat mit Zivilisten gesprochen, die von russischen Soldaten aus der Kampfzone um Tschassow Jar evakuiert werden konnten. Was das Ehepaar Alexander und Julia berichtet, l\u00e4sst das Blut gefrieren. Dabei ist es nicht einmal ein Promille dessen, was die Ukraine im Donbass angerichtet hat. In der N\u00e4he von Tschassow Jar vergewaltigten und t\u00f6teten ukrainische Soldaten [&hellip;]\" \/>\n<meta property=\"og:url\" content=\"https:\/\/now-news.de\/de\/deutschland\/vergewaltigt-und-zu-tode-gepruegelt-evakuierte-ueber-ukrainische-verbrechen-in-tschassow-jar\/\" \/>\n<meta property=\"og:site_name\" content=\"just-now.NEWS Deutschland\" \/>\n<meta property=\"article:publisher\" content=\"https:\/\/www.facebook.com\/wirmachenauf\" \/>\n<meta property=\"article:published_time\" content=\"2024-09-21T11:55:05+00:00\" \/>\n<meta property=\"og:image\" content=\"https:\/\/now-news.de\/de\/wp-content\/uploads\/sites\/3\/2024\/09\/66edd0bdb480cc541d5646db.JPG\" \/>\n<meta name=\"author\" content=\"rtnews\" \/>\n<meta name=\"twitter:card\" content=\"summary_large_image\" \/>\n<meta name=\"twitter:creator\" content=\"@WirMachenAuf_de\" \/>\n<meta name=\"twitter:site\" content=\"@WirMachenAuf_de\" \/>\n<meta name=\"twitter:label1\" content=\"Verfasst von\" \/>\n\t<meta name=\"twitter:data1\" content=\"rtnews\" \/>\n\t<meta name=\"twitter:label2\" content=\"Gesch\u00e4tzte Lesezeit\" \/>\n\t<meta name=\"twitter:data2\" content=\"7\u00a0Minuten\" \/>\n<script type=\"application\/ld+json\" class=\"yoast-schema-graph\">{\"@context\":\"https:\/\/schema.org\",\"@graph\":[{\"@type\":\"Article\",\"@id\":\"https:\/\/now-news.de\/de\/deutschland\/vergewaltigt-und-zu-tode-gepruegelt-evakuierte-ueber-ukrainische-verbrechen-in-tschassow-jar\/#article\",\"isPartOf\":{\"@id\":\"https:\/\/now-news.de\/de\/deutschland\/vergewaltigt-und-zu-tode-gepruegelt-evakuierte-ueber-ukrainische-verbrechen-in-tschassow-jar\/\"},\"author\":{\"name\":\"rtnews\",\"@id\":\"https:\/\/now-news.de\/de\/#\/schema\/person\/fb534a4e865501d8b3285208df34a9b5\"},\"headline\":\"&quot;Vergewaltigt und zu Tode gepr\u00fcgelt&quot; \u2013 Evakuierte \u00fcber ukrainische Verbrechen in Tschassow Jar\",\"datePublished\":\"2024-09-21T11:55:05+00:00\",\"dateModified\":\"2024-09-21T11:55:05+00:00\",\"mainEntityOfPage\":{\"@id\":\"https:\/\/now-news.de\/de\/deutschland\/vergewaltigt-und-zu-tode-gepruegelt-evakuierte-ueber-ukrainische-verbrechen-in-tschassow-jar\/\"},\"wordCount\":1465,\"commentCount\":0,\"publisher\":{\"@id\":\"https:\/\/now-news.de\/de\/#organization\"},\"image\":{\"@id\":\"https:\/\/now-news.de\/de\/deutschland\/vergewaltigt-und-zu-tode-gepruegelt-evakuierte-ueber-ukrainische-verbrechen-in-tschassow-jar\/#primaryimage\"},\"thumbnailUrl\":\"https:\/\/now-news.de\/de\/wp-content\/uploads\/sites\/3\/2024\/09\/quotVergewaltigt-und-zu-Tode-gepruegeltquot-\u2013-Evakuierte-ueber-ukrainische-Verbrechen.JPG\",\"keywords\":[\"Evakuierte\",\"gepr\u00fcgeltquot\",\"Jar\",\"quotVergewaltigt\",\"Tode\",\"Tschassow\",\"\u00fcber\",\"Ukrainische\",\"und\",\"Verbrechen\"],\"articleSection\":[\"Deutschland\",\"Russland\"],\"inLanguage\":\"de\",\"potentialAction\":[{\"@type\":\"CommentAction\",\"name\":\"Comment\",\"target\":[\"https:\/\/now-news.de\/de\/deutschland\/vergewaltigt-und-zu-tode-gepruegelt-evakuierte-ueber-ukrainische-verbrechen-in-tschassow-jar\/#respond\"]}]},{\"@type\":\"WebPage\",\"@id\":\"https:\/\/now-news.de\/de\/deutschland\/vergewaltigt-und-zu-tode-gepruegelt-evakuierte-ueber-ukrainische-verbrechen-in-tschassow-jar\/\",\"url\":\"https:\/\/now-news.de\/de\/deutschland\/vergewaltigt-und-zu-tode-gepruegelt-evakuierte-ueber-ukrainische-verbrechen-in-tschassow-jar\/\",\"name\":\"&quot;Vergewaltigt und zu Tode gepr\u00fcgelt&quot; \u2013 Evakuierte \u00fcber ukrainische Verbrechen in Tschassow Jar - just-now.NEWS Deutschland\",\"isPartOf\":{\"@id\":\"https:\/\/now-news.de\/de\/#website\"},\"primaryImageOfPage\":{\"@id\":\"https:\/\/now-news.de\/de\/deutschland\/vergewaltigt-und-zu-tode-gepruegelt-evakuierte-ueber-ukrainische-verbrechen-in-tschassow-jar\/#primaryimage\"},\"image\":{\"@id\":\"https:\/\/now-news.de\/de\/deutschland\/vergewaltigt-und-zu-tode-gepruegelt-evakuierte-ueber-ukrainische-verbrechen-in-tschassow-jar\/#primaryimage\"},\"thumbnailUrl\":\"https:\/\/now-news.de\/de\/wp-content\/uploads\/sites\/3\/2024\/09\/quotVergewaltigt-und-zu-Tode-gepruegeltquot-\u2013-Evakuierte-ueber-ukrainische-Verbrechen.JPG\",\"datePublished\":\"2024-09-21T11:55:05+00:00\",\"dateModified\":\"2024-09-21T11:55:05+00:00\",\"breadcrumb\":{\"@id\":\"https:\/\/now-news.de\/de\/deutschland\/vergewaltigt-und-zu-tode-gepruegelt-evakuierte-ueber-ukrainische-verbrechen-in-tschassow-jar\/#breadcrumb\"},\"inLanguage\":\"de\",\"potentialAction\":[{\"@type\":\"ReadAction\",\"target\":[\"https:\/\/now-news.de\/de\/deutschland\/vergewaltigt-und-zu-tode-gepruegelt-evakuierte-ueber-ukrainische-verbrechen-in-tschassow-jar\/\"]}]},{\"@type\":\"ImageObject\",\"inLanguage\":\"de\",\"@id\":\"https:\/\/now-news.de\/de\/deutschland\/vergewaltigt-und-zu-tode-gepruegelt-evakuierte-ueber-ukrainische-verbrechen-in-tschassow-jar\/#primaryimage\",\"url\":\"https:\/\/now-news.de\/de\/wp-content\/uploads\/sites\/3\/2024\/09\/quotVergewaltigt-und-zu-Tode-gepruegeltquot-\u2013-Evakuierte-ueber-ukrainische-Verbrechen.JPG\",\"contentUrl\":\"https:\/\/now-news.de\/de\/wp-content\/uploads\/sites\/3\/2024\/09\/quotVergewaltigt-und-zu-Tode-gepruegeltquot-\u2013-Evakuierte-ueber-ukrainische-Verbrechen.JPG\",\"width\":460,\"height\":259,\"caption\":\"&quot;Vergewaltigt und zu Tode gepr\u00fcgelt&quot; \u2013 Evakuierte \u00fcber ukrainische Verbrechen in Tschassow Jar\"},{\"@type\":\"BreadcrumbList\",\"@id\":\"https:\/\/now-news.de\/de\/deutschland\/vergewaltigt-und-zu-tode-gepruegelt-evakuierte-ueber-ukrainische-verbrechen-in-tschassow-jar\/#breadcrumb\",\"itemListElement\":[{\"@type\":\"ListItem\",\"position\":1,\"name\":\"Home\",\"item\":\"https:\/\/now-news.de\/de\/\"},{\"@type\":\"ListItem\",\"position\":2,\"name\":\"&quot;Vergewaltigt und zu Tode gepr\u00fcgelt&quot; \u2013 Evakuierte \u00fcber ukrainische Verbrechen in Tschassow Jar\"}]},{\"@type\":\"WebSite\",\"@id\":\"https:\/\/now-news.de\/de\/#website\",\"url\":\"https:\/\/now-news.de\/de\/\",\"name\":\"just-now.NEWS Deutschland\",\"description\":\"Das Portal f\u00fcr unzensierte Nachrichten aus der Welt\",\"publisher\":{\"@id\":\"https:\/\/now-news.de\/de\/#organization\"},\"potentialAction\":[{\"@type\":\"SearchAction\",\"target\":{\"@type\":\"EntryPoint\",\"urlTemplate\":\"https:\/\/now-news.de\/de\/?s={search_term_string}\"},\"query-input\":\"required name=search_term_string\"}],\"inLanguage\":\"de\"},{\"@type\":\"Organization\",\"@id\":\"https:\/\/now-news.de\/de\/#organization\",\"name\":\"Just Now News\",\"url\":\"https:\/\/now-news.de\/de\/\",\"logo\":{\"@type\":\"ImageObject\",\"inLanguage\":\"de\",\"@id\":\"https:\/\/now-news.de\/de\/#\/schema\/logo\/image\/\",\"url\":\"http:\/\/just-now.news\/de\/wp-content\/uploads\/sites\/3\/2022\/04\/logo500x500.jpg\",\"contentUrl\":\"http:\/\/just-now.news\/de\/wp-content\/uploads\/sites\/3\/2022\/04\/logo500x500.jpg\",\"width\":500,\"height\":500,\"caption\":\"Just Now News\"},\"image\":{\"@id\":\"https:\/\/now-news.de\/de\/#\/schema\/logo\/image\/\"},\"sameAs\":[\"https:\/\/www.facebook.com\/wirmachenauf\",\"https:\/\/x.com\/WirMachenAuf_de\"]},{\"@type\":\"Person\",\"@id\":\"https:\/\/now-news.de\/de\/#\/schema\/person\/fb534a4e865501d8b3285208df34a9b5\",\"name\":\"rtnews\",\"image\":{\"@type\":\"ImageObject\",\"inLanguage\":\"de\",\"@id\":\"https:\/\/now-news.de\/de\/#\/schema\/person\/image\/\",\"url\":\"https:\/\/secure.gravatar.com\/avatar\/82aafea7d8127119dd649515f56e2117?s=96&d=mm&r=g\",\"contentUrl\":\"https:\/\/secure.gravatar.com\/avatar\/82aafea7d8127119dd649515f56e2117?s=96&d=mm&r=g\",\"caption\":\"rtnews\"},\"url\":\"https:\/\/now-news.de\/de\/author\/rnews\/\"}]}<\/script>\n<!-- \/ Yoast SEO Premium plugin. -->","yoast_head_json":{"title":"&quot;Vergewaltigt und zu Tode gepr\u00fcgelt&quot; \u2013 Evakuierte \u00fcber ukrainische Verbrechen in Tschassow Jar - just-now.NEWS Deutschland","robots":{"index":"index","follow":"follow","max-snippet":"max-snippet:-1","max-image-preview":"max-image-preview:large","max-video-preview":"max-video-preview:-1"},"canonical":"https:\/\/now-news.de\/de\/deutschland\/vergewaltigt-und-zu-tode-gepruegelt-evakuierte-ueber-ukrainische-verbrechen-in-tschassow-jar\/","og_locale":"de_DE","og_type":"article","og_title":"&quot;Vergewaltigt und zu Tode gepr\u00fcgelt&quot; \u2013 Evakuierte \u00fcber ukrainische Verbrechen in Tschassow Jar","og_description":"RT hat mit Zivilisten gesprochen, die von russischen Soldaten aus der Kampfzone um Tschassow Jar evakuiert werden konnten. Was das Ehepaar Alexander und Julia berichtet, l\u00e4sst das Blut gefrieren. Dabei ist es nicht einmal ein Promille dessen, was die Ukraine im Donbass angerichtet hat. In der N\u00e4he von Tschassow Jar vergewaltigten und t\u00f6teten ukrainische Soldaten [&hellip;]","og_url":"https:\/\/now-news.de\/de\/deutschland\/vergewaltigt-und-zu-tode-gepruegelt-evakuierte-ueber-ukrainische-verbrechen-in-tschassow-jar\/","og_site_name":"just-now.NEWS Deutschland","article_publisher":"https:\/\/www.facebook.com\/wirmachenauf","article_published_time":"2024-09-21T11:55:05+00:00","og_image":[{"url":"https:\/\/now-news.de\/de\/wp-content\/uploads\/sites\/3\/2024\/09\/66edd0bdb480cc541d5646db.JPG"}],"author":"rtnews","twitter_card":"summary_large_image","twitter_creator":"@WirMachenAuf_de","twitter_site":"@WirMachenAuf_de","twitter_misc":{"Verfasst von":"rtnews","Gesch\u00e4tzte Lesezeit":"7\u00a0Minuten"},"schema":{"@context":"https:\/\/schema.org","@graph":[{"@type":"Article","@id":"https:\/\/now-news.de\/de\/deutschland\/vergewaltigt-und-zu-tode-gepruegelt-evakuierte-ueber-ukrainische-verbrechen-in-tschassow-jar\/#article","isPartOf":{"@id":"https:\/\/now-news.de\/de\/deutschland\/vergewaltigt-und-zu-tode-gepruegelt-evakuierte-ueber-ukrainische-verbrechen-in-tschassow-jar\/"},"author":{"name":"rtnews","@id":"https:\/\/now-news.de\/de\/#\/schema\/person\/fb534a4e865501d8b3285208df34a9b5"},"headline":"&quot;Vergewaltigt und zu Tode gepr\u00fcgelt&quot; \u2013 Evakuierte \u00fcber ukrainische Verbrechen in Tschassow Jar","datePublished":"2024-09-21T11:55:05+00:00","dateModified":"2024-09-21T11:55:05+00:00","mainEntityOfPage":{"@id":"https:\/\/now-news.de\/de\/deutschland\/vergewaltigt-und-zu-tode-gepruegelt-evakuierte-ueber-ukrainische-verbrechen-in-tschassow-jar\/"},"wordCount":1465,"commentCount":0,"publisher":{"@id":"https:\/\/now-news.de\/de\/#organization"},"image":{"@id":"https:\/\/now-news.de\/de\/deutschland\/vergewaltigt-und-zu-tode-gepruegelt-evakuierte-ueber-ukrainische-verbrechen-in-tschassow-jar\/#primaryimage"},"thumbnailUrl":"https:\/\/now-news.de\/de\/wp-content\/uploads\/sites\/3\/2024\/09\/quotVergewaltigt-und-zu-Tode-gepruegeltquot-\u2013-Evakuierte-ueber-ukrainische-Verbrechen.JPG","keywords":["Evakuierte","gepr\u00fcgeltquot","Jar","quotVergewaltigt","Tode","Tschassow","\u00fcber","Ukrainische","und","Verbrechen"],"articleSection":["Deutschland","Russland"],"inLanguage":"de","potentialAction":[{"@type":"CommentAction","name":"Comment","target":["https:\/\/now-news.de\/de\/deutschland\/vergewaltigt-und-zu-tode-gepruegelt-evakuierte-ueber-ukrainische-verbrechen-in-tschassow-jar\/#respond"]}]},{"@type":"WebPage","@id":"https:\/\/now-news.de\/de\/deutschland\/vergewaltigt-und-zu-tode-gepruegelt-evakuierte-ueber-ukrainische-verbrechen-in-tschassow-jar\/","url":"https:\/\/now-news.de\/de\/deutschland\/vergewaltigt-und-zu-tode-gepruegelt-evakuierte-ueber-ukrainische-verbrechen-in-tschassow-jar\/","name":"&quot;Vergewaltigt und zu Tode gepr\u00fcgelt&quot; \u2013 Evakuierte \u00fcber ukrainische Verbrechen in Tschassow Jar - just-now.NEWS Deutschland","isPartOf":{"@id":"https:\/\/now-news.de\/de\/#website"},"primaryImageOfPage":{"@id":"https:\/\/now-news.de\/de\/deutschland\/vergewaltigt-und-zu-tode-gepruegelt-evakuierte-ueber-ukrainische-verbrechen-in-tschassow-jar\/#primaryimage"},"image":{"@id":"https:\/\/now-news.de\/de\/deutschland\/vergewaltigt-und-zu-tode-gepruegelt-evakuierte-ueber-ukrainische-verbrechen-in-tschassow-jar\/#primaryimage"},"thumbnailUrl":"https:\/\/now-news.de\/de\/wp-content\/uploads\/sites\/3\/2024\/09\/quotVergewaltigt-und-zu-Tode-gepruegeltquot-\u2013-Evakuierte-ueber-ukrainische-Verbrechen.JPG","datePublished":"2024-09-21T11:55:05+00:00","dateModified":"2024-09-21T11:55:05+00:00","breadcrumb":{"@id":"https:\/\/now-news.de\/de\/deutschland\/vergewaltigt-und-zu-tode-gepruegelt-evakuierte-ueber-ukrainische-verbrechen-in-tschassow-jar\/#breadcrumb"},"inLanguage":"de","potentialAction":[{"@type":"ReadAction","target":["https:\/\/now-news.de\/de\/deutschland\/vergewaltigt-und-zu-tode-gepruegelt-evakuierte-ueber-ukrainische-verbrechen-in-tschassow-jar\/"]}]},{"@type":"ImageObject","inLanguage":"de","@id":"https:\/\/now-news.de\/de\/deutschland\/vergewaltigt-und-zu-tode-gepruegelt-evakuierte-ueber-ukrainische-verbrechen-in-tschassow-jar\/#primaryimage","url":"https:\/\/now-news.de\/de\/wp-content\/uploads\/sites\/3\/2024\/09\/quotVergewaltigt-und-zu-Tode-gepruegeltquot-\u2013-Evakuierte-ueber-ukrainische-Verbrechen.JPG","contentUrl":"https:\/\/now-news.de\/de\/wp-content\/uploads\/sites\/3\/2024\/09\/quotVergewaltigt-und-zu-Tode-gepruegeltquot-\u2013-Evakuierte-ueber-ukrainische-Verbrechen.JPG","width":460,"height":259,"caption":"&quot;Vergewaltigt und zu Tode gepr\u00fcgelt&quot; \u2013 Evakuierte \u00fcber ukrainische Verbrechen in Tschassow Jar"},{"@type":"BreadcrumbList","@id":"https:\/\/now-news.de\/de\/deutschland\/vergewaltigt-und-zu-tode-gepruegelt-evakuierte-ueber-ukrainische-verbrechen-in-tschassow-jar\/#breadcrumb","itemListElement":[{"@type":"ListItem","position":1,"name":"Home","item":"https:\/\/now-news.de\/de\/"},{"@type":"ListItem","position":2,"name":"&quot;Vergewaltigt und zu Tode gepr\u00fcgelt&quot; \u2013 Evakuierte \u00fcber ukrainische Verbrechen in Tschassow Jar"}]},{"@type":"WebSite","@id":"https:\/\/now-news.de\/de\/#website","url":"https:\/\/now-news.de\/de\/","name":"just-now.NEWS Deutschland","description":"Das Portal f\u00fcr unzensierte Nachrichten aus der Welt","publisher":{"@id":"https:\/\/now-news.de\/de\/#organization"},"potentialAction":[{"@type":"SearchAction","target":{"@type":"EntryPoint","urlTemplate":"https:\/\/now-news.de\/de\/?s={search_term_string}"},"query-input":"required name=search_term_string"}],"inLanguage":"de"},{"@type":"Organization","@id":"https:\/\/now-news.de\/de\/#organization","name":"Just Now News","url":"https:\/\/now-news.de\/de\/","logo":{"@type":"ImageObject","inLanguage":"de","@id":"https:\/\/now-news.de\/de\/#\/schema\/logo\/image\/","url":"http:\/\/just-now.news\/de\/wp-content\/uploads\/sites\/3\/2022\/04\/logo500x500.jpg","contentUrl":"http:\/\/just-now.news\/de\/wp-content\/uploads\/sites\/3\/2022\/04\/logo500x500.jpg","width":500,"height":500,"caption":"Just Now News"},"image":{"@id":"https:\/\/now-news.de\/de\/#\/schema\/logo\/image\/"},"sameAs":["https:\/\/www.facebook.com\/wirmachenauf","https:\/\/x.com\/WirMachenAuf_de"]},{"@type":"Person","@id":"https:\/\/now-news.de\/de\/#\/schema\/person\/fb534a4e865501d8b3285208df34a9b5","name":"rtnews","image":{"@type":"ImageObject","inLanguage":"de","@id":"https:\/\/now-news.de\/de\/#\/schema\/person\/image\/","url":"https:\/\/secure.gravatar.com\/avatar\/82aafea7d8127119dd649515f56e2117?s=96&d=mm&r=g","contentUrl":"https:\/\/secure.gravatar.com\/avatar\/82aafea7d8127119dd649515f56e2117?s=96&d=mm&r=g","caption":"rtnews"},"url":"https:\/\/now-news.de\/de\/author\/rnews\/"}]}},"_links":{"self":[{"href":"https:\/\/now-news.de\/de\/wp-json\/wp\/v2\/posts\/69414"}],"collection":[{"href":"https:\/\/now-news.de\/de\/wp-json\/wp\/v2\/posts"}],"about":[{"href":"https:\/\/now-news.de\/de\/wp-json\/wp\/v2\/types\/post"}],"author":[{"embeddable":true,"href":"https:\/\/now-news.de\/de\/wp-json\/wp\/v2\/users\/3"}],"replies":[{"embeddable":true,"href":"https:\/\/now-news.de\/de\/wp-json\/wp\/v2\/comments?post=69414"}],"version-history":[{"count":0,"href":"https:\/\/now-news.de\/de\/wp-json\/wp\/v2\/posts\/69414\/revisions"}],"wp:featuredmedia":[{"embeddable":true,"href":"https:\/\/now-news.de\/de\/wp-json\/wp\/v2\/media\/69415"}],"wp:attachment":[{"href":"https:\/\/now-news.de\/de\/wp-json\/wp\/v2\/media?parent=69414"}],"wp:term":[{"taxonomy":"category","embeddable":true,"href":"https:\/\/now-news.de\/de\/wp-json\/wp\/v2\/categories?post=69414"},{"taxonomy":"post_tag","embeddable":true,"href":"https:\/\/now-news.de\/de\/wp-json\/wp\/v2\/tags?post=69414"}],"curies":[{"name":"wp","href":"https:\/\/api.w.org\/{rel}","templated":true}]}}