{"id":69378,"date":"2024-09-20T20:35:49","date_gmt":"2024-09-20T18:35:49","guid":{"rendered":"https:\/\/now-news.de\/de\/deutschland\/e-mobilitaet-nachfrageeinbruch-bedroht-branche-habeck-ohne-konzept\/"},"modified":"2024-09-20T20:35:49","modified_gmt":"2024-09-20T18:35:49","slug":"e-mobilitaet-nachfrageeinbruch-bedroht-branche-habeck-ohne-konzept","status":"publish","type":"post","link":"https:\/\/now-news.de\/de\/deutschland\/e-mobilitaet-nachfrageeinbruch-bedroht-branche-habeck-ohne-konzept\/","title":{"rendered":"E-Mobilit\u00e4t: Nachfrageeinbruch bedroht Branche \u2013 Habeck ohne Konzept"},"content":{"rendered":"<p><img decoding=\"async\" src=\"https:\/\/now-news.de\/de\/wp-content\/uploads\/sites\/3\/2024\/09\/66ed89a5b480cc7c9d5ee590.jpg\" \/><\/p>\n<div class=\"Text-root Text-type_1 \">\n                Die Nachfrage nach E-Autos ist dramatisch eingebrochen. Dies bedroht die gesamte Autobranche der EU. Die Ursache sind unzureichender Ausbau der Ladeinfrastruktur, unsichere Lieferketten und der hohe Strompreis. Minister Habeck verspricht mehr F\u00f6rderung, hat aber kein echtes Hilfe-Konzept.\n            <\/div>\n<p><\/p>\n<div class=\"Text-root Text-type_5 ArticleView-text ViewText-root \">\n<p>Die Absatzzahlen f\u00fcr E-Autos brechen ein. Der Lobbyverband der europ\u00e4ischen Autobauer ACEA erkl\u00e4rt daher die Mobilit\u00e4tswende f\u00fcr gescheitert. Die von der EU gemachten Vorgaben m\u00fcssten \u00fcberdacht werden. Die EU plant das Aus f\u00fcr den Verbrenner zum Jahr 2035. Ab da d\u00fcrfen keine neuen Fahrzeuge mehr zugelassen werden, die mit Diesel oder Benzin betrieben werden. Dar\u00fcber hinaus ist eine sukzessive Senkung zul\u00e4ssiger Grenzwerte f\u00fcr den CO2-Aussto\u00df geplant. Die Vorgaben der EU seien nicht zu halten, meint der Lobbyverband. Der ACEA fordert daher eine Aufweichung der Regeln, sonst drohe der europ\u00e4ischen Automobilindustrie eine schwere Krise.\u00a0<\/p>\n<\/p>\n<p>Anders sieht das Wirtschaftsminister Robert Habeck (B\u00fcndnis 90\/Die Gr\u00fcnen). Bei einem Besuch im VW-Werk in Emden versprach Habeck\u00a0eine bessere F\u00f6rderung beim Kauf eines E-Autos. E-Mobilit\u00e4t sei die Zukunft, glaubt der Minister. Konkrete staatliche Hilfen f\u00fcr den angeschlagenen VW-Konzern lehnt Habeck jedoch ab. Volkswagen m\u00fcsse seine Probleme selber l\u00f6sen. Gleichzeitig forderte Habeck den Erhalt aller VW-Standorte.<\/p>\n<p>VW gilt dem ACEA als abschreckendes Beispiel. VW hat umfassend in E-Mobilit\u00e4t investiert und vertraute auf das Versprechen seitens der Politik, die daf\u00fcr notwendige Infrastruktur zur Verf\u00fcgung zu stellen. Dieses Versprechen wurde bisher nur unzureichend umgesetzt. Der Ausbau der Ladeinfrastruktur geht nur schleppend voran und korrespondiert nicht mit dem im Koalitionsvertrag festgelegten Ziel, bis 2030 mindestens 15 Millionen E-Autos auf Deutschlands Stra\u00dfen zu bringen. Zudem schrecken der hohe Strompreis und das Fehlen von gesicherten Lieferketten potenzielle K\u00e4ufer vom Griff zum E-Auto ab.\u00a0\u00a0<\/p>\n<p>Der mehr als holprige Umstieg auf E-Mobilit\u00e4t bedroht nicht nur in Deutschland, sondern EU-weit eine gro\u00dfe Anzahl von Jobs.<\/p>\n<p><strong>Mehr zum Thema<\/strong>\u00a0\u2013 <a rel=\"nofollow noopener\" target=\"_blank\" href=\"https:\/\/freedert.online\/inland\/219740-medienbericht-vw-will-bis-zu\/\">Medienbericht: VW will bis zu 30.000 Stellen in Deutschland streichen<\/a><\/p>\n<div class=\"EmbedBlock-root EmbedBlock-externalVideo EmbedBlock-rumble\">\n<div class=\"VkEmbed\"><iframe class=\"lazyload\" data-src=\"https:\/\/rumble.com\/embed\/v5d01zh\" frameborder=\"0\" width=\"853\" height=\"480\" allowfullscreen><\/iframe><\/div>\n<\/div>\n<\/div>\n<p><br \/>\n<br \/><a href=\"https:\/\/de.rt.com\/inland\/219883-e-mobilitaet-nachfrageeinbruch-bedroht-branche\/\">Source link <\/a><\/p>\n","protected":false},"excerpt":{"rendered":"<p>Die Nachfrage nach E-Autos ist dramatisch eingebrochen. Dies bedroht die gesamte Autobranche der EU. Die Ursache sind unzureichender Ausbau der Ladeinfrastruktur, unsichere Lieferketten und der hohe Strompreis. Minister Habeck verspricht mehr F\u00f6rderung, hat aber kein echtes Hilfe-Konzept. Die Absatzzahlen f\u00fcr E-Autos brechen ein. Der Lobbyverband der europ\u00e4ischen Autobauer ACEA erkl\u00e4rt daher die Mobilit\u00e4tswende f\u00fcr gescheitert. [&hellip;]<\/p>\n","protected":false},"author":3,"featured_media":69379,"comment_status":"open","ping_status":"open","sticky":false,"template":"","format":"standard","meta":{"_yoast_indexnow_last_ping":["1726858185"],"wp_automatic_camp":["217"],"81822f2368dad3504af64fe994e73694":["E-Mobilit\u00e4t: Nachfrageeinbruch bedroht Branche \u2013 Habeck ohne Konzept"],"original_link":["https:\/\/de.rt.com\/inland\/219883-e-mobilitaet-nachfrageeinbruch-bedroht-branche\/"],"_thumbnail_id":["69379"],"_wptgpro_p2tg_sent2tg":["a:1:{i:23737;s:19:\"2024-09-20 20:50:46\";}"],"jnews_social_counter_last_update":["1777073322"]},"categories":[19,23],"tags":[2683,49145,35535,911,26170,58755,779],"yoast_head":"<!-- This site is optimized with the Yoast SEO Premium plugin v22.7 (Yoast SEO v22.7) - https:\/\/yoast.com\/wordpress\/plugins\/seo\/ -->\n<title>E-Mobilit\u00e4t: Nachfrageeinbruch bedroht Branche \u2013 Habeck ohne Konzept - just-now.NEWS Deutschland<\/title>\n<meta name=\"robots\" content=\"index, follow, max-snippet:-1, max-image-preview:large, max-video-preview:-1\" \/>\n<link rel=\"canonical\" href=\"https:\/\/now-news.de\/de\/deutschland\/e-mobilitaet-nachfrageeinbruch-bedroht-branche-habeck-ohne-konzept\/\" \/>\n<meta property=\"og:locale\" content=\"de_DE\" \/>\n<meta property=\"og:type\" content=\"article\" \/>\n<meta property=\"og:title\" content=\"E-Mobilit\u00e4t: Nachfrageeinbruch bedroht Branche \u2013 Habeck ohne Konzept\" \/>\n<meta property=\"og:description\" content=\"Die Nachfrage nach E-Autos ist dramatisch eingebrochen. Dies bedroht die gesamte Autobranche der EU. Die Ursache sind unzureichender Ausbau der Ladeinfrastruktur, unsichere Lieferketten und der hohe Strompreis. Minister Habeck verspricht mehr F\u00f6rderung, hat aber kein echtes Hilfe-Konzept. Die Absatzzahlen f\u00fcr E-Autos brechen ein. Der Lobbyverband der europ\u00e4ischen Autobauer ACEA erkl\u00e4rt daher die Mobilit\u00e4tswende f\u00fcr gescheitert. [&hellip;]\" \/>\n<meta property=\"og:url\" content=\"https:\/\/now-news.de\/de\/deutschland\/e-mobilitaet-nachfrageeinbruch-bedroht-branche-habeck-ohne-konzept\/\" \/>\n<meta property=\"og:site_name\" content=\"just-now.NEWS Deutschland\" \/>\n<meta property=\"article:publisher\" content=\"https:\/\/www.facebook.com\/wirmachenauf\" \/>\n<meta property=\"article:published_time\" content=\"2024-09-20T18:35:49+00:00\" \/>\n<meta property=\"og:image\" content=\"https:\/\/now-news.de\/de\/wp-content\/uploads\/sites\/3\/2024\/09\/66ed89a5b480cc7c9d5ee590.jpg\" \/>\n<meta name=\"author\" content=\"rtnews\" \/>\n<meta name=\"twitter:card\" content=\"summary_large_image\" \/>\n<meta name=\"twitter:creator\" content=\"@WirMachenAuf_de\" \/>\n<meta name=\"twitter:site\" content=\"@WirMachenAuf_de\" \/>\n<meta name=\"twitter:label1\" content=\"Verfasst von\" \/>\n\t<meta name=\"twitter:data1\" content=\"rtnews\" \/>\n\t<meta name=\"twitter:label2\" content=\"Gesch\u00e4tzte Lesezeit\" \/>\n\t<meta name=\"twitter:data2\" content=\"2\u00a0Minuten\" \/>\n<script type=\"application\/ld+json\" class=\"yoast-schema-graph\">{\"@context\":\"https:\/\/schema.org\",\"@graph\":[{\"@type\":\"Article\",\"@id\":\"https:\/\/now-news.de\/de\/deutschland\/e-mobilitaet-nachfrageeinbruch-bedroht-branche-habeck-ohne-konzept\/#article\",\"isPartOf\":{\"@id\":\"https:\/\/now-news.de\/de\/deutschland\/e-mobilitaet-nachfrageeinbruch-bedroht-branche-habeck-ohne-konzept\/\"},\"author\":{\"name\":\"rtnews\",\"@id\":\"https:\/\/now-news.de\/de\/#\/schema\/person\/fb534a4e865501d8b3285208df34a9b5\"},\"headline\":\"E-Mobilit\u00e4t: Nachfrageeinbruch bedroht Branche \u2013 Habeck ohne Konzept\",\"datePublished\":\"2024-09-20T18:35:49+00:00\",\"dateModified\":\"2024-09-20T18:35:49+00:00\",\"mainEntityOfPage\":{\"@id\":\"https:\/\/now-news.de\/de\/deutschland\/e-mobilitaet-nachfrageeinbruch-bedroht-branche-habeck-ohne-konzept\/\"},\"wordCount\":335,\"commentCount\":0,\"publisher\":{\"@id\":\"https:\/\/now-news.de\/de\/#organization\"},\"image\":{\"@id\":\"https:\/\/now-news.de\/de\/deutschland\/e-mobilitaet-nachfrageeinbruch-bedroht-branche-habeck-ohne-konzept\/#primaryimage\"},\"thumbnailUrl\":\"https:\/\/now-news.de\/de\/wp-content\/uploads\/sites\/3\/2024\/09\/E-Mobilitaet-Nachfrageeinbruch-bedroht-Branche-\u2013-Habeck-ohne-Konzept.jpg\",\"keywords\":[\"bedroht\",\"Branche\",\"EMobilit\u00e4t\",\"Habeck\",\"Konzept\",\"Nachfrageeinbruch\",\"ohne\"],\"articleSection\":[\"Deutschland\",\"Russland\"],\"inLanguage\":\"de\",\"potentialAction\":[{\"@type\":\"CommentAction\",\"name\":\"Comment\",\"target\":[\"https:\/\/now-news.de\/de\/deutschland\/e-mobilitaet-nachfrageeinbruch-bedroht-branche-habeck-ohne-konzept\/#respond\"]}]},{\"@type\":\"WebPage\",\"@id\":\"https:\/\/now-news.de\/de\/deutschland\/e-mobilitaet-nachfrageeinbruch-bedroht-branche-habeck-ohne-konzept\/\",\"url\":\"https:\/\/now-news.de\/de\/deutschland\/e-mobilitaet-nachfrageeinbruch-bedroht-branche-habeck-ohne-konzept\/\",\"name\":\"E-Mobilit\u00e4t: Nachfrageeinbruch bedroht Branche \u2013 Habeck ohne Konzept - just-now.NEWS Deutschland\",\"isPartOf\":{\"@id\":\"https:\/\/now-news.de\/de\/#website\"},\"primaryImageOfPage\":{\"@id\":\"https:\/\/now-news.de\/de\/deutschland\/e-mobilitaet-nachfrageeinbruch-bedroht-branche-habeck-ohne-konzept\/#primaryimage\"},\"image\":{\"@id\":\"https:\/\/now-news.de\/de\/deutschland\/e-mobilitaet-nachfrageeinbruch-bedroht-branche-habeck-ohne-konzept\/#primaryimage\"},\"thumbnailUrl\":\"https:\/\/now-news.de\/de\/wp-content\/uploads\/sites\/3\/2024\/09\/E-Mobilitaet-Nachfrageeinbruch-bedroht-Branche-\u2013-Habeck-ohne-Konzept.jpg\",\"datePublished\":\"2024-09-20T18:35:49+00:00\",\"dateModified\":\"2024-09-20T18:35:49+00:00\",\"breadcrumb\":{\"@id\":\"https:\/\/now-news.de\/de\/deutschland\/e-mobilitaet-nachfrageeinbruch-bedroht-branche-habeck-ohne-konzept\/#breadcrumb\"},\"inLanguage\":\"de\",\"potentialAction\":[{\"@type\":\"ReadAction\",\"target\":[\"https:\/\/now-news.de\/de\/deutschland\/e-mobilitaet-nachfrageeinbruch-bedroht-branche-habeck-ohne-konzept\/\"]}]},{\"@type\":\"ImageObject\",\"inLanguage\":\"de\",\"@id\":\"https:\/\/now-news.de\/de\/deutschland\/e-mobilitaet-nachfrageeinbruch-bedroht-branche-habeck-ohne-konzept\/#primaryimage\",\"url\":\"https:\/\/now-news.de\/de\/wp-content\/uploads\/sites\/3\/2024\/09\/E-Mobilitaet-Nachfrageeinbruch-bedroht-Branche-\u2013-Habeck-ohne-Konzept.jpg\",\"contentUrl\":\"https:\/\/now-news.de\/de\/wp-content\/uploads\/sites\/3\/2024\/09\/E-Mobilitaet-Nachfrageeinbruch-bedroht-Branche-\u2013-Habeck-ohne-Konzept.jpg\",\"width\":460,\"height\":259,\"caption\":\"E-Mobilit\u00e4t: Nachfrageeinbruch bedroht Branche \u2013 Habeck ohne Konzept\"},{\"@type\":\"BreadcrumbList\",\"@id\":\"https:\/\/now-news.de\/de\/deutschland\/e-mobilitaet-nachfrageeinbruch-bedroht-branche-habeck-ohne-konzept\/#breadcrumb\",\"itemListElement\":[{\"@type\":\"ListItem\",\"position\":1,\"name\":\"Home\",\"item\":\"https:\/\/now-news.de\/de\/\"},{\"@type\":\"ListItem\",\"position\":2,\"name\":\"E-Mobilit\u00e4t: Nachfrageeinbruch bedroht Branche \u2013 Habeck ohne Konzept\"}]},{\"@type\":\"WebSite\",\"@id\":\"https:\/\/now-news.de\/de\/#website\",\"url\":\"https:\/\/now-news.de\/de\/\",\"name\":\"just-now.NEWS Deutschland\",\"description\":\"Das Portal f\u00fcr unzensierte Nachrichten aus der Welt\",\"publisher\":{\"@id\":\"https:\/\/now-news.de\/de\/#organization\"},\"potentialAction\":[{\"@type\":\"SearchAction\",\"target\":{\"@type\":\"EntryPoint\",\"urlTemplate\":\"https:\/\/now-news.de\/de\/?s={search_term_string}\"},\"query-input\":\"required name=search_term_string\"}],\"inLanguage\":\"de\"},{\"@type\":\"Organization\",\"@id\":\"https:\/\/now-news.de\/de\/#organization\",\"name\":\"Just Now News\",\"url\":\"https:\/\/now-news.de\/de\/\",\"logo\":{\"@type\":\"ImageObject\",\"inLanguage\":\"de\",\"@id\":\"https:\/\/now-news.de\/de\/#\/schema\/logo\/image\/\",\"url\":\"http:\/\/just-now.news\/de\/wp-content\/uploads\/sites\/3\/2022\/04\/logo500x500.jpg\",\"contentUrl\":\"http:\/\/just-now.news\/de\/wp-content\/uploads\/sites\/3\/2022\/04\/logo500x500.jpg\",\"width\":500,\"height\":500,\"caption\":\"Just Now News\"},\"image\":{\"@id\":\"https:\/\/now-news.de\/de\/#\/schema\/logo\/image\/\"},\"sameAs\":[\"https:\/\/www.facebook.com\/wirmachenauf\",\"https:\/\/x.com\/WirMachenAuf_de\"]},{\"@type\":\"Person\",\"@id\":\"https:\/\/now-news.de\/de\/#\/schema\/person\/fb534a4e865501d8b3285208df34a9b5\",\"name\":\"rtnews\",\"image\":{\"@type\":\"ImageObject\",\"inLanguage\":\"de\",\"@id\":\"https:\/\/now-news.de\/de\/#\/schema\/person\/image\/\",\"url\":\"https:\/\/secure.gravatar.com\/avatar\/82aafea7d8127119dd649515f56e2117?s=96&d=mm&r=g\",\"contentUrl\":\"https:\/\/secure.gravatar.com\/avatar\/82aafea7d8127119dd649515f56e2117?s=96&d=mm&r=g\",\"caption\":\"rtnews\"},\"url\":\"https:\/\/now-news.de\/de\/author\/rnews\/\"}]}<\/script>\n<!-- \/ Yoast SEO Premium plugin. -->","yoast_head_json":{"title":"E-Mobilit\u00e4t: Nachfrageeinbruch bedroht Branche \u2013 Habeck ohne Konzept - just-now.NEWS Deutschland","robots":{"index":"index","follow":"follow","max-snippet":"max-snippet:-1","max-image-preview":"max-image-preview:large","max-video-preview":"max-video-preview:-1"},"canonical":"https:\/\/now-news.de\/de\/deutschland\/e-mobilitaet-nachfrageeinbruch-bedroht-branche-habeck-ohne-konzept\/","og_locale":"de_DE","og_type":"article","og_title":"E-Mobilit\u00e4t: Nachfrageeinbruch bedroht Branche \u2013 Habeck ohne Konzept","og_description":"Die Nachfrage nach E-Autos ist dramatisch eingebrochen. Dies bedroht die gesamte Autobranche der EU. Die Ursache sind unzureichender Ausbau der Ladeinfrastruktur, unsichere Lieferketten und der hohe Strompreis. Minister Habeck verspricht mehr F\u00f6rderung, hat aber kein echtes Hilfe-Konzept. Die Absatzzahlen f\u00fcr E-Autos brechen ein. Der Lobbyverband der europ\u00e4ischen Autobauer ACEA erkl\u00e4rt daher die Mobilit\u00e4tswende f\u00fcr gescheitert. [&hellip;]","og_url":"https:\/\/now-news.de\/de\/deutschland\/e-mobilitaet-nachfrageeinbruch-bedroht-branche-habeck-ohne-konzept\/","og_site_name":"just-now.NEWS Deutschland","article_publisher":"https:\/\/www.facebook.com\/wirmachenauf","article_published_time":"2024-09-20T18:35:49+00:00","og_image":[{"url":"https:\/\/now-news.de\/de\/wp-content\/uploads\/sites\/3\/2024\/09\/66ed89a5b480cc7c9d5ee590.jpg"}],"author":"rtnews","twitter_card":"summary_large_image","twitter_creator":"@WirMachenAuf_de","twitter_site":"@WirMachenAuf_de","twitter_misc":{"Verfasst von":"rtnews","Gesch\u00e4tzte Lesezeit":"2\u00a0Minuten"},"schema":{"@context":"https:\/\/schema.org","@graph":[{"@type":"Article","@id":"https:\/\/now-news.de\/de\/deutschland\/e-mobilitaet-nachfrageeinbruch-bedroht-branche-habeck-ohne-konzept\/#article","isPartOf":{"@id":"https:\/\/now-news.de\/de\/deutschland\/e-mobilitaet-nachfrageeinbruch-bedroht-branche-habeck-ohne-konzept\/"},"author":{"name":"rtnews","@id":"https:\/\/now-news.de\/de\/#\/schema\/person\/fb534a4e865501d8b3285208df34a9b5"},"headline":"E-Mobilit\u00e4t: Nachfrageeinbruch bedroht Branche \u2013 Habeck ohne Konzept","datePublished":"2024-09-20T18:35:49+00:00","dateModified":"2024-09-20T18:35:49+00:00","mainEntityOfPage":{"@id":"https:\/\/now-news.de\/de\/deutschland\/e-mobilitaet-nachfrageeinbruch-bedroht-branche-habeck-ohne-konzept\/"},"wordCount":335,"commentCount":0,"publisher":{"@id":"https:\/\/now-news.de\/de\/#organization"},"image":{"@id":"https:\/\/now-news.de\/de\/deutschland\/e-mobilitaet-nachfrageeinbruch-bedroht-branche-habeck-ohne-konzept\/#primaryimage"},"thumbnailUrl":"https:\/\/now-news.de\/de\/wp-content\/uploads\/sites\/3\/2024\/09\/E-Mobilitaet-Nachfrageeinbruch-bedroht-Branche-\u2013-Habeck-ohne-Konzept.jpg","keywords":["bedroht","Branche","EMobilit\u00e4t","Habeck","Konzept","Nachfrageeinbruch","ohne"],"articleSection":["Deutschland","Russland"],"inLanguage":"de","potentialAction":[{"@type":"CommentAction","name":"Comment","target":["https:\/\/now-news.de\/de\/deutschland\/e-mobilitaet-nachfrageeinbruch-bedroht-branche-habeck-ohne-konzept\/#respond"]}]},{"@type":"WebPage","@id":"https:\/\/now-news.de\/de\/deutschland\/e-mobilitaet-nachfrageeinbruch-bedroht-branche-habeck-ohne-konzept\/","url":"https:\/\/now-news.de\/de\/deutschland\/e-mobilitaet-nachfrageeinbruch-bedroht-branche-habeck-ohne-konzept\/","name":"E-Mobilit\u00e4t: Nachfrageeinbruch bedroht Branche \u2013 Habeck ohne Konzept - just-now.NEWS Deutschland","isPartOf":{"@id":"https:\/\/now-news.de\/de\/#website"},"primaryImageOfPage":{"@id":"https:\/\/now-news.de\/de\/deutschland\/e-mobilitaet-nachfrageeinbruch-bedroht-branche-habeck-ohne-konzept\/#primaryimage"},"image":{"@id":"https:\/\/now-news.de\/de\/deutschland\/e-mobilitaet-nachfrageeinbruch-bedroht-branche-habeck-ohne-konzept\/#primaryimage"},"thumbnailUrl":"https:\/\/now-news.de\/de\/wp-content\/uploads\/sites\/3\/2024\/09\/E-Mobilitaet-Nachfrageeinbruch-bedroht-Branche-\u2013-Habeck-ohne-Konzept.jpg","datePublished":"2024-09-20T18:35:49+00:00","dateModified":"2024-09-20T18:35:49+00:00","breadcrumb":{"@id":"https:\/\/now-news.de\/de\/deutschland\/e-mobilitaet-nachfrageeinbruch-bedroht-branche-habeck-ohne-konzept\/#breadcrumb"},"inLanguage":"de","potentialAction":[{"@type":"ReadAction","target":["https:\/\/now-news.de\/de\/deutschland\/e-mobilitaet-nachfrageeinbruch-bedroht-branche-habeck-ohne-konzept\/"]}]},{"@type":"ImageObject","inLanguage":"de","@id":"https:\/\/now-news.de\/de\/deutschland\/e-mobilitaet-nachfrageeinbruch-bedroht-branche-habeck-ohne-konzept\/#primaryimage","url":"https:\/\/now-news.de\/de\/wp-content\/uploads\/sites\/3\/2024\/09\/E-Mobilitaet-Nachfrageeinbruch-bedroht-Branche-\u2013-Habeck-ohne-Konzept.jpg","contentUrl":"https:\/\/now-news.de\/de\/wp-content\/uploads\/sites\/3\/2024\/09\/E-Mobilitaet-Nachfrageeinbruch-bedroht-Branche-\u2013-Habeck-ohne-Konzept.jpg","width":460,"height":259,"caption":"E-Mobilit\u00e4t: Nachfrageeinbruch bedroht Branche \u2013 Habeck ohne Konzept"},{"@type":"BreadcrumbList","@id":"https:\/\/now-news.de\/de\/deutschland\/e-mobilitaet-nachfrageeinbruch-bedroht-branche-habeck-ohne-konzept\/#breadcrumb","itemListElement":[{"@type":"ListItem","position":1,"name":"Home","item":"https:\/\/now-news.de\/de\/"},{"@type":"ListItem","position":2,"name":"E-Mobilit\u00e4t: Nachfrageeinbruch bedroht Branche \u2013 Habeck ohne Konzept"}]},{"@type":"WebSite","@id":"https:\/\/now-news.de\/de\/#website","url":"https:\/\/now-news.de\/de\/","name":"just-now.NEWS Deutschland","description":"Das Portal f\u00fcr unzensierte Nachrichten aus der Welt","publisher":{"@id":"https:\/\/now-news.de\/de\/#organization"},"potentialAction":[{"@type":"SearchAction","target":{"@type":"EntryPoint","urlTemplate":"https:\/\/now-news.de\/de\/?s={search_term_string}"},"query-input":"required name=search_term_string"}],"inLanguage":"de"},{"@type":"Organization","@id":"https:\/\/now-news.de\/de\/#organization","name":"Just Now News","url":"https:\/\/now-news.de\/de\/","logo":{"@type":"ImageObject","inLanguage":"de","@id":"https:\/\/now-news.de\/de\/#\/schema\/logo\/image\/","url":"http:\/\/just-now.news\/de\/wp-content\/uploads\/sites\/3\/2022\/04\/logo500x500.jpg","contentUrl":"http:\/\/just-now.news\/de\/wp-content\/uploads\/sites\/3\/2022\/04\/logo500x500.jpg","width":500,"height":500,"caption":"Just Now News"},"image":{"@id":"https:\/\/now-news.de\/de\/#\/schema\/logo\/image\/"},"sameAs":["https:\/\/www.facebook.com\/wirmachenauf","https:\/\/x.com\/WirMachenAuf_de"]},{"@type":"Person","@id":"https:\/\/now-news.de\/de\/#\/schema\/person\/fb534a4e865501d8b3285208df34a9b5","name":"rtnews","image":{"@type":"ImageObject","inLanguage":"de","@id":"https:\/\/now-news.de\/de\/#\/schema\/person\/image\/","url":"https:\/\/secure.gravatar.com\/avatar\/82aafea7d8127119dd649515f56e2117?s=96&d=mm&r=g","contentUrl":"https:\/\/secure.gravatar.com\/avatar\/82aafea7d8127119dd649515f56e2117?s=96&d=mm&r=g","caption":"rtnews"},"url":"https:\/\/now-news.de\/de\/author\/rnews\/"}]}},"_links":{"self":[{"href":"https:\/\/now-news.de\/de\/wp-json\/wp\/v2\/posts\/69378"}],"collection":[{"href":"https:\/\/now-news.de\/de\/wp-json\/wp\/v2\/posts"}],"about":[{"href":"https:\/\/now-news.de\/de\/wp-json\/wp\/v2\/types\/post"}],"author":[{"embeddable":true,"href":"https:\/\/now-news.de\/de\/wp-json\/wp\/v2\/users\/3"}],"replies":[{"embeddable":true,"href":"https:\/\/now-news.de\/de\/wp-json\/wp\/v2\/comments?post=69378"}],"version-history":[{"count":0,"href":"https:\/\/now-news.de\/de\/wp-json\/wp\/v2\/posts\/69378\/revisions"}],"wp:featuredmedia":[{"embeddable":true,"href":"https:\/\/now-news.de\/de\/wp-json\/wp\/v2\/media\/69379"}],"wp:attachment":[{"href":"https:\/\/now-news.de\/de\/wp-json\/wp\/v2\/media?parent=69378"}],"wp:term":[{"taxonomy":"category","embeddable":true,"href":"https:\/\/now-news.de\/de\/wp-json\/wp\/v2\/categories?post=69378"},{"taxonomy":"post_tag","embeddable":true,"href":"https:\/\/now-news.de\/de\/wp-json\/wp\/v2\/tags?post=69378"}],"curies":[{"name":"wp","href":"https:\/\/api.w.org\/{rel}","templated":true}]}}