{"id":69372,"date":"2024-09-20T19:20:35","date_gmt":"2024-09-20T17:20:35","guid":{"rendered":"https:\/\/now-news.de\/de\/deutschland\/reaktionen-auf-pager-anschlaege-im-libanon-von-schweigen-bis-zur-offenen-verhoehnung-der-opfer\/"},"modified":"2024-09-20T19:20:35","modified_gmt":"2024-09-20T17:20:35","slug":"reaktionen-auf-pager-anschlaege-im-libanon-von-schweigen-bis-zur-offenen-verhoehnung-der-opfer","status":"publish","type":"post","link":"https:\/\/now-news.de\/de\/deutschland\/reaktionen-auf-pager-anschlaege-im-libanon-von-schweigen-bis-zur-offenen-verhoehnung-der-opfer\/","title":{"rendered":"Reaktionen auf Pager-Anschl\u00e4ge im Libanon: von Schweigen bis zur offenen Verh\u00f6hnung der Opfer"},"content":{"rendered":"<p><img decoding=\"async\" src=\"https:\/\/now-news.de\/de\/wp-content\/uploads\/sites\/3\/2024\/09\/66edaeccb480cc7d941be1bc.jpg\" \/><\/p>\n<div class=\"Text-root Text-type_1 \">\n                Bisher gibt es von der Bundesregierung keine Verurteilung der israelischen staatsterroristischen Anschl\u00e4ge gegen die Bev\u00f6lkerung des Libanon. In deutschen Medien \u00e4u\u00dfern sich Experten, Journalisten und Politiker von anerkennend f\u00fcr die Leistung des Mossad bis hin zur Verh\u00f6hnung der Opfer.\n            <\/div>\n<p><\/p>\n<div class=\"Text-root Text-type_5 ArticleView-text ViewText-root \">\n<p>Die Reaktionen in Deutschland auf die staatsterroristischen Anschl\u00e4ge, die von Israel im Libanon durchgef\u00fchrt wurden, lassen erheblichen Zweifel an der moralischen Integrit\u00e4t sowohl deutscher Politiker als auch der mit deutscher Politik verflochtenen Medien aufkommen.\u00a0<\/p>\n<p>W\u00e4hrend ein Regierungssprecher am Mittwoch ein von Georgiens Regierung erlassenes Gesetz verurteilt, das \u00f6ffentliches Werben f\u00fcr gleichgeschlechtliche Partnerschaften verbietet, gibt es auf den Anschlag mittels pr\u00e4parierter Pager im Libanon, bei dem Tausende Menschen verletzt und Dutzende get\u00f6tet wurden, bisher keine offizielle Reaktion der Bundesregierung. Daran lassen sich die Gewichtungen ermessen, nach denen die Bundesregierung ihre Au\u00dfenpolitik gestaltet.<\/p>\n<p>Auch vom Au\u00dfenministerium gibt es bisher keine konkrete Verurteilung des Angriffs, dem auch Kinder zum Opfer fielen. Im Gegenteil. W\u00e4hrend Au\u00dfenministerin Annalena Baerbock Kinder als Opfer gern in ihre Betroffenheitsrhetorik eingebaut, ver\u00f6ffentlichte sie hinsichtlich der koordinierten Anschl\u00e4ge im Libanon einen bizarren Tweet, in der sie sich selbst zum Opfer stilisiert. In den Mittelpunkt des Tweets r\u00fcckt sie ihre und die Finger\u00a0ihrer\u00a0Kollegen, die vom vielen Telefonieren im Bem\u00fchen um Frieden bereits wund seien. Sie mahnt alle Parteien zur Zur\u00fcckhaltung und unterl\u00e4sst eine klare Verurteilung der Anschl\u00e4ge.\u00a0<\/p>\n<div class=\"EmbedBlock-root EmbedBlock-twitter\">\n<div class=\"TwitterEmbed\">\n<blockquote class=\"twitter-tweet lazyload\" data-twitter=\"twitter-tweet\">\n<p lang=\"de\" dir=\"ltr\">Ich warne alle Seiten vor weiterer Eskalation in <a rel=\"nofollow noopener\" target=\"_blank\" href=\"https:\/\/twitter.com\/hashtag\/Nahost?src=hash&amp;ref_src=twsrc%5Etfw\">#Nahost<\/a>. Seit Monaten f\u00fchren wir &amp; all unsere Partner Gespr\u00e4che, telefonieren uns die Finger wund, Ringen um die kleinsten Fortschritte Richtung <a rel=\"nofollow noopener\" target=\"_blank\" href=\"https:\/\/twitter.com\/hashtag\/Stabilit%C3%A4t?src=hash&amp;ref_src=twsrc%5Etfw\">#Stabilit\u00e4t<\/a>. Schlag &amp; Gegenschlag bringen die Region keinen Millimeter zum Frieden.<\/p>\n<p>\u2014 Au\u00dfenministerin Annalena Baerbock (@ABaerbock) <a rel=\"nofollow noopener\" target=\"_blank\" href=\"https:\/\/twitter.com\/ABaerbock\/status\/1836664213294506440?ref_src=twsrc%5Etfw\">September 19, 2024<\/a><\/p><\/blockquote>\n<\/div>\n<\/div>\n<p>Ebenfalls am Mittwoch hat sich Deutschland bei einer Abstimmung zu einer Resolution in der UN-Generalversammlung enthalten. Die Resolution fordert die Umsetzung eines Urteils des Internationalen Gerichtshofs (IGH) vom Juni, das Israel zur Beendigung des Besatzungsregimes verurteilt. Mit 124 Ja-Stimmen wurde die Resolution angenommen.\u00a0<\/p>\n<p>In einer Pressemitteilung hebt das Ausw\u00e4rtige Amt hervor, dass es sowohl den IGH als auch internationales Recht respektiere. Die Enthaltung Deutschlands begr\u00fcndet das Baerbock-Ministerium damit, dass den israelischen Besatzern f\u00fcr den R\u00fcckzug eine Frist von zw\u00f6lf Monaten einger\u00e4umt wurde. Zudem lasse die Resolution Israels Recht auf Selbstverteidigung unber\u00fccksichtigt.\u00a0<\/p>\n<p><em>&#8220;Die gestern zur Abstimmung gestellte Resolution ging in mehreren wichtigen Punkten \u00fcber das Gutachten des Internationalen Gerichtshofs hinaus. So setzt sie f\u00fcr die Beendigung der Besatzung eine unrealistische Frist und l\u00e4sst au\u00dfer Acht, dass es zu einer nachhaltigen L\u00f6sung direkte Verhandlungen zwischen den Parteien braucht. Und die Resolution l\u00e4sst legitime Sicherheitsinteressen Israels unerw\u00e4hnt und ber\u00fccksichtigt sein Selbstverteidigungsrecht nicht hinreichend.&#8221;<\/em><\/p>\n<p>In der deutschen Presse wurde der Terroranschlag als genialer Schachzug gefeiert. Der Politiker Volker Beck (B\u00fcndnis 90\/Die Gr\u00fcnen) verh\u00f6hnte ebenso wie der <em>Focus<\/em>-Kolumnist Jan Fleischhauer die Opfer des Anschlags. Beide r\u00fccken Kastrationen durch in der Hosentasche explodierte Pager in den Mittelpunkt ihres Spotts. Beck verh\u00f6hnt zudem noch\u00a0Menschen muslimischen Glaubens. In diesem Zusammenhang muss hervorgehoben werden, dass Volker Beck als Gesicht der LGBT-Bewegung in seiner aktiven Phase als Politiker Respekt und Toleranz gegen\u00fcber sexuellen Minderheiten eingefordert hat \u2013 meist lautstark bis schrill. Sowohl an Respekt als auch Toleranz mangelt es ihm jedoch offenkundig selbst.<\/p>\n<p>Im wichtigsten deutschen Nachrichtenmagazin, der <em>Tagesschau<\/em>, erschien ein <a rel=\"nofollow noopener\" target=\"_blank\" href=\"https:\/\/www.tagesschau.de\/ausland\/asien\/libanon-pager-explosionen-voelkerrecht-100.html\">Beitrag<\/a>, der sich indifferent zur v\u00f6lkerrechtlichen Einordnung des Anschlags verh\u00e4lt. Dabei ist die Situation klar. Israel konnte nicht steuern, wer zum Zeitpunkt der Explosionen in unmittelbarer N\u00e4he der Pager war, und hat damit eine hohe Zahl ziviler Opfer billigend in Kauf genommen. UN-Generalsekret\u00e4r Antonio Guterres verwies darauf, dass Alltagsgegenst\u00e4nde nicht zur Waffe gemacht werden d\u00fcrften. Zudem waren die Pager so programmiert, dass sie erst mehrere Sekunden nach einem akustischen Signal explodierten, das den Eingang einer Textnachricht anzeigte. Damit sollte eine m\u00f6glichst hohe Zahl an Augenverletzungen und Erblindungen erreicht werden.\u00a0<\/p>\n<p>Der vom offiziellen Deutschland zur Schau gestellte Mangel an Empathie und das Ausbleiben einer Verurteilung des staatsterroristischen Akts wird absehbar weiter zum Ansehensverlust Deutschlands beitragen. Vor allem in arabischen L\u00e4ndern befindet sich das Ansehen Deutschlands angesichts der einseitigen Haltung im freien Fall. Aber auch andere L\u00e4nder vor allem des Globalen S\u00fcdens werfen Deutschland seit geraumer Zeit Unaufrichtigkeit und das Messen mit zweierlei Ma\u00df vor.<\/p>\n<p><strong>Mehr zum Thema<\/strong>\u00a0\u2013 <a rel=\"nofollow noopener\" target=\"_blank\" href=\"https:\/\/freedert.online\/der-nahe-osten\/219805-nach-pager-anschlag-und-nasrallah\/\">Nach Pager-Anschlag und Nasrallah-Rede: Kommt es zum hei\u00dfen Krieg?<\/a><\/p>\n<div class=\"EmbedBlock-root EmbedBlock-externalVideo EmbedBlock-rumble\">\n<div class=\"VkEmbed\"><iframe class=\"lazyload\" data-src=\"https:\/\/rumble.com\/embed\/v5da33x\" frameborder=\"0\" width=\"853\" height=\"480\" allowfullscreen><\/iframe><\/div>\n<\/div>\n<\/div>\n<p><script async src=\"https:\/\/platform.twitter.com\/widgets.js\" charset=\"utf-8\"><\/script><br \/>\n<br \/><br \/>\n<br \/><a href=\"https:\/\/de.rt.com\/inland\/219860-reaktionen-auf-pager-anschlaege-im\/\">Source link <\/a><\/p>\n","protected":false},"excerpt":{"rendered":"<p>Bisher gibt es von der Bundesregierung keine Verurteilung der israelischen staatsterroristischen Anschl\u00e4ge gegen die Bev\u00f6lkerung des Libanon. In deutschen Medien \u00e4u\u00dfern sich Experten, Journalisten und Politiker von anerkennend f\u00fcr die Leistung des Mossad bis hin zur Verh\u00f6hnung der Opfer. Die Reaktionen in Deutschland auf die staatsterroristischen Anschl\u00e4ge, die von Israel im Libanon durchgef\u00fchrt wurden, lassen [&hellip;]<\/p>\n","protected":false},"author":3,"featured_media":69373,"comment_status":"open","ping_status":"open","sticky":false,"template":"","format":"standard","meta":{"_yoast_indexnow_last_ping":["1726853273"],"wp_automatic_camp":["217"],"3a8bae8c991e1832db4abd299615dc40":["Reaktionen auf Pager-Anschl\u00e4ge im Libanon: von Schweigen bis zur offenen Verh\u00f6hnung der Opfer"],"original_link":["https:\/\/de.rt.com\/inland\/219860-reaktionen-auf-pager-anschlaege-im\/"],"_thumbnail_id":["69373"],"_wptgpro_p2tg_sent2tg":["a:1:{i:23737;s:19:\"2024-09-20 19:29:00\";}"],"jnews_social_counter_last_update":["1777511000"]},"categories":[19,23],"tags":[133,843,82,16906,13680,497,58752,20104,7393,57067,50,581],"yoast_head":"<!-- This site is optimized with the Yoast SEO Premium plugin v22.7 (Yoast SEO v22.7) - https:\/\/yoast.com\/wordpress\/plugins\/seo\/ -->\n<title>Reaktionen auf Pager-Anschl\u00e4ge im Libanon: von Schweigen bis zur offenen Verh\u00f6hnung der Opfer - just-now.NEWS Deutschland<\/title>\n<meta name=\"robots\" content=\"index, follow, max-snippet:-1, max-image-preview:large, max-video-preview:-1\" \/>\n<link rel=\"canonical\" href=\"https:\/\/now-news.de\/de\/deutschland\/reaktionen-auf-pager-anschlaege-im-libanon-von-schweigen-bis-zur-offenen-verhoehnung-der-opfer\/\" \/>\n<meta property=\"og:locale\" content=\"de_DE\" \/>\n<meta property=\"og:type\" content=\"article\" \/>\n<meta property=\"og:title\" content=\"Reaktionen auf Pager-Anschl\u00e4ge im Libanon: von Schweigen bis zur offenen Verh\u00f6hnung der Opfer\" \/>\n<meta property=\"og:description\" content=\"Bisher gibt es von der Bundesregierung keine Verurteilung der israelischen staatsterroristischen Anschl\u00e4ge gegen die Bev\u00f6lkerung des Libanon. In deutschen Medien \u00e4u\u00dfern sich Experten, Journalisten und Politiker von anerkennend f\u00fcr die Leistung des Mossad bis hin zur Verh\u00f6hnung der Opfer. Die Reaktionen in Deutschland auf die staatsterroristischen Anschl\u00e4ge, die von Israel im Libanon durchgef\u00fchrt wurden, lassen [&hellip;]\" \/>\n<meta property=\"og:url\" content=\"https:\/\/now-news.de\/de\/deutschland\/reaktionen-auf-pager-anschlaege-im-libanon-von-schweigen-bis-zur-offenen-verhoehnung-der-opfer\/\" \/>\n<meta property=\"og:site_name\" content=\"just-now.NEWS Deutschland\" \/>\n<meta property=\"article:publisher\" content=\"https:\/\/www.facebook.com\/wirmachenauf\" \/>\n<meta property=\"article:published_time\" content=\"2024-09-20T17:20:35+00:00\" \/>\n<meta property=\"og:image\" content=\"https:\/\/now-news.de\/de\/wp-content\/uploads\/sites\/3\/2024\/09\/66edaeccb480cc7d941be1bc.jpg\" \/>\n<meta name=\"author\" content=\"rtnews\" \/>\n<meta name=\"twitter:card\" content=\"summary_large_image\" \/>\n<meta name=\"twitter:creator\" content=\"@WirMachenAuf_de\" \/>\n<meta name=\"twitter:site\" content=\"@WirMachenAuf_de\" \/>\n<meta name=\"twitter:label1\" content=\"Verfasst von\" \/>\n\t<meta name=\"twitter:data1\" content=\"rtnews\" \/>\n\t<meta name=\"twitter:label2\" content=\"Gesch\u00e4tzte Lesezeit\" \/>\n\t<meta name=\"twitter:data2\" content=\"4\u00a0Minuten\" \/>\n<script type=\"application\/ld+json\" class=\"yoast-schema-graph\">{\"@context\":\"https:\/\/schema.org\",\"@graph\":[{\"@type\":\"Article\",\"@id\":\"https:\/\/now-news.de\/de\/deutschland\/reaktionen-auf-pager-anschlaege-im-libanon-von-schweigen-bis-zur-offenen-verhoehnung-der-opfer\/#article\",\"isPartOf\":{\"@id\":\"https:\/\/now-news.de\/de\/deutschland\/reaktionen-auf-pager-anschlaege-im-libanon-von-schweigen-bis-zur-offenen-verhoehnung-der-opfer\/\"},\"author\":{\"name\":\"rtnews\",\"@id\":\"https:\/\/now-news.de\/de\/#\/schema\/person\/fb534a4e865501d8b3285208df34a9b5\"},\"headline\":\"Reaktionen auf Pager-Anschl\u00e4ge im Libanon: von Schweigen bis zur offenen Verh\u00f6hnung der Opfer\",\"datePublished\":\"2024-09-20T17:20:35+00:00\",\"dateModified\":\"2024-09-20T17:20:35+00:00\",\"mainEntityOfPage\":{\"@id\":\"https:\/\/now-news.de\/de\/deutschland\/reaktionen-auf-pager-anschlaege-im-libanon-von-schweigen-bis-zur-offenen-verhoehnung-der-opfer\/\"},\"wordCount\":753,\"commentCount\":0,\"publisher\":{\"@id\":\"https:\/\/now-news.de\/de\/#organization\"},\"image\":{\"@id\":\"https:\/\/now-news.de\/de\/deutschland\/reaktionen-auf-pager-anschlaege-im-libanon-von-schweigen-bis-zur-offenen-verhoehnung-der-opfer\/#primaryimage\"},\"thumbnailUrl\":\"https:\/\/now-news.de\/de\/wp-content\/uploads\/sites\/3\/2024\/09\/Reaktionen-auf-Pager-Anschlaege-im-Libanon-von-Schweigen-bis-zur-offenen.jpg\",\"keywords\":[\"AUF\",\"bis\",\"der\",\"Libanon\",\"offenen\",\"Opfer\",\"PagerAnschl\u00e4ge\",\"Reaktionen\",\"Schweigen\",\"Verh\u00f6hnung\",\"von\",\"zur\"],\"articleSection\":[\"Deutschland\",\"Russland\"],\"inLanguage\":\"de\",\"potentialAction\":[{\"@type\":\"CommentAction\",\"name\":\"Comment\",\"target\":[\"https:\/\/now-news.de\/de\/deutschland\/reaktionen-auf-pager-anschlaege-im-libanon-von-schweigen-bis-zur-offenen-verhoehnung-der-opfer\/#respond\"]}]},{\"@type\":\"WebPage\",\"@id\":\"https:\/\/now-news.de\/de\/deutschland\/reaktionen-auf-pager-anschlaege-im-libanon-von-schweigen-bis-zur-offenen-verhoehnung-der-opfer\/\",\"url\":\"https:\/\/now-news.de\/de\/deutschland\/reaktionen-auf-pager-anschlaege-im-libanon-von-schweigen-bis-zur-offenen-verhoehnung-der-opfer\/\",\"name\":\"Reaktionen auf Pager-Anschl\u00e4ge im Libanon: von Schweigen bis zur offenen Verh\u00f6hnung der Opfer - just-now.NEWS Deutschland\",\"isPartOf\":{\"@id\":\"https:\/\/now-news.de\/de\/#website\"},\"primaryImageOfPage\":{\"@id\":\"https:\/\/now-news.de\/de\/deutschland\/reaktionen-auf-pager-anschlaege-im-libanon-von-schweigen-bis-zur-offenen-verhoehnung-der-opfer\/#primaryimage\"},\"image\":{\"@id\":\"https:\/\/now-news.de\/de\/deutschland\/reaktionen-auf-pager-anschlaege-im-libanon-von-schweigen-bis-zur-offenen-verhoehnung-der-opfer\/#primaryimage\"},\"thumbnailUrl\":\"https:\/\/now-news.de\/de\/wp-content\/uploads\/sites\/3\/2024\/09\/Reaktionen-auf-Pager-Anschlaege-im-Libanon-von-Schweigen-bis-zur-offenen.jpg\",\"datePublished\":\"2024-09-20T17:20:35+00:00\",\"dateModified\":\"2024-09-20T17:20:35+00:00\",\"breadcrumb\":{\"@id\":\"https:\/\/now-news.de\/de\/deutschland\/reaktionen-auf-pager-anschlaege-im-libanon-von-schweigen-bis-zur-offenen-verhoehnung-der-opfer\/#breadcrumb\"},\"inLanguage\":\"de\",\"potentialAction\":[{\"@type\":\"ReadAction\",\"target\":[\"https:\/\/now-news.de\/de\/deutschland\/reaktionen-auf-pager-anschlaege-im-libanon-von-schweigen-bis-zur-offenen-verhoehnung-der-opfer\/\"]}]},{\"@type\":\"ImageObject\",\"inLanguage\":\"de\",\"@id\":\"https:\/\/now-news.de\/de\/deutschland\/reaktionen-auf-pager-anschlaege-im-libanon-von-schweigen-bis-zur-offenen-verhoehnung-der-opfer\/#primaryimage\",\"url\":\"https:\/\/now-news.de\/de\/wp-content\/uploads\/sites\/3\/2024\/09\/Reaktionen-auf-Pager-Anschlaege-im-Libanon-von-Schweigen-bis-zur-offenen.jpg\",\"contentUrl\":\"https:\/\/now-news.de\/de\/wp-content\/uploads\/sites\/3\/2024\/09\/Reaktionen-auf-Pager-Anschlaege-im-Libanon-von-Schweigen-bis-zur-offenen.jpg\",\"width\":460,\"height\":259,\"caption\":\"Reaktionen auf Pager-Anschl\u00e4ge im Libanon: von Schweigen bis zur offenen Verh\u00f6hnung der Opfer\"},{\"@type\":\"BreadcrumbList\",\"@id\":\"https:\/\/now-news.de\/de\/deutschland\/reaktionen-auf-pager-anschlaege-im-libanon-von-schweigen-bis-zur-offenen-verhoehnung-der-opfer\/#breadcrumb\",\"itemListElement\":[{\"@type\":\"ListItem\",\"position\":1,\"name\":\"Home\",\"item\":\"https:\/\/now-news.de\/de\/\"},{\"@type\":\"ListItem\",\"position\":2,\"name\":\"Reaktionen auf Pager-Anschl\u00e4ge im Libanon: von Schweigen bis zur offenen Verh\u00f6hnung der Opfer\"}]},{\"@type\":\"WebSite\",\"@id\":\"https:\/\/now-news.de\/de\/#website\",\"url\":\"https:\/\/now-news.de\/de\/\",\"name\":\"just-now.NEWS Deutschland\",\"description\":\"Das Portal f\u00fcr unzensierte Nachrichten aus der Welt\",\"publisher\":{\"@id\":\"https:\/\/now-news.de\/de\/#organization\"},\"potentialAction\":[{\"@type\":\"SearchAction\",\"target\":{\"@type\":\"EntryPoint\",\"urlTemplate\":\"https:\/\/now-news.de\/de\/?s={search_term_string}\"},\"query-input\":\"required name=search_term_string\"}],\"inLanguage\":\"de\"},{\"@type\":\"Organization\",\"@id\":\"https:\/\/now-news.de\/de\/#organization\",\"name\":\"Just Now News\",\"url\":\"https:\/\/now-news.de\/de\/\",\"logo\":{\"@type\":\"ImageObject\",\"inLanguage\":\"de\",\"@id\":\"https:\/\/now-news.de\/de\/#\/schema\/logo\/image\/\",\"url\":\"http:\/\/just-now.news\/de\/wp-content\/uploads\/sites\/3\/2022\/04\/logo500x500.jpg\",\"contentUrl\":\"http:\/\/just-now.news\/de\/wp-content\/uploads\/sites\/3\/2022\/04\/logo500x500.jpg\",\"width\":500,\"height\":500,\"caption\":\"Just Now News\"},\"image\":{\"@id\":\"https:\/\/now-news.de\/de\/#\/schema\/logo\/image\/\"},\"sameAs\":[\"https:\/\/www.facebook.com\/wirmachenauf\",\"https:\/\/x.com\/WirMachenAuf_de\"]},{\"@type\":\"Person\",\"@id\":\"https:\/\/now-news.de\/de\/#\/schema\/person\/fb534a4e865501d8b3285208df34a9b5\",\"name\":\"rtnews\",\"image\":{\"@type\":\"ImageObject\",\"inLanguage\":\"de\",\"@id\":\"https:\/\/now-news.de\/de\/#\/schema\/person\/image\/\",\"url\":\"https:\/\/secure.gravatar.com\/avatar\/82aafea7d8127119dd649515f56e2117?s=96&d=mm&r=g\",\"contentUrl\":\"https:\/\/secure.gravatar.com\/avatar\/82aafea7d8127119dd649515f56e2117?s=96&d=mm&r=g\",\"caption\":\"rtnews\"},\"url\":\"https:\/\/now-news.de\/de\/author\/rnews\/\"}]}<\/script>\n<!-- \/ Yoast SEO Premium plugin. -->","yoast_head_json":{"title":"Reaktionen auf Pager-Anschl\u00e4ge im Libanon: von Schweigen bis zur offenen Verh\u00f6hnung der Opfer - just-now.NEWS Deutschland","robots":{"index":"index","follow":"follow","max-snippet":"max-snippet:-1","max-image-preview":"max-image-preview:large","max-video-preview":"max-video-preview:-1"},"canonical":"https:\/\/now-news.de\/de\/deutschland\/reaktionen-auf-pager-anschlaege-im-libanon-von-schweigen-bis-zur-offenen-verhoehnung-der-opfer\/","og_locale":"de_DE","og_type":"article","og_title":"Reaktionen auf Pager-Anschl\u00e4ge im Libanon: von Schweigen bis zur offenen Verh\u00f6hnung der Opfer","og_description":"Bisher gibt es von der Bundesregierung keine Verurteilung der israelischen staatsterroristischen Anschl\u00e4ge gegen die Bev\u00f6lkerung des Libanon. In deutschen Medien \u00e4u\u00dfern sich Experten, Journalisten und Politiker von anerkennend f\u00fcr die Leistung des Mossad bis hin zur Verh\u00f6hnung der Opfer. Die Reaktionen in Deutschland auf die staatsterroristischen Anschl\u00e4ge, die von Israel im Libanon durchgef\u00fchrt wurden, lassen [&hellip;]","og_url":"https:\/\/now-news.de\/de\/deutschland\/reaktionen-auf-pager-anschlaege-im-libanon-von-schweigen-bis-zur-offenen-verhoehnung-der-opfer\/","og_site_name":"just-now.NEWS Deutschland","article_publisher":"https:\/\/www.facebook.com\/wirmachenauf","article_published_time":"2024-09-20T17:20:35+00:00","og_image":[{"url":"https:\/\/now-news.de\/de\/wp-content\/uploads\/sites\/3\/2024\/09\/66edaeccb480cc7d941be1bc.jpg"}],"author":"rtnews","twitter_card":"summary_large_image","twitter_creator":"@WirMachenAuf_de","twitter_site":"@WirMachenAuf_de","twitter_misc":{"Verfasst von":"rtnews","Gesch\u00e4tzte Lesezeit":"4\u00a0Minuten"},"schema":{"@context":"https:\/\/schema.org","@graph":[{"@type":"Article","@id":"https:\/\/now-news.de\/de\/deutschland\/reaktionen-auf-pager-anschlaege-im-libanon-von-schweigen-bis-zur-offenen-verhoehnung-der-opfer\/#article","isPartOf":{"@id":"https:\/\/now-news.de\/de\/deutschland\/reaktionen-auf-pager-anschlaege-im-libanon-von-schweigen-bis-zur-offenen-verhoehnung-der-opfer\/"},"author":{"name":"rtnews","@id":"https:\/\/now-news.de\/de\/#\/schema\/person\/fb534a4e865501d8b3285208df34a9b5"},"headline":"Reaktionen auf Pager-Anschl\u00e4ge im Libanon: von Schweigen bis zur offenen Verh\u00f6hnung der Opfer","datePublished":"2024-09-20T17:20:35+00:00","dateModified":"2024-09-20T17:20:35+00:00","mainEntityOfPage":{"@id":"https:\/\/now-news.de\/de\/deutschland\/reaktionen-auf-pager-anschlaege-im-libanon-von-schweigen-bis-zur-offenen-verhoehnung-der-opfer\/"},"wordCount":753,"commentCount":0,"publisher":{"@id":"https:\/\/now-news.de\/de\/#organization"},"image":{"@id":"https:\/\/now-news.de\/de\/deutschland\/reaktionen-auf-pager-anschlaege-im-libanon-von-schweigen-bis-zur-offenen-verhoehnung-der-opfer\/#primaryimage"},"thumbnailUrl":"https:\/\/now-news.de\/de\/wp-content\/uploads\/sites\/3\/2024\/09\/Reaktionen-auf-Pager-Anschlaege-im-Libanon-von-Schweigen-bis-zur-offenen.jpg","keywords":["AUF","bis","der","Libanon","offenen","Opfer","PagerAnschl\u00e4ge","Reaktionen","Schweigen","Verh\u00f6hnung","von","zur"],"articleSection":["Deutschland","Russland"],"inLanguage":"de","potentialAction":[{"@type":"CommentAction","name":"Comment","target":["https:\/\/now-news.de\/de\/deutschland\/reaktionen-auf-pager-anschlaege-im-libanon-von-schweigen-bis-zur-offenen-verhoehnung-der-opfer\/#respond"]}]},{"@type":"WebPage","@id":"https:\/\/now-news.de\/de\/deutschland\/reaktionen-auf-pager-anschlaege-im-libanon-von-schweigen-bis-zur-offenen-verhoehnung-der-opfer\/","url":"https:\/\/now-news.de\/de\/deutschland\/reaktionen-auf-pager-anschlaege-im-libanon-von-schweigen-bis-zur-offenen-verhoehnung-der-opfer\/","name":"Reaktionen auf Pager-Anschl\u00e4ge im Libanon: von Schweigen bis zur offenen Verh\u00f6hnung der Opfer - just-now.NEWS Deutschland","isPartOf":{"@id":"https:\/\/now-news.de\/de\/#website"},"primaryImageOfPage":{"@id":"https:\/\/now-news.de\/de\/deutschland\/reaktionen-auf-pager-anschlaege-im-libanon-von-schweigen-bis-zur-offenen-verhoehnung-der-opfer\/#primaryimage"},"image":{"@id":"https:\/\/now-news.de\/de\/deutschland\/reaktionen-auf-pager-anschlaege-im-libanon-von-schweigen-bis-zur-offenen-verhoehnung-der-opfer\/#primaryimage"},"thumbnailUrl":"https:\/\/now-news.de\/de\/wp-content\/uploads\/sites\/3\/2024\/09\/Reaktionen-auf-Pager-Anschlaege-im-Libanon-von-Schweigen-bis-zur-offenen.jpg","datePublished":"2024-09-20T17:20:35+00:00","dateModified":"2024-09-20T17:20:35+00:00","breadcrumb":{"@id":"https:\/\/now-news.de\/de\/deutschland\/reaktionen-auf-pager-anschlaege-im-libanon-von-schweigen-bis-zur-offenen-verhoehnung-der-opfer\/#breadcrumb"},"inLanguage":"de","potentialAction":[{"@type":"ReadAction","target":["https:\/\/now-news.de\/de\/deutschland\/reaktionen-auf-pager-anschlaege-im-libanon-von-schweigen-bis-zur-offenen-verhoehnung-der-opfer\/"]}]},{"@type":"ImageObject","inLanguage":"de","@id":"https:\/\/now-news.de\/de\/deutschland\/reaktionen-auf-pager-anschlaege-im-libanon-von-schweigen-bis-zur-offenen-verhoehnung-der-opfer\/#primaryimage","url":"https:\/\/now-news.de\/de\/wp-content\/uploads\/sites\/3\/2024\/09\/Reaktionen-auf-Pager-Anschlaege-im-Libanon-von-Schweigen-bis-zur-offenen.jpg","contentUrl":"https:\/\/now-news.de\/de\/wp-content\/uploads\/sites\/3\/2024\/09\/Reaktionen-auf-Pager-Anschlaege-im-Libanon-von-Schweigen-bis-zur-offenen.jpg","width":460,"height":259,"caption":"Reaktionen auf Pager-Anschl\u00e4ge im Libanon: von Schweigen bis zur offenen Verh\u00f6hnung der Opfer"},{"@type":"BreadcrumbList","@id":"https:\/\/now-news.de\/de\/deutschland\/reaktionen-auf-pager-anschlaege-im-libanon-von-schweigen-bis-zur-offenen-verhoehnung-der-opfer\/#breadcrumb","itemListElement":[{"@type":"ListItem","position":1,"name":"Home","item":"https:\/\/now-news.de\/de\/"},{"@type":"ListItem","position":2,"name":"Reaktionen auf Pager-Anschl\u00e4ge im Libanon: von Schweigen bis zur offenen Verh\u00f6hnung der Opfer"}]},{"@type":"WebSite","@id":"https:\/\/now-news.de\/de\/#website","url":"https:\/\/now-news.de\/de\/","name":"just-now.NEWS Deutschland","description":"Das Portal f\u00fcr unzensierte Nachrichten aus der Welt","publisher":{"@id":"https:\/\/now-news.de\/de\/#organization"},"potentialAction":[{"@type":"SearchAction","target":{"@type":"EntryPoint","urlTemplate":"https:\/\/now-news.de\/de\/?s={search_term_string}"},"query-input":"required name=search_term_string"}],"inLanguage":"de"},{"@type":"Organization","@id":"https:\/\/now-news.de\/de\/#organization","name":"Just Now News","url":"https:\/\/now-news.de\/de\/","logo":{"@type":"ImageObject","inLanguage":"de","@id":"https:\/\/now-news.de\/de\/#\/schema\/logo\/image\/","url":"http:\/\/just-now.news\/de\/wp-content\/uploads\/sites\/3\/2022\/04\/logo500x500.jpg","contentUrl":"http:\/\/just-now.news\/de\/wp-content\/uploads\/sites\/3\/2022\/04\/logo500x500.jpg","width":500,"height":500,"caption":"Just Now News"},"image":{"@id":"https:\/\/now-news.de\/de\/#\/schema\/logo\/image\/"},"sameAs":["https:\/\/www.facebook.com\/wirmachenauf","https:\/\/x.com\/WirMachenAuf_de"]},{"@type":"Person","@id":"https:\/\/now-news.de\/de\/#\/schema\/person\/fb534a4e865501d8b3285208df34a9b5","name":"rtnews","image":{"@type":"ImageObject","inLanguage":"de","@id":"https:\/\/now-news.de\/de\/#\/schema\/person\/image\/","url":"https:\/\/secure.gravatar.com\/avatar\/82aafea7d8127119dd649515f56e2117?s=96&d=mm&r=g","contentUrl":"https:\/\/secure.gravatar.com\/avatar\/82aafea7d8127119dd649515f56e2117?s=96&d=mm&r=g","caption":"rtnews"},"url":"https:\/\/now-news.de\/de\/author\/rnews\/"}]}},"_links":{"self":[{"href":"https:\/\/now-news.de\/de\/wp-json\/wp\/v2\/posts\/69372"}],"collection":[{"href":"https:\/\/now-news.de\/de\/wp-json\/wp\/v2\/posts"}],"about":[{"href":"https:\/\/now-news.de\/de\/wp-json\/wp\/v2\/types\/post"}],"author":[{"embeddable":true,"href":"https:\/\/now-news.de\/de\/wp-json\/wp\/v2\/users\/3"}],"replies":[{"embeddable":true,"href":"https:\/\/now-news.de\/de\/wp-json\/wp\/v2\/comments?post=69372"}],"version-history":[{"count":0,"href":"https:\/\/now-news.de\/de\/wp-json\/wp\/v2\/posts\/69372\/revisions"}],"wp:featuredmedia":[{"embeddable":true,"href":"https:\/\/now-news.de\/de\/wp-json\/wp\/v2\/media\/69373"}],"wp:attachment":[{"href":"https:\/\/now-news.de\/de\/wp-json\/wp\/v2\/media?parent=69372"}],"wp:term":[{"taxonomy":"category","embeddable":true,"href":"https:\/\/now-news.de\/de\/wp-json\/wp\/v2\/categories?post=69372"},{"taxonomy":"post_tag","embeddable":true,"href":"https:\/\/now-news.de\/de\/wp-json\/wp\/v2\/tags?post=69372"}],"curies":[{"name":"wp","href":"https:\/\/api.w.org\/{rel}","templated":true}]}}