{"id":69362,"date":"2024-09-20T16:53:18","date_gmt":"2024-09-20T14:53:18","guid":{"rendered":"https:\/\/now-news.de\/de\/deutschland\/rainer-rupp-israels-verbrechen-gegen-die-menschlichkeit-im-libanon-und-westliche-komplizenschaft\/"},"modified":"2024-09-20T16:53:18","modified_gmt":"2024-09-20T14:53:18","slug":"rainer-rupp-israels-verbrechen-gegen-die-menschlichkeit-im-libanon-und-westliche-komplizenschaft","status":"publish","type":"post","link":"https:\/\/now-news.de\/de\/deutschland\/rainer-rupp-israels-verbrechen-gegen-die-menschlichkeit-im-libanon-und-westliche-komplizenschaft\/","title":{"rendered":"Rainer Rupp: Israels Verbrechen gegen die Menschlichkeit im Libanon und westliche Komplizenschaft"},"content":{"rendered":"<p><img decoding=\"async\" src=\"https:\/\/now-news.de\/de\/wp-content\/uploads\/sites\/3\/2024\/09\/66ed8970b480cc7c9561da50.jpg\" \/><\/p>\n<div class=\"Text-root Text-type_1 \">\n                Der israelische Pager-Angriff im Libanon zeigt, auf welch unmenschliche Tiefen der Apartheid-Staat Israel gesunken ist. Dieser Terror richtete sich nicht nur gegen die Hisbollah, sondern auch gegen \u00c4rzte, Rettungskr\u00e4fte und Kinder. Westliche Regierungen und Medien machen sich mitschuldig.\n            <\/div>\n<p><\/p>\n<div class=\"Text-root Text-type_5 ArticleView-text ViewText-root \">\n<p><em>Von\u00a0Rainer Rupp<\/em><\/p>\n<p>Die Natur dieses Angriffs, der inzwischen fast ausnahmslos dem israelischen Mossad zugeschrieben wird, war nicht nur wahllose Gewaltanwendung gegen Menschen jeden Alters und aus allen Schichten der Gesellschaft, sondern auch ein erschreckendes, besonders brutales Beispiel f\u00fcr modernen Terrorismus. Wer diese Taten verteidigt oder rechtfertigt, sei es durch direkte Unterst\u00fctzung oder durch Schweigen, ist ebenso schuldig wie die T\u00e4ter selbst.<\/p>\n<p>Der Angriff umfasste die Verwendung von Pager- und Walkie-Talkie-Ger\u00e4ten, die nicht nur von Hisbollah-K\u00e4mpfern, sondern auch von medizinischem Personal, Zivilisten und sogar Kindern benutzt wurden. Der israelische Geheimdienst Mossad, m\u00f6glicherweise mit Unterst\u00fctzung der CIA, pr\u00e4parierte diese Ger\u00e4te so, dass sie explodierten und verheerende Verletzungen verursachten.<\/p>\n<p>Das Ziel war es nicht, strategisch Feinde zu eliminieren, sondern so viele Menschen wie m\u00f6glich zu verst\u00fcmmeln und zu entstellen und so Terror im gesamten Libanon zu verbreiten. Besonders abscheulich war dieser Angriff, weil er bewusst darauf abzielte, wahllos Menschen zu verst\u00fcmmeln. Das\u00a0junge M\u00e4dchen, das freudig den summenden Pager zu ihrem Vater bringen wollte, ist ein Beispiel f\u00fcr viele andere Opfer dieser Art. Es unterstreicht die brutale Grausamkeit dieser Operation. Ihr Gesicht wurde entstellt, ihr Leben zerst\u00f6rt\u00a0\u2013 was hatte dieses Kind Israel getan?<\/p>\n<p>Diese Trag\u00f6die, der laut j\u00fcngsten Berichten aus dem Libanon an die 5.000 Menschen zum Opfer gefallen sind, ist kein Unfall, sondern sie war sorgf\u00e4ltig geplant. Mossad-Agenten verschickten laut Berichten von Opfern arabischsprachige Nachrichten an diese Pager und forderten die Empf\u00e4nger auf, sie an ihr Gesicht zu halten, kurz bevor die Ger\u00e4te explodierten. Diese kalkulierte Grausamkeit offenbart das wahre Ziel des Angriffs: Angst und Leid in gro\u00dfem Ausma\u00df zu verbreiten. Die Verantwortlichen zielten nicht auf milit\u00e4rische K\u00e4mpfer ab, da die Ger\u00e4te auch von vielen anderen Menschen benutzt wurden. Stattdessen zielten sie darauf ab, Terror wahllos zu verbreiten, ohne zwischen Soldaten, Zivilisten oder Kindern zu unterscheiden.<\/p>\n<p><strong>Ein Verbrechen gegen die Menschlichkeit<\/strong><\/p>\n<p>Die wahllose Natur dieses Angriffs stellt eine klare Verletzung des V\u00f6lkerrechts dar und ist ein Kriegsverbrechen sowie ein Verbrechen gegen die Menschlichkeit. Das humanit\u00e4re V\u00f6lkerrecht, kodifiziert in <a rel=\"nofollow noopener\" target=\"_blank\" href=\"https:\/\/www.uni-trier.de\/fileadmin\/fb5\/inst\/IEVR\/Arbeitsmaterialien\/Staatskirchenrecht\/Europa\/EuGH\/Vierter_Teil_Vereinte_Nationen_Genfer_Abkommen_zum_Schutz_von_Zivilpersonen_in_Kriegszeiten.pdf\">den Genfer Konventionen<\/a>, verbietet ausdr\u00fccklich Angriffe auf Zivilisten. Doch die Handlungen Israels zeigen in diesem Fall eine eklatante Missachtung dieser Prinzipien. Wenn ein Staat gezielt medizinisches Personal, Kinder und Zivilisten angreift, \u00fcberschreitet er die Grenze vom milit\u00e4rischen Konflikt zur terroristischen Gr\u00e4ueltat.<\/p>\n<p>Was dieses Verbrechen noch schlimmer macht, ist die Komplizenschaft westlicher Regierungen, insbesondere der Vereinigten Staaten, die entweder ein Auge vor dem\u00a0Gr\u00e4uel verschlossen oder ihn\u00a0aktiv unterst\u00fctzten. Indem sie sich weigerten, diese Taten zu verurteilen, haben sie sie de facto gebilligt. Schlimmer noch, einige haben sich sogar bem\u00fcht, Israels Handlungen zu verteidigen oder zu rechtfertigen. So hat der deutsche <em>ARD-<\/em>Regierungsfunk in seinen &#8220;<em>Tagesschau<\/em>&#8220;-<a rel=\"nofollow noopener\" target=\"_blank\" href=\"https:\/\/www.youtube.com\/watch?v=xRe2oPg3xXg\">Nachrichten am 19. September<\/a> doch tats\u00e4chlich einen angeblichen &#8220;V\u00f6lkerrechtsprofessor&#8221; gefunden, der den Zuschauern versicherte, dass die israelische Aktion aus seiner Sicht vom V\u00f6lkerrecht gedeckt sei.<\/p>\n<p><strong>Westliche Komplizenschaft und das Schweigen der Medien<\/strong><\/p>\n<p>Die Rolle der US-Regierung bei diesem Gr\u00e4uel darf nicht untersch\u00e4tzt werden. Es wird angenommen, dass die CIA m\u00f6glicherweise eine Rolle dabei gespielt hat, den Mossad bei der Durchf\u00fchrung dieses Angriffs zu unterst\u00fctzen; und selbst wenn diese Beteiligung nicht schl\u00fcssig bewiesen ist, spricht das Schweigen aus Washington B\u00e4nde. Historisch gesehen war die CIA immer wieder in verdeckte Operationen mit dem Mossad involviert, und dieser Vorfall scheint einem \u00e4hnlichen Muster zu folgen. Die Komplexit\u00e4t der Operation \u2013 von der Pr\u00e4parierung der Pager mit Sprengstoff bis hin zur Sicherstellung ihrer Auslieferung im Libanon an Hisbollah-Mitglieder und Zivilisten gleicherma\u00dfen \u2013 hat zweifellos erhebliche logistische Unterst\u00fctzung erfordert, die Israel allein m\u00f6glicherweise nicht h\u00e4tte leisten k\u00f6nnen.<\/p>\n<p>Auch die westlichen Medien spielten eine bedeutende Rolle bei der Verharmlosung dieser Gr\u00e4uel. Mainstream-Medien wie <em>CNN<\/em> deuteten an, dass die Hisbollah selbst f\u00fcr den Angriff verantwortlich sei. Indem sie die Hisbollah als am Boden liegend darstellen, weshalb sie zu &#8220;verzweifelten&#8221; Aktionen gegen Israel f\u00e4hig sei, haben die Westmedien ein Narrativ geschaffen, das Israels Handlungen als Verteidigungsma\u00dfnahmen entschuldigt. Die Realit\u00e4t ist jedoch, dass die Hisbollah nicht das prim\u00e4re Ziel war. Die Opfer waren \u00c4rzte, Rettungskr\u00e4fte und Kinder. Westliche Medien, die sich weigern, Israel zur Rechenschaft zu ziehen, machen sich der Beihilfe\u00a0zu diesem Verbrechen schuldig, indem sie die Wahrheit verschleiern und die menschlichen Trag\u00f6dien minimieren.<\/p>\n<p>Auch US-Regierungsbeamte waren schnell dabei, den Angriff zu rechtfertigen. Die offizielle Darstellung lautete, Israel verteidige sich lediglich gegen die Hisbollah, eine vertraute Rhetorik im westlichen Diskurs, wann immer israelische Aggressionen infrage gestellt werden. Doch diese Rechtfertigung h\u00e4lt den Fakten nicht stand. Der Angriff richtete sich nicht ausschlie\u00dflich gegen Hisbollah-K\u00e4mpfer; er war darauf ausgelegt, Angst in der Zivilbev\u00f6lkerung des Libanon zu verbreiten.<\/p>\n<p><strong>Ein gef\u00e4hrlicher Pr\u00e4zedenzfall<\/strong><\/p>\n<p>Zugleich schafft dieser israelische Terrorangriff einen gef\u00e4hrlichen Pr\u00e4zedenzfall f\u00fcr die Zukunft. Indem allt\u00e4gliche elektronische Ger\u00e4te wie Pager als Terrorwaffen eingesetzt werden, haben der Mossad und seine westlichen Verb\u00fcndeten die T\u00fcr f\u00fcr zuk\u00fcnftige Angriffe durch andere Gruppen, einschlie\u00dflich terroristischer Organisationen, ge\u00f6ffnet, die m\u00f6glicherweise versuchen werden, diese Taktik nachzuahmen. Die Allgegenwart elektronischer Ger\u00e4te im modernen Leben bedeutet, dass niemand vor der Bedrohung \u00e4hnlicher Angriffe sicher ist. Smartphones, Laptops, Tablets \u2013 jedes dieser Ger\u00e4te k\u00f6nnte potenziell auf \u00e4hnliche Weise in eine Waffe verwandelt werden.<\/p>\n<p>Dieser &#8220;Geist&#8221; l\u00e4sst sich nicht so leicht wieder in die Flasche zur\u00fcckstopfen. Was einst das Gebiet staatlicher Geheimdienste wie des Mossad war, k\u00f6nnte nun zum Modell f\u00fcr nichtstaatliche Akteure und Terroristen werden. Man stelle sich die Konsequenzen vor, wenn Gruppen wie ISIS , Al-Kaida\u00a0oder die Ukro-Nazis beginnen, diese Strategie zu \u00fcbernehmen, Sprengstoffe in g\u00e4ngigen Elektronikger\u00e4ten zu verstecken und sie zu benutzen, um Terror in St\u00e4dten wie London, Paris, New York oder Moskau zu verbreiten.<\/p>\n<p>Auf die Gefahr hin, mich zu wiederholen: Es ist wichtig zu unterstreichen, dass nicht nur Israel schuldig ist, dieses Kriegsverbrechen und Verbrechen gegen die Menschlichkeit begangen zu haben, sondern auch die westlichen Regierungen und Medien, die diese Handlungen verteidigen, sind mitschuldig. Indem sie solche Gr\u00e4ueltaten rechtfertigen oder entschuldigen, handeln sie als Komplizen der Verbrecher. Regierungsbeamte in den USA oder in anderen westlichen Staaten, die diese Handlungen als &#8220;Verteidigung&#8221; darstellen, decken bewusst terroristische Akte. Die Medien, die es vers\u00e4umen, ehrliche Berichterstattung zu liefern, werden zu einem Instrument des staatlich gef\u00f6rderten Terrors.<\/p>\n<p>Abschlie\u00dfend l\u00e4sst sich sagen, dass der Pager-Angriff nicht nur ein Angriff auf die Hisbollah war, sondern auf die Prinzipien menschlicher Anst\u00e4ndigkeit. Die Brutalit\u00e4t der Tat, gepaart mit der Komplizenschaft des Westens, markiert ein d\u00fcsteres Kapitel der modernen Geschichte. Wenn der Westen diese Handlungen jetzt nicht verurteilt und stoppt, k\u00f6nnte er schon bald selbst Opfer dieser Taktiken werden.<\/p>\n<p><strong>Mehr zum Thema<\/strong> &#8211; <a rel=\"nofollow noopener\" target=\"_blank\" href=\"https:\/\/dert.online\/kurzclips\/video\/219632-nicht-vom-terrorismus-zu-unterscheiden\/\">&#8220;Nicht vom Terrorismus zu unterscheiden&#8221; \u2013 Mossad mutma\u00dflich f\u00fcr Pager-Explosionen verantwortlich <\/a><\/p>\n<div class=\"EmbedBlock-root EmbedBlock-externalVideo EmbedBlock-rumble\">\n<div class=\"VkEmbed\"><iframe class=\"lazyload\" data-src=\"https:\/\/rumble.com\/embed\/v5da33x\" frameborder=\"0\" width=\"853\" height=\"480\" allowfullscreen><\/iframe><\/div>\n<\/div>\n<\/div>\n<p><br \/>\n<br \/><a href=\"https:\/\/de.rt.com\/meinung\/219826-rainer-rupp-israels-verbrechen-gegen\/\">Source link <\/a><\/p>\n","protected":false},"excerpt":{"rendered":"<p>Der israelische Pager-Angriff im Libanon zeigt, auf welch unmenschliche Tiefen der Apartheid-Staat Israel gesunken ist. Dieser Terror richtete sich nicht nur gegen die Hisbollah, sondern auch gegen \u00c4rzte, Rettungskr\u00e4fte und Kinder. Westliche Regierungen und Medien machen sich mitschuldig. Von\u00a0Rainer Rupp Die Natur dieses Angriffs, der inzwischen fast ausnahmslos dem israelischen Mossad zugeschrieben wird, war nicht [&hellip;]<\/p>\n","protected":false},"author":3,"featured_media":69363,"comment_status":"open","ping_status":"open","sticky":false,"template":"","format":"standard","meta":{"_yoast_indexnow_last_ping":["1726844591"],"wp_automatic_camp":["217"],"88762d400f895d4c505b6e96ddc49a79":["Rainer Rupp: Israels Verbrechen gegen die Menschlichkeit im Libanon und westliche Komplizenschaft"],"original_link":["https:\/\/de.rt.com\/meinung\/219826-rainer-rupp-israels-verbrechen-gegen\/"],"_thumbnail_id":["69363"],"_wptgpro_p2tg_sent2tg":["a:1:{i:23737;s:19:\"2024-09-20 17:04:22\";}"],"jnews_social_counter_last_update":["1777229811"]},"categories":[19,23],"tags":[45,278,3015,42934,16906,4253,5649,5650,140,4252,740],"yoast_head":"<!-- This site is optimized with the Yoast SEO Premium plugin v22.7 (Yoast SEO v22.7) - https:\/\/yoast.com\/wordpress\/plugins\/seo\/ -->\n<title>Rainer Rupp: Israels Verbrechen gegen die Menschlichkeit im Libanon und westliche Komplizenschaft - just-now.NEWS Deutschland<\/title>\n<meta name=\"robots\" content=\"index, follow, max-snippet:-1, max-image-preview:large, max-video-preview:-1\" \/>\n<link rel=\"canonical\" href=\"https:\/\/now-news.de\/de\/deutschland\/rainer-rupp-israels-verbrechen-gegen-die-menschlichkeit-im-libanon-und-westliche-komplizenschaft\/\" \/>\n<meta property=\"og:locale\" content=\"de_DE\" \/>\n<meta property=\"og:type\" content=\"article\" \/>\n<meta property=\"og:title\" content=\"Rainer Rupp: Israels Verbrechen gegen die Menschlichkeit im Libanon und westliche Komplizenschaft\" \/>\n<meta property=\"og:description\" content=\"Der israelische Pager-Angriff im Libanon zeigt, auf welch unmenschliche Tiefen der Apartheid-Staat Israel gesunken ist. Dieser Terror richtete sich nicht nur gegen die Hisbollah, sondern auch gegen \u00c4rzte, Rettungskr\u00e4fte und Kinder. Westliche Regierungen und Medien machen sich mitschuldig. Von\u00a0Rainer Rupp Die Natur dieses Angriffs, der inzwischen fast ausnahmslos dem israelischen Mossad zugeschrieben wird, war nicht [&hellip;]\" \/>\n<meta property=\"og:url\" content=\"https:\/\/now-news.de\/de\/deutschland\/rainer-rupp-israels-verbrechen-gegen-die-menschlichkeit-im-libanon-und-westliche-komplizenschaft\/\" \/>\n<meta property=\"og:site_name\" content=\"just-now.NEWS Deutschland\" \/>\n<meta property=\"article:publisher\" content=\"https:\/\/www.facebook.com\/wirmachenauf\" \/>\n<meta property=\"article:published_time\" content=\"2024-09-20T14:53:18+00:00\" \/>\n<meta property=\"og:image\" content=\"https:\/\/now-news.de\/de\/wp-content\/uploads\/sites\/3\/2024\/09\/66ed8970b480cc7c9561da50.jpg\" \/>\n<meta name=\"author\" content=\"rtnews\" \/>\n<meta name=\"twitter:card\" content=\"summary_large_image\" \/>\n<meta name=\"twitter:creator\" content=\"@WirMachenAuf_de\" \/>\n<meta name=\"twitter:site\" content=\"@WirMachenAuf_de\" \/>\n<meta name=\"twitter:label1\" content=\"Verfasst von\" \/>\n\t<meta name=\"twitter:data1\" content=\"rtnews\" \/>\n\t<meta name=\"twitter:label2\" content=\"Gesch\u00e4tzte Lesezeit\" \/>\n\t<meta name=\"twitter:data2\" content=\"6\u00a0Minuten\" \/>\n<script type=\"application\/ld+json\" class=\"yoast-schema-graph\">{\"@context\":\"https:\/\/schema.org\",\"@graph\":[{\"@type\":\"Article\",\"@id\":\"https:\/\/now-news.de\/de\/deutschland\/rainer-rupp-israels-verbrechen-gegen-die-menschlichkeit-im-libanon-und-westliche-komplizenschaft\/#article\",\"isPartOf\":{\"@id\":\"https:\/\/now-news.de\/de\/deutschland\/rainer-rupp-israels-verbrechen-gegen-die-menschlichkeit-im-libanon-und-westliche-komplizenschaft\/\"},\"author\":{\"name\":\"rtnews\",\"@id\":\"https:\/\/now-news.de\/de\/#\/schema\/person\/fb534a4e865501d8b3285208df34a9b5\"},\"headline\":\"Rainer Rupp: Israels Verbrechen gegen die Menschlichkeit im Libanon und westliche Komplizenschaft\",\"datePublished\":\"2024-09-20T14:53:18+00:00\",\"dateModified\":\"2024-09-20T14:53:18+00:00\",\"mainEntityOfPage\":{\"@id\":\"https:\/\/now-news.de\/de\/deutschland\/rainer-rupp-israels-verbrechen-gegen-die-menschlichkeit-im-libanon-und-westliche-komplizenschaft\/\"},\"wordCount\":1203,\"commentCount\":0,\"publisher\":{\"@id\":\"https:\/\/now-news.de\/de\/#organization\"},\"image\":{\"@id\":\"https:\/\/now-news.de\/de\/deutschland\/rainer-rupp-israels-verbrechen-gegen-die-menschlichkeit-im-libanon-und-westliche-komplizenschaft\/#primaryimage\"},\"thumbnailUrl\":\"https:\/\/now-news.de\/de\/wp-content\/uploads\/sites\/3\/2024\/09\/Rainer-Rupp-Israels-Verbrechen-gegen-die-Menschlichkeit-im-Libanon-und.jpg\",\"keywords\":[\"die\",\"gegen\",\"Israels\",\"Komplizenschaft\",\"Libanon\",\"Menschlichkeit\",\"Rainer\",\"Rupp\",\"und\",\"Verbrechen\",\"westliche\"],\"articleSection\":[\"Deutschland\",\"Russland\"],\"inLanguage\":\"de\",\"potentialAction\":[{\"@type\":\"CommentAction\",\"name\":\"Comment\",\"target\":[\"https:\/\/now-news.de\/de\/deutschland\/rainer-rupp-israels-verbrechen-gegen-die-menschlichkeit-im-libanon-und-westliche-komplizenschaft\/#respond\"]}]},{\"@type\":\"WebPage\",\"@id\":\"https:\/\/now-news.de\/de\/deutschland\/rainer-rupp-israels-verbrechen-gegen-die-menschlichkeit-im-libanon-und-westliche-komplizenschaft\/\",\"url\":\"https:\/\/now-news.de\/de\/deutschland\/rainer-rupp-israels-verbrechen-gegen-die-menschlichkeit-im-libanon-und-westliche-komplizenschaft\/\",\"name\":\"Rainer Rupp: Israels Verbrechen gegen die Menschlichkeit im Libanon und westliche Komplizenschaft - just-now.NEWS Deutschland\",\"isPartOf\":{\"@id\":\"https:\/\/now-news.de\/de\/#website\"},\"primaryImageOfPage\":{\"@id\":\"https:\/\/now-news.de\/de\/deutschland\/rainer-rupp-israels-verbrechen-gegen-die-menschlichkeit-im-libanon-und-westliche-komplizenschaft\/#primaryimage\"},\"image\":{\"@id\":\"https:\/\/now-news.de\/de\/deutschland\/rainer-rupp-israels-verbrechen-gegen-die-menschlichkeit-im-libanon-und-westliche-komplizenschaft\/#primaryimage\"},\"thumbnailUrl\":\"https:\/\/now-news.de\/de\/wp-content\/uploads\/sites\/3\/2024\/09\/Rainer-Rupp-Israels-Verbrechen-gegen-die-Menschlichkeit-im-Libanon-und.jpg\",\"datePublished\":\"2024-09-20T14:53:18+00:00\",\"dateModified\":\"2024-09-20T14:53:18+00:00\",\"breadcrumb\":{\"@id\":\"https:\/\/now-news.de\/de\/deutschland\/rainer-rupp-israels-verbrechen-gegen-die-menschlichkeit-im-libanon-und-westliche-komplizenschaft\/#breadcrumb\"},\"inLanguage\":\"de\",\"potentialAction\":[{\"@type\":\"ReadAction\",\"target\":[\"https:\/\/now-news.de\/de\/deutschland\/rainer-rupp-israels-verbrechen-gegen-die-menschlichkeit-im-libanon-und-westliche-komplizenschaft\/\"]}]},{\"@type\":\"ImageObject\",\"inLanguage\":\"de\",\"@id\":\"https:\/\/now-news.de\/de\/deutschland\/rainer-rupp-israels-verbrechen-gegen-die-menschlichkeit-im-libanon-und-westliche-komplizenschaft\/#primaryimage\",\"url\":\"https:\/\/now-news.de\/de\/wp-content\/uploads\/sites\/3\/2024\/09\/Rainer-Rupp-Israels-Verbrechen-gegen-die-Menschlichkeit-im-Libanon-und.jpg\",\"contentUrl\":\"https:\/\/now-news.de\/de\/wp-content\/uploads\/sites\/3\/2024\/09\/Rainer-Rupp-Israels-Verbrechen-gegen-die-Menschlichkeit-im-Libanon-und.jpg\",\"width\":460,\"height\":259,\"caption\":\"Rainer Rupp: Israels Verbrechen gegen die Menschlichkeit im Libanon und westliche Komplizenschaft\"},{\"@type\":\"BreadcrumbList\",\"@id\":\"https:\/\/now-news.de\/de\/deutschland\/rainer-rupp-israels-verbrechen-gegen-die-menschlichkeit-im-libanon-und-westliche-komplizenschaft\/#breadcrumb\",\"itemListElement\":[{\"@type\":\"ListItem\",\"position\":1,\"name\":\"Home\",\"item\":\"https:\/\/now-news.de\/de\/\"},{\"@type\":\"ListItem\",\"position\":2,\"name\":\"Rainer Rupp: Israels Verbrechen gegen die Menschlichkeit im Libanon und westliche Komplizenschaft\"}]},{\"@type\":\"WebSite\",\"@id\":\"https:\/\/now-news.de\/de\/#website\",\"url\":\"https:\/\/now-news.de\/de\/\",\"name\":\"just-now.NEWS Deutschland\",\"description\":\"Das Portal f\u00fcr unzensierte Nachrichten aus der Welt\",\"publisher\":{\"@id\":\"https:\/\/now-news.de\/de\/#organization\"},\"potentialAction\":[{\"@type\":\"SearchAction\",\"target\":{\"@type\":\"EntryPoint\",\"urlTemplate\":\"https:\/\/now-news.de\/de\/?s={search_term_string}\"},\"query-input\":\"required name=search_term_string\"}],\"inLanguage\":\"de\"},{\"@type\":\"Organization\",\"@id\":\"https:\/\/now-news.de\/de\/#organization\",\"name\":\"Just Now News\",\"url\":\"https:\/\/now-news.de\/de\/\",\"logo\":{\"@type\":\"ImageObject\",\"inLanguage\":\"de\",\"@id\":\"https:\/\/now-news.de\/de\/#\/schema\/logo\/image\/\",\"url\":\"http:\/\/just-now.news\/de\/wp-content\/uploads\/sites\/3\/2022\/04\/logo500x500.jpg\",\"contentUrl\":\"http:\/\/just-now.news\/de\/wp-content\/uploads\/sites\/3\/2022\/04\/logo500x500.jpg\",\"width\":500,\"height\":500,\"caption\":\"Just Now News\"},\"image\":{\"@id\":\"https:\/\/now-news.de\/de\/#\/schema\/logo\/image\/\"},\"sameAs\":[\"https:\/\/www.facebook.com\/wirmachenauf\",\"https:\/\/x.com\/WirMachenAuf_de\"]},{\"@type\":\"Person\",\"@id\":\"https:\/\/now-news.de\/de\/#\/schema\/person\/fb534a4e865501d8b3285208df34a9b5\",\"name\":\"rtnews\",\"image\":{\"@type\":\"ImageObject\",\"inLanguage\":\"de\",\"@id\":\"https:\/\/now-news.de\/de\/#\/schema\/person\/image\/\",\"url\":\"https:\/\/secure.gravatar.com\/avatar\/82aafea7d8127119dd649515f56e2117?s=96&d=mm&r=g\",\"contentUrl\":\"https:\/\/secure.gravatar.com\/avatar\/82aafea7d8127119dd649515f56e2117?s=96&d=mm&r=g\",\"caption\":\"rtnews\"},\"url\":\"https:\/\/now-news.de\/de\/author\/rnews\/\"}]}<\/script>\n<!-- \/ Yoast SEO Premium plugin. -->","yoast_head_json":{"title":"Rainer Rupp: Israels Verbrechen gegen die Menschlichkeit im Libanon und westliche Komplizenschaft - just-now.NEWS Deutschland","robots":{"index":"index","follow":"follow","max-snippet":"max-snippet:-1","max-image-preview":"max-image-preview:large","max-video-preview":"max-video-preview:-1"},"canonical":"https:\/\/now-news.de\/de\/deutschland\/rainer-rupp-israels-verbrechen-gegen-die-menschlichkeit-im-libanon-und-westliche-komplizenschaft\/","og_locale":"de_DE","og_type":"article","og_title":"Rainer Rupp: Israels Verbrechen gegen die Menschlichkeit im Libanon und westliche Komplizenschaft","og_description":"Der israelische Pager-Angriff im Libanon zeigt, auf welch unmenschliche Tiefen der Apartheid-Staat Israel gesunken ist. Dieser Terror richtete sich nicht nur gegen die Hisbollah, sondern auch gegen \u00c4rzte, Rettungskr\u00e4fte und Kinder. Westliche Regierungen und Medien machen sich mitschuldig. Von\u00a0Rainer Rupp Die Natur dieses Angriffs, der inzwischen fast ausnahmslos dem israelischen Mossad zugeschrieben wird, war nicht [&hellip;]","og_url":"https:\/\/now-news.de\/de\/deutschland\/rainer-rupp-israels-verbrechen-gegen-die-menschlichkeit-im-libanon-und-westliche-komplizenschaft\/","og_site_name":"just-now.NEWS Deutschland","article_publisher":"https:\/\/www.facebook.com\/wirmachenauf","article_published_time":"2024-09-20T14:53:18+00:00","og_image":[{"url":"https:\/\/now-news.de\/de\/wp-content\/uploads\/sites\/3\/2024\/09\/66ed8970b480cc7c9561da50.jpg"}],"author":"rtnews","twitter_card":"summary_large_image","twitter_creator":"@WirMachenAuf_de","twitter_site":"@WirMachenAuf_de","twitter_misc":{"Verfasst von":"rtnews","Gesch\u00e4tzte Lesezeit":"6\u00a0Minuten"},"schema":{"@context":"https:\/\/schema.org","@graph":[{"@type":"Article","@id":"https:\/\/now-news.de\/de\/deutschland\/rainer-rupp-israels-verbrechen-gegen-die-menschlichkeit-im-libanon-und-westliche-komplizenschaft\/#article","isPartOf":{"@id":"https:\/\/now-news.de\/de\/deutschland\/rainer-rupp-israels-verbrechen-gegen-die-menschlichkeit-im-libanon-und-westliche-komplizenschaft\/"},"author":{"name":"rtnews","@id":"https:\/\/now-news.de\/de\/#\/schema\/person\/fb534a4e865501d8b3285208df34a9b5"},"headline":"Rainer Rupp: Israels Verbrechen gegen die Menschlichkeit im Libanon und westliche Komplizenschaft","datePublished":"2024-09-20T14:53:18+00:00","dateModified":"2024-09-20T14:53:18+00:00","mainEntityOfPage":{"@id":"https:\/\/now-news.de\/de\/deutschland\/rainer-rupp-israels-verbrechen-gegen-die-menschlichkeit-im-libanon-und-westliche-komplizenschaft\/"},"wordCount":1203,"commentCount":0,"publisher":{"@id":"https:\/\/now-news.de\/de\/#organization"},"image":{"@id":"https:\/\/now-news.de\/de\/deutschland\/rainer-rupp-israels-verbrechen-gegen-die-menschlichkeit-im-libanon-und-westliche-komplizenschaft\/#primaryimage"},"thumbnailUrl":"https:\/\/now-news.de\/de\/wp-content\/uploads\/sites\/3\/2024\/09\/Rainer-Rupp-Israels-Verbrechen-gegen-die-Menschlichkeit-im-Libanon-und.jpg","keywords":["die","gegen","Israels","Komplizenschaft","Libanon","Menschlichkeit","Rainer","Rupp","und","Verbrechen","westliche"],"articleSection":["Deutschland","Russland"],"inLanguage":"de","potentialAction":[{"@type":"CommentAction","name":"Comment","target":["https:\/\/now-news.de\/de\/deutschland\/rainer-rupp-israels-verbrechen-gegen-die-menschlichkeit-im-libanon-und-westliche-komplizenschaft\/#respond"]}]},{"@type":"WebPage","@id":"https:\/\/now-news.de\/de\/deutschland\/rainer-rupp-israels-verbrechen-gegen-die-menschlichkeit-im-libanon-und-westliche-komplizenschaft\/","url":"https:\/\/now-news.de\/de\/deutschland\/rainer-rupp-israels-verbrechen-gegen-die-menschlichkeit-im-libanon-und-westliche-komplizenschaft\/","name":"Rainer Rupp: Israels Verbrechen gegen die Menschlichkeit im Libanon und westliche Komplizenschaft - just-now.NEWS Deutschland","isPartOf":{"@id":"https:\/\/now-news.de\/de\/#website"},"primaryImageOfPage":{"@id":"https:\/\/now-news.de\/de\/deutschland\/rainer-rupp-israels-verbrechen-gegen-die-menschlichkeit-im-libanon-und-westliche-komplizenschaft\/#primaryimage"},"image":{"@id":"https:\/\/now-news.de\/de\/deutschland\/rainer-rupp-israels-verbrechen-gegen-die-menschlichkeit-im-libanon-und-westliche-komplizenschaft\/#primaryimage"},"thumbnailUrl":"https:\/\/now-news.de\/de\/wp-content\/uploads\/sites\/3\/2024\/09\/Rainer-Rupp-Israels-Verbrechen-gegen-die-Menschlichkeit-im-Libanon-und.jpg","datePublished":"2024-09-20T14:53:18+00:00","dateModified":"2024-09-20T14:53:18+00:00","breadcrumb":{"@id":"https:\/\/now-news.de\/de\/deutschland\/rainer-rupp-israels-verbrechen-gegen-die-menschlichkeit-im-libanon-und-westliche-komplizenschaft\/#breadcrumb"},"inLanguage":"de","potentialAction":[{"@type":"ReadAction","target":["https:\/\/now-news.de\/de\/deutschland\/rainer-rupp-israels-verbrechen-gegen-die-menschlichkeit-im-libanon-und-westliche-komplizenschaft\/"]}]},{"@type":"ImageObject","inLanguage":"de","@id":"https:\/\/now-news.de\/de\/deutschland\/rainer-rupp-israels-verbrechen-gegen-die-menschlichkeit-im-libanon-und-westliche-komplizenschaft\/#primaryimage","url":"https:\/\/now-news.de\/de\/wp-content\/uploads\/sites\/3\/2024\/09\/Rainer-Rupp-Israels-Verbrechen-gegen-die-Menschlichkeit-im-Libanon-und.jpg","contentUrl":"https:\/\/now-news.de\/de\/wp-content\/uploads\/sites\/3\/2024\/09\/Rainer-Rupp-Israels-Verbrechen-gegen-die-Menschlichkeit-im-Libanon-und.jpg","width":460,"height":259,"caption":"Rainer Rupp: Israels Verbrechen gegen die Menschlichkeit im Libanon und westliche Komplizenschaft"},{"@type":"BreadcrumbList","@id":"https:\/\/now-news.de\/de\/deutschland\/rainer-rupp-israels-verbrechen-gegen-die-menschlichkeit-im-libanon-und-westliche-komplizenschaft\/#breadcrumb","itemListElement":[{"@type":"ListItem","position":1,"name":"Home","item":"https:\/\/now-news.de\/de\/"},{"@type":"ListItem","position":2,"name":"Rainer Rupp: Israels Verbrechen gegen die Menschlichkeit im Libanon und westliche Komplizenschaft"}]},{"@type":"WebSite","@id":"https:\/\/now-news.de\/de\/#website","url":"https:\/\/now-news.de\/de\/","name":"just-now.NEWS Deutschland","description":"Das Portal f\u00fcr unzensierte Nachrichten aus der Welt","publisher":{"@id":"https:\/\/now-news.de\/de\/#organization"},"potentialAction":[{"@type":"SearchAction","target":{"@type":"EntryPoint","urlTemplate":"https:\/\/now-news.de\/de\/?s={search_term_string}"},"query-input":"required name=search_term_string"}],"inLanguage":"de"},{"@type":"Organization","@id":"https:\/\/now-news.de\/de\/#organization","name":"Just Now News","url":"https:\/\/now-news.de\/de\/","logo":{"@type":"ImageObject","inLanguage":"de","@id":"https:\/\/now-news.de\/de\/#\/schema\/logo\/image\/","url":"http:\/\/just-now.news\/de\/wp-content\/uploads\/sites\/3\/2022\/04\/logo500x500.jpg","contentUrl":"http:\/\/just-now.news\/de\/wp-content\/uploads\/sites\/3\/2022\/04\/logo500x500.jpg","width":500,"height":500,"caption":"Just Now News"},"image":{"@id":"https:\/\/now-news.de\/de\/#\/schema\/logo\/image\/"},"sameAs":["https:\/\/www.facebook.com\/wirmachenauf","https:\/\/x.com\/WirMachenAuf_de"]},{"@type":"Person","@id":"https:\/\/now-news.de\/de\/#\/schema\/person\/fb534a4e865501d8b3285208df34a9b5","name":"rtnews","image":{"@type":"ImageObject","inLanguage":"de","@id":"https:\/\/now-news.de\/de\/#\/schema\/person\/image\/","url":"https:\/\/secure.gravatar.com\/avatar\/82aafea7d8127119dd649515f56e2117?s=96&d=mm&r=g","contentUrl":"https:\/\/secure.gravatar.com\/avatar\/82aafea7d8127119dd649515f56e2117?s=96&d=mm&r=g","caption":"rtnews"},"url":"https:\/\/now-news.de\/de\/author\/rnews\/"}]}},"_links":{"self":[{"href":"https:\/\/now-news.de\/de\/wp-json\/wp\/v2\/posts\/69362"}],"collection":[{"href":"https:\/\/now-news.de\/de\/wp-json\/wp\/v2\/posts"}],"about":[{"href":"https:\/\/now-news.de\/de\/wp-json\/wp\/v2\/types\/post"}],"author":[{"embeddable":true,"href":"https:\/\/now-news.de\/de\/wp-json\/wp\/v2\/users\/3"}],"replies":[{"embeddable":true,"href":"https:\/\/now-news.de\/de\/wp-json\/wp\/v2\/comments?post=69362"}],"version-history":[{"count":0,"href":"https:\/\/now-news.de\/de\/wp-json\/wp\/v2\/posts\/69362\/revisions"}],"wp:featuredmedia":[{"embeddable":true,"href":"https:\/\/now-news.de\/de\/wp-json\/wp\/v2\/media\/69363"}],"wp:attachment":[{"href":"https:\/\/now-news.de\/de\/wp-json\/wp\/v2\/media?parent=69362"}],"wp:term":[{"taxonomy":"category","embeddable":true,"href":"https:\/\/now-news.de\/de\/wp-json\/wp\/v2\/categories?post=69362"},{"taxonomy":"post_tag","embeddable":true,"href":"https:\/\/now-news.de\/de\/wp-json\/wp\/v2\/tags?post=69362"}],"curies":[{"name":"wp","href":"https:\/\/api.w.org\/{rel}","templated":true}]}}