{"id":69360,"date":"2024-09-20T16:40:01","date_gmt":"2024-09-20T14:40:01","guid":{"rendered":"https:\/\/now-news.de\/de\/deutschland\/bundesregierung-will-begriff-migrationshintergrund-verschwinden-lassen\/"},"modified":"2024-09-20T16:40:01","modified_gmt":"2024-09-20T14:40:01","slug":"bundesregierung-will-begriff-migrationshintergrund-verschwinden-lassen","status":"publish","type":"post","link":"https:\/\/now-news.de\/de\/deutschland\/bundesregierung-will-begriff-migrationshintergrund-verschwinden-lassen\/","title":{"rendered":"Bundesregierung will Begriff &quot;Migrationshintergrund&quot; verschwinden lassen"},"content":{"rendered":"<p><img decoding=\"async\" src=\"https:\/\/now-news.de\/de\/wp-content\/uploads\/sites\/3\/2024\/09\/66ed6374b480cc3416157251.jpg\" \/><\/p>\n<div class=\"Text-root Text-type_1 \">\n                In einem Bericht des Bundesfamilienministeriums, das von der Gr\u00fcnen Lisa Paus geleitet wird, steht die Empfehlung, den Begriff &#8220;Migrationshintergrund&#8221; k\u00fcnftig nicht mehr zu verwenden. Das Bundeskabinett lobt dies als &#8220;wertvollen Beitrag f\u00fcr die weitere Diskussion&#8221;.\n            <\/div>\n<p><\/p>\n<div class=\"Text-root Text-type_5 ArticleView-text ViewText-root \">\n<p>Wie aus einem Bericht der <em>Bild<\/em>-Zeitung hervorgeht, plant die Bundesregierung offenbar, das Wort &#8220;Migrationshintergrund&#8221; offiziell verschwinden zu lassen.<\/p>\n<p>Die Zeitung beruft sich dabei auf den j\u00fcngst vorgestellten Kinder- und Jugendbericht des Familienministeriums, das von der Gr\u00fcnen Lisa Paus geleitet wird.<\/p>\n<p>In dem Bericht empfehlen die Verfasser, den Begriff &#8220;Migrationshintergrund&#8221; nicht l\u00e4nger zu benutzen. Weiter steht dort laut <em>Bild<\/em> zu lesen:<\/p>\n<blockquote>\n<p><em>&#8220;Die Kommission hat sich im Zuge ihrer Beratungen entschieden, vom Begriff &#8216;Migrationshintergrund&#8217; weitestgehend Abstand zu nehmen, da dieser bestimmte junge Menschen zu Merkmalstr\u00e4ger:innen eines gesamtgesellschaftlichen Ph\u00e4nomens macht und damit zugleich der Vielfalt und Diversit\u00e4t junger Menschen samt ihren Bed\u00fcrfnissen und Lebenswelten nicht gerecht wird.&#8221;<\/em><\/p>\n<\/blockquote>\n<p>Laut dem Kinder- und Jugendbericht wird mittlerweile 41 Prozent der Kinder unter sechs Jahren in Deutschland &#8220;eine andere natio-ethno-kulturelle Zugeh\u00f6rigkeit zugeschrieben&#8221;.<\/p>\n<p>Demnach hatten im Jahr 2022 etwa 28,7 Prozent der in Deutschland lebenden Menschen einen &#8220;sogenannten Migrationshintergrund&#8221;.<\/p>\n<p>Das Bundeskabinett bezeichnete den Vorschlag am Mittwoch als &#8220;wertvollen Beitrag f\u00fcr die weitere Diskussion&#8221;, wie die <em>Bild<\/em> weiter berichtet.<\/p>\n<p><strong>Mehr zum Thema<\/strong> \u2013 <a rel=\"nofollow noopener\" target=\"_blank\" href=\"https:\/\/freeassange.rtde.life\/inland\/219708-gruene-und-afd-vereint-gegen\/\">Gr\u00fcne und AfD vereint gegen eine Asylunterkunft? Realit\u00e4ten im nieders\u00e4chsischen Ahlhorn <\/a><\/p>\n<div class=\"EmbedBlock-root EmbedBlock-externalVideo EmbedBlock-rumble\">\n<div class=\"VkEmbed\"><iframe class=\"lazyload\" data-src=\"https:\/\/rumble.com\/embed\/v5cxypu\" frameborder=\"0\" width=\"853\" height=\"480\" allowfullscreen><\/iframe><\/div>\n<\/div>\n<\/div>\n<p><br \/>\n<br \/><a href=\"https:\/\/de.rt.com\/inland\/219851-bundesregierung-will-begriff-migrationshintergrund-verschwinden-lassen\/\">Source link <\/a><\/p>\n","protected":false},"excerpt":{"rendered":"<p>In einem Bericht des Bundesfamilienministeriums, das von der Gr\u00fcnen Lisa Paus geleitet wird, steht die Empfehlung, den Begriff &#8220;Migrationshintergrund&#8221; k\u00fcnftig nicht mehr zu verwenden. Das Bundeskabinett lobt dies als &#8220;wertvollen Beitrag f\u00fcr die weitere Diskussion&#8221;. Wie aus einem Bericht der Bild-Zeitung hervorgeht, plant die Bundesregierung offenbar, das Wort &#8220;Migrationshintergrund&#8221; offiziell verschwinden zu lassen. Die Zeitung [&hellip;]<\/p>\n","protected":false},"author":3,"featured_media":69361,"comment_status":"open","ping_status":"open","sticky":false,"template":"","format":"standard","meta":{"_yoast_indexnow_last_ping":["1726843618"],"wp_automatic_camp":["217"],"8fcca81d17e83b00639d90cbda19f936":["Bundesregierung will Begriff &quot;Migrationshintergrund&quot; verschwinden lassen"],"original_link":["https:\/\/de.rt.com\/inland\/219851-bundesregierung-will-begriff-migrationshintergrund-verschwinden-lassen\/"],"_thumbnail_id":["69361"],"jnews_social_counter_last_update":["1788580496"],"_wptgpro_p2tg_sent2tg":["a:1:{i:23737;s:19:\"2024-09-20 16:47:59\";}"]},"categories":[19,23],"tags":[9111,3807,3340,58746,39440],"class_list":["post-69360","post","type-post","status-publish","format-standard","has-post-thumbnail","hentry","category-deutschland","category-russland","tag-begriff","tag-bundesregierung","tag-lassen","tag-quotmigrationshintergrundquot","tag-verschwinden"],"yoast_head":"<!-- This site is optimized with the Yoast SEO Premium plugin v22.7 (Yoast SEO v28.2) - https:\/\/yoast.com\/product\/yoast-seo-premium-wordpress\/ -->\n<title>Bundesregierung will Begriff &quot;Migrationshintergrund&quot; verschwinden lassen - just-now.NEWS Deutschland<\/title>\n<meta name=\"robots\" content=\"index, follow, max-snippet:-1, max-image-preview:large, max-video-preview:-1\" \/>\n<link rel=\"canonical\" href=\"https:\/\/now-news.de\/de\/deutschland\/bundesregierung-will-begriff-migrationshintergrund-verschwinden-lassen\/\" \/>\n<meta property=\"og:locale\" content=\"de_DE\" \/>\n<meta property=\"og:type\" content=\"article\" \/>\n<meta property=\"og:title\" content=\"Bundesregierung will Begriff &quot;Migrationshintergrund&quot; verschwinden lassen\" \/>\n<meta property=\"og:description\" content=\"In einem Bericht des Bundesfamilienministeriums, das von der Gr\u00fcnen Lisa Paus geleitet wird, steht die Empfehlung, den Begriff &#8220;Migrationshintergrund&#8221; k\u00fcnftig nicht mehr zu verwenden. Das Bundeskabinett lobt dies als &#8220;wertvollen Beitrag f\u00fcr die weitere Diskussion&#8221;. Wie aus einem Bericht der Bild-Zeitung hervorgeht, plant die Bundesregierung offenbar, das Wort &#8220;Migrationshintergrund&#8221; offiziell verschwinden zu lassen. Die Zeitung [&hellip;]\" \/>\n<meta property=\"og:url\" content=\"https:\/\/now-news.de\/de\/deutschland\/bundesregierung-will-begriff-migrationshintergrund-verschwinden-lassen\/\" \/>\n<meta property=\"og:site_name\" content=\"just-now.NEWS Deutschland\" \/>\n<meta property=\"article:publisher\" content=\"https:\/\/www.facebook.com\/wirmachenauf\" \/>\n<meta property=\"article:published_time\" content=\"2024-09-20T14:40:01+00:00\" \/>\n<meta property=\"og:image\" content=\"https:\/\/now-news.de\/de\/wp-content\/uploads\/sites\/3\/2024\/09\/66ed6374b480cc3416157251.jpg\" \/>\n<meta name=\"author\" content=\"rtnews\" \/>\n<meta name=\"twitter:card\" content=\"summary_large_image\" \/>\n<meta name=\"twitter:creator\" content=\"@WirMachenAuf_de\" \/>\n<meta name=\"twitter:site\" content=\"@WirMachenAuf_de\" \/>\n<meta name=\"twitter:label1\" content=\"Verfasst von\" \/>\n\t<meta name=\"twitter:data1\" content=\"rtnews\" \/>\n\t<meta name=\"twitter:label2\" content=\"Gesch\u00e4tzte Lesezeit\" \/>\n\t<meta name=\"twitter:data2\" content=\"1\u00a0Minute\" \/>\n<script type=\"application\/ld+json\" class=\"yoast-schema-graph\">{\"@context\":\"https:\\\/\\\/schema.org\",\"@graph\":[{\"@type\":\"Article\",\"@id\":\"https:\\\/\\\/now-news.de\\\/de\\\/deutschland\\\/bundesregierung-will-begriff-migrationshintergrund-verschwinden-lassen\\\/#article\",\"isPartOf\":{\"@id\":\"https:\\\/\\\/now-news.de\\\/de\\\/deutschland\\\/bundesregierung-will-begriff-migrationshintergrund-verschwinden-lassen\\\/\"},\"author\":{\"name\":\"rtnews\",\"@id\":\"https:\\\/\\\/now-news.de\\\/de\\\/#\\\/schema\\\/person\\\/fb534a4e865501d8b3285208df34a9b5\"},\"headline\":\"Bundesregierung will Begriff &quot;Migrationshintergrund&quot; verschwinden lassen\",\"datePublished\":\"2024-09-20T14:40:01+00:00\",\"mainEntityOfPage\":{\"@id\":\"https:\\\/\\\/now-news.de\\\/de\\\/deutschland\\\/bundesregierung-will-begriff-migrationshintergrund-verschwinden-lassen\\\/\"},\"wordCount\":233,\"commentCount\":0,\"publisher\":{\"@id\":\"https:\\\/\\\/now-news.de\\\/de\\\/#organization\"},\"image\":{\"@id\":\"https:\\\/\\\/now-news.de\\\/de\\\/deutschland\\\/bundesregierung-will-begriff-migrationshintergrund-verschwinden-lassen\\\/#primaryimage\"},\"thumbnailUrl\":\"https:\\\/\\\/now-news.de\\\/de\\\/wp-content\\\/uploads\\\/sites\\\/3\\\/2024\\\/09\\\/Bundesregierung-will-Begriff-quotMigrationshintergrundquot-verschwinden-lassen.jpg\",\"keywords\":[\"Begriff\",\"Bundesregierung\",\"lassen\",\"quotMigrationshintergrundquot\",\"Verschwinden\"],\"articleSection\":[\"Deutschland\",\"Russland\"],\"inLanguage\":\"de\",\"potentialAction\":[{\"@type\":\"CommentAction\",\"name\":\"Comment\",\"target\":[\"https:\\\/\\\/now-news.de\\\/de\\\/deutschland\\\/bundesregierung-will-begriff-migrationshintergrund-verschwinden-lassen\\\/#respond\"]}]},{\"@type\":\"WebPage\",\"@id\":\"https:\\\/\\\/now-news.de\\\/de\\\/deutschland\\\/bundesregierung-will-begriff-migrationshintergrund-verschwinden-lassen\\\/\",\"url\":\"https:\\\/\\\/now-news.de\\\/de\\\/deutschland\\\/bundesregierung-will-begriff-migrationshintergrund-verschwinden-lassen\\\/\",\"name\":\"Bundesregierung will Begriff &quot;Migrationshintergrund&quot; verschwinden lassen - just-now.NEWS Deutschland\",\"isPartOf\":{\"@id\":\"https:\\\/\\\/now-news.de\\\/de\\\/#website\"},\"primaryImageOfPage\":{\"@id\":\"https:\\\/\\\/now-news.de\\\/de\\\/deutschland\\\/bundesregierung-will-begriff-migrationshintergrund-verschwinden-lassen\\\/#primaryimage\"},\"image\":{\"@id\":\"https:\\\/\\\/now-news.de\\\/de\\\/deutschland\\\/bundesregierung-will-begriff-migrationshintergrund-verschwinden-lassen\\\/#primaryimage\"},\"thumbnailUrl\":\"https:\\\/\\\/now-news.de\\\/de\\\/wp-content\\\/uploads\\\/sites\\\/3\\\/2024\\\/09\\\/Bundesregierung-will-Begriff-quotMigrationshintergrundquot-verschwinden-lassen.jpg\",\"datePublished\":\"2024-09-20T14:40:01+00:00\",\"breadcrumb\":{\"@id\":\"https:\\\/\\\/now-news.de\\\/de\\\/deutschland\\\/bundesregierung-will-begriff-migrationshintergrund-verschwinden-lassen\\\/#breadcrumb\"},\"inLanguage\":\"de\",\"potentialAction\":[{\"@type\":\"ReadAction\",\"target\":[\"https:\\\/\\\/now-news.de\\\/de\\\/deutschland\\\/bundesregierung-will-begriff-migrationshintergrund-verschwinden-lassen\\\/\"]}]},{\"@type\":\"ImageObject\",\"inLanguage\":\"de\",\"@id\":\"https:\\\/\\\/now-news.de\\\/de\\\/deutschland\\\/bundesregierung-will-begriff-migrationshintergrund-verschwinden-lassen\\\/#primaryimage\",\"url\":\"https:\\\/\\\/now-news.de\\\/de\\\/wp-content\\\/uploads\\\/sites\\\/3\\\/2024\\\/09\\\/Bundesregierung-will-Begriff-quotMigrationshintergrundquot-verschwinden-lassen.jpg\",\"contentUrl\":\"https:\\\/\\\/now-news.de\\\/de\\\/wp-content\\\/uploads\\\/sites\\\/3\\\/2024\\\/09\\\/Bundesregierung-will-Begriff-quotMigrationshintergrundquot-verschwinden-lassen.jpg\",\"width\":460,\"height\":259,\"caption\":\"Bundesregierung will Begriff &quot;Migrationshintergrund&quot; verschwinden lassen\"},{\"@type\":\"BreadcrumbList\",\"@id\":\"https:\\\/\\\/now-news.de\\\/de\\\/deutschland\\\/bundesregierung-will-begriff-migrationshintergrund-verschwinden-lassen\\\/#breadcrumb\",\"itemListElement\":[{\"@type\":\"ListItem\",\"position\":1,\"name\":\"Home\",\"item\":\"https:\\\/\\\/now-news.de\\\/de\\\/\"},{\"@type\":\"ListItem\",\"position\":2,\"name\":\"Bundesregierung will Begriff &quot;Migrationshintergrund&quot; verschwinden lassen\"}]},{\"@type\":\"WebSite\",\"@id\":\"https:\\\/\\\/now-news.de\\\/de\\\/#website\",\"url\":\"https:\\\/\\\/now-news.de\\\/de\\\/\",\"name\":\"just-now.NEWS Deutschland\",\"description\":\"Das Portal f\u00fcr unzensierte Nachrichten aus der Welt\",\"publisher\":{\"@id\":\"https:\\\/\\\/now-news.de\\\/de\\\/#organization\"},\"potentialAction\":[{\"@type\":\"SearchAction\",\"target\":{\"@type\":\"EntryPoint\",\"urlTemplate\":\"https:\\\/\\\/now-news.de\\\/de\\\/?s={search_term_string}\"},\"query-input\":{\"@type\":\"PropertyValueSpecification\",\"valueRequired\":true,\"valueName\":\"search_term_string\"}}],\"inLanguage\":\"de\"},{\"@type\":\"Organization\",\"@id\":\"https:\\\/\\\/now-news.de\\\/de\\\/#organization\",\"name\":\"Just Now News\",\"url\":\"https:\\\/\\\/now-news.de\\\/de\\\/\",\"logo\":{\"@type\":\"ImageObject\",\"inLanguage\":\"de\",\"@id\":\"https:\\\/\\\/now-news.de\\\/de\\\/#\\\/schema\\\/logo\\\/image\\\/\",\"url\":\"http:\\\/\\\/just-now.news\\\/de\\\/wp-content\\\/uploads\\\/sites\\\/3\\\/2022\\\/04\\\/logo500x500.jpg\",\"contentUrl\":\"http:\\\/\\\/just-now.news\\\/de\\\/wp-content\\\/uploads\\\/sites\\\/3\\\/2022\\\/04\\\/logo500x500.jpg\",\"width\":500,\"height\":500,\"caption\":\"Just Now News\"},\"image\":{\"@id\":\"https:\\\/\\\/now-news.de\\\/de\\\/#\\\/schema\\\/logo\\\/image\\\/\"},\"sameAs\":[\"https:\\\/\\\/www.facebook.com\\\/wirmachenauf\",\"https:\\\/\\\/x.com\\\/WirMachenAuf_de\"]},{\"@type\":\"Person\",\"@id\":\"https:\\\/\\\/now-news.de\\\/de\\\/#\\\/schema\\\/person\\\/fb534a4e865501d8b3285208df34a9b5\",\"name\":\"rtnews\",\"image\":{\"@type\":\"ImageObject\",\"inLanguage\":\"de\",\"@id\":\"https:\\\/\\\/secure.gravatar.com\\\/avatar\\\/358fe31b3ab5769fea05376e1953329834cd9912cf9daf607e2af3076a1b982b?s=96&d=mm&r=g\",\"url\":\"https:\\\/\\\/secure.gravatar.com\\\/avatar\\\/358fe31b3ab5769fea05376e1953329834cd9912cf9daf607e2af3076a1b982b?s=96&d=mm&r=g\",\"contentUrl\":\"https:\\\/\\\/secure.gravatar.com\\\/avatar\\\/358fe31b3ab5769fea05376e1953329834cd9912cf9daf607e2af3076a1b982b?s=96&d=mm&r=g\",\"caption\":\"rtnews\"},\"url\":\"https:\\\/\\\/now-news.de\\\/de\\\/author\\\/rnews\\\/\"}]}<\/script>\n<!-- \/ Yoast SEO Premium plugin. -->","yoast_head_json":{"title":"Bundesregierung will Begriff &quot;Migrationshintergrund&quot; verschwinden lassen - just-now.NEWS Deutschland","robots":{"index":"index","follow":"follow","max-snippet":"max-snippet:-1","max-image-preview":"max-image-preview:large","max-video-preview":"max-video-preview:-1"},"canonical":"https:\/\/now-news.de\/de\/deutschland\/bundesregierung-will-begriff-migrationshintergrund-verschwinden-lassen\/","og_locale":"de_DE","og_type":"article","og_title":"Bundesregierung will Begriff &quot;Migrationshintergrund&quot; verschwinden lassen","og_description":"In einem Bericht des Bundesfamilienministeriums, das von der Gr\u00fcnen Lisa Paus geleitet wird, steht die Empfehlung, den Begriff &#8220;Migrationshintergrund&#8221; k\u00fcnftig nicht mehr zu verwenden. Das Bundeskabinett lobt dies als &#8220;wertvollen Beitrag f\u00fcr die weitere Diskussion&#8221;. Wie aus einem Bericht der Bild-Zeitung hervorgeht, plant die Bundesregierung offenbar, das Wort &#8220;Migrationshintergrund&#8221; offiziell verschwinden zu lassen. Die Zeitung [&hellip;]","og_url":"https:\/\/now-news.de\/de\/deutschland\/bundesregierung-will-begriff-migrationshintergrund-verschwinden-lassen\/","og_site_name":"just-now.NEWS Deutschland","article_publisher":"https:\/\/www.facebook.com\/wirmachenauf","article_published_time":"2024-09-20T14:40:01+00:00","og_image":[{"url":"https:\/\/now-news.de\/de\/wp-content\/uploads\/sites\/3\/2024\/09\/66ed6374b480cc3416157251.jpg","type":"","width":"","height":""}],"author":"rtnews","twitter_card":"summary_large_image","twitter_creator":"@WirMachenAuf_de","twitter_site":"@WirMachenAuf_de","twitter_misc":{"Verfasst von":"rtnews","Gesch\u00e4tzte Lesezeit":"1\u00a0Minute"},"schema":{"@context":"https:\/\/schema.org","@graph":[{"@type":"Article","@id":"https:\/\/now-news.de\/de\/deutschland\/bundesregierung-will-begriff-migrationshintergrund-verschwinden-lassen\/#article","isPartOf":{"@id":"https:\/\/now-news.de\/de\/deutschland\/bundesregierung-will-begriff-migrationshintergrund-verschwinden-lassen\/"},"author":{"name":"rtnews","@id":"https:\/\/now-news.de\/de\/#\/schema\/person\/fb534a4e865501d8b3285208df34a9b5"},"headline":"Bundesregierung will Begriff &quot;Migrationshintergrund&quot; verschwinden lassen","datePublished":"2024-09-20T14:40:01+00:00","mainEntityOfPage":{"@id":"https:\/\/now-news.de\/de\/deutschland\/bundesregierung-will-begriff-migrationshintergrund-verschwinden-lassen\/"},"wordCount":233,"commentCount":0,"publisher":{"@id":"https:\/\/now-news.de\/de\/#organization"},"image":{"@id":"https:\/\/now-news.de\/de\/deutschland\/bundesregierung-will-begriff-migrationshintergrund-verschwinden-lassen\/#primaryimage"},"thumbnailUrl":"https:\/\/now-news.de\/de\/wp-content\/uploads\/sites\/3\/2024\/09\/Bundesregierung-will-Begriff-quotMigrationshintergrundquot-verschwinden-lassen.jpg","keywords":["Begriff","Bundesregierung","lassen","quotMigrationshintergrundquot","Verschwinden"],"articleSection":["Deutschland","Russland"],"inLanguage":"de","potentialAction":[{"@type":"CommentAction","name":"Comment","target":["https:\/\/now-news.de\/de\/deutschland\/bundesregierung-will-begriff-migrationshintergrund-verschwinden-lassen\/#respond"]}]},{"@type":"WebPage","@id":"https:\/\/now-news.de\/de\/deutschland\/bundesregierung-will-begriff-migrationshintergrund-verschwinden-lassen\/","url":"https:\/\/now-news.de\/de\/deutschland\/bundesregierung-will-begriff-migrationshintergrund-verschwinden-lassen\/","name":"Bundesregierung will Begriff &quot;Migrationshintergrund&quot; verschwinden lassen - just-now.NEWS Deutschland","isPartOf":{"@id":"https:\/\/now-news.de\/de\/#website"},"primaryImageOfPage":{"@id":"https:\/\/now-news.de\/de\/deutschland\/bundesregierung-will-begriff-migrationshintergrund-verschwinden-lassen\/#primaryimage"},"image":{"@id":"https:\/\/now-news.de\/de\/deutschland\/bundesregierung-will-begriff-migrationshintergrund-verschwinden-lassen\/#primaryimage"},"thumbnailUrl":"https:\/\/now-news.de\/de\/wp-content\/uploads\/sites\/3\/2024\/09\/Bundesregierung-will-Begriff-quotMigrationshintergrundquot-verschwinden-lassen.jpg","datePublished":"2024-09-20T14:40:01+00:00","breadcrumb":{"@id":"https:\/\/now-news.de\/de\/deutschland\/bundesregierung-will-begriff-migrationshintergrund-verschwinden-lassen\/#breadcrumb"},"inLanguage":"de","potentialAction":[{"@type":"ReadAction","target":["https:\/\/now-news.de\/de\/deutschland\/bundesregierung-will-begriff-migrationshintergrund-verschwinden-lassen\/"]}]},{"@type":"ImageObject","inLanguage":"de","@id":"https:\/\/now-news.de\/de\/deutschland\/bundesregierung-will-begriff-migrationshintergrund-verschwinden-lassen\/#primaryimage","url":"https:\/\/now-news.de\/de\/wp-content\/uploads\/sites\/3\/2024\/09\/Bundesregierung-will-Begriff-quotMigrationshintergrundquot-verschwinden-lassen.jpg","contentUrl":"https:\/\/now-news.de\/de\/wp-content\/uploads\/sites\/3\/2024\/09\/Bundesregierung-will-Begriff-quotMigrationshintergrundquot-verschwinden-lassen.jpg","width":460,"height":259,"caption":"Bundesregierung will Begriff &quot;Migrationshintergrund&quot; verschwinden lassen"},{"@type":"BreadcrumbList","@id":"https:\/\/now-news.de\/de\/deutschland\/bundesregierung-will-begriff-migrationshintergrund-verschwinden-lassen\/#breadcrumb","itemListElement":[{"@type":"ListItem","position":1,"name":"Home","item":"https:\/\/now-news.de\/de\/"},{"@type":"ListItem","position":2,"name":"Bundesregierung will Begriff &quot;Migrationshintergrund&quot; verschwinden lassen"}]},{"@type":"WebSite","@id":"https:\/\/now-news.de\/de\/#website","url":"https:\/\/now-news.de\/de\/","name":"just-now.NEWS Deutschland","description":"Das Portal f\u00fcr unzensierte Nachrichten aus der Welt","publisher":{"@id":"https:\/\/now-news.de\/de\/#organization"},"potentialAction":[{"@type":"SearchAction","target":{"@type":"EntryPoint","urlTemplate":"https:\/\/now-news.de\/de\/?s={search_term_string}"},"query-input":{"@type":"PropertyValueSpecification","valueRequired":true,"valueName":"search_term_string"}}],"inLanguage":"de"},{"@type":"Organization","@id":"https:\/\/now-news.de\/de\/#organization","name":"Just Now News","url":"https:\/\/now-news.de\/de\/","logo":{"@type":"ImageObject","inLanguage":"de","@id":"https:\/\/now-news.de\/de\/#\/schema\/logo\/image\/","url":"http:\/\/just-now.news\/de\/wp-content\/uploads\/sites\/3\/2022\/04\/logo500x500.jpg","contentUrl":"http:\/\/just-now.news\/de\/wp-content\/uploads\/sites\/3\/2022\/04\/logo500x500.jpg","width":500,"height":500,"caption":"Just Now News"},"image":{"@id":"https:\/\/now-news.de\/de\/#\/schema\/logo\/image\/"},"sameAs":["https:\/\/www.facebook.com\/wirmachenauf","https:\/\/x.com\/WirMachenAuf_de"]},{"@type":"Person","@id":"https:\/\/now-news.de\/de\/#\/schema\/person\/fb534a4e865501d8b3285208df34a9b5","name":"rtnews","image":{"@type":"ImageObject","inLanguage":"de","@id":"https:\/\/secure.gravatar.com\/avatar\/358fe31b3ab5769fea05376e1953329834cd9912cf9daf607e2af3076a1b982b?s=96&d=mm&r=g","url":"https:\/\/secure.gravatar.com\/avatar\/358fe31b3ab5769fea05376e1953329834cd9912cf9daf607e2af3076a1b982b?s=96&d=mm&r=g","contentUrl":"https:\/\/secure.gravatar.com\/avatar\/358fe31b3ab5769fea05376e1953329834cd9912cf9daf607e2af3076a1b982b?s=96&d=mm&r=g","caption":"rtnews"},"url":"https:\/\/now-news.de\/de\/author\/rnews\/"}]}},"_links":{"self":[{"href":"https:\/\/now-news.de\/de\/wp-json\/wp\/v2\/posts\/69360","targetHints":{"allow":["GET"]}}],"collection":[{"href":"https:\/\/now-news.de\/de\/wp-json\/wp\/v2\/posts"}],"about":[{"href":"https:\/\/now-news.de\/de\/wp-json\/wp\/v2\/types\/post"}],"author":[{"embeddable":true,"href":"https:\/\/now-news.de\/de\/wp-json\/wp\/v2\/users\/3"}],"replies":[{"embeddable":true,"href":"https:\/\/now-news.de\/de\/wp-json\/wp\/v2\/comments?post=69360"}],"version-history":[{"count":0,"href":"https:\/\/now-news.de\/de\/wp-json\/wp\/v2\/posts\/69360\/revisions"}],"wp:featuredmedia":[{"embeddable":true,"href":"https:\/\/now-news.de\/de\/wp-json\/wp\/v2\/media\/69361"}],"wp:attachment":[{"href":"https:\/\/now-news.de\/de\/wp-json\/wp\/v2\/media?parent=69360"}],"wp:term":[{"taxonomy":"category","embeddable":true,"href":"https:\/\/now-news.de\/de\/wp-json\/wp\/v2\/categories?post=69360"},{"taxonomy":"post_tag","embeddable":true,"href":"https:\/\/now-news.de\/de\/wp-json\/wp\/v2\/tags?post=69360"}],"curies":[{"name":"wp","href":"https:\/\/api.w.org\/{rel}","templated":true}]}}