{"id":69318,"date":"2024-09-20T06:15:21","date_gmt":"2024-09-20T04:15:21","guid":{"rendered":"https:\/\/now-news.de\/de\/deutschland\/israel-und-die-pager-der-pandora\/"},"modified":"2024-09-20T06:15:21","modified_gmt":"2024-09-20T04:15:21","slug":"israel-und-die-pager-der-pandora","status":"publish","type":"post","link":"https:\/\/now-news.de\/de\/deutschland\/israel-und-die-pager-der-pandora\/","title":{"rendered":"Israel und die Pager der Pandora"},"content":{"rendered":"<p><img decoding=\"async\" src=\"https:\/\/now-news.de\/de\/wp-content\/uploads\/sites\/3\/2024\/09\/66ec2a3448fbef724852a901.jpg\" \/><\/p>\n<div class=\"Text-root Text-type_1 \">\n                Wer es bisher noch nicht begriffen hat, dass die Gleichmut, mit der der Westen auf israelische Verbrechen reagiert, Konsequenzen f\u00fcr alle hat, sollte es jetzt erkennen. Denn wenn der j\u00fcngste Terrorakt im Libanon hingenommen wird, sind die Konsequenzen un\u00fcbersehbar.\n            <\/div>\n<p><\/p>\n<div class=\"Text-root Text-type_5 ArticleView-text ViewText-root \">\n<p><em>Von Dagmar Henn<\/em><\/p>\n<p>Es entstammt einem Albtraum, was Israel im Libanon inszeniert hat. Ein unterschiedsloser Angriff in einem Staat, mit dem man sich nicht im Krieg befindet, bei dem mehrere technische Ger\u00e4te als Bomben eingesetzt wurden. Un\u00fcbersehbar ein Kriegsverbrechen. Und man m\u00f6chte gar nicht mehr wiedergeben, was die Sprecherin der Bundesregierung dazu sagte, wie sie sich hinter fehlenden Erkenntnissen versteckte. Erst recht nicht, wie die meisten deutschen Medien berichten \u2013 von v\u00f6lliger <a rel=\"nofollow noopener\" target=\"_blank\" href=\"https:\/\/www.tagesschau.de\/ausland\/asien\/libanon-pager-angriff-interview-neumann-100.html\">Ausblendung<\/a> des verbrecherischen Charakters der Tat wie bei der <em>Tagesschau<\/em> bis hin zur weder klammen noch heimlichen Freude der <em>FAZ<\/em>, die gleich begeistert \u00fcber &#8220;Die spektakul\u00e4ren Aktionen der israelischen Geheimdienste&#8221; <a rel=\"nofollow noopener\" target=\"_blank\" href=\"https:\/\/www.faz.net\/aktuell\/politik\/krieg-in-nahost\/israels-geheimdienst-mossad-die-spannendsten-faelle-19992955.html\">schreibt.<\/a><\/p>\n<p>Vollkommen erwartbar also. Wie k\u00e4me man auch dazu, jetzt pl\u00f6tzlich \u00fcber \u00c4rzte oder gar Kinder zu berichten, die bei diesem Anschlag umgekommen sind, das ist doch schon seit Monaten in Gaza keine Zeile mehr wert. Im Grunde geschieht im Umgang mit Israel exakt das Gleiche, was schon im Umgang mit der Ukraine geschah \u2013 wenn man vor der Bestialit\u00e4t die Augen verschlie\u00dft, n\u00e4hert man sich ihr stetig weiter.<\/p>\n<p>Das ist unheimlich genug, aber dieser Terrorakt hat noch eine weitere Komponente, die weit \u00fcber Israel, den Libanon und den ganzen Nahen Osten hinausreicht. Zum einen, weil es zwar bisher allerlei Vorf\u00e4lle gab, bei denen technische Ger\u00e4te zu Bomben gemacht wurden, um bestimmte Personen anzugreifen \u2013 jede Autobombe f\u00e4llt unter diese Definition \u2013, aber es der erste Fall ist, in dem eine ganze Kategorie technischer Ger\u00e4te in eine Waffe verwandelt wurde, die extern gez\u00fcndet werden kann. Unter v\u00f6lliger Vernachl\u00e4ssigung der Frage, in wessen H\u00e4nden sich diese Ger\u00e4te letztlich befinden.<\/p>\n<p>Egal, welche Entschuldigung Israel daf\u00fcr vorzutragen versucht (und das eben erst berichtete angeblich geplante iranische Attentat gegen Netanjahu wirkt deutlich wie ein Versuch, zumindest auf der Ebene der PR vom Thema abzulenken), es handelt sich um die \u00dcberschreitung einer Schwelle, die nur mit einem Einsatz von chemischen oder biologischen Waffen verglichen werden kann. Oder, andersherum, das, was als Reaktion gefordert w\u00e4re, w\u00e4re eine internationale \u00c4chtung einer jeden Anwendung dieser Methode.<\/p>\n<p>Einzig, weil die meisten der betroffenen Ger\u00e4te, Pager und Funkger\u00e4te, nicht Teil des Alltags der meisten westlichen Menschen sind, die beides eher aus dem Museum kennen, wird die Bedrohlichkeit eines derartigen Vorgehens nicht sofort erkannt. H\u00e4tte es sich beim Tr\u00e4ger der Sprengladung auch nur um das vorvorletzte i-Phone gehandelt, die Schlangen vor den Reparaturgesch\u00e4ften, um das eigene Handy untersuchen zu lassen, w\u00e4ren gigantisch.<\/p>\n<p>Nicht, dass China so etwas tun w\u00fcrde, aber nur, um die Folgen zu verdeutlichen: Was, wenn alle von dort in die USA gelieferten i-Phones auf \u00e4hnliche Weise pr\u00e4pariert w\u00e4ren? Um dann auf ein einziges Signal hin unter anderem den halben US-Kongress auszul\u00f6schen?<\/p>\n<p>Selbst die Wahrnehmung der Risiken, die die digitalen Datenstaubsauger namens Google &amp; Co. darstellen, steckt im Grunde noch in den Kinderschuhen. Die wenigsten denken bei der Nutzung ihres Smartphones daran, dass sie damit st\u00e4ndig ihren Standort verraten, und zwar gleich mindestens zwei Stellen \u2013 dem Netzbetreiber und dem Datenkraken, der im Betriebssystem sitzt. Auch das wurde schon oft genutzt, f\u00fcr US-Drohneneins\u00e4tze in Afghanistan beispielsweise. Aber da ist es noch nicht das Ger\u00e4t selbst, das die Gefahr darstellt.<\/p>\n<p>Treiben wir die hypothetische China-Geschichte noch ein wenig weiter. Wie ist das mit Smart-TVs, mit Smart Homes oder selbst mit handygesteuerten Saugrobotern? Wenn diese T\u00fcr einmal ge\u00f6ffnet ist und genug skrupellose Akteure existieren, k\u00f6nnte man nicht einmal mehr sicher sein, dass sich K\u00fchlschrank und Waschmaschine in Sprengfallen verwandeln. Blind in den Markt gestreut und bestenfalls noch nach Land gefiltert.<\/p>\n<p>Es gibt noch unz\u00e4hlige andere Optionen. Einige haben sich schon Gedanken gemacht, welche b\u00f6sartigen Eingriffe die zunehmende Computerisierung von Fahrzeugen ausl\u00f6sen k\u00f6nnte, aber bisher drehten sich diese Gedanken allenfalls darum, dass durch einen Eingriff in das Betriebssystems eines Fahrzeugs extern ein Unfall ausgel\u00f6st werden k\u00f6nnte. Man dachte in den Dimensionen von Mordanschl\u00e4gen, aber nicht in denen von Terrorismus. Inzwischen sind Kraftfahrzeuge sogar online, senden alles M\u00f6gliche an die Hersteller und holen Softwareupdates aus dem Netz. Was, wenn in Fahrzeugen verschiedenster Marken zeitgleich \u00fcber das Funknetz ein Virus aktiviert w\u00fcrde, der die Steuerung blockiert?<\/p>\n<p>Und welche M\u00f6glichkeiten g\u00e4be es, noch Sicherheit zu erlangen, wenn ein derartiges Verhalten erst einmal \u00fcblich wird? Gibt es dann von jedem beliebigen Produkt eine besonders teure Spezialversion, bei der Produktion, Lieferung und Lagerung komplett \u00fcberwacht sind? Muss man den neuen Staubsauger dann vor Inbetriebnahme erst einmal \u00f6ffnen und auf Sprengstoffe pr\u00fcfen? Verwandeln sich dann die Containerh\u00e4fen in hochmilitarisierte Sicherheitszonen?<\/p>\n<p>Sobald man anf\u00e4ngt, das, was Israel im Libanon getan hat, in einer anderen Dimension zu denken, sobald man davon ausgeht, dass jede Art eines solchen &#8220;Durchbruchs&#8221; sich erst einmal verbreitet, erkennt man sehr schnell, dass hier ein Schritt getan wurde, der die M\u00f6glichkeit einer digitalen Zivilisation in den Grundfesten bedroht. Halbwegs sicher ist nur die Mechanik.<\/p>\n<p>Dieser israelische Terrorakt ist vergleichbar mit dem ersten Einsatz chemischer und biologischer Waffen. Bei beiden ist es einigerma\u00dfen gelungen, ihre Verbreitung einzud\u00e4mmen. Auch wenn die Tatsache, dass die Wirkungsrichtung nicht sicher zu berechnen ist, mit dazu beigetragen hat. Aber zuletzt sind alle Regeln, alle Vereinbarungen, die bestimmte Waffen ausschlossen oder ihre Verwendung streng begrenzten, erodiert. \u00dcberwiegend unter aktiver Mithilfe der Vereinigten Staaten, nur so nebenbei. Man denke nur an die Lieferung von Clustermunition an die Ukraine, verbunden mit deren Einsatz gegen die Zivilbev\u00f6lkerung. Oder an die Theorien \u00fcber den k\u00fcnstlichen Ursprung von COVID-19 in einem US-Biolabor in Wuhan.<\/p>\n<p>Die Verwandlung von Gebrauchsg\u00fctern in Waffen, wie sie gerade im Libanon stattgefunden hat, gab es zwar zuvor in Einzelf\u00e4llen immer wieder; aber nicht dergestalt, dass in die Lieferkette eingegriffen wurde, um ins Blaue hinein einfach mal alle Nutzer eines bestimmten Produkts zum Ziel zu nehmen. Nicht mit eingebauter Fernz\u00fcndung. Die Folgen, wenn auf diese Handlung keine Reaktion aus der ber\u00fcchtigten &#8220;internationalen Gemeinschaft&#8221; erfolgt, also vor allem aus dem kollektiven Westen, sind unabsehbar.<\/p>\n<p>Die Aussichten daf\u00fcr sind allerdings denkbar schlecht. Nach mehr als zehn Monaten live dokumentierten Genozids in Gaza stehen nach wie vor die meisten westlichen Staaten treu zu Israel. Es ist die Adresse des T\u00e4ters, die sie auch diesmal davon abhalten wird, auch nur ansatzweise zu erkennen, welche B\u00fcchse der Pandora da ge\u00f6ffnet wurde. Ganz zu schweigen davon, die notwendigen Schritte zu unternehmen, um sich selbst und ihre Bev\u00f6lkerung vor derartigen Angriffen zu sch\u00fctzen. Weil der technische Aufwand f\u00fcr einen materiellen Schutz so ungeheuer hoch w\u00e4re, bleibt n\u00e4mlich als einzige M\u00f6glichkeit eine klare Verurteilung dieses Angriffs, einschlie\u00dflich, und das ist absolut entscheidend, einer Reaktion, die mit einbezieht, dass wir hier von einer Handlung reden, die mit dem ersten Einsatz chemischer Waffen vergleichbar ist.<\/p>\n<p>Wer es sich unbedingt antun will, mag einen Blick auf das qualvolle Gestammel der Regierungssprecherin werfen, um zu erkennen, wie weit wir davon entfernt sind.<\/p>\n<p><strong>Mehr zum Thema<\/strong> \u2013 <a rel=\"nofollow noopener\" target=\"_blank\" href=\"https:\/\/freedert.online\/der-nahe-osten\/219592-sacharowa-pager-explosionen-im-libanon-sollen-krieg-provozieren\/\">Sacharowa: Pager-Explosionen im Libanon sollen Krieg provozieren<\/a>\u00a0<\/p>\n<div class=\"EmbedBlock-root EmbedBlock-externalVideo EmbedBlock-rumble\">\n<div class=\"VkEmbed\"><iframe class=\"lazyload\" data-src=\"https:\/\/rumble.com\/embed\/v5d7u89\" frameborder=\"0\" width=\"853\" height=\"480\" allowfullscreen><\/iframe><\/div>\n<\/div>\n<\/div>\n<p><br \/>\n<br \/><a href=\"https:\/\/de.rt.com\/meinung\/219743-israel-und-pager-pandora\/\">Source link <\/a><\/p>\n","protected":false},"excerpt":{"rendered":"<p>Wer es bisher noch nicht begriffen hat, dass die Gleichmut, mit der der Westen auf israelische Verbrechen reagiert, Konsequenzen f\u00fcr alle hat, sollte es jetzt erkennen. Denn wenn der j\u00fcngste Terrorakt im Libanon hingenommen wird, sind die Konsequenzen un\u00fcbersehbar. Von Dagmar Henn Es entstammt einem Albtraum, was Israel im Libanon inszeniert hat. Ein unterschiedsloser Angriff [&hellip;]<\/p>\n","protected":false},"author":3,"featured_media":69319,"comment_status":"open","ping_status":"open","sticky":false,"template":"","format":"standard","meta":{"_yoast_indexnow_last_ping":["1726806070"],"wp_automatic_camp":["217"],"c0d734c8a5c176304e9df76ba097500c":["Israel und die Pager der Pandora"],"original_link":["https:\/\/de.rt.com\/meinung\/219743-israel-und-pager-pandora\/"],"_thumbnail_id":["69319"],"_wptgpro_p2tg_sent2tg":["a:1:{i:23737;s:19:\"2024-09-20 06:22:13\";}"],"jnews_social_counter_last_update":["1777432972"]},"categories":[19,23],"tags":[82,45,432,58630,43958,140],"yoast_head":"<!-- This site is optimized with the Yoast SEO Premium plugin v22.7 (Yoast SEO v22.7) - https:\/\/yoast.com\/wordpress\/plugins\/seo\/ -->\n<title>Israel und die Pager der Pandora - just-now.NEWS Deutschland<\/title>\n<meta name=\"robots\" content=\"index, follow, max-snippet:-1, max-image-preview:large, max-video-preview:-1\" \/>\n<link rel=\"canonical\" href=\"https:\/\/now-news.de\/de\/deutschland\/israel-und-die-pager-der-pandora\/\" \/>\n<meta property=\"og:locale\" content=\"de_DE\" \/>\n<meta property=\"og:type\" content=\"article\" \/>\n<meta property=\"og:title\" content=\"Israel und die Pager der Pandora\" \/>\n<meta property=\"og:description\" content=\"Wer es bisher noch nicht begriffen hat, dass die Gleichmut, mit der der Westen auf israelische Verbrechen reagiert, Konsequenzen f\u00fcr alle hat, sollte es jetzt erkennen. Denn wenn der j\u00fcngste Terrorakt im Libanon hingenommen wird, sind die Konsequenzen un\u00fcbersehbar. Von Dagmar Henn Es entstammt einem Albtraum, was Israel im Libanon inszeniert hat. Ein unterschiedsloser Angriff [&hellip;]\" \/>\n<meta property=\"og:url\" content=\"https:\/\/now-news.de\/de\/deutschland\/israel-und-die-pager-der-pandora\/\" \/>\n<meta property=\"og:site_name\" content=\"just-now.NEWS Deutschland\" \/>\n<meta property=\"article:publisher\" content=\"https:\/\/www.facebook.com\/wirmachenauf\" \/>\n<meta property=\"article:published_time\" content=\"2024-09-20T04:15:21+00:00\" \/>\n<meta property=\"og:image\" content=\"https:\/\/now-news.de\/de\/wp-content\/uploads\/sites\/3\/2024\/09\/66ec2a3448fbef724852a901.jpg\" \/>\n<meta name=\"author\" content=\"rtnews\" \/>\n<meta name=\"twitter:card\" content=\"summary_large_image\" \/>\n<meta name=\"twitter:creator\" content=\"@WirMachenAuf_de\" \/>\n<meta name=\"twitter:site\" content=\"@WirMachenAuf_de\" \/>\n<meta name=\"twitter:label1\" content=\"Verfasst von\" \/>\n\t<meta name=\"twitter:data1\" content=\"rtnews\" \/>\n\t<meta name=\"twitter:label2\" content=\"Gesch\u00e4tzte Lesezeit\" \/>\n\t<meta name=\"twitter:data2\" content=\"6\u00a0Minuten\" \/>\n<script type=\"application\/ld+json\" class=\"yoast-schema-graph\">{\"@context\":\"https:\/\/schema.org\",\"@graph\":[{\"@type\":\"Article\",\"@id\":\"https:\/\/now-news.de\/de\/deutschland\/israel-und-die-pager-der-pandora\/#article\",\"isPartOf\":{\"@id\":\"https:\/\/now-news.de\/de\/deutschland\/israel-und-die-pager-der-pandora\/\"},\"author\":{\"name\":\"rtnews\",\"@id\":\"https:\/\/now-news.de\/de\/#\/schema\/person\/fb534a4e865501d8b3285208df34a9b5\"},\"headline\":\"Israel und die Pager der Pandora\",\"datePublished\":\"2024-09-20T04:15:21+00:00\",\"dateModified\":\"2024-09-20T04:15:21+00:00\",\"mainEntityOfPage\":{\"@id\":\"https:\/\/now-news.de\/de\/deutschland\/israel-und-die-pager-der-pandora\/\"},\"wordCount\":1227,\"commentCount\":0,\"publisher\":{\"@id\":\"https:\/\/now-news.de\/de\/#organization\"},\"image\":{\"@id\":\"https:\/\/now-news.de\/de\/deutschland\/israel-und-die-pager-der-pandora\/#primaryimage\"},\"thumbnailUrl\":\"https:\/\/now-news.de\/de\/wp-content\/uploads\/sites\/3\/2024\/09\/Israel-und-die-Pager-der-Pandora.jpg\",\"keywords\":[\"der\",\"die\",\"Israel\",\"Pager\",\"Pandora\",\"und\"],\"articleSection\":[\"Deutschland\",\"Russland\"],\"inLanguage\":\"de\",\"potentialAction\":[{\"@type\":\"CommentAction\",\"name\":\"Comment\",\"target\":[\"https:\/\/now-news.de\/de\/deutschland\/israel-und-die-pager-der-pandora\/#respond\"]}]},{\"@type\":\"WebPage\",\"@id\":\"https:\/\/now-news.de\/de\/deutschland\/israel-und-die-pager-der-pandora\/\",\"url\":\"https:\/\/now-news.de\/de\/deutschland\/israel-und-die-pager-der-pandora\/\",\"name\":\"Israel und die Pager der Pandora - just-now.NEWS Deutschland\",\"isPartOf\":{\"@id\":\"https:\/\/now-news.de\/de\/#website\"},\"primaryImageOfPage\":{\"@id\":\"https:\/\/now-news.de\/de\/deutschland\/israel-und-die-pager-der-pandora\/#primaryimage\"},\"image\":{\"@id\":\"https:\/\/now-news.de\/de\/deutschland\/israel-und-die-pager-der-pandora\/#primaryimage\"},\"thumbnailUrl\":\"https:\/\/now-news.de\/de\/wp-content\/uploads\/sites\/3\/2024\/09\/Israel-und-die-Pager-der-Pandora.jpg\",\"datePublished\":\"2024-09-20T04:15:21+00:00\",\"dateModified\":\"2024-09-20T04:15:21+00:00\",\"breadcrumb\":{\"@id\":\"https:\/\/now-news.de\/de\/deutschland\/israel-und-die-pager-der-pandora\/#breadcrumb\"},\"inLanguage\":\"de\",\"potentialAction\":[{\"@type\":\"ReadAction\",\"target\":[\"https:\/\/now-news.de\/de\/deutschland\/israel-und-die-pager-der-pandora\/\"]}]},{\"@type\":\"ImageObject\",\"inLanguage\":\"de\",\"@id\":\"https:\/\/now-news.de\/de\/deutschland\/israel-und-die-pager-der-pandora\/#primaryimage\",\"url\":\"https:\/\/now-news.de\/de\/wp-content\/uploads\/sites\/3\/2024\/09\/Israel-und-die-Pager-der-Pandora.jpg\",\"contentUrl\":\"https:\/\/now-news.de\/de\/wp-content\/uploads\/sites\/3\/2024\/09\/Israel-und-die-Pager-der-Pandora.jpg\",\"width\":460,\"height\":259,\"caption\":\"Israel und die Pager der Pandora\"},{\"@type\":\"BreadcrumbList\",\"@id\":\"https:\/\/now-news.de\/de\/deutschland\/israel-und-die-pager-der-pandora\/#breadcrumb\",\"itemListElement\":[{\"@type\":\"ListItem\",\"position\":1,\"name\":\"Home\",\"item\":\"https:\/\/now-news.de\/de\/\"},{\"@type\":\"ListItem\",\"position\":2,\"name\":\"Israel und die Pager der Pandora\"}]},{\"@type\":\"WebSite\",\"@id\":\"https:\/\/now-news.de\/de\/#website\",\"url\":\"https:\/\/now-news.de\/de\/\",\"name\":\"just-now.NEWS Deutschland\",\"description\":\"Das Portal f\u00fcr unzensierte Nachrichten aus der Welt\",\"publisher\":{\"@id\":\"https:\/\/now-news.de\/de\/#organization\"},\"potentialAction\":[{\"@type\":\"SearchAction\",\"target\":{\"@type\":\"EntryPoint\",\"urlTemplate\":\"https:\/\/now-news.de\/de\/?s={search_term_string}\"},\"query-input\":\"required name=search_term_string\"}],\"inLanguage\":\"de\"},{\"@type\":\"Organization\",\"@id\":\"https:\/\/now-news.de\/de\/#organization\",\"name\":\"Just Now News\",\"url\":\"https:\/\/now-news.de\/de\/\",\"logo\":{\"@type\":\"ImageObject\",\"inLanguage\":\"de\",\"@id\":\"https:\/\/now-news.de\/de\/#\/schema\/logo\/image\/\",\"url\":\"http:\/\/just-now.news\/de\/wp-content\/uploads\/sites\/3\/2022\/04\/logo500x500.jpg\",\"contentUrl\":\"http:\/\/just-now.news\/de\/wp-content\/uploads\/sites\/3\/2022\/04\/logo500x500.jpg\",\"width\":500,\"height\":500,\"caption\":\"Just Now News\"},\"image\":{\"@id\":\"https:\/\/now-news.de\/de\/#\/schema\/logo\/image\/\"},\"sameAs\":[\"https:\/\/www.facebook.com\/wirmachenauf\",\"https:\/\/x.com\/WirMachenAuf_de\"]},{\"@type\":\"Person\",\"@id\":\"https:\/\/now-news.de\/de\/#\/schema\/person\/fb534a4e865501d8b3285208df34a9b5\",\"name\":\"rtnews\",\"image\":{\"@type\":\"ImageObject\",\"inLanguage\":\"de\",\"@id\":\"https:\/\/now-news.de\/de\/#\/schema\/person\/image\/\",\"url\":\"https:\/\/secure.gravatar.com\/avatar\/82aafea7d8127119dd649515f56e2117?s=96&d=mm&r=g\",\"contentUrl\":\"https:\/\/secure.gravatar.com\/avatar\/82aafea7d8127119dd649515f56e2117?s=96&d=mm&r=g\",\"caption\":\"rtnews\"},\"url\":\"https:\/\/now-news.de\/de\/author\/rnews\/\"}]}<\/script>\n<!-- \/ Yoast SEO Premium plugin. -->","yoast_head_json":{"title":"Israel und die Pager der Pandora - just-now.NEWS Deutschland","robots":{"index":"index","follow":"follow","max-snippet":"max-snippet:-1","max-image-preview":"max-image-preview:large","max-video-preview":"max-video-preview:-1"},"canonical":"https:\/\/now-news.de\/de\/deutschland\/israel-und-die-pager-der-pandora\/","og_locale":"de_DE","og_type":"article","og_title":"Israel und die Pager der Pandora","og_description":"Wer es bisher noch nicht begriffen hat, dass die Gleichmut, mit der der Westen auf israelische Verbrechen reagiert, Konsequenzen f\u00fcr alle hat, sollte es jetzt erkennen. Denn wenn der j\u00fcngste Terrorakt im Libanon hingenommen wird, sind die Konsequenzen un\u00fcbersehbar. Von Dagmar Henn Es entstammt einem Albtraum, was Israel im Libanon inszeniert hat. Ein unterschiedsloser Angriff [&hellip;]","og_url":"https:\/\/now-news.de\/de\/deutschland\/israel-und-die-pager-der-pandora\/","og_site_name":"just-now.NEWS Deutschland","article_publisher":"https:\/\/www.facebook.com\/wirmachenauf","article_published_time":"2024-09-20T04:15:21+00:00","og_image":[{"url":"https:\/\/now-news.de\/de\/wp-content\/uploads\/sites\/3\/2024\/09\/66ec2a3448fbef724852a901.jpg"}],"author":"rtnews","twitter_card":"summary_large_image","twitter_creator":"@WirMachenAuf_de","twitter_site":"@WirMachenAuf_de","twitter_misc":{"Verfasst von":"rtnews","Gesch\u00e4tzte Lesezeit":"6\u00a0Minuten"},"schema":{"@context":"https:\/\/schema.org","@graph":[{"@type":"Article","@id":"https:\/\/now-news.de\/de\/deutschland\/israel-und-die-pager-der-pandora\/#article","isPartOf":{"@id":"https:\/\/now-news.de\/de\/deutschland\/israel-und-die-pager-der-pandora\/"},"author":{"name":"rtnews","@id":"https:\/\/now-news.de\/de\/#\/schema\/person\/fb534a4e865501d8b3285208df34a9b5"},"headline":"Israel und die Pager der Pandora","datePublished":"2024-09-20T04:15:21+00:00","dateModified":"2024-09-20T04:15:21+00:00","mainEntityOfPage":{"@id":"https:\/\/now-news.de\/de\/deutschland\/israel-und-die-pager-der-pandora\/"},"wordCount":1227,"commentCount":0,"publisher":{"@id":"https:\/\/now-news.de\/de\/#organization"},"image":{"@id":"https:\/\/now-news.de\/de\/deutschland\/israel-und-die-pager-der-pandora\/#primaryimage"},"thumbnailUrl":"https:\/\/now-news.de\/de\/wp-content\/uploads\/sites\/3\/2024\/09\/Israel-und-die-Pager-der-Pandora.jpg","keywords":["der","die","Israel","Pager","Pandora","und"],"articleSection":["Deutschland","Russland"],"inLanguage":"de","potentialAction":[{"@type":"CommentAction","name":"Comment","target":["https:\/\/now-news.de\/de\/deutschland\/israel-und-die-pager-der-pandora\/#respond"]}]},{"@type":"WebPage","@id":"https:\/\/now-news.de\/de\/deutschland\/israel-und-die-pager-der-pandora\/","url":"https:\/\/now-news.de\/de\/deutschland\/israel-und-die-pager-der-pandora\/","name":"Israel und die Pager der Pandora - just-now.NEWS Deutschland","isPartOf":{"@id":"https:\/\/now-news.de\/de\/#website"},"primaryImageOfPage":{"@id":"https:\/\/now-news.de\/de\/deutschland\/israel-und-die-pager-der-pandora\/#primaryimage"},"image":{"@id":"https:\/\/now-news.de\/de\/deutschland\/israel-und-die-pager-der-pandora\/#primaryimage"},"thumbnailUrl":"https:\/\/now-news.de\/de\/wp-content\/uploads\/sites\/3\/2024\/09\/Israel-und-die-Pager-der-Pandora.jpg","datePublished":"2024-09-20T04:15:21+00:00","dateModified":"2024-09-20T04:15:21+00:00","breadcrumb":{"@id":"https:\/\/now-news.de\/de\/deutschland\/israel-und-die-pager-der-pandora\/#breadcrumb"},"inLanguage":"de","potentialAction":[{"@type":"ReadAction","target":["https:\/\/now-news.de\/de\/deutschland\/israel-und-die-pager-der-pandora\/"]}]},{"@type":"ImageObject","inLanguage":"de","@id":"https:\/\/now-news.de\/de\/deutschland\/israel-und-die-pager-der-pandora\/#primaryimage","url":"https:\/\/now-news.de\/de\/wp-content\/uploads\/sites\/3\/2024\/09\/Israel-und-die-Pager-der-Pandora.jpg","contentUrl":"https:\/\/now-news.de\/de\/wp-content\/uploads\/sites\/3\/2024\/09\/Israel-und-die-Pager-der-Pandora.jpg","width":460,"height":259,"caption":"Israel und die Pager der Pandora"},{"@type":"BreadcrumbList","@id":"https:\/\/now-news.de\/de\/deutschland\/israel-und-die-pager-der-pandora\/#breadcrumb","itemListElement":[{"@type":"ListItem","position":1,"name":"Home","item":"https:\/\/now-news.de\/de\/"},{"@type":"ListItem","position":2,"name":"Israel und die Pager der Pandora"}]},{"@type":"WebSite","@id":"https:\/\/now-news.de\/de\/#website","url":"https:\/\/now-news.de\/de\/","name":"just-now.NEWS Deutschland","description":"Das Portal f\u00fcr unzensierte Nachrichten aus der Welt","publisher":{"@id":"https:\/\/now-news.de\/de\/#organization"},"potentialAction":[{"@type":"SearchAction","target":{"@type":"EntryPoint","urlTemplate":"https:\/\/now-news.de\/de\/?s={search_term_string}"},"query-input":"required name=search_term_string"}],"inLanguage":"de"},{"@type":"Organization","@id":"https:\/\/now-news.de\/de\/#organization","name":"Just Now News","url":"https:\/\/now-news.de\/de\/","logo":{"@type":"ImageObject","inLanguage":"de","@id":"https:\/\/now-news.de\/de\/#\/schema\/logo\/image\/","url":"http:\/\/just-now.news\/de\/wp-content\/uploads\/sites\/3\/2022\/04\/logo500x500.jpg","contentUrl":"http:\/\/just-now.news\/de\/wp-content\/uploads\/sites\/3\/2022\/04\/logo500x500.jpg","width":500,"height":500,"caption":"Just Now News"},"image":{"@id":"https:\/\/now-news.de\/de\/#\/schema\/logo\/image\/"},"sameAs":["https:\/\/www.facebook.com\/wirmachenauf","https:\/\/x.com\/WirMachenAuf_de"]},{"@type":"Person","@id":"https:\/\/now-news.de\/de\/#\/schema\/person\/fb534a4e865501d8b3285208df34a9b5","name":"rtnews","image":{"@type":"ImageObject","inLanguage":"de","@id":"https:\/\/now-news.de\/de\/#\/schema\/person\/image\/","url":"https:\/\/secure.gravatar.com\/avatar\/82aafea7d8127119dd649515f56e2117?s=96&d=mm&r=g","contentUrl":"https:\/\/secure.gravatar.com\/avatar\/82aafea7d8127119dd649515f56e2117?s=96&d=mm&r=g","caption":"rtnews"},"url":"https:\/\/now-news.de\/de\/author\/rnews\/"}]}},"_links":{"self":[{"href":"https:\/\/now-news.de\/de\/wp-json\/wp\/v2\/posts\/69318"}],"collection":[{"href":"https:\/\/now-news.de\/de\/wp-json\/wp\/v2\/posts"}],"about":[{"href":"https:\/\/now-news.de\/de\/wp-json\/wp\/v2\/types\/post"}],"author":[{"embeddable":true,"href":"https:\/\/now-news.de\/de\/wp-json\/wp\/v2\/users\/3"}],"replies":[{"embeddable":true,"href":"https:\/\/now-news.de\/de\/wp-json\/wp\/v2\/comments?post=69318"}],"version-history":[{"count":0,"href":"https:\/\/now-news.de\/de\/wp-json\/wp\/v2\/posts\/69318\/revisions"}],"wp:featuredmedia":[{"embeddable":true,"href":"https:\/\/now-news.de\/de\/wp-json\/wp\/v2\/media\/69319"}],"wp:attachment":[{"href":"https:\/\/now-news.de\/de\/wp-json\/wp\/v2\/media?parent=69318"}],"wp:term":[{"taxonomy":"category","embeddable":true,"href":"https:\/\/now-news.de\/de\/wp-json\/wp\/v2\/categories?post=69318"},{"taxonomy":"post_tag","embeddable":true,"href":"https:\/\/now-news.de\/de\/wp-json\/wp\/v2\/tags?post=69318"}],"curies":[{"name":"wp","href":"https:\/\/api.w.org\/{rel}","templated":true}]}}