{"id":69148,"date":"2024-09-18T06:45:00","date_gmt":"2024-09-18T04:45:00","guid":{"rendered":"https:\/\/now-news.de\/de\/deutschland\/dramatisiert-verfaelscht-weggelassen-wie-deutsche-medien-ueber-palaestina-proteste-luegen\/"},"modified":"2024-09-18T06:45:00","modified_gmt":"2024-09-18T04:45:00","slug":"dramatisiert-verfaelscht-weggelassen-wie-deutsche-medien-ueber-palaestina-proteste-luegen","status":"publish","type":"post","link":"https:\/\/now-news.de\/de\/deutschland\/dramatisiert-verfaelscht-weggelassen-wie-deutsche-medien-ueber-palaestina-proteste-luegen\/","title":{"rendered":"Dramatisiert, verf\u00e4lscht, weggelassen: Wie deutsche Medien \u00fcber Pal\u00e4stina-Proteste l\u00fcgen"},"content":{"rendered":"<p><img decoding=\"async\" src=\"https:\/\/now-news.de\/de\/wp-content\/uploads\/sites\/3\/2024\/09\/66e84a0748fbef1ab327c817.jpg\" \/><\/p>\n<div class=\"Text-root Text-type_1 \">\n                Gewaltt\u00e4tig und volksverhetzend: So stellten deutsche Medien j\u00fcngst Pal\u00e4stina-Demonstranten dar, die angeblich Berlins Kultursenator angegriffen h\u00e4tten. Doch die Berichte sind propagandistische Machwerke, die einerseits massiv dramatisierten, andererseits Kontext verf\u00e4lschten oder weglie\u00dfen.\n            <\/div>\n<p><\/p>\n<div class=\"Text-root Text-type_5 ArticleView-text ViewText-root \">\n<p><em>Von Susan Bonath<\/em><\/p>\n<p>Glaubt man deutschen Politikern und Medien, betreiben Propaganda immer nur die anderen \u2013 Russland, China und der Iran zum Beispiel. Das ist nat\u00fcrlich Unsinn. Beim Erz\u00e4hlen von Freund-Feind-Geschichten, die mit der Realit\u00e4t nicht allzu viel zu tun haben, sind deutsche Medien vorn dabei. Der Teufel versteckt sich h\u00e4ufig im Detail. Eine beliebte Praxis ist das Aufbauschen oder Weglassen bestimmter Informationen.<\/p>\n<p>So geschah es nun wieder einmal: Angeblich &#8220;antisemitische&#8221; Pro-Pal\u00e4stina-Demonstranten h\u00e4tten letzte Woche Berlins Kultursenator Joe Chialo (CDU) &#8220;angegriffen&#8221;, dies mehr oder weniger aus dem Nichts heraus, hie\u00df es. Aufgeblasen zu einer Tat eines &#8220;gewaltt\u00e4tigen Mobs&#8221; mit nahezu terroristischem Ausma\u00df definierte die staatsnahe Presse, wo gut und b\u00f6se zu verorten sei. Das Problem daran: Vieles an der Erz\u00e4hlung stimmt nicht, der Kontext wurde entweder ganz weggelassen oder verf\u00e4lschend verk\u00fcrzt.<\/p>\n<p><strong>Propaganda-Presse<\/strong><\/p>\n<p>Unter der \u00dcberschrift &#8220;Propal\u00e4stinensische Demonstranten bedr\u00e4ngen Chialo&#8221;\u00a0<a rel=\"nofollow noopener\" target=\"_blank\" href=\"https:\/\/www.tagesschau.de\/inland\/regional\/berlin\/kultursenator-chialo-demonstranten-100.html\">berichtete<\/a><strong>\u00a0<\/strong>das Schlachtschiff der Meinungsmache, die\u00a0<em>Tagesschau<\/em>: Eine Menschenmenge habe den Senator bei einer Er\u00f6ffnungsrede angegriffen, &#8220;B\u00fchnenequipment&#8221; in seine Richtung geworfen, &#8220;verbotene Parolen&#8221; gerufen und Pyrotechnik gez\u00fcndet. Chialo habe unter Polizeischutz das Gel\u00e4nde verlassen m\u00fcssen.<\/p>\n<p>Noch dramatischer\u00a0<a rel=\"nofollow noopener\" target=\"_blank\" href=\"https:\/\/www.bild.de\/regional\/berlin\/israel-hasser-mob-attackiert-berliner-kultursenator-joe-chialo-66e4356bcb180e1cf92076b0\">klang<\/a><strong>\u00a0<\/strong>es beispielsweise im\u00a0<em>Springer<\/em>-Boulevardblatt BILD: &#8220;Mob umringt und bedr\u00e4ngt Politiker \u2013 Israel-Hasser attackieren Berliner Kultursenator Chialo&#8221;. \u00dcberdies ist die Rede von einer &#8220;aggressiven Menge&#8221;, die Pal\u00e4stinensert\u00fccher getragen und &#8220;verbotene Parolen gerufen&#8221; habe \u2013 Ausrufezeichen triggern zus\u00e4tzlich Emp\u00f6rung.<\/p>\n<p>Die selbst ernannte &#8220;liberale&#8221; Zeitung f\u00fcr die sogenannte &#8220;Mittelschicht&#8221;, die\u00a0<em>ZEIT<\/em>, schwang ebenso ihre Keulen.\u00a0<strong>\u00a0<\/strong>Von &#8220;<a rel=\"nofollow noopener\" target=\"_blank\" href=\"https:\/\/www.zeit.de\/politik\/deutschland\/2024-09\/berliner-kultursenator-beleidigt-bedraengt-palaestina-aktivisten\">beleidigen und bedr\u00e4ngen<\/a>&#8221;\u00a0ist hier die Rede, und: &#8220;Zuvor soll es Intifada-Aufrufe gegeben haben&#8221;, hei\u00dft es. Im Artikel ist von &#8220;verbotenen Parolen&#8221; die Rede, und Demonstranten h\u00e4tten &#8220;Kennzeichen verfassungswidriger und terroristischer Organisationen&#8221; getragen \u2013 der Staatsschutz ermittele.<\/p>\n<p><strong>Hysterische \u00dcberdramatisierung<\/strong><\/p>\n<p>Dass die Berichte die Gewaltvorw\u00fcrfe massiv dramatisieren, geht aus einem von den Demo-Organisatoren auf YouTube ver\u00f6ffentlichten\u00a0<a rel=\"nofollow noopener\" target=\"_blank\" href=\"https:\/\/www.youtube.com\/watch?v=kE4CIaB_K-I\">Video<\/a>\u00a0hervor.\u00a0Demnach wurde Chialo von den Demonstranten umringt, dies aber doch in gr\u00f6\u00dferer Entfernung als suggeriert.<\/p>\n<p>Offenbar fiel dabei ein seitlich stehender, zus\u00e4tzlicher Mikrofonst\u00e4nder zun\u00e4chst um und wurde dann von einem Demonstranten ein paar Schritte weggetragen, dann von einem anderen abgenommen und, als eingegriffen wurde, ein St\u00fcck nach vorn zu Boden geworfen.<\/p>\n<p>Einen gezielten Wurf auf Personen gibt das von oben gefilmte Material nicht her, es zeigt auch nicht, dass jemand direkt getroffen wurde, wie behauptet. Offenbar landete er vor den F\u00fc\u00dfen eines Sicherheitsmannes. Dieser blieb aber unbeeindruckt stehen. Auch direkte Angriffe auf Chialo sind ebenso wenig zu erkennen wie angebliche verfassungswidrige Kennzeichen.<\/p>\n<p>Allerdings bleibt unklar, was vorher oder nachher geschah \u2013 das Video ist nur gut zwei Minuten lang und zeigt den Ablauf des beschriebenen &#8220;Angriffs&#8221;. In diesem Zeitraum sind jedenfalls nur folgende Slogans zu h\u00f6ren: &#8220;Free Palestine&#8221;, &#8220;Free Gaza&#8221;, &#8220;Viva Pal\u00e4stina&#8221;, &#8220;Stopp the Genocide&#8221; sowie die Parole &#8220;Deutschland finanziert, Israel bombardiert&#8221;. Davon d\u00fcrfte bisher nichts in Deutschland verboten sein.<\/p>\n<p><strong>Journalistische Regeln missachtet<\/strong><\/p>\n<p>Bereits auf den ersten Blick ist in der Berichterstattung ein schwerwiegender journalistischer Versto\u00df zu erkennen: Niemand befragte die Gegenseite, also etwa die Organisatoren und Zeugen, die nicht der Polizei oder der Politik angeh\u00f6ren. Die Berichte beschr\u00e4nken sich weitgehend auf die Wiedergabe beh\u00f6rdlicher Verlautbarungen \u2013 aufgeladen durch zahlreiche wertende Begriffe.<\/p>\n<p>Das ist ein No-Go im Journalismus, das schon darauf hindeutet, dass hier Propaganda als Berichterstattung getarnt wird. Dabei w\u00e4re es nicht schwer gewesen, die Sichtweise der Organisatoren zu erfahren. Diese haben n\u00e4mlich in sozialen Netzwerken, darunter Instagram, eine umfassende\u00a0<a rel=\"nofollow noopener\" target=\"_blank\" href=\"https:\/\/www.instagram.com\/p\/C_5pnX5swKG\/?utm_source=ig_web_copy_link&amp;igsh=MzRlODBiNWFlZA%3D%3D&amp;fbclid=IwY2xjawFUGThleHRuA2FlbQIxMAABHdUuOp_9VP-pPUpWgdYEnVtJ_igifRtn4SaOrgPgxmAGw4EAv-NQ-PM4bA_aem_SzUsGrKm0KEBUzEf6IfuVQ&amp;img_index=1\">Mitteilung<\/a>\u00a0ver\u00f6ffentlicht.<\/p>\n<p><strong>Kontext verf\u00e4lscht oder &#8220;vergessen&#8221;<\/strong><\/p>\n<p>Doch worum ging es eigentlich bei dieser Protestaktion? Das erfahren die Leser in den meisten deutschen Medien \u2013 darunter\u00a0<em>BILD<\/em>\u00a0und\u00a0<em>ZEIT<\/em>\u00a0\u2013 gar nicht. Andere, wie die\u00a0<em>Tagesschau<\/em>, geben den Kontext unvollst\u00e4ndig und v\u00f6llig verf\u00e4lscht wieder. Letztere titelt dazu in einer Zwischen\u00fcberschrift: &#8220;Offenbar Protest gegen Oyoun-F\u00f6rderstopp&#8221; \u2013 dies legten Aufschriften auf Transparenten nahe.<\/p>\n<p>&#8220;Oyoun&#8221; ist ein interkultureller, stark migrantisch gepr\u00e4gter Verein in Berlin-Neuk\u00f6lln, der allerdings so gar nicht dem Klischee entspricht: Er legt zum Beispiel gro\u00dfen Wert auf Feminismus, sexuelle Freiheit, interkulturelle und interreligi\u00f6se Beziehungen und nutzt sogar vielfach &#8220;woke&#8221; Sprache, wie man auf seiner\u00a0<a rel=\"nofollow noopener\" target=\"_blank\" href=\"https:\/\/oyoun.de\/\">Internetseite<\/a>\u00a0erf\u00e4hrt.\u00a0<\/p>\n<p>Weiter schreibt die Tagesschau von einem &#8220;Streit zwischen dem Neuk\u00f6llner Kulturzentrum und dem Kultursenator&#8221;. Chialos Beh\u00f6rde habe Ende 2023 die Auszahlung von F\u00f6rdergeldern in Millionenh\u00f6he an Oyoun gestoppt, die bis Ende 2025 vereinbart waren. Dazu hei\u00dft es:<\/p>\n<blockquote>\n<p><em>&#8220;Hintergrund waren unter anderem angebliche Vorw\u00fcrfe m\u00f6glicherweise antisemitischer Haltungen bei einer Veranstaltung in den R\u00e4umen von Oyoun im November 2023.&#8221;<\/em><\/p>\n<\/blockquote>\n<p>Seither wehre sich das Kulturzentrum juristisch gegen den F\u00f6rderstopp. Der Senat habe bereits den Kulturstandort neu ausgeschrieben. Letzteres stimmt zwar, das\u00a0Problem ist aber, dass die\u00a0<em>Tagesschau<\/em>\u00a0nur vage von &#8220;antisemitischen Haltungen&#8221; raunt, aber nicht sagt, was wirklich im vergangenen Herbst passiert ist. Genau das ist aber von h\u00f6chster Bedeutung, um das Geschehen zu verstehen.<\/p>\n<p><strong>Was wirklich geschah: Auftritt unerw\u00fcnschter Juden<\/strong><\/p>\n<p>Oyoun hatte damals n\u00e4mlich den deutschen Ableger eines internationalen j\u00fcdischen Vereins namens &#8220;Jewish Voice for Peace&#8221; (J\u00fcdische Stimme f\u00fcr Frieden) zu Gast. Dieser setzt sich seit langem gegen die v\u00f6lkerrechtswidrige israelische Besatzung Pal\u00e4stinas ein \u2013 und somit aktuell gegen den Krieg, den Israel seit dem 7. Oktober mit aller Brutalit\u00e4t im Gazastreifen f\u00fchrt. Der Verein bezeichnet sich als antizionistisch \u2013 bekanntlich ein Dorn in den Augen deutscher Wahrheitsdeuter.<\/p>\n<p>Somit wirft der Senat nicht irgendwem Antisemitismus vor, sondern ausgerechnet einem j\u00fcdischen Verein, dessen Mitglieder \u2013 teilweise sogar mit israelischer Staatsb\u00fcrgerschaft \u2013 schlicht eine in Deutschland unerw\u00fcnschte politische Haltung vertreten. Mit anderen Worten: Die politische Gesinnungskontrolle macht im Land des Holocausts auch im 21. Jahrhundert nicht vor Juden halt.<\/p>\n<p>Nach dem Auftritt der &#8220;J\u00fcdischen Stimme&#8221; ist allerdings noch mehr passiert: Der Senat strich Oyoun nicht nur die F\u00f6rdermittel, sondern k\u00fcndigte ihnen gleich noch das st\u00e4dtische Domizil. Auch der j\u00fcdische Verein selbst\u00a0<a rel=\"nofollow noopener\" target=\"_blank\" href=\"https:\/\/www.juedische-stimme.de\/stellungnahme-zur-schlie%C3%9Fung-vom-oyoun\">kritisierte<\/a>\u00a0das Vorgehen der Berliner Politik damals scharf.\u00a0Er teilte zudem einen Spendenaufruf f\u00fcr \u2013 bisher weitgehend erfolglose \u2013 juristische Gegenwehr.<\/p>\n<p><strong>Gericht verbietet Antisemitismuskeule<\/strong><\/p>\n<p>In einem Fall siegte der Verein allerdings vor Gericht: Der Tagesspiegel darf per einstweiliger Verf\u00fcgung unter anderem nicht mehr behaupten, dass Oyoun &#8220;durch antisemitische Vorf\u00e4lle aufgefallen&#8221; sei. Dar\u00fcber\u00a0<a rel=\"nofollow noopener\" target=\"_blank\" href=\"https:\/\/www.berliner-zeitung.de\/kultur-vergnuegen\/antisemitismusvorwurf-oyoun-gibt-den-kampf-gegen-joe-chialo-nicht-auf-in-einer-demokratie-muss-so-etwas-moeglich-sein-li.2207668\">berichtete<\/a>\u00a0im April dieses Jahres die\u00a0<em>Berliner Zeitung<\/em>.\u00a0<\/p>\n<p>Interessant ist nicht nur, dass viele andere Medien dieses Urteil ersichtlich nicht anfechten \u2013 auch der Berliner Senat zog danach seine Antisemitismusvorw\u00fcrfe gegen Oyoun zur\u00fcck. Stattdessen beruft sich dieser nun auf seine Freiheit, die F\u00f6rderkriterien selbst festzulegen. Schwadroniert wird von einem &#8220;Tanz am Rande des Antisemitismus&#8221;. Das sei zwar keine Volksverhetzung, f\u00f6rdern m\u00fcsse man das aber nicht, hei\u00dft es.<\/p>\n<p><strong>Politische Zensur<\/strong><\/p>\n<p>Festzuhalten bleibt: Der Protest von 40 bis 50 Aktivisten gegen Berlins Kultursenator am 12. September bezog sich ganz konkret auf den Fall Oyoun, \u00fcber den damals auch\u00a0<em>RT DE<\/em>\u00a0<a rel=\"nofollow noopener\" target=\"_blank\" href=\"https:\/\/freedert.online\/inland\/189228-juden-mit-falscher-meinung-zu\/\">berichtet<\/a>\u00a0hatte.\u00a0\u00a0Der Verein J\u00fcdische Stimme, immerhin Ausl\u00f6ser des &#8220;Dramas&#8221;, beteiligte sich ebenfalls daran, wie ein\u00a0<a rel=\"nofollow noopener\" target=\"_blank\" href=\"https:\/\/www.facebook.com\/juedischestimme\/posts\/824271833212523\/?paipv=0&amp;eav=AfbRQPzqi__-NoaP-xr3oBzWzXOGRwtdhA3s3t7UH6ZhimVFn0J95VPITq_S_izu-Fc&amp;_rdr\">Facebook-Post<\/a>\u00a0des Vereins zeigt.\u00a0\u00a0Der wirft dem CDU-Senator vor, &#8220;antidemokratisch&#8221;\u00a0zu sein.<\/p>\n<p>Man kann hier auch ganz einfach von politischer Zensur sprechen, vorangetrieben durch diskreditierende Propaganda, die Personen mit unerw\u00fcnschten Meinungen negativ brandmarkt, Vorg\u00e4nge verf\u00e4lscht und Kontext verdreht, vollzogen durch den Entzug finanzieller Mittel. Von wegen, das gebe es im demokratischen Wertewesten nicht.<\/p>\n<p>Demo-Organisatoren:<\/p>\n<p>Am 12. September\u00a0<a rel=\"nofollow noopener\" target=\"_blank\" href=\"https:\/\/www.instagram.com\/p\/C_5pnX5swKG\/?utm_source=ig_web_copy_link&amp;igsh=MzRlODBiNWFlZA%3D%3D&amp;fbclid=IwY2xjawFUGThleHRuA2FlbQIxMAABHdUuOp_9VP-pPUpWgdYEnVtJ_igifRtn4SaOrgPgxmAGw4EAv-NQ-PM4bA_aem_SzUsGrKm0KEBUzEf6IfuVQ&amp;img_index=1\">st\u00f6rten<\/a>\u00a0\u00fcber 50 Demonstranten eine Rede von Kultursenator Joe Chialo im ZK\/U zur Berlin Art Week. Zwischen Sprechch\u00f6ren skizzierten sie seine Vergehen und pr\u00e4sentierten eine Liste mit Forderungen. Nach einer halben Stunde lie\u00df sich der neu mit den Spitznamen &#8220;Genocide Joe Chialo&#8221; und &#8220;Censorship Senator&#8221; versehene Senator von der Polizei vom Gel\u00e4nde eskortieren, wobei die Demonstranten ihre Intervention als Erfolg bezeichneten.<\/p>\n<p>Die Demonstranten fordern von Chialo:<br \/>\u2022 Stoppen Sie den Plan, den Geheimdienst in Entscheidungen \u00fcber die Kulturf\u00f6rderung einzubeziehen<br \/>\u2022 Keine weiteren Budgetk\u00fcrzungen im Kultursektor<br \/>\u2022 Lassen Sie alle Versuche fallen, die IHRA-Definition von Antisemitismus offiziell zu \u00fcbernehmen<br \/>\u2022 Stellen Sie die Finanzierung von Oyoun wie vertraglich vereinbart bis Ende 2025 wieder ein<br \/>\u2022 H\u00f6ren Sie auf, Antisemitismusvorw\u00fcrfe als Waffe zu verwenden<\/p>\n<p>Joe Chialo hat immer wieder versucht, propal\u00e4stinensische Stimmen zum Schweigen zu bringen. Im vergangenen Oktober entzog er dem von BIPOC gef\u00fchrten Kulturzentrum Oyoun die Mittel, weil es eine Veranstaltung von Jewish Voice for Peace zur Trauer um die pal\u00e4stinensischen Todesopfer veranstaltete. Im Winter versuchte er, K\u00fcnstler dazu zu zwingen, sich an die weithin diskreditierte IHRA-Definition von Antisemitismus als F\u00f6rdervoraussetzung zu halten. Zuletzt k\u00fcndigte seine Partei, die CDU, Pl\u00e4ne an, den Geheimdienst mit der \u00dcberwachung von F\u00f6rderempf\u00e4ngern zu beauftragen.<\/p>\n<p>Auf nationaler Ebene f\u00fchren die CDU, die SPD und die Gr\u00fcnen zunehmend faschistische Ma\u00dfnahmen wie Grenzkontrollen, Abschiebungen und erh\u00f6hte Polizei- und Milit\u00e4rbudgets ein. Die Organisatoren dieser Aktion rufen zu weiterem Druck auf alle Politiker auf, die den V\u00f6lkermord in Pal\u00e4stina aktiv fortsetzen und in Deutschland einen Autoritarismus etablieren.<\/p>\n<p><strong>Mehr zum Thema &#8211;<\/strong>\u00a0<a rel=\"nofollow noopener\" target=\"_blank\" href=\"https:\/\/freedert.online\/meinung\/202606-palaestina-kongress-veranstalter-beklagen-oeffentliche\/\">Pal\u00e4stina-Kongress: Veranstalter beklagen \u00f6ffentliche Diffamierung und staatliche Repression <\/a><a rel=\"nofollow noopener\" target=\"_blank\" href=\"https:\/\/freedert.online\/meinung\/216930-pruegeln-treten-wuergen-deutsche-presse\/\"><\/a><\/p>\n<div class=\"EmbedBlock-root EmbedBlock-externalVideo EmbedBlock-rumble\">\n<div class=\"VkEmbed\"><iframe class=\"lazyload\" data-src=\"https:\/\/rumble.com\/embed\/v3zxk3n\" frameborder=\"0\" width=\"853\" height=\"480\" allowfullscreen><\/iframe><\/div>\n<\/div>\n<\/div>\n<p><script async defer src=\"https:\/\/platform.instagram.com\/en_US\/embeds.js\"><\/script><br \/>\n<br \/><br \/>\n<br \/><a href=\"https:\/\/de.rt.com\/meinung\/219358-dramatisiert-verfaelscht-weggelassen-wie-deutsche\/\">Source link <\/a><\/p>\n","protected":false},"excerpt":{"rendered":"<p>Gewaltt\u00e4tig und volksverhetzend: So stellten deutsche Medien j\u00fcngst Pal\u00e4stina-Demonstranten dar, die angeblich Berlins Kultursenator angegriffen h\u00e4tten. Doch die Berichte sind propagandistische Machwerke, die einerseits massiv dramatisierten, andererseits Kontext verf\u00e4lschten oder weglie\u00dfen. Von Susan Bonath Glaubt man deutschen Politikern und Medien, betreiben Propaganda immer nur die anderen \u2013 Russland, China und der Iran zum Beispiel. Das [&hellip;]<\/p>\n","protected":false},"author":3,"featured_media":69149,"comment_status":"open","ping_status":"open","sticky":false,"template":"","format":"standard","meta":{"_yoast_indexnow_last_ping":["1726635373"],"wp_automatic_camp":["217"],"4eae8bd4f469b4cc13bd0065b5f0d75e":["Dramatisiert, verf\u00e4lscht, weggelassen: Wie deutsche Medien \u00fcber Pal\u00e4stina-Proteste l\u00fcgen"],"original_link":["https:\/\/de.rt.com\/meinung\/219358-dramatisiert-verfaelscht-weggelassen-wie-deutsche\/"],"_thumbnail_id":["69149"],"jnews_social_counter_last_update":["1776922649"],"_wptgpro_p2tg_sent2tg":["a:1:{i:23737;s:19:\"2024-09-18 06:57:26\";}"]},"categories":[19,23],"tags":[2374,58645,8897,580,58648,139,58646,58647,579],"yoast_head":"<!-- This site is optimized with the Yoast SEO Premium plugin v22.7 (Yoast SEO v22.7) - https:\/\/yoast.com\/wordpress\/plugins\/seo\/ -->\n<title>Dramatisiert, verf\u00e4lscht, weggelassen: Wie deutsche Medien \u00fcber Pal\u00e4stina-Proteste l\u00fcgen - just-now.NEWS Deutschland<\/title>\n<meta name=\"robots\" content=\"index, follow, max-snippet:-1, max-image-preview:large, max-video-preview:-1\" \/>\n<link rel=\"canonical\" href=\"https:\/\/now-news.de\/de\/deutschland\/dramatisiert-verfaelscht-weggelassen-wie-deutsche-medien-ueber-palaestina-proteste-luegen\/\" \/>\n<meta property=\"og:locale\" content=\"de_DE\" \/>\n<meta property=\"og:type\" content=\"article\" \/>\n<meta property=\"og:title\" content=\"Dramatisiert, verf\u00e4lscht, weggelassen: Wie deutsche Medien \u00fcber Pal\u00e4stina-Proteste l\u00fcgen\" \/>\n<meta property=\"og:description\" content=\"Gewaltt\u00e4tig und volksverhetzend: So stellten deutsche Medien j\u00fcngst Pal\u00e4stina-Demonstranten dar, die angeblich Berlins Kultursenator angegriffen h\u00e4tten. Doch die Berichte sind propagandistische Machwerke, die einerseits massiv dramatisierten, andererseits Kontext verf\u00e4lschten oder weglie\u00dfen. Von Susan Bonath Glaubt man deutschen Politikern und Medien, betreiben Propaganda immer nur die anderen \u2013 Russland, China und der Iran zum Beispiel. Das [&hellip;]\" \/>\n<meta property=\"og:url\" content=\"https:\/\/now-news.de\/de\/deutschland\/dramatisiert-verfaelscht-weggelassen-wie-deutsche-medien-ueber-palaestina-proteste-luegen\/\" \/>\n<meta property=\"og:site_name\" content=\"just-now.NEWS Deutschland\" \/>\n<meta property=\"article:publisher\" content=\"https:\/\/www.facebook.com\/wirmachenauf\" \/>\n<meta property=\"article:published_time\" content=\"2024-09-18T04:45:00+00:00\" \/>\n<meta property=\"og:image\" content=\"https:\/\/now-news.de\/de\/wp-content\/uploads\/sites\/3\/2024\/09\/66e84a0748fbef1ab327c817.jpg\" \/>\n<meta name=\"author\" content=\"rtnews\" \/>\n<meta name=\"twitter:card\" content=\"summary_large_image\" \/>\n<meta name=\"twitter:creator\" content=\"@WirMachenAuf_de\" \/>\n<meta name=\"twitter:site\" content=\"@WirMachenAuf_de\" \/>\n<meta name=\"twitter:label1\" content=\"Verfasst von\" \/>\n\t<meta name=\"twitter:data1\" content=\"rtnews\" \/>\n\t<meta name=\"twitter:label2\" content=\"Gesch\u00e4tzte Lesezeit\" \/>\n\t<meta name=\"twitter:data2\" content=\"8\u00a0Minuten\" \/>\n<script type=\"application\/ld+json\" class=\"yoast-schema-graph\">{\"@context\":\"https:\/\/schema.org\",\"@graph\":[{\"@type\":\"Article\",\"@id\":\"https:\/\/now-news.de\/de\/deutschland\/dramatisiert-verfaelscht-weggelassen-wie-deutsche-medien-ueber-palaestina-proteste-luegen\/#article\",\"isPartOf\":{\"@id\":\"https:\/\/now-news.de\/de\/deutschland\/dramatisiert-verfaelscht-weggelassen-wie-deutsche-medien-ueber-palaestina-proteste-luegen\/\"},\"author\":{\"name\":\"rtnews\",\"@id\":\"https:\/\/now-news.de\/de\/#\/schema\/person\/fb534a4e865501d8b3285208df34a9b5\"},\"headline\":\"Dramatisiert, verf\u00e4lscht, weggelassen: Wie deutsche Medien \u00fcber Pal\u00e4stina-Proteste l\u00fcgen\",\"datePublished\":\"2024-09-18T04:45:00+00:00\",\"dateModified\":\"2024-09-18T04:45:00+00:00\",\"mainEntityOfPage\":{\"@id\":\"https:\/\/now-news.de\/de\/deutschland\/dramatisiert-verfaelscht-weggelassen-wie-deutsche-medien-ueber-palaestina-proteste-luegen\/\"},\"wordCount\":1535,\"commentCount\":0,\"publisher\":{\"@id\":\"https:\/\/now-news.de\/de\/#organization\"},\"image\":{\"@id\":\"https:\/\/now-news.de\/de\/deutschland\/dramatisiert-verfaelscht-weggelassen-wie-deutsche-medien-ueber-palaestina-proteste-luegen\/#primaryimage\"},\"thumbnailUrl\":\"https:\/\/now-news.de\/de\/wp-content\/uploads\/sites\/3\/2024\/09\/Dramatisiert-verfaelscht-weggelassen-Wie-deutsche-Medien-ueber-Palaestina-Proteste-luegen.jpg\",\"keywords\":[\"Deutsche\",\"Dramatisiert\",\"l\u00fcgen\",\"Medien\",\"Pal\u00e4stinaProteste\",\"\u00fcber\",\"verf\u00e4lscht\",\"weggelassen\",\"Wie\"],\"articleSection\":[\"Deutschland\",\"Russland\"],\"inLanguage\":\"de\",\"potentialAction\":[{\"@type\":\"CommentAction\",\"name\":\"Comment\",\"target\":[\"https:\/\/now-news.de\/de\/deutschland\/dramatisiert-verfaelscht-weggelassen-wie-deutsche-medien-ueber-palaestina-proteste-luegen\/#respond\"]}]},{\"@type\":\"WebPage\",\"@id\":\"https:\/\/now-news.de\/de\/deutschland\/dramatisiert-verfaelscht-weggelassen-wie-deutsche-medien-ueber-palaestina-proteste-luegen\/\",\"url\":\"https:\/\/now-news.de\/de\/deutschland\/dramatisiert-verfaelscht-weggelassen-wie-deutsche-medien-ueber-palaestina-proteste-luegen\/\",\"name\":\"Dramatisiert, verf\u00e4lscht, weggelassen: Wie deutsche Medien \u00fcber Pal\u00e4stina-Proteste l\u00fcgen - just-now.NEWS Deutschland\",\"isPartOf\":{\"@id\":\"https:\/\/now-news.de\/de\/#website\"},\"primaryImageOfPage\":{\"@id\":\"https:\/\/now-news.de\/de\/deutschland\/dramatisiert-verfaelscht-weggelassen-wie-deutsche-medien-ueber-palaestina-proteste-luegen\/#primaryimage\"},\"image\":{\"@id\":\"https:\/\/now-news.de\/de\/deutschland\/dramatisiert-verfaelscht-weggelassen-wie-deutsche-medien-ueber-palaestina-proteste-luegen\/#primaryimage\"},\"thumbnailUrl\":\"https:\/\/now-news.de\/de\/wp-content\/uploads\/sites\/3\/2024\/09\/Dramatisiert-verfaelscht-weggelassen-Wie-deutsche-Medien-ueber-Palaestina-Proteste-luegen.jpg\",\"datePublished\":\"2024-09-18T04:45:00+00:00\",\"dateModified\":\"2024-09-18T04:45:00+00:00\",\"breadcrumb\":{\"@id\":\"https:\/\/now-news.de\/de\/deutschland\/dramatisiert-verfaelscht-weggelassen-wie-deutsche-medien-ueber-palaestina-proteste-luegen\/#breadcrumb\"},\"inLanguage\":\"de\",\"potentialAction\":[{\"@type\":\"ReadAction\",\"target\":[\"https:\/\/now-news.de\/de\/deutschland\/dramatisiert-verfaelscht-weggelassen-wie-deutsche-medien-ueber-palaestina-proteste-luegen\/\"]}]},{\"@type\":\"ImageObject\",\"inLanguage\":\"de\",\"@id\":\"https:\/\/now-news.de\/de\/deutschland\/dramatisiert-verfaelscht-weggelassen-wie-deutsche-medien-ueber-palaestina-proteste-luegen\/#primaryimage\",\"url\":\"https:\/\/now-news.de\/de\/wp-content\/uploads\/sites\/3\/2024\/09\/Dramatisiert-verfaelscht-weggelassen-Wie-deutsche-Medien-ueber-Palaestina-Proteste-luegen.jpg\",\"contentUrl\":\"https:\/\/now-news.de\/de\/wp-content\/uploads\/sites\/3\/2024\/09\/Dramatisiert-verfaelscht-weggelassen-Wie-deutsche-Medien-ueber-Palaestina-Proteste-luegen.jpg\",\"width\":460,\"height\":259,\"caption\":\"Dramatisiert, verf\u00e4lscht, weggelassen: Wie deutsche Medien \u00fcber Pal\u00e4stina-Proteste l\u00fcgen\"},{\"@type\":\"BreadcrumbList\",\"@id\":\"https:\/\/now-news.de\/de\/deutschland\/dramatisiert-verfaelscht-weggelassen-wie-deutsche-medien-ueber-palaestina-proteste-luegen\/#breadcrumb\",\"itemListElement\":[{\"@type\":\"ListItem\",\"position\":1,\"name\":\"Home\",\"item\":\"https:\/\/now-news.de\/de\/\"},{\"@type\":\"ListItem\",\"position\":2,\"name\":\"Dramatisiert, verf\u00e4lscht, weggelassen: Wie deutsche Medien \u00fcber Pal\u00e4stina-Proteste l\u00fcgen\"}]},{\"@type\":\"WebSite\",\"@id\":\"https:\/\/now-news.de\/de\/#website\",\"url\":\"https:\/\/now-news.de\/de\/\",\"name\":\"just-now.NEWS Deutschland\",\"description\":\"Das Portal f\u00fcr unzensierte Nachrichten aus der Welt\",\"publisher\":{\"@id\":\"https:\/\/now-news.de\/de\/#organization\"},\"potentialAction\":[{\"@type\":\"SearchAction\",\"target\":{\"@type\":\"EntryPoint\",\"urlTemplate\":\"https:\/\/now-news.de\/de\/?s={search_term_string}\"},\"query-input\":\"required name=search_term_string\"}],\"inLanguage\":\"de\"},{\"@type\":\"Organization\",\"@id\":\"https:\/\/now-news.de\/de\/#organization\",\"name\":\"Just Now News\",\"url\":\"https:\/\/now-news.de\/de\/\",\"logo\":{\"@type\":\"ImageObject\",\"inLanguage\":\"de\",\"@id\":\"https:\/\/now-news.de\/de\/#\/schema\/logo\/image\/\",\"url\":\"http:\/\/just-now.news\/de\/wp-content\/uploads\/sites\/3\/2022\/04\/logo500x500.jpg\",\"contentUrl\":\"http:\/\/just-now.news\/de\/wp-content\/uploads\/sites\/3\/2022\/04\/logo500x500.jpg\",\"width\":500,\"height\":500,\"caption\":\"Just Now News\"},\"image\":{\"@id\":\"https:\/\/now-news.de\/de\/#\/schema\/logo\/image\/\"},\"sameAs\":[\"https:\/\/www.facebook.com\/wirmachenauf\",\"https:\/\/x.com\/WirMachenAuf_de\"]},{\"@type\":\"Person\",\"@id\":\"https:\/\/now-news.de\/de\/#\/schema\/person\/fb534a4e865501d8b3285208df34a9b5\",\"name\":\"rtnews\",\"image\":{\"@type\":\"ImageObject\",\"inLanguage\":\"de\",\"@id\":\"https:\/\/now-news.de\/de\/#\/schema\/person\/image\/\",\"url\":\"https:\/\/secure.gravatar.com\/avatar\/82aafea7d8127119dd649515f56e2117?s=96&d=mm&r=g\",\"contentUrl\":\"https:\/\/secure.gravatar.com\/avatar\/82aafea7d8127119dd649515f56e2117?s=96&d=mm&r=g\",\"caption\":\"rtnews\"},\"url\":\"https:\/\/now-news.de\/de\/author\/rnews\/\"}]}<\/script>\n<!-- \/ Yoast SEO Premium plugin. -->","yoast_head_json":{"title":"Dramatisiert, verf\u00e4lscht, weggelassen: Wie deutsche Medien \u00fcber Pal\u00e4stina-Proteste l\u00fcgen - just-now.NEWS Deutschland","robots":{"index":"index","follow":"follow","max-snippet":"max-snippet:-1","max-image-preview":"max-image-preview:large","max-video-preview":"max-video-preview:-1"},"canonical":"https:\/\/now-news.de\/de\/deutschland\/dramatisiert-verfaelscht-weggelassen-wie-deutsche-medien-ueber-palaestina-proteste-luegen\/","og_locale":"de_DE","og_type":"article","og_title":"Dramatisiert, verf\u00e4lscht, weggelassen: Wie deutsche Medien \u00fcber Pal\u00e4stina-Proteste l\u00fcgen","og_description":"Gewaltt\u00e4tig und volksverhetzend: So stellten deutsche Medien j\u00fcngst Pal\u00e4stina-Demonstranten dar, die angeblich Berlins Kultursenator angegriffen h\u00e4tten. Doch die Berichte sind propagandistische Machwerke, die einerseits massiv dramatisierten, andererseits Kontext verf\u00e4lschten oder weglie\u00dfen. Von Susan Bonath Glaubt man deutschen Politikern und Medien, betreiben Propaganda immer nur die anderen \u2013 Russland, China und der Iran zum Beispiel. Das [&hellip;]","og_url":"https:\/\/now-news.de\/de\/deutschland\/dramatisiert-verfaelscht-weggelassen-wie-deutsche-medien-ueber-palaestina-proteste-luegen\/","og_site_name":"just-now.NEWS Deutschland","article_publisher":"https:\/\/www.facebook.com\/wirmachenauf","article_published_time":"2024-09-18T04:45:00+00:00","og_image":[{"url":"https:\/\/now-news.de\/de\/wp-content\/uploads\/sites\/3\/2024\/09\/66e84a0748fbef1ab327c817.jpg"}],"author":"rtnews","twitter_card":"summary_large_image","twitter_creator":"@WirMachenAuf_de","twitter_site":"@WirMachenAuf_de","twitter_misc":{"Verfasst von":"rtnews","Gesch\u00e4tzte Lesezeit":"8\u00a0Minuten"},"schema":{"@context":"https:\/\/schema.org","@graph":[{"@type":"Article","@id":"https:\/\/now-news.de\/de\/deutschland\/dramatisiert-verfaelscht-weggelassen-wie-deutsche-medien-ueber-palaestina-proteste-luegen\/#article","isPartOf":{"@id":"https:\/\/now-news.de\/de\/deutschland\/dramatisiert-verfaelscht-weggelassen-wie-deutsche-medien-ueber-palaestina-proteste-luegen\/"},"author":{"name":"rtnews","@id":"https:\/\/now-news.de\/de\/#\/schema\/person\/fb534a4e865501d8b3285208df34a9b5"},"headline":"Dramatisiert, verf\u00e4lscht, weggelassen: Wie deutsche Medien \u00fcber Pal\u00e4stina-Proteste l\u00fcgen","datePublished":"2024-09-18T04:45:00+00:00","dateModified":"2024-09-18T04:45:00+00:00","mainEntityOfPage":{"@id":"https:\/\/now-news.de\/de\/deutschland\/dramatisiert-verfaelscht-weggelassen-wie-deutsche-medien-ueber-palaestina-proteste-luegen\/"},"wordCount":1535,"commentCount":0,"publisher":{"@id":"https:\/\/now-news.de\/de\/#organization"},"image":{"@id":"https:\/\/now-news.de\/de\/deutschland\/dramatisiert-verfaelscht-weggelassen-wie-deutsche-medien-ueber-palaestina-proteste-luegen\/#primaryimage"},"thumbnailUrl":"https:\/\/now-news.de\/de\/wp-content\/uploads\/sites\/3\/2024\/09\/Dramatisiert-verfaelscht-weggelassen-Wie-deutsche-Medien-ueber-Palaestina-Proteste-luegen.jpg","keywords":["Deutsche","Dramatisiert","l\u00fcgen","Medien","Pal\u00e4stinaProteste","\u00fcber","verf\u00e4lscht","weggelassen","Wie"],"articleSection":["Deutschland","Russland"],"inLanguage":"de","potentialAction":[{"@type":"CommentAction","name":"Comment","target":["https:\/\/now-news.de\/de\/deutschland\/dramatisiert-verfaelscht-weggelassen-wie-deutsche-medien-ueber-palaestina-proteste-luegen\/#respond"]}]},{"@type":"WebPage","@id":"https:\/\/now-news.de\/de\/deutschland\/dramatisiert-verfaelscht-weggelassen-wie-deutsche-medien-ueber-palaestina-proteste-luegen\/","url":"https:\/\/now-news.de\/de\/deutschland\/dramatisiert-verfaelscht-weggelassen-wie-deutsche-medien-ueber-palaestina-proteste-luegen\/","name":"Dramatisiert, verf\u00e4lscht, weggelassen: Wie deutsche Medien \u00fcber Pal\u00e4stina-Proteste l\u00fcgen - just-now.NEWS Deutschland","isPartOf":{"@id":"https:\/\/now-news.de\/de\/#website"},"primaryImageOfPage":{"@id":"https:\/\/now-news.de\/de\/deutschland\/dramatisiert-verfaelscht-weggelassen-wie-deutsche-medien-ueber-palaestina-proteste-luegen\/#primaryimage"},"image":{"@id":"https:\/\/now-news.de\/de\/deutschland\/dramatisiert-verfaelscht-weggelassen-wie-deutsche-medien-ueber-palaestina-proteste-luegen\/#primaryimage"},"thumbnailUrl":"https:\/\/now-news.de\/de\/wp-content\/uploads\/sites\/3\/2024\/09\/Dramatisiert-verfaelscht-weggelassen-Wie-deutsche-Medien-ueber-Palaestina-Proteste-luegen.jpg","datePublished":"2024-09-18T04:45:00+00:00","dateModified":"2024-09-18T04:45:00+00:00","breadcrumb":{"@id":"https:\/\/now-news.de\/de\/deutschland\/dramatisiert-verfaelscht-weggelassen-wie-deutsche-medien-ueber-palaestina-proteste-luegen\/#breadcrumb"},"inLanguage":"de","potentialAction":[{"@type":"ReadAction","target":["https:\/\/now-news.de\/de\/deutschland\/dramatisiert-verfaelscht-weggelassen-wie-deutsche-medien-ueber-palaestina-proteste-luegen\/"]}]},{"@type":"ImageObject","inLanguage":"de","@id":"https:\/\/now-news.de\/de\/deutschland\/dramatisiert-verfaelscht-weggelassen-wie-deutsche-medien-ueber-palaestina-proteste-luegen\/#primaryimage","url":"https:\/\/now-news.de\/de\/wp-content\/uploads\/sites\/3\/2024\/09\/Dramatisiert-verfaelscht-weggelassen-Wie-deutsche-Medien-ueber-Palaestina-Proteste-luegen.jpg","contentUrl":"https:\/\/now-news.de\/de\/wp-content\/uploads\/sites\/3\/2024\/09\/Dramatisiert-verfaelscht-weggelassen-Wie-deutsche-Medien-ueber-Palaestina-Proteste-luegen.jpg","width":460,"height":259,"caption":"Dramatisiert, verf\u00e4lscht, weggelassen: Wie deutsche Medien \u00fcber Pal\u00e4stina-Proteste l\u00fcgen"},{"@type":"BreadcrumbList","@id":"https:\/\/now-news.de\/de\/deutschland\/dramatisiert-verfaelscht-weggelassen-wie-deutsche-medien-ueber-palaestina-proteste-luegen\/#breadcrumb","itemListElement":[{"@type":"ListItem","position":1,"name":"Home","item":"https:\/\/now-news.de\/de\/"},{"@type":"ListItem","position":2,"name":"Dramatisiert, verf\u00e4lscht, weggelassen: Wie deutsche Medien \u00fcber Pal\u00e4stina-Proteste l\u00fcgen"}]},{"@type":"WebSite","@id":"https:\/\/now-news.de\/de\/#website","url":"https:\/\/now-news.de\/de\/","name":"just-now.NEWS Deutschland","description":"Das Portal f\u00fcr unzensierte Nachrichten aus der Welt","publisher":{"@id":"https:\/\/now-news.de\/de\/#organization"},"potentialAction":[{"@type":"SearchAction","target":{"@type":"EntryPoint","urlTemplate":"https:\/\/now-news.de\/de\/?s={search_term_string}"},"query-input":"required name=search_term_string"}],"inLanguage":"de"},{"@type":"Organization","@id":"https:\/\/now-news.de\/de\/#organization","name":"Just Now News","url":"https:\/\/now-news.de\/de\/","logo":{"@type":"ImageObject","inLanguage":"de","@id":"https:\/\/now-news.de\/de\/#\/schema\/logo\/image\/","url":"http:\/\/just-now.news\/de\/wp-content\/uploads\/sites\/3\/2022\/04\/logo500x500.jpg","contentUrl":"http:\/\/just-now.news\/de\/wp-content\/uploads\/sites\/3\/2022\/04\/logo500x500.jpg","width":500,"height":500,"caption":"Just Now News"},"image":{"@id":"https:\/\/now-news.de\/de\/#\/schema\/logo\/image\/"},"sameAs":["https:\/\/www.facebook.com\/wirmachenauf","https:\/\/x.com\/WirMachenAuf_de"]},{"@type":"Person","@id":"https:\/\/now-news.de\/de\/#\/schema\/person\/fb534a4e865501d8b3285208df34a9b5","name":"rtnews","image":{"@type":"ImageObject","inLanguage":"de","@id":"https:\/\/now-news.de\/de\/#\/schema\/person\/image\/","url":"https:\/\/secure.gravatar.com\/avatar\/82aafea7d8127119dd649515f56e2117?s=96&d=mm&r=g","contentUrl":"https:\/\/secure.gravatar.com\/avatar\/82aafea7d8127119dd649515f56e2117?s=96&d=mm&r=g","caption":"rtnews"},"url":"https:\/\/now-news.de\/de\/author\/rnews\/"}]}},"_links":{"self":[{"href":"https:\/\/now-news.de\/de\/wp-json\/wp\/v2\/posts\/69148"}],"collection":[{"href":"https:\/\/now-news.de\/de\/wp-json\/wp\/v2\/posts"}],"about":[{"href":"https:\/\/now-news.de\/de\/wp-json\/wp\/v2\/types\/post"}],"author":[{"embeddable":true,"href":"https:\/\/now-news.de\/de\/wp-json\/wp\/v2\/users\/3"}],"replies":[{"embeddable":true,"href":"https:\/\/now-news.de\/de\/wp-json\/wp\/v2\/comments?post=69148"}],"version-history":[{"count":0,"href":"https:\/\/now-news.de\/de\/wp-json\/wp\/v2\/posts\/69148\/revisions"}],"wp:featuredmedia":[{"embeddable":true,"href":"https:\/\/now-news.de\/de\/wp-json\/wp\/v2\/media\/69149"}],"wp:attachment":[{"href":"https:\/\/now-news.de\/de\/wp-json\/wp\/v2\/media?parent=69148"}],"wp:term":[{"taxonomy":"category","embeddable":true,"href":"https:\/\/now-news.de\/de\/wp-json\/wp\/v2\/categories?post=69148"},{"taxonomy":"post_tag","embeddable":true,"href":"https:\/\/now-news.de\/de\/wp-json\/wp\/v2\/tags?post=69148"}],"curies":[{"name":"wp","href":"https:\/\/api.w.org\/{rel}","templated":true}]}}