{"id":69132,"date":"2024-09-17T21:08:46","date_gmt":"2024-09-17T19:08:46","guid":{"rendered":"https:\/\/now-news.de\/de\/deutschland\/politico-saluschny-war-gegen-kursk-angriff\/"},"modified":"2024-09-17T21:08:46","modified_gmt":"2024-09-17T19:08:46","slug":"politico-saluschny-war-gegen-kursk-angriff","status":"publish","type":"post","link":"https:\/\/now-news.de\/de\/deutschland\/politico-saluschny-war-gegen-kursk-angriff\/","title":{"rendered":"Politico: Saluschny war gegen Kursk-Angriff"},"content":{"rendered":"<p><img decoding=\"async\" src=\"https:\/\/now-news.de\/de\/wp-content\/uploads\/sites\/3\/2024\/09\/66e9a9ed48fbef2d3a7c43e9.jpg\" \/><\/p>\n<div class=\"Text-root Text-type_1 \">\n                Anfang 2024 bei der Diskussion \u00fcber den geplanten Kursk-Angriff war der damalige Oberkommandierende der ukrainischen Streitkr\u00e4fte Waleri Saluschny gegen die Offensive, berichtet die Zeitung Politico unter Verweis auf ihre Quellen. Saluschny hielt die Operation f\u00fcr ein Wagnis.\n            <\/div>\n<p><\/p>\n<div class=\"Text-root Text-type_5 ArticleView-text ViewText-root \">\n<p>Der ehemalige Oberkommandierende der ukrainischen Streitkr\u00e4fte Waleri Saluschny hatte sich Anfang des Jahres gegen die Operation im russischen Gebiet\u00a0Kursk ausgesprochen. Dies berichtete die Zeitung <em>Politico<\/em> unter Berufung auf namentlich nicht genannte hochrangige Beamte in Kiew.<\/p>\n<p>Laut dem Bericht wies\u00a0Saluschny\u00a0insbesondere darauf hin, dass es keinen klaren Plan gebe, was das ukrainische Milit\u00e4r nach dem Durchbruch der Verteidigung an der ukrainisch-russischen Grenze und der Errichtung eines Br\u00fcckenkopfes tun w\u00fcrde. Auf die entsprechende Frage habe der Milit\u00e4r\u00a0nie eine klare Antwort vom ukrainischen Pr\u00e4sidenten Wladimir Selenskij erhalten. Eine der Quellen\u00a0von\u00a0<em>Politico<\/em> betonte, dass Saluschny den Kursk-Angriff als riskantes Abenteuer betrachtet habe.<\/p>\n<p>Ein weiterer Gegner der Invasion sei\u00a0Emil Ischkulow gewesen, Kommandeur der 80. Luftlandebrigade. Laut <em>Politico<\/em> glaubte er, dass seine\u00a0Einheit auf russischem Territorium zu verwundbar w\u00e4re und die Verluste sehr hoch sein k\u00f6nnten.<\/p>\n<p>Die Gespr\u00e4che \u00fcber die Operation fanden Anfang 2024 statt,\u00a0berichtete die Zeitung weiter. Daraufhin wurden sowohl\u00a0Saluschny\u00a0am 8. Februar als auch Ischkulow Ende Juli entlassen. Die Zeitung <em>Ukrainska Prawda<\/em> teilte mit, dass sich Ischkulow einer Aufgabe widersetzt habe, die im Verh\u00e4ltnis zu den Kr\u00e4ften der Brigade unverh\u00e4ltnism\u00e4\u00dfig gewesen w\u00e4re.<\/p>\n<p>Saluschnys Fragen w\u00fcrden auch im Westen gestellt, wobei einige Skeptiker bef\u00fcrchteten, dass das ukrainische Milit\u00e4r im Gebiet Kursk\u00a0in eine Falle geraten k\u00f6nnte und\u00a0die Beh\u00f6rden in Kiew unter einem &#8220;demoralisierenden R\u00fcckzug&#8221; leiden w\u00fcrden.\u00a0Laut <em>Politico<\/em> nehmen die tats\u00e4chlichen Verluste der\u00a0Streitkr\u00e4fte\u00a0\u2012 trotz der \u00f6ffentlichen Erkl\u00e4rungen Selenskijs und des aktuellen Oberkommandierenden\u00a0Alexander Syrski \u00fcber die Stabilisierung der Frontlinie\u00a0bei Donezk\u00a0\u2012 zu,\u00a0sodass die ukrainische F\u00fchrung gezwungen sei, Einheiten aus dem Gebiet Kursk in den Donbass zu verlegen.<\/p>\n<p><strong>Mehr zum Thema\u00a0\u2013<\/strong>\u00a0<a rel=\"nofollow noopener\" target=\"_blank\" href=\"https:\/\/freedert.online\/russland\/218851-chef-achmat-spezialkraefte-russische-armee\/\">Alaudinow: Russische Armee befreit fast ein Dutzend Siedlungen in Kursk<\/a><\/p>\n<\/div>\n<p><br \/>\n<br \/><a href=\"https:\/\/de.rt.com\/europa\/219485-politico-saluschny-war-gegen-kursk\/\">Source link <\/a><\/p>\n","protected":false},"excerpt":{"rendered":"<p>Anfang 2024 bei der Diskussion \u00fcber den geplanten Kursk-Angriff war der damalige Oberkommandierende der ukrainischen Streitkr\u00e4fte Waleri Saluschny gegen die Offensive, berichtet die Zeitung Politico unter Verweis auf ihre Quellen. Saluschny hielt die Operation f\u00fcr ein Wagnis. Der ehemalige Oberkommandierende der ukrainischen Streitkr\u00e4fte Waleri Saluschny hatte sich Anfang des Jahres gegen die Operation im russischen [&hellip;]<\/p>\n","protected":false},"author":3,"featured_media":69133,"comment_status":"open","ping_status":"open","sticky":false,"template":"","format":"standard","meta":{"_yoast_indexnow_last_ping":["1726600482"],"wp_automatic_camp":["217"],"62e0c9d0191e68f9ec9215b35125dcdb":["Politico: Saluschny war gegen Kursk-Angriff"],"original_link":["https:\/\/de.rt.com\/europa\/219485-politico-saluschny-war-gegen-kursk\/"],"_thumbnail_id":["69133"],"jnews_social_counter_last_update":["1777256260"],"_wptgpro_p2tg_sent2tg":["a:1:{i:23737;s:19:\"2024-09-17 21:15:55\";}"]},"categories":[19,23],"tags":[278,58642,4394,38976,2223],"yoast_head":"<!-- This site is optimized with the Yoast SEO Premium plugin v22.7 (Yoast SEO v22.7) - https:\/\/yoast.com\/wordpress\/plugins\/seo\/ -->\n<title>Politico: Saluschny war gegen Kursk-Angriff - just-now.NEWS Deutschland<\/title>\n<meta name=\"robots\" content=\"index, follow, max-snippet:-1, max-image-preview:large, max-video-preview:-1\" \/>\n<link rel=\"canonical\" href=\"https:\/\/now-news.de\/de\/deutschland\/politico-saluschny-war-gegen-kursk-angriff\/\" \/>\n<meta property=\"og:locale\" content=\"de_DE\" \/>\n<meta property=\"og:type\" content=\"article\" \/>\n<meta property=\"og:title\" content=\"Politico: Saluschny war gegen Kursk-Angriff\" \/>\n<meta property=\"og:description\" content=\"Anfang 2024 bei der Diskussion \u00fcber den geplanten Kursk-Angriff war der damalige Oberkommandierende der ukrainischen Streitkr\u00e4fte Waleri Saluschny gegen die Offensive, berichtet die Zeitung Politico unter Verweis auf ihre Quellen. Saluschny hielt die Operation f\u00fcr ein Wagnis. Der ehemalige Oberkommandierende der ukrainischen Streitkr\u00e4fte Waleri Saluschny hatte sich Anfang des Jahres gegen die Operation im russischen [&hellip;]\" \/>\n<meta property=\"og:url\" content=\"https:\/\/now-news.de\/de\/deutschland\/politico-saluschny-war-gegen-kursk-angriff\/\" \/>\n<meta property=\"og:site_name\" content=\"just-now.NEWS Deutschland\" \/>\n<meta property=\"article:publisher\" content=\"https:\/\/www.facebook.com\/wirmachenauf\" \/>\n<meta property=\"article:published_time\" content=\"2024-09-17T19:08:46+00:00\" \/>\n<meta property=\"og:image\" content=\"https:\/\/now-news.de\/de\/wp-content\/uploads\/sites\/3\/2024\/09\/66e9a9ed48fbef2d3a7c43e9.jpg\" \/>\n<meta name=\"author\" content=\"rtnews\" \/>\n<meta name=\"twitter:card\" content=\"summary_large_image\" \/>\n<meta name=\"twitter:creator\" content=\"@WirMachenAuf_de\" \/>\n<meta name=\"twitter:site\" content=\"@WirMachenAuf_de\" \/>\n<meta name=\"twitter:label1\" content=\"Verfasst von\" \/>\n\t<meta name=\"twitter:data1\" content=\"rtnews\" \/>\n\t<meta name=\"twitter:label2\" content=\"Gesch\u00e4tzte Lesezeit\" \/>\n\t<meta name=\"twitter:data2\" content=\"2\u00a0Minuten\" \/>\n<script type=\"application\/ld+json\" class=\"yoast-schema-graph\">{\"@context\":\"https:\/\/schema.org\",\"@graph\":[{\"@type\":\"Article\",\"@id\":\"https:\/\/now-news.de\/de\/deutschland\/politico-saluschny-war-gegen-kursk-angriff\/#article\",\"isPartOf\":{\"@id\":\"https:\/\/now-news.de\/de\/deutschland\/politico-saluschny-war-gegen-kursk-angriff\/\"},\"author\":{\"name\":\"rtnews\",\"@id\":\"https:\/\/now-news.de\/de\/#\/schema\/person\/fb534a4e865501d8b3285208df34a9b5\"},\"headline\":\"Politico: Saluschny war gegen Kursk-Angriff\",\"datePublished\":\"2024-09-17T19:08:46+00:00\",\"dateModified\":\"2024-09-17T19:08:46+00:00\",\"mainEntityOfPage\":{\"@id\":\"https:\/\/now-news.de\/de\/deutschland\/politico-saluschny-war-gegen-kursk-angriff\/\"},\"wordCount\":343,\"commentCount\":0,\"publisher\":{\"@id\":\"https:\/\/now-news.de\/de\/#organization\"},\"image\":{\"@id\":\"https:\/\/now-news.de\/de\/deutschland\/politico-saluschny-war-gegen-kursk-angriff\/#primaryimage\"},\"thumbnailUrl\":\"https:\/\/now-news.de\/de\/wp-content\/uploads\/sites\/3\/2024\/09\/Politico-Saluschny-war-gegen-Kursk-Angriff.jpg\",\"keywords\":[\"gegen\",\"KurskAngriff\",\"Politico\",\"Saluschny\",\"War\"],\"articleSection\":[\"Deutschland\",\"Russland\"],\"inLanguage\":\"de\",\"potentialAction\":[{\"@type\":\"CommentAction\",\"name\":\"Comment\",\"target\":[\"https:\/\/now-news.de\/de\/deutschland\/politico-saluschny-war-gegen-kursk-angriff\/#respond\"]}]},{\"@type\":\"WebPage\",\"@id\":\"https:\/\/now-news.de\/de\/deutschland\/politico-saluschny-war-gegen-kursk-angriff\/\",\"url\":\"https:\/\/now-news.de\/de\/deutschland\/politico-saluschny-war-gegen-kursk-angriff\/\",\"name\":\"Politico: Saluschny war gegen Kursk-Angriff - just-now.NEWS Deutschland\",\"isPartOf\":{\"@id\":\"https:\/\/now-news.de\/de\/#website\"},\"primaryImageOfPage\":{\"@id\":\"https:\/\/now-news.de\/de\/deutschland\/politico-saluschny-war-gegen-kursk-angriff\/#primaryimage\"},\"image\":{\"@id\":\"https:\/\/now-news.de\/de\/deutschland\/politico-saluschny-war-gegen-kursk-angriff\/#primaryimage\"},\"thumbnailUrl\":\"https:\/\/now-news.de\/de\/wp-content\/uploads\/sites\/3\/2024\/09\/Politico-Saluschny-war-gegen-Kursk-Angriff.jpg\",\"datePublished\":\"2024-09-17T19:08:46+00:00\",\"dateModified\":\"2024-09-17T19:08:46+00:00\",\"breadcrumb\":{\"@id\":\"https:\/\/now-news.de\/de\/deutschland\/politico-saluschny-war-gegen-kursk-angriff\/#breadcrumb\"},\"inLanguage\":\"de\",\"potentialAction\":[{\"@type\":\"ReadAction\",\"target\":[\"https:\/\/now-news.de\/de\/deutschland\/politico-saluschny-war-gegen-kursk-angriff\/\"]}]},{\"@type\":\"ImageObject\",\"inLanguage\":\"de\",\"@id\":\"https:\/\/now-news.de\/de\/deutschland\/politico-saluschny-war-gegen-kursk-angriff\/#primaryimage\",\"url\":\"https:\/\/now-news.de\/de\/wp-content\/uploads\/sites\/3\/2024\/09\/Politico-Saluschny-war-gegen-Kursk-Angriff.jpg\",\"contentUrl\":\"https:\/\/now-news.de\/de\/wp-content\/uploads\/sites\/3\/2024\/09\/Politico-Saluschny-war-gegen-Kursk-Angriff.jpg\",\"width\":460,\"height\":259,\"caption\":\"Politico: Saluschny war gegen Kursk-Angriff\"},{\"@type\":\"BreadcrumbList\",\"@id\":\"https:\/\/now-news.de\/de\/deutschland\/politico-saluschny-war-gegen-kursk-angriff\/#breadcrumb\",\"itemListElement\":[{\"@type\":\"ListItem\",\"position\":1,\"name\":\"Home\",\"item\":\"https:\/\/now-news.de\/de\/\"},{\"@type\":\"ListItem\",\"position\":2,\"name\":\"Politico: Saluschny war gegen Kursk-Angriff\"}]},{\"@type\":\"WebSite\",\"@id\":\"https:\/\/now-news.de\/de\/#website\",\"url\":\"https:\/\/now-news.de\/de\/\",\"name\":\"just-now.NEWS Deutschland\",\"description\":\"Das Portal f\u00fcr unzensierte Nachrichten aus der Welt\",\"publisher\":{\"@id\":\"https:\/\/now-news.de\/de\/#organization\"},\"potentialAction\":[{\"@type\":\"SearchAction\",\"target\":{\"@type\":\"EntryPoint\",\"urlTemplate\":\"https:\/\/now-news.de\/de\/?s={search_term_string}\"},\"query-input\":\"required name=search_term_string\"}],\"inLanguage\":\"de\"},{\"@type\":\"Organization\",\"@id\":\"https:\/\/now-news.de\/de\/#organization\",\"name\":\"Just Now News\",\"url\":\"https:\/\/now-news.de\/de\/\",\"logo\":{\"@type\":\"ImageObject\",\"inLanguage\":\"de\",\"@id\":\"https:\/\/now-news.de\/de\/#\/schema\/logo\/image\/\",\"url\":\"http:\/\/just-now.news\/de\/wp-content\/uploads\/sites\/3\/2022\/04\/logo500x500.jpg\",\"contentUrl\":\"http:\/\/just-now.news\/de\/wp-content\/uploads\/sites\/3\/2022\/04\/logo500x500.jpg\",\"width\":500,\"height\":500,\"caption\":\"Just Now News\"},\"image\":{\"@id\":\"https:\/\/now-news.de\/de\/#\/schema\/logo\/image\/\"},\"sameAs\":[\"https:\/\/www.facebook.com\/wirmachenauf\",\"https:\/\/x.com\/WirMachenAuf_de\"]},{\"@type\":\"Person\",\"@id\":\"https:\/\/now-news.de\/de\/#\/schema\/person\/fb534a4e865501d8b3285208df34a9b5\",\"name\":\"rtnews\",\"image\":{\"@type\":\"ImageObject\",\"inLanguage\":\"de\",\"@id\":\"https:\/\/now-news.de\/de\/#\/schema\/person\/image\/\",\"url\":\"https:\/\/secure.gravatar.com\/avatar\/82aafea7d8127119dd649515f56e2117?s=96&d=mm&r=g\",\"contentUrl\":\"https:\/\/secure.gravatar.com\/avatar\/82aafea7d8127119dd649515f56e2117?s=96&d=mm&r=g\",\"caption\":\"rtnews\"},\"url\":\"https:\/\/now-news.de\/de\/author\/rnews\/\"}]}<\/script>\n<!-- \/ Yoast SEO Premium plugin. -->","yoast_head_json":{"title":"Politico: Saluschny war gegen Kursk-Angriff - just-now.NEWS Deutschland","robots":{"index":"index","follow":"follow","max-snippet":"max-snippet:-1","max-image-preview":"max-image-preview:large","max-video-preview":"max-video-preview:-1"},"canonical":"https:\/\/now-news.de\/de\/deutschland\/politico-saluschny-war-gegen-kursk-angriff\/","og_locale":"de_DE","og_type":"article","og_title":"Politico: Saluschny war gegen Kursk-Angriff","og_description":"Anfang 2024 bei der Diskussion \u00fcber den geplanten Kursk-Angriff war der damalige Oberkommandierende der ukrainischen Streitkr\u00e4fte Waleri Saluschny gegen die Offensive, berichtet die Zeitung Politico unter Verweis auf ihre Quellen. Saluschny hielt die Operation f\u00fcr ein Wagnis. Der ehemalige Oberkommandierende der ukrainischen Streitkr\u00e4fte Waleri Saluschny hatte sich Anfang des Jahres gegen die Operation im russischen [&hellip;]","og_url":"https:\/\/now-news.de\/de\/deutschland\/politico-saluschny-war-gegen-kursk-angriff\/","og_site_name":"just-now.NEWS Deutschland","article_publisher":"https:\/\/www.facebook.com\/wirmachenauf","article_published_time":"2024-09-17T19:08:46+00:00","og_image":[{"url":"https:\/\/now-news.de\/de\/wp-content\/uploads\/sites\/3\/2024\/09\/66e9a9ed48fbef2d3a7c43e9.jpg"}],"author":"rtnews","twitter_card":"summary_large_image","twitter_creator":"@WirMachenAuf_de","twitter_site":"@WirMachenAuf_de","twitter_misc":{"Verfasst von":"rtnews","Gesch\u00e4tzte Lesezeit":"2\u00a0Minuten"},"schema":{"@context":"https:\/\/schema.org","@graph":[{"@type":"Article","@id":"https:\/\/now-news.de\/de\/deutschland\/politico-saluschny-war-gegen-kursk-angriff\/#article","isPartOf":{"@id":"https:\/\/now-news.de\/de\/deutschland\/politico-saluschny-war-gegen-kursk-angriff\/"},"author":{"name":"rtnews","@id":"https:\/\/now-news.de\/de\/#\/schema\/person\/fb534a4e865501d8b3285208df34a9b5"},"headline":"Politico: Saluschny war gegen Kursk-Angriff","datePublished":"2024-09-17T19:08:46+00:00","dateModified":"2024-09-17T19:08:46+00:00","mainEntityOfPage":{"@id":"https:\/\/now-news.de\/de\/deutschland\/politico-saluschny-war-gegen-kursk-angriff\/"},"wordCount":343,"commentCount":0,"publisher":{"@id":"https:\/\/now-news.de\/de\/#organization"},"image":{"@id":"https:\/\/now-news.de\/de\/deutschland\/politico-saluschny-war-gegen-kursk-angriff\/#primaryimage"},"thumbnailUrl":"https:\/\/now-news.de\/de\/wp-content\/uploads\/sites\/3\/2024\/09\/Politico-Saluschny-war-gegen-Kursk-Angriff.jpg","keywords":["gegen","KurskAngriff","Politico","Saluschny","War"],"articleSection":["Deutschland","Russland"],"inLanguage":"de","potentialAction":[{"@type":"CommentAction","name":"Comment","target":["https:\/\/now-news.de\/de\/deutschland\/politico-saluschny-war-gegen-kursk-angriff\/#respond"]}]},{"@type":"WebPage","@id":"https:\/\/now-news.de\/de\/deutschland\/politico-saluschny-war-gegen-kursk-angriff\/","url":"https:\/\/now-news.de\/de\/deutschland\/politico-saluschny-war-gegen-kursk-angriff\/","name":"Politico: Saluschny war gegen Kursk-Angriff - just-now.NEWS Deutschland","isPartOf":{"@id":"https:\/\/now-news.de\/de\/#website"},"primaryImageOfPage":{"@id":"https:\/\/now-news.de\/de\/deutschland\/politico-saluschny-war-gegen-kursk-angriff\/#primaryimage"},"image":{"@id":"https:\/\/now-news.de\/de\/deutschland\/politico-saluschny-war-gegen-kursk-angriff\/#primaryimage"},"thumbnailUrl":"https:\/\/now-news.de\/de\/wp-content\/uploads\/sites\/3\/2024\/09\/Politico-Saluschny-war-gegen-Kursk-Angriff.jpg","datePublished":"2024-09-17T19:08:46+00:00","dateModified":"2024-09-17T19:08:46+00:00","breadcrumb":{"@id":"https:\/\/now-news.de\/de\/deutschland\/politico-saluschny-war-gegen-kursk-angriff\/#breadcrumb"},"inLanguage":"de","potentialAction":[{"@type":"ReadAction","target":["https:\/\/now-news.de\/de\/deutschland\/politico-saluschny-war-gegen-kursk-angriff\/"]}]},{"@type":"ImageObject","inLanguage":"de","@id":"https:\/\/now-news.de\/de\/deutschland\/politico-saluschny-war-gegen-kursk-angriff\/#primaryimage","url":"https:\/\/now-news.de\/de\/wp-content\/uploads\/sites\/3\/2024\/09\/Politico-Saluschny-war-gegen-Kursk-Angriff.jpg","contentUrl":"https:\/\/now-news.de\/de\/wp-content\/uploads\/sites\/3\/2024\/09\/Politico-Saluschny-war-gegen-Kursk-Angriff.jpg","width":460,"height":259,"caption":"Politico: Saluschny war gegen Kursk-Angriff"},{"@type":"BreadcrumbList","@id":"https:\/\/now-news.de\/de\/deutschland\/politico-saluschny-war-gegen-kursk-angriff\/#breadcrumb","itemListElement":[{"@type":"ListItem","position":1,"name":"Home","item":"https:\/\/now-news.de\/de\/"},{"@type":"ListItem","position":2,"name":"Politico: Saluschny war gegen Kursk-Angriff"}]},{"@type":"WebSite","@id":"https:\/\/now-news.de\/de\/#website","url":"https:\/\/now-news.de\/de\/","name":"just-now.NEWS Deutschland","description":"Das Portal f\u00fcr unzensierte Nachrichten aus der Welt","publisher":{"@id":"https:\/\/now-news.de\/de\/#organization"},"potentialAction":[{"@type":"SearchAction","target":{"@type":"EntryPoint","urlTemplate":"https:\/\/now-news.de\/de\/?s={search_term_string}"},"query-input":"required name=search_term_string"}],"inLanguage":"de"},{"@type":"Organization","@id":"https:\/\/now-news.de\/de\/#organization","name":"Just Now News","url":"https:\/\/now-news.de\/de\/","logo":{"@type":"ImageObject","inLanguage":"de","@id":"https:\/\/now-news.de\/de\/#\/schema\/logo\/image\/","url":"http:\/\/just-now.news\/de\/wp-content\/uploads\/sites\/3\/2022\/04\/logo500x500.jpg","contentUrl":"http:\/\/just-now.news\/de\/wp-content\/uploads\/sites\/3\/2022\/04\/logo500x500.jpg","width":500,"height":500,"caption":"Just Now News"},"image":{"@id":"https:\/\/now-news.de\/de\/#\/schema\/logo\/image\/"},"sameAs":["https:\/\/www.facebook.com\/wirmachenauf","https:\/\/x.com\/WirMachenAuf_de"]},{"@type":"Person","@id":"https:\/\/now-news.de\/de\/#\/schema\/person\/fb534a4e865501d8b3285208df34a9b5","name":"rtnews","image":{"@type":"ImageObject","inLanguage":"de","@id":"https:\/\/now-news.de\/de\/#\/schema\/person\/image\/","url":"https:\/\/secure.gravatar.com\/avatar\/82aafea7d8127119dd649515f56e2117?s=96&d=mm&r=g","contentUrl":"https:\/\/secure.gravatar.com\/avatar\/82aafea7d8127119dd649515f56e2117?s=96&d=mm&r=g","caption":"rtnews"},"url":"https:\/\/now-news.de\/de\/author\/rnews\/"}]}},"_links":{"self":[{"href":"https:\/\/now-news.de\/de\/wp-json\/wp\/v2\/posts\/69132"}],"collection":[{"href":"https:\/\/now-news.de\/de\/wp-json\/wp\/v2\/posts"}],"about":[{"href":"https:\/\/now-news.de\/de\/wp-json\/wp\/v2\/types\/post"}],"author":[{"embeddable":true,"href":"https:\/\/now-news.de\/de\/wp-json\/wp\/v2\/users\/3"}],"replies":[{"embeddable":true,"href":"https:\/\/now-news.de\/de\/wp-json\/wp\/v2\/comments?post=69132"}],"version-history":[{"count":0,"href":"https:\/\/now-news.de\/de\/wp-json\/wp\/v2\/posts\/69132\/revisions"}],"wp:featuredmedia":[{"embeddable":true,"href":"https:\/\/now-news.de\/de\/wp-json\/wp\/v2\/media\/69133"}],"wp:attachment":[{"href":"https:\/\/now-news.de\/de\/wp-json\/wp\/v2\/media?parent=69132"}],"wp:term":[{"taxonomy":"category","embeddable":true,"href":"https:\/\/now-news.de\/de\/wp-json\/wp\/v2\/categories?post=69132"},{"taxonomy":"post_tag","embeddable":true,"href":"https:\/\/now-news.de\/de\/wp-json\/wp\/v2\/tags?post=69132"}],"curies":[{"name":"wp","href":"https:\/\/api.w.org\/{rel}","templated":true}]}}