{"id":69126,"date":"2024-09-17T20:17:33","date_gmt":"2024-09-17T18:17:33","guid":{"rendered":"https:\/\/now-news.de\/de\/deutschland\/selenskij-streitet-sich-mit-polens-aussenminister-sikorski-bei-treffen-in-kiew\/"},"modified":"2024-09-17T20:17:33","modified_gmt":"2024-09-17T18:17:33","slug":"selenskij-streitet-sich-mit-polens-aussenminister-sikorski-bei-treffen-in-kiew","status":"publish","type":"post","link":"https:\/\/now-news.de\/de\/deutschland\/selenskij-streitet-sich-mit-polens-aussenminister-sikorski-bei-treffen-in-kiew\/","title":{"rendered":"Selenskij streitet sich mit Polens Au\u00dfenminister Sikorski bei Treffen in Kiew"},"content":{"rendered":"<p><img decoding=\"async\" src=\"https:\/\/now-news.de\/de\/wp-content\/uploads\/sites\/3\/2024\/09\/66e9b4d648fbef2d3a7c43ff.jpg\" \/><\/p>\n<div class=\"Text-root Text-type_1 \">\n                Bei dem Treffen in Kiew verlangte Selenskij, dass Sikorski das Thema des Massakers in Wolhynien nicht anheizt, und forderte auch den Abschuss russischer Raketen \u00fcber Polen, so Onet. Dem Onlineportal zufolge waren die Polen \u00fcber Selenskijs Kommunikationsstil \u00fcberrascht.\n            <\/div>\n<p><\/p>\n<div class=\"Text-root Text-type_5 ArticleView-text ViewText-root \">\n<p>Wladimir Selenskij habe sich mit dem polnischen Au\u00dfenminister Rados\u0142aw Sikorski gestritten, als dieser am Freitag in Kiew eintraf, <a rel=\"nofollow noopener\" target=\"_blank\" href=\"https:\/\/wiadomosci.onet.pl\/swiat\/scysja-sikorskiego-z-prezydentem-ukrainy-polacy-byli-zaskoczeni-stylem-zelenskiego\/jpppe4v?utm_source=www.rbc.ru_viasg_wiadomosci&amp;utm_medium=referal&amp;utm_campaign=leo_automatic&amp;srcc=undefined&amp;utm_v=2\">schrieb<\/a> der Publizist und ehemalige polnische Diplomat Witold Jurasz\u00a0in einem Artikel f\u00fcr\u00a0<em>Onet<\/em>, dem es gelang, mit den Teilnehmern der\u00a0Zusammenkunft\u00a0zu sprechen. Der Autor teilte mit:<strong><\/strong><\/p>\n<blockquote>\n<p><em>&#8220;Nach Berichten von Gespr\u00e4chsteilnehmern war die Atmosph\u00e4re zwischen Selenskij und Sikorski \u00e4u\u00dferst angespannt, man k\u00f6nnte sogar von einem Streit sprechen.&#8221;<\/em><\/p>\n<\/blockquote>\n<p>Den Quellen zufolge schienen die Polen zumindest von dem Stil \u00fcberrascht gewesen zu sein, in dem Selenskij den polnischen Au\u00dfenminister anzusprechen versuchte. So warf der ukrainische F\u00fchrer Polen gleich zu Beginn des Gespr\u00e4chs vor, die Ukraine in der Frage der EU-Mitgliedschaft nicht ausreichend zu unterst\u00fctzen.<\/p>\n<p>Sikorski entgegnete, Polen habe ein Jahrzehnt gebraucht, um der EU beizutreten, und die von Selenskijs B\u00fcro vorgeschlagene Frist sei &#8220;unrealistisch&#8221;. Der ukrainische F\u00fchrer sagte weiter, Warschau solle mehr milit\u00e4rische Ausr\u00fcstung nach Kiew liefern und Raketen und Drohnen \u00fcber der Ukraine abschie\u00dfen. Sikorski erwiderte, dass dies ohne einen NATO-Beschluss nicht m\u00f6glich sei.<\/p>\n<p>Selenskij warf Polen daraufhin vor, das Thema des Massakers in Wolhynien aus rein innenpolitischen Gr\u00fcnden aufzubl\u00e4hen. Sikorski forderte die Exhumierung der Opfer f\u00fcr eine w\u00fcrdige Umbettung, doch der ukrainische F\u00fchrer &#8220;war nicht \u00fcberzeugt&#8221;, schrieb Jurasz.<\/p>\n<p>Sikorski hat in den letzten Monaten mehrere \u00f6ffentlichkeitswirksame Erkl\u00e4rungen zur Ukraine abgegeben. So sagte er vergangene Woche in einem\u00a0Telefonat mit Prankstern, die eine falsche Identit\u00e4t vorgaukelten, dass Polen nicht bereit sei, die Ukraine zu verteidigen, obwohl er eine solche M\u00f6glichkeit nicht ausschloss, falls die Front zusammenbrechen sollte. Sp\u00e4ter kritisierte er das Z\u00f6gern der ukrainischen Beh\u00f6rden, weil diese das Mobilisierungsgesetz nicht fr\u00fcher verabschiedet hatten, und zeigte sich auch \u00fcberrascht \u00fcber die gro\u00dfe Zahl ukrainischer M\u00e4nner in Polen. Er wunderte sich:<\/p>\n<blockquote>\n<p><em>&#8220;Ich gehe in Warschau in einen Friseursalon, und ein junger ukrainischer Friseur schneidet mir die Haare. Und ich habe eine Frage an ihn: Was machen Sie hier? Sollten Sie nicht Ihr Land verteidigen?&#8221;<\/em><\/p>\n<\/blockquote>\n<p>Dar\u00fcber hinaus drohte Sikorski\u00a0Kiew am 13. September mit harten Ma\u00dfnahmen wegen des Massakers in Wolhynien und forderte eine L\u00f6sung, um die Erinnerung an das Ereignis zu bewahren.<\/p>\n<p><strong>Mehr zum Thema<\/strong>\u00a0\u2012 <a rel=\"nofollow noopener\" target=\"_blank\" href=\"https:\/\/freedert.online\/international\/218943-polnischer-aussenminister-warschau-hat-kein-interesse-die-ukraine-zu-verteidigen\/\">Polnischer Au\u00dfenminister: &#8220;Warschau hat kein Interesse, die Ukraine zu verteidigen&#8221;<\/a><\/p>\n<\/div>\n<p><br \/>\n<br \/><a href=\"https:\/\/de.rt.com\/europa\/219495-selenskij-streitet-sich-mit-polens\/\">Source link <\/a><\/p>\n","protected":false},"excerpt":{"rendered":"<p>Bei dem Treffen in Kiew verlangte Selenskij, dass Sikorski das Thema des Massakers in Wolhynien nicht anheizt, und forderte auch den Abschuss russischer Raketen \u00fcber Polen, so Onet. Dem Onlineportal zufolge waren die Polen \u00fcber Selenskijs Kommunikationsstil \u00fcberrascht. Wladimir Selenskij habe sich mit dem polnischen Au\u00dfenminister Rados\u0142aw Sikorski gestritten, als dieser am Freitag in Kiew [&hellip;]<\/p>\n","protected":false},"author":3,"featured_media":69127,"comment_status":"open","ping_status":"open","sticky":false,"template":"","format":"standard","meta":{"_yoast_indexnow_last_ping":["1726597603"],"wp_automatic_camp":["217"],"5e8f5a43b2e32a9e9357dc61216b49be":["Selenskij streitet sich mit Polens Au\u00dfenminister Sikorski bei Treffen in Kiew"],"original_link":["https:\/\/de.rt.com\/europa\/219495-selenskij-streitet-sich-mit-polens\/"],"_thumbnail_id":["69127"],"_wptgpro_p2tg_sent2tg":["a:1:{i:23737;s:19:\"2024-09-17 20:27:44\";}"],"jnews_social_counter_last_update":["1777252987"]},"categories":[19,23],"tags":[13830,363,1025,419,14418,6158,434,39595,37601,354],"yoast_head":"<!-- This site is optimized with the Yoast SEO Premium plugin v22.7 (Yoast SEO v22.7) - https:\/\/yoast.com\/wordpress\/plugins\/seo\/ -->\n<title>Selenskij streitet sich mit Polens Au\u00dfenminister Sikorski bei Treffen in Kiew - just-now.NEWS Deutschland<\/title>\n<meta name=\"robots\" content=\"index, follow, max-snippet:-1, max-image-preview:large, max-video-preview:-1\" \/>\n<link rel=\"canonical\" href=\"https:\/\/now-news.de\/de\/deutschland\/selenskij-streitet-sich-mit-polens-aussenminister-sikorski-bei-treffen-in-kiew\/\" \/>\n<meta property=\"og:locale\" content=\"de_DE\" \/>\n<meta property=\"og:type\" content=\"article\" \/>\n<meta property=\"og:title\" content=\"Selenskij streitet sich mit Polens Au\u00dfenminister Sikorski bei Treffen in Kiew\" \/>\n<meta property=\"og:description\" content=\"Bei dem Treffen in Kiew verlangte Selenskij, dass Sikorski das Thema des Massakers in Wolhynien nicht anheizt, und forderte auch den Abschuss russischer Raketen \u00fcber Polen, so Onet. Dem Onlineportal zufolge waren die Polen \u00fcber Selenskijs Kommunikationsstil \u00fcberrascht. Wladimir Selenskij habe sich mit dem polnischen Au\u00dfenminister Rados\u0142aw Sikorski gestritten, als dieser am Freitag in Kiew [&hellip;]\" \/>\n<meta property=\"og:url\" content=\"https:\/\/now-news.de\/de\/deutschland\/selenskij-streitet-sich-mit-polens-aussenminister-sikorski-bei-treffen-in-kiew\/\" \/>\n<meta property=\"og:site_name\" content=\"just-now.NEWS Deutschland\" \/>\n<meta property=\"article:publisher\" content=\"https:\/\/www.facebook.com\/wirmachenauf\" \/>\n<meta property=\"article:published_time\" content=\"2024-09-17T18:17:33+00:00\" \/>\n<meta property=\"og:image\" content=\"https:\/\/now-news.de\/de\/wp-content\/uploads\/sites\/3\/2024\/09\/66e9b4d648fbef2d3a7c43ff.jpg\" \/>\n<meta name=\"author\" content=\"rtnews\" \/>\n<meta name=\"twitter:card\" content=\"summary_large_image\" \/>\n<meta name=\"twitter:creator\" content=\"@WirMachenAuf_de\" \/>\n<meta name=\"twitter:site\" content=\"@WirMachenAuf_de\" \/>\n<meta name=\"twitter:label1\" content=\"Verfasst von\" \/>\n\t<meta name=\"twitter:data1\" content=\"rtnews\" \/>\n\t<meta name=\"twitter:label2\" content=\"Gesch\u00e4tzte Lesezeit\" \/>\n\t<meta name=\"twitter:data2\" content=\"2\u00a0Minuten\" \/>\n<script type=\"application\/ld+json\" class=\"yoast-schema-graph\">{\"@context\":\"https:\/\/schema.org\",\"@graph\":[{\"@type\":\"Article\",\"@id\":\"https:\/\/now-news.de\/de\/deutschland\/selenskij-streitet-sich-mit-polens-aussenminister-sikorski-bei-treffen-in-kiew\/#article\",\"isPartOf\":{\"@id\":\"https:\/\/now-news.de\/de\/deutschland\/selenskij-streitet-sich-mit-polens-aussenminister-sikorski-bei-treffen-in-kiew\/\"},\"author\":{\"name\":\"rtnews\",\"@id\":\"https:\/\/now-news.de\/de\/#\/schema\/person\/fb534a4e865501d8b3285208df34a9b5\"},\"headline\":\"Selenskij streitet sich mit Polens Au\u00dfenminister Sikorski bei Treffen in Kiew\",\"datePublished\":\"2024-09-17T18:17:33+00:00\",\"dateModified\":\"2024-09-17T18:17:33+00:00\",\"mainEntityOfPage\":{\"@id\":\"https:\/\/now-news.de\/de\/deutschland\/selenskij-streitet-sich-mit-polens-aussenminister-sikorski-bei-treffen-in-kiew\/\"},\"wordCount\":438,\"commentCount\":0,\"publisher\":{\"@id\":\"https:\/\/now-news.de\/de\/#organization\"},\"image\":{\"@id\":\"https:\/\/now-news.de\/de\/deutschland\/selenskij-streitet-sich-mit-polens-aussenminister-sikorski-bei-treffen-in-kiew\/#primaryimage\"},\"thumbnailUrl\":\"https:\/\/now-news.de\/de\/wp-content\/uploads\/sites\/3\/2024\/09\/Selenskij-streitet-sich-mit-Polens-Aussenminister-Sikorski-bei-Treffen-in.jpg\",\"keywords\":[\"Au\u00dfenminister\",\"bei\",\"Kiew\",\"mit\",\"Polens\",\"Selenskij\",\"sich\",\"Sikorski\",\"streitet\",\"Treffen\"],\"articleSection\":[\"Deutschland\",\"Russland\"],\"inLanguage\":\"de\",\"potentialAction\":[{\"@type\":\"CommentAction\",\"name\":\"Comment\",\"target\":[\"https:\/\/now-news.de\/de\/deutschland\/selenskij-streitet-sich-mit-polens-aussenminister-sikorski-bei-treffen-in-kiew\/#respond\"]}]},{\"@type\":\"WebPage\",\"@id\":\"https:\/\/now-news.de\/de\/deutschland\/selenskij-streitet-sich-mit-polens-aussenminister-sikorski-bei-treffen-in-kiew\/\",\"url\":\"https:\/\/now-news.de\/de\/deutschland\/selenskij-streitet-sich-mit-polens-aussenminister-sikorski-bei-treffen-in-kiew\/\",\"name\":\"Selenskij streitet sich mit Polens Au\u00dfenminister Sikorski bei Treffen in Kiew - just-now.NEWS Deutschland\",\"isPartOf\":{\"@id\":\"https:\/\/now-news.de\/de\/#website\"},\"primaryImageOfPage\":{\"@id\":\"https:\/\/now-news.de\/de\/deutschland\/selenskij-streitet-sich-mit-polens-aussenminister-sikorski-bei-treffen-in-kiew\/#primaryimage\"},\"image\":{\"@id\":\"https:\/\/now-news.de\/de\/deutschland\/selenskij-streitet-sich-mit-polens-aussenminister-sikorski-bei-treffen-in-kiew\/#primaryimage\"},\"thumbnailUrl\":\"https:\/\/now-news.de\/de\/wp-content\/uploads\/sites\/3\/2024\/09\/Selenskij-streitet-sich-mit-Polens-Aussenminister-Sikorski-bei-Treffen-in.jpg\",\"datePublished\":\"2024-09-17T18:17:33+00:00\",\"dateModified\":\"2024-09-17T18:17:33+00:00\",\"breadcrumb\":{\"@id\":\"https:\/\/now-news.de\/de\/deutschland\/selenskij-streitet-sich-mit-polens-aussenminister-sikorski-bei-treffen-in-kiew\/#breadcrumb\"},\"inLanguage\":\"de\",\"potentialAction\":[{\"@type\":\"ReadAction\",\"target\":[\"https:\/\/now-news.de\/de\/deutschland\/selenskij-streitet-sich-mit-polens-aussenminister-sikorski-bei-treffen-in-kiew\/\"]}]},{\"@type\":\"ImageObject\",\"inLanguage\":\"de\",\"@id\":\"https:\/\/now-news.de\/de\/deutschland\/selenskij-streitet-sich-mit-polens-aussenminister-sikorski-bei-treffen-in-kiew\/#primaryimage\",\"url\":\"https:\/\/now-news.de\/de\/wp-content\/uploads\/sites\/3\/2024\/09\/Selenskij-streitet-sich-mit-Polens-Aussenminister-Sikorski-bei-Treffen-in.jpg\",\"contentUrl\":\"https:\/\/now-news.de\/de\/wp-content\/uploads\/sites\/3\/2024\/09\/Selenskij-streitet-sich-mit-Polens-Aussenminister-Sikorski-bei-Treffen-in.jpg\",\"width\":460,\"height\":259,\"caption\":\"Selenskij streitet sich mit Polens Au\u00dfenminister Sikorski bei Treffen in Kiew\"},{\"@type\":\"BreadcrumbList\",\"@id\":\"https:\/\/now-news.de\/de\/deutschland\/selenskij-streitet-sich-mit-polens-aussenminister-sikorski-bei-treffen-in-kiew\/#breadcrumb\",\"itemListElement\":[{\"@type\":\"ListItem\",\"position\":1,\"name\":\"Home\",\"item\":\"https:\/\/now-news.de\/de\/\"},{\"@type\":\"ListItem\",\"position\":2,\"name\":\"Selenskij streitet sich mit Polens Au\u00dfenminister Sikorski bei Treffen in Kiew\"}]},{\"@type\":\"WebSite\",\"@id\":\"https:\/\/now-news.de\/de\/#website\",\"url\":\"https:\/\/now-news.de\/de\/\",\"name\":\"just-now.NEWS Deutschland\",\"description\":\"Das Portal f\u00fcr unzensierte Nachrichten aus der Welt\",\"publisher\":{\"@id\":\"https:\/\/now-news.de\/de\/#organization\"},\"potentialAction\":[{\"@type\":\"SearchAction\",\"target\":{\"@type\":\"EntryPoint\",\"urlTemplate\":\"https:\/\/now-news.de\/de\/?s={search_term_string}\"},\"query-input\":\"required name=search_term_string\"}],\"inLanguage\":\"de\"},{\"@type\":\"Organization\",\"@id\":\"https:\/\/now-news.de\/de\/#organization\",\"name\":\"Just Now News\",\"url\":\"https:\/\/now-news.de\/de\/\",\"logo\":{\"@type\":\"ImageObject\",\"inLanguage\":\"de\",\"@id\":\"https:\/\/now-news.de\/de\/#\/schema\/logo\/image\/\",\"url\":\"http:\/\/just-now.news\/de\/wp-content\/uploads\/sites\/3\/2022\/04\/logo500x500.jpg\",\"contentUrl\":\"http:\/\/just-now.news\/de\/wp-content\/uploads\/sites\/3\/2022\/04\/logo500x500.jpg\",\"width\":500,\"height\":500,\"caption\":\"Just Now News\"},\"image\":{\"@id\":\"https:\/\/now-news.de\/de\/#\/schema\/logo\/image\/\"},\"sameAs\":[\"https:\/\/www.facebook.com\/wirmachenauf\",\"https:\/\/x.com\/WirMachenAuf_de\"]},{\"@type\":\"Person\",\"@id\":\"https:\/\/now-news.de\/de\/#\/schema\/person\/fb534a4e865501d8b3285208df34a9b5\",\"name\":\"rtnews\",\"image\":{\"@type\":\"ImageObject\",\"inLanguage\":\"de\",\"@id\":\"https:\/\/now-news.de\/de\/#\/schema\/person\/image\/\",\"url\":\"https:\/\/secure.gravatar.com\/avatar\/82aafea7d8127119dd649515f56e2117?s=96&d=mm&r=g\",\"contentUrl\":\"https:\/\/secure.gravatar.com\/avatar\/82aafea7d8127119dd649515f56e2117?s=96&d=mm&r=g\",\"caption\":\"rtnews\"},\"url\":\"https:\/\/now-news.de\/de\/author\/rnews\/\"}]}<\/script>\n<!-- \/ Yoast SEO Premium plugin. -->","yoast_head_json":{"title":"Selenskij streitet sich mit Polens Au\u00dfenminister Sikorski bei Treffen in Kiew - just-now.NEWS Deutschland","robots":{"index":"index","follow":"follow","max-snippet":"max-snippet:-1","max-image-preview":"max-image-preview:large","max-video-preview":"max-video-preview:-1"},"canonical":"https:\/\/now-news.de\/de\/deutschland\/selenskij-streitet-sich-mit-polens-aussenminister-sikorski-bei-treffen-in-kiew\/","og_locale":"de_DE","og_type":"article","og_title":"Selenskij streitet sich mit Polens Au\u00dfenminister Sikorski bei Treffen in Kiew","og_description":"Bei dem Treffen in Kiew verlangte Selenskij, dass Sikorski das Thema des Massakers in Wolhynien nicht anheizt, und forderte auch den Abschuss russischer Raketen \u00fcber Polen, so Onet. Dem Onlineportal zufolge waren die Polen \u00fcber Selenskijs Kommunikationsstil \u00fcberrascht. Wladimir Selenskij habe sich mit dem polnischen Au\u00dfenminister Rados\u0142aw Sikorski gestritten, als dieser am Freitag in Kiew [&hellip;]","og_url":"https:\/\/now-news.de\/de\/deutschland\/selenskij-streitet-sich-mit-polens-aussenminister-sikorski-bei-treffen-in-kiew\/","og_site_name":"just-now.NEWS Deutschland","article_publisher":"https:\/\/www.facebook.com\/wirmachenauf","article_published_time":"2024-09-17T18:17:33+00:00","og_image":[{"url":"https:\/\/now-news.de\/de\/wp-content\/uploads\/sites\/3\/2024\/09\/66e9b4d648fbef2d3a7c43ff.jpg"}],"author":"rtnews","twitter_card":"summary_large_image","twitter_creator":"@WirMachenAuf_de","twitter_site":"@WirMachenAuf_de","twitter_misc":{"Verfasst von":"rtnews","Gesch\u00e4tzte Lesezeit":"2\u00a0Minuten"},"schema":{"@context":"https:\/\/schema.org","@graph":[{"@type":"Article","@id":"https:\/\/now-news.de\/de\/deutschland\/selenskij-streitet-sich-mit-polens-aussenminister-sikorski-bei-treffen-in-kiew\/#article","isPartOf":{"@id":"https:\/\/now-news.de\/de\/deutschland\/selenskij-streitet-sich-mit-polens-aussenminister-sikorski-bei-treffen-in-kiew\/"},"author":{"name":"rtnews","@id":"https:\/\/now-news.de\/de\/#\/schema\/person\/fb534a4e865501d8b3285208df34a9b5"},"headline":"Selenskij streitet sich mit Polens Au\u00dfenminister Sikorski bei Treffen in Kiew","datePublished":"2024-09-17T18:17:33+00:00","dateModified":"2024-09-17T18:17:33+00:00","mainEntityOfPage":{"@id":"https:\/\/now-news.de\/de\/deutschland\/selenskij-streitet-sich-mit-polens-aussenminister-sikorski-bei-treffen-in-kiew\/"},"wordCount":438,"commentCount":0,"publisher":{"@id":"https:\/\/now-news.de\/de\/#organization"},"image":{"@id":"https:\/\/now-news.de\/de\/deutschland\/selenskij-streitet-sich-mit-polens-aussenminister-sikorski-bei-treffen-in-kiew\/#primaryimage"},"thumbnailUrl":"https:\/\/now-news.de\/de\/wp-content\/uploads\/sites\/3\/2024\/09\/Selenskij-streitet-sich-mit-Polens-Aussenminister-Sikorski-bei-Treffen-in.jpg","keywords":["Au\u00dfenminister","bei","Kiew","mit","Polens","Selenskij","sich","Sikorski","streitet","Treffen"],"articleSection":["Deutschland","Russland"],"inLanguage":"de","potentialAction":[{"@type":"CommentAction","name":"Comment","target":["https:\/\/now-news.de\/de\/deutschland\/selenskij-streitet-sich-mit-polens-aussenminister-sikorski-bei-treffen-in-kiew\/#respond"]}]},{"@type":"WebPage","@id":"https:\/\/now-news.de\/de\/deutschland\/selenskij-streitet-sich-mit-polens-aussenminister-sikorski-bei-treffen-in-kiew\/","url":"https:\/\/now-news.de\/de\/deutschland\/selenskij-streitet-sich-mit-polens-aussenminister-sikorski-bei-treffen-in-kiew\/","name":"Selenskij streitet sich mit Polens Au\u00dfenminister Sikorski bei Treffen in Kiew - just-now.NEWS Deutschland","isPartOf":{"@id":"https:\/\/now-news.de\/de\/#website"},"primaryImageOfPage":{"@id":"https:\/\/now-news.de\/de\/deutschland\/selenskij-streitet-sich-mit-polens-aussenminister-sikorski-bei-treffen-in-kiew\/#primaryimage"},"image":{"@id":"https:\/\/now-news.de\/de\/deutschland\/selenskij-streitet-sich-mit-polens-aussenminister-sikorski-bei-treffen-in-kiew\/#primaryimage"},"thumbnailUrl":"https:\/\/now-news.de\/de\/wp-content\/uploads\/sites\/3\/2024\/09\/Selenskij-streitet-sich-mit-Polens-Aussenminister-Sikorski-bei-Treffen-in.jpg","datePublished":"2024-09-17T18:17:33+00:00","dateModified":"2024-09-17T18:17:33+00:00","breadcrumb":{"@id":"https:\/\/now-news.de\/de\/deutschland\/selenskij-streitet-sich-mit-polens-aussenminister-sikorski-bei-treffen-in-kiew\/#breadcrumb"},"inLanguage":"de","potentialAction":[{"@type":"ReadAction","target":["https:\/\/now-news.de\/de\/deutschland\/selenskij-streitet-sich-mit-polens-aussenminister-sikorski-bei-treffen-in-kiew\/"]}]},{"@type":"ImageObject","inLanguage":"de","@id":"https:\/\/now-news.de\/de\/deutschland\/selenskij-streitet-sich-mit-polens-aussenminister-sikorski-bei-treffen-in-kiew\/#primaryimage","url":"https:\/\/now-news.de\/de\/wp-content\/uploads\/sites\/3\/2024\/09\/Selenskij-streitet-sich-mit-Polens-Aussenminister-Sikorski-bei-Treffen-in.jpg","contentUrl":"https:\/\/now-news.de\/de\/wp-content\/uploads\/sites\/3\/2024\/09\/Selenskij-streitet-sich-mit-Polens-Aussenminister-Sikorski-bei-Treffen-in.jpg","width":460,"height":259,"caption":"Selenskij streitet sich mit Polens Au\u00dfenminister Sikorski bei Treffen in Kiew"},{"@type":"BreadcrumbList","@id":"https:\/\/now-news.de\/de\/deutschland\/selenskij-streitet-sich-mit-polens-aussenminister-sikorski-bei-treffen-in-kiew\/#breadcrumb","itemListElement":[{"@type":"ListItem","position":1,"name":"Home","item":"https:\/\/now-news.de\/de\/"},{"@type":"ListItem","position":2,"name":"Selenskij streitet sich mit Polens Au\u00dfenminister Sikorski bei Treffen in Kiew"}]},{"@type":"WebSite","@id":"https:\/\/now-news.de\/de\/#website","url":"https:\/\/now-news.de\/de\/","name":"just-now.NEWS Deutschland","description":"Das Portal f\u00fcr unzensierte Nachrichten aus der Welt","publisher":{"@id":"https:\/\/now-news.de\/de\/#organization"},"potentialAction":[{"@type":"SearchAction","target":{"@type":"EntryPoint","urlTemplate":"https:\/\/now-news.de\/de\/?s={search_term_string}"},"query-input":"required name=search_term_string"}],"inLanguage":"de"},{"@type":"Organization","@id":"https:\/\/now-news.de\/de\/#organization","name":"Just Now News","url":"https:\/\/now-news.de\/de\/","logo":{"@type":"ImageObject","inLanguage":"de","@id":"https:\/\/now-news.de\/de\/#\/schema\/logo\/image\/","url":"http:\/\/just-now.news\/de\/wp-content\/uploads\/sites\/3\/2022\/04\/logo500x500.jpg","contentUrl":"http:\/\/just-now.news\/de\/wp-content\/uploads\/sites\/3\/2022\/04\/logo500x500.jpg","width":500,"height":500,"caption":"Just Now News"},"image":{"@id":"https:\/\/now-news.de\/de\/#\/schema\/logo\/image\/"},"sameAs":["https:\/\/www.facebook.com\/wirmachenauf","https:\/\/x.com\/WirMachenAuf_de"]},{"@type":"Person","@id":"https:\/\/now-news.de\/de\/#\/schema\/person\/fb534a4e865501d8b3285208df34a9b5","name":"rtnews","image":{"@type":"ImageObject","inLanguage":"de","@id":"https:\/\/now-news.de\/de\/#\/schema\/person\/image\/","url":"https:\/\/secure.gravatar.com\/avatar\/82aafea7d8127119dd649515f56e2117?s=96&d=mm&r=g","contentUrl":"https:\/\/secure.gravatar.com\/avatar\/82aafea7d8127119dd649515f56e2117?s=96&d=mm&r=g","caption":"rtnews"},"url":"https:\/\/now-news.de\/de\/author\/rnews\/"}]}},"_links":{"self":[{"href":"https:\/\/now-news.de\/de\/wp-json\/wp\/v2\/posts\/69126"}],"collection":[{"href":"https:\/\/now-news.de\/de\/wp-json\/wp\/v2\/posts"}],"about":[{"href":"https:\/\/now-news.de\/de\/wp-json\/wp\/v2\/types\/post"}],"author":[{"embeddable":true,"href":"https:\/\/now-news.de\/de\/wp-json\/wp\/v2\/users\/3"}],"replies":[{"embeddable":true,"href":"https:\/\/now-news.de\/de\/wp-json\/wp\/v2\/comments?post=69126"}],"version-history":[{"count":0,"href":"https:\/\/now-news.de\/de\/wp-json\/wp\/v2\/posts\/69126\/revisions"}],"wp:featuredmedia":[{"embeddable":true,"href":"https:\/\/now-news.de\/de\/wp-json\/wp\/v2\/media\/69127"}],"wp:attachment":[{"href":"https:\/\/now-news.de\/de\/wp-json\/wp\/v2\/media?parent=69126"}],"wp:term":[{"taxonomy":"category","embeddable":true,"href":"https:\/\/now-news.de\/de\/wp-json\/wp\/v2\/categories?post=69126"},{"taxonomy":"post_tag","embeddable":true,"href":"https:\/\/now-news.de\/de\/wp-json\/wp\/v2\/tags?post=69126"}],"curies":[{"name":"wp","href":"https:\/\/api.w.org\/{rel}","templated":true}]}}