{"id":69110,"date":"2024-09-17T17:15:59","date_gmt":"2024-09-17T15:15:59","guid":{"rendered":"https:\/\/now-news.de\/de\/deutschland\/baerbock-weiterhin-nicht-an-frieden-interessiert\/"},"modified":"2024-09-17T17:15:59","modified_gmt":"2024-09-17T15:15:59","slug":"baerbock-weiterhin-nicht-an-frieden-interessiert","status":"publish","type":"post","link":"https:\/\/now-news.de\/de\/deutschland\/baerbock-weiterhin-nicht-an-frieden-interessiert\/","title":{"rendered":"Baerbock weiterhin nicht an Frieden interessiert"},"content":{"rendered":"<p><img decoding=\"async\" src=\"https:\/\/now-news.de\/de\/wp-content\/uploads\/sites\/3\/2024\/09\/66e99876b480cc3cba1f13b0.jpg\" \/><\/p>\n<div class=\"Text-root Text-type_1 \">\n                Die deutsche Au\u00dfenministerin bleibt weiter ihrer harten Haltung treu und lehnt Diplomatie im Ukraine-Konflikt ab. Zudem verbreitet Baerbock weiterhin Falschinformationen zur Verhandlungsbereitschaft Russlands. Im Gegensatz zu Deutschland ist Russland zu Gespr\u00e4chen bereit.\n            <\/div>\n<p><\/p>\n<div class=\"Text-root Text-type_5 ArticleView-text ViewText-root \">\n<p>Au\u00dfenministerin Annalena Baerbock (B\u00fcndnis 90\/Die Gr\u00fcnen) ist an einer L\u00f6sung des Ukraine-Konflikts weiterhin nicht interessiert, geht aus einem <a rel=\"nofollow noopener\" target=\"_blank\" href=\"https:\/\/www.zdf.de\/nachrichten\/politik\/baerbock-friedenskonferenz-russland-ukraine-krieg-100.html\">Bericht <\/a>des <em>ZDF<\/em> hervor. Sie verbreitet weiterhin antirussische Narrative und warnt davor, Putin zu trauen. Baerbock behauptet, Russlands Pr\u00e4sident Putin lehne Verhandlungen ab.\u00a0<\/p>\n<p>&#8220;Jeden Tag der letzten zweieinhalb Jahre haben wir nichts anderes getan, als f\u00fcr Frieden zu arbeiten&#8221;, behauptet Baerbock wahrheitswidrig, und schlie\u00dft ebenso wahrheitswidrig an:\u00a0&#8220;Putin hat das Gegenteil getan.&#8221;\u00a0Putin habe auf Friedensbem\u00fchungen mit Gewalt geantwortet.<\/p>\n<p>Fakt ist, dass Baerbock seit ihrem Antrittsbesuch im Januar 2022 in Moskau keinen offiziellen Kontakt zu ihrem russischen Amtskollegen Sergei Lawrow unterh\u00e4lt. Kontakte bestehen lediglich bei internationalen diplomatischen Treffen. Dort attackierte Baerbock Lawrow mehrfach verbal. Russland k\u00f6nne den Ukraine-Krieg sofort beenden, wenn das Land seine Truppen zur\u00fcckziehe, war die von Baerbock mehrfach erhobene Forderung an Lawrow, die international Erstaunen \u00fcber das Niveau deutscher Diplomatie ausgel\u00f6st hat.\u00a0<\/p>\n<p>Der Ukraine-Konflikt geht auf die Ausdehnung der NATO zur\u00fcck. Darin liegt auch seine L\u00f6sung. Zu dieser L\u00f6sung tr\u00e4gt Deutschland bisher nichts bei. Die deutsche Au\u00dfenministerin ignoriert im Gegenteil diesen Zusammenhang. Baerbock besteht zudem weiterhin auf der Umsetzung von Selenskijs Friedensplan, der faktisch eine Kapitulation Russlands als Bedingung f\u00fcr Friedensverhandlungen vorsieht. Der Plan findet international keine Unterst\u00fctzung, denn er gilt als nicht realistisch. Auf die Umsetzung des Plans zu bestehen, wie Baerbock das tut, bedeutet, den Krieg auf Kosten der Ukraine zu verl\u00e4ngern.<\/p>\n<p>Pr\u00e4sident Putin hat wie auch Au\u00dfenminister Lawrow wiederholt ge\u00e4u\u00dfert, dass Russland zu Verhandlungen bereit sei. Als Grundlage k\u00f6nnten die Ergebnisse der Friedensverhandlungen vom Fr\u00fchjahr 2022 dienen, die zun\u00e4chst in Wei\u00dfrussland und sp\u00e4ter in der T\u00fcrkei gef\u00fchrt wurden. Die Friedensverhandlungen waren damals vom Westen hintertrieben worden.\u00a0<\/p>\n<p>Auch in anderen Zusammenh\u00e4ngen mit dem Ukraine-Konflikt war Deutschland bisher nicht an Verhandlungen beteiligt, die zu substanziellen Ergebnissen gef\u00fchrt haben. Das Getreideabkommen kam unter Vermittlung der T\u00fcrkei zustande. Verhandlungen zum Austausch von Gefangenen werden ebenso wenig von Deutschland eingef\u00e4delt und vermittelt wie die R\u00fcckf\u00fchrung von Kindern, die von Russland aus von der Ukraine bombardierten Gebieten evakuiert wurden und deren Eltern in der Ukraine leben. Vor diesem Hintergrund wirkt es bizarr, dass Baerbock meint, die R\u00fcckgabe von &#8220;verschleppten&#8221; Kindern k\u00f6nnte ein &#8220;erster Vertrauensschritt&#8221; Russlands gegen\u00fcber der Ukraine sein.\u00a0<\/p>\n<p>Das <em>ZDF<\/em> unterl\u00e4sst in seiner Berichterstattung die journalistische Einordnung der Falschaussagen Baerbocks.\u00a0<\/p>\n<p><strong>Mehr zum Thema<\/strong>\u00a0\u2013<a rel=\"nofollow noopener\" target=\"_blank\" href=\"https:\/\/freedert.online\/international\/219433-financial-times-eu-will-40\/\">\u00a0Medienbericht: EU will Kiew milliardenschwere Kredite ohne Ungarns Zustimmung gew\u00e4hren<\/a><\/p>\n<div class=\"EmbedBlock-root EmbedBlock-externalVideo EmbedBlock-rumble\">\n<div class=\"VkEmbed\"><iframe class=\"lazyload\" data-src=\"https:\/\/rumble.com\/embed\/v5cyuxo\" frameborder=\"0\" width=\"853\" height=\"480\" allowfullscreen><\/iframe><\/div>\n<\/div>\n<\/div>\n<p><br \/>\n<br \/><a href=\"https:\/\/de.rt.com\/inland\/219474-baerbock-weiterhin-nicht-an-frieden\/\">Source link <\/a><\/p>\n","protected":false},"excerpt":{"rendered":"<p>Die deutsche Au\u00dfenministerin bleibt weiter ihrer harten Haltung treu und lehnt Diplomatie im Ukraine-Konflikt ab. Zudem verbreitet Baerbock weiterhin Falschinformationen zur Verhandlungsbereitschaft Russlands. Im Gegensatz zu Deutschland ist Russland zu Gespr\u00e4chen bereit. Au\u00dfenministerin Annalena Baerbock (B\u00fcndnis 90\/Die Gr\u00fcnen) ist an einer L\u00f6sung des Ukraine-Konflikts weiterhin nicht interessiert, geht aus einem Bericht des ZDF hervor. Sie [&hellip;]<\/p>\n","protected":false},"author":3,"featured_media":69111,"comment_status":"open","ping_status":"open","sticky":false,"template":"","format":"standard","meta":{"_yoast_indexnow_last_ping":["1726588907"],"wp_automatic_camp":["217"],"e37a3997bd6eaeb34b021890edde81af":["Baerbock weiterhin nicht an Frieden interessiert"],"original_link":["https:\/\/de.rt.com\/inland\/219474-baerbock-weiterhin-nicht-an-frieden\/"],"_thumbnail_id":["69111"],"_wptgpro_p2tg_sent2tg":["a:1:{i:23737;s:19:\"2024-09-17 18:03:01\";}"],"jnews_social_counter_last_update":["1777452778"]},"categories":[19,23],"tags":[587,614,15920,800,4250],"yoast_head":"<!-- This site is optimized with the Yoast SEO Premium plugin v22.7 (Yoast SEO v22.7) - https:\/\/yoast.com\/wordpress\/plugins\/seo\/ -->\n<title>Baerbock weiterhin nicht an Frieden interessiert - just-now.NEWS Deutschland<\/title>\n<meta name=\"robots\" content=\"index, follow, max-snippet:-1, max-image-preview:large, max-video-preview:-1\" \/>\n<link rel=\"canonical\" href=\"https:\/\/now-news.de\/de\/deutschland\/baerbock-weiterhin-nicht-an-frieden-interessiert\/\" \/>\n<meta property=\"og:locale\" content=\"de_DE\" \/>\n<meta property=\"og:type\" content=\"article\" \/>\n<meta property=\"og:title\" content=\"Baerbock weiterhin nicht an Frieden interessiert\" \/>\n<meta property=\"og:description\" content=\"Die deutsche Au\u00dfenministerin bleibt weiter ihrer harten Haltung treu und lehnt Diplomatie im Ukraine-Konflikt ab. Zudem verbreitet Baerbock weiterhin Falschinformationen zur Verhandlungsbereitschaft Russlands. Im Gegensatz zu Deutschland ist Russland zu Gespr\u00e4chen bereit. Au\u00dfenministerin Annalena Baerbock (B\u00fcndnis 90\/Die Gr\u00fcnen) ist an einer L\u00f6sung des Ukraine-Konflikts weiterhin nicht interessiert, geht aus einem Bericht des ZDF hervor. Sie [&hellip;]\" \/>\n<meta property=\"og:url\" content=\"https:\/\/now-news.de\/de\/deutschland\/baerbock-weiterhin-nicht-an-frieden-interessiert\/\" \/>\n<meta property=\"og:site_name\" content=\"just-now.NEWS Deutschland\" \/>\n<meta property=\"article:publisher\" content=\"https:\/\/www.facebook.com\/wirmachenauf\" \/>\n<meta property=\"article:published_time\" content=\"2024-09-17T15:15:59+00:00\" \/>\n<meta property=\"og:image\" content=\"https:\/\/now-news.de\/de\/wp-content\/uploads\/sites\/3\/2024\/09\/66e99876b480cc3cba1f13b0.jpg\" \/>\n<meta name=\"author\" content=\"rtnews\" \/>\n<meta name=\"twitter:card\" content=\"summary_large_image\" \/>\n<meta name=\"twitter:creator\" content=\"@WirMachenAuf_de\" \/>\n<meta name=\"twitter:site\" content=\"@WirMachenAuf_de\" \/>\n<meta name=\"twitter:label1\" content=\"Verfasst von\" \/>\n\t<meta name=\"twitter:data1\" content=\"rtnews\" \/>\n\t<meta name=\"twitter:label2\" content=\"Gesch\u00e4tzte Lesezeit\" \/>\n\t<meta name=\"twitter:data2\" content=\"2\u00a0Minuten\" \/>\n<script type=\"application\/ld+json\" class=\"yoast-schema-graph\">{\"@context\":\"https:\/\/schema.org\",\"@graph\":[{\"@type\":\"Article\",\"@id\":\"https:\/\/now-news.de\/de\/deutschland\/baerbock-weiterhin-nicht-an-frieden-interessiert\/#article\",\"isPartOf\":{\"@id\":\"https:\/\/now-news.de\/de\/deutschland\/baerbock-weiterhin-nicht-an-frieden-interessiert\/\"},\"author\":{\"name\":\"rtnews\",\"@id\":\"https:\/\/now-news.de\/de\/#\/schema\/person\/fb534a4e865501d8b3285208df34a9b5\"},\"headline\":\"Baerbock weiterhin nicht an Frieden interessiert\",\"datePublished\":\"2024-09-17T15:15:59+00:00\",\"dateModified\":\"2024-09-17T15:15:59+00:00\",\"mainEntityOfPage\":{\"@id\":\"https:\/\/now-news.de\/de\/deutschland\/baerbock-weiterhin-nicht-an-frieden-interessiert\/\"},\"wordCount\":465,\"commentCount\":0,\"publisher\":{\"@id\":\"https:\/\/now-news.de\/de\/#organization\"},\"image\":{\"@id\":\"https:\/\/now-news.de\/de\/deutschland\/baerbock-weiterhin-nicht-an-frieden-interessiert\/#primaryimage\"},\"thumbnailUrl\":\"https:\/\/now-news.de\/de\/wp-content\/uploads\/sites\/3\/2024\/09\/Baerbock-weiterhin-nicht-an-Frieden-interessiert.jpg\",\"keywords\":[\"Baerbock\",\"Frieden\",\"interessiert\",\"nicht\",\"weiterhin\"],\"articleSection\":[\"Deutschland\",\"Russland\"],\"inLanguage\":\"de\",\"potentialAction\":[{\"@type\":\"CommentAction\",\"name\":\"Comment\",\"target\":[\"https:\/\/now-news.de\/de\/deutschland\/baerbock-weiterhin-nicht-an-frieden-interessiert\/#respond\"]}]},{\"@type\":\"WebPage\",\"@id\":\"https:\/\/now-news.de\/de\/deutschland\/baerbock-weiterhin-nicht-an-frieden-interessiert\/\",\"url\":\"https:\/\/now-news.de\/de\/deutschland\/baerbock-weiterhin-nicht-an-frieden-interessiert\/\",\"name\":\"Baerbock weiterhin nicht an Frieden interessiert - just-now.NEWS Deutschland\",\"isPartOf\":{\"@id\":\"https:\/\/now-news.de\/de\/#website\"},\"primaryImageOfPage\":{\"@id\":\"https:\/\/now-news.de\/de\/deutschland\/baerbock-weiterhin-nicht-an-frieden-interessiert\/#primaryimage\"},\"image\":{\"@id\":\"https:\/\/now-news.de\/de\/deutschland\/baerbock-weiterhin-nicht-an-frieden-interessiert\/#primaryimage\"},\"thumbnailUrl\":\"https:\/\/now-news.de\/de\/wp-content\/uploads\/sites\/3\/2024\/09\/Baerbock-weiterhin-nicht-an-Frieden-interessiert.jpg\",\"datePublished\":\"2024-09-17T15:15:59+00:00\",\"dateModified\":\"2024-09-17T15:15:59+00:00\",\"breadcrumb\":{\"@id\":\"https:\/\/now-news.de\/de\/deutschland\/baerbock-weiterhin-nicht-an-frieden-interessiert\/#breadcrumb\"},\"inLanguage\":\"de\",\"potentialAction\":[{\"@type\":\"ReadAction\",\"target\":[\"https:\/\/now-news.de\/de\/deutschland\/baerbock-weiterhin-nicht-an-frieden-interessiert\/\"]}]},{\"@type\":\"ImageObject\",\"inLanguage\":\"de\",\"@id\":\"https:\/\/now-news.de\/de\/deutschland\/baerbock-weiterhin-nicht-an-frieden-interessiert\/#primaryimage\",\"url\":\"https:\/\/now-news.de\/de\/wp-content\/uploads\/sites\/3\/2024\/09\/Baerbock-weiterhin-nicht-an-Frieden-interessiert.jpg\",\"contentUrl\":\"https:\/\/now-news.de\/de\/wp-content\/uploads\/sites\/3\/2024\/09\/Baerbock-weiterhin-nicht-an-Frieden-interessiert.jpg\",\"width\":460,\"height\":259,\"caption\":\"Baerbock weiterhin nicht an Frieden interessiert\"},{\"@type\":\"BreadcrumbList\",\"@id\":\"https:\/\/now-news.de\/de\/deutschland\/baerbock-weiterhin-nicht-an-frieden-interessiert\/#breadcrumb\",\"itemListElement\":[{\"@type\":\"ListItem\",\"position\":1,\"name\":\"Home\",\"item\":\"https:\/\/now-news.de\/de\/\"},{\"@type\":\"ListItem\",\"position\":2,\"name\":\"Baerbock weiterhin nicht an Frieden interessiert\"}]},{\"@type\":\"WebSite\",\"@id\":\"https:\/\/now-news.de\/de\/#website\",\"url\":\"https:\/\/now-news.de\/de\/\",\"name\":\"just-now.NEWS Deutschland\",\"description\":\"Das Portal f\u00fcr unzensierte Nachrichten aus der Welt\",\"publisher\":{\"@id\":\"https:\/\/now-news.de\/de\/#organization\"},\"potentialAction\":[{\"@type\":\"SearchAction\",\"target\":{\"@type\":\"EntryPoint\",\"urlTemplate\":\"https:\/\/now-news.de\/de\/?s={search_term_string}\"},\"query-input\":\"required name=search_term_string\"}],\"inLanguage\":\"de\"},{\"@type\":\"Organization\",\"@id\":\"https:\/\/now-news.de\/de\/#organization\",\"name\":\"Just Now News\",\"url\":\"https:\/\/now-news.de\/de\/\",\"logo\":{\"@type\":\"ImageObject\",\"inLanguage\":\"de\",\"@id\":\"https:\/\/now-news.de\/de\/#\/schema\/logo\/image\/\",\"url\":\"http:\/\/just-now.news\/de\/wp-content\/uploads\/sites\/3\/2022\/04\/logo500x500.jpg\",\"contentUrl\":\"http:\/\/just-now.news\/de\/wp-content\/uploads\/sites\/3\/2022\/04\/logo500x500.jpg\",\"width\":500,\"height\":500,\"caption\":\"Just Now News\"},\"image\":{\"@id\":\"https:\/\/now-news.de\/de\/#\/schema\/logo\/image\/\"},\"sameAs\":[\"https:\/\/www.facebook.com\/wirmachenauf\",\"https:\/\/x.com\/WirMachenAuf_de\"]},{\"@type\":\"Person\",\"@id\":\"https:\/\/now-news.de\/de\/#\/schema\/person\/fb534a4e865501d8b3285208df34a9b5\",\"name\":\"rtnews\",\"image\":{\"@type\":\"ImageObject\",\"inLanguage\":\"de\",\"@id\":\"https:\/\/now-news.de\/de\/#\/schema\/person\/image\/\",\"url\":\"https:\/\/secure.gravatar.com\/avatar\/82aafea7d8127119dd649515f56e2117?s=96&d=mm&r=g\",\"contentUrl\":\"https:\/\/secure.gravatar.com\/avatar\/82aafea7d8127119dd649515f56e2117?s=96&d=mm&r=g\",\"caption\":\"rtnews\"},\"url\":\"https:\/\/now-news.de\/de\/author\/rnews\/\"}]}<\/script>\n<!-- \/ Yoast SEO Premium plugin. -->","yoast_head_json":{"title":"Baerbock weiterhin nicht an Frieden interessiert - just-now.NEWS Deutschland","robots":{"index":"index","follow":"follow","max-snippet":"max-snippet:-1","max-image-preview":"max-image-preview:large","max-video-preview":"max-video-preview:-1"},"canonical":"https:\/\/now-news.de\/de\/deutschland\/baerbock-weiterhin-nicht-an-frieden-interessiert\/","og_locale":"de_DE","og_type":"article","og_title":"Baerbock weiterhin nicht an Frieden interessiert","og_description":"Die deutsche Au\u00dfenministerin bleibt weiter ihrer harten Haltung treu und lehnt Diplomatie im Ukraine-Konflikt ab. Zudem verbreitet Baerbock weiterhin Falschinformationen zur Verhandlungsbereitschaft Russlands. Im Gegensatz zu Deutschland ist Russland zu Gespr\u00e4chen bereit. Au\u00dfenministerin Annalena Baerbock (B\u00fcndnis 90\/Die Gr\u00fcnen) ist an einer L\u00f6sung des Ukraine-Konflikts weiterhin nicht interessiert, geht aus einem Bericht des ZDF hervor. Sie [&hellip;]","og_url":"https:\/\/now-news.de\/de\/deutschland\/baerbock-weiterhin-nicht-an-frieden-interessiert\/","og_site_name":"just-now.NEWS Deutschland","article_publisher":"https:\/\/www.facebook.com\/wirmachenauf","article_published_time":"2024-09-17T15:15:59+00:00","og_image":[{"url":"https:\/\/now-news.de\/de\/wp-content\/uploads\/sites\/3\/2024\/09\/66e99876b480cc3cba1f13b0.jpg"}],"author":"rtnews","twitter_card":"summary_large_image","twitter_creator":"@WirMachenAuf_de","twitter_site":"@WirMachenAuf_de","twitter_misc":{"Verfasst von":"rtnews","Gesch\u00e4tzte Lesezeit":"2\u00a0Minuten"},"schema":{"@context":"https:\/\/schema.org","@graph":[{"@type":"Article","@id":"https:\/\/now-news.de\/de\/deutschland\/baerbock-weiterhin-nicht-an-frieden-interessiert\/#article","isPartOf":{"@id":"https:\/\/now-news.de\/de\/deutschland\/baerbock-weiterhin-nicht-an-frieden-interessiert\/"},"author":{"name":"rtnews","@id":"https:\/\/now-news.de\/de\/#\/schema\/person\/fb534a4e865501d8b3285208df34a9b5"},"headline":"Baerbock weiterhin nicht an Frieden interessiert","datePublished":"2024-09-17T15:15:59+00:00","dateModified":"2024-09-17T15:15:59+00:00","mainEntityOfPage":{"@id":"https:\/\/now-news.de\/de\/deutschland\/baerbock-weiterhin-nicht-an-frieden-interessiert\/"},"wordCount":465,"commentCount":0,"publisher":{"@id":"https:\/\/now-news.de\/de\/#organization"},"image":{"@id":"https:\/\/now-news.de\/de\/deutschland\/baerbock-weiterhin-nicht-an-frieden-interessiert\/#primaryimage"},"thumbnailUrl":"https:\/\/now-news.de\/de\/wp-content\/uploads\/sites\/3\/2024\/09\/Baerbock-weiterhin-nicht-an-Frieden-interessiert.jpg","keywords":["Baerbock","Frieden","interessiert","nicht","weiterhin"],"articleSection":["Deutschland","Russland"],"inLanguage":"de","potentialAction":[{"@type":"CommentAction","name":"Comment","target":["https:\/\/now-news.de\/de\/deutschland\/baerbock-weiterhin-nicht-an-frieden-interessiert\/#respond"]}]},{"@type":"WebPage","@id":"https:\/\/now-news.de\/de\/deutschland\/baerbock-weiterhin-nicht-an-frieden-interessiert\/","url":"https:\/\/now-news.de\/de\/deutschland\/baerbock-weiterhin-nicht-an-frieden-interessiert\/","name":"Baerbock weiterhin nicht an Frieden interessiert - just-now.NEWS Deutschland","isPartOf":{"@id":"https:\/\/now-news.de\/de\/#website"},"primaryImageOfPage":{"@id":"https:\/\/now-news.de\/de\/deutschland\/baerbock-weiterhin-nicht-an-frieden-interessiert\/#primaryimage"},"image":{"@id":"https:\/\/now-news.de\/de\/deutschland\/baerbock-weiterhin-nicht-an-frieden-interessiert\/#primaryimage"},"thumbnailUrl":"https:\/\/now-news.de\/de\/wp-content\/uploads\/sites\/3\/2024\/09\/Baerbock-weiterhin-nicht-an-Frieden-interessiert.jpg","datePublished":"2024-09-17T15:15:59+00:00","dateModified":"2024-09-17T15:15:59+00:00","breadcrumb":{"@id":"https:\/\/now-news.de\/de\/deutschland\/baerbock-weiterhin-nicht-an-frieden-interessiert\/#breadcrumb"},"inLanguage":"de","potentialAction":[{"@type":"ReadAction","target":["https:\/\/now-news.de\/de\/deutschland\/baerbock-weiterhin-nicht-an-frieden-interessiert\/"]}]},{"@type":"ImageObject","inLanguage":"de","@id":"https:\/\/now-news.de\/de\/deutschland\/baerbock-weiterhin-nicht-an-frieden-interessiert\/#primaryimage","url":"https:\/\/now-news.de\/de\/wp-content\/uploads\/sites\/3\/2024\/09\/Baerbock-weiterhin-nicht-an-Frieden-interessiert.jpg","contentUrl":"https:\/\/now-news.de\/de\/wp-content\/uploads\/sites\/3\/2024\/09\/Baerbock-weiterhin-nicht-an-Frieden-interessiert.jpg","width":460,"height":259,"caption":"Baerbock weiterhin nicht an Frieden interessiert"},{"@type":"BreadcrumbList","@id":"https:\/\/now-news.de\/de\/deutschland\/baerbock-weiterhin-nicht-an-frieden-interessiert\/#breadcrumb","itemListElement":[{"@type":"ListItem","position":1,"name":"Home","item":"https:\/\/now-news.de\/de\/"},{"@type":"ListItem","position":2,"name":"Baerbock weiterhin nicht an Frieden interessiert"}]},{"@type":"WebSite","@id":"https:\/\/now-news.de\/de\/#website","url":"https:\/\/now-news.de\/de\/","name":"just-now.NEWS Deutschland","description":"Das Portal f\u00fcr unzensierte Nachrichten aus der Welt","publisher":{"@id":"https:\/\/now-news.de\/de\/#organization"},"potentialAction":[{"@type":"SearchAction","target":{"@type":"EntryPoint","urlTemplate":"https:\/\/now-news.de\/de\/?s={search_term_string}"},"query-input":"required name=search_term_string"}],"inLanguage":"de"},{"@type":"Organization","@id":"https:\/\/now-news.de\/de\/#organization","name":"Just Now News","url":"https:\/\/now-news.de\/de\/","logo":{"@type":"ImageObject","inLanguage":"de","@id":"https:\/\/now-news.de\/de\/#\/schema\/logo\/image\/","url":"http:\/\/just-now.news\/de\/wp-content\/uploads\/sites\/3\/2022\/04\/logo500x500.jpg","contentUrl":"http:\/\/just-now.news\/de\/wp-content\/uploads\/sites\/3\/2022\/04\/logo500x500.jpg","width":500,"height":500,"caption":"Just Now News"},"image":{"@id":"https:\/\/now-news.de\/de\/#\/schema\/logo\/image\/"},"sameAs":["https:\/\/www.facebook.com\/wirmachenauf","https:\/\/x.com\/WirMachenAuf_de"]},{"@type":"Person","@id":"https:\/\/now-news.de\/de\/#\/schema\/person\/fb534a4e865501d8b3285208df34a9b5","name":"rtnews","image":{"@type":"ImageObject","inLanguage":"de","@id":"https:\/\/now-news.de\/de\/#\/schema\/person\/image\/","url":"https:\/\/secure.gravatar.com\/avatar\/82aafea7d8127119dd649515f56e2117?s=96&d=mm&r=g","contentUrl":"https:\/\/secure.gravatar.com\/avatar\/82aafea7d8127119dd649515f56e2117?s=96&d=mm&r=g","caption":"rtnews"},"url":"https:\/\/now-news.de\/de\/author\/rnews\/"}]}},"_links":{"self":[{"href":"https:\/\/now-news.de\/de\/wp-json\/wp\/v2\/posts\/69110"}],"collection":[{"href":"https:\/\/now-news.de\/de\/wp-json\/wp\/v2\/posts"}],"about":[{"href":"https:\/\/now-news.de\/de\/wp-json\/wp\/v2\/types\/post"}],"author":[{"embeddable":true,"href":"https:\/\/now-news.de\/de\/wp-json\/wp\/v2\/users\/3"}],"replies":[{"embeddable":true,"href":"https:\/\/now-news.de\/de\/wp-json\/wp\/v2\/comments?post=69110"}],"version-history":[{"count":0,"href":"https:\/\/now-news.de\/de\/wp-json\/wp\/v2\/posts\/69110\/revisions"}],"wp:featuredmedia":[{"embeddable":true,"href":"https:\/\/now-news.de\/de\/wp-json\/wp\/v2\/media\/69111"}],"wp:attachment":[{"href":"https:\/\/now-news.de\/de\/wp-json\/wp\/v2\/media?parent=69110"}],"wp:term":[{"taxonomy":"category","embeddable":true,"href":"https:\/\/now-news.de\/de\/wp-json\/wp\/v2\/categories?post=69110"},{"taxonomy":"post_tag","embeddable":true,"href":"https:\/\/now-news.de\/de\/wp-json\/wp\/v2\/tags?post=69110"}],"curies":[{"name":"wp","href":"https:\/\/api.w.org\/{rel}","templated":true}]}}