{"id":69083,"date":"2024-09-17T12:07:23","date_gmt":"2024-09-17T10:07:23","guid":{"rendered":"https:\/\/now-news.de\/de\/deutschland\/die-ard-fragt-unter-mithilfe-von-komparsen-ist-die-afd-eigentlich-ein-problem\/"},"modified":"2024-09-17T12:07:23","modified_gmt":"2024-09-17T10:07:23","slug":"die-ard-fragt-unter-mithilfe-von-komparsen-ist-die-afd-eigentlich-ein-problem","status":"publish","type":"post","link":"https:\/\/now-news.de\/de\/deutschland\/die-ard-fragt-unter-mithilfe-von-komparsen-ist-die-afd-eigentlich-ein-problem\/","title":{"rendered":"Die ARD fragt unter Mithilfe von Komparsen: &quot;Ist die AfD eigentlich ein Problem?&quot;"},"content":{"rendered":"<div class=\"Text-root Text-type_1 \">\n                &#8220;Eine Politshow, in der einhundert Menschen aus der Bev\u00f6lkerung zu gesellschaftlichen Themen Stellung beziehen&#8221;, so das offizielle Sendekonzept. Aufmerksame Zuschauer konnten recherchieren, dass mindestens ein Teilnehmer der aktuellen Sendung hauptberuflich Hobbyschauspieler ist.\n            <\/div>\n<p><\/p>\n<div class=\"Text-root Text-type_5 ArticleView-text ViewText-root \">\n<p>Die\u00a0<em>ARD<\/em>\u00a0pr\u00e4sentierte seinen Zuschauern am gestrigen Abend die j\u00fcngste\u00a0Folge des Sendeformats &#8220;Die 100&#8221;.\u00a0Die Idee hinter der Sendung ist laut\u00a0<a rel=\"nofollow noopener\" target=\"_blank\" href=\"https:\/\/story.ndr.de\/die100\/\">Informationen<\/a>\u00a0der Sendeanstalten\u00a0<em>WDR<\/em>\u00a0und\u00a0<em>NDR<\/em>, dass\u00a0einhundert Menschen &#8220;aus der Bev\u00f6lkerung&#8221; zu gesellschaftlichen Themen Stellung beziehen sollen. Zwei Journalisten tragen dabei &#8220;Pro- und Contra-Argumente&#8221; zu einer konzipierten Frage vor. Wenige Tage vor den Landtagswahlen in Brandenburg lautete der Sendungstitel: &#8220;Ist die AfD eigentlich ein Problem?&#8221;. Das Problem f\u00fcr kritische Zuschauer lautet am Tag danach, warum musste ein professioneller Komparse Frage und Antwort stehen?<\/p>\n<p>Seit rund vier Jahren pr\u00e4sentiert das medienkritische X-Profil &#8220;<a rel=\"nofollow noopener\" target=\"_blank\" href=\"https:\/\/x.com\/OERRBlog\">\u00d6RR Blog<\/a>&#8221; interessierten Lesern nachweisliche manipulative Ereignisse aus der Berichterstattung von\u00a0<em>ARD<\/em>\u00a0und\u00a0<em>ZDF<\/em>, samt dazugeh\u00f6rigen Sendeanstalten. Diese Recherchen motivierten dabei weitere \u00d6RR-Kritiker, die Produktionen aus Mainz und Berlin genauer unter die Lupe zu nehmen, so auch nach der Ausstrahlung der j\u00fcngsten &#8220;Die 100&#8221;-Ausgabe.<\/p>\n<p>Die\u00a0<em>ARD<\/em>-Webseite\u00a0<a rel=\"nofollow noopener\" target=\"_blank\" href=\"https:\/\/www.ardmediathek.de\/video\/die-100-was-deutschland-bewegt\/ist-die-afd-eigentlich-ein-problem\/ndr\/Y3JpZDovL25kci5kZS9wcm9wbGFuXzE5NjM1OTQwOV9nYW56ZVNlbmR1bmc\">informierte<\/a>\u00a0zur Sendung:<\/p>\n<p><em>&#8220;Die AfD scheint in Deutschland fest etabliert. Besonders im Osten erf\u00e4hrt sie gro\u00dfe Zustimmung. Ist das eigentlich ein Problem? Gef\u00e4hrdet der Erfolg einer in Teilen rechtsextremen Partei unsere Demokratie oder ist diese stark genug, sich auch den Feinden der Demokratie entgegenzustellen?&#8221;\u00a0<\/em><\/p>\n<p>Moderiert wurde die Sendung von Ingo Zamperoni, bekannt f\u00fcr sein unkritisches, dabei\u00a0<a rel=\"nofollow noopener\" target=\"_blank\" href=\"https:\/\/fragdenstaat.de\/anfrage\/informationen-und-dokumente-zur-organisation-des-interviews-mit-bill-gates-in-den-tagesthemen-am-12042020\/\">kontrovers wahrgenommenes<\/a>, Tagesthemen-Interview mit Bill Gates im Jahr 2020. Zwei Journalistenkollegen pr\u00e4sentierten den Studiog\u00e4sten &#8220;Pro- und Contra-Argumente&#8221; zur Partei AfD. Der seitens der Redaktion ausgesuchte Co-Moderator Tobias Krell arbeitet dabei als\u00a0Kopf und Namensgeber der Sendung Checker Tobi f\u00fcr den KiKA (ARD-Kinderkanal). Weiter hei\u00dft es in der Sendeplanung:<\/p>\n<p><em>&#8220;Einhundert Menschen auf dem Spielfeld stimmen mit ihren F\u00fc\u00dfen ab: Welches Argument \u00fcberzeugt? Welches bewegt zum Nach- oder Umdenken? Wie viel Bewegung entsteht im Laufe des Abends?&#8221;<\/em><\/p>\n<p>Das\u00a0<em>Focus<\/em>-Magazin\u00a0<a rel=\"nofollow noopener\" target=\"_blank\" href=\"https:\/\/www.focus.de\/kultur\/kino_tv\/tv-kolumne-die-100-was-deutschland-bewegt-als-ard-show-argumente-gegen-die-afd-sammelt-wird-sie-zum-ernsten-kindergeburtstag_id_260317283.html\">titelt<\/a>\u00a0am Tag danach:<\/p>\n<p><em>&#8220;Als ARD-Show Argumente gegen die AfD sammelt, wird sie zum ernsten Kindergeburtstag&#8221;<\/em><\/p>\n<p>F\u00fcr das Sendeformat k\u00f6nnen sich interessierte B\u00fcrger als Teilnehmer schriftlich\u00a0<a rel=\"nofollow noopener\" target=\"_blank\" href=\"https:\/\/myshow.de\/formats\/die-100-was-deutschland-bewegt\">bewerben<\/a>. Das X-Profil &#8220;Storymakers&#8221; informierte bereits noch am Montagabend \u00fcber erneute Auff\u00e4lligkeiten in den ARD-Konzepten, je nach Blickwinkel und medienkritischer Wahrnehmung, eine &#8220;Wiederholungstat&#8221; oder nur ein schlichter &#8220;dummer Zufall&#8221;.<\/p>\n<div class=\"EmbedBlock-root EmbedBlock-twitter\">\n<div class=\"TwitterEmbed\">\n<blockquote class=\"twitter-tweet lazyload\" data-twitter=\"twitter-tweet\">\n<p lang=\"de\" dir=\"ltr\">Ein buchbarer Darsteller auch bekannt aus anderen Scripted-Reality-Formaten im Privatfernsehen. <a rel=\"nofollow noopener\" target=\"_blank\" href=\"https:\/\/twitter.com\/hashtag\/Die100?src=hash&amp;ref_src=twsrc%5Etfw\">#Die100<\/a><a rel=\"nofollow noopener\" target=\"_blank\" href=\"https:\/\/t.co\/vD0U7ZRMRH\">pic.twitter.com\/vD0U7ZRMRH<\/a><\/p>\n<p>\u2014 storymakers (@mz_storymakers) <a rel=\"nofollow noopener\" target=\"_blank\" href=\"https:\/\/twitter.com\/mz_storymakers\/status\/1835790255964000632?ref_src=twsrc%5Etfw\">September 16, 2024<\/a><\/p><\/blockquote>\n<\/div>\n<\/div>\n<p>Tags darauf erg\u00e4nzte das X-Profil \u00d6RR-Blog unter anderem mit Backstage-Fotografien:<\/p>\n<div class=\"EmbedBlock-root EmbedBlock-twitter\">\n<div class=\"TwitterEmbed\">\n<blockquote class=\"twitter-tweet lazyload\" data-twitter=\"twitter-tweet\">\n<p lang=\"de\" dir=\"ltr\">Der in der ARD Sendung &#8220;<a rel=\"nofollow noopener\" target=\"_blank\" href=\"https:\/\/twitter.com\/hashtag\/Die100?src=hash&amp;ref_src=twsrc%5Etfw\">#Die100<\/a> &#8211; Ist die AfD eigentlich ein Problem?&#8221; als B\u00fcrokaufmann vorgestellte Schauspieler spielte im ARD Tatort mit. <a rel=\"nofollow noopener\" target=\"_blank\" href=\"https:\/\/twitter.com\/hashtag\/ReformOerr?src=hash&amp;ref_src=twsrc%5Etfw\">#ReformOerr<\/a><a rel=\"nofollow noopener\" target=\"_blank\" href=\"https:\/\/twitter.com\/hashtag\/OerrBlog?src=hash&amp;ref_src=twsrc%5Etfw\">#OerrBlog<\/a><a rel=\"nofollow noopener\" target=\"_blank\" href=\"https:\/\/t.co\/9Dg9B1TYU1\">pic.twitter.com\/9Dg9B1TYU1<\/a><\/p>\n<p>\u2014 \u00d6RR Blog. (@OERRBlog) <a rel=\"nofollow noopener\" target=\"_blank\" href=\"https:\/\/twitter.com\/OERRBlog\/status\/1835955606361887220?ref_src=twsrc%5Etfw\">September 17, 2024<\/a><\/p><\/blockquote>\n<\/div>\n<\/div>\n<p>Spontan vorgestellt und interviewt, wurde ein Michael Schleiermacher, von Beruf laut Einblendung &#8220;B\u00fcrokaufmann&#8221;. Die Erg\u00e4nzung &#8220;unter anderem B\u00fcrokaufmann&#8221;\u00a0h\u00e4tte der\u00a0Wahrheit eher entsprochen. &#8220;Rein zuf\u00e4llig&#8221; findet sich Herr Schleiermacher n\u00e4mlich\u00a0auch im Komparsen-<a rel=\"nofollow noopener\" target=\"_blank\" href=\"https:\/\/de.stagepool.com\/stories\/9785\/es_heit_immer_es_werden_neue_gesichter_gesucht_hier_bin_ich_und_ich_beie_nicht\">Portfolio<\/a>\u00a0des Unternehmens &#8220;Stage Pool&#8221;. Herr Schleiermacher selbst\u00a0stellt\u00a0sich seinen Followern in seinem Instagram-Profil dabei nicht als &#8220;B\u00fcrokaufmann&#8221; vor, sondern als &#8220;Komparse und Kleindarsteller&#8221;.<\/p>\n<div class=\"EmbedBlock-root EmbedBlock-twitter\">\n<div class=\"TwitterEmbed\">\n<blockquote class=\"twitter-tweet lazyload\" data-twitter=\"twitter-tweet\">\n<p lang=\"de\" dir=\"ltr\">\u201eB\u00fcrokaufmann\u201c <a rel=\"nofollow noopener\" target=\"_blank\" href=\"https:\/\/t.co\/7DLnOVoYY1\">pic.twitter.com\/7DLnOVoYY1<\/a><\/p>\n<p>\u2014 _horizont_ (@hori_____zont) <a rel=\"nofollow noopener\" target=\"_blank\" href=\"https:\/\/twitter.com\/hori_____zont\/status\/1835956359302435000?ref_src=twsrc%5Etfw\">September 17, 2024<\/a><\/p><\/blockquote>\n<\/div>\n<\/div>\n<p>Wo findet sich nun der &#8220;Skandal&#8221;? Ausgerechnet Herr Schleiermacher durfte, nachdem er &#8220;\u00fcberzeugt&#8221; vom AfD-Sympathisanten im Verlauf der Sendung zum Kritiker wurde, zusammen mit Herrn Zamperoni das &#8220;Schlusswort&#8221; vortragen, als letzter interviewter Teilnehmer der Sendung.\u00a0<em>Der Westen<\/em>\u00a0<a rel=\"nofollow noopener\" target=\"_blank\" href=\"https:\/\/www.derwesten.de\/politik\/die-100-ard-afd-komparse-schauspieler-id301139776.html\">erkl\u00e4rt<\/a>\u00a0seinen Lesern:<\/p>\n<p><em>&#8220;Der hauptberufliche B\u00fcrokaufmann gesellte sich pl\u00f6tzlich zu den Teilnehmern, die in der AfD &#8216;ein Problem f\u00fcr die Demokratie&#8217; erkennen. Zu Beginn der Show hatte er noch auf der anderen Seite gestanden.\u00a0Moderator Zamperoni fragte ihn, wieso er nun auf einmal hier stehe. Der Mann erl\u00e4uterte: &#8216;Das ist einfach zu erkl\u00e4ren. Die AfD ist ein Wolf im Schafspelz. Man wei\u00df nicht, was sie vorhat&#8217;. Durch die Sendung sei er &#8216;auf andere Gedanken gekommen&#8217;.&#8221;<\/em><\/p>\n<p>Durch die Sendung? In der Mediathek noch bis 16. September 2026 ab Minute 58.18 zu bewundern:<\/p>\n<figure class=\"RTImage-root\">\n<div class=\"RTImage-image RTImage-original\"><picture class=\"Picture-root Picture-original\"><!--[if IE 9]><video style=\"display: none;\"><![endif]--><source media=\"(-webkit-min-device-pixel-ratio: 2) and (min-resolution: 120dpi)\" data-srcset=\" \nhttps:\/\/now-news.de\/de\/wp-content\/uploads\/sites\/3\/2024\/09\/66e9454fb480cc6a1f321d06.JPG 850w,\n                https:\/\/now-news.de\/de\/wp-content\/uploads\/sites\/3\/2024\/09\/66e9454fb480cc6a1f321d06.JPG 1960w,            \" ><source data-srcset=\" \nhttps:\/\/now-news.de\/de\/wp-content\/uploads\/sites\/3\/2024\/09\/66e9454fb480cc6a1f321d06.JPG 460w,\n              https:\/\/now-news.de\/de\/wp-content\/uploads\/sites\/3\/2024\/09\/66e9454fb480cc6a1f321d06.JPG 980w,\n            \" ><!--[if IE 9]><\/video><![endif]--><img decoding=\"async\" data- src=\"data:image\/png;base64,iVBORw0KGgoAAAANSUhEUgAAABAAAAAJCAQAAACRI2S5AAAAEElEQVR42mNkIAAYRxWAAQAG9gAKqv6+AwAAAABJRU5ErkJggg==\" class=\"Picture-root Picture-original lazyload\" data-src=\"https:\/\/now-news.de\/de\/wp-content\/uploads\/sites\/3\/2024\/09\/66e9454fb480cc6a1f321d06.JPG\" alt=\"\"><\/source><\/source><\/picture><!-- noscript pattern --><noscript><img decoding=\"async\" src=\"https:\/\/now-news.de\/de\/wp-content\/uploads\/sites\/3\/2024\/09\/66e9454fb480cc6a1f321d06.JPG\" alt=\"\"><\/noscript><\/div><figcaption class=\"RTImage-footer\"><span class=\"RTImage-caption\"><\/span><span class=\"RTImage-source\"><span class=\"RTImage-captionItem\">Screenshot: ARD-Mediathek<\/span><\/span><\/figcaption><\/figure>\n<p>Der vorletzte Studiogast, ein normaler B\u00fcrger (?), erkl\u00e4rte ebenfalls zuvor Herrn Zamperoni, warum er jetzt doch auf der Seite der AfD-Kritiker stehen w\u00fcrde:<\/p>\n<p><em>&#8220;Ich hab&#8217; gewechselt jetzt, weil ich am Anfang viel mehr Vertrauen in die Demokratie hatte und jetzt im Verlauf der Sendung ist mir deutlich geworden, dass es doch eine Gefahr sein k\u00f6nnte (sic!). Am Anfang war ich ziemlich unbedarft, jede Demokratie muss das auch aushalten k\u00f6nnen, die Meinung von der AfD, aber im Laufe dieser Sendung ist mir total klar geworden, das man diese Meinungen doch nicht akzeptieren kann.&#8221;<\/em><\/p>\n<p>Die ARD\u00a0<a rel=\"nofollow noopener\" target=\"_blank\" href=\"https:\/\/www.ard.de\/die-ard\/aufgaben-der-ard\/Was-unsere-Leistung-ausmacht-100\/\">informiert<\/a>\u00a0auf ihrer Webseite zum Thema: &#8220;Was unsere Leistung ausmacht&#8221;:<\/p>\n<p><em>&#8220;Unsere Angebote unterst\u00fctzen eine kulturell, sozial und politisch versierte und kompetente Gesellschaft, f\u00f6rdern Teilhabe und das menschliche Miteinander. Wir engagieren uns im Auftrag der Gemeinschaft f\u00fcr wichtige gesellschaftliche Themen und liefern einen relevanten Beitrag zu Integration und Inklusion in unserem Land.&#8221;<\/em><\/p>\n<p>Am 22. September finden die n\u00e4chsten Landtagswahlen in Brandenburg statt.\u00a0Die\u00a0<em>ARD<\/em>-Tagesschau\u00a0<a rel=\"nofollow noopener\" target=\"_blank\" href=\"https:\/\/www.tagesschau.de\/inland\/innenpolitik\/landtagswahl-brandenburg-120.html\">informierte<\/a>\u00a0am 16. Dezember vor Ausstrahlung der Sendung:<\/p>\n<p><em>&#8220;Aufholjagd mit offenem Ende. Kurz vor der Landtagswahl legt die Brandenburger SPD in Umfragen weiter zu. Zu verdanken ist das Dietmar Woidke. Pl\u00f6tzlich scheint eine lange unrealistische Koalition m\u00f6glich. Doch auf wessen Kosten l\u00e4uft die Aufholjagd?&#8221;<\/em><\/p>\n<p>Laut Umfrage\u00a0&#8220;bleibt die AfD stabil&#8221; in ihren Werten und &#8220;damit knapp st\u00e4rkste Kraft&#8221; in Brandenburg (27 Prozent, gegen\u00fcber 26 Prozent f\u00fcr die SPD).<\/p>\n<p><strong>Mehr zum Thema &#8211;<\/strong>\u00a0<a rel=\"nofollow noopener\" target=\"_blank\" href=\"https:\/\/freeassange.rtde.life\/international\/219409-mark-zuckerbergs-meta-verbannt-weltweit\/\">Meta verbannt RT weltweit aus Apps wie Facebook und Instagram<\/a><\/p>\n<\/div>\n<p><script async src=\"https:\/\/platform.twitter.com\/widgets.js\" charset=\"utf-8\"><\/script><br \/>\n<br \/><br \/>\n<br \/><a href=\"https:\/\/de.rt.com\/inland\/219417-ard-fragt-unter-mithilfe-von\/\">Source link <\/a><\/p>\n","protected":false},"excerpt":{"rendered":"<p>&#8220;Eine Politshow, in der einhundert Menschen aus der Bev\u00f6lkerung zu gesellschaftlichen Themen Stellung beziehen&#8221;, so das offizielle Sendekonzept. Aufmerksame Zuschauer konnten recherchieren, dass mindestens ein Teilnehmer der aktuellen Sendung hauptberuflich Hobbyschauspieler ist. Die\u00a0ARD\u00a0pr\u00e4sentierte seinen Zuschauern am gestrigen Abend die j\u00fcngste\u00a0Folge des Sendeformats &#8220;Die 100&#8221;.\u00a0Die Idee hinter der Sendung ist laut\u00a0Informationen\u00a0der Sendeanstalten\u00a0WDR\u00a0und\u00a0NDR, dass\u00a0einhundert Menschen &#8220;aus der [&hellip;]<\/p>\n","protected":false},"author":3,"featured_media":69084,"comment_status":"open","ping_status":"open","sticky":false,"template":"","format":"standard","meta":{"_yoast_indexnow_last_ping":["1726567662"],"wp_automatic_camp":["217"],"64af761c2752ebb2a4ce90c3da21886a":["Die ARD fragt unter Mithilfe von Komparsen: &quot;Ist die AfD eigentlich ein Problem?&quot;"],"original_link":["https:\/\/de.rt.com\/inland\/219417-ard-fragt-unter-mithilfe-von\/"],"_thumbnail_id":["69084"],"jnews_social_counter_last_update":["1777221524"],"_wptgpro_p2tg_sent2tg":["a:1:{i:23737;s:19:\"2024-09-17 12:08:56\";}"]},"categories":[19,23],"tags":[3815,11760,45,26696,357,18149,58619,40105,56126,34465,908,50],"yoast_head":"<!-- This site is optimized with the Yoast SEO Premium plugin v22.7 (Yoast SEO v22.7) - https:\/\/yoast.com\/wordpress\/plugins\/seo\/ -->\n<title>Die ARD fragt unter Mithilfe von Komparsen: &quot;Ist die AfD eigentlich ein Problem?&quot; - just-now.NEWS Deutschland<\/title>\n<meta name=\"robots\" content=\"index, follow, max-snippet:-1, max-image-preview:large, max-video-preview:-1\" \/>\n<link rel=\"canonical\" href=\"https:\/\/now-news.de\/de\/deutschland\/die-ard-fragt-unter-mithilfe-von-komparsen-ist-die-afd-eigentlich-ein-problem\/\" \/>\n<meta property=\"og:locale\" content=\"de_DE\" \/>\n<meta property=\"og:type\" content=\"article\" \/>\n<meta property=\"og:title\" content=\"Die ARD fragt unter Mithilfe von Komparsen: &quot;Ist die AfD eigentlich ein Problem?&quot;\" \/>\n<meta property=\"og:description\" content=\"&#8220;Eine Politshow, in der einhundert Menschen aus der Bev\u00f6lkerung zu gesellschaftlichen Themen Stellung beziehen&#8221;, so das offizielle Sendekonzept. Aufmerksame Zuschauer konnten recherchieren, dass mindestens ein Teilnehmer der aktuellen Sendung hauptberuflich Hobbyschauspieler ist. Die\u00a0ARD\u00a0pr\u00e4sentierte seinen Zuschauern am gestrigen Abend die j\u00fcngste\u00a0Folge des Sendeformats &#8220;Die 100&#8221;.\u00a0Die Idee hinter der Sendung ist laut\u00a0Informationen\u00a0der Sendeanstalten\u00a0WDR\u00a0und\u00a0NDR, dass\u00a0einhundert Menschen &#8220;aus der [&hellip;]\" \/>\n<meta property=\"og:url\" content=\"https:\/\/now-news.de\/de\/deutschland\/die-ard-fragt-unter-mithilfe-von-komparsen-ist-die-afd-eigentlich-ein-problem\/\" \/>\n<meta property=\"og:site_name\" content=\"just-now.NEWS Deutschland\" \/>\n<meta property=\"article:publisher\" content=\"https:\/\/www.facebook.com\/wirmachenauf\" \/>\n<meta property=\"article:published_time\" content=\"2024-09-17T10:07:23+00:00\" \/>\n<meta property=\"og:image\" content=\"https:\/\/now-news.de\/de\/wp-content\/uploads\/sites\/3\/2024\/09\/66e9454fb480cc6a1f321d06.JPG\" \/>\n<meta name=\"author\" content=\"rtnews\" \/>\n<meta name=\"twitter:card\" content=\"summary_large_image\" \/>\n<meta name=\"twitter:creator\" content=\"@WirMachenAuf_de\" \/>\n<meta name=\"twitter:site\" content=\"@WirMachenAuf_de\" \/>\n<meta name=\"twitter:label1\" content=\"Verfasst von\" \/>\n\t<meta name=\"twitter:data1\" content=\"rtnews\" \/>\n\t<meta name=\"twitter:label2\" content=\"Gesch\u00e4tzte Lesezeit\" \/>\n\t<meta name=\"twitter:data2\" content=\"5\u00a0Minuten\" \/>\n<script type=\"application\/ld+json\" class=\"yoast-schema-graph\">{\"@context\":\"https:\/\/schema.org\",\"@graph\":[{\"@type\":\"Article\",\"@id\":\"https:\/\/now-news.de\/de\/deutschland\/die-ard-fragt-unter-mithilfe-von-komparsen-ist-die-afd-eigentlich-ein-problem\/#article\",\"isPartOf\":{\"@id\":\"https:\/\/now-news.de\/de\/deutschland\/die-ard-fragt-unter-mithilfe-von-komparsen-ist-die-afd-eigentlich-ein-problem\/\"},\"author\":{\"name\":\"rtnews\",\"@id\":\"https:\/\/now-news.de\/de\/#\/schema\/person\/fb534a4e865501d8b3285208df34a9b5\"},\"headline\":\"Die ARD fragt unter Mithilfe von Komparsen: &quot;Ist die AfD eigentlich ein Problem?&quot;\",\"datePublished\":\"2024-09-17T10:07:23+00:00\",\"dateModified\":\"2024-09-17T10:07:23+00:00\",\"mainEntityOfPage\":{\"@id\":\"https:\/\/now-news.de\/de\/deutschland\/die-ard-fragt-unter-mithilfe-von-komparsen-ist-die-afd-eigentlich-ein-problem\/\"},\"wordCount\":920,\"commentCount\":0,\"publisher\":{\"@id\":\"https:\/\/now-news.de\/de\/#organization\"},\"image\":{\"@id\":\"https:\/\/now-news.de\/de\/deutschland\/die-ard-fragt-unter-mithilfe-von-komparsen-ist-die-afd-eigentlich-ein-problem\/#primaryimage\"},\"thumbnailUrl\":\"https:\/\/now-news.de\/de\/wp-content\/uploads\/sites\/3\/2024\/09\/Die-ARD-fragt-unter-Mithilfe-von-Komparsen-quotIst-die-AfD.JPG\",\"keywords\":[\"AfD\",\"ARD\",\"die\",\"eigentlich\",\"ein\",\"fragt\",\"Komparsen\",\"mithilfe\",\"Problemquot\",\"quotIst\",\"unter\",\"von\"],\"articleSection\":[\"Deutschland\",\"Russland\"],\"inLanguage\":\"de\",\"potentialAction\":[{\"@type\":\"CommentAction\",\"name\":\"Comment\",\"target\":[\"https:\/\/now-news.de\/de\/deutschland\/die-ard-fragt-unter-mithilfe-von-komparsen-ist-die-afd-eigentlich-ein-problem\/#respond\"]}]},{\"@type\":\"WebPage\",\"@id\":\"https:\/\/now-news.de\/de\/deutschland\/die-ard-fragt-unter-mithilfe-von-komparsen-ist-die-afd-eigentlich-ein-problem\/\",\"url\":\"https:\/\/now-news.de\/de\/deutschland\/die-ard-fragt-unter-mithilfe-von-komparsen-ist-die-afd-eigentlich-ein-problem\/\",\"name\":\"Die ARD fragt unter Mithilfe von Komparsen: &quot;Ist die AfD eigentlich ein Problem?&quot; - just-now.NEWS Deutschland\",\"isPartOf\":{\"@id\":\"https:\/\/now-news.de\/de\/#website\"},\"primaryImageOfPage\":{\"@id\":\"https:\/\/now-news.de\/de\/deutschland\/die-ard-fragt-unter-mithilfe-von-komparsen-ist-die-afd-eigentlich-ein-problem\/#primaryimage\"},\"image\":{\"@id\":\"https:\/\/now-news.de\/de\/deutschland\/die-ard-fragt-unter-mithilfe-von-komparsen-ist-die-afd-eigentlich-ein-problem\/#primaryimage\"},\"thumbnailUrl\":\"https:\/\/now-news.de\/de\/wp-content\/uploads\/sites\/3\/2024\/09\/Die-ARD-fragt-unter-Mithilfe-von-Komparsen-quotIst-die-AfD.JPG\",\"datePublished\":\"2024-09-17T10:07:23+00:00\",\"dateModified\":\"2024-09-17T10:07:23+00:00\",\"breadcrumb\":{\"@id\":\"https:\/\/now-news.de\/de\/deutschland\/die-ard-fragt-unter-mithilfe-von-komparsen-ist-die-afd-eigentlich-ein-problem\/#breadcrumb\"},\"inLanguage\":\"de\",\"potentialAction\":[{\"@type\":\"ReadAction\",\"target\":[\"https:\/\/now-news.de\/de\/deutschland\/die-ard-fragt-unter-mithilfe-von-komparsen-ist-die-afd-eigentlich-ein-problem\/\"]}]},{\"@type\":\"ImageObject\",\"inLanguage\":\"de\",\"@id\":\"https:\/\/now-news.de\/de\/deutschland\/die-ard-fragt-unter-mithilfe-von-komparsen-ist-die-afd-eigentlich-ein-problem\/#primaryimage\",\"url\":\"https:\/\/now-news.de\/de\/wp-content\/uploads\/sites\/3\/2024\/09\/Die-ARD-fragt-unter-Mithilfe-von-Komparsen-quotIst-die-AfD.JPG\",\"contentUrl\":\"https:\/\/now-news.de\/de\/wp-content\/uploads\/sites\/3\/2024\/09\/Die-ARD-fragt-unter-Mithilfe-von-Komparsen-quotIst-die-AfD.JPG\",\"width\":598,\"height\":472,\"caption\":\"Die ARD fragt unter Mithilfe von Komparsen: &quot;Ist die AfD eigentlich ein Problem?&quot;\"},{\"@type\":\"BreadcrumbList\",\"@id\":\"https:\/\/now-news.de\/de\/deutschland\/die-ard-fragt-unter-mithilfe-von-komparsen-ist-die-afd-eigentlich-ein-problem\/#breadcrumb\",\"itemListElement\":[{\"@type\":\"ListItem\",\"position\":1,\"name\":\"Home\",\"item\":\"https:\/\/now-news.de\/de\/\"},{\"@type\":\"ListItem\",\"position\":2,\"name\":\"Die ARD fragt unter Mithilfe von Komparsen: &quot;Ist die AfD eigentlich ein Problem?&quot;\"}]},{\"@type\":\"WebSite\",\"@id\":\"https:\/\/now-news.de\/de\/#website\",\"url\":\"https:\/\/now-news.de\/de\/\",\"name\":\"just-now.NEWS Deutschland\",\"description\":\"Das Portal f\u00fcr unzensierte Nachrichten aus der Welt\",\"publisher\":{\"@id\":\"https:\/\/now-news.de\/de\/#organization\"},\"potentialAction\":[{\"@type\":\"SearchAction\",\"target\":{\"@type\":\"EntryPoint\",\"urlTemplate\":\"https:\/\/now-news.de\/de\/?s={search_term_string}\"},\"query-input\":\"required name=search_term_string\"}],\"inLanguage\":\"de\"},{\"@type\":\"Organization\",\"@id\":\"https:\/\/now-news.de\/de\/#organization\",\"name\":\"Just Now News\",\"url\":\"https:\/\/now-news.de\/de\/\",\"logo\":{\"@type\":\"ImageObject\",\"inLanguage\":\"de\",\"@id\":\"https:\/\/now-news.de\/de\/#\/schema\/logo\/image\/\",\"url\":\"http:\/\/just-now.news\/de\/wp-content\/uploads\/sites\/3\/2022\/04\/logo500x500.jpg\",\"contentUrl\":\"http:\/\/just-now.news\/de\/wp-content\/uploads\/sites\/3\/2022\/04\/logo500x500.jpg\",\"width\":500,\"height\":500,\"caption\":\"Just Now News\"},\"image\":{\"@id\":\"https:\/\/now-news.de\/de\/#\/schema\/logo\/image\/\"},\"sameAs\":[\"https:\/\/www.facebook.com\/wirmachenauf\",\"https:\/\/x.com\/WirMachenAuf_de\"]},{\"@type\":\"Person\",\"@id\":\"https:\/\/now-news.de\/de\/#\/schema\/person\/fb534a4e865501d8b3285208df34a9b5\",\"name\":\"rtnews\",\"image\":{\"@type\":\"ImageObject\",\"inLanguage\":\"de\",\"@id\":\"https:\/\/now-news.de\/de\/#\/schema\/person\/image\/\",\"url\":\"https:\/\/secure.gravatar.com\/avatar\/82aafea7d8127119dd649515f56e2117?s=96&d=mm&r=g\",\"contentUrl\":\"https:\/\/secure.gravatar.com\/avatar\/82aafea7d8127119dd649515f56e2117?s=96&d=mm&r=g\",\"caption\":\"rtnews\"},\"url\":\"https:\/\/now-news.de\/de\/author\/rnews\/\"}]}<\/script>\n<!-- \/ Yoast SEO Premium plugin. -->","yoast_head_json":{"title":"Die ARD fragt unter Mithilfe von Komparsen: &quot;Ist die AfD eigentlich ein Problem?&quot; - just-now.NEWS Deutschland","robots":{"index":"index","follow":"follow","max-snippet":"max-snippet:-1","max-image-preview":"max-image-preview:large","max-video-preview":"max-video-preview:-1"},"canonical":"https:\/\/now-news.de\/de\/deutschland\/die-ard-fragt-unter-mithilfe-von-komparsen-ist-die-afd-eigentlich-ein-problem\/","og_locale":"de_DE","og_type":"article","og_title":"Die ARD fragt unter Mithilfe von Komparsen: &quot;Ist die AfD eigentlich ein Problem?&quot;","og_description":"&#8220;Eine Politshow, in der einhundert Menschen aus der Bev\u00f6lkerung zu gesellschaftlichen Themen Stellung beziehen&#8221;, so das offizielle Sendekonzept. Aufmerksame Zuschauer konnten recherchieren, dass mindestens ein Teilnehmer der aktuellen Sendung hauptberuflich Hobbyschauspieler ist. Die\u00a0ARD\u00a0pr\u00e4sentierte seinen Zuschauern am gestrigen Abend die j\u00fcngste\u00a0Folge des Sendeformats &#8220;Die 100&#8221;.\u00a0Die Idee hinter der Sendung ist laut\u00a0Informationen\u00a0der Sendeanstalten\u00a0WDR\u00a0und\u00a0NDR, dass\u00a0einhundert Menschen &#8220;aus der [&hellip;]","og_url":"https:\/\/now-news.de\/de\/deutschland\/die-ard-fragt-unter-mithilfe-von-komparsen-ist-die-afd-eigentlich-ein-problem\/","og_site_name":"just-now.NEWS Deutschland","article_publisher":"https:\/\/www.facebook.com\/wirmachenauf","article_published_time":"2024-09-17T10:07:23+00:00","og_image":[{"url":"https:\/\/now-news.de\/de\/wp-content\/uploads\/sites\/3\/2024\/09\/66e9454fb480cc6a1f321d06.JPG"}],"author":"rtnews","twitter_card":"summary_large_image","twitter_creator":"@WirMachenAuf_de","twitter_site":"@WirMachenAuf_de","twitter_misc":{"Verfasst von":"rtnews","Gesch\u00e4tzte Lesezeit":"5\u00a0Minuten"},"schema":{"@context":"https:\/\/schema.org","@graph":[{"@type":"Article","@id":"https:\/\/now-news.de\/de\/deutschland\/die-ard-fragt-unter-mithilfe-von-komparsen-ist-die-afd-eigentlich-ein-problem\/#article","isPartOf":{"@id":"https:\/\/now-news.de\/de\/deutschland\/die-ard-fragt-unter-mithilfe-von-komparsen-ist-die-afd-eigentlich-ein-problem\/"},"author":{"name":"rtnews","@id":"https:\/\/now-news.de\/de\/#\/schema\/person\/fb534a4e865501d8b3285208df34a9b5"},"headline":"Die ARD fragt unter Mithilfe von Komparsen: &quot;Ist die AfD eigentlich ein Problem?&quot;","datePublished":"2024-09-17T10:07:23+00:00","dateModified":"2024-09-17T10:07:23+00:00","mainEntityOfPage":{"@id":"https:\/\/now-news.de\/de\/deutschland\/die-ard-fragt-unter-mithilfe-von-komparsen-ist-die-afd-eigentlich-ein-problem\/"},"wordCount":920,"commentCount":0,"publisher":{"@id":"https:\/\/now-news.de\/de\/#organization"},"image":{"@id":"https:\/\/now-news.de\/de\/deutschland\/die-ard-fragt-unter-mithilfe-von-komparsen-ist-die-afd-eigentlich-ein-problem\/#primaryimage"},"thumbnailUrl":"https:\/\/now-news.de\/de\/wp-content\/uploads\/sites\/3\/2024\/09\/Die-ARD-fragt-unter-Mithilfe-von-Komparsen-quotIst-die-AfD.JPG","keywords":["AfD","ARD","die","eigentlich","ein","fragt","Komparsen","mithilfe","Problemquot","quotIst","unter","von"],"articleSection":["Deutschland","Russland"],"inLanguage":"de","potentialAction":[{"@type":"CommentAction","name":"Comment","target":["https:\/\/now-news.de\/de\/deutschland\/die-ard-fragt-unter-mithilfe-von-komparsen-ist-die-afd-eigentlich-ein-problem\/#respond"]}]},{"@type":"WebPage","@id":"https:\/\/now-news.de\/de\/deutschland\/die-ard-fragt-unter-mithilfe-von-komparsen-ist-die-afd-eigentlich-ein-problem\/","url":"https:\/\/now-news.de\/de\/deutschland\/die-ard-fragt-unter-mithilfe-von-komparsen-ist-die-afd-eigentlich-ein-problem\/","name":"Die ARD fragt unter Mithilfe von Komparsen: &quot;Ist die AfD eigentlich ein Problem?&quot; - just-now.NEWS Deutschland","isPartOf":{"@id":"https:\/\/now-news.de\/de\/#website"},"primaryImageOfPage":{"@id":"https:\/\/now-news.de\/de\/deutschland\/die-ard-fragt-unter-mithilfe-von-komparsen-ist-die-afd-eigentlich-ein-problem\/#primaryimage"},"image":{"@id":"https:\/\/now-news.de\/de\/deutschland\/die-ard-fragt-unter-mithilfe-von-komparsen-ist-die-afd-eigentlich-ein-problem\/#primaryimage"},"thumbnailUrl":"https:\/\/now-news.de\/de\/wp-content\/uploads\/sites\/3\/2024\/09\/Die-ARD-fragt-unter-Mithilfe-von-Komparsen-quotIst-die-AfD.JPG","datePublished":"2024-09-17T10:07:23+00:00","dateModified":"2024-09-17T10:07:23+00:00","breadcrumb":{"@id":"https:\/\/now-news.de\/de\/deutschland\/die-ard-fragt-unter-mithilfe-von-komparsen-ist-die-afd-eigentlich-ein-problem\/#breadcrumb"},"inLanguage":"de","potentialAction":[{"@type":"ReadAction","target":["https:\/\/now-news.de\/de\/deutschland\/die-ard-fragt-unter-mithilfe-von-komparsen-ist-die-afd-eigentlich-ein-problem\/"]}]},{"@type":"ImageObject","inLanguage":"de","@id":"https:\/\/now-news.de\/de\/deutschland\/die-ard-fragt-unter-mithilfe-von-komparsen-ist-die-afd-eigentlich-ein-problem\/#primaryimage","url":"https:\/\/now-news.de\/de\/wp-content\/uploads\/sites\/3\/2024\/09\/Die-ARD-fragt-unter-Mithilfe-von-Komparsen-quotIst-die-AfD.JPG","contentUrl":"https:\/\/now-news.de\/de\/wp-content\/uploads\/sites\/3\/2024\/09\/Die-ARD-fragt-unter-Mithilfe-von-Komparsen-quotIst-die-AfD.JPG","width":598,"height":472,"caption":"Die ARD fragt unter Mithilfe von Komparsen: &quot;Ist die AfD eigentlich ein Problem?&quot;"},{"@type":"BreadcrumbList","@id":"https:\/\/now-news.de\/de\/deutschland\/die-ard-fragt-unter-mithilfe-von-komparsen-ist-die-afd-eigentlich-ein-problem\/#breadcrumb","itemListElement":[{"@type":"ListItem","position":1,"name":"Home","item":"https:\/\/now-news.de\/de\/"},{"@type":"ListItem","position":2,"name":"Die ARD fragt unter Mithilfe von Komparsen: &quot;Ist die AfD eigentlich ein Problem?&quot;"}]},{"@type":"WebSite","@id":"https:\/\/now-news.de\/de\/#website","url":"https:\/\/now-news.de\/de\/","name":"just-now.NEWS Deutschland","description":"Das Portal f\u00fcr unzensierte Nachrichten aus der Welt","publisher":{"@id":"https:\/\/now-news.de\/de\/#organization"},"potentialAction":[{"@type":"SearchAction","target":{"@type":"EntryPoint","urlTemplate":"https:\/\/now-news.de\/de\/?s={search_term_string}"},"query-input":"required name=search_term_string"}],"inLanguage":"de"},{"@type":"Organization","@id":"https:\/\/now-news.de\/de\/#organization","name":"Just Now News","url":"https:\/\/now-news.de\/de\/","logo":{"@type":"ImageObject","inLanguage":"de","@id":"https:\/\/now-news.de\/de\/#\/schema\/logo\/image\/","url":"http:\/\/just-now.news\/de\/wp-content\/uploads\/sites\/3\/2022\/04\/logo500x500.jpg","contentUrl":"http:\/\/just-now.news\/de\/wp-content\/uploads\/sites\/3\/2022\/04\/logo500x500.jpg","width":500,"height":500,"caption":"Just Now News"},"image":{"@id":"https:\/\/now-news.de\/de\/#\/schema\/logo\/image\/"},"sameAs":["https:\/\/www.facebook.com\/wirmachenauf","https:\/\/x.com\/WirMachenAuf_de"]},{"@type":"Person","@id":"https:\/\/now-news.de\/de\/#\/schema\/person\/fb534a4e865501d8b3285208df34a9b5","name":"rtnews","image":{"@type":"ImageObject","inLanguage":"de","@id":"https:\/\/now-news.de\/de\/#\/schema\/person\/image\/","url":"https:\/\/secure.gravatar.com\/avatar\/82aafea7d8127119dd649515f56e2117?s=96&d=mm&r=g","contentUrl":"https:\/\/secure.gravatar.com\/avatar\/82aafea7d8127119dd649515f56e2117?s=96&d=mm&r=g","caption":"rtnews"},"url":"https:\/\/now-news.de\/de\/author\/rnews\/"}]}},"_links":{"self":[{"href":"https:\/\/now-news.de\/de\/wp-json\/wp\/v2\/posts\/69083"}],"collection":[{"href":"https:\/\/now-news.de\/de\/wp-json\/wp\/v2\/posts"}],"about":[{"href":"https:\/\/now-news.de\/de\/wp-json\/wp\/v2\/types\/post"}],"author":[{"embeddable":true,"href":"https:\/\/now-news.de\/de\/wp-json\/wp\/v2\/users\/3"}],"replies":[{"embeddable":true,"href":"https:\/\/now-news.de\/de\/wp-json\/wp\/v2\/comments?post=69083"}],"version-history":[{"count":0,"href":"https:\/\/now-news.de\/de\/wp-json\/wp\/v2\/posts\/69083\/revisions"}],"wp:featuredmedia":[{"embeddable":true,"href":"https:\/\/now-news.de\/de\/wp-json\/wp\/v2\/media\/69084"}],"wp:attachment":[{"href":"https:\/\/now-news.de\/de\/wp-json\/wp\/v2\/media?parent=69083"}],"wp:term":[{"taxonomy":"category","embeddable":true,"href":"https:\/\/now-news.de\/de\/wp-json\/wp\/v2\/categories?post=69083"},{"taxonomy":"post_tag","embeddable":true,"href":"https:\/\/now-news.de\/de\/wp-json\/wp\/v2\/tags?post=69083"}],"curies":[{"name":"wp","href":"https:\/\/api.w.org\/{rel}","templated":true}]}}