{"id":6907,"date":"2022-05-05T20:00:00","date_gmt":"2022-05-05T18:00:00","guid":{"rendered":"http:\/\/just-now.news\/de\/deutschland\/vermittlung-zum-ende-der-funkstille-bundestagspraesidentin-bas-erwaegt-ukraine-reise\/"},"modified":"2022-05-05T20:00:00","modified_gmt":"2022-05-05T18:00:00","slug":"vermittlung-zum-ende-der-funkstille-bundestagspraesidentin-bas-erwaegt-ukraine-reise","status":"publish","type":"post","link":"https:\/\/now-news.de\/de\/deutschland\/vermittlung-zum-ende-der-funkstille-bundestagspraesidentin-bas-erwaegt-ukraine-reise\/","title":{"rendered":"Vermittlung zum Ende der Funkstille? \u2013 Bundestagspr\u00e4sidentin Bas erw\u00e4gt Ukraine-Reise"},"content":{"rendered":"<div class=\"Text-root Text-type_5 ArticleView-text ViewText-root \">\n<p>Anl\u00e4sslich eines Gedenkens in der Ukraine an das Ende des Zweiten Weltkriegs will die Bundestagspr\u00e4sidentin B\u00e4rbel Bas (SPD) am kommenden Sonntag in Kiew einen offiziellen Besuch abstatten. Bas habe &#8220;den Wunsch zu einer Reise in die Ukraine, um auf Einladung ihres ukrainischen Amtskollegen Ruslan Stefantschuk gemeinsam mit ihm aller Opfer des Zweiten Weltkriegs zu gedenken und politische Gespr\u00e4che zu f\u00fchren&#8221;, sagte eine Bundestags-Sprecherin der <em>Deutschen Presse-Agentur<\/em> (<em>dpa<\/em>) am Donnerstag auf Anfrage.<\/p>\n<p>Die Planungen f\u00fcr diese Reise liefen bereits seit Anfang April, teilte die Sprecherin weiter mit. Daf\u00fcr werde auch die sich st\u00e4ndig \u00e4ndernde Sicherheitslage beobachtet. Solche Reisen bed\u00fcrften sorgf\u00e4ltiger und intensiver Abstimmungen, auch mit der ukrainischen Seite und den zust\u00e4ndigen Sicherheitsbeh\u00f6rden. N\u00e4here Informationen zum geplanten Besuch w\u00fcrden daher nicht genannt.<\/p>\n<div class=\"ReadMore-root Section-root Section-is1to3-xs_is1to1\" data-widgets=\"ReadMore\" data-has-alias>\n<div class=\"Section-container Section-isRow-isTop-isWrap\">\n<article class=\"Card-root Card-is1to1 \">\n<div class=\"Card-imageWrap\">\n<div class=\"Card-picture\">\n<picture class=\"Picture-root Picture-default\"><!--[if IE 9]><video style=\"display: none;\"><![endif]--><source media=\"(-webkit-min-device-pixel-ratio: 2) and (min-resolution: 120dpi)\" data-srcset=\" \nhttp:\/\/just-now.news\/de\/wp-content\/uploads\/sites\/3\/2022\/05\/6257d83d48fbef1550787588.jpg 850w,\n                http:\/\/just-now.news\/de\/wp-content\/uploads\/sites\/3\/2022\/04\/Vize-Kanzler-Habeck-quotDie-ukrainische-Seite-hat-einen-diplomatischen-Fehler-gemachtquot.jpg 1960w,\n            \" ><source data-srcset=\" \nhttp:\/\/just-now.news\/de\/wp-content\/uploads\/sites\/3\/2022\/05\/6257d83d48fbef1550787588.jpg 460w,\n              http:\/\/just-now.news\/de\/wp-content\/uploads\/sites\/3\/2022\/04\/Vize-Kanzler-Habeck-quotDie-ukrainische-Seite-hat-einen-diplomatischen-Fehler-gemachtquot.jpg 980w,\n            \" ><!--[if IE 9]><\/video><![endif]--><\/source><\/source><\/picture><!-- noscript pattern --><noscript><img decoding=\"async\" src=\"http:\/\/just-now.news\/de\/wp-content\/uploads\/sites\/3\/2022\/04\/Vize-Kanzler-Habeck-quotDie-ukrainische-Seite-hat-einen-diplomatischen-Fehler-gemachtquot.jpg\" alt='Vize-Kanzler Habeck:  \"Die ukrainische Seite hat einen diplomatischen Fehler gemacht\"'><\/noscript>    <\/div><\/div>\n<div class=\"Card-contentWrap\">\n<div class=\"Card-content\">\n<div class=\"Card-title\">\n<div class=\"HeaderNews-root HeaderNews-type_6 \">\n<p>            <a rel=\"nofollow noopener\" target=\"_blank\" href=\"https:\/\/de.rt.com\/europa\/136200-nach-kritik-an-steinmeier-ausladung\/\" class=\"Link-root Link-isFullCard \"><br \/>\n                Vize-Kanzler Habeck:  &#8220;Die ukrainische Seite hat einen diplomatischen Fehler gemacht&#8221;<br \/>\n            <\/a><\/p><\/div><\/div><\/div><\/div>\n<\/article>\n<\/div><\/div>\n<p>Neben dem offiziellen Anlass, der Millionen Opfer in der Ukraine in dem von Deutschland entfesselten Zweiten Weltkrieg zu gedenken, k\u00f6nnte die Bundestagspr\u00e4sidentin die Reise aber auch zur Vermittlung in der aktuellen Auseinandersetzung zwischen Kiew und Berlin nutzen. Seit der Ausladung des deutschen Bundespr\u00e4sidenten Frank-Walter Steinmeier (SPD) f\u00fcr seine geplante Reise nach Kiew Mitte April herrscht in den offiziellen Beziehungen zwischen den beiden L\u00e4ndern eher Funkstille. Der kurzfristige damailge Beschluss der Kiewer Beh\u00f6rden wird in Berlin bis heute als beispielloser Affront gewertet.<\/p>\n<p>Zwar hatte der CDU-Vorsitzende und Oppositionspolitiker Friedrich Merz inzwischen vor einigen Tagen als erster deutscher Spitzenpolitiker nach dem Ausbruch des Ukraine-Krieges die ukrainische Hauptstadt <a rel=\"nofollow noopener\" target=\"_blank\" href=\"https:\/\/de.rt.com\/meinung\/137711-friedrich-merz-in-kiew\/\">besucht<\/a>. Dennoch weigert sich auch Bundeskanzler Olaf Scholz (SPD) momentan weiterhin, in die Ukraine zu fahren. Zuletzt kommentierte Scholz am Mittwoch nach der Kabinettsklausur im Schloss Meseberg diesbez\u00fcglich:<\/p>\n<blockquote>\n<p><em>&#8220;Es ist ein Problem, dass der Pr\u00e4sident der Bundesrepublik Deutschland ausgeladen wurde. Und das steht im Raum.&#8221;<\/em><\/p>\n<\/blockquote>\n<p>Der Stimmung in Berlin nicht f\u00f6rderlich ist zudem die st\u00e4ndige Kritik aus der Ukraine und insbesondere durch deren Botschafter in Deutschland an einer angeblichen deutschen Z\u00f6gerlichkeit bei der Lieferung von Waffen f\u00fcr den Abwehrkampf gegen Russland. Steinmeier wies am Donnerstag bei einem Besuch in Bukarest nochmals darauf hin, was Deutschland bereits alles finanziell, milit\u00e4risch und humanit\u00e4r (etwa bei der Aufnahme von Fl\u00fcchtlingen) leiste. Der Bundespr\u00e4sident sagte stellvertretend f\u00fcr das ganze deutsche Volk w\u00f6rtlich:<\/p>\n<blockquote>\n<p><em>&#8220;Wir Deutsche unterst\u00fctzen die Ukraine aus vollem Herzen.&#8221;<\/em><\/p>\n<\/blockquote>\n<p>Das bringe er zum Beispiel bei Besuchen wie in Rum\u00e4nien zum Ausdruck \u2013 &#8220;und nat\u00fcrlich auch im Austausch mit meinem ukrainischen Amtskollegen, wenn das m\u00f6glich ist&#8221;.<\/p>\n<p><strong>Mehr zum Thema<\/strong> &#8211;\u00a0<a rel=\"nofollow noopener\" target=\"_blank\" href=\"https:\/\/de.rt.com\/europa\/137769-erste-annaherung-nach-ausladung-steinmeier\/\">Erste Ann\u00e4herung nach Ausladung: Steinmeier telefoniert mit Selenskij<\/a><\/p>\n<p>(rt\/dpa)<\/p>\n<\/div>\n<p><br \/>\n<br \/><a href=\"https:\/\/de.rt.com\/inland\/137767-vermittlung-zum-ende-eiszeit-bundestagsprasidentin\/\">Source link <\/a><\/p>\n","protected":false},"excerpt":{"rendered":"<p>Anl\u00e4sslich eines Gedenkens in der Ukraine an das Ende des Zweiten Weltkriegs will die Bundestagspr\u00e4sidentin B\u00e4rbel Bas (SPD) am kommenden Sonntag in Kiew einen offiziellen Besuch abstatten. Bas habe &#8220;den Wunsch zu einer Reise in die Ukraine, um auf Einladung ihres ukrainischen Amtskollegen Ruslan Stefantschuk gemeinsam mit ihm aller Opfer des Zweiten Weltkriegs zu gedenken [&hellip;]<\/p>\n","protected":false},"author":3,"featured_media":6908,"comment_status":"open","ping_status":"open","sticky":false,"template":"","format":"standard","meta":{"wp_automatic_camp":["217"],"7114707e9d6ac92c38025f876c1ff1b9":["Vermittlung zum Ende der Funkstille? \u2013 Bundestagspr\u00e4sidentin Bas erw\u00e4gt Ukraine-Reise"],"original_link":["https:\/\/de.rt.com\/inland\/137767-vermittlung-zum-ende-eiszeit-bundestagsprasidentin\/"],"_thumbnail_id":["6908"],"wp_automatic_remove_first_image":["yes"],"_wptg_p2tg_sent2tg":["2022-05-06 07:22:18"],"jnews_social_counter_last_update":["1777305552"]},"categories":[19,23],"tags":[18871,18870,82,5375,141,18869,18872,6086,565],"yoast_head":"<!-- This site is optimized with the Yoast SEO Premium plugin v22.7 (Yoast SEO v22.7) - https:\/\/yoast.com\/wordpress\/plugins\/seo\/ -->\n<title>Vermittlung zum Ende der Funkstille? \u2013 Bundestagspr\u00e4sidentin Bas erw\u00e4gt Ukraine-Reise - just-now.NEWS Deutschland<\/title>\n<meta name=\"robots\" content=\"index, follow, max-snippet:-1, max-image-preview:large, max-video-preview:-1\" \/>\n<link rel=\"canonical\" href=\"https:\/\/now-news.de\/de\/deutschland\/vermittlung-zum-ende-der-funkstille-bundestagspraesidentin-bas-erwaegt-ukraine-reise\/\" \/>\n<meta property=\"og:locale\" content=\"de_DE\" \/>\n<meta property=\"og:type\" content=\"article\" \/>\n<meta property=\"og:title\" content=\"Vermittlung zum Ende der Funkstille? \u2013 Bundestagspr\u00e4sidentin Bas erw\u00e4gt Ukraine-Reise\" \/>\n<meta property=\"og:description\" content=\"Anl\u00e4sslich eines Gedenkens in der Ukraine an das Ende des Zweiten Weltkriegs will die Bundestagspr\u00e4sidentin B\u00e4rbel Bas (SPD) am kommenden Sonntag in Kiew einen offiziellen Besuch abstatten. Bas habe &#8220;den Wunsch zu einer Reise in die Ukraine, um auf Einladung ihres ukrainischen Amtskollegen Ruslan Stefantschuk gemeinsam mit ihm aller Opfer des Zweiten Weltkriegs zu gedenken [&hellip;]\" \/>\n<meta property=\"og:url\" content=\"https:\/\/now-news.de\/de\/deutschland\/vermittlung-zum-ende-der-funkstille-bundestagspraesidentin-bas-erwaegt-ukraine-reise\/\" \/>\n<meta property=\"og:site_name\" content=\"just-now.NEWS Deutschland\" \/>\n<meta property=\"article:publisher\" content=\"https:\/\/www.facebook.com\/wirmachenauf\" \/>\n<meta property=\"article:published_time\" content=\"2022-05-05T18:00:00+00:00\" \/>\n<meta property=\"og:image\" content=\"https:\/\/now-news.de\/de\/wp-content\/uploads\/sites\/3\/2022\/05\/Vermittlung-zum-Ende-der-Funkstille-\u2013-Bundestagspraesidentin-Bas-erwaegt-Ukraine-Reise.jpg\" \/>\n\t<meta property=\"og:image:width\" content=\"1104\" \/>\n\t<meta property=\"og:image:height\" content=\"622\" \/>\n\t<meta property=\"og:image:type\" content=\"image\/jpeg\" \/>\n<meta name=\"author\" content=\"rtnews\" \/>\n<meta name=\"twitter:card\" content=\"summary_large_image\" \/>\n<meta name=\"twitter:creator\" content=\"@WirMachenAuf_de\" \/>\n<meta name=\"twitter:site\" content=\"@WirMachenAuf_de\" \/>\n<meta name=\"twitter:label1\" content=\"Verfasst von\" \/>\n\t<meta name=\"twitter:data1\" content=\"rtnews\" \/>\n\t<meta name=\"twitter:label2\" content=\"Gesch\u00e4tzte Lesezeit\" \/>\n\t<meta name=\"twitter:data2\" content=\"2\u00a0Minuten\" \/>\n<script type=\"application\/ld+json\" class=\"yoast-schema-graph\">{\"@context\":\"https:\/\/schema.org\",\"@graph\":[{\"@type\":\"Article\",\"@id\":\"https:\/\/now-news.de\/de\/deutschland\/vermittlung-zum-ende-der-funkstille-bundestagspraesidentin-bas-erwaegt-ukraine-reise\/#article\",\"isPartOf\":{\"@id\":\"https:\/\/now-news.de\/de\/deutschland\/vermittlung-zum-ende-der-funkstille-bundestagspraesidentin-bas-erwaegt-ukraine-reise\/\"},\"author\":{\"name\":\"rtnews\",\"@id\":\"https:\/\/now-news.de\/de\/#\/schema\/person\/fb534a4e865501d8b3285208df34a9b5\"},\"headline\":\"Vermittlung zum Ende der Funkstille? \u2013 Bundestagspr\u00e4sidentin Bas erw\u00e4gt Ukraine-Reise\",\"datePublished\":\"2022-05-05T18:00:00+00:00\",\"dateModified\":\"2022-05-05T18:00:00+00:00\",\"mainEntityOfPage\":{\"@id\":\"https:\/\/now-news.de\/de\/deutschland\/vermittlung-zum-ende-der-funkstille-bundestagspraesidentin-bas-erwaegt-ukraine-reise\/\"},\"wordCount\":451,\"commentCount\":0,\"publisher\":{\"@id\":\"https:\/\/now-news.de\/de\/#organization\"},\"image\":{\"@id\":\"https:\/\/now-news.de\/de\/deutschland\/vermittlung-zum-ende-der-funkstille-bundestagspraesidentin-bas-erwaegt-ukraine-reise\/#primaryimage\"},\"thumbnailUrl\":\"https:\/\/now-news.de\/de\/wp-content\/uploads\/sites\/3\/2022\/05\/Vermittlung-zum-Ende-der-Funkstille-\u2013-Bundestagspraesidentin-Bas-erwaegt-Ukraine-Reise.jpg\",\"keywords\":[\"Bas\",\"Bundestagspr\u00e4sidentin\",\"der\",\"Ende\",\"erw\u00e4gt\",\"Funkstille\",\"UkraineReise\",\"Vermittlung\",\"zum\"],\"articleSection\":[\"Deutschland\",\"Russland\"],\"inLanguage\":\"de\",\"potentialAction\":[{\"@type\":\"CommentAction\",\"name\":\"Comment\",\"target\":[\"https:\/\/now-news.de\/de\/deutschland\/vermittlung-zum-ende-der-funkstille-bundestagspraesidentin-bas-erwaegt-ukraine-reise\/#respond\"]}]},{\"@type\":\"WebPage\",\"@id\":\"https:\/\/now-news.de\/de\/deutschland\/vermittlung-zum-ende-der-funkstille-bundestagspraesidentin-bas-erwaegt-ukraine-reise\/\",\"url\":\"https:\/\/now-news.de\/de\/deutschland\/vermittlung-zum-ende-der-funkstille-bundestagspraesidentin-bas-erwaegt-ukraine-reise\/\",\"name\":\"Vermittlung zum Ende der Funkstille? \u2013 Bundestagspr\u00e4sidentin Bas erw\u00e4gt Ukraine-Reise - just-now.NEWS Deutschland\",\"isPartOf\":{\"@id\":\"https:\/\/now-news.de\/de\/#website\"},\"primaryImageOfPage\":{\"@id\":\"https:\/\/now-news.de\/de\/deutschland\/vermittlung-zum-ende-der-funkstille-bundestagspraesidentin-bas-erwaegt-ukraine-reise\/#primaryimage\"},\"image\":{\"@id\":\"https:\/\/now-news.de\/de\/deutschland\/vermittlung-zum-ende-der-funkstille-bundestagspraesidentin-bas-erwaegt-ukraine-reise\/#primaryimage\"},\"thumbnailUrl\":\"https:\/\/now-news.de\/de\/wp-content\/uploads\/sites\/3\/2022\/05\/Vermittlung-zum-Ende-der-Funkstille-\u2013-Bundestagspraesidentin-Bas-erwaegt-Ukraine-Reise.jpg\",\"datePublished\":\"2022-05-05T18:00:00+00:00\",\"dateModified\":\"2022-05-05T18:00:00+00:00\",\"breadcrumb\":{\"@id\":\"https:\/\/now-news.de\/de\/deutschland\/vermittlung-zum-ende-der-funkstille-bundestagspraesidentin-bas-erwaegt-ukraine-reise\/#breadcrumb\"},\"inLanguage\":\"de\",\"potentialAction\":[{\"@type\":\"ReadAction\",\"target\":[\"https:\/\/now-news.de\/de\/deutschland\/vermittlung-zum-ende-der-funkstille-bundestagspraesidentin-bas-erwaegt-ukraine-reise\/\"]}]},{\"@type\":\"ImageObject\",\"inLanguage\":\"de\",\"@id\":\"https:\/\/now-news.de\/de\/deutschland\/vermittlung-zum-ende-der-funkstille-bundestagspraesidentin-bas-erwaegt-ukraine-reise\/#primaryimage\",\"url\":\"https:\/\/now-news.de\/de\/wp-content\/uploads\/sites\/3\/2022\/05\/Vermittlung-zum-Ende-der-Funkstille-\u2013-Bundestagspraesidentin-Bas-erwaegt-Ukraine-Reise.jpg\",\"contentUrl\":\"https:\/\/now-news.de\/de\/wp-content\/uploads\/sites\/3\/2022\/05\/Vermittlung-zum-Ende-der-Funkstille-\u2013-Bundestagspraesidentin-Bas-erwaegt-Ukraine-Reise.jpg\",\"width\":1104,\"height\":622},{\"@type\":\"BreadcrumbList\",\"@id\":\"https:\/\/now-news.de\/de\/deutschland\/vermittlung-zum-ende-der-funkstille-bundestagspraesidentin-bas-erwaegt-ukraine-reise\/#breadcrumb\",\"itemListElement\":[{\"@type\":\"ListItem\",\"position\":1,\"name\":\"Home\",\"item\":\"https:\/\/now-news.de\/de\/\"},{\"@type\":\"ListItem\",\"position\":2,\"name\":\"Vermittlung zum Ende der Funkstille? \u2013 Bundestagspr\u00e4sidentin Bas erw\u00e4gt Ukraine-Reise\"}]},{\"@type\":\"WebSite\",\"@id\":\"https:\/\/now-news.de\/de\/#website\",\"url\":\"https:\/\/now-news.de\/de\/\",\"name\":\"just-now.NEWS Deutschland\",\"description\":\"Das Portal f\u00fcr unzensierte Nachrichten aus der Welt\",\"publisher\":{\"@id\":\"https:\/\/now-news.de\/de\/#organization\"},\"potentialAction\":[{\"@type\":\"SearchAction\",\"target\":{\"@type\":\"EntryPoint\",\"urlTemplate\":\"https:\/\/now-news.de\/de\/?s={search_term_string}\"},\"query-input\":\"required name=search_term_string\"}],\"inLanguage\":\"de\"},{\"@type\":\"Organization\",\"@id\":\"https:\/\/now-news.de\/de\/#organization\",\"name\":\"Just Now News\",\"url\":\"https:\/\/now-news.de\/de\/\",\"logo\":{\"@type\":\"ImageObject\",\"inLanguage\":\"de\",\"@id\":\"https:\/\/now-news.de\/de\/#\/schema\/logo\/image\/\",\"url\":\"http:\/\/just-now.news\/de\/wp-content\/uploads\/sites\/3\/2022\/04\/logo500x500.jpg\",\"contentUrl\":\"http:\/\/just-now.news\/de\/wp-content\/uploads\/sites\/3\/2022\/04\/logo500x500.jpg\",\"width\":500,\"height\":500,\"caption\":\"Just Now News\"},\"image\":{\"@id\":\"https:\/\/now-news.de\/de\/#\/schema\/logo\/image\/\"},\"sameAs\":[\"https:\/\/www.facebook.com\/wirmachenauf\",\"https:\/\/x.com\/WirMachenAuf_de\"]},{\"@type\":\"Person\",\"@id\":\"https:\/\/now-news.de\/de\/#\/schema\/person\/fb534a4e865501d8b3285208df34a9b5\",\"name\":\"rtnews\",\"image\":{\"@type\":\"ImageObject\",\"inLanguage\":\"de\",\"@id\":\"https:\/\/now-news.de\/de\/#\/schema\/person\/image\/\",\"url\":\"https:\/\/secure.gravatar.com\/avatar\/82aafea7d8127119dd649515f56e2117?s=96&d=mm&r=g\",\"contentUrl\":\"https:\/\/secure.gravatar.com\/avatar\/82aafea7d8127119dd649515f56e2117?s=96&d=mm&r=g\",\"caption\":\"rtnews\"},\"url\":\"https:\/\/now-news.de\/de\/author\/rnews\/\"}]}<\/script>\n<!-- \/ Yoast SEO Premium plugin. -->","yoast_head_json":{"title":"Vermittlung zum Ende der Funkstille? \u2013 Bundestagspr\u00e4sidentin Bas erw\u00e4gt Ukraine-Reise - just-now.NEWS Deutschland","robots":{"index":"index","follow":"follow","max-snippet":"max-snippet:-1","max-image-preview":"max-image-preview:large","max-video-preview":"max-video-preview:-1"},"canonical":"https:\/\/now-news.de\/de\/deutschland\/vermittlung-zum-ende-der-funkstille-bundestagspraesidentin-bas-erwaegt-ukraine-reise\/","og_locale":"de_DE","og_type":"article","og_title":"Vermittlung zum Ende der Funkstille? \u2013 Bundestagspr\u00e4sidentin Bas erw\u00e4gt Ukraine-Reise","og_description":"Anl\u00e4sslich eines Gedenkens in der Ukraine an das Ende des Zweiten Weltkriegs will die Bundestagspr\u00e4sidentin B\u00e4rbel Bas (SPD) am kommenden Sonntag in Kiew einen offiziellen Besuch abstatten. Bas habe &#8220;den Wunsch zu einer Reise in die Ukraine, um auf Einladung ihres ukrainischen Amtskollegen Ruslan Stefantschuk gemeinsam mit ihm aller Opfer des Zweiten Weltkriegs zu gedenken [&hellip;]","og_url":"https:\/\/now-news.de\/de\/deutschland\/vermittlung-zum-ende-der-funkstille-bundestagspraesidentin-bas-erwaegt-ukraine-reise\/","og_site_name":"just-now.NEWS Deutschland","article_publisher":"https:\/\/www.facebook.com\/wirmachenauf","article_published_time":"2022-05-05T18:00:00+00:00","og_image":[{"width":1104,"height":622,"url":"https:\/\/now-news.de\/de\/wp-content\/uploads\/sites\/3\/2022\/05\/Vermittlung-zum-Ende-der-Funkstille-\u2013-Bundestagspraesidentin-Bas-erwaegt-Ukraine-Reise.jpg","type":"image\/jpeg"}],"author":"rtnews","twitter_card":"summary_large_image","twitter_creator":"@WirMachenAuf_de","twitter_site":"@WirMachenAuf_de","twitter_misc":{"Verfasst von":"rtnews","Gesch\u00e4tzte Lesezeit":"2\u00a0Minuten"},"schema":{"@context":"https:\/\/schema.org","@graph":[{"@type":"Article","@id":"https:\/\/now-news.de\/de\/deutschland\/vermittlung-zum-ende-der-funkstille-bundestagspraesidentin-bas-erwaegt-ukraine-reise\/#article","isPartOf":{"@id":"https:\/\/now-news.de\/de\/deutschland\/vermittlung-zum-ende-der-funkstille-bundestagspraesidentin-bas-erwaegt-ukraine-reise\/"},"author":{"name":"rtnews","@id":"https:\/\/now-news.de\/de\/#\/schema\/person\/fb534a4e865501d8b3285208df34a9b5"},"headline":"Vermittlung zum Ende der Funkstille? \u2013 Bundestagspr\u00e4sidentin Bas erw\u00e4gt Ukraine-Reise","datePublished":"2022-05-05T18:00:00+00:00","dateModified":"2022-05-05T18:00:00+00:00","mainEntityOfPage":{"@id":"https:\/\/now-news.de\/de\/deutschland\/vermittlung-zum-ende-der-funkstille-bundestagspraesidentin-bas-erwaegt-ukraine-reise\/"},"wordCount":451,"commentCount":0,"publisher":{"@id":"https:\/\/now-news.de\/de\/#organization"},"image":{"@id":"https:\/\/now-news.de\/de\/deutschland\/vermittlung-zum-ende-der-funkstille-bundestagspraesidentin-bas-erwaegt-ukraine-reise\/#primaryimage"},"thumbnailUrl":"https:\/\/now-news.de\/de\/wp-content\/uploads\/sites\/3\/2022\/05\/Vermittlung-zum-Ende-der-Funkstille-\u2013-Bundestagspraesidentin-Bas-erwaegt-Ukraine-Reise.jpg","keywords":["Bas","Bundestagspr\u00e4sidentin","der","Ende","erw\u00e4gt","Funkstille","UkraineReise","Vermittlung","zum"],"articleSection":["Deutschland","Russland"],"inLanguage":"de","potentialAction":[{"@type":"CommentAction","name":"Comment","target":["https:\/\/now-news.de\/de\/deutschland\/vermittlung-zum-ende-der-funkstille-bundestagspraesidentin-bas-erwaegt-ukraine-reise\/#respond"]}]},{"@type":"WebPage","@id":"https:\/\/now-news.de\/de\/deutschland\/vermittlung-zum-ende-der-funkstille-bundestagspraesidentin-bas-erwaegt-ukraine-reise\/","url":"https:\/\/now-news.de\/de\/deutschland\/vermittlung-zum-ende-der-funkstille-bundestagspraesidentin-bas-erwaegt-ukraine-reise\/","name":"Vermittlung zum Ende der Funkstille? \u2013 Bundestagspr\u00e4sidentin Bas erw\u00e4gt Ukraine-Reise - just-now.NEWS Deutschland","isPartOf":{"@id":"https:\/\/now-news.de\/de\/#website"},"primaryImageOfPage":{"@id":"https:\/\/now-news.de\/de\/deutschland\/vermittlung-zum-ende-der-funkstille-bundestagspraesidentin-bas-erwaegt-ukraine-reise\/#primaryimage"},"image":{"@id":"https:\/\/now-news.de\/de\/deutschland\/vermittlung-zum-ende-der-funkstille-bundestagspraesidentin-bas-erwaegt-ukraine-reise\/#primaryimage"},"thumbnailUrl":"https:\/\/now-news.de\/de\/wp-content\/uploads\/sites\/3\/2022\/05\/Vermittlung-zum-Ende-der-Funkstille-\u2013-Bundestagspraesidentin-Bas-erwaegt-Ukraine-Reise.jpg","datePublished":"2022-05-05T18:00:00+00:00","dateModified":"2022-05-05T18:00:00+00:00","breadcrumb":{"@id":"https:\/\/now-news.de\/de\/deutschland\/vermittlung-zum-ende-der-funkstille-bundestagspraesidentin-bas-erwaegt-ukraine-reise\/#breadcrumb"},"inLanguage":"de","potentialAction":[{"@type":"ReadAction","target":["https:\/\/now-news.de\/de\/deutschland\/vermittlung-zum-ende-der-funkstille-bundestagspraesidentin-bas-erwaegt-ukraine-reise\/"]}]},{"@type":"ImageObject","inLanguage":"de","@id":"https:\/\/now-news.de\/de\/deutschland\/vermittlung-zum-ende-der-funkstille-bundestagspraesidentin-bas-erwaegt-ukraine-reise\/#primaryimage","url":"https:\/\/now-news.de\/de\/wp-content\/uploads\/sites\/3\/2022\/05\/Vermittlung-zum-Ende-der-Funkstille-\u2013-Bundestagspraesidentin-Bas-erwaegt-Ukraine-Reise.jpg","contentUrl":"https:\/\/now-news.de\/de\/wp-content\/uploads\/sites\/3\/2022\/05\/Vermittlung-zum-Ende-der-Funkstille-\u2013-Bundestagspraesidentin-Bas-erwaegt-Ukraine-Reise.jpg","width":1104,"height":622},{"@type":"BreadcrumbList","@id":"https:\/\/now-news.de\/de\/deutschland\/vermittlung-zum-ende-der-funkstille-bundestagspraesidentin-bas-erwaegt-ukraine-reise\/#breadcrumb","itemListElement":[{"@type":"ListItem","position":1,"name":"Home","item":"https:\/\/now-news.de\/de\/"},{"@type":"ListItem","position":2,"name":"Vermittlung zum Ende der Funkstille? \u2013 Bundestagspr\u00e4sidentin Bas erw\u00e4gt Ukraine-Reise"}]},{"@type":"WebSite","@id":"https:\/\/now-news.de\/de\/#website","url":"https:\/\/now-news.de\/de\/","name":"just-now.NEWS Deutschland","description":"Das Portal f\u00fcr unzensierte Nachrichten aus der Welt","publisher":{"@id":"https:\/\/now-news.de\/de\/#organization"},"potentialAction":[{"@type":"SearchAction","target":{"@type":"EntryPoint","urlTemplate":"https:\/\/now-news.de\/de\/?s={search_term_string}"},"query-input":"required name=search_term_string"}],"inLanguage":"de"},{"@type":"Organization","@id":"https:\/\/now-news.de\/de\/#organization","name":"Just Now News","url":"https:\/\/now-news.de\/de\/","logo":{"@type":"ImageObject","inLanguage":"de","@id":"https:\/\/now-news.de\/de\/#\/schema\/logo\/image\/","url":"http:\/\/just-now.news\/de\/wp-content\/uploads\/sites\/3\/2022\/04\/logo500x500.jpg","contentUrl":"http:\/\/just-now.news\/de\/wp-content\/uploads\/sites\/3\/2022\/04\/logo500x500.jpg","width":500,"height":500,"caption":"Just Now News"},"image":{"@id":"https:\/\/now-news.de\/de\/#\/schema\/logo\/image\/"},"sameAs":["https:\/\/www.facebook.com\/wirmachenauf","https:\/\/x.com\/WirMachenAuf_de"]},{"@type":"Person","@id":"https:\/\/now-news.de\/de\/#\/schema\/person\/fb534a4e865501d8b3285208df34a9b5","name":"rtnews","image":{"@type":"ImageObject","inLanguage":"de","@id":"https:\/\/now-news.de\/de\/#\/schema\/person\/image\/","url":"https:\/\/secure.gravatar.com\/avatar\/82aafea7d8127119dd649515f56e2117?s=96&d=mm&r=g","contentUrl":"https:\/\/secure.gravatar.com\/avatar\/82aafea7d8127119dd649515f56e2117?s=96&d=mm&r=g","caption":"rtnews"},"url":"https:\/\/now-news.de\/de\/author\/rnews\/"}]}},"_links":{"self":[{"href":"https:\/\/now-news.de\/de\/wp-json\/wp\/v2\/posts\/6907"}],"collection":[{"href":"https:\/\/now-news.de\/de\/wp-json\/wp\/v2\/posts"}],"about":[{"href":"https:\/\/now-news.de\/de\/wp-json\/wp\/v2\/types\/post"}],"author":[{"embeddable":true,"href":"https:\/\/now-news.de\/de\/wp-json\/wp\/v2\/users\/3"}],"replies":[{"embeddable":true,"href":"https:\/\/now-news.de\/de\/wp-json\/wp\/v2\/comments?post=6907"}],"version-history":[{"count":0,"href":"https:\/\/now-news.de\/de\/wp-json\/wp\/v2\/posts\/6907\/revisions"}],"wp:featuredmedia":[{"embeddable":true,"href":"https:\/\/now-news.de\/de\/wp-json\/wp\/v2\/media\/6908"}],"wp:attachment":[{"href":"https:\/\/now-news.de\/de\/wp-json\/wp\/v2\/media?parent=6907"}],"wp:term":[{"taxonomy":"category","embeddable":true,"href":"https:\/\/now-news.de\/de\/wp-json\/wp\/v2\/categories?post=6907"},{"taxonomy":"post_tag","embeddable":true,"href":"https:\/\/now-news.de\/de\/wp-json\/wp\/v2\/tags?post=6907"}],"curies":[{"name":"wp","href":"https:\/\/api.w.org\/{rel}","templated":true}]}}