{"id":68963,"date":"2024-09-15T14:21:24","date_gmt":"2024-09-15T12:21:24","guid":{"rendered":"https:\/\/now-news.de\/de\/deutschland\/weil-migranten-schiff-nicht-einlaufen-durfte-salvini-soll-sechs-jahre-in-haft\/"},"modified":"2024-09-15T14:21:24","modified_gmt":"2024-09-15T12:21:24","slug":"weil-migranten-schiff-nicht-einlaufen-durfte-salvini-soll-sechs-jahre-in-haft","status":"publish","type":"post","link":"https:\/\/now-news.de\/de\/deutschland\/weil-migranten-schiff-nicht-einlaufen-durfte-salvini-soll-sechs-jahre-in-haft\/","title":{"rendered":"Weil Migranten-Schiff nicht einlaufen durfte: Salvini soll sechs Jahre in Haft"},"content":{"rendered":"<p><img decoding=\"async\" src=\"https:\/\/now-news.de\/de\/wp-content\/uploads\/sites\/3\/2024\/09\/66e6bbba48fbef7ef9144c68.jpg\" \/><\/p>\n<div class=\"Text-root Text-type_1 \">\n                Die Staatsanwaltschaft fordert in einem Prozess gegen Italiens Vizeregierungsschef Matteo Salvini sechs Jahre Haft. Der Vorwurf: In seiner Zeit als Innenminister 2019 habe er das Schiff einer spanischen Hilfsorganisation wochenlang am Einlaufen in einen Hafen gehindert.\n            <\/div>\n<p><\/p>\n<div class=\"Text-root Text-type_5 ArticleView-text ViewText-root \">\n<p>In einem Prozess um den Umgang mit Migranten auf dem Mittelmeer hat die Staatsanwaltschaft sechs Jahre Haft gegen Italiens Vizeregierungsschef Matteo Salvini verlangt.<\/p>\n<p>Dem Vorsitzenden der rechtsnationalen Regierungspartei Lega wird zur Last gelegt, in seiner Zeit als Innenminister 2019 das Schiff einer spanischen Hilfsorganisation wochenlang am Einlaufen in einen Hafen gehindert zu haben.<\/p>\n<p>Die Anklagebeh\u00f6rde wertete dies vor Gericht in Palermo als Freiheitsberaubung und Amtsmissbrauch. Das Urteil gegen den heutigen Verkehrsminister wird voraussichtlich im kommenden Monat verk\u00fcndet.<\/p>\n<p>Mit ihrer Forderung blieb die Staatsanwaltschaft deutlich unter dem m\u00f6glichen H\u00f6chstma\u00df von 15 Jahren. Der konservative Politiker war von 2018 bis 2019 Innenminister. Damals machte er sich international durch ein hartes Vorgehen gegen Schiffe von privaten Hilfsorganisationen einen Namen, die Fl\u00fcchtlinge aus Booten im Mittelmeer an Bord nehmen.<\/p>\n<p><strong>Salvini ohne Reue<\/strong><\/p>\n<p>Salvini war beim Pl\u00e4doyer der Staatsanwaltschaft in dem bereits seit drei Jahren laufenden Prozess am Samstag nicht im Gerichtssaal. Auf seinem Instagram-Konto schrieb er:<\/p>\n<blockquote>\n<p><em>&#8220;Ich w\u00fcrde alles wieder so machen [&#8230;] Noch nie in der Geschichte wurde ein Minister angeklagt und verurteilt, weil er die Grenzen seines Landes verteidigt hat. Artikel 52 der italienischen Verfassung besagt, dass die Verteidigung des Vaterlandes eine heilige Pflicht des B\u00fcrgers ist. Ich bekenne mich schuldig, Italien und die Italiener verteidigt zu haben, ich bekenne mich schuldig, mein Wort gehalten zu haben.&#8221;<\/em><\/p>\n<\/blockquote>\n<p>Der Lega-Chef verwies im Prozess zu seiner Rechtfertigung darauf, dass die Entscheidung nicht von ihm allein, sondern von der damaligen Regierung getroffen worden sei. Au\u00dferdem habe er Italien mit seiner restriktiven Politik der &#8220;geschlossenen H\u00e4fen&#8221; vor einem &#8220;Ansturm von Migranten&#8221; sch\u00fctzen wollen.<\/p>\n<p><strong>Meloni stellt sich vor Salvini<\/strong><\/p>\n<p>Staatsanwalt Geri Ferrara hatte hingegen vor dem Gericht in Palermo erkl\u00e4rt, dass es einen zentralen Grundsatz gebe, der &#8220;v\u00f6llig unstrittig&#8221; sei:<\/p>\n<blockquote>\n<p><em>&#8220;Zwischen den Menschenrechten und dem Schutz der staatlichen Souver\u00e4nit\u00e4t m\u00fcssen in unserem gl\u00fccklicherweise demokratischen System die Menschenrechte Vorrang haben.&#8221;<\/em><\/p>\n<\/blockquote>\n<p>Das Schiff namens &#8220;Open Arms&#8221; hatte im August 2019 nach Angaben der gleichnamigen Hilfsorganisation mehr als 160 Menschen aus Seenot gerettet. Anschlie\u00dfend lag es vor der italienischen Mittelmeer-Insel Lampedusa, durfte aber nicht im dortigen Hafen anlegen.<\/p>\n<p>Die Lage an Bord spitzte sich zu. Mehrfach sprangen Menschen ins Wasser und versuchten, an Land zu schwimmen. Die Staatsanwaltschaft lie\u00df die &#8220;Open Arms&#8221; schlie\u00dflich nach drei Wochen beschlagnahmen, sodass das Schiff anlegen konnte.<\/p>\n<p>Ministerpr\u00e4sidentin Giorgia Meloni nahm ihren Koalitionspartner in Schutz. Die Vorsitzende der postfaschistischen Partei Fratelli d&#8217;Italia (Br\u00fcder Italiens) erkl\u00e4rte:<\/p>\n<blockquote>\n<p><em>&#8220;Es ist unglaublich, dass ein Minister der Republik Italien sechs Jahre Gef\u00e4ngnis riskiert, weil er seine Aufgabe wahrnimmt, die Grenzen der Nation zu verteidigen, wie es das Mandat der B\u00fcrger verlangt.&#8221;<\/em><\/p>\n<\/blockquote>\n<p>Zugleich versicherte sie Salvini ihrer &#8220;v\u00f6lligen Solidarit\u00e4t&#8221;. \u00c4hnlich sieht die Lage Au\u00dfenminister Antonio Tajani, Chef der Regierungspartei Forza Italia. Er schrieb auf X:<\/p>\n<blockquote>\n<p><em>&#8220;Salvini hat seine Pflicht als Innenminister getan, die Legalit\u00e4t zu verteidigen. Aus diesem Grund sechs Jahre Gef\u00e4ngnis zu fordern, scheint eine unvern\u00fcnftige Entscheidung zu sein und entbehrt zudem jeder rechtlichen Grundlage.&#8221;<\/em><\/p>\n<\/blockquote>\n<p>Elly Schlein von der oppositionellen sozialdemokratischen PD\u00a0missbilligte\u00a0Melonis Kritik an der Justiz. Die Gewaltenteilung sei zu respektieren, laufende Verfahren seien daher nicht zu kommentieren.<\/p>\n<p><strong>Mehr zum Thema<\/strong> \u2013 <a rel=\"nofollow noopener\" target=\"_blank\" href=\"https:\/\/freeassange.rtde.life\/international\/216422-salvini-westen-riskiert-dritten-weltkrieg\/\">Salvini: Der Westen riskiert den Dritten Weltkrieg <\/a><\/p>\n<div class=\"EmbedBlock-root EmbedBlock-externalVideo EmbedBlock-rumble\">\n<div class=\"VkEmbed\"><iframe class=\"lazyload\" data-src=\"https:\/\/rumble.com\/embed\/v59m2dh\" frameborder=\"0\" width=\"853\" height=\"480\" allowfullscreen><\/iframe><\/div>\n<\/div>\n<\/div>\n<p><br \/>\n<br \/><a href=\"https:\/\/de.rt.com\/international\/219263-weil-migranten-schiff-nicht-einlaufen-durfte-salvini-soll-sechs-jahre-in-haft\/\">Source link <\/a><\/p>\n","protected":false},"excerpt":{"rendered":"<p>Die Staatsanwaltschaft fordert in einem Prozess gegen Italiens Vizeregierungsschef Matteo Salvini sechs Jahre Haft. Der Vorwurf: In seiner Zeit als Innenminister 2019 habe er das Schiff einer spanischen Hilfsorganisation wochenlang am Einlaufen in einen Hafen gehindert. In einem Prozess um den Umgang mit Migranten auf dem Mittelmeer hat die Staatsanwaltschaft sechs Jahre Haft gegen Italiens [&hellip;]<\/p>\n","protected":false},"author":3,"featured_media":68964,"comment_status":"open","ping_status":"open","sticky":false,"template":"","format":"standard","meta":{"_yoast_indexnow_last_ping":["1726403626"],"wp_automatic_camp":["217"],"fcfba403ec14b7bbc4965d77cf4c59df":["Weil Migranten-Schiff nicht einlaufen durfte: Salvini soll sechs Jahre in Haft"],"original_link":["https:\/\/de.rt.com\/international\/219263-weil-migranten-schiff-nicht-einlaufen-durfte-salvini-soll-sechs-jahre-in-haft\/"],"_thumbnail_id":["68964"],"jnews_social_counter_last_update":["1777576150"],"_wptgpro_p2tg_sent2tg":["a:1:{i:23737;s:19:\"2024-09-15 14:34:52\";}"]},"categories":[19,23],"tags":[37209,56904,19011,7530,58563,800,55244,14558,766,9228],"yoast_head":"<!-- This site is optimized with the Yoast SEO Premium plugin v22.7 (Yoast SEO v22.7) - https:\/\/yoast.com\/wordpress\/plugins\/seo\/ -->\n<title>Weil Migranten-Schiff nicht einlaufen durfte: Salvini soll sechs Jahre in Haft - just-now.NEWS Deutschland<\/title>\n<meta name=\"robots\" content=\"index, follow, max-snippet:-1, max-image-preview:large, max-video-preview:-1\" \/>\n<link rel=\"canonical\" href=\"https:\/\/now-news.de\/de\/deutschland\/weil-migranten-schiff-nicht-einlaufen-durfte-salvini-soll-sechs-jahre-in-haft\/\" \/>\n<meta property=\"og:locale\" content=\"de_DE\" \/>\n<meta property=\"og:type\" content=\"article\" \/>\n<meta property=\"og:title\" content=\"Weil Migranten-Schiff nicht einlaufen durfte: Salvini soll sechs Jahre in Haft\" \/>\n<meta property=\"og:description\" content=\"Die Staatsanwaltschaft fordert in einem Prozess gegen Italiens Vizeregierungsschef Matteo Salvini sechs Jahre Haft. Der Vorwurf: In seiner Zeit als Innenminister 2019 habe er das Schiff einer spanischen Hilfsorganisation wochenlang am Einlaufen in einen Hafen gehindert. In einem Prozess um den Umgang mit Migranten auf dem Mittelmeer hat die Staatsanwaltschaft sechs Jahre Haft gegen Italiens [&hellip;]\" \/>\n<meta property=\"og:url\" content=\"https:\/\/now-news.de\/de\/deutschland\/weil-migranten-schiff-nicht-einlaufen-durfte-salvini-soll-sechs-jahre-in-haft\/\" \/>\n<meta property=\"og:site_name\" content=\"just-now.NEWS Deutschland\" \/>\n<meta property=\"article:publisher\" content=\"https:\/\/www.facebook.com\/wirmachenauf\" \/>\n<meta property=\"article:published_time\" content=\"2024-09-15T12:21:24+00:00\" \/>\n<meta property=\"og:image\" content=\"https:\/\/now-news.de\/de\/wp-content\/uploads\/sites\/3\/2024\/09\/66e6bbba48fbef7ef9144c68.jpg\" \/>\n<meta name=\"author\" content=\"rtnews\" \/>\n<meta name=\"twitter:card\" content=\"summary_large_image\" \/>\n<meta name=\"twitter:creator\" content=\"@WirMachenAuf_de\" \/>\n<meta name=\"twitter:site\" content=\"@WirMachenAuf_de\" \/>\n<meta name=\"twitter:label1\" content=\"Verfasst von\" \/>\n\t<meta name=\"twitter:data1\" content=\"rtnews\" \/>\n\t<meta name=\"twitter:label2\" content=\"Gesch\u00e4tzte Lesezeit\" \/>\n\t<meta name=\"twitter:data2\" content=\"3\u00a0Minuten\" \/>\n<script type=\"application\/ld+json\" class=\"yoast-schema-graph\">{\"@context\":\"https:\/\/schema.org\",\"@graph\":[{\"@type\":\"Article\",\"@id\":\"https:\/\/now-news.de\/de\/deutschland\/weil-migranten-schiff-nicht-einlaufen-durfte-salvini-soll-sechs-jahre-in-haft\/#article\",\"isPartOf\":{\"@id\":\"https:\/\/now-news.de\/de\/deutschland\/weil-migranten-schiff-nicht-einlaufen-durfte-salvini-soll-sechs-jahre-in-haft\/\"},\"author\":{\"name\":\"rtnews\",\"@id\":\"https:\/\/now-news.de\/de\/#\/schema\/person\/fb534a4e865501d8b3285208df34a9b5\"},\"headline\":\"Weil Migranten-Schiff nicht einlaufen durfte: Salvini soll sechs Jahre in Haft\",\"datePublished\":\"2024-09-15T12:21:24+00:00\",\"dateModified\":\"2024-09-15T12:21:24+00:00\",\"mainEntityOfPage\":{\"@id\":\"https:\/\/now-news.de\/de\/deutschland\/weil-migranten-schiff-nicht-einlaufen-durfte-salvini-soll-sechs-jahre-in-haft\/\"},\"wordCount\":582,\"commentCount\":0,\"publisher\":{\"@id\":\"https:\/\/now-news.de\/de\/#organization\"},\"image\":{\"@id\":\"https:\/\/now-news.de\/de\/deutschland\/weil-migranten-schiff-nicht-einlaufen-durfte-salvini-soll-sechs-jahre-in-haft\/#primaryimage\"},\"thumbnailUrl\":\"https:\/\/now-news.de\/de\/wp-content\/uploads\/sites\/3\/2024\/09\/Weil-Migranten-Schiff-nicht-einlaufen-durfte-Salvini-soll-sechs-Jahre-in.jpg\",\"keywords\":[\"d\u00fcrfte\",\"Einlaufen\",\"Haft\",\"Jahre\",\"MigrantenSchiff\",\"nicht\",\"Salvini\",\"sechs\",\"soll\",\"weil\"],\"articleSection\":[\"Deutschland\",\"Russland\"],\"inLanguage\":\"de\",\"potentialAction\":[{\"@type\":\"CommentAction\",\"name\":\"Comment\",\"target\":[\"https:\/\/now-news.de\/de\/deutschland\/weil-migranten-schiff-nicht-einlaufen-durfte-salvini-soll-sechs-jahre-in-haft\/#respond\"]}]},{\"@type\":\"WebPage\",\"@id\":\"https:\/\/now-news.de\/de\/deutschland\/weil-migranten-schiff-nicht-einlaufen-durfte-salvini-soll-sechs-jahre-in-haft\/\",\"url\":\"https:\/\/now-news.de\/de\/deutschland\/weil-migranten-schiff-nicht-einlaufen-durfte-salvini-soll-sechs-jahre-in-haft\/\",\"name\":\"Weil Migranten-Schiff nicht einlaufen durfte: Salvini soll sechs Jahre in Haft - just-now.NEWS Deutschland\",\"isPartOf\":{\"@id\":\"https:\/\/now-news.de\/de\/#website\"},\"primaryImageOfPage\":{\"@id\":\"https:\/\/now-news.de\/de\/deutschland\/weil-migranten-schiff-nicht-einlaufen-durfte-salvini-soll-sechs-jahre-in-haft\/#primaryimage\"},\"image\":{\"@id\":\"https:\/\/now-news.de\/de\/deutschland\/weil-migranten-schiff-nicht-einlaufen-durfte-salvini-soll-sechs-jahre-in-haft\/#primaryimage\"},\"thumbnailUrl\":\"https:\/\/now-news.de\/de\/wp-content\/uploads\/sites\/3\/2024\/09\/Weil-Migranten-Schiff-nicht-einlaufen-durfte-Salvini-soll-sechs-Jahre-in.jpg\",\"datePublished\":\"2024-09-15T12:21:24+00:00\",\"dateModified\":\"2024-09-15T12:21:24+00:00\",\"breadcrumb\":{\"@id\":\"https:\/\/now-news.de\/de\/deutschland\/weil-migranten-schiff-nicht-einlaufen-durfte-salvini-soll-sechs-jahre-in-haft\/#breadcrumb\"},\"inLanguage\":\"de\",\"potentialAction\":[{\"@type\":\"ReadAction\",\"target\":[\"https:\/\/now-news.de\/de\/deutschland\/weil-migranten-schiff-nicht-einlaufen-durfte-salvini-soll-sechs-jahre-in-haft\/\"]}]},{\"@type\":\"ImageObject\",\"inLanguage\":\"de\",\"@id\":\"https:\/\/now-news.de\/de\/deutschland\/weil-migranten-schiff-nicht-einlaufen-durfte-salvini-soll-sechs-jahre-in-haft\/#primaryimage\",\"url\":\"https:\/\/now-news.de\/de\/wp-content\/uploads\/sites\/3\/2024\/09\/Weil-Migranten-Schiff-nicht-einlaufen-durfte-Salvini-soll-sechs-Jahre-in.jpg\",\"contentUrl\":\"https:\/\/now-news.de\/de\/wp-content\/uploads\/sites\/3\/2024\/09\/Weil-Migranten-Schiff-nicht-einlaufen-durfte-Salvini-soll-sechs-Jahre-in.jpg\",\"width\":460,\"height\":259,\"caption\":\"Weil Migranten-Schiff nicht einlaufen durfte: Salvini soll sechs Jahre in Haft\"},{\"@type\":\"BreadcrumbList\",\"@id\":\"https:\/\/now-news.de\/de\/deutschland\/weil-migranten-schiff-nicht-einlaufen-durfte-salvini-soll-sechs-jahre-in-haft\/#breadcrumb\",\"itemListElement\":[{\"@type\":\"ListItem\",\"position\":1,\"name\":\"Home\",\"item\":\"https:\/\/now-news.de\/de\/\"},{\"@type\":\"ListItem\",\"position\":2,\"name\":\"Weil Migranten-Schiff nicht einlaufen durfte: Salvini soll sechs Jahre in Haft\"}]},{\"@type\":\"WebSite\",\"@id\":\"https:\/\/now-news.de\/de\/#website\",\"url\":\"https:\/\/now-news.de\/de\/\",\"name\":\"just-now.NEWS Deutschland\",\"description\":\"Das Portal f\u00fcr unzensierte Nachrichten aus der Welt\",\"publisher\":{\"@id\":\"https:\/\/now-news.de\/de\/#organization\"},\"potentialAction\":[{\"@type\":\"SearchAction\",\"target\":{\"@type\":\"EntryPoint\",\"urlTemplate\":\"https:\/\/now-news.de\/de\/?s={search_term_string}\"},\"query-input\":\"required name=search_term_string\"}],\"inLanguage\":\"de\"},{\"@type\":\"Organization\",\"@id\":\"https:\/\/now-news.de\/de\/#organization\",\"name\":\"Just Now News\",\"url\":\"https:\/\/now-news.de\/de\/\",\"logo\":{\"@type\":\"ImageObject\",\"inLanguage\":\"de\",\"@id\":\"https:\/\/now-news.de\/de\/#\/schema\/logo\/image\/\",\"url\":\"http:\/\/just-now.news\/de\/wp-content\/uploads\/sites\/3\/2022\/04\/logo500x500.jpg\",\"contentUrl\":\"http:\/\/just-now.news\/de\/wp-content\/uploads\/sites\/3\/2022\/04\/logo500x500.jpg\",\"width\":500,\"height\":500,\"caption\":\"Just Now News\"},\"image\":{\"@id\":\"https:\/\/now-news.de\/de\/#\/schema\/logo\/image\/\"},\"sameAs\":[\"https:\/\/www.facebook.com\/wirmachenauf\",\"https:\/\/x.com\/WirMachenAuf_de\"]},{\"@type\":\"Person\",\"@id\":\"https:\/\/now-news.de\/de\/#\/schema\/person\/fb534a4e865501d8b3285208df34a9b5\",\"name\":\"rtnews\",\"image\":{\"@type\":\"ImageObject\",\"inLanguage\":\"de\",\"@id\":\"https:\/\/now-news.de\/de\/#\/schema\/person\/image\/\",\"url\":\"https:\/\/secure.gravatar.com\/avatar\/82aafea7d8127119dd649515f56e2117?s=96&d=mm&r=g\",\"contentUrl\":\"https:\/\/secure.gravatar.com\/avatar\/82aafea7d8127119dd649515f56e2117?s=96&d=mm&r=g\",\"caption\":\"rtnews\"},\"url\":\"https:\/\/now-news.de\/de\/author\/rnews\/\"}]}<\/script>\n<!-- \/ Yoast SEO Premium plugin. -->","yoast_head_json":{"title":"Weil Migranten-Schiff nicht einlaufen durfte: Salvini soll sechs Jahre in Haft - just-now.NEWS Deutschland","robots":{"index":"index","follow":"follow","max-snippet":"max-snippet:-1","max-image-preview":"max-image-preview:large","max-video-preview":"max-video-preview:-1"},"canonical":"https:\/\/now-news.de\/de\/deutschland\/weil-migranten-schiff-nicht-einlaufen-durfte-salvini-soll-sechs-jahre-in-haft\/","og_locale":"de_DE","og_type":"article","og_title":"Weil Migranten-Schiff nicht einlaufen durfte: Salvini soll sechs Jahre in Haft","og_description":"Die Staatsanwaltschaft fordert in einem Prozess gegen Italiens Vizeregierungsschef Matteo Salvini sechs Jahre Haft. Der Vorwurf: In seiner Zeit als Innenminister 2019 habe er das Schiff einer spanischen Hilfsorganisation wochenlang am Einlaufen in einen Hafen gehindert. In einem Prozess um den Umgang mit Migranten auf dem Mittelmeer hat die Staatsanwaltschaft sechs Jahre Haft gegen Italiens [&hellip;]","og_url":"https:\/\/now-news.de\/de\/deutschland\/weil-migranten-schiff-nicht-einlaufen-durfte-salvini-soll-sechs-jahre-in-haft\/","og_site_name":"just-now.NEWS Deutschland","article_publisher":"https:\/\/www.facebook.com\/wirmachenauf","article_published_time":"2024-09-15T12:21:24+00:00","og_image":[{"url":"https:\/\/now-news.de\/de\/wp-content\/uploads\/sites\/3\/2024\/09\/66e6bbba48fbef7ef9144c68.jpg"}],"author":"rtnews","twitter_card":"summary_large_image","twitter_creator":"@WirMachenAuf_de","twitter_site":"@WirMachenAuf_de","twitter_misc":{"Verfasst von":"rtnews","Gesch\u00e4tzte Lesezeit":"3\u00a0Minuten"},"schema":{"@context":"https:\/\/schema.org","@graph":[{"@type":"Article","@id":"https:\/\/now-news.de\/de\/deutschland\/weil-migranten-schiff-nicht-einlaufen-durfte-salvini-soll-sechs-jahre-in-haft\/#article","isPartOf":{"@id":"https:\/\/now-news.de\/de\/deutschland\/weil-migranten-schiff-nicht-einlaufen-durfte-salvini-soll-sechs-jahre-in-haft\/"},"author":{"name":"rtnews","@id":"https:\/\/now-news.de\/de\/#\/schema\/person\/fb534a4e865501d8b3285208df34a9b5"},"headline":"Weil Migranten-Schiff nicht einlaufen durfte: Salvini soll sechs Jahre in Haft","datePublished":"2024-09-15T12:21:24+00:00","dateModified":"2024-09-15T12:21:24+00:00","mainEntityOfPage":{"@id":"https:\/\/now-news.de\/de\/deutschland\/weil-migranten-schiff-nicht-einlaufen-durfte-salvini-soll-sechs-jahre-in-haft\/"},"wordCount":582,"commentCount":0,"publisher":{"@id":"https:\/\/now-news.de\/de\/#organization"},"image":{"@id":"https:\/\/now-news.de\/de\/deutschland\/weil-migranten-schiff-nicht-einlaufen-durfte-salvini-soll-sechs-jahre-in-haft\/#primaryimage"},"thumbnailUrl":"https:\/\/now-news.de\/de\/wp-content\/uploads\/sites\/3\/2024\/09\/Weil-Migranten-Schiff-nicht-einlaufen-durfte-Salvini-soll-sechs-Jahre-in.jpg","keywords":["d\u00fcrfte","Einlaufen","Haft","Jahre","MigrantenSchiff","nicht","Salvini","sechs","soll","weil"],"articleSection":["Deutschland","Russland"],"inLanguage":"de","potentialAction":[{"@type":"CommentAction","name":"Comment","target":["https:\/\/now-news.de\/de\/deutschland\/weil-migranten-schiff-nicht-einlaufen-durfte-salvini-soll-sechs-jahre-in-haft\/#respond"]}]},{"@type":"WebPage","@id":"https:\/\/now-news.de\/de\/deutschland\/weil-migranten-schiff-nicht-einlaufen-durfte-salvini-soll-sechs-jahre-in-haft\/","url":"https:\/\/now-news.de\/de\/deutschland\/weil-migranten-schiff-nicht-einlaufen-durfte-salvini-soll-sechs-jahre-in-haft\/","name":"Weil Migranten-Schiff nicht einlaufen durfte: Salvini soll sechs Jahre in Haft - just-now.NEWS Deutschland","isPartOf":{"@id":"https:\/\/now-news.de\/de\/#website"},"primaryImageOfPage":{"@id":"https:\/\/now-news.de\/de\/deutschland\/weil-migranten-schiff-nicht-einlaufen-durfte-salvini-soll-sechs-jahre-in-haft\/#primaryimage"},"image":{"@id":"https:\/\/now-news.de\/de\/deutschland\/weil-migranten-schiff-nicht-einlaufen-durfte-salvini-soll-sechs-jahre-in-haft\/#primaryimage"},"thumbnailUrl":"https:\/\/now-news.de\/de\/wp-content\/uploads\/sites\/3\/2024\/09\/Weil-Migranten-Schiff-nicht-einlaufen-durfte-Salvini-soll-sechs-Jahre-in.jpg","datePublished":"2024-09-15T12:21:24+00:00","dateModified":"2024-09-15T12:21:24+00:00","breadcrumb":{"@id":"https:\/\/now-news.de\/de\/deutschland\/weil-migranten-schiff-nicht-einlaufen-durfte-salvini-soll-sechs-jahre-in-haft\/#breadcrumb"},"inLanguage":"de","potentialAction":[{"@type":"ReadAction","target":["https:\/\/now-news.de\/de\/deutschland\/weil-migranten-schiff-nicht-einlaufen-durfte-salvini-soll-sechs-jahre-in-haft\/"]}]},{"@type":"ImageObject","inLanguage":"de","@id":"https:\/\/now-news.de\/de\/deutschland\/weil-migranten-schiff-nicht-einlaufen-durfte-salvini-soll-sechs-jahre-in-haft\/#primaryimage","url":"https:\/\/now-news.de\/de\/wp-content\/uploads\/sites\/3\/2024\/09\/Weil-Migranten-Schiff-nicht-einlaufen-durfte-Salvini-soll-sechs-Jahre-in.jpg","contentUrl":"https:\/\/now-news.de\/de\/wp-content\/uploads\/sites\/3\/2024\/09\/Weil-Migranten-Schiff-nicht-einlaufen-durfte-Salvini-soll-sechs-Jahre-in.jpg","width":460,"height":259,"caption":"Weil Migranten-Schiff nicht einlaufen durfte: Salvini soll sechs Jahre in Haft"},{"@type":"BreadcrumbList","@id":"https:\/\/now-news.de\/de\/deutschland\/weil-migranten-schiff-nicht-einlaufen-durfte-salvini-soll-sechs-jahre-in-haft\/#breadcrumb","itemListElement":[{"@type":"ListItem","position":1,"name":"Home","item":"https:\/\/now-news.de\/de\/"},{"@type":"ListItem","position":2,"name":"Weil Migranten-Schiff nicht einlaufen durfte: Salvini soll sechs Jahre in Haft"}]},{"@type":"WebSite","@id":"https:\/\/now-news.de\/de\/#website","url":"https:\/\/now-news.de\/de\/","name":"just-now.NEWS Deutschland","description":"Das Portal f\u00fcr unzensierte Nachrichten aus der Welt","publisher":{"@id":"https:\/\/now-news.de\/de\/#organization"},"potentialAction":[{"@type":"SearchAction","target":{"@type":"EntryPoint","urlTemplate":"https:\/\/now-news.de\/de\/?s={search_term_string}"},"query-input":"required name=search_term_string"}],"inLanguage":"de"},{"@type":"Organization","@id":"https:\/\/now-news.de\/de\/#organization","name":"Just Now News","url":"https:\/\/now-news.de\/de\/","logo":{"@type":"ImageObject","inLanguage":"de","@id":"https:\/\/now-news.de\/de\/#\/schema\/logo\/image\/","url":"http:\/\/just-now.news\/de\/wp-content\/uploads\/sites\/3\/2022\/04\/logo500x500.jpg","contentUrl":"http:\/\/just-now.news\/de\/wp-content\/uploads\/sites\/3\/2022\/04\/logo500x500.jpg","width":500,"height":500,"caption":"Just Now News"},"image":{"@id":"https:\/\/now-news.de\/de\/#\/schema\/logo\/image\/"},"sameAs":["https:\/\/www.facebook.com\/wirmachenauf","https:\/\/x.com\/WirMachenAuf_de"]},{"@type":"Person","@id":"https:\/\/now-news.de\/de\/#\/schema\/person\/fb534a4e865501d8b3285208df34a9b5","name":"rtnews","image":{"@type":"ImageObject","inLanguage":"de","@id":"https:\/\/now-news.de\/de\/#\/schema\/person\/image\/","url":"https:\/\/secure.gravatar.com\/avatar\/82aafea7d8127119dd649515f56e2117?s=96&d=mm&r=g","contentUrl":"https:\/\/secure.gravatar.com\/avatar\/82aafea7d8127119dd649515f56e2117?s=96&d=mm&r=g","caption":"rtnews"},"url":"https:\/\/now-news.de\/de\/author\/rnews\/"}]}},"_links":{"self":[{"href":"https:\/\/now-news.de\/de\/wp-json\/wp\/v2\/posts\/68963"}],"collection":[{"href":"https:\/\/now-news.de\/de\/wp-json\/wp\/v2\/posts"}],"about":[{"href":"https:\/\/now-news.de\/de\/wp-json\/wp\/v2\/types\/post"}],"author":[{"embeddable":true,"href":"https:\/\/now-news.de\/de\/wp-json\/wp\/v2\/users\/3"}],"replies":[{"embeddable":true,"href":"https:\/\/now-news.de\/de\/wp-json\/wp\/v2\/comments?post=68963"}],"version-history":[{"count":0,"href":"https:\/\/now-news.de\/de\/wp-json\/wp\/v2\/posts\/68963\/revisions"}],"wp:featuredmedia":[{"embeddable":true,"href":"https:\/\/now-news.de\/de\/wp-json\/wp\/v2\/media\/68964"}],"wp:attachment":[{"href":"https:\/\/now-news.de\/de\/wp-json\/wp\/v2\/media?parent=68963"}],"wp:term":[{"taxonomy":"category","embeddable":true,"href":"https:\/\/now-news.de\/de\/wp-json\/wp\/v2\/categories?post=68963"},{"taxonomy":"post_tag","embeddable":true,"href":"https:\/\/now-news.de\/de\/wp-json\/wp\/v2\/tags?post=68963"}],"curies":[{"name":"wp","href":"https:\/\/api.w.org\/{rel}","templated":true}]}}