{"id":68875,"date":"2024-09-13T16:47:49","date_gmt":"2024-09-13T14:47:49","guid":{"rendered":"https:\/\/now-news.de\/de\/deutschland\/sicherheitspaket-der-bundesregierung-kritik-von-it-organisationen-an-massenueberwachung\/"},"modified":"2024-09-13T16:47:49","modified_gmt":"2024-09-13T14:47:49","slug":"sicherheitspaket-der-bundesregierung-kritik-von-it-organisationen-an-massenueberwachung","status":"publish","type":"post","link":"https:\/\/now-news.de\/de\/deutschland\/sicherheitspaket-der-bundesregierung-kritik-von-it-organisationen-an-massenueberwachung\/","title":{"rendered":"&quot;Sicherheitspaket&quot; der Bundesregierung: Kritik von IT-Organisationen an Massen\u00fcberwachung"},"content":{"rendered":"<p><img decoding=\"async\" src=\"https:\/\/now-news.de\/de\/wp-content\/uploads\/sites\/3\/2024\/09\/66e3dea148fbef41322a1079.jpeg\" \/><\/p>\n<div class=\"Text-root Text-type_1 \">\n                Aufgrund der Sicherheitslage hat die Bundesregierung ein &#8220;Sicherheitspaket&#8221; beschlossen, das den Einsatz erweiterter digitaler \u00dcberwachungsmodule erm\u00f6glicht. Der Chaos Computer Club weist darauf hin, dass sich der Datenabgleich damit nun auch auf die Gesichtserkennung in Bildern und Videos sowie die Stimmerkennung erstreckt.\n            <\/div>\n<p><\/p>\n<div class=\"Text-root Text-type_5 ArticleView-text ViewText-root \">\n<p>Die Bundesregierung hat sich nach den T\u00f6tungs- und K\u00f6rperverletzungsdelikten in Solingen innerhalb kurzer Zeit auf ein neues sogenanntes &#8220;Sicherheitspaket&#8221; verst\u00e4ndigt. Zu den geplanten Befugnissen der &#8220;Gefahrenabwehr&#8221; f\u00fcr die Polizei und die Verfassungsschutzbeh\u00f6rden geh\u00f6rt demnach die &#8220;Befugnis zum biometrischen Abgleich von allgemein \u00f6ffentlich zug\u00e4nglichen Internetdaten (&#8216;Gesichtserkennung&#8217;)&#8221;. Wie der Chaos Computer Club (CCC) und andere IT-Organisationen erfuhren, ist laut &#8220;dem Wunschzettel der deutschen Bundesregierung&#8221; auch der Einsatz von &#8220;Technologie f\u00fcr Stimmerkennung&#8221; geplant.<\/p>\n<p>Svea Windwehr, die Co-Vorsitzende von &#8220;D64 (Zentrum f\u00fcr Digitalen Fortschritt)&#8221;, kritisierte in einem <a rel=\"nofollow noopener\" target=\"_blank\" href=\"https:\/\/www.heise.de\/news\/CCC-denkt-Anleitung-zu-Sabotage-von-Ueberwachung-an-9865448.html\">Artikel<\/a> der Nachrichten-Website <em>Heise Online<\/em> die j\u00fcngsten \u00dcberwachungspl\u00e4ne der Ampelkoalition:<\/p>\n<p><em>&#8220;Im Hauruckverfahren werden Grundrechte radikal eingeschr\u00e4nkt. Die als Fortschrittskoalition angetretene Regierung bricht ihren Koalitionsvertrag, \u00f6ffnet der Massen\u00fcberwachung T\u00fcr und Tor und untergr\u00e4bt die Grundrechte besonders schutzbed\u00fcrftiger Gruppen.&#8221;<\/em><\/p>\n<p>Auch der Chaos Computer Club (CCC) und das Forum InformatikerInnen f\u00fcr Frieden und gesellschaftliche Verantwortung (FIfF) warnten vor einem &#8220;biometrischen \u00dcberwachungsexzess&#8221;. Matthias Marx, CCC-Sprecher, findet deutliche Worte zu der drohenden \u00dcberwachung der B\u00fcrger:<\/p>\n<p><em>&#8220;Die Bundesregierung l\u00e4sst sich von den Faschisten treiben und schwenkt in Rekordzeit von &#8216;Anonymit\u00e4t wahren&#8217; zu &#8216;alle biometrisch \u00fcberwachen&#8217;. Es gibt aber keine technischen L\u00f6sungen f\u00fcr soziale Probleme.&#8221;<\/em><\/p>\n<p>Mit den sozialen Problemen bezieht sich Marx offenkundig vor allem auf die &#8220;Migrationsproblematik&#8221; in Deutschland. Dazu erkl\u00e4rt er:<\/p>\n<p><em>&#8220;Aktuell muss es darum gehen, die Menschenrechte hochzuhalten und sich nicht mit rassistischen Zuschreibungen und kopflosen Gesetzesversch\u00e4rfungen zu \u00fcberbieten. Nachdem die Ampel-Koalition jahrelang \u00fcber Gegenma\u00dfnahmen zu Racial Profiling diskutiert hat, will sie jetzt im Rekordtempo anlasslose Kontrollen ausweiten. &#8220;<\/em><\/p>\n<p>Dass diese erweiterte digitale Kontrollpolitik automatisch auch &#8220;Normalb\u00fcrger&#8221; betreffen k\u00f6nnte, wird seitens des CCC-Sprechers dabei nicht thematisiert. Christian Mihr, der stellvertretende Generalsekret\u00e4r von Amnesty International in Deutschland, erkl\u00e4rt zu dem geplanten &#8220;Sicherheitspaket&#8221; und den m\u00f6glichen Folgen:<\/p>\n<p><em>&#8220;All unsere Fotos oder Tonaufnahmen im Netz soll der Staat k\u00fcnftig mit Technologie f\u00fcr Stimm- und Gesichtserkennung durchsuchen d\u00fcrfen, ob es nun Fotos vom Kindergeburtstag sind, unsere Urlaubs-Schnappsch\u00fcsse oder ein selbst aufgenommenes Lied. Das verletzt die Privatsph\u00e4re der gesamten Bev\u00f6lkerung.&#8221;<\/em><\/p>\n<p>Zudem sieht Mihr die Gefahr, dass demn\u00e4chst auch das &#8220;Recht auf Protest&#8221; bedroht sei. Die B\u00fcrger m\u00fcssten sich k\u00fcnftig fragen, &#8220;ob Fotos von Demonstrationen mit Gesichtserkennung ausgewertet werden&#8221;. Und weiter:<\/p>\n<p><em>&#8220;Wir brauchen gerade jetzt eine aktive Zivilgesellschaft, die sich im wahrsten Sinne des Wortes traut, Gesicht zu zeigen \u2013 keine eingesch\u00fcchterte.&#8221;<\/em><\/p>\n<p>Die Organisation &#8216;AlgorithmWatch&#8221; warnt mit Blick auf das &#8220;Sicherheitspaket&#8221;:<\/p>\n<p><em>&#8220;Der Aktionismus der Ampel l\u00e4uft hier in die v\u00f6llig falsche Richtung. \u2026 Dass KI-gest\u00fctzte Datenanalysen und biometrische Erkennung von \u00f6ffentlichen Bildern und Videos f\u00fcr mehr Sicherheit sorgen, ist ein falsches Versprechen. Keine einzige Straftat w\u00fcrde dadurch verhindert.&#8221;<\/em><\/p>\n<p>Die politischen Verantwortungstr\u00e4ger wollen dem CCC zufolge &#8220;faktisch Anonymit\u00e4t beenden und uns alle immer und \u00fcberall identifizierbar machen&#8221;. Diese mehr als bedenkliche Entwicklung entspreche einem &#8220;neuen Tiefpunkt im fortw\u00e4hrenden Abbau von Grundrechten&#8221;. Was sich mit der bef\u00fcrchteten Umsetzung dieser Politik abzeichne, sei schlicht eine &#8220;dystopische Zukunft&#8221;.<\/p>\n<p><strong>Mehr zum Thema &#8211;<\/strong>\u00a0<a rel=\"nofollow noopener\" target=\"_blank\" href=\"https:\/\/freedert.online\/inland\/217942-anonymitaet-ist-kein-verbrechen-kritik-vom-chaos-computer-club-am-neuen-sicherheitspaket\/\">&#8220;Anonymit\u00e4t ist kein Verbrechen&#8221; \u2013 Kritik vom Chaos Computer Club am neuen &#8220;Sicherheitspaket&#8221;<\/a><\/p>\n<div class=\"EmbedBlock-root EmbedBlock-externalVideo EmbedBlock-rumble\">\n<div class=\"VkEmbed\"><iframe class=\"lazyload\" data-src=\"https:\/\/rumble.com\/embed\/v5c8625\" frameborder=\"0\" width=\"853\" height=\"480\" allowfullscreen><\/iframe><\/div>\n<\/div>\n<\/div>\n<p><br \/>\n<br \/><a href=\"https:\/\/de.rt.com\/inland\/219035-kritik-von-it-organisationen-an\/\">Source link <\/a><\/p>\n","protected":false},"excerpt":{"rendered":"<p>Aufgrund der Sicherheitslage hat die Bundesregierung ein &#8220;Sicherheitspaket&#8221; beschlossen, das den Einsatz erweiterter digitaler \u00dcberwachungsmodule erm\u00f6glicht. Der Chaos Computer Club weist darauf hin, dass sich der Datenabgleich damit nun auch auf die Gesichtserkennung in Bildern und Videos sowie die Stimmerkennung erstreckt. Die Bundesregierung hat sich nach den T\u00f6tungs- und K\u00f6rperverletzungsdelikten in Solingen innerhalb kurzer Zeit [&hellip;]<\/p>\n","protected":false},"author":3,"featured_media":68876,"comment_status":"open","ping_status":"open","sticky":false,"template":"","format":"standard","meta":{"_yoast_indexnow_last_ping":["1726241685"],"wp_automatic_camp":["217"],"873f28c7be8f9994d0d954ad0e01abd9":["&quot;Sicherheitspaket&quot; der Bundesregierung: Kritik von IT-Organisationen an Massen\u00fcberwachung"],"original_link":["https:\/\/de.rt.com\/inland\/219035-kritik-von-it-organisationen-an\/"],"_thumbnail_id":["68876"],"jnews_social_counter_last_update":["1777041529"],"_wptgpro_p2tg_sent2tg":["a:1:{i:23737;s:19:\"2024-09-13 17:35:51\";}"]},"categories":[19,23],"tags":[3807,82,58524,935,39127,58197,50],"yoast_head":"<!-- This site is optimized with the Yoast SEO Premium plugin v22.7 (Yoast SEO v22.7) - https:\/\/yoast.com\/wordpress\/plugins\/seo\/ -->\n<title>&quot;Sicherheitspaket&quot; der Bundesregierung: Kritik von IT-Organisationen an Massen\u00fcberwachung - just-now.NEWS Deutschland<\/title>\n<meta name=\"robots\" content=\"index, follow, max-snippet:-1, max-image-preview:large, max-video-preview:-1\" \/>\n<link rel=\"canonical\" href=\"https:\/\/now-news.de\/de\/deutschland\/sicherheitspaket-der-bundesregierung-kritik-von-it-organisationen-an-massenueberwachung\/\" \/>\n<meta property=\"og:locale\" content=\"de_DE\" \/>\n<meta property=\"og:type\" content=\"article\" \/>\n<meta property=\"og:title\" content=\"&quot;Sicherheitspaket&quot; der Bundesregierung: Kritik von IT-Organisationen an Massen\u00fcberwachung\" \/>\n<meta property=\"og:description\" content=\"Aufgrund der Sicherheitslage hat die Bundesregierung ein &#8220;Sicherheitspaket&#8221; beschlossen, das den Einsatz erweiterter digitaler \u00dcberwachungsmodule erm\u00f6glicht. Der Chaos Computer Club weist darauf hin, dass sich der Datenabgleich damit nun auch auf die Gesichtserkennung in Bildern und Videos sowie die Stimmerkennung erstreckt. Die Bundesregierung hat sich nach den T\u00f6tungs- und K\u00f6rperverletzungsdelikten in Solingen innerhalb kurzer Zeit [&hellip;]\" \/>\n<meta property=\"og:url\" content=\"https:\/\/now-news.de\/de\/deutschland\/sicherheitspaket-der-bundesregierung-kritik-von-it-organisationen-an-massenueberwachung\/\" \/>\n<meta property=\"og:site_name\" content=\"just-now.NEWS Deutschland\" \/>\n<meta property=\"article:publisher\" content=\"https:\/\/www.facebook.com\/wirmachenauf\" \/>\n<meta property=\"article:published_time\" content=\"2024-09-13T14:47:49+00:00\" \/>\n<meta property=\"og:image\" content=\"https:\/\/now-news.de\/de\/wp-content\/uploads\/sites\/3\/2024\/09\/66e3dea148fbef41322a1079.jpeg\" \/>\n<meta name=\"author\" content=\"rtnews\" \/>\n<meta name=\"twitter:card\" content=\"summary_large_image\" \/>\n<meta name=\"twitter:creator\" content=\"@WirMachenAuf_de\" \/>\n<meta name=\"twitter:site\" content=\"@WirMachenAuf_de\" \/>\n<meta name=\"twitter:label1\" content=\"Verfasst von\" \/>\n\t<meta name=\"twitter:data1\" content=\"rtnews\" \/>\n\t<meta name=\"twitter:label2\" content=\"Gesch\u00e4tzte Lesezeit\" \/>\n\t<meta name=\"twitter:data2\" content=\"3\u00a0Minuten\" \/>\n<script type=\"application\/ld+json\" class=\"yoast-schema-graph\">{\"@context\":\"https:\/\/schema.org\",\"@graph\":[{\"@type\":\"Article\",\"@id\":\"https:\/\/now-news.de\/de\/deutschland\/sicherheitspaket-der-bundesregierung-kritik-von-it-organisationen-an-massenueberwachung\/#article\",\"isPartOf\":{\"@id\":\"https:\/\/now-news.de\/de\/deutschland\/sicherheitspaket-der-bundesregierung-kritik-von-it-organisationen-an-massenueberwachung\/\"},\"author\":{\"name\":\"rtnews\",\"@id\":\"https:\/\/now-news.de\/de\/#\/schema\/person\/fb534a4e865501d8b3285208df34a9b5\"},\"headline\":\"&quot;Sicherheitspaket&quot; der Bundesregierung: Kritik von IT-Organisationen an Massen\u00fcberwachung\",\"datePublished\":\"2024-09-13T14:47:49+00:00\",\"dateModified\":\"2024-09-13T14:47:49+00:00\",\"mainEntityOfPage\":{\"@id\":\"https:\/\/now-news.de\/de\/deutschland\/sicherheitspaket-der-bundesregierung-kritik-von-it-organisationen-an-massenueberwachung\/\"},\"wordCount\":577,\"commentCount\":0,\"publisher\":{\"@id\":\"https:\/\/now-news.de\/de\/#organization\"},\"image\":{\"@id\":\"https:\/\/now-news.de\/de\/deutschland\/sicherheitspaket-der-bundesregierung-kritik-von-it-organisationen-an-massenueberwachung\/#primaryimage\"},\"thumbnailUrl\":\"https:\/\/now-news.de\/de\/wp-content\/uploads\/sites\/3\/2024\/09\/quotSicherheitspaketquot-der-Bundesregierung-Kritik-von-IT-Organisationen-an-Massenueberwachung.jpeg\",\"keywords\":[\"Bundesregierung\",\"der\",\"ITOrganisationen\",\"Kritik\",\"Massen\u00fcberwachung\",\"quotSicherheitspaketquot\",\"von\"],\"articleSection\":[\"Deutschland\",\"Russland\"],\"inLanguage\":\"de\",\"potentialAction\":[{\"@type\":\"CommentAction\",\"name\":\"Comment\",\"target\":[\"https:\/\/now-news.de\/de\/deutschland\/sicherheitspaket-der-bundesregierung-kritik-von-it-organisationen-an-massenueberwachung\/#respond\"]}]},{\"@type\":\"WebPage\",\"@id\":\"https:\/\/now-news.de\/de\/deutschland\/sicherheitspaket-der-bundesregierung-kritik-von-it-organisationen-an-massenueberwachung\/\",\"url\":\"https:\/\/now-news.de\/de\/deutschland\/sicherheitspaket-der-bundesregierung-kritik-von-it-organisationen-an-massenueberwachung\/\",\"name\":\"&quot;Sicherheitspaket&quot; der Bundesregierung: Kritik von IT-Organisationen an Massen\u00fcberwachung - just-now.NEWS Deutschland\",\"isPartOf\":{\"@id\":\"https:\/\/now-news.de\/de\/#website\"},\"primaryImageOfPage\":{\"@id\":\"https:\/\/now-news.de\/de\/deutschland\/sicherheitspaket-der-bundesregierung-kritik-von-it-organisationen-an-massenueberwachung\/#primaryimage\"},\"image\":{\"@id\":\"https:\/\/now-news.de\/de\/deutschland\/sicherheitspaket-der-bundesregierung-kritik-von-it-organisationen-an-massenueberwachung\/#primaryimage\"},\"thumbnailUrl\":\"https:\/\/now-news.de\/de\/wp-content\/uploads\/sites\/3\/2024\/09\/quotSicherheitspaketquot-der-Bundesregierung-Kritik-von-IT-Organisationen-an-Massenueberwachung.jpeg\",\"datePublished\":\"2024-09-13T14:47:49+00:00\",\"dateModified\":\"2024-09-13T14:47:49+00:00\",\"breadcrumb\":{\"@id\":\"https:\/\/now-news.de\/de\/deutschland\/sicherheitspaket-der-bundesregierung-kritik-von-it-organisationen-an-massenueberwachung\/#breadcrumb\"},\"inLanguage\":\"de\",\"potentialAction\":[{\"@type\":\"ReadAction\",\"target\":[\"https:\/\/now-news.de\/de\/deutschland\/sicherheitspaket-der-bundesregierung-kritik-von-it-organisationen-an-massenueberwachung\/\"]}]},{\"@type\":\"ImageObject\",\"inLanguage\":\"de\",\"@id\":\"https:\/\/now-news.de\/de\/deutschland\/sicherheitspaket-der-bundesregierung-kritik-von-it-organisationen-an-massenueberwachung\/#primaryimage\",\"url\":\"https:\/\/now-news.de\/de\/wp-content\/uploads\/sites\/3\/2024\/09\/quotSicherheitspaketquot-der-Bundesregierung-Kritik-von-IT-Organisationen-an-Massenueberwachung.jpeg\",\"contentUrl\":\"https:\/\/now-news.de\/de\/wp-content\/uploads\/sites\/3\/2024\/09\/quotSicherheitspaketquot-der-Bundesregierung-Kritik-von-IT-Organisationen-an-Massenueberwachung.jpeg\",\"width\":460,\"height\":259,\"caption\":\"&quot;Sicherheitspaket&quot; der Bundesregierung: Kritik von IT-Organisationen an Massen\u00fcberwachung\"},{\"@type\":\"BreadcrumbList\",\"@id\":\"https:\/\/now-news.de\/de\/deutschland\/sicherheitspaket-der-bundesregierung-kritik-von-it-organisationen-an-massenueberwachung\/#breadcrumb\",\"itemListElement\":[{\"@type\":\"ListItem\",\"position\":1,\"name\":\"Home\",\"item\":\"https:\/\/now-news.de\/de\/\"},{\"@type\":\"ListItem\",\"position\":2,\"name\":\"&quot;Sicherheitspaket&quot; der Bundesregierung: Kritik von IT-Organisationen an Massen\u00fcberwachung\"}]},{\"@type\":\"WebSite\",\"@id\":\"https:\/\/now-news.de\/de\/#website\",\"url\":\"https:\/\/now-news.de\/de\/\",\"name\":\"just-now.NEWS Deutschland\",\"description\":\"Das Portal f\u00fcr unzensierte Nachrichten aus der Welt\",\"publisher\":{\"@id\":\"https:\/\/now-news.de\/de\/#organization\"},\"potentialAction\":[{\"@type\":\"SearchAction\",\"target\":{\"@type\":\"EntryPoint\",\"urlTemplate\":\"https:\/\/now-news.de\/de\/?s={search_term_string}\"},\"query-input\":\"required name=search_term_string\"}],\"inLanguage\":\"de\"},{\"@type\":\"Organization\",\"@id\":\"https:\/\/now-news.de\/de\/#organization\",\"name\":\"Just Now News\",\"url\":\"https:\/\/now-news.de\/de\/\",\"logo\":{\"@type\":\"ImageObject\",\"inLanguage\":\"de\",\"@id\":\"https:\/\/now-news.de\/de\/#\/schema\/logo\/image\/\",\"url\":\"http:\/\/just-now.news\/de\/wp-content\/uploads\/sites\/3\/2022\/04\/logo500x500.jpg\",\"contentUrl\":\"http:\/\/just-now.news\/de\/wp-content\/uploads\/sites\/3\/2022\/04\/logo500x500.jpg\",\"width\":500,\"height\":500,\"caption\":\"Just Now News\"},\"image\":{\"@id\":\"https:\/\/now-news.de\/de\/#\/schema\/logo\/image\/\"},\"sameAs\":[\"https:\/\/www.facebook.com\/wirmachenauf\",\"https:\/\/x.com\/WirMachenAuf_de\"]},{\"@type\":\"Person\",\"@id\":\"https:\/\/now-news.de\/de\/#\/schema\/person\/fb534a4e865501d8b3285208df34a9b5\",\"name\":\"rtnews\",\"image\":{\"@type\":\"ImageObject\",\"inLanguage\":\"de\",\"@id\":\"https:\/\/now-news.de\/de\/#\/schema\/person\/image\/\",\"url\":\"https:\/\/secure.gravatar.com\/avatar\/82aafea7d8127119dd649515f56e2117?s=96&d=mm&r=g\",\"contentUrl\":\"https:\/\/secure.gravatar.com\/avatar\/82aafea7d8127119dd649515f56e2117?s=96&d=mm&r=g\",\"caption\":\"rtnews\"},\"url\":\"https:\/\/now-news.de\/de\/author\/rnews\/\"}]}<\/script>\n<!-- \/ Yoast SEO Premium plugin. -->","yoast_head_json":{"title":"&quot;Sicherheitspaket&quot; der Bundesregierung: Kritik von IT-Organisationen an Massen\u00fcberwachung - just-now.NEWS Deutschland","robots":{"index":"index","follow":"follow","max-snippet":"max-snippet:-1","max-image-preview":"max-image-preview:large","max-video-preview":"max-video-preview:-1"},"canonical":"https:\/\/now-news.de\/de\/deutschland\/sicherheitspaket-der-bundesregierung-kritik-von-it-organisationen-an-massenueberwachung\/","og_locale":"de_DE","og_type":"article","og_title":"&quot;Sicherheitspaket&quot; der Bundesregierung: Kritik von IT-Organisationen an Massen\u00fcberwachung","og_description":"Aufgrund der Sicherheitslage hat die Bundesregierung ein &#8220;Sicherheitspaket&#8221; beschlossen, das den Einsatz erweiterter digitaler \u00dcberwachungsmodule erm\u00f6glicht. Der Chaos Computer Club weist darauf hin, dass sich der Datenabgleich damit nun auch auf die Gesichtserkennung in Bildern und Videos sowie die Stimmerkennung erstreckt. Die Bundesregierung hat sich nach den T\u00f6tungs- und K\u00f6rperverletzungsdelikten in Solingen innerhalb kurzer Zeit [&hellip;]","og_url":"https:\/\/now-news.de\/de\/deutschland\/sicherheitspaket-der-bundesregierung-kritik-von-it-organisationen-an-massenueberwachung\/","og_site_name":"just-now.NEWS Deutschland","article_publisher":"https:\/\/www.facebook.com\/wirmachenauf","article_published_time":"2024-09-13T14:47:49+00:00","og_image":[{"url":"https:\/\/now-news.de\/de\/wp-content\/uploads\/sites\/3\/2024\/09\/66e3dea148fbef41322a1079.jpeg"}],"author":"rtnews","twitter_card":"summary_large_image","twitter_creator":"@WirMachenAuf_de","twitter_site":"@WirMachenAuf_de","twitter_misc":{"Verfasst von":"rtnews","Gesch\u00e4tzte Lesezeit":"3\u00a0Minuten"},"schema":{"@context":"https:\/\/schema.org","@graph":[{"@type":"Article","@id":"https:\/\/now-news.de\/de\/deutschland\/sicherheitspaket-der-bundesregierung-kritik-von-it-organisationen-an-massenueberwachung\/#article","isPartOf":{"@id":"https:\/\/now-news.de\/de\/deutschland\/sicherheitspaket-der-bundesregierung-kritik-von-it-organisationen-an-massenueberwachung\/"},"author":{"name":"rtnews","@id":"https:\/\/now-news.de\/de\/#\/schema\/person\/fb534a4e865501d8b3285208df34a9b5"},"headline":"&quot;Sicherheitspaket&quot; der Bundesregierung: Kritik von IT-Organisationen an Massen\u00fcberwachung","datePublished":"2024-09-13T14:47:49+00:00","dateModified":"2024-09-13T14:47:49+00:00","mainEntityOfPage":{"@id":"https:\/\/now-news.de\/de\/deutschland\/sicherheitspaket-der-bundesregierung-kritik-von-it-organisationen-an-massenueberwachung\/"},"wordCount":577,"commentCount":0,"publisher":{"@id":"https:\/\/now-news.de\/de\/#organization"},"image":{"@id":"https:\/\/now-news.de\/de\/deutschland\/sicherheitspaket-der-bundesregierung-kritik-von-it-organisationen-an-massenueberwachung\/#primaryimage"},"thumbnailUrl":"https:\/\/now-news.de\/de\/wp-content\/uploads\/sites\/3\/2024\/09\/quotSicherheitspaketquot-der-Bundesregierung-Kritik-von-IT-Organisationen-an-Massenueberwachung.jpeg","keywords":["Bundesregierung","der","ITOrganisationen","Kritik","Massen\u00fcberwachung","quotSicherheitspaketquot","von"],"articleSection":["Deutschland","Russland"],"inLanguage":"de","potentialAction":[{"@type":"CommentAction","name":"Comment","target":["https:\/\/now-news.de\/de\/deutschland\/sicherheitspaket-der-bundesregierung-kritik-von-it-organisationen-an-massenueberwachung\/#respond"]}]},{"@type":"WebPage","@id":"https:\/\/now-news.de\/de\/deutschland\/sicherheitspaket-der-bundesregierung-kritik-von-it-organisationen-an-massenueberwachung\/","url":"https:\/\/now-news.de\/de\/deutschland\/sicherheitspaket-der-bundesregierung-kritik-von-it-organisationen-an-massenueberwachung\/","name":"&quot;Sicherheitspaket&quot; der Bundesregierung: Kritik von IT-Organisationen an Massen\u00fcberwachung - just-now.NEWS Deutschland","isPartOf":{"@id":"https:\/\/now-news.de\/de\/#website"},"primaryImageOfPage":{"@id":"https:\/\/now-news.de\/de\/deutschland\/sicherheitspaket-der-bundesregierung-kritik-von-it-organisationen-an-massenueberwachung\/#primaryimage"},"image":{"@id":"https:\/\/now-news.de\/de\/deutschland\/sicherheitspaket-der-bundesregierung-kritik-von-it-organisationen-an-massenueberwachung\/#primaryimage"},"thumbnailUrl":"https:\/\/now-news.de\/de\/wp-content\/uploads\/sites\/3\/2024\/09\/quotSicherheitspaketquot-der-Bundesregierung-Kritik-von-IT-Organisationen-an-Massenueberwachung.jpeg","datePublished":"2024-09-13T14:47:49+00:00","dateModified":"2024-09-13T14:47:49+00:00","breadcrumb":{"@id":"https:\/\/now-news.de\/de\/deutschland\/sicherheitspaket-der-bundesregierung-kritik-von-it-organisationen-an-massenueberwachung\/#breadcrumb"},"inLanguage":"de","potentialAction":[{"@type":"ReadAction","target":["https:\/\/now-news.de\/de\/deutschland\/sicherheitspaket-der-bundesregierung-kritik-von-it-organisationen-an-massenueberwachung\/"]}]},{"@type":"ImageObject","inLanguage":"de","@id":"https:\/\/now-news.de\/de\/deutschland\/sicherheitspaket-der-bundesregierung-kritik-von-it-organisationen-an-massenueberwachung\/#primaryimage","url":"https:\/\/now-news.de\/de\/wp-content\/uploads\/sites\/3\/2024\/09\/quotSicherheitspaketquot-der-Bundesregierung-Kritik-von-IT-Organisationen-an-Massenueberwachung.jpeg","contentUrl":"https:\/\/now-news.de\/de\/wp-content\/uploads\/sites\/3\/2024\/09\/quotSicherheitspaketquot-der-Bundesregierung-Kritik-von-IT-Organisationen-an-Massenueberwachung.jpeg","width":460,"height":259,"caption":"&quot;Sicherheitspaket&quot; der Bundesregierung: Kritik von IT-Organisationen an Massen\u00fcberwachung"},{"@type":"BreadcrumbList","@id":"https:\/\/now-news.de\/de\/deutschland\/sicherheitspaket-der-bundesregierung-kritik-von-it-organisationen-an-massenueberwachung\/#breadcrumb","itemListElement":[{"@type":"ListItem","position":1,"name":"Home","item":"https:\/\/now-news.de\/de\/"},{"@type":"ListItem","position":2,"name":"&quot;Sicherheitspaket&quot; der Bundesregierung: Kritik von IT-Organisationen an Massen\u00fcberwachung"}]},{"@type":"WebSite","@id":"https:\/\/now-news.de\/de\/#website","url":"https:\/\/now-news.de\/de\/","name":"just-now.NEWS Deutschland","description":"Das Portal f\u00fcr unzensierte Nachrichten aus der Welt","publisher":{"@id":"https:\/\/now-news.de\/de\/#organization"},"potentialAction":[{"@type":"SearchAction","target":{"@type":"EntryPoint","urlTemplate":"https:\/\/now-news.de\/de\/?s={search_term_string}"},"query-input":"required name=search_term_string"}],"inLanguage":"de"},{"@type":"Organization","@id":"https:\/\/now-news.de\/de\/#organization","name":"Just Now News","url":"https:\/\/now-news.de\/de\/","logo":{"@type":"ImageObject","inLanguage":"de","@id":"https:\/\/now-news.de\/de\/#\/schema\/logo\/image\/","url":"http:\/\/just-now.news\/de\/wp-content\/uploads\/sites\/3\/2022\/04\/logo500x500.jpg","contentUrl":"http:\/\/just-now.news\/de\/wp-content\/uploads\/sites\/3\/2022\/04\/logo500x500.jpg","width":500,"height":500,"caption":"Just Now News"},"image":{"@id":"https:\/\/now-news.de\/de\/#\/schema\/logo\/image\/"},"sameAs":["https:\/\/www.facebook.com\/wirmachenauf","https:\/\/x.com\/WirMachenAuf_de"]},{"@type":"Person","@id":"https:\/\/now-news.de\/de\/#\/schema\/person\/fb534a4e865501d8b3285208df34a9b5","name":"rtnews","image":{"@type":"ImageObject","inLanguage":"de","@id":"https:\/\/now-news.de\/de\/#\/schema\/person\/image\/","url":"https:\/\/secure.gravatar.com\/avatar\/82aafea7d8127119dd649515f56e2117?s=96&d=mm&r=g","contentUrl":"https:\/\/secure.gravatar.com\/avatar\/82aafea7d8127119dd649515f56e2117?s=96&d=mm&r=g","caption":"rtnews"},"url":"https:\/\/now-news.de\/de\/author\/rnews\/"}]}},"_links":{"self":[{"href":"https:\/\/now-news.de\/de\/wp-json\/wp\/v2\/posts\/68875"}],"collection":[{"href":"https:\/\/now-news.de\/de\/wp-json\/wp\/v2\/posts"}],"about":[{"href":"https:\/\/now-news.de\/de\/wp-json\/wp\/v2\/types\/post"}],"author":[{"embeddable":true,"href":"https:\/\/now-news.de\/de\/wp-json\/wp\/v2\/users\/3"}],"replies":[{"embeddable":true,"href":"https:\/\/now-news.de\/de\/wp-json\/wp\/v2\/comments?post=68875"}],"version-history":[{"count":0,"href":"https:\/\/now-news.de\/de\/wp-json\/wp\/v2\/posts\/68875\/revisions"}],"wp:featuredmedia":[{"embeddable":true,"href":"https:\/\/now-news.de\/de\/wp-json\/wp\/v2\/media\/68876"}],"wp:attachment":[{"href":"https:\/\/now-news.de\/de\/wp-json\/wp\/v2\/media?parent=68875"}],"wp:term":[{"taxonomy":"category","embeddable":true,"href":"https:\/\/now-news.de\/de\/wp-json\/wp\/v2\/categories?post=68875"},{"taxonomy":"post_tag","embeddable":true,"href":"https:\/\/now-news.de\/de\/wp-json\/wp\/v2\/tags?post=68875"}],"curies":[{"name":"wp","href":"https:\/\/api.w.org\/{rel}","templated":true}]}}