{"id":68802,"date":"2024-09-12T16:05:27","date_gmt":"2024-09-12T14:05:27","guid":{"rendered":"https:\/\/now-news.de\/de\/deutschland\/pink-floyd-gruender-roger-waters-bereit-fuer-konzert-in-russland\/"},"modified":"2024-09-12T16:05:27","modified_gmt":"2024-09-12T14:05:27","slug":"pink-floyd-gruender-roger-waters-bereit-fuer-konzert-in-russland","status":"publish","type":"post","link":"https:\/\/now-news.de\/de\/deutschland\/pink-floyd-gruender-roger-waters-bereit-fuer-konzert-in-russland\/","title":{"rendered":"Pink-Floyd-Gr\u00fcnder Roger Waters bereit f\u00fcr Konzert in Russland"},"content":{"rendered":"<p><img decoding=\"async\" src=\"https:\/\/now-news.de\/de\/wp-content\/uploads\/sites\/3\/2024\/09\/66e2caddb480cc145209413d.jpg\" \/><\/p>\n<div class=\"Text-root Text-type_1 \">\n                Roger Waters, der Mitbegr\u00fcnder von Pink Floyd, erkl\u00e4rt in einem Interview, dass er bereit w\u00e4re, in Russland und der Ukraine aufzutreten, wenn er seine Tournee wieder aufnehmen w\u00fcrde. Er kritisiert zudem die US-Au\u00dfenpolitik und bezeichnete die Ukraine als nicht demokratisch.\n            <\/div>\n<p><\/p>\n<div class=\"Text-root Text-type_5 ArticleView-text ViewText-root \">\n<p>Roger Waters, der 81-j\u00e4hrige Mitbegr\u00fcnder der Band Pink Floyd\u00a0sowie scharfer Kritiker des US-Imperialismus und der Kriegstreiberei, hat erkl\u00e4rt, dass er bereit w\u00e4re, in Russland aufzutreten, wenn er seine Konzertt\u00e4tigkeit wieder aufnehmen w\u00fcrde. Dies erz\u00e4hlte er in einer Telefonkonferenz mit Faina Sawenkowa, einer 15-j\u00e4hrigen Dramatikerin und Schriftstellerin aus Lugansk.<\/p>\n<p><em>&#8220;Im Moment bin ich nicht auf Tournee. Ich bin zwei Jahre lang mit der Show &#8216;This Is Not a Drill&#8217; auf Tour gewesen. Aber sonst, ja, nat\u00fcrlich.\u00a0Die Russen haben mich eingeladen, nach Sankt Petersburg und Moskau zu kommen und Konzerte zu geben.&#8221;<\/em><\/p>\n<p>Er wies darauf hin, dass die Organisation einer Konzerttournee ein sehr aufwendiges Unterfangen ist:<em><\/p>\n<p>&#8220;Wir sind mit fast 170 Leuten unterwegs und haben 30 Sattelschlepper mit Anh\u00e4ngern, die die gesamte Ausr\u00fcstung transportieren.\u00a0Das ist ein riesiges, gewaltiges Unterfangen. Es ist ja nicht so, dass ich mit einer Balalaika herumlaufe und in Bars singe.&#8221;<\/em><\/p>\n<p>Mit seiner letzten Tour, &#8220;This Is Not a Drill&#8221;, reiste er bis Dezember 2023 um die Welt. Sie wurde als Waters\u2019 Abschiedstournee angek\u00fcndigt. In Deutschland drohte die <a rel=\"nofollow noopener\" target=\"_blank\" href=\"https:\/\/freedert.online\/inland\/170253-wegen-angeblichen-antisemitismus-vorwuerfen-berliner\/\">Absage<\/a> einiger seiner Konzerte wegen antinationalsozialistischer Satire und Kritik an Israel, die von Gegnern als <a rel=\"nofollow noopener\" target=\"_blank\" href=\"https:\/\/freedert.online\/gesellschaft\/165191-antisemitismus-vorwurf-als-waffe-auftrittsverbot\/\">antisemitisch<\/a> bezeichnet wurde.\u00a0Waters f\u00fcgte hinzu, dass er auch gerne in der Ukraine spielen w\u00fcrde, um das Ende des Konflikts zu feiern.<\/p>\n<p><em>&#8220;Werde ich wieder auf Tour gehen? Ich habe keine Ahnung. Wenn ja, w\u00fcrde ich gerne in Russland spielen und in der Ukraine.&#8221;<\/em><\/p>\n<p>In dem Interview \u00e4u\u00dferte sich Waters auch zum Konflikt in der Ukraine. Er sagte, die Ukrainer sollten sich bewusst sein, dass die US-Au\u00dfenpolitik nur darauf abziele, &#8220;die Taschen der amerikanischen Plutokraten zu f\u00fcllen&#8221;.<\/p>\n<p><em>&#8220;Die Menschen in der Ukraine m\u00fcssen mittlerweile doch wissen, dass die US-Regierung sich nicht um euer Leben k\u00fcmmert.&#8221;<\/em><\/p>\n<p>Waters r\u00e4umte in dem Interview auch ein, dass die Ukraine keinesfalls als demokratisches Land bezeichnet werden k\u00f6nne. Das Video des Interviews wurde von <em>RIA Nowosti<\/em> zur Verf\u00fcgung <a rel=\"nofollow noopener\" target=\"_blank\" href=\"https:\/\/t.me\/rian_ru\/260942\">gestellt<\/a>:<\/p>\n<p><em>&#8220;Wie wir wissen, ist die Ukraine in keiner Weise demokratisch. Sie ist unertr\u00e4glich korrupt.&#8221;<br \/><\/em><\/p>\n<p>Wladimir Selenskij habe alle Oppositionsparteien unterdr\u00fcckt, so Waters:\u00a0<\/p>\n<p><em>&#8220;Alles, was auch nur im Entferntesten nach Sozialismus klingt, wird unterdr\u00fcckt und als Verbrechen betrachtet. Seit dem illegalen Umsturz auf dem Maidan 2014, der vom Westen inspiriert und von den USA unterst\u00fctzt und finanziert wurde, gibt es keine Demokratie mehr.&#8221;<\/em><\/p>\n<p>Er stellte auch die Frage, ob die Menschen in der Westukraine sich dessen bewusst seien.<\/p>\n<p>Waters hat sich mehrmals kritisch \u00fcber die Regierung in Kiew und die Politik des Westens ge\u00e4u\u00dfert. So erkl\u00e4rte er im Februar vor dem UN-Sicherheitsrat, dass er die russische Operation in der Ukraine nicht f\u00fcr unprovoziert halte, verurteilte die Provokateure und sprach sich gegen westliche Waffenlieferungen an Kiew aus. Gleichzeitig forderte er die Staatschefs Russlands, der USA und der Ukraine auf, einen Waffenstillstand zu vereinbaren.<\/p>\n<p>Zuvor hatte der stellvertretende Vorsitzende des russischen Sicherheitsrates, Dmitri Medwedew, Waters eingeladen, vor den Teilnehmern der Sonderoperation ein Konzert zu geben, und erkl\u00e4rt, dass er dem Stil des K\u00fcnstlers nahestehe.<br \/><strong><\/strong><\/p>\n<p><strong>Mehr zum Thema<\/strong> \u2013\u00a0<a rel=\"nofollow noopener\" target=\"_blank\" href=\"https:\/\/freedert.online\/international\/212661-ex-praesident-medwedew-laedt-roger\/\">Ex-Pr\u00e4sident Medwedew l\u00e4dt Roger Waters zu Auftritten vor Frontsoldaten ein<\/a>\u00a0<\/p>\n<div class=\"EmbedBlock-root EmbedBlock-externalVideo EmbedBlock-rumble\">\n<div class=\"VkEmbed\"><iframe class=\"lazyload\" data-src=\"https:\/\/rumble.com\/embed\/v5bew0d\" frameborder=\"0\" width=\"853\" height=\"480\" allowfullscreen><\/iframe><\/div>\n<\/div>\n<\/div>\n<p><br \/>\n<br \/><a href=\"https:\/\/de.rt.com\/international\/218959-pink-floyd-gruender-roger-waters-will-konzert-in-russland-geben\/\">Source link <\/a><\/p>\n","protected":false},"excerpt":{"rendered":"<p>Roger Waters, der Mitbegr\u00fcnder von Pink Floyd, erkl\u00e4rt in einem Interview, dass er bereit w\u00e4re, in Russland und der Ukraine aufzutreten, wenn er seine Tournee wieder aufnehmen w\u00fcrde. Er kritisiert zudem die US-Au\u00dfenpolitik und bezeichnete die Ukraine als nicht demokratisch. Roger Waters, der 81-j\u00e4hrige Mitbegr\u00fcnder der Band Pink Floyd\u00a0sowie scharfer Kritiker des US-Imperialismus und der [&hellip;]<\/p>\n","protected":false},"author":3,"featured_media":68803,"comment_status":"open","ping_status":"open","sticky":false,"template":"","format":"standard","meta":{"_yoast_indexnow_last_ping":["1726150242"],"wp_automatic_camp":["217"],"3c6e3b763c293e41b2409c44af622ffb":["Pink-Floyd-Gr\u00fcnder Roger Waters bereit f\u00fcr Konzert in Russland"],"original_link":["https:\/\/de.rt.com\/international\/218959-pink-floyd-gruender-roger-waters-will-konzert-in-russland-geben\/"],"_thumbnail_id":["68803"],"_wptgpro_p2tg_sent2tg":["a:1:{i:23737;s:19:\"2024-09-12 16:11:45\";}"],"jnews_social_counter_last_update":["1777203452"]},"categories":[19,23],"tags":[964,221,27033,40489,22769,126,30994],"yoast_head":"<!-- This site is optimized with the Yoast SEO Premium plugin v22.7 (Yoast SEO v22.7) - https:\/\/yoast.com\/wordpress\/plugins\/seo\/ -->\n<title>Pink-Floyd-Gr\u00fcnder Roger Waters bereit f\u00fcr Konzert in Russland - just-now.NEWS Deutschland<\/title>\n<meta name=\"robots\" content=\"index, follow, max-snippet:-1, max-image-preview:large, max-video-preview:-1\" \/>\n<link rel=\"canonical\" href=\"https:\/\/now-news.de\/de\/deutschland\/pink-floyd-gruender-roger-waters-bereit-fuer-konzert-in-russland\/\" \/>\n<meta property=\"og:locale\" content=\"de_DE\" \/>\n<meta property=\"og:type\" content=\"article\" \/>\n<meta property=\"og:title\" content=\"Pink-Floyd-Gr\u00fcnder Roger Waters bereit f\u00fcr Konzert in Russland\" \/>\n<meta property=\"og:description\" content=\"Roger Waters, der Mitbegr\u00fcnder von Pink Floyd, erkl\u00e4rt in einem Interview, dass er bereit w\u00e4re, in Russland und der Ukraine aufzutreten, wenn er seine Tournee wieder aufnehmen w\u00fcrde. Er kritisiert zudem die US-Au\u00dfenpolitik und bezeichnete die Ukraine als nicht demokratisch. Roger Waters, der 81-j\u00e4hrige Mitbegr\u00fcnder der Band Pink Floyd\u00a0sowie scharfer Kritiker des US-Imperialismus und der [&hellip;]\" \/>\n<meta property=\"og:url\" content=\"https:\/\/now-news.de\/de\/deutschland\/pink-floyd-gruender-roger-waters-bereit-fuer-konzert-in-russland\/\" \/>\n<meta property=\"og:site_name\" content=\"just-now.NEWS Deutschland\" \/>\n<meta property=\"article:publisher\" content=\"https:\/\/www.facebook.com\/wirmachenauf\" \/>\n<meta property=\"article:published_time\" content=\"2024-09-12T14:05:27+00:00\" \/>\n<meta property=\"og:image\" content=\"https:\/\/now-news.de\/de\/wp-content\/uploads\/sites\/3\/2024\/09\/66e2caddb480cc145209413d.jpg\" \/>\n<meta name=\"author\" content=\"rtnews\" \/>\n<meta name=\"twitter:card\" content=\"summary_large_image\" \/>\n<meta name=\"twitter:creator\" content=\"@WirMachenAuf_de\" \/>\n<meta name=\"twitter:site\" content=\"@WirMachenAuf_de\" \/>\n<meta name=\"twitter:label1\" content=\"Verfasst von\" \/>\n\t<meta name=\"twitter:data1\" content=\"rtnews\" \/>\n\t<meta name=\"twitter:label2\" content=\"Gesch\u00e4tzte Lesezeit\" \/>\n\t<meta name=\"twitter:data2\" content=\"3\u00a0Minuten\" \/>\n<script type=\"application\/ld+json\" class=\"yoast-schema-graph\">{\"@context\":\"https:\/\/schema.org\",\"@graph\":[{\"@type\":\"Article\",\"@id\":\"https:\/\/now-news.de\/de\/deutschland\/pink-floyd-gruender-roger-waters-bereit-fuer-konzert-in-russland\/#article\",\"isPartOf\":{\"@id\":\"https:\/\/now-news.de\/de\/deutschland\/pink-floyd-gruender-roger-waters-bereit-fuer-konzert-in-russland\/\"},\"author\":{\"name\":\"rtnews\",\"@id\":\"https:\/\/now-news.de\/de\/#\/schema\/person\/fb534a4e865501d8b3285208df34a9b5\"},\"headline\":\"Pink-Floyd-Gr\u00fcnder Roger Waters bereit f\u00fcr Konzert in Russland\",\"datePublished\":\"2024-09-12T14:05:27+00:00\",\"dateModified\":\"2024-09-12T14:05:27+00:00\",\"mainEntityOfPage\":{\"@id\":\"https:\/\/now-news.de\/de\/deutschland\/pink-floyd-gruender-roger-waters-bereit-fuer-konzert-in-russland\/\"},\"wordCount\":583,\"commentCount\":0,\"publisher\":{\"@id\":\"https:\/\/now-news.de\/de\/#organization\"},\"image\":{\"@id\":\"https:\/\/now-news.de\/de\/deutschland\/pink-floyd-gruender-roger-waters-bereit-fuer-konzert-in-russland\/#primaryimage\"},\"thumbnailUrl\":\"https:\/\/now-news.de\/de\/wp-content\/uploads\/sites\/3\/2024\/09\/Pink-Floyd-Gruender-Roger-Waters-bereit-fuer-Konzert-in-Russland.jpg\",\"keywords\":[\"bereit\",\"f\u00fcr\",\"Konzert\",\"PinkFloydGr\u00fcnder\",\"ROGER\",\"russland\",\"Waters\"],\"articleSection\":[\"Deutschland\",\"Russland\"],\"inLanguage\":\"de\",\"potentialAction\":[{\"@type\":\"CommentAction\",\"name\":\"Comment\",\"target\":[\"https:\/\/now-news.de\/de\/deutschland\/pink-floyd-gruender-roger-waters-bereit-fuer-konzert-in-russland\/#respond\"]}]},{\"@type\":\"WebPage\",\"@id\":\"https:\/\/now-news.de\/de\/deutschland\/pink-floyd-gruender-roger-waters-bereit-fuer-konzert-in-russland\/\",\"url\":\"https:\/\/now-news.de\/de\/deutschland\/pink-floyd-gruender-roger-waters-bereit-fuer-konzert-in-russland\/\",\"name\":\"Pink-Floyd-Gr\u00fcnder Roger Waters bereit f\u00fcr Konzert in Russland - just-now.NEWS Deutschland\",\"isPartOf\":{\"@id\":\"https:\/\/now-news.de\/de\/#website\"},\"primaryImageOfPage\":{\"@id\":\"https:\/\/now-news.de\/de\/deutschland\/pink-floyd-gruender-roger-waters-bereit-fuer-konzert-in-russland\/#primaryimage\"},\"image\":{\"@id\":\"https:\/\/now-news.de\/de\/deutschland\/pink-floyd-gruender-roger-waters-bereit-fuer-konzert-in-russland\/#primaryimage\"},\"thumbnailUrl\":\"https:\/\/now-news.de\/de\/wp-content\/uploads\/sites\/3\/2024\/09\/Pink-Floyd-Gruender-Roger-Waters-bereit-fuer-Konzert-in-Russland.jpg\",\"datePublished\":\"2024-09-12T14:05:27+00:00\",\"dateModified\":\"2024-09-12T14:05:27+00:00\",\"breadcrumb\":{\"@id\":\"https:\/\/now-news.de\/de\/deutschland\/pink-floyd-gruender-roger-waters-bereit-fuer-konzert-in-russland\/#breadcrumb\"},\"inLanguage\":\"de\",\"potentialAction\":[{\"@type\":\"ReadAction\",\"target\":[\"https:\/\/now-news.de\/de\/deutschland\/pink-floyd-gruender-roger-waters-bereit-fuer-konzert-in-russland\/\"]}]},{\"@type\":\"ImageObject\",\"inLanguage\":\"de\",\"@id\":\"https:\/\/now-news.de\/de\/deutschland\/pink-floyd-gruender-roger-waters-bereit-fuer-konzert-in-russland\/#primaryimage\",\"url\":\"https:\/\/now-news.de\/de\/wp-content\/uploads\/sites\/3\/2024\/09\/Pink-Floyd-Gruender-Roger-Waters-bereit-fuer-Konzert-in-Russland.jpg\",\"contentUrl\":\"https:\/\/now-news.de\/de\/wp-content\/uploads\/sites\/3\/2024\/09\/Pink-Floyd-Gruender-Roger-Waters-bereit-fuer-Konzert-in-Russland.jpg\",\"width\":460,\"height\":259,\"caption\":\"Pink-Floyd-Gr\u00fcnder Roger Waters bereit f\u00fcr Konzert in Russland\"},{\"@type\":\"BreadcrumbList\",\"@id\":\"https:\/\/now-news.de\/de\/deutschland\/pink-floyd-gruender-roger-waters-bereit-fuer-konzert-in-russland\/#breadcrumb\",\"itemListElement\":[{\"@type\":\"ListItem\",\"position\":1,\"name\":\"Home\",\"item\":\"https:\/\/now-news.de\/de\/\"},{\"@type\":\"ListItem\",\"position\":2,\"name\":\"Pink-Floyd-Gr\u00fcnder Roger Waters bereit f\u00fcr Konzert in Russland\"}]},{\"@type\":\"WebSite\",\"@id\":\"https:\/\/now-news.de\/de\/#website\",\"url\":\"https:\/\/now-news.de\/de\/\",\"name\":\"just-now.NEWS Deutschland\",\"description\":\"Das Portal f\u00fcr unzensierte Nachrichten aus der Welt\",\"publisher\":{\"@id\":\"https:\/\/now-news.de\/de\/#organization\"},\"potentialAction\":[{\"@type\":\"SearchAction\",\"target\":{\"@type\":\"EntryPoint\",\"urlTemplate\":\"https:\/\/now-news.de\/de\/?s={search_term_string}\"},\"query-input\":\"required name=search_term_string\"}],\"inLanguage\":\"de\"},{\"@type\":\"Organization\",\"@id\":\"https:\/\/now-news.de\/de\/#organization\",\"name\":\"Just Now News\",\"url\":\"https:\/\/now-news.de\/de\/\",\"logo\":{\"@type\":\"ImageObject\",\"inLanguage\":\"de\",\"@id\":\"https:\/\/now-news.de\/de\/#\/schema\/logo\/image\/\",\"url\":\"http:\/\/just-now.news\/de\/wp-content\/uploads\/sites\/3\/2022\/04\/logo500x500.jpg\",\"contentUrl\":\"http:\/\/just-now.news\/de\/wp-content\/uploads\/sites\/3\/2022\/04\/logo500x500.jpg\",\"width\":500,\"height\":500,\"caption\":\"Just Now News\"},\"image\":{\"@id\":\"https:\/\/now-news.de\/de\/#\/schema\/logo\/image\/\"},\"sameAs\":[\"https:\/\/www.facebook.com\/wirmachenauf\",\"https:\/\/x.com\/WirMachenAuf_de\"]},{\"@type\":\"Person\",\"@id\":\"https:\/\/now-news.de\/de\/#\/schema\/person\/fb534a4e865501d8b3285208df34a9b5\",\"name\":\"rtnews\",\"image\":{\"@type\":\"ImageObject\",\"inLanguage\":\"de\",\"@id\":\"https:\/\/now-news.de\/de\/#\/schema\/person\/image\/\",\"url\":\"https:\/\/secure.gravatar.com\/avatar\/82aafea7d8127119dd649515f56e2117?s=96&d=mm&r=g\",\"contentUrl\":\"https:\/\/secure.gravatar.com\/avatar\/82aafea7d8127119dd649515f56e2117?s=96&d=mm&r=g\",\"caption\":\"rtnews\"},\"url\":\"https:\/\/now-news.de\/de\/author\/rnews\/\"}]}<\/script>\n<!-- \/ Yoast SEO Premium plugin. -->","yoast_head_json":{"title":"Pink-Floyd-Gr\u00fcnder Roger Waters bereit f\u00fcr Konzert in Russland - just-now.NEWS Deutschland","robots":{"index":"index","follow":"follow","max-snippet":"max-snippet:-1","max-image-preview":"max-image-preview:large","max-video-preview":"max-video-preview:-1"},"canonical":"https:\/\/now-news.de\/de\/deutschland\/pink-floyd-gruender-roger-waters-bereit-fuer-konzert-in-russland\/","og_locale":"de_DE","og_type":"article","og_title":"Pink-Floyd-Gr\u00fcnder Roger Waters bereit f\u00fcr Konzert in Russland","og_description":"Roger Waters, der Mitbegr\u00fcnder von Pink Floyd, erkl\u00e4rt in einem Interview, dass er bereit w\u00e4re, in Russland und der Ukraine aufzutreten, wenn er seine Tournee wieder aufnehmen w\u00fcrde. Er kritisiert zudem die US-Au\u00dfenpolitik und bezeichnete die Ukraine als nicht demokratisch. Roger Waters, der 81-j\u00e4hrige Mitbegr\u00fcnder der Band Pink Floyd\u00a0sowie scharfer Kritiker des US-Imperialismus und der [&hellip;]","og_url":"https:\/\/now-news.de\/de\/deutschland\/pink-floyd-gruender-roger-waters-bereit-fuer-konzert-in-russland\/","og_site_name":"just-now.NEWS Deutschland","article_publisher":"https:\/\/www.facebook.com\/wirmachenauf","article_published_time":"2024-09-12T14:05:27+00:00","og_image":[{"url":"https:\/\/now-news.de\/de\/wp-content\/uploads\/sites\/3\/2024\/09\/66e2caddb480cc145209413d.jpg"}],"author":"rtnews","twitter_card":"summary_large_image","twitter_creator":"@WirMachenAuf_de","twitter_site":"@WirMachenAuf_de","twitter_misc":{"Verfasst von":"rtnews","Gesch\u00e4tzte Lesezeit":"3\u00a0Minuten"},"schema":{"@context":"https:\/\/schema.org","@graph":[{"@type":"Article","@id":"https:\/\/now-news.de\/de\/deutschland\/pink-floyd-gruender-roger-waters-bereit-fuer-konzert-in-russland\/#article","isPartOf":{"@id":"https:\/\/now-news.de\/de\/deutschland\/pink-floyd-gruender-roger-waters-bereit-fuer-konzert-in-russland\/"},"author":{"name":"rtnews","@id":"https:\/\/now-news.de\/de\/#\/schema\/person\/fb534a4e865501d8b3285208df34a9b5"},"headline":"Pink-Floyd-Gr\u00fcnder Roger Waters bereit f\u00fcr Konzert in Russland","datePublished":"2024-09-12T14:05:27+00:00","dateModified":"2024-09-12T14:05:27+00:00","mainEntityOfPage":{"@id":"https:\/\/now-news.de\/de\/deutschland\/pink-floyd-gruender-roger-waters-bereit-fuer-konzert-in-russland\/"},"wordCount":583,"commentCount":0,"publisher":{"@id":"https:\/\/now-news.de\/de\/#organization"},"image":{"@id":"https:\/\/now-news.de\/de\/deutschland\/pink-floyd-gruender-roger-waters-bereit-fuer-konzert-in-russland\/#primaryimage"},"thumbnailUrl":"https:\/\/now-news.de\/de\/wp-content\/uploads\/sites\/3\/2024\/09\/Pink-Floyd-Gruender-Roger-Waters-bereit-fuer-Konzert-in-Russland.jpg","keywords":["bereit","f\u00fcr","Konzert","PinkFloydGr\u00fcnder","ROGER","russland","Waters"],"articleSection":["Deutschland","Russland"],"inLanguage":"de","potentialAction":[{"@type":"CommentAction","name":"Comment","target":["https:\/\/now-news.de\/de\/deutschland\/pink-floyd-gruender-roger-waters-bereit-fuer-konzert-in-russland\/#respond"]}]},{"@type":"WebPage","@id":"https:\/\/now-news.de\/de\/deutschland\/pink-floyd-gruender-roger-waters-bereit-fuer-konzert-in-russland\/","url":"https:\/\/now-news.de\/de\/deutschland\/pink-floyd-gruender-roger-waters-bereit-fuer-konzert-in-russland\/","name":"Pink-Floyd-Gr\u00fcnder Roger Waters bereit f\u00fcr Konzert in Russland - just-now.NEWS Deutschland","isPartOf":{"@id":"https:\/\/now-news.de\/de\/#website"},"primaryImageOfPage":{"@id":"https:\/\/now-news.de\/de\/deutschland\/pink-floyd-gruender-roger-waters-bereit-fuer-konzert-in-russland\/#primaryimage"},"image":{"@id":"https:\/\/now-news.de\/de\/deutschland\/pink-floyd-gruender-roger-waters-bereit-fuer-konzert-in-russland\/#primaryimage"},"thumbnailUrl":"https:\/\/now-news.de\/de\/wp-content\/uploads\/sites\/3\/2024\/09\/Pink-Floyd-Gruender-Roger-Waters-bereit-fuer-Konzert-in-Russland.jpg","datePublished":"2024-09-12T14:05:27+00:00","dateModified":"2024-09-12T14:05:27+00:00","breadcrumb":{"@id":"https:\/\/now-news.de\/de\/deutschland\/pink-floyd-gruender-roger-waters-bereit-fuer-konzert-in-russland\/#breadcrumb"},"inLanguage":"de","potentialAction":[{"@type":"ReadAction","target":["https:\/\/now-news.de\/de\/deutschland\/pink-floyd-gruender-roger-waters-bereit-fuer-konzert-in-russland\/"]}]},{"@type":"ImageObject","inLanguage":"de","@id":"https:\/\/now-news.de\/de\/deutschland\/pink-floyd-gruender-roger-waters-bereit-fuer-konzert-in-russland\/#primaryimage","url":"https:\/\/now-news.de\/de\/wp-content\/uploads\/sites\/3\/2024\/09\/Pink-Floyd-Gruender-Roger-Waters-bereit-fuer-Konzert-in-Russland.jpg","contentUrl":"https:\/\/now-news.de\/de\/wp-content\/uploads\/sites\/3\/2024\/09\/Pink-Floyd-Gruender-Roger-Waters-bereit-fuer-Konzert-in-Russland.jpg","width":460,"height":259,"caption":"Pink-Floyd-Gr\u00fcnder Roger Waters bereit f\u00fcr Konzert in Russland"},{"@type":"BreadcrumbList","@id":"https:\/\/now-news.de\/de\/deutschland\/pink-floyd-gruender-roger-waters-bereit-fuer-konzert-in-russland\/#breadcrumb","itemListElement":[{"@type":"ListItem","position":1,"name":"Home","item":"https:\/\/now-news.de\/de\/"},{"@type":"ListItem","position":2,"name":"Pink-Floyd-Gr\u00fcnder Roger Waters bereit f\u00fcr Konzert in Russland"}]},{"@type":"WebSite","@id":"https:\/\/now-news.de\/de\/#website","url":"https:\/\/now-news.de\/de\/","name":"just-now.NEWS Deutschland","description":"Das Portal f\u00fcr unzensierte Nachrichten aus der Welt","publisher":{"@id":"https:\/\/now-news.de\/de\/#organization"},"potentialAction":[{"@type":"SearchAction","target":{"@type":"EntryPoint","urlTemplate":"https:\/\/now-news.de\/de\/?s={search_term_string}"},"query-input":"required name=search_term_string"}],"inLanguage":"de"},{"@type":"Organization","@id":"https:\/\/now-news.de\/de\/#organization","name":"Just Now News","url":"https:\/\/now-news.de\/de\/","logo":{"@type":"ImageObject","inLanguage":"de","@id":"https:\/\/now-news.de\/de\/#\/schema\/logo\/image\/","url":"http:\/\/just-now.news\/de\/wp-content\/uploads\/sites\/3\/2022\/04\/logo500x500.jpg","contentUrl":"http:\/\/just-now.news\/de\/wp-content\/uploads\/sites\/3\/2022\/04\/logo500x500.jpg","width":500,"height":500,"caption":"Just Now News"},"image":{"@id":"https:\/\/now-news.de\/de\/#\/schema\/logo\/image\/"},"sameAs":["https:\/\/www.facebook.com\/wirmachenauf","https:\/\/x.com\/WirMachenAuf_de"]},{"@type":"Person","@id":"https:\/\/now-news.de\/de\/#\/schema\/person\/fb534a4e865501d8b3285208df34a9b5","name":"rtnews","image":{"@type":"ImageObject","inLanguage":"de","@id":"https:\/\/now-news.de\/de\/#\/schema\/person\/image\/","url":"https:\/\/secure.gravatar.com\/avatar\/82aafea7d8127119dd649515f56e2117?s=96&d=mm&r=g","contentUrl":"https:\/\/secure.gravatar.com\/avatar\/82aafea7d8127119dd649515f56e2117?s=96&d=mm&r=g","caption":"rtnews"},"url":"https:\/\/now-news.de\/de\/author\/rnews\/"}]}},"_links":{"self":[{"href":"https:\/\/now-news.de\/de\/wp-json\/wp\/v2\/posts\/68802"}],"collection":[{"href":"https:\/\/now-news.de\/de\/wp-json\/wp\/v2\/posts"}],"about":[{"href":"https:\/\/now-news.de\/de\/wp-json\/wp\/v2\/types\/post"}],"author":[{"embeddable":true,"href":"https:\/\/now-news.de\/de\/wp-json\/wp\/v2\/users\/3"}],"replies":[{"embeddable":true,"href":"https:\/\/now-news.de\/de\/wp-json\/wp\/v2\/comments?post=68802"}],"version-history":[{"count":0,"href":"https:\/\/now-news.de\/de\/wp-json\/wp\/v2\/posts\/68802\/revisions"}],"wp:featuredmedia":[{"embeddable":true,"href":"https:\/\/now-news.de\/de\/wp-json\/wp\/v2\/media\/68803"}],"wp:attachment":[{"href":"https:\/\/now-news.de\/de\/wp-json\/wp\/v2\/media?parent=68802"}],"wp:term":[{"taxonomy":"category","embeddable":true,"href":"https:\/\/now-news.de\/de\/wp-json\/wp\/v2\/categories?post=68802"},{"taxonomy":"post_tag","embeddable":true,"href":"https:\/\/now-news.de\/de\/wp-json\/wp\/v2\/tags?post=68802"}],"curies":[{"name":"wp","href":"https:\/\/api.w.org\/{rel}","templated":true}]}}