{"id":68796,"date":"2024-09-12T14:39:32","date_gmt":"2024-09-12T12:39:32","guid":{"rendered":"https:\/\/now-news.de\/de\/deutschland\/polnischer-aussenminister-warschau-hat-kein-interesse-die-ukraine-zu-verteidigen\/"},"modified":"2024-09-12T14:39:32","modified_gmt":"2024-09-12T12:39:32","slug":"polnischer-aussenminister-warschau-hat-kein-interesse-die-ukraine-zu-verteidigen","status":"publish","type":"post","link":"https:\/\/now-news.de\/de\/deutschland\/polnischer-aussenminister-warschau-hat-kein-interesse-die-ukraine-zu-verteidigen\/","title":{"rendered":"Polnischer Au\u00dfenminister: &quot;Warschau hat kein Interesse, die Ukraine zu verteidigen&quot;"},"content":{"rendered":"<p><img decoding=\"async\" src=\"https:\/\/now-news.de\/de\/wp-content\/uploads\/sites\/3\/2024\/09\/66e2a985b480cc1452094124.jpg\" \/><\/p>\n<div class=\"Text-root Text-type_1 \">\n                In einem Gespr\u00e4ch mit Prankstern erkl\u00e4rt Polens Au\u00dfenminister Rados\u0142aw Sikorski, dass Warschau derzeit kein Interesse habe, die Ukraine zu verteidigen. Er betont zudem, dass der EU-Beitritt der Ukraine Jahrzehnte dauern k\u00f6nnte und ein NATO-Beitritt unwahrscheinlich sei.\n            <\/div>\n<p><\/p>\n<div class=\"Text-root Text-type_5 ArticleView-text ViewText-root \">\n<p>Polens Au\u00dfenminister Rados\u0142aw Sikorski hat in einem Gespr\u00e4ch mit den Prankstern Wowan (Wladimir Kuznezow) und Lexus (Alexej Stoljarow), die sich als der ehemalige ukrainische Pr\u00e4sident Petro Poroschenko ausgaben, erkl\u00e4rt, dass Warschau derzeit kein Interesse daran habe, die Ukraine zu verteidigen. Die Prankster <a rel=\"nofollow noopener\" target=\"_blank\" href=\"https:\/\/t.me\/Russiacalling\/2104\">ver\u00f6ffentlichten<\/a> das Video auf Telegram.<\/p>\n<p><em>&#8220;Alles wird sich \u00e4ndern, wenn die Ukraine, wenn die Front zusammenbricht, dann k\u00f6nnte sich alles \u00e4ndern. Aber im Moment ist der Wille dazu gleich Null.&#8221;<\/em><\/p>\n<p>Er f\u00fcgte hinzu, dass in Polen derzeit diskutiert werde, ob russische Marschflugk\u00f6rper \u00fcber der Ukraine vom polnischen Luftraum aus abgeschossen werden sollten:<\/p>\n<p><em>&#8220;Und selbst das ist im Moment sehr umstritten. Es gibt keine Einigung dar\u00fcber, denn das w\u00fcrde bedeuten, in den Krieg einzutreten.&#8221;<\/em><\/p>\n<p>Sikorski betonte, dass Polen ukrainische Soldaten im Land ausbilde:<\/p>\n<p><em>&#8220;Wir hoffen, dass wir dieses oder n\u00e4chstes Jahr einige Brigaden f\u00fcr euch vorbereiten k\u00f6nnen. Aber polnische Soldaten in der Ukraine \u2013 das ist unm\u00f6glich.&#8221;<\/em><\/p>\n<p>Sikorski \u00e4u\u00dferte sich auch zu einer m\u00f6glichen EU- und NATO-Mitgliedschaft der Ukraine. Seiner Meinung nach k\u00f6nnte der EU-Beitrittsprozess der Ukraine Jahrzehnte dauern, da es f\u00fcr die Europ\u00e4er nachteilig sei, ein Land mit einem &#8220;wettbewerbsf\u00e4higen Agrarsektor&#8221; aufzunehmen. Ein NATO-Beitritt der Ukraine sei ebenfalls unwahrscheinlich.\u00a0Der Minister erinnerte an die vielen Schritte, die die Ukraine auf dem Weg zu einer EU-Vollmitgliedschaft durchlaufen m\u00fcsse:<\/p>\n<p><em>&#8220;Das ist ein Prozess, der ein Jahrzehnt oder l\u00e4nger dauern wird. Und der absolut schwierigste Punkt in den Verhandlungen wird die Landwirtschaft sein. Denn Ihre Landwirtschaft ist zu gut. Sie ist zu wettbewerbsf\u00e4hig. Sie haben riesige Farmen und Sie haben wirklich guten Boden.&#8221;<\/em><\/p>\n<p>Seiner Meinung nach werde der EU-Beitritt der Ukraine eine vollst\u00e4ndige \u00dcberarbeitung der Gemeinsamen Agrarpolitik erfordern, &#8220;was eine wirklich komplexe politische Herausforderung f\u00fcr die EU und die Mitgliedstaaten darstellt&#8221;.<\/p>\n<p>Im Juni 2022 verlieh die EU der Ukraine und Moldawien den Status von Beitrittskandidaten und stellte mehrere strenge Bedingungen f\u00fcr den formellen Beginn von Beitrittsverhandlungen. Seitens der EU wurde wiederholt einger\u00e4umt, dass diese Entscheidung vor allem symbolischer Natur war, um Kiew und Chisinau in ihrem Widerstand gegen Moskau zu unterst\u00fctzen.<\/p>\n<p>Allerdings bedeuten der Kandidatenstatus und ein Beginn von Verhandlungen nicht, dass das Land automatisch Mitglied der Europ\u00e4ischen Union wird und verpflichten Br\u00fcssel zu nichts. Die Zuerkennung des Kandidatenstatus ist lediglich der Beginn eines langen Prozesses auf dem Weg zur EU-Mitgliedschaft.<\/p>\n<p>Mit Blick auf die Aussichten der Ukraine auf einen NATO-Beitritt bezeichnete Sikorski die Haltung des B\u00fcndnisses als heuchlerisch. Kiew werde die Mitgliedschaft erst nach dem Ende des Konflikts in Aussicht gestellt, zu einem Zeitpunkt also, an dem es diese nicht mehr brauche.<em><br \/><\/em><\/p>\n<p><em>&#8220;Ich glaube, dass einige unserer westeurop\u00e4ischen Freunde die Idee eines NATO-Beitritts der Ukraine als Verhandlungsmasse gegen\u00fcber Russland nutzen, was ja nicht schlecht ist \u2013 &#8216;zieht euch aus der Ukraine zur\u00fcck und wir versprechen euch, dass die Ukraine nicht in die NATO aufgenommen wird&#8217;. Und wenn ihr eure Truppen nicht abzieht, frieren wir den Konflikt ein, und der Rest der Ukraine wird in die NATO aufgenommen. Vielleicht kalkulieren sie so.&#8221;<\/em><\/p>\n<p>Au\u00dferdem r\u00e4umte der polnische Au\u00dfenminister ein, dass die Interessen der USA und der Ukraine nicht \u00fcbereinstimmen und Washington &#8220;die Situation nicht schleifen lassen kann&#8221;, um\u00a0in den Augen seiner Verb\u00fcndeten nicht an Autorit\u00e4t zu verlieren:<\/p>\n<p><em>&#8220;Sie wissen, dass die Interessen der Vereinigten Staaten und die der Ukraine nicht \u00fcbereinstimmen, aber die Amerikaner wissen, dass ihre Glaubw\u00fcrdigkeit auf dem Spiel steht. Weder diese noch die n\u00e4chste US-Regierung kann die Situation ignorieren, da dies ihren Ruf bei allen Verb\u00fcndeten beeintr\u00e4chtigen w\u00fcrde.&#8221;<\/em><\/p>\n<p>Zudem meinte Sikorski, dass der US-Pr\u00e4sidentschaftskandidat Donald Trump Russland mit einer Eskalation drohen werde, um den Ukraine-Konflikt zu l\u00f6sen:<\/p>\n<p><em>&#8220;Ich spreche mit Leuten aus Trumps Team und sie sagen mir, dass sie nicht wissen, was Trump tats\u00e4chlich tun wird. Aber sie sagen, dass Trump dem russischen Pr\u00e4sidenten Wladimir Putin mit einer Eskalation drohen wird, um einen besseren Deal zu erzielen. Ich gebe nur das weiter, was man mir gesagt hat.&#8221;<\/p>\n<p><\/em><strong>Mehr zum Thema <\/strong>\u2013\u00a0<strong><\/strong><a rel=\"nofollow noopener\" target=\"_blank\" href=\"https:\/\/freedert.online\/international\/218542-medien-aufstellung-ukrainischen-legion-in-polen-gescheitert\/\">Medien: Aufstellung der Ukrainischen Legion in Polen gescheitert<\/a><\/p>\n<p>Die Folge in voller L\u00e4nge und englischer Sprache gibt es auf\u00a0<a rel=\"nofollow noopener\" target=\"_blank\" href=\"https:\/\/rutube.ru\/video\/7395286ba80e8716eaca21f623ae7045\/\">Rutube<\/a>\u00a0und\u00a0<a rel=\"nofollow noopener\" target=\"_blank\" href=\"https:\/\/rumble.com\/v5ekvoq-prank-with-radoslaw-sikorskiy.html\">Rumble<\/a>.<em><br \/><\/em><\/p>\n<\/div>\n<p><br \/>\n<br \/><a href=\"https:\/\/de.rt.com\/international\/218943-polnischer-aussenminister-warschau-hat-kein-interesse-die-ukraine-zu-verteidigen\/\">Source link <\/a><\/p>\n","protected":false},"excerpt":{"rendered":"<p>In einem Gespr\u00e4ch mit Prankstern erkl\u00e4rt Polens Au\u00dfenminister Rados\u0142aw Sikorski, dass Warschau derzeit kein Interesse habe, die Ukraine zu verteidigen. Er betont zudem, dass der EU-Beitritt der Ukraine Jahrzehnte dauern k\u00f6nnte und ein NATO-Beitritt unwahrscheinlich sei. Polens Au\u00dfenminister Rados\u0142aw Sikorski hat in einem Gespr\u00e4ch mit den Prankstern Wowan (Wladimir Kuznezow) und Lexus (Alexej Stoljarow), die [&hellip;]<\/p>\n","protected":false},"author":3,"featured_media":68797,"comment_status":"open","ping_status":"open","sticky":false,"template":"","format":"standard","meta":{"_yoast_indexnow_last_ping":["1726145451"],"wp_automatic_camp":["217"],"46d1d599728c46fe19a92c9ee6a7e465":["Polnischer Au\u00dfenminister: &quot;Warschau hat kein Interesse, die Ukraine zu verteidigen&quot;"],"original_link":["https:\/\/de.rt.com\/international\/218943-polnischer-aussenminister-warschau-hat-kein-interesse-die-ukraine-zu-verteidigen\/"],"_thumbnail_id":["68797"],"jnews_social_counter_last_update":["1777722900"],"_wptgpro_p2tg_sent2tg":["a:1:{i:23737;s:19:\"2024-09-12 14:51:56\";}"]},"categories":[19,23],"tags":[13830,45,423,19855,2030,19459,58488,127,24591],"yoast_head":"<!-- This site is optimized with the Yoast SEO Premium plugin v22.7 (Yoast SEO v22.7) - https:\/\/yoast.com\/wordpress\/plugins\/seo\/ -->\n<title>Polnischer Au\u00dfenminister: &quot;Warschau hat kein Interesse, die Ukraine zu verteidigen&quot; - just-now.NEWS Deutschland<\/title>\n<meta name=\"robots\" content=\"index, follow, max-snippet:-1, max-image-preview:large, max-video-preview:-1\" \/>\n<link rel=\"canonical\" href=\"https:\/\/now-news.de\/de\/deutschland\/polnischer-aussenminister-warschau-hat-kein-interesse-die-ukraine-zu-verteidigen\/\" \/>\n<meta property=\"og:locale\" content=\"de_DE\" \/>\n<meta property=\"og:type\" content=\"article\" \/>\n<meta property=\"og:title\" content=\"Polnischer Au\u00dfenminister: &quot;Warschau hat kein Interesse, die Ukraine zu verteidigen&quot;\" \/>\n<meta property=\"og:description\" content=\"In einem Gespr\u00e4ch mit Prankstern erkl\u00e4rt Polens Au\u00dfenminister Rados\u0142aw Sikorski, dass Warschau derzeit kein Interesse habe, die Ukraine zu verteidigen. Er betont zudem, dass der EU-Beitritt der Ukraine Jahrzehnte dauern k\u00f6nnte und ein NATO-Beitritt unwahrscheinlich sei. Polens Au\u00dfenminister Rados\u0142aw Sikorski hat in einem Gespr\u00e4ch mit den Prankstern Wowan (Wladimir Kuznezow) und Lexus (Alexej Stoljarow), die [&hellip;]\" \/>\n<meta property=\"og:url\" content=\"https:\/\/now-news.de\/de\/deutschland\/polnischer-aussenminister-warschau-hat-kein-interesse-die-ukraine-zu-verteidigen\/\" \/>\n<meta property=\"og:site_name\" content=\"just-now.NEWS Deutschland\" \/>\n<meta property=\"article:publisher\" content=\"https:\/\/www.facebook.com\/wirmachenauf\" \/>\n<meta property=\"article:published_time\" content=\"2024-09-12T12:39:32+00:00\" \/>\n<meta property=\"og:image\" content=\"https:\/\/now-news.de\/de\/wp-content\/uploads\/sites\/3\/2024\/09\/66e2a985b480cc1452094124.jpg\" \/>\n<meta name=\"author\" content=\"rtnews\" \/>\n<meta name=\"twitter:card\" content=\"summary_large_image\" \/>\n<meta name=\"twitter:creator\" content=\"@WirMachenAuf_de\" \/>\n<meta name=\"twitter:site\" content=\"@WirMachenAuf_de\" \/>\n<meta name=\"twitter:label1\" content=\"Verfasst von\" \/>\n\t<meta name=\"twitter:data1\" content=\"rtnews\" \/>\n\t<meta name=\"twitter:label2\" content=\"Gesch\u00e4tzte Lesezeit\" \/>\n\t<meta name=\"twitter:data2\" content=\"4\u00a0Minuten\" \/>\n<script type=\"application\/ld+json\" class=\"yoast-schema-graph\">{\"@context\":\"https:\/\/schema.org\",\"@graph\":[{\"@type\":\"Article\",\"@id\":\"https:\/\/now-news.de\/de\/deutschland\/polnischer-aussenminister-warschau-hat-kein-interesse-die-ukraine-zu-verteidigen\/#article\",\"isPartOf\":{\"@id\":\"https:\/\/now-news.de\/de\/deutschland\/polnischer-aussenminister-warschau-hat-kein-interesse-die-ukraine-zu-verteidigen\/\"},\"author\":{\"name\":\"rtnews\",\"@id\":\"https:\/\/now-news.de\/de\/#\/schema\/person\/fb534a4e865501d8b3285208df34a9b5\"},\"headline\":\"Polnischer Au\u00dfenminister: &quot;Warschau hat kein Interesse, die Ukraine zu verteidigen&quot;\",\"datePublished\":\"2024-09-12T12:39:32+00:00\",\"dateModified\":\"2024-09-12T12:39:32+00:00\",\"mainEntityOfPage\":{\"@id\":\"https:\/\/now-news.de\/de\/deutschland\/polnischer-aussenminister-warschau-hat-kein-interesse-die-ukraine-zu-verteidigen\/\"},\"wordCount\":759,\"commentCount\":0,\"publisher\":{\"@id\":\"https:\/\/now-news.de\/de\/#organization\"},\"image\":{\"@id\":\"https:\/\/now-news.de\/de\/deutschland\/polnischer-aussenminister-warschau-hat-kein-interesse-die-ukraine-zu-verteidigen\/#primaryimage\"},\"thumbnailUrl\":\"https:\/\/now-news.de\/de\/wp-content\/uploads\/sites\/3\/2024\/09\/Polnischer-Aussenminister-quotWarschau-hat-kein-Interesse-die-Ukraine-zu-verteidigenquot.jpg\",\"keywords\":[\"Au\u00dfenminister\",\"die\",\"hat\",\"Interesse\",\"Kein\",\"Polnischer\",\"quotWarschau\",\"ukraine\",\"verteidigenquot\"],\"articleSection\":[\"Deutschland\",\"Russland\"],\"inLanguage\":\"de\",\"potentialAction\":[{\"@type\":\"CommentAction\",\"name\":\"Comment\",\"target\":[\"https:\/\/now-news.de\/de\/deutschland\/polnischer-aussenminister-warschau-hat-kein-interesse-die-ukraine-zu-verteidigen\/#respond\"]}]},{\"@type\":\"WebPage\",\"@id\":\"https:\/\/now-news.de\/de\/deutschland\/polnischer-aussenminister-warschau-hat-kein-interesse-die-ukraine-zu-verteidigen\/\",\"url\":\"https:\/\/now-news.de\/de\/deutschland\/polnischer-aussenminister-warschau-hat-kein-interesse-die-ukraine-zu-verteidigen\/\",\"name\":\"Polnischer Au\u00dfenminister: &quot;Warschau hat kein Interesse, die Ukraine zu verteidigen&quot; - just-now.NEWS Deutschland\",\"isPartOf\":{\"@id\":\"https:\/\/now-news.de\/de\/#website\"},\"primaryImageOfPage\":{\"@id\":\"https:\/\/now-news.de\/de\/deutschland\/polnischer-aussenminister-warschau-hat-kein-interesse-die-ukraine-zu-verteidigen\/#primaryimage\"},\"image\":{\"@id\":\"https:\/\/now-news.de\/de\/deutschland\/polnischer-aussenminister-warschau-hat-kein-interesse-die-ukraine-zu-verteidigen\/#primaryimage\"},\"thumbnailUrl\":\"https:\/\/now-news.de\/de\/wp-content\/uploads\/sites\/3\/2024\/09\/Polnischer-Aussenminister-quotWarschau-hat-kein-Interesse-die-Ukraine-zu-verteidigenquot.jpg\",\"datePublished\":\"2024-09-12T12:39:32+00:00\",\"dateModified\":\"2024-09-12T12:39:32+00:00\",\"breadcrumb\":{\"@id\":\"https:\/\/now-news.de\/de\/deutschland\/polnischer-aussenminister-warschau-hat-kein-interesse-die-ukraine-zu-verteidigen\/#breadcrumb\"},\"inLanguage\":\"de\",\"potentialAction\":[{\"@type\":\"ReadAction\",\"target\":[\"https:\/\/now-news.de\/de\/deutschland\/polnischer-aussenminister-warschau-hat-kein-interesse-die-ukraine-zu-verteidigen\/\"]}]},{\"@type\":\"ImageObject\",\"inLanguage\":\"de\",\"@id\":\"https:\/\/now-news.de\/de\/deutschland\/polnischer-aussenminister-warschau-hat-kein-interesse-die-ukraine-zu-verteidigen\/#primaryimage\",\"url\":\"https:\/\/now-news.de\/de\/wp-content\/uploads\/sites\/3\/2024\/09\/Polnischer-Aussenminister-quotWarschau-hat-kein-Interesse-die-Ukraine-zu-verteidigenquot.jpg\",\"contentUrl\":\"https:\/\/now-news.de\/de\/wp-content\/uploads\/sites\/3\/2024\/09\/Polnischer-Aussenminister-quotWarschau-hat-kein-Interesse-die-Ukraine-zu-verteidigenquot.jpg\",\"width\":460,\"height\":259,\"caption\":\"Polnischer Au\u00dfenminister: &quot;Warschau hat kein Interesse, die Ukraine zu verteidigen&quot;\"},{\"@type\":\"BreadcrumbList\",\"@id\":\"https:\/\/now-news.de\/de\/deutschland\/polnischer-aussenminister-warschau-hat-kein-interesse-die-ukraine-zu-verteidigen\/#breadcrumb\",\"itemListElement\":[{\"@type\":\"ListItem\",\"position\":1,\"name\":\"Home\",\"item\":\"https:\/\/now-news.de\/de\/\"},{\"@type\":\"ListItem\",\"position\":2,\"name\":\"Polnischer Au\u00dfenminister: &quot;Warschau hat kein Interesse, die Ukraine zu verteidigen&quot;\"}]},{\"@type\":\"WebSite\",\"@id\":\"https:\/\/now-news.de\/de\/#website\",\"url\":\"https:\/\/now-news.de\/de\/\",\"name\":\"just-now.NEWS Deutschland\",\"description\":\"Das Portal f\u00fcr unzensierte Nachrichten aus der Welt\",\"publisher\":{\"@id\":\"https:\/\/now-news.de\/de\/#organization\"},\"potentialAction\":[{\"@type\":\"SearchAction\",\"target\":{\"@type\":\"EntryPoint\",\"urlTemplate\":\"https:\/\/now-news.de\/de\/?s={search_term_string}\"},\"query-input\":\"required name=search_term_string\"}],\"inLanguage\":\"de\"},{\"@type\":\"Organization\",\"@id\":\"https:\/\/now-news.de\/de\/#organization\",\"name\":\"Just Now News\",\"url\":\"https:\/\/now-news.de\/de\/\",\"logo\":{\"@type\":\"ImageObject\",\"inLanguage\":\"de\",\"@id\":\"https:\/\/now-news.de\/de\/#\/schema\/logo\/image\/\",\"url\":\"http:\/\/just-now.news\/de\/wp-content\/uploads\/sites\/3\/2022\/04\/logo500x500.jpg\",\"contentUrl\":\"http:\/\/just-now.news\/de\/wp-content\/uploads\/sites\/3\/2022\/04\/logo500x500.jpg\",\"width\":500,\"height\":500,\"caption\":\"Just Now News\"},\"image\":{\"@id\":\"https:\/\/now-news.de\/de\/#\/schema\/logo\/image\/\"},\"sameAs\":[\"https:\/\/www.facebook.com\/wirmachenauf\",\"https:\/\/x.com\/WirMachenAuf_de\"]},{\"@type\":\"Person\",\"@id\":\"https:\/\/now-news.de\/de\/#\/schema\/person\/fb534a4e865501d8b3285208df34a9b5\",\"name\":\"rtnews\",\"image\":{\"@type\":\"ImageObject\",\"inLanguage\":\"de\",\"@id\":\"https:\/\/now-news.de\/de\/#\/schema\/person\/image\/\",\"url\":\"https:\/\/secure.gravatar.com\/avatar\/82aafea7d8127119dd649515f56e2117?s=96&d=mm&r=g\",\"contentUrl\":\"https:\/\/secure.gravatar.com\/avatar\/82aafea7d8127119dd649515f56e2117?s=96&d=mm&r=g\",\"caption\":\"rtnews\"},\"url\":\"https:\/\/now-news.de\/de\/author\/rnews\/\"}]}<\/script>\n<!-- \/ Yoast SEO Premium plugin. -->","yoast_head_json":{"title":"Polnischer Au\u00dfenminister: &quot;Warschau hat kein Interesse, die Ukraine zu verteidigen&quot; - just-now.NEWS Deutschland","robots":{"index":"index","follow":"follow","max-snippet":"max-snippet:-1","max-image-preview":"max-image-preview:large","max-video-preview":"max-video-preview:-1"},"canonical":"https:\/\/now-news.de\/de\/deutschland\/polnischer-aussenminister-warschau-hat-kein-interesse-die-ukraine-zu-verteidigen\/","og_locale":"de_DE","og_type":"article","og_title":"Polnischer Au\u00dfenminister: &quot;Warschau hat kein Interesse, die Ukraine zu verteidigen&quot;","og_description":"In einem Gespr\u00e4ch mit Prankstern erkl\u00e4rt Polens Au\u00dfenminister Rados\u0142aw Sikorski, dass Warschau derzeit kein Interesse habe, die Ukraine zu verteidigen. Er betont zudem, dass der EU-Beitritt der Ukraine Jahrzehnte dauern k\u00f6nnte und ein NATO-Beitritt unwahrscheinlich sei. Polens Au\u00dfenminister Rados\u0142aw Sikorski hat in einem Gespr\u00e4ch mit den Prankstern Wowan (Wladimir Kuznezow) und Lexus (Alexej Stoljarow), die [&hellip;]","og_url":"https:\/\/now-news.de\/de\/deutschland\/polnischer-aussenminister-warschau-hat-kein-interesse-die-ukraine-zu-verteidigen\/","og_site_name":"just-now.NEWS Deutschland","article_publisher":"https:\/\/www.facebook.com\/wirmachenauf","article_published_time":"2024-09-12T12:39:32+00:00","og_image":[{"url":"https:\/\/now-news.de\/de\/wp-content\/uploads\/sites\/3\/2024\/09\/66e2a985b480cc1452094124.jpg"}],"author":"rtnews","twitter_card":"summary_large_image","twitter_creator":"@WirMachenAuf_de","twitter_site":"@WirMachenAuf_de","twitter_misc":{"Verfasst von":"rtnews","Gesch\u00e4tzte Lesezeit":"4\u00a0Minuten"},"schema":{"@context":"https:\/\/schema.org","@graph":[{"@type":"Article","@id":"https:\/\/now-news.de\/de\/deutschland\/polnischer-aussenminister-warschau-hat-kein-interesse-die-ukraine-zu-verteidigen\/#article","isPartOf":{"@id":"https:\/\/now-news.de\/de\/deutschland\/polnischer-aussenminister-warschau-hat-kein-interesse-die-ukraine-zu-verteidigen\/"},"author":{"name":"rtnews","@id":"https:\/\/now-news.de\/de\/#\/schema\/person\/fb534a4e865501d8b3285208df34a9b5"},"headline":"Polnischer Au\u00dfenminister: &quot;Warschau hat kein Interesse, die Ukraine zu verteidigen&quot;","datePublished":"2024-09-12T12:39:32+00:00","dateModified":"2024-09-12T12:39:32+00:00","mainEntityOfPage":{"@id":"https:\/\/now-news.de\/de\/deutschland\/polnischer-aussenminister-warschau-hat-kein-interesse-die-ukraine-zu-verteidigen\/"},"wordCount":759,"commentCount":0,"publisher":{"@id":"https:\/\/now-news.de\/de\/#organization"},"image":{"@id":"https:\/\/now-news.de\/de\/deutschland\/polnischer-aussenminister-warschau-hat-kein-interesse-die-ukraine-zu-verteidigen\/#primaryimage"},"thumbnailUrl":"https:\/\/now-news.de\/de\/wp-content\/uploads\/sites\/3\/2024\/09\/Polnischer-Aussenminister-quotWarschau-hat-kein-Interesse-die-Ukraine-zu-verteidigenquot.jpg","keywords":["Au\u00dfenminister","die","hat","Interesse","Kein","Polnischer","quotWarschau","ukraine","verteidigenquot"],"articleSection":["Deutschland","Russland"],"inLanguage":"de","potentialAction":[{"@type":"CommentAction","name":"Comment","target":["https:\/\/now-news.de\/de\/deutschland\/polnischer-aussenminister-warschau-hat-kein-interesse-die-ukraine-zu-verteidigen\/#respond"]}]},{"@type":"WebPage","@id":"https:\/\/now-news.de\/de\/deutschland\/polnischer-aussenminister-warschau-hat-kein-interesse-die-ukraine-zu-verteidigen\/","url":"https:\/\/now-news.de\/de\/deutschland\/polnischer-aussenminister-warschau-hat-kein-interesse-die-ukraine-zu-verteidigen\/","name":"Polnischer Au\u00dfenminister: &quot;Warschau hat kein Interesse, die Ukraine zu verteidigen&quot; - just-now.NEWS Deutschland","isPartOf":{"@id":"https:\/\/now-news.de\/de\/#website"},"primaryImageOfPage":{"@id":"https:\/\/now-news.de\/de\/deutschland\/polnischer-aussenminister-warschau-hat-kein-interesse-die-ukraine-zu-verteidigen\/#primaryimage"},"image":{"@id":"https:\/\/now-news.de\/de\/deutschland\/polnischer-aussenminister-warschau-hat-kein-interesse-die-ukraine-zu-verteidigen\/#primaryimage"},"thumbnailUrl":"https:\/\/now-news.de\/de\/wp-content\/uploads\/sites\/3\/2024\/09\/Polnischer-Aussenminister-quotWarschau-hat-kein-Interesse-die-Ukraine-zu-verteidigenquot.jpg","datePublished":"2024-09-12T12:39:32+00:00","dateModified":"2024-09-12T12:39:32+00:00","breadcrumb":{"@id":"https:\/\/now-news.de\/de\/deutschland\/polnischer-aussenminister-warschau-hat-kein-interesse-die-ukraine-zu-verteidigen\/#breadcrumb"},"inLanguage":"de","potentialAction":[{"@type":"ReadAction","target":["https:\/\/now-news.de\/de\/deutschland\/polnischer-aussenminister-warschau-hat-kein-interesse-die-ukraine-zu-verteidigen\/"]}]},{"@type":"ImageObject","inLanguage":"de","@id":"https:\/\/now-news.de\/de\/deutschland\/polnischer-aussenminister-warschau-hat-kein-interesse-die-ukraine-zu-verteidigen\/#primaryimage","url":"https:\/\/now-news.de\/de\/wp-content\/uploads\/sites\/3\/2024\/09\/Polnischer-Aussenminister-quotWarschau-hat-kein-Interesse-die-Ukraine-zu-verteidigenquot.jpg","contentUrl":"https:\/\/now-news.de\/de\/wp-content\/uploads\/sites\/3\/2024\/09\/Polnischer-Aussenminister-quotWarschau-hat-kein-Interesse-die-Ukraine-zu-verteidigenquot.jpg","width":460,"height":259,"caption":"Polnischer Au\u00dfenminister: &quot;Warschau hat kein Interesse, die Ukraine zu verteidigen&quot;"},{"@type":"BreadcrumbList","@id":"https:\/\/now-news.de\/de\/deutschland\/polnischer-aussenminister-warschau-hat-kein-interesse-die-ukraine-zu-verteidigen\/#breadcrumb","itemListElement":[{"@type":"ListItem","position":1,"name":"Home","item":"https:\/\/now-news.de\/de\/"},{"@type":"ListItem","position":2,"name":"Polnischer Au\u00dfenminister: &quot;Warschau hat kein Interesse, die Ukraine zu verteidigen&quot;"}]},{"@type":"WebSite","@id":"https:\/\/now-news.de\/de\/#website","url":"https:\/\/now-news.de\/de\/","name":"just-now.NEWS Deutschland","description":"Das Portal f\u00fcr unzensierte Nachrichten aus der Welt","publisher":{"@id":"https:\/\/now-news.de\/de\/#organization"},"potentialAction":[{"@type":"SearchAction","target":{"@type":"EntryPoint","urlTemplate":"https:\/\/now-news.de\/de\/?s={search_term_string}"},"query-input":"required name=search_term_string"}],"inLanguage":"de"},{"@type":"Organization","@id":"https:\/\/now-news.de\/de\/#organization","name":"Just Now News","url":"https:\/\/now-news.de\/de\/","logo":{"@type":"ImageObject","inLanguage":"de","@id":"https:\/\/now-news.de\/de\/#\/schema\/logo\/image\/","url":"http:\/\/just-now.news\/de\/wp-content\/uploads\/sites\/3\/2022\/04\/logo500x500.jpg","contentUrl":"http:\/\/just-now.news\/de\/wp-content\/uploads\/sites\/3\/2022\/04\/logo500x500.jpg","width":500,"height":500,"caption":"Just Now News"},"image":{"@id":"https:\/\/now-news.de\/de\/#\/schema\/logo\/image\/"},"sameAs":["https:\/\/www.facebook.com\/wirmachenauf","https:\/\/x.com\/WirMachenAuf_de"]},{"@type":"Person","@id":"https:\/\/now-news.de\/de\/#\/schema\/person\/fb534a4e865501d8b3285208df34a9b5","name":"rtnews","image":{"@type":"ImageObject","inLanguage":"de","@id":"https:\/\/now-news.de\/de\/#\/schema\/person\/image\/","url":"https:\/\/secure.gravatar.com\/avatar\/82aafea7d8127119dd649515f56e2117?s=96&d=mm&r=g","contentUrl":"https:\/\/secure.gravatar.com\/avatar\/82aafea7d8127119dd649515f56e2117?s=96&d=mm&r=g","caption":"rtnews"},"url":"https:\/\/now-news.de\/de\/author\/rnews\/"}]}},"_links":{"self":[{"href":"https:\/\/now-news.de\/de\/wp-json\/wp\/v2\/posts\/68796"}],"collection":[{"href":"https:\/\/now-news.de\/de\/wp-json\/wp\/v2\/posts"}],"about":[{"href":"https:\/\/now-news.de\/de\/wp-json\/wp\/v2\/types\/post"}],"author":[{"embeddable":true,"href":"https:\/\/now-news.de\/de\/wp-json\/wp\/v2\/users\/3"}],"replies":[{"embeddable":true,"href":"https:\/\/now-news.de\/de\/wp-json\/wp\/v2\/comments?post=68796"}],"version-history":[{"count":0,"href":"https:\/\/now-news.de\/de\/wp-json\/wp\/v2\/posts\/68796\/revisions"}],"wp:featuredmedia":[{"embeddable":true,"href":"https:\/\/now-news.de\/de\/wp-json\/wp\/v2\/media\/68797"}],"wp:attachment":[{"href":"https:\/\/now-news.de\/de\/wp-json\/wp\/v2\/media?parent=68796"}],"wp:term":[{"taxonomy":"category","embeddable":true,"href":"https:\/\/now-news.de\/de\/wp-json\/wp\/v2\/categories?post=68796"},{"taxonomy":"post_tag","embeddable":true,"href":"https:\/\/now-news.de\/de\/wp-json\/wp\/v2\/tags?post=68796"}],"curies":[{"name":"wp","href":"https:\/\/api.w.org\/{rel}","templated":true}]}}