{"id":68794,"date":"2024-09-12T14:19:35","date_gmt":"2024-09-12T12:19:35","guid":{"rendered":"https:\/\/now-news.de\/de\/deutschland\/reuters-fragt-un-chef-guterres-nach-notfallplan-fuer-den-fall-von-trumps-wiederwahl\/"},"modified":"2024-09-12T14:19:35","modified_gmt":"2024-09-12T12:19:35","slug":"reuters-fragt-un-chef-guterres-nach-notfallplan-fuer-den-fall-von-trumps-wiederwahl","status":"publish","type":"post","link":"https:\/\/now-news.de\/de\/deutschland\/reuters-fragt-un-chef-guterres-nach-notfallplan-fuer-den-fall-von-trumps-wiederwahl\/","title":{"rendered":"Reuters fragt UN-Chef Guterres nach &quot;Notfallplan&quot; f\u00fcr den Fall von Trumps Wiederwahl"},"content":{"rendered":"<p><img decoding=\"async\" src=\"https:\/\/now-news.de\/de\/wp-content\/uploads\/sites\/3\/2024\/09\/66e2d3ec48fbef082346d9d1.jpg\" \/><\/p>\n<div class=\"Text-root Text-type_1 \">\n                In einem Reuters-Interview warnte der UN-Generalsekret\u00e4r vor den Folgen einer potenziellen zweiten Pr\u00e4sidentschaft von Donald Trump. Mittels eines &#8220;Notfallplans&#8221; w\u00fcrden die UN sich auf die Verteidigung ihrer Werte vorbereiten. Klimaschutz und Frauenrechte st\u00fcnden bei Trump auf dem Spiel\n            <\/div>\n<p><\/p>\n<div class=\"Text-root Text-type_5 ArticleView-text ViewText-root \">\n<p>Am Mittwoch f\u00fchrte die britische Nachrichtenagentur\u00a0<em>Reuters<\/em>\u00a0ein\u00a0<a rel=\"nofollow noopener\" target=\"_blank\" href=\"https:\/\/www.reuters.com\/world\/middle-east\/un-chief-says-lack-accountability-un-staff-killings-gaza-unacceptable-2024-09-11\/\">ausf\u00fchrliches Interview<\/a>\u00a0mit dem UN-Generalsekret\u00e4r Antonio Guterres. Neben anderen Themen befragte\u00a0<em>Reuters<\/em>\u00a0den UN-Chef auch nach seiner Meinung zu den Pr\u00e4sidentschaftswahlen in den USA. In einem am Donnerstag ver\u00f6ffentlichten Kommentar \u00fcber das Interview verarbeitete und kommentierte\u00a0<em>Reuters<\/em>\u00a0auch Guterres Aussagen zu einer potenziellen Trump-Pr\u00e4sidentschaft.<\/p>\n<p>Guterres&#8217; erste f\u00fcnfj\u00e4hrige Amtszeit als Generalsekret\u00e4r sei mit der US-Pr\u00e4sidentschaft von Donald Trump zusammengefallen. Dabei habe Trump die Mittel f\u00fcr die internationale Organisation und die UN selbst als schwach und inkompetent bezeichnet, erinnerte\u00a0<em>Reuters<\/em>\u00a0an Trumps Haltung zu den Vereinten Nationen.<\/p>\n<p>Nun sei Trump erneut republikanischer Pr\u00e4sidentschaftskandidat und werde bei der Wahl am 5. November gegen die demokratische Vizepr\u00e4sidentin Kamala Harris antreten. Ob die Weltorganisation einen Notfallplan f\u00fcr eine m\u00f6gliche zweite Trump-Regierung habe, fragte\u00a0<em>Reuters<\/em>\u00a0den UN-Generalsekret\u00e4r. Die Antwort fiel m\u00f6glicherweise etwas zweideutig aus. Guterres offenbarte:<\/p>\n<blockquote>\n<p><em>&#8220;Wir sind bereit, unter allen Umst\u00e4nden f\u00fcr die Verteidigung der Werte der Gr\u00fcndungsurkunde der UNO und der Werte der UNO zu arbeiten.&#8221;<\/em><\/p>\n<\/blockquote>\n<p><em>Reuters<\/em>\u00a0erinnerte auch daran, dass die USA w\u00e4hrend Trumps erster Amtszeit aus dem Pariser Abkommen, einem internationalen Pakt zur Bek\u00e4mpfung des Klimawandels, ausgetreten seien. Trump habe in seiner aktuellen Wahlkampagne schon erkl\u00e4rt, dass er dies im Falle seines Sieges im November wieder tun w\u00fcrde. Dabei seien &#8220;die USA derzeit ein vollwertiger Teilnehmer des Abkommens, nachdem Pr\u00e4sident Joe Biden im Jahr 2021 schnell wieder beigetreten ist.&#8221; Bei einer zweiten Amtszeit von Trump werde der internationale Klimawandel-Vertrag nur in abgeschw\u00e4chter Form \u00fcberleben, warnte Guterres vor den Folgen eines Trump-Sieges:<\/p>\n<blockquote>\n<p><em>&#8220;Er wird \u00fcberleben. Aber nat\u00fcrlich wird es wahrscheinlich stark unterminiert \u00fcberleben.&#8221;<\/em><\/p>\n<\/blockquote>\n<p>F\u00fcr den Fall seiner Wiederwahl habe Trump bereits angek\u00fcndigt, erneut aus dem Pariser Abkommen auszutreten. Antonio Guterres sei die Bek\u00e4mpfung des\u00a0 Klimawandels aber wichtig, so\u00a0<em>Reuters<\/em>. Der Agentur zufolge setze sich Guterres seit langem f\u00fcr st\u00e4rkere Ma\u00dfnahmen zur Bek\u00e4mpfung des Klimawandels ein.<\/p>\n<p>Schlie\u00dflich verteidigte Antonio Guterres noch das Abtreibungsrecht. Das Recht auf Abtreibung sei schlie\u00dflich ein zentrales Thema bei den US-Wahlen. Insofern sei die Stimme der USA bei den Vereinten Nationen &#8220;offensichtlich sehr wichtig, wenn es um die sexuellen und reproduktiven Rechte von Frauen sowie um ihre Gesundheit gehe&#8221;, gab Reuters die Aussage des UN-Chefs wieder. Doch unter Trumps Pr\u00e4sidentschaft lehnten die USA seit langem vereinbarte internationale Formulierungen zu den sexuellen und reproduktiven Rechten und der Gesundheit von Frauen in UN-Resolutionen ab, weil sie bef\u00fcrchteten, dass dadurch Abtreibungsrechte gef\u00f6rdert w\u00fcrden.<\/p>\n<p>Trump habe 2017 auch die Mittel f\u00fcr den UN-Bev\u00f6lkerungsfonds gestrichen. Er sei \u00fcberzeugt, dass dieses UN-Programm &#8220;ein Programm zur Zwangsabtreibung oder unfreiwilligen Sterilisation unterst\u00fctzt oder sich an der Durchf\u00fchrung eines solchen Programms beteiligt.&#8221; Die Vereinten Nationen erkl\u00e4rten dies als unzutreffend.<\/p>\n<p><strong>Mehr zum Thema<\/strong> &#8211;\u00a0<a rel=\"nofollow noopener\" target=\"_blank\" href=\"https:\/\/dert.online\/meinung\/218480-wahlen-in-vereinigten-staaten-werden\/\">Die Wahlen in den Vereinigten Staaten werden entscheiden, ob es einen Weltkrieg geben wird<\/a>\u00a0<\/p>\n<div class=\"EmbedBlock-root EmbedBlock-externalVideo EmbedBlock-rumble\">\n<div class=\"VkEmbed\"><iframe class=\"lazyload\" data-src=\"https:\/\/rumble.com\/embed\/v5c7eej\" frameborder=\"0\" width=\"853\" height=\"480\" allowfullscreen><\/iframe><\/div>\n<\/div>\n<p>\u00a0<\/p>\n<\/div>\n<p><br \/>\n<br \/><a href=\"https:\/\/de.rt.com\/nordamerika\/218963-reuters-fragt-un-chef-guterres\/\">Source link <\/a><\/p>\n","protected":false},"excerpt":{"rendered":"<p>In einem Reuters-Interview warnte der UN-Generalsekret\u00e4r vor den Folgen einer potenziellen zweiten Pr\u00e4sidentschaft von Donald Trump. Mittels eines &#8220;Notfallplans&#8221; w\u00fcrden die UN sich auf die Verteidigung ihrer Werte vorbereiten. Klimaschutz und Frauenrechte st\u00fcnden bei Trump auf dem Spiel Am Mittwoch f\u00fchrte die britische Nachrichtenagentur\u00a0Reuters\u00a0ein\u00a0ausf\u00fchrliches Interview\u00a0mit dem UN-Generalsekret\u00e4r Antonio Guterres. Neben anderen Themen befragte\u00a0Reuters\u00a0den UN-Chef auch [&hellip;]<\/p>\n","protected":false},"author":3,"featured_media":68795,"comment_status":"open","ping_status":"open","sticky":false,"template":"","format":"standard","meta":{"_yoast_indexnow_last_ping":["1726144493"],"wp_automatic_camp":["217"],"edafbdd4aa665392b85ccc7677b20208":["Reuters fragt UN-Chef Guterres nach &quot;Notfallplan&quot; f\u00fcr den Fall von Trumps Wiederwahl"],"original_link":["https:\/\/de.rt.com\/nordamerika\/218963-reuters-fragt-un-chef-guterres\/"],"_thumbnail_id":["68795"],"jnews_social_counter_last_update":["1777230778"],"_wptgpro_p2tg_sent2tg":["a:1:{i:23737;s:19:\"2024-09-12 14:35:56\";}"]},"categories":[19,23],"tags":[48,1657,18149,221,16692,979,58487,40,317,11825,50,5445],"yoast_head":"<!-- This site is optimized with the Yoast SEO Premium plugin v22.7 (Yoast SEO v22.7) - https:\/\/yoast.com\/wordpress\/plugins\/seo\/ -->\n<title>Reuters fragt UN-Chef Guterres nach &quot;Notfallplan&quot; f\u00fcr den Fall von Trumps Wiederwahl - just-now.NEWS Deutschland<\/title>\n<meta name=\"robots\" content=\"index, follow, max-snippet:-1, max-image-preview:large, max-video-preview:-1\" \/>\n<link rel=\"canonical\" href=\"https:\/\/now-news.de\/de\/deutschland\/reuters-fragt-un-chef-guterres-nach-notfallplan-fuer-den-fall-von-trumps-wiederwahl\/\" \/>\n<meta property=\"og:locale\" content=\"de_DE\" \/>\n<meta property=\"og:type\" content=\"article\" \/>\n<meta property=\"og:title\" content=\"Reuters fragt UN-Chef Guterres nach &quot;Notfallplan&quot; f\u00fcr den Fall von Trumps Wiederwahl\" \/>\n<meta property=\"og:description\" content=\"In einem Reuters-Interview warnte der UN-Generalsekret\u00e4r vor den Folgen einer potenziellen zweiten Pr\u00e4sidentschaft von Donald Trump. Mittels eines &#8220;Notfallplans&#8221; w\u00fcrden die UN sich auf die Verteidigung ihrer Werte vorbereiten. Klimaschutz und Frauenrechte st\u00fcnden bei Trump auf dem Spiel Am Mittwoch f\u00fchrte die britische Nachrichtenagentur\u00a0Reuters\u00a0ein\u00a0ausf\u00fchrliches Interview\u00a0mit dem UN-Generalsekret\u00e4r Antonio Guterres. Neben anderen Themen befragte\u00a0Reuters\u00a0den UN-Chef auch [&hellip;]\" \/>\n<meta property=\"og:url\" content=\"https:\/\/now-news.de\/de\/deutschland\/reuters-fragt-un-chef-guterres-nach-notfallplan-fuer-den-fall-von-trumps-wiederwahl\/\" \/>\n<meta property=\"og:site_name\" content=\"just-now.NEWS Deutschland\" \/>\n<meta property=\"article:publisher\" content=\"https:\/\/www.facebook.com\/wirmachenauf\" \/>\n<meta property=\"article:published_time\" content=\"2024-09-12T12:19:35+00:00\" \/>\n<meta property=\"og:image\" content=\"https:\/\/now-news.de\/de\/wp-content\/uploads\/sites\/3\/2024\/09\/66e2d3ec48fbef082346d9d1.jpg\" \/>\n<meta name=\"author\" content=\"rtnews\" \/>\n<meta name=\"twitter:card\" content=\"summary_large_image\" \/>\n<meta name=\"twitter:creator\" content=\"@WirMachenAuf_de\" \/>\n<meta name=\"twitter:site\" content=\"@WirMachenAuf_de\" \/>\n<meta name=\"twitter:label1\" content=\"Verfasst von\" \/>\n\t<meta name=\"twitter:data1\" content=\"rtnews\" \/>\n\t<meta name=\"twitter:label2\" content=\"Gesch\u00e4tzte Lesezeit\" \/>\n\t<meta name=\"twitter:data2\" content=\"3\u00a0Minuten\" \/>\n<script type=\"application\/ld+json\" class=\"yoast-schema-graph\">{\"@context\":\"https:\/\/schema.org\",\"@graph\":[{\"@type\":\"Article\",\"@id\":\"https:\/\/now-news.de\/de\/deutschland\/reuters-fragt-un-chef-guterres-nach-notfallplan-fuer-den-fall-von-trumps-wiederwahl\/#article\",\"isPartOf\":{\"@id\":\"https:\/\/now-news.de\/de\/deutschland\/reuters-fragt-un-chef-guterres-nach-notfallplan-fuer-den-fall-von-trumps-wiederwahl\/\"},\"author\":{\"name\":\"rtnews\",\"@id\":\"https:\/\/now-news.de\/de\/#\/schema\/person\/fb534a4e865501d8b3285208df34a9b5\"},\"headline\":\"Reuters fragt UN-Chef Guterres nach &quot;Notfallplan&quot; f\u00fcr den Fall von Trumps Wiederwahl\",\"datePublished\":\"2024-09-12T12:19:35+00:00\",\"dateModified\":\"2024-09-12T12:19:35+00:00\",\"mainEntityOfPage\":{\"@id\":\"https:\/\/now-news.de\/de\/deutschland\/reuters-fragt-un-chef-guterres-nach-notfallplan-fuer-den-fall-von-trumps-wiederwahl\/\"},\"wordCount\":548,\"commentCount\":0,\"publisher\":{\"@id\":\"https:\/\/now-news.de\/de\/#organization\"},\"image\":{\"@id\":\"https:\/\/now-news.de\/de\/deutschland\/reuters-fragt-un-chef-guterres-nach-notfallplan-fuer-den-fall-von-trumps-wiederwahl\/#primaryimage\"},\"thumbnailUrl\":\"https:\/\/now-news.de\/de\/wp-content\/uploads\/sites\/3\/2024\/09\/Reuters-fragt-UN-Chef-Guterres-nach-quotNotfallplanquot-fuer-den-Fall-von.jpg\",\"keywords\":[\"den\",\"fall\",\"fragt\",\"f\u00fcr\",\"guterres\",\"nach\",\"quotNotfallplanquot\",\"Reuters\",\"Trumps\",\"UNChef\",\"von\",\"Wiederwahl\"],\"articleSection\":[\"Deutschland\",\"Russland\"],\"inLanguage\":\"de\",\"potentialAction\":[{\"@type\":\"CommentAction\",\"name\":\"Comment\",\"target\":[\"https:\/\/now-news.de\/de\/deutschland\/reuters-fragt-un-chef-guterres-nach-notfallplan-fuer-den-fall-von-trumps-wiederwahl\/#respond\"]}]},{\"@type\":\"WebPage\",\"@id\":\"https:\/\/now-news.de\/de\/deutschland\/reuters-fragt-un-chef-guterres-nach-notfallplan-fuer-den-fall-von-trumps-wiederwahl\/\",\"url\":\"https:\/\/now-news.de\/de\/deutschland\/reuters-fragt-un-chef-guterres-nach-notfallplan-fuer-den-fall-von-trumps-wiederwahl\/\",\"name\":\"Reuters fragt UN-Chef Guterres nach &quot;Notfallplan&quot; f\u00fcr den Fall von Trumps Wiederwahl - just-now.NEWS Deutschland\",\"isPartOf\":{\"@id\":\"https:\/\/now-news.de\/de\/#website\"},\"primaryImageOfPage\":{\"@id\":\"https:\/\/now-news.de\/de\/deutschland\/reuters-fragt-un-chef-guterres-nach-notfallplan-fuer-den-fall-von-trumps-wiederwahl\/#primaryimage\"},\"image\":{\"@id\":\"https:\/\/now-news.de\/de\/deutschland\/reuters-fragt-un-chef-guterres-nach-notfallplan-fuer-den-fall-von-trumps-wiederwahl\/#primaryimage\"},\"thumbnailUrl\":\"https:\/\/now-news.de\/de\/wp-content\/uploads\/sites\/3\/2024\/09\/Reuters-fragt-UN-Chef-Guterres-nach-quotNotfallplanquot-fuer-den-Fall-von.jpg\",\"datePublished\":\"2024-09-12T12:19:35+00:00\",\"dateModified\":\"2024-09-12T12:19:35+00:00\",\"breadcrumb\":{\"@id\":\"https:\/\/now-news.de\/de\/deutschland\/reuters-fragt-un-chef-guterres-nach-notfallplan-fuer-den-fall-von-trumps-wiederwahl\/#breadcrumb\"},\"inLanguage\":\"de\",\"potentialAction\":[{\"@type\":\"ReadAction\",\"target\":[\"https:\/\/now-news.de\/de\/deutschland\/reuters-fragt-un-chef-guterres-nach-notfallplan-fuer-den-fall-von-trumps-wiederwahl\/\"]}]},{\"@type\":\"ImageObject\",\"inLanguage\":\"de\",\"@id\":\"https:\/\/now-news.de\/de\/deutschland\/reuters-fragt-un-chef-guterres-nach-notfallplan-fuer-den-fall-von-trumps-wiederwahl\/#primaryimage\",\"url\":\"https:\/\/now-news.de\/de\/wp-content\/uploads\/sites\/3\/2024\/09\/Reuters-fragt-UN-Chef-Guterres-nach-quotNotfallplanquot-fuer-den-Fall-von.jpg\",\"contentUrl\":\"https:\/\/now-news.de\/de\/wp-content\/uploads\/sites\/3\/2024\/09\/Reuters-fragt-UN-Chef-Guterres-nach-quotNotfallplanquot-fuer-den-Fall-von.jpg\",\"width\":460,\"height\":259,\"caption\":\"Reuters fragt UN-Chef Guterres nach &quot;Notfallplan&quot; f\u00fcr den Fall von Trumps Wiederwahl\"},{\"@type\":\"BreadcrumbList\",\"@id\":\"https:\/\/now-news.de\/de\/deutschland\/reuters-fragt-un-chef-guterres-nach-notfallplan-fuer-den-fall-von-trumps-wiederwahl\/#breadcrumb\",\"itemListElement\":[{\"@type\":\"ListItem\",\"position\":1,\"name\":\"Home\",\"item\":\"https:\/\/now-news.de\/de\/\"},{\"@type\":\"ListItem\",\"position\":2,\"name\":\"Reuters fragt UN-Chef Guterres nach &quot;Notfallplan&quot; f\u00fcr den Fall von Trumps Wiederwahl\"}]},{\"@type\":\"WebSite\",\"@id\":\"https:\/\/now-news.de\/de\/#website\",\"url\":\"https:\/\/now-news.de\/de\/\",\"name\":\"just-now.NEWS Deutschland\",\"description\":\"Das Portal f\u00fcr unzensierte Nachrichten aus der Welt\",\"publisher\":{\"@id\":\"https:\/\/now-news.de\/de\/#organization\"},\"potentialAction\":[{\"@type\":\"SearchAction\",\"target\":{\"@type\":\"EntryPoint\",\"urlTemplate\":\"https:\/\/now-news.de\/de\/?s={search_term_string}\"},\"query-input\":\"required name=search_term_string\"}],\"inLanguage\":\"de\"},{\"@type\":\"Organization\",\"@id\":\"https:\/\/now-news.de\/de\/#organization\",\"name\":\"Just Now News\",\"url\":\"https:\/\/now-news.de\/de\/\",\"logo\":{\"@type\":\"ImageObject\",\"inLanguage\":\"de\",\"@id\":\"https:\/\/now-news.de\/de\/#\/schema\/logo\/image\/\",\"url\":\"http:\/\/just-now.news\/de\/wp-content\/uploads\/sites\/3\/2022\/04\/logo500x500.jpg\",\"contentUrl\":\"http:\/\/just-now.news\/de\/wp-content\/uploads\/sites\/3\/2022\/04\/logo500x500.jpg\",\"width\":500,\"height\":500,\"caption\":\"Just Now News\"},\"image\":{\"@id\":\"https:\/\/now-news.de\/de\/#\/schema\/logo\/image\/\"},\"sameAs\":[\"https:\/\/www.facebook.com\/wirmachenauf\",\"https:\/\/x.com\/WirMachenAuf_de\"]},{\"@type\":\"Person\",\"@id\":\"https:\/\/now-news.de\/de\/#\/schema\/person\/fb534a4e865501d8b3285208df34a9b5\",\"name\":\"rtnews\",\"image\":{\"@type\":\"ImageObject\",\"inLanguage\":\"de\",\"@id\":\"https:\/\/now-news.de\/de\/#\/schema\/person\/image\/\",\"url\":\"https:\/\/secure.gravatar.com\/avatar\/82aafea7d8127119dd649515f56e2117?s=96&d=mm&r=g\",\"contentUrl\":\"https:\/\/secure.gravatar.com\/avatar\/82aafea7d8127119dd649515f56e2117?s=96&d=mm&r=g\",\"caption\":\"rtnews\"},\"url\":\"https:\/\/now-news.de\/de\/author\/rnews\/\"}]}<\/script>\n<!-- \/ Yoast SEO Premium plugin. -->","yoast_head_json":{"title":"Reuters fragt UN-Chef Guterres nach &quot;Notfallplan&quot; f\u00fcr den Fall von Trumps Wiederwahl - just-now.NEWS Deutschland","robots":{"index":"index","follow":"follow","max-snippet":"max-snippet:-1","max-image-preview":"max-image-preview:large","max-video-preview":"max-video-preview:-1"},"canonical":"https:\/\/now-news.de\/de\/deutschland\/reuters-fragt-un-chef-guterres-nach-notfallplan-fuer-den-fall-von-trumps-wiederwahl\/","og_locale":"de_DE","og_type":"article","og_title":"Reuters fragt UN-Chef Guterres nach &quot;Notfallplan&quot; f\u00fcr den Fall von Trumps Wiederwahl","og_description":"In einem Reuters-Interview warnte der UN-Generalsekret\u00e4r vor den Folgen einer potenziellen zweiten Pr\u00e4sidentschaft von Donald Trump. Mittels eines &#8220;Notfallplans&#8221; w\u00fcrden die UN sich auf die Verteidigung ihrer Werte vorbereiten. Klimaschutz und Frauenrechte st\u00fcnden bei Trump auf dem Spiel Am Mittwoch f\u00fchrte die britische Nachrichtenagentur\u00a0Reuters\u00a0ein\u00a0ausf\u00fchrliches Interview\u00a0mit dem UN-Generalsekret\u00e4r Antonio Guterres. Neben anderen Themen befragte\u00a0Reuters\u00a0den UN-Chef auch [&hellip;]","og_url":"https:\/\/now-news.de\/de\/deutschland\/reuters-fragt-un-chef-guterres-nach-notfallplan-fuer-den-fall-von-trumps-wiederwahl\/","og_site_name":"just-now.NEWS Deutschland","article_publisher":"https:\/\/www.facebook.com\/wirmachenauf","article_published_time":"2024-09-12T12:19:35+00:00","og_image":[{"url":"https:\/\/now-news.de\/de\/wp-content\/uploads\/sites\/3\/2024\/09\/66e2d3ec48fbef082346d9d1.jpg"}],"author":"rtnews","twitter_card":"summary_large_image","twitter_creator":"@WirMachenAuf_de","twitter_site":"@WirMachenAuf_de","twitter_misc":{"Verfasst von":"rtnews","Gesch\u00e4tzte Lesezeit":"3\u00a0Minuten"},"schema":{"@context":"https:\/\/schema.org","@graph":[{"@type":"Article","@id":"https:\/\/now-news.de\/de\/deutschland\/reuters-fragt-un-chef-guterres-nach-notfallplan-fuer-den-fall-von-trumps-wiederwahl\/#article","isPartOf":{"@id":"https:\/\/now-news.de\/de\/deutschland\/reuters-fragt-un-chef-guterres-nach-notfallplan-fuer-den-fall-von-trumps-wiederwahl\/"},"author":{"name":"rtnews","@id":"https:\/\/now-news.de\/de\/#\/schema\/person\/fb534a4e865501d8b3285208df34a9b5"},"headline":"Reuters fragt UN-Chef Guterres nach &quot;Notfallplan&quot; f\u00fcr den Fall von Trumps Wiederwahl","datePublished":"2024-09-12T12:19:35+00:00","dateModified":"2024-09-12T12:19:35+00:00","mainEntityOfPage":{"@id":"https:\/\/now-news.de\/de\/deutschland\/reuters-fragt-un-chef-guterres-nach-notfallplan-fuer-den-fall-von-trumps-wiederwahl\/"},"wordCount":548,"commentCount":0,"publisher":{"@id":"https:\/\/now-news.de\/de\/#organization"},"image":{"@id":"https:\/\/now-news.de\/de\/deutschland\/reuters-fragt-un-chef-guterres-nach-notfallplan-fuer-den-fall-von-trumps-wiederwahl\/#primaryimage"},"thumbnailUrl":"https:\/\/now-news.de\/de\/wp-content\/uploads\/sites\/3\/2024\/09\/Reuters-fragt-UN-Chef-Guterres-nach-quotNotfallplanquot-fuer-den-Fall-von.jpg","keywords":["den","fall","fragt","f\u00fcr","guterres","nach","quotNotfallplanquot","Reuters","Trumps","UNChef","von","Wiederwahl"],"articleSection":["Deutschland","Russland"],"inLanguage":"de","potentialAction":[{"@type":"CommentAction","name":"Comment","target":["https:\/\/now-news.de\/de\/deutschland\/reuters-fragt-un-chef-guterres-nach-notfallplan-fuer-den-fall-von-trumps-wiederwahl\/#respond"]}]},{"@type":"WebPage","@id":"https:\/\/now-news.de\/de\/deutschland\/reuters-fragt-un-chef-guterres-nach-notfallplan-fuer-den-fall-von-trumps-wiederwahl\/","url":"https:\/\/now-news.de\/de\/deutschland\/reuters-fragt-un-chef-guterres-nach-notfallplan-fuer-den-fall-von-trumps-wiederwahl\/","name":"Reuters fragt UN-Chef Guterres nach &quot;Notfallplan&quot; f\u00fcr den Fall von Trumps Wiederwahl - just-now.NEWS Deutschland","isPartOf":{"@id":"https:\/\/now-news.de\/de\/#website"},"primaryImageOfPage":{"@id":"https:\/\/now-news.de\/de\/deutschland\/reuters-fragt-un-chef-guterres-nach-notfallplan-fuer-den-fall-von-trumps-wiederwahl\/#primaryimage"},"image":{"@id":"https:\/\/now-news.de\/de\/deutschland\/reuters-fragt-un-chef-guterres-nach-notfallplan-fuer-den-fall-von-trumps-wiederwahl\/#primaryimage"},"thumbnailUrl":"https:\/\/now-news.de\/de\/wp-content\/uploads\/sites\/3\/2024\/09\/Reuters-fragt-UN-Chef-Guterres-nach-quotNotfallplanquot-fuer-den-Fall-von.jpg","datePublished":"2024-09-12T12:19:35+00:00","dateModified":"2024-09-12T12:19:35+00:00","breadcrumb":{"@id":"https:\/\/now-news.de\/de\/deutschland\/reuters-fragt-un-chef-guterres-nach-notfallplan-fuer-den-fall-von-trumps-wiederwahl\/#breadcrumb"},"inLanguage":"de","potentialAction":[{"@type":"ReadAction","target":["https:\/\/now-news.de\/de\/deutschland\/reuters-fragt-un-chef-guterres-nach-notfallplan-fuer-den-fall-von-trumps-wiederwahl\/"]}]},{"@type":"ImageObject","inLanguage":"de","@id":"https:\/\/now-news.de\/de\/deutschland\/reuters-fragt-un-chef-guterres-nach-notfallplan-fuer-den-fall-von-trumps-wiederwahl\/#primaryimage","url":"https:\/\/now-news.de\/de\/wp-content\/uploads\/sites\/3\/2024\/09\/Reuters-fragt-UN-Chef-Guterres-nach-quotNotfallplanquot-fuer-den-Fall-von.jpg","contentUrl":"https:\/\/now-news.de\/de\/wp-content\/uploads\/sites\/3\/2024\/09\/Reuters-fragt-UN-Chef-Guterres-nach-quotNotfallplanquot-fuer-den-Fall-von.jpg","width":460,"height":259,"caption":"Reuters fragt UN-Chef Guterres nach &quot;Notfallplan&quot; f\u00fcr den Fall von Trumps Wiederwahl"},{"@type":"BreadcrumbList","@id":"https:\/\/now-news.de\/de\/deutschland\/reuters-fragt-un-chef-guterres-nach-notfallplan-fuer-den-fall-von-trumps-wiederwahl\/#breadcrumb","itemListElement":[{"@type":"ListItem","position":1,"name":"Home","item":"https:\/\/now-news.de\/de\/"},{"@type":"ListItem","position":2,"name":"Reuters fragt UN-Chef Guterres nach &quot;Notfallplan&quot; f\u00fcr den Fall von Trumps Wiederwahl"}]},{"@type":"WebSite","@id":"https:\/\/now-news.de\/de\/#website","url":"https:\/\/now-news.de\/de\/","name":"just-now.NEWS Deutschland","description":"Das Portal f\u00fcr unzensierte Nachrichten aus der Welt","publisher":{"@id":"https:\/\/now-news.de\/de\/#organization"},"potentialAction":[{"@type":"SearchAction","target":{"@type":"EntryPoint","urlTemplate":"https:\/\/now-news.de\/de\/?s={search_term_string}"},"query-input":"required name=search_term_string"}],"inLanguage":"de"},{"@type":"Organization","@id":"https:\/\/now-news.de\/de\/#organization","name":"Just Now News","url":"https:\/\/now-news.de\/de\/","logo":{"@type":"ImageObject","inLanguage":"de","@id":"https:\/\/now-news.de\/de\/#\/schema\/logo\/image\/","url":"http:\/\/just-now.news\/de\/wp-content\/uploads\/sites\/3\/2022\/04\/logo500x500.jpg","contentUrl":"http:\/\/just-now.news\/de\/wp-content\/uploads\/sites\/3\/2022\/04\/logo500x500.jpg","width":500,"height":500,"caption":"Just Now News"},"image":{"@id":"https:\/\/now-news.de\/de\/#\/schema\/logo\/image\/"},"sameAs":["https:\/\/www.facebook.com\/wirmachenauf","https:\/\/x.com\/WirMachenAuf_de"]},{"@type":"Person","@id":"https:\/\/now-news.de\/de\/#\/schema\/person\/fb534a4e865501d8b3285208df34a9b5","name":"rtnews","image":{"@type":"ImageObject","inLanguage":"de","@id":"https:\/\/now-news.de\/de\/#\/schema\/person\/image\/","url":"https:\/\/secure.gravatar.com\/avatar\/82aafea7d8127119dd649515f56e2117?s=96&d=mm&r=g","contentUrl":"https:\/\/secure.gravatar.com\/avatar\/82aafea7d8127119dd649515f56e2117?s=96&d=mm&r=g","caption":"rtnews"},"url":"https:\/\/now-news.de\/de\/author\/rnews\/"}]}},"_links":{"self":[{"href":"https:\/\/now-news.de\/de\/wp-json\/wp\/v2\/posts\/68794"}],"collection":[{"href":"https:\/\/now-news.de\/de\/wp-json\/wp\/v2\/posts"}],"about":[{"href":"https:\/\/now-news.de\/de\/wp-json\/wp\/v2\/types\/post"}],"author":[{"embeddable":true,"href":"https:\/\/now-news.de\/de\/wp-json\/wp\/v2\/users\/3"}],"replies":[{"embeddable":true,"href":"https:\/\/now-news.de\/de\/wp-json\/wp\/v2\/comments?post=68794"}],"version-history":[{"count":0,"href":"https:\/\/now-news.de\/de\/wp-json\/wp\/v2\/posts\/68794\/revisions"}],"wp:featuredmedia":[{"embeddable":true,"href":"https:\/\/now-news.de\/de\/wp-json\/wp\/v2\/media\/68795"}],"wp:attachment":[{"href":"https:\/\/now-news.de\/de\/wp-json\/wp\/v2\/media?parent=68794"}],"wp:term":[{"taxonomy":"category","embeddable":true,"href":"https:\/\/now-news.de\/de\/wp-json\/wp\/v2\/categories?post=68794"},{"taxonomy":"post_tag","embeddable":true,"href":"https:\/\/now-news.de\/de\/wp-json\/wp\/v2\/tags?post=68794"}],"curies":[{"name":"wp","href":"https:\/\/api.w.org\/{rel}","templated":true}]}}