{"id":68792,"date":"2024-09-12T14:09:35","date_gmt":"2024-09-12T12:09:35","guid":{"rendered":"https:\/\/now-news.de\/de\/deutschland\/innenministerium-brandenburg-verbietet-islamisches-zentrum-fuerstenwalde\/"},"modified":"2024-09-12T14:09:35","modified_gmt":"2024-09-12T12:09:35","slug":"innenministerium-brandenburg-verbietet-islamisches-zentrum-fuerstenwalde","status":"publish","type":"post","link":"https:\/\/now-news.de\/de\/deutschland\/innenministerium-brandenburg-verbietet-islamisches-zentrum-fuerstenwalde\/","title":{"rendered":"Innenministerium Brandenburg verbietet Islamisches Zentrum F\u00fcrstenwalde"},"content":{"rendered":"<p><img decoding=\"async\" src=\"https:\/\/now-news.de\/de\/wp-content\/uploads\/sites\/3\/2024\/09\/66e2d3dcb480cc14776fb35b.jpg\" \/><\/p>\n<div class=\"Text-root Text-type_1 \">\n                Heute hat Brandenburgs Innenminister Michael St\u00fcbgen das Islamische Zentrum F\u00fcrstenwalde verboten. Dem Zentrum werden Verbindungen zur Hamas unterstellt. Der Verfassungsschutz stuft den Verein als gesichert extremistisch ein. Bereits im November hat Bundesinnenministerin Nancy Faeser die Hamas mit Verbot belegt.\n            <\/div>\n<p><\/p>\n<div class=\"Text-root Text-type_5 ArticleView-text ViewText-root \">\n<p>Da sich der Verein &#8220;Islamisches Zentrum F\u00fcrstenwalde al-Salam e.\u00a0V.&#8221;\u00a0(IZF) im Landkreis Oder-Spree nach Auffassung des Innenministeriums Brandenburg gegen die verfassungsm\u00e4\u00dfige Ordnung und den Gedanken der V\u00f6lkerverst\u00e4ndigung stellt, wurde er heute verboten. Der Verein wird dem Spektrum der Muslimbruderschaft und der pal\u00e4stinensischen Bewegung Hamas zugeordnet. Das Verbot wird unmittelbar vollzogen. Derzeit finden in Brandenburg und Berlin Durchsuchungen in Vereinsr\u00e4umen und in R\u00e4umen von Privatpersonen statt, die dem Verein nahestehen sollen.<\/p>\n<p>Innenminister Michael St\u00fcbgen (CDU) erkl\u00e4rte dazu:<\/p>\n<p><em>&#8220;Wir k\u00f6nnen Vereine nicht dulden, die sich gegen die verfassungsm\u00e4\u00dfige Ordnung oder den Gedanken der V\u00f6lkerverst\u00e4ndigung richten. Die Glutnester der Steinzeitkultur Islamismus m\u00fcssen bereits im Keim erstickt werden, um einen Fl\u00e4chenbrand zu verhindern. Gerade die Indoktrinierung junger Menschen mit extremistischem Gedankengut in organisierter Art und Weise birgt Risiken, die wir nicht akzeptieren. Junge Menschen werden nicht im leeren Raum zu Extremisten, die zur Waffe greifen. Dahinter stecken immer perfide Radikalisierungsstrategien von extremistischen Organisationen und Bestrebungen. Dieses \u00dcbel muss man an der Wurzel packen. So sch\u00fctzen wir unsere Freiheit und die Menschen in unserem Land. Das sind wir auch denjenigen Muslimen schuldig, die bei uns rechtschaffen leben und einst vor Islamisten gefl\u00fcchtet sind. Ich danke allen Vollzugskr\u00e4fte der Polizei, die am heutigen Tag das Verbot vollziehen.&#8221;<\/em><\/p>\n<p>Das IZF war 2018 gegr\u00fcndet worden. Der Verein betreibt die Al-Salam-Moschee. Der Verein offerierte zudem ein breites Freizeitangebot f\u00fcr die Muslime in der Region. 2023 wurde das IZF vom Verfassungsschutz des Landes Brandenburg als gesichert extremistisch eingestuft. Unter anderem soll der Verein in sozialen Netzwerken zu Spenden f\u00fcr die Hamas aufgerufen haben.<\/p>\n<p>Die Hamas wiederum wurde in Deutschland im November\u00a02023 von Bundesinnenministerin Nancy Faeser verboten. Das Verbot der Hamas steht mit der Positionierung der Bundesrepublik im Nahostkonflikt in Zusammenhang. Die Bundesregierung bekennt sich zur bedingungslosen Unterst\u00fctzung Israels. Die israelische Regierung strebt die Vernichtung der Hamas an. Ihr wird jedoch vorgeworfen, im Gazastreifen mit\u00a0unverh\u00e4ltnism\u00e4\u00dfiger Brutalit\u00e4t\u00a0vorzugehen und Genozid an den Pal\u00e4stinensern zu ver\u00fcben. Die Bundesregierung leugnet das und verweist im Konflikt auf das Selbstverteidigungsrecht Israels.<\/p>\n<p>Der Nahostexperte Michael L\u00fcders verweist hingegen darauf, dass es sich bei der Hamas um eine Massenbewegung handelt. Ihre milit\u00e4rische Vernichtung ist faktisch unm\u00f6glich. Die einseitige Parteinahme Deutschlands zugunsten Israels geht f\u00fcr Deutschland mit einem massiven Ansehensverlust in der Region einher.<\/p>\n<p><strong>Mehr zum Thema<\/strong>\u00a0\u2013 <a rel=\"nofollow noopener\" target=\"_blank\" href=\"https:\/\/freedert.online\/der-nahe-osten\/218156-nicht-nur-pepsi-und-cola\/\">Nicht nur Pepsi und Cola \u2013 Muslime rufen zum Boykott hunderter westlicher Produkte auf<\/a><\/p>\n<div class=\"EmbedBlock-root EmbedBlock-externalVideo EmbedBlock-rumble\">\n<div class=\"VkEmbed\"><iframe class=\"lazyload\" data-src=\"https:\/\/rumble.com\/embed\/v5bymit\" frameborder=\"0\" width=\"853\" height=\"480\" allowfullscreen><\/iframe><\/div>\n<\/div>\n<\/div>\n<p><br \/>\n<br \/><a href=\"https:\/\/de.rt.com\/inland\/218966-innenministerium-brandenburgs-verbietet-islamisches-zentrum-fuerstenwalde\/\">Source link <\/a><\/p>\n","protected":false},"excerpt":{"rendered":"<p>Heute hat Brandenburgs Innenminister Michael St\u00fcbgen das Islamische Zentrum F\u00fcrstenwalde verboten. Dem Zentrum werden Verbindungen zur Hamas unterstellt. Der Verfassungsschutz stuft den Verein als gesichert extremistisch ein. Bereits im November hat Bundesinnenministerin Nancy Faeser die Hamas mit Verbot belegt. Da sich der Verein &#8220;Islamisches Zentrum F\u00fcrstenwalde al-Salam e.\u00a0V.&#8221;\u00a0(IZF) im Landkreis Oder-Spree nach Auffassung des Innenministeriums [&hellip;]<\/p>\n","protected":false},"author":3,"featured_media":68793,"comment_status":"open","ping_status":"open","sticky":false,"template":"","format":"standard","meta":{"_yoast_indexnow_last_ping":["1726143558"],"wp_automatic_camp":["217"],"8b811aad48dab590668814898b013f99":["Innenministerium Brandenburg verbietet Islamisches Zentrum F\u00fcrstenwalde"],"original_link":["https:\/\/de.rt.com\/inland\/218966-innenministerium-brandenburgs-verbietet-islamisches-zentrum-fuerstenwalde\/"],"_thumbnail_id":["68793"],"jnews_social_counter_last_update":["1777637145"],"_wptgpro_p2tg_sent2tg":["a:1:{i:23737;s:19:\"2024-09-12 14:20:21\";}"]},"categories":[19,23],"tags":[5960,58486,19506,56919,19452,3014],"yoast_head":"<!-- This site is optimized with the Yoast SEO Premium plugin v22.7 (Yoast SEO v22.7) - https:\/\/yoast.com\/wordpress\/plugins\/seo\/ -->\n<title>Innenministerium Brandenburg verbietet Islamisches Zentrum F\u00fcrstenwalde - just-now.NEWS Deutschland<\/title>\n<meta name=\"robots\" content=\"index, follow, max-snippet:-1, max-image-preview:large, max-video-preview:-1\" \/>\n<link rel=\"canonical\" href=\"https:\/\/now-news.de\/de\/deutschland\/innenministerium-brandenburg-verbietet-islamisches-zentrum-fuerstenwalde\/\" \/>\n<meta property=\"og:locale\" content=\"de_DE\" \/>\n<meta property=\"og:type\" content=\"article\" \/>\n<meta property=\"og:title\" content=\"Innenministerium Brandenburg verbietet Islamisches Zentrum F\u00fcrstenwalde\" \/>\n<meta property=\"og:description\" content=\"Heute hat Brandenburgs Innenminister Michael St\u00fcbgen das Islamische Zentrum F\u00fcrstenwalde verboten. Dem Zentrum werden Verbindungen zur Hamas unterstellt. Der Verfassungsschutz stuft den Verein als gesichert extremistisch ein. Bereits im November hat Bundesinnenministerin Nancy Faeser die Hamas mit Verbot belegt. Da sich der Verein &#8220;Islamisches Zentrum F\u00fcrstenwalde al-Salam e.\u00a0V.&#8221;\u00a0(IZF) im Landkreis Oder-Spree nach Auffassung des Innenministeriums [&hellip;]\" \/>\n<meta property=\"og:url\" content=\"https:\/\/now-news.de\/de\/deutschland\/innenministerium-brandenburg-verbietet-islamisches-zentrum-fuerstenwalde\/\" \/>\n<meta property=\"og:site_name\" content=\"just-now.NEWS Deutschland\" \/>\n<meta property=\"article:publisher\" content=\"https:\/\/www.facebook.com\/wirmachenauf\" \/>\n<meta property=\"article:published_time\" content=\"2024-09-12T12:09:35+00:00\" \/>\n<meta property=\"og:image\" content=\"https:\/\/now-news.de\/de\/wp-content\/uploads\/sites\/3\/2024\/09\/66e2d3dcb480cc14776fb35b.jpg\" \/>\n<meta name=\"author\" content=\"rtnews\" \/>\n<meta name=\"twitter:card\" content=\"summary_large_image\" \/>\n<meta name=\"twitter:creator\" content=\"@WirMachenAuf_de\" \/>\n<meta name=\"twitter:site\" content=\"@WirMachenAuf_de\" \/>\n<meta name=\"twitter:label1\" content=\"Verfasst von\" \/>\n\t<meta name=\"twitter:data1\" content=\"rtnews\" \/>\n\t<meta name=\"twitter:label2\" content=\"Gesch\u00e4tzte Lesezeit\" \/>\n\t<meta name=\"twitter:data2\" content=\"2\u00a0Minuten\" \/>\n<script type=\"application\/ld+json\" class=\"yoast-schema-graph\">{\"@context\":\"https:\/\/schema.org\",\"@graph\":[{\"@type\":\"Article\",\"@id\":\"https:\/\/now-news.de\/de\/deutschland\/innenministerium-brandenburg-verbietet-islamisches-zentrum-fuerstenwalde\/#article\",\"isPartOf\":{\"@id\":\"https:\/\/now-news.de\/de\/deutschland\/innenministerium-brandenburg-verbietet-islamisches-zentrum-fuerstenwalde\/\"},\"author\":{\"name\":\"rtnews\",\"@id\":\"https:\/\/now-news.de\/de\/#\/schema\/person\/fb534a4e865501d8b3285208df34a9b5\"},\"headline\":\"Innenministerium Brandenburg verbietet Islamisches Zentrum F\u00fcrstenwalde\",\"datePublished\":\"2024-09-12T12:09:35+00:00\",\"dateModified\":\"2024-09-12T12:09:35+00:00\",\"mainEntityOfPage\":{\"@id\":\"https:\/\/now-news.de\/de\/deutschland\/innenministerium-brandenburg-verbietet-islamisches-zentrum-fuerstenwalde\/\"},\"wordCount\":463,\"commentCount\":0,\"publisher\":{\"@id\":\"https:\/\/now-news.de\/de\/#organization\"},\"image\":{\"@id\":\"https:\/\/now-news.de\/de\/deutschland\/innenministerium-brandenburg-verbietet-islamisches-zentrum-fuerstenwalde\/#primaryimage\"},\"thumbnailUrl\":\"https:\/\/now-news.de\/de\/wp-content\/uploads\/sites\/3\/2024\/09\/Innenministerium-Brandenburg-verbietet-Islamisches-Zentrum-Fuerstenwalde.jpg\",\"keywords\":[\"Brandenburg\",\"F\u00fcrstenwalde\",\"Innenministerium\",\"Islamisches\",\"verbietet\",\"Zentrum\"],\"articleSection\":[\"Deutschland\",\"Russland\"],\"inLanguage\":\"de\",\"potentialAction\":[{\"@type\":\"CommentAction\",\"name\":\"Comment\",\"target\":[\"https:\/\/now-news.de\/de\/deutschland\/innenministerium-brandenburg-verbietet-islamisches-zentrum-fuerstenwalde\/#respond\"]}]},{\"@type\":\"WebPage\",\"@id\":\"https:\/\/now-news.de\/de\/deutschland\/innenministerium-brandenburg-verbietet-islamisches-zentrum-fuerstenwalde\/\",\"url\":\"https:\/\/now-news.de\/de\/deutschland\/innenministerium-brandenburg-verbietet-islamisches-zentrum-fuerstenwalde\/\",\"name\":\"Innenministerium Brandenburg verbietet Islamisches Zentrum F\u00fcrstenwalde - just-now.NEWS Deutschland\",\"isPartOf\":{\"@id\":\"https:\/\/now-news.de\/de\/#website\"},\"primaryImageOfPage\":{\"@id\":\"https:\/\/now-news.de\/de\/deutschland\/innenministerium-brandenburg-verbietet-islamisches-zentrum-fuerstenwalde\/#primaryimage\"},\"image\":{\"@id\":\"https:\/\/now-news.de\/de\/deutschland\/innenministerium-brandenburg-verbietet-islamisches-zentrum-fuerstenwalde\/#primaryimage\"},\"thumbnailUrl\":\"https:\/\/now-news.de\/de\/wp-content\/uploads\/sites\/3\/2024\/09\/Innenministerium-Brandenburg-verbietet-Islamisches-Zentrum-Fuerstenwalde.jpg\",\"datePublished\":\"2024-09-12T12:09:35+00:00\",\"dateModified\":\"2024-09-12T12:09:35+00:00\",\"breadcrumb\":{\"@id\":\"https:\/\/now-news.de\/de\/deutschland\/innenministerium-brandenburg-verbietet-islamisches-zentrum-fuerstenwalde\/#breadcrumb\"},\"inLanguage\":\"de\",\"potentialAction\":[{\"@type\":\"ReadAction\",\"target\":[\"https:\/\/now-news.de\/de\/deutschland\/innenministerium-brandenburg-verbietet-islamisches-zentrum-fuerstenwalde\/\"]}]},{\"@type\":\"ImageObject\",\"inLanguage\":\"de\",\"@id\":\"https:\/\/now-news.de\/de\/deutschland\/innenministerium-brandenburg-verbietet-islamisches-zentrum-fuerstenwalde\/#primaryimage\",\"url\":\"https:\/\/now-news.de\/de\/wp-content\/uploads\/sites\/3\/2024\/09\/Innenministerium-Brandenburg-verbietet-Islamisches-Zentrum-Fuerstenwalde.jpg\",\"contentUrl\":\"https:\/\/now-news.de\/de\/wp-content\/uploads\/sites\/3\/2024\/09\/Innenministerium-Brandenburg-verbietet-Islamisches-Zentrum-Fuerstenwalde.jpg\",\"width\":460,\"height\":259,\"caption\":\"Innenministerium Brandenburg verbietet Islamisches Zentrum F\u00fcrstenwalde\"},{\"@type\":\"BreadcrumbList\",\"@id\":\"https:\/\/now-news.de\/de\/deutschland\/innenministerium-brandenburg-verbietet-islamisches-zentrum-fuerstenwalde\/#breadcrumb\",\"itemListElement\":[{\"@type\":\"ListItem\",\"position\":1,\"name\":\"Home\",\"item\":\"https:\/\/now-news.de\/de\/\"},{\"@type\":\"ListItem\",\"position\":2,\"name\":\"Innenministerium Brandenburg verbietet Islamisches Zentrum F\u00fcrstenwalde\"}]},{\"@type\":\"WebSite\",\"@id\":\"https:\/\/now-news.de\/de\/#website\",\"url\":\"https:\/\/now-news.de\/de\/\",\"name\":\"just-now.NEWS Deutschland\",\"description\":\"Das Portal f\u00fcr unzensierte Nachrichten aus der Welt\",\"publisher\":{\"@id\":\"https:\/\/now-news.de\/de\/#organization\"},\"potentialAction\":[{\"@type\":\"SearchAction\",\"target\":{\"@type\":\"EntryPoint\",\"urlTemplate\":\"https:\/\/now-news.de\/de\/?s={search_term_string}\"},\"query-input\":\"required name=search_term_string\"}],\"inLanguage\":\"de\"},{\"@type\":\"Organization\",\"@id\":\"https:\/\/now-news.de\/de\/#organization\",\"name\":\"Just Now News\",\"url\":\"https:\/\/now-news.de\/de\/\",\"logo\":{\"@type\":\"ImageObject\",\"inLanguage\":\"de\",\"@id\":\"https:\/\/now-news.de\/de\/#\/schema\/logo\/image\/\",\"url\":\"http:\/\/just-now.news\/de\/wp-content\/uploads\/sites\/3\/2022\/04\/logo500x500.jpg\",\"contentUrl\":\"http:\/\/just-now.news\/de\/wp-content\/uploads\/sites\/3\/2022\/04\/logo500x500.jpg\",\"width\":500,\"height\":500,\"caption\":\"Just Now News\"},\"image\":{\"@id\":\"https:\/\/now-news.de\/de\/#\/schema\/logo\/image\/\"},\"sameAs\":[\"https:\/\/www.facebook.com\/wirmachenauf\",\"https:\/\/x.com\/WirMachenAuf_de\"]},{\"@type\":\"Person\",\"@id\":\"https:\/\/now-news.de\/de\/#\/schema\/person\/fb534a4e865501d8b3285208df34a9b5\",\"name\":\"rtnews\",\"image\":{\"@type\":\"ImageObject\",\"inLanguage\":\"de\",\"@id\":\"https:\/\/now-news.de\/de\/#\/schema\/person\/image\/\",\"url\":\"https:\/\/secure.gravatar.com\/avatar\/82aafea7d8127119dd649515f56e2117?s=96&d=mm&r=g\",\"contentUrl\":\"https:\/\/secure.gravatar.com\/avatar\/82aafea7d8127119dd649515f56e2117?s=96&d=mm&r=g\",\"caption\":\"rtnews\"},\"url\":\"https:\/\/now-news.de\/de\/author\/rnews\/\"}]}<\/script>\n<!-- \/ Yoast SEO Premium plugin. -->","yoast_head_json":{"title":"Innenministerium Brandenburg verbietet Islamisches Zentrum F\u00fcrstenwalde - just-now.NEWS Deutschland","robots":{"index":"index","follow":"follow","max-snippet":"max-snippet:-1","max-image-preview":"max-image-preview:large","max-video-preview":"max-video-preview:-1"},"canonical":"https:\/\/now-news.de\/de\/deutschland\/innenministerium-brandenburg-verbietet-islamisches-zentrum-fuerstenwalde\/","og_locale":"de_DE","og_type":"article","og_title":"Innenministerium Brandenburg verbietet Islamisches Zentrum F\u00fcrstenwalde","og_description":"Heute hat Brandenburgs Innenminister Michael St\u00fcbgen das Islamische Zentrum F\u00fcrstenwalde verboten. Dem Zentrum werden Verbindungen zur Hamas unterstellt. Der Verfassungsschutz stuft den Verein als gesichert extremistisch ein. Bereits im November hat Bundesinnenministerin Nancy Faeser die Hamas mit Verbot belegt. Da sich der Verein &#8220;Islamisches Zentrum F\u00fcrstenwalde al-Salam e.\u00a0V.&#8221;\u00a0(IZF) im Landkreis Oder-Spree nach Auffassung des Innenministeriums [&hellip;]","og_url":"https:\/\/now-news.de\/de\/deutschland\/innenministerium-brandenburg-verbietet-islamisches-zentrum-fuerstenwalde\/","og_site_name":"just-now.NEWS Deutschland","article_publisher":"https:\/\/www.facebook.com\/wirmachenauf","article_published_time":"2024-09-12T12:09:35+00:00","og_image":[{"url":"https:\/\/now-news.de\/de\/wp-content\/uploads\/sites\/3\/2024\/09\/66e2d3dcb480cc14776fb35b.jpg"}],"author":"rtnews","twitter_card":"summary_large_image","twitter_creator":"@WirMachenAuf_de","twitter_site":"@WirMachenAuf_de","twitter_misc":{"Verfasst von":"rtnews","Gesch\u00e4tzte Lesezeit":"2\u00a0Minuten"},"schema":{"@context":"https:\/\/schema.org","@graph":[{"@type":"Article","@id":"https:\/\/now-news.de\/de\/deutschland\/innenministerium-brandenburg-verbietet-islamisches-zentrum-fuerstenwalde\/#article","isPartOf":{"@id":"https:\/\/now-news.de\/de\/deutschland\/innenministerium-brandenburg-verbietet-islamisches-zentrum-fuerstenwalde\/"},"author":{"name":"rtnews","@id":"https:\/\/now-news.de\/de\/#\/schema\/person\/fb534a4e865501d8b3285208df34a9b5"},"headline":"Innenministerium Brandenburg verbietet Islamisches Zentrum F\u00fcrstenwalde","datePublished":"2024-09-12T12:09:35+00:00","dateModified":"2024-09-12T12:09:35+00:00","mainEntityOfPage":{"@id":"https:\/\/now-news.de\/de\/deutschland\/innenministerium-brandenburg-verbietet-islamisches-zentrum-fuerstenwalde\/"},"wordCount":463,"commentCount":0,"publisher":{"@id":"https:\/\/now-news.de\/de\/#organization"},"image":{"@id":"https:\/\/now-news.de\/de\/deutschland\/innenministerium-brandenburg-verbietet-islamisches-zentrum-fuerstenwalde\/#primaryimage"},"thumbnailUrl":"https:\/\/now-news.de\/de\/wp-content\/uploads\/sites\/3\/2024\/09\/Innenministerium-Brandenburg-verbietet-Islamisches-Zentrum-Fuerstenwalde.jpg","keywords":["Brandenburg","F\u00fcrstenwalde","Innenministerium","Islamisches","verbietet","Zentrum"],"articleSection":["Deutschland","Russland"],"inLanguage":"de","potentialAction":[{"@type":"CommentAction","name":"Comment","target":["https:\/\/now-news.de\/de\/deutschland\/innenministerium-brandenburg-verbietet-islamisches-zentrum-fuerstenwalde\/#respond"]}]},{"@type":"WebPage","@id":"https:\/\/now-news.de\/de\/deutschland\/innenministerium-brandenburg-verbietet-islamisches-zentrum-fuerstenwalde\/","url":"https:\/\/now-news.de\/de\/deutschland\/innenministerium-brandenburg-verbietet-islamisches-zentrum-fuerstenwalde\/","name":"Innenministerium Brandenburg verbietet Islamisches Zentrum F\u00fcrstenwalde - just-now.NEWS Deutschland","isPartOf":{"@id":"https:\/\/now-news.de\/de\/#website"},"primaryImageOfPage":{"@id":"https:\/\/now-news.de\/de\/deutschland\/innenministerium-brandenburg-verbietet-islamisches-zentrum-fuerstenwalde\/#primaryimage"},"image":{"@id":"https:\/\/now-news.de\/de\/deutschland\/innenministerium-brandenburg-verbietet-islamisches-zentrum-fuerstenwalde\/#primaryimage"},"thumbnailUrl":"https:\/\/now-news.de\/de\/wp-content\/uploads\/sites\/3\/2024\/09\/Innenministerium-Brandenburg-verbietet-Islamisches-Zentrum-Fuerstenwalde.jpg","datePublished":"2024-09-12T12:09:35+00:00","dateModified":"2024-09-12T12:09:35+00:00","breadcrumb":{"@id":"https:\/\/now-news.de\/de\/deutschland\/innenministerium-brandenburg-verbietet-islamisches-zentrum-fuerstenwalde\/#breadcrumb"},"inLanguage":"de","potentialAction":[{"@type":"ReadAction","target":["https:\/\/now-news.de\/de\/deutschland\/innenministerium-brandenburg-verbietet-islamisches-zentrum-fuerstenwalde\/"]}]},{"@type":"ImageObject","inLanguage":"de","@id":"https:\/\/now-news.de\/de\/deutschland\/innenministerium-brandenburg-verbietet-islamisches-zentrum-fuerstenwalde\/#primaryimage","url":"https:\/\/now-news.de\/de\/wp-content\/uploads\/sites\/3\/2024\/09\/Innenministerium-Brandenburg-verbietet-Islamisches-Zentrum-Fuerstenwalde.jpg","contentUrl":"https:\/\/now-news.de\/de\/wp-content\/uploads\/sites\/3\/2024\/09\/Innenministerium-Brandenburg-verbietet-Islamisches-Zentrum-Fuerstenwalde.jpg","width":460,"height":259,"caption":"Innenministerium Brandenburg verbietet Islamisches Zentrum F\u00fcrstenwalde"},{"@type":"BreadcrumbList","@id":"https:\/\/now-news.de\/de\/deutschland\/innenministerium-brandenburg-verbietet-islamisches-zentrum-fuerstenwalde\/#breadcrumb","itemListElement":[{"@type":"ListItem","position":1,"name":"Home","item":"https:\/\/now-news.de\/de\/"},{"@type":"ListItem","position":2,"name":"Innenministerium Brandenburg verbietet Islamisches Zentrum F\u00fcrstenwalde"}]},{"@type":"WebSite","@id":"https:\/\/now-news.de\/de\/#website","url":"https:\/\/now-news.de\/de\/","name":"just-now.NEWS Deutschland","description":"Das Portal f\u00fcr unzensierte Nachrichten aus der Welt","publisher":{"@id":"https:\/\/now-news.de\/de\/#organization"},"potentialAction":[{"@type":"SearchAction","target":{"@type":"EntryPoint","urlTemplate":"https:\/\/now-news.de\/de\/?s={search_term_string}"},"query-input":"required name=search_term_string"}],"inLanguage":"de"},{"@type":"Organization","@id":"https:\/\/now-news.de\/de\/#organization","name":"Just Now News","url":"https:\/\/now-news.de\/de\/","logo":{"@type":"ImageObject","inLanguage":"de","@id":"https:\/\/now-news.de\/de\/#\/schema\/logo\/image\/","url":"http:\/\/just-now.news\/de\/wp-content\/uploads\/sites\/3\/2022\/04\/logo500x500.jpg","contentUrl":"http:\/\/just-now.news\/de\/wp-content\/uploads\/sites\/3\/2022\/04\/logo500x500.jpg","width":500,"height":500,"caption":"Just Now News"},"image":{"@id":"https:\/\/now-news.de\/de\/#\/schema\/logo\/image\/"},"sameAs":["https:\/\/www.facebook.com\/wirmachenauf","https:\/\/x.com\/WirMachenAuf_de"]},{"@type":"Person","@id":"https:\/\/now-news.de\/de\/#\/schema\/person\/fb534a4e865501d8b3285208df34a9b5","name":"rtnews","image":{"@type":"ImageObject","inLanguage":"de","@id":"https:\/\/now-news.de\/de\/#\/schema\/person\/image\/","url":"https:\/\/secure.gravatar.com\/avatar\/82aafea7d8127119dd649515f56e2117?s=96&d=mm&r=g","contentUrl":"https:\/\/secure.gravatar.com\/avatar\/82aafea7d8127119dd649515f56e2117?s=96&d=mm&r=g","caption":"rtnews"},"url":"https:\/\/now-news.de\/de\/author\/rnews\/"}]}},"_links":{"self":[{"href":"https:\/\/now-news.de\/de\/wp-json\/wp\/v2\/posts\/68792"}],"collection":[{"href":"https:\/\/now-news.de\/de\/wp-json\/wp\/v2\/posts"}],"about":[{"href":"https:\/\/now-news.de\/de\/wp-json\/wp\/v2\/types\/post"}],"author":[{"embeddable":true,"href":"https:\/\/now-news.de\/de\/wp-json\/wp\/v2\/users\/3"}],"replies":[{"embeddable":true,"href":"https:\/\/now-news.de\/de\/wp-json\/wp\/v2\/comments?post=68792"}],"version-history":[{"count":0,"href":"https:\/\/now-news.de\/de\/wp-json\/wp\/v2\/posts\/68792\/revisions"}],"wp:featuredmedia":[{"embeddable":true,"href":"https:\/\/now-news.de\/de\/wp-json\/wp\/v2\/media\/68793"}],"wp:attachment":[{"href":"https:\/\/now-news.de\/de\/wp-json\/wp\/v2\/media?parent=68792"}],"wp:term":[{"taxonomy":"category","embeddable":true,"href":"https:\/\/now-news.de\/de\/wp-json\/wp\/v2\/categories?post=68792"},{"taxonomy":"post_tag","embeddable":true,"href":"https:\/\/now-news.de\/de\/wp-json\/wp\/v2\/tags?post=68792"}],"curies":[{"name":"wp","href":"https:\/\/api.w.org\/{rel}","templated":true}]}}