{"id":68782,"date":"2024-09-12T11:59:06","date_gmt":"2024-09-12T09:59:06","guid":{"rendered":"https:\/\/now-news.de\/de\/deutschland\/darf-ich-ihnen-mitteilen-was-der-tod-der-demokratie-ist-ungarn-kontert-hillary-clinton\/"},"modified":"2024-09-12T11:59:06","modified_gmt":"2024-09-12T09:59:06","slug":"darf-ich-ihnen-mitteilen-was-der-tod-der-demokratie-ist-ungarn-kontert-hillary-clinton","status":"publish","type":"post","link":"https:\/\/now-news.de\/de\/deutschland\/darf-ich-ihnen-mitteilen-was-der-tod-der-demokratie-ist-ungarn-kontert-hillary-clinton\/","title":{"rendered":"&quot;Darf ich Ihnen mitteilen, was der Tod der Demokratie ist?&quot; Ungarn kontert Hillary Clinton"},"content":{"rendered":"<p><img decoding=\"async\" src=\"https:\/\/now-news.de\/de\/wp-content\/uploads\/sites\/3\/2024\/09\/66e2b415b480cc14776fb336.jpg\" \/><\/p>\n<div class=\"Text-root Text-type_1 \">\n                Der ungarische Regierungsbeamte Bal\u00e1zs Orb\u00e1n reagiert auf Hillary Clintons Anschuldigung. Clinton hatte den ungarischen Premier am Mittwoch als &#8220;demokratievernichtenden ungarischen Diktator&#8221; bezeichnet. &#8220;Zieh zuerst den Balken aus deinem eigenen Auge&#8221;, schrieb er auf X an Clinton.\n            <\/div>\n<p><\/p>\n<div class=\"Text-root Text-type_5 ArticleView-text ViewText-root \">\n<p>Die gescheiterte US-Pr\u00e4sidentschaftskandidatin Hillary Clinton sollte in den Spiegel schauen, bevor sie dem ungarischen Premierminister Viktor Orb\u00e1n vorwirft, die Demokratie zu unterdr\u00fccken. Das erkl\u00e4rte Bal\u00e1zs Orb\u00e1n, einer von Viktor Orb\u00e1ns hochrangigen Beratern.\u00a0\u00a0<\/p>\n<p>Clinton schimpfte am Mittwoch auf X \u00fcber den ehemaligen Pr\u00e4sidenten Donald Trump, weil er Orb\u00e1n w\u00e4hrend seiner Debatte mit der Vizepr\u00e4sidentin Kamala Harris am Vorabend gelobt hatte. Clinton bezeichnete Orb\u00e1n als &#8220;demokratievernichtenden ungarischen Diktator&#8221;. Dazu <a rel=\"nofollow noopener\" target=\"_blank\" href=\"https:\/\/www.vox.com\/policy-and-politics\/2018\/9\/13\/17823488\/hungary-democracy-authoritarianism-trump\">teilte sie einen Artikel <\/a>aus dem Jahr 2018, wonach seine strenge Einwanderungspolitik, die umstrittenen Justizreformen und die Ausweisung der NGO Open Society Foundations des liberalen Finanziers George Soros einem &#8220;sanften Faschismus&#8221; gleichk\u00e4men.<\/p>\n<div class=\"EmbedBlock-root EmbedBlock-twitter\">\n<div class=\"TwitterEmbed\">\n<blockquote class=\"twitter-tweet lazyload\" data-twitter=\"twitter-tweet\">\n<p lang=\"en\" dir=\"ltr\">Not familiar with Viktor Orb\u00e1n, the democracy-killing Hungarian dictator whose approval Trump touted on the debate stage last night? Here&#8217;s a good explainer.<a rel=\"nofollow noopener\" target=\"_blank\" href=\"https:\/\/t.co\/TtuD2HCXdi\">https:\/\/t.co\/TtuD2HCXdi<\/a><\/p>\n<p>\u2014 Hillary Clinton (@HillaryClinton) <a rel=\"nofollow noopener\" target=\"_blank\" href=\"https:\/\/twitter.com\/HillaryClinton\/status\/1833855034775265685?ref_src=twsrc%5Etfw\">September 11, 2024<\/a><\/p><\/blockquote>\n<\/div>\n<\/div>\n<p>Bal\u00e1zs Orb\u00e1n, der politische Direktor von Viktor Orb\u00e1ns B\u00fcro und nicht verwandt mit dem Premierminister, <a rel=\"nofollow noopener\" target=\"_blank\" href=\"https:\/\/x.com\/BalazsOrban_HU\/status\/1833875618749927850\">antwortete<\/a> kurz darauf: &#8220;Sehr geehrte Frau Clinton&#8221;, schrieb er auf X.<\/p>\n<p><em>&#8220;Darf ich Ihnen mitteilen, was meiner Meinung nach der Tod der Demokratie ist: der Wunsch, Ihre politischen Gegner zu inhaftieren, das Vers\u00e4umnis, Wahlen transparent zu organisieren, und der Versuch, unzufriedene W\u00e4hler durch migrantische W\u00e4hler zu ersetzen. Auf welches Land trifft das Ihrer Meinung nach zu?&#8221; <\/em><\/p>\n<p>Am Ende f\u00fcgte er hinzu:<\/p>\n<p><em>&#8220;Wenn er Ihre \u00c4u\u00dferungen liest, denkt jeder vern\u00fcnftige Mensch an den Spruch: Zieh zuerst den Balken aus deinem eigenen Auge.&#8221;<\/em><\/p>\n<div class=\"EmbedBlock-root EmbedBlock-twitter\">\n<div class=\"TwitterEmbed\">\n<blockquote class=\"twitter-tweet lazyload\" data-twitter=\"twitter-tweet\">\n<p lang=\"en\" dir=\"ltr\">Dear Mrs. Clinton,May I share with you what I think the death of <a rel=\"nofollow noopener\" target=\"_blank\" href=\"https:\/\/twitter.com\/hashtag\/democracy?src=hash&amp;ref_src=twsrc%5Etfw\">#democracy<\/a> is: the desire to imprison your political opponents, the failure to organize elections transparently, and the attempt to replace dissatisfied voters with migrant voters. Which country do you think this\u2026 <a rel=\"nofollow noopener\" target=\"_blank\" href=\"https:\/\/t.co\/0cGgnCg8BC\">https:\/\/t.co\/0cGgnCg8BC<\/a><\/p>\n<p>\u2014 Bal\u00e1zs Orb\u00e1n (@BalazsOrban_HU) <a rel=\"nofollow noopener\" target=\"_blank\" href=\"https:\/\/twitter.com\/BalazsOrban_HU\/status\/1833875618749927850?ref_src=twsrc%5Etfw\">September 11, 2024<\/a><\/p><\/blockquote>\n<\/div>\n<\/div>\n<p>Viktor Orb\u00e1n hat seine Unterst\u00fctzung f\u00fcr Trump offen gezeigt, die Wahlkampagne des ehemaligen Pr\u00e4sidenten unterst\u00fctzt und sich Anfang des Jahres mit ihm in Florida getroffen. Der ungarische Staatschef hat Trump als den einzigen amerikanischen Politiker bezeichnet, der den Ukraine-Konflikt beenden kann. Mehrfach hat er erkl\u00e4rt, dass der Konflikt nie ausgebrochen w\u00e4re, w\u00e4re Trump im Jahr 2022 im Wei\u00dfen Haus gewesen.<\/p>\n<p>Wie die <em>Berliner Zeitung<\/em> am Donnerstag <a rel=\"nofollow noopener\" target=\"_blank\" href=\"https:\/\/www.berliner-zeitung.de\/news\/hillary-clinton-greift-orban-an-budapest-kontert-sie-kann-uns-nicht-ueber-demokratie-belehren-li.2253358\">berichtete<\/a>, hatte der ungarische Ministerpr\u00e4sident auf einer Konferenz der Republikaner im Jahr 2022 sogar stehende Ovationen erhalten. In einer Rede hatte er damals den Zuschauern gesagt: &#8220;Wir m\u00fcssen uns die Institutionen in Washington und Br\u00fcssel zur\u00fcckholen. Wir m\u00fcssen Freunde und Verb\u00fcndete in den anderen finden.&#8221;<\/p>\n<p>Bal\u00e1zs Orb\u00e1ns Kritik an Clinton spiegelt Trumps eigene Auseinandersetzungen mit der Demokratischen Partei wider. Der ehemalige Pr\u00e4sident hat die zahlreichen Strafverfahren gegen seine Person\u00a0als von den Demokraten gef\u00fchrte Versuche bezeichnet, das Justizsystem zu &#8220;bewaffnen&#8221; und ihn im November an der Wahl zu hindern. Au\u00dferdem hatte er die Demokraten und sympathisierende Lokalpolitiker beschuldigt, die Wahl 2024 f\u00fcr Biden zu &#8220;manipulieren&#8221;. Sie w\u00fcrden Millionen illegaler Einwanderer ins Land lassen, &#8220;weil sie diese Leute zur Wahl anmelden wollen.&#8221; Trump hat Orb\u00e1ns strenge Einwanderungspolitik stets gelobt \u2013 genau wie einige seiner prominenten Unterst\u00fctzer, wie zum Beispiel der bekannte US-Journalist Tucker Carlson.<\/p>\n<p><strong>Mehr zum Thema<\/strong> &#8211; <a rel=\"nofollow noopener\" target=\"_blank\" href=\"https:\/\/dert.online\/europa\/218387-orban-nennt-ersten-schritt-zum\/\">Orban nennt ersten Schritt zum Frieden in der Ukraine\u00a0<\/a>\u00a0\u00a0<\/p>\n<\/p>\n<\/div>\n<p><script async src=\"https:\/\/platform.twitter.com\/widgets.js\" charset=\"utf-8\"><\/script><br \/>\n<br \/><br \/>\n<br \/><a href=\"https:\/\/de.rt.com\/international\/218944-ungarn-kontert-gegen-hillary-clinton\/\">Source link <\/a><\/p>\n","protected":false},"excerpt":{"rendered":"<p>Der ungarische Regierungsbeamte Bal\u00e1zs Orb\u00e1n reagiert auf Hillary Clintons Anschuldigung. Clinton hatte den ungarischen Premier am Mittwoch als &#8220;demokratievernichtenden ungarischen Diktator&#8221; bezeichnet. &#8220;Zieh zuerst den Balken aus deinem eigenen Auge&#8221;, schrieb er auf X an Clinton. Die gescheiterte US-Pr\u00e4sidentschaftskandidatin Hillary Clinton sollte in den Spiegel schauen, bevor sie dem ungarischen Premierminister Viktor Orb\u00e1n vorwirft, die [&hellip;]<\/p>\n","protected":false},"author":3,"featured_media":68783,"comment_status":"open","ping_status":"open","sticky":false,"template":"","format":"standard","meta":{"_yoast_indexnow_last_ping":["1726135822"],"wp_automatic_camp":["217"],"e15fcf3b5348c53ffc4e8b2e5f4005bf":["&quot;Darf ich Ihnen mitteilen, was der Tod der Demokratie ist?&quot; Ungarn kontert Hillary Clinton"],"original_link":["https:\/\/de.rt.com\/international\/218944-ungarn-kontert-gegen-hillary-clinton\/"],"_thumbnail_id":["68783"],"jnews_social_counter_last_update":["1777195377"],"_wptgpro_p2tg_sent2tg":["a:1:{i:23737;s:19:\"2024-09-12 12:11:29\";}"]},"categories":[19,23],"tags":[8714,2570,82,6470,410,4823,24403,23668,41194,58483,12077,11664],"yoast_head":"<!-- This site is optimized with the Yoast SEO Premium plugin v22.7 (Yoast SEO v22.7) - https:\/\/yoast.com\/wordpress\/plugins\/seo\/ -->\n<title>&quot;Darf ich Ihnen mitteilen, was der Tod der Demokratie ist?&quot; Ungarn kontert Hillary Clinton - just-now.NEWS Deutschland<\/title>\n<meta name=\"robots\" content=\"index, follow, max-snippet:-1, max-image-preview:large, max-video-preview:-1\" \/>\n<link rel=\"canonical\" href=\"https:\/\/now-news.de\/de\/deutschland\/darf-ich-ihnen-mitteilen-was-der-tod-der-demokratie-ist-ungarn-kontert-hillary-clinton\/\" \/>\n<meta property=\"og:locale\" content=\"de_DE\" \/>\n<meta property=\"og:type\" content=\"article\" \/>\n<meta property=\"og:title\" content=\"&quot;Darf ich Ihnen mitteilen, was der Tod der Demokratie ist?&quot; Ungarn kontert Hillary Clinton\" \/>\n<meta property=\"og:description\" content=\"Der ungarische Regierungsbeamte Bal\u00e1zs Orb\u00e1n reagiert auf Hillary Clintons Anschuldigung. Clinton hatte den ungarischen Premier am Mittwoch als &#8220;demokratievernichtenden ungarischen Diktator&#8221; bezeichnet. &#8220;Zieh zuerst den Balken aus deinem eigenen Auge&#8221;, schrieb er auf X an Clinton. Die gescheiterte US-Pr\u00e4sidentschaftskandidatin Hillary Clinton sollte in den Spiegel schauen, bevor sie dem ungarischen Premierminister Viktor Orb\u00e1n vorwirft, die [&hellip;]\" \/>\n<meta property=\"og:url\" content=\"https:\/\/now-news.de\/de\/deutschland\/darf-ich-ihnen-mitteilen-was-der-tod-der-demokratie-ist-ungarn-kontert-hillary-clinton\/\" \/>\n<meta property=\"og:site_name\" content=\"just-now.NEWS Deutschland\" \/>\n<meta property=\"article:publisher\" content=\"https:\/\/www.facebook.com\/wirmachenauf\" \/>\n<meta property=\"article:published_time\" content=\"2024-09-12T09:59:06+00:00\" \/>\n<meta property=\"og:image\" content=\"https:\/\/now-news.de\/de\/wp-content\/uploads\/sites\/3\/2024\/09\/66e2b415b480cc14776fb336.jpg\" \/>\n<meta name=\"author\" content=\"rtnews\" \/>\n<meta name=\"twitter:card\" content=\"summary_large_image\" \/>\n<meta name=\"twitter:creator\" content=\"@WirMachenAuf_de\" \/>\n<meta name=\"twitter:site\" content=\"@WirMachenAuf_de\" \/>\n<meta name=\"twitter:label1\" content=\"Verfasst von\" \/>\n\t<meta name=\"twitter:data1\" content=\"rtnews\" \/>\n\t<meta name=\"twitter:label2\" content=\"Gesch\u00e4tzte Lesezeit\" \/>\n\t<meta name=\"twitter:data2\" content=\"3\u00a0Minuten\" \/>\n<script type=\"application\/ld+json\" class=\"yoast-schema-graph\">{\"@context\":\"https:\/\/schema.org\",\"@graph\":[{\"@type\":\"Article\",\"@id\":\"https:\/\/now-news.de\/de\/deutschland\/darf-ich-ihnen-mitteilen-was-der-tod-der-demokratie-ist-ungarn-kontert-hillary-clinton\/#article\",\"isPartOf\":{\"@id\":\"https:\/\/now-news.de\/de\/deutschland\/darf-ich-ihnen-mitteilen-was-der-tod-der-demokratie-ist-ungarn-kontert-hillary-clinton\/\"},\"author\":{\"name\":\"rtnews\",\"@id\":\"https:\/\/now-news.de\/de\/#\/schema\/person\/fb534a4e865501d8b3285208df34a9b5\"},\"headline\":\"&quot;Darf ich Ihnen mitteilen, was der Tod der Demokratie ist?&quot; Ungarn kontert Hillary Clinton\",\"datePublished\":\"2024-09-12T09:59:06+00:00\",\"dateModified\":\"2024-09-12T09:59:06+00:00\",\"mainEntityOfPage\":{\"@id\":\"https:\/\/now-news.de\/de\/deutschland\/darf-ich-ihnen-mitteilen-was-der-tod-der-demokratie-ist-ungarn-kontert-hillary-clinton\/\"},\"wordCount\":607,\"commentCount\":0,\"publisher\":{\"@id\":\"https:\/\/now-news.de\/de\/#organization\"},\"image\":{\"@id\":\"https:\/\/now-news.de\/de\/deutschland\/darf-ich-ihnen-mitteilen-was-der-tod-der-demokratie-ist-ungarn-kontert-hillary-clinton\/#primaryimage\"},\"thumbnailUrl\":\"https:\/\/now-news.de\/de\/wp-content\/uploads\/sites\/3\/2024\/09\/quotDarf-ich-Ihnen-mitteilen-was-der-Tod-der-Demokratie-istquot.jpg\",\"keywords\":[\"Clinton\",\"Demokratie\",\"der\",\"Hillary\",\"Ich\",\"ihnen\",\"istquot\",\"kontert\",\"mitteilen\",\"quotDarf\",\"Tod\",\"Ungarn\"],\"articleSection\":[\"Deutschland\",\"Russland\"],\"inLanguage\":\"de\",\"potentialAction\":[{\"@type\":\"CommentAction\",\"name\":\"Comment\",\"target\":[\"https:\/\/now-news.de\/de\/deutschland\/darf-ich-ihnen-mitteilen-was-der-tod-der-demokratie-ist-ungarn-kontert-hillary-clinton\/#respond\"]}]},{\"@type\":\"WebPage\",\"@id\":\"https:\/\/now-news.de\/de\/deutschland\/darf-ich-ihnen-mitteilen-was-der-tod-der-demokratie-ist-ungarn-kontert-hillary-clinton\/\",\"url\":\"https:\/\/now-news.de\/de\/deutschland\/darf-ich-ihnen-mitteilen-was-der-tod-der-demokratie-ist-ungarn-kontert-hillary-clinton\/\",\"name\":\"&quot;Darf ich Ihnen mitteilen, was der Tod der Demokratie ist?&quot; Ungarn kontert Hillary Clinton - just-now.NEWS Deutschland\",\"isPartOf\":{\"@id\":\"https:\/\/now-news.de\/de\/#website\"},\"primaryImageOfPage\":{\"@id\":\"https:\/\/now-news.de\/de\/deutschland\/darf-ich-ihnen-mitteilen-was-der-tod-der-demokratie-ist-ungarn-kontert-hillary-clinton\/#primaryimage\"},\"image\":{\"@id\":\"https:\/\/now-news.de\/de\/deutschland\/darf-ich-ihnen-mitteilen-was-der-tod-der-demokratie-ist-ungarn-kontert-hillary-clinton\/#primaryimage\"},\"thumbnailUrl\":\"https:\/\/now-news.de\/de\/wp-content\/uploads\/sites\/3\/2024\/09\/quotDarf-ich-Ihnen-mitteilen-was-der-Tod-der-Demokratie-istquot.jpg\",\"datePublished\":\"2024-09-12T09:59:06+00:00\",\"dateModified\":\"2024-09-12T09:59:06+00:00\",\"breadcrumb\":{\"@id\":\"https:\/\/now-news.de\/de\/deutschland\/darf-ich-ihnen-mitteilen-was-der-tod-der-demokratie-ist-ungarn-kontert-hillary-clinton\/#breadcrumb\"},\"inLanguage\":\"de\",\"potentialAction\":[{\"@type\":\"ReadAction\",\"target\":[\"https:\/\/now-news.de\/de\/deutschland\/darf-ich-ihnen-mitteilen-was-der-tod-der-demokratie-ist-ungarn-kontert-hillary-clinton\/\"]}]},{\"@type\":\"ImageObject\",\"inLanguage\":\"de\",\"@id\":\"https:\/\/now-news.de\/de\/deutschland\/darf-ich-ihnen-mitteilen-was-der-tod-der-demokratie-ist-ungarn-kontert-hillary-clinton\/#primaryimage\",\"url\":\"https:\/\/now-news.de\/de\/wp-content\/uploads\/sites\/3\/2024\/09\/quotDarf-ich-Ihnen-mitteilen-was-der-Tod-der-Demokratie-istquot.jpg\",\"contentUrl\":\"https:\/\/now-news.de\/de\/wp-content\/uploads\/sites\/3\/2024\/09\/quotDarf-ich-Ihnen-mitteilen-was-der-Tod-der-Demokratie-istquot.jpg\",\"width\":460,\"height\":259,\"caption\":\"&quot;Darf ich Ihnen mitteilen, was der Tod der Demokratie ist?&quot; Ungarn kontert Hillary Clinton\"},{\"@type\":\"BreadcrumbList\",\"@id\":\"https:\/\/now-news.de\/de\/deutschland\/darf-ich-ihnen-mitteilen-was-der-tod-der-demokratie-ist-ungarn-kontert-hillary-clinton\/#breadcrumb\",\"itemListElement\":[{\"@type\":\"ListItem\",\"position\":1,\"name\":\"Home\",\"item\":\"https:\/\/now-news.de\/de\/\"},{\"@type\":\"ListItem\",\"position\":2,\"name\":\"&quot;Darf ich Ihnen mitteilen, was der Tod der Demokratie ist?&quot; Ungarn kontert Hillary Clinton\"}]},{\"@type\":\"WebSite\",\"@id\":\"https:\/\/now-news.de\/de\/#website\",\"url\":\"https:\/\/now-news.de\/de\/\",\"name\":\"just-now.NEWS Deutschland\",\"description\":\"Das Portal f\u00fcr unzensierte Nachrichten aus der Welt\",\"publisher\":{\"@id\":\"https:\/\/now-news.de\/de\/#organization\"},\"potentialAction\":[{\"@type\":\"SearchAction\",\"target\":{\"@type\":\"EntryPoint\",\"urlTemplate\":\"https:\/\/now-news.de\/de\/?s={search_term_string}\"},\"query-input\":\"required name=search_term_string\"}],\"inLanguage\":\"de\"},{\"@type\":\"Organization\",\"@id\":\"https:\/\/now-news.de\/de\/#organization\",\"name\":\"Just Now News\",\"url\":\"https:\/\/now-news.de\/de\/\",\"logo\":{\"@type\":\"ImageObject\",\"inLanguage\":\"de\",\"@id\":\"https:\/\/now-news.de\/de\/#\/schema\/logo\/image\/\",\"url\":\"http:\/\/just-now.news\/de\/wp-content\/uploads\/sites\/3\/2022\/04\/logo500x500.jpg\",\"contentUrl\":\"http:\/\/just-now.news\/de\/wp-content\/uploads\/sites\/3\/2022\/04\/logo500x500.jpg\",\"width\":500,\"height\":500,\"caption\":\"Just Now News\"},\"image\":{\"@id\":\"https:\/\/now-news.de\/de\/#\/schema\/logo\/image\/\"},\"sameAs\":[\"https:\/\/www.facebook.com\/wirmachenauf\",\"https:\/\/x.com\/WirMachenAuf_de\"]},{\"@type\":\"Person\",\"@id\":\"https:\/\/now-news.de\/de\/#\/schema\/person\/fb534a4e865501d8b3285208df34a9b5\",\"name\":\"rtnews\",\"image\":{\"@type\":\"ImageObject\",\"inLanguage\":\"de\",\"@id\":\"https:\/\/now-news.de\/de\/#\/schema\/person\/image\/\",\"url\":\"https:\/\/secure.gravatar.com\/avatar\/82aafea7d8127119dd649515f56e2117?s=96&d=mm&r=g\",\"contentUrl\":\"https:\/\/secure.gravatar.com\/avatar\/82aafea7d8127119dd649515f56e2117?s=96&d=mm&r=g\",\"caption\":\"rtnews\"},\"url\":\"https:\/\/now-news.de\/de\/author\/rnews\/\"}]}<\/script>\n<!-- \/ Yoast SEO Premium plugin. -->","yoast_head_json":{"title":"&quot;Darf ich Ihnen mitteilen, was der Tod der Demokratie ist?&quot; Ungarn kontert Hillary Clinton - just-now.NEWS Deutschland","robots":{"index":"index","follow":"follow","max-snippet":"max-snippet:-1","max-image-preview":"max-image-preview:large","max-video-preview":"max-video-preview:-1"},"canonical":"https:\/\/now-news.de\/de\/deutschland\/darf-ich-ihnen-mitteilen-was-der-tod-der-demokratie-ist-ungarn-kontert-hillary-clinton\/","og_locale":"de_DE","og_type":"article","og_title":"&quot;Darf ich Ihnen mitteilen, was der Tod der Demokratie ist?&quot; Ungarn kontert Hillary Clinton","og_description":"Der ungarische Regierungsbeamte Bal\u00e1zs Orb\u00e1n reagiert auf Hillary Clintons Anschuldigung. Clinton hatte den ungarischen Premier am Mittwoch als &#8220;demokratievernichtenden ungarischen Diktator&#8221; bezeichnet. &#8220;Zieh zuerst den Balken aus deinem eigenen Auge&#8221;, schrieb er auf X an Clinton. Die gescheiterte US-Pr\u00e4sidentschaftskandidatin Hillary Clinton sollte in den Spiegel schauen, bevor sie dem ungarischen Premierminister Viktor Orb\u00e1n vorwirft, die [&hellip;]","og_url":"https:\/\/now-news.de\/de\/deutschland\/darf-ich-ihnen-mitteilen-was-der-tod-der-demokratie-ist-ungarn-kontert-hillary-clinton\/","og_site_name":"just-now.NEWS Deutschland","article_publisher":"https:\/\/www.facebook.com\/wirmachenauf","article_published_time":"2024-09-12T09:59:06+00:00","og_image":[{"url":"https:\/\/now-news.de\/de\/wp-content\/uploads\/sites\/3\/2024\/09\/66e2b415b480cc14776fb336.jpg"}],"author":"rtnews","twitter_card":"summary_large_image","twitter_creator":"@WirMachenAuf_de","twitter_site":"@WirMachenAuf_de","twitter_misc":{"Verfasst von":"rtnews","Gesch\u00e4tzte Lesezeit":"3\u00a0Minuten"},"schema":{"@context":"https:\/\/schema.org","@graph":[{"@type":"Article","@id":"https:\/\/now-news.de\/de\/deutschland\/darf-ich-ihnen-mitteilen-was-der-tod-der-demokratie-ist-ungarn-kontert-hillary-clinton\/#article","isPartOf":{"@id":"https:\/\/now-news.de\/de\/deutschland\/darf-ich-ihnen-mitteilen-was-der-tod-der-demokratie-ist-ungarn-kontert-hillary-clinton\/"},"author":{"name":"rtnews","@id":"https:\/\/now-news.de\/de\/#\/schema\/person\/fb534a4e865501d8b3285208df34a9b5"},"headline":"&quot;Darf ich Ihnen mitteilen, was der Tod der Demokratie ist?&quot; Ungarn kontert Hillary Clinton","datePublished":"2024-09-12T09:59:06+00:00","dateModified":"2024-09-12T09:59:06+00:00","mainEntityOfPage":{"@id":"https:\/\/now-news.de\/de\/deutschland\/darf-ich-ihnen-mitteilen-was-der-tod-der-demokratie-ist-ungarn-kontert-hillary-clinton\/"},"wordCount":607,"commentCount":0,"publisher":{"@id":"https:\/\/now-news.de\/de\/#organization"},"image":{"@id":"https:\/\/now-news.de\/de\/deutschland\/darf-ich-ihnen-mitteilen-was-der-tod-der-demokratie-ist-ungarn-kontert-hillary-clinton\/#primaryimage"},"thumbnailUrl":"https:\/\/now-news.de\/de\/wp-content\/uploads\/sites\/3\/2024\/09\/quotDarf-ich-Ihnen-mitteilen-was-der-Tod-der-Demokratie-istquot.jpg","keywords":["Clinton","Demokratie","der","Hillary","Ich","ihnen","istquot","kontert","mitteilen","quotDarf","Tod","Ungarn"],"articleSection":["Deutschland","Russland"],"inLanguage":"de","potentialAction":[{"@type":"CommentAction","name":"Comment","target":["https:\/\/now-news.de\/de\/deutschland\/darf-ich-ihnen-mitteilen-was-der-tod-der-demokratie-ist-ungarn-kontert-hillary-clinton\/#respond"]}]},{"@type":"WebPage","@id":"https:\/\/now-news.de\/de\/deutschland\/darf-ich-ihnen-mitteilen-was-der-tod-der-demokratie-ist-ungarn-kontert-hillary-clinton\/","url":"https:\/\/now-news.de\/de\/deutschland\/darf-ich-ihnen-mitteilen-was-der-tod-der-demokratie-ist-ungarn-kontert-hillary-clinton\/","name":"&quot;Darf ich Ihnen mitteilen, was der Tod der Demokratie ist?&quot; Ungarn kontert Hillary Clinton - just-now.NEWS Deutschland","isPartOf":{"@id":"https:\/\/now-news.de\/de\/#website"},"primaryImageOfPage":{"@id":"https:\/\/now-news.de\/de\/deutschland\/darf-ich-ihnen-mitteilen-was-der-tod-der-demokratie-ist-ungarn-kontert-hillary-clinton\/#primaryimage"},"image":{"@id":"https:\/\/now-news.de\/de\/deutschland\/darf-ich-ihnen-mitteilen-was-der-tod-der-demokratie-ist-ungarn-kontert-hillary-clinton\/#primaryimage"},"thumbnailUrl":"https:\/\/now-news.de\/de\/wp-content\/uploads\/sites\/3\/2024\/09\/quotDarf-ich-Ihnen-mitteilen-was-der-Tod-der-Demokratie-istquot.jpg","datePublished":"2024-09-12T09:59:06+00:00","dateModified":"2024-09-12T09:59:06+00:00","breadcrumb":{"@id":"https:\/\/now-news.de\/de\/deutschland\/darf-ich-ihnen-mitteilen-was-der-tod-der-demokratie-ist-ungarn-kontert-hillary-clinton\/#breadcrumb"},"inLanguage":"de","potentialAction":[{"@type":"ReadAction","target":["https:\/\/now-news.de\/de\/deutschland\/darf-ich-ihnen-mitteilen-was-der-tod-der-demokratie-ist-ungarn-kontert-hillary-clinton\/"]}]},{"@type":"ImageObject","inLanguage":"de","@id":"https:\/\/now-news.de\/de\/deutschland\/darf-ich-ihnen-mitteilen-was-der-tod-der-demokratie-ist-ungarn-kontert-hillary-clinton\/#primaryimage","url":"https:\/\/now-news.de\/de\/wp-content\/uploads\/sites\/3\/2024\/09\/quotDarf-ich-Ihnen-mitteilen-was-der-Tod-der-Demokratie-istquot.jpg","contentUrl":"https:\/\/now-news.de\/de\/wp-content\/uploads\/sites\/3\/2024\/09\/quotDarf-ich-Ihnen-mitteilen-was-der-Tod-der-Demokratie-istquot.jpg","width":460,"height":259,"caption":"&quot;Darf ich Ihnen mitteilen, was der Tod der Demokratie ist?&quot; Ungarn kontert Hillary Clinton"},{"@type":"BreadcrumbList","@id":"https:\/\/now-news.de\/de\/deutschland\/darf-ich-ihnen-mitteilen-was-der-tod-der-demokratie-ist-ungarn-kontert-hillary-clinton\/#breadcrumb","itemListElement":[{"@type":"ListItem","position":1,"name":"Home","item":"https:\/\/now-news.de\/de\/"},{"@type":"ListItem","position":2,"name":"&quot;Darf ich Ihnen mitteilen, was der Tod der Demokratie ist?&quot; Ungarn kontert Hillary Clinton"}]},{"@type":"WebSite","@id":"https:\/\/now-news.de\/de\/#website","url":"https:\/\/now-news.de\/de\/","name":"just-now.NEWS Deutschland","description":"Das Portal f\u00fcr unzensierte Nachrichten aus der Welt","publisher":{"@id":"https:\/\/now-news.de\/de\/#organization"},"potentialAction":[{"@type":"SearchAction","target":{"@type":"EntryPoint","urlTemplate":"https:\/\/now-news.de\/de\/?s={search_term_string}"},"query-input":"required name=search_term_string"}],"inLanguage":"de"},{"@type":"Organization","@id":"https:\/\/now-news.de\/de\/#organization","name":"Just Now News","url":"https:\/\/now-news.de\/de\/","logo":{"@type":"ImageObject","inLanguage":"de","@id":"https:\/\/now-news.de\/de\/#\/schema\/logo\/image\/","url":"http:\/\/just-now.news\/de\/wp-content\/uploads\/sites\/3\/2022\/04\/logo500x500.jpg","contentUrl":"http:\/\/just-now.news\/de\/wp-content\/uploads\/sites\/3\/2022\/04\/logo500x500.jpg","width":500,"height":500,"caption":"Just Now News"},"image":{"@id":"https:\/\/now-news.de\/de\/#\/schema\/logo\/image\/"},"sameAs":["https:\/\/www.facebook.com\/wirmachenauf","https:\/\/x.com\/WirMachenAuf_de"]},{"@type":"Person","@id":"https:\/\/now-news.de\/de\/#\/schema\/person\/fb534a4e865501d8b3285208df34a9b5","name":"rtnews","image":{"@type":"ImageObject","inLanguage":"de","@id":"https:\/\/now-news.de\/de\/#\/schema\/person\/image\/","url":"https:\/\/secure.gravatar.com\/avatar\/82aafea7d8127119dd649515f56e2117?s=96&d=mm&r=g","contentUrl":"https:\/\/secure.gravatar.com\/avatar\/82aafea7d8127119dd649515f56e2117?s=96&d=mm&r=g","caption":"rtnews"},"url":"https:\/\/now-news.de\/de\/author\/rnews\/"}]}},"_links":{"self":[{"href":"https:\/\/now-news.de\/de\/wp-json\/wp\/v2\/posts\/68782"}],"collection":[{"href":"https:\/\/now-news.de\/de\/wp-json\/wp\/v2\/posts"}],"about":[{"href":"https:\/\/now-news.de\/de\/wp-json\/wp\/v2\/types\/post"}],"author":[{"embeddable":true,"href":"https:\/\/now-news.de\/de\/wp-json\/wp\/v2\/users\/3"}],"replies":[{"embeddable":true,"href":"https:\/\/now-news.de\/de\/wp-json\/wp\/v2\/comments?post=68782"}],"version-history":[{"count":0,"href":"https:\/\/now-news.de\/de\/wp-json\/wp\/v2\/posts\/68782\/revisions"}],"wp:featuredmedia":[{"embeddable":true,"href":"https:\/\/now-news.de\/de\/wp-json\/wp\/v2\/media\/68783"}],"wp:attachment":[{"href":"https:\/\/now-news.de\/de\/wp-json\/wp\/v2\/media?parent=68782"}],"wp:term":[{"taxonomy":"category","embeddable":true,"href":"https:\/\/now-news.de\/de\/wp-json\/wp\/v2\/categories?post=68782"},{"taxonomy":"post_tag","embeddable":true,"href":"https:\/\/now-news.de\/de\/wp-json\/wp\/v2\/tags?post=68782"}],"curies":[{"name":"wp","href":"https:\/\/api.w.org\/{rel}","templated":true}]}}