{"id":68742,"date":"2024-09-11T18:21:16","date_gmt":"2024-09-11T16:21:16","guid":{"rendered":"https:\/\/now-news.de\/de\/deutschland\/thilo-sarrazin-eine-scharfe-analyse-der-deutschen-migrationspolitik\/"},"modified":"2024-09-11T18:21:16","modified_gmt":"2024-09-11T16:21:16","slug":"thilo-sarrazin-eine-scharfe-analyse-der-deutschen-migrationspolitik","status":"publish","type":"post","link":"https:\/\/now-news.de\/de\/deutschland\/thilo-sarrazin-eine-scharfe-analyse-der-deutschen-migrationspolitik\/","title":{"rendered":"Thilo Sarrazin: Eine scharfe Analyse der deutschen Migrationspolitik"},"content":{"rendered":"<p><img decoding=\"async\" src=\"https:\/\/now-news.de\/de\/wp-content\/uploads\/sites\/3\/2024\/09\/66e167ebb480cc09825bcd95.jpg\" \/><\/p>\n<div class=\"Text-root Text-type_1 \">\n                In einem Interview mit der NZZ reflektiert der ehemalige SPD-Politiker Thilo Sarrazin \u00fcber die aktuelle Lage der deutschen Migrationspolitik, die Entwicklung der AfD und den Zustand der politischen Debatte in Deutschland.\n            <\/div>\n<p><\/p>\n<div class=\"Text-root Text-type_5 ArticleView-text ViewText-root \">\n<p>Im Rahmen eines Interviews mit der\u00a0<a rel=\"nofollow noopener\" target=\"_blank\" href=\"https:\/\/www.nzz.ch\/feuilleton\/thilo-sarrazin-politiker-sollen-sich-dazu-bekennen-dass-sie-fuer-ihre-ideologischen-ziele-den-untergang-der-gesellschaft-in-kauf-nehmen-ld.1847464\"><em>NZZ<\/em><\/a>\u00a0\u00e4u\u00dferte sich der fr\u00fchere SPD-Politiker und Autor Thilo Sarrazin erneut kritisch zur deutschen Politik, insbesondere zur Migrationspolitik und den Folgen einer fehlgeleiteten Ideologie. Sarrazin, der durch seine\u00a0<a rel=\"nofollow noopener\" target=\"_blank\" href=\"https:\/\/www.nzz.ch\/feuilleton\/islamkritik-thilo-sarrazin-ld.1817322\">islamkritischen<\/a>\u00a0B\u00fccher und den darauffolgenden Ausschluss aus der SPD f\u00fcr Aufsehen sorgte, stellt nicht nur die Migrationspolitik, sondern auch die Reaktionen auf die j\u00fcngsten Wahlerfolge der AfD in den Mittelpunkt seiner Analyse.<\/p>\n<p><strong>Die SPD am Abgrund: Eine Partei ohne Kurs und ohne Zukunft<\/strong><\/p>\n<p>Sarrazin beginnt das Interview mit einer scharfen Abrechnung mit der SPD, der Partei, der er 47 Jahre lang angeh\u00f6rte, bevor er 2020 ausgeschlossen wurde. Sein Buch\u00a0<em>&#8220;<a rel=\"nofollow noopener\" target=\"_blank\" href=\"https:\/\/www.amazon.de\/Feindliche-%C3%9Cbernahme-Fortschritt-behindert-Gesellschaft\/dp\/3959721625\">Feindliche \u00dcbernahme<\/a>&#8220;<\/em>, in dem er die Gefahren unkontrollierter muslimischer Zuwanderung thematisierte, war der Stein des Ansto\u00dfes f\u00fcr seinen Parteiausschluss. Dennoch empfindet Sarrazin keine Rachsucht gegen\u00fcber seiner ehemaligen Partei, sondern vielmehr Trauer \u00fcber ihren Niedergang. Er sieht die SPD in einem Zustand des &#8220;moralischen Konkurs&#8221;. F\u00fcr ihn ist klar, dass die Partei sich einer radikalen Umstrukturierung unterziehen muss, wenn sie politisch wieder relevant werden m\u00f6chte.<\/p>\n<p>Besonders nach den j\u00fcngsten Wahlschlappen der SPD in Ostdeutschland, wo die Partei teilweise unter zehn Prozent der Stimmen erhalten hat, spricht Sarrazin von einer &#8220;krachenden Niederlage&#8221;, die jedoch bei den F\u00fchrungskr\u00e4ften der SPD noch nicht zu einem Umdenken gef\u00fchrt habe. Seiner Ansicht nach verdr\u00e4ngt die Parteif\u00fchrung die Realit\u00e4t und klammert sich an Illusionen, statt die dr\u00e4ngenden Probleme \u2013 insbesondere die Migrationskrise \u2013 direkt anzugehen.<\/p>\n<p><strong>Die AfD und die politische Ausgrenzung: Ein Fehler, der die Demokratie schw\u00e4cht<\/strong><\/p>\n<p>Ein zentrales Thema im Gespr\u00e4ch ist der Umgang mit der AfD, die in den letzten Jahren stetig an Bedeutung gewonnen hat. Sarrazin kritisiert die sogenannte &#8220;Brandmauer&#8221; der etablierten Parteien gegen\u00fcber der AfD \u2013 die Weigerung, mit der Partei zu koalieren oder auch nur in Dialog zu treten. Er sieht dies als Ausdruck einer demokratischen Schw\u00e4che. Der Politiker f\u00fchrt aus:<\/p>\n<blockquote>\n<p>&#8220;Ich will in keiner Weise die AfD verteidigen und sehe vieles dort sehr kritisch. Aber eine Partei, die bundesweit bei 18 Prozent und nun in zwei L\u00e4ndern bei deutlich \u00fcber 30 Prozent liegt, sowie ihre Anh\u00e4nger kann man nicht ausschlie\u00dfen.&#8221;<\/p>\n<\/blockquote>\n<p>Sarrazin macht deutlich, dass es keine Verteidigung der problematischen Ansichten einzelner AfD-Politiker wie Bj\u00f6rn H\u00f6cke sei, doch er warnt davor, eine Partei, die in Teilen Deutschlands mehr als 30 Prozent der Stimmen erh\u00e4lt, zu d\u00e4monisieren und damit auch einen betr\u00e4chtlichen Teil der W\u00e4hler zu ignorieren.<\/p>\n<p>Laut Sarrazin tr\u00e4gt die Ausgrenzung der AfD nur dazu bei, die Partei und ihre Anh\u00e4nger zu radikalisieren und ihre Themen zu st\u00e4rken. Besonders problematisch findet er den \u00fcbertriebenen Alarmismus in den Medien, der Parallelen zum Zweiten Weltkrieg zieht, sobald die AfD Wahlerfolge verzeichnet. Er erkl\u00e4rt:<\/p>\n<blockquote>\n<p>&#8220;Das BSW sch\u00f6pft zu einem wesentlichen Teil aus dem Potenzial von AfD-W\u00e4hlern. Das hei\u00dft, die Brandmauer br\u00f6ckelt. Und wenn sie jetzt im Erzgebirge in einem Dorf mit 1000 Einwohnern 60 Prozent AfD-Vertreter haben, dann muss nat\u00fcrlich der CDU-B\u00fcrgermeister mit denen vern\u00fcnftig zusammenarbeiten. Der kann nicht anders.&#8221;<\/p>\n<\/blockquote>\n<p>Diese Art der Rhetorik wirke oft kontraproduktiv und erh\u00f6he die Unterst\u00fctzung f\u00fcr die Partei, anstatt sie zu verringern.<\/p>\n<p><strong>Messerattacken und die gescheiterte Migrationspolitik<\/strong><\/p>\n<p>Im\u00a0<a rel=\"nofollow noopener\" target=\"_blank\" href=\"https:\/\/www.nzz.ch\/feuilleton\/thilo-sarrazin-politiker-sollen-sich-dazu-bekennen-dass-sie-fuer-ihre-ideologischen-ziele-den-untergang-der-gesellschaft-in-kauf-nehmen-ld.1847464\">Interview<\/a>\u00a0bezieht Sarrazin sich auf die j\u00fcngsten Messerattacken in Mannheim und Solingen, die die Debatte \u00fcber die Migrationspolitik erneut angefacht haben. F\u00fcr ihn sind diese tragischen Ereignisse keine Einzelf\u00e4lle, sondern das Symptom einer umfassenderen Krise. Sarrazin f\u00fchrt die hohe Kriminalit\u00e4tsrate unter jungen m\u00e4nnlichen Migranten, insbesondere aus muslimisch gepr\u00e4gten L\u00e4ndern, als einen Beleg daf\u00fcr an, dass die deutsche Integrationspolitik versagt hat.<\/p>\n<p>Er verweist auf die hohe Zahl an Messerangriffen in Deutschland, von denen, so behauptet er, ein Gro\u00dfteil von jungen Migranten aus islamischen L\u00e4ndern ver\u00fcbt werde. Diese Tatsachen w\u00fcrden von der Politik und den Medien weitgehend ignoriert oder verharmlost, was es der AfD erm\u00f6gliche, das Thema f\u00fcr ihre Zwecke zu nutzen.<\/p>\n<p><strong>Eine realistische Migrationspolitik ist n\u00f6tig \u2013 und l\u00e4ngst \u00fcberf\u00e4llig<\/strong><\/p>\n<p>Sarrazin fordert in seinem neuen Buch\u00a0<em>&#8220;<a rel=\"nofollow noopener\" target=\"_blank\" href=\"https:\/\/www.amazon.de\/Deutschland-auf-schiefen-Bahn-steuert\/dp\/3784437176\/ref=sr_1_1?__mk_de_DE=%C3%85M%C3%85%C5%BD%C3%95%C3%91&amp;crid=GMPH2BSLPRD&amp;dib=eyJ2IjoiMSJ9.FN0R58OT2hqyJBSfl5rBlq2az8a59LX_aGewTb7Dn3Yp0U933NVdfZWynueAanKYDPxArLaAyb31YqXv5Soc58LCE-l2_qBcU1yoXEb3_dNFdXFbhaCXlklIlyxiaPykdRfQlsrIiFZG6bjsyXDko8-T8xb094KzyT8cI1LrMWf0MvxvUlbTkJHrH237m9Ws.OtZdxe857rBsiBA8hOC0cIm7LkQRAR4okYbdQiL7XsU&amp;dib_tag=se&amp;keywords=Deutschland+auf+der+schiefen+Bahn&amp;qid=1726048788&amp;s=books&amp;sprefix=deutschland+auf+der+schiefen+bahn%2Cstripbooks%2C106&amp;sr=1-1\">Deutschland auf der schiefen Bahn<\/a>&#8220;<\/em>\u00a0klare und entschlossene Ma\u00dfnahmen in der Migrationspolitik. F\u00fcr ihn ist es nicht nachvollziehbar, warum Deutschland weiterhin Menschen ohne Asylgrund ins Land l\u00e4sst, w\u00e4hrend andere europ\u00e4ische L\u00e4nder wie Ungarn, Finnland oder Bulgarien bereits eine h\u00e4rtere Linie fahren. Sarrazin sieht Deutschland als einzigen Staat in der EU, der sich noch strikt an das Schengen-Abkommen h\u00e4lt, w\u00e4hrend andere L\u00e4nder ihre Grenzen bereits effektiv kontrollieren.<\/p>\n<div class=\"EmbedBlock-root EmbedBlock-twitter\">\n<div class=\"TwitterEmbed\">\n<blockquote class=\"twitter-tweet lazyload\" data-twitter=\"twitter-tweet\" data-media-max-width=\"560\">\n<p lang=\"de\" dir=\"ltr\">\u201eAdenauer hat mit 250 Mitarbeitern im Kanzleramt bessere Politik gemacht als Scholz mit seinen heute 1000 Mitarbeitern\u201c, kritisiert Thilo Sarrazin einen aufgebl\u00e4hten Staatsapparat. Deutschland auf der schiefen Bahn? \ud83d\udc49\ud83d\udcfa <a rel=\"nofollow noopener\" target=\"_blank\" href=\"https:\/\/t.co\/MEmv1vkFv8\">https:\/\/t.co\/MEmv1vkFv8<\/a><a rel=\"nofollow noopener\" target=\"_blank\" href=\"https:\/\/t.co\/3Jyglrvmdt\">pic.twitter.com\/3Jyglrvmdt<\/a><\/p>\n<p>\u2014 Stimmt! Der Nachrichten-Talk (@StimmtTalk) <a rel=\"nofollow noopener\" target=\"_blank\" href=\"https:\/\/twitter.com\/StimmtTalk\/status\/1803305927602327744?ref_src=twsrc%5Etfw\">June 19, 2024<\/a><\/p><\/blockquote>\n<\/div>\n<\/div>\n<p>Seiner Ansicht nach m\u00fcsse Deutschland dringend eine Debatte dar\u00fcber f\u00fchren, wer in das Land gelassen werden d\u00fcrfe und unter welchen Bedingungen. Er begr\u00fc\u00dfe die Abschiebung von 28 afghanischen Straft\u00e4tern vor der letzten Wahl, betont jedoch, dass solche Ma\u00dfnahmen bereits fr\u00fcher h\u00e4tten ergriffen werden m\u00fcssen. Die Tatsache, dass sie erst unter dem Druck der AfD zustande kamen, zeige, dass die Bundesregierung die Sorgen der B\u00fcrger nicht ernst genommen habe.<\/p>\n<p><strong>Die ideologische Verblendung der Gr\u00fcnen und der SPD<\/strong><\/p>\n<p>Sarrazin geht in dem Interview auch scharf mit den Gr\u00fcnen und der SPD ins Gericht, die seiner Meinung nach in einer &#8220;ideologischen&#8221; Blase leben. Besonders die Aussage der Gr\u00fcnen-Vizechefin Ricarda Lang, dass die schlechten Wahlergebnisse ihrer Partei nichts mit der Migrationspolitik zu tun h\u00e4tten, bezeichnet Sarrazin als Realit\u00e4tsverweigerung. Er sieht in den Gr\u00fcnen eine Partei, die sich zunehmend von den Bed\u00fcrfnissen der breiten Bev\u00f6lkerung entfremdet habe und stattdessen radikale Themen verfolge, die die Mehrheit der B\u00fcrger nicht interessiere.<\/p>\n<p>Die SPD habe \u00e4hnliche Probleme. Sarrazin nennt dies die &#8220;Palmstr\u00f6m-Logik&#8221;, nach dem\u00a0<a rel=\"nofollow noopener\" target=\"_blank\" href=\"https:\/\/www.planetlyrik.de\/lyrikkalender\/christian-morgensterns-gedicht-die-unmoegliche-tatsache\/\">Gedicht<\/a>\u00a0von Christian Morgenstern, in dem der Held sagt: &#8220;Nicht sein kann, was nicht sein darf&#8221;. F\u00fcr Sarrazin ist dies eine treffende Beschreibung der aktuellen Politik der SPD, die sich weigert, die dr\u00e4ngenden Probleme der Migration und Integration anzuerkennen, weil sie nicht in ihr ideologisches Weltbild passen.<\/p>\n<p><strong>Demografische Herausforderungen und der Sozialstaat in Gefahr<\/strong><\/p>\n<p>In seinem Buch beschreibt er auch die demografischen Herausforderungen, vor denen Deutschland steht. Die niedrige Geburtenrate in Kombination mit einer unkontrollierten Zuwanderung aus kulturfremden L\u00e4ndern sieht er als Bedrohung f\u00fcr den deutschen Sozialstaat. Wenn Deutschland nicht bald eine radikale Wende in der Migrationspolitik vollziehe, werde das Land langfristig an sozialer und wirtschaftlicher Stabilit\u00e4t verlieren.<\/p>\n<p>F\u00fcr Sarrazin ist klar: Eine ungesteuerte Masseneinwanderung aus muslimisch gepr\u00e4gten L\u00e4ndern f\u00fchrt zu massiven Integrationsproblemen und erh\u00f6ht den Druck auf das Sozialsystem. Er sieht die demografischen Verschiebungen weltweit \u2013 besonders in Afrika und dem Nahen Osten \u2013 als eine der gr\u00f6\u00dften Herausforderungen f\u00fcr Europa in den kommenden Jahrzehnten. Ohne eine klare Politik, die diese Migration kontrolliert, sieht er die Zukunft Deutschlands und Europas in Gefahr.<\/p>\n<p>Thilo Sarrazin bleibt einer der sch\u00e4rfsten Kritiker der deutschen Migrationspolitik. In seinem Gespr\u00e4ch mit der\u00a0<a rel=\"nofollow noopener\" target=\"_blank\" href=\"https:\/\/www.nzz.ch\/feuilleton\/thilo-sarrazin-politiker-sollen-sich-dazu-bekennen-dass-sie-fuer-ihre-ideologischen-ziele-den-untergang-der-gesellschaft-in-kauf-nehmen-ld.1847464\"><em>NZZ<\/em><\/a>\u00a0macht er deutlich, dass er die politische F\u00fchrung Deutschlands als unf\u00e4hig ansieht, die dr\u00e4ngenden Probleme des Landes zu l\u00f6sen. Die Wahlerfolge der AfD sieht er als eine direkte Folge dieser Politik. F\u00fcr ihn steht fest, dass die Bundesregierung ihre Migrationspolitik grundlegend \u00fcberdenken muss, wenn sie verhindern will, dass die politische und gesellschaftliche Spaltung weiter voranschreitet.<\/p>\n<p>Sarrazin schlie\u00dft das Interview mit einer drastischen Warnung: Wenn die politischen Eliten ihre ideologischen Ziele weiterhin \u00fcber die Interessen der breiten Bev\u00f6lkerung stellen, nehmen sie den &#8220;Untergang der Gesellschaft&#8221; in Kauf. Nur eine realistische und pragmatische Politik k\u00f6nne verhindern, dass Deutschland weiterhin auf der &#8220;schiefen Bahn&#8221; bleibe.<\/p>\n<p><strong>Mehr zum Thema<\/strong>\u00a0\u2013\u00a0<a rel=\"nofollow noopener\" target=\"_blank\" href=\"https:\/\/freedert.online\/inland\/217320-bundesregierung-schnuert-nach-solingen-anschlag\/\">Bundesregierung schn\u00fcrt nach Solingen-Anschlag Ma\u00dfnahmenpaket gegen Asylmissbrauch<\/a><\/p>\n<div class=\"EmbedBlock-root EmbedBlock-externalVideo EmbedBlock-rumble\">\n<div class=\"VkEmbed\"><iframe class=\"lazyload\" data-src=\"https:\/\/rumble.com\/embed\/v5adi1x\" frameborder=\"0\" width=\"853\" height=\"480\" allowfullscreen><\/iframe><\/div>\n<\/div>\n<\/div>\n<p><script async src=\"https:\/\/platform.twitter.com\/widgets.js\" charset=\"utf-8\"><\/script><br \/>\n<br \/><br \/>\n<br \/><a href=\"https:\/\/de.rt.com\/inland\/218823-thilo-sarrazin-scharfe-analyse-deutschen\/\">Source link <\/a><\/p>\n","protected":false},"excerpt":{"rendered":"<p>In einem Interview mit der NZZ reflektiert der ehemalige SPD-Politiker Thilo Sarrazin \u00fcber die aktuelle Lage der deutschen Migrationspolitik, die Entwicklung der AfD und den Zustand der politischen Debatte in Deutschland. Im Rahmen eines Interviews mit der\u00a0NZZ\u00a0\u00e4u\u00dferte sich der fr\u00fchere SPD-Politiker und Autor Thilo Sarrazin erneut kritisch zur deutschen Politik, insbesondere zur Migrationspolitik und den [&hellip;]<\/p>\n","protected":false},"author":3,"featured_media":68743,"comment_status":"open","ping_status":"open","sticky":false,"template":"","format":"standard","meta":{"_yoast_indexnow_last_ping":["1726072068"],"wp_automatic_camp":["217"],"bb036dcdfcebb33e6aedcc0f6e7c968f":["Thilo Sarrazin: Eine scharfe Analyse der deutschen Migrationspolitik"],"original_link":["https:\/\/de.rt.com\/inland\/218823-thilo-sarrazin-scharfe-analyse-deutschen\/"],"_thumbnail_id":["68743"],"jnews_social_counter_last_update":["1777339452"],"_wptgpro_p2tg_sent2tg":["a:1:{i:23737;s:19:\"2024-09-11 18:29:04\";}"]},"categories":[19,23],"tags":[595,82,577,275,18495,58471,19339,58470],"yoast_head":"<!-- This site is optimized with the Yoast SEO Premium plugin v22.7 (Yoast SEO v22.7) - https:\/\/yoast.com\/wordpress\/plugins\/seo\/ -->\n<title>Thilo Sarrazin: Eine scharfe Analyse der deutschen Migrationspolitik - just-now.NEWS Deutschland<\/title>\n<meta name=\"robots\" content=\"index, follow, max-snippet:-1, max-image-preview:large, max-video-preview:-1\" \/>\n<link rel=\"canonical\" href=\"https:\/\/now-news.de\/de\/deutschland\/thilo-sarrazin-eine-scharfe-analyse-der-deutschen-migrationspolitik\/\" \/>\n<meta property=\"og:locale\" content=\"de_DE\" \/>\n<meta property=\"og:type\" content=\"article\" \/>\n<meta property=\"og:title\" content=\"Thilo Sarrazin: Eine scharfe Analyse der deutschen Migrationspolitik\" \/>\n<meta property=\"og:description\" content=\"In einem Interview mit der NZZ reflektiert der ehemalige SPD-Politiker Thilo Sarrazin \u00fcber die aktuelle Lage der deutschen Migrationspolitik, die Entwicklung der AfD und den Zustand der politischen Debatte in Deutschland. Im Rahmen eines Interviews mit der\u00a0NZZ\u00a0\u00e4u\u00dferte sich der fr\u00fchere SPD-Politiker und Autor Thilo Sarrazin erneut kritisch zur deutschen Politik, insbesondere zur Migrationspolitik und den [&hellip;]\" \/>\n<meta property=\"og:url\" content=\"https:\/\/now-news.de\/de\/deutschland\/thilo-sarrazin-eine-scharfe-analyse-der-deutschen-migrationspolitik\/\" \/>\n<meta property=\"og:site_name\" content=\"just-now.NEWS Deutschland\" \/>\n<meta property=\"article:publisher\" content=\"https:\/\/www.facebook.com\/wirmachenauf\" \/>\n<meta property=\"article:published_time\" content=\"2024-09-11T16:21:16+00:00\" \/>\n<meta property=\"og:image\" content=\"https:\/\/now-news.de\/de\/wp-content\/uploads\/sites\/3\/2024\/09\/66e167ebb480cc09825bcd95.jpg\" \/>\n<meta name=\"author\" content=\"rtnews\" \/>\n<meta name=\"twitter:card\" content=\"summary_large_image\" \/>\n<meta name=\"twitter:creator\" content=\"@WirMachenAuf_de\" \/>\n<meta name=\"twitter:site\" content=\"@WirMachenAuf_de\" \/>\n<meta name=\"twitter:label1\" content=\"Verfasst von\" \/>\n\t<meta name=\"twitter:data1\" content=\"rtnews\" \/>\n\t<meta name=\"twitter:label2\" content=\"Gesch\u00e4tzte Lesezeit\" \/>\n\t<meta name=\"twitter:data2\" content=\"7\u00a0Minuten\" \/>\n<script type=\"application\/ld+json\" class=\"yoast-schema-graph\">{\"@context\":\"https:\/\/schema.org\",\"@graph\":[{\"@type\":\"Article\",\"@id\":\"https:\/\/now-news.de\/de\/deutschland\/thilo-sarrazin-eine-scharfe-analyse-der-deutschen-migrationspolitik\/#article\",\"isPartOf\":{\"@id\":\"https:\/\/now-news.de\/de\/deutschland\/thilo-sarrazin-eine-scharfe-analyse-der-deutschen-migrationspolitik\/\"},\"author\":{\"name\":\"rtnews\",\"@id\":\"https:\/\/now-news.de\/de\/#\/schema\/person\/fb534a4e865501d8b3285208df34a9b5\"},\"headline\":\"Thilo Sarrazin: Eine scharfe Analyse der deutschen Migrationspolitik\",\"datePublished\":\"2024-09-11T16:21:16+00:00\",\"dateModified\":\"2024-09-11T16:21:16+00:00\",\"mainEntityOfPage\":{\"@id\":\"https:\/\/now-news.de\/de\/deutschland\/thilo-sarrazin-eine-scharfe-analyse-der-deutschen-migrationspolitik\/\"},\"wordCount\":1349,\"commentCount\":0,\"publisher\":{\"@id\":\"https:\/\/now-news.de\/de\/#organization\"},\"image\":{\"@id\":\"https:\/\/now-news.de\/de\/deutschland\/thilo-sarrazin-eine-scharfe-analyse-der-deutschen-migrationspolitik\/#primaryimage\"},\"thumbnailUrl\":\"https:\/\/now-news.de\/de\/wp-content\/uploads\/sites\/3\/2024\/09\/Thilo-Sarrazin-Eine-scharfe-Analyse-der-deutschen-Migrationspolitik.jpg\",\"keywords\":[\"Analyse\",\"der\",\"Deutschen\",\"eine\",\"Migrationspolitik\",\"Sarrazin\",\"scharfe\",\"Thilo\"],\"articleSection\":[\"Deutschland\",\"Russland\"],\"inLanguage\":\"de\",\"potentialAction\":[{\"@type\":\"CommentAction\",\"name\":\"Comment\",\"target\":[\"https:\/\/now-news.de\/de\/deutschland\/thilo-sarrazin-eine-scharfe-analyse-der-deutschen-migrationspolitik\/#respond\"]}]},{\"@type\":\"WebPage\",\"@id\":\"https:\/\/now-news.de\/de\/deutschland\/thilo-sarrazin-eine-scharfe-analyse-der-deutschen-migrationspolitik\/\",\"url\":\"https:\/\/now-news.de\/de\/deutschland\/thilo-sarrazin-eine-scharfe-analyse-der-deutschen-migrationspolitik\/\",\"name\":\"Thilo Sarrazin: Eine scharfe Analyse der deutschen Migrationspolitik - just-now.NEWS Deutschland\",\"isPartOf\":{\"@id\":\"https:\/\/now-news.de\/de\/#website\"},\"primaryImageOfPage\":{\"@id\":\"https:\/\/now-news.de\/de\/deutschland\/thilo-sarrazin-eine-scharfe-analyse-der-deutschen-migrationspolitik\/#primaryimage\"},\"image\":{\"@id\":\"https:\/\/now-news.de\/de\/deutschland\/thilo-sarrazin-eine-scharfe-analyse-der-deutschen-migrationspolitik\/#primaryimage\"},\"thumbnailUrl\":\"https:\/\/now-news.de\/de\/wp-content\/uploads\/sites\/3\/2024\/09\/Thilo-Sarrazin-Eine-scharfe-Analyse-der-deutschen-Migrationspolitik.jpg\",\"datePublished\":\"2024-09-11T16:21:16+00:00\",\"dateModified\":\"2024-09-11T16:21:16+00:00\",\"breadcrumb\":{\"@id\":\"https:\/\/now-news.de\/de\/deutschland\/thilo-sarrazin-eine-scharfe-analyse-der-deutschen-migrationspolitik\/#breadcrumb\"},\"inLanguage\":\"de\",\"potentialAction\":[{\"@type\":\"ReadAction\",\"target\":[\"https:\/\/now-news.de\/de\/deutschland\/thilo-sarrazin-eine-scharfe-analyse-der-deutschen-migrationspolitik\/\"]}]},{\"@type\":\"ImageObject\",\"inLanguage\":\"de\",\"@id\":\"https:\/\/now-news.de\/de\/deutschland\/thilo-sarrazin-eine-scharfe-analyse-der-deutschen-migrationspolitik\/#primaryimage\",\"url\":\"https:\/\/now-news.de\/de\/wp-content\/uploads\/sites\/3\/2024\/09\/Thilo-Sarrazin-Eine-scharfe-Analyse-der-deutschen-Migrationspolitik.jpg\",\"contentUrl\":\"https:\/\/now-news.de\/de\/wp-content\/uploads\/sites\/3\/2024\/09\/Thilo-Sarrazin-Eine-scharfe-Analyse-der-deutschen-Migrationspolitik.jpg\",\"width\":460,\"height\":259,\"caption\":\"Thilo Sarrazin: Eine scharfe Analyse der deutschen Migrationspolitik\"},{\"@type\":\"BreadcrumbList\",\"@id\":\"https:\/\/now-news.de\/de\/deutschland\/thilo-sarrazin-eine-scharfe-analyse-der-deutschen-migrationspolitik\/#breadcrumb\",\"itemListElement\":[{\"@type\":\"ListItem\",\"position\":1,\"name\":\"Home\",\"item\":\"https:\/\/now-news.de\/de\/\"},{\"@type\":\"ListItem\",\"position\":2,\"name\":\"Thilo Sarrazin: Eine scharfe Analyse der deutschen Migrationspolitik\"}]},{\"@type\":\"WebSite\",\"@id\":\"https:\/\/now-news.de\/de\/#website\",\"url\":\"https:\/\/now-news.de\/de\/\",\"name\":\"just-now.NEWS Deutschland\",\"description\":\"Das Portal f\u00fcr unzensierte Nachrichten aus der Welt\",\"publisher\":{\"@id\":\"https:\/\/now-news.de\/de\/#organization\"},\"potentialAction\":[{\"@type\":\"SearchAction\",\"target\":{\"@type\":\"EntryPoint\",\"urlTemplate\":\"https:\/\/now-news.de\/de\/?s={search_term_string}\"},\"query-input\":\"required name=search_term_string\"}],\"inLanguage\":\"de\"},{\"@type\":\"Organization\",\"@id\":\"https:\/\/now-news.de\/de\/#organization\",\"name\":\"Just Now News\",\"url\":\"https:\/\/now-news.de\/de\/\",\"logo\":{\"@type\":\"ImageObject\",\"inLanguage\":\"de\",\"@id\":\"https:\/\/now-news.de\/de\/#\/schema\/logo\/image\/\",\"url\":\"http:\/\/just-now.news\/de\/wp-content\/uploads\/sites\/3\/2022\/04\/logo500x500.jpg\",\"contentUrl\":\"http:\/\/just-now.news\/de\/wp-content\/uploads\/sites\/3\/2022\/04\/logo500x500.jpg\",\"width\":500,\"height\":500,\"caption\":\"Just Now News\"},\"image\":{\"@id\":\"https:\/\/now-news.de\/de\/#\/schema\/logo\/image\/\"},\"sameAs\":[\"https:\/\/www.facebook.com\/wirmachenauf\",\"https:\/\/x.com\/WirMachenAuf_de\"]},{\"@type\":\"Person\",\"@id\":\"https:\/\/now-news.de\/de\/#\/schema\/person\/fb534a4e865501d8b3285208df34a9b5\",\"name\":\"rtnews\",\"image\":{\"@type\":\"ImageObject\",\"inLanguage\":\"de\",\"@id\":\"https:\/\/now-news.de\/de\/#\/schema\/person\/image\/\",\"url\":\"https:\/\/secure.gravatar.com\/avatar\/82aafea7d8127119dd649515f56e2117?s=96&d=mm&r=g\",\"contentUrl\":\"https:\/\/secure.gravatar.com\/avatar\/82aafea7d8127119dd649515f56e2117?s=96&d=mm&r=g\",\"caption\":\"rtnews\"},\"url\":\"https:\/\/now-news.de\/de\/author\/rnews\/\"}]}<\/script>\n<!-- \/ Yoast SEO Premium plugin. -->","yoast_head_json":{"title":"Thilo Sarrazin: Eine scharfe Analyse der deutschen Migrationspolitik - just-now.NEWS Deutschland","robots":{"index":"index","follow":"follow","max-snippet":"max-snippet:-1","max-image-preview":"max-image-preview:large","max-video-preview":"max-video-preview:-1"},"canonical":"https:\/\/now-news.de\/de\/deutschland\/thilo-sarrazin-eine-scharfe-analyse-der-deutschen-migrationspolitik\/","og_locale":"de_DE","og_type":"article","og_title":"Thilo Sarrazin: Eine scharfe Analyse der deutschen Migrationspolitik","og_description":"In einem Interview mit der NZZ reflektiert der ehemalige SPD-Politiker Thilo Sarrazin \u00fcber die aktuelle Lage der deutschen Migrationspolitik, die Entwicklung der AfD und den Zustand der politischen Debatte in Deutschland. Im Rahmen eines Interviews mit der\u00a0NZZ\u00a0\u00e4u\u00dferte sich der fr\u00fchere SPD-Politiker und Autor Thilo Sarrazin erneut kritisch zur deutschen Politik, insbesondere zur Migrationspolitik und den [&hellip;]","og_url":"https:\/\/now-news.de\/de\/deutschland\/thilo-sarrazin-eine-scharfe-analyse-der-deutschen-migrationspolitik\/","og_site_name":"just-now.NEWS Deutschland","article_publisher":"https:\/\/www.facebook.com\/wirmachenauf","article_published_time":"2024-09-11T16:21:16+00:00","og_image":[{"url":"https:\/\/now-news.de\/de\/wp-content\/uploads\/sites\/3\/2024\/09\/66e167ebb480cc09825bcd95.jpg"}],"author":"rtnews","twitter_card":"summary_large_image","twitter_creator":"@WirMachenAuf_de","twitter_site":"@WirMachenAuf_de","twitter_misc":{"Verfasst von":"rtnews","Gesch\u00e4tzte Lesezeit":"7\u00a0Minuten"},"schema":{"@context":"https:\/\/schema.org","@graph":[{"@type":"Article","@id":"https:\/\/now-news.de\/de\/deutschland\/thilo-sarrazin-eine-scharfe-analyse-der-deutschen-migrationspolitik\/#article","isPartOf":{"@id":"https:\/\/now-news.de\/de\/deutschland\/thilo-sarrazin-eine-scharfe-analyse-der-deutschen-migrationspolitik\/"},"author":{"name":"rtnews","@id":"https:\/\/now-news.de\/de\/#\/schema\/person\/fb534a4e865501d8b3285208df34a9b5"},"headline":"Thilo Sarrazin: Eine scharfe Analyse der deutschen Migrationspolitik","datePublished":"2024-09-11T16:21:16+00:00","dateModified":"2024-09-11T16:21:16+00:00","mainEntityOfPage":{"@id":"https:\/\/now-news.de\/de\/deutschland\/thilo-sarrazin-eine-scharfe-analyse-der-deutschen-migrationspolitik\/"},"wordCount":1349,"commentCount":0,"publisher":{"@id":"https:\/\/now-news.de\/de\/#organization"},"image":{"@id":"https:\/\/now-news.de\/de\/deutschland\/thilo-sarrazin-eine-scharfe-analyse-der-deutschen-migrationspolitik\/#primaryimage"},"thumbnailUrl":"https:\/\/now-news.de\/de\/wp-content\/uploads\/sites\/3\/2024\/09\/Thilo-Sarrazin-Eine-scharfe-Analyse-der-deutschen-Migrationspolitik.jpg","keywords":["Analyse","der","Deutschen","eine","Migrationspolitik","Sarrazin","scharfe","Thilo"],"articleSection":["Deutschland","Russland"],"inLanguage":"de","potentialAction":[{"@type":"CommentAction","name":"Comment","target":["https:\/\/now-news.de\/de\/deutschland\/thilo-sarrazin-eine-scharfe-analyse-der-deutschen-migrationspolitik\/#respond"]}]},{"@type":"WebPage","@id":"https:\/\/now-news.de\/de\/deutschland\/thilo-sarrazin-eine-scharfe-analyse-der-deutschen-migrationspolitik\/","url":"https:\/\/now-news.de\/de\/deutschland\/thilo-sarrazin-eine-scharfe-analyse-der-deutschen-migrationspolitik\/","name":"Thilo Sarrazin: Eine scharfe Analyse der deutschen Migrationspolitik - just-now.NEWS Deutschland","isPartOf":{"@id":"https:\/\/now-news.de\/de\/#website"},"primaryImageOfPage":{"@id":"https:\/\/now-news.de\/de\/deutschland\/thilo-sarrazin-eine-scharfe-analyse-der-deutschen-migrationspolitik\/#primaryimage"},"image":{"@id":"https:\/\/now-news.de\/de\/deutschland\/thilo-sarrazin-eine-scharfe-analyse-der-deutschen-migrationspolitik\/#primaryimage"},"thumbnailUrl":"https:\/\/now-news.de\/de\/wp-content\/uploads\/sites\/3\/2024\/09\/Thilo-Sarrazin-Eine-scharfe-Analyse-der-deutschen-Migrationspolitik.jpg","datePublished":"2024-09-11T16:21:16+00:00","dateModified":"2024-09-11T16:21:16+00:00","breadcrumb":{"@id":"https:\/\/now-news.de\/de\/deutschland\/thilo-sarrazin-eine-scharfe-analyse-der-deutschen-migrationspolitik\/#breadcrumb"},"inLanguage":"de","potentialAction":[{"@type":"ReadAction","target":["https:\/\/now-news.de\/de\/deutschland\/thilo-sarrazin-eine-scharfe-analyse-der-deutschen-migrationspolitik\/"]}]},{"@type":"ImageObject","inLanguage":"de","@id":"https:\/\/now-news.de\/de\/deutschland\/thilo-sarrazin-eine-scharfe-analyse-der-deutschen-migrationspolitik\/#primaryimage","url":"https:\/\/now-news.de\/de\/wp-content\/uploads\/sites\/3\/2024\/09\/Thilo-Sarrazin-Eine-scharfe-Analyse-der-deutschen-Migrationspolitik.jpg","contentUrl":"https:\/\/now-news.de\/de\/wp-content\/uploads\/sites\/3\/2024\/09\/Thilo-Sarrazin-Eine-scharfe-Analyse-der-deutschen-Migrationspolitik.jpg","width":460,"height":259,"caption":"Thilo Sarrazin: Eine scharfe Analyse der deutschen Migrationspolitik"},{"@type":"BreadcrumbList","@id":"https:\/\/now-news.de\/de\/deutschland\/thilo-sarrazin-eine-scharfe-analyse-der-deutschen-migrationspolitik\/#breadcrumb","itemListElement":[{"@type":"ListItem","position":1,"name":"Home","item":"https:\/\/now-news.de\/de\/"},{"@type":"ListItem","position":2,"name":"Thilo Sarrazin: Eine scharfe Analyse der deutschen Migrationspolitik"}]},{"@type":"WebSite","@id":"https:\/\/now-news.de\/de\/#website","url":"https:\/\/now-news.de\/de\/","name":"just-now.NEWS Deutschland","description":"Das Portal f\u00fcr unzensierte Nachrichten aus der Welt","publisher":{"@id":"https:\/\/now-news.de\/de\/#organization"},"potentialAction":[{"@type":"SearchAction","target":{"@type":"EntryPoint","urlTemplate":"https:\/\/now-news.de\/de\/?s={search_term_string}"},"query-input":"required name=search_term_string"}],"inLanguage":"de"},{"@type":"Organization","@id":"https:\/\/now-news.de\/de\/#organization","name":"Just Now News","url":"https:\/\/now-news.de\/de\/","logo":{"@type":"ImageObject","inLanguage":"de","@id":"https:\/\/now-news.de\/de\/#\/schema\/logo\/image\/","url":"http:\/\/just-now.news\/de\/wp-content\/uploads\/sites\/3\/2022\/04\/logo500x500.jpg","contentUrl":"http:\/\/just-now.news\/de\/wp-content\/uploads\/sites\/3\/2022\/04\/logo500x500.jpg","width":500,"height":500,"caption":"Just Now News"},"image":{"@id":"https:\/\/now-news.de\/de\/#\/schema\/logo\/image\/"},"sameAs":["https:\/\/www.facebook.com\/wirmachenauf","https:\/\/x.com\/WirMachenAuf_de"]},{"@type":"Person","@id":"https:\/\/now-news.de\/de\/#\/schema\/person\/fb534a4e865501d8b3285208df34a9b5","name":"rtnews","image":{"@type":"ImageObject","inLanguage":"de","@id":"https:\/\/now-news.de\/de\/#\/schema\/person\/image\/","url":"https:\/\/secure.gravatar.com\/avatar\/82aafea7d8127119dd649515f56e2117?s=96&d=mm&r=g","contentUrl":"https:\/\/secure.gravatar.com\/avatar\/82aafea7d8127119dd649515f56e2117?s=96&d=mm&r=g","caption":"rtnews"},"url":"https:\/\/now-news.de\/de\/author\/rnews\/"}]}},"_links":{"self":[{"href":"https:\/\/now-news.de\/de\/wp-json\/wp\/v2\/posts\/68742"}],"collection":[{"href":"https:\/\/now-news.de\/de\/wp-json\/wp\/v2\/posts"}],"about":[{"href":"https:\/\/now-news.de\/de\/wp-json\/wp\/v2\/types\/post"}],"author":[{"embeddable":true,"href":"https:\/\/now-news.de\/de\/wp-json\/wp\/v2\/users\/3"}],"replies":[{"embeddable":true,"href":"https:\/\/now-news.de\/de\/wp-json\/wp\/v2\/comments?post=68742"}],"version-history":[{"count":0,"href":"https:\/\/now-news.de\/de\/wp-json\/wp\/v2\/posts\/68742\/revisions"}],"wp:featuredmedia":[{"embeddable":true,"href":"https:\/\/now-news.de\/de\/wp-json\/wp\/v2\/media\/68743"}],"wp:attachment":[{"href":"https:\/\/now-news.de\/de\/wp-json\/wp\/v2\/media?parent=68742"}],"wp:term":[{"taxonomy":"category","embeddable":true,"href":"https:\/\/now-news.de\/de\/wp-json\/wp\/v2\/categories?post=68742"},{"taxonomy":"post_tag","embeddable":true,"href":"https:\/\/now-news.de\/de\/wp-json\/wp\/v2\/tags?post=68742"}],"curies":[{"name":"wp","href":"https:\/\/api.w.org\/{rel}","templated":true}]}}