{"id":68717,"date":"2024-09-11T14:12:19","date_gmt":"2024-09-11T12:12:19","guid":{"rendered":"https:\/\/now-news.de\/de\/deutschland\/israelischer-hubschrauber-in-rafah-abgestuerzt-zwei-tote-mehrere-verletzte\/"},"modified":"2024-09-11T14:12:19","modified_gmt":"2024-09-11T12:12:19","slug":"israelischer-hubschrauber-in-rafah-abgestuerzt-zwei-tote-mehrere-verletzte","status":"publish","type":"post","link":"https:\/\/now-news.de\/de\/deutschland\/israelischer-hubschrauber-in-rafah-abgestuerzt-zwei-tote-mehrere-verletzte\/","title":{"rendered":"Israelischer Hubschrauber in Rafah abgest\u00fcrzt \u2013 zwei Tote, mehrere Verletzte"},"content":{"rendered":"<p><img decoding=\"async\" src=\"https:\/\/now-news.de\/de\/wp-content\/uploads\/sites\/3\/2024\/09\/66e1740bb480cc09825bcdae.jpg\" \/><\/p>\n<div class=\"Text-root Text-type_1 \">\n                Beim Absturz eines israelischen Hubschraubers nahe Rafah sind zwei Soldaten ums Leben gekommen und sieben weitere verletzt worden. Laut vorl\u00e4ufigen Angaben war gegnerischer Beschuss nicht Ursache des Unfalls.\n            <\/div>\n<p><\/p>\n<div class=\"Text-root Text-type_5 ArticleView-text ViewText-root \">\n<p>Nahe Rafah im s\u00fcdlichen Gazastreifen\u00a0ist ein israelischer Rettungshubschrauber abgest\u00fcrzt. Laut einer Erkl\u00e4rung der Israelischen Verteidigungsstreitkr\u00e4fte (IDF) kamen bei dem Vorfall zwei Soldaten ums Leben, sieben weitere wurden verletzt.<\/p>\n<p>Der Hubschrauber vom Typ Janschuf war im Einsatz, um einen verwundeten israelischen Soldaten aus der Kampfzone zu bergen und ins Krankenhaus zu bringen. Bei der Landung in der Umgebung von Rafah sei er abgest\u00fcrzt.<\/p>\n<p>Im Laufe einer ersten Untersuchung stellte das israelische Milit\u00e4r fest, dass der Unfall nicht durch einen Angriff des Gegners verursacht worden sei, hei\u00dft es in der der Erkl\u00e4rung weiter. Die Ursache des Absturzes werde noch untersucht.<\/p>\n<p>Die Familien der Verstorbenen und Verletzten seien \u00fcber den Unfall informiert worden, w\u00e4hrend die Personalien der Soldaten vor\u00fcbergehend nicht freigegeben w\u00fcrden.<\/p>\n<p>Israel f\u00fchrt Krieg gegen die pal\u00e4stinensische Islamistenbewegung Hamas seit dem 7. Oktober 2023. An dem Tag hatten K\u00e4mpfer der Gruppe die israelischen S\u00fcdgebiete angegriffen und mehr als 1.200 Menschen get\u00f6tet. Fast 300 Menschen wurden als Geiseln genommen und verschleppt.<\/p>\n<p>Als Reaktion darauf startete Israel eine milit\u00e4rische Operation im von der Hamas kontrollierten Gazastreifen. Derzeit kontrollieren die IDF den gr\u00f6\u00dften Teil der Enklave im Norden sowie den Philadelphi-Korridor an der Grenze zu \u00c4gypten.<\/p>\n<p><strong>Mehr zum Thema \u2013<\/strong>\u00a0<a rel=\"nofollow noopener\" target=\"_blank\" href=\"https:\/\/freedert.online\/der-nahe-osten\/218675-israelische-luftstreitkraefte-attackieren-chan-junis\/\">Israelische Luftstreitkr\u00e4fte attackieren Chan Junis \u2013 mindestens 40 Tote<\/a><\/p>\n<div class=\"EmbedBlock-root EmbedBlock-externalVideo EmbedBlock-rumble\">\n<div class=\"VkEmbed\"><iframe class=\"lazyload\" data-src=\"https:\/\/rumble.com\/embed\/v5bymit\" frameborder=\"0\" width=\"853\" height=\"480\" allowfullscreen><\/iframe><\/div>\n<\/div>\n<\/div>\n<p><br \/>\n<br \/><a href=\"https:\/\/de.rt.com\/der-nahe-osten\/218828-israelischer-hubschrauber-in-rafah-abgestuerzt\/\">Source link <\/a><\/p>\n","protected":false},"excerpt":{"rendered":"<p>Beim Absturz eines israelischen Hubschraubers nahe Rafah sind zwei Soldaten ums Leben gekommen und sieben weitere verletzt worden. Laut vorl\u00e4ufigen Angaben war gegnerischer Beschuss nicht Ursache des Unfalls. Nahe Rafah im s\u00fcdlichen Gazastreifen\u00a0ist ein israelischer Rettungshubschrauber abgest\u00fcrzt. Laut einer Erkl\u00e4rung der Israelischen Verteidigungsstreitkr\u00e4fte (IDF) kamen bei dem Vorfall zwei Soldaten ums Leben, sieben weitere wurden [&hellip;]<\/p>\n","protected":false},"author":3,"featured_media":68718,"comment_status":"open","ping_status":"open","sticky":false,"template":"","format":"standard","meta":{"_yoast_indexnow_last_ping":["1726057672"],"wp_automatic_camp":["217"],"99bc77c387b569d7fba3ce8de49a1e45":["Israelischer Hubschrauber in Rafah abgest\u00fcrzt \u2013 zwei Tote, mehrere Verletzte"],"original_link":["https:\/\/de.rt.com\/der-nahe-osten\/218828-israelischer-hubschrauber-in-rafah-abgestuerzt\/"],"_thumbnail_id":["68718"],"jnews_social_counter_last_update":["1777579838"],"_wptgpro_p2tg_sent2tg":["a:1:{i:23737;s:19:\"2024-09-11 14:29:05\";}"]},"categories":[19,23],"tags":[38105,29258,5032,3653,49944,3233,1813,1003],"yoast_head":"<!-- This site is optimized with the Yoast SEO Premium plugin v22.7 (Yoast SEO v22.7) - https:\/\/yoast.com\/wordpress\/plugins\/seo\/ -->\n<title>Israelischer Hubschrauber in Rafah abgest\u00fcrzt \u2013 zwei Tote, mehrere Verletzte - just-now.NEWS Deutschland<\/title>\n<meta name=\"robots\" content=\"index, follow, max-snippet:-1, max-image-preview:large, max-video-preview:-1\" \/>\n<link rel=\"canonical\" href=\"https:\/\/now-news.de\/de\/deutschland\/israelischer-hubschrauber-in-rafah-abgestuerzt-zwei-tote-mehrere-verletzte\/\" \/>\n<meta property=\"og:locale\" content=\"de_DE\" \/>\n<meta property=\"og:type\" content=\"article\" \/>\n<meta property=\"og:title\" content=\"Israelischer Hubschrauber in Rafah abgest\u00fcrzt \u2013 zwei Tote, mehrere Verletzte\" \/>\n<meta property=\"og:description\" content=\"Beim Absturz eines israelischen Hubschraubers nahe Rafah sind zwei Soldaten ums Leben gekommen und sieben weitere verletzt worden. Laut vorl\u00e4ufigen Angaben war gegnerischer Beschuss nicht Ursache des Unfalls. Nahe Rafah im s\u00fcdlichen Gazastreifen\u00a0ist ein israelischer Rettungshubschrauber abgest\u00fcrzt. Laut einer Erkl\u00e4rung der Israelischen Verteidigungsstreitkr\u00e4fte (IDF) kamen bei dem Vorfall zwei Soldaten ums Leben, sieben weitere wurden [&hellip;]\" \/>\n<meta property=\"og:url\" content=\"https:\/\/now-news.de\/de\/deutschland\/israelischer-hubschrauber-in-rafah-abgestuerzt-zwei-tote-mehrere-verletzte\/\" \/>\n<meta property=\"og:site_name\" content=\"just-now.NEWS Deutschland\" \/>\n<meta property=\"article:publisher\" content=\"https:\/\/www.facebook.com\/wirmachenauf\" \/>\n<meta property=\"article:published_time\" content=\"2024-09-11T12:12:19+00:00\" \/>\n<meta property=\"og:image\" content=\"https:\/\/now-news.de\/de\/wp-content\/uploads\/sites\/3\/2024\/09\/66e1740bb480cc09825bcdae.jpg\" \/>\n<meta name=\"author\" content=\"rtnews\" \/>\n<meta name=\"twitter:card\" content=\"summary_large_image\" \/>\n<meta name=\"twitter:creator\" content=\"@WirMachenAuf_de\" \/>\n<meta name=\"twitter:site\" content=\"@WirMachenAuf_de\" \/>\n<meta name=\"twitter:label1\" content=\"Verfasst von\" \/>\n\t<meta name=\"twitter:data1\" content=\"rtnews\" \/>\n\t<meta name=\"twitter:label2\" content=\"Gesch\u00e4tzte Lesezeit\" \/>\n\t<meta name=\"twitter:data2\" content=\"1\u00a0Minute\" \/>\n<script type=\"application\/ld+json\" class=\"yoast-schema-graph\">{\"@context\":\"https:\/\/schema.org\",\"@graph\":[{\"@type\":\"Article\",\"@id\":\"https:\/\/now-news.de\/de\/deutschland\/israelischer-hubschrauber-in-rafah-abgestuerzt-zwei-tote-mehrere-verletzte\/#article\",\"isPartOf\":{\"@id\":\"https:\/\/now-news.de\/de\/deutschland\/israelischer-hubschrauber-in-rafah-abgestuerzt-zwei-tote-mehrere-verletzte\/\"},\"author\":{\"name\":\"rtnews\",\"@id\":\"https:\/\/now-news.de\/de\/#\/schema\/person\/fb534a4e865501d8b3285208df34a9b5\"},\"headline\":\"Israelischer Hubschrauber in Rafah abgest\u00fcrzt \u2013 zwei Tote, mehrere Verletzte\",\"datePublished\":\"2024-09-11T12:12:19+00:00\",\"dateModified\":\"2024-09-11T12:12:19+00:00\",\"mainEntityOfPage\":{\"@id\":\"https:\/\/now-news.de\/de\/deutschland\/israelischer-hubschrauber-in-rafah-abgestuerzt-zwei-tote-mehrere-verletzte\/\"},\"wordCount\":259,\"commentCount\":0,\"publisher\":{\"@id\":\"https:\/\/now-news.de\/de\/#organization\"},\"image\":{\"@id\":\"https:\/\/now-news.de\/de\/deutschland\/israelischer-hubschrauber-in-rafah-abgestuerzt-zwei-tote-mehrere-verletzte\/#primaryimage\"},\"thumbnailUrl\":\"https:\/\/now-news.de\/de\/wp-content\/uploads\/sites\/3\/2024\/09\/Israelischer-Hubschrauber-in-Rafah-abgestuerzt-\u2013-zwei-Tote-mehrere-Verletzte.jpg\",\"keywords\":[\"abgest\u00fcrzt\",\"Hubschrauber\",\"Israelischer\",\"mehrere\",\"Rafah\",\"Tote\",\"Verletzte\",\"zwei\"],\"articleSection\":[\"Deutschland\",\"Russland\"],\"inLanguage\":\"de\",\"potentialAction\":[{\"@type\":\"CommentAction\",\"name\":\"Comment\",\"target\":[\"https:\/\/now-news.de\/de\/deutschland\/israelischer-hubschrauber-in-rafah-abgestuerzt-zwei-tote-mehrere-verletzte\/#respond\"]}]},{\"@type\":\"WebPage\",\"@id\":\"https:\/\/now-news.de\/de\/deutschland\/israelischer-hubschrauber-in-rafah-abgestuerzt-zwei-tote-mehrere-verletzte\/\",\"url\":\"https:\/\/now-news.de\/de\/deutschland\/israelischer-hubschrauber-in-rafah-abgestuerzt-zwei-tote-mehrere-verletzte\/\",\"name\":\"Israelischer Hubschrauber in Rafah abgest\u00fcrzt \u2013 zwei Tote, mehrere Verletzte - just-now.NEWS Deutschland\",\"isPartOf\":{\"@id\":\"https:\/\/now-news.de\/de\/#website\"},\"primaryImageOfPage\":{\"@id\":\"https:\/\/now-news.de\/de\/deutschland\/israelischer-hubschrauber-in-rafah-abgestuerzt-zwei-tote-mehrere-verletzte\/#primaryimage\"},\"image\":{\"@id\":\"https:\/\/now-news.de\/de\/deutschland\/israelischer-hubschrauber-in-rafah-abgestuerzt-zwei-tote-mehrere-verletzte\/#primaryimage\"},\"thumbnailUrl\":\"https:\/\/now-news.de\/de\/wp-content\/uploads\/sites\/3\/2024\/09\/Israelischer-Hubschrauber-in-Rafah-abgestuerzt-\u2013-zwei-Tote-mehrere-Verletzte.jpg\",\"datePublished\":\"2024-09-11T12:12:19+00:00\",\"dateModified\":\"2024-09-11T12:12:19+00:00\",\"breadcrumb\":{\"@id\":\"https:\/\/now-news.de\/de\/deutschland\/israelischer-hubschrauber-in-rafah-abgestuerzt-zwei-tote-mehrere-verletzte\/#breadcrumb\"},\"inLanguage\":\"de\",\"potentialAction\":[{\"@type\":\"ReadAction\",\"target\":[\"https:\/\/now-news.de\/de\/deutschland\/israelischer-hubschrauber-in-rafah-abgestuerzt-zwei-tote-mehrere-verletzte\/\"]}]},{\"@type\":\"ImageObject\",\"inLanguage\":\"de\",\"@id\":\"https:\/\/now-news.de\/de\/deutschland\/israelischer-hubschrauber-in-rafah-abgestuerzt-zwei-tote-mehrere-verletzte\/#primaryimage\",\"url\":\"https:\/\/now-news.de\/de\/wp-content\/uploads\/sites\/3\/2024\/09\/Israelischer-Hubschrauber-in-Rafah-abgestuerzt-\u2013-zwei-Tote-mehrere-Verletzte.jpg\",\"contentUrl\":\"https:\/\/now-news.de\/de\/wp-content\/uploads\/sites\/3\/2024\/09\/Israelischer-Hubschrauber-in-Rafah-abgestuerzt-\u2013-zwei-Tote-mehrere-Verletzte.jpg\",\"width\":460,\"height\":259,\"caption\":\"Israelischer Hubschrauber in Rafah abgest\u00fcrzt \u2013 zwei Tote, mehrere Verletzte\"},{\"@type\":\"BreadcrumbList\",\"@id\":\"https:\/\/now-news.de\/de\/deutschland\/israelischer-hubschrauber-in-rafah-abgestuerzt-zwei-tote-mehrere-verletzte\/#breadcrumb\",\"itemListElement\":[{\"@type\":\"ListItem\",\"position\":1,\"name\":\"Home\",\"item\":\"https:\/\/now-news.de\/de\/\"},{\"@type\":\"ListItem\",\"position\":2,\"name\":\"Israelischer Hubschrauber in Rafah abgest\u00fcrzt \u2013 zwei Tote, mehrere Verletzte\"}]},{\"@type\":\"WebSite\",\"@id\":\"https:\/\/now-news.de\/de\/#website\",\"url\":\"https:\/\/now-news.de\/de\/\",\"name\":\"just-now.NEWS Deutschland\",\"description\":\"Das Portal f\u00fcr unzensierte Nachrichten aus der Welt\",\"publisher\":{\"@id\":\"https:\/\/now-news.de\/de\/#organization\"},\"potentialAction\":[{\"@type\":\"SearchAction\",\"target\":{\"@type\":\"EntryPoint\",\"urlTemplate\":\"https:\/\/now-news.de\/de\/?s={search_term_string}\"},\"query-input\":\"required name=search_term_string\"}],\"inLanguage\":\"de\"},{\"@type\":\"Organization\",\"@id\":\"https:\/\/now-news.de\/de\/#organization\",\"name\":\"Just Now News\",\"url\":\"https:\/\/now-news.de\/de\/\",\"logo\":{\"@type\":\"ImageObject\",\"inLanguage\":\"de\",\"@id\":\"https:\/\/now-news.de\/de\/#\/schema\/logo\/image\/\",\"url\":\"http:\/\/just-now.news\/de\/wp-content\/uploads\/sites\/3\/2022\/04\/logo500x500.jpg\",\"contentUrl\":\"http:\/\/just-now.news\/de\/wp-content\/uploads\/sites\/3\/2022\/04\/logo500x500.jpg\",\"width\":500,\"height\":500,\"caption\":\"Just Now News\"},\"image\":{\"@id\":\"https:\/\/now-news.de\/de\/#\/schema\/logo\/image\/\"},\"sameAs\":[\"https:\/\/www.facebook.com\/wirmachenauf\",\"https:\/\/x.com\/WirMachenAuf_de\"]},{\"@type\":\"Person\",\"@id\":\"https:\/\/now-news.de\/de\/#\/schema\/person\/fb534a4e865501d8b3285208df34a9b5\",\"name\":\"rtnews\",\"image\":{\"@type\":\"ImageObject\",\"inLanguage\":\"de\",\"@id\":\"https:\/\/now-news.de\/de\/#\/schema\/person\/image\/\",\"url\":\"https:\/\/secure.gravatar.com\/avatar\/82aafea7d8127119dd649515f56e2117?s=96&d=mm&r=g\",\"contentUrl\":\"https:\/\/secure.gravatar.com\/avatar\/82aafea7d8127119dd649515f56e2117?s=96&d=mm&r=g\",\"caption\":\"rtnews\"},\"url\":\"https:\/\/now-news.de\/de\/author\/rnews\/\"}]}<\/script>\n<!-- \/ Yoast SEO Premium plugin. -->","yoast_head_json":{"title":"Israelischer Hubschrauber in Rafah abgest\u00fcrzt \u2013 zwei Tote, mehrere Verletzte - just-now.NEWS Deutschland","robots":{"index":"index","follow":"follow","max-snippet":"max-snippet:-1","max-image-preview":"max-image-preview:large","max-video-preview":"max-video-preview:-1"},"canonical":"https:\/\/now-news.de\/de\/deutschland\/israelischer-hubschrauber-in-rafah-abgestuerzt-zwei-tote-mehrere-verletzte\/","og_locale":"de_DE","og_type":"article","og_title":"Israelischer Hubschrauber in Rafah abgest\u00fcrzt \u2013 zwei Tote, mehrere Verletzte","og_description":"Beim Absturz eines israelischen Hubschraubers nahe Rafah sind zwei Soldaten ums Leben gekommen und sieben weitere verletzt worden. Laut vorl\u00e4ufigen Angaben war gegnerischer Beschuss nicht Ursache des Unfalls. Nahe Rafah im s\u00fcdlichen Gazastreifen\u00a0ist ein israelischer Rettungshubschrauber abgest\u00fcrzt. Laut einer Erkl\u00e4rung der Israelischen Verteidigungsstreitkr\u00e4fte (IDF) kamen bei dem Vorfall zwei Soldaten ums Leben, sieben weitere wurden [&hellip;]","og_url":"https:\/\/now-news.de\/de\/deutschland\/israelischer-hubschrauber-in-rafah-abgestuerzt-zwei-tote-mehrere-verletzte\/","og_site_name":"just-now.NEWS Deutschland","article_publisher":"https:\/\/www.facebook.com\/wirmachenauf","article_published_time":"2024-09-11T12:12:19+00:00","og_image":[{"url":"https:\/\/now-news.de\/de\/wp-content\/uploads\/sites\/3\/2024\/09\/66e1740bb480cc09825bcdae.jpg"}],"author":"rtnews","twitter_card":"summary_large_image","twitter_creator":"@WirMachenAuf_de","twitter_site":"@WirMachenAuf_de","twitter_misc":{"Verfasst von":"rtnews","Gesch\u00e4tzte Lesezeit":"1\u00a0Minute"},"schema":{"@context":"https:\/\/schema.org","@graph":[{"@type":"Article","@id":"https:\/\/now-news.de\/de\/deutschland\/israelischer-hubschrauber-in-rafah-abgestuerzt-zwei-tote-mehrere-verletzte\/#article","isPartOf":{"@id":"https:\/\/now-news.de\/de\/deutschland\/israelischer-hubschrauber-in-rafah-abgestuerzt-zwei-tote-mehrere-verletzte\/"},"author":{"name":"rtnews","@id":"https:\/\/now-news.de\/de\/#\/schema\/person\/fb534a4e865501d8b3285208df34a9b5"},"headline":"Israelischer Hubschrauber in Rafah abgest\u00fcrzt \u2013 zwei Tote, mehrere Verletzte","datePublished":"2024-09-11T12:12:19+00:00","dateModified":"2024-09-11T12:12:19+00:00","mainEntityOfPage":{"@id":"https:\/\/now-news.de\/de\/deutschland\/israelischer-hubschrauber-in-rafah-abgestuerzt-zwei-tote-mehrere-verletzte\/"},"wordCount":259,"commentCount":0,"publisher":{"@id":"https:\/\/now-news.de\/de\/#organization"},"image":{"@id":"https:\/\/now-news.de\/de\/deutschland\/israelischer-hubschrauber-in-rafah-abgestuerzt-zwei-tote-mehrere-verletzte\/#primaryimage"},"thumbnailUrl":"https:\/\/now-news.de\/de\/wp-content\/uploads\/sites\/3\/2024\/09\/Israelischer-Hubschrauber-in-Rafah-abgestuerzt-\u2013-zwei-Tote-mehrere-Verletzte.jpg","keywords":["abgest\u00fcrzt","Hubschrauber","Israelischer","mehrere","Rafah","Tote","Verletzte","zwei"],"articleSection":["Deutschland","Russland"],"inLanguage":"de","potentialAction":[{"@type":"CommentAction","name":"Comment","target":["https:\/\/now-news.de\/de\/deutschland\/israelischer-hubschrauber-in-rafah-abgestuerzt-zwei-tote-mehrere-verletzte\/#respond"]}]},{"@type":"WebPage","@id":"https:\/\/now-news.de\/de\/deutschland\/israelischer-hubschrauber-in-rafah-abgestuerzt-zwei-tote-mehrere-verletzte\/","url":"https:\/\/now-news.de\/de\/deutschland\/israelischer-hubschrauber-in-rafah-abgestuerzt-zwei-tote-mehrere-verletzte\/","name":"Israelischer Hubschrauber in Rafah abgest\u00fcrzt \u2013 zwei Tote, mehrere Verletzte - just-now.NEWS Deutschland","isPartOf":{"@id":"https:\/\/now-news.de\/de\/#website"},"primaryImageOfPage":{"@id":"https:\/\/now-news.de\/de\/deutschland\/israelischer-hubschrauber-in-rafah-abgestuerzt-zwei-tote-mehrere-verletzte\/#primaryimage"},"image":{"@id":"https:\/\/now-news.de\/de\/deutschland\/israelischer-hubschrauber-in-rafah-abgestuerzt-zwei-tote-mehrere-verletzte\/#primaryimage"},"thumbnailUrl":"https:\/\/now-news.de\/de\/wp-content\/uploads\/sites\/3\/2024\/09\/Israelischer-Hubschrauber-in-Rafah-abgestuerzt-\u2013-zwei-Tote-mehrere-Verletzte.jpg","datePublished":"2024-09-11T12:12:19+00:00","dateModified":"2024-09-11T12:12:19+00:00","breadcrumb":{"@id":"https:\/\/now-news.de\/de\/deutschland\/israelischer-hubschrauber-in-rafah-abgestuerzt-zwei-tote-mehrere-verletzte\/#breadcrumb"},"inLanguage":"de","potentialAction":[{"@type":"ReadAction","target":["https:\/\/now-news.de\/de\/deutschland\/israelischer-hubschrauber-in-rafah-abgestuerzt-zwei-tote-mehrere-verletzte\/"]}]},{"@type":"ImageObject","inLanguage":"de","@id":"https:\/\/now-news.de\/de\/deutschland\/israelischer-hubschrauber-in-rafah-abgestuerzt-zwei-tote-mehrere-verletzte\/#primaryimage","url":"https:\/\/now-news.de\/de\/wp-content\/uploads\/sites\/3\/2024\/09\/Israelischer-Hubschrauber-in-Rafah-abgestuerzt-\u2013-zwei-Tote-mehrere-Verletzte.jpg","contentUrl":"https:\/\/now-news.de\/de\/wp-content\/uploads\/sites\/3\/2024\/09\/Israelischer-Hubschrauber-in-Rafah-abgestuerzt-\u2013-zwei-Tote-mehrere-Verletzte.jpg","width":460,"height":259,"caption":"Israelischer Hubschrauber in Rafah abgest\u00fcrzt \u2013 zwei Tote, mehrere Verletzte"},{"@type":"BreadcrumbList","@id":"https:\/\/now-news.de\/de\/deutschland\/israelischer-hubschrauber-in-rafah-abgestuerzt-zwei-tote-mehrere-verletzte\/#breadcrumb","itemListElement":[{"@type":"ListItem","position":1,"name":"Home","item":"https:\/\/now-news.de\/de\/"},{"@type":"ListItem","position":2,"name":"Israelischer Hubschrauber in Rafah abgest\u00fcrzt \u2013 zwei Tote, mehrere Verletzte"}]},{"@type":"WebSite","@id":"https:\/\/now-news.de\/de\/#website","url":"https:\/\/now-news.de\/de\/","name":"just-now.NEWS Deutschland","description":"Das Portal f\u00fcr unzensierte Nachrichten aus der Welt","publisher":{"@id":"https:\/\/now-news.de\/de\/#organization"},"potentialAction":[{"@type":"SearchAction","target":{"@type":"EntryPoint","urlTemplate":"https:\/\/now-news.de\/de\/?s={search_term_string}"},"query-input":"required name=search_term_string"}],"inLanguage":"de"},{"@type":"Organization","@id":"https:\/\/now-news.de\/de\/#organization","name":"Just Now News","url":"https:\/\/now-news.de\/de\/","logo":{"@type":"ImageObject","inLanguage":"de","@id":"https:\/\/now-news.de\/de\/#\/schema\/logo\/image\/","url":"http:\/\/just-now.news\/de\/wp-content\/uploads\/sites\/3\/2022\/04\/logo500x500.jpg","contentUrl":"http:\/\/just-now.news\/de\/wp-content\/uploads\/sites\/3\/2022\/04\/logo500x500.jpg","width":500,"height":500,"caption":"Just Now News"},"image":{"@id":"https:\/\/now-news.de\/de\/#\/schema\/logo\/image\/"},"sameAs":["https:\/\/www.facebook.com\/wirmachenauf","https:\/\/x.com\/WirMachenAuf_de"]},{"@type":"Person","@id":"https:\/\/now-news.de\/de\/#\/schema\/person\/fb534a4e865501d8b3285208df34a9b5","name":"rtnews","image":{"@type":"ImageObject","inLanguage":"de","@id":"https:\/\/now-news.de\/de\/#\/schema\/person\/image\/","url":"https:\/\/secure.gravatar.com\/avatar\/82aafea7d8127119dd649515f56e2117?s=96&d=mm&r=g","contentUrl":"https:\/\/secure.gravatar.com\/avatar\/82aafea7d8127119dd649515f56e2117?s=96&d=mm&r=g","caption":"rtnews"},"url":"https:\/\/now-news.de\/de\/author\/rnews\/"}]}},"_links":{"self":[{"href":"https:\/\/now-news.de\/de\/wp-json\/wp\/v2\/posts\/68717"}],"collection":[{"href":"https:\/\/now-news.de\/de\/wp-json\/wp\/v2\/posts"}],"about":[{"href":"https:\/\/now-news.de\/de\/wp-json\/wp\/v2\/types\/post"}],"author":[{"embeddable":true,"href":"https:\/\/now-news.de\/de\/wp-json\/wp\/v2\/users\/3"}],"replies":[{"embeddable":true,"href":"https:\/\/now-news.de\/de\/wp-json\/wp\/v2\/comments?post=68717"}],"version-history":[{"count":0,"href":"https:\/\/now-news.de\/de\/wp-json\/wp\/v2\/posts\/68717\/revisions"}],"wp:featuredmedia":[{"embeddable":true,"href":"https:\/\/now-news.de\/de\/wp-json\/wp\/v2\/media\/68718"}],"wp:attachment":[{"href":"https:\/\/now-news.de\/de\/wp-json\/wp\/v2\/media?parent=68717"}],"wp:term":[{"taxonomy":"category","embeddable":true,"href":"https:\/\/now-news.de\/de\/wp-json\/wp\/v2\/categories?post=68717"},{"taxonomy":"post_tag","embeddable":true,"href":"https:\/\/now-news.de\/de\/wp-json\/wp\/v2\/tags?post=68717"}],"curies":[{"name":"wp","href":"https:\/\/api.w.org\/{rel}","templated":true}]}}