{"id":68707,"date":"2024-09-11T13:04:31","date_gmt":"2024-09-11T11:04:31","guid":{"rendered":"https:\/\/now-news.de\/de\/deutschland\/pariser-staatsanwaeltin-durow-kooperiert-mit-franzoesischen-justizbehoerden\/"},"modified":"2024-09-11T13:04:31","modified_gmt":"2024-09-11T11:04:31","slug":"pariser-staatsanwaeltin-durow-kooperiert-mit-franzoesischen-justizbehoerden","status":"publish","type":"post","link":"https:\/\/now-news.de\/de\/deutschland\/pariser-staatsanwaeltin-durow-kooperiert-mit-franzoesischen-justizbehoerden\/","title":{"rendered":"Pariser Staatsanw\u00e4ltin: Durow kooperiert mit franz\u00f6sischen Justizbeh\u00f6rden"},"content":{"rendered":"<p><img decoding=\"async\" src=\"https:\/\/now-news.de\/de\/wp-content\/uploads\/sites\/3\/2024\/09\/66e1659748fbef70ef6bf9b6.jpg\" \/><\/p>\n<div class=\"Text-root Text-type_1 \">\n                Vertreter des Messengers Telegram haben in keiner Weise auf Anfragen zur Identifizierung bestimmter Cyberkrimineller reagiert, erkl\u00e4rt die franz\u00f6sische Staatsanwaltschaft. Nun aber kooperiere der festgenommene Gr\u00fcnder Pawel Durow mit den Beh\u00f6rden des Landes.\n            <\/div>\n<p><\/p>\n<div class=\"Text-root Text-type_5 ArticleView-text ViewText-root \">\n<p>Am 24.\u00a0August wurde der Telegram-Gr\u00fcnder Pavel Durow in Paris verhaftet. Wie Staatsanw\u00e4ltin Laure Beccuau nun bekanntgibt, sei der Grund daf\u00fcr die Weigerung seiner Plattform, mit den franz\u00f6sischen Strafverfolgungsbeh\u00f6rden zusammenzuarbeiten. Die Entscheidung, ein Ermittlungsverfahren einzuleiten, sei auch dem Wunsch geschuldet, zu zeigen, dass sich &#8220;das organisierte Verbrechen in einer Welt entwickelt, die allzu oft als virtuell angesehen wird&#8221;.<\/p>\n<p>Aus diesem Grund habe Frankreich ein Gesetz geschaffen, das strafrechtliche Verfolgung des Betreibens einer Internetplattform f\u00fcr illegale Aktivit\u00e4ten erm\u00f6gliche.<\/p>\n<p>Laut Beccuau h\u00e4lt sich Durow an die Auflagen der gerichtlichen \u00dcberpr\u00fcfung. &#8220;Er kooperiert vollumf\u00e4nglich mit uns&#8221;, sagte Beccuau dem Radiosender <em>RTL<\/em>. Ob die franz\u00f6sischen Ermittler auch bereit w\u00e4ren, Elon Musk zu verhaften, den Besitzer des sozialen Netzwerks X, lie\u00df sie offen.<\/p>\n<p>Derzeit laufen Ermittlungen zu einer Reihe von Vorw\u00fcrfen, darunter Beihilfe zur Verbreitung von Kinderpornografie, Beihilfe zum Drogenhandel und Geldw\u00e4sche im Zusammenhang mit organisierter Kriminalit\u00e4t. Die Ermittlungen richten sich &#8220;gegen eine nicht identifizierte Person&#8221; und nicht speziell gegen Durow, teilte die Pariser Staatsanwaltschaft Ende August mit.<\/p>\n<p>Der 39-J\u00e4hrige musste eine Kaution von f\u00fcnf Millionen Euro hinterlegen, muss sich zweimal w\u00f6chentlich bei der Polizei melden und darf Frankreich nicht verlassen.<\/p>\n<p>Vergangene Woche gab der Milliard\u00e4r erstmals seit seiner Verhaftung eine Erkl\u00e4rung ab. Er betonte, dass sein Unternehmen daran interessiert sei, mit den Aufsichtsbeh\u00f6rden zusammenzuarbeiten, um ein Gleichgewicht zwischen Datenschutz und Sicherheit zu finden. Er versicherte, dass Telegram die Gesetze einhalte, r\u00e4umte aber ein, dass der Messenger in letzter Zeit mit Problemen zu k\u00e4mpfen habe, die einen Missbrauch durch Kriminelle erleichterten. Er stellte einen Zusammenhang zwischen diesen Vorf\u00e4llen und dem schnellen Anstieg der Nutzerzahlen der Plattform her.<\/p>\n<p><strong>Mehr zum Thema<\/strong> &#8211; <a rel=\"nofollow noopener\" target=\"_blank\" href=\"https:\/\/freedert.online\/europa\/217383-macron-zu-durows-festnahme-habe\/\">Macron zu Durows Festnahme: &#8220;Habe nichts davon gewusst&#8221;<\/a><\/p>\n<\/p>\n<\/div>\n<p><br \/>\n<br \/><a href=\"https:\/\/de.rt.com\/international\/218821-pariser-staatsanwaeltin-durow-kooperiert-mit\/\">Source link <\/a><\/p>\n","protected":false},"excerpt":{"rendered":"<p>Vertreter des Messengers Telegram haben in keiner Weise auf Anfragen zur Identifizierung bestimmter Cyberkrimineller reagiert, erkl\u00e4rt die franz\u00f6sische Staatsanwaltschaft. Nun aber kooperiere der festgenommene Gr\u00fcnder Pawel Durow mit den Beh\u00f6rden des Landes. Am 24.\u00a0August wurde der Telegram-Gr\u00fcnder Pavel Durow in Paris verhaftet. Wie Staatsanw\u00e4ltin Laure Beccuau nun bekanntgibt, sei der Grund daf\u00fcr die Weigerung seiner [&hellip;]<\/p>\n","protected":false},"author":3,"featured_media":68708,"comment_status":"open","ping_status":"open","sticky":false,"template":"","format":"standard","meta":{"_yoast_indexnow_last_ping":["1726052878"],"wp_automatic_camp":["217"],"749d6049ad3908484ac5005b0c373040":["Pariser Staatsanw\u00e4ltin: Durow kooperiert mit franz\u00f6sischen Justizbeh\u00f6rden"],"original_link":["https:\/\/de.rt.com\/international\/218821-pariser-staatsanwaeltin-durow-kooperiert-mit\/"],"_thumbnail_id":["68708"],"jnews_social_counter_last_update":["1777170954"],"_wptgpro_p2tg_sent2tg":["a:1:{i:23737;s:19:\"2024-09-11 13:09:08\";}"]},"categories":[19,23],"tags":[46896,18875,58459,22533,419,20629,58458],"yoast_head":"<!-- This site is optimized with the Yoast SEO Premium plugin v22.7 (Yoast SEO v22.7) - https:\/\/yoast.com\/wordpress\/plugins\/seo\/ -->\n<title>Pariser Staatsanw\u00e4ltin: Durow kooperiert mit franz\u00f6sischen Justizbeh\u00f6rden - just-now.NEWS Deutschland<\/title>\n<meta name=\"robots\" content=\"index, follow, max-snippet:-1, max-image-preview:large, max-video-preview:-1\" \/>\n<link rel=\"canonical\" href=\"https:\/\/now-news.de\/de\/deutschland\/pariser-staatsanwaeltin-durow-kooperiert-mit-franzoesischen-justizbehoerden\/\" \/>\n<meta property=\"og:locale\" content=\"de_DE\" \/>\n<meta property=\"og:type\" content=\"article\" \/>\n<meta property=\"og:title\" content=\"Pariser Staatsanw\u00e4ltin: Durow kooperiert mit franz\u00f6sischen Justizbeh\u00f6rden\" \/>\n<meta property=\"og:description\" content=\"Vertreter des Messengers Telegram haben in keiner Weise auf Anfragen zur Identifizierung bestimmter Cyberkrimineller reagiert, erkl\u00e4rt die franz\u00f6sische Staatsanwaltschaft. Nun aber kooperiere der festgenommene Gr\u00fcnder Pawel Durow mit den Beh\u00f6rden des Landes. Am 24.\u00a0August wurde der Telegram-Gr\u00fcnder Pavel Durow in Paris verhaftet. Wie Staatsanw\u00e4ltin Laure Beccuau nun bekanntgibt, sei der Grund daf\u00fcr die Weigerung seiner [&hellip;]\" \/>\n<meta property=\"og:url\" content=\"https:\/\/now-news.de\/de\/deutschland\/pariser-staatsanwaeltin-durow-kooperiert-mit-franzoesischen-justizbehoerden\/\" \/>\n<meta property=\"og:site_name\" content=\"just-now.NEWS Deutschland\" \/>\n<meta property=\"article:publisher\" content=\"https:\/\/www.facebook.com\/wirmachenauf\" \/>\n<meta property=\"article:published_time\" content=\"2024-09-11T11:04:31+00:00\" \/>\n<meta property=\"og:image\" content=\"https:\/\/now-news.de\/de\/wp-content\/uploads\/sites\/3\/2024\/09\/66e1659748fbef70ef6bf9b6.jpg\" \/>\n<meta name=\"author\" content=\"rtnews\" \/>\n<meta name=\"twitter:card\" content=\"summary_large_image\" \/>\n<meta name=\"twitter:creator\" content=\"@WirMachenAuf_de\" \/>\n<meta name=\"twitter:site\" content=\"@WirMachenAuf_de\" \/>\n<meta name=\"twitter:label1\" content=\"Verfasst von\" \/>\n\t<meta name=\"twitter:data1\" content=\"rtnews\" \/>\n\t<meta name=\"twitter:label2\" content=\"Gesch\u00e4tzte Lesezeit\" \/>\n\t<meta name=\"twitter:data2\" content=\"2\u00a0Minuten\" \/>\n<script type=\"application\/ld+json\" class=\"yoast-schema-graph\">{\"@context\":\"https:\/\/schema.org\",\"@graph\":[{\"@type\":\"Article\",\"@id\":\"https:\/\/now-news.de\/de\/deutschland\/pariser-staatsanwaeltin-durow-kooperiert-mit-franzoesischen-justizbehoerden\/#article\",\"isPartOf\":{\"@id\":\"https:\/\/now-news.de\/de\/deutschland\/pariser-staatsanwaeltin-durow-kooperiert-mit-franzoesischen-justizbehoerden\/\"},\"author\":{\"name\":\"rtnews\",\"@id\":\"https:\/\/now-news.de\/de\/#\/schema\/person\/fb534a4e865501d8b3285208df34a9b5\"},\"headline\":\"Pariser Staatsanw\u00e4ltin: Durow kooperiert mit franz\u00f6sischen Justizbeh\u00f6rden\",\"datePublished\":\"2024-09-11T11:04:31+00:00\",\"dateModified\":\"2024-09-11T11:04:31+00:00\",\"mainEntityOfPage\":{\"@id\":\"https:\/\/now-news.de\/de\/deutschland\/pariser-staatsanwaeltin-durow-kooperiert-mit-franzoesischen-justizbehoerden\/\"},\"wordCount\":347,\"commentCount\":0,\"publisher\":{\"@id\":\"https:\/\/now-news.de\/de\/#organization\"},\"image\":{\"@id\":\"https:\/\/now-news.de\/de\/deutschland\/pariser-staatsanwaeltin-durow-kooperiert-mit-franzoesischen-justizbehoerden\/#primaryimage\"},\"thumbnailUrl\":\"https:\/\/now-news.de\/de\/wp-content\/uploads\/sites\/3\/2024\/09\/Pariser-Staatsanwaeltin-Durow-kooperiert-mit-franzoesischen-Justizbehoerden.jpg\",\"keywords\":[\"Durow\",\"franz\u00f6sischen\",\"Justizbeh\u00f6rden\",\"kooperiert\",\"mit\",\"Pariser\",\"Staatsanw\u00e4ltin\"],\"articleSection\":[\"Deutschland\",\"Russland\"],\"inLanguage\":\"de\",\"potentialAction\":[{\"@type\":\"CommentAction\",\"name\":\"Comment\",\"target\":[\"https:\/\/now-news.de\/de\/deutschland\/pariser-staatsanwaeltin-durow-kooperiert-mit-franzoesischen-justizbehoerden\/#respond\"]}]},{\"@type\":\"WebPage\",\"@id\":\"https:\/\/now-news.de\/de\/deutschland\/pariser-staatsanwaeltin-durow-kooperiert-mit-franzoesischen-justizbehoerden\/\",\"url\":\"https:\/\/now-news.de\/de\/deutschland\/pariser-staatsanwaeltin-durow-kooperiert-mit-franzoesischen-justizbehoerden\/\",\"name\":\"Pariser Staatsanw\u00e4ltin: Durow kooperiert mit franz\u00f6sischen Justizbeh\u00f6rden - just-now.NEWS Deutschland\",\"isPartOf\":{\"@id\":\"https:\/\/now-news.de\/de\/#website\"},\"primaryImageOfPage\":{\"@id\":\"https:\/\/now-news.de\/de\/deutschland\/pariser-staatsanwaeltin-durow-kooperiert-mit-franzoesischen-justizbehoerden\/#primaryimage\"},\"image\":{\"@id\":\"https:\/\/now-news.de\/de\/deutschland\/pariser-staatsanwaeltin-durow-kooperiert-mit-franzoesischen-justizbehoerden\/#primaryimage\"},\"thumbnailUrl\":\"https:\/\/now-news.de\/de\/wp-content\/uploads\/sites\/3\/2024\/09\/Pariser-Staatsanwaeltin-Durow-kooperiert-mit-franzoesischen-Justizbehoerden.jpg\",\"datePublished\":\"2024-09-11T11:04:31+00:00\",\"dateModified\":\"2024-09-11T11:04:31+00:00\",\"breadcrumb\":{\"@id\":\"https:\/\/now-news.de\/de\/deutschland\/pariser-staatsanwaeltin-durow-kooperiert-mit-franzoesischen-justizbehoerden\/#breadcrumb\"},\"inLanguage\":\"de\",\"potentialAction\":[{\"@type\":\"ReadAction\",\"target\":[\"https:\/\/now-news.de\/de\/deutschland\/pariser-staatsanwaeltin-durow-kooperiert-mit-franzoesischen-justizbehoerden\/\"]}]},{\"@type\":\"ImageObject\",\"inLanguage\":\"de\",\"@id\":\"https:\/\/now-news.de\/de\/deutschland\/pariser-staatsanwaeltin-durow-kooperiert-mit-franzoesischen-justizbehoerden\/#primaryimage\",\"url\":\"https:\/\/now-news.de\/de\/wp-content\/uploads\/sites\/3\/2024\/09\/Pariser-Staatsanwaeltin-Durow-kooperiert-mit-franzoesischen-Justizbehoerden.jpg\",\"contentUrl\":\"https:\/\/now-news.de\/de\/wp-content\/uploads\/sites\/3\/2024\/09\/Pariser-Staatsanwaeltin-Durow-kooperiert-mit-franzoesischen-Justizbehoerden.jpg\",\"width\":460,\"height\":259,\"caption\":\"Pariser Staatsanw\u00e4ltin: Durow kooperiert mit franz\u00f6sischen Justizbeh\u00f6rden\"},{\"@type\":\"BreadcrumbList\",\"@id\":\"https:\/\/now-news.de\/de\/deutschland\/pariser-staatsanwaeltin-durow-kooperiert-mit-franzoesischen-justizbehoerden\/#breadcrumb\",\"itemListElement\":[{\"@type\":\"ListItem\",\"position\":1,\"name\":\"Home\",\"item\":\"https:\/\/now-news.de\/de\/\"},{\"@type\":\"ListItem\",\"position\":2,\"name\":\"Pariser Staatsanw\u00e4ltin: Durow kooperiert mit franz\u00f6sischen Justizbeh\u00f6rden\"}]},{\"@type\":\"WebSite\",\"@id\":\"https:\/\/now-news.de\/de\/#website\",\"url\":\"https:\/\/now-news.de\/de\/\",\"name\":\"just-now.NEWS Deutschland\",\"description\":\"Das Portal f\u00fcr unzensierte Nachrichten aus der Welt\",\"publisher\":{\"@id\":\"https:\/\/now-news.de\/de\/#organization\"},\"potentialAction\":[{\"@type\":\"SearchAction\",\"target\":{\"@type\":\"EntryPoint\",\"urlTemplate\":\"https:\/\/now-news.de\/de\/?s={search_term_string}\"},\"query-input\":\"required name=search_term_string\"}],\"inLanguage\":\"de\"},{\"@type\":\"Organization\",\"@id\":\"https:\/\/now-news.de\/de\/#organization\",\"name\":\"Just Now News\",\"url\":\"https:\/\/now-news.de\/de\/\",\"logo\":{\"@type\":\"ImageObject\",\"inLanguage\":\"de\",\"@id\":\"https:\/\/now-news.de\/de\/#\/schema\/logo\/image\/\",\"url\":\"http:\/\/just-now.news\/de\/wp-content\/uploads\/sites\/3\/2022\/04\/logo500x500.jpg\",\"contentUrl\":\"http:\/\/just-now.news\/de\/wp-content\/uploads\/sites\/3\/2022\/04\/logo500x500.jpg\",\"width\":500,\"height\":500,\"caption\":\"Just Now News\"},\"image\":{\"@id\":\"https:\/\/now-news.de\/de\/#\/schema\/logo\/image\/\"},\"sameAs\":[\"https:\/\/www.facebook.com\/wirmachenauf\",\"https:\/\/x.com\/WirMachenAuf_de\"]},{\"@type\":\"Person\",\"@id\":\"https:\/\/now-news.de\/de\/#\/schema\/person\/fb534a4e865501d8b3285208df34a9b5\",\"name\":\"rtnews\",\"image\":{\"@type\":\"ImageObject\",\"inLanguage\":\"de\",\"@id\":\"https:\/\/now-news.de\/de\/#\/schema\/person\/image\/\",\"url\":\"https:\/\/secure.gravatar.com\/avatar\/82aafea7d8127119dd649515f56e2117?s=96&d=mm&r=g\",\"contentUrl\":\"https:\/\/secure.gravatar.com\/avatar\/82aafea7d8127119dd649515f56e2117?s=96&d=mm&r=g\",\"caption\":\"rtnews\"},\"url\":\"https:\/\/now-news.de\/de\/author\/rnews\/\"}]}<\/script>\n<!-- \/ Yoast SEO Premium plugin. -->","yoast_head_json":{"title":"Pariser Staatsanw\u00e4ltin: Durow kooperiert mit franz\u00f6sischen Justizbeh\u00f6rden - just-now.NEWS Deutschland","robots":{"index":"index","follow":"follow","max-snippet":"max-snippet:-1","max-image-preview":"max-image-preview:large","max-video-preview":"max-video-preview:-1"},"canonical":"https:\/\/now-news.de\/de\/deutschland\/pariser-staatsanwaeltin-durow-kooperiert-mit-franzoesischen-justizbehoerden\/","og_locale":"de_DE","og_type":"article","og_title":"Pariser Staatsanw\u00e4ltin: Durow kooperiert mit franz\u00f6sischen Justizbeh\u00f6rden","og_description":"Vertreter des Messengers Telegram haben in keiner Weise auf Anfragen zur Identifizierung bestimmter Cyberkrimineller reagiert, erkl\u00e4rt die franz\u00f6sische Staatsanwaltschaft. Nun aber kooperiere der festgenommene Gr\u00fcnder Pawel Durow mit den Beh\u00f6rden des Landes. Am 24.\u00a0August wurde der Telegram-Gr\u00fcnder Pavel Durow in Paris verhaftet. Wie Staatsanw\u00e4ltin Laure Beccuau nun bekanntgibt, sei der Grund daf\u00fcr die Weigerung seiner [&hellip;]","og_url":"https:\/\/now-news.de\/de\/deutschland\/pariser-staatsanwaeltin-durow-kooperiert-mit-franzoesischen-justizbehoerden\/","og_site_name":"just-now.NEWS Deutschland","article_publisher":"https:\/\/www.facebook.com\/wirmachenauf","article_published_time":"2024-09-11T11:04:31+00:00","og_image":[{"url":"https:\/\/now-news.de\/de\/wp-content\/uploads\/sites\/3\/2024\/09\/66e1659748fbef70ef6bf9b6.jpg"}],"author":"rtnews","twitter_card":"summary_large_image","twitter_creator":"@WirMachenAuf_de","twitter_site":"@WirMachenAuf_de","twitter_misc":{"Verfasst von":"rtnews","Gesch\u00e4tzte Lesezeit":"2\u00a0Minuten"},"schema":{"@context":"https:\/\/schema.org","@graph":[{"@type":"Article","@id":"https:\/\/now-news.de\/de\/deutschland\/pariser-staatsanwaeltin-durow-kooperiert-mit-franzoesischen-justizbehoerden\/#article","isPartOf":{"@id":"https:\/\/now-news.de\/de\/deutschland\/pariser-staatsanwaeltin-durow-kooperiert-mit-franzoesischen-justizbehoerden\/"},"author":{"name":"rtnews","@id":"https:\/\/now-news.de\/de\/#\/schema\/person\/fb534a4e865501d8b3285208df34a9b5"},"headline":"Pariser Staatsanw\u00e4ltin: Durow kooperiert mit franz\u00f6sischen Justizbeh\u00f6rden","datePublished":"2024-09-11T11:04:31+00:00","dateModified":"2024-09-11T11:04:31+00:00","mainEntityOfPage":{"@id":"https:\/\/now-news.de\/de\/deutschland\/pariser-staatsanwaeltin-durow-kooperiert-mit-franzoesischen-justizbehoerden\/"},"wordCount":347,"commentCount":0,"publisher":{"@id":"https:\/\/now-news.de\/de\/#organization"},"image":{"@id":"https:\/\/now-news.de\/de\/deutschland\/pariser-staatsanwaeltin-durow-kooperiert-mit-franzoesischen-justizbehoerden\/#primaryimage"},"thumbnailUrl":"https:\/\/now-news.de\/de\/wp-content\/uploads\/sites\/3\/2024\/09\/Pariser-Staatsanwaeltin-Durow-kooperiert-mit-franzoesischen-Justizbehoerden.jpg","keywords":["Durow","franz\u00f6sischen","Justizbeh\u00f6rden","kooperiert","mit","Pariser","Staatsanw\u00e4ltin"],"articleSection":["Deutschland","Russland"],"inLanguage":"de","potentialAction":[{"@type":"CommentAction","name":"Comment","target":["https:\/\/now-news.de\/de\/deutschland\/pariser-staatsanwaeltin-durow-kooperiert-mit-franzoesischen-justizbehoerden\/#respond"]}]},{"@type":"WebPage","@id":"https:\/\/now-news.de\/de\/deutschland\/pariser-staatsanwaeltin-durow-kooperiert-mit-franzoesischen-justizbehoerden\/","url":"https:\/\/now-news.de\/de\/deutschland\/pariser-staatsanwaeltin-durow-kooperiert-mit-franzoesischen-justizbehoerden\/","name":"Pariser Staatsanw\u00e4ltin: Durow kooperiert mit franz\u00f6sischen Justizbeh\u00f6rden - just-now.NEWS Deutschland","isPartOf":{"@id":"https:\/\/now-news.de\/de\/#website"},"primaryImageOfPage":{"@id":"https:\/\/now-news.de\/de\/deutschland\/pariser-staatsanwaeltin-durow-kooperiert-mit-franzoesischen-justizbehoerden\/#primaryimage"},"image":{"@id":"https:\/\/now-news.de\/de\/deutschland\/pariser-staatsanwaeltin-durow-kooperiert-mit-franzoesischen-justizbehoerden\/#primaryimage"},"thumbnailUrl":"https:\/\/now-news.de\/de\/wp-content\/uploads\/sites\/3\/2024\/09\/Pariser-Staatsanwaeltin-Durow-kooperiert-mit-franzoesischen-Justizbehoerden.jpg","datePublished":"2024-09-11T11:04:31+00:00","dateModified":"2024-09-11T11:04:31+00:00","breadcrumb":{"@id":"https:\/\/now-news.de\/de\/deutschland\/pariser-staatsanwaeltin-durow-kooperiert-mit-franzoesischen-justizbehoerden\/#breadcrumb"},"inLanguage":"de","potentialAction":[{"@type":"ReadAction","target":["https:\/\/now-news.de\/de\/deutschland\/pariser-staatsanwaeltin-durow-kooperiert-mit-franzoesischen-justizbehoerden\/"]}]},{"@type":"ImageObject","inLanguage":"de","@id":"https:\/\/now-news.de\/de\/deutschland\/pariser-staatsanwaeltin-durow-kooperiert-mit-franzoesischen-justizbehoerden\/#primaryimage","url":"https:\/\/now-news.de\/de\/wp-content\/uploads\/sites\/3\/2024\/09\/Pariser-Staatsanwaeltin-Durow-kooperiert-mit-franzoesischen-Justizbehoerden.jpg","contentUrl":"https:\/\/now-news.de\/de\/wp-content\/uploads\/sites\/3\/2024\/09\/Pariser-Staatsanwaeltin-Durow-kooperiert-mit-franzoesischen-Justizbehoerden.jpg","width":460,"height":259,"caption":"Pariser Staatsanw\u00e4ltin: Durow kooperiert mit franz\u00f6sischen Justizbeh\u00f6rden"},{"@type":"BreadcrumbList","@id":"https:\/\/now-news.de\/de\/deutschland\/pariser-staatsanwaeltin-durow-kooperiert-mit-franzoesischen-justizbehoerden\/#breadcrumb","itemListElement":[{"@type":"ListItem","position":1,"name":"Home","item":"https:\/\/now-news.de\/de\/"},{"@type":"ListItem","position":2,"name":"Pariser Staatsanw\u00e4ltin: Durow kooperiert mit franz\u00f6sischen Justizbeh\u00f6rden"}]},{"@type":"WebSite","@id":"https:\/\/now-news.de\/de\/#website","url":"https:\/\/now-news.de\/de\/","name":"just-now.NEWS Deutschland","description":"Das Portal f\u00fcr unzensierte Nachrichten aus der Welt","publisher":{"@id":"https:\/\/now-news.de\/de\/#organization"},"potentialAction":[{"@type":"SearchAction","target":{"@type":"EntryPoint","urlTemplate":"https:\/\/now-news.de\/de\/?s={search_term_string}"},"query-input":"required name=search_term_string"}],"inLanguage":"de"},{"@type":"Organization","@id":"https:\/\/now-news.de\/de\/#organization","name":"Just Now News","url":"https:\/\/now-news.de\/de\/","logo":{"@type":"ImageObject","inLanguage":"de","@id":"https:\/\/now-news.de\/de\/#\/schema\/logo\/image\/","url":"http:\/\/just-now.news\/de\/wp-content\/uploads\/sites\/3\/2022\/04\/logo500x500.jpg","contentUrl":"http:\/\/just-now.news\/de\/wp-content\/uploads\/sites\/3\/2022\/04\/logo500x500.jpg","width":500,"height":500,"caption":"Just Now News"},"image":{"@id":"https:\/\/now-news.de\/de\/#\/schema\/logo\/image\/"},"sameAs":["https:\/\/www.facebook.com\/wirmachenauf","https:\/\/x.com\/WirMachenAuf_de"]},{"@type":"Person","@id":"https:\/\/now-news.de\/de\/#\/schema\/person\/fb534a4e865501d8b3285208df34a9b5","name":"rtnews","image":{"@type":"ImageObject","inLanguage":"de","@id":"https:\/\/now-news.de\/de\/#\/schema\/person\/image\/","url":"https:\/\/secure.gravatar.com\/avatar\/82aafea7d8127119dd649515f56e2117?s=96&d=mm&r=g","contentUrl":"https:\/\/secure.gravatar.com\/avatar\/82aafea7d8127119dd649515f56e2117?s=96&d=mm&r=g","caption":"rtnews"},"url":"https:\/\/now-news.de\/de\/author\/rnews\/"}]}},"_links":{"self":[{"href":"https:\/\/now-news.de\/de\/wp-json\/wp\/v2\/posts\/68707"}],"collection":[{"href":"https:\/\/now-news.de\/de\/wp-json\/wp\/v2\/posts"}],"about":[{"href":"https:\/\/now-news.de\/de\/wp-json\/wp\/v2\/types\/post"}],"author":[{"embeddable":true,"href":"https:\/\/now-news.de\/de\/wp-json\/wp\/v2\/users\/3"}],"replies":[{"embeddable":true,"href":"https:\/\/now-news.de\/de\/wp-json\/wp\/v2\/comments?post=68707"}],"version-history":[{"count":0,"href":"https:\/\/now-news.de\/de\/wp-json\/wp\/v2\/posts\/68707\/revisions"}],"wp:featuredmedia":[{"embeddable":true,"href":"https:\/\/now-news.de\/de\/wp-json\/wp\/v2\/media\/68708"}],"wp:attachment":[{"href":"https:\/\/now-news.de\/de\/wp-json\/wp\/v2\/media?parent=68707"}],"wp:term":[{"taxonomy":"category","embeddable":true,"href":"https:\/\/now-news.de\/de\/wp-json\/wp\/v2\/categories?post=68707"},{"taxonomy":"post_tag","embeddable":true,"href":"https:\/\/now-news.de\/de\/wp-json\/wp\/v2\/tags?post=68707"}],"curies":[{"name":"wp","href":"https:\/\/api.w.org\/{rel}","templated":true}]}}