{"id":68683,"date":"2024-09-11T07:38:29","date_gmt":"2024-09-11T05:38:29","guid":{"rendered":"https:\/\/now-news.de\/de\/deutschland\/nach-scheitern-des-migrationsgipfels-gegenseitige-schuldzuweisungen-von-union-und-ampel\/"},"modified":"2024-09-11T07:38:29","modified_gmt":"2024-09-11T05:38:29","slug":"nach-scheitern-des-migrationsgipfels-gegenseitige-schuldzuweisungen-von-union-und-ampel","status":"publish","type":"post","link":"https:\/\/now-news.de\/de\/deutschland\/nach-scheitern-des-migrationsgipfels-gegenseitige-schuldzuweisungen-von-union-und-ampel\/","title":{"rendered":"Nach Scheitern des &quot;Migrationsgipfels&quot;: Gegenseitige Schuldzuweisungen von Union und Ampel"},"content":{"rendered":"<p><img decoding=\"async\" src=\"https:\/\/now-news.de\/de\/wp-content\/uploads\/sites\/3\/2024\/09\/66e12534b480cc267e2c56b9.jpg\" \/><\/p>\n<div class=\"Text-root Text-type_1 \">\n                Der sogenannte &#8220;Migrationsgipfel&#8221; von Union und Ampel ist gescheitert. Die Parteien konnten sich nicht auf eine strengere Asyl- und Migrationspolitik verst\u00e4ndigen. Nun hagelt es gegenseitige Vorw\u00fcrfe und Schuldzuweisungen.\n            <\/div>\n<p><\/p>\n<div class=\"Text-root Text-type_5 ArticleView-text ViewText-root \">\n<p>Nach dem Scheitern des sogenannten &#8220;Migrationsgipfels&#8221; machen sich Union und Ampelparteien hierf\u00fcr gegenseitig verantwortlich.\u00a0Der CDU-Vorsitzende\u00a0Friedrich Merz erkl\u00e4rte am Dienstag in Berlin, die Ampelkoalition sehe sich offensichtlich nicht zu umfassenden Zur\u00fcckweisungen an den deutschen Staatsgrenzen in der Lage. Merz stellte fest:<\/p>\n<p><em>&#8220;Damit ist der Versuch gescheitert, einen gemeinsamen Weg zu gehen.&#8221;<\/em><\/p>\n<p>Noch am\u00a0Dienstagmorgen habe es sehr deutliche Hinweise gegeben, dass man zu umfassenden R\u00fcckweisungen bereit sei. Er vermute deshalb, &#8220;dass wieder einmal die Gr\u00fcnen im Hintergrund blockiert haben und daf\u00fcr gesorgt haben, dass die SPD und die FDP nicht so weit gehen konnten, wie sie das uns auch gesagt haben&#8221;. Die aktuellen Beschl\u00fcsse k\u00f6nnten zu einem erneuten Ansteigen der Migration f\u00fchren.<\/p>\n<p>Merz beklagte die fehlende F\u00fchrung von Bundeskanzler Olaf Scholz. Scholz &#8220;h\u00e4tte sp\u00e4testens in dieser Situation jetzt wirklich von seiner Richtlinienkompetenz Gebrauch machen m\u00fcssen und es durchsetzen m\u00fcssen&#8221;. Dazu sei nur eine Verwaltungst\u00e4tigkeit der Bundesregierung notwendig gewesen,\u00a0keine Regelungen und keine Gesetzgebung im Bundestag:<\/p>\n<p><em>&#8220;Dazu h\u00e4tte der Bundeskanzler eine entsprechende Anweisung geben k\u00f6nnen. Er tut es nicht. Die Regierung ist f\u00fchrungslos.&#8221;<\/em><\/p>\n<p>In dieser Woche werde im Bundestag \u00fcber Gesetzgebungsvorschl\u00e4ge der Koalition und der Union beraten \u2013 etwa zum Asylbewerberleistungsrecht, zur Kriminalit\u00e4tsbek\u00e4mpfung und den Sicherheitsgesetzen. Man sei zur\u00fcck im normalen parlamentarischen Verfahren. Dabei, so Merz, werde &#8220;der kleinste gemeinsame Nenner der Koalition&#8221; entscheidend sein. Das sei f\u00fcr eine L\u00f6sung der Probleme zu wenig.<\/p>\n<p>Scholz kritisierte seinerseits die Union f\u00fcr das Scheitern des &#8220;Migrationsgipfels&#8221;.\u00a0Dem Springerblatt <em>Bild<\/em> sagte der Kanzler:<\/p>\n<p><em>&#8220;Man muss davon ausgehen, dass das so geplant gewesen ist. Das Verhalten ist ohne Verantwortung f\u00fcr die Probleme dieses Landes.&#8221;<\/em><\/p>\n<p>Beim Sommerfest des konservativen Seeheimer Kreises der SPD griff Scholz Merz auch pers\u00f6nlich an und warf ihm Verantwortungs- und F\u00fchrungslosigkeit vor. Scholz w\u00f6rtlich:<\/p>\n<p><em>&#8220;Das Rausgehen aus dieser Runde, das stand schon vorher fest. Und das ist blamabel f\u00fcr diejenigen, die das zu verantworten haben. F\u00fchrung sieht anders aus. Charakter, Ehrlichkeit und Festigkeit sind f\u00fcr dieses Land gefragt. Und nicht solche kleinen Taschenspielertricks und Provinzb\u00fchnenschauspielerei.&#8221;<\/em><\/p>\n<p>Auch Au\u00dfenministerin Annalena Baerbock machte die Union f\u00fcr das Scheitern der Veranstaltung verantwortlich. Genauer gesagt, die &#8220;Herren&#8221; in der Union. Dem SPD-nahen <em>Redaktionsnetzwerk Deutschland (RND)<\/em> sagte die Gr\u00fcnenpolitikerin:<\/p>\n<p><em>&#8220;Sicherheitspolitik lebt von Teamplay, Europapolitik lebt von Teamplay. Offenkundig waren nicht alle Herren, die zu den Gespr\u00e4chen im Innenministerium erschienen sind, an Teamplay interessiert. Deshalb haben sie die Gespr\u00e4che verlassen.&#8221;<\/em><\/p>\n<p>Vor dem Gipfel hatte es noch gehei\u00dfen, dass ab Montag kommender Woche an allen deutschen Grenzen\u00a0Fl\u00fcchtlinge\u00a0verst\u00e4rkt zur\u00fcckgewiesen werden sollten. Bundesinnenministerin Nancy Faeser von der SPD hatte entsprechende Grenzkontrollen\u00a0bereits am Montag angek\u00fcndigt. Aus Unionskreisen hie\u00df es noch, die Ampel sei au\u00dferdem bereit, die Forderungen von CDU-Chef Merz\u00a0fast vollst\u00e4ndig zu erf\u00fcllen. Dazu geh\u00f6rt die Zur\u00fcckweisung von sogenannten Dublin-Fl\u00fcchtlingen an deutschen Grenzen. Diese Kurswende der Ampelkoalition blieb dann allerdings aus.<\/p>\n<p><strong>Mehr zum Thema<\/strong> &#8211; <a rel=\"nofollow noopener\" target=\"_blank\" href=\"https:\/\/freedert.online\/inland\/218578-bericht-faeser-will-an-allen\/\">Bericht: Faeser will an allen deutschen Landgrenzen Kontrollen einf\u00fchren<\/a><\/p>\n<div class=\"EmbedBlock-root EmbedBlock-externalVideo EmbedBlock-rumble\">\n<div class=\"VkEmbed\"><iframe class=\"lazyload\" data-src=\"https:\/\/rumble.com\/embed\/v5blccy\" frameborder=\"0\" width=\"853\" height=\"480\" allowfullscreen><\/iframe><\/div>\n<\/div>\n<\/div>\n<p><br \/>\n<br \/><a href=\"https:\/\/de.rt.com\/inland\/218778-nach-scheitern-migrationsgipfels-gegenseitige-schuldzuweisungen\/\">Source link <\/a><\/p>\n","protected":false},"excerpt":{"rendered":"<p>Der sogenannte &#8220;Migrationsgipfel&#8221; von Union und Ampel ist gescheitert. Die Parteien konnten sich nicht auf eine strengere Asyl- und Migrationspolitik verst\u00e4ndigen. Nun hagelt es gegenseitige Vorw\u00fcrfe und Schuldzuweisungen. Nach dem Scheitern des sogenannten &#8220;Migrationsgipfels&#8221; machen sich Union und Ampelparteien hierf\u00fcr gegenseitig verantwortlich.\u00a0Der CDU-Vorsitzende\u00a0Friedrich Merz erkl\u00e4rte am Dienstag in Berlin, die Ampelkoalition sehe sich offensichtlich nicht [&hellip;]<\/p>\n","protected":false},"author":3,"featured_media":68684,"comment_status":"open","ping_status":"open","sticky":false,"template":"","format":"standard","meta":{"_yoast_indexnow_last_ping":["1726033497"],"wp_automatic_camp":["217"],"ff6e20d284ac26164f3f5058f15e8527":["Nach Scheitern des &quot;Migrationsgipfels&quot;: Gegenseitige Schuldzuweisungen von Union und Ampel"],"original_link":["https:\/\/de.rt.com\/inland\/218778-nach-scheitern-migrationsgipfels-gegenseitige-schuldzuweisungen\/"],"_thumbnail_id":["68684"],"jnews_social_counter_last_update":["1777267581"],"_wptgpro_p2tg_sent2tg":["a:1:{i:23737;s:19:\"2024-09-11 07:46:12\";}"]},"categories":[19,23],"tags":[20367,583,33519,979,58444,11272,47953,140,6716,50],"yoast_head":"<!-- This site is optimized with the Yoast SEO Premium plugin v22.7 (Yoast SEO v22.7) - https:\/\/yoast.com\/wordpress\/plugins\/seo\/ -->\n<title>Nach Scheitern des &quot;Migrationsgipfels&quot;: Gegenseitige Schuldzuweisungen von Union und Ampel - just-now.NEWS Deutschland<\/title>\n<meta name=\"robots\" content=\"index, follow, max-snippet:-1, max-image-preview:large, max-video-preview:-1\" \/>\n<link rel=\"canonical\" href=\"https:\/\/now-news.de\/de\/deutschland\/nach-scheitern-des-migrationsgipfels-gegenseitige-schuldzuweisungen-von-union-und-ampel\/\" \/>\n<meta property=\"og:locale\" content=\"de_DE\" \/>\n<meta property=\"og:type\" content=\"article\" \/>\n<meta property=\"og:title\" content=\"Nach Scheitern des &quot;Migrationsgipfels&quot;: Gegenseitige Schuldzuweisungen von Union und Ampel\" \/>\n<meta property=\"og:description\" content=\"Der sogenannte &#8220;Migrationsgipfel&#8221; von Union und Ampel ist gescheitert. Die Parteien konnten sich nicht auf eine strengere Asyl- und Migrationspolitik verst\u00e4ndigen. Nun hagelt es gegenseitige Vorw\u00fcrfe und Schuldzuweisungen. Nach dem Scheitern des sogenannten &#8220;Migrationsgipfels&#8221; machen sich Union und Ampelparteien hierf\u00fcr gegenseitig verantwortlich.\u00a0Der CDU-Vorsitzende\u00a0Friedrich Merz erkl\u00e4rte am Dienstag in Berlin, die Ampelkoalition sehe sich offensichtlich nicht [&hellip;]\" \/>\n<meta property=\"og:url\" content=\"https:\/\/now-news.de\/de\/deutschland\/nach-scheitern-des-migrationsgipfels-gegenseitige-schuldzuweisungen-von-union-und-ampel\/\" \/>\n<meta property=\"og:site_name\" content=\"just-now.NEWS Deutschland\" \/>\n<meta property=\"article:publisher\" content=\"https:\/\/www.facebook.com\/wirmachenauf\" \/>\n<meta property=\"article:published_time\" content=\"2024-09-11T05:38:29+00:00\" \/>\n<meta property=\"og:image\" content=\"https:\/\/now-news.de\/de\/wp-content\/uploads\/sites\/3\/2024\/09\/66e12534b480cc267e2c56b9.jpg\" \/>\n<meta name=\"author\" content=\"rtnews\" \/>\n<meta name=\"twitter:card\" content=\"summary_large_image\" \/>\n<meta name=\"twitter:creator\" content=\"@WirMachenAuf_de\" \/>\n<meta name=\"twitter:site\" content=\"@WirMachenAuf_de\" \/>\n<meta name=\"twitter:label1\" content=\"Verfasst von\" \/>\n\t<meta name=\"twitter:data1\" content=\"rtnews\" \/>\n\t<meta name=\"twitter:label2\" content=\"Gesch\u00e4tzte Lesezeit\" \/>\n\t<meta name=\"twitter:data2\" content=\"3\u00a0Minuten\" \/>\n<script type=\"application\/ld+json\" class=\"yoast-schema-graph\">{\"@context\":\"https:\/\/schema.org\",\"@graph\":[{\"@type\":\"Article\",\"@id\":\"https:\/\/now-news.de\/de\/deutschland\/nach-scheitern-des-migrationsgipfels-gegenseitige-schuldzuweisungen-von-union-und-ampel\/#article\",\"isPartOf\":{\"@id\":\"https:\/\/now-news.de\/de\/deutschland\/nach-scheitern-des-migrationsgipfels-gegenseitige-schuldzuweisungen-von-union-und-ampel\/\"},\"author\":{\"name\":\"rtnews\",\"@id\":\"https:\/\/now-news.de\/de\/#\/schema\/person\/fb534a4e865501d8b3285208df34a9b5\"},\"headline\":\"Nach Scheitern des &quot;Migrationsgipfels&quot;: Gegenseitige Schuldzuweisungen von Union und Ampel\",\"datePublished\":\"2024-09-11T05:38:29+00:00\",\"dateModified\":\"2024-09-11T05:38:29+00:00\",\"mainEntityOfPage\":{\"@id\":\"https:\/\/now-news.de\/de\/deutschland\/nach-scheitern-des-migrationsgipfels-gegenseitige-schuldzuweisungen-von-union-und-ampel\/\"},\"wordCount\":560,\"commentCount\":0,\"publisher\":{\"@id\":\"https:\/\/now-news.de\/de\/#organization\"},\"image\":{\"@id\":\"https:\/\/now-news.de\/de\/deutschland\/nach-scheitern-des-migrationsgipfels-gegenseitige-schuldzuweisungen-von-union-und-ampel\/#primaryimage\"},\"thumbnailUrl\":\"https:\/\/now-news.de\/de\/wp-content\/uploads\/sites\/3\/2024\/09\/Nach-Scheitern-des-quotMigrationsgipfelsquot-Gegenseitige-Schuldzuweisungen-von-Union-und-Ampel.jpg\",\"keywords\":[\"Ampel\",\"des\",\"Gegenseitige\",\"nach\",\"quotMigrationsgipfelsquot\",\"Scheitern\",\"Schuldzuweisungen\",\"und\",\"Union\",\"von\"],\"articleSection\":[\"Deutschland\",\"Russland\"],\"inLanguage\":\"de\",\"potentialAction\":[{\"@type\":\"CommentAction\",\"name\":\"Comment\",\"target\":[\"https:\/\/now-news.de\/de\/deutschland\/nach-scheitern-des-migrationsgipfels-gegenseitige-schuldzuweisungen-von-union-und-ampel\/#respond\"]}]},{\"@type\":\"WebPage\",\"@id\":\"https:\/\/now-news.de\/de\/deutschland\/nach-scheitern-des-migrationsgipfels-gegenseitige-schuldzuweisungen-von-union-und-ampel\/\",\"url\":\"https:\/\/now-news.de\/de\/deutschland\/nach-scheitern-des-migrationsgipfels-gegenseitige-schuldzuweisungen-von-union-und-ampel\/\",\"name\":\"Nach Scheitern des &quot;Migrationsgipfels&quot;: Gegenseitige Schuldzuweisungen von Union und Ampel - just-now.NEWS Deutschland\",\"isPartOf\":{\"@id\":\"https:\/\/now-news.de\/de\/#website\"},\"primaryImageOfPage\":{\"@id\":\"https:\/\/now-news.de\/de\/deutschland\/nach-scheitern-des-migrationsgipfels-gegenseitige-schuldzuweisungen-von-union-und-ampel\/#primaryimage\"},\"image\":{\"@id\":\"https:\/\/now-news.de\/de\/deutschland\/nach-scheitern-des-migrationsgipfels-gegenseitige-schuldzuweisungen-von-union-und-ampel\/#primaryimage\"},\"thumbnailUrl\":\"https:\/\/now-news.de\/de\/wp-content\/uploads\/sites\/3\/2024\/09\/Nach-Scheitern-des-quotMigrationsgipfelsquot-Gegenseitige-Schuldzuweisungen-von-Union-und-Ampel.jpg\",\"datePublished\":\"2024-09-11T05:38:29+00:00\",\"dateModified\":\"2024-09-11T05:38:29+00:00\",\"breadcrumb\":{\"@id\":\"https:\/\/now-news.de\/de\/deutschland\/nach-scheitern-des-migrationsgipfels-gegenseitige-schuldzuweisungen-von-union-und-ampel\/#breadcrumb\"},\"inLanguage\":\"de\",\"potentialAction\":[{\"@type\":\"ReadAction\",\"target\":[\"https:\/\/now-news.de\/de\/deutschland\/nach-scheitern-des-migrationsgipfels-gegenseitige-schuldzuweisungen-von-union-und-ampel\/\"]}]},{\"@type\":\"ImageObject\",\"inLanguage\":\"de\",\"@id\":\"https:\/\/now-news.de\/de\/deutschland\/nach-scheitern-des-migrationsgipfels-gegenseitige-schuldzuweisungen-von-union-und-ampel\/#primaryimage\",\"url\":\"https:\/\/now-news.de\/de\/wp-content\/uploads\/sites\/3\/2024\/09\/Nach-Scheitern-des-quotMigrationsgipfelsquot-Gegenseitige-Schuldzuweisungen-von-Union-und-Ampel.jpg\",\"contentUrl\":\"https:\/\/now-news.de\/de\/wp-content\/uploads\/sites\/3\/2024\/09\/Nach-Scheitern-des-quotMigrationsgipfelsquot-Gegenseitige-Schuldzuweisungen-von-Union-und-Ampel.jpg\",\"width\":460,\"height\":259,\"caption\":\"Nach Scheitern des &quot;Migrationsgipfels&quot;: Gegenseitige Schuldzuweisungen von Union und Ampel\"},{\"@type\":\"BreadcrumbList\",\"@id\":\"https:\/\/now-news.de\/de\/deutschland\/nach-scheitern-des-migrationsgipfels-gegenseitige-schuldzuweisungen-von-union-und-ampel\/#breadcrumb\",\"itemListElement\":[{\"@type\":\"ListItem\",\"position\":1,\"name\":\"Home\",\"item\":\"https:\/\/now-news.de\/de\/\"},{\"@type\":\"ListItem\",\"position\":2,\"name\":\"Nach Scheitern des &quot;Migrationsgipfels&quot;: Gegenseitige Schuldzuweisungen von Union und Ampel\"}]},{\"@type\":\"WebSite\",\"@id\":\"https:\/\/now-news.de\/de\/#website\",\"url\":\"https:\/\/now-news.de\/de\/\",\"name\":\"just-now.NEWS Deutschland\",\"description\":\"Das Portal f\u00fcr unzensierte Nachrichten aus der Welt\",\"publisher\":{\"@id\":\"https:\/\/now-news.de\/de\/#organization\"},\"potentialAction\":[{\"@type\":\"SearchAction\",\"target\":{\"@type\":\"EntryPoint\",\"urlTemplate\":\"https:\/\/now-news.de\/de\/?s={search_term_string}\"},\"query-input\":\"required name=search_term_string\"}],\"inLanguage\":\"de\"},{\"@type\":\"Organization\",\"@id\":\"https:\/\/now-news.de\/de\/#organization\",\"name\":\"Just Now News\",\"url\":\"https:\/\/now-news.de\/de\/\",\"logo\":{\"@type\":\"ImageObject\",\"inLanguage\":\"de\",\"@id\":\"https:\/\/now-news.de\/de\/#\/schema\/logo\/image\/\",\"url\":\"http:\/\/just-now.news\/de\/wp-content\/uploads\/sites\/3\/2022\/04\/logo500x500.jpg\",\"contentUrl\":\"http:\/\/just-now.news\/de\/wp-content\/uploads\/sites\/3\/2022\/04\/logo500x500.jpg\",\"width\":500,\"height\":500,\"caption\":\"Just Now News\"},\"image\":{\"@id\":\"https:\/\/now-news.de\/de\/#\/schema\/logo\/image\/\"},\"sameAs\":[\"https:\/\/www.facebook.com\/wirmachenauf\",\"https:\/\/x.com\/WirMachenAuf_de\"]},{\"@type\":\"Person\",\"@id\":\"https:\/\/now-news.de\/de\/#\/schema\/person\/fb534a4e865501d8b3285208df34a9b5\",\"name\":\"rtnews\",\"image\":{\"@type\":\"ImageObject\",\"inLanguage\":\"de\",\"@id\":\"https:\/\/now-news.de\/de\/#\/schema\/person\/image\/\",\"url\":\"https:\/\/secure.gravatar.com\/avatar\/82aafea7d8127119dd649515f56e2117?s=96&d=mm&r=g\",\"contentUrl\":\"https:\/\/secure.gravatar.com\/avatar\/82aafea7d8127119dd649515f56e2117?s=96&d=mm&r=g\",\"caption\":\"rtnews\"},\"url\":\"https:\/\/now-news.de\/de\/author\/rnews\/\"}]}<\/script>\n<!-- \/ Yoast SEO Premium plugin. -->","yoast_head_json":{"title":"Nach Scheitern des &quot;Migrationsgipfels&quot;: Gegenseitige Schuldzuweisungen von Union und Ampel - just-now.NEWS Deutschland","robots":{"index":"index","follow":"follow","max-snippet":"max-snippet:-1","max-image-preview":"max-image-preview:large","max-video-preview":"max-video-preview:-1"},"canonical":"https:\/\/now-news.de\/de\/deutschland\/nach-scheitern-des-migrationsgipfels-gegenseitige-schuldzuweisungen-von-union-und-ampel\/","og_locale":"de_DE","og_type":"article","og_title":"Nach Scheitern des &quot;Migrationsgipfels&quot;: Gegenseitige Schuldzuweisungen von Union und Ampel","og_description":"Der sogenannte &#8220;Migrationsgipfel&#8221; von Union und Ampel ist gescheitert. Die Parteien konnten sich nicht auf eine strengere Asyl- und Migrationspolitik verst\u00e4ndigen. Nun hagelt es gegenseitige Vorw\u00fcrfe und Schuldzuweisungen. Nach dem Scheitern des sogenannten &#8220;Migrationsgipfels&#8221; machen sich Union und Ampelparteien hierf\u00fcr gegenseitig verantwortlich.\u00a0Der CDU-Vorsitzende\u00a0Friedrich Merz erkl\u00e4rte am Dienstag in Berlin, die Ampelkoalition sehe sich offensichtlich nicht [&hellip;]","og_url":"https:\/\/now-news.de\/de\/deutschland\/nach-scheitern-des-migrationsgipfels-gegenseitige-schuldzuweisungen-von-union-und-ampel\/","og_site_name":"just-now.NEWS Deutschland","article_publisher":"https:\/\/www.facebook.com\/wirmachenauf","article_published_time":"2024-09-11T05:38:29+00:00","og_image":[{"url":"https:\/\/now-news.de\/de\/wp-content\/uploads\/sites\/3\/2024\/09\/66e12534b480cc267e2c56b9.jpg"}],"author":"rtnews","twitter_card":"summary_large_image","twitter_creator":"@WirMachenAuf_de","twitter_site":"@WirMachenAuf_de","twitter_misc":{"Verfasst von":"rtnews","Gesch\u00e4tzte Lesezeit":"3\u00a0Minuten"},"schema":{"@context":"https:\/\/schema.org","@graph":[{"@type":"Article","@id":"https:\/\/now-news.de\/de\/deutschland\/nach-scheitern-des-migrationsgipfels-gegenseitige-schuldzuweisungen-von-union-und-ampel\/#article","isPartOf":{"@id":"https:\/\/now-news.de\/de\/deutschland\/nach-scheitern-des-migrationsgipfels-gegenseitige-schuldzuweisungen-von-union-und-ampel\/"},"author":{"name":"rtnews","@id":"https:\/\/now-news.de\/de\/#\/schema\/person\/fb534a4e865501d8b3285208df34a9b5"},"headline":"Nach Scheitern des &quot;Migrationsgipfels&quot;: Gegenseitige Schuldzuweisungen von Union und Ampel","datePublished":"2024-09-11T05:38:29+00:00","dateModified":"2024-09-11T05:38:29+00:00","mainEntityOfPage":{"@id":"https:\/\/now-news.de\/de\/deutschland\/nach-scheitern-des-migrationsgipfels-gegenseitige-schuldzuweisungen-von-union-und-ampel\/"},"wordCount":560,"commentCount":0,"publisher":{"@id":"https:\/\/now-news.de\/de\/#organization"},"image":{"@id":"https:\/\/now-news.de\/de\/deutschland\/nach-scheitern-des-migrationsgipfels-gegenseitige-schuldzuweisungen-von-union-und-ampel\/#primaryimage"},"thumbnailUrl":"https:\/\/now-news.de\/de\/wp-content\/uploads\/sites\/3\/2024\/09\/Nach-Scheitern-des-quotMigrationsgipfelsquot-Gegenseitige-Schuldzuweisungen-von-Union-und-Ampel.jpg","keywords":["Ampel","des","Gegenseitige","nach","quotMigrationsgipfelsquot","Scheitern","Schuldzuweisungen","und","Union","von"],"articleSection":["Deutschland","Russland"],"inLanguage":"de","potentialAction":[{"@type":"CommentAction","name":"Comment","target":["https:\/\/now-news.de\/de\/deutschland\/nach-scheitern-des-migrationsgipfels-gegenseitige-schuldzuweisungen-von-union-und-ampel\/#respond"]}]},{"@type":"WebPage","@id":"https:\/\/now-news.de\/de\/deutschland\/nach-scheitern-des-migrationsgipfels-gegenseitige-schuldzuweisungen-von-union-und-ampel\/","url":"https:\/\/now-news.de\/de\/deutschland\/nach-scheitern-des-migrationsgipfels-gegenseitige-schuldzuweisungen-von-union-und-ampel\/","name":"Nach Scheitern des &quot;Migrationsgipfels&quot;: Gegenseitige Schuldzuweisungen von Union und Ampel - just-now.NEWS Deutschland","isPartOf":{"@id":"https:\/\/now-news.de\/de\/#website"},"primaryImageOfPage":{"@id":"https:\/\/now-news.de\/de\/deutschland\/nach-scheitern-des-migrationsgipfels-gegenseitige-schuldzuweisungen-von-union-und-ampel\/#primaryimage"},"image":{"@id":"https:\/\/now-news.de\/de\/deutschland\/nach-scheitern-des-migrationsgipfels-gegenseitige-schuldzuweisungen-von-union-und-ampel\/#primaryimage"},"thumbnailUrl":"https:\/\/now-news.de\/de\/wp-content\/uploads\/sites\/3\/2024\/09\/Nach-Scheitern-des-quotMigrationsgipfelsquot-Gegenseitige-Schuldzuweisungen-von-Union-und-Ampel.jpg","datePublished":"2024-09-11T05:38:29+00:00","dateModified":"2024-09-11T05:38:29+00:00","breadcrumb":{"@id":"https:\/\/now-news.de\/de\/deutschland\/nach-scheitern-des-migrationsgipfels-gegenseitige-schuldzuweisungen-von-union-und-ampel\/#breadcrumb"},"inLanguage":"de","potentialAction":[{"@type":"ReadAction","target":["https:\/\/now-news.de\/de\/deutschland\/nach-scheitern-des-migrationsgipfels-gegenseitige-schuldzuweisungen-von-union-und-ampel\/"]}]},{"@type":"ImageObject","inLanguage":"de","@id":"https:\/\/now-news.de\/de\/deutschland\/nach-scheitern-des-migrationsgipfels-gegenseitige-schuldzuweisungen-von-union-und-ampel\/#primaryimage","url":"https:\/\/now-news.de\/de\/wp-content\/uploads\/sites\/3\/2024\/09\/Nach-Scheitern-des-quotMigrationsgipfelsquot-Gegenseitige-Schuldzuweisungen-von-Union-und-Ampel.jpg","contentUrl":"https:\/\/now-news.de\/de\/wp-content\/uploads\/sites\/3\/2024\/09\/Nach-Scheitern-des-quotMigrationsgipfelsquot-Gegenseitige-Schuldzuweisungen-von-Union-und-Ampel.jpg","width":460,"height":259,"caption":"Nach Scheitern des &quot;Migrationsgipfels&quot;: Gegenseitige Schuldzuweisungen von Union und Ampel"},{"@type":"BreadcrumbList","@id":"https:\/\/now-news.de\/de\/deutschland\/nach-scheitern-des-migrationsgipfels-gegenseitige-schuldzuweisungen-von-union-und-ampel\/#breadcrumb","itemListElement":[{"@type":"ListItem","position":1,"name":"Home","item":"https:\/\/now-news.de\/de\/"},{"@type":"ListItem","position":2,"name":"Nach Scheitern des &quot;Migrationsgipfels&quot;: Gegenseitige Schuldzuweisungen von Union und Ampel"}]},{"@type":"WebSite","@id":"https:\/\/now-news.de\/de\/#website","url":"https:\/\/now-news.de\/de\/","name":"just-now.NEWS Deutschland","description":"Das Portal f\u00fcr unzensierte Nachrichten aus der Welt","publisher":{"@id":"https:\/\/now-news.de\/de\/#organization"},"potentialAction":[{"@type":"SearchAction","target":{"@type":"EntryPoint","urlTemplate":"https:\/\/now-news.de\/de\/?s={search_term_string}"},"query-input":"required name=search_term_string"}],"inLanguage":"de"},{"@type":"Organization","@id":"https:\/\/now-news.de\/de\/#organization","name":"Just Now News","url":"https:\/\/now-news.de\/de\/","logo":{"@type":"ImageObject","inLanguage":"de","@id":"https:\/\/now-news.de\/de\/#\/schema\/logo\/image\/","url":"http:\/\/just-now.news\/de\/wp-content\/uploads\/sites\/3\/2022\/04\/logo500x500.jpg","contentUrl":"http:\/\/just-now.news\/de\/wp-content\/uploads\/sites\/3\/2022\/04\/logo500x500.jpg","width":500,"height":500,"caption":"Just Now News"},"image":{"@id":"https:\/\/now-news.de\/de\/#\/schema\/logo\/image\/"},"sameAs":["https:\/\/www.facebook.com\/wirmachenauf","https:\/\/x.com\/WirMachenAuf_de"]},{"@type":"Person","@id":"https:\/\/now-news.de\/de\/#\/schema\/person\/fb534a4e865501d8b3285208df34a9b5","name":"rtnews","image":{"@type":"ImageObject","inLanguage":"de","@id":"https:\/\/now-news.de\/de\/#\/schema\/person\/image\/","url":"https:\/\/secure.gravatar.com\/avatar\/82aafea7d8127119dd649515f56e2117?s=96&d=mm&r=g","contentUrl":"https:\/\/secure.gravatar.com\/avatar\/82aafea7d8127119dd649515f56e2117?s=96&d=mm&r=g","caption":"rtnews"},"url":"https:\/\/now-news.de\/de\/author\/rnews\/"}]}},"_links":{"self":[{"href":"https:\/\/now-news.de\/de\/wp-json\/wp\/v2\/posts\/68683"}],"collection":[{"href":"https:\/\/now-news.de\/de\/wp-json\/wp\/v2\/posts"}],"about":[{"href":"https:\/\/now-news.de\/de\/wp-json\/wp\/v2\/types\/post"}],"author":[{"embeddable":true,"href":"https:\/\/now-news.de\/de\/wp-json\/wp\/v2\/users\/3"}],"replies":[{"embeddable":true,"href":"https:\/\/now-news.de\/de\/wp-json\/wp\/v2\/comments?post=68683"}],"version-history":[{"count":0,"href":"https:\/\/now-news.de\/de\/wp-json\/wp\/v2\/posts\/68683\/revisions"}],"wp:featuredmedia":[{"embeddable":true,"href":"https:\/\/now-news.de\/de\/wp-json\/wp\/v2\/media\/68684"}],"wp:attachment":[{"href":"https:\/\/now-news.de\/de\/wp-json\/wp\/v2\/media?parent=68683"}],"wp:term":[{"taxonomy":"category","embeddable":true,"href":"https:\/\/now-news.de\/de\/wp-json\/wp\/v2\/categories?post=68683"},{"taxonomy":"post_tag","embeddable":true,"href":"https:\/\/now-news.de\/de\/wp-json\/wp\/v2\/tags?post=68683"}],"curies":[{"name":"wp","href":"https:\/\/api.w.org\/{rel}","templated":true}]}}