{"id":68678,"date":"2024-09-11T06:00:13","date_gmt":"2024-09-11T04:00:13","guid":{"rendered":"https:\/\/now-news.de\/de\/deutschland\/wieso-will-scholz-jetzt-friedensgespraeche\/"},"modified":"2024-09-11T06:00:13","modified_gmt":"2024-09-11T04:00:13","slug":"wieso-will-scholz-jetzt-friedensgespraeche","status":"publish","type":"post","link":"https:\/\/now-news.de\/de\/deutschland\/wieso-will-scholz-jetzt-friedensgespraeche\/","title":{"rendered":"Wieso will Scholz jetzt Friedensgespr\u00e4che?"},"content":{"rendered":"<p><img decoding=\"async\" src=\"https:\/\/now-news.de\/de\/wp-content\/uploads\/sites\/3\/2024\/09\/66e04326b480cc72b26ea20d.jpg\" \/><\/p>\n<div class=\"Text-root Text-type_1 \">\n                Nach seinem Treffen mit Wladimir Selenskij sprach sich der deutsche Bundeskanzler f\u00fcr Friedensgespr\u00e4che mit Russland aus. Zudem bereitet Berlin einen eigenen &#8220;Friedensplan&#8221; vor, gem\u00e4\u00df dem die Ukraine den Verlust von Territorien akzeptieren muss. Was hat die deutschen Machthaber in Panik versetzt?\n            <\/div>\n<p><\/p>\n<div class=\"Text-root Text-type_5 ArticleView-text ViewText-root \">\n<p><em>Von Dmitri Bawyrin<\/em><\/p>\n<blockquote>\n<p><em>&#8220;Das ist der Moment, auch dar\u00fcber zu diskutieren, wie wir aus dieser milit\u00e4rischen Situation schneller zum Frieden kommen, als es im Moment realistisch erscheint.&#8221;<\/em><\/p>\n<\/blockquote>\n<p>Mit diesem klobigen Satz verk\u00fcndete Bundeskanzler Olaf Scholz, dass er seit geraumer Zeit f\u00fcr direkte Verhandlungen zwischen Kiew und Moskau zur Konfliktbeendigung eintrete. In der \u00d6ffentlichkeit peilt Berlin die Lage mit \u00e4u\u00dferster Vorsicht. Nach Angaben der f\u00fchrenden italienischen Zeitung <em>La Repubblica<\/em> arbeiten Scholz und seine gleichgesinnten SPD-Kollegen in ihren B\u00fcros bereits an einem eigenen Friedensplan. &#8220;Es handelt sich dabei um eine Art &#8216;Minsk-3&#8217;, das die Hypothese der \u00dcberlassung eines Teils des ukrainischen Territoriums an Moskau beinhaltet&#8221;, so die Zeitungsquelle.<\/p>\n<p>Im\u00a0Runet stellt sich in solchen F\u00e4llen die Frage: &#8220;Oh, was ist denn da los?&#8221;<\/p>\n<p>Fr\u00fcher herrschte in Berlin die allwestliche Maxime, dass die Machthaber in Kiew selbst entscheiden werden, wann sie von Kampfhandlungen zu Verhandlungen mit Russland \u00fcbergehen, und bis dahin werden die NATO- und EU-L\u00e4nder die Ukraine &#8220;so lange wie n\u00f6tig&#8221; unterst\u00fctzen. Die Position Kiews ist im Moment die gleiche wie vor einem Jahr. Die in der ersten Sommerh\u00e4lfte von Wladimir Selenskij ge\u00e4u\u00dferte Rhetorik \u00fcber die etwaige M\u00f6glichkeit eines politischen Dialogs mit Moskau wurde durch die Begeisterung der Ukrainer \u00fcber den Einsatz der ukrainischen Streitkr\u00e4fte im Gebiet Kursk zunichtegemacht. Jetzt lehnt Kiew erneut jegliche Idee von Verhandlungen vor dem Abzug der russischen Truppen &#8220;jenseits der Grenzen von 1991&#8221; ab.<\/p>\n<p>Die Begeisterung ist inzwischen zwar verblasst, aber die Position bleibt. Und nun stellt sich heraus, dass Deutschland eine andere Position vertritt. Scholz hatte bisher klaglos den westlichen Weg verfolgt, indem er die ukrainischen Streitkr\u00e4fte belieferte und den Sanktionen gegen Russland zustimmte. Er ging nie voran (daf\u00fcr war Au\u00dfenministerin Annalena Baerbock von den Gr\u00fcnen zust\u00e4ndig), aber er zog auch keine Grenze, abgesehen von seiner Weigerung, Langstreckenraketen vom Typ Taurus an die Ukraine zu liefern, da deren Wartung nur durch das deutsche Milit\u00e4r erfolgen k\u00f6nnte.<\/p>\n<p>Dieser Weg f\u00fchrte Deutschland zu milliardenschweren Ausgaben, Verlust von Wettbewerbsvorteilen, Rezession und sinkendem Lebensstandard, aus dem es aber mangels milit\u00e4rischer und politischer Souver\u00e4nit\u00e4t (das hei\u00dft als Vasall der USA) nicht herauskommen konnte. Und pl\u00f6tzlich flattert der &#8220;zum Krabbeln Geborene&#8221; mit den &#8220;Fl\u00fcgeln&#8221;. Abgesehen von der allgemeinen H\u00e4rte dieser\u00a0&#8220;Pflicht zu liefern&#8221;\u00a0(die Deutschen gaben am meisten f\u00fcr das ukrainische Projekt in der EU aus und verloren am meisten bei seiner Umsetzung) gibt es daf\u00fcr zwei offensichtliche Gr\u00fcnde.<\/p>\n<p>Erstens: Regionalwahlen. Die j\u00fcngsten Wahlen in Th\u00fcringen und Sachsen haben gezeigt, dass die deutschen W\u00e4hler entweder diejenigen Kr\u00e4fte bevorzugen, die Kiew \u00fcberhaupt nicht unterst\u00fctzen wollen; oder \u2013 im besten Fall f\u00fcr das deutsche politische System \u2013 Bef\u00fcrworter von Friedensgespr\u00e4chen, wie den s\u00e4chsischen Ministerpr\u00e4sidenten Michael Kretschmer (CDU).<\/p>\n<p>Bereits n\u00e4chste Woche wird in Brandenburg gew\u00e4hlt, einem weiteren \u00f6stlichen Bundesland, in dem Euroskeptiker willkommen und Russophobe unbeliebt sind. Im besten Fall tritt die SPD als Juniorpartner in einer vielf\u00e4ltigen Koalition an; im schlimmsten Fall wird sie in die Opposition gedr\u00e4ngt, obwohl Brandenburg fr\u00fcher eine Hochburg der Sozialdemokraten war.<\/p>\n<p>Scholz versucht also, die Tagesordnung an sich zu rei\u00dfen und seine W\u00e4hler davon zu \u00fcberzeugen, dass er der wahre Friedensstifter in Deutschland ist. Obwohl es sich dabei um eine T\u00e4tigkeit nach dem Motto &#8220;Wenn ich nicht aufhole, dann w\u00e4rme ich mich wenigstens auf&#8221; handelt, kann man dem Kanzler keinen Vorwurf machen: Er hat einen normalen politischen Instinkt. Doch dieser Instinkt wurde zu sp\u00e4t geweckt. Scholz kann nicht wie Senator Lindsey Graham (der in der Russischen F\u00f6deration auf der Liste der Terroristen und Extremisten steht) sagen, dass alle Hilfen f\u00fcr Kiew durch die Bodensch\u00e4tze in den Eingeweiden der Ukraine kompensiert werden. Denn was die geizigen Amerikaner bes\u00e4nftigen w\u00fcrde, gilt nicht f\u00fcr die Deutschen: aus historischen Gr\u00fcnden haben sie keinen Anspruch auf die ukrainischen Eingeweide, und vor allem werden die Amerikaner mit niemandem etwas teilen.<\/p>\n<p>Deshalb spricht sich der Bundeskanzler f\u00fcr die schrittweise Aufl\u00f6sung dieser Party aus, die vom deutschen Volk bezahlt wird. Doch im Gro\u00dfen und Ganzen interessiert das weder Washington noch Moskau. Die Interessen des deutschen Volkes wurden von den USA von vornherein nicht ber\u00fccksichtigt; vielmehr war eines der Motive f\u00fcr ihr Vorgehen in der Ukraine der Wunsch, die deutsch-russische Wirtschaftskooperation zu zerst\u00f6ren.<\/p>\n<p>Als sich Berlin im Fr\u00fchjahr der Staatenkoalition anschloss, die auf eine milit\u00e4rische Niederlage Russlands setzte, verlor es die M\u00f6glichkeit, die Rolle des Vermittlers zu beanspruchen. Dass diese Wette nicht aufging, ist sein Problem. Sowohl die Hinweise auf einen Taktikwechsel seitens des Bundeskanzlers als auch seine eigene \u00c4u\u00dferung \u00fcber die Verhandlungen erschienen unmittelbar nach seinem Treffen mit Selenskij auf der Milit\u00e4rbasis Ramstein. Dies ist ein besonderer Treffpunkt f\u00fcr die Kiewer Repr\u00e4sentanten: Dort werden die f\u00fcr die Ukraine bestimmten R\u00fcstungsauftr\u00e4ge an die L\u00e4nder verteilt, die sie erf\u00fcllen k\u00f6nnen.<\/p>\n<p>Diesmal\u00a0war Selenskijs Reise anscheinend umsonst, obwohl dieses regelm\u00e4\u00dfige Treffen in Ramstein mit mehreren anderen gro\u00dfen Waffenpaketen f\u00fcr die ukrainischen Streitkr\u00e4fte (vor allem aus Schweden) verbunden war. Es ist bereits bekannt, dass Kiew dort keine Erlaubnis zum Abschuss von NATO-Langstreckenraketen auf russisches Territorium bekam, trotz (oder gerade wegen) der &#8220;Liste m\u00f6glicher Ziele&#8221;, die es seinen Partnern zur Verf\u00fcgung stellte. Und im Gro\u00dfen und Ganzen beeindruckten seine Zukunftspl\u00e4ne zumindest Scholz nicht. Im Gegenteil, es scheint, als h\u00e4tten sie ihn dazu gedr\u00e4ngt, das ukrainische Projekt wegen seiner Aussichtslosigkeit zu verlassen.<\/p>\n<p>Das ist in der Tat der zweite offenbare Grund: Selenskijs Fantasien wirken nicht mehr, zumindest nicht auf Scholz, der ihnen seit zweieinhalb Jahren zugeh\u00f6rt hat. Der Kanzler ist wohl eher von dem Bild \u00fcberzeugt, das die deutschen Medien vermitteln, indem sie zum Beispiel den Frontzusammenbruch im Donbass f\u00fcr die ukrainischen Streitkr\u00e4fte vorhersagen. Und deshalb muss er dringend seine Ansichten \u00e4ndern, auch wenn das dem\u00fctigend ist. Aber das Dem\u00fctigendste f\u00fcr die Deutschen und auch f\u00fcr Scholz pers\u00f6nlich ist die Tatsache, dass sie \u00fcberhaupt nichts beeinflussen k\u00f6nnen.<\/p>\n<p>Sie k\u00f6nnen die milit\u00e4rische Niederlage Kiews nicht verhindern. Die Einstellung des \u00e4u\u00dferst starrk\u00f6pfigen F\u00fchrers des Kiewer Regimes k\u00f6nnen sie auch nicht beeinflussen. Sie k\u00f6nnen Russland nicht mit ihren angeblichen Friedensinitiativen beeindrucken. Sie k\u00f6nnen sich nicht aus dem von einer festen amerikanischen Hand auferlegten Joch befreien. Sie k\u00f6nnen sich nicht weigern, die fremden Rechnungen zu bezahlen, auch wenn das Geld wirklich ausgegangen ist\u00a0und die Kiewer F\u00fchrung jeden Bezug zur Realit\u00e4t verloren hat.<\/p>\n<p>Deshalb ist der Friedensplan von Scholz nur insoweit von Interesse, wie man aus verbrauchtem Papier M\u00fcllt\u00fcten basteln k\u00f6nnte. Vielleicht sollte er jetzt keine voreiligen Schritte unternehmen, sondern die Niederlage der ukrainischen Koalition mit W\u00fcrde hinnehmen und sich niemandem als Ansprechpartner aufdr\u00e4ngen. Aber die W\u00fcrde der deutschen Regierung\u00a0ist Vergangenheit, genau wie Nord Stream und die Handels- und Industriekooperation mit Russland.<\/p>\n<p><em>\u00dcbersetzt aus dem <a rel=\"nofollow noopener\" target=\"_blank\" href=\"https:\/\/vz.ru\/world\/2024\/9\/10\/1286309.html\">Russischen<\/a>. Der Artikel ist am 10. September 2024 zuerst bei der Zeitung &#8220;Wsgljad&#8221; erschienen.<\/em><\/p>\n<p><strong>Mehr zum Thema<\/strong> &#8211; <a rel=\"nofollow noopener\" target=\"_blank\" href=\"https:\/\/dert.online\/inland\/218498-scholz-fuer-weitere-friedenskonferenz-mit-russland-dabei\/\">Scholz f\u00fcr weitere Friedenskonferenz &#8211; &#8220;mit Russland dabei&#8221;<\/a><\/p>\n<\/p>\n<\/div>\n<p><br \/>\n<br \/><a href=\"https:\/\/de.rt.com\/europa\/218727-wieso-will-scholz-jetzt-friedensgespraeche\/\">Source link <\/a><\/p>\n","protected":false},"excerpt":{"rendered":"<p>Nach seinem Treffen mit Wladimir Selenskij sprach sich der deutsche Bundeskanzler f\u00fcr Friedensgespr\u00e4che mit Russland aus. Zudem bereitet Berlin einen eigenen &#8220;Friedensplan&#8221; vor, gem\u00e4\u00df dem die Ukraine den Verlust von Territorien akzeptieren muss. Was hat die deutschen Machthaber in Panik versetzt? Von Dmitri Bawyrin &#8220;Das ist der Moment, auch dar\u00fcber zu diskutieren, wie wir aus [&hellip;]<\/p>\n","protected":false},"author":3,"featured_media":68679,"comment_status":"open","ping_status":"open","sticky":false,"template":"","format":"standard","meta":{"_yoast_indexnow_last_ping":["1726028682"],"wp_automatic_camp":["217"],"e2649999dee61ddfa2c3150f633b19c4":["Wieso will Scholz jetzt Friedensgespr\u00e4che?"],"original_link":["https:\/\/de.rt.com\/europa\/218727-wieso-will-scholz-jetzt-friedensgespraeche\/"],"_thumbnail_id":["68679"],"jnews_social_counter_last_update":["1777357262"],"_wptgpro_p2tg_sent2tg":["a:1:{i:23737;s:19:\"2024-09-11 06:25:43\";}"]},"categories":[19,23],"tags":[27113,2731,1001,58437],"yoast_head":"<!-- This site is optimized with the Yoast SEO Premium plugin v22.7 (Yoast SEO v22.7) - https:\/\/yoast.com\/wordpress\/plugins\/seo\/ -->\n<title>Wieso will Scholz jetzt Friedensgespr\u00e4che? - just-now.NEWS Deutschland<\/title>\n<meta name=\"robots\" content=\"index, follow, max-snippet:-1, max-image-preview:large, max-video-preview:-1\" \/>\n<link rel=\"canonical\" href=\"https:\/\/now-news.de\/de\/deutschland\/wieso-will-scholz-jetzt-friedensgespraeche\/\" \/>\n<meta property=\"og:locale\" content=\"de_DE\" \/>\n<meta property=\"og:type\" content=\"article\" \/>\n<meta property=\"og:title\" content=\"Wieso will Scholz jetzt Friedensgespr\u00e4che?\" \/>\n<meta property=\"og:description\" content=\"Nach seinem Treffen mit Wladimir Selenskij sprach sich der deutsche Bundeskanzler f\u00fcr Friedensgespr\u00e4che mit Russland aus. Zudem bereitet Berlin einen eigenen &#8220;Friedensplan&#8221; vor, gem\u00e4\u00df dem die Ukraine den Verlust von Territorien akzeptieren muss. Was hat die deutschen Machthaber in Panik versetzt? Von Dmitri Bawyrin &#8220;Das ist der Moment, auch dar\u00fcber zu diskutieren, wie wir aus [&hellip;]\" \/>\n<meta property=\"og:url\" content=\"https:\/\/now-news.de\/de\/deutschland\/wieso-will-scholz-jetzt-friedensgespraeche\/\" \/>\n<meta property=\"og:site_name\" content=\"just-now.NEWS Deutschland\" \/>\n<meta property=\"article:publisher\" content=\"https:\/\/www.facebook.com\/wirmachenauf\" \/>\n<meta property=\"article:published_time\" content=\"2024-09-11T04:00:13+00:00\" \/>\n<meta property=\"og:image\" content=\"https:\/\/now-news.de\/de\/wp-content\/uploads\/sites\/3\/2024\/09\/66e04326b480cc72b26ea20d.jpg\" \/>\n<meta name=\"author\" content=\"rtnews\" \/>\n<meta name=\"twitter:card\" content=\"summary_large_image\" \/>\n<meta name=\"twitter:creator\" content=\"@WirMachenAuf_de\" \/>\n<meta name=\"twitter:site\" content=\"@WirMachenAuf_de\" \/>\n<meta name=\"twitter:label1\" content=\"Verfasst von\" \/>\n\t<meta name=\"twitter:data1\" content=\"rtnews\" \/>\n\t<meta name=\"twitter:label2\" content=\"Gesch\u00e4tzte Lesezeit\" \/>\n\t<meta name=\"twitter:data2\" content=\"6\u00a0Minuten\" \/>\n<script type=\"application\/ld+json\" class=\"yoast-schema-graph\">{\"@context\":\"https:\/\/schema.org\",\"@graph\":[{\"@type\":\"Article\",\"@id\":\"https:\/\/now-news.de\/de\/deutschland\/wieso-will-scholz-jetzt-friedensgespraeche\/#article\",\"isPartOf\":{\"@id\":\"https:\/\/now-news.de\/de\/deutschland\/wieso-will-scholz-jetzt-friedensgespraeche\/\"},\"author\":{\"name\":\"rtnews\",\"@id\":\"https:\/\/now-news.de\/de\/#\/schema\/person\/fb534a4e865501d8b3285208df34a9b5\"},\"headline\":\"Wieso will Scholz jetzt Friedensgespr\u00e4che?\",\"datePublished\":\"2024-09-11T04:00:13+00:00\",\"dateModified\":\"2024-09-11T04:00:13+00:00\",\"mainEntityOfPage\":{\"@id\":\"https:\/\/now-news.de\/de\/deutschland\/wieso-will-scholz-jetzt-friedensgespraeche\/\"},\"wordCount\":1260,\"commentCount\":0,\"publisher\":{\"@id\":\"https:\/\/now-news.de\/de\/#organization\"},\"image\":{\"@id\":\"https:\/\/now-news.de\/de\/deutschland\/wieso-will-scholz-jetzt-friedensgespraeche\/#primaryimage\"},\"thumbnailUrl\":\"https:\/\/now-news.de\/de\/wp-content\/uploads\/sites\/3\/2024\/09\/Wieso-will-Scholz-jetzt-Friedensgespraeche.jpg\",\"keywords\":[\"Friedensgespr\u00e4che\",\"Jetzt\",\"Scholz\",\"Wieso\"],\"articleSection\":[\"Deutschland\",\"Russland\"],\"inLanguage\":\"de\",\"potentialAction\":[{\"@type\":\"CommentAction\",\"name\":\"Comment\",\"target\":[\"https:\/\/now-news.de\/de\/deutschland\/wieso-will-scholz-jetzt-friedensgespraeche\/#respond\"]}]},{\"@type\":\"WebPage\",\"@id\":\"https:\/\/now-news.de\/de\/deutschland\/wieso-will-scholz-jetzt-friedensgespraeche\/\",\"url\":\"https:\/\/now-news.de\/de\/deutschland\/wieso-will-scholz-jetzt-friedensgespraeche\/\",\"name\":\"Wieso will Scholz jetzt Friedensgespr\u00e4che? - just-now.NEWS Deutschland\",\"isPartOf\":{\"@id\":\"https:\/\/now-news.de\/de\/#website\"},\"primaryImageOfPage\":{\"@id\":\"https:\/\/now-news.de\/de\/deutschland\/wieso-will-scholz-jetzt-friedensgespraeche\/#primaryimage\"},\"image\":{\"@id\":\"https:\/\/now-news.de\/de\/deutschland\/wieso-will-scholz-jetzt-friedensgespraeche\/#primaryimage\"},\"thumbnailUrl\":\"https:\/\/now-news.de\/de\/wp-content\/uploads\/sites\/3\/2024\/09\/Wieso-will-Scholz-jetzt-Friedensgespraeche.jpg\",\"datePublished\":\"2024-09-11T04:00:13+00:00\",\"dateModified\":\"2024-09-11T04:00:13+00:00\",\"breadcrumb\":{\"@id\":\"https:\/\/now-news.de\/de\/deutschland\/wieso-will-scholz-jetzt-friedensgespraeche\/#breadcrumb\"},\"inLanguage\":\"de\",\"potentialAction\":[{\"@type\":\"ReadAction\",\"target\":[\"https:\/\/now-news.de\/de\/deutschland\/wieso-will-scholz-jetzt-friedensgespraeche\/\"]}]},{\"@type\":\"ImageObject\",\"inLanguage\":\"de\",\"@id\":\"https:\/\/now-news.de\/de\/deutschland\/wieso-will-scholz-jetzt-friedensgespraeche\/#primaryimage\",\"url\":\"https:\/\/now-news.de\/de\/wp-content\/uploads\/sites\/3\/2024\/09\/Wieso-will-Scholz-jetzt-Friedensgespraeche.jpg\",\"contentUrl\":\"https:\/\/now-news.de\/de\/wp-content\/uploads\/sites\/3\/2024\/09\/Wieso-will-Scholz-jetzt-Friedensgespraeche.jpg\",\"width\":460,\"height\":259,\"caption\":\"Wieso will Scholz jetzt Friedensgespr\u00e4che?\"},{\"@type\":\"BreadcrumbList\",\"@id\":\"https:\/\/now-news.de\/de\/deutschland\/wieso-will-scholz-jetzt-friedensgespraeche\/#breadcrumb\",\"itemListElement\":[{\"@type\":\"ListItem\",\"position\":1,\"name\":\"Home\",\"item\":\"https:\/\/now-news.de\/de\/\"},{\"@type\":\"ListItem\",\"position\":2,\"name\":\"Wieso will Scholz jetzt Friedensgespr\u00e4che?\"}]},{\"@type\":\"WebSite\",\"@id\":\"https:\/\/now-news.de\/de\/#website\",\"url\":\"https:\/\/now-news.de\/de\/\",\"name\":\"just-now.NEWS Deutschland\",\"description\":\"Das Portal f\u00fcr unzensierte Nachrichten aus der Welt\",\"publisher\":{\"@id\":\"https:\/\/now-news.de\/de\/#organization\"},\"potentialAction\":[{\"@type\":\"SearchAction\",\"target\":{\"@type\":\"EntryPoint\",\"urlTemplate\":\"https:\/\/now-news.de\/de\/?s={search_term_string}\"},\"query-input\":\"required name=search_term_string\"}],\"inLanguage\":\"de\"},{\"@type\":\"Organization\",\"@id\":\"https:\/\/now-news.de\/de\/#organization\",\"name\":\"Just Now News\",\"url\":\"https:\/\/now-news.de\/de\/\",\"logo\":{\"@type\":\"ImageObject\",\"inLanguage\":\"de\",\"@id\":\"https:\/\/now-news.de\/de\/#\/schema\/logo\/image\/\",\"url\":\"http:\/\/just-now.news\/de\/wp-content\/uploads\/sites\/3\/2022\/04\/logo500x500.jpg\",\"contentUrl\":\"http:\/\/just-now.news\/de\/wp-content\/uploads\/sites\/3\/2022\/04\/logo500x500.jpg\",\"width\":500,\"height\":500,\"caption\":\"Just Now News\"},\"image\":{\"@id\":\"https:\/\/now-news.de\/de\/#\/schema\/logo\/image\/\"},\"sameAs\":[\"https:\/\/www.facebook.com\/wirmachenauf\",\"https:\/\/x.com\/WirMachenAuf_de\"]},{\"@type\":\"Person\",\"@id\":\"https:\/\/now-news.de\/de\/#\/schema\/person\/fb534a4e865501d8b3285208df34a9b5\",\"name\":\"rtnews\",\"image\":{\"@type\":\"ImageObject\",\"inLanguage\":\"de\",\"@id\":\"https:\/\/now-news.de\/de\/#\/schema\/person\/image\/\",\"url\":\"https:\/\/secure.gravatar.com\/avatar\/82aafea7d8127119dd649515f56e2117?s=96&d=mm&r=g\",\"contentUrl\":\"https:\/\/secure.gravatar.com\/avatar\/82aafea7d8127119dd649515f56e2117?s=96&d=mm&r=g\",\"caption\":\"rtnews\"},\"url\":\"https:\/\/now-news.de\/de\/author\/rnews\/\"}]}<\/script>\n<!-- \/ Yoast SEO Premium plugin. -->","yoast_head_json":{"title":"Wieso will Scholz jetzt Friedensgespr\u00e4che? - just-now.NEWS Deutschland","robots":{"index":"index","follow":"follow","max-snippet":"max-snippet:-1","max-image-preview":"max-image-preview:large","max-video-preview":"max-video-preview:-1"},"canonical":"https:\/\/now-news.de\/de\/deutschland\/wieso-will-scholz-jetzt-friedensgespraeche\/","og_locale":"de_DE","og_type":"article","og_title":"Wieso will Scholz jetzt Friedensgespr\u00e4che?","og_description":"Nach seinem Treffen mit Wladimir Selenskij sprach sich der deutsche Bundeskanzler f\u00fcr Friedensgespr\u00e4che mit Russland aus. Zudem bereitet Berlin einen eigenen &#8220;Friedensplan&#8221; vor, gem\u00e4\u00df dem die Ukraine den Verlust von Territorien akzeptieren muss. Was hat die deutschen Machthaber in Panik versetzt? Von Dmitri Bawyrin &#8220;Das ist der Moment, auch dar\u00fcber zu diskutieren, wie wir aus [&hellip;]","og_url":"https:\/\/now-news.de\/de\/deutschland\/wieso-will-scholz-jetzt-friedensgespraeche\/","og_site_name":"just-now.NEWS Deutschland","article_publisher":"https:\/\/www.facebook.com\/wirmachenauf","article_published_time":"2024-09-11T04:00:13+00:00","og_image":[{"url":"https:\/\/now-news.de\/de\/wp-content\/uploads\/sites\/3\/2024\/09\/66e04326b480cc72b26ea20d.jpg"}],"author":"rtnews","twitter_card":"summary_large_image","twitter_creator":"@WirMachenAuf_de","twitter_site":"@WirMachenAuf_de","twitter_misc":{"Verfasst von":"rtnews","Gesch\u00e4tzte Lesezeit":"6\u00a0Minuten"},"schema":{"@context":"https:\/\/schema.org","@graph":[{"@type":"Article","@id":"https:\/\/now-news.de\/de\/deutschland\/wieso-will-scholz-jetzt-friedensgespraeche\/#article","isPartOf":{"@id":"https:\/\/now-news.de\/de\/deutschland\/wieso-will-scholz-jetzt-friedensgespraeche\/"},"author":{"name":"rtnews","@id":"https:\/\/now-news.de\/de\/#\/schema\/person\/fb534a4e865501d8b3285208df34a9b5"},"headline":"Wieso will Scholz jetzt Friedensgespr\u00e4che?","datePublished":"2024-09-11T04:00:13+00:00","dateModified":"2024-09-11T04:00:13+00:00","mainEntityOfPage":{"@id":"https:\/\/now-news.de\/de\/deutschland\/wieso-will-scholz-jetzt-friedensgespraeche\/"},"wordCount":1260,"commentCount":0,"publisher":{"@id":"https:\/\/now-news.de\/de\/#organization"},"image":{"@id":"https:\/\/now-news.de\/de\/deutschland\/wieso-will-scholz-jetzt-friedensgespraeche\/#primaryimage"},"thumbnailUrl":"https:\/\/now-news.de\/de\/wp-content\/uploads\/sites\/3\/2024\/09\/Wieso-will-Scholz-jetzt-Friedensgespraeche.jpg","keywords":["Friedensgespr\u00e4che","Jetzt","Scholz","Wieso"],"articleSection":["Deutschland","Russland"],"inLanguage":"de","potentialAction":[{"@type":"CommentAction","name":"Comment","target":["https:\/\/now-news.de\/de\/deutschland\/wieso-will-scholz-jetzt-friedensgespraeche\/#respond"]}]},{"@type":"WebPage","@id":"https:\/\/now-news.de\/de\/deutschland\/wieso-will-scholz-jetzt-friedensgespraeche\/","url":"https:\/\/now-news.de\/de\/deutschland\/wieso-will-scholz-jetzt-friedensgespraeche\/","name":"Wieso will Scholz jetzt Friedensgespr\u00e4che? - just-now.NEWS Deutschland","isPartOf":{"@id":"https:\/\/now-news.de\/de\/#website"},"primaryImageOfPage":{"@id":"https:\/\/now-news.de\/de\/deutschland\/wieso-will-scholz-jetzt-friedensgespraeche\/#primaryimage"},"image":{"@id":"https:\/\/now-news.de\/de\/deutschland\/wieso-will-scholz-jetzt-friedensgespraeche\/#primaryimage"},"thumbnailUrl":"https:\/\/now-news.de\/de\/wp-content\/uploads\/sites\/3\/2024\/09\/Wieso-will-Scholz-jetzt-Friedensgespraeche.jpg","datePublished":"2024-09-11T04:00:13+00:00","dateModified":"2024-09-11T04:00:13+00:00","breadcrumb":{"@id":"https:\/\/now-news.de\/de\/deutschland\/wieso-will-scholz-jetzt-friedensgespraeche\/#breadcrumb"},"inLanguage":"de","potentialAction":[{"@type":"ReadAction","target":["https:\/\/now-news.de\/de\/deutschland\/wieso-will-scholz-jetzt-friedensgespraeche\/"]}]},{"@type":"ImageObject","inLanguage":"de","@id":"https:\/\/now-news.de\/de\/deutschland\/wieso-will-scholz-jetzt-friedensgespraeche\/#primaryimage","url":"https:\/\/now-news.de\/de\/wp-content\/uploads\/sites\/3\/2024\/09\/Wieso-will-Scholz-jetzt-Friedensgespraeche.jpg","contentUrl":"https:\/\/now-news.de\/de\/wp-content\/uploads\/sites\/3\/2024\/09\/Wieso-will-Scholz-jetzt-Friedensgespraeche.jpg","width":460,"height":259,"caption":"Wieso will Scholz jetzt Friedensgespr\u00e4che?"},{"@type":"BreadcrumbList","@id":"https:\/\/now-news.de\/de\/deutschland\/wieso-will-scholz-jetzt-friedensgespraeche\/#breadcrumb","itemListElement":[{"@type":"ListItem","position":1,"name":"Home","item":"https:\/\/now-news.de\/de\/"},{"@type":"ListItem","position":2,"name":"Wieso will Scholz jetzt Friedensgespr\u00e4che?"}]},{"@type":"WebSite","@id":"https:\/\/now-news.de\/de\/#website","url":"https:\/\/now-news.de\/de\/","name":"just-now.NEWS Deutschland","description":"Das Portal f\u00fcr unzensierte Nachrichten aus der Welt","publisher":{"@id":"https:\/\/now-news.de\/de\/#organization"},"potentialAction":[{"@type":"SearchAction","target":{"@type":"EntryPoint","urlTemplate":"https:\/\/now-news.de\/de\/?s={search_term_string}"},"query-input":"required name=search_term_string"}],"inLanguage":"de"},{"@type":"Organization","@id":"https:\/\/now-news.de\/de\/#organization","name":"Just Now News","url":"https:\/\/now-news.de\/de\/","logo":{"@type":"ImageObject","inLanguage":"de","@id":"https:\/\/now-news.de\/de\/#\/schema\/logo\/image\/","url":"http:\/\/just-now.news\/de\/wp-content\/uploads\/sites\/3\/2022\/04\/logo500x500.jpg","contentUrl":"http:\/\/just-now.news\/de\/wp-content\/uploads\/sites\/3\/2022\/04\/logo500x500.jpg","width":500,"height":500,"caption":"Just Now News"},"image":{"@id":"https:\/\/now-news.de\/de\/#\/schema\/logo\/image\/"},"sameAs":["https:\/\/www.facebook.com\/wirmachenauf","https:\/\/x.com\/WirMachenAuf_de"]},{"@type":"Person","@id":"https:\/\/now-news.de\/de\/#\/schema\/person\/fb534a4e865501d8b3285208df34a9b5","name":"rtnews","image":{"@type":"ImageObject","inLanguage":"de","@id":"https:\/\/now-news.de\/de\/#\/schema\/person\/image\/","url":"https:\/\/secure.gravatar.com\/avatar\/82aafea7d8127119dd649515f56e2117?s=96&d=mm&r=g","contentUrl":"https:\/\/secure.gravatar.com\/avatar\/82aafea7d8127119dd649515f56e2117?s=96&d=mm&r=g","caption":"rtnews"},"url":"https:\/\/now-news.de\/de\/author\/rnews\/"}]}},"_links":{"self":[{"href":"https:\/\/now-news.de\/de\/wp-json\/wp\/v2\/posts\/68678"}],"collection":[{"href":"https:\/\/now-news.de\/de\/wp-json\/wp\/v2\/posts"}],"about":[{"href":"https:\/\/now-news.de\/de\/wp-json\/wp\/v2\/types\/post"}],"author":[{"embeddable":true,"href":"https:\/\/now-news.de\/de\/wp-json\/wp\/v2\/users\/3"}],"replies":[{"embeddable":true,"href":"https:\/\/now-news.de\/de\/wp-json\/wp\/v2\/comments?post=68678"}],"version-history":[{"count":0,"href":"https:\/\/now-news.de\/de\/wp-json\/wp\/v2\/posts\/68678\/revisions"}],"wp:featuredmedia":[{"embeddable":true,"href":"https:\/\/now-news.de\/de\/wp-json\/wp\/v2\/media\/68679"}],"wp:attachment":[{"href":"https:\/\/now-news.de\/de\/wp-json\/wp\/v2\/media?parent=68678"}],"wp:term":[{"taxonomy":"category","embeddable":true,"href":"https:\/\/now-news.de\/de\/wp-json\/wp\/v2\/categories?post=68678"},{"taxonomy":"post_tag","embeddable":true,"href":"https:\/\/now-news.de\/de\/wp-json\/wp\/v2\/tags?post=68678"}],"curies":[{"name":"wp","href":"https:\/\/api.w.org\/{rel}","templated":true}]}}