{"id":68670,"date":"2024-09-10T21:06:19","date_gmt":"2024-09-10T19:06:19","guid":{"rendered":"https:\/\/now-news.de\/de\/deutschland\/multipolar-setzt-sich-gegen-zensurversuche-der-landesmedienanstalt-nrw-zur-wehr\/"},"modified":"2024-09-10T21:06:19","modified_gmt":"2024-09-10T19:06:19","slug":"multipolar-setzt-sich-gegen-zensurversuche-der-landesmedienanstalt-nrw-zur-wehr","status":"publish","type":"post","link":"https:\/\/now-news.de\/de\/deutschland\/multipolar-setzt-sich-gegen-zensurversuche-der-landesmedienanstalt-nrw-zur-wehr\/","title":{"rendered":"Multipolar setzt sich gegen Zensurversuche der Landesmedienanstalt NRW zur Wehr"},"content":{"rendered":"<p><img decoding=\"async\" src=\"https:\/\/now-news.de\/de\/wp-content\/uploads\/sites\/3\/2024\/09\/66e0921c48fbef706713b30d.jpg\" \/><\/p>\n<div class=\"Text-root Text-type_1 \">\n                Nachdem die Landesmedienanstalt NRW wegen &#8220;vermeintlicher Verst\u00f6\u00dfe gegen die journalistische Sorgfaltspflicht&#8221; gegen das Online-Magazin Multipolar vorgegangen war, weist das Magazin die Vorw\u00fcrfe zur\u00fcck. Die Beeinflussung der Berichterstattung sei &#8220;verfassungswidrig&#8221; und ein &#8220;R\u00fcckfall&#8221; ins 19. Jahrhundert.\n            <\/div>\n<p><\/p>\n<div class=\"Text-root Text-type_5 ArticleView-text ViewText-root \">\n<p>Nach dem Vorgehen der Landesmedienanstalt Nordrhein-Westfalen wegen &#8220;vermeintlicher Verst\u00f6\u00dfe gegen die journalistische Sorgfaltspflicht&#8221; gegen das Online-Magazin <em>Multipolar<\/em> teilte das Online-Medium nun auf seiner Website mit, dass man das Schreiben der Landesanstalt f\u00fcr Medien NRW als verfassungswidrig erachte.<\/p>\n<p>Die Landesmedienanstalt NRW hatte dem Magazin Ende August in einem Brief mitgeteilt, dass mehrere Beitr\u00e4ge nicht der journalistischen Sorgfaltspflicht gen\u00fcgten \u2013 und Erg\u00e4nzungen angemahnt (<em>RT\u00a0DE<\/em>\u00a0<a rel=\"nofollow noopener\" target=\"_blank\" href=\"https:\/\/freedert.online\/inland\/217096-staatliche-anerkennung-besonderer-art-landesmedienanstalt\/\">berichtete<\/a>). In seinem Antwortschreiben vom Dienstag verwies Mitherausgeber Paul Schreyer auf Artikel\u00a05 des Grundgesetzes und erkl\u00e4rte, dass die Redaktion den &#8220;Versuch, unsere Berichterstattung zu beeinflussen&#8221; ablehnt.<\/p>\n<p>Im Antwortschreiben verweist Schreyer auch auf die Einsch\u00e4tzung eines Fachjuristen, wonach &#8220;die journalistische Sorgfaltspflicht weder f\u00fcr sich genommen rechtlich sanktionierbar&#8221; ist, &#8220;noch durch eine ordnungsbeh\u00f6rdliche Aufsicht \u00fcber die Redaktionen \u00fcberwacht&#8221; werden darf. Schreyer erkl\u00e4rte:<\/p>\n<p><em>&#8220;Die Pressezensur wurde in Deutschland 1874 gesetzlich abgeschafft.&#8221;<\/em><\/p>\n<p>Der Medienstaatsvertrag in aktuell g\u00fcltiger Form \u2013 auf den sich die LfM beruft \u2013 sei &#8220;ein R\u00fcckfall hinter diese Zeit&#8221;, das Vorgehen der Beh\u00f6rde &#8220;ein Angriff auf die Pressefreiheit&#8221;.<\/p>\n<p>Von der Beh\u00f6rde wurde unter anderem ein diskutierter Zusammenhang von Sterblichkeit und mRNA-Injektionen, das Ausma\u00df der Verk\u00fcrzung der Lebenszeit durch die Corona-Ma\u00dfnahmen sowie der politische Einfluss bei der Hochstufung der Risikobewertung durch das Robert Koch-Institut im M\u00e4rz\u00a02020 moniert.<\/p>\n<p>Zudem wurde kritisiert, dass ein Berliner Feuerwehrmann in einem <em>Multipolar<\/em>-Interview von niedrigen Einsatzzahlen und niedrigen Bettenauslastungen in den Berliner Krankenh\u00e4usern zu Beginn der Coronakrise gesprochen hatte. <em>Multipolar<\/em> habe es vers\u00e4umt, diese Aussagen des Feuerwehrmannes &#8220;einzuordnen&#8221;.<\/p>\n<p>Im Antwortschreiben der Redaktion hei\u00dft es diesbez\u00fcglich, man betrachte es nicht als Aufgabe eines Journalisten, &#8220;einem Fachmann zu &#8216;erkl\u00e4ren&#8217;, was er &#8216;wirklich&#8217; erlebt&#8221; habe. Diese &#8220;pervertierte&#8221; Form des Journalismus habe sich von der Realit\u00e4t losgel\u00f6st, h\u00f6re den Menschen nicht mehr zu und wolle sie stattdessen mit eigenen Narrativen &#8220;belehren&#8221;. Das, so die Redaktion gegen\u00fcber der LfM, &#8220;lehnen wir ab&#8221;.<\/p>\n<p>Zuletzt hatte auch das Magazin <em>\u00dcbermedien<\/em> berichtet, LfM-Direktor Tobias Schmid m\u00fcsse sich nun angesichts der Aufmerksamkeit, die der Fall \u00f6ffentlich geweckt hat, laut eigener Aussage &#8220;selbstkritisch die Frage stellen&#8221;, ob sein Mahnschreiben an <em>Multipolar<\/em> &#8220;wom\u00f6glich auch etwas Kontraproduktives erreicht&#8221; hat. Schmid zufolge haben ihn &#8220;viele w\u00fctende Protestschreiben&#8221; wegen des Vorgehens gegen <em>Multipolar<\/em> erreicht.<\/p>\n<p>Am Sonntag hatte Schreyer in einem Interview zudem erkl\u00e4rt, der Fall gebe Gelegenheit, die Frage zu er\u00f6rtern, &#8220;ob wir in unserer Gesellschaft wollen, dass es eine staatsnahe Stelle gibt, die Journalismus inhaltlich beaufsichtigt&#8221;. <em>Multipolar<\/em> sei &#8220;nicht abgeneigt, das gerichtlich \u00fcberpr\u00fcfen zu lassen&#8221;.<\/p>\n<p><strong>Mehr zum Thema<\/strong> \u2013 <a rel=\"nofollow noopener\" target=\"_blank\" href=\"https:\/\/freedert.online\/inland\/217413-zensurdebatte-wollen-wir-dass-behoerde\/\">Zensurdebatte: &#8220;Wollen wir, dass eine Beh\u00f6rde journalistische Vorgaben macht?&#8221; <\/a><\/p>\n<div class=\"EmbedBlock-root EmbedBlock-externalVideo EmbedBlock-rumble\">\n<div class=\"VkEmbed\"><iframe class=\"lazyload\" data-src=\"https:\/\/rumble.com\/embed\/v5aclec\" frameborder=\"0\" width=\"853\" height=\"480\" allowfullscreen><\/iframe><\/div>\n<\/div>\n<\/div>\n<p><br \/>\n<br \/><a href=\"https:\/\/de.rt.com\/inland\/218766-multipolar-setzt-sich-gegen-zensurversuche-der-landesmedienanstalt-nrw-zur-wehr\/\">Source link <\/a><\/p>\n","protected":false},"excerpt":{"rendered":"<p>Nachdem die Landesmedienanstalt NRW wegen &#8220;vermeintlicher Verst\u00f6\u00dfe gegen die journalistische Sorgfaltspflicht&#8221; gegen das Online-Magazin Multipolar vorgegangen war, weist das Magazin die Vorw\u00fcrfe zur\u00fcck. Die Beeinflussung der Berichterstattung sei &#8220;verfassungswidrig&#8221; und ein &#8220;R\u00fcckfall&#8221; ins 19. Jahrhundert. Nach dem Vorgehen der Landesmedienanstalt Nordrhein-Westfalen wegen &#8220;vermeintlicher Verst\u00f6\u00dfe gegen die journalistische Sorgfaltspflicht&#8221; gegen das Online-Magazin Multipolar teilte das Online-Medium [&hellip;]<\/p>\n","protected":false},"author":3,"featured_media":68671,"comment_status":"open","ping_status":"open","sticky":false,"template":"","format":"standard","meta":{"_yoast_indexnow_last_ping":["1725995923"],"wp_automatic_camp":["217"],"ad6a28f11ee9a5477e20f7c9f2950a86":["Multipolar setzt sich gegen Zensurversuche der Landesmedienanstalt NRW zur Wehr"],"original_link":["https:\/\/de.rt.com\/inland\/218766-multipolar-setzt-sich-gegen-zensurversuche-der-landesmedienanstalt-nrw-zur-wehr\/"],"_thumbnail_id":["68671"],"jnews_social_counter_last_update":["1777254606"],"_wptgpro_p2tg_sent2tg":["a:1:{i:23737;s:19:\"2024-09-10 21:19:46\";}"]},"categories":[19,23],"tags":[82,278,45401,58434,20122,1997,434,47645,58435,581],"yoast_head":"<!-- This site is optimized with the Yoast SEO Premium plugin v22.7 (Yoast SEO v22.7) - https:\/\/yoast.com\/wordpress\/plugins\/seo\/ -->\n<title>Multipolar setzt sich gegen Zensurversuche der Landesmedienanstalt NRW zur Wehr - just-now.NEWS Deutschland<\/title>\n<meta name=\"robots\" content=\"index, follow, max-snippet:-1, max-image-preview:large, max-video-preview:-1\" \/>\n<link rel=\"canonical\" href=\"https:\/\/now-news.de\/de\/deutschland\/multipolar-setzt-sich-gegen-zensurversuche-der-landesmedienanstalt-nrw-zur-wehr\/\" \/>\n<meta property=\"og:locale\" content=\"de_DE\" \/>\n<meta property=\"og:type\" content=\"article\" \/>\n<meta property=\"og:title\" content=\"Multipolar setzt sich gegen Zensurversuche der Landesmedienanstalt NRW zur Wehr\" \/>\n<meta property=\"og:description\" content=\"Nachdem die Landesmedienanstalt NRW wegen &#8220;vermeintlicher Verst\u00f6\u00dfe gegen die journalistische Sorgfaltspflicht&#8221; gegen das Online-Magazin Multipolar vorgegangen war, weist das Magazin die Vorw\u00fcrfe zur\u00fcck. Die Beeinflussung der Berichterstattung sei &#8220;verfassungswidrig&#8221; und ein &#8220;R\u00fcckfall&#8221; ins 19. Jahrhundert. Nach dem Vorgehen der Landesmedienanstalt Nordrhein-Westfalen wegen &#8220;vermeintlicher Verst\u00f6\u00dfe gegen die journalistische Sorgfaltspflicht&#8221; gegen das Online-Magazin Multipolar teilte das Online-Medium [&hellip;]\" \/>\n<meta property=\"og:url\" content=\"https:\/\/now-news.de\/de\/deutschland\/multipolar-setzt-sich-gegen-zensurversuche-der-landesmedienanstalt-nrw-zur-wehr\/\" \/>\n<meta property=\"og:site_name\" content=\"just-now.NEWS Deutschland\" \/>\n<meta property=\"article:publisher\" content=\"https:\/\/www.facebook.com\/wirmachenauf\" \/>\n<meta property=\"article:published_time\" content=\"2024-09-10T19:06:19+00:00\" \/>\n<meta property=\"og:image\" content=\"https:\/\/now-news.de\/de\/wp-content\/uploads\/sites\/3\/2024\/09\/66e0921c48fbef706713b30d.jpg\" \/>\n<meta name=\"author\" content=\"rtnews\" \/>\n<meta name=\"twitter:card\" content=\"summary_large_image\" \/>\n<meta name=\"twitter:creator\" content=\"@WirMachenAuf_de\" \/>\n<meta name=\"twitter:site\" content=\"@WirMachenAuf_de\" \/>\n<meta name=\"twitter:label1\" content=\"Verfasst von\" \/>\n\t<meta name=\"twitter:data1\" content=\"rtnews\" \/>\n\t<meta name=\"twitter:label2\" content=\"Gesch\u00e4tzte Lesezeit\" \/>\n\t<meta name=\"twitter:data2\" content=\"2\u00a0Minuten\" \/>\n<script type=\"application\/ld+json\" class=\"yoast-schema-graph\">{\"@context\":\"https:\/\/schema.org\",\"@graph\":[{\"@type\":\"Article\",\"@id\":\"https:\/\/now-news.de\/de\/deutschland\/multipolar-setzt-sich-gegen-zensurversuche-der-landesmedienanstalt-nrw-zur-wehr\/#article\",\"isPartOf\":{\"@id\":\"https:\/\/now-news.de\/de\/deutschland\/multipolar-setzt-sich-gegen-zensurversuche-der-landesmedienanstalt-nrw-zur-wehr\/\"},\"author\":{\"name\":\"rtnews\",\"@id\":\"https:\/\/now-news.de\/de\/#\/schema\/person\/fb534a4e865501d8b3285208df34a9b5\"},\"headline\":\"Multipolar setzt sich gegen Zensurversuche der Landesmedienanstalt NRW zur Wehr\",\"datePublished\":\"2024-09-10T19:06:19+00:00\",\"dateModified\":\"2024-09-10T19:06:19+00:00\",\"mainEntityOfPage\":{\"@id\":\"https:\/\/now-news.de\/de\/deutschland\/multipolar-setzt-sich-gegen-zensurversuche-der-landesmedienanstalt-nrw-zur-wehr\/\"},\"wordCount\":479,\"commentCount\":0,\"publisher\":{\"@id\":\"https:\/\/now-news.de\/de\/#organization\"},\"image\":{\"@id\":\"https:\/\/now-news.de\/de\/deutschland\/multipolar-setzt-sich-gegen-zensurversuche-der-landesmedienanstalt-nrw-zur-wehr\/#primaryimage\"},\"thumbnailUrl\":\"https:\/\/now-news.de\/de\/wp-content\/uploads\/sites\/3\/2024\/09\/Multipolar-setzt-sich-gegen-Zensurversuche-der-Landesmedienanstalt-NRW-zur-Wehr.jpg\",\"keywords\":[\"der\",\"gegen\",\"Landesmedienanstalt\",\"Multipolar\",\"NRW\",\"setzt\",\"sich\",\"Wehr\",\"Zensurversuche\",\"zur\"],\"articleSection\":[\"Deutschland\",\"Russland\"],\"inLanguage\":\"de\",\"potentialAction\":[{\"@type\":\"CommentAction\",\"name\":\"Comment\",\"target\":[\"https:\/\/now-news.de\/de\/deutschland\/multipolar-setzt-sich-gegen-zensurversuche-der-landesmedienanstalt-nrw-zur-wehr\/#respond\"]}]},{\"@type\":\"WebPage\",\"@id\":\"https:\/\/now-news.de\/de\/deutschland\/multipolar-setzt-sich-gegen-zensurversuche-der-landesmedienanstalt-nrw-zur-wehr\/\",\"url\":\"https:\/\/now-news.de\/de\/deutschland\/multipolar-setzt-sich-gegen-zensurversuche-der-landesmedienanstalt-nrw-zur-wehr\/\",\"name\":\"Multipolar setzt sich gegen Zensurversuche der Landesmedienanstalt NRW zur Wehr - just-now.NEWS Deutschland\",\"isPartOf\":{\"@id\":\"https:\/\/now-news.de\/de\/#website\"},\"primaryImageOfPage\":{\"@id\":\"https:\/\/now-news.de\/de\/deutschland\/multipolar-setzt-sich-gegen-zensurversuche-der-landesmedienanstalt-nrw-zur-wehr\/#primaryimage\"},\"image\":{\"@id\":\"https:\/\/now-news.de\/de\/deutschland\/multipolar-setzt-sich-gegen-zensurversuche-der-landesmedienanstalt-nrw-zur-wehr\/#primaryimage\"},\"thumbnailUrl\":\"https:\/\/now-news.de\/de\/wp-content\/uploads\/sites\/3\/2024\/09\/Multipolar-setzt-sich-gegen-Zensurversuche-der-Landesmedienanstalt-NRW-zur-Wehr.jpg\",\"datePublished\":\"2024-09-10T19:06:19+00:00\",\"dateModified\":\"2024-09-10T19:06:19+00:00\",\"breadcrumb\":{\"@id\":\"https:\/\/now-news.de\/de\/deutschland\/multipolar-setzt-sich-gegen-zensurversuche-der-landesmedienanstalt-nrw-zur-wehr\/#breadcrumb\"},\"inLanguage\":\"de\",\"potentialAction\":[{\"@type\":\"ReadAction\",\"target\":[\"https:\/\/now-news.de\/de\/deutschland\/multipolar-setzt-sich-gegen-zensurversuche-der-landesmedienanstalt-nrw-zur-wehr\/\"]}]},{\"@type\":\"ImageObject\",\"inLanguage\":\"de\",\"@id\":\"https:\/\/now-news.de\/de\/deutschland\/multipolar-setzt-sich-gegen-zensurversuche-der-landesmedienanstalt-nrw-zur-wehr\/#primaryimage\",\"url\":\"https:\/\/now-news.de\/de\/wp-content\/uploads\/sites\/3\/2024\/09\/Multipolar-setzt-sich-gegen-Zensurversuche-der-Landesmedienanstalt-NRW-zur-Wehr.jpg\",\"contentUrl\":\"https:\/\/now-news.de\/de\/wp-content\/uploads\/sites\/3\/2024\/09\/Multipolar-setzt-sich-gegen-Zensurversuche-der-Landesmedienanstalt-NRW-zur-Wehr.jpg\",\"width\":460,\"height\":259,\"caption\":\"Multipolar setzt sich gegen Zensurversuche der Landesmedienanstalt NRW zur Wehr\"},{\"@type\":\"BreadcrumbList\",\"@id\":\"https:\/\/now-news.de\/de\/deutschland\/multipolar-setzt-sich-gegen-zensurversuche-der-landesmedienanstalt-nrw-zur-wehr\/#breadcrumb\",\"itemListElement\":[{\"@type\":\"ListItem\",\"position\":1,\"name\":\"Home\",\"item\":\"https:\/\/now-news.de\/de\/\"},{\"@type\":\"ListItem\",\"position\":2,\"name\":\"Multipolar setzt sich gegen Zensurversuche der Landesmedienanstalt NRW zur Wehr\"}]},{\"@type\":\"WebSite\",\"@id\":\"https:\/\/now-news.de\/de\/#website\",\"url\":\"https:\/\/now-news.de\/de\/\",\"name\":\"just-now.NEWS Deutschland\",\"description\":\"Das Portal f\u00fcr unzensierte Nachrichten aus der Welt\",\"publisher\":{\"@id\":\"https:\/\/now-news.de\/de\/#organization\"},\"potentialAction\":[{\"@type\":\"SearchAction\",\"target\":{\"@type\":\"EntryPoint\",\"urlTemplate\":\"https:\/\/now-news.de\/de\/?s={search_term_string}\"},\"query-input\":\"required name=search_term_string\"}],\"inLanguage\":\"de\"},{\"@type\":\"Organization\",\"@id\":\"https:\/\/now-news.de\/de\/#organization\",\"name\":\"Just Now News\",\"url\":\"https:\/\/now-news.de\/de\/\",\"logo\":{\"@type\":\"ImageObject\",\"inLanguage\":\"de\",\"@id\":\"https:\/\/now-news.de\/de\/#\/schema\/logo\/image\/\",\"url\":\"http:\/\/just-now.news\/de\/wp-content\/uploads\/sites\/3\/2022\/04\/logo500x500.jpg\",\"contentUrl\":\"http:\/\/just-now.news\/de\/wp-content\/uploads\/sites\/3\/2022\/04\/logo500x500.jpg\",\"width\":500,\"height\":500,\"caption\":\"Just Now News\"},\"image\":{\"@id\":\"https:\/\/now-news.de\/de\/#\/schema\/logo\/image\/\"},\"sameAs\":[\"https:\/\/www.facebook.com\/wirmachenauf\",\"https:\/\/x.com\/WirMachenAuf_de\"]},{\"@type\":\"Person\",\"@id\":\"https:\/\/now-news.de\/de\/#\/schema\/person\/fb534a4e865501d8b3285208df34a9b5\",\"name\":\"rtnews\",\"image\":{\"@type\":\"ImageObject\",\"inLanguage\":\"de\",\"@id\":\"https:\/\/now-news.de\/de\/#\/schema\/person\/image\/\",\"url\":\"https:\/\/secure.gravatar.com\/avatar\/82aafea7d8127119dd649515f56e2117?s=96&d=mm&r=g\",\"contentUrl\":\"https:\/\/secure.gravatar.com\/avatar\/82aafea7d8127119dd649515f56e2117?s=96&d=mm&r=g\",\"caption\":\"rtnews\"},\"url\":\"https:\/\/now-news.de\/de\/author\/rnews\/\"}]}<\/script>\n<!-- \/ Yoast SEO Premium plugin. -->","yoast_head_json":{"title":"Multipolar setzt sich gegen Zensurversuche der Landesmedienanstalt NRW zur Wehr - just-now.NEWS Deutschland","robots":{"index":"index","follow":"follow","max-snippet":"max-snippet:-1","max-image-preview":"max-image-preview:large","max-video-preview":"max-video-preview:-1"},"canonical":"https:\/\/now-news.de\/de\/deutschland\/multipolar-setzt-sich-gegen-zensurversuche-der-landesmedienanstalt-nrw-zur-wehr\/","og_locale":"de_DE","og_type":"article","og_title":"Multipolar setzt sich gegen Zensurversuche der Landesmedienanstalt NRW zur Wehr","og_description":"Nachdem die Landesmedienanstalt NRW wegen &#8220;vermeintlicher Verst\u00f6\u00dfe gegen die journalistische Sorgfaltspflicht&#8221; gegen das Online-Magazin Multipolar vorgegangen war, weist das Magazin die Vorw\u00fcrfe zur\u00fcck. Die Beeinflussung der Berichterstattung sei &#8220;verfassungswidrig&#8221; und ein &#8220;R\u00fcckfall&#8221; ins 19. Jahrhundert. Nach dem Vorgehen der Landesmedienanstalt Nordrhein-Westfalen wegen &#8220;vermeintlicher Verst\u00f6\u00dfe gegen die journalistische Sorgfaltspflicht&#8221; gegen das Online-Magazin Multipolar teilte das Online-Medium [&hellip;]","og_url":"https:\/\/now-news.de\/de\/deutschland\/multipolar-setzt-sich-gegen-zensurversuche-der-landesmedienanstalt-nrw-zur-wehr\/","og_site_name":"just-now.NEWS Deutschland","article_publisher":"https:\/\/www.facebook.com\/wirmachenauf","article_published_time":"2024-09-10T19:06:19+00:00","og_image":[{"url":"https:\/\/now-news.de\/de\/wp-content\/uploads\/sites\/3\/2024\/09\/66e0921c48fbef706713b30d.jpg"}],"author":"rtnews","twitter_card":"summary_large_image","twitter_creator":"@WirMachenAuf_de","twitter_site":"@WirMachenAuf_de","twitter_misc":{"Verfasst von":"rtnews","Gesch\u00e4tzte Lesezeit":"2\u00a0Minuten"},"schema":{"@context":"https:\/\/schema.org","@graph":[{"@type":"Article","@id":"https:\/\/now-news.de\/de\/deutschland\/multipolar-setzt-sich-gegen-zensurversuche-der-landesmedienanstalt-nrw-zur-wehr\/#article","isPartOf":{"@id":"https:\/\/now-news.de\/de\/deutschland\/multipolar-setzt-sich-gegen-zensurversuche-der-landesmedienanstalt-nrw-zur-wehr\/"},"author":{"name":"rtnews","@id":"https:\/\/now-news.de\/de\/#\/schema\/person\/fb534a4e865501d8b3285208df34a9b5"},"headline":"Multipolar setzt sich gegen Zensurversuche der Landesmedienanstalt NRW zur Wehr","datePublished":"2024-09-10T19:06:19+00:00","dateModified":"2024-09-10T19:06:19+00:00","mainEntityOfPage":{"@id":"https:\/\/now-news.de\/de\/deutschland\/multipolar-setzt-sich-gegen-zensurversuche-der-landesmedienanstalt-nrw-zur-wehr\/"},"wordCount":479,"commentCount":0,"publisher":{"@id":"https:\/\/now-news.de\/de\/#organization"},"image":{"@id":"https:\/\/now-news.de\/de\/deutschland\/multipolar-setzt-sich-gegen-zensurversuche-der-landesmedienanstalt-nrw-zur-wehr\/#primaryimage"},"thumbnailUrl":"https:\/\/now-news.de\/de\/wp-content\/uploads\/sites\/3\/2024\/09\/Multipolar-setzt-sich-gegen-Zensurversuche-der-Landesmedienanstalt-NRW-zur-Wehr.jpg","keywords":["der","gegen","Landesmedienanstalt","Multipolar","NRW","setzt","sich","Wehr","Zensurversuche","zur"],"articleSection":["Deutschland","Russland"],"inLanguage":"de","potentialAction":[{"@type":"CommentAction","name":"Comment","target":["https:\/\/now-news.de\/de\/deutschland\/multipolar-setzt-sich-gegen-zensurversuche-der-landesmedienanstalt-nrw-zur-wehr\/#respond"]}]},{"@type":"WebPage","@id":"https:\/\/now-news.de\/de\/deutschland\/multipolar-setzt-sich-gegen-zensurversuche-der-landesmedienanstalt-nrw-zur-wehr\/","url":"https:\/\/now-news.de\/de\/deutschland\/multipolar-setzt-sich-gegen-zensurversuche-der-landesmedienanstalt-nrw-zur-wehr\/","name":"Multipolar setzt sich gegen Zensurversuche der Landesmedienanstalt NRW zur Wehr - just-now.NEWS Deutschland","isPartOf":{"@id":"https:\/\/now-news.de\/de\/#website"},"primaryImageOfPage":{"@id":"https:\/\/now-news.de\/de\/deutschland\/multipolar-setzt-sich-gegen-zensurversuche-der-landesmedienanstalt-nrw-zur-wehr\/#primaryimage"},"image":{"@id":"https:\/\/now-news.de\/de\/deutschland\/multipolar-setzt-sich-gegen-zensurversuche-der-landesmedienanstalt-nrw-zur-wehr\/#primaryimage"},"thumbnailUrl":"https:\/\/now-news.de\/de\/wp-content\/uploads\/sites\/3\/2024\/09\/Multipolar-setzt-sich-gegen-Zensurversuche-der-Landesmedienanstalt-NRW-zur-Wehr.jpg","datePublished":"2024-09-10T19:06:19+00:00","dateModified":"2024-09-10T19:06:19+00:00","breadcrumb":{"@id":"https:\/\/now-news.de\/de\/deutschland\/multipolar-setzt-sich-gegen-zensurversuche-der-landesmedienanstalt-nrw-zur-wehr\/#breadcrumb"},"inLanguage":"de","potentialAction":[{"@type":"ReadAction","target":["https:\/\/now-news.de\/de\/deutschland\/multipolar-setzt-sich-gegen-zensurversuche-der-landesmedienanstalt-nrw-zur-wehr\/"]}]},{"@type":"ImageObject","inLanguage":"de","@id":"https:\/\/now-news.de\/de\/deutschland\/multipolar-setzt-sich-gegen-zensurversuche-der-landesmedienanstalt-nrw-zur-wehr\/#primaryimage","url":"https:\/\/now-news.de\/de\/wp-content\/uploads\/sites\/3\/2024\/09\/Multipolar-setzt-sich-gegen-Zensurversuche-der-Landesmedienanstalt-NRW-zur-Wehr.jpg","contentUrl":"https:\/\/now-news.de\/de\/wp-content\/uploads\/sites\/3\/2024\/09\/Multipolar-setzt-sich-gegen-Zensurversuche-der-Landesmedienanstalt-NRW-zur-Wehr.jpg","width":460,"height":259,"caption":"Multipolar setzt sich gegen Zensurversuche der Landesmedienanstalt NRW zur Wehr"},{"@type":"BreadcrumbList","@id":"https:\/\/now-news.de\/de\/deutschland\/multipolar-setzt-sich-gegen-zensurversuche-der-landesmedienanstalt-nrw-zur-wehr\/#breadcrumb","itemListElement":[{"@type":"ListItem","position":1,"name":"Home","item":"https:\/\/now-news.de\/de\/"},{"@type":"ListItem","position":2,"name":"Multipolar setzt sich gegen Zensurversuche der Landesmedienanstalt NRW zur Wehr"}]},{"@type":"WebSite","@id":"https:\/\/now-news.de\/de\/#website","url":"https:\/\/now-news.de\/de\/","name":"just-now.NEWS Deutschland","description":"Das Portal f\u00fcr unzensierte Nachrichten aus der Welt","publisher":{"@id":"https:\/\/now-news.de\/de\/#organization"},"potentialAction":[{"@type":"SearchAction","target":{"@type":"EntryPoint","urlTemplate":"https:\/\/now-news.de\/de\/?s={search_term_string}"},"query-input":"required name=search_term_string"}],"inLanguage":"de"},{"@type":"Organization","@id":"https:\/\/now-news.de\/de\/#organization","name":"Just Now News","url":"https:\/\/now-news.de\/de\/","logo":{"@type":"ImageObject","inLanguage":"de","@id":"https:\/\/now-news.de\/de\/#\/schema\/logo\/image\/","url":"http:\/\/just-now.news\/de\/wp-content\/uploads\/sites\/3\/2022\/04\/logo500x500.jpg","contentUrl":"http:\/\/just-now.news\/de\/wp-content\/uploads\/sites\/3\/2022\/04\/logo500x500.jpg","width":500,"height":500,"caption":"Just Now News"},"image":{"@id":"https:\/\/now-news.de\/de\/#\/schema\/logo\/image\/"},"sameAs":["https:\/\/www.facebook.com\/wirmachenauf","https:\/\/x.com\/WirMachenAuf_de"]},{"@type":"Person","@id":"https:\/\/now-news.de\/de\/#\/schema\/person\/fb534a4e865501d8b3285208df34a9b5","name":"rtnews","image":{"@type":"ImageObject","inLanguage":"de","@id":"https:\/\/now-news.de\/de\/#\/schema\/person\/image\/","url":"https:\/\/secure.gravatar.com\/avatar\/82aafea7d8127119dd649515f56e2117?s=96&d=mm&r=g","contentUrl":"https:\/\/secure.gravatar.com\/avatar\/82aafea7d8127119dd649515f56e2117?s=96&d=mm&r=g","caption":"rtnews"},"url":"https:\/\/now-news.de\/de\/author\/rnews\/"}]}},"_links":{"self":[{"href":"https:\/\/now-news.de\/de\/wp-json\/wp\/v2\/posts\/68670"}],"collection":[{"href":"https:\/\/now-news.de\/de\/wp-json\/wp\/v2\/posts"}],"about":[{"href":"https:\/\/now-news.de\/de\/wp-json\/wp\/v2\/types\/post"}],"author":[{"embeddable":true,"href":"https:\/\/now-news.de\/de\/wp-json\/wp\/v2\/users\/3"}],"replies":[{"embeddable":true,"href":"https:\/\/now-news.de\/de\/wp-json\/wp\/v2\/comments?post=68670"}],"version-history":[{"count":0,"href":"https:\/\/now-news.de\/de\/wp-json\/wp\/v2\/posts\/68670\/revisions"}],"wp:featuredmedia":[{"embeddable":true,"href":"https:\/\/now-news.de\/de\/wp-json\/wp\/v2\/media\/68671"}],"wp:attachment":[{"href":"https:\/\/now-news.de\/de\/wp-json\/wp\/v2\/media?parent=68670"}],"wp:term":[{"taxonomy":"category","embeddable":true,"href":"https:\/\/now-news.de\/de\/wp-json\/wp\/v2\/categories?post=68670"},{"taxonomy":"post_tag","embeddable":true,"href":"https:\/\/now-news.de\/de\/wp-json\/wp\/v2\/tags?post=68670"}],"curies":[{"name":"wp","href":"https:\/\/api.w.org\/{rel}","templated":true}]}}