{"id":68573,"date":"2024-09-09T20:25:16","date_gmt":"2024-09-09T18:25:16","guid":{"rendered":"https:\/\/now-news.de\/de\/deutschland\/bloomberg-eu-ruestet-sich-fuer-bestrafung-der-slowakei\/"},"modified":"2024-09-09T20:25:16","modified_gmt":"2024-09-09T18:25:16","slug":"bloomberg-eu-ruestet-sich-fuer-bestrafung-der-slowakei","status":"publish","type":"post","link":"https:\/\/now-news.de\/de\/deutschland\/bloomberg-eu-ruestet-sich-fuer-bestrafung-der-slowakei\/","title":{"rendered":"Bloomberg: EU r\u00fcstet sich f\u00fcr Bestrafung der Slowakei"},"content":{"rendered":"<p><img decoding=\"async\" src=\"https:\/\/now-news.de\/de\/wp-content\/uploads\/sites\/3\/2024\/09\/66df1f0d48fbef58917876c9.jpg\" \/><\/p>\n<div class=\"Text-root Text-type_1 \">\n                Die Europ\u00e4ische Kommission k\u00f6nnte als Vergeltung f\u00fcr Bratislavas umstrittene Strafrechtsreform Hilfsgelder in H\u00f6he von mehreren Milliarden Euro einfrieren. Dies berichtet Bloomberg unter Berufung auf mit der Angelegenheit vertraute Quellen.\n            <\/div>\n<p><\/p>\n<div class=\"Text-root Text-type_5 ArticleView-text ViewText-root \">\n<p>Die EU arbeitet laut Medienberichten weiterhin an ihren Drohungen, der Slowakei Gelder vorzuenthalten, um Vergeltung daf\u00fcr zu \u00fcben, dass Bratislava im Zuge der j\u00fcngsten Strafrechtsreform einen Sonderstaatsanwalt f\u00fcr Korruption abgesetzt hat. Premierminister Robert Fico hatte Br\u00fcssel deswegen bereits politische Voreingenommenheit vorgeworfen.<\/p>\n<p>Laut Quellen, die am Sonntag vom Nachrichtenmagazin <em>Bloomberg<\/em> zitiert wurden, erw\u00e4ge die Europ\u00e4ische Kommission mehrere Optionen, um Bratislava finanziell zu bestrafen. Ein Vorschlag w\u00fcrde einen sogenannten Konditionalit\u00e4tsmechanismus beinhalten, der das Einfrieren eines Teils der 12,8 Milliarden Euro, die der Slowakei im Rahmen des EU-Koh\u00e4sionsprogramms zugewiesen wurden, erm\u00f6glicht. Br\u00fcssel k\u00f6nnte auch die 2,7 Milliarden Euro an COVID-19-Zusch\u00fcssen, die Bratislava von der EU erhalten hat, ganz oder teilweise &#8220;zur\u00fcckfordern&#8221;.<\/p>\n<p>Die slowakische Sonderstaatsanwaltschaft, die USP, wurde im Jahr 2004 gegr\u00fcndet und im M\u00e4rz dieses Jahres geschlossen. Ihr letzter Leiter, Daniel Lipsic, diente auch als Justizminister in der Regierung, die Ficos erstes Kabinett 2010 von der Macht verdr\u00e4ngte. W\u00e4hrend seiner erfolgreichen Kandidatur f\u00fcr eine dritte Amtszeit als Ministerpr\u00e4sident im Jahr 2023 beschuldigte Fico die USP, seine Partei Smer-SD mit politisch motivierten Ermittlungen ins Visier zu nehmen.<\/p>\n<p>&#8220;Diesem \u00dcbel in Form von Lipsic muss ein Ende gesetzt werden, und das werden wir mit aller Kraft und Gr\u00fcndlichkeit tun&#8221;, sagte Fico im Dezember 2023, nachdem er die Wahl gewonnen hatte.<\/p>\n<p>Die Oppositionspartei &#8220;Progressive Slowakei&#8221; warf dem Ministerpr\u00e4sidenten vor, einen &#8220;Blitzkrieg gegen die Rechtsstaatlichkeit&#8221; zu f\u00fchren und auf &#8220;Straflosigkeit und Rache&#8221; aus zu sein.<\/p>\n<p>Die Europ\u00e4ische Kommission warnte Bratislava im Februar, dass die Reform &#8220;eine direkte und erhebliche negative Auswirkung auf das EU-Recht und die finanziellen Interessen der Union&#8221; haben w\u00fcrde, hei\u00dft es in einem von den Medien zitierten Schreiben an den slowakischen Justizminister Boris Susko. Br\u00fcssel hat den Mechanismus der Konditionalit\u00e4t bereits fr\u00fcher genutzt, um Ungarn f\u00fcr vermeintliche R\u00fcckschritte bei der Rechtsstaatlichkeit zu bestrafen. Sowohl Premierminister Viktor Orb\u00e1n als auch Fico haben Br\u00fcssel vorgeworfen, die Souver\u00e4nit\u00e4t der Mitgliedstaaten zu verletzen und auch die Ukraine-Krise falsch zu handhaben.<\/p>\n<p>Nachdem die slowakische Anti-Korruptions-Beh\u00f6rde aufgel\u00f6st wurde, deuteten EU-Quellen an, dass die EU Bratislava bestrafen wolle \u2013 allerdings nicht &#8220;\u00fcbereilt&#8221;.<\/p>\n<p>&#8220;Derzeit sehen wir die Slowakei nicht als ein gro\u00dfes Problem in der Au\u00dfenpolitik, zum Beispiel im Umgang mit der Ukraine&#8221;, sagte ein EU-Diplomat damals gegen\u00fcber <em>Reuters<\/em>. Ein anderer Beamter sagte, Ungarns Entfremdung diene als Beispiel f\u00fcr den Block.<\/p>\n<p>Die umfassende Reform in der Slowakei wurde monatelang ausgesetzt, w\u00e4hrenddessen beriet das Verfassungsgericht \u00fcber das Thema. Nachdem das Gericht Anfang Juni die meisten \u00c4nderungen gebilligt hatte, \u00fcberarbeitete das Parlament die Gesetzgebung. Susko bezeichnete dies als einen Versuch, das Risiko von Vergeltungsma\u00dfnahmen seitens der EU zu verringern.<\/p>\n<p><strong>Mehr zum Thema &#8211;<\/strong>\u00a0<a rel=\"nofollow noopener\" target=\"_blank\" href=\"https:\/\/freedert.online\/meinung\/190324-orban-und-fico-nicht-prorussisch\/\">Orb\u00e1n und Fico: Nicht prorussisch, sondern pronational <\/a><\/p>\n<div class=\"EmbedBlock-root EmbedBlock-externalVideo EmbedBlock-rumble\">\n<div class=\"VkEmbed\"><iframe class=\"lazyload\" data-src=\"https:\/\/rumble.com\/embed\/v3zk0ir\" frameborder=\"0\" width=\"853\" height=\"480\" allowfullscreen><\/iframe><\/div>\n<\/div>\n<\/div>\n<p><br \/>\n<br \/><a href=\"https:\/\/de.rt.com\/europa\/218600-bloomberg-eu-ruestet-sich-fuer\/\">Source link <\/a><\/p>\n","protected":false},"excerpt":{"rendered":"<p>Die Europ\u00e4ische Kommission k\u00f6nnte als Vergeltung f\u00fcr Bratislavas umstrittene Strafrechtsreform Hilfsgelder in H\u00f6he von mehreren Milliarden Euro einfrieren. Dies berichtet Bloomberg unter Berufung auf mit der Angelegenheit vertraute Quellen. Die EU arbeitet laut Medienberichten weiterhin an ihren Drohungen, der Slowakei Gelder vorzuenthalten, um Vergeltung daf\u00fcr zu \u00fcben, dass Bratislava im Zuge der j\u00fcngsten Strafrechtsreform einen [&hellip;]<\/p>\n","protected":false},"author":3,"featured_media":68574,"comment_status":"open","ping_status":"open","sticky":false,"template":"","format":"standard","meta":{"_yoast_indexnow_last_ping":["1725907182"],"wp_automatic_camp":["217"],"0b7893eb423d124eebbe0f007ce708bd":["Bloomberg: EU r\u00fcstet sich f\u00fcr Bestrafung der Slowakei"],"original_link":["https:\/\/de.rt.com\/europa\/218600-bloomberg-eu-ruestet-sich-fuer\/"],"_thumbnail_id":["68574"],"_wptgpro_p2tg_sent2tg":["a:1:{i:23737;s:19:\"2024-09-09 20:40:44\";}"],"jnews_social_counter_last_update":["1777330696"]},"categories":[19,23],"tags":[23933,118,82,221,11460,434,41775],"yoast_head":"<!-- This site is optimized with the Yoast SEO Premium plugin v22.7 (Yoast SEO v22.7) - https:\/\/yoast.com\/wordpress\/plugins\/seo\/ -->\n<title>Bloomberg: EU r\u00fcstet sich f\u00fcr Bestrafung der Slowakei - just-now.NEWS Deutschland<\/title>\n<meta name=\"robots\" content=\"index, follow, max-snippet:-1, max-image-preview:large, max-video-preview:-1\" \/>\n<link rel=\"canonical\" href=\"https:\/\/now-news.de\/de\/deutschland\/bloomberg-eu-ruestet-sich-fuer-bestrafung-der-slowakei\/\" \/>\n<meta property=\"og:locale\" content=\"de_DE\" \/>\n<meta property=\"og:type\" content=\"article\" \/>\n<meta property=\"og:title\" content=\"Bloomberg: EU r\u00fcstet sich f\u00fcr Bestrafung der Slowakei\" \/>\n<meta property=\"og:description\" content=\"Die Europ\u00e4ische Kommission k\u00f6nnte als Vergeltung f\u00fcr Bratislavas umstrittene Strafrechtsreform Hilfsgelder in H\u00f6he von mehreren Milliarden Euro einfrieren. Dies berichtet Bloomberg unter Berufung auf mit der Angelegenheit vertraute Quellen. Die EU arbeitet laut Medienberichten weiterhin an ihren Drohungen, der Slowakei Gelder vorzuenthalten, um Vergeltung daf\u00fcr zu \u00fcben, dass Bratislava im Zuge der j\u00fcngsten Strafrechtsreform einen [&hellip;]\" \/>\n<meta property=\"og:url\" content=\"https:\/\/now-news.de\/de\/deutschland\/bloomberg-eu-ruestet-sich-fuer-bestrafung-der-slowakei\/\" \/>\n<meta property=\"og:site_name\" content=\"just-now.NEWS Deutschland\" \/>\n<meta property=\"article:publisher\" content=\"https:\/\/www.facebook.com\/wirmachenauf\" \/>\n<meta property=\"article:published_time\" content=\"2024-09-09T18:25:16+00:00\" \/>\n<meta property=\"og:image\" content=\"https:\/\/now-news.de\/de\/wp-content\/uploads\/sites\/3\/2024\/09\/66df1f0d48fbef58917876c9.jpg\" \/>\n<meta name=\"author\" content=\"rtnews\" \/>\n<meta name=\"twitter:card\" content=\"summary_large_image\" \/>\n<meta name=\"twitter:creator\" content=\"@WirMachenAuf_de\" \/>\n<meta name=\"twitter:site\" content=\"@WirMachenAuf_de\" \/>\n<meta name=\"twitter:label1\" content=\"Verfasst von\" \/>\n\t<meta name=\"twitter:data1\" content=\"rtnews\" \/>\n\t<meta name=\"twitter:label2\" content=\"Gesch\u00e4tzte Lesezeit\" \/>\n\t<meta name=\"twitter:data2\" content=\"3\u00a0Minuten\" \/>\n<script type=\"application\/ld+json\" class=\"yoast-schema-graph\">{\"@context\":\"https:\/\/schema.org\",\"@graph\":[{\"@type\":\"Article\",\"@id\":\"https:\/\/now-news.de\/de\/deutschland\/bloomberg-eu-ruestet-sich-fuer-bestrafung-der-slowakei\/#article\",\"isPartOf\":{\"@id\":\"https:\/\/now-news.de\/de\/deutschland\/bloomberg-eu-ruestet-sich-fuer-bestrafung-der-slowakei\/\"},\"author\":{\"name\":\"rtnews\",\"@id\":\"https:\/\/now-news.de\/de\/#\/schema\/person\/fb534a4e865501d8b3285208df34a9b5\"},\"headline\":\"Bloomberg: EU r\u00fcstet sich f\u00fcr Bestrafung der Slowakei\",\"datePublished\":\"2024-09-09T18:25:16+00:00\",\"dateModified\":\"2024-09-09T18:25:16+00:00\",\"mainEntityOfPage\":{\"@id\":\"https:\/\/now-news.de\/de\/deutschland\/bloomberg-eu-ruestet-sich-fuer-bestrafung-der-slowakei\/\"},\"wordCount\":510,\"commentCount\":0,\"publisher\":{\"@id\":\"https:\/\/now-news.de\/de\/#organization\"},\"image\":{\"@id\":\"https:\/\/now-news.de\/de\/deutschland\/bloomberg-eu-ruestet-sich-fuer-bestrafung-der-slowakei\/#primaryimage\"},\"thumbnailUrl\":\"https:\/\/now-news.de\/de\/wp-content\/uploads\/sites\/3\/2024\/09\/Bloomberg-EU-ruestet-sich-fuer-Bestrafung-der-Slowakei.jpg\",\"keywords\":[\"Bestrafung\",\"bloomberg\",\"der\",\"f\u00fcr\",\"r\u00fcstet\",\"sich\",\"Slowakei\"],\"articleSection\":[\"Deutschland\",\"Russland\"],\"inLanguage\":\"de\",\"potentialAction\":[{\"@type\":\"CommentAction\",\"name\":\"Comment\",\"target\":[\"https:\/\/now-news.de\/de\/deutschland\/bloomberg-eu-ruestet-sich-fuer-bestrafung-der-slowakei\/#respond\"]}]},{\"@type\":\"WebPage\",\"@id\":\"https:\/\/now-news.de\/de\/deutschland\/bloomberg-eu-ruestet-sich-fuer-bestrafung-der-slowakei\/\",\"url\":\"https:\/\/now-news.de\/de\/deutschland\/bloomberg-eu-ruestet-sich-fuer-bestrafung-der-slowakei\/\",\"name\":\"Bloomberg: EU r\u00fcstet sich f\u00fcr Bestrafung der Slowakei - just-now.NEWS Deutschland\",\"isPartOf\":{\"@id\":\"https:\/\/now-news.de\/de\/#website\"},\"primaryImageOfPage\":{\"@id\":\"https:\/\/now-news.de\/de\/deutschland\/bloomberg-eu-ruestet-sich-fuer-bestrafung-der-slowakei\/#primaryimage\"},\"image\":{\"@id\":\"https:\/\/now-news.de\/de\/deutschland\/bloomberg-eu-ruestet-sich-fuer-bestrafung-der-slowakei\/#primaryimage\"},\"thumbnailUrl\":\"https:\/\/now-news.de\/de\/wp-content\/uploads\/sites\/3\/2024\/09\/Bloomberg-EU-ruestet-sich-fuer-Bestrafung-der-Slowakei.jpg\",\"datePublished\":\"2024-09-09T18:25:16+00:00\",\"dateModified\":\"2024-09-09T18:25:16+00:00\",\"breadcrumb\":{\"@id\":\"https:\/\/now-news.de\/de\/deutschland\/bloomberg-eu-ruestet-sich-fuer-bestrafung-der-slowakei\/#breadcrumb\"},\"inLanguage\":\"de\",\"potentialAction\":[{\"@type\":\"ReadAction\",\"target\":[\"https:\/\/now-news.de\/de\/deutschland\/bloomberg-eu-ruestet-sich-fuer-bestrafung-der-slowakei\/\"]}]},{\"@type\":\"ImageObject\",\"inLanguage\":\"de\",\"@id\":\"https:\/\/now-news.de\/de\/deutschland\/bloomberg-eu-ruestet-sich-fuer-bestrafung-der-slowakei\/#primaryimage\",\"url\":\"https:\/\/now-news.de\/de\/wp-content\/uploads\/sites\/3\/2024\/09\/Bloomberg-EU-ruestet-sich-fuer-Bestrafung-der-Slowakei.jpg\",\"contentUrl\":\"https:\/\/now-news.de\/de\/wp-content\/uploads\/sites\/3\/2024\/09\/Bloomberg-EU-ruestet-sich-fuer-Bestrafung-der-Slowakei.jpg\",\"width\":460,\"height\":259,\"caption\":\"Bloomberg: EU r\u00fcstet sich f\u00fcr Bestrafung der Slowakei\"},{\"@type\":\"BreadcrumbList\",\"@id\":\"https:\/\/now-news.de\/de\/deutschland\/bloomberg-eu-ruestet-sich-fuer-bestrafung-der-slowakei\/#breadcrumb\",\"itemListElement\":[{\"@type\":\"ListItem\",\"position\":1,\"name\":\"Home\",\"item\":\"https:\/\/now-news.de\/de\/\"},{\"@type\":\"ListItem\",\"position\":2,\"name\":\"Bloomberg: EU r\u00fcstet sich f\u00fcr Bestrafung der Slowakei\"}]},{\"@type\":\"WebSite\",\"@id\":\"https:\/\/now-news.de\/de\/#website\",\"url\":\"https:\/\/now-news.de\/de\/\",\"name\":\"just-now.NEWS Deutschland\",\"description\":\"Das Portal f\u00fcr unzensierte Nachrichten aus der Welt\",\"publisher\":{\"@id\":\"https:\/\/now-news.de\/de\/#organization\"},\"potentialAction\":[{\"@type\":\"SearchAction\",\"target\":{\"@type\":\"EntryPoint\",\"urlTemplate\":\"https:\/\/now-news.de\/de\/?s={search_term_string}\"},\"query-input\":\"required name=search_term_string\"}],\"inLanguage\":\"de\"},{\"@type\":\"Organization\",\"@id\":\"https:\/\/now-news.de\/de\/#organization\",\"name\":\"Just Now News\",\"url\":\"https:\/\/now-news.de\/de\/\",\"logo\":{\"@type\":\"ImageObject\",\"inLanguage\":\"de\",\"@id\":\"https:\/\/now-news.de\/de\/#\/schema\/logo\/image\/\",\"url\":\"http:\/\/just-now.news\/de\/wp-content\/uploads\/sites\/3\/2022\/04\/logo500x500.jpg\",\"contentUrl\":\"http:\/\/just-now.news\/de\/wp-content\/uploads\/sites\/3\/2022\/04\/logo500x500.jpg\",\"width\":500,\"height\":500,\"caption\":\"Just Now News\"},\"image\":{\"@id\":\"https:\/\/now-news.de\/de\/#\/schema\/logo\/image\/\"},\"sameAs\":[\"https:\/\/www.facebook.com\/wirmachenauf\",\"https:\/\/x.com\/WirMachenAuf_de\"]},{\"@type\":\"Person\",\"@id\":\"https:\/\/now-news.de\/de\/#\/schema\/person\/fb534a4e865501d8b3285208df34a9b5\",\"name\":\"rtnews\",\"image\":{\"@type\":\"ImageObject\",\"inLanguage\":\"de\",\"@id\":\"https:\/\/now-news.de\/de\/#\/schema\/person\/image\/\",\"url\":\"https:\/\/secure.gravatar.com\/avatar\/82aafea7d8127119dd649515f56e2117?s=96&d=mm&r=g\",\"contentUrl\":\"https:\/\/secure.gravatar.com\/avatar\/82aafea7d8127119dd649515f56e2117?s=96&d=mm&r=g\",\"caption\":\"rtnews\"},\"url\":\"https:\/\/now-news.de\/de\/author\/rnews\/\"}]}<\/script>\n<!-- \/ Yoast SEO Premium plugin. -->","yoast_head_json":{"title":"Bloomberg: EU r\u00fcstet sich f\u00fcr Bestrafung der Slowakei - just-now.NEWS Deutschland","robots":{"index":"index","follow":"follow","max-snippet":"max-snippet:-1","max-image-preview":"max-image-preview:large","max-video-preview":"max-video-preview:-1"},"canonical":"https:\/\/now-news.de\/de\/deutschland\/bloomberg-eu-ruestet-sich-fuer-bestrafung-der-slowakei\/","og_locale":"de_DE","og_type":"article","og_title":"Bloomberg: EU r\u00fcstet sich f\u00fcr Bestrafung der Slowakei","og_description":"Die Europ\u00e4ische Kommission k\u00f6nnte als Vergeltung f\u00fcr Bratislavas umstrittene Strafrechtsreform Hilfsgelder in H\u00f6he von mehreren Milliarden Euro einfrieren. Dies berichtet Bloomberg unter Berufung auf mit der Angelegenheit vertraute Quellen. Die EU arbeitet laut Medienberichten weiterhin an ihren Drohungen, der Slowakei Gelder vorzuenthalten, um Vergeltung daf\u00fcr zu \u00fcben, dass Bratislava im Zuge der j\u00fcngsten Strafrechtsreform einen [&hellip;]","og_url":"https:\/\/now-news.de\/de\/deutschland\/bloomberg-eu-ruestet-sich-fuer-bestrafung-der-slowakei\/","og_site_name":"just-now.NEWS Deutschland","article_publisher":"https:\/\/www.facebook.com\/wirmachenauf","article_published_time":"2024-09-09T18:25:16+00:00","og_image":[{"url":"https:\/\/now-news.de\/de\/wp-content\/uploads\/sites\/3\/2024\/09\/66df1f0d48fbef58917876c9.jpg"}],"author":"rtnews","twitter_card":"summary_large_image","twitter_creator":"@WirMachenAuf_de","twitter_site":"@WirMachenAuf_de","twitter_misc":{"Verfasst von":"rtnews","Gesch\u00e4tzte Lesezeit":"3\u00a0Minuten"},"schema":{"@context":"https:\/\/schema.org","@graph":[{"@type":"Article","@id":"https:\/\/now-news.de\/de\/deutschland\/bloomberg-eu-ruestet-sich-fuer-bestrafung-der-slowakei\/#article","isPartOf":{"@id":"https:\/\/now-news.de\/de\/deutschland\/bloomberg-eu-ruestet-sich-fuer-bestrafung-der-slowakei\/"},"author":{"name":"rtnews","@id":"https:\/\/now-news.de\/de\/#\/schema\/person\/fb534a4e865501d8b3285208df34a9b5"},"headline":"Bloomberg: EU r\u00fcstet sich f\u00fcr Bestrafung der Slowakei","datePublished":"2024-09-09T18:25:16+00:00","dateModified":"2024-09-09T18:25:16+00:00","mainEntityOfPage":{"@id":"https:\/\/now-news.de\/de\/deutschland\/bloomberg-eu-ruestet-sich-fuer-bestrafung-der-slowakei\/"},"wordCount":510,"commentCount":0,"publisher":{"@id":"https:\/\/now-news.de\/de\/#organization"},"image":{"@id":"https:\/\/now-news.de\/de\/deutschland\/bloomberg-eu-ruestet-sich-fuer-bestrafung-der-slowakei\/#primaryimage"},"thumbnailUrl":"https:\/\/now-news.de\/de\/wp-content\/uploads\/sites\/3\/2024\/09\/Bloomberg-EU-ruestet-sich-fuer-Bestrafung-der-Slowakei.jpg","keywords":["Bestrafung","bloomberg","der","f\u00fcr","r\u00fcstet","sich","Slowakei"],"articleSection":["Deutschland","Russland"],"inLanguage":"de","potentialAction":[{"@type":"CommentAction","name":"Comment","target":["https:\/\/now-news.de\/de\/deutschland\/bloomberg-eu-ruestet-sich-fuer-bestrafung-der-slowakei\/#respond"]}]},{"@type":"WebPage","@id":"https:\/\/now-news.de\/de\/deutschland\/bloomberg-eu-ruestet-sich-fuer-bestrafung-der-slowakei\/","url":"https:\/\/now-news.de\/de\/deutschland\/bloomberg-eu-ruestet-sich-fuer-bestrafung-der-slowakei\/","name":"Bloomberg: EU r\u00fcstet sich f\u00fcr Bestrafung der Slowakei - just-now.NEWS Deutschland","isPartOf":{"@id":"https:\/\/now-news.de\/de\/#website"},"primaryImageOfPage":{"@id":"https:\/\/now-news.de\/de\/deutschland\/bloomberg-eu-ruestet-sich-fuer-bestrafung-der-slowakei\/#primaryimage"},"image":{"@id":"https:\/\/now-news.de\/de\/deutschland\/bloomberg-eu-ruestet-sich-fuer-bestrafung-der-slowakei\/#primaryimage"},"thumbnailUrl":"https:\/\/now-news.de\/de\/wp-content\/uploads\/sites\/3\/2024\/09\/Bloomberg-EU-ruestet-sich-fuer-Bestrafung-der-Slowakei.jpg","datePublished":"2024-09-09T18:25:16+00:00","dateModified":"2024-09-09T18:25:16+00:00","breadcrumb":{"@id":"https:\/\/now-news.de\/de\/deutschland\/bloomberg-eu-ruestet-sich-fuer-bestrafung-der-slowakei\/#breadcrumb"},"inLanguage":"de","potentialAction":[{"@type":"ReadAction","target":["https:\/\/now-news.de\/de\/deutschland\/bloomberg-eu-ruestet-sich-fuer-bestrafung-der-slowakei\/"]}]},{"@type":"ImageObject","inLanguage":"de","@id":"https:\/\/now-news.de\/de\/deutschland\/bloomberg-eu-ruestet-sich-fuer-bestrafung-der-slowakei\/#primaryimage","url":"https:\/\/now-news.de\/de\/wp-content\/uploads\/sites\/3\/2024\/09\/Bloomberg-EU-ruestet-sich-fuer-Bestrafung-der-Slowakei.jpg","contentUrl":"https:\/\/now-news.de\/de\/wp-content\/uploads\/sites\/3\/2024\/09\/Bloomberg-EU-ruestet-sich-fuer-Bestrafung-der-Slowakei.jpg","width":460,"height":259,"caption":"Bloomberg: EU r\u00fcstet sich f\u00fcr Bestrafung der Slowakei"},{"@type":"BreadcrumbList","@id":"https:\/\/now-news.de\/de\/deutschland\/bloomberg-eu-ruestet-sich-fuer-bestrafung-der-slowakei\/#breadcrumb","itemListElement":[{"@type":"ListItem","position":1,"name":"Home","item":"https:\/\/now-news.de\/de\/"},{"@type":"ListItem","position":2,"name":"Bloomberg: EU r\u00fcstet sich f\u00fcr Bestrafung der Slowakei"}]},{"@type":"WebSite","@id":"https:\/\/now-news.de\/de\/#website","url":"https:\/\/now-news.de\/de\/","name":"just-now.NEWS Deutschland","description":"Das Portal f\u00fcr unzensierte Nachrichten aus der Welt","publisher":{"@id":"https:\/\/now-news.de\/de\/#organization"},"potentialAction":[{"@type":"SearchAction","target":{"@type":"EntryPoint","urlTemplate":"https:\/\/now-news.de\/de\/?s={search_term_string}"},"query-input":"required name=search_term_string"}],"inLanguage":"de"},{"@type":"Organization","@id":"https:\/\/now-news.de\/de\/#organization","name":"Just Now News","url":"https:\/\/now-news.de\/de\/","logo":{"@type":"ImageObject","inLanguage":"de","@id":"https:\/\/now-news.de\/de\/#\/schema\/logo\/image\/","url":"http:\/\/just-now.news\/de\/wp-content\/uploads\/sites\/3\/2022\/04\/logo500x500.jpg","contentUrl":"http:\/\/just-now.news\/de\/wp-content\/uploads\/sites\/3\/2022\/04\/logo500x500.jpg","width":500,"height":500,"caption":"Just Now News"},"image":{"@id":"https:\/\/now-news.de\/de\/#\/schema\/logo\/image\/"},"sameAs":["https:\/\/www.facebook.com\/wirmachenauf","https:\/\/x.com\/WirMachenAuf_de"]},{"@type":"Person","@id":"https:\/\/now-news.de\/de\/#\/schema\/person\/fb534a4e865501d8b3285208df34a9b5","name":"rtnews","image":{"@type":"ImageObject","inLanguage":"de","@id":"https:\/\/now-news.de\/de\/#\/schema\/person\/image\/","url":"https:\/\/secure.gravatar.com\/avatar\/82aafea7d8127119dd649515f56e2117?s=96&d=mm&r=g","contentUrl":"https:\/\/secure.gravatar.com\/avatar\/82aafea7d8127119dd649515f56e2117?s=96&d=mm&r=g","caption":"rtnews"},"url":"https:\/\/now-news.de\/de\/author\/rnews\/"}]}},"_links":{"self":[{"href":"https:\/\/now-news.de\/de\/wp-json\/wp\/v2\/posts\/68573"}],"collection":[{"href":"https:\/\/now-news.de\/de\/wp-json\/wp\/v2\/posts"}],"about":[{"href":"https:\/\/now-news.de\/de\/wp-json\/wp\/v2\/types\/post"}],"author":[{"embeddable":true,"href":"https:\/\/now-news.de\/de\/wp-json\/wp\/v2\/users\/3"}],"replies":[{"embeddable":true,"href":"https:\/\/now-news.de\/de\/wp-json\/wp\/v2\/comments?post=68573"}],"version-history":[{"count":0,"href":"https:\/\/now-news.de\/de\/wp-json\/wp\/v2\/posts\/68573\/revisions"}],"wp:featuredmedia":[{"embeddable":true,"href":"https:\/\/now-news.de\/de\/wp-json\/wp\/v2\/media\/68574"}],"wp:attachment":[{"href":"https:\/\/now-news.de\/de\/wp-json\/wp\/v2\/media?parent=68573"}],"wp:term":[{"taxonomy":"category","embeddable":true,"href":"https:\/\/now-news.de\/de\/wp-json\/wp\/v2\/categories?post=68573"},{"taxonomy":"post_tag","embeddable":true,"href":"https:\/\/now-news.de\/de\/wp-json\/wp\/v2\/tags?post=68573"}],"curies":[{"name":"wp","href":"https:\/\/api.w.org\/{rel}","templated":true}]}}