{"id":68561,"date":"2024-09-09T18:25:02","date_gmt":"2024-09-09T16:25:02","guid":{"rendered":"https:\/\/now-news.de\/de\/deutschland\/um-seine-staerke-zu-zeigen-warum-selenskij-den-aussenminister-auswechselte\/"},"modified":"2024-09-09T18:25:02","modified_gmt":"2024-09-09T16:25:02","slug":"um-seine-staerke-zu-zeigen-warum-selenskij-den-aussenminister-auswechselte","status":"publish","type":"post","link":"https:\/\/now-news.de\/de\/deutschland\/um-seine-staerke-zu-zeigen-warum-selenskij-den-aussenminister-auswechselte\/","title":{"rendered":"Um &quot;seine St\u00e4rke zu zeigen&quot; \u2013 Warum Selenskij den Au\u00dfenminister auswechselte"},"content":{"rendered":"<p><img decoding=\"async\" src=\"https:\/\/now-news.de\/de\/wp-content\/uploads\/sites\/3\/2024\/09\/66ded75b48fbef682158eedc.jpg\" \/><\/p>\n<div class=\"Text-root Text-type_1 \">\n                Kuleba wurde als ukrainischer Au\u00dfenminister durch Sibiga ersetzt, den Bloomberg mit dem Leiter des Pr\u00e4sidialamtes Jermak in Verbindung bringt. Weiter stellt die Zeitung fest, dass die zunehmende Machtkonzentration in Jermaks H\u00e4nden im Westen Besorgnis erregt.\n            <\/div>\n<p><\/p>\n<div class=\"Text-root Text-type_5 ArticleView-text ViewText-root \">\n<p>Die Ernennung von Andrei Sibiga zum neuen ukrainischen Au\u00dfenminister als Nachfolger von Dmitri Kuleba, einem &#8220;in europ\u00e4ischen Hauptst\u00e4dten bekannten Gesicht&#8221;, das das Au\u00dfenministerium seit M\u00e4rz 2020 geleitet hatte, ist der j\u00fcngste Versuch von Wladimir Selenskij, &#8220;seine St\u00e4rke zu zeigen&#8221;. So sieht die Zeitung <em>Bloomberg<\/em><strong><\/strong> die <a rel=\"nofollow noopener\" target=\"_blank\" href=\"https:\/\/www.bloomberg.com\/news\/articles\/2024-09-08\/ukraine-s-new-foreign-minister-is-zelenskiy-s-latest-power-play?srnd=homepage-europe\">Lage<\/a>.<\/p>\n<p>Wie die Nachrichtenagentur anmerkt, hat Sibiga lange im ukrainischen Pr\u00e4sidialamt unter dem &#8220;m\u00e4chtigen Stabschef Andrei Jermak gearbeitet&#8221;. W\u00e4hrend sich Kuleba in seiner Amtszeit auf den Beitritt der Ukraine zur NATO und zur EU konzentriert habe, habe Jermak einen Gro\u00dfteil der diplomatischen Arbeit \u00fcbernommen, indem er die Verhandlungen \u00fcber Sicherheitsgarantien und die Verbesserung der Beziehungen zu den USA und dem Globalen S\u00fcden beaufsichtigt habe.<\/p>\n<p>Weiter stellt<em> Bloomberg<\/em> fest, dass die zunehmende Machtkonzentration im ukrainischen Pr\u00e4sidialamt unter Jermak bei einigen Verb\u00fcndeten Besorgnis ausgel\u00f6st hat. In einem k\u00fcrzlich gef\u00fchrten Interview stellte Selenskij jedoch klar, dass es keine Machtkonsolidierung gebe und versprach eine Umstrukturierung der Regierung. Dennoch h\u00e4tten die Umstrukturierungen im Kabinett in der vergangenen Woche auch &#8220;westliche Verb\u00fcndete verbl\u00fcfft&#8221;.<\/p>\n<p>Der Staatschef, so die Zeitung, hat jene bef\u00f6rdert, die seinem inneren Kreis nahestehen. Juri Jakimenko, Pr\u00e4sident der Denkfabrik Rasumkow-Zentrum, erkl\u00e4rte der Nachrichtenagentur:<\/p>\n<blockquote>\n<p><em>&#8220;Es ist nicht der Stil dieses Pr\u00e4sidenten, andere Leute ins Boot zu holen. Er glaubt, dass seine Entscheidungen die besten sind, es gibt keinen Raum f\u00fcr Diskussionen \u2013 es herrscht also ein gewisser Konservatismus.&#8221;<\/em><\/p>\n<\/blockquote>\n<p>Die Umstrukturierung des ukrainischen Kabinetts sei angesichts des &#8220;unaufhaltsamen Vormarschs&#8221; der russischen Truppen in der Volksrepublik Donezk erfolgt, meint <em>Bloomberg<\/em>. Nach seiner Ernennung zum Au\u00dfenminister habe Sibiga die &#8220;Gew\u00e4hrleistung der Verteidigungsf\u00e4higkeit der Ukraine&#8221; als Priorit\u00e4t benannt und gesagt, dass die Au\u00dfenpolitik durch &#8220;die Realit\u00e4ten des Krieges&#8221; bestimmt werde.<\/p>\n<p>Der Priorit\u00e4t, die Verteidigungsf\u00e4higkeit der Ukraine zu sichern, welche Selenskij bei seinem Besuch in Deutschland erneut bekr\u00e4ftigt hat, folgen Kiews Ambitionen, der NATO und der EU beizutreten, sowie die Umsetzung von Selenskijs sogenanntem &#8220;Friedensplan&#8221;, der unter anderem vorsieht, L\u00e4nder wie China, Indien, Brasilien und S\u00fcdafrika auf seine Seite zu ziehen, schreibt Bloomberg.<\/p>\n<p>Dieses Projekt, welches vor allem von Jermak unterst\u00fctzt wird, hat sich als eine gewaltige Aufgabe erwiesen. Die Zeitung erinnert daran, dass der &#8220;Friedensgipfel&#8221; in der Schweiz im Juni, an dem mehr als 100 L\u00e4nder und Delegationen teilgenommen hatten, gescheitert ist, weil mehrere Delegationen aus dem Globalen S\u00fcden es abgelehnt hatten, das Abschlusskommuniqu\u00e9 zu unterzeichnen und darauf hinwiesen, dass Russland in den Prozess einbezogen werden sollte.<\/p>\n<p>Sibiga hingegen, so der ehemalige ukrainische Verteidigungsminister Alexei Resnikow, habe sich in der Verwaltung durch sein profundes Wissen,\u00a0insbesondere \u00fcber die Beziehungen zur T\u00fcrkei, Respekt erarbeitet. Dar\u00fcber hinaus, so Resnikow, sei US-Pr\u00e4sident Joe Biden bereits im Februar vergangenen Jahres bei einem Besuch in Kiew auf Sibiga aufmerksam gemacht worden. Der ehemalige Minister sagte:<\/p>\n<blockquote>\n<p><em>&#8220;Er hat Eindruck auf ihn gemacht.&#8221;<\/em><\/p>\n<\/blockquote>\n<p>Am 4. September reichte Kuleba\u00a0in der Werchowna Rada seinen R\u00fccktritt als Au\u00dfenminister ein. Seit M\u00e4rz 2020 hatte er dieses Amt inne. Laut der ukrainischen Tageszeitung <em>Strana<\/em> hatten sich viele Beschwerden gegen ihn angesammelt, unter anderem in Bezug auf die von seinem Ministerium vorgelegten Botschafterernennungen.<\/p>\n<p>Wie <em>The Economist<\/em> mitteilt, h\u00e4tte Kuleba bereits im April dieses Jahres zur\u00fccktreten k\u00f6nnen, als Sibiga sein Stellvertreter wurde. Dies sei aber aufgrund des Drucks aus den Vereinigten Staaten nicht geschehen. Kuleba sei bei ausl\u00e4ndischen Diplomaten in Kiew und im Westen sehr angesehen gewesen, aber &#8220;seine subtile Diplomatie passte nicht immer zu der groben und emotionalen Rhetorik seines Chefs&#8221;, so das Nachrichtenmagazin.<\/p>\n<p>Selenskij begr\u00fcndete Kulebas R\u00fccktritt damit, dass ihm &#8220;die Energie fehlte, Waffenlieferungen voranzutreiben&#8221;, berichtet der ukrainische Sender <em>Suspilne<\/em> unter Berufung auf eine Quelle.<\/p>\n<p>Laut der <em>Financial Times<\/em> erkl\u00e4ren ukrainische Abgeordnete die Regierungsumbildung damit, dass der Selenskij &#8220;einfach etwas \u00e4ndern wollte&#8221;, aber keine neuen Gesichter zur Verf\u00fcgung gestanden h\u00e4tten. Mehrere Quellen von <em>The Economist<\/em> sehen in der Umbildung eine weitere Konsolidierung der Macht um Jermak.<\/p>\n<p><strong>Mehr zum Thema<\/strong> &#8211; <a rel=\"nofollow noopener\" target=\"_blank\" href=\"https:\/\/freedert.online\/international\/218086-was-bedeuten-personalaenderungen-in-ukrainischen\/\">Was bedeuten die Personal\u00e4nderungen in der ukrainischen Regierung?<\/a><\/p>\n<\/div>\n<p><br \/>\n<br \/><a href=\"https:\/\/de.rt.com\/international\/218543-um-seine-staerke-zu-zeigen\/\">Source link <\/a><\/p>\n","protected":false},"excerpt":{"rendered":"<p>Kuleba wurde als ukrainischer Au\u00dfenminister durch Sibiga ersetzt, den Bloomberg mit dem Leiter des Pr\u00e4sidialamtes Jermak in Verbindung bringt. Weiter stellt die Zeitung fest, dass die zunehmende Machtkonzentration in Jermaks H\u00e4nden im Westen Besorgnis erregt. Die Ernennung von Andrei Sibiga zum neuen ukrainischen Au\u00dfenminister als Nachfolger von Dmitri Kuleba, einem &#8220;in europ\u00e4ischen Hauptst\u00e4dten bekannten Gesicht&#8221;, [&hellip;]<\/p>\n","protected":false},"author":3,"featured_media":68562,"comment_status":"open","ping_status":"open","sticky":false,"template":"","format":"standard","meta":{"_yoast_indexnow_last_ping":["1725899502"],"wp_automatic_camp":["217"],"0048f4cfe6f50ff8d8f96d2894f95e27":["Um &quot;seine St\u00e4rke zu zeigen&quot; \u2013 Warum Selenskij den Au\u00dfenminister auswechselte"],"original_link":["https:\/\/de.rt.com\/international\/218543-um-seine-staerke-zu-zeigen\/"],"_thumbnail_id":["68562"],"_wptgpro_p2tg_sent2tg":["a:1:{i:23737;s:19:\"2024-09-09 18:32:43\";}"],"jnews_social_counter_last_update":["1777617349"]},"categories":[19,23],"tags":[13830,58393,48,58391,6158,17070,1289,58392],"yoast_head":"<!-- This site is optimized with the Yoast SEO Premium plugin v22.7 (Yoast SEO v22.7) - https:\/\/yoast.com\/wordpress\/plugins\/seo\/ -->\n<title>Um &quot;seine St\u00e4rke zu zeigen&quot; \u2013 Warum Selenskij den Au\u00dfenminister auswechselte - just-now.NEWS Deutschland<\/title>\n<meta name=\"robots\" content=\"index, follow, max-snippet:-1, max-image-preview:large, max-video-preview:-1\" \/>\n<link rel=\"canonical\" href=\"https:\/\/now-news.de\/de\/deutschland\/um-seine-staerke-zu-zeigen-warum-selenskij-den-aussenminister-auswechselte\/\" \/>\n<meta property=\"og:locale\" content=\"de_DE\" \/>\n<meta property=\"og:type\" content=\"article\" \/>\n<meta property=\"og:title\" content=\"Um &quot;seine St\u00e4rke zu zeigen&quot; \u2013 Warum Selenskij den Au\u00dfenminister auswechselte\" \/>\n<meta property=\"og:description\" content=\"Kuleba wurde als ukrainischer Au\u00dfenminister durch Sibiga ersetzt, den Bloomberg mit dem Leiter des Pr\u00e4sidialamtes Jermak in Verbindung bringt. Weiter stellt die Zeitung fest, dass die zunehmende Machtkonzentration in Jermaks H\u00e4nden im Westen Besorgnis erregt. Die Ernennung von Andrei Sibiga zum neuen ukrainischen Au\u00dfenminister als Nachfolger von Dmitri Kuleba, einem &#8220;in europ\u00e4ischen Hauptst\u00e4dten bekannten Gesicht&#8221;, [&hellip;]\" \/>\n<meta property=\"og:url\" content=\"https:\/\/now-news.de\/de\/deutschland\/um-seine-staerke-zu-zeigen-warum-selenskij-den-aussenminister-auswechselte\/\" \/>\n<meta property=\"og:site_name\" content=\"just-now.NEWS Deutschland\" \/>\n<meta property=\"article:publisher\" content=\"https:\/\/www.facebook.com\/wirmachenauf\" \/>\n<meta property=\"article:published_time\" content=\"2024-09-09T16:25:02+00:00\" \/>\n<meta property=\"og:image\" content=\"https:\/\/now-news.de\/de\/wp-content\/uploads\/sites\/3\/2024\/09\/66ded75b48fbef682158eedc.jpg\" \/>\n<meta name=\"author\" content=\"rtnews\" \/>\n<meta name=\"twitter:card\" content=\"summary_large_image\" \/>\n<meta name=\"twitter:creator\" content=\"@WirMachenAuf_de\" \/>\n<meta name=\"twitter:site\" content=\"@WirMachenAuf_de\" \/>\n<meta name=\"twitter:label1\" content=\"Verfasst von\" \/>\n\t<meta name=\"twitter:data1\" content=\"rtnews\" \/>\n\t<meta name=\"twitter:label2\" content=\"Gesch\u00e4tzte Lesezeit\" \/>\n\t<meta name=\"twitter:data2\" content=\"4\u00a0Minuten\" \/>\n<script type=\"application\/ld+json\" class=\"yoast-schema-graph\">{\"@context\":\"https:\/\/schema.org\",\"@graph\":[{\"@type\":\"Article\",\"@id\":\"https:\/\/now-news.de\/de\/deutschland\/um-seine-staerke-zu-zeigen-warum-selenskij-den-aussenminister-auswechselte\/#article\",\"isPartOf\":{\"@id\":\"https:\/\/now-news.de\/de\/deutschland\/um-seine-staerke-zu-zeigen-warum-selenskij-den-aussenminister-auswechselte\/\"},\"author\":{\"name\":\"rtnews\",\"@id\":\"https:\/\/now-news.de\/de\/#\/schema\/person\/fb534a4e865501d8b3285208df34a9b5\"},\"headline\":\"Um &quot;seine St\u00e4rke zu zeigen&quot; \u2013 Warum Selenskij den Au\u00dfenminister auswechselte\",\"datePublished\":\"2024-09-09T16:25:02+00:00\",\"dateModified\":\"2024-09-09T16:25:02+00:00\",\"mainEntityOfPage\":{\"@id\":\"https:\/\/now-news.de\/de\/deutschland\/um-seine-staerke-zu-zeigen-warum-selenskij-den-aussenminister-auswechselte\/\"},\"wordCount\":728,\"commentCount\":0,\"publisher\":{\"@id\":\"https:\/\/now-news.de\/de\/#organization\"},\"image\":{\"@id\":\"https:\/\/now-news.de\/de\/deutschland\/um-seine-staerke-zu-zeigen-warum-selenskij-den-aussenminister-auswechselte\/#primaryimage\"},\"thumbnailUrl\":\"https:\/\/now-news.de\/de\/wp-content\/uploads\/sites\/3\/2024\/09\/Um-quotseine-Staerke-zu-zeigenquot-\u2013-Warum-Selenskij-den-Aussenminister.jpg\",\"keywords\":[\"Au\u00dfenminister\",\"auswechselte\",\"den\",\"quotseine\",\"Selenskij\",\"Starke\",\"Warum\",\"zeigenquot\"],\"articleSection\":[\"Deutschland\",\"Russland\"],\"inLanguage\":\"de\",\"potentialAction\":[{\"@type\":\"CommentAction\",\"name\":\"Comment\",\"target\":[\"https:\/\/now-news.de\/de\/deutschland\/um-seine-staerke-zu-zeigen-warum-selenskij-den-aussenminister-auswechselte\/#respond\"]}]},{\"@type\":\"WebPage\",\"@id\":\"https:\/\/now-news.de\/de\/deutschland\/um-seine-staerke-zu-zeigen-warum-selenskij-den-aussenminister-auswechselte\/\",\"url\":\"https:\/\/now-news.de\/de\/deutschland\/um-seine-staerke-zu-zeigen-warum-selenskij-den-aussenminister-auswechselte\/\",\"name\":\"Um &quot;seine St\u00e4rke zu zeigen&quot; \u2013 Warum Selenskij den Au\u00dfenminister auswechselte - just-now.NEWS Deutschland\",\"isPartOf\":{\"@id\":\"https:\/\/now-news.de\/de\/#website\"},\"primaryImageOfPage\":{\"@id\":\"https:\/\/now-news.de\/de\/deutschland\/um-seine-staerke-zu-zeigen-warum-selenskij-den-aussenminister-auswechselte\/#primaryimage\"},\"image\":{\"@id\":\"https:\/\/now-news.de\/de\/deutschland\/um-seine-staerke-zu-zeigen-warum-selenskij-den-aussenminister-auswechselte\/#primaryimage\"},\"thumbnailUrl\":\"https:\/\/now-news.de\/de\/wp-content\/uploads\/sites\/3\/2024\/09\/Um-quotseine-Staerke-zu-zeigenquot-\u2013-Warum-Selenskij-den-Aussenminister.jpg\",\"datePublished\":\"2024-09-09T16:25:02+00:00\",\"dateModified\":\"2024-09-09T16:25:02+00:00\",\"breadcrumb\":{\"@id\":\"https:\/\/now-news.de\/de\/deutschland\/um-seine-staerke-zu-zeigen-warum-selenskij-den-aussenminister-auswechselte\/#breadcrumb\"},\"inLanguage\":\"de\",\"potentialAction\":[{\"@type\":\"ReadAction\",\"target\":[\"https:\/\/now-news.de\/de\/deutschland\/um-seine-staerke-zu-zeigen-warum-selenskij-den-aussenminister-auswechselte\/\"]}]},{\"@type\":\"ImageObject\",\"inLanguage\":\"de\",\"@id\":\"https:\/\/now-news.de\/de\/deutschland\/um-seine-staerke-zu-zeigen-warum-selenskij-den-aussenminister-auswechselte\/#primaryimage\",\"url\":\"https:\/\/now-news.de\/de\/wp-content\/uploads\/sites\/3\/2024\/09\/Um-quotseine-Staerke-zu-zeigenquot-\u2013-Warum-Selenskij-den-Aussenminister.jpg\",\"contentUrl\":\"https:\/\/now-news.de\/de\/wp-content\/uploads\/sites\/3\/2024\/09\/Um-quotseine-Staerke-zu-zeigenquot-\u2013-Warum-Selenskij-den-Aussenminister.jpg\",\"width\":460,\"height\":259,\"caption\":\"Um &quot;seine St\u00e4rke zu zeigen&quot; \u2013 Warum Selenskij den Au\u00dfenminister auswechselte\"},{\"@type\":\"BreadcrumbList\",\"@id\":\"https:\/\/now-news.de\/de\/deutschland\/um-seine-staerke-zu-zeigen-warum-selenskij-den-aussenminister-auswechselte\/#breadcrumb\",\"itemListElement\":[{\"@type\":\"ListItem\",\"position\":1,\"name\":\"Home\",\"item\":\"https:\/\/now-news.de\/de\/\"},{\"@type\":\"ListItem\",\"position\":2,\"name\":\"Um &quot;seine St\u00e4rke zu zeigen&quot; \u2013 Warum Selenskij den Au\u00dfenminister auswechselte\"}]},{\"@type\":\"WebSite\",\"@id\":\"https:\/\/now-news.de\/de\/#website\",\"url\":\"https:\/\/now-news.de\/de\/\",\"name\":\"just-now.NEWS Deutschland\",\"description\":\"Das Portal f\u00fcr unzensierte Nachrichten aus der Welt\",\"publisher\":{\"@id\":\"https:\/\/now-news.de\/de\/#organization\"},\"potentialAction\":[{\"@type\":\"SearchAction\",\"target\":{\"@type\":\"EntryPoint\",\"urlTemplate\":\"https:\/\/now-news.de\/de\/?s={search_term_string}\"},\"query-input\":\"required name=search_term_string\"}],\"inLanguage\":\"de\"},{\"@type\":\"Organization\",\"@id\":\"https:\/\/now-news.de\/de\/#organization\",\"name\":\"Just Now News\",\"url\":\"https:\/\/now-news.de\/de\/\",\"logo\":{\"@type\":\"ImageObject\",\"inLanguage\":\"de\",\"@id\":\"https:\/\/now-news.de\/de\/#\/schema\/logo\/image\/\",\"url\":\"http:\/\/just-now.news\/de\/wp-content\/uploads\/sites\/3\/2022\/04\/logo500x500.jpg\",\"contentUrl\":\"http:\/\/just-now.news\/de\/wp-content\/uploads\/sites\/3\/2022\/04\/logo500x500.jpg\",\"width\":500,\"height\":500,\"caption\":\"Just Now News\"},\"image\":{\"@id\":\"https:\/\/now-news.de\/de\/#\/schema\/logo\/image\/\"},\"sameAs\":[\"https:\/\/www.facebook.com\/wirmachenauf\",\"https:\/\/x.com\/WirMachenAuf_de\"]},{\"@type\":\"Person\",\"@id\":\"https:\/\/now-news.de\/de\/#\/schema\/person\/fb534a4e865501d8b3285208df34a9b5\",\"name\":\"rtnews\",\"image\":{\"@type\":\"ImageObject\",\"inLanguage\":\"de\",\"@id\":\"https:\/\/now-news.de\/de\/#\/schema\/person\/image\/\",\"url\":\"https:\/\/secure.gravatar.com\/avatar\/82aafea7d8127119dd649515f56e2117?s=96&d=mm&r=g\",\"contentUrl\":\"https:\/\/secure.gravatar.com\/avatar\/82aafea7d8127119dd649515f56e2117?s=96&d=mm&r=g\",\"caption\":\"rtnews\"},\"url\":\"https:\/\/now-news.de\/de\/author\/rnews\/\"}]}<\/script>\n<!-- \/ Yoast SEO Premium plugin. -->","yoast_head_json":{"title":"Um &quot;seine St\u00e4rke zu zeigen&quot; \u2013 Warum Selenskij den Au\u00dfenminister auswechselte - just-now.NEWS Deutschland","robots":{"index":"index","follow":"follow","max-snippet":"max-snippet:-1","max-image-preview":"max-image-preview:large","max-video-preview":"max-video-preview:-1"},"canonical":"https:\/\/now-news.de\/de\/deutschland\/um-seine-staerke-zu-zeigen-warum-selenskij-den-aussenminister-auswechselte\/","og_locale":"de_DE","og_type":"article","og_title":"Um &quot;seine St\u00e4rke zu zeigen&quot; \u2013 Warum Selenskij den Au\u00dfenminister auswechselte","og_description":"Kuleba wurde als ukrainischer Au\u00dfenminister durch Sibiga ersetzt, den Bloomberg mit dem Leiter des Pr\u00e4sidialamtes Jermak in Verbindung bringt. Weiter stellt die Zeitung fest, dass die zunehmende Machtkonzentration in Jermaks H\u00e4nden im Westen Besorgnis erregt. Die Ernennung von Andrei Sibiga zum neuen ukrainischen Au\u00dfenminister als Nachfolger von Dmitri Kuleba, einem &#8220;in europ\u00e4ischen Hauptst\u00e4dten bekannten Gesicht&#8221;, [&hellip;]","og_url":"https:\/\/now-news.de\/de\/deutschland\/um-seine-staerke-zu-zeigen-warum-selenskij-den-aussenminister-auswechselte\/","og_site_name":"just-now.NEWS Deutschland","article_publisher":"https:\/\/www.facebook.com\/wirmachenauf","article_published_time":"2024-09-09T16:25:02+00:00","og_image":[{"url":"https:\/\/now-news.de\/de\/wp-content\/uploads\/sites\/3\/2024\/09\/66ded75b48fbef682158eedc.jpg"}],"author":"rtnews","twitter_card":"summary_large_image","twitter_creator":"@WirMachenAuf_de","twitter_site":"@WirMachenAuf_de","twitter_misc":{"Verfasst von":"rtnews","Gesch\u00e4tzte Lesezeit":"4\u00a0Minuten"},"schema":{"@context":"https:\/\/schema.org","@graph":[{"@type":"Article","@id":"https:\/\/now-news.de\/de\/deutschland\/um-seine-staerke-zu-zeigen-warum-selenskij-den-aussenminister-auswechselte\/#article","isPartOf":{"@id":"https:\/\/now-news.de\/de\/deutschland\/um-seine-staerke-zu-zeigen-warum-selenskij-den-aussenminister-auswechselte\/"},"author":{"name":"rtnews","@id":"https:\/\/now-news.de\/de\/#\/schema\/person\/fb534a4e865501d8b3285208df34a9b5"},"headline":"Um &quot;seine St\u00e4rke zu zeigen&quot; \u2013 Warum Selenskij den Au\u00dfenminister auswechselte","datePublished":"2024-09-09T16:25:02+00:00","dateModified":"2024-09-09T16:25:02+00:00","mainEntityOfPage":{"@id":"https:\/\/now-news.de\/de\/deutschland\/um-seine-staerke-zu-zeigen-warum-selenskij-den-aussenminister-auswechselte\/"},"wordCount":728,"commentCount":0,"publisher":{"@id":"https:\/\/now-news.de\/de\/#organization"},"image":{"@id":"https:\/\/now-news.de\/de\/deutschland\/um-seine-staerke-zu-zeigen-warum-selenskij-den-aussenminister-auswechselte\/#primaryimage"},"thumbnailUrl":"https:\/\/now-news.de\/de\/wp-content\/uploads\/sites\/3\/2024\/09\/Um-quotseine-Staerke-zu-zeigenquot-\u2013-Warum-Selenskij-den-Aussenminister.jpg","keywords":["Au\u00dfenminister","auswechselte","den","quotseine","Selenskij","Starke","Warum","zeigenquot"],"articleSection":["Deutschland","Russland"],"inLanguage":"de","potentialAction":[{"@type":"CommentAction","name":"Comment","target":["https:\/\/now-news.de\/de\/deutschland\/um-seine-staerke-zu-zeigen-warum-selenskij-den-aussenminister-auswechselte\/#respond"]}]},{"@type":"WebPage","@id":"https:\/\/now-news.de\/de\/deutschland\/um-seine-staerke-zu-zeigen-warum-selenskij-den-aussenminister-auswechselte\/","url":"https:\/\/now-news.de\/de\/deutschland\/um-seine-staerke-zu-zeigen-warum-selenskij-den-aussenminister-auswechselte\/","name":"Um &quot;seine St\u00e4rke zu zeigen&quot; \u2013 Warum Selenskij den Au\u00dfenminister auswechselte - just-now.NEWS Deutschland","isPartOf":{"@id":"https:\/\/now-news.de\/de\/#website"},"primaryImageOfPage":{"@id":"https:\/\/now-news.de\/de\/deutschland\/um-seine-staerke-zu-zeigen-warum-selenskij-den-aussenminister-auswechselte\/#primaryimage"},"image":{"@id":"https:\/\/now-news.de\/de\/deutschland\/um-seine-staerke-zu-zeigen-warum-selenskij-den-aussenminister-auswechselte\/#primaryimage"},"thumbnailUrl":"https:\/\/now-news.de\/de\/wp-content\/uploads\/sites\/3\/2024\/09\/Um-quotseine-Staerke-zu-zeigenquot-\u2013-Warum-Selenskij-den-Aussenminister.jpg","datePublished":"2024-09-09T16:25:02+00:00","dateModified":"2024-09-09T16:25:02+00:00","breadcrumb":{"@id":"https:\/\/now-news.de\/de\/deutschland\/um-seine-staerke-zu-zeigen-warum-selenskij-den-aussenminister-auswechselte\/#breadcrumb"},"inLanguage":"de","potentialAction":[{"@type":"ReadAction","target":["https:\/\/now-news.de\/de\/deutschland\/um-seine-staerke-zu-zeigen-warum-selenskij-den-aussenminister-auswechselte\/"]}]},{"@type":"ImageObject","inLanguage":"de","@id":"https:\/\/now-news.de\/de\/deutschland\/um-seine-staerke-zu-zeigen-warum-selenskij-den-aussenminister-auswechselte\/#primaryimage","url":"https:\/\/now-news.de\/de\/wp-content\/uploads\/sites\/3\/2024\/09\/Um-quotseine-Staerke-zu-zeigenquot-\u2013-Warum-Selenskij-den-Aussenminister.jpg","contentUrl":"https:\/\/now-news.de\/de\/wp-content\/uploads\/sites\/3\/2024\/09\/Um-quotseine-Staerke-zu-zeigenquot-\u2013-Warum-Selenskij-den-Aussenminister.jpg","width":460,"height":259,"caption":"Um &quot;seine St\u00e4rke zu zeigen&quot; \u2013 Warum Selenskij den Au\u00dfenminister auswechselte"},{"@type":"BreadcrumbList","@id":"https:\/\/now-news.de\/de\/deutschland\/um-seine-staerke-zu-zeigen-warum-selenskij-den-aussenminister-auswechselte\/#breadcrumb","itemListElement":[{"@type":"ListItem","position":1,"name":"Home","item":"https:\/\/now-news.de\/de\/"},{"@type":"ListItem","position":2,"name":"Um &quot;seine St\u00e4rke zu zeigen&quot; \u2013 Warum Selenskij den Au\u00dfenminister auswechselte"}]},{"@type":"WebSite","@id":"https:\/\/now-news.de\/de\/#website","url":"https:\/\/now-news.de\/de\/","name":"just-now.NEWS Deutschland","description":"Das Portal f\u00fcr unzensierte Nachrichten aus der Welt","publisher":{"@id":"https:\/\/now-news.de\/de\/#organization"},"potentialAction":[{"@type":"SearchAction","target":{"@type":"EntryPoint","urlTemplate":"https:\/\/now-news.de\/de\/?s={search_term_string}"},"query-input":"required name=search_term_string"}],"inLanguage":"de"},{"@type":"Organization","@id":"https:\/\/now-news.de\/de\/#organization","name":"Just Now News","url":"https:\/\/now-news.de\/de\/","logo":{"@type":"ImageObject","inLanguage":"de","@id":"https:\/\/now-news.de\/de\/#\/schema\/logo\/image\/","url":"http:\/\/just-now.news\/de\/wp-content\/uploads\/sites\/3\/2022\/04\/logo500x500.jpg","contentUrl":"http:\/\/just-now.news\/de\/wp-content\/uploads\/sites\/3\/2022\/04\/logo500x500.jpg","width":500,"height":500,"caption":"Just Now News"},"image":{"@id":"https:\/\/now-news.de\/de\/#\/schema\/logo\/image\/"},"sameAs":["https:\/\/www.facebook.com\/wirmachenauf","https:\/\/x.com\/WirMachenAuf_de"]},{"@type":"Person","@id":"https:\/\/now-news.de\/de\/#\/schema\/person\/fb534a4e865501d8b3285208df34a9b5","name":"rtnews","image":{"@type":"ImageObject","inLanguage":"de","@id":"https:\/\/now-news.de\/de\/#\/schema\/person\/image\/","url":"https:\/\/secure.gravatar.com\/avatar\/82aafea7d8127119dd649515f56e2117?s=96&d=mm&r=g","contentUrl":"https:\/\/secure.gravatar.com\/avatar\/82aafea7d8127119dd649515f56e2117?s=96&d=mm&r=g","caption":"rtnews"},"url":"https:\/\/now-news.de\/de\/author\/rnews\/"}]}},"_links":{"self":[{"href":"https:\/\/now-news.de\/de\/wp-json\/wp\/v2\/posts\/68561"}],"collection":[{"href":"https:\/\/now-news.de\/de\/wp-json\/wp\/v2\/posts"}],"about":[{"href":"https:\/\/now-news.de\/de\/wp-json\/wp\/v2\/types\/post"}],"author":[{"embeddable":true,"href":"https:\/\/now-news.de\/de\/wp-json\/wp\/v2\/users\/3"}],"replies":[{"embeddable":true,"href":"https:\/\/now-news.de\/de\/wp-json\/wp\/v2\/comments?post=68561"}],"version-history":[{"count":0,"href":"https:\/\/now-news.de\/de\/wp-json\/wp\/v2\/posts\/68561\/revisions"}],"wp:featuredmedia":[{"embeddable":true,"href":"https:\/\/now-news.de\/de\/wp-json\/wp\/v2\/media\/68562"}],"wp:attachment":[{"href":"https:\/\/now-news.de\/de\/wp-json\/wp\/v2\/media?parent=68561"}],"wp:term":[{"taxonomy":"category","embeddable":true,"href":"https:\/\/now-news.de\/de\/wp-json\/wp\/v2\/categories?post=68561"},{"taxonomy":"post_tag","embeddable":true,"href":"https:\/\/now-news.de\/de\/wp-json\/wp\/v2\/tags?post=68561"}],"curies":[{"name":"wp","href":"https:\/\/api.w.org\/{rel}","templated":true}]}}