{"id":68559,"date":"2024-09-09T18:03:38","date_gmt":"2024-09-09T16:03:38","guid":{"rendered":"https:\/\/now-news.de\/de\/deutschland\/wegen-kauf-von-waschmaschinen-kiew-ruft-diplomaten-aus-georgien-zurueck\/"},"modified":"2024-09-09T18:03:38","modified_gmt":"2024-09-09T16:03:38","slug":"wegen-kauf-von-waschmaschinen-kiew-ruft-diplomaten-aus-georgien-zurueck","status":"publish","type":"post","link":"https:\/\/now-news.de\/de\/deutschland\/wegen-kauf-von-waschmaschinen-kiew-ruft-diplomaten-aus-georgien-zurueck\/","title":{"rendered":"Wegen Kauf von Waschmaschinen: Kiew ruft Diplomaten aus Georgien zur\u00fcck"},"content":{"rendered":"<p><img decoding=\"async\" src=\"https:\/\/now-news.de\/de\/wp-content\/uploads\/sites\/3\/2024\/09\/66def8d0b480cc60e247c93c.jpg\" \/><\/p>\n<div class=\"Text-root Text-type_1 \">\n                Ein ukrainischer Diplomat wurde aus Georgien zur\u00fcckgerufen. Er hatte mit Waschmaschinen gehandelt.  Georgiens Premierminister Kobachidse zufolge sei die Abberufung des Diplomaten kein politischer Akt.\n            <\/div>\n<p><\/p>\n<div class=\"Text-root Text-type_5 ArticleView-text ViewText-root \">\n<p>Die ukrainischen Beh\u00f6rden haben den ukrainischen Gesandten in Georgien, Michail Charischin, wegen des Kaufs\u00a0einer Waschmaschine abberufen. Dies teilte der georgische Premierminister Irakli Kobachidse mit.\u00a0Der Sender\u00a0<em>1tv<\/em> zitiert ihn mit den Worten:<\/p>\n<blockquote>\n<p><em>&#8220;Dies ist kein politischer Akt. Ein bestimmter Vertreter [&#8230;], der immer noch diplomatischen Status hat, kaufte Haushaltsgegenst\u00e4nde. [&#8230;] Es\u00a0war nicht richtig,\u00a0sie unter Kriegsbedingungen zu kaufen. Wir sprechen hier von Waschmaschinen.&#8221; <\/em><\/p>\n<\/blockquote>\n<p>Nach Angaben der ukrainischen Wochenzeitung <em>Serkalo Nedeli<\/em> brachte Charischin beim ersten Treffen mit dem neuen ukrainischen Au\u00dfenminister Andrei Sibiga die Frage\u00a0einer Ersetzung der Waschmaschinen in der Botschaft zur Sprache. Sibiga rief daraufhin Charischin am 9. September zur\u00fcck, weil er &#8220;die Realit\u00e4ten der Diplomatie in einem kriegf\u00fchrenden Staat v\u00f6llig missverstanden&#8221; habe. Laut Sibiga sollte das Ressort den Realit\u00e4ten eines Landes im Krieg entsprechen, und der Diplomat selbst sollte &#8220;ein spielender Trainer sein, der nicht auf Anweisungen aus dem Zentrum wartet, sondern proaktiv handelt und Verantwortung \u00fcbernimmt.&#8221;<\/p>\n<p>Georgiens Premierminister betonte, dass der Vorfall nicht mit der Abberufung des ukrainischen Botschafters aus Georgien im Jahr 2022 verglichen werden k\u00f6nne. Damals erkl\u00e4rte der ukrainische Pr\u00e4sident Selenskij, dass der Botschafter wegen &#8220;Hindernissen f\u00fcr Freiwillige, die uns helfen wollen&#8221; und wegen der Haltung der georgischen Beh\u00f6rden zu den Sanktionen gegen Russland zur\u00fcckgerufen worden sei. Georgien hatte sich zuvor geweigert, Sanktionen gegen\u00a0die Russische F\u00f6deration zu verh\u00e4ngen.<\/p>\n<p>Sibiga wurde erst vor wenigen Tagen, am 5. September 2024, zum Au\u00dfenminister ernannt. Zuvor war er als erster stellvertretender Au\u00dfenminister und stellvertretender Leiter des Pr\u00e4sidialamtes t\u00e4tig. Vor ihm hatte Dmitri Kuleba den Posten des ukrainischen Chefdiplomaten inne.<\/p>\n<p><strong>Mehr zum Thema<\/strong> \u2013 <a rel=\"nofollow noopener\" target=\"_blank\" href=\"https:\/\/freedert.online\/international\/218177-koepferollen-minister-in-ukraine\/\">K\u00f6pferollen der Minister in Ukraine: Selenskij versucht, &#8220;Leichnam&#8221; der Regierung wiederzubeleben<\/a><\/p>\n<div class=\"EmbedBlock-root EmbedBlock-externalVideo EmbedBlock-vk\">\n<div class=\"VkEmbed\"><iframe class=\"lazyload\" data-src=\"https:\/\/vk.com\/video_ext.php?oid=-134310637&amp;id=456279807\" frameborder=\"0\" width=\"853\" height=\"480\" allowfullscreen><\/iframe><\/div>\n<\/div>\n<\/div>\n<p><br \/>\n<br \/><a href=\"https:\/\/de.rt.com\/international\/218573-wegen-kauf-von-waschmaschinen-kiew\/\">Source link <\/a><\/p>\n","protected":false},"excerpt":{"rendered":"<p>Ein ukrainischer Diplomat wurde aus Georgien zur\u00fcckgerufen. Er hatte mit Waschmaschinen gehandelt. Georgiens Premierminister Kobachidse zufolge sei die Abberufung des Diplomaten kein politischer Akt. Die ukrainischen Beh\u00f6rden haben den ukrainischen Gesandten in Georgien, Michail Charischin, wegen des Kaufs\u00a0einer Waschmaschine abberufen. Dies teilte der georgische Premierminister Irakli Kobachidse mit.\u00a0Der Sender\u00a01tv zitiert ihn mit den Worten: &#8220;Dies [&hellip;]<\/p>\n","protected":false},"author":3,"featured_media":68560,"comment_status":"open","ping_status":"open","sticky":false,"template":"","format":"standard","meta":{"_yoast_indexnow_last_ping":["1725898543"],"wp_automatic_camp":["217"],"fe5974722e88875223e99caeb6409632":["Wegen Kauf von Waschmaschinen: Kiew ruft Diplomaten aus Georgien zur\u00fcck"],"original_link":["https:\/\/de.rt.com\/international\/218573-wegen-kauf-von-waschmaschinen-kiew\/"],"_thumbnail_id":["68560"],"jnews_social_counter_last_update":["1777593428"],"_wptgpro_p2tg_sent2tg":["a:1:{i:23737;s:19:\"2024-09-09 18:16:43\";}"]},"categories":[19,23],"tags":[679,9831,20848,4260,1025,6183,50,36529,145,3337],"yoast_head":"<!-- This site is optimized with the Yoast SEO Premium plugin v22.7 (Yoast SEO v22.7) - https:\/\/yoast.com\/wordpress\/plugins\/seo\/ -->\n<title>Wegen Kauf von Waschmaschinen: Kiew ruft Diplomaten aus Georgien zur\u00fcck - just-now.NEWS Deutschland<\/title>\n<meta name=\"robots\" content=\"index, follow, max-snippet:-1, max-image-preview:large, max-video-preview:-1\" \/>\n<link rel=\"canonical\" href=\"https:\/\/now-news.de\/de\/deutschland\/wegen-kauf-von-waschmaschinen-kiew-ruft-diplomaten-aus-georgien-zurueck\/\" \/>\n<meta property=\"og:locale\" content=\"de_DE\" \/>\n<meta property=\"og:type\" content=\"article\" \/>\n<meta property=\"og:title\" content=\"Wegen Kauf von Waschmaschinen: Kiew ruft Diplomaten aus Georgien zur\u00fcck\" \/>\n<meta property=\"og:description\" content=\"Ein ukrainischer Diplomat wurde aus Georgien zur\u00fcckgerufen. Er hatte mit Waschmaschinen gehandelt. Georgiens Premierminister Kobachidse zufolge sei die Abberufung des Diplomaten kein politischer Akt. Die ukrainischen Beh\u00f6rden haben den ukrainischen Gesandten in Georgien, Michail Charischin, wegen des Kaufs\u00a0einer Waschmaschine abberufen. Dies teilte der georgische Premierminister Irakli Kobachidse mit.\u00a0Der Sender\u00a01tv zitiert ihn mit den Worten: &#8220;Dies [&hellip;]\" \/>\n<meta property=\"og:url\" content=\"https:\/\/now-news.de\/de\/deutschland\/wegen-kauf-von-waschmaschinen-kiew-ruft-diplomaten-aus-georgien-zurueck\/\" \/>\n<meta property=\"og:site_name\" content=\"just-now.NEWS Deutschland\" \/>\n<meta property=\"article:publisher\" content=\"https:\/\/www.facebook.com\/wirmachenauf\" \/>\n<meta property=\"article:published_time\" content=\"2024-09-09T16:03:38+00:00\" \/>\n<meta property=\"og:image\" content=\"https:\/\/now-news.de\/de\/wp-content\/uploads\/sites\/3\/2024\/09\/66def8d0b480cc60e247c93c.jpg\" \/>\n<meta name=\"author\" content=\"rtnews\" \/>\n<meta name=\"twitter:card\" content=\"summary_large_image\" \/>\n<meta name=\"twitter:creator\" content=\"@WirMachenAuf_de\" \/>\n<meta name=\"twitter:site\" content=\"@WirMachenAuf_de\" \/>\n<meta name=\"twitter:label1\" content=\"Verfasst von\" \/>\n\t<meta name=\"twitter:data1\" content=\"rtnews\" \/>\n\t<meta name=\"twitter:label2\" content=\"Gesch\u00e4tzte Lesezeit\" \/>\n\t<meta name=\"twitter:data2\" content=\"2\u00a0Minuten\" \/>\n<script type=\"application\/ld+json\" class=\"yoast-schema-graph\">{\"@context\":\"https:\/\/schema.org\",\"@graph\":[{\"@type\":\"Article\",\"@id\":\"https:\/\/now-news.de\/de\/deutschland\/wegen-kauf-von-waschmaschinen-kiew-ruft-diplomaten-aus-georgien-zurueck\/#article\",\"isPartOf\":{\"@id\":\"https:\/\/now-news.de\/de\/deutschland\/wegen-kauf-von-waschmaschinen-kiew-ruft-diplomaten-aus-georgien-zurueck\/\"},\"author\":{\"name\":\"rtnews\",\"@id\":\"https:\/\/now-news.de\/de\/#\/schema\/person\/fb534a4e865501d8b3285208df34a9b5\"},\"headline\":\"Wegen Kauf von Waschmaschinen: Kiew ruft Diplomaten aus Georgien zur\u00fcck\",\"datePublished\":\"2024-09-09T16:03:38+00:00\",\"dateModified\":\"2024-09-09T16:03:38+00:00\",\"mainEntityOfPage\":{\"@id\":\"https:\/\/now-news.de\/de\/deutschland\/wegen-kauf-von-waschmaschinen-kiew-ruft-diplomaten-aus-georgien-zurueck\/\"},\"wordCount\":321,\"commentCount\":0,\"publisher\":{\"@id\":\"https:\/\/now-news.de\/de\/#organization\"},\"image\":{\"@id\":\"https:\/\/now-news.de\/de\/deutschland\/wegen-kauf-von-waschmaschinen-kiew-ruft-diplomaten-aus-georgien-zurueck\/#primaryimage\"},\"thumbnailUrl\":\"https:\/\/now-news.de\/de\/wp-content\/uploads\/sites\/3\/2024\/09\/Wegen-Kauf-von-Waschmaschinen-Kiew-ruft-Diplomaten-aus-Georgien-zurueck.jpg\",\"keywords\":[\"aus\",\"Diplomaten\",\"Georgien\",\"Kauf\",\"Kiew\",\"ruft\",\"von\",\"Waschmaschinen\",\"wegen\",\"zur\u00fcck\"],\"articleSection\":[\"Deutschland\",\"Russland\"],\"inLanguage\":\"de\",\"potentialAction\":[{\"@type\":\"CommentAction\",\"name\":\"Comment\",\"target\":[\"https:\/\/now-news.de\/de\/deutschland\/wegen-kauf-von-waschmaschinen-kiew-ruft-diplomaten-aus-georgien-zurueck\/#respond\"]}]},{\"@type\":\"WebPage\",\"@id\":\"https:\/\/now-news.de\/de\/deutschland\/wegen-kauf-von-waschmaschinen-kiew-ruft-diplomaten-aus-georgien-zurueck\/\",\"url\":\"https:\/\/now-news.de\/de\/deutschland\/wegen-kauf-von-waschmaschinen-kiew-ruft-diplomaten-aus-georgien-zurueck\/\",\"name\":\"Wegen Kauf von Waschmaschinen: Kiew ruft Diplomaten aus Georgien zur\u00fcck - just-now.NEWS Deutschland\",\"isPartOf\":{\"@id\":\"https:\/\/now-news.de\/de\/#website\"},\"primaryImageOfPage\":{\"@id\":\"https:\/\/now-news.de\/de\/deutschland\/wegen-kauf-von-waschmaschinen-kiew-ruft-diplomaten-aus-georgien-zurueck\/#primaryimage\"},\"image\":{\"@id\":\"https:\/\/now-news.de\/de\/deutschland\/wegen-kauf-von-waschmaschinen-kiew-ruft-diplomaten-aus-georgien-zurueck\/#primaryimage\"},\"thumbnailUrl\":\"https:\/\/now-news.de\/de\/wp-content\/uploads\/sites\/3\/2024\/09\/Wegen-Kauf-von-Waschmaschinen-Kiew-ruft-Diplomaten-aus-Georgien-zurueck.jpg\",\"datePublished\":\"2024-09-09T16:03:38+00:00\",\"dateModified\":\"2024-09-09T16:03:38+00:00\",\"breadcrumb\":{\"@id\":\"https:\/\/now-news.de\/de\/deutschland\/wegen-kauf-von-waschmaschinen-kiew-ruft-diplomaten-aus-georgien-zurueck\/#breadcrumb\"},\"inLanguage\":\"de\",\"potentialAction\":[{\"@type\":\"ReadAction\",\"target\":[\"https:\/\/now-news.de\/de\/deutschland\/wegen-kauf-von-waschmaschinen-kiew-ruft-diplomaten-aus-georgien-zurueck\/\"]}]},{\"@type\":\"ImageObject\",\"inLanguage\":\"de\",\"@id\":\"https:\/\/now-news.de\/de\/deutschland\/wegen-kauf-von-waschmaschinen-kiew-ruft-diplomaten-aus-georgien-zurueck\/#primaryimage\",\"url\":\"https:\/\/now-news.de\/de\/wp-content\/uploads\/sites\/3\/2024\/09\/Wegen-Kauf-von-Waschmaschinen-Kiew-ruft-Diplomaten-aus-Georgien-zurueck.jpg\",\"contentUrl\":\"https:\/\/now-news.de\/de\/wp-content\/uploads\/sites\/3\/2024\/09\/Wegen-Kauf-von-Waschmaschinen-Kiew-ruft-Diplomaten-aus-Georgien-zurueck.jpg\",\"width\":460,\"height\":259,\"caption\":\"Wegen Kauf von Waschmaschinen: Kiew ruft Diplomaten aus Georgien zur\u00fcck\"},{\"@type\":\"BreadcrumbList\",\"@id\":\"https:\/\/now-news.de\/de\/deutschland\/wegen-kauf-von-waschmaschinen-kiew-ruft-diplomaten-aus-georgien-zurueck\/#breadcrumb\",\"itemListElement\":[{\"@type\":\"ListItem\",\"position\":1,\"name\":\"Home\",\"item\":\"https:\/\/now-news.de\/de\/\"},{\"@type\":\"ListItem\",\"position\":2,\"name\":\"Wegen Kauf von Waschmaschinen: Kiew ruft Diplomaten aus Georgien zur\u00fcck\"}]},{\"@type\":\"WebSite\",\"@id\":\"https:\/\/now-news.de\/de\/#website\",\"url\":\"https:\/\/now-news.de\/de\/\",\"name\":\"just-now.NEWS Deutschland\",\"description\":\"Das Portal f\u00fcr unzensierte Nachrichten aus der Welt\",\"publisher\":{\"@id\":\"https:\/\/now-news.de\/de\/#organization\"},\"potentialAction\":[{\"@type\":\"SearchAction\",\"target\":{\"@type\":\"EntryPoint\",\"urlTemplate\":\"https:\/\/now-news.de\/de\/?s={search_term_string}\"},\"query-input\":\"required name=search_term_string\"}],\"inLanguage\":\"de\"},{\"@type\":\"Organization\",\"@id\":\"https:\/\/now-news.de\/de\/#organization\",\"name\":\"Just Now News\",\"url\":\"https:\/\/now-news.de\/de\/\",\"logo\":{\"@type\":\"ImageObject\",\"inLanguage\":\"de\",\"@id\":\"https:\/\/now-news.de\/de\/#\/schema\/logo\/image\/\",\"url\":\"http:\/\/just-now.news\/de\/wp-content\/uploads\/sites\/3\/2022\/04\/logo500x500.jpg\",\"contentUrl\":\"http:\/\/just-now.news\/de\/wp-content\/uploads\/sites\/3\/2022\/04\/logo500x500.jpg\",\"width\":500,\"height\":500,\"caption\":\"Just Now News\"},\"image\":{\"@id\":\"https:\/\/now-news.de\/de\/#\/schema\/logo\/image\/\"},\"sameAs\":[\"https:\/\/www.facebook.com\/wirmachenauf\",\"https:\/\/x.com\/WirMachenAuf_de\"]},{\"@type\":\"Person\",\"@id\":\"https:\/\/now-news.de\/de\/#\/schema\/person\/fb534a4e865501d8b3285208df34a9b5\",\"name\":\"rtnews\",\"image\":{\"@type\":\"ImageObject\",\"inLanguage\":\"de\",\"@id\":\"https:\/\/now-news.de\/de\/#\/schema\/person\/image\/\",\"url\":\"https:\/\/secure.gravatar.com\/avatar\/82aafea7d8127119dd649515f56e2117?s=96&d=mm&r=g\",\"contentUrl\":\"https:\/\/secure.gravatar.com\/avatar\/82aafea7d8127119dd649515f56e2117?s=96&d=mm&r=g\",\"caption\":\"rtnews\"},\"url\":\"https:\/\/now-news.de\/de\/author\/rnews\/\"}]}<\/script>\n<!-- \/ Yoast SEO Premium plugin. -->","yoast_head_json":{"title":"Wegen Kauf von Waschmaschinen: Kiew ruft Diplomaten aus Georgien zur\u00fcck - just-now.NEWS Deutschland","robots":{"index":"index","follow":"follow","max-snippet":"max-snippet:-1","max-image-preview":"max-image-preview:large","max-video-preview":"max-video-preview:-1"},"canonical":"https:\/\/now-news.de\/de\/deutschland\/wegen-kauf-von-waschmaschinen-kiew-ruft-diplomaten-aus-georgien-zurueck\/","og_locale":"de_DE","og_type":"article","og_title":"Wegen Kauf von Waschmaschinen: Kiew ruft Diplomaten aus Georgien zur\u00fcck","og_description":"Ein ukrainischer Diplomat wurde aus Georgien zur\u00fcckgerufen. Er hatte mit Waschmaschinen gehandelt. Georgiens Premierminister Kobachidse zufolge sei die Abberufung des Diplomaten kein politischer Akt. Die ukrainischen Beh\u00f6rden haben den ukrainischen Gesandten in Georgien, Michail Charischin, wegen des Kaufs\u00a0einer Waschmaschine abberufen. Dies teilte der georgische Premierminister Irakli Kobachidse mit.\u00a0Der Sender\u00a01tv zitiert ihn mit den Worten: &#8220;Dies [&hellip;]","og_url":"https:\/\/now-news.de\/de\/deutschland\/wegen-kauf-von-waschmaschinen-kiew-ruft-diplomaten-aus-georgien-zurueck\/","og_site_name":"just-now.NEWS Deutschland","article_publisher":"https:\/\/www.facebook.com\/wirmachenauf","article_published_time":"2024-09-09T16:03:38+00:00","og_image":[{"url":"https:\/\/now-news.de\/de\/wp-content\/uploads\/sites\/3\/2024\/09\/66def8d0b480cc60e247c93c.jpg"}],"author":"rtnews","twitter_card":"summary_large_image","twitter_creator":"@WirMachenAuf_de","twitter_site":"@WirMachenAuf_de","twitter_misc":{"Verfasst von":"rtnews","Gesch\u00e4tzte Lesezeit":"2\u00a0Minuten"},"schema":{"@context":"https:\/\/schema.org","@graph":[{"@type":"Article","@id":"https:\/\/now-news.de\/de\/deutschland\/wegen-kauf-von-waschmaschinen-kiew-ruft-diplomaten-aus-georgien-zurueck\/#article","isPartOf":{"@id":"https:\/\/now-news.de\/de\/deutschland\/wegen-kauf-von-waschmaschinen-kiew-ruft-diplomaten-aus-georgien-zurueck\/"},"author":{"name":"rtnews","@id":"https:\/\/now-news.de\/de\/#\/schema\/person\/fb534a4e865501d8b3285208df34a9b5"},"headline":"Wegen Kauf von Waschmaschinen: Kiew ruft Diplomaten aus Georgien zur\u00fcck","datePublished":"2024-09-09T16:03:38+00:00","dateModified":"2024-09-09T16:03:38+00:00","mainEntityOfPage":{"@id":"https:\/\/now-news.de\/de\/deutschland\/wegen-kauf-von-waschmaschinen-kiew-ruft-diplomaten-aus-georgien-zurueck\/"},"wordCount":321,"commentCount":0,"publisher":{"@id":"https:\/\/now-news.de\/de\/#organization"},"image":{"@id":"https:\/\/now-news.de\/de\/deutschland\/wegen-kauf-von-waschmaschinen-kiew-ruft-diplomaten-aus-georgien-zurueck\/#primaryimage"},"thumbnailUrl":"https:\/\/now-news.de\/de\/wp-content\/uploads\/sites\/3\/2024\/09\/Wegen-Kauf-von-Waschmaschinen-Kiew-ruft-Diplomaten-aus-Georgien-zurueck.jpg","keywords":["aus","Diplomaten","Georgien","Kauf","Kiew","ruft","von","Waschmaschinen","wegen","zur\u00fcck"],"articleSection":["Deutschland","Russland"],"inLanguage":"de","potentialAction":[{"@type":"CommentAction","name":"Comment","target":["https:\/\/now-news.de\/de\/deutschland\/wegen-kauf-von-waschmaschinen-kiew-ruft-diplomaten-aus-georgien-zurueck\/#respond"]}]},{"@type":"WebPage","@id":"https:\/\/now-news.de\/de\/deutschland\/wegen-kauf-von-waschmaschinen-kiew-ruft-diplomaten-aus-georgien-zurueck\/","url":"https:\/\/now-news.de\/de\/deutschland\/wegen-kauf-von-waschmaschinen-kiew-ruft-diplomaten-aus-georgien-zurueck\/","name":"Wegen Kauf von Waschmaschinen: Kiew ruft Diplomaten aus Georgien zur\u00fcck - just-now.NEWS Deutschland","isPartOf":{"@id":"https:\/\/now-news.de\/de\/#website"},"primaryImageOfPage":{"@id":"https:\/\/now-news.de\/de\/deutschland\/wegen-kauf-von-waschmaschinen-kiew-ruft-diplomaten-aus-georgien-zurueck\/#primaryimage"},"image":{"@id":"https:\/\/now-news.de\/de\/deutschland\/wegen-kauf-von-waschmaschinen-kiew-ruft-diplomaten-aus-georgien-zurueck\/#primaryimage"},"thumbnailUrl":"https:\/\/now-news.de\/de\/wp-content\/uploads\/sites\/3\/2024\/09\/Wegen-Kauf-von-Waschmaschinen-Kiew-ruft-Diplomaten-aus-Georgien-zurueck.jpg","datePublished":"2024-09-09T16:03:38+00:00","dateModified":"2024-09-09T16:03:38+00:00","breadcrumb":{"@id":"https:\/\/now-news.de\/de\/deutschland\/wegen-kauf-von-waschmaschinen-kiew-ruft-diplomaten-aus-georgien-zurueck\/#breadcrumb"},"inLanguage":"de","potentialAction":[{"@type":"ReadAction","target":["https:\/\/now-news.de\/de\/deutschland\/wegen-kauf-von-waschmaschinen-kiew-ruft-diplomaten-aus-georgien-zurueck\/"]}]},{"@type":"ImageObject","inLanguage":"de","@id":"https:\/\/now-news.de\/de\/deutschland\/wegen-kauf-von-waschmaschinen-kiew-ruft-diplomaten-aus-georgien-zurueck\/#primaryimage","url":"https:\/\/now-news.de\/de\/wp-content\/uploads\/sites\/3\/2024\/09\/Wegen-Kauf-von-Waschmaschinen-Kiew-ruft-Diplomaten-aus-Georgien-zurueck.jpg","contentUrl":"https:\/\/now-news.de\/de\/wp-content\/uploads\/sites\/3\/2024\/09\/Wegen-Kauf-von-Waschmaschinen-Kiew-ruft-Diplomaten-aus-Georgien-zurueck.jpg","width":460,"height":259,"caption":"Wegen Kauf von Waschmaschinen: Kiew ruft Diplomaten aus Georgien zur\u00fcck"},{"@type":"BreadcrumbList","@id":"https:\/\/now-news.de\/de\/deutschland\/wegen-kauf-von-waschmaschinen-kiew-ruft-diplomaten-aus-georgien-zurueck\/#breadcrumb","itemListElement":[{"@type":"ListItem","position":1,"name":"Home","item":"https:\/\/now-news.de\/de\/"},{"@type":"ListItem","position":2,"name":"Wegen Kauf von Waschmaschinen: Kiew ruft Diplomaten aus Georgien zur\u00fcck"}]},{"@type":"WebSite","@id":"https:\/\/now-news.de\/de\/#website","url":"https:\/\/now-news.de\/de\/","name":"just-now.NEWS Deutschland","description":"Das Portal f\u00fcr unzensierte Nachrichten aus der Welt","publisher":{"@id":"https:\/\/now-news.de\/de\/#organization"},"potentialAction":[{"@type":"SearchAction","target":{"@type":"EntryPoint","urlTemplate":"https:\/\/now-news.de\/de\/?s={search_term_string}"},"query-input":"required name=search_term_string"}],"inLanguage":"de"},{"@type":"Organization","@id":"https:\/\/now-news.de\/de\/#organization","name":"Just Now News","url":"https:\/\/now-news.de\/de\/","logo":{"@type":"ImageObject","inLanguage":"de","@id":"https:\/\/now-news.de\/de\/#\/schema\/logo\/image\/","url":"http:\/\/just-now.news\/de\/wp-content\/uploads\/sites\/3\/2022\/04\/logo500x500.jpg","contentUrl":"http:\/\/just-now.news\/de\/wp-content\/uploads\/sites\/3\/2022\/04\/logo500x500.jpg","width":500,"height":500,"caption":"Just Now News"},"image":{"@id":"https:\/\/now-news.de\/de\/#\/schema\/logo\/image\/"},"sameAs":["https:\/\/www.facebook.com\/wirmachenauf","https:\/\/x.com\/WirMachenAuf_de"]},{"@type":"Person","@id":"https:\/\/now-news.de\/de\/#\/schema\/person\/fb534a4e865501d8b3285208df34a9b5","name":"rtnews","image":{"@type":"ImageObject","inLanguage":"de","@id":"https:\/\/now-news.de\/de\/#\/schema\/person\/image\/","url":"https:\/\/secure.gravatar.com\/avatar\/82aafea7d8127119dd649515f56e2117?s=96&d=mm&r=g","contentUrl":"https:\/\/secure.gravatar.com\/avatar\/82aafea7d8127119dd649515f56e2117?s=96&d=mm&r=g","caption":"rtnews"},"url":"https:\/\/now-news.de\/de\/author\/rnews\/"}]}},"_links":{"self":[{"href":"https:\/\/now-news.de\/de\/wp-json\/wp\/v2\/posts\/68559"}],"collection":[{"href":"https:\/\/now-news.de\/de\/wp-json\/wp\/v2\/posts"}],"about":[{"href":"https:\/\/now-news.de\/de\/wp-json\/wp\/v2\/types\/post"}],"author":[{"embeddable":true,"href":"https:\/\/now-news.de\/de\/wp-json\/wp\/v2\/users\/3"}],"replies":[{"embeddable":true,"href":"https:\/\/now-news.de\/de\/wp-json\/wp\/v2\/comments?post=68559"}],"version-history":[{"count":0,"href":"https:\/\/now-news.de\/de\/wp-json\/wp\/v2\/posts\/68559\/revisions"}],"wp:featuredmedia":[{"embeddable":true,"href":"https:\/\/now-news.de\/de\/wp-json\/wp\/v2\/media\/68560"}],"wp:attachment":[{"href":"https:\/\/now-news.de\/de\/wp-json\/wp\/v2\/media?parent=68559"}],"wp:term":[{"taxonomy":"category","embeddable":true,"href":"https:\/\/now-news.de\/de\/wp-json\/wp\/v2\/categories?post=68559"},{"taxonomy":"post_tag","embeddable":true,"href":"https:\/\/now-news.de\/de\/wp-json\/wp\/v2\/tags?post=68559"}],"curies":[{"name":"wp","href":"https:\/\/api.w.org\/{rel}","templated":true}]}}