{"id":68555,"date":"2024-09-09T17:36:53","date_gmt":"2024-09-09T15:36:53","guid":{"rendered":"https:\/\/now-news.de\/de\/deutschland\/streit-um-grenzkontrollen-oesterreich-will-abgewiesene-migranten-nicht-von-deutschland-zuruecknehmen\/"},"modified":"2024-09-09T17:36:53","modified_gmt":"2024-09-09T15:36:53","slug":"streit-um-grenzkontrollen-oesterreich-will-abgewiesene-migranten-nicht-von-deutschland-zuruecknehmen","status":"publish","type":"post","link":"https:\/\/now-news.de\/de\/deutschland\/streit-um-grenzkontrollen-oesterreich-will-abgewiesene-migranten-nicht-von-deutschland-zuruecknehmen\/","title":{"rendered":"Streit um Grenzkontrollen: \u00d6sterreich will abgewiesene Migranten nicht von Deutschland zur\u00fccknehmen"},"content":{"rendered":"<p><img decoding=\"async\" src=\"https:\/\/now-news.de\/de\/wp-content\/uploads\/sites\/3\/2024\/09\/66df0aeeb480cc631c2edddf.jpg\" \/><\/p>\n<div class=\"Text-root Text-type_1 \">\n                Bundesinnenministerin Nancy Faeser ist mit der Anordnung zur Einf\u00fchrung von Kontrollen an allen deutschen Landgrenzen der Forderung der Union nachgekommen. Mit der Ma\u00dfnahme soll die Zahl irregul\u00e4rer Einreisen deutlich reduziert werden. Doch \u00d6sterreich k\u00f6nnte sich dabei querstellen.\n            <\/div>\n<p><\/p>\n<div class=\"Text-root Text-type_5 ArticleView-text ViewText-root \">\n<p>Um die Zahl irregul\u00e4rer Einreisen nach Deutschland einzud\u00e4mmen, hat Bundesinnenministerin Nancy Faeser vor\u00fcbergehende Kontrollen an allen deutschen Landgrenzen angeordnet. Diese sollen kommende Woche beginnen und ein halbes Jahr in Kraft bleiben.<\/p>\n<p>Zuvor hatte\u00a0CDU-Chef Friedrich Merz der Ampel ein Ultimatum gestellt: Bis Dienstag sollte sie sich zu Zur\u00fcckweisungen von Fl\u00fcchtlingen an den deutschen Grenzen bekennen. Andernfalls komme man bei der L\u00f6sung des Migrationsproblems nicht zusammen. Notfalls m\u00fcsse man laut Merz die &#8220;nationale Notlage&#8221; erkl\u00e4ren, um Migranten an der deutschen Grenze abweisen zu k\u00f6nnen.\u00a0Dies w\u00fcrde bedeuten, dass Deutschland nach eigenen Gesetzen handeln w\u00fcrde, selbst wenn das im Widerspruch zum EU-Recht stehen sollte.<\/p>\n<p>Nun hat sich\u00a0\u00d6sterreichs Innenminister in die deutsche Debatte eingeschaltet und erkl\u00e4rt, dass sein Land keine aus Deutschland zur\u00fcckgewiesenen Fl\u00fcchtlinge annehmen wird. Gegen\u00fcber der <em>Bild<\/em> sagte\u00a0Gerhard Karner:\u00a0<\/p>\n<blockquote>\n<p><em>&#8220;\u00d6sterreich wird keine Personen entgegennehmen, die aus Deutschland zur\u00fcckgewiesen werden. Da gibt es keinen Spielraum.\u00a0Das ist geltendes Recht.\u00a0Ich habe den Bundespolizeidirektor deshalb angewiesen, keine \u00dcbernahmen durchzuf\u00fchren.&#8221;<\/em><\/p>\n<\/blockquote>\n<p>Karners \u00c4u\u00dferung erfolgte vor der Anordnung von Innenministerin Faeser. Laut Medienberichten hat die Ampel-Regierung nach dem Migrationstreffen mit Vertretern der L\u00e4nder und der Unionsfraktion vergangene Woche ein &#8220;Modell f\u00fcr europarechtskonforme und effektive Zur\u00fcckweisungen entwickelt&#8221;.<\/p>\n<p>Ob die Nachbarl\u00e4nder bei diesem Modell mitziehen werden, ist jedoch fraglich. Grunds\u00e4tzlich ist laut der Dublin-Verordnung\u00a0dasjenige Land innerhalb der EU f\u00fcr das Asylverfahren zust\u00e4ndig, in dem ein\u00a0Antragsteller erstmals europ\u00e4ischen Boden betritt. Viele Migranten reisen allerdings aus jenen L\u00e4ndern weiter nach Deutschland.<\/p>\n<p>Zwar hat Deutschland dann das Recht, diese Menschen zur\u00fcckzuschicken. Daf\u00fcr brauche es allerdings erst ein formelles Verfahren und die Zustimmung des betroffenen Mitgliedsstaates, hei\u00dft es dazu nun aus Wien. Die Menschen direkt an der Grenze zur\u00fcckzuweisen, sei nicht erlaubt. &#8220;\u00d6sterreich nimmt daher keine aus Deutschland zur\u00fcckgewiesenen Personen entgegen&#8221;, zitiert die <em>Bild<\/em> das \u00f6sterreichische Innenministerium.\u00a0<\/p>\n<p>Die deutsche Gewerkschaft der Polizei (GdP) zeigt sich indes unter bestimmten Bedingungen offen f\u00fcr Zur\u00fcckweisungen von Asylbewerbern an den Grenzen.\u00a0Grundvoraussetzung daf\u00fcr sei aber Rechtssicherheit. &#8220;Sollte es so geregelt werden k\u00f6nnen, dass unseren Kolleginnen und Kollegen, welche die Ma\u00dfnahmen dann vollziehen m\u00fcssten, im Nachgang keinerlei rechtliche Probleme entstehen, w\u00e4re es eine Ma\u00dfnahme, welche durchaus zu unterst\u00fctzen w\u00e4re&#8221;, sagte der\u00a0GdP-Vorsitzende f\u00fcr die Bundespolizei, Andreas Ro\u00dfkopf, gegen\u00fcber der <em>Rheinischen Post<\/em>.<\/p>\n<p><strong>Mehr zum Thema<\/strong>\u00a0\u2012 <a rel=\"nofollow noopener\" target=\"_blank\" href=\"https:\/\/freedert.online\/inland\/218220-scholz-meint-zuwanderung-haette-nichts\/\">Kanzlergespr\u00e4ch: Scholz meint, Zuwanderung h\u00e4tte nichts mit Wohnungsmangel zu tun<\/a><\/p>\n<div class=\"EmbedBlock-root EmbedBlock-externalVideo EmbedBlock-rumble\">\n<div class=\"VkEmbed\"><iframe class=\"lazyload\" data-src=\"https:\/\/rumble.com\/embed\/v5arxud\" frameborder=\"0\" width=\"853\" height=\"480\" allowfullscreen><\/iframe><\/div>\n<\/div>\n<\/div>\n<p><br \/>\n<br \/><a href=\"https:\/\/de.rt.com\/europa\/218574-streit-um-grenzkontrollen-oesterreich-will\/\">Source link <\/a><\/p>\n","protected":false},"excerpt":{"rendered":"<p>Bundesinnenministerin Nancy Faeser ist mit der Anordnung zur Einf\u00fchrung von Kontrollen an allen deutschen Landgrenzen der Forderung der Union nachgekommen. Mit der Ma\u00dfnahme soll die Zahl irregul\u00e4rer Einreisen deutlich reduziert werden. Doch \u00d6sterreich k\u00f6nnte sich dabei querstellen. Um die Zahl irregul\u00e4rer Einreisen nach Deutschland einzud\u00e4mmen, hat Bundesinnenministerin Nancy Faeser vor\u00fcbergehende Kontrollen an allen deutschen Landgrenzen [&hellip;]<\/p>\n","protected":false},"author":3,"featured_media":68556,"comment_status":"open","ping_status":"open","sticky":false,"template":"","format":"standard","meta":{"_yoast_indexnow_last_ping":["1725896502"],"wp_automatic_camp":["217"],"5ee2dab3fbfedf0054d0d8827eb66ed5":["Streit um Grenzkontrollen: \u00d6sterreich will abgewiesene Migranten nicht von Deutschland zur\u00fccknehmen"],"original_link":["https:\/\/de.rt.com\/europa\/218574-streit-um-grenzkontrollen-oesterreich-will\/"],"_thumbnail_id":["68556"],"_wptgpro_p2tg_sent2tg":["a:1:{i:23737;s:19:\"2024-09-09 17:42:44\";}"],"jnews_social_counter_last_update":["1777646589"]},"categories":[19,23],"tags":[58390,179,33596,14789,800,7290,8148,50,49570],"yoast_head":"<!-- This site is optimized with the Yoast SEO Premium plugin v22.7 (Yoast SEO v22.7) - https:\/\/yoast.com\/wordpress\/plugins\/seo\/ -->\n<title>Streit um Grenzkontrollen: \u00d6sterreich will abgewiesene Migranten nicht von Deutschland zur\u00fccknehmen - just-now.NEWS Deutschland<\/title>\n<meta name=\"robots\" content=\"index, follow, max-snippet:-1, max-image-preview:large, max-video-preview:-1\" \/>\n<link rel=\"canonical\" href=\"https:\/\/now-news.de\/de\/deutschland\/streit-um-grenzkontrollen-oesterreich-will-abgewiesene-migranten-nicht-von-deutschland-zuruecknehmen\/\" \/>\n<meta property=\"og:locale\" content=\"de_DE\" \/>\n<meta property=\"og:type\" content=\"article\" \/>\n<meta property=\"og:title\" content=\"Streit um Grenzkontrollen: \u00d6sterreich will abgewiesene Migranten nicht von Deutschland zur\u00fccknehmen\" \/>\n<meta property=\"og:description\" content=\"Bundesinnenministerin Nancy Faeser ist mit der Anordnung zur Einf\u00fchrung von Kontrollen an allen deutschen Landgrenzen der Forderung der Union nachgekommen. Mit der Ma\u00dfnahme soll die Zahl irregul\u00e4rer Einreisen deutlich reduziert werden. Doch \u00d6sterreich k\u00f6nnte sich dabei querstellen. Um die Zahl irregul\u00e4rer Einreisen nach Deutschland einzud\u00e4mmen, hat Bundesinnenministerin Nancy Faeser vor\u00fcbergehende Kontrollen an allen deutschen Landgrenzen [&hellip;]\" \/>\n<meta property=\"og:url\" content=\"https:\/\/now-news.de\/de\/deutschland\/streit-um-grenzkontrollen-oesterreich-will-abgewiesene-migranten-nicht-von-deutschland-zuruecknehmen\/\" \/>\n<meta property=\"og:site_name\" content=\"just-now.NEWS Deutschland\" \/>\n<meta property=\"article:publisher\" content=\"https:\/\/www.facebook.com\/wirmachenauf\" \/>\n<meta property=\"article:published_time\" content=\"2024-09-09T15:36:53+00:00\" \/>\n<meta property=\"og:image\" content=\"https:\/\/now-news.de\/de\/wp-content\/uploads\/sites\/3\/2024\/09\/66df0aeeb480cc631c2edddf.jpg\" \/>\n<meta name=\"author\" content=\"rtnews\" \/>\n<meta name=\"twitter:card\" content=\"summary_large_image\" \/>\n<meta name=\"twitter:creator\" content=\"@WirMachenAuf_de\" \/>\n<meta name=\"twitter:site\" content=\"@WirMachenAuf_de\" \/>\n<meta name=\"twitter:label1\" content=\"Verfasst von\" \/>\n\t<meta name=\"twitter:data1\" content=\"rtnews\" \/>\n\t<meta name=\"twitter:label2\" content=\"Gesch\u00e4tzte Lesezeit\" \/>\n\t<meta name=\"twitter:data2\" content=\"2\u00a0Minuten\" \/>\n<script type=\"application\/ld+json\" class=\"yoast-schema-graph\">{\"@context\":\"https:\/\/schema.org\",\"@graph\":[{\"@type\":\"Article\",\"@id\":\"https:\/\/now-news.de\/de\/deutschland\/streit-um-grenzkontrollen-oesterreich-will-abgewiesene-migranten-nicht-von-deutschland-zuruecknehmen\/#article\",\"isPartOf\":{\"@id\":\"https:\/\/now-news.de\/de\/deutschland\/streit-um-grenzkontrollen-oesterreich-will-abgewiesene-migranten-nicht-von-deutschland-zuruecknehmen\/\"},\"author\":{\"name\":\"rtnews\",\"@id\":\"https:\/\/now-news.de\/de\/#\/schema\/person\/fb534a4e865501d8b3285208df34a9b5\"},\"headline\":\"Streit um Grenzkontrollen: \u00d6sterreich will abgewiesene Migranten nicht von Deutschland zur\u00fccknehmen\",\"datePublished\":\"2024-09-09T15:36:53+00:00\",\"dateModified\":\"2024-09-09T15:36:53+00:00\",\"mainEntityOfPage\":{\"@id\":\"https:\/\/now-news.de\/de\/deutschland\/streit-um-grenzkontrollen-oesterreich-will-abgewiesene-migranten-nicht-von-deutschland-zuruecknehmen\/\"},\"wordCount\":474,\"commentCount\":0,\"publisher\":{\"@id\":\"https:\/\/now-news.de\/de\/#organization\"},\"image\":{\"@id\":\"https:\/\/now-news.de\/de\/deutschland\/streit-um-grenzkontrollen-oesterreich-will-abgewiesene-migranten-nicht-von-deutschland-zuruecknehmen\/#primaryimage\"},\"thumbnailUrl\":\"https:\/\/now-news.de\/de\/wp-content\/uploads\/sites\/3\/2024\/09\/Streit-um-Grenzkontrollen-Oesterreich-will-abgewiesene-Migranten-nicht-von-Deutschland.jpg\",\"keywords\":[\"abgewiesene\",\"Deutschland\",\"Grenzkontrollen\",\"Migranten\",\"nicht\",\"\u00d6sterreich\",\"Streit\",\"von\",\"zur\u00fccknehmen\"],\"articleSection\":[\"Deutschland\",\"Russland\"],\"inLanguage\":\"de\",\"potentialAction\":[{\"@type\":\"CommentAction\",\"name\":\"Comment\",\"target\":[\"https:\/\/now-news.de\/de\/deutschland\/streit-um-grenzkontrollen-oesterreich-will-abgewiesene-migranten-nicht-von-deutschland-zuruecknehmen\/#respond\"]}]},{\"@type\":\"WebPage\",\"@id\":\"https:\/\/now-news.de\/de\/deutschland\/streit-um-grenzkontrollen-oesterreich-will-abgewiesene-migranten-nicht-von-deutschland-zuruecknehmen\/\",\"url\":\"https:\/\/now-news.de\/de\/deutschland\/streit-um-grenzkontrollen-oesterreich-will-abgewiesene-migranten-nicht-von-deutschland-zuruecknehmen\/\",\"name\":\"Streit um Grenzkontrollen: \u00d6sterreich will abgewiesene Migranten nicht von Deutschland zur\u00fccknehmen - just-now.NEWS Deutschland\",\"isPartOf\":{\"@id\":\"https:\/\/now-news.de\/de\/#website\"},\"primaryImageOfPage\":{\"@id\":\"https:\/\/now-news.de\/de\/deutschland\/streit-um-grenzkontrollen-oesterreich-will-abgewiesene-migranten-nicht-von-deutschland-zuruecknehmen\/#primaryimage\"},\"image\":{\"@id\":\"https:\/\/now-news.de\/de\/deutschland\/streit-um-grenzkontrollen-oesterreich-will-abgewiesene-migranten-nicht-von-deutschland-zuruecknehmen\/#primaryimage\"},\"thumbnailUrl\":\"https:\/\/now-news.de\/de\/wp-content\/uploads\/sites\/3\/2024\/09\/Streit-um-Grenzkontrollen-Oesterreich-will-abgewiesene-Migranten-nicht-von-Deutschland.jpg\",\"datePublished\":\"2024-09-09T15:36:53+00:00\",\"dateModified\":\"2024-09-09T15:36:53+00:00\",\"breadcrumb\":{\"@id\":\"https:\/\/now-news.de\/de\/deutschland\/streit-um-grenzkontrollen-oesterreich-will-abgewiesene-migranten-nicht-von-deutschland-zuruecknehmen\/#breadcrumb\"},\"inLanguage\":\"de\",\"potentialAction\":[{\"@type\":\"ReadAction\",\"target\":[\"https:\/\/now-news.de\/de\/deutschland\/streit-um-grenzkontrollen-oesterreich-will-abgewiesene-migranten-nicht-von-deutschland-zuruecknehmen\/\"]}]},{\"@type\":\"ImageObject\",\"inLanguage\":\"de\",\"@id\":\"https:\/\/now-news.de\/de\/deutschland\/streit-um-grenzkontrollen-oesterreich-will-abgewiesene-migranten-nicht-von-deutschland-zuruecknehmen\/#primaryimage\",\"url\":\"https:\/\/now-news.de\/de\/wp-content\/uploads\/sites\/3\/2024\/09\/Streit-um-Grenzkontrollen-Oesterreich-will-abgewiesene-Migranten-nicht-von-Deutschland.jpg\",\"contentUrl\":\"https:\/\/now-news.de\/de\/wp-content\/uploads\/sites\/3\/2024\/09\/Streit-um-Grenzkontrollen-Oesterreich-will-abgewiesene-Migranten-nicht-von-Deutschland.jpg\",\"width\":460,\"height\":259,\"caption\":\"Streit um Grenzkontrollen: \u00d6sterreich will abgewiesene Migranten nicht von Deutschland zur\u00fccknehmen\"},{\"@type\":\"BreadcrumbList\",\"@id\":\"https:\/\/now-news.de\/de\/deutschland\/streit-um-grenzkontrollen-oesterreich-will-abgewiesene-migranten-nicht-von-deutschland-zuruecknehmen\/#breadcrumb\",\"itemListElement\":[{\"@type\":\"ListItem\",\"position\":1,\"name\":\"Home\",\"item\":\"https:\/\/now-news.de\/de\/\"},{\"@type\":\"ListItem\",\"position\":2,\"name\":\"Streit um Grenzkontrollen: \u00d6sterreich will abgewiesene Migranten nicht von Deutschland zur\u00fccknehmen\"}]},{\"@type\":\"WebSite\",\"@id\":\"https:\/\/now-news.de\/de\/#website\",\"url\":\"https:\/\/now-news.de\/de\/\",\"name\":\"just-now.NEWS Deutschland\",\"description\":\"Das Portal f\u00fcr unzensierte Nachrichten aus der Welt\",\"publisher\":{\"@id\":\"https:\/\/now-news.de\/de\/#organization\"},\"potentialAction\":[{\"@type\":\"SearchAction\",\"target\":{\"@type\":\"EntryPoint\",\"urlTemplate\":\"https:\/\/now-news.de\/de\/?s={search_term_string}\"},\"query-input\":\"required name=search_term_string\"}],\"inLanguage\":\"de\"},{\"@type\":\"Organization\",\"@id\":\"https:\/\/now-news.de\/de\/#organization\",\"name\":\"Just Now News\",\"url\":\"https:\/\/now-news.de\/de\/\",\"logo\":{\"@type\":\"ImageObject\",\"inLanguage\":\"de\",\"@id\":\"https:\/\/now-news.de\/de\/#\/schema\/logo\/image\/\",\"url\":\"http:\/\/just-now.news\/de\/wp-content\/uploads\/sites\/3\/2022\/04\/logo500x500.jpg\",\"contentUrl\":\"http:\/\/just-now.news\/de\/wp-content\/uploads\/sites\/3\/2022\/04\/logo500x500.jpg\",\"width\":500,\"height\":500,\"caption\":\"Just Now News\"},\"image\":{\"@id\":\"https:\/\/now-news.de\/de\/#\/schema\/logo\/image\/\"},\"sameAs\":[\"https:\/\/www.facebook.com\/wirmachenauf\",\"https:\/\/x.com\/WirMachenAuf_de\"]},{\"@type\":\"Person\",\"@id\":\"https:\/\/now-news.de\/de\/#\/schema\/person\/fb534a4e865501d8b3285208df34a9b5\",\"name\":\"rtnews\",\"image\":{\"@type\":\"ImageObject\",\"inLanguage\":\"de\",\"@id\":\"https:\/\/now-news.de\/de\/#\/schema\/person\/image\/\",\"url\":\"https:\/\/secure.gravatar.com\/avatar\/82aafea7d8127119dd649515f56e2117?s=96&d=mm&r=g\",\"contentUrl\":\"https:\/\/secure.gravatar.com\/avatar\/82aafea7d8127119dd649515f56e2117?s=96&d=mm&r=g\",\"caption\":\"rtnews\"},\"url\":\"https:\/\/now-news.de\/de\/author\/rnews\/\"}]}<\/script>\n<!-- \/ Yoast SEO Premium plugin. -->","yoast_head_json":{"title":"Streit um Grenzkontrollen: \u00d6sterreich will abgewiesene Migranten nicht von Deutschland zur\u00fccknehmen - just-now.NEWS Deutschland","robots":{"index":"index","follow":"follow","max-snippet":"max-snippet:-1","max-image-preview":"max-image-preview:large","max-video-preview":"max-video-preview:-1"},"canonical":"https:\/\/now-news.de\/de\/deutschland\/streit-um-grenzkontrollen-oesterreich-will-abgewiesene-migranten-nicht-von-deutschland-zuruecknehmen\/","og_locale":"de_DE","og_type":"article","og_title":"Streit um Grenzkontrollen: \u00d6sterreich will abgewiesene Migranten nicht von Deutschland zur\u00fccknehmen","og_description":"Bundesinnenministerin Nancy Faeser ist mit der Anordnung zur Einf\u00fchrung von Kontrollen an allen deutschen Landgrenzen der Forderung der Union nachgekommen. Mit der Ma\u00dfnahme soll die Zahl irregul\u00e4rer Einreisen deutlich reduziert werden. Doch \u00d6sterreich k\u00f6nnte sich dabei querstellen. Um die Zahl irregul\u00e4rer Einreisen nach Deutschland einzud\u00e4mmen, hat Bundesinnenministerin Nancy Faeser vor\u00fcbergehende Kontrollen an allen deutschen Landgrenzen [&hellip;]","og_url":"https:\/\/now-news.de\/de\/deutschland\/streit-um-grenzkontrollen-oesterreich-will-abgewiesene-migranten-nicht-von-deutschland-zuruecknehmen\/","og_site_name":"just-now.NEWS Deutschland","article_publisher":"https:\/\/www.facebook.com\/wirmachenauf","article_published_time":"2024-09-09T15:36:53+00:00","og_image":[{"url":"https:\/\/now-news.de\/de\/wp-content\/uploads\/sites\/3\/2024\/09\/66df0aeeb480cc631c2edddf.jpg"}],"author":"rtnews","twitter_card":"summary_large_image","twitter_creator":"@WirMachenAuf_de","twitter_site":"@WirMachenAuf_de","twitter_misc":{"Verfasst von":"rtnews","Gesch\u00e4tzte Lesezeit":"2\u00a0Minuten"},"schema":{"@context":"https:\/\/schema.org","@graph":[{"@type":"Article","@id":"https:\/\/now-news.de\/de\/deutschland\/streit-um-grenzkontrollen-oesterreich-will-abgewiesene-migranten-nicht-von-deutschland-zuruecknehmen\/#article","isPartOf":{"@id":"https:\/\/now-news.de\/de\/deutschland\/streit-um-grenzkontrollen-oesterreich-will-abgewiesene-migranten-nicht-von-deutschland-zuruecknehmen\/"},"author":{"name":"rtnews","@id":"https:\/\/now-news.de\/de\/#\/schema\/person\/fb534a4e865501d8b3285208df34a9b5"},"headline":"Streit um Grenzkontrollen: \u00d6sterreich will abgewiesene Migranten nicht von Deutschland zur\u00fccknehmen","datePublished":"2024-09-09T15:36:53+00:00","dateModified":"2024-09-09T15:36:53+00:00","mainEntityOfPage":{"@id":"https:\/\/now-news.de\/de\/deutschland\/streit-um-grenzkontrollen-oesterreich-will-abgewiesene-migranten-nicht-von-deutschland-zuruecknehmen\/"},"wordCount":474,"commentCount":0,"publisher":{"@id":"https:\/\/now-news.de\/de\/#organization"},"image":{"@id":"https:\/\/now-news.de\/de\/deutschland\/streit-um-grenzkontrollen-oesterreich-will-abgewiesene-migranten-nicht-von-deutschland-zuruecknehmen\/#primaryimage"},"thumbnailUrl":"https:\/\/now-news.de\/de\/wp-content\/uploads\/sites\/3\/2024\/09\/Streit-um-Grenzkontrollen-Oesterreich-will-abgewiesene-Migranten-nicht-von-Deutschland.jpg","keywords":["abgewiesene","Deutschland","Grenzkontrollen","Migranten","nicht","\u00d6sterreich","Streit","von","zur\u00fccknehmen"],"articleSection":["Deutschland","Russland"],"inLanguage":"de","potentialAction":[{"@type":"CommentAction","name":"Comment","target":["https:\/\/now-news.de\/de\/deutschland\/streit-um-grenzkontrollen-oesterreich-will-abgewiesene-migranten-nicht-von-deutschland-zuruecknehmen\/#respond"]}]},{"@type":"WebPage","@id":"https:\/\/now-news.de\/de\/deutschland\/streit-um-grenzkontrollen-oesterreich-will-abgewiesene-migranten-nicht-von-deutschland-zuruecknehmen\/","url":"https:\/\/now-news.de\/de\/deutschland\/streit-um-grenzkontrollen-oesterreich-will-abgewiesene-migranten-nicht-von-deutschland-zuruecknehmen\/","name":"Streit um Grenzkontrollen: \u00d6sterreich will abgewiesene Migranten nicht von Deutschland zur\u00fccknehmen - just-now.NEWS Deutschland","isPartOf":{"@id":"https:\/\/now-news.de\/de\/#website"},"primaryImageOfPage":{"@id":"https:\/\/now-news.de\/de\/deutschland\/streit-um-grenzkontrollen-oesterreich-will-abgewiesene-migranten-nicht-von-deutschland-zuruecknehmen\/#primaryimage"},"image":{"@id":"https:\/\/now-news.de\/de\/deutschland\/streit-um-grenzkontrollen-oesterreich-will-abgewiesene-migranten-nicht-von-deutschland-zuruecknehmen\/#primaryimage"},"thumbnailUrl":"https:\/\/now-news.de\/de\/wp-content\/uploads\/sites\/3\/2024\/09\/Streit-um-Grenzkontrollen-Oesterreich-will-abgewiesene-Migranten-nicht-von-Deutschland.jpg","datePublished":"2024-09-09T15:36:53+00:00","dateModified":"2024-09-09T15:36:53+00:00","breadcrumb":{"@id":"https:\/\/now-news.de\/de\/deutschland\/streit-um-grenzkontrollen-oesterreich-will-abgewiesene-migranten-nicht-von-deutschland-zuruecknehmen\/#breadcrumb"},"inLanguage":"de","potentialAction":[{"@type":"ReadAction","target":["https:\/\/now-news.de\/de\/deutschland\/streit-um-grenzkontrollen-oesterreich-will-abgewiesene-migranten-nicht-von-deutschland-zuruecknehmen\/"]}]},{"@type":"ImageObject","inLanguage":"de","@id":"https:\/\/now-news.de\/de\/deutschland\/streit-um-grenzkontrollen-oesterreich-will-abgewiesene-migranten-nicht-von-deutschland-zuruecknehmen\/#primaryimage","url":"https:\/\/now-news.de\/de\/wp-content\/uploads\/sites\/3\/2024\/09\/Streit-um-Grenzkontrollen-Oesterreich-will-abgewiesene-Migranten-nicht-von-Deutschland.jpg","contentUrl":"https:\/\/now-news.de\/de\/wp-content\/uploads\/sites\/3\/2024\/09\/Streit-um-Grenzkontrollen-Oesterreich-will-abgewiesene-Migranten-nicht-von-Deutschland.jpg","width":460,"height":259,"caption":"Streit um Grenzkontrollen: \u00d6sterreich will abgewiesene Migranten nicht von Deutschland zur\u00fccknehmen"},{"@type":"BreadcrumbList","@id":"https:\/\/now-news.de\/de\/deutschland\/streit-um-grenzkontrollen-oesterreich-will-abgewiesene-migranten-nicht-von-deutschland-zuruecknehmen\/#breadcrumb","itemListElement":[{"@type":"ListItem","position":1,"name":"Home","item":"https:\/\/now-news.de\/de\/"},{"@type":"ListItem","position":2,"name":"Streit um Grenzkontrollen: \u00d6sterreich will abgewiesene Migranten nicht von Deutschland zur\u00fccknehmen"}]},{"@type":"WebSite","@id":"https:\/\/now-news.de\/de\/#website","url":"https:\/\/now-news.de\/de\/","name":"just-now.NEWS Deutschland","description":"Das Portal f\u00fcr unzensierte Nachrichten aus der Welt","publisher":{"@id":"https:\/\/now-news.de\/de\/#organization"},"potentialAction":[{"@type":"SearchAction","target":{"@type":"EntryPoint","urlTemplate":"https:\/\/now-news.de\/de\/?s={search_term_string}"},"query-input":"required name=search_term_string"}],"inLanguage":"de"},{"@type":"Organization","@id":"https:\/\/now-news.de\/de\/#organization","name":"Just Now News","url":"https:\/\/now-news.de\/de\/","logo":{"@type":"ImageObject","inLanguage":"de","@id":"https:\/\/now-news.de\/de\/#\/schema\/logo\/image\/","url":"http:\/\/just-now.news\/de\/wp-content\/uploads\/sites\/3\/2022\/04\/logo500x500.jpg","contentUrl":"http:\/\/just-now.news\/de\/wp-content\/uploads\/sites\/3\/2022\/04\/logo500x500.jpg","width":500,"height":500,"caption":"Just Now News"},"image":{"@id":"https:\/\/now-news.de\/de\/#\/schema\/logo\/image\/"},"sameAs":["https:\/\/www.facebook.com\/wirmachenauf","https:\/\/x.com\/WirMachenAuf_de"]},{"@type":"Person","@id":"https:\/\/now-news.de\/de\/#\/schema\/person\/fb534a4e865501d8b3285208df34a9b5","name":"rtnews","image":{"@type":"ImageObject","inLanguage":"de","@id":"https:\/\/now-news.de\/de\/#\/schema\/person\/image\/","url":"https:\/\/secure.gravatar.com\/avatar\/82aafea7d8127119dd649515f56e2117?s=96&d=mm&r=g","contentUrl":"https:\/\/secure.gravatar.com\/avatar\/82aafea7d8127119dd649515f56e2117?s=96&d=mm&r=g","caption":"rtnews"},"url":"https:\/\/now-news.de\/de\/author\/rnews\/"}]}},"_links":{"self":[{"href":"https:\/\/now-news.de\/de\/wp-json\/wp\/v2\/posts\/68555"}],"collection":[{"href":"https:\/\/now-news.de\/de\/wp-json\/wp\/v2\/posts"}],"about":[{"href":"https:\/\/now-news.de\/de\/wp-json\/wp\/v2\/types\/post"}],"author":[{"embeddable":true,"href":"https:\/\/now-news.de\/de\/wp-json\/wp\/v2\/users\/3"}],"replies":[{"embeddable":true,"href":"https:\/\/now-news.de\/de\/wp-json\/wp\/v2\/comments?post=68555"}],"version-history":[{"count":0,"href":"https:\/\/now-news.de\/de\/wp-json\/wp\/v2\/posts\/68555\/revisions"}],"wp:featuredmedia":[{"embeddable":true,"href":"https:\/\/now-news.de\/de\/wp-json\/wp\/v2\/media\/68556"}],"wp:attachment":[{"href":"https:\/\/now-news.de\/de\/wp-json\/wp\/v2\/media?parent=68555"}],"wp:term":[{"taxonomy":"category","embeddable":true,"href":"https:\/\/now-news.de\/de\/wp-json\/wp\/v2\/categories?post=68555"},{"taxonomy":"post_tag","embeddable":true,"href":"https:\/\/now-news.de\/de\/wp-json\/wp\/v2\/tags?post=68555"}],"curies":[{"name":"wp","href":"https:\/\/api.w.org\/{rel}","templated":true}]}}