{"id":68542,"date":"2024-09-09T15:27:03","date_gmt":"2024-09-09T13:27:03","guid":{"rendered":"https:\/\/now-news.de\/de\/deutschland\/minsk-staerkt-grenze-zur-ukraine-vorbeugung-eines-ueberraschungsangriffs\/"},"modified":"2024-09-09T15:27:03","modified_gmt":"2024-09-09T13:27:03","slug":"minsk-staerkt-grenze-zur-ukraine-vorbeugung-eines-ueberraschungsangriffs","status":"publish","type":"post","link":"https:\/\/now-news.de\/de\/deutschland\/minsk-staerkt-grenze-zur-ukraine-vorbeugung-eines-ueberraschungsangriffs\/","title":{"rendered":"Minsk st\u00e4rkt Grenze zur Ukraine \u2013 &quot;Vorbeugung eines \u00dcberraschungsangriffs&quot;"},"content":{"rendered":"<p><img decoding=\"async\" src=\"https:\/\/now-news.de\/de\/wp-content\/uploads\/sites\/3\/2024\/09\/66dedaf048fbef35b41e1574.jpg\" \/><\/p>\n<div class=\"Text-root Text-type_1 \">\n                Wei\u00dfrussisches Milit\u00e4r verst\u00e4rkt im S\u00fcden des Landes die Grenze zur Ukraine, gibt der wei\u00dfrussische Sicherheitsrat bekannt. Grund seien st\u00e4ndige Provokationen vonseiten der Ukraine, aber auch Polens und der baltischen Staaten.\n            <\/div>\n<p><\/p>\n<div class=\"Text-root Text-type_5 ArticleView-text ViewText-root \">\n<p>Alexander Wolfowitsch, ein Staatssekret\u00e4r im wei\u00dfrussischen Sicherheitsrat, \u00e4u\u00dfert sich einem Interview zu der Lage in Osteuropa. In dem Zusammenhang kritisiert er die destruktiven Aktivit\u00e4ten des kollektiven Westens, die auf eine weitere Militarisierung des europ\u00e4ischen Kontinents abzielten. Es gehe unter anderem darum, dass die milit\u00e4rische Infrastruktur der NATO immer n\u00e4her an die wei\u00dfrussisch-russischen Grenzen vorr\u00fccke, <a rel=\"nofollow noopener\" target=\"_blank\" href=\"https:\/\/oborona.ru\/product\/zhurnal-nacionalnaya-oborona\/aleksandr-volfovich-poyavlenie-novyh-vyzovov-i-ugroz-tolko-ukreplyaet-strategicheskoe-partnerstvo-belarusi-i-rossii-46194.shtml\">stellt<\/a> er er in einem Gespr\u00e4ch mit der Zeitschrift <em>Nazionalnaja Oborona<\/em> fest. Und weiter:<\/p>\n<blockquote>\n<p><em>&#8220;Heute sind Washington und Br\u00fcssel bereit, alle verf\u00fcgbaren Ressourcen f\u00fcr ihre Vorherrschaft in Richtung Osten einzusetzen.&#8221;<\/em><\/p>\n<\/blockquote>\n<p>Zugleich spricht der Sicherheitsbeamte von einer neuen Entwicklung, w\u00f6rtlich von st\u00e4ndigen Provokationen und verschiedenen Arten von Vorf\u00e4llen vor allem an der wei\u00dfrussischen Staatsgrenze sowie an der Grenze des Unionsstaates Wei\u00dfrussland-Russland.<\/p>\n<blockquote>\n<p><em>&#8220;Sie kommen am h\u00e4ufigsten von der ukrainischen Seite sowie aus dem Staatsgebiet Polens und der baltischen L\u00e4nder.&#8221;<\/em><\/p>\n<\/blockquote>\n<p>Eines der j\u00fcngsten und auff\u00e4lligsten Beispiele sei das Eindringen ukrainischer Drohnen in das Hoheitsgebiets Wei\u00dfrusslands, f\u00fcgt Wolfowitsch hinzu. Diese seien von der Flugabwehr erfolgreich abgeschossen worden. Weitere Luftziele habe die russische Luftverteidigung begleitet und anschlie\u00dfend zerst\u00f6rt. Um angemessen auf die aktuelle Situation reagieren zu k\u00f6nnen, habe das wei\u00dfrussische Milit\u00e4r im Auftrag des Oberbefehlshabers Alexander Lukaschenko die Sicherheit und Verteidigung der Staatsgrenze im S\u00fcden des Landes gest\u00e4rkt, betont der Staatssekret\u00e4r. Unter anderem seien dort zus\u00e4tzliche Formationen und Milit\u00e4reinheiten verschiedener Truppenarten aufgestellt worden.<\/p>\n<blockquote>\n<p><em>&#8220;Sie bezogen Stellungen in potenziellen Kampfgebieten und ergreifen Ma\u00dfnahmen zur Verbesserung der Verteidigungslinien, vor allem in technischer Hinsicht, um die M\u00f6glichkeit eines \u00dcberraschungsangriffs, darunter mit Einsatz schwerer milit\u00e4rischer Ausr\u00fcstung, so weit wie m\u00f6glich auszuschlie\u00dfen.&#8221;<\/em><\/p>\n<\/blockquote>\n<p>Dabei werde ein besonderes Augenmerk auf den Aufbau eines wirksamen Systems zur Abwehr von Drohnenangriffen und Sabotageakten gelegt, erl\u00e4utert Wolfowitsch. Des Weiteren betont er, dass heutzutage kein Staat allein in der Lage sei, neue Herausforderungen und Bedrohungen zu bew\u00e4ltigen, zumal diese sich st\u00e4ndig \u00e4ndern und zunehmend transnationaler Natur w\u00fcrden. &#8220;Das ist ein Axiom&#8221;, meint Wolfowitsch. In diesem Zusammenhang strebe Wei\u00dfrussland an, seine Kooperation vor allem im Rahmen des Unionsstaates, der Organisation des Vertrags \u00fcber kollektive Sicherheit\u00a0(OVKS), der Gemeinschaft Unabh\u00e4ngiger Staaten (GUS), der Schanghaier Organisation f\u00fcr Zusammenarbeit (SOZ) und der BRICS-Gruppe zu entwickeln.<\/p>\n<p><strong>Mehr zum Thema<\/strong> &#8211; <a rel=\"nofollow noopener\" target=\"_blank\" href=\"https:\/\/freedert.online\/international\/218229-gus-laender-ueben-sich-in\/\">GUS-L\u00e4nder \u00fcben Bek\u00e4mpfung des grenz\u00fcberschreitenden Terrorismus<\/a><\/p>\n<div class=\"EmbedBlock-root EmbedBlock-externalVideo EmbedBlock-rumble\">\n<div class=\"VkEmbed\"><iframe class=\"lazyload\" data-src=\"https:\/\/rumble.com\/embed\/v5bxaoi\" frameborder=\"0\" width=\"853\" height=\"480\" allowfullscreen><\/iframe><\/div>\n<\/div>\n<\/div>\n<p><br \/>\n<br \/><a href=\"https:\/\/de.rt.com\/international\/218545-minsk-staerkt-staatsgrenze-zur-ukraine\/\">Source link <\/a><\/p>\n","protected":false},"excerpt":{"rendered":"<p>Wei\u00dfrussisches Milit\u00e4r verst\u00e4rkt im S\u00fcden des Landes die Grenze zur Ukraine, gibt der wei\u00dfrussische Sicherheitsrat bekannt. Grund seien st\u00e4ndige Provokationen vonseiten der Ukraine, aber auch Polens und der baltischen Staaten. Alexander Wolfowitsch, ein Staatssekret\u00e4r im wei\u00dfrussischen Sicherheitsrat, \u00e4u\u00dfert sich einem Interview zu der Lage in Osteuropa. In dem Zusammenhang kritisiert er die destruktiven Aktivit\u00e4ten des [&hellip;]<\/p>\n","protected":false},"author":3,"featured_media":68543,"comment_status":"open","ping_status":"open","sticky":false,"template":"","format":"standard","meta":{"_yoast_indexnow_last_ping":["1725888821"],"wp_automatic_camp":["217"],"2f5ad0dca646bc06d37669cd43662f8f":["Minsk st\u00e4rkt Grenze zur Ukraine \u2013 &quot;Vorbeugung eines \u00dcberraschungsangriffs&quot;"],"original_link":["https:\/\/de.rt.com\/international\/218545-minsk-staerkt-staatsgrenze-zur-ukraine\/"],"_thumbnail_id":["68543"],"jnews_social_counter_last_update":["1777330581"],"_wptgpro_p2tg_sent2tg":["a:1:{i:23737;s:19:\"2024-09-09 15:34:45\";}"]},"categories":[19,23],"tags":[2111,366,19008,58383,22909,58384,127,581],"yoast_head":"<!-- This site is optimized with the Yoast SEO Premium plugin v22.7 (Yoast SEO v22.7) - https:\/\/yoast.com\/wordpress\/plugins\/seo\/ -->\n<title>Minsk st\u00e4rkt Grenze zur Ukraine \u2013 &quot;Vorbeugung eines \u00dcberraschungsangriffs&quot; - just-now.NEWS Deutschland<\/title>\n<meta name=\"robots\" content=\"index, follow, max-snippet:-1, max-image-preview:large, max-video-preview:-1\" \/>\n<link rel=\"canonical\" href=\"https:\/\/now-news.de\/de\/deutschland\/minsk-staerkt-grenze-zur-ukraine-vorbeugung-eines-ueberraschungsangriffs\/\" \/>\n<meta property=\"og:locale\" content=\"de_DE\" \/>\n<meta property=\"og:type\" content=\"article\" \/>\n<meta property=\"og:title\" content=\"Minsk st\u00e4rkt Grenze zur Ukraine \u2013 &quot;Vorbeugung eines \u00dcberraschungsangriffs&quot;\" \/>\n<meta property=\"og:description\" content=\"Wei\u00dfrussisches Milit\u00e4r verst\u00e4rkt im S\u00fcden des Landes die Grenze zur Ukraine, gibt der wei\u00dfrussische Sicherheitsrat bekannt. Grund seien st\u00e4ndige Provokationen vonseiten der Ukraine, aber auch Polens und der baltischen Staaten. Alexander Wolfowitsch, ein Staatssekret\u00e4r im wei\u00dfrussischen Sicherheitsrat, \u00e4u\u00dfert sich einem Interview zu der Lage in Osteuropa. In dem Zusammenhang kritisiert er die destruktiven Aktivit\u00e4ten des [&hellip;]\" \/>\n<meta property=\"og:url\" content=\"https:\/\/now-news.de\/de\/deutschland\/minsk-staerkt-grenze-zur-ukraine-vorbeugung-eines-ueberraschungsangriffs\/\" \/>\n<meta property=\"og:site_name\" content=\"just-now.NEWS Deutschland\" \/>\n<meta property=\"article:publisher\" content=\"https:\/\/www.facebook.com\/wirmachenauf\" \/>\n<meta property=\"article:published_time\" content=\"2024-09-09T13:27:03+00:00\" \/>\n<meta property=\"og:image\" content=\"https:\/\/now-news.de\/de\/wp-content\/uploads\/sites\/3\/2024\/09\/66dedaf048fbef35b41e1574.jpg\" \/>\n<meta name=\"author\" content=\"rtnews\" \/>\n<meta name=\"twitter:card\" content=\"summary_large_image\" \/>\n<meta name=\"twitter:creator\" content=\"@WirMachenAuf_de\" \/>\n<meta name=\"twitter:site\" content=\"@WirMachenAuf_de\" \/>\n<meta name=\"twitter:label1\" content=\"Verfasst von\" \/>\n\t<meta name=\"twitter:data1\" content=\"rtnews\" \/>\n\t<meta name=\"twitter:label2\" content=\"Gesch\u00e4tzte Lesezeit\" \/>\n\t<meta name=\"twitter:data2\" content=\"2\u00a0Minuten\" \/>\n<script type=\"application\/ld+json\" class=\"yoast-schema-graph\">{\"@context\":\"https:\/\/schema.org\",\"@graph\":[{\"@type\":\"Article\",\"@id\":\"https:\/\/now-news.de\/de\/deutschland\/minsk-staerkt-grenze-zur-ukraine-vorbeugung-eines-ueberraschungsangriffs\/#article\",\"isPartOf\":{\"@id\":\"https:\/\/now-news.de\/de\/deutschland\/minsk-staerkt-grenze-zur-ukraine-vorbeugung-eines-ueberraschungsangriffs\/\"},\"author\":{\"name\":\"rtnews\",\"@id\":\"https:\/\/now-news.de\/de\/#\/schema\/person\/fb534a4e865501d8b3285208df34a9b5\"},\"headline\":\"Minsk st\u00e4rkt Grenze zur Ukraine \u2013 &quot;Vorbeugung eines \u00dcberraschungsangriffs&quot;\",\"datePublished\":\"2024-09-09T13:27:03+00:00\",\"dateModified\":\"2024-09-09T13:27:03+00:00\",\"mainEntityOfPage\":{\"@id\":\"https:\/\/now-news.de\/de\/deutschland\/minsk-staerkt-grenze-zur-ukraine-vorbeugung-eines-ueberraschungsangriffs\/\"},\"wordCount\":449,\"commentCount\":0,\"publisher\":{\"@id\":\"https:\/\/now-news.de\/de\/#organization\"},\"image\":{\"@id\":\"https:\/\/now-news.de\/de\/deutschland\/minsk-staerkt-grenze-zur-ukraine-vorbeugung-eines-ueberraschungsangriffs\/#primaryimage\"},\"thumbnailUrl\":\"https:\/\/now-news.de\/de\/wp-content\/uploads\/sites\/3\/2024\/09\/Minsk-staerkt-Grenze-zur-Ukraine-\u2013-quotVorbeugung-eines-Ueberraschungsangriffsquot.jpg\",\"keywords\":[\"eines\",\"Grenze\",\"Minsk\",\"quotVorbeugung\",\"st\u00e4rkt\",\"\u00dcberraschungsangriffsquot\",\"ukraine\",\"zur\"],\"articleSection\":[\"Deutschland\",\"Russland\"],\"inLanguage\":\"de\",\"potentialAction\":[{\"@type\":\"CommentAction\",\"name\":\"Comment\",\"target\":[\"https:\/\/now-news.de\/de\/deutschland\/minsk-staerkt-grenze-zur-ukraine-vorbeugung-eines-ueberraschungsangriffs\/#respond\"]}]},{\"@type\":\"WebPage\",\"@id\":\"https:\/\/now-news.de\/de\/deutschland\/minsk-staerkt-grenze-zur-ukraine-vorbeugung-eines-ueberraschungsangriffs\/\",\"url\":\"https:\/\/now-news.de\/de\/deutschland\/minsk-staerkt-grenze-zur-ukraine-vorbeugung-eines-ueberraschungsangriffs\/\",\"name\":\"Minsk st\u00e4rkt Grenze zur Ukraine \u2013 &quot;Vorbeugung eines \u00dcberraschungsangriffs&quot; - just-now.NEWS Deutschland\",\"isPartOf\":{\"@id\":\"https:\/\/now-news.de\/de\/#website\"},\"primaryImageOfPage\":{\"@id\":\"https:\/\/now-news.de\/de\/deutschland\/minsk-staerkt-grenze-zur-ukraine-vorbeugung-eines-ueberraschungsangriffs\/#primaryimage\"},\"image\":{\"@id\":\"https:\/\/now-news.de\/de\/deutschland\/minsk-staerkt-grenze-zur-ukraine-vorbeugung-eines-ueberraschungsangriffs\/#primaryimage\"},\"thumbnailUrl\":\"https:\/\/now-news.de\/de\/wp-content\/uploads\/sites\/3\/2024\/09\/Minsk-staerkt-Grenze-zur-Ukraine-\u2013-quotVorbeugung-eines-Ueberraschungsangriffsquot.jpg\",\"datePublished\":\"2024-09-09T13:27:03+00:00\",\"dateModified\":\"2024-09-09T13:27:03+00:00\",\"breadcrumb\":{\"@id\":\"https:\/\/now-news.de\/de\/deutschland\/minsk-staerkt-grenze-zur-ukraine-vorbeugung-eines-ueberraschungsangriffs\/#breadcrumb\"},\"inLanguage\":\"de\",\"potentialAction\":[{\"@type\":\"ReadAction\",\"target\":[\"https:\/\/now-news.de\/de\/deutschland\/minsk-staerkt-grenze-zur-ukraine-vorbeugung-eines-ueberraschungsangriffs\/\"]}]},{\"@type\":\"ImageObject\",\"inLanguage\":\"de\",\"@id\":\"https:\/\/now-news.de\/de\/deutschland\/minsk-staerkt-grenze-zur-ukraine-vorbeugung-eines-ueberraschungsangriffs\/#primaryimage\",\"url\":\"https:\/\/now-news.de\/de\/wp-content\/uploads\/sites\/3\/2024\/09\/Minsk-staerkt-Grenze-zur-Ukraine-\u2013-quotVorbeugung-eines-Ueberraschungsangriffsquot.jpg\",\"contentUrl\":\"https:\/\/now-news.de\/de\/wp-content\/uploads\/sites\/3\/2024\/09\/Minsk-staerkt-Grenze-zur-Ukraine-\u2013-quotVorbeugung-eines-Ueberraschungsangriffsquot.jpg\",\"width\":460,\"height\":259,\"caption\":\"Minsk st\u00e4rkt Grenze zur Ukraine \u2013 &quot;Vorbeugung eines \u00dcberraschungsangriffs&quot;\"},{\"@type\":\"BreadcrumbList\",\"@id\":\"https:\/\/now-news.de\/de\/deutschland\/minsk-staerkt-grenze-zur-ukraine-vorbeugung-eines-ueberraschungsangriffs\/#breadcrumb\",\"itemListElement\":[{\"@type\":\"ListItem\",\"position\":1,\"name\":\"Home\",\"item\":\"https:\/\/now-news.de\/de\/\"},{\"@type\":\"ListItem\",\"position\":2,\"name\":\"Minsk st\u00e4rkt Grenze zur Ukraine \u2013 &quot;Vorbeugung eines \u00dcberraschungsangriffs&quot;\"}]},{\"@type\":\"WebSite\",\"@id\":\"https:\/\/now-news.de\/de\/#website\",\"url\":\"https:\/\/now-news.de\/de\/\",\"name\":\"just-now.NEWS Deutschland\",\"description\":\"Das Portal f\u00fcr unzensierte Nachrichten aus der Welt\",\"publisher\":{\"@id\":\"https:\/\/now-news.de\/de\/#organization\"},\"potentialAction\":[{\"@type\":\"SearchAction\",\"target\":{\"@type\":\"EntryPoint\",\"urlTemplate\":\"https:\/\/now-news.de\/de\/?s={search_term_string}\"},\"query-input\":\"required name=search_term_string\"}],\"inLanguage\":\"de\"},{\"@type\":\"Organization\",\"@id\":\"https:\/\/now-news.de\/de\/#organization\",\"name\":\"Just Now News\",\"url\":\"https:\/\/now-news.de\/de\/\",\"logo\":{\"@type\":\"ImageObject\",\"inLanguage\":\"de\",\"@id\":\"https:\/\/now-news.de\/de\/#\/schema\/logo\/image\/\",\"url\":\"http:\/\/just-now.news\/de\/wp-content\/uploads\/sites\/3\/2022\/04\/logo500x500.jpg\",\"contentUrl\":\"http:\/\/just-now.news\/de\/wp-content\/uploads\/sites\/3\/2022\/04\/logo500x500.jpg\",\"width\":500,\"height\":500,\"caption\":\"Just Now News\"},\"image\":{\"@id\":\"https:\/\/now-news.de\/de\/#\/schema\/logo\/image\/\"},\"sameAs\":[\"https:\/\/www.facebook.com\/wirmachenauf\",\"https:\/\/x.com\/WirMachenAuf_de\"]},{\"@type\":\"Person\",\"@id\":\"https:\/\/now-news.de\/de\/#\/schema\/person\/fb534a4e865501d8b3285208df34a9b5\",\"name\":\"rtnews\",\"image\":{\"@type\":\"ImageObject\",\"inLanguage\":\"de\",\"@id\":\"https:\/\/now-news.de\/de\/#\/schema\/person\/image\/\",\"url\":\"https:\/\/secure.gravatar.com\/avatar\/82aafea7d8127119dd649515f56e2117?s=96&d=mm&r=g\",\"contentUrl\":\"https:\/\/secure.gravatar.com\/avatar\/82aafea7d8127119dd649515f56e2117?s=96&d=mm&r=g\",\"caption\":\"rtnews\"},\"url\":\"https:\/\/now-news.de\/de\/author\/rnews\/\"}]}<\/script>\n<!-- \/ Yoast SEO Premium plugin. -->","yoast_head_json":{"title":"Minsk st\u00e4rkt Grenze zur Ukraine \u2013 &quot;Vorbeugung eines \u00dcberraschungsangriffs&quot; - just-now.NEWS Deutschland","robots":{"index":"index","follow":"follow","max-snippet":"max-snippet:-1","max-image-preview":"max-image-preview:large","max-video-preview":"max-video-preview:-1"},"canonical":"https:\/\/now-news.de\/de\/deutschland\/minsk-staerkt-grenze-zur-ukraine-vorbeugung-eines-ueberraschungsangriffs\/","og_locale":"de_DE","og_type":"article","og_title":"Minsk st\u00e4rkt Grenze zur Ukraine \u2013 &quot;Vorbeugung eines \u00dcberraschungsangriffs&quot;","og_description":"Wei\u00dfrussisches Milit\u00e4r verst\u00e4rkt im S\u00fcden des Landes die Grenze zur Ukraine, gibt der wei\u00dfrussische Sicherheitsrat bekannt. Grund seien st\u00e4ndige Provokationen vonseiten der Ukraine, aber auch Polens und der baltischen Staaten. Alexander Wolfowitsch, ein Staatssekret\u00e4r im wei\u00dfrussischen Sicherheitsrat, \u00e4u\u00dfert sich einem Interview zu der Lage in Osteuropa. In dem Zusammenhang kritisiert er die destruktiven Aktivit\u00e4ten des [&hellip;]","og_url":"https:\/\/now-news.de\/de\/deutschland\/minsk-staerkt-grenze-zur-ukraine-vorbeugung-eines-ueberraschungsangriffs\/","og_site_name":"just-now.NEWS Deutschland","article_publisher":"https:\/\/www.facebook.com\/wirmachenauf","article_published_time":"2024-09-09T13:27:03+00:00","og_image":[{"url":"https:\/\/now-news.de\/de\/wp-content\/uploads\/sites\/3\/2024\/09\/66dedaf048fbef35b41e1574.jpg"}],"author":"rtnews","twitter_card":"summary_large_image","twitter_creator":"@WirMachenAuf_de","twitter_site":"@WirMachenAuf_de","twitter_misc":{"Verfasst von":"rtnews","Gesch\u00e4tzte Lesezeit":"2\u00a0Minuten"},"schema":{"@context":"https:\/\/schema.org","@graph":[{"@type":"Article","@id":"https:\/\/now-news.de\/de\/deutschland\/minsk-staerkt-grenze-zur-ukraine-vorbeugung-eines-ueberraschungsangriffs\/#article","isPartOf":{"@id":"https:\/\/now-news.de\/de\/deutschland\/minsk-staerkt-grenze-zur-ukraine-vorbeugung-eines-ueberraschungsangriffs\/"},"author":{"name":"rtnews","@id":"https:\/\/now-news.de\/de\/#\/schema\/person\/fb534a4e865501d8b3285208df34a9b5"},"headline":"Minsk st\u00e4rkt Grenze zur Ukraine \u2013 &quot;Vorbeugung eines \u00dcberraschungsangriffs&quot;","datePublished":"2024-09-09T13:27:03+00:00","dateModified":"2024-09-09T13:27:03+00:00","mainEntityOfPage":{"@id":"https:\/\/now-news.de\/de\/deutschland\/minsk-staerkt-grenze-zur-ukraine-vorbeugung-eines-ueberraschungsangriffs\/"},"wordCount":449,"commentCount":0,"publisher":{"@id":"https:\/\/now-news.de\/de\/#organization"},"image":{"@id":"https:\/\/now-news.de\/de\/deutschland\/minsk-staerkt-grenze-zur-ukraine-vorbeugung-eines-ueberraschungsangriffs\/#primaryimage"},"thumbnailUrl":"https:\/\/now-news.de\/de\/wp-content\/uploads\/sites\/3\/2024\/09\/Minsk-staerkt-Grenze-zur-Ukraine-\u2013-quotVorbeugung-eines-Ueberraschungsangriffsquot.jpg","keywords":["eines","Grenze","Minsk","quotVorbeugung","st\u00e4rkt","\u00dcberraschungsangriffsquot","ukraine","zur"],"articleSection":["Deutschland","Russland"],"inLanguage":"de","potentialAction":[{"@type":"CommentAction","name":"Comment","target":["https:\/\/now-news.de\/de\/deutschland\/minsk-staerkt-grenze-zur-ukraine-vorbeugung-eines-ueberraschungsangriffs\/#respond"]}]},{"@type":"WebPage","@id":"https:\/\/now-news.de\/de\/deutschland\/minsk-staerkt-grenze-zur-ukraine-vorbeugung-eines-ueberraschungsangriffs\/","url":"https:\/\/now-news.de\/de\/deutschland\/minsk-staerkt-grenze-zur-ukraine-vorbeugung-eines-ueberraschungsangriffs\/","name":"Minsk st\u00e4rkt Grenze zur Ukraine \u2013 &quot;Vorbeugung eines \u00dcberraschungsangriffs&quot; - just-now.NEWS Deutschland","isPartOf":{"@id":"https:\/\/now-news.de\/de\/#website"},"primaryImageOfPage":{"@id":"https:\/\/now-news.de\/de\/deutschland\/minsk-staerkt-grenze-zur-ukraine-vorbeugung-eines-ueberraschungsangriffs\/#primaryimage"},"image":{"@id":"https:\/\/now-news.de\/de\/deutschland\/minsk-staerkt-grenze-zur-ukraine-vorbeugung-eines-ueberraschungsangriffs\/#primaryimage"},"thumbnailUrl":"https:\/\/now-news.de\/de\/wp-content\/uploads\/sites\/3\/2024\/09\/Minsk-staerkt-Grenze-zur-Ukraine-\u2013-quotVorbeugung-eines-Ueberraschungsangriffsquot.jpg","datePublished":"2024-09-09T13:27:03+00:00","dateModified":"2024-09-09T13:27:03+00:00","breadcrumb":{"@id":"https:\/\/now-news.de\/de\/deutschland\/minsk-staerkt-grenze-zur-ukraine-vorbeugung-eines-ueberraschungsangriffs\/#breadcrumb"},"inLanguage":"de","potentialAction":[{"@type":"ReadAction","target":["https:\/\/now-news.de\/de\/deutschland\/minsk-staerkt-grenze-zur-ukraine-vorbeugung-eines-ueberraschungsangriffs\/"]}]},{"@type":"ImageObject","inLanguage":"de","@id":"https:\/\/now-news.de\/de\/deutschland\/minsk-staerkt-grenze-zur-ukraine-vorbeugung-eines-ueberraschungsangriffs\/#primaryimage","url":"https:\/\/now-news.de\/de\/wp-content\/uploads\/sites\/3\/2024\/09\/Minsk-staerkt-Grenze-zur-Ukraine-\u2013-quotVorbeugung-eines-Ueberraschungsangriffsquot.jpg","contentUrl":"https:\/\/now-news.de\/de\/wp-content\/uploads\/sites\/3\/2024\/09\/Minsk-staerkt-Grenze-zur-Ukraine-\u2013-quotVorbeugung-eines-Ueberraschungsangriffsquot.jpg","width":460,"height":259,"caption":"Minsk st\u00e4rkt Grenze zur Ukraine \u2013 &quot;Vorbeugung eines \u00dcberraschungsangriffs&quot;"},{"@type":"BreadcrumbList","@id":"https:\/\/now-news.de\/de\/deutschland\/minsk-staerkt-grenze-zur-ukraine-vorbeugung-eines-ueberraschungsangriffs\/#breadcrumb","itemListElement":[{"@type":"ListItem","position":1,"name":"Home","item":"https:\/\/now-news.de\/de\/"},{"@type":"ListItem","position":2,"name":"Minsk st\u00e4rkt Grenze zur Ukraine \u2013 &quot;Vorbeugung eines \u00dcberraschungsangriffs&quot;"}]},{"@type":"WebSite","@id":"https:\/\/now-news.de\/de\/#website","url":"https:\/\/now-news.de\/de\/","name":"just-now.NEWS Deutschland","description":"Das Portal f\u00fcr unzensierte Nachrichten aus der Welt","publisher":{"@id":"https:\/\/now-news.de\/de\/#organization"},"potentialAction":[{"@type":"SearchAction","target":{"@type":"EntryPoint","urlTemplate":"https:\/\/now-news.de\/de\/?s={search_term_string}"},"query-input":"required name=search_term_string"}],"inLanguage":"de"},{"@type":"Organization","@id":"https:\/\/now-news.de\/de\/#organization","name":"Just Now News","url":"https:\/\/now-news.de\/de\/","logo":{"@type":"ImageObject","inLanguage":"de","@id":"https:\/\/now-news.de\/de\/#\/schema\/logo\/image\/","url":"http:\/\/just-now.news\/de\/wp-content\/uploads\/sites\/3\/2022\/04\/logo500x500.jpg","contentUrl":"http:\/\/just-now.news\/de\/wp-content\/uploads\/sites\/3\/2022\/04\/logo500x500.jpg","width":500,"height":500,"caption":"Just Now News"},"image":{"@id":"https:\/\/now-news.de\/de\/#\/schema\/logo\/image\/"},"sameAs":["https:\/\/www.facebook.com\/wirmachenauf","https:\/\/x.com\/WirMachenAuf_de"]},{"@type":"Person","@id":"https:\/\/now-news.de\/de\/#\/schema\/person\/fb534a4e865501d8b3285208df34a9b5","name":"rtnews","image":{"@type":"ImageObject","inLanguage":"de","@id":"https:\/\/now-news.de\/de\/#\/schema\/person\/image\/","url":"https:\/\/secure.gravatar.com\/avatar\/82aafea7d8127119dd649515f56e2117?s=96&d=mm&r=g","contentUrl":"https:\/\/secure.gravatar.com\/avatar\/82aafea7d8127119dd649515f56e2117?s=96&d=mm&r=g","caption":"rtnews"},"url":"https:\/\/now-news.de\/de\/author\/rnews\/"}]}},"_links":{"self":[{"href":"https:\/\/now-news.de\/de\/wp-json\/wp\/v2\/posts\/68542"}],"collection":[{"href":"https:\/\/now-news.de\/de\/wp-json\/wp\/v2\/posts"}],"about":[{"href":"https:\/\/now-news.de\/de\/wp-json\/wp\/v2\/types\/post"}],"author":[{"embeddable":true,"href":"https:\/\/now-news.de\/de\/wp-json\/wp\/v2\/users\/3"}],"replies":[{"embeddable":true,"href":"https:\/\/now-news.de\/de\/wp-json\/wp\/v2\/comments?post=68542"}],"version-history":[{"count":0,"href":"https:\/\/now-news.de\/de\/wp-json\/wp\/v2\/posts\/68542\/revisions"}],"wp:featuredmedia":[{"embeddable":true,"href":"https:\/\/now-news.de\/de\/wp-json\/wp\/v2\/media\/68543"}],"wp:attachment":[{"href":"https:\/\/now-news.de\/de\/wp-json\/wp\/v2\/media?parent=68542"}],"wp:term":[{"taxonomy":"category","embeddable":true,"href":"https:\/\/now-news.de\/de\/wp-json\/wp\/v2\/categories?post=68542"},{"taxonomy":"post_tag","embeddable":true,"href":"https:\/\/now-news.de\/de\/wp-json\/wp\/v2\/tags?post=68542"}],"curies":[{"name":"wp","href":"https:\/\/api.w.org\/{rel}","templated":true}]}}