{"id":68518,"date":"2024-09-09T09:07:20","date_gmt":"2024-09-09T07:07:20","guid":{"rendered":"https:\/\/now-news.de\/de\/deutschland\/scholz-fuer-weitere-friedenskonferenz-mit-russland-dabei\/"},"modified":"2024-09-09T09:07:20","modified_gmt":"2024-09-09T07:07:20","slug":"scholz-fuer-weitere-friedenskonferenz-mit-russland-dabei","status":"publish","type":"post","link":"https:\/\/now-news.de\/de\/deutschland\/scholz-fuer-weitere-friedenskonferenz-mit-russland-dabei\/","title":{"rendered":"Scholz f\u00fcr weitere Friedenskonferenz &#8211; &quot;mit Russland dabei&quot;"},"content":{"rendered":"<p><img decoding=\"async\" src=\"https:\/\/now-news.de\/de\/wp-content\/uploads\/sites\/3\/2024\/09\/66de84a048fbef61b71dcb45.jpeg\" \/><\/p>\n<div class=\"Text-root Text-type_1 \">\n                Bundeskanzler Olaf Scholz \u00e4u\u00dferte sich in einem ZDF-Interview zum vorgegebenen Thema des &#8220;Niedergangs der Arbeiterpartei SPD&#8221;. Zudem wurde er zum Thema Ukraine befragt, wobei er laut dem SPD-nahen RND in den Antworten &#8220;neue Bem\u00fchungen f\u00fcr einen Frieden zwischen der Ukraine und Russland zeigte&#8221;.\n            <\/div>\n<p><\/p>\n<div class=\"Text-root Text-type_5 ArticleView-text ViewText-root \">\n<p>Bundeskanzler Olaf Scholz reagierte\u00a0in einem\u00a0<em>ZDF<\/em>-Interview auf die Frage, ob er dem ukrainischen Pr\u00e4sidenten\u00a0&#8220;vertraue&#8221;, mit der Feststellung, dass er &#8220;ein gutes Verh\u00e4ltnis&#8221; zu\u00a0Wladimir Selenskij h\u00e4tte. Scholz h\u00e4tte in einem k\u00fcrzlich stattgefundenen Gespr\u00e4ch mit\u00a0Selenskij dar\u00fcber diskutiert,\u00a0&#8220;wie man in dieser Kriegssituation\u00a0doch z\u00fcgiger zu einem Frieden kommen kann&#8221;.<\/p>\n<p>In dem knapp 20-min\u00fctigen &#8220;Sommerinterview&#8221; stellte sich Bundeskanzler Olaf Scholz (SPD) den Fragen der\u00a0<em>ZDF<\/em>-Redaktion. Zum Ende des Gespr\u00e4chs stellte die Moderatorin einleitend fest, dass es &#8220;nach den j\u00fcngsten Informationen&#8221; so ausschaue, dass &#8220;die Ukraine am Anschlag auf Nord Stream beteiligt war&#8221;. Die Frage an Scholz lautete daher, ob er dem\u00a0ukrainischen Pr\u00e4sidenten\u00a0Selenskij noch &#8220;vertrauen&#8221; k\u00f6nne. Der Bundeskanzler antwortete:<\/p>\n<p><em>&#8220;Ich habe ein gutes Verh\u00e4ltnis zu Wladimir Selenskij und gleichzeitig ist f\u00fcr mich v\u00f6llig klar, dass diese Sachen aufgekl\u00e4rt werden m\u00fcssen. Ich bin froh, dass\u00a0der Generalbundesanwalt und\u00a0unsere Sicherheitsbeh\u00f6rden soweit gekommen sind, wie \u00fcberall berichtet wird. Wir stehen daf\u00fcr ein, dass nichts vertuscht und alles getan wird, um diejenigen, die das gemacht haben, zur Rechenschaft zu ziehen.&#8221;<\/em><\/p>\n<p>Die Moderatorin zeigte sich unzufrieden und fragte Scholz daher erneut, ob er\u00a0Selenskij vertrauen w\u00fcrde. Scholz erwiderte:<\/p>\n<p><em>&#8220;Ich habe ein sehr vertrauliches Gespr\u00e4ch gerade mit ihm gef\u00fchrt, \u00fcbrigens ein sehr vertrauensw\u00fcrdiges (&#8230;)&#8221;<\/em><\/p>\n<p>Der Bundeskanzler traf Selenskij am Freitag der Vorwoche zu einem &#8220;<a rel=\"nofollow noopener\" target=\"_blank\" href=\"https:\/\/www.hessenschau.de\/tv-sendung\/scholz-trifft-selenskyj-zum-vier-augen-gespraech-in-frankfurt,video-201250.html\">Vieraugengespr\u00e4ch<\/a>&#8221; in Frankfurt, nachdem der ukrainische Pr\u00e4sident zuvor bei einem Treffen der sogenannten &#8220;Ukraine-Kontaktgruppe&#8221; auf dem US-Luftwaffenst\u00fctzpunkt Ramstein in Rheinland-Pfalz teilgenommen hatte. Thema des Gespr\u00e4chs in Frankfurt war die gemeinsame &#8220;Einsch\u00e4tzung&#8221; des aktuellen Kriegsverlaufs in der Ukraine. Scholz erl\u00e4utert zu den Inhalten dieses Gespr\u00e4chs:<\/p>\n<p><em>&#8220;Ich glaube, das ist jetzt der Moment, in dem man auch dar\u00fcber diskutieren muss, wie wir aus dieser Kriegssituation doch z\u00fcgiger zu einem Frieden kommen, als das gegenw\u00e4rtig den Eindruck macht.\u00a0<\/em><em>Es wird auf alle F\u00e4lle eine weitere Friedenskonferenz geben. Und der (ukrainische) Pr\u00e4sident und ich sind einig, dass es auch eine sein muss mit Russland dabei.&#8221;<\/em><\/p>\n<div class=\"EmbedBlock-root EmbedBlock-twitter\">\n<div class=\"TwitterEmbed\">\n<blockquote class=\"twitter-tweet lazyload\" data-twitter=\"twitter-tweet\" data-media-max-width=\"560\">\n<p lang=\"de\" dir=\"ltr\">Russlands Krieg gegen die Ukraine:Bundeskanzler Scholz will &#8220;doch z\u00fcgiger zu einem Frieden kommen, als das gegenw\u00e4rtig den Eindruck macht&#8221;. Im <a rel=\"nofollow noopener\" target=\"_blank\" href=\"https:\/\/twitter.com\/ZDF?ref_src=twsrc%5Etfw\">@ZDF<\/a>-Sommerinterview unterst\u00fctzt Scholz den Vorschlag der Ukraine, Russland zum zweiten &#8220;Gipfel \u00fcber den Frieden&#8221; einzuladen. <a rel=\"nofollow noopener\" target=\"_blank\" href=\"https:\/\/t.co\/nzXYtZzrQd\">pic.twitter.com\/nzXYtZzrQd<\/a><\/p>\n<p>\u2014 Andreas Kynast (@andikynast) <a rel=\"nofollow noopener\" target=\"_blank\" href=\"https:\/\/twitter.com\/andikynast\/status\/1832761957167886622?ref_src=twsrc%5Etfw\">September 8, 2024<\/a><\/p><\/blockquote>\n<\/div>\n<\/div>\n<p>Das Interview befasste sich mit dem Schwerpunktthema: &#8220;Der Niedergang der Arbeiterpartei SPD&#8221;, den schlechten j\u00fcngsten Wahlergebnissen und dem kontinuierlich schwindenden Vertrauen der B\u00fcrger, bezogen auf die Eignung von Olaf Scholz als Bundeskanzler.<\/p>\n<p><strong>Mehr zum Thema &#8211;<\/strong>\u00a0<a rel=\"nofollow noopener\" target=\"_blank\" href=\"https:\/\/freedert.online\/europa\/218347-selenskij-in-deutschland-sieg-ueber\/\">Selenskij in Deutschland: Sieg \u00fcber Russland bleibt das Ziel<\/a><\/p>\n<div class=\"EmbedBlock-root EmbedBlock-externalVideo EmbedBlock-rumble\">\n<div class=\"VkEmbed\"><iframe class=\"lazyload\" data-src=\"https:\/\/rumble.com\/embed\/v5blyod\" frameborder=\"0\" width=\"853\" height=\"480\" allowfullscreen><\/iframe><\/div>\n<\/div>\n<\/div>\n<p><script async src=\"https:\/\/platform.twitter.com\/widgets.js\" charset=\"utf-8\"><\/script><br \/>\n<br \/><br \/>\n<br \/><a href=\"https:\/\/de.rt.com\/inland\/218498-scholz-fuer-weitere-friedenskonferenz-mit-russland-dabei\/\">Source link <\/a><\/p>\n","protected":false},"excerpt":{"rendered":"<p>Bundeskanzler Olaf Scholz \u00e4u\u00dferte sich in einem ZDF-Interview zum vorgegebenen Thema des &#8220;Niedergangs der Arbeiterpartei SPD&#8221;. Zudem wurde er zum Thema Ukraine befragt, wobei er laut dem SPD-nahen RND in den Antworten &#8220;neue Bem\u00fchungen f\u00fcr einen Frieden zwischen der Ukraine und Russland zeigte&#8221;. Bundeskanzler Olaf Scholz reagierte\u00a0in einem\u00a0ZDF-Interview auf die Frage, ob er dem ukrainischen [&hellip;]<\/p>\n","protected":false},"author":3,"featured_media":68519,"comment_status":"open","ping_status":"open","sticky":false,"template":"","format":"standard","meta":{"_yoast_indexnow_last_ping":["1725866563"],"wp_automatic_camp":["217"],"076d09c8348cb02bf8ebfc61f52b711d":["Scholz f\u00fcr weitere Friedenskonferenz - &quot;mit Russland dabei&quot;"],"original_link":["https:\/\/de.rt.com\/inland\/218498-scholz-fuer-weitere-friedenskonferenz-mit-russland-dabei\/"],"_thumbnail_id":["68519"],"jnews_social_counter_last_update":["1777428129"],"_wptgpro_p2tg_sent2tg":["a:1:{i:23737;s:19:\"2024-09-09 09:23:48\";}"]},"categories":[19,23],"tags":[58376,49945,221,22263,126,1001,823],"yoast_head":"<!-- This site is optimized with the Yoast SEO Premium plugin v22.7 (Yoast SEO v22.7) - https:\/\/yoast.com\/wordpress\/plugins\/seo\/ -->\n<title>Scholz f\u00fcr weitere Friedenskonferenz - &quot;mit Russland dabei&quot; - just-now.NEWS Deutschland<\/title>\n<meta name=\"robots\" content=\"index, follow, max-snippet:-1, max-image-preview:large, max-video-preview:-1\" \/>\n<link rel=\"canonical\" href=\"https:\/\/now-news.de\/de\/deutschland\/scholz-fuer-weitere-friedenskonferenz-mit-russland-dabei\/\" \/>\n<meta property=\"og:locale\" content=\"de_DE\" \/>\n<meta property=\"og:type\" content=\"article\" \/>\n<meta property=\"og:title\" content=\"Scholz f\u00fcr weitere Friedenskonferenz - &quot;mit Russland dabei&quot;\" \/>\n<meta property=\"og:description\" content=\"Bundeskanzler Olaf Scholz \u00e4u\u00dferte sich in einem ZDF-Interview zum vorgegebenen Thema des &#8220;Niedergangs der Arbeiterpartei SPD&#8221;. Zudem wurde er zum Thema Ukraine befragt, wobei er laut dem SPD-nahen RND in den Antworten &#8220;neue Bem\u00fchungen f\u00fcr einen Frieden zwischen der Ukraine und Russland zeigte&#8221;. Bundeskanzler Olaf Scholz reagierte\u00a0in einem\u00a0ZDF-Interview auf die Frage, ob er dem ukrainischen [&hellip;]\" \/>\n<meta property=\"og:url\" content=\"https:\/\/now-news.de\/de\/deutschland\/scholz-fuer-weitere-friedenskonferenz-mit-russland-dabei\/\" \/>\n<meta property=\"og:site_name\" content=\"just-now.NEWS Deutschland\" \/>\n<meta property=\"article:publisher\" content=\"https:\/\/www.facebook.com\/wirmachenauf\" \/>\n<meta property=\"article:published_time\" content=\"2024-09-09T07:07:20+00:00\" \/>\n<meta property=\"og:image\" content=\"https:\/\/now-news.de\/de\/wp-content\/uploads\/sites\/3\/2024\/09\/66de84a048fbef61b71dcb45.jpeg\" \/>\n<meta name=\"author\" content=\"rtnews\" \/>\n<meta name=\"twitter:card\" content=\"summary_large_image\" \/>\n<meta name=\"twitter:creator\" content=\"@WirMachenAuf_de\" \/>\n<meta name=\"twitter:site\" content=\"@WirMachenAuf_de\" \/>\n<meta name=\"twitter:label1\" content=\"Verfasst von\" \/>\n\t<meta name=\"twitter:data1\" content=\"rtnews\" \/>\n\t<meta name=\"twitter:label2\" content=\"Gesch\u00e4tzte Lesezeit\" \/>\n\t<meta name=\"twitter:data2\" content=\"2\u00a0Minuten\" \/>\n<script type=\"application\/ld+json\" class=\"yoast-schema-graph\">{\"@context\":\"https:\/\/schema.org\",\"@graph\":[{\"@type\":\"Article\",\"@id\":\"https:\/\/now-news.de\/de\/deutschland\/scholz-fuer-weitere-friedenskonferenz-mit-russland-dabei\/#article\",\"isPartOf\":{\"@id\":\"https:\/\/now-news.de\/de\/deutschland\/scholz-fuer-weitere-friedenskonferenz-mit-russland-dabei\/\"},\"author\":{\"name\":\"rtnews\",\"@id\":\"https:\/\/now-news.de\/de\/#\/schema\/person\/fb534a4e865501d8b3285208df34a9b5\"},\"headline\":\"Scholz f\u00fcr weitere Friedenskonferenz &#8211; &quot;mit Russland dabei&quot;\",\"datePublished\":\"2024-09-09T07:07:20+00:00\",\"dateModified\":\"2024-09-09T07:07:20+00:00\",\"mainEntityOfPage\":{\"@id\":\"https:\/\/now-news.de\/de\/deutschland\/scholz-fuer-weitere-friedenskonferenz-mit-russland-dabei\/\"},\"wordCount\":501,\"commentCount\":0,\"publisher\":{\"@id\":\"https:\/\/now-news.de\/de\/#organization\"},\"image\":{\"@id\":\"https:\/\/now-news.de\/de\/deutschland\/scholz-fuer-weitere-friedenskonferenz-mit-russland-dabei\/#primaryimage\"},\"thumbnailUrl\":\"https:\/\/now-news.de\/de\/wp-content\/uploads\/sites\/3\/2024\/09\/Scholz-fuer-weitere-Friedenskonferenz-quotmit-Russland-dabeiquot.jpeg\",\"keywords\":[\"dabeiquot\",\"Friedenskonferenz\",\"f\u00fcr\",\"quotMit\",\"russland\",\"Scholz\",\"weitere\"],\"articleSection\":[\"Deutschland\",\"Russland\"],\"inLanguage\":\"de\",\"potentialAction\":[{\"@type\":\"CommentAction\",\"name\":\"Comment\",\"target\":[\"https:\/\/now-news.de\/de\/deutschland\/scholz-fuer-weitere-friedenskonferenz-mit-russland-dabei\/#respond\"]}]},{\"@type\":\"WebPage\",\"@id\":\"https:\/\/now-news.de\/de\/deutschland\/scholz-fuer-weitere-friedenskonferenz-mit-russland-dabei\/\",\"url\":\"https:\/\/now-news.de\/de\/deutschland\/scholz-fuer-weitere-friedenskonferenz-mit-russland-dabei\/\",\"name\":\"Scholz f\u00fcr weitere Friedenskonferenz - &quot;mit Russland dabei&quot; - just-now.NEWS Deutschland\",\"isPartOf\":{\"@id\":\"https:\/\/now-news.de\/de\/#website\"},\"primaryImageOfPage\":{\"@id\":\"https:\/\/now-news.de\/de\/deutschland\/scholz-fuer-weitere-friedenskonferenz-mit-russland-dabei\/#primaryimage\"},\"image\":{\"@id\":\"https:\/\/now-news.de\/de\/deutschland\/scholz-fuer-weitere-friedenskonferenz-mit-russland-dabei\/#primaryimage\"},\"thumbnailUrl\":\"https:\/\/now-news.de\/de\/wp-content\/uploads\/sites\/3\/2024\/09\/Scholz-fuer-weitere-Friedenskonferenz-quotmit-Russland-dabeiquot.jpeg\",\"datePublished\":\"2024-09-09T07:07:20+00:00\",\"dateModified\":\"2024-09-09T07:07:20+00:00\",\"breadcrumb\":{\"@id\":\"https:\/\/now-news.de\/de\/deutschland\/scholz-fuer-weitere-friedenskonferenz-mit-russland-dabei\/#breadcrumb\"},\"inLanguage\":\"de\",\"potentialAction\":[{\"@type\":\"ReadAction\",\"target\":[\"https:\/\/now-news.de\/de\/deutschland\/scholz-fuer-weitere-friedenskonferenz-mit-russland-dabei\/\"]}]},{\"@type\":\"ImageObject\",\"inLanguage\":\"de\",\"@id\":\"https:\/\/now-news.de\/de\/deutschland\/scholz-fuer-weitere-friedenskonferenz-mit-russland-dabei\/#primaryimage\",\"url\":\"https:\/\/now-news.de\/de\/wp-content\/uploads\/sites\/3\/2024\/09\/Scholz-fuer-weitere-Friedenskonferenz-quotmit-Russland-dabeiquot.jpeg\",\"contentUrl\":\"https:\/\/now-news.de\/de\/wp-content\/uploads\/sites\/3\/2024\/09\/Scholz-fuer-weitere-Friedenskonferenz-quotmit-Russland-dabeiquot.jpeg\",\"width\":460,\"height\":259,\"caption\":\"Scholz f\u00fcr weitere Friedenskonferenz - &quot;mit Russland dabei&quot;\"},{\"@type\":\"BreadcrumbList\",\"@id\":\"https:\/\/now-news.de\/de\/deutschland\/scholz-fuer-weitere-friedenskonferenz-mit-russland-dabei\/#breadcrumb\",\"itemListElement\":[{\"@type\":\"ListItem\",\"position\":1,\"name\":\"Home\",\"item\":\"https:\/\/now-news.de\/de\/\"},{\"@type\":\"ListItem\",\"position\":2,\"name\":\"Scholz f\u00fcr weitere Friedenskonferenz &#8211; &quot;mit Russland dabei&quot;\"}]},{\"@type\":\"WebSite\",\"@id\":\"https:\/\/now-news.de\/de\/#website\",\"url\":\"https:\/\/now-news.de\/de\/\",\"name\":\"just-now.NEWS Deutschland\",\"description\":\"Das Portal f\u00fcr unzensierte Nachrichten aus der Welt\",\"publisher\":{\"@id\":\"https:\/\/now-news.de\/de\/#organization\"},\"potentialAction\":[{\"@type\":\"SearchAction\",\"target\":{\"@type\":\"EntryPoint\",\"urlTemplate\":\"https:\/\/now-news.de\/de\/?s={search_term_string}\"},\"query-input\":\"required name=search_term_string\"}],\"inLanguage\":\"de\"},{\"@type\":\"Organization\",\"@id\":\"https:\/\/now-news.de\/de\/#organization\",\"name\":\"Just Now News\",\"url\":\"https:\/\/now-news.de\/de\/\",\"logo\":{\"@type\":\"ImageObject\",\"inLanguage\":\"de\",\"@id\":\"https:\/\/now-news.de\/de\/#\/schema\/logo\/image\/\",\"url\":\"http:\/\/just-now.news\/de\/wp-content\/uploads\/sites\/3\/2022\/04\/logo500x500.jpg\",\"contentUrl\":\"http:\/\/just-now.news\/de\/wp-content\/uploads\/sites\/3\/2022\/04\/logo500x500.jpg\",\"width\":500,\"height\":500,\"caption\":\"Just Now News\"},\"image\":{\"@id\":\"https:\/\/now-news.de\/de\/#\/schema\/logo\/image\/\"},\"sameAs\":[\"https:\/\/www.facebook.com\/wirmachenauf\",\"https:\/\/x.com\/WirMachenAuf_de\"]},{\"@type\":\"Person\",\"@id\":\"https:\/\/now-news.de\/de\/#\/schema\/person\/fb534a4e865501d8b3285208df34a9b5\",\"name\":\"rtnews\",\"image\":{\"@type\":\"ImageObject\",\"inLanguage\":\"de\",\"@id\":\"https:\/\/now-news.de\/de\/#\/schema\/person\/image\/\",\"url\":\"https:\/\/secure.gravatar.com\/avatar\/82aafea7d8127119dd649515f56e2117?s=96&d=mm&r=g\",\"contentUrl\":\"https:\/\/secure.gravatar.com\/avatar\/82aafea7d8127119dd649515f56e2117?s=96&d=mm&r=g\",\"caption\":\"rtnews\"},\"url\":\"https:\/\/now-news.de\/de\/author\/rnews\/\"}]}<\/script>\n<!-- \/ Yoast SEO Premium plugin. -->","yoast_head_json":{"title":"Scholz f\u00fcr weitere Friedenskonferenz - &quot;mit Russland dabei&quot; - just-now.NEWS Deutschland","robots":{"index":"index","follow":"follow","max-snippet":"max-snippet:-1","max-image-preview":"max-image-preview:large","max-video-preview":"max-video-preview:-1"},"canonical":"https:\/\/now-news.de\/de\/deutschland\/scholz-fuer-weitere-friedenskonferenz-mit-russland-dabei\/","og_locale":"de_DE","og_type":"article","og_title":"Scholz f\u00fcr weitere Friedenskonferenz - &quot;mit Russland dabei&quot;","og_description":"Bundeskanzler Olaf Scholz \u00e4u\u00dferte sich in einem ZDF-Interview zum vorgegebenen Thema des &#8220;Niedergangs der Arbeiterpartei SPD&#8221;. Zudem wurde er zum Thema Ukraine befragt, wobei er laut dem SPD-nahen RND in den Antworten &#8220;neue Bem\u00fchungen f\u00fcr einen Frieden zwischen der Ukraine und Russland zeigte&#8221;. Bundeskanzler Olaf Scholz reagierte\u00a0in einem\u00a0ZDF-Interview auf die Frage, ob er dem ukrainischen [&hellip;]","og_url":"https:\/\/now-news.de\/de\/deutschland\/scholz-fuer-weitere-friedenskonferenz-mit-russland-dabei\/","og_site_name":"just-now.NEWS Deutschland","article_publisher":"https:\/\/www.facebook.com\/wirmachenauf","article_published_time":"2024-09-09T07:07:20+00:00","og_image":[{"url":"https:\/\/now-news.de\/de\/wp-content\/uploads\/sites\/3\/2024\/09\/66de84a048fbef61b71dcb45.jpeg"}],"author":"rtnews","twitter_card":"summary_large_image","twitter_creator":"@WirMachenAuf_de","twitter_site":"@WirMachenAuf_de","twitter_misc":{"Verfasst von":"rtnews","Gesch\u00e4tzte Lesezeit":"2\u00a0Minuten"},"schema":{"@context":"https:\/\/schema.org","@graph":[{"@type":"Article","@id":"https:\/\/now-news.de\/de\/deutschland\/scholz-fuer-weitere-friedenskonferenz-mit-russland-dabei\/#article","isPartOf":{"@id":"https:\/\/now-news.de\/de\/deutschland\/scholz-fuer-weitere-friedenskonferenz-mit-russland-dabei\/"},"author":{"name":"rtnews","@id":"https:\/\/now-news.de\/de\/#\/schema\/person\/fb534a4e865501d8b3285208df34a9b5"},"headline":"Scholz f\u00fcr weitere Friedenskonferenz &#8211; &quot;mit Russland dabei&quot;","datePublished":"2024-09-09T07:07:20+00:00","dateModified":"2024-09-09T07:07:20+00:00","mainEntityOfPage":{"@id":"https:\/\/now-news.de\/de\/deutschland\/scholz-fuer-weitere-friedenskonferenz-mit-russland-dabei\/"},"wordCount":501,"commentCount":0,"publisher":{"@id":"https:\/\/now-news.de\/de\/#organization"},"image":{"@id":"https:\/\/now-news.de\/de\/deutschland\/scholz-fuer-weitere-friedenskonferenz-mit-russland-dabei\/#primaryimage"},"thumbnailUrl":"https:\/\/now-news.de\/de\/wp-content\/uploads\/sites\/3\/2024\/09\/Scholz-fuer-weitere-Friedenskonferenz-quotmit-Russland-dabeiquot.jpeg","keywords":["dabeiquot","Friedenskonferenz","f\u00fcr","quotMit","russland","Scholz","weitere"],"articleSection":["Deutschland","Russland"],"inLanguage":"de","potentialAction":[{"@type":"CommentAction","name":"Comment","target":["https:\/\/now-news.de\/de\/deutschland\/scholz-fuer-weitere-friedenskonferenz-mit-russland-dabei\/#respond"]}]},{"@type":"WebPage","@id":"https:\/\/now-news.de\/de\/deutschland\/scholz-fuer-weitere-friedenskonferenz-mit-russland-dabei\/","url":"https:\/\/now-news.de\/de\/deutschland\/scholz-fuer-weitere-friedenskonferenz-mit-russland-dabei\/","name":"Scholz f\u00fcr weitere Friedenskonferenz - &quot;mit Russland dabei&quot; - just-now.NEWS Deutschland","isPartOf":{"@id":"https:\/\/now-news.de\/de\/#website"},"primaryImageOfPage":{"@id":"https:\/\/now-news.de\/de\/deutschland\/scholz-fuer-weitere-friedenskonferenz-mit-russland-dabei\/#primaryimage"},"image":{"@id":"https:\/\/now-news.de\/de\/deutschland\/scholz-fuer-weitere-friedenskonferenz-mit-russland-dabei\/#primaryimage"},"thumbnailUrl":"https:\/\/now-news.de\/de\/wp-content\/uploads\/sites\/3\/2024\/09\/Scholz-fuer-weitere-Friedenskonferenz-quotmit-Russland-dabeiquot.jpeg","datePublished":"2024-09-09T07:07:20+00:00","dateModified":"2024-09-09T07:07:20+00:00","breadcrumb":{"@id":"https:\/\/now-news.de\/de\/deutschland\/scholz-fuer-weitere-friedenskonferenz-mit-russland-dabei\/#breadcrumb"},"inLanguage":"de","potentialAction":[{"@type":"ReadAction","target":["https:\/\/now-news.de\/de\/deutschland\/scholz-fuer-weitere-friedenskonferenz-mit-russland-dabei\/"]}]},{"@type":"ImageObject","inLanguage":"de","@id":"https:\/\/now-news.de\/de\/deutschland\/scholz-fuer-weitere-friedenskonferenz-mit-russland-dabei\/#primaryimage","url":"https:\/\/now-news.de\/de\/wp-content\/uploads\/sites\/3\/2024\/09\/Scholz-fuer-weitere-Friedenskonferenz-quotmit-Russland-dabeiquot.jpeg","contentUrl":"https:\/\/now-news.de\/de\/wp-content\/uploads\/sites\/3\/2024\/09\/Scholz-fuer-weitere-Friedenskonferenz-quotmit-Russland-dabeiquot.jpeg","width":460,"height":259,"caption":"Scholz f\u00fcr weitere Friedenskonferenz - &quot;mit Russland dabei&quot;"},{"@type":"BreadcrumbList","@id":"https:\/\/now-news.de\/de\/deutschland\/scholz-fuer-weitere-friedenskonferenz-mit-russland-dabei\/#breadcrumb","itemListElement":[{"@type":"ListItem","position":1,"name":"Home","item":"https:\/\/now-news.de\/de\/"},{"@type":"ListItem","position":2,"name":"Scholz f\u00fcr weitere Friedenskonferenz &#8211; &quot;mit Russland dabei&quot;"}]},{"@type":"WebSite","@id":"https:\/\/now-news.de\/de\/#website","url":"https:\/\/now-news.de\/de\/","name":"just-now.NEWS Deutschland","description":"Das Portal f\u00fcr unzensierte Nachrichten aus der Welt","publisher":{"@id":"https:\/\/now-news.de\/de\/#organization"},"potentialAction":[{"@type":"SearchAction","target":{"@type":"EntryPoint","urlTemplate":"https:\/\/now-news.de\/de\/?s={search_term_string}"},"query-input":"required name=search_term_string"}],"inLanguage":"de"},{"@type":"Organization","@id":"https:\/\/now-news.de\/de\/#organization","name":"Just Now News","url":"https:\/\/now-news.de\/de\/","logo":{"@type":"ImageObject","inLanguage":"de","@id":"https:\/\/now-news.de\/de\/#\/schema\/logo\/image\/","url":"http:\/\/just-now.news\/de\/wp-content\/uploads\/sites\/3\/2022\/04\/logo500x500.jpg","contentUrl":"http:\/\/just-now.news\/de\/wp-content\/uploads\/sites\/3\/2022\/04\/logo500x500.jpg","width":500,"height":500,"caption":"Just Now News"},"image":{"@id":"https:\/\/now-news.de\/de\/#\/schema\/logo\/image\/"},"sameAs":["https:\/\/www.facebook.com\/wirmachenauf","https:\/\/x.com\/WirMachenAuf_de"]},{"@type":"Person","@id":"https:\/\/now-news.de\/de\/#\/schema\/person\/fb534a4e865501d8b3285208df34a9b5","name":"rtnews","image":{"@type":"ImageObject","inLanguage":"de","@id":"https:\/\/now-news.de\/de\/#\/schema\/person\/image\/","url":"https:\/\/secure.gravatar.com\/avatar\/82aafea7d8127119dd649515f56e2117?s=96&d=mm&r=g","contentUrl":"https:\/\/secure.gravatar.com\/avatar\/82aafea7d8127119dd649515f56e2117?s=96&d=mm&r=g","caption":"rtnews"},"url":"https:\/\/now-news.de\/de\/author\/rnews\/"}]}},"_links":{"self":[{"href":"https:\/\/now-news.de\/de\/wp-json\/wp\/v2\/posts\/68518"}],"collection":[{"href":"https:\/\/now-news.de\/de\/wp-json\/wp\/v2\/posts"}],"about":[{"href":"https:\/\/now-news.de\/de\/wp-json\/wp\/v2\/types\/post"}],"author":[{"embeddable":true,"href":"https:\/\/now-news.de\/de\/wp-json\/wp\/v2\/users\/3"}],"replies":[{"embeddable":true,"href":"https:\/\/now-news.de\/de\/wp-json\/wp\/v2\/comments?post=68518"}],"version-history":[{"count":0,"href":"https:\/\/now-news.de\/de\/wp-json\/wp\/v2\/posts\/68518\/revisions"}],"wp:featuredmedia":[{"embeddable":true,"href":"https:\/\/now-news.de\/de\/wp-json\/wp\/v2\/media\/68519"}],"wp:attachment":[{"href":"https:\/\/now-news.de\/de\/wp-json\/wp\/v2\/media?parent=68518"}],"wp:term":[{"taxonomy":"category","embeddable":true,"href":"https:\/\/now-news.de\/de\/wp-json\/wp\/v2\/categories?post=68518"},{"taxonomy":"post_tag","embeddable":true,"href":"https:\/\/now-news.de\/de\/wp-json\/wp\/v2\/tags?post=68518"}],"curies":[{"name":"wp","href":"https:\/\/api.w.org\/{rel}","templated":true}]}}