{"id":6851,"date":"2022-05-05T17:25:31","date_gmt":"2022-05-05T15:25:31","guid":{"rendered":"http:\/\/just-now.news\/de\/deutschland\/weissrusslands-praesident-es-liegt-am-westen-den-ukraine-konflikt-zu-beenden\/"},"modified":"2022-05-05T17:25:31","modified_gmt":"2022-05-05T15:25:31","slug":"weissrusslands-praesident-es-liegt-am-westen-den-ukraine-konflikt-zu-beenden","status":"publish","type":"post","link":"https:\/\/now-news.de\/de\/deutschland\/weissrusslands-praesident-es-liegt-am-westen-den-ukraine-konflikt-zu-beenden\/","title":{"rendered":"Wei\u00dfrusslands Pr\u00e4sident: Es liegt am Westen, den Ukraine-Konflikt zu beenden"},"content":{"rendered":"<div class=\"Text-root Text-type_5 ArticleView-text ViewText-root \">\n<p>Am Mittwoch hat der wei\u00dfrussische Pr\u00e4sident Alexander Lukaschenko der Nachrichtenagentur <em>Associated Press<\/em>\u00a0ein Interview gegeben. In dem etwa anderthalbst\u00fcndigen Gespr\u00e4ch er\u00f6rterte er unter anderem Wei\u00dfrusslands Position im laufenden Ukraine-Konflikt und umriss die Perspektiven\u00a0einer diplomatischen L\u00f6sung.<\/p>\n<p>Der Pr\u00e4sident vertrat den Standpunkt, dass sein Land alles\u00a0tun w\u00fcrde und tue, um den Krieg zwischen Russland und der Ukraine zu vermeiden. Der Beginn der Verhandlungen zwischen Russland und der Ukraine sei Wei\u00dfrusslands Verdienst. Nach seiner Einsch\u00e4tzung habe sich Russlands milit\u00e4rische Operation in der Ukraine &#8220;in die L\u00e4nge gezogen&#8221;. Gleichzeitig kritisierte Lukaschenko die Ukraine implizit f\u00fcr ihr Desinteresse an Verhandlungen:<\/p>\n<blockquote>\n<p><em>&#8220;Ich kenne Russlands Position. Ich wei\u00df, was Russland der Ukraine vorschl\u00e4gt. Aber warum die Ukraine, auf deren Gebiet faktisch Krieg herrscht, Kampfhandlungen stattfinden, Menschen sterben, nicht an diesen Verhandlungen interessiert ist, ist eine weitere Frage.&#8221;<\/em><\/p>\n<\/blockquote>\n<p>Die Antwort auf diese Frage sei in Washington zu suchen, so Lukaschenko weiter. Er \u00e4u\u00dferte die Vermutung, dass die Ukraine keine selbstbestimmte Politik f\u00fchren k\u00f6nne, sondern vom Westen gelenkt werde:<\/p>\n<blockquote>\n<p><em>&#8220;M\u00f6glicherweise will die ukrainische F\u00fchrung, kann aber nicht. Und zwar aus einem Grund: Heute regiert nicht Selenskij die Ukraine. M\u00f6ge er mir verzeihen, das ist meine Meinung. Die Ukraine wird vom Westen regiert.&#8221;<\/em><\/p>\n<\/blockquote>\n<div class=\"ReadMore-root Section-root Section-is1to3-xs_is1to1\" data-widgets=\"ReadMore\" data-has-alias>\n<div class=\"Section-container Section-isRow-isTop-isWrap\">\n<article class=\"Card-root Card-is1to1 \">\n<div class=\"Card-imageWrap\">\n<div class=\"Card-picture\">\n<picture class=\"Picture-root Picture-default\"><!--[if IE 9]><video style=\"display: none;\"><![endif]--><source media=\"(-webkit-min-device-pixel-ratio: 2) and (min-resolution: 120dpi)\" data-srcset=\" \nhttp:\/\/just-now.news\/de\/wp-content\/uploads\/sites\/3\/2022\/05\/62722735b480cc06ea7cb15c.jpg 850w,\n                http:\/\/just-now.news\/de\/wp-content\/uploads\/sites\/3\/2022\/05\/1651764719_953_62722735b480cc06ea7cb15c.jpg 1960w,\n            \" ><source data-srcset=\" \nhttp:\/\/just-now.news\/de\/wp-content\/uploads\/sites\/3\/2022\/05\/62722735b480cc06ea7cb15c.jpg 460w,\n              http:\/\/just-now.news\/de\/wp-content\/uploads\/sites\/3\/2022\/05\/1651764719_953_62722735b480cc06ea7cb15c.jpg 980w,\n            \" ><!--[if IE 9]><\/video><![endif]--><\/source><\/source><\/picture><!-- noscript pattern --><noscript><img decoding=\"async\" src=\"http:\/\/just-now.news\/de\/wp-content\/uploads\/sites\/3\/2022\/05\/1651764719_953_62722735b480cc06ea7cb15c.jpg\" alt=\"Wei\u00dfrussisches Verteidigungsministerium: Streitkr\u00e4fte f\u00fchren unangek\u00fcndigte Inspektions\u00fcbung durch\"><\/noscript>    <\/div><\/div>\n<div class=\"Card-contentWrap\">\n<div class=\"Card-content\">\n<div class=\"Card-title\">\n<div class=\"HeaderNews-root HeaderNews-type_6 \">\n<p>            <a rel=\"nofollow noopener\" target=\"_blank\" href=\"https:\/\/de.rt.com\/europa\/137659-weissrussland-fuehrt-unangekundigte-inspektionsuebung-durch\/\" class=\"Link-root Link-isFullCard \"><br \/>\n                Wei\u00dfrussisches Verteidigungsministerium: Streitkr\u00e4fte f\u00fchren unangek\u00fcndigte Inspektions\u00fcbung durch<br \/>\n            <\/a><\/p><\/div><\/div><\/div><\/div>\n<\/article>\n<\/div><\/div>\n<p>Den Konflikt zu deeskalieren beziehungsweise\u00a0zu beenden, stehe daher in der Macht der USA. Sollte Biden Interesse an einem Ende der K\u00e4mpfe verk\u00fcnden, w\u00e4re der Krieg &#8220;in einer Woche beendet&#8221;, so Lukaschenko.<\/p>\n<p>In Bezug auf Wei\u00dfrussland hob der Pr\u00e4sident hervor, dass sein Land an keinem Krieg interessiert sei und niemanden bedrohe:<\/p>\n<blockquote>\n<p><em>&#8220;Wir bedrohen niemanden und werden es auch nicht tun. Mehr noch, wir k\u00f6nnen das nicht, denn wir wissen, wer uns gegen\u00fcbersteht. Deswegen ist es absolut nicht im Interesse des wei\u00dfrussischen Staates, irgendeinen Konflikt mit dem Westen zu entfachen. Der Westen kann ruhig schlafen.&#8221;<\/em><\/p>\n<\/blockquote>\n<p>Auf die Frage nach einem m\u00f6glichen Atomwaffeneinsatz im Falle einer\u00a0endlosen Dauer der Kampfhandlungen in der Ukraine antwortete Lukaschenko, dass dies inakzeptabel sei. Er hob hervor, dass Wei\u00dfrussland als Nachbarland der Ukraine davon besonders betroffen w\u00e4re. Der wei\u00dfrussische Staatschef vermutete, dass auch Russlands Pr\u00e4sident Wladimir Putin eine &#8220;globale Konfrontation mit der NATO&#8221; vermeiden wolle. Und er mahnte:<\/p>\n<blockquote>\n<p><em> &#8220;Nutzt das und tut alles, damit das nicht passiert.&#8221;<\/em><\/p>\n<\/blockquote>\n<p>Nach dem Beginn des russischen Milit\u00e4reinsatzes in der Ukraine hatten die USA, die EU und ihre Verb\u00fcndete Wei\u00dfrussland einer Unterst\u00fctzung Russlands beschuldigt und beide L\u00e4nder mit\u00a0einer\u00a0Vielzahl von Sanktionen belegt.<\/p>\n<p><strong>Mehr zum Thema<\/strong> &#8211; <a rel=\"nofollow noopener\" target=\"_blank\" href=\"https:\/\/de.rt.com\/russland\/135794-russland-bietet-weissrussland-als-sicherheitsgarant\/\">Russland bietet Wei\u00dfrussland als Sicherheitsgarant f\u00fcr Ukraine an<\/a><\/p>\n<\/div>\n<p><br \/>\n<br \/><a href=\"https:\/\/de.rt.com\/international\/137783-weissrusslands-prasident-es-liegt-am\/\">Source link <\/a><\/p>\n","protected":false},"excerpt":{"rendered":"<p>Am Mittwoch hat der wei\u00dfrussische Pr\u00e4sident Alexander Lukaschenko der Nachrichtenagentur Associated Press\u00a0ein Interview gegeben. In dem etwa anderthalbst\u00fcndigen Gespr\u00e4ch er\u00f6rterte er unter anderem Wei\u00dfrusslands Position im laufenden Ukraine-Konflikt und umriss die Perspektiven\u00a0einer diplomatischen L\u00f6sung. Der Pr\u00e4sident vertrat den Standpunkt, dass sein Land alles\u00a0tun w\u00fcrde und tue, um den Krieg zwischen Russland und der Ukraine zu [&hellip;]<\/p>\n","protected":false},"author":3,"featured_media":6852,"comment_status":"open","ping_status":"open","sticky":false,"template":"","format":"standard","meta":{"wp_automatic_camp":["217"],"e3552aa256cd3349cda9f60228a53bad":["Wei\u00dfrusslands Pr\u00e4sident: Es liegt am Westen, den Ukraine-Konflikt zu beenden"],"original_link":["https:\/\/de.rt.com\/international\/137783-weissrusslands-prasident-es-liegt-am\/"],"_thumbnail_id":["6852"],"wp_automatic_remove_first_image":["yes"],"_wptg_p2tg_sent2tg":["2022-05-05 17:33:04"],"jnews_social_counter_last_update":["1777496674"]},"categories":[19,23],"tags":[13506,48,3953,3464,1173,18775,378],"yoast_head":"<!-- This site is optimized with the Yoast SEO Premium plugin v22.7 (Yoast SEO v22.7) - https:\/\/yoast.com\/wordpress\/plugins\/seo\/ -->\n<title>Wei\u00dfrusslands Pr\u00e4sident: Es liegt am Westen, den Ukraine-Konflikt zu beenden - just-now.NEWS Deutschland<\/title>\n<meta name=\"robots\" content=\"index, follow, max-snippet:-1, max-image-preview:large, max-video-preview:-1\" \/>\n<link rel=\"canonical\" href=\"https:\/\/now-news.de\/de\/deutschland\/weissrusslands-praesident-es-liegt-am-westen-den-ukraine-konflikt-zu-beenden\/\" \/>\n<meta property=\"og:locale\" content=\"de_DE\" \/>\n<meta property=\"og:type\" content=\"article\" \/>\n<meta property=\"og:title\" content=\"Wei\u00dfrusslands Pr\u00e4sident: Es liegt am Westen, den Ukraine-Konflikt zu beenden\" \/>\n<meta property=\"og:description\" content=\"Am Mittwoch hat der wei\u00dfrussische Pr\u00e4sident Alexander Lukaschenko der Nachrichtenagentur Associated Press\u00a0ein Interview gegeben. In dem etwa anderthalbst\u00fcndigen Gespr\u00e4ch er\u00f6rterte er unter anderem Wei\u00dfrusslands Position im laufenden Ukraine-Konflikt und umriss die Perspektiven\u00a0einer diplomatischen L\u00f6sung. Der Pr\u00e4sident vertrat den Standpunkt, dass sein Land alles\u00a0tun w\u00fcrde und tue, um den Krieg zwischen Russland und der Ukraine zu [&hellip;]\" \/>\n<meta property=\"og:url\" content=\"https:\/\/now-news.de\/de\/deutschland\/weissrusslands-praesident-es-liegt-am-westen-den-ukraine-konflikt-zu-beenden\/\" \/>\n<meta property=\"og:site_name\" content=\"just-now.NEWS Deutschland\" \/>\n<meta property=\"article:publisher\" content=\"https:\/\/www.facebook.com\/wirmachenauf\" \/>\n<meta property=\"article:published_time\" content=\"2022-05-05T15:25:31+00:00\" \/>\n<meta property=\"og:image\" content=\"https:\/\/now-news.de\/de\/wp-content\/uploads\/sites\/3\/2022\/05\/Weissrusslands-Praesident-Es-liegt-am-Westen-den-Ukraine-Konflikt-zu-beenden.jpg\" \/>\n\t<meta property=\"og:image:width\" content=\"1104\" \/>\n\t<meta property=\"og:image:height\" content=\"622\" \/>\n\t<meta property=\"og:image:type\" content=\"image\/jpeg\" \/>\n<meta name=\"author\" content=\"rtnews\" \/>\n<meta name=\"twitter:card\" content=\"summary_large_image\" \/>\n<meta name=\"twitter:creator\" content=\"@WirMachenAuf_de\" \/>\n<meta name=\"twitter:site\" content=\"@WirMachenAuf_de\" \/>\n<meta name=\"twitter:label1\" content=\"Verfasst von\" \/>\n\t<meta name=\"twitter:data1\" content=\"rtnews\" \/>\n\t<meta name=\"twitter:label2\" content=\"Gesch\u00e4tzte Lesezeit\" \/>\n\t<meta name=\"twitter:data2\" content=\"2\u00a0Minuten\" \/>\n<script type=\"application\/ld+json\" class=\"yoast-schema-graph\">{\"@context\":\"https:\/\/schema.org\",\"@graph\":[{\"@type\":\"Article\",\"@id\":\"https:\/\/now-news.de\/de\/deutschland\/weissrusslands-praesident-es-liegt-am-westen-den-ukraine-konflikt-zu-beenden\/#article\",\"isPartOf\":{\"@id\":\"https:\/\/now-news.de\/de\/deutschland\/weissrusslands-praesident-es-liegt-am-westen-den-ukraine-konflikt-zu-beenden\/\"},\"author\":{\"name\":\"rtnews\",\"@id\":\"https:\/\/now-news.de\/de\/#\/schema\/person\/fb534a4e865501d8b3285208df34a9b5\"},\"headline\":\"Wei\u00dfrusslands Pr\u00e4sident: Es liegt am Westen, den Ukraine-Konflikt zu beenden\",\"datePublished\":\"2022-05-05T15:25:31+00:00\",\"dateModified\":\"2022-05-05T15:25:31+00:00\",\"mainEntityOfPage\":{\"@id\":\"https:\/\/now-news.de\/de\/deutschland\/weissrusslands-praesident-es-liegt-am-westen-den-ukraine-konflikt-zu-beenden\/\"},\"wordCount\":466,\"commentCount\":0,\"publisher\":{\"@id\":\"https:\/\/now-news.de\/de\/#organization\"},\"image\":{\"@id\":\"https:\/\/now-news.de\/de\/deutschland\/weissrusslands-praesident-es-liegt-am-westen-den-ukraine-konflikt-zu-beenden\/#primaryimage\"},\"thumbnailUrl\":\"https:\/\/now-news.de\/de\/wp-content\/uploads\/sites\/3\/2022\/05\/Weissrusslands-Praesident-Es-liegt-am-Westen-den-Ukraine-Konflikt-zu-beenden.jpg\",\"keywords\":[\"beenden\",\"den\",\"liegt\",\"Pr\u00e4sident\",\"UkraineKonflikt\",\"Wei\u00dfrusslands\",\"Westen\"],\"articleSection\":[\"Deutschland\",\"Russland\"],\"inLanguage\":\"de\",\"potentialAction\":[{\"@type\":\"CommentAction\",\"name\":\"Comment\",\"target\":[\"https:\/\/now-news.de\/de\/deutschland\/weissrusslands-praesident-es-liegt-am-westen-den-ukraine-konflikt-zu-beenden\/#respond\"]}]},{\"@type\":\"WebPage\",\"@id\":\"https:\/\/now-news.de\/de\/deutschland\/weissrusslands-praesident-es-liegt-am-westen-den-ukraine-konflikt-zu-beenden\/\",\"url\":\"https:\/\/now-news.de\/de\/deutschland\/weissrusslands-praesident-es-liegt-am-westen-den-ukraine-konflikt-zu-beenden\/\",\"name\":\"Wei\u00dfrusslands Pr\u00e4sident: Es liegt am Westen, den Ukraine-Konflikt zu beenden - just-now.NEWS Deutschland\",\"isPartOf\":{\"@id\":\"https:\/\/now-news.de\/de\/#website\"},\"primaryImageOfPage\":{\"@id\":\"https:\/\/now-news.de\/de\/deutschland\/weissrusslands-praesident-es-liegt-am-westen-den-ukraine-konflikt-zu-beenden\/#primaryimage\"},\"image\":{\"@id\":\"https:\/\/now-news.de\/de\/deutschland\/weissrusslands-praesident-es-liegt-am-westen-den-ukraine-konflikt-zu-beenden\/#primaryimage\"},\"thumbnailUrl\":\"https:\/\/now-news.de\/de\/wp-content\/uploads\/sites\/3\/2022\/05\/Weissrusslands-Praesident-Es-liegt-am-Westen-den-Ukraine-Konflikt-zu-beenden.jpg\",\"datePublished\":\"2022-05-05T15:25:31+00:00\",\"dateModified\":\"2022-05-05T15:25:31+00:00\",\"breadcrumb\":{\"@id\":\"https:\/\/now-news.de\/de\/deutschland\/weissrusslands-praesident-es-liegt-am-westen-den-ukraine-konflikt-zu-beenden\/#breadcrumb\"},\"inLanguage\":\"de\",\"potentialAction\":[{\"@type\":\"ReadAction\",\"target\":[\"https:\/\/now-news.de\/de\/deutschland\/weissrusslands-praesident-es-liegt-am-westen-den-ukraine-konflikt-zu-beenden\/\"]}]},{\"@type\":\"ImageObject\",\"inLanguage\":\"de\",\"@id\":\"https:\/\/now-news.de\/de\/deutschland\/weissrusslands-praesident-es-liegt-am-westen-den-ukraine-konflikt-zu-beenden\/#primaryimage\",\"url\":\"https:\/\/now-news.de\/de\/wp-content\/uploads\/sites\/3\/2022\/05\/Weissrusslands-Praesident-Es-liegt-am-Westen-den-Ukraine-Konflikt-zu-beenden.jpg\",\"contentUrl\":\"https:\/\/now-news.de\/de\/wp-content\/uploads\/sites\/3\/2022\/05\/Weissrusslands-Praesident-Es-liegt-am-Westen-den-Ukraine-Konflikt-zu-beenden.jpg\",\"width\":1104,\"height\":622},{\"@type\":\"BreadcrumbList\",\"@id\":\"https:\/\/now-news.de\/de\/deutschland\/weissrusslands-praesident-es-liegt-am-westen-den-ukraine-konflikt-zu-beenden\/#breadcrumb\",\"itemListElement\":[{\"@type\":\"ListItem\",\"position\":1,\"name\":\"Home\",\"item\":\"https:\/\/now-news.de\/de\/\"},{\"@type\":\"ListItem\",\"position\":2,\"name\":\"Wei\u00dfrusslands Pr\u00e4sident: Es liegt am Westen, den Ukraine-Konflikt zu beenden\"}]},{\"@type\":\"WebSite\",\"@id\":\"https:\/\/now-news.de\/de\/#website\",\"url\":\"https:\/\/now-news.de\/de\/\",\"name\":\"just-now.NEWS Deutschland\",\"description\":\"Das Portal f\u00fcr unzensierte Nachrichten aus der Welt\",\"publisher\":{\"@id\":\"https:\/\/now-news.de\/de\/#organization\"},\"potentialAction\":[{\"@type\":\"SearchAction\",\"target\":{\"@type\":\"EntryPoint\",\"urlTemplate\":\"https:\/\/now-news.de\/de\/?s={search_term_string}\"},\"query-input\":\"required name=search_term_string\"}],\"inLanguage\":\"de\"},{\"@type\":\"Organization\",\"@id\":\"https:\/\/now-news.de\/de\/#organization\",\"name\":\"Just Now News\",\"url\":\"https:\/\/now-news.de\/de\/\",\"logo\":{\"@type\":\"ImageObject\",\"inLanguage\":\"de\",\"@id\":\"https:\/\/now-news.de\/de\/#\/schema\/logo\/image\/\",\"url\":\"http:\/\/just-now.news\/de\/wp-content\/uploads\/sites\/3\/2022\/04\/logo500x500.jpg\",\"contentUrl\":\"http:\/\/just-now.news\/de\/wp-content\/uploads\/sites\/3\/2022\/04\/logo500x500.jpg\",\"width\":500,\"height\":500,\"caption\":\"Just Now News\"},\"image\":{\"@id\":\"https:\/\/now-news.de\/de\/#\/schema\/logo\/image\/\"},\"sameAs\":[\"https:\/\/www.facebook.com\/wirmachenauf\",\"https:\/\/x.com\/WirMachenAuf_de\"]},{\"@type\":\"Person\",\"@id\":\"https:\/\/now-news.de\/de\/#\/schema\/person\/fb534a4e865501d8b3285208df34a9b5\",\"name\":\"rtnews\",\"image\":{\"@type\":\"ImageObject\",\"inLanguage\":\"de\",\"@id\":\"https:\/\/now-news.de\/de\/#\/schema\/person\/image\/\",\"url\":\"https:\/\/secure.gravatar.com\/avatar\/82aafea7d8127119dd649515f56e2117?s=96&d=mm&r=g\",\"contentUrl\":\"https:\/\/secure.gravatar.com\/avatar\/82aafea7d8127119dd649515f56e2117?s=96&d=mm&r=g\",\"caption\":\"rtnews\"},\"url\":\"https:\/\/now-news.de\/de\/author\/rnews\/\"}]}<\/script>\n<!-- \/ Yoast SEO Premium plugin. -->","yoast_head_json":{"title":"Wei\u00dfrusslands Pr\u00e4sident: Es liegt am Westen, den Ukraine-Konflikt zu beenden - just-now.NEWS Deutschland","robots":{"index":"index","follow":"follow","max-snippet":"max-snippet:-1","max-image-preview":"max-image-preview:large","max-video-preview":"max-video-preview:-1"},"canonical":"https:\/\/now-news.de\/de\/deutschland\/weissrusslands-praesident-es-liegt-am-westen-den-ukraine-konflikt-zu-beenden\/","og_locale":"de_DE","og_type":"article","og_title":"Wei\u00dfrusslands Pr\u00e4sident: Es liegt am Westen, den Ukraine-Konflikt zu beenden","og_description":"Am Mittwoch hat der wei\u00dfrussische Pr\u00e4sident Alexander Lukaschenko der Nachrichtenagentur Associated Press\u00a0ein Interview gegeben. In dem etwa anderthalbst\u00fcndigen Gespr\u00e4ch er\u00f6rterte er unter anderem Wei\u00dfrusslands Position im laufenden Ukraine-Konflikt und umriss die Perspektiven\u00a0einer diplomatischen L\u00f6sung. Der Pr\u00e4sident vertrat den Standpunkt, dass sein Land alles\u00a0tun w\u00fcrde und tue, um den Krieg zwischen Russland und der Ukraine zu [&hellip;]","og_url":"https:\/\/now-news.de\/de\/deutschland\/weissrusslands-praesident-es-liegt-am-westen-den-ukraine-konflikt-zu-beenden\/","og_site_name":"just-now.NEWS Deutschland","article_publisher":"https:\/\/www.facebook.com\/wirmachenauf","article_published_time":"2022-05-05T15:25:31+00:00","og_image":[{"width":1104,"height":622,"url":"https:\/\/now-news.de\/de\/wp-content\/uploads\/sites\/3\/2022\/05\/Weissrusslands-Praesident-Es-liegt-am-Westen-den-Ukraine-Konflikt-zu-beenden.jpg","type":"image\/jpeg"}],"author":"rtnews","twitter_card":"summary_large_image","twitter_creator":"@WirMachenAuf_de","twitter_site":"@WirMachenAuf_de","twitter_misc":{"Verfasst von":"rtnews","Gesch\u00e4tzte Lesezeit":"2\u00a0Minuten"},"schema":{"@context":"https:\/\/schema.org","@graph":[{"@type":"Article","@id":"https:\/\/now-news.de\/de\/deutschland\/weissrusslands-praesident-es-liegt-am-westen-den-ukraine-konflikt-zu-beenden\/#article","isPartOf":{"@id":"https:\/\/now-news.de\/de\/deutschland\/weissrusslands-praesident-es-liegt-am-westen-den-ukraine-konflikt-zu-beenden\/"},"author":{"name":"rtnews","@id":"https:\/\/now-news.de\/de\/#\/schema\/person\/fb534a4e865501d8b3285208df34a9b5"},"headline":"Wei\u00dfrusslands Pr\u00e4sident: Es liegt am Westen, den Ukraine-Konflikt zu beenden","datePublished":"2022-05-05T15:25:31+00:00","dateModified":"2022-05-05T15:25:31+00:00","mainEntityOfPage":{"@id":"https:\/\/now-news.de\/de\/deutschland\/weissrusslands-praesident-es-liegt-am-westen-den-ukraine-konflikt-zu-beenden\/"},"wordCount":466,"commentCount":0,"publisher":{"@id":"https:\/\/now-news.de\/de\/#organization"},"image":{"@id":"https:\/\/now-news.de\/de\/deutschland\/weissrusslands-praesident-es-liegt-am-westen-den-ukraine-konflikt-zu-beenden\/#primaryimage"},"thumbnailUrl":"https:\/\/now-news.de\/de\/wp-content\/uploads\/sites\/3\/2022\/05\/Weissrusslands-Praesident-Es-liegt-am-Westen-den-Ukraine-Konflikt-zu-beenden.jpg","keywords":["beenden","den","liegt","Pr\u00e4sident","UkraineKonflikt","Wei\u00dfrusslands","Westen"],"articleSection":["Deutschland","Russland"],"inLanguage":"de","potentialAction":[{"@type":"CommentAction","name":"Comment","target":["https:\/\/now-news.de\/de\/deutschland\/weissrusslands-praesident-es-liegt-am-westen-den-ukraine-konflikt-zu-beenden\/#respond"]}]},{"@type":"WebPage","@id":"https:\/\/now-news.de\/de\/deutschland\/weissrusslands-praesident-es-liegt-am-westen-den-ukraine-konflikt-zu-beenden\/","url":"https:\/\/now-news.de\/de\/deutschland\/weissrusslands-praesident-es-liegt-am-westen-den-ukraine-konflikt-zu-beenden\/","name":"Wei\u00dfrusslands Pr\u00e4sident: Es liegt am Westen, den Ukraine-Konflikt zu beenden - just-now.NEWS Deutschland","isPartOf":{"@id":"https:\/\/now-news.de\/de\/#website"},"primaryImageOfPage":{"@id":"https:\/\/now-news.de\/de\/deutschland\/weissrusslands-praesident-es-liegt-am-westen-den-ukraine-konflikt-zu-beenden\/#primaryimage"},"image":{"@id":"https:\/\/now-news.de\/de\/deutschland\/weissrusslands-praesident-es-liegt-am-westen-den-ukraine-konflikt-zu-beenden\/#primaryimage"},"thumbnailUrl":"https:\/\/now-news.de\/de\/wp-content\/uploads\/sites\/3\/2022\/05\/Weissrusslands-Praesident-Es-liegt-am-Westen-den-Ukraine-Konflikt-zu-beenden.jpg","datePublished":"2022-05-05T15:25:31+00:00","dateModified":"2022-05-05T15:25:31+00:00","breadcrumb":{"@id":"https:\/\/now-news.de\/de\/deutschland\/weissrusslands-praesident-es-liegt-am-westen-den-ukraine-konflikt-zu-beenden\/#breadcrumb"},"inLanguage":"de","potentialAction":[{"@type":"ReadAction","target":["https:\/\/now-news.de\/de\/deutschland\/weissrusslands-praesident-es-liegt-am-westen-den-ukraine-konflikt-zu-beenden\/"]}]},{"@type":"ImageObject","inLanguage":"de","@id":"https:\/\/now-news.de\/de\/deutschland\/weissrusslands-praesident-es-liegt-am-westen-den-ukraine-konflikt-zu-beenden\/#primaryimage","url":"https:\/\/now-news.de\/de\/wp-content\/uploads\/sites\/3\/2022\/05\/Weissrusslands-Praesident-Es-liegt-am-Westen-den-Ukraine-Konflikt-zu-beenden.jpg","contentUrl":"https:\/\/now-news.de\/de\/wp-content\/uploads\/sites\/3\/2022\/05\/Weissrusslands-Praesident-Es-liegt-am-Westen-den-Ukraine-Konflikt-zu-beenden.jpg","width":1104,"height":622},{"@type":"BreadcrumbList","@id":"https:\/\/now-news.de\/de\/deutschland\/weissrusslands-praesident-es-liegt-am-westen-den-ukraine-konflikt-zu-beenden\/#breadcrumb","itemListElement":[{"@type":"ListItem","position":1,"name":"Home","item":"https:\/\/now-news.de\/de\/"},{"@type":"ListItem","position":2,"name":"Wei\u00dfrusslands Pr\u00e4sident: Es liegt am Westen, den Ukraine-Konflikt zu beenden"}]},{"@type":"WebSite","@id":"https:\/\/now-news.de\/de\/#website","url":"https:\/\/now-news.de\/de\/","name":"just-now.NEWS Deutschland","description":"Das Portal f\u00fcr unzensierte Nachrichten aus der Welt","publisher":{"@id":"https:\/\/now-news.de\/de\/#organization"},"potentialAction":[{"@type":"SearchAction","target":{"@type":"EntryPoint","urlTemplate":"https:\/\/now-news.de\/de\/?s={search_term_string}"},"query-input":"required name=search_term_string"}],"inLanguage":"de"},{"@type":"Organization","@id":"https:\/\/now-news.de\/de\/#organization","name":"Just Now News","url":"https:\/\/now-news.de\/de\/","logo":{"@type":"ImageObject","inLanguage":"de","@id":"https:\/\/now-news.de\/de\/#\/schema\/logo\/image\/","url":"http:\/\/just-now.news\/de\/wp-content\/uploads\/sites\/3\/2022\/04\/logo500x500.jpg","contentUrl":"http:\/\/just-now.news\/de\/wp-content\/uploads\/sites\/3\/2022\/04\/logo500x500.jpg","width":500,"height":500,"caption":"Just Now News"},"image":{"@id":"https:\/\/now-news.de\/de\/#\/schema\/logo\/image\/"},"sameAs":["https:\/\/www.facebook.com\/wirmachenauf","https:\/\/x.com\/WirMachenAuf_de"]},{"@type":"Person","@id":"https:\/\/now-news.de\/de\/#\/schema\/person\/fb534a4e865501d8b3285208df34a9b5","name":"rtnews","image":{"@type":"ImageObject","inLanguage":"de","@id":"https:\/\/now-news.de\/de\/#\/schema\/person\/image\/","url":"https:\/\/secure.gravatar.com\/avatar\/82aafea7d8127119dd649515f56e2117?s=96&d=mm&r=g","contentUrl":"https:\/\/secure.gravatar.com\/avatar\/82aafea7d8127119dd649515f56e2117?s=96&d=mm&r=g","caption":"rtnews"},"url":"https:\/\/now-news.de\/de\/author\/rnews\/"}]}},"_links":{"self":[{"href":"https:\/\/now-news.de\/de\/wp-json\/wp\/v2\/posts\/6851"}],"collection":[{"href":"https:\/\/now-news.de\/de\/wp-json\/wp\/v2\/posts"}],"about":[{"href":"https:\/\/now-news.de\/de\/wp-json\/wp\/v2\/types\/post"}],"author":[{"embeddable":true,"href":"https:\/\/now-news.de\/de\/wp-json\/wp\/v2\/users\/3"}],"replies":[{"embeddable":true,"href":"https:\/\/now-news.de\/de\/wp-json\/wp\/v2\/comments?post=6851"}],"version-history":[{"count":0,"href":"https:\/\/now-news.de\/de\/wp-json\/wp\/v2\/posts\/6851\/revisions"}],"wp:featuredmedia":[{"embeddable":true,"href":"https:\/\/now-news.de\/de\/wp-json\/wp\/v2\/media\/6852"}],"wp:attachment":[{"href":"https:\/\/now-news.de\/de\/wp-json\/wp\/v2\/media?parent=6851"}],"wp:term":[{"taxonomy":"category","embeddable":true,"href":"https:\/\/now-news.de\/de\/wp-json\/wp\/v2\/categories?post=6851"},{"taxonomy":"post_tag","embeddable":true,"href":"https:\/\/now-news.de\/de\/wp-json\/wp\/v2\/tags?post=6851"}],"curies":[{"name":"wp","href":"https:\/\/api.w.org\/{rel}","templated":true}]}}