{"id":68474,"date":"2024-09-08T13:32:27","date_gmt":"2024-09-08T11:32:27","guid":{"rendered":"https:\/\/now-news.de\/de\/deutschland\/donald-trump-ist-gekraenkt-fuehle-mich-von-putin-sehr-beleidigt\/"},"modified":"2024-09-08T13:32:27","modified_gmt":"2024-09-08T11:32:27","slug":"donald-trump-ist-gekraenkt-fuehle-mich-von-putin-sehr-beleidigt","status":"publish","type":"post","link":"https:\/\/now-news.de\/de\/deutschland\/donald-trump-ist-gekraenkt-fuehle-mich-von-putin-sehr-beleidigt\/","title":{"rendered":"Donald Trump ist gekr\u00e4nkt: F\u00fchle mich von Putin &quot;sehr beleidigt&quot;"},"content":{"rendered":"<p><img decoding=\"async\" src=\"https:\/\/now-news.de\/de\/wp-content\/uploads\/sites\/3\/2024\/09\/66dd74c148fbef61b71dcaee.jpg\" \/><\/p>\n<div class=\"Text-root Text-type_1 \">\n                Donald Trump fragt sich, warum Wladimir Putin sich f\u00fcr seine Rivalin Kamala Harris ausgesprochen hat. Zudem wirft der republikanische Pr\u00e4sidentschaftskandidat dem Wei\u00dfen Haus vor, falsche Behauptungen \u00fcber eine russische Wahleinmischung zu verbreiten.\n            <\/div>\n<p><\/p>\n<div class=\"Text-root Text-type_5 ArticleView-text ViewText-root \">\n<p>Der republikanische Pr\u00e4sidentschaftskandidat Donald Trump sagte, er habe sich &#8220;sehr beleidigt&#8221; gef\u00fchlt, als der russische Pr\u00e4sident Wladimir Putin seine Unterst\u00fctzung f\u00fcr seine Konkurrentin, US-Vizepr\u00e4sidentin Kamala Harris, zum Ausdruck brachte.<\/p>\n<p>Auf dem internationalen Wirtschaftsforum in Wladiwostok <a rel=\"nofollow noopener\" target=\"_blank\" href=\"https:\/\/freedert.online\/international\/218191-putin-bekundet-seine-vorliebe-fuer-harris\/\">sagte Putin<\/a> am Donnerstag auf die Frage, ob er einen &#8220;Favoriten&#8221; bei den US-Wahlen habe, er werde sich Joe Bidens Empfehlung f\u00fcr Harris anschlie\u00dfen und &#8220;sie auch unterst\u00fctzen&#8221;.<\/p>\n<p>Putin erkl\u00e4rte, dass &#8220;Trump mehr Sanktionen gegen Russland verh\u00e4ngt hat als jeder andere Pr\u00e4sident vor ihm&#8221;, und deutete an, dass Harris &#8220;vielleicht von solchen Ma\u00dfnahmen absehen w\u00fcrde&#8221;.<\/p>\n<p>Auf einer Wahlkampfveranstaltung in Mosinee, Wisconsin, warf Trump dem Wei\u00dfen Haus vor, falsche Behauptungen \u00fcber eine russische Einmischung in den Wahlkampf zu verbreiten.<\/p>\n<p>Wegen angeblich &#8220;b\u00f6sartiger Einflussnahme&#8221; hat das US-Finanzministerium auf Anweisung von Pr\u00e4sident Biden neue Sanktionen gegen Russland <a rel=\"nofollow noopener\" target=\"_blank\" href=\"https:\/\/freedert.online\/kurzclips\/video\/218106-rt-phobie-nicht-geheilt-usa\/\">beschlossen<\/a>. Konkret betroffen sind unter anderem <em>RT<\/em> und seine Chefredakteurin Margarita Simonjan. Moskau habe ein weitverzweigtes System von Online-Instrumenten geschaffen, um die US-\u00d6ffentlichkeit zu manipulieren, so die Beh\u00f6rde.<\/p>\n<p>&#8220;Oh nein, es geht wieder um Russland, Russland, Russland&#8221;, sagte Trump und betonte, dass der Konflikt in der Ukraine nie stattgefunden h\u00e4tte, wenn er zu dieser Zeit Pr\u00e4sident gewesen w\u00e4re.<\/p>\n<p>&#8220;Ich kannte Putin. Ich kannte ihn gut. Und wissen Sie, er hat \u2013 ich wei\u00df nicht, ob Sie es neulich gesehen haben \u2013 Kamala unterst\u00fctzt&#8221;, so Trump weiter. &#8220;Ich war sehr beleidigt dar\u00fcber. Ich frage mich, warum er Kamala unterst\u00fctzt hat.&#8221; Er bezeichnete Putin als &#8220;einen Schachspieler&#8221; und sagte, er frage sich, ob er \u00fcber Harris &#8220;mit einem L\u00e4cheln&#8221; gesprochen habe.<\/p>\n<p>Einige US-Nachrichtensender, darunter <em>CNN<\/em>, vermuteten, dass der russische Staatschef Harris &#8220;nur trollen&#8221; wollte. Putins Sprecher Dmitri Peskow lehnte es ab, zu erkl\u00e4ren, was der Pr\u00e4sident meinte, und sagte, dass die US-Innenpolitik f\u00fcr den Kreml keine vorrangige Angelegenheit sei.<\/p>\n<p>Harris selbst hat sich zu der Angelegenheit nicht ge\u00e4u\u00dfert. Das Wei\u00dfe Haus erkl\u00e4rte indes, Putin solle &#8220;keinen Kandidaten bevorzugen&#8221;.<\/p>\n<p>W\u00e4hrend seines Wahlkampfs zu seiner Wiederwahl hat Trump wiederholt behauptet, er werde umgehend neue Friedensverhandlungen zwischen Moskau und Kiew arrangieren und den Konflikt zwischen Russland und der Ukraine &#8220;innerhalb von 24 Stunden&#8221; l\u00f6sen. Der Kreml zeigt sich jedoch skeptisch. Peskow sagte k\u00fcrzlich, dass Trump &#8220;keinen Zauberstab&#8221; habe und die USA zun\u00e4chst die Waffenlieferungen an die Ukraine einstellen sollten.<\/p>\n<p><strong>Mehr zum Thema<\/strong> &#8211;\u00a0<a rel=\"nofollow noopener\" target=\"_blank\" href=\"https:\/\/freedert.online\/kurzclips\/video\/218253-wahleinmischung-usa-verhaengen-neue-sanktionen\/\">&#8220;Wahleinmischung&#8221;: USA verh\u00e4ngen neue Sanktionen gegen RT<\/a>\u00a0<\/p>\n<div class=\"EmbedBlock-root EmbedBlock-externalVideo EmbedBlock-rumble\">\n<div class=\"VkEmbed\"><iframe class=\"lazyload\" data-src=\"https:\/\/rumble.com\/embed\/v5bgcmd\" frameborder=\"0\" width=\"853\" height=\"480\" allowfullscreen><\/iframe><\/div>\n<\/div>\n<\/div>\n<p><br \/>\n<br \/><a href=\"https:\/\/de.rt.com\/international\/218452-donald-trump-ist-gekraenkt-fuehle\/\">Source link <\/a><\/p>\n","protected":false},"excerpt":{"rendered":"<p>Donald Trump fragt sich, warum Wladimir Putin sich f\u00fcr seine Rivalin Kamala Harris ausgesprochen hat. Zudem wirft der republikanische Pr\u00e4sidentschaftskandidat dem Wei\u00dfen Haus vor, falsche Behauptungen \u00fcber eine russische Wahleinmischung zu verbreiten. Der republikanische Pr\u00e4sidentschaftskandidat Donald Trump sagte, er habe sich &#8220;sehr beleidigt&#8221; gef\u00fchlt, als der russische Pr\u00e4sident Wladimir Putin seine Unterst\u00fctzung f\u00fcr seine Konkurrentin, [&hellip;]<\/p>\n","protected":false},"author":3,"featured_media":68475,"comment_status":"open","ping_status":"open","sticky":false,"template":"","format":"standard","meta":{"_yoast_indexnow_last_ping":["1725795292"],"wp_automatic_camp":["217"],"a7f31e1bfbac64774160c6f8d22674e9":["Donald Trump ist gekr\u00e4nkt: F\u00fchle mich von Putin &quot;sehr beleidigt&quot;"],"original_link":["https:\/\/de.rt.com\/international\/218452-donald-trump-ist-gekraenkt-fuehle\/"],"_thumbnail_id":["68475"],"jnews_social_counter_last_update":["1777810588"],"_wptgpro_p2tg_sent2tg":["a:1:{i:23737;s:19:\"2024-09-08 13:35:57\";}"]},"categories":[19,23],"tags":[58359,3129,58358,58357,414,3568,125,18787,1639,50],"yoast_head":"<!-- This site is optimized with the Yoast SEO Premium plugin v22.7 (Yoast SEO v22.7) - https:\/\/yoast.com\/wordpress\/plugins\/seo\/ -->\n<title>Donald Trump ist gekr\u00e4nkt: F\u00fchle mich von Putin &quot;sehr beleidigt&quot; - just-now.NEWS Deutschland<\/title>\n<meta name=\"robots\" content=\"index, follow, max-snippet:-1, max-image-preview:large, max-video-preview:-1\" \/>\n<link rel=\"canonical\" href=\"https:\/\/now-news.de\/de\/deutschland\/donald-trump-ist-gekraenkt-fuehle-mich-von-putin-sehr-beleidigt\/\" \/>\n<meta property=\"og:locale\" content=\"de_DE\" \/>\n<meta property=\"og:type\" content=\"article\" \/>\n<meta property=\"og:title\" content=\"Donald Trump ist gekr\u00e4nkt: F\u00fchle mich von Putin &quot;sehr beleidigt&quot;\" \/>\n<meta property=\"og:description\" content=\"Donald Trump fragt sich, warum Wladimir Putin sich f\u00fcr seine Rivalin Kamala Harris ausgesprochen hat. Zudem wirft der republikanische Pr\u00e4sidentschaftskandidat dem Wei\u00dfen Haus vor, falsche Behauptungen \u00fcber eine russische Wahleinmischung zu verbreiten. Der republikanische Pr\u00e4sidentschaftskandidat Donald Trump sagte, er habe sich &#8220;sehr beleidigt&#8221; gef\u00fchlt, als der russische Pr\u00e4sident Wladimir Putin seine Unterst\u00fctzung f\u00fcr seine Konkurrentin, [&hellip;]\" \/>\n<meta property=\"og:url\" content=\"https:\/\/now-news.de\/de\/deutschland\/donald-trump-ist-gekraenkt-fuehle-mich-von-putin-sehr-beleidigt\/\" \/>\n<meta property=\"og:site_name\" content=\"just-now.NEWS Deutschland\" \/>\n<meta property=\"article:publisher\" content=\"https:\/\/www.facebook.com\/wirmachenauf\" \/>\n<meta property=\"article:published_time\" content=\"2024-09-08T11:32:27+00:00\" \/>\n<meta property=\"og:image\" content=\"https:\/\/now-news.de\/de\/wp-content\/uploads\/sites\/3\/2024\/09\/66dd74c148fbef61b71dcaee.jpg\" \/>\n<meta name=\"author\" content=\"rtnews\" \/>\n<meta name=\"twitter:card\" content=\"summary_large_image\" \/>\n<meta name=\"twitter:creator\" content=\"@WirMachenAuf_de\" \/>\n<meta name=\"twitter:site\" content=\"@WirMachenAuf_de\" \/>\n<meta name=\"twitter:label1\" content=\"Verfasst von\" \/>\n\t<meta name=\"twitter:data1\" content=\"rtnews\" \/>\n\t<meta name=\"twitter:label2\" content=\"Gesch\u00e4tzte Lesezeit\" \/>\n\t<meta name=\"twitter:data2\" content=\"2\u00a0Minuten\" \/>\n<script type=\"application\/ld+json\" class=\"yoast-schema-graph\">{\"@context\":\"https:\/\/schema.org\",\"@graph\":[{\"@type\":\"Article\",\"@id\":\"https:\/\/now-news.de\/de\/deutschland\/donald-trump-ist-gekraenkt-fuehle-mich-von-putin-sehr-beleidigt\/#article\",\"isPartOf\":{\"@id\":\"https:\/\/now-news.de\/de\/deutschland\/donald-trump-ist-gekraenkt-fuehle-mich-von-putin-sehr-beleidigt\/\"},\"author\":{\"name\":\"rtnews\",\"@id\":\"https:\/\/now-news.de\/de\/#\/schema\/person\/fb534a4e865501d8b3285208df34a9b5\"},\"headline\":\"Donald Trump ist gekr\u00e4nkt: F\u00fchle mich von Putin &quot;sehr beleidigt&quot;\",\"datePublished\":\"2024-09-08T11:32:27+00:00\",\"dateModified\":\"2024-09-08T11:32:27+00:00\",\"mainEntityOfPage\":{\"@id\":\"https:\/\/now-news.de\/de\/deutschland\/donald-trump-ist-gekraenkt-fuehle-mich-von-putin-sehr-beleidigt\/\"},\"wordCount\":461,\"commentCount\":0,\"publisher\":{\"@id\":\"https:\/\/now-news.de\/de\/#organization\"},\"image\":{\"@id\":\"https:\/\/now-news.de\/de\/deutschland\/donald-trump-ist-gekraenkt-fuehle-mich-von-putin-sehr-beleidigt\/#primaryimage\"},\"thumbnailUrl\":\"https:\/\/now-news.de\/de\/wp-content\/uploads\/sites\/3\/2024\/09\/Donald-Trump-ist-gekraenkt-Fuehle-mich-von-Putin-quotsehr-beleidigtquot.jpg\",\"keywords\":[\"beleidigtquot\",\"Donald\",\"F\u00fchle\",\"gekr\u00e4nkt\",\"ist\",\"mich\",\"putin\",\"quotsehr\",\"trump\",\"von\"],\"articleSection\":[\"Deutschland\",\"Russland\"],\"inLanguage\":\"de\",\"potentialAction\":[{\"@type\":\"CommentAction\",\"name\":\"Comment\",\"target\":[\"https:\/\/now-news.de\/de\/deutschland\/donald-trump-ist-gekraenkt-fuehle-mich-von-putin-sehr-beleidigt\/#respond\"]}]},{\"@type\":\"WebPage\",\"@id\":\"https:\/\/now-news.de\/de\/deutschland\/donald-trump-ist-gekraenkt-fuehle-mich-von-putin-sehr-beleidigt\/\",\"url\":\"https:\/\/now-news.de\/de\/deutschland\/donald-trump-ist-gekraenkt-fuehle-mich-von-putin-sehr-beleidigt\/\",\"name\":\"Donald Trump ist gekr\u00e4nkt: F\u00fchle mich von Putin &quot;sehr beleidigt&quot; - just-now.NEWS Deutschland\",\"isPartOf\":{\"@id\":\"https:\/\/now-news.de\/de\/#website\"},\"primaryImageOfPage\":{\"@id\":\"https:\/\/now-news.de\/de\/deutschland\/donald-trump-ist-gekraenkt-fuehle-mich-von-putin-sehr-beleidigt\/#primaryimage\"},\"image\":{\"@id\":\"https:\/\/now-news.de\/de\/deutschland\/donald-trump-ist-gekraenkt-fuehle-mich-von-putin-sehr-beleidigt\/#primaryimage\"},\"thumbnailUrl\":\"https:\/\/now-news.de\/de\/wp-content\/uploads\/sites\/3\/2024\/09\/Donald-Trump-ist-gekraenkt-Fuehle-mich-von-Putin-quotsehr-beleidigtquot.jpg\",\"datePublished\":\"2024-09-08T11:32:27+00:00\",\"dateModified\":\"2024-09-08T11:32:27+00:00\",\"breadcrumb\":{\"@id\":\"https:\/\/now-news.de\/de\/deutschland\/donald-trump-ist-gekraenkt-fuehle-mich-von-putin-sehr-beleidigt\/#breadcrumb\"},\"inLanguage\":\"de\",\"potentialAction\":[{\"@type\":\"ReadAction\",\"target\":[\"https:\/\/now-news.de\/de\/deutschland\/donald-trump-ist-gekraenkt-fuehle-mich-von-putin-sehr-beleidigt\/\"]}]},{\"@type\":\"ImageObject\",\"inLanguage\":\"de\",\"@id\":\"https:\/\/now-news.de\/de\/deutschland\/donald-trump-ist-gekraenkt-fuehle-mich-von-putin-sehr-beleidigt\/#primaryimage\",\"url\":\"https:\/\/now-news.de\/de\/wp-content\/uploads\/sites\/3\/2024\/09\/Donald-Trump-ist-gekraenkt-Fuehle-mich-von-Putin-quotsehr-beleidigtquot.jpg\",\"contentUrl\":\"https:\/\/now-news.de\/de\/wp-content\/uploads\/sites\/3\/2024\/09\/Donald-Trump-ist-gekraenkt-Fuehle-mich-von-Putin-quotsehr-beleidigtquot.jpg\",\"width\":460,\"height\":259,\"caption\":\"Donald Trump ist gekr\u00e4nkt: F\u00fchle mich von Putin &quot;sehr beleidigt&quot;\"},{\"@type\":\"BreadcrumbList\",\"@id\":\"https:\/\/now-news.de\/de\/deutschland\/donald-trump-ist-gekraenkt-fuehle-mich-von-putin-sehr-beleidigt\/#breadcrumb\",\"itemListElement\":[{\"@type\":\"ListItem\",\"position\":1,\"name\":\"Home\",\"item\":\"https:\/\/now-news.de\/de\/\"},{\"@type\":\"ListItem\",\"position\":2,\"name\":\"Donald Trump ist gekr\u00e4nkt: F\u00fchle mich von Putin &quot;sehr beleidigt&quot;\"}]},{\"@type\":\"WebSite\",\"@id\":\"https:\/\/now-news.de\/de\/#website\",\"url\":\"https:\/\/now-news.de\/de\/\",\"name\":\"just-now.NEWS Deutschland\",\"description\":\"Das Portal f\u00fcr unzensierte Nachrichten aus der Welt\",\"publisher\":{\"@id\":\"https:\/\/now-news.de\/de\/#organization\"},\"potentialAction\":[{\"@type\":\"SearchAction\",\"target\":{\"@type\":\"EntryPoint\",\"urlTemplate\":\"https:\/\/now-news.de\/de\/?s={search_term_string}\"},\"query-input\":\"required name=search_term_string\"}],\"inLanguage\":\"de\"},{\"@type\":\"Organization\",\"@id\":\"https:\/\/now-news.de\/de\/#organization\",\"name\":\"Just Now News\",\"url\":\"https:\/\/now-news.de\/de\/\",\"logo\":{\"@type\":\"ImageObject\",\"inLanguage\":\"de\",\"@id\":\"https:\/\/now-news.de\/de\/#\/schema\/logo\/image\/\",\"url\":\"http:\/\/just-now.news\/de\/wp-content\/uploads\/sites\/3\/2022\/04\/logo500x500.jpg\",\"contentUrl\":\"http:\/\/just-now.news\/de\/wp-content\/uploads\/sites\/3\/2022\/04\/logo500x500.jpg\",\"width\":500,\"height\":500,\"caption\":\"Just Now News\"},\"image\":{\"@id\":\"https:\/\/now-news.de\/de\/#\/schema\/logo\/image\/\"},\"sameAs\":[\"https:\/\/www.facebook.com\/wirmachenauf\",\"https:\/\/x.com\/WirMachenAuf_de\"]},{\"@type\":\"Person\",\"@id\":\"https:\/\/now-news.de\/de\/#\/schema\/person\/fb534a4e865501d8b3285208df34a9b5\",\"name\":\"rtnews\",\"image\":{\"@type\":\"ImageObject\",\"inLanguage\":\"de\",\"@id\":\"https:\/\/now-news.de\/de\/#\/schema\/person\/image\/\",\"url\":\"https:\/\/secure.gravatar.com\/avatar\/82aafea7d8127119dd649515f56e2117?s=96&d=mm&r=g\",\"contentUrl\":\"https:\/\/secure.gravatar.com\/avatar\/82aafea7d8127119dd649515f56e2117?s=96&d=mm&r=g\",\"caption\":\"rtnews\"},\"url\":\"https:\/\/now-news.de\/de\/author\/rnews\/\"}]}<\/script>\n<!-- \/ Yoast SEO Premium plugin. -->","yoast_head_json":{"title":"Donald Trump ist gekr\u00e4nkt: F\u00fchle mich von Putin &quot;sehr beleidigt&quot; - just-now.NEWS Deutschland","robots":{"index":"index","follow":"follow","max-snippet":"max-snippet:-1","max-image-preview":"max-image-preview:large","max-video-preview":"max-video-preview:-1"},"canonical":"https:\/\/now-news.de\/de\/deutschland\/donald-trump-ist-gekraenkt-fuehle-mich-von-putin-sehr-beleidigt\/","og_locale":"de_DE","og_type":"article","og_title":"Donald Trump ist gekr\u00e4nkt: F\u00fchle mich von Putin &quot;sehr beleidigt&quot;","og_description":"Donald Trump fragt sich, warum Wladimir Putin sich f\u00fcr seine Rivalin Kamala Harris ausgesprochen hat. Zudem wirft der republikanische Pr\u00e4sidentschaftskandidat dem Wei\u00dfen Haus vor, falsche Behauptungen \u00fcber eine russische Wahleinmischung zu verbreiten. Der republikanische Pr\u00e4sidentschaftskandidat Donald Trump sagte, er habe sich &#8220;sehr beleidigt&#8221; gef\u00fchlt, als der russische Pr\u00e4sident Wladimir Putin seine Unterst\u00fctzung f\u00fcr seine Konkurrentin, [&hellip;]","og_url":"https:\/\/now-news.de\/de\/deutschland\/donald-trump-ist-gekraenkt-fuehle-mich-von-putin-sehr-beleidigt\/","og_site_name":"just-now.NEWS Deutschland","article_publisher":"https:\/\/www.facebook.com\/wirmachenauf","article_published_time":"2024-09-08T11:32:27+00:00","og_image":[{"url":"https:\/\/now-news.de\/de\/wp-content\/uploads\/sites\/3\/2024\/09\/66dd74c148fbef61b71dcaee.jpg"}],"author":"rtnews","twitter_card":"summary_large_image","twitter_creator":"@WirMachenAuf_de","twitter_site":"@WirMachenAuf_de","twitter_misc":{"Verfasst von":"rtnews","Gesch\u00e4tzte Lesezeit":"2\u00a0Minuten"},"schema":{"@context":"https:\/\/schema.org","@graph":[{"@type":"Article","@id":"https:\/\/now-news.de\/de\/deutschland\/donald-trump-ist-gekraenkt-fuehle-mich-von-putin-sehr-beleidigt\/#article","isPartOf":{"@id":"https:\/\/now-news.de\/de\/deutschland\/donald-trump-ist-gekraenkt-fuehle-mich-von-putin-sehr-beleidigt\/"},"author":{"name":"rtnews","@id":"https:\/\/now-news.de\/de\/#\/schema\/person\/fb534a4e865501d8b3285208df34a9b5"},"headline":"Donald Trump ist gekr\u00e4nkt: F\u00fchle mich von Putin &quot;sehr beleidigt&quot;","datePublished":"2024-09-08T11:32:27+00:00","dateModified":"2024-09-08T11:32:27+00:00","mainEntityOfPage":{"@id":"https:\/\/now-news.de\/de\/deutschland\/donald-trump-ist-gekraenkt-fuehle-mich-von-putin-sehr-beleidigt\/"},"wordCount":461,"commentCount":0,"publisher":{"@id":"https:\/\/now-news.de\/de\/#organization"},"image":{"@id":"https:\/\/now-news.de\/de\/deutschland\/donald-trump-ist-gekraenkt-fuehle-mich-von-putin-sehr-beleidigt\/#primaryimage"},"thumbnailUrl":"https:\/\/now-news.de\/de\/wp-content\/uploads\/sites\/3\/2024\/09\/Donald-Trump-ist-gekraenkt-Fuehle-mich-von-Putin-quotsehr-beleidigtquot.jpg","keywords":["beleidigtquot","Donald","F\u00fchle","gekr\u00e4nkt","ist","mich","putin","quotsehr","trump","von"],"articleSection":["Deutschland","Russland"],"inLanguage":"de","potentialAction":[{"@type":"CommentAction","name":"Comment","target":["https:\/\/now-news.de\/de\/deutschland\/donald-trump-ist-gekraenkt-fuehle-mich-von-putin-sehr-beleidigt\/#respond"]}]},{"@type":"WebPage","@id":"https:\/\/now-news.de\/de\/deutschland\/donald-trump-ist-gekraenkt-fuehle-mich-von-putin-sehr-beleidigt\/","url":"https:\/\/now-news.de\/de\/deutschland\/donald-trump-ist-gekraenkt-fuehle-mich-von-putin-sehr-beleidigt\/","name":"Donald Trump ist gekr\u00e4nkt: F\u00fchle mich von Putin &quot;sehr beleidigt&quot; - just-now.NEWS Deutschland","isPartOf":{"@id":"https:\/\/now-news.de\/de\/#website"},"primaryImageOfPage":{"@id":"https:\/\/now-news.de\/de\/deutschland\/donald-trump-ist-gekraenkt-fuehle-mich-von-putin-sehr-beleidigt\/#primaryimage"},"image":{"@id":"https:\/\/now-news.de\/de\/deutschland\/donald-trump-ist-gekraenkt-fuehle-mich-von-putin-sehr-beleidigt\/#primaryimage"},"thumbnailUrl":"https:\/\/now-news.de\/de\/wp-content\/uploads\/sites\/3\/2024\/09\/Donald-Trump-ist-gekraenkt-Fuehle-mich-von-Putin-quotsehr-beleidigtquot.jpg","datePublished":"2024-09-08T11:32:27+00:00","dateModified":"2024-09-08T11:32:27+00:00","breadcrumb":{"@id":"https:\/\/now-news.de\/de\/deutschland\/donald-trump-ist-gekraenkt-fuehle-mich-von-putin-sehr-beleidigt\/#breadcrumb"},"inLanguage":"de","potentialAction":[{"@type":"ReadAction","target":["https:\/\/now-news.de\/de\/deutschland\/donald-trump-ist-gekraenkt-fuehle-mich-von-putin-sehr-beleidigt\/"]}]},{"@type":"ImageObject","inLanguage":"de","@id":"https:\/\/now-news.de\/de\/deutschland\/donald-trump-ist-gekraenkt-fuehle-mich-von-putin-sehr-beleidigt\/#primaryimage","url":"https:\/\/now-news.de\/de\/wp-content\/uploads\/sites\/3\/2024\/09\/Donald-Trump-ist-gekraenkt-Fuehle-mich-von-Putin-quotsehr-beleidigtquot.jpg","contentUrl":"https:\/\/now-news.de\/de\/wp-content\/uploads\/sites\/3\/2024\/09\/Donald-Trump-ist-gekraenkt-Fuehle-mich-von-Putin-quotsehr-beleidigtquot.jpg","width":460,"height":259,"caption":"Donald Trump ist gekr\u00e4nkt: F\u00fchle mich von Putin &quot;sehr beleidigt&quot;"},{"@type":"BreadcrumbList","@id":"https:\/\/now-news.de\/de\/deutschland\/donald-trump-ist-gekraenkt-fuehle-mich-von-putin-sehr-beleidigt\/#breadcrumb","itemListElement":[{"@type":"ListItem","position":1,"name":"Home","item":"https:\/\/now-news.de\/de\/"},{"@type":"ListItem","position":2,"name":"Donald Trump ist gekr\u00e4nkt: F\u00fchle mich von Putin &quot;sehr beleidigt&quot;"}]},{"@type":"WebSite","@id":"https:\/\/now-news.de\/de\/#website","url":"https:\/\/now-news.de\/de\/","name":"just-now.NEWS Deutschland","description":"Das Portal f\u00fcr unzensierte Nachrichten aus der Welt","publisher":{"@id":"https:\/\/now-news.de\/de\/#organization"},"potentialAction":[{"@type":"SearchAction","target":{"@type":"EntryPoint","urlTemplate":"https:\/\/now-news.de\/de\/?s={search_term_string}"},"query-input":"required name=search_term_string"}],"inLanguage":"de"},{"@type":"Organization","@id":"https:\/\/now-news.de\/de\/#organization","name":"Just Now News","url":"https:\/\/now-news.de\/de\/","logo":{"@type":"ImageObject","inLanguage":"de","@id":"https:\/\/now-news.de\/de\/#\/schema\/logo\/image\/","url":"http:\/\/just-now.news\/de\/wp-content\/uploads\/sites\/3\/2022\/04\/logo500x500.jpg","contentUrl":"http:\/\/just-now.news\/de\/wp-content\/uploads\/sites\/3\/2022\/04\/logo500x500.jpg","width":500,"height":500,"caption":"Just Now News"},"image":{"@id":"https:\/\/now-news.de\/de\/#\/schema\/logo\/image\/"},"sameAs":["https:\/\/www.facebook.com\/wirmachenauf","https:\/\/x.com\/WirMachenAuf_de"]},{"@type":"Person","@id":"https:\/\/now-news.de\/de\/#\/schema\/person\/fb534a4e865501d8b3285208df34a9b5","name":"rtnews","image":{"@type":"ImageObject","inLanguage":"de","@id":"https:\/\/now-news.de\/de\/#\/schema\/person\/image\/","url":"https:\/\/secure.gravatar.com\/avatar\/82aafea7d8127119dd649515f56e2117?s=96&d=mm&r=g","contentUrl":"https:\/\/secure.gravatar.com\/avatar\/82aafea7d8127119dd649515f56e2117?s=96&d=mm&r=g","caption":"rtnews"},"url":"https:\/\/now-news.de\/de\/author\/rnews\/"}]}},"_links":{"self":[{"href":"https:\/\/now-news.de\/de\/wp-json\/wp\/v2\/posts\/68474"}],"collection":[{"href":"https:\/\/now-news.de\/de\/wp-json\/wp\/v2\/posts"}],"about":[{"href":"https:\/\/now-news.de\/de\/wp-json\/wp\/v2\/types\/post"}],"author":[{"embeddable":true,"href":"https:\/\/now-news.de\/de\/wp-json\/wp\/v2\/users\/3"}],"replies":[{"embeddable":true,"href":"https:\/\/now-news.de\/de\/wp-json\/wp\/v2\/comments?post=68474"}],"version-history":[{"count":0,"href":"https:\/\/now-news.de\/de\/wp-json\/wp\/v2\/posts\/68474\/revisions"}],"wp:featuredmedia":[{"embeddable":true,"href":"https:\/\/now-news.de\/de\/wp-json\/wp\/v2\/media\/68475"}],"wp:attachment":[{"href":"https:\/\/now-news.de\/de\/wp-json\/wp\/v2\/media?parent=68474"}],"wp:term":[{"taxonomy":"category","embeddable":true,"href":"https:\/\/now-news.de\/de\/wp-json\/wp\/v2\/categories?post=68474"},{"taxonomy":"post_tag","embeddable":true,"href":"https:\/\/now-news.de\/de\/wp-json\/wp\/v2\/tags?post=68474"}],"curies":[{"name":"wp","href":"https:\/\/api.w.org\/{rel}","templated":true}]}}