{"id":68472,"date":"2024-09-08T12:51:17","date_gmt":"2024-09-08T10:51:17","guid":{"rendered":"https:\/\/now-news.de\/de\/deutschland\/und-taeglich-gruesst-das-murmeltier-16-jaehriger-sticht-17-jaehrigen-in-hessen-mit-messer-in-ruecken\/"},"modified":"2024-09-08T12:51:17","modified_gmt":"2024-09-08T10:51:17","slug":"und-taeglich-gruesst-das-murmeltier-16-jaehriger-sticht-17-jaehrigen-in-hessen-mit-messer-in-ruecken","status":"publish","type":"post","link":"https:\/\/now-news.de\/de\/deutschland\/und-taeglich-gruesst-das-murmeltier-16-jaehriger-sticht-17-jaehrigen-in-hessen-mit-messer-in-ruecken\/","title":{"rendered":"Und t\u00e4glich gr\u00fc\u00dft das &quot;Murmeltier&quot;: 16-J\u00e4hriger sticht 17-J\u00e4hrigen in Hessen mit Messer in R\u00fccken"},"content":{"rendered":"<p><img decoding=\"async\" src=\"https:\/\/now-news.de\/de\/wp-content\/uploads\/sites\/3\/2024\/09\/66dd787648fbef0aea6f4a27.jpg\" \/><\/p>\n<div class=\"Text-root Text-type_1 \">\n                In der s\u00fcdhessischen Kleinstadt Babenhausen sind zwei Jugendliche derart in Streit geraten, dass einer den anderen mit einem Messerstich schwer verletzt hat. \u00dcber die Hintergr\u00fcnde der Tat wird noch spekuliert.\n            <\/div>\n<p><\/p>\n<div class=\"Text-root Text-type_5 ArticleView-text ViewText-root \">\n<p data-v-774959dd=\"\" data-v-755f0215=\"\">Ein Streit zwischen zwei Jugendlichen ist am Sonnabend im hessischen Babenhausen\u00a0derma\u00dfen eskaliert, dass einer der jungen M\u00e4nner den anderen mit einem Stich in den R\u00fccken schwer verletzt hat.<\/p>\n<p data-v-774959dd=\"\" data-v-755f0215=\"\">Nach Angaben der Polizei trafen sich die 16 und 17 Jahre alten Jugendlichen gegen 20.30 Uhr in einem Bereich etwas au\u00dferhalb des Babenh\u00e4user Altstadtfests. Das Treffen soll zun\u00e4chst freundschaftlich gewesen sein, dann kam es jedoch zu einem Streit zwischen den beiden. Das <a rel=\"nofollow noopener\" target=\"_blank\" href=\"https:\/\/www.faz.net\/aktuell\/babenhausen-16-jaehriger-sticht-17-jaehrigen-in-den-ruecken-19970776.html\">berichtet <\/a>unter anderem die <em>FAZ<\/em>. Der Streit artete so aus, dass der J\u00fcngere dem \u00c4lteren\u00a0in den R\u00fccken stach, vermutlich mit einem Messer. Der mutma\u00dfliche T\u00e4ter floh im Anschluss vom Tatort und soll die Tatwaffe bei der Flucht weggeworfen haben.<\/p>\n<p data-v-774959dd=\"\" data-v-755f0215=\"\">Der 17 Jahre alte Jugendliche kam mit schweren Verletzungen in ein Krankenhaus.\u00a0Nach einer kurzen Fahndung, an der zahlreiche Polizisten beteiligt waren, konnte\u00a0der 16-J\u00e4hrige festgenommen werden. Beide jungen M\u00e4nner\u00a0sollen aus Babenhausen stammen.<\/p>\n<p data-v-774959dd=\"\" data-v-755f0215=\"\"><strong>Mehr zum Thema \u2013\u00a0<\/strong><a rel=\"nofollow noopener\" target=\"_blank\" href=\"https:\/\/freedert.online\/inland\/217906-messermord-in-niedersachsen-opfer-war\/\">Messermord in Niedersachsen: Das Opfer war Leiter der Fl\u00fcchtlingsunterkunft, in der der T\u00e4ter lebte<\/a><\/p>\n<\/p>\n<\/div>\n<p><br \/>\n<br \/><a href=\"https:\/\/de.rt.com\/inland\/218458-und-taeglich-gruesst-murmeltier-16\/\">Source link <\/a><\/p>\n","protected":false},"excerpt":{"rendered":"<p>In der s\u00fcdhessischen Kleinstadt Babenhausen sind zwei Jugendliche derart in Streit geraten, dass einer den anderen mit einem Messerstich schwer verletzt hat. \u00dcber die Hintergr\u00fcnde der Tat wird noch spekuliert. Ein Streit zwischen zwei Jugendlichen ist am Sonnabend im hessischen Babenhausen\u00a0derma\u00dfen eskaliert, dass einer der jungen M\u00e4nner den anderen mit einem Stich in den R\u00fccken [&hellip;]<\/p>\n","protected":false},"author":3,"featured_media":68473,"comment_status":"open","ping_status":"open","sticky":false,"template":"","format":"standard","meta":{"_yoast_indexnow_last_ping":["1725793366"],"wp_automatic_camp":["217"],"16e519222b8f624f7fb1db98b2a2447e":["Und t\u00e4glich gr\u00fc\u00dft das &quot;Murmeltier&quot;: 16-J\u00e4hriger sticht 17-J\u00e4hrigen in Hessen mit Messer in R\u00fccken"],"original_link":["https:\/\/de.rt.com\/inland\/218458-und-taeglich-gruesst-murmeltier-16\/"],"_thumbnail_id":["68473"],"jnews_social_counter_last_update":["1777585204"],"_wptgpro_p2tg_sent2tg":["a:1:{i:23737;s:19:\"2024-09-08 13:03:50\";}"]},"categories":[19,23],"tags":[27188,18654,427,20639,22554,19109,419,58356,26073,51805,23330,140],"yoast_head":"<!-- This site is optimized with the Yoast SEO Premium plugin v22.7 (Yoast SEO v22.7) - https:\/\/yoast.com\/wordpress\/plugins\/seo\/ -->\n<title>Und t\u00e4glich gr\u00fc\u00dft das &quot;Murmeltier&quot;: 16-J\u00e4hriger sticht 17-J\u00e4hrigen in Hessen mit Messer in R\u00fccken - just-now.NEWS Deutschland<\/title>\n<meta name=\"robots\" content=\"index, follow, max-snippet:-1, max-image-preview:large, max-video-preview:-1\" \/>\n<link rel=\"canonical\" href=\"https:\/\/now-news.de\/de\/deutschland\/und-taeglich-gruesst-das-murmeltier-16-jaehriger-sticht-17-jaehrigen-in-hessen-mit-messer-in-ruecken\/\" \/>\n<meta property=\"og:locale\" content=\"de_DE\" \/>\n<meta property=\"og:type\" content=\"article\" \/>\n<meta property=\"og:title\" content=\"Und t\u00e4glich gr\u00fc\u00dft das &quot;Murmeltier&quot;: 16-J\u00e4hriger sticht 17-J\u00e4hrigen in Hessen mit Messer in R\u00fccken\" \/>\n<meta property=\"og:description\" content=\"In der s\u00fcdhessischen Kleinstadt Babenhausen sind zwei Jugendliche derart in Streit geraten, dass einer den anderen mit einem Messerstich schwer verletzt hat. \u00dcber die Hintergr\u00fcnde der Tat wird noch spekuliert. Ein Streit zwischen zwei Jugendlichen ist am Sonnabend im hessischen Babenhausen\u00a0derma\u00dfen eskaliert, dass einer der jungen M\u00e4nner den anderen mit einem Stich in den R\u00fccken [&hellip;]\" \/>\n<meta property=\"og:url\" content=\"https:\/\/now-news.de\/de\/deutschland\/und-taeglich-gruesst-das-murmeltier-16-jaehriger-sticht-17-jaehrigen-in-hessen-mit-messer-in-ruecken\/\" \/>\n<meta property=\"og:site_name\" content=\"just-now.NEWS Deutschland\" \/>\n<meta property=\"article:publisher\" content=\"https:\/\/www.facebook.com\/wirmachenauf\" \/>\n<meta property=\"article:published_time\" content=\"2024-09-08T10:51:17+00:00\" \/>\n<meta property=\"og:image\" content=\"https:\/\/now-news.de\/de\/wp-content\/uploads\/sites\/3\/2024\/09\/66dd787648fbef0aea6f4a27.jpg\" \/>\n<meta name=\"author\" content=\"rtnews\" \/>\n<meta name=\"twitter:card\" content=\"summary_large_image\" \/>\n<meta name=\"twitter:creator\" content=\"@WirMachenAuf_de\" \/>\n<meta name=\"twitter:site\" content=\"@WirMachenAuf_de\" \/>\n<meta name=\"twitter:label1\" content=\"Verfasst von\" \/>\n\t<meta name=\"twitter:data1\" content=\"rtnews\" \/>\n\t<meta name=\"twitter:label2\" content=\"Gesch\u00e4tzte Lesezeit\" \/>\n\t<meta name=\"twitter:data2\" content=\"1\u00a0Minute\" \/>\n<script type=\"application\/ld+json\" class=\"yoast-schema-graph\">{\"@context\":\"https:\/\/schema.org\",\"@graph\":[{\"@type\":\"Article\",\"@id\":\"https:\/\/now-news.de\/de\/deutschland\/und-taeglich-gruesst-das-murmeltier-16-jaehriger-sticht-17-jaehrigen-in-hessen-mit-messer-in-ruecken\/#article\",\"isPartOf\":{\"@id\":\"https:\/\/now-news.de\/de\/deutschland\/und-taeglich-gruesst-das-murmeltier-16-jaehriger-sticht-17-jaehrigen-in-hessen-mit-messer-in-ruecken\/\"},\"author\":{\"name\":\"rtnews\",\"@id\":\"https:\/\/now-news.de\/de\/#\/schema\/person\/fb534a4e865501d8b3285208df34a9b5\"},\"headline\":\"Und t\u00e4glich gr\u00fc\u00dft das &quot;Murmeltier&quot;: 16-J\u00e4hriger sticht 17-J\u00e4hrigen in Hessen mit Messer in R\u00fccken\",\"datePublished\":\"2024-09-08T10:51:17+00:00\",\"dateModified\":\"2024-09-08T10:51:17+00:00\",\"mainEntityOfPage\":{\"@id\":\"https:\/\/now-news.de\/de\/deutschland\/und-taeglich-gruesst-das-murmeltier-16-jaehriger-sticht-17-jaehrigen-in-hessen-mit-messer-in-ruecken\/\"},\"wordCount\":228,\"commentCount\":0,\"publisher\":{\"@id\":\"https:\/\/now-news.de\/de\/#organization\"},\"image\":{\"@id\":\"https:\/\/now-news.de\/de\/deutschland\/und-taeglich-gruesst-das-murmeltier-16-jaehriger-sticht-17-jaehrigen-in-hessen-mit-messer-in-ruecken\/#primaryimage\"},\"thumbnailUrl\":\"https:\/\/now-news.de\/de\/wp-content\/uploads\/sites\/3\/2024\/09\/Und-taeglich-gruesst-das-quotMurmeltierquot-16-Jaehriger-sticht-17-Jaehrigen-in-Hessen.jpg\",\"keywords\":[\"16j\u00e4hriger\",\"17j\u00e4hrigen\",\"das\",\"gr\u00fc\u00dft\",\"Hessen\",\"Messer\",\"mit\",\"quotMurmeltierquot\",\"r\u00fccken\",\"sticht\",\"t\u00e4glich\",\"und\"],\"articleSection\":[\"Deutschland\",\"Russland\"],\"inLanguage\":\"de\",\"potentialAction\":[{\"@type\":\"CommentAction\",\"name\":\"Comment\",\"target\":[\"https:\/\/now-news.de\/de\/deutschland\/und-taeglich-gruesst-das-murmeltier-16-jaehriger-sticht-17-jaehrigen-in-hessen-mit-messer-in-ruecken\/#respond\"]}]},{\"@type\":\"WebPage\",\"@id\":\"https:\/\/now-news.de\/de\/deutschland\/und-taeglich-gruesst-das-murmeltier-16-jaehriger-sticht-17-jaehrigen-in-hessen-mit-messer-in-ruecken\/\",\"url\":\"https:\/\/now-news.de\/de\/deutschland\/und-taeglich-gruesst-das-murmeltier-16-jaehriger-sticht-17-jaehrigen-in-hessen-mit-messer-in-ruecken\/\",\"name\":\"Und t\u00e4glich gr\u00fc\u00dft das &quot;Murmeltier&quot;: 16-J\u00e4hriger sticht 17-J\u00e4hrigen in Hessen mit Messer in R\u00fccken - just-now.NEWS Deutschland\",\"isPartOf\":{\"@id\":\"https:\/\/now-news.de\/de\/#website\"},\"primaryImageOfPage\":{\"@id\":\"https:\/\/now-news.de\/de\/deutschland\/und-taeglich-gruesst-das-murmeltier-16-jaehriger-sticht-17-jaehrigen-in-hessen-mit-messer-in-ruecken\/#primaryimage\"},\"image\":{\"@id\":\"https:\/\/now-news.de\/de\/deutschland\/und-taeglich-gruesst-das-murmeltier-16-jaehriger-sticht-17-jaehrigen-in-hessen-mit-messer-in-ruecken\/#primaryimage\"},\"thumbnailUrl\":\"https:\/\/now-news.de\/de\/wp-content\/uploads\/sites\/3\/2024\/09\/Und-taeglich-gruesst-das-quotMurmeltierquot-16-Jaehriger-sticht-17-Jaehrigen-in-Hessen.jpg\",\"datePublished\":\"2024-09-08T10:51:17+00:00\",\"dateModified\":\"2024-09-08T10:51:17+00:00\",\"breadcrumb\":{\"@id\":\"https:\/\/now-news.de\/de\/deutschland\/und-taeglich-gruesst-das-murmeltier-16-jaehriger-sticht-17-jaehrigen-in-hessen-mit-messer-in-ruecken\/#breadcrumb\"},\"inLanguage\":\"de\",\"potentialAction\":[{\"@type\":\"ReadAction\",\"target\":[\"https:\/\/now-news.de\/de\/deutschland\/und-taeglich-gruesst-das-murmeltier-16-jaehriger-sticht-17-jaehrigen-in-hessen-mit-messer-in-ruecken\/\"]}]},{\"@type\":\"ImageObject\",\"inLanguage\":\"de\",\"@id\":\"https:\/\/now-news.de\/de\/deutschland\/und-taeglich-gruesst-das-murmeltier-16-jaehriger-sticht-17-jaehrigen-in-hessen-mit-messer-in-ruecken\/#primaryimage\",\"url\":\"https:\/\/now-news.de\/de\/wp-content\/uploads\/sites\/3\/2024\/09\/Und-taeglich-gruesst-das-quotMurmeltierquot-16-Jaehriger-sticht-17-Jaehrigen-in-Hessen.jpg\",\"contentUrl\":\"https:\/\/now-news.de\/de\/wp-content\/uploads\/sites\/3\/2024\/09\/Und-taeglich-gruesst-das-quotMurmeltierquot-16-Jaehriger-sticht-17-Jaehrigen-in-Hessen.jpg\",\"width\":460,\"height\":259,\"caption\":\"Und t\u00e4glich gr\u00fc\u00dft das &quot;Murmeltier&quot;: 16-J\u00e4hriger sticht 17-J\u00e4hrigen in Hessen mit Messer in R\u00fccken\"},{\"@type\":\"BreadcrumbList\",\"@id\":\"https:\/\/now-news.de\/de\/deutschland\/und-taeglich-gruesst-das-murmeltier-16-jaehriger-sticht-17-jaehrigen-in-hessen-mit-messer-in-ruecken\/#breadcrumb\",\"itemListElement\":[{\"@type\":\"ListItem\",\"position\":1,\"name\":\"Home\",\"item\":\"https:\/\/now-news.de\/de\/\"},{\"@type\":\"ListItem\",\"position\":2,\"name\":\"Und t\u00e4glich gr\u00fc\u00dft das &quot;Murmeltier&quot;: 16-J\u00e4hriger sticht 17-J\u00e4hrigen in Hessen mit Messer in R\u00fccken\"}]},{\"@type\":\"WebSite\",\"@id\":\"https:\/\/now-news.de\/de\/#website\",\"url\":\"https:\/\/now-news.de\/de\/\",\"name\":\"just-now.NEWS Deutschland\",\"description\":\"Das Portal f\u00fcr unzensierte Nachrichten aus der Welt\",\"publisher\":{\"@id\":\"https:\/\/now-news.de\/de\/#organization\"},\"potentialAction\":[{\"@type\":\"SearchAction\",\"target\":{\"@type\":\"EntryPoint\",\"urlTemplate\":\"https:\/\/now-news.de\/de\/?s={search_term_string}\"},\"query-input\":\"required name=search_term_string\"}],\"inLanguage\":\"de\"},{\"@type\":\"Organization\",\"@id\":\"https:\/\/now-news.de\/de\/#organization\",\"name\":\"Just Now News\",\"url\":\"https:\/\/now-news.de\/de\/\",\"logo\":{\"@type\":\"ImageObject\",\"inLanguage\":\"de\",\"@id\":\"https:\/\/now-news.de\/de\/#\/schema\/logo\/image\/\",\"url\":\"http:\/\/just-now.news\/de\/wp-content\/uploads\/sites\/3\/2022\/04\/logo500x500.jpg\",\"contentUrl\":\"http:\/\/just-now.news\/de\/wp-content\/uploads\/sites\/3\/2022\/04\/logo500x500.jpg\",\"width\":500,\"height\":500,\"caption\":\"Just Now News\"},\"image\":{\"@id\":\"https:\/\/now-news.de\/de\/#\/schema\/logo\/image\/\"},\"sameAs\":[\"https:\/\/www.facebook.com\/wirmachenauf\",\"https:\/\/x.com\/WirMachenAuf_de\"]},{\"@type\":\"Person\",\"@id\":\"https:\/\/now-news.de\/de\/#\/schema\/person\/fb534a4e865501d8b3285208df34a9b5\",\"name\":\"rtnews\",\"image\":{\"@type\":\"ImageObject\",\"inLanguage\":\"de\",\"@id\":\"https:\/\/now-news.de\/de\/#\/schema\/person\/image\/\",\"url\":\"https:\/\/secure.gravatar.com\/avatar\/82aafea7d8127119dd649515f56e2117?s=96&d=mm&r=g\",\"contentUrl\":\"https:\/\/secure.gravatar.com\/avatar\/82aafea7d8127119dd649515f56e2117?s=96&d=mm&r=g\",\"caption\":\"rtnews\"},\"url\":\"https:\/\/now-news.de\/de\/author\/rnews\/\"}]}<\/script>\n<!-- \/ Yoast SEO Premium plugin. -->","yoast_head_json":{"title":"Und t\u00e4glich gr\u00fc\u00dft das &quot;Murmeltier&quot;: 16-J\u00e4hriger sticht 17-J\u00e4hrigen in Hessen mit Messer in R\u00fccken - just-now.NEWS Deutschland","robots":{"index":"index","follow":"follow","max-snippet":"max-snippet:-1","max-image-preview":"max-image-preview:large","max-video-preview":"max-video-preview:-1"},"canonical":"https:\/\/now-news.de\/de\/deutschland\/und-taeglich-gruesst-das-murmeltier-16-jaehriger-sticht-17-jaehrigen-in-hessen-mit-messer-in-ruecken\/","og_locale":"de_DE","og_type":"article","og_title":"Und t\u00e4glich gr\u00fc\u00dft das &quot;Murmeltier&quot;: 16-J\u00e4hriger sticht 17-J\u00e4hrigen in Hessen mit Messer in R\u00fccken","og_description":"In der s\u00fcdhessischen Kleinstadt Babenhausen sind zwei Jugendliche derart in Streit geraten, dass einer den anderen mit einem Messerstich schwer verletzt hat. \u00dcber die Hintergr\u00fcnde der Tat wird noch spekuliert. Ein Streit zwischen zwei Jugendlichen ist am Sonnabend im hessischen Babenhausen\u00a0derma\u00dfen eskaliert, dass einer der jungen M\u00e4nner den anderen mit einem Stich in den R\u00fccken [&hellip;]","og_url":"https:\/\/now-news.de\/de\/deutschland\/und-taeglich-gruesst-das-murmeltier-16-jaehriger-sticht-17-jaehrigen-in-hessen-mit-messer-in-ruecken\/","og_site_name":"just-now.NEWS Deutschland","article_publisher":"https:\/\/www.facebook.com\/wirmachenauf","article_published_time":"2024-09-08T10:51:17+00:00","og_image":[{"url":"https:\/\/now-news.de\/de\/wp-content\/uploads\/sites\/3\/2024\/09\/66dd787648fbef0aea6f4a27.jpg"}],"author":"rtnews","twitter_card":"summary_large_image","twitter_creator":"@WirMachenAuf_de","twitter_site":"@WirMachenAuf_de","twitter_misc":{"Verfasst von":"rtnews","Gesch\u00e4tzte Lesezeit":"1\u00a0Minute"},"schema":{"@context":"https:\/\/schema.org","@graph":[{"@type":"Article","@id":"https:\/\/now-news.de\/de\/deutschland\/und-taeglich-gruesst-das-murmeltier-16-jaehriger-sticht-17-jaehrigen-in-hessen-mit-messer-in-ruecken\/#article","isPartOf":{"@id":"https:\/\/now-news.de\/de\/deutschland\/und-taeglich-gruesst-das-murmeltier-16-jaehriger-sticht-17-jaehrigen-in-hessen-mit-messer-in-ruecken\/"},"author":{"name":"rtnews","@id":"https:\/\/now-news.de\/de\/#\/schema\/person\/fb534a4e865501d8b3285208df34a9b5"},"headline":"Und t\u00e4glich gr\u00fc\u00dft das &quot;Murmeltier&quot;: 16-J\u00e4hriger sticht 17-J\u00e4hrigen in Hessen mit Messer in R\u00fccken","datePublished":"2024-09-08T10:51:17+00:00","dateModified":"2024-09-08T10:51:17+00:00","mainEntityOfPage":{"@id":"https:\/\/now-news.de\/de\/deutschland\/und-taeglich-gruesst-das-murmeltier-16-jaehriger-sticht-17-jaehrigen-in-hessen-mit-messer-in-ruecken\/"},"wordCount":228,"commentCount":0,"publisher":{"@id":"https:\/\/now-news.de\/de\/#organization"},"image":{"@id":"https:\/\/now-news.de\/de\/deutschland\/und-taeglich-gruesst-das-murmeltier-16-jaehriger-sticht-17-jaehrigen-in-hessen-mit-messer-in-ruecken\/#primaryimage"},"thumbnailUrl":"https:\/\/now-news.de\/de\/wp-content\/uploads\/sites\/3\/2024\/09\/Und-taeglich-gruesst-das-quotMurmeltierquot-16-Jaehriger-sticht-17-Jaehrigen-in-Hessen.jpg","keywords":["16j\u00e4hriger","17j\u00e4hrigen","das","gr\u00fc\u00dft","Hessen","Messer","mit","quotMurmeltierquot","r\u00fccken","sticht","t\u00e4glich","und"],"articleSection":["Deutschland","Russland"],"inLanguage":"de","potentialAction":[{"@type":"CommentAction","name":"Comment","target":["https:\/\/now-news.de\/de\/deutschland\/und-taeglich-gruesst-das-murmeltier-16-jaehriger-sticht-17-jaehrigen-in-hessen-mit-messer-in-ruecken\/#respond"]}]},{"@type":"WebPage","@id":"https:\/\/now-news.de\/de\/deutschland\/und-taeglich-gruesst-das-murmeltier-16-jaehriger-sticht-17-jaehrigen-in-hessen-mit-messer-in-ruecken\/","url":"https:\/\/now-news.de\/de\/deutschland\/und-taeglich-gruesst-das-murmeltier-16-jaehriger-sticht-17-jaehrigen-in-hessen-mit-messer-in-ruecken\/","name":"Und t\u00e4glich gr\u00fc\u00dft das &quot;Murmeltier&quot;: 16-J\u00e4hriger sticht 17-J\u00e4hrigen in Hessen mit Messer in R\u00fccken - just-now.NEWS Deutschland","isPartOf":{"@id":"https:\/\/now-news.de\/de\/#website"},"primaryImageOfPage":{"@id":"https:\/\/now-news.de\/de\/deutschland\/und-taeglich-gruesst-das-murmeltier-16-jaehriger-sticht-17-jaehrigen-in-hessen-mit-messer-in-ruecken\/#primaryimage"},"image":{"@id":"https:\/\/now-news.de\/de\/deutschland\/und-taeglich-gruesst-das-murmeltier-16-jaehriger-sticht-17-jaehrigen-in-hessen-mit-messer-in-ruecken\/#primaryimage"},"thumbnailUrl":"https:\/\/now-news.de\/de\/wp-content\/uploads\/sites\/3\/2024\/09\/Und-taeglich-gruesst-das-quotMurmeltierquot-16-Jaehriger-sticht-17-Jaehrigen-in-Hessen.jpg","datePublished":"2024-09-08T10:51:17+00:00","dateModified":"2024-09-08T10:51:17+00:00","breadcrumb":{"@id":"https:\/\/now-news.de\/de\/deutschland\/und-taeglich-gruesst-das-murmeltier-16-jaehriger-sticht-17-jaehrigen-in-hessen-mit-messer-in-ruecken\/#breadcrumb"},"inLanguage":"de","potentialAction":[{"@type":"ReadAction","target":["https:\/\/now-news.de\/de\/deutschland\/und-taeglich-gruesst-das-murmeltier-16-jaehriger-sticht-17-jaehrigen-in-hessen-mit-messer-in-ruecken\/"]}]},{"@type":"ImageObject","inLanguage":"de","@id":"https:\/\/now-news.de\/de\/deutschland\/und-taeglich-gruesst-das-murmeltier-16-jaehriger-sticht-17-jaehrigen-in-hessen-mit-messer-in-ruecken\/#primaryimage","url":"https:\/\/now-news.de\/de\/wp-content\/uploads\/sites\/3\/2024\/09\/Und-taeglich-gruesst-das-quotMurmeltierquot-16-Jaehriger-sticht-17-Jaehrigen-in-Hessen.jpg","contentUrl":"https:\/\/now-news.de\/de\/wp-content\/uploads\/sites\/3\/2024\/09\/Und-taeglich-gruesst-das-quotMurmeltierquot-16-Jaehriger-sticht-17-Jaehrigen-in-Hessen.jpg","width":460,"height":259,"caption":"Und t\u00e4glich gr\u00fc\u00dft das &quot;Murmeltier&quot;: 16-J\u00e4hriger sticht 17-J\u00e4hrigen in Hessen mit Messer in R\u00fccken"},{"@type":"BreadcrumbList","@id":"https:\/\/now-news.de\/de\/deutschland\/und-taeglich-gruesst-das-murmeltier-16-jaehriger-sticht-17-jaehrigen-in-hessen-mit-messer-in-ruecken\/#breadcrumb","itemListElement":[{"@type":"ListItem","position":1,"name":"Home","item":"https:\/\/now-news.de\/de\/"},{"@type":"ListItem","position":2,"name":"Und t\u00e4glich gr\u00fc\u00dft das &quot;Murmeltier&quot;: 16-J\u00e4hriger sticht 17-J\u00e4hrigen in Hessen mit Messer in R\u00fccken"}]},{"@type":"WebSite","@id":"https:\/\/now-news.de\/de\/#website","url":"https:\/\/now-news.de\/de\/","name":"just-now.NEWS Deutschland","description":"Das Portal f\u00fcr unzensierte Nachrichten aus der Welt","publisher":{"@id":"https:\/\/now-news.de\/de\/#organization"},"potentialAction":[{"@type":"SearchAction","target":{"@type":"EntryPoint","urlTemplate":"https:\/\/now-news.de\/de\/?s={search_term_string}"},"query-input":"required name=search_term_string"}],"inLanguage":"de"},{"@type":"Organization","@id":"https:\/\/now-news.de\/de\/#organization","name":"Just Now News","url":"https:\/\/now-news.de\/de\/","logo":{"@type":"ImageObject","inLanguage":"de","@id":"https:\/\/now-news.de\/de\/#\/schema\/logo\/image\/","url":"http:\/\/just-now.news\/de\/wp-content\/uploads\/sites\/3\/2022\/04\/logo500x500.jpg","contentUrl":"http:\/\/just-now.news\/de\/wp-content\/uploads\/sites\/3\/2022\/04\/logo500x500.jpg","width":500,"height":500,"caption":"Just Now News"},"image":{"@id":"https:\/\/now-news.de\/de\/#\/schema\/logo\/image\/"},"sameAs":["https:\/\/www.facebook.com\/wirmachenauf","https:\/\/x.com\/WirMachenAuf_de"]},{"@type":"Person","@id":"https:\/\/now-news.de\/de\/#\/schema\/person\/fb534a4e865501d8b3285208df34a9b5","name":"rtnews","image":{"@type":"ImageObject","inLanguage":"de","@id":"https:\/\/now-news.de\/de\/#\/schema\/person\/image\/","url":"https:\/\/secure.gravatar.com\/avatar\/82aafea7d8127119dd649515f56e2117?s=96&d=mm&r=g","contentUrl":"https:\/\/secure.gravatar.com\/avatar\/82aafea7d8127119dd649515f56e2117?s=96&d=mm&r=g","caption":"rtnews"},"url":"https:\/\/now-news.de\/de\/author\/rnews\/"}]}},"_links":{"self":[{"href":"https:\/\/now-news.de\/de\/wp-json\/wp\/v2\/posts\/68472"}],"collection":[{"href":"https:\/\/now-news.de\/de\/wp-json\/wp\/v2\/posts"}],"about":[{"href":"https:\/\/now-news.de\/de\/wp-json\/wp\/v2\/types\/post"}],"author":[{"embeddable":true,"href":"https:\/\/now-news.de\/de\/wp-json\/wp\/v2\/users\/3"}],"replies":[{"embeddable":true,"href":"https:\/\/now-news.de\/de\/wp-json\/wp\/v2\/comments?post=68472"}],"version-history":[{"count":0,"href":"https:\/\/now-news.de\/de\/wp-json\/wp\/v2\/posts\/68472\/revisions"}],"wp:featuredmedia":[{"embeddable":true,"href":"https:\/\/now-news.de\/de\/wp-json\/wp\/v2\/media\/68473"}],"wp:attachment":[{"href":"https:\/\/now-news.de\/de\/wp-json\/wp\/v2\/media?parent=68472"}],"wp:term":[{"taxonomy":"category","embeddable":true,"href":"https:\/\/now-news.de\/de\/wp-json\/wp\/v2\/categories?post=68472"},{"taxonomy":"post_tag","embeddable":true,"href":"https:\/\/now-news.de\/de\/wp-json\/wp\/v2\/tags?post=68472"}],"curies":[{"name":"wp","href":"https:\/\/api.w.org\/{rel}","templated":true}]}}