{"id":68440,"date":"2024-09-07T18:14:29","date_gmt":"2024-09-07T16:14:29","guid":{"rendered":"https:\/\/now-news.de\/de\/deutschland\/nicht-nur-gegen-fluechtlinge-neue-ueberwachungs-und-zensurmassnahmen-richten-sich-gegen-alle-buerger\/"},"modified":"2024-09-07T18:14:29","modified_gmt":"2024-09-07T16:14:29","slug":"nicht-nur-gegen-fluechtlinge-neue-ueberwachungs-und-zensurmassnahmen-richten-sich-gegen-alle-buerger","status":"publish","type":"post","link":"https:\/\/now-news.de\/de\/deutschland\/nicht-nur-gegen-fluechtlinge-neue-ueberwachungs-und-zensurmassnahmen-richten-sich-gegen-alle-buerger\/","title":{"rendered":"Nicht nur gegen Fl\u00fcchtlinge \u2013 Neue \u00dcberwachungs- und Zensurma\u00dfnahmen richten sich gegen alle B\u00fcrger"},"content":{"rendered":"<p><img decoding=\"async\" src=\"https:\/\/now-news.de\/de\/wp-content\/uploads\/sites\/3\/2024\/09\/66dc7c62b480cc5f91031d20.jpg\" \/><\/p>\n<div class=\"Text-root Text-type_1 \">\n                Wie rasch von der Ampel das neue Sicherheitspaket aus dem Boden gestampft wurde, fand viel Lob und allgemeine Bewunderung. Ganz populistisch wird den B\u00fcrgern dabei ein neues Gesetz &#8220;verkauft&#8221;, das sie angeblich vor fremden Messerstechern sch\u00fctzen soll \u2013 und gleichzeitig die Ausweitung der Strafverfolgung Andersdenkender unterschlagen.\n            <\/div>\n<p><\/p>\n<div class=\"Text-root Text-type_5 ArticleView-text ViewText-root \">\n<p>Die Bundesregierung einigte sich nach den T\u00f6tungs- und K\u00f6rperverletzungsdelikten in Solingen innerhalb kurzer Zeit auf ein neues sogenanntes\u00a0 &#8220;Sicherheitspaket&#8221;. Wie der <em>Focus<\/em> unter Bezugnahme auf eine <em>dpa<\/em>-Meldung am Samstag <a rel=\"nofollow noopener\" target=\"_blank\" href=\"https:\/\/www.focus.de\/politik\/deutschland\/abschiebungen-sozialleistungen-heimaturlaub-ampel-einigt-sich-auf-details-fuer-sicherheitspaket_id_260291780.html\">berichtete<\/a>, liege ein Gesetzentwurf zu den neu geplanten Sicherheitsma\u00dfnahmen bereits vor. Demnach &#8220;wirbt&#8221; der Bundesjustizminister f\u00fcr rasche Beratungen \u00fcber das geplante Gesetz. Offensichtlich reichen die bisherigen Gesetze f\u00fcr die Bewilligung der neuen Ma\u00dfnahmen nicht aus.<\/p>\n<p>Schon vor Tagen hatte die Ampel-Koalition die Details des sogenannten Sicherheitspakets festgelegt. Der <em>Focus<\/em> hob in seinem Beitrag insbesondere die angeblich neuen M\u00f6glichkeiten zur Abschiebung von Fl\u00fcchtlingen hervor und zitierte Bundesjustizminister Marco Buschmann (FDP) mit der Aussage:<\/p>\n<blockquote>\n<p><em>&#8220;Wir machen Abschiebungen leichter m\u00f6glich, Sozialleistungen f\u00fcr Dublin-F\u00e4lle werden gestrichen und der Heimaturlaub von Fl\u00fcchtlingen f\u00fchrt zum Verlust des Schutzstatus.&#8221;<\/em><\/p>\n<p>\u00a0<em>&#8220;Jetzt liegt es in den H\u00e4nden des Parlaments, all das schnell auf den Weg zu bringen.&#8221;<\/em><\/p>\n<\/blockquote>\n<p>Dabei klangen Buschmanns Aussagen so, als habe man die &#8220;Ma\u00dfnahmen&#8221; in den Tagen nach Solingen auf den Weg gebracht. Er erkl\u00e4rte: &#8220;In den vergangenen Tagen haben wir an der schnellen Umsetzung der Ma\u00dfnahmen des Sicherheitspakets mit absolutem Hochdruck gearbeitet.&#8221;<\/p>\n<p>Nach der <a rel=\"nofollow noopener\" target=\"_blank\" href=\"https:\/\/www.bmj.de\/SharedDocs\/Meldungen\/DE\/2024\/0830_Sicherheitspolitisches_Massnahmenpaket.html\">Mitteilung des Bundesjustizministeriums<\/a> vom 30. August k\u00f6nnte man den Eindruck gewinnen, es ginge bei dem neuen &#8220;Sicherheitsgesetz&#8221; vor allem darum, Abschiebungen zuk\u00fcnftig &#8220;effizienter&#8221; durchzuf\u00fchren: So k\u00fcndigte das Bundesministerium an:<\/p>\n<blockquote>\n<p><em>&#8220;Au\u00dferdem sollen Personen, die Menschen in Deutschland mit einem Messer angreifen oder bedrohen, k\u00fcnftig schnell abgeschoben werden k\u00f6nnen. Zudem sollen Kriminelle und Gef\u00e4hrder k\u00fcnftig auch nach Afghanistan und Syrien abgeschoben werden. In Dublin-F\u00e4llen werden Leistungen an Asylbewerber radikal gek\u00fcrzt. Und schlie\u00dflich soll zusammen mit den L\u00e4ndern eine Dublin-Task-Force eingerichtet werden, um R\u00fcck\u00fcberstellungen nach dem Dublin-System zu verbessern.&#8221;<\/em><\/p>\n<\/blockquote>\n<p>Neben der Bek\u00e4mpfung des &#8220;gewaltbereiten Islamismus&#8221; sollen nach dem Gesetzentwurf aber auch umfassende neue &#8220;Befugnisse&#8221; f\u00fcr die Sicherheitsbeh\u00f6rden geschaffen werden. Die Informationen dazu fallen in der BJM-Mitteilung allerdings am wortkargsten aus.<\/p>\n<p>Auf der <a rel=\"nofollow noopener\" target=\"_blank\" href=\"https:\/\/www.fdp.de\/mehr-schutz-fuer-einsatzkraefte\">Webseite der FDP <\/a>kann man in einer Meldung vom 4. September diesbez\u00fcglich schon mehr erfahren. Entsprechend der neuen Befugnisse solle beispielsweise Bundespolizisten zuk\u00fcnftig die Nutzung von Distanzelektroimpulsger\u00e4ten (DEIG, sogenannte Taser) fl\u00e4chendeckend gestattet sein. Die Erprobung der Distanzwaffen laufe bereits.<\/p>\n<p>In dem Ma\u00dfnahmenpaket dr\u00e4nge die Bundesregierung aber auch auf eine Versch\u00e4rfung der Regelungen auf EU-Ebene. Der erst seit einem Jahr beschlossene Digital Services Act solle k\u00fcnftig auch &#8220;konkrete Straftatbest\u00e4nde&#8221; beinhalten, <a rel=\"nofollow noopener\" target=\"_blank\" href=\"https:\/\/www.heise.de\/news\/DSA-Sicherheitspaket-Initiative-der-Bundesregierung-ohne-Plan-9858634.html\">berichtet <em>Heise<\/em> am Donnerstag<\/a>. Als Beispiel f\u00fcr Straftaten sei in dem Gesetzesentwurf etwa das &#8220;Verbreiten von Propagandamitteln verfassungswidriger und terroristischer Organisationen und Volksverhetzung&#8221; aufgef\u00fchrt. Damit wolle die Ampel strafrechtliche Inhalte auf Online-Plattformen konsequent bek\u00e4mpfen, hie\u00df es zur Begr\u00fcndung dieser auf Internetinhalte ausgeweiteten Strafverfolgung bei <em>Heise<\/em>.<\/p>\n<p>Die Gewerkschaft der Polizei habe bereits positiv bewertet, dass demnach auch biometrische Abgleiche zur Gesichtserkennung im Internet herangezogen werden k\u00f6nnen. Gem\u00e4\u00df einem Beitrag im <em>Behoerden-Spiegel<\/em> vom Freitag fordere sie dar\u00fcber hinaus &#8220;dringend&#8221; eine gesetzliche Regelung zum Einsatz hochaufl\u00f6sender Videotechnik bei Gro\u00dfveranstaltungen. Nach dem Anschlag von Solingen habe die Polizei n\u00e4mlich auf Videomaterial von Privatpersonen zur\u00fcckgegriffen, so der Bericht.<\/p>\n<p>Die CDU\/CSU-Bundestagsfraktion bem\u00e4ngelte hingegen, der Gesetzesvorschlag gehe nicht weit genug. In der <em>Bild<\/em> \u00e4u\u00dferte sich dazu der Erste Parlamentarische Gesch\u00e4ftsf\u00fchrer der CDU\/CSU-Bundestagsfraktion, Thorsten Frei (CDU), und erkl\u00e4rte: &#8220;Die Ampel-Vorschl\u00e4ge reichen bei Weitem nicht aus f\u00fcr eine grundlegende Wende in der Migrationspolitik und bei der inneren Sicherheit.&#8221;<\/p>\n<p>Datensch\u00fctzer sehen das Vorhaben der Bundesregierung dagegen kritisch. <a rel=\"nofollow noopener\" target=\"_blank\" href=\"https:\/\/netzpolitik.org\/2024\/sicherheitspaket-der-bundesregierung-ueberwachung-wie-sie-buerger-erwarten\/\">So hei\u00dft es bei <em>netzpolitik.org<\/em><\/a> am 29. August: &#8220;Nach der Messerattacke von Solingen schl\u00e4gt die Ampel einen \u00dcberwachungskurs ein. Sie plant ein Sicherheitspaket mit mehr Gesichtserkennung, Big-Data-Analysen und anlasslosen Kontrollen.&#8221; Bundesinnenminister Buschmann, der sich bis vor ein paar Tagen noch gegen diese Ma\u00dfnahmen ausgesprochen habe, sei nach Solingen offensichtlich eingeknickt, vermutet <em>netzpolitik.org<\/em>. Das Datenschutzportal schrieb zu dem neuen &#8220;Sicherheitspaket&#8221;:<\/p>\n<blockquote>\n<p><em>&#8220;Demnach sollen Ermittlungsbeh\u00f6rden die Befugnis zum biometrischen Abgleich von allgemein \u00f6ffentlich zug\u00e4nglichen Internetdaten (&#8216;Gesichtserkennung&#8217;) erhalten, um die Identifizierung von Tatverd\u00e4chtigen oder gesuchten Personen zu erleichtern.&#8221;<\/em><\/p>\n<\/blockquote>\n<p><strong>Mehr zum Thema<\/strong> &#8211;\u00a0 <a rel=\"nofollow noopener\" target=\"_blank\" href=\"https:\/\/dert.online\/inland\/217942-anonymitaet-ist-kein-verbrechen-kritik-vom-chaos-computer-club-am-neuen-sicherheitspaket\/\">&#8220;Anonymit\u00e4t ist kein Verbrechen&#8221; \u2013 Kritik vom Chaos Computer Club am neuen &#8220;Sicherheitspaket&#8221; <\/a><\/p>\n<\/div>\n<p><br \/>\n<br \/><a href=\"https:\/\/de.rt.com\/inland\/218421-nicht-nur-gegen-fluechtlinge-neue\/\">Source link <\/a><\/p>\n","protected":false},"excerpt":{"rendered":"<p>Wie rasch von der Ampel das neue Sicherheitspaket aus dem Boden gestampft wurde, fand viel Lob und allgemeine Bewunderung. Ganz populistisch wird den B\u00fcrgern dabei ein neues Gesetz &#8220;verkauft&#8221;, das sie angeblich vor fremden Messerstechern sch\u00fctzen soll \u2013 und gleichzeitig die Ausweitung der Strafverfolgung Andersdenkender unterschlagen. Die Bundesregierung einigte sich nach den T\u00f6tungs- und K\u00f6rperverletzungsdelikten [&hellip;]<\/p>\n","protected":false},"author":3,"featured_media":68441,"comment_status":"open","ping_status":"open","sticky":false,"template":"","format":"standard","meta":{"_yoast_indexnow_last_ping":["1725725983"],"wp_automatic_camp":["217"],"52b5efaebb1d3823e51c43eeb74d573d":["Nicht nur gegen Fl\u00fcchtlinge \u2013 Neue \u00dcberwachungs- und Zensurma\u00dfnahmen richten sich gegen alle B\u00fcrger"],"original_link":["https:\/\/de.rt.com\/inland\/218421-nicht-nur-gegen-fluechtlinge-neue\/"],"_thumbnail_id":["68441"],"jnews_social_counter_last_update":["1777559452"],"_wptgpro_p2tg_sent2tg":["a:1:{i:23737;s:19:\"2024-09-07 18:20:46\";}"]},"categories":[19,23],"tags":[271,8956,7572,278,1227,800,4230,13679,434,58340,140,56574],"yoast_head":"<!-- This site is optimized with the Yoast SEO Premium plugin v22.7 (Yoast SEO v22.7) - https:\/\/yoast.com\/wordpress\/plugins\/seo\/ -->\n<title>Nicht nur gegen Fl\u00fcchtlinge \u2013 Neue \u00dcberwachungs- und Zensurma\u00dfnahmen richten sich gegen alle B\u00fcrger - just-now.NEWS Deutschland<\/title>\n<meta name=\"robots\" content=\"index, follow, max-snippet:-1, max-image-preview:large, max-video-preview:-1\" \/>\n<link rel=\"canonical\" href=\"https:\/\/now-news.de\/de\/deutschland\/nicht-nur-gegen-fluechtlinge-neue-ueberwachungs-und-zensurmassnahmen-richten-sich-gegen-alle-buerger\/\" \/>\n<meta property=\"og:locale\" content=\"de_DE\" \/>\n<meta property=\"og:type\" content=\"article\" \/>\n<meta property=\"og:title\" content=\"Nicht nur gegen Fl\u00fcchtlinge \u2013 Neue \u00dcberwachungs- und Zensurma\u00dfnahmen richten sich gegen alle B\u00fcrger\" \/>\n<meta property=\"og:description\" content=\"Wie rasch von der Ampel das neue Sicherheitspaket aus dem Boden gestampft wurde, fand viel Lob und allgemeine Bewunderung. Ganz populistisch wird den B\u00fcrgern dabei ein neues Gesetz &#8220;verkauft&#8221;, das sie angeblich vor fremden Messerstechern sch\u00fctzen soll \u2013 und gleichzeitig die Ausweitung der Strafverfolgung Andersdenkender unterschlagen. Die Bundesregierung einigte sich nach den T\u00f6tungs- und K\u00f6rperverletzungsdelikten [&hellip;]\" \/>\n<meta property=\"og:url\" content=\"https:\/\/now-news.de\/de\/deutschland\/nicht-nur-gegen-fluechtlinge-neue-ueberwachungs-und-zensurmassnahmen-richten-sich-gegen-alle-buerger\/\" \/>\n<meta property=\"og:site_name\" content=\"just-now.NEWS Deutschland\" \/>\n<meta property=\"article:publisher\" content=\"https:\/\/www.facebook.com\/wirmachenauf\" \/>\n<meta property=\"article:published_time\" content=\"2024-09-07T16:14:29+00:00\" \/>\n<meta property=\"og:image\" content=\"https:\/\/now-news.de\/de\/wp-content\/uploads\/sites\/3\/2024\/09\/66dc7c62b480cc5f91031d20.jpg\" \/>\n<meta name=\"author\" content=\"rtnews\" \/>\n<meta name=\"twitter:card\" content=\"summary_large_image\" \/>\n<meta name=\"twitter:creator\" content=\"@WirMachenAuf_de\" \/>\n<meta name=\"twitter:site\" content=\"@WirMachenAuf_de\" \/>\n<meta name=\"twitter:label1\" content=\"Verfasst von\" \/>\n\t<meta name=\"twitter:data1\" content=\"rtnews\" \/>\n\t<meta name=\"twitter:label2\" content=\"Gesch\u00e4tzte Lesezeit\" \/>\n\t<meta name=\"twitter:data2\" content=\"4\u00a0Minuten\" \/>\n<script type=\"application\/ld+json\" class=\"yoast-schema-graph\">{\"@context\":\"https:\/\/schema.org\",\"@graph\":[{\"@type\":\"Article\",\"@id\":\"https:\/\/now-news.de\/de\/deutschland\/nicht-nur-gegen-fluechtlinge-neue-ueberwachungs-und-zensurmassnahmen-richten-sich-gegen-alle-buerger\/#article\",\"isPartOf\":{\"@id\":\"https:\/\/now-news.de\/de\/deutschland\/nicht-nur-gegen-fluechtlinge-neue-ueberwachungs-und-zensurmassnahmen-richten-sich-gegen-alle-buerger\/\"},\"author\":{\"name\":\"rtnews\",\"@id\":\"https:\/\/now-news.de\/de\/#\/schema\/person\/fb534a4e865501d8b3285208df34a9b5\"},\"headline\":\"Nicht nur gegen Fl\u00fcchtlinge \u2013 Neue \u00dcberwachungs- und Zensurma\u00dfnahmen richten sich gegen alle B\u00fcrger\",\"datePublished\":\"2024-09-07T16:14:29+00:00\",\"dateModified\":\"2024-09-07T16:14:29+00:00\",\"mainEntityOfPage\":{\"@id\":\"https:\/\/now-news.de\/de\/deutschland\/nicht-nur-gegen-fluechtlinge-neue-ueberwachungs-und-zensurmassnahmen-richten-sich-gegen-alle-buerger\/\"},\"wordCount\":759,\"commentCount\":0,\"publisher\":{\"@id\":\"https:\/\/now-news.de\/de\/#organization\"},\"image\":{\"@id\":\"https:\/\/now-news.de\/de\/deutschland\/nicht-nur-gegen-fluechtlinge-neue-ueberwachungs-und-zensurmassnahmen-richten-sich-gegen-alle-buerger\/#primaryimage\"},\"thumbnailUrl\":\"https:\/\/now-news.de\/de\/wp-content\/uploads\/sites\/3\/2024\/09\/Nicht-nur-gegen-Fluechtlinge-\u2013-Neue-Ueberwachungs-und-Zensurmassnahmen-richten.jpg\",\"keywords\":[\"ALLE\",\"b\u00fcrger\",\"Fl\u00fcchtlinge\",\"gegen\",\"NEUE\",\"nicht\",\"NUR\",\"richten\",\"sich\",\"\u00dcberwachungs\",\"und\",\"Zensurma\u00dfnahmen\"],\"articleSection\":[\"Deutschland\",\"Russland\"],\"inLanguage\":\"de\",\"potentialAction\":[{\"@type\":\"CommentAction\",\"name\":\"Comment\",\"target\":[\"https:\/\/now-news.de\/de\/deutschland\/nicht-nur-gegen-fluechtlinge-neue-ueberwachungs-und-zensurmassnahmen-richten-sich-gegen-alle-buerger\/#respond\"]}]},{\"@type\":\"WebPage\",\"@id\":\"https:\/\/now-news.de\/de\/deutschland\/nicht-nur-gegen-fluechtlinge-neue-ueberwachungs-und-zensurmassnahmen-richten-sich-gegen-alle-buerger\/\",\"url\":\"https:\/\/now-news.de\/de\/deutschland\/nicht-nur-gegen-fluechtlinge-neue-ueberwachungs-und-zensurmassnahmen-richten-sich-gegen-alle-buerger\/\",\"name\":\"Nicht nur gegen Fl\u00fcchtlinge \u2013 Neue \u00dcberwachungs- und Zensurma\u00dfnahmen richten sich gegen alle B\u00fcrger - just-now.NEWS Deutschland\",\"isPartOf\":{\"@id\":\"https:\/\/now-news.de\/de\/#website\"},\"primaryImageOfPage\":{\"@id\":\"https:\/\/now-news.de\/de\/deutschland\/nicht-nur-gegen-fluechtlinge-neue-ueberwachungs-und-zensurmassnahmen-richten-sich-gegen-alle-buerger\/#primaryimage\"},\"image\":{\"@id\":\"https:\/\/now-news.de\/de\/deutschland\/nicht-nur-gegen-fluechtlinge-neue-ueberwachungs-und-zensurmassnahmen-richten-sich-gegen-alle-buerger\/#primaryimage\"},\"thumbnailUrl\":\"https:\/\/now-news.de\/de\/wp-content\/uploads\/sites\/3\/2024\/09\/Nicht-nur-gegen-Fluechtlinge-\u2013-Neue-Ueberwachungs-und-Zensurmassnahmen-richten.jpg\",\"datePublished\":\"2024-09-07T16:14:29+00:00\",\"dateModified\":\"2024-09-07T16:14:29+00:00\",\"breadcrumb\":{\"@id\":\"https:\/\/now-news.de\/de\/deutschland\/nicht-nur-gegen-fluechtlinge-neue-ueberwachungs-und-zensurmassnahmen-richten-sich-gegen-alle-buerger\/#breadcrumb\"},\"inLanguage\":\"de\",\"potentialAction\":[{\"@type\":\"ReadAction\",\"target\":[\"https:\/\/now-news.de\/de\/deutschland\/nicht-nur-gegen-fluechtlinge-neue-ueberwachungs-und-zensurmassnahmen-richten-sich-gegen-alle-buerger\/\"]}]},{\"@type\":\"ImageObject\",\"inLanguage\":\"de\",\"@id\":\"https:\/\/now-news.de\/de\/deutschland\/nicht-nur-gegen-fluechtlinge-neue-ueberwachungs-und-zensurmassnahmen-richten-sich-gegen-alle-buerger\/#primaryimage\",\"url\":\"https:\/\/now-news.de\/de\/wp-content\/uploads\/sites\/3\/2024\/09\/Nicht-nur-gegen-Fluechtlinge-\u2013-Neue-Ueberwachungs-und-Zensurmassnahmen-richten.jpg\",\"contentUrl\":\"https:\/\/now-news.de\/de\/wp-content\/uploads\/sites\/3\/2024\/09\/Nicht-nur-gegen-Fluechtlinge-\u2013-Neue-Ueberwachungs-und-Zensurmassnahmen-richten.jpg\",\"width\":460,\"height\":259,\"caption\":\"Nicht nur gegen Fl\u00fcchtlinge \u2013 Neue \u00dcberwachungs- und Zensurma\u00dfnahmen richten sich gegen alle B\u00fcrger\"},{\"@type\":\"BreadcrumbList\",\"@id\":\"https:\/\/now-news.de\/de\/deutschland\/nicht-nur-gegen-fluechtlinge-neue-ueberwachungs-und-zensurmassnahmen-richten-sich-gegen-alle-buerger\/#breadcrumb\",\"itemListElement\":[{\"@type\":\"ListItem\",\"position\":1,\"name\":\"Home\",\"item\":\"https:\/\/now-news.de\/de\/\"},{\"@type\":\"ListItem\",\"position\":2,\"name\":\"Nicht nur gegen Fl\u00fcchtlinge \u2013 Neue \u00dcberwachungs- und Zensurma\u00dfnahmen richten sich gegen alle B\u00fcrger\"}]},{\"@type\":\"WebSite\",\"@id\":\"https:\/\/now-news.de\/de\/#website\",\"url\":\"https:\/\/now-news.de\/de\/\",\"name\":\"just-now.NEWS Deutschland\",\"description\":\"Das Portal f\u00fcr unzensierte Nachrichten aus der Welt\",\"publisher\":{\"@id\":\"https:\/\/now-news.de\/de\/#organization\"},\"potentialAction\":[{\"@type\":\"SearchAction\",\"target\":{\"@type\":\"EntryPoint\",\"urlTemplate\":\"https:\/\/now-news.de\/de\/?s={search_term_string}\"},\"query-input\":\"required name=search_term_string\"}],\"inLanguage\":\"de\"},{\"@type\":\"Organization\",\"@id\":\"https:\/\/now-news.de\/de\/#organization\",\"name\":\"Just Now News\",\"url\":\"https:\/\/now-news.de\/de\/\",\"logo\":{\"@type\":\"ImageObject\",\"inLanguage\":\"de\",\"@id\":\"https:\/\/now-news.de\/de\/#\/schema\/logo\/image\/\",\"url\":\"http:\/\/just-now.news\/de\/wp-content\/uploads\/sites\/3\/2022\/04\/logo500x500.jpg\",\"contentUrl\":\"http:\/\/just-now.news\/de\/wp-content\/uploads\/sites\/3\/2022\/04\/logo500x500.jpg\",\"width\":500,\"height\":500,\"caption\":\"Just Now News\"},\"image\":{\"@id\":\"https:\/\/now-news.de\/de\/#\/schema\/logo\/image\/\"},\"sameAs\":[\"https:\/\/www.facebook.com\/wirmachenauf\",\"https:\/\/x.com\/WirMachenAuf_de\"]},{\"@type\":\"Person\",\"@id\":\"https:\/\/now-news.de\/de\/#\/schema\/person\/fb534a4e865501d8b3285208df34a9b5\",\"name\":\"rtnews\",\"image\":{\"@type\":\"ImageObject\",\"inLanguage\":\"de\",\"@id\":\"https:\/\/now-news.de\/de\/#\/schema\/person\/image\/\",\"url\":\"https:\/\/secure.gravatar.com\/avatar\/82aafea7d8127119dd649515f56e2117?s=96&d=mm&r=g\",\"contentUrl\":\"https:\/\/secure.gravatar.com\/avatar\/82aafea7d8127119dd649515f56e2117?s=96&d=mm&r=g\",\"caption\":\"rtnews\"},\"url\":\"https:\/\/now-news.de\/de\/author\/rnews\/\"}]}<\/script>\n<!-- \/ Yoast SEO Premium plugin. -->","yoast_head_json":{"title":"Nicht nur gegen Fl\u00fcchtlinge \u2013 Neue \u00dcberwachungs- und Zensurma\u00dfnahmen richten sich gegen alle B\u00fcrger - just-now.NEWS Deutschland","robots":{"index":"index","follow":"follow","max-snippet":"max-snippet:-1","max-image-preview":"max-image-preview:large","max-video-preview":"max-video-preview:-1"},"canonical":"https:\/\/now-news.de\/de\/deutschland\/nicht-nur-gegen-fluechtlinge-neue-ueberwachungs-und-zensurmassnahmen-richten-sich-gegen-alle-buerger\/","og_locale":"de_DE","og_type":"article","og_title":"Nicht nur gegen Fl\u00fcchtlinge \u2013 Neue \u00dcberwachungs- und Zensurma\u00dfnahmen richten sich gegen alle B\u00fcrger","og_description":"Wie rasch von der Ampel das neue Sicherheitspaket aus dem Boden gestampft wurde, fand viel Lob und allgemeine Bewunderung. Ganz populistisch wird den B\u00fcrgern dabei ein neues Gesetz &#8220;verkauft&#8221;, das sie angeblich vor fremden Messerstechern sch\u00fctzen soll \u2013 und gleichzeitig die Ausweitung der Strafverfolgung Andersdenkender unterschlagen. Die Bundesregierung einigte sich nach den T\u00f6tungs- und K\u00f6rperverletzungsdelikten [&hellip;]","og_url":"https:\/\/now-news.de\/de\/deutschland\/nicht-nur-gegen-fluechtlinge-neue-ueberwachungs-und-zensurmassnahmen-richten-sich-gegen-alle-buerger\/","og_site_name":"just-now.NEWS Deutschland","article_publisher":"https:\/\/www.facebook.com\/wirmachenauf","article_published_time":"2024-09-07T16:14:29+00:00","og_image":[{"url":"https:\/\/now-news.de\/de\/wp-content\/uploads\/sites\/3\/2024\/09\/66dc7c62b480cc5f91031d20.jpg"}],"author":"rtnews","twitter_card":"summary_large_image","twitter_creator":"@WirMachenAuf_de","twitter_site":"@WirMachenAuf_de","twitter_misc":{"Verfasst von":"rtnews","Gesch\u00e4tzte Lesezeit":"4\u00a0Minuten"},"schema":{"@context":"https:\/\/schema.org","@graph":[{"@type":"Article","@id":"https:\/\/now-news.de\/de\/deutschland\/nicht-nur-gegen-fluechtlinge-neue-ueberwachungs-und-zensurmassnahmen-richten-sich-gegen-alle-buerger\/#article","isPartOf":{"@id":"https:\/\/now-news.de\/de\/deutschland\/nicht-nur-gegen-fluechtlinge-neue-ueberwachungs-und-zensurmassnahmen-richten-sich-gegen-alle-buerger\/"},"author":{"name":"rtnews","@id":"https:\/\/now-news.de\/de\/#\/schema\/person\/fb534a4e865501d8b3285208df34a9b5"},"headline":"Nicht nur gegen Fl\u00fcchtlinge \u2013 Neue \u00dcberwachungs- und Zensurma\u00dfnahmen richten sich gegen alle B\u00fcrger","datePublished":"2024-09-07T16:14:29+00:00","dateModified":"2024-09-07T16:14:29+00:00","mainEntityOfPage":{"@id":"https:\/\/now-news.de\/de\/deutschland\/nicht-nur-gegen-fluechtlinge-neue-ueberwachungs-und-zensurmassnahmen-richten-sich-gegen-alle-buerger\/"},"wordCount":759,"commentCount":0,"publisher":{"@id":"https:\/\/now-news.de\/de\/#organization"},"image":{"@id":"https:\/\/now-news.de\/de\/deutschland\/nicht-nur-gegen-fluechtlinge-neue-ueberwachungs-und-zensurmassnahmen-richten-sich-gegen-alle-buerger\/#primaryimage"},"thumbnailUrl":"https:\/\/now-news.de\/de\/wp-content\/uploads\/sites\/3\/2024\/09\/Nicht-nur-gegen-Fluechtlinge-\u2013-Neue-Ueberwachungs-und-Zensurmassnahmen-richten.jpg","keywords":["ALLE","b\u00fcrger","Fl\u00fcchtlinge","gegen","NEUE","nicht","NUR","richten","sich","\u00dcberwachungs","und","Zensurma\u00dfnahmen"],"articleSection":["Deutschland","Russland"],"inLanguage":"de","potentialAction":[{"@type":"CommentAction","name":"Comment","target":["https:\/\/now-news.de\/de\/deutschland\/nicht-nur-gegen-fluechtlinge-neue-ueberwachungs-und-zensurmassnahmen-richten-sich-gegen-alle-buerger\/#respond"]}]},{"@type":"WebPage","@id":"https:\/\/now-news.de\/de\/deutschland\/nicht-nur-gegen-fluechtlinge-neue-ueberwachungs-und-zensurmassnahmen-richten-sich-gegen-alle-buerger\/","url":"https:\/\/now-news.de\/de\/deutschland\/nicht-nur-gegen-fluechtlinge-neue-ueberwachungs-und-zensurmassnahmen-richten-sich-gegen-alle-buerger\/","name":"Nicht nur gegen Fl\u00fcchtlinge \u2013 Neue \u00dcberwachungs- und Zensurma\u00dfnahmen richten sich gegen alle B\u00fcrger - just-now.NEWS Deutschland","isPartOf":{"@id":"https:\/\/now-news.de\/de\/#website"},"primaryImageOfPage":{"@id":"https:\/\/now-news.de\/de\/deutschland\/nicht-nur-gegen-fluechtlinge-neue-ueberwachungs-und-zensurmassnahmen-richten-sich-gegen-alle-buerger\/#primaryimage"},"image":{"@id":"https:\/\/now-news.de\/de\/deutschland\/nicht-nur-gegen-fluechtlinge-neue-ueberwachungs-und-zensurmassnahmen-richten-sich-gegen-alle-buerger\/#primaryimage"},"thumbnailUrl":"https:\/\/now-news.de\/de\/wp-content\/uploads\/sites\/3\/2024\/09\/Nicht-nur-gegen-Fluechtlinge-\u2013-Neue-Ueberwachungs-und-Zensurmassnahmen-richten.jpg","datePublished":"2024-09-07T16:14:29+00:00","dateModified":"2024-09-07T16:14:29+00:00","breadcrumb":{"@id":"https:\/\/now-news.de\/de\/deutschland\/nicht-nur-gegen-fluechtlinge-neue-ueberwachungs-und-zensurmassnahmen-richten-sich-gegen-alle-buerger\/#breadcrumb"},"inLanguage":"de","potentialAction":[{"@type":"ReadAction","target":["https:\/\/now-news.de\/de\/deutschland\/nicht-nur-gegen-fluechtlinge-neue-ueberwachungs-und-zensurmassnahmen-richten-sich-gegen-alle-buerger\/"]}]},{"@type":"ImageObject","inLanguage":"de","@id":"https:\/\/now-news.de\/de\/deutschland\/nicht-nur-gegen-fluechtlinge-neue-ueberwachungs-und-zensurmassnahmen-richten-sich-gegen-alle-buerger\/#primaryimage","url":"https:\/\/now-news.de\/de\/wp-content\/uploads\/sites\/3\/2024\/09\/Nicht-nur-gegen-Fluechtlinge-\u2013-Neue-Ueberwachungs-und-Zensurmassnahmen-richten.jpg","contentUrl":"https:\/\/now-news.de\/de\/wp-content\/uploads\/sites\/3\/2024\/09\/Nicht-nur-gegen-Fluechtlinge-\u2013-Neue-Ueberwachungs-und-Zensurmassnahmen-richten.jpg","width":460,"height":259,"caption":"Nicht nur gegen Fl\u00fcchtlinge \u2013 Neue \u00dcberwachungs- und Zensurma\u00dfnahmen richten sich gegen alle B\u00fcrger"},{"@type":"BreadcrumbList","@id":"https:\/\/now-news.de\/de\/deutschland\/nicht-nur-gegen-fluechtlinge-neue-ueberwachungs-und-zensurmassnahmen-richten-sich-gegen-alle-buerger\/#breadcrumb","itemListElement":[{"@type":"ListItem","position":1,"name":"Home","item":"https:\/\/now-news.de\/de\/"},{"@type":"ListItem","position":2,"name":"Nicht nur gegen Fl\u00fcchtlinge \u2013 Neue \u00dcberwachungs- und Zensurma\u00dfnahmen richten sich gegen alle B\u00fcrger"}]},{"@type":"WebSite","@id":"https:\/\/now-news.de\/de\/#website","url":"https:\/\/now-news.de\/de\/","name":"just-now.NEWS Deutschland","description":"Das Portal f\u00fcr unzensierte Nachrichten aus der Welt","publisher":{"@id":"https:\/\/now-news.de\/de\/#organization"},"potentialAction":[{"@type":"SearchAction","target":{"@type":"EntryPoint","urlTemplate":"https:\/\/now-news.de\/de\/?s={search_term_string}"},"query-input":"required name=search_term_string"}],"inLanguage":"de"},{"@type":"Organization","@id":"https:\/\/now-news.de\/de\/#organization","name":"Just Now News","url":"https:\/\/now-news.de\/de\/","logo":{"@type":"ImageObject","inLanguage":"de","@id":"https:\/\/now-news.de\/de\/#\/schema\/logo\/image\/","url":"http:\/\/just-now.news\/de\/wp-content\/uploads\/sites\/3\/2022\/04\/logo500x500.jpg","contentUrl":"http:\/\/just-now.news\/de\/wp-content\/uploads\/sites\/3\/2022\/04\/logo500x500.jpg","width":500,"height":500,"caption":"Just Now News"},"image":{"@id":"https:\/\/now-news.de\/de\/#\/schema\/logo\/image\/"},"sameAs":["https:\/\/www.facebook.com\/wirmachenauf","https:\/\/x.com\/WirMachenAuf_de"]},{"@type":"Person","@id":"https:\/\/now-news.de\/de\/#\/schema\/person\/fb534a4e865501d8b3285208df34a9b5","name":"rtnews","image":{"@type":"ImageObject","inLanguage":"de","@id":"https:\/\/now-news.de\/de\/#\/schema\/person\/image\/","url":"https:\/\/secure.gravatar.com\/avatar\/82aafea7d8127119dd649515f56e2117?s=96&d=mm&r=g","contentUrl":"https:\/\/secure.gravatar.com\/avatar\/82aafea7d8127119dd649515f56e2117?s=96&d=mm&r=g","caption":"rtnews"},"url":"https:\/\/now-news.de\/de\/author\/rnews\/"}]}},"_links":{"self":[{"href":"https:\/\/now-news.de\/de\/wp-json\/wp\/v2\/posts\/68440"}],"collection":[{"href":"https:\/\/now-news.de\/de\/wp-json\/wp\/v2\/posts"}],"about":[{"href":"https:\/\/now-news.de\/de\/wp-json\/wp\/v2\/types\/post"}],"author":[{"embeddable":true,"href":"https:\/\/now-news.de\/de\/wp-json\/wp\/v2\/users\/3"}],"replies":[{"embeddable":true,"href":"https:\/\/now-news.de\/de\/wp-json\/wp\/v2\/comments?post=68440"}],"version-history":[{"count":0,"href":"https:\/\/now-news.de\/de\/wp-json\/wp\/v2\/posts\/68440\/revisions"}],"wp:featuredmedia":[{"embeddable":true,"href":"https:\/\/now-news.de\/de\/wp-json\/wp\/v2\/media\/68441"}],"wp:attachment":[{"href":"https:\/\/now-news.de\/de\/wp-json\/wp\/v2\/media?parent=68440"}],"wp:term":[{"taxonomy":"category","embeddable":true,"href":"https:\/\/now-news.de\/de\/wp-json\/wp\/v2\/categories?post=68440"},{"taxonomy":"post_tag","embeddable":true,"href":"https:\/\/now-news.de\/de\/wp-json\/wp\/v2\/tags?post=68440"}],"curies":[{"name":"wp","href":"https:\/\/api.w.org\/{rel}","templated":true}]}}