{"id":68404,"date":"2024-09-06T21:31:47","date_gmt":"2024-09-06T19:31:47","guid":{"rendered":"https:\/\/now-news.de\/de\/deutschland\/umfragewerte-desastroes-null-prozent-der-deutschen-wuenschen-sich-ampelkoalition\/"},"modified":"2024-09-06T21:31:47","modified_gmt":"2024-09-06T19:31:47","slug":"umfragewerte-desastroes-null-prozent-der-deutschen-wuenschen-sich-ampelkoalition","status":"publish","type":"post","link":"https:\/\/now-news.de\/de\/deutschland\/umfragewerte-desastroes-null-prozent-der-deutschen-wuenschen-sich-ampelkoalition\/","title":{"rendered":"Umfragewerte desastr\u00f6s: Null Prozent der Deutschen w\u00fcnschen sich Ampelkoalition"},"content":{"rendered":"<p><img decoding=\"async\" src=\"https:\/\/now-news.de\/de\/wp-content\/uploads\/sites\/3\/2024\/09\/66db53e5b480cc11e828ad74.jpg\" \/><\/p>\n<div class=\"Text-root Text-type_1 \">\n                Neue Umfragen zeigen desastr\u00f6se Ergebnisse f\u00fcr die Ampel. Auch die Beliebtheitswerte des Bundeskanzlers Olaf Scholz erreichen ein historisches Tief. Die Koalition insgesamt hat buchst\u00e4blich gar keinen R\u00fcckhalt mehr bei den Bundesb\u00fcrgern.\n            <\/div>\n<p><\/p>\n<div class=\"Text-root Text-type_5 ArticleView-text ViewText-root \">\n<p>Eine Umfrage des<em> ZDF<\/em>&#8211;<a rel=\"nofollow noopener\" target=\"_blank\" href=\"https:\/\/www.zdf.de\/nachrichten\/politik\/politbarometer-cdu-fuehrt-100.html\">Politbarometers<\/a> kommt zu dem Ergebnis, dass aktuell null Prozent der Deutschen die Ampel als w\u00fcnschenswert betrachten. Damit ist das ohnehin schon niedrige Ergebnis weiter abgest\u00fcrzt, was f\u00fcr eine amtierende Bundesregierung ein nie dagewesener Wert ist.<\/p>\n<p>Andere m\u00f6gliche Konstellationen sind allerdings nicht wesentlich beliebter. Rot-Rot-Gr\u00fcn kommt auf zwei Prozent, Schwarz-Gr\u00fcn auf sechs Prozent, Schwarz-Gelb und Rot-Gr\u00fcn auf jeweils acht Prozent \u2013 ironischerweise f\u00fchrt eine schwarz-rote Koalition mit immerhin 23\u00a0Prozent, die man aus der Vergangenheit als GroKo kennt.<\/p>\n<p>Fast zwei Drittel der Befragten (65\u00a0Prozent) waren au\u00dferdem der Meinung, dass Bundeskanzler Olaf Scholz seine Arbeit eher schlecht macht. Mit Blick auf die Ampel waren sogar 71\u00a0Prozent der Meinung, dass diese eher schlecht regiert. Allerdings finden nur 38\u00a0Prozent, dass die Union besser regieren w\u00fcrde \u2013 fast die H\u00e4lfte (45\u00a0Prozent) glaubt, dass es keinen Unterschied machen w\u00fcrde.<\/p>\n<blockquote>\n<p><em>&#8220;Dass die Union von vielen nicht als glaubw\u00fcrdige Alternative zur Ampel wahrgenommen wird, ist auch ein wichtiger Grund, warum Parteien wie die\u00a0AfD\u00a0und das\u00a0BSW\u00a0jetzt bei zwei letzten Landeswahlen so gute Ergebnisse erzielt haben&#8221;, schreibt das ZDF dazu.<\/em><\/p>\n<\/blockquote>\n<p>Die Frage nach Neuwahlen ist unter den Befragten umstritten. 49\u00a0Prozent sprechen sich f\u00fcr Neuwahlen aus, 46 Prozent dagegen. Unter Anh\u00e4ngern von CDU (56\u00a0Prozent), AfD (95\u00a0Prozent) und BSW (66\u00a0Prozent) gibt es eine Mehrheit f\u00fcr Neuwahlen. Anh\u00e4nger der Ampel und der Linkspartei lehnen Neuwahlen mehrheitlich ab.<\/p>\n<p>Die Daten wurden vom 3. bis zum 5.\u00a0September\u00a02024 unter 1.328 zuf\u00e4llig ausgew\u00e4hlten Wahlberechtigten telefonisch und online erhoben.<\/p>\n<p><strong>Mehr zum Thema<\/strong> \u2013 <a rel=\"nofollow noopener\" target=\"_blank\" href=\"https:\/\/freedert.online\/meinung\/217760-wahlnachlese-delegitimierung-demokratie-durch-selbsterklaerte\/\">Wahlnachlese: Die Delegitimierung der Demokratie durch selbsterkl\u00e4rte Demokraten<\/a><\/p>\n<div class=\"EmbedBlock-root EmbedBlock-externalVideo EmbedBlock-rumble\">\n<div class=\"VkEmbed\"><iframe class=\"lazyload\" data-src=\"https:\/\/rumble.com\/embed\/v5bkozp\" frameborder=\"0\" width=\"853\" height=\"480\" allowfullscreen><\/iframe><\/div>\n<\/div>\n<\/div>\n<p><br \/>\n<br \/><a href=\"https:\/\/de.rt.com\/inland\/218365-desastroese-umfragewerte-null-prozent-der-deutschen-wuenschen-sich-ampelkoalition\/\">Source link <\/a><\/p>\n","protected":false},"excerpt":{"rendered":"<p>Neue Umfragen zeigen desastr\u00f6se Ergebnisse f\u00fcr die Ampel. Auch die Beliebtheitswerte des Bundeskanzlers Olaf Scholz erreichen ein historisches Tief. Die Koalition insgesamt hat buchst\u00e4blich gar keinen R\u00fcckhalt mehr bei den Bundesb\u00fcrgern. Eine Umfrage des ZDF&#8211;Politbarometers kommt zu dem Ergebnis, dass aktuell null Prozent der Deutschen die Ampel als w\u00fcnschenswert betrachten. Damit ist das ohnehin schon [&hellip;]<\/p>\n","protected":false},"author":3,"featured_media":68405,"comment_status":"open","ping_status":"open","sticky":false,"template":"","format":"standard","meta":{"_yoast_indexnow_last_ping":["1725651703"],"wp_automatic_camp":["217"],"6cc6ceb56a0e8cf8422f33098255fc76":["Umfragewerte desastr\u00f6s: Null Prozent der Deutschen w\u00fcnschen sich Ampelkoalition"],"original_link":["https:\/\/de.rt.com\/inland\/218365-desastroese-umfragewerte-null-prozent-der-deutschen-wuenschen-sich-ampelkoalition\/"],"_thumbnail_id":["68405"],"_wptgpro_p2tg_sent2tg":["a:1:{i:23737;s:19:\"2024-09-06 21:42:44\";}"],"jnews_social_counter_last_update":["1777341344"]},"categories":[19,23],"tags":[22395,82,58319,577,25378,1429,434,48839,27561],"yoast_head":"<!-- This site is optimized with the Yoast SEO Premium plugin v22.7 (Yoast SEO v22.7) - https:\/\/yoast.com\/wordpress\/plugins\/seo\/ -->\n<title>Umfragewerte desastr\u00f6s: Null Prozent der Deutschen w\u00fcnschen sich Ampelkoalition - just-now.NEWS Deutschland<\/title>\n<meta name=\"robots\" content=\"index, follow, max-snippet:-1, max-image-preview:large, max-video-preview:-1\" \/>\n<link rel=\"canonical\" href=\"https:\/\/now-news.de\/de\/deutschland\/umfragewerte-desastroes-null-prozent-der-deutschen-wuenschen-sich-ampelkoalition\/\" \/>\n<meta property=\"og:locale\" content=\"de_DE\" \/>\n<meta property=\"og:type\" content=\"article\" \/>\n<meta property=\"og:title\" content=\"Umfragewerte desastr\u00f6s: Null Prozent der Deutschen w\u00fcnschen sich Ampelkoalition\" \/>\n<meta property=\"og:description\" content=\"Neue Umfragen zeigen desastr\u00f6se Ergebnisse f\u00fcr die Ampel. Auch die Beliebtheitswerte des Bundeskanzlers Olaf Scholz erreichen ein historisches Tief. Die Koalition insgesamt hat buchst\u00e4blich gar keinen R\u00fcckhalt mehr bei den Bundesb\u00fcrgern. Eine Umfrage des ZDF&#8211;Politbarometers kommt zu dem Ergebnis, dass aktuell null Prozent der Deutschen die Ampel als w\u00fcnschenswert betrachten. Damit ist das ohnehin schon [&hellip;]\" \/>\n<meta property=\"og:url\" content=\"https:\/\/now-news.de\/de\/deutschland\/umfragewerte-desastroes-null-prozent-der-deutschen-wuenschen-sich-ampelkoalition\/\" \/>\n<meta property=\"og:site_name\" content=\"just-now.NEWS Deutschland\" \/>\n<meta property=\"article:publisher\" content=\"https:\/\/www.facebook.com\/wirmachenauf\" \/>\n<meta property=\"article:published_time\" content=\"2024-09-06T19:31:47+00:00\" \/>\n<meta property=\"og:image\" content=\"https:\/\/now-news.de\/de\/wp-content\/uploads\/sites\/3\/2024\/09\/66db53e5b480cc11e828ad74.jpg\" \/>\n<meta name=\"author\" content=\"rtnews\" \/>\n<meta name=\"twitter:card\" content=\"summary_large_image\" \/>\n<meta name=\"twitter:creator\" content=\"@WirMachenAuf_de\" \/>\n<meta name=\"twitter:site\" content=\"@WirMachenAuf_de\" \/>\n<meta name=\"twitter:label1\" content=\"Verfasst von\" \/>\n\t<meta name=\"twitter:data1\" content=\"rtnews\" \/>\n\t<meta name=\"twitter:label2\" content=\"Gesch\u00e4tzte Lesezeit\" \/>\n\t<meta name=\"twitter:data2\" content=\"2\u00a0Minuten\" \/>\n<script type=\"application\/ld+json\" class=\"yoast-schema-graph\">{\"@context\":\"https:\/\/schema.org\",\"@graph\":[{\"@type\":\"Article\",\"@id\":\"https:\/\/now-news.de\/de\/deutschland\/umfragewerte-desastroes-null-prozent-der-deutschen-wuenschen-sich-ampelkoalition\/#article\",\"isPartOf\":{\"@id\":\"https:\/\/now-news.de\/de\/deutschland\/umfragewerte-desastroes-null-prozent-der-deutschen-wuenschen-sich-ampelkoalition\/\"},\"author\":{\"name\":\"rtnews\",\"@id\":\"https:\/\/now-news.de\/de\/#\/schema\/person\/fb534a4e865501d8b3285208df34a9b5\"},\"headline\":\"Umfragewerte desastr\u00f6s: Null Prozent der Deutschen w\u00fcnschen sich Ampelkoalition\",\"datePublished\":\"2024-09-06T19:31:47+00:00\",\"dateModified\":\"2024-09-06T19:31:47+00:00\",\"mainEntityOfPage\":{\"@id\":\"https:\/\/now-news.de\/de\/deutschland\/umfragewerte-desastroes-null-prozent-der-deutschen-wuenschen-sich-ampelkoalition\/\"},\"wordCount\":312,\"commentCount\":0,\"publisher\":{\"@id\":\"https:\/\/now-news.de\/de\/#organization\"},\"image\":{\"@id\":\"https:\/\/now-news.de\/de\/deutschland\/umfragewerte-desastroes-null-prozent-der-deutschen-wuenschen-sich-ampelkoalition\/#primaryimage\"},\"thumbnailUrl\":\"https:\/\/now-news.de\/de\/wp-content\/uploads\/sites\/3\/2024\/09\/Umfragewerte-desastroes-Null-Prozent-der-Deutschen-wuenschen-sich-Ampelkoalition.jpg\",\"keywords\":[\"Ampelkoalition\",\"der\",\"desastr\u00f6s\",\"Deutschen\",\"null\",\"Prozent\",\"sich\",\"Umfragewerte\",\"w\u00fcnschen\"],\"articleSection\":[\"Deutschland\",\"Russland\"],\"inLanguage\":\"de\",\"potentialAction\":[{\"@type\":\"CommentAction\",\"name\":\"Comment\",\"target\":[\"https:\/\/now-news.de\/de\/deutschland\/umfragewerte-desastroes-null-prozent-der-deutschen-wuenschen-sich-ampelkoalition\/#respond\"]}]},{\"@type\":\"WebPage\",\"@id\":\"https:\/\/now-news.de\/de\/deutschland\/umfragewerte-desastroes-null-prozent-der-deutschen-wuenschen-sich-ampelkoalition\/\",\"url\":\"https:\/\/now-news.de\/de\/deutschland\/umfragewerte-desastroes-null-prozent-der-deutschen-wuenschen-sich-ampelkoalition\/\",\"name\":\"Umfragewerte desastr\u00f6s: Null Prozent der Deutschen w\u00fcnschen sich Ampelkoalition - just-now.NEWS Deutschland\",\"isPartOf\":{\"@id\":\"https:\/\/now-news.de\/de\/#website\"},\"primaryImageOfPage\":{\"@id\":\"https:\/\/now-news.de\/de\/deutschland\/umfragewerte-desastroes-null-prozent-der-deutschen-wuenschen-sich-ampelkoalition\/#primaryimage\"},\"image\":{\"@id\":\"https:\/\/now-news.de\/de\/deutschland\/umfragewerte-desastroes-null-prozent-der-deutschen-wuenschen-sich-ampelkoalition\/#primaryimage\"},\"thumbnailUrl\":\"https:\/\/now-news.de\/de\/wp-content\/uploads\/sites\/3\/2024\/09\/Umfragewerte-desastroes-Null-Prozent-der-Deutschen-wuenschen-sich-Ampelkoalition.jpg\",\"datePublished\":\"2024-09-06T19:31:47+00:00\",\"dateModified\":\"2024-09-06T19:31:47+00:00\",\"breadcrumb\":{\"@id\":\"https:\/\/now-news.de\/de\/deutschland\/umfragewerte-desastroes-null-prozent-der-deutschen-wuenschen-sich-ampelkoalition\/#breadcrumb\"},\"inLanguage\":\"de\",\"potentialAction\":[{\"@type\":\"ReadAction\",\"target\":[\"https:\/\/now-news.de\/de\/deutschland\/umfragewerte-desastroes-null-prozent-der-deutschen-wuenschen-sich-ampelkoalition\/\"]}]},{\"@type\":\"ImageObject\",\"inLanguage\":\"de\",\"@id\":\"https:\/\/now-news.de\/de\/deutschland\/umfragewerte-desastroes-null-prozent-der-deutschen-wuenschen-sich-ampelkoalition\/#primaryimage\",\"url\":\"https:\/\/now-news.de\/de\/wp-content\/uploads\/sites\/3\/2024\/09\/Umfragewerte-desastroes-Null-Prozent-der-Deutschen-wuenschen-sich-Ampelkoalition.jpg\",\"contentUrl\":\"https:\/\/now-news.de\/de\/wp-content\/uploads\/sites\/3\/2024\/09\/Umfragewerte-desastroes-Null-Prozent-der-Deutschen-wuenschen-sich-Ampelkoalition.jpg\",\"width\":460,\"height\":259,\"caption\":\"Umfragewerte desastr\u00f6s: Null Prozent der Deutschen w\u00fcnschen sich Ampelkoalition\"},{\"@type\":\"BreadcrumbList\",\"@id\":\"https:\/\/now-news.de\/de\/deutschland\/umfragewerte-desastroes-null-prozent-der-deutschen-wuenschen-sich-ampelkoalition\/#breadcrumb\",\"itemListElement\":[{\"@type\":\"ListItem\",\"position\":1,\"name\":\"Home\",\"item\":\"https:\/\/now-news.de\/de\/\"},{\"@type\":\"ListItem\",\"position\":2,\"name\":\"Umfragewerte desastr\u00f6s: Null Prozent der Deutschen w\u00fcnschen sich Ampelkoalition\"}]},{\"@type\":\"WebSite\",\"@id\":\"https:\/\/now-news.de\/de\/#website\",\"url\":\"https:\/\/now-news.de\/de\/\",\"name\":\"just-now.NEWS Deutschland\",\"description\":\"Das Portal f\u00fcr unzensierte Nachrichten aus der Welt\",\"publisher\":{\"@id\":\"https:\/\/now-news.de\/de\/#organization\"},\"potentialAction\":[{\"@type\":\"SearchAction\",\"target\":{\"@type\":\"EntryPoint\",\"urlTemplate\":\"https:\/\/now-news.de\/de\/?s={search_term_string}\"},\"query-input\":\"required name=search_term_string\"}],\"inLanguage\":\"de\"},{\"@type\":\"Organization\",\"@id\":\"https:\/\/now-news.de\/de\/#organization\",\"name\":\"Just Now News\",\"url\":\"https:\/\/now-news.de\/de\/\",\"logo\":{\"@type\":\"ImageObject\",\"inLanguage\":\"de\",\"@id\":\"https:\/\/now-news.de\/de\/#\/schema\/logo\/image\/\",\"url\":\"http:\/\/just-now.news\/de\/wp-content\/uploads\/sites\/3\/2022\/04\/logo500x500.jpg\",\"contentUrl\":\"http:\/\/just-now.news\/de\/wp-content\/uploads\/sites\/3\/2022\/04\/logo500x500.jpg\",\"width\":500,\"height\":500,\"caption\":\"Just Now News\"},\"image\":{\"@id\":\"https:\/\/now-news.de\/de\/#\/schema\/logo\/image\/\"},\"sameAs\":[\"https:\/\/www.facebook.com\/wirmachenauf\",\"https:\/\/x.com\/WirMachenAuf_de\"]},{\"@type\":\"Person\",\"@id\":\"https:\/\/now-news.de\/de\/#\/schema\/person\/fb534a4e865501d8b3285208df34a9b5\",\"name\":\"rtnews\",\"image\":{\"@type\":\"ImageObject\",\"inLanguage\":\"de\",\"@id\":\"https:\/\/now-news.de\/de\/#\/schema\/person\/image\/\",\"url\":\"https:\/\/secure.gravatar.com\/avatar\/82aafea7d8127119dd649515f56e2117?s=96&d=mm&r=g\",\"contentUrl\":\"https:\/\/secure.gravatar.com\/avatar\/82aafea7d8127119dd649515f56e2117?s=96&d=mm&r=g\",\"caption\":\"rtnews\"},\"url\":\"https:\/\/now-news.de\/de\/author\/rnews\/\"}]}<\/script>\n<!-- \/ Yoast SEO Premium plugin. -->","yoast_head_json":{"title":"Umfragewerte desastr\u00f6s: Null Prozent der Deutschen w\u00fcnschen sich Ampelkoalition - just-now.NEWS Deutschland","robots":{"index":"index","follow":"follow","max-snippet":"max-snippet:-1","max-image-preview":"max-image-preview:large","max-video-preview":"max-video-preview:-1"},"canonical":"https:\/\/now-news.de\/de\/deutschland\/umfragewerte-desastroes-null-prozent-der-deutschen-wuenschen-sich-ampelkoalition\/","og_locale":"de_DE","og_type":"article","og_title":"Umfragewerte desastr\u00f6s: Null Prozent der Deutschen w\u00fcnschen sich Ampelkoalition","og_description":"Neue Umfragen zeigen desastr\u00f6se Ergebnisse f\u00fcr die Ampel. Auch die Beliebtheitswerte des Bundeskanzlers Olaf Scholz erreichen ein historisches Tief. Die Koalition insgesamt hat buchst\u00e4blich gar keinen R\u00fcckhalt mehr bei den Bundesb\u00fcrgern. Eine Umfrage des ZDF&#8211;Politbarometers kommt zu dem Ergebnis, dass aktuell null Prozent der Deutschen die Ampel als w\u00fcnschenswert betrachten. Damit ist das ohnehin schon [&hellip;]","og_url":"https:\/\/now-news.de\/de\/deutschland\/umfragewerte-desastroes-null-prozent-der-deutschen-wuenschen-sich-ampelkoalition\/","og_site_name":"just-now.NEWS Deutschland","article_publisher":"https:\/\/www.facebook.com\/wirmachenauf","article_published_time":"2024-09-06T19:31:47+00:00","og_image":[{"url":"https:\/\/now-news.de\/de\/wp-content\/uploads\/sites\/3\/2024\/09\/66db53e5b480cc11e828ad74.jpg"}],"author":"rtnews","twitter_card":"summary_large_image","twitter_creator":"@WirMachenAuf_de","twitter_site":"@WirMachenAuf_de","twitter_misc":{"Verfasst von":"rtnews","Gesch\u00e4tzte Lesezeit":"2\u00a0Minuten"},"schema":{"@context":"https:\/\/schema.org","@graph":[{"@type":"Article","@id":"https:\/\/now-news.de\/de\/deutschland\/umfragewerte-desastroes-null-prozent-der-deutschen-wuenschen-sich-ampelkoalition\/#article","isPartOf":{"@id":"https:\/\/now-news.de\/de\/deutschland\/umfragewerte-desastroes-null-prozent-der-deutschen-wuenschen-sich-ampelkoalition\/"},"author":{"name":"rtnews","@id":"https:\/\/now-news.de\/de\/#\/schema\/person\/fb534a4e865501d8b3285208df34a9b5"},"headline":"Umfragewerte desastr\u00f6s: Null Prozent der Deutschen w\u00fcnschen sich Ampelkoalition","datePublished":"2024-09-06T19:31:47+00:00","dateModified":"2024-09-06T19:31:47+00:00","mainEntityOfPage":{"@id":"https:\/\/now-news.de\/de\/deutschland\/umfragewerte-desastroes-null-prozent-der-deutschen-wuenschen-sich-ampelkoalition\/"},"wordCount":312,"commentCount":0,"publisher":{"@id":"https:\/\/now-news.de\/de\/#organization"},"image":{"@id":"https:\/\/now-news.de\/de\/deutschland\/umfragewerte-desastroes-null-prozent-der-deutschen-wuenschen-sich-ampelkoalition\/#primaryimage"},"thumbnailUrl":"https:\/\/now-news.de\/de\/wp-content\/uploads\/sites\/3\/2024\/09\/Umfragewerte-desastroes-Null-Prozent-der-Deutschen-wuenschen-sich-Ampelkoalition.jpg","keywords":["Ampelkoalition","der","desastr\u00f6s","Deutschen","null","Prozent","sich","Umfragewerte","w\u00fcnschen"],"articleSection":["Deutschland","Russland"],"inLanguage":"de","potentialAction":[{"@type":"CommentAction","name":"Comment","target":["https:\/\/now-news.de\/de\/deutschland\/umfragewerte-desastroes-null-prozent-der-deutschen-wuenschen-sich-ampelkoalition\/#respond"]}]},{"@type":"WebPage","@id":"https:\/\/now-news.de\/de\/deutschland\/umfragewerte-desastroes-null-prozent-der-deutschen-wuenschen-sich-ampelkoalition\/","url":"https:\/\/now-news.de\/de\/deutschland\/umfragewerte-desastroes-null-prozent-der-deutschen-wuenschen-sich-ampelkoalition\/","name":"Umfragewerte desastr\u00f6s: Null Prozent der Deutschen w\u00fcnschen sich Ampelkoalition - just-now.NEWS Deutschland","isPartOf":{"@id":"https:\/\/now-news.de\/de\/#website"},"primaryImageOfPage":{"@id":"https:\/\/now-news.de\/de\/deutschland\/umfragewerte-desastroes-null-prozent-der-deutschen-wuenschen-sich-ampelkoalition\/#primaryimage"},"image":{"@id":"https:\/\/now-news.de\/de\/deutschland\/umfragewerte-desastroes-null-prozent-der-deutschen-wuenschen-sich-ampelkoalition\/#primaryimage"},"thumbnailUrl":"https:\/\/now-news.de\/de\/wp-content\/uploads\/sites\/3\/2024\/09\/Umfragewerte-desastroes-Null-Prozent-der-Deutschen-wuenschen-sich-Ampelkoalition.jpg","datePublished":"2024-09-06T19:31:47+00:00","dateModified":"2024-09-06T19:31:47+00:00","breadcrumb":{"@id":"https:\/\/now-news.de\/de\/deutschland\/umfragewerte-desastroes-null-prozent-der-deutschen-wuenschen-sich-ampelkoalition\/#breadcrumb"},"inLanguage":"de","potentialAction":[{"@type":"ReadAction","target":["https:\/\/now-news.de\/de\/deutschland\/umfragewerte-desastroes-null-prozent-der-deutschen-wuenschen-sich-ampelkoalition\/"]}]},{"@type":"ImageObject","inLanguage":"de","@id":"https:\/\/now-news.de\/de\/deutschland\/umfragewerte-desastroes-null-prozent-der-deutschen-wuenschen-sich-ampelkoalition\/#primaryimage","url":"https:\/\/now-news.de\/de\/wp-content\/uploads\/sites\/3\/2024\/09\/Umfragewerte-desastroes-Null-Prozent-der-Deutschen-wuenschen-sich-Ampelkoalition.jpg","contentUrl":"https:\/\/now-news.de\/de\/wp-content\/uploads\/sites\/3\/2024\/09\/Umfragewerte-desastroes-Null-Prozent-der-Deutschen-wuenschen-sich-Ampelkoalition.jpg","width":460,"height":259,"caption":"Umfragewerte desastr\u00f6s: Null Prozent der Deutschen w\u00fcnschen sich Ampelkoalition"},{"@type":"BreadcrumbList","@id":"https:\/\/now-news.de\/de\/deutschland\/umfragewerte-desastroes-null-prozent-der-deutschen-wuenschen-sich-ampelkoalition\/#breadcrumb","itemListElement":[{"@type":"ListItem","position":1,"name":"Home","item":"https:\/\/now-news.de\/de\/"},{"@type":"ListItem","position":2,"name":"Umfragewerte desastr\u00f6s: Null Prozent der Deutschen w\u00fcnschen sich Ampelkoalition"}]},{"@type":"WebSite","@id":"https:\/\/now-news.de\/de\/#website","url":"https:\/\/now-news.de\/de\/","name":"just-now.NEWS Deutschland","description":"Das Portal f\u00fcr unzensierte Nachrichten aus der Welt","publisher":{"@id":"https:\/\/now-news.de\/de\/#organization"},"potentialAction":[{"@type":"SearchAction","target":{"@type":"EntryPoint","urlTemplate":"https:\/\/now-news.de\/de\/?s={search_term_string}"},"query-input":"required name=search_term_string"}],"inLanguage":"de"},{"@type":"Organization","@id":"https:\/\/now-news.de\/de\/#organization","name":"Just Now News","url":"https:\/\/now-news.de\/de\/","logo":{"@type":"ImageObject","inLanguage":"de","@id":"https:\/\/now-news.de\/de\/#\/schema\/logo\/image\/","url":"http:\/\/just-now.news\/de\/wp-content\/uploads\/sites\/3\/2022\/04\/logo500x500.jpg","contentUrl":"http:\/\/just-now.news\/de\/wp-content\/uploads\/sites\/3\/2022\/04\/logo500x500.jpg","width":500,"height":500,"caption":"Just Now News"},"image":{"@id":"https:\/\/now-news.de\/de\/#\/schema\/logo\/image\/"},"sameAs":["https:\/\/www.facebook.com\/wirmachenauf","https:\/\/x.com\/WirMachenAuf_de"]},{"@type":"Person","@id":"https:\/\/now-news.de\/de\/#\/schema\/person\/fb534a4e865501d8b3285208df34a9b5","name":"rtnews","image":{"@type":"ImageObject","inLanguage":"de","@id":"https:\/\/now-news.de\/de\/#\/schema\/person\/image\/","url":"https:\/\/secure.gravatar.com\/avatar\/82aafea7d8127119dd649515f56e2117?s=96&d=mm&r=g","contentUrl":"https:\/\/secure.gravatar.com\/avatar\/82aafea7d8127119dd649515f56e2117?s=96&d=mm&r=g","caption":"rtnews"},"url":"https:\/\/now-news.de\/de\/author\/rnews\/"}]}},"_links":{"self":[{"href":"https:\/\/now-news.de\/de\/wp-json\/wp\/v2\/posts\/68404"}],"collection":[{"href":"https:\/\/now-news.de\/de\/wp-json\/wp\/v2\/posts"}],"about":[{"href":"https:\/\/now-news.de\/de\/wp-json\/wp\/v2\/types\/post"}],"author":[{"embeddable":true,"href":"https:\/\/now-news.de\/de\/wp-json\/wp\/v2\/users\/3"}],"replies":[{"embeddable":true,"href":"https:\/\/now-news.de\/de\/wp-json\/wp\/v2\/comments?post=68404"}],"version-history":[{"count":0,"href":"https:\/\/now-news.de\/de\/wp-json\/wp\/v2\/posts\/68404\/revisions"}],"wp:featuredmedia":[{"embeddable":true,"href":"https:\/\/now-news.de\/de\/wp-json\/wp\/v2\/media\/68405"}],"wp:attachment":[{"href":"https:\/\/now-news.de\/de\/wp-json\/wp\/v2\/media?parent=68404"}],"wp:term":[{"taxonomy":"category","embeddable":true,"href":"https:\/\/now-news.de\/de\/wp-json\/wp\/v2\/categories?post=68404"},{"taxonomy":"post_tag","embeddable":true,"href":"https:\/\/now-news.de\/de\/wp-json\/wp\/v2\/tags?post=68404"}],"curies":[{"name":"wp","href":"https:\/\/api.w.org\/{rel}","templated":true}]}}