{"id":68400,"date":"2024-09-06T20:49:42","date_gmt":"2024-09-06T18:49:42","guid":{"rendered":"https:\/\/now-news.de\/de\/deutschland\/selenskij-fordert-verbuendete-auf-moskaus-rote-linien-zu-ignorieren\/"},"modified":"2024-09-06T20:49:42","modified_gmt":"2024-09-06T18:49:42","slug":"selenskij-fordert-verbuendete-auf-moskaus-rote-linien-zu-ignorieren","status":"publish","type":"post","link":"https:\/\/now-news.de\/de\/deutschland\/selenskij-fordert-verbuendete-auf-moskaus-rote-linien-zu-ignorieren\/","title":{"rendered":"Selenskij fordert Verb\u00fcndete auf, Moskaus rote Linien zu ignorieren"},"content":{"rendered":"<p><img decoding=\"async\" src=\"https:\/\/now-news.de\/de\/wp-content\/uploads\/sites\/3\/2024\/09\/66db11c8b480cc41713ad1a6.jpg\" \/><\/p>\n<div class=\"Text-root Text-type_1 \">\n                Beim Treffen der Ramstein-Kontaktgruppe am Freitag fordert der Pr\u00e4sident der Ukraine Wladimir Selenskij, dass der Westen Angriffe auf Russland mit Langstreckenwaffen erlaubt und damit &#8220;die roten Linien Moskaus&#8221; ignoriert.\n            <\/div>\n<p><\/p>\n<div class=\"Text-root Text-type_5 ArticleView-text ViewText-root \">\n<p>Die westlichen Verb\u00fcndeten der Ukraine sollten &#8220;die roten Linien Moskaus&#8221; ignorieren und Kiew den Einsatz von Langstreckenwaffen gestatten. Dies hat der Pr\u00e4sident der Ukraine Wladimir Selenskij am Freitag w\u00e4hrend des Treffens der Ramstein-Kontaktgruppe in Deutschland erkl\u00e4rt. Seine Forderung begr\u00fcndete das Staatsoberhaupt damit, dass Angriffe mit Waffen gr\u00f6\u00dferer Reichweite auf russisches Territorium Moskau motivieren w\u00fcrden, nach Frieden zu streben.<\/p>\n<p>Selenskij besuchte am Freitag das Treffen der NATO-Verteidigungsminister auf der US-Flugst\u00fctzpunkt in Ramstein. Wie der <em>Spiegel<\/em> am Vortag berichtet hatte, soll die Beteiligung des Pr\u00e4sidenten das \u00fcbliche milit\u00e4rische Format des Treffens auch politisch aufziehen. Es sei nicht gew\u00f6hnlich f\u00fcr politische Figuren, Sitzungen der Verteidigungsminister und hochrangigen Milit\u00e4rs der Kontaktgruppe zu besuchen. Die Gruppe umfasst etwa 50\u00a0L\u00e4nder, die Kiew seit Beginn des Konflikts mit Russland durch Waffenlieferungen unterst\u00fctzen.<\/p>\n<p>Au\u00dferdem wird Selenskij nach <em>Spiegel<\/em>-Informationen mit Bundeskanzler Olaf Scholz in Frankfurt am Main treffen.<\/p>\n<p><strong>Mehr zum Thema \u2013<\/strong>\u00a0<a rel=\"nofollow noopener\" target=\"_blank\" href=\"https:\/\/freedert.online\/europa\/218294-us-pentagon-kuendigt-neue-militaerhilfe\/\">USA: Pentagon k\u00fcndigt neue Milit\u00e4rhilfe f\u00fcr die Ukraine in H\u00f6he von 250 Millionen Dollar an<\/a><\/p>\n<\/div>\n<p><br \/>\n<br \/><a href=\"https:\/\/de.rt.com\/international\/218339-selenskij-fordert-verbuendete-auf-moskaus-rote-linien-zu-ignorieren\/\">Source link <\/a><\/p>\n","protected":false},"excerpt":{"rendered":"<p>Beim Treffen der Ramstein-Kontaktgruppe am Freitag fordert der Pr\u00e4sident der Ukraine Wladimir Selenskij, dass der Westen Angriffe auf Russland mit Langstreckenwaffen erlaubt und damit &#8220;die roten Linien Moskaus&#8221; ignoriert. Die westlichen Verb\u00fcndeten der Ukraine sollten &#8220;die roten Linien Moskaus&#8221; ignorieren und Kiew den Einsatz von Langstreckenwaffen gestatten. Dies hat der Pr\u00e4sident der Ukraine Wladimir Selenskij [&hellip;]<\/p>\n","protected":false},"author":3,"featured_media":68401,"comment_status":"open","ping_status":"open","sticky":false,"template":"","format":"standard","meta":{"_yoast_indexnow_last_ping":["1725648825"],"wp_automatic_camp":["217"],"4c4f05c3f5c1fd7236c0835fa3796337":["Selenskij fordert Verb\u00fcndete auf, Moskaus rote Linien zu ignorieren"],"original_link":["https:\/\/de.rt.com\/international\/218339-selenskij-fordert-verbuendete-auf-moskaus-rote-linien-zu-ignorieren\/"],"_thumbnail_id":["68401"],"_wptgpro_p2tg_sent2tg":["a:1:{i:23737;s:19:\"2024-09-06 20:54:47\";}"],"jnews_social_counter_last_update":["1777426910"]},"categories":[19,23],"tags":[133,355,20223,34079,4382,9540,6158,20545],"yoast_head":"<!-- This site is optimized with the Yoast SEO Premium plugin v22.7 (Yoast SEO v22.7) - https:\/\/yoast.com\/wordpress\/plugins\/seo\/ -->\n<title>Selenskij fordert Verb\u00fcndete auf, Moskaus rote Linien zu ignorieren - just-now.NEWS Deutschland<\/title>\n<meta name=\"robots\" content=\"index, follow, max-snippet:-1, max-image-preview:large, max-video-preview:-1\" \/>\n<link rel=\"canonical\" href=\"https:\/\/now-news.de\/de\/deutschland\/selenskij-fordert-verbuendete-auf-moskaus-rote-linien-zu-ignorieren\/\" \/>\n<meta property=\"og:locale\" content=\"de_DE\" \/>\n<meta property=\"og:type\" content=\"article\" \/>\n<meta property=\"og:title\" content=\"Selenskij fordert Verb\u00fcndete auf, Moskaus rote Linien zu ignorieren\" \/>\n<meta property=\"og:description\" content=\"Beim Treffen der Ramstein-Kontaktgruppe am Freitag fordert der Pr\u00e4sident der Ukraine Wladimir Selenskij, dass der Westen Angriffe auf Russland mit Langstreckenwaffen erlaubt und damit &#8220;die roten Linien Moskaus&#8221; ignoriert. Die westlichen Verb\u00fcndeten der Ukraine sollten &#8220;die roten Linien Moskaus&#8221; ignorieren und Kiew den Einsatz von Langstreckenwaffen gestatten. Dies hat der Pr\u00e4sident der Ukraine Wladimir Selenskij [&hellip;]\" \/>\n<meta property=\"og:url\" content=\"https:\/\/now-news.de\/de\/deutschland\/selenskij-fordert-verbuendete-auf-moskaus-rote-linien-zu-ignorieren\/\" \/>\n<meta property=\"og:site_name\" content=\"just-now.NEWS Deutschland\" \/>\n<meta property=\"article:publisher\" content=\"https:\/\/www.facebook.com\/wirmachenauf\" \/>\n<meta property=\"article:published_time\" content=\"2024-09-06T18:49:42+00:00\" \/>\n<meta property=\"og:image\" content=\"https:\/\/now-news.de\/de\/wp-content\/uploads\/sites\/3\/2024\/09\/66db11c8b480cc41713ad1a6.jpg\" \/>\n<meta name=\"author\" content=\"rtnews\" \/>\n<meta name=\"twitter:card\" content=\"summary_large_image\" \/>\n<meta name=\"twitter:creator\" content=\"@WirMachenAuf_de\" \/>\n<meta name=\"twitter:site\" content=\"@WirMachenAuf_de\" \/>\n<meta name=\"twitter:label1\" content=\"Verfasst von\" \/>\n\t<meta name=\"twitter:data1\" content=\"rtnews\" \/>\n\t<meta name=\"twitter:label2\" content=\"Gesch\u00e4tzte Lesezeit\" \/>\n\t<meta name=\"twitter:data2\" content=\"1\u00a0Minute\" \/>\n<script type=\"application\/ld+json\" class=\"yoast-schema-graph\">{\"@context\":\"https:\/\/schema.org\",\"@graph\":[{\"@type\":\"Article\",\"@id\":\"https:\/\/now-news.de\/de\/deutschland\/selenskij-fordert-verbuendete-auf-moskaus-rote-linien-zu-ignorieren\/#article\",\"isPartOf\":{\"@id\":\"https:\/\/now-news.de\/de\/deutschland\/selenskij-fordert-verbuendete-auf-moskaus-rote-linien-zu-ignorieren\/\"},\"author\":{\"name\":\"rtnews\",\"@id\":\"https:\/\/now-news.de\/de\/#\/schema\/person\/fb534a4e865501d8b3285208df34a9b5\"},\"headline\":\"Selenskij fordert Verb\u00fcndete auf, Moskaus rote Linien zu ignorieren\",\"datePublished\":\"2024-09-06T18:49:42+00:00\",\"dateModified\":\"2024-09-06T18:49:42+00:00\",\"mainEntityOfPage\":{\"@id\":\"https:\/\/now-news.de\/de\/deutschland\/selenskij-fordert-verbuendete-auf-moskaus-rote-linien-zu-ignorieren\/\"},\"wordCount\":219,\"commentCount\":0,\"publisher\":{\"@id\":\"https:\/\/now-news.de\/de\/#organization\"},\"image\":{\"@id\":\"https:\/\/now-news.de\/de\/deutschland\/selenskij-fordert-verbuendete-auf-moskaus-rote-linien-zu-ignorieren\/#primaryimage\"},\"thumbnailUrl\":\"https:\/\/now-news.de\/de\/wp-content\/uploads\/sites\/3\/2024\/09\/Selenskij-fordert-Verbuendete-auf-Moskaus-rote-Linien-zu-ignorieren.jpg\",\"keywords\":[\"AUF\",\"fordert\",\"ignorieren\",\"Linien\",\"Moskaus\",\"rote\",\"Selenskij\",\"Verb\u00fcndete\"],\"articleSection\":[\"Deutschland\",\"Russland\"],\"inLanguage\":\"de\",\"potentialAction\":[{\"@type\":\"CommentAction\",\"name\":\"Comment\",\"target\":[\"https:\/\/now-news.de\/de\/deutschland\/selenskij-fordert-verbuendete-auf-moskaus-rote-linien-zu-ignorieren\/#respond\"]}]},{\"@type\":\"WebPage\",\"@id\":\"https:\/\/now-news.de\/de\/deutschland\/selenskij-fordert-verbuendete-auf-moskaus-rote-linien-zu-ignorieren\/\",\"url\":\"https:\/\/now-news.de\/de\/deutschland\/selenskij-fordert-verbuendete-auf-moskaus-rote-linien-zu-ignorieren\/\",\"name\":\"Selenskij fordert Verb\u00fcndete auf, Moskaus rote Linien zu ignorieren - just-now.NEWS Deutschland\",\"isPartOf\":{\"@id\":\"https:\/\/now-news.de\/de\/#website\"},\"primaryImageOfPage\":{\"@id\":\"https:\/\/now-news.de\/de\/deutschland\/selenskij-fordert-verbuendete-auf-moskaus-rote-linien-zu-ignorieren\/#primaryimage\"},\"image\":{\"@id\":\"https:\/\/now-news.de\/de\/deutschland\/selenskij-fordert-verbuendete-auf-moskaus-rote-linien-zu-ignorieren\/#primaryimage\"},\"thumbnailUrl\":\"https:\/\/now-news.de\/de\/wp-content\/uploads\/sites\/3\/2024\/09\/Selenskij-fordert-Verbuendete-auf-Moskaus-rote-Linien-zu-ignorieren.jpg\",\"datePublished\":\"2024-09-06T18:49:42+00:00\",\"dateModified\":\"2024-09-06T18:49:42+00:00\",\"breadcrumb\":{\"@id\":\"https:\/\/now-news.de\/de\/deutschland\/selenskij-fordert-verbuendete-auf-moskaus-rote-linien-zu-ignorieren\/#breadcrumb\"},\"inLanguage\":\"de\",\"potentialAction\":[{\"@type\":\"ReadAction\",\"target\":[\"https:\/\/now-news.de\/de\/deutschland\/selenskij-fordert-verbuendete-auf-moskaus-rote-linien-zu-ignorieren\/\"]}]},{\"@type\":\"ImageObject\",\"inLanguage\":\"de\",\"@id\":\"https:\/\/now-news.de\/de\/deutschland\/selenskij-fordert-verbuendete-auf-moskaus-rote-linien-zu-ignorieren\/#primaryimage\",\"url\":\"https:\/\/now-news.de\/de\/wp-content\/uploads\/sites\/3\/2024\/09\/Selenskij-fordert-Verbuendete-auf-Moskaus-rote-Linien-zu-ignorieren.jpg\",\"contentUrl\":\"https:\/\/now-news.de\/de\/wp-content\/uploads\/sites\/3\/2024\/09\/Selenskij-fordert-Verbuendete-auf-Moskaus-rote-Linien-zu-ignorieren.jpg\",\"width\":460,\"height\":259,\"caption\":\"Selenskij fordert Verb\u00fcndete auf, Moskaus rote Linien zu ignorieren\"},{\"@type\":\"BreadcrumbList\",\"@id\":\"https:\/\/now-news.de\/de\/deutschland\/selenskij-fordert-verbuendete-auf-moskaus-rote-linien-zu-ignorieren\/#breadcrumb\",\"itemListElement\":[{\"@type\":\"ListItem\",\"position\":1,\"name\":\"Home\",\"item\":\"https:\/\/now-news.de\/de\/\"},{\"@type\":\"ListItem\",\"position\":2,\"name\":\"Selenskij fordert Verb\u00fcndete auf, Moskaus rote Linien zu ignorieren\"}]},{\"@type\":\"WebSite\",\"@id\":\"https:\/\/now-news.de\/de\/#website\",\"url\":\"https:\/\/now-news.de\/de\/\",\"name\":\"just-now.NEWS Deutschland\",\"description\":\"Das Portal f\u00fcr unzensierte Nachrichten aus der Welt\",\"publisher\":{\"@id\":\"https:\/\/now-news.de\/de\/#organization\"},\"potentialAction\":[{\"@type\":\"SearchAction\",\"target\":{\"@type\":\"EntryPoint\",\"urlTemplate\":\"https:\/\/now-news.de\/de\/?s={search_term_string}\"},\"query-input\":\"required name=search_term_string\"}],\"inLanguage\":\"de\"},{\"@type\":\"Organization\",\"@id\":\"https:\/\/now-news.de\/de\/#organization\",\"name\":\"Just Now News\",\"url\":\"https:\/\/now-news.de\/de\/\",\"logo\":{\"@type\":\"ImageObject\",\"inLanguage\":\"de\",\"@id\":\"https:\/\/now-news.de\/de\/#\/schema\/logo\/image\/\",\"url\":\"http:\/\/just-now.news\/de\/wp-content\/uploads\/sites\/3\/2022\/04\/logo500x500.jpg\",\"contentUrl\":\"http:\/\/just-now.news\/de\/wp-content\/uploads\/sites\/3\/2022\/04\/logo500x500.jpg\",\"width\":500,\"height\":500,\"caption\":\"Just Now News\"},\"image\":{\"@id\":\"https:\/\/now-news.de\/de\/#\/schema\/logo\/image\/\"},\"sameAs\":[\"https:\/\/www.facebook.com\/wirmachenauf\",\"https:\/\/x.com\/WirMachenAuf_de\"]},{\"@type\":\"Person\",\"@id\":\"https:\/\/now-news.de\/de\/#\/schema\/person\/fb534a4e865501d8b3285208df34a9b5\",\"name\":\"rtnews\",\"image\":{\"@type\":\"ImageObject\",\"inLanguage\":\"de\",\"@id\":\"https:\/\/now-news.de\/de\/#\/schema\/person\/image\/\",\"url\":\"https:\/\/secure.gravatar.com\/avatar\/82aafea7d8127119dd649515f56e2117?s=96&d=mm&r=g\",\"contentUrl\":\"https:\/\/secure.gravatar.com\/avatar\/82aafea7d8127119dd649515f56e2117?s=96&d=mm&r=g\",\"caption\":\"rtnews\"},\"url\":\"https:\/\/now-news.de\/de\/author\/rnews\/\"}]}<\/script>\n<!-- \/ Yoast SEO Premium plugin. -->","yoast_head_json":{"title":"Selenskij fordert Verb\u00fcndete auf, Moskaus rote Linien zu ignorieren - just-now.NEWS Deutschland","robots":{"index":"index","follow":"follow","max-snippet":"max-snippet:-1","max-image-preview":"max-image-preview:large","max-video-preview":"max-video-preview:-1"},"canonical":"https:\/\/now-news.de\/de\/deutschland\/selenskij-fordert-verbuendete-auf-moskaus-rote-linien-zu-ignorieren\/","og_locale":"de_DE","og_type":"article","og_title":"Selenskij fordert Verb\u00fcndete auf, Moskaus rote Linien zu ignorieren","og_description":"Beim Treffen der Ramstein-Kontaktgruppe am Freitag fordert der Pr\u00e4sident der Ukraine Wladimir Selenskij, dass der Westen Angriffe auf Russland mit Langstreckenwaffen erlaubt und damit &#8220;die roten Linien Moskaus&#8221; ignoriert. Die westlichen Verb\u00fcndeten der Ukraine sollten &#8220;die roten Linien Moskaus&#8221; ignorieren und Kiew den Einsatz von Langstreckenwaffen gestatten. Dies hat der Pr\u00e4sident der Ukraine Wladimir Selenskij [&hellip;]","og_url":"https:\/\/now-news.de\/de\/deutschland\/selenskij-fordert-verbuendete-auf-moskaus-rote-linien-zu-ignorieren\/","og_site_name":"just-now.NEWS Deutschland","article_publisher":"https:\/\/www.facebook.com\/wirmachenauf","article_published_time":"2024-09-06T18:49:42+00:00","og_image":[{"url":"https:\/\/now-news.de\/de\/wp-content\/uploads\/sites\/3\/2024\/09\/66db11c8b480cc41713ad1a6.jpg"}],"author":"rtnews","twitter_card":"summary_large_image","twitter_creator":"@WirMachenAuf_de","twitter_site":"@WirMachenAuf_de","twitter_misc":{"Verfasst von":"rtnews","Gesch\u00e4tzte Lesezeit":"1\u00a0Minute"},"schema":{"@context":"https:\/\/schema.org","@graph":[{"@type":"Article","@id":"https:\/\/now-news.de\/de\/deutschland\/selenskij-fordert-verbuendete-auf-moskaus-rote-linien-zu-ignorieren\/#article","isPartOf":{"@id":"https:\/\/now-news.de\/de\/deutschland\/selenskij-fordert-verbuendete-auf-moskaus-rote-linien-zu-ignorieren\/"},"author":{"name":"rtnews","@id":"https:\/\/now-news.de\/de\/#\/schema\/person\/fb534a4e865501d8b3285208df34a9b5"},"headline":"Selenskij fordert Verb\u00fcndete auf, Moskaus rote Linien zu ignorieren","datePublished":"2024-09-06T18:49:42+00:00","dateModified":"2024-09-06T18:49:42+00:00","mainEntityOfPage":{"@id":"https:\/\/now-news.de\/de\/deutschland\/selenskij-fordert-verbuendete-auf-moskaus-rote-linien-zu-ignorieren\/"},"wordCount":219,"commentCount":0,"publisher":{"@id":"https:\/\/now-news.de\/de\/#organization"},"image":{"@id":"https:\/\/now-news.de\/de\/deutschland\/selenskij-fordert-verbuendete-auf-moskaus-rote-linien-zu-ignorieren\/#primaryimage"},"thumbnailUrl":"https:\/\/now-news.de\/de\/wp-content\/uploads\/sites\/3\/2024\/09\/Selenskij-fordert-Verbuendete-auf-Moskaus-rote-Linien-zu-ignorieren.jpg","keywords":["AUF","fordert","ignorieren","Linien","Moskaus","rote","Selenskij","Verb\u00fcndete"],"articleSection":["Deutschland","Russland"],"inLanguage":"de","potentialAction":[{"@type":"CommentAction","name":"Comment","target":["https:\/\/now-news.de\/de\/deutschland\/selenskij-fordert-verbuendete-auf-moskaus-rote-linien-zu-ignorieren\/#respond"]}]},{"@type":"WebPage","@id":"https:\/\/now-news.de\/de\/deutschland\/selenskij-fordert-verbuendete-auf-moskaus-rote-linien-zu-ignorieren\/","url":"https:\/\/now-news.de\/de\/deutschland\/selenskij-fordert-verbuendete-auf-moskaus-rote-linien-zu-ignorieren\/","name":"Selenskij fordert Verb\u00fcndete auf, Moskaus rote Linien zu ignorieren - just-now.NEWS Deutschland","isPartOf":{"@id":"https:\/\/now-news.de\/de\/#website"},"primaryImageOfPage":{"@id":"https:\/\/now-news.de\/de\/deutschland\/selenskij-fordert-verbuendete-auf-moskaus-rote-linien-zu-ignorieren\/#primaryimage"},"image":{"@id":"https:\/\/now-news.de\/de\/deutschland\/selenskij-fordert-verbuendete-auf-moskaus-rote-linien-zu-ignorieren\/#primaryimage"},"thumbnailUrl":"https:\/\/now-news.de\/de\/wp-content\/uploads\/sites\/3\/2024\/09\/Selenskij-fordert-Verbuendete-auf-Moskaus-rote-Linien-zu-ignorieren.jpg","datePublished":"2024-09-06T18:49:42+00:00","dateModified":"2024-09-06T18:49:42+00:00","breadcrumb":{"@id":"https:\/\/now-news.de\/de\/deutschland\/selenskij-fordert-verbuendete-auf-moskaus-rote-linien-zu-ignorieren\/#breadcrumb"},"inLanguage":"de","potentialAction":[{"@type":"ReadAction","target":["https:\/\/now-news.de\/de\/deutschland\/selenskij-fordert-verbuendete-auf-moskaus-rote-linien-zu-ignorieren\/"]}]},{"@type":"ImageObject","inLanguage":"de","@id":"https:\/\/now-news.de\/de\/deutschland\/selenskij-fordert-verbuendete-auf-moskaus-rote-linien-zu-ignorieren\/#primaryimage","url":"https:\/\/now-news.de\/de\/wp-content\/uploads\/sites\/3\/2024\/09\/Selenskij-fordert-Verbuendete-auf-Moskaus-rote-Linien-zu-ignorieren.jpg","contentUrl":"https:\/\/now-news.de\/de\/wp-content\/uploads\/sites\/3\/2024\/09\/Selenskij-fordert-Verbuendete-auf-Moskaus-rote-Linien-zu-ignorieren.jpg","width":460,"height":259,"caption":"Selenskij fordert Verb\u00fcndete auf, Moskaus rote Linien zu ignorieren"},{"@type":"BreadcrumbList","@id":"https:\/\/now-news.de\/de\/deutschland\/selenskij-fordert-verbuendete-auf-moskaus-rote-linien-zu-ignorieren\/#breadcrumb","itemListElement":[{"@type":"ListItem","position":1,"name":"Home","item":"https:\/\/now-news.de\/de\/"},{"@type":"ListItem","position":2,"name":"Selenskij fordert Verb\u00fcndete auf, Moskaus rote Linien zu ignorieren"}]},{"@type":"WebSite","@id":"https:\/\/now-news.de\/de\/#website","url":"https:\/\/now-news.de\/de\/","name":"just-now.NEWS Deutschland","description":"Das Portal f\u00fcr unzensierte Nachrichten aus der Welt","publisher":{"@id":"https:\/\/now-news.de\/de\/#organization"},"potentialAction":[{"@type":"SearchAction","target":{"@type":"EntryPoint","urlTemplate":"https:\/\/now-news.de\/de\/?s={search_term_string}"},"query-input":"required name=search_term_string"}],"inLanguage":"de"},{"@type":"Organization","@id":"https:\/\/now-news.de\/de\/#organization","name":"Just Now News","url":"https:\/\/now-news.de\/de\/","logo":{"@type":"ImageObject","inLanguage":"de","@id":"https:\/\/now-news.de\/de\/#\/schema\/logo\/image\/","url":"http:\/\/just-now.news\/de\/wp-content\/uploads\/sites\/3\/2022\/04\/logo500x500.jpg","contentUrl":"http:\/\/just-now.news\/de\/wp-content\/uploads\/sites\/3\/2022\/04\/logo500x500.jpg","width":500,"height":500,"caption":"Just Now News"},"image":{"@id":"https:\/\/now-news.de\/de\/#\/schema\/logo\/image\/"},"sameAs":["https:\/\/www.facebook.com\/wirmachenauf","https:\/\/x.com\/WirMachenAuf_de"]},{"@type":"Person","@id":"https:\/\/now-news.de\/de\/#\/schema\/person\/fb534a4e865501d8b3285208df34a9b5","name":"rtnews","image":{"@type":"ImageObject","inLanguage":"de","@id":"https:\/\/now-news.de\/de\/#\/schema\/person\/image\/","url":"https:\/\/secure.gravatar.com\/avatar\/82aafea7d8127119dd649515f56e2117?s=96&d=mm&r=g","contentUrl":"https:\/\/secure.gravatar.com\/avatar\/82aafea7d8127119dd649515f56e2117?s=96&d=mm&r=g","caption":"rtnews"},"url":"https:\/\/now-news.de\/de\/author\/rnews\/"}]}},"_links":{"self":[{"href":"https:\/\/now-news.de\/de\/wp-json\/wp\/v2\/posts\/68400"}],"collection":[{"href":"https:\/\/now-news.de\/de\/wp-json\/wp\/v2\/posts"}],"about":[{"href":"https:\/\/now-news.de\/de\/wp-json\/wp\/v2\/types\/post"}],"author":[{"embeddable":true,"href":"https:\/\/now-news.de\/de\/wp-json\/wp\/v2\/users\/3"}],"replies":[{"embeddable":true,"href":"https:\/\/now-news.de\/de\/wp-json\/wp\/v2\/comments?post=68400"}],"version-history":[{"count":0,"href":"https:\/\/now-news.de\/de\/wp-json\/wp\/v2\/posts\/68400\/revisions"}],"wp:featuredmedia":[{"embeddable":true,"href":"https:\/\/now-news.de\/de\/wp-json\/wp\/v2\/media\/68401"}],"wp:attachment":[{"href":"https:\/\/now-news.de\/de\/wp-json\/wp\/v2\/media?parent=68400"}],"wp:term":[{"taxonomy":"category","embeddable":true,"href":"https:\/\/now-news.de\/de\/wp-json\/wp\/v2\/categories?post=68400"},{"taxonomy":"post_tag","embeddable":true,"href":"https:\/\/now-news.de\/de\/wp-json\/wp\/v2\/tags?post=68400"}],"curies":[{"name":"wp","href":"https:\/\/api.w.org\/{rel}","templated":true}]}}