{"id":68370,"date":"2024-09-06T15:26:17","date_gmt":"2024-09-06T13:26:17","guid":{"rendered":"https:\/\/now-news.de\/de\/deutschland\/usa-beschuldigen-tv-moderator-simes-sanktionen-verletzt-zu-haben\/"},"modified":"2024-09-06T15:26:17","modified_gmt":"2024-09-06T13:26:17","slug":"usa-beschuldigen-tv-moderator-simes-sanktionen-verletzt-zu-haben","status":"publish","type":"post","link":"https:\/\/now-news.de\/de\/deutschland\/usa-beschuldigen-tv-moderator-simes-sanktionen-verletzt-zu-haben\/","title":{"rendered":"USA beschuldigen TV-Moderator Simes, Sanktionen verletzt zu haben"},"content":{"rendered":"<p><img decoding=\"async\" src=\"https:\/\/now-news.de\/de\/wp-content\/uploads\/sites\/3\/2024\/09\/66daf05448fbef799506f046.jpg\" \/><\/p>\n<div class=\"Text-root Text-type_1 \">\n                Das US-Justizministerium hat den Politikwissenschaftler und Fernsehmoderator Dmitri Simes und seine Frau wegen Versto\u00dfes gegen US-Sanktionen angeklagt. Ihnen drohen jeweils bis zu 60 Jahre Haft. Der 76-J\u00e4hrige h\u00e4lt sich derzeit in Moskau auf.\n            <\/div>\n<p><\/p>\n<div class=\"Text-root Text-type_5 ArticleView-text ViewText-root \">\n<p>Wie das US-Justizministerium am Donnerstag auf seiner Webseite mitteilte, werden dem Politikwissenschaftler Dmitri Simes und seiner Frau Anastassija zwei F\u00e4lle von Sanktionsverst\u00f6\u00dfen vorgeworfen.<\/p>\n<p>In der ersten Anklageschrift wird Simes beschuldigt, gegen die im Mai 2022 \u00fcber den russischen Sender <em>Perwy Kanal<\/em> verh\u00e4ngten Sanktionen versto\u00dfen zu haben sowie an Geldw\u00e4sche beteiligt gewesen zu sein. Nach Ansicht der Ermittler verstie\u00df er gegen die Sanktionen, da er f\u00fcr den Sender als Moderator und Produzent arbeitet. Daf\u00fcr soll er mehr als eine Million US-Dollar (rund 900.00 Euro), ein eigenes Auto mit Fahrer sowie Geld f\u00fcr eine Wohnung in Moskau und ein Team von zehn Mitarbeitern erhalten haben. Der Sender unterliegt seit Mai 2022 den US-Sanktionen.<\/p>\n<p>In der zweiten Anklageschrift wird Anastasia Simes vorgeworfen, f\u00fcr einen sanktionierten russischen Gesch\u00e4ftsmann Antiquit\u00e4ten gekauft zu haben. Sie soll die Kunstwerke in den USA und Europa gekauft, nach Hause geliefert und von dort nach Russland verschickt haben. Daf\u00fcr habe sie eine Verg\u00fctung erhalten.<\/p>\n<p>Den beiden droht eine\u00a0H\u00f6chststrafe\u00a0von jeweils 60 Jahren. Der Politologe, der die US-Staatsb\u00fcrgerschaft besitzt, h\u00e4lt sich derzeit in Moskau auf.<\/p>\n<p>Simes kommentierte die Vorw\u00fcrfe als &#8220;vorhersehbar&#8221; und zugleich &#8220;schockierend&#8221;. Als er sich entschieden habe, f\u00fcr das russische Fernsehen zu arbeiten, habe er &#8220;mit den unangenehmsten Konsequenzen&#8221; gerechnet. Die gegen ihn erhobenen Vorw\u00fcrfe seien aus der Luft gegriffen.<\/p>\n<p>Im August f\u00fchrte das FBI eine mehrt\u00e4gige Durchsuchung im Haus des Ehepaares im US-Bundesstaat Virginia durch. Augenzeugen berichteten Reportern, dass w\u00e4hrend der Durchsuchung Gegenst\u00e4nde aus dem Haus mit Lastwagen abtransportiert wurden.<\/p>\n<p>Dmitri Simes (geb. Simis) ist ein in der Sowjetunion geborener Politikwissenschaftler und Historiker, der in den 1980er-Jahren in die USA auswanderte. Er ist ehemaliger Herausgeber des konservativen Magazins <em>The National Interest<\/em>. Seit 2018 moderiert er die Talkshow &#8220;Bolschaja Igra&#8221; (dt.: Gro\u00dfes Spiel) auf dem Sender <em>Perwy Kanal<\/em>. Im Jahr 2023 moderierte der 76-J\u00e4hrige eine Plenarsitzung des Sankt Petersburger Wirtschaftsforums, an der auch Wladimir Putin teilnahm.<strong><br \/><\/strong><\/p>\n<p><strong>Mehr zum Thema<\/strong> &#8211; <a rel=\"nofollow noopener\" target=\"_blank\" href=\"https:\/\/freedert.online\/kurzclips\/video\/216000-fbi-gegen-russischen-tv-host\/\">FBI gegen russischen TV-Host<\/a><\/p>\n<\/div>\n<p><br \/>\n<br \/><a href=\"https:\/\/de.rt.com\/international\/218310-usa-beschuldigen-moderator-und-politikwissenschaftler\/\">Source link <\/a><\/p>\n","protected":false},"excerpt":{"rendered":"<p>Das US-Justizministerium hat den Politikwissenschaftler und Fernsehmoderator Dmitri Simes und seine Frau wegen Versto\u00dfes gegen US-Sanktionen angeklagt. Ihnen drohen jeweils bis zu 60 Jahre Haft. Der 76-J\u00e4hrige h\u00e4lt sich derzeit in Moskau auf. Wie das US-Justizministerium am Donnerstag auf seiner Webseite mitteilte, werden dem Politikwissenschaftler Dmitri Simes und seiner Frau Anastassija zwei F\u00e4lle von Sanktionsverst\u00f6\u00dfen [&hellip;]<\/p>\n","protected":false},"author":3,"featured_media":68371,"comment_status":"open","ping_status":"open","sticky":false,"template":"","format":"standard","meta":{"_yoast_indexnow_last_ping":["1725629566"],"wp_automatic_camp":["217"],"445a37320c3e289bc71c409820f74d8c":["USA beschuldigen TV-Moderator Simes, Sanktionen verletzt zu haben"],"original_link":["https:\/\/de.rt.com\/international\/218310-usa-beschuldigen-moderator-und-politikwissenschaftler\/"],"_thumbnail_id":["68371"],"jnews_social_counter_last_update":["1777278408"],"_wptgpro_p2tg_sent2tg":["a:1:{i:23737;s:19:\"2024-09-06 15:33:47\";}"]},"categories":[19,23],"tags":[17346,771,713,58307,58306,193,7584],"yoast_head":"<!-- This site is optimized with the Yoast SEO Premium plugin v22.7 (Yoast SEO v22.7) - https:\/\/yoast.com\/wordpress\/plugins\/seo\/ -->\n<title>USA beschuldigen TV-Moderator Simes, Sanktionen verletzt zu haben - just-now.NEWS Deutschland<\/title>\n<meta name=\"robots\" content=\"index, follow, max-snippet:-1, max-image-preview:large, max-video-preview:-1\" \/>\n<link rel=\"canonical\" href=\"https:\/\/now-news.de\/de\/deutschland\/usa-beschuldigen-tv-moderator-simes-sanktionen-verletzt-zu-haben\/\" \/>\n<meta property=\"og:locale\" content=\"de_DE\" \/>\n<meta property=\"og:type\" content=\"article\" \/>\n<meta property=\"og:title\" content=\"USA beschuldigen TV-Moderator Simes, Sanktionen verletzt zu haben\" \/>\n<meta property=\"og:description\" content=\"Das US-Justizministerium hat den Politikwissenschaftler und Fernsehmoderator Dmitri Simes und seine Frau wegen Versto\u00dfes gegen US-Sanktionen angeklagt. Ihnen drohen jeweils bis zu 60 Jahre Haft. Der 76-J\u00e4hrige h\u00e4lt sich derzeit in Moskau auf. Wie das US-Justizministerium am Donnerstag auf seiner Webseite mitteilte, werden dem Politikwissenschaftler Dmitri Simes und seiner Frau Anastassija zwei F\u00e4lle von Sanktionsverst\u00f6\u00dfen [&hellip;]\" \/>\n<meta property=\"og:url\" content=\"https:\/\/now-news.de\/de\/deutschland\/usa-beschuldigen-tv-moderator-simes-sanktionen-verletzt-zu-haben\/\" \/>\n<meta property=\"og:site_name\" content=\"just-now.NEWS Deutschland\" \/>\n<meta property=\"article:publisher\" content=\"https:\/\/www.facebook.com\/wirmachenauf\" \/>\n<meta property=\"article:published_time\" content=\"2024-09-06T13:26:17+00:00\" \/>\n<meta property=\"og:image\" content=\"https:\/\/now-news.de\/de\/wp-content\/uploads\/sites\/3\/2024\/09\/66daf05448fbef799506f046.jpg\" \/>\n<meta name=\"author\" content=\"rtnews\" \/>\n<meta name=\"twitter:card\" content=\"summary_large_image\" \/>\n<meta name=\"twitter:creator\" content=\"@WirMachenAuf_de\" \/>\n<meta name=\"twitter:site\" content=\"@WirMachenAuf_de\" \/>\n<meta name=\"twitter:label1\" content=\"Verfasst von\" \/>\n\t<meta name=\"twitter:data1\" content=\"rtnews\" \/>\n\t<meta name=\"twitter:label2\" content=\"Gesch\u00e4tzte Lesezeit\" \/>\n\t<meta name=\"twitter:data2\" content=\"2\u00a0Minuten\" \/>\n<script type=\"application\/ld+json\" class=\"yoast-schema-graph\">{\"@context\":\"https:\/\/schema.org\",\"@graph\":[{\"@type\":\"Article\",\"@id\":\"https:\/\/now-news.de\/de\/deutschland\/usa-beschuldigen-tv-moderator-simes-sanktionen-verletzt-zu-haben\/#article\",\"isPartOf\":{\"@id\":\"https:\/\/now-news.de\/de\/deutschland\/usa-beschuldigen-tv-moderator-simes-sanktionen-verletzt-zu-haben\/\"},\"author\":{\"name\":\"rtnews\",\"@id\":\"https:\/\/now-news.de\/de\/#\/schema\/person\/fb534a4e865501d8b3285208df34a9b5\"},\"headline\":\"USA beschuldigen TV-Moderator Simes, Sanktionen verletzt zu haben\",\"datePublished\":\"2024-09-06T13:26:17+00:00\",\"dateModified\":\"2024-09-06T13:26:17+00:00\",\"mainEntityOfPage\":{\"@id\":\"https:\/\/now-news.de\/de\/deutschland\/usa-beschuldigen-tv-moderator-simes-sanktionen-verletzt-zu-haben\/\"},\"wordCount\":381,\"commentCount\":0,\"publisher\":{\"@id\":\"https:\/\/now-news.de\/de\/#organization\"},\"image\":{\"@id\":\"https:\/\/now-news.de\/de\/deutschland\/usa-beschuldigen-tv-moderator-simes-sanktionen-verletzt-zu-haben\/#primaryimage\"},\"thumbnailUrl\":\"https:\/\/now-news.de\/de\/wp-content\/uploads\/sites\/3\/2024\/09\/USA-beschuldigen-TV-Moderator-Simes-Sanktionen-verletzt-zu-haben.jpg\",\"keywords\":[\"Beschuldigen\",\"haben\",\"Sanktionen\",\"Simes\",\"TVModerator\",\"USA\",\"verletzt\"],\"articleSection\":[\"Deutschland\",\"Russland\"],\"inLanguage\":\"de\",\"potentialAction\":[{\"@type\":\"CommentAction\",\"name\":\"Comment\",\"target\":[\"https:\/\/now-news.de\/de\/deutschland\/usa-beschuldigen-tv-moderator-simes-sanktionen-verletzt-zu-haben\/#respond\"]}]},{\"@type\":\"WebPage\",\"@id\":\"https:\/\/now-news.de\/de\/deutschland\/usa-beschuldigen-tv-moderator-simes-sanktionen-verletzt-zu-haben\/\",\"url\":\"https:\/\/now-news.de\/de\/deutschland\/usa-beschuldigen-tv-moderator-simes-sanktionen-verletzt-zu-haben\/\",\"name\":\"USA beschuldigen TV-Moderator Simes, Sanktionen verletzt zu haben - just-now.NEWS Deutschland\",\"isPartOf\":{\"@id\":\"https:\/\/now-news.de\/de\/#website\"},\"primaryImageOfPage\":{\"@id\":\"https:\/\/now-news.de\/de\/deutschland\/usa-beschuldigen-tv-moderator-simes-sanktionen-verletzt-zu-haben\/#primaryimage\"},\"image\":{\"@id\":\"https:\/\/now-news.de\/de\/deutschland\/usa-beschuldigen-tv-moderator-simes-sanktionen-verletzt-zu-haben\/#primaryimage\"},\"thumbnailUrl\":\"https:\/\/now-news.de\/de\/wp-content\/uploads\/sites\/3\/2024\/09\/USA-beschuldigen-TV-Moderator-Simes-Sanktionen-verletzt-zu-haben.jpg\",\"datePublished\":\"2024-09-06T13:26:17+00:00\",\"dateModified\":\"2024-09-06T13:26:17+00:00\",\"breadcrumb\":{\"@id\":\"https:\/\/now-news.de\/de\/deutschland\/usa-beschuldigen-tv-moderator-simes-sanktionen-verletzt-zu-haben\/#breadcrumb\"},\"inLanguage\":\"de\",\"potentialAction\":[{\"@type\":\"ReadAction\",\"target\":[\"https:\/\/now-news.de\/de\/deutschland\/usa-beschuldigen-tv-moderator-simes-sanktionen-verletzt-zu-haben\/\"]}]},{\"@type\":\"ImageObject\",\"inLanguage\":\"de\",\"@id\":\"https:\/\/now-news.de\/de\/deutschland\/usa-beschuldigen-tv-moderator-simes-sanktionen-verletzt-zu-haben\/#primaryimage\",\"url\":\"https:\/\/now-news.de\/de\/wp-content\/uploads\/sites\/3\/2024\/09\/USA-beschuldigen-TV-Moderator-Simes-Sanktionen-verletzt-zu-haben.jpg\",\"contentUrl\":\"https:\/\/now-news.de\/de\/wp-content\/uploads\/sites\/3\/2024\/09\/USA-beschuldigen-TV-Moderator-Simes-Sanktionen-verletzt-zu-haben.jpg\",\"width\":460,\"height\":259,\"caption\":\"USA beschuldigen TV-Moderator Simes, Sanktionen verletzt zu haben\"},{\"@type\":\"BreadcrumbList\",\"@id\":\"https:\/\/now-news.de\/de\/deutschland\/usa-beschuldigen-tv-moderator-simes-sanktionen-verletzt-zu-haben\/#breadcrumb\",\"itemListElement\":[{\"@type\":\"ListItem\",\"position\":1,\"name\":\"Home\",\"item\":\"https:\/\/now-news.de\/de\/\"},{\"@type\":\"ListItem\",\"position\":2,\"name\":\"USA beschuldigen TV-Moderator Simes, Sanktionen verletzt zu haben\"}]},{\"@type\":\"WebSite\",\"@id\":\"https:\/\/now-news.de\/de\/#website\",\"url\":\"https:\/\/now-news.de\/de\/\",\"name\":\"just-now.NEWS Deutschland\",\"description\":\"Das Portal f\u00fcr unzensierte Nachrichten aus der Welt\",\"publisher\":{\"@id\":\"https:\/\/now-news.de\/de\/#organization\"},\"potentialAction\":[{\"@type\":\"SearchAction\",\"target\":{\"@type\":\"EntryPoint\",\"urlTemplate\":\"https:\/\/now-news.de\/de\/?s={search_term_string}\"},\"query-input\":\"required name=search_term_string\"}],\"inLanguage\":\"de\"},{\"@type\":\"Organization\",\"@id\":\"https:\/\/now-news.de\/de\/#organization\",\"name\":\"Just Now News\",\"url\":\"https:\/\/now-news.de\/de\/\",\"logo\":{\"@type\":\"ImageObject\",\"inLanguage\":\"de\",\"@id\":\"https:\/\/now-news.de\/de\/#\/schema\/logo\/image\/\",\"url\":\"http:\/\/just-now.news\/de\/wp-content\/uploads\/sites\/3\/2022\/04\/logo500x500.jpg\",\"contentUrl\":\"http:\/\/just-now.news\/de\/wp-content\/uploads\/sites\/3\/2022\/04\/logo500x500.jpg\",\"width\":500,\"height\":500,\"caption\":\"Just Now News\"},\"image\":{\"@id\":\"https:\/\/now-news.de\/de\/#\/schema\/logo\/image\/\"},\"sameAs\":[\"https:\/\/www.facebook.com\/wirmachenauf\",\"https:\/\/x.com\/WirMachenAuf_de\"]},{\"@type\":\"Person\",\"@id\":\"https:\/\/now-news.de\/de\/#\/schema\/person\/fb534a4e865501d8b3285208df34a9b5\",\"name\":\"rtnews\",\"image\":{\"@type\":\"ImageObject\",\"inLanguage\":\"de\",\"@id\":\"https:\/\/now-news.de\/de\/#\/schema\/person\/image\/\",\"url\":\"https:\/\/secure.gravatar.com\/avatar\/82aafea7d8127119dd649515f56e2117?s=96&d=mm&r=g\",\"contentUrl\":\"https:\/\/secure.gravatar.com\/avatar\/82aafea7d8127119dd649515f56e2117?s=96&d=mm&r=g\",\"caption\":\"rtnews\"},\"url\":\"https:\/\/now-news.de\/de\/author\/rnews\/\"}]}<\/script>\n<!-- \/ Yoast SEO Premium plugin. -->","yoast_head_json":{"title":"USA beschuldigen TV-Moderator Simes, Sanktionen verletzt zu haben - just-now.NEWS Deutschland","robots":{"index":"index","follow":"follow","max-snippet":"max-snippet:-1","max-image-preview":"max-image-preview:large","max-video-preview":"max-video-preview:-1"},"canonical":"https:\/\/now-news.de\/de\/deutschland\/usa-beschuldigen-tv-moderator-simes-sanktionen-verletzt-zu-haben\/","og_locale":"de_DE","og_type":"article","og_title":"USA beschuldigen TV-Moderator Simes, Sanktionen verletzt zu haben","og_description":"Das US-Justizministerium hat den Politikwissenschaftler und Fernsehmoderator Dmitri Simes und seine Frau wegen Versto\u00dfes gegen US-Sanktionen angeklagt. Ihnen drohen jeweils bis zu 60 Jahre Haft. Der 76-J\u00e4hrige h\u00e4lt sich derzeit in Moskau auf. Wie das US-Justizministerium am Donnerstag auf seiner Webseite mitteilte, werden dem Politikwissenschaftler Dmitri Simes und seiner Frau Anastassija zwei F\u00e4lle von Sanktionsverst\u00f6\u00dfen [&hellip;]","og_url":"https:\/\/now-news.de\/de\/deutschland\/usa-beschuldigen-tv-moderator-simes-sanktionen-verletzt-zu-haben\/","og_site_name":"just-now.NEWS Deutschland","article_publisher":"https:\/\/www.facebook.com\/wirmachenauf","article_published_time":"2024-09-06T13:26:17+00:00","og_image":[{"url":"https:\/\/now-news.de\/de\/wp-content\/uploads\/sites\/3\/2024\/09\/66daf05448fbef799506f046.jpg"}],"author":"rtnews","twitter_card":"summary_large_image","twitter_creator":"@WirMachenAuf_de","twitter_site":"@WirMachenAuf_de","twitter_misc":{"Verfasst von":"rtnews","Gesch\u00e4tzte Lesezeit":"2\u00a0Minuten"},"schema":{"@context":"https:\/\/schema.org","@graph":[{"@type":"Article","@id":"https:\/\/now-news.de\/de\/deutschland\/usa-beschuldigen-tv-moderator-simes-sanktionen-verletzt-zu-haben\/#article","isPartOf":{"@id":"https:\/\/now-news.de\/de\/deutschland\/usa-beschuldigen-tv-moderator-simes-sanktionen-verletzt-zu-haben\/"},"author":{"name":"rtnews","@id":"https:\/\/now-news.de\/de\/#\/schema\/person\/fb534a4e865501d8b3285208df34a9b5"},"headline":"USA beschuldigen TV-Moderator Simes, Sanktionen verletzt zu haben","datePublished":"2024-09-06T13:26:17+00:00","dateModified":"2024-09-06T13:26:17+00:00","mainEntityOfPage":{"@id":"https:\/\/now-news.de\/de\/deutschland\/usa-beschuldigen-tv-moderator-simes-sanktionen-verletzt-zu-haben\/"},"wordCount":381,"commentCount":0,"publisher":{"@id":"https:\/\/now-news.de\/de\/#organization"},"image":{"@id":"https:\/\/now-news.de\/de\/deutschland\/usa-beschuldigen-tv-moderator-simes-sanktionen-verletzt-zu-haben\/#primaryimage"},"thumbnailUrl":"https:\/\/now-news.de\/de\/wp-content\/uploads\/sites\/3\/2024\/09\/USA-beschuldigen-TV-Moderator-Simes-Sanktionen-verletzt-zu-haben.jpg","keywords":["Beschuldigen","haben","Sanktionen","Simes","TVModerator","USA","verletzt"],"articleSection":["Deutschland","Russland"],"inLanguage":"de","potentialAction":[{"@type":"CommentAction","name":"Comment","target":["https:\/\/now-news.de\/de\/deutschland\/usa-beschuldigen-tv-moderator-simes-sanktionen-verletzt-zu-haben\/#respond"]}]},{"@type":"WebPage","@id":"https:\/\/now-news.de\/de\/deutschland\/usa-beschuldigen-tv-moderator-simes-sanktionen-verletzt-zu-haben\/","url":"https:\/\/now-news.de\/de\/deutschland\/usa-beschuldigen-tv-moderator-simes-sanktionen-verletzt-zu-haben\/","name":"USA beschuldigen TV-Moderator Simes, Sanktionen verletzt zu haben - just-now.NEWS Deutschland","isPartOf":{"@id":"https:\/\/now-news.de\/de\/#website"},"primaryImageOfPage":{"@id":"https:\/\/now-news.de\/de\/deutschland\/usa-beschuldigen-tv-moderator-simes-sanktionen-verletzt-zu-haben\/#primaryimage"},"image":{"@id":"https:\/\/now-news.de\/de\/deutschland\/usa-beschuldigen-tv-moderator-simes-sanktionen-verletzt-zu-haben\/#primaryimage"},"thumbnailUrl":"https:\/\/now-news.de\/de\/wp-content\/uploads\/sites\/3\/2024\/09\/USA-beschuldigen-TV-Moderator-Simes-Sanktionen-verletzt-zu-haben.jpg","datePublished":"2024-09-06T13:26:17+00:00","dateModified":"2024-09-06T13:26:17+00:00","breadcrumb":{"@id":"https:\/\/now-news.de\/de\/deutschland\/usa-beschuldigen-tv-moderator-simes-sanktionen-verletzt-zu-haben\/#breadcrumb"},"inLanguage":"de","potentialAction":[{"@type":"ReadAction","target":["https:\/\/now-news.de\/de\/deutschland\/usa-beschuldigen-tv-moderator-simes-sanktionen-verletzt-zu-haben\/"]}]},{"@type":"ImageObject","inLanguage":"de","@id":"https:\/\/now-news.de\/de\/deutschland\/usa-beschuldigen-tv-moderator-simes-sanktionen-verletzt-zu-haben\/#primaryimage","url":"https:\/\/now-news.de\/de\/wp-content\/uploads\/sites\/3\/2024\/09\/USA-beschuldigen-TV-Moderator-Simes-Sanktionen-verletzt-zu-haben.jpg","contentUrl":"https:\/\/now-news.de\/de\/wp-content\/uploads\/sites\/3\/2024\/09\/USA-beschuldigen-TV-Moderator-Simes-Sanktionen-verletzt-zu-haben.jpg","width":460,"height":259,"caption":"USA beschuldigen TV-Moderator Simes, Sanktionen verletzt zu haben"},{"@type":"BreadcrumbList","@id":"https:\/\/now-news.de\/de\/deutschland\/usa-beschuldigen-tv-moderator-simes-sanktionen-verletzt-zu-haben\/#breadcrumb","itemListElement":[{"@type":"ListItem","position":1,"name":"Home","item":"https:\/\/now-news.de\/de\/"},{"@type":"ListItem","position":2,"name":"USA beschuldigen TV-Moderator Simes, Sanktionen verletzt zu haben"}]},{"@type":"WebSite","@id":"https:\/\/now-news.de\/de\/#website","url":"https:\/\/now-news.de\/de\/","name":"just-now.NEWS Deutschland","description":"Das Portal f\u00fcr unzensierte Nachrichten aus der Welt","publisher":{"@id":"https:\/\/now-news.de\/de\/#organization"},"potentialAction":[{"@type":"SearchAction","target":{"@type":"EntryPoint","urlTemplate":"https:\/\/now-news.de\/de\/?s={search_term_string}"},"query-input":"required name=search_term_string"}],"inLanguage":"de"},{"@type":"Organization","@id":"https:\/\/now-news.de\/de\/#organization","name":"Just Now News","url":"https:\/\/now-news.de\/de\/","logo":{"@type":"ImageObject","inLanguage":"de","@id":"https:\/\/now-news.de\/de\/#\/schema\/logo\/image\/","url":"http:\/\/just-now.news\/de\/wp-content\/uploads\/sites\/3\/2022\/04\/logo500x500.jpg","contentUrl":"http:\/\/just-now.news\/de\/wp-content\/uploads\/sites\/3\/2022\/04\/logo500x500.jpg","width":500,"height":500,"caption":"Just Now News"},"image":{"@id":"https:\/\/now-news.de\/de\/#\/schema\/logo\/image\/"},"sameAs":["https:\/\/www.facebook.com\/wirmachenauf","https:\/\/x.com\/WirMachenAuf_de"]},{"@type":"Person","@id":"https:\/\/now-news.de\/de\/#\/schema\/person\/fb534a4e865501d8b3285208df34a9b5","name":"rtnews","image":{"@type":"ImageObject","inLanguage":"de","@id":"https:\/\/now-news.de\/de\/#\/schema\/person\/image\/","url":"https:\/\/secure.gravatar.com\/avatar\/82aafea7d8127119dd649515f56e2117?s=96&d=mm&r=g","contentUrl":"https:\/\/secure.gravatar.com\/avatar\/82aafea7d8127119dd649515f56e2117?s=96&d=mm&r=g","caption":"rtnews"},"url":"https:\/\/now-news.de\/de\/author\/rnews\/"}]}},"_links":{"self":[{"href":"https:\/\/now-news.de\/de\/wp-json\/wp\/v2\/posts\/68370"}],"collection":[{"href":"https:\/\/now-news.de\/de\/wp-json\/wp\/v2\/posts"}],"about":[{"href":"https:\/\/now-news.de\/de\/wp-json\/wp\/v2\/types\/post"}],"author":[{"embeddable":true,"href":"https:\/\/now-news.de\/de\/wp-json\/wp\/v2\/users\/3"}],"replies":[{"embeddable":true,"href":"https:\/\/now-news.de\/de\/wp-json\/wp\/v2\/comments?post=68370"}],"version-history":[{"count":0,"href":"https:\/\/now-news.de\/de\/wp-json\/wp\/v2\/posts\/68370\/revisions"}],"wp:featuredmedia":[{"embeddable":true,"href":"https:\/\/now-news.de\/de\/wp-json\/wp\/v2\/media\/68371"}],"wp:attachment":[{"href":"https:\/\/now-news.de\/de\/wp-json\/wp\/v2\/media?parent=68370"}],"wp:term":[{"taxonomy":"category","embeddable":true,"href":"https:\/\/now-news.de\/de\/wp-json\/wp\/v2\/categories?post=68370"},{"taxonomy":"post_tag","embeddable":true,"href":"https:\/\/now-news.de\/de\/wp-json\/wp\/v2\/tags?post=68370"}],"curies":[{"name":"wp","href":"https:\/\/api.w.org\/{rel}","templated":true}]}}