{"id":68336,"date":"2024-09-05T22:25:05","date_gmt":"2024-09-05T20:25:05","guid":{"rendered":"https:\/\/now-news.de\/de\/deutschland\/britischer-premier-entschuldigt-sich-bei-betroffenen-des-brandes-im-grenfell-tower\/"},"modified":"2024-09-05T22:25:05","modified_gmt":"2024-09-05T20:25:05","slug":"britischer-premier-entschuldigt-sich-bei-betroffenen-des-brandes-im-grenfell-tower","status":"publish","type":"post","link":"https:\/\/now-news.de\/de\/deutschland\/britischer-premier-entschuldigt-sich-bei-betroffenen-des-brandes-im-grenfell-tower\/","title":{"rendered":"Britischer Premier entschuldigt sich bei Betroffenen des Brandes im Grenfell Tower"},"content":{"rendered":"<p><img decoding=\"async\" src=\"https:\/\/now-news.de\/de\/wp-content\/uploads\/sites\/3\/2024\/09\/66d97cf948fbef402d605127.jpg\" \/><\/p>\n<div class=\"Text-root Text-type_1 \">\n                Nachdem die Ergebnisse einer Untersuchung des Brands am Londoner Grenfell Tower im Jahr 2017 vorliegen, entschuldigt sich der britische Premier bei den Betroffenen. Strafrechtliche Folgen f\u00fcr potenziell Verantwortliche sind allerdings noch nicht zu erwarten.\n            <\/div>\n<p><\/p>\n<div class=\"Text-root Text-type_5 ArticleView-text ViewText-root \">\n<p>Gro\u00dfbritanniens Ministerpr\u00e4sident Keir Starmer hat sich bei den Familien der Opfer des Brandes im Grenfell Tower im Jahr 2017 entschuldigt. Zuvor hatte eine offizielle Untersuchung systematische M\u00e4ngel an entsprechenden Regulierungen gefunden.<\/p>\n<p>Das 24-geschossige Sozialwohnungsgeb\u00e4ude in London war am 14. Juni 2017 durch einen Gro\u00dfbrand zerst\u00f6rt worden. Dabei waren 72 Menschen, darunter 18 Kinder, ums Leben gekommen. Die Trag\u00f6die l\u00f6ste heftige Kritik an Beh\u00f6rden aus, denen die \u00d6ffentlichkeit vorwarf, erhebliche Verst\u00f6\u00dfe gegen Brandschutzvorschriften bei der vorherigen Sanierung des Geb\u00e4udes ignoriert zu haben.<\/p>\n<p>Die Ergebnisse der Untersuchung, die am Mittwoch ver\u00f6ffentlicht wurden, best\u00e4tigen die Vorw\u00fcrfe. Unter anderem sollen Bauunternehmen entz\u00fcndliche Materialien f\u00fcr die \u00e4u\u00dfere Isolierung verwendet haben.<\/p>\n<p>In einer Ansprache an das britische Unterhaus sagte Starmer:<\/p>\n<p><em>&#8220;Ich m\u00f6chte es sehr klar sagen im Namen des Landes, dass Sie im Stich gelassen wurden, vor, w\u00e4hrend und nach dieser Trag\u00f6die.&#8221;<\/em><\/p>\n<p>Der Ministerpr\u00e4sident wiederholte die Worte des Untersuchungsleiters Martin Moore-Bick und betonte:<\/p>\n<blockquote>\n<p><em>&#8220;Die Tode, die sich ereigneten, w\u00e4ren alle vermeidbar gewesen.&#8221;<\/em><\/p>\n<\/blockquote>\n<p>Gro\u00dfbritanniens Regierung werde an die im Bericht von Moore-Bick kritisierten Firmen keine weiteren Auftr\u00e4ge vergeben, so Starmer weiter. Er f\u00fcgte allerdings hinzu, dass unsichere Methoden zur Geb\u00e4udeverkleidung in dem Land noch immer angewandt w\u00fcrden und die Reaktion darauf &#8220;viel zu langsam&#8221; sei.<\/p>\n<p>Laut dem Bericht von Moore-Bick liegt die Schuld am Brand bei privaten Auftragnehmern, den lokalen Beh\u00f6rden und der Regierung insgesamt. Demnach zeigten die Firmen &#8220;systematische Unehrlichkeit&#8221; und manipulierten vors\u00e4tzlich die Testprozesse, w\u00e4hrend die lokalen Beh\u00f6rden jahrelang vers\u00e4umten, &#8220;wesentliche Schritte zu unternehmen, um sicherzustellen, dass die von ihnen vergebenen Zertifikate technisch korrekt waren&#8221;. Die Verantwortung der Regierung liege in einer jahrzehntelangen Deregulierung von Privatunternehmen trotz der bekannten Risiken der Nutzung von entz\u00fcndlichen Baumaterialien, erkl\u00e4rt der Bericht weiter.<\/p>\n<p>Der Bericht gibt Empfehlungen, um vergleichbare Trag\u00f6dien in der Zukunft zu vermeiden. Allerdings k\u00f6nnen die Untersuchungsergebnisse nicht f\u00fcr eine rechtliche Verfolgung der f\u00fcr den Brand des Grenfell Tower Verantwortlichen verwendet werden.<\/p>\n<p>In einer Erkl\u00e4rung in Bezug auf die Untersuchung teilte die Londoner Polizei mit, dass ihre Ermittlungen von der \u00f6ffentlichen Untersuchung komplett getrennt seien. Die strafrechtliche Ermittlung arbeite in einem anderen gesetzlichen Rahmen. &#8220;Wir k\u00f6nnen nicht einfach die Ergebnisse der Untersuchung f\u00fcr Anklagen nutzen&#8221;, sagte der stellvertretende Polizeichef Stuart Cundy. Er betonte, dass die Polizei &#8220;eine einzige Chance&#8221; habe, die Ermittlung erfolgreich zu beenden, gab aber an, dass dies noch weitere zwei bis drei Jahre in Anspruch nehmen werde.<\/p>\n<p>Bisher wurde im Zusammenhang mit dem Brand am Grenfell Tower noch niemand strafrechtlich belangt.<\/p>\n<p><strong>Mehr zum Thema <\/strong>\u2013 <a rel=\"nofollow noopener\" target=\"_blank\" href=\"https:\/\/freedert.online\/meinung\/218076-untersuchungsbericht-grenfell-tower-brand-2017\/\">Untersuchungsbericht: Grenfell Tower-Brand 2017 Folge von Inkompetenz und Gier<\/a><\/p>\n<\/div>\n<p><br \/>\n<br \/><a href=\"https:\/\/de.rt.com\/europa\/218153-britischer-premier-entschuldigt-sich-fuer\/\">Source link <\/a><\/p>\n","protected":false},"excerpt":{"rendered":"<p>Nachdem die Ergebnisse einer Untersuchung des Brands am Londoner Grenfell Tower im Jahr 2017 vorliegen, entschuldigt sich der britische Premier bei den Betroffenen. Strafrechtliche Folgen f\u00fcr potenziell Verantwortliche sind allerdings noch nicht zu erwarten. Gro\u00dfbritanniens Ministerpr\u00e4sident Keir Starmer hat sich bei den Familien der Opfer des Brandes im Grenfell Tower im Jahr 2017 entschuldigt. Zuvor [&hellip;]<\/p>\n","protected":false},"author":3,"featured_media":68337,"comment_status":"open","ping_status":"open","sticky":false,"template":"","format":"standard","meta":{"_yoast_indexnow_last_ping":["1725568847"],"wp_automatic_camp":["217"],"81d14d455d2acaee002040ad7367255f":["Britischer Premier entschuldigt sich bei Betroffenen des Brandes im Grenfell Tower"],"original_link":["https:\/\/de.rt.com\/europa\/218153-britischer-premier-entschuldigt-sich-fuer\/"],"_thumbnail_id":["68337"],"jnews_social_counter_last_update":["1777173019"],"_wptgpro_p2tg_sent2tg":["a:1:{i:23737;s:19:\"2024-09-05 22:41:59\";}"]},"categories":[19,23],"tags":[363,5519,58286,1085,583,7174,58234,9770,434,2932],"yoast_head":"<!-- This site is optimized with the Yoast SEO Premium plugin v22.7 (Yoast SEO v22.7) - https:\/\/yoast.com\/wordpress\/plugins\/seo\/ -->\n<title>Britischer Premier entschuldigt sich bei Betroffenen des Brandes im Grenfell Tower - just-now.NEWS Deutschland<\/title>\n<meta name=\"robots\" content=\"index, follow, max-snippet:-1, max-image-preview:large, max-video-preview:-1\" \/>\n<link rel=\"canonical\" href=\"https:\/\/now-news.de\/de\/deutschland\/britischer-premier-entschuldigt-sich-bei-betroffenen-des-brandes-im-grenfell-tower\/\" \/>\n<meta property=\"og:locale\" content=\"de_DE\" \/>\n<meta property=\"og:type\" content=\"article\" \/>\n<meta property=\"og:title\" content=\"Britischer Premier entschuldigt sich bei Betroffenen des Brandes im Grenfell Tower\" \/>\n<meta property=\"og:description\" content=\"Nachdem die Ergebnisse einer Untersuchung des Brands am Londoner Grenfell Tower im Jahr 2017 vorliegen, entschuldigt sich der britische Premier bei den Betroffenen. Strafrechtliche Folgen f\u00fcr potenziell Verantwortliche sind allerdings noch nicht zu erwarten. Gro\u00dfbritanniens Ministerpr\u00e4sident Keir Starmer hat sich bei den Familien der Opfer des Brandes im Grenfell Tower im Jahr 2017 entschuldigt. Zuvor [&hellip;]\" \/>\n<meta property=\"og:url\" content=\"https:\/\/now-news.de\/de\/deutschland\/britischer-premier-entschuldigt-sich-bei-betroffenen-des-brandes-im-grenfell-tower\/\" \/>\n<meta property=\"og:site_name\" content=\"just-now.NEWS Deutschland\" \/>\n<meta property=\"article:publisher\" content=\"https:\/\/www.facebook.com\/wirmachenauf\" \/>\n<meta property=\"article:published_time\" content=\"2024-09-05T20:25:05+00:00\" \/>\n<meta property=\"og:image\" content=\"https:\/\/now-news.de\/de\/wp-content\/uploads\/sites\/3\/2024\/09\/66d97cf948fbef402d605127.jpg\" \/>\n<meta name=\"author\" content=\"rtnews\" \/>\n<meta name=\"twitter:card\" content=\"summary_large_image\" \/>\n<meta name=\"twitter:creator\" content=\"@WirMachenAuf_de\" \/>\n<meta name=\"twitter:site\" content=\"@WirMachenAuf_de\" \/>\n<meta name=\"twitter:label1\" content=\"Verfasst von\" \/>\n\t<meta name=\"twitter:data1\" content=\"rtnews\" \/>\n\t<meta name=\"twitter:label2\" content=\"Gesch\u00e4tzte Lesezeit\" \/>\n\t<meta name=\"twitter:data2\" content=\"2\u00a0Minuten\" \/>\n<script type=\"application\/ld+json\" class=\"yoast-schema-graph\">{\"@context\":\"https:\/\/schema.org\",\"@graph\":[{\"@type\":\"Article\",\"@id\":\"https:\/\/now-news.de\/de\/deutschland\/britischer-premier-entschuldigt-sich-bei-betroffenen-des-brandes-im-grenfell-tower\/#article\",\"isPartOf\":{\"@id\":\"https:\/\/now-news.de\/de\/deutschland\/britischer-premier-entschuldigt-sich-bei-betroffenen-des-brandes-im-grenfell-tower\/\"},\"author\":{\"name\":\"rtnews\",\"@id\":\"https:\/\/now-news.de\/de\/#\/schema\/person\/fb534a4e865501d8b3285208df34a9b5\"},\"headline\":\"Britischer Premier entschuldigt sich bei Betroffenen des Brandes im Grenfell Tower\",\"datePublished\":\"2024-09-05T20:25:05+00:00\",\"dateModified\":\"2024-09-05T20:25:05+00:00\",\"mainEntityOfPage\":{\"@id\":\"https:\/\/now-news.de\/de\/deutschland\/britischer-premier-entschuldigt-sich-bei-betroffenen-des-brandes-im-grenfell-tower\/\"},\"wordCount\":492,\"commentCount\":0,\"publisher\":{\"@id\":\"https:\/\/now-news.de\/de\/#organization\"},\"image\":{\"@id\":\"https:\/\/now-news.de\/de\/deutschland\/britischer-premier-entschuldigt-sich-bei-betroffenen-des-brandes-im-grenfell-tower\/#primaryimage\"},\"thumbnailUrl\":\"https:\/\/now-news.de\/de\/wp-content\/uploads\/sites\/3\/2024\/09\/Britischer-Premier-entschuldigt-sich-bei-Betroffenen-des-Brandes-im-Grenfell.jpg\",\"keywords\":[\"bei\",\"Betroffenen\",\"Brandes\",\"Britischer\",\"des\",\"entschuldigt\",\"Grenfell\",\"Premier\",\"sich\",\"Tower\"],\"articleSection\":[\"Deutschland\",\"Russland\"],\"inLanguage\":\"de\",\"potentialAction\":[{\"@type\":\"CommentAction\",\"name\":\"Comment\",\"target\":[\"https:\/\/now-news.de\/de\/deutschland\/britischer-premier-entschuldigt-sich-bei-betroffenen-des-brandes-im-grenfell-tower\/#respond\"]}]},{\"@type\":\"WebPage\",\"@id\":\"https:\/\/now-news.de\/de\/deutschland\/britischer-premier-entschuldigt-sich-bei-betroffenen-des-brandes-im-grenfell-tower\/\",\"url\":\"https:\/\/now-news.de\/de\/deutschland\/britischer-premier-entschuldigt-sich-bei-betroffenen-des-brandes-im-grenfell-tower\/\",\"name\":\"Britischer Premier entschuldigt sich bei Betroffenen des Brandes im Grenfell Tower - just-now.NEWS Deutschland\",\"isPartOf\":{\"@id\":\"https:\/\/now-news.de\/de\/#website\"},\"primaryImageOfPage\":{\"@id\":\"https:\/\/now-news.de\/de\/deutschland\/britischer-premier-entschuldigt-sich-bei-betroffenen-des-brandes-im-grenfell-tower\/#primaryimage\"},\"image\":{\"@id\":\"https:\/\/now-news.de\/de\/deutschland\/britischer-premier-entschuldigt-sich-bei-betroffenen-des-brandes-im-grenfell-tower\/#primaryimage\"},\"thumbnailUrl\":\"https:\/\/now-news.de\/de\/wp-content\/uploads\/sites\/3\/2024\/09\/Britischer-Premier-entschuldigt-sich-bei-Betroffenen-des-Brandes-im-Grenfell.jpg\",\"datePublished\":\"2024-09-05T20:25:05+00:00\",\"dateModified\":\"2024-09-05T20:25:05+00:00\",\"breadcrumb\":{\"@id\":\"https:\/\/now-news.de\/de\/deutschland\/britischer-premier-entschuldigt-sich-bei-betroffenen-des-brandes-im-grenfell-tower\/#breadcrumb\"},\"inLanguage\":\"de\",\"potentialAction\":[{\"@type\":\"ReadAction\",\"target\":[\"https:\/\/now-news.de\/de\/deutschland\/britischer-premier-entschuldigt-sich-bei-betroffenen-des-brandes-im-grenfell-tower\/\"]}]},{\"@type\":\"ImageObject\",\"inLanguage\":\"de\",\"@id\":\"https:\/\/now-news.de\/de\/deutschland\/britischer-premier-entschuldigt-sich-bei-betroffenen-des-brandes-im-grenfell-tower\/#primaryimage\",\"url\":\"https:\/\/now-news.de\/de\/wp-content\/uploads\/sites\/3\/2024\/09\/Britischer-Premier-entschuldigt-sich-bei-Betroffenen-des-Brandes-im-Grenfell.jpg\",\"contentUrl\":\"https:\/\/now-news.de\/de\/wp-content\/uploads\/sites\/3\/2024\/09\/Britischer-Premier-entschuldigt-sich-bei-Betroffenen-des-Brandes-im-Grenfell.jpg\",\"width\":460,\"height\":259,\"caption\":\"Britischer Premier entschuldigt sich bei Betroffenen des Brandes im Grenfell Tower\"},{\"@type\":\"BreadcrumbList\",\"@id\":\"https:\/\/now-news.de\/de\/deutschland\/britischer-premier-entschuldigt-sich-bei-betroffenen-des-brandes-im-grenfell-tower\/#breadcrumb\",\"itemListElement\":[{\"@type\":\"ListItem\",\"position\":1,\"name\":\"Home\",\"item\":\"https:\/\/now-news.de\/de\/\"},{\"@type\":\"ListItem\",\"position\":2,\"name\":\"Britischer Premier entschuldigt sich bei Betroffenen des Brandes im Grenfell Tower\"}]},{\"@type\":\"WebSite\",\"@id\":\"https:\/\/now-news.de\/de\/#website\",\"url\":\"https:\/\/now-news.de\/de\/\",\"name\":\"just-now.NEWS Deutschland\",\"description\":\"Das Portal f\u00fcr unzensierte Nachrichten aus der Welt\",\"publisher\":{\"@id\":\"https:\/\/now-news.de\/de\/#organization\"},\"potentialAction\":[{\"@type\":\"SearchAction\",\"target\":{\"@type\":\"EntryPoint\",\"urlTemplate\":\"https:\/\/now-news.de\/de\/?s={search_term_string}\"},\"query-input\":\"required name=search_term_string\"}],\"inLanguage\":\"de\"},{\"@type\":\"Organization\",\"@id\":\"https:\/\/now-news.de\/de\/#organization\",\"name\":\"Just Now News\",\"url\":\"https:\/\/now-news.de\/de\/\",\"logo\":{\"@type\":\"ImageObject\",\"inLanguage\":\"de\",\"@id\":\"https:\/\/now-news.de\/de\/#\/schema\/logo\/image\/\",\"url\":\"http:\/\/just-now.news\/de\/wp-content\/uploads\/sites\/3\/2022\/04\/logo500x500.jpg\",\"contentUrl\":\"http:\/\/just-now.news\/de\/wp-content\/uploads\/sites\/3\/2022\/04\/logo500x500.jpg\",\"width\":500,\"height\":500,\"caption\":\"Just Now News\"},\"image\":{\"@id\":\"https:\/\/now-news.de\/de\/#\/schema\/logo\/image\/\"},\"sameAs\":[\"https:\/\/www.facebook.com\/wirmachenauf\",\"https:\/\/x.com\/WirMachenAuf_de\"]},{\"@type\":\"Person\",\"@id\":\"https:\/\/now-news.de\/de\/#\/schema\/person\/fb534a4e865501d8b3285208df34a9b5\",\"name\":\"rtnews\",\"image\":{\"@type\":\"ImageObject\",\"inLanguage\":\"de\",\"@id\":\"https:\/\/now-news.de\/de\/#\/schema\/person\/image\/\",\"url\":\"https:\/\/secure.gravatar.com\/avatar\/82aafea7d8127119dd649515f56e2117?s=96&d=mm&r=g\",\"contentUrl\":\"https:\/\/secure.gravatar.com\/avatar\/82aafea7d8127119dd649515f56e2117?s=96&d=mm&r=g\",\"caption\":\"rtnews\"},\"url\":\"https:\/\/now-news.de\/de\/author\/rnews\/\"}]}<\/script>\n<!-- \/ Yoast SEO Premium plugin. -->","yoast_head_json":{"title":"Britischer Premier entschuldigt sich bei Betroffenen des Brandes im Grenfell Tower - just-now.NEWS Deutschland","robots":{"index":"index","follow":"follow","max-snippet":"max-snippet:-1","max-image-preview":"max-image-preview:large","max-video-preview":"max-video-preview:-1"},"canonical":"https:\/\/now-news.de\/de\/deutschland\/britischer-premier-entschuldigt-sich-bei-betroffenen-des-brandes-im-grenfell-tower\/","og_locale":"de_DE","og_type":"article","og_title":"Britischer Premier entschuldigt sich bei Betroffenen des Brandes im Grenfell Tower","og_description":"Nachdem die Ergebnisse einer Untersuchung des Brands am Londoner Grenfell Tower im Jahr 2017 vorliegen, entschuldigt sich der britische Premier bei den Betroffenen. Strafrechtliche Folgen f\u00fcr potenziell Verantwortliche sind allerdings noch nicht zu erwarten. Gro\u00dfbritanniens Ministerpr\u00e4sident Keir Starmer hat sich bei den Familien der Opfer des Brandes im Grenfell Tower im Jahr 2017 entschuldigt. Zuvor [&hellip;]","og_url":"https:\/\/now-news.de\/de\/deutschland\/britischer-premier-entschuldigt-sich-bei-betroffenen-des-brandes-im-grenfell-tower\/","og_site_name":"just-now.NEWS Deutschland","article_publisher":"https:\/\/www.facebook.com\/wirmachenauf","article_published_time":"2024-09-05T20:25:05+00:00","og_image":[{"url":"https:\/\/now-news.de\/de\/wp-content\/uploads\/sites\/3\/2024\/09\/66d97cf948fbef402d605127.jpg"}],"author":"rtnews","twitter_card":"summary_large_image","twitter_creator":"@WirMachenAuf_de","twitter_site":"@WirMachenAuf_de","twitter_misc":{"Verfasst von":"rtnews","Gesch\u00e4tzte Lesezeit":"2\u00a0Minuten"},"schema":{"@context":"https:\/\/schema.org","@graph":[{"@type":"Article","@id":"https:\/\/now-news.de\/de\/deutschland\/britischer-premier-entschuldigt-sich-bei-betroffenen-des-brandes-im-grenfell-tower\/#article","isPartOf":{"@id":"https:\/\/now-news.de\/de\/deutschland\/britischer-premier-entschuldigt-sich-bei-betroffenen-des-brandes-im-grenfell-tower\/"},"author":{"name":"rtnews","@id":"https:\/\/now-news.de\/de\/#\/schema\/person\/fb534a4e865501d8b3285208df34a9b5"},"headline":"Britischer Premier entschuldigt sich bei Betroffenen des Brandes im Grenfell Tower","datePublished":"2024-09-05T20:25:05+00:00","dateModified":"2024-09-05T20:25:05+00:00","mainEntityOfPage":{"@id":"https:\/\/now-news.de\/de\/deutschland\/britischer-premier-entschuldigt-sich-bei-betroffenen-des-brandes-im-grenfell-tower\/"},"wordCount":492,"commentCount":0,"publisher":{"@id":"https:\/\/now-news.de\/de\/#organization"},"image":{"@id":"https:\/\/now-news.de\/de\/deutschland\/britischer-premier-entschuldigt-sich-bei-betroffenen-des-brandes-im-grenfell-tower\/#primaryimage"},"thumbnailUrl":"https:\/\/now-news.de\/de\/wp-content\/uploads\/sites\/3\/2024\/09\/Britischer-Premier-entschuldigt-sich-bei-Betroffenen-des-Brandes-im-Grenfell.jpg","keywords":["bei","Betroffenen","Brandes","Britischer","des","entschuldigt","Grenfell","Premier","sich","Tower"],"articleSection":["Deutschland","Russland"],"inLanguage":"de","potentialAction":[{"@type":"CommentAction","name":"Comment","target":["https:\/\/now-news.de\/de\/deutschland\/britischer-premier-entschuldigt-sich-bei-betroffenen-des-brandes-im-grenfell-tower\/#respond"]}]},{"@type":"WebPage","@id":"https:\/\/now-news.de\/de\/deutschland\/britischer-premier-entschuldigt-sich-bei-betroffenen-des-brandes-im-grenfell-tower\/","url":"https:\/\/now-news.de\/de\/deutschland\/britischer-premier-entschuldigt-sich-bei-betroffenen-des-brandes-im-grenfell-tower\/","name":"Britischer Premier entschuldigt sich bei Betroffenen des Brandes im Grenfell Tower - just-now.NEWS Deutschland","isPartOf":{"@id":"https:\/\/now-news.de\/de\/#website"},"primaryImageOfPage":{"@id":"https:\/\/now-news.de\/de\/deutschland\/britischer-premier-entschuldigt-sich-bei-betroffenen-des-brandes-im-grenfell-tower\/#primaryimage"},"image":{"@id":"https:\/\/now-news.de\/de\/deutschland\/britischer-premier-entschuldigt-sich-bei-betroffenen-des-brandes-im-grenfell-tower\/#primaryimage"},"thumbnailUrl":"https:\/\/now-news.de\/de\/wp-content\/uploads\/sites\/3\/2024\/09\/Britischer-Premier-entschuldigt-sich-bei-Betroffenen-des-Brandes-im-Grenfell.jpg","datePublished":"2024-09-05T20:25:05+00:00","dateModified":"2024-09-05T20:25:05+00:00","breadcrumb":{"@id":"https:\/\/now-news.de\/de\/deutschland\/britischer-premier-entschuldigt-sich-bei-betroffenen-des-brandes-im-grenfell-tower\/#breadcrumb"},"inLanguage":"de","potentialAction":[{"@type":"ReadAction","target":["https:\/\/now-news.de\/de\/deutschland\/britischer-premier-entschuldigt-sich-bei-betroffenen-des-brandes-im-grenfell-tower\/"]}]},{"@type":"ImageObject","inLanguage":"de","@id":"https:\/\/now-news.de\/de\/deutschland\/britischer-premier-entschuldigt-sich-bei-betroffenen-des-brandes-im-grenfell-tower\/#primaryimage","url":"https:\/\/now-news.de\/de\/wp-content\/uploads\/sites\/3\/2024\/09\/Britischer-Premier-entschuldigt-sich-bei-Betroffenen-des-Brandes-im-Grenfell.jpg","contentUrl":"https:\/\/now-news.de\/de\/wp-content\/uploads\/sites\/3\/2024\/09\/Britischer-Premier-entschuldigt-sich-bei-Betroffenen-des-Brandes-im-Grenfell.jpg","width":460,"height":259,"caption":"Britischer Premier entschuldigt sich bei Betroffenen des Brandes im Grenfell Tower"},{"@type":"BreadcrumbList","@id":"https:\/\/now-news.de\/de\/deutschland\/britischer-premier-entschuldigt-sich-bei-betroffenen-des-brandes-im-grenfell-tower\/#breadcrumb","itemListElement":[{"@type":"ListItem","position":1,"name":"Home","item":"https:\/\/now-news.de\/de\/"},{"@type":"ListItem","position":2,"name":"Britischer Premier entschuldigt sich bei Betroffenen des Brandes im Grenfell Tower"}]},{"@type":"WebSite","@id":"https:\/\/now-news.de\/de\/#website","url":"https:\/\/now-news.de\/de\/","name":"just-now.NEWS Deutschland","description":"Das Portal f\u00fcr unzensierte Nachrichten aus der Welt","publisher":{"@id":"https:\/\/now-news.de\/de\/#organization"},"potentialAction":[{"@type":"SearchAction","target":{"@type":"EntryPoint","urlTemplate":"https:\/\/now-news.de\/de\/?s={search_term_string}"},"query-input":"required name=search_term_string"}],"inLanguage":"de"},{"@type":"Organization","@id":"https:\/\/now-news.de\/de\/#organization","name":"Just Now News","url":"https:\/\/now-news.de\/de\/","logo":{"@type":"ImageObject","inLanguage":"de","@id":"https:\/\/now-news.de\/de\/#\/schema\/logo\/image\/","url":"http:\/\/just-now.news\/de\/wp-content\/uploads\/sites\/3\/2022\/04\/logo500x500.jpg","contentUrl":"http:\/\/just-now.news\/de\/wp-content\/uploads\/sites\/3\/2022\/04\/logo500x500.jpg","width":500,"height":500,"caption":"Just Now News"},"image":{"@id":"https:\/\/now-news.de\/de\/#\/schema\/logo\/image\/"},"sameAs":["https:\/\/www.facebook.com\/wirmachenauf","https:\/\/x.com\/WirMachenAuf_de"]},{"@type":"Person","@id":"https:\/\/now-news.de\/de\/#\/schema\/person\/fb534a4e865501d8b3285208df34a9b5","name":"rtnews","image":{"@type":"ImageObject","inLanguage":"de","@id":"https:\/\/now-news.de\/de\/#\/schema\/person\/image\/","url":"https:\/\/secure.gravatar.com\/avatar\/82aafea7d8127119dd649515f56e2117?s=96&d=mm&r=g","contentUrl":"https:\/\/secure.gravatar.com\/avatar\/82aafea7d8127119dd649515f56e2117?s=96&d=mm&r=g","caption":"rtnews"},"url":"https:\/\/now-news.de\/de\/author\/rnews\/"}]}},"_links":{"self":[{"href":"https:\/\/now-news.de\/de\/wp-json\/wp\/v2\/posts\/68336"}],"collection":[{"href":"https:\/\/now-news.de\/de\/wp-json\/wp\/v2\/posts"}],"about":[{"href":"https:\/\/now-news.de\/de\/wp-json\/wp\/v2\/types\/post"}],"author":[{"embeddable":true,"href":"https:\/\/now-news.de\/de\/wp-json\/wp\/v2\/users\/3"}],"replies":[{"embeddable":true,"href":"https:\/\/now-news.de\/de\/wp-json\/wp\/v2\/comments?post=68336"}],"version-history":[{"count":0,"href":"https:\/\/now-news.de\/de\/wp-json\/wp\/v2\/posts\/68336\/revisions"}],"wp:featuredmedia":[{"embeddable":true,"href":"https:\/\/now-news.de\/de\/wp-json\/wp\/v2\/media\/68337"}],"wp:attachment":[{"href":"https:\/\/now-news.de\/de\/wp-json\/wp\/v2\/media?parent=68336"}],"wp:term":[{"taxonomy":"category","embeddable":true,"href":"https:\/\/now-news.de\/de\/wp-json\/wp\/v2\/categories?post=68336"},{"taxonomy":"post_tag","embeddable":true,"href":"https:\/\/now-news.de\/de\/wp-json\/wp\/v2\/tags?post=68336"}],"curies":[{"name":"wp","href":"https:\/\/api.w.org\/{rel}","templated":true}]}}