{"id":6829,"date":"2022-05-05T13:30:18","date_gmt":"2022-05-05T11:30:18","guid":{"rendered":"http:\/\/just-now.news\/de\/deutschland\/ukrainischer-oppositions-blogger-in-spanien-festgenommen\/"},"modified":"2022-05-05T13:30:18","modified_gmt":"2022-05-05T11:30:18","slug":"ukrainischer-oppositions-blogger-in-spanien-festgenommen","status":"publish","type":"post","link":"https:\/\/now-news.de\/de\/deutschland\/ukrainischer-oppositions-blogger-in-spanien-festgenommen\/","title":{"rendered":"Ukrainischer Oppositions-Blogger in Spanien festgenommen"},"content":{"rendered":"<div class=\"Text-root Text-type_5 ArticleView-text ViewText-root \">\n<p>Am 4. Mai haben die spanischen Sicherheitskr\u00e4fte den ukrainischen Journalisten und <a rel=\"nofollow noopener\" target=\"_blank\" href=\"https:\/\/www.youtube.com\/user\/SuperSharij\">Blogger Anatolij Scharij<\/a> festgenommen. Dies geht aus einer Presseerkl\u00e4rung\u00a0des ukrainischen Sicherheitsdienstes (SBU) in seinem Telegram-Kanal am Donnerstag hervor. Die Meldung lautet ferner:<\/p>\n<blockquote>\n<p><em>&#8220;Dies wurde dank der engen Zusammenarbeit des Sicherheitsdienstes der Ukraine mit dem B\u00fcro des Generalstaatsanwalts, den internationalen Partnern und als Ergebnis einer mehrstufigen Sonderoperation der ukrainischen Strafverfolgungsbeh\u00f6rden m\u00f6glich.&#8221;<\/em><\/p>\n<\/blockquote>\n<p>Kurz darauf <a rel=\"nofollow noopener\" target=\"_blank\" href=\"https:\/\/www.eldiario.es\/internacional\/espana-detiene-anatoli-shari-bloguero-prorruso-acusado-ucrania-traicion_1_8967116.html\">best\u00e4tigten<\/a>\u00a0auch die spanischen Beh\u00f6rden die Festnahme des Bloggers. Die Aktion sei in der Stadt <a rel=\"nofollow noopener\" target=\"_blank\" href=\"https:\/\/de.wikipedia.org\/wiki\/Tarragona\">Tarragona<\/a> aufgrund eines &#8220;internationalen Haftbefehls&#8221; erfolgt, berichtete die Zeitung <em>El Dario<\/em> unter Berufung auf Polizeiquellen.\u00a0<\/p>\n<p>Weiteren Medienberichten zufolge sei<strong>\u00a0<\/strong>Scharij inzwischen unter Auflagen freigelassen worden. Demnach erwarte er derzeit eine Entscheidung in seinem Auslieferungsverfahren.<strong><\/strong><\/p>\n<div class=\"ReadMore-root Section-root Section-is1to3-xs_is1to1\" data-widgets=\"ReadMore\" data-has-alias>\n<div class=\"Section-container Section-isRow-isTop-isWrap\">\n<article class=\"Card-root Card-is1to1 \">\n<div class=\"Card-imageWrap\">\n<div class=\"Card-picture\">\n<picture class=\"Picture-root Picture-default\"><!--[if IE 9]><video style=\"display: none;\"><![endif]--><source media=\"(-webkit-min-device-pixel-ratio: 2) and (min-resolution: 120dpi)\" data-srcset=\" \nhttp:\/\/just-now.news\/de\/wp-content\/uploads\/sites\/3\/2022\/05\/625fbc20b480cc0db349db21.jpg 850w,\n                http:\/\/just-now.news\/de\/wp-content\/uploads\/sites\/3\/2022\/05\/1651751040_427_625fbc20b480cc0db349db21.jpg 1960w,\n            \" ><source data-srcset=\" \nhttp:\/\/just-now.news\/de\/wp-content\/uploads\/sites\/3\/2022\/05\/625fbc20b480cc0db349db21.jpg 460w,\n              http:\/\/just-now.news\/de\/wp-content\/uploads\/sites\/3\/2022\/05\/1651751040_427_625fbc20b480cc0db349db21.jpg 980w,\n            \" ><!--[if IE 9]><\/video><![endif]--><\/source><\/source><\/picture><!-- noscript pattern --><noscript><img decoding=\"async\" src=\"http:\/\/just-now.news\/de\/wp-content\/uploads\/sites\/3\/2022\/05\/1651751040_427_625fbc20b480cc0db349db21.jpg\" alt='Selenskij-Kritiker vermisst \u2013 \"Wenn ihr nichts von mir h\u00f6rt, dann hat mich der SBU\"'><\/noscript><\/p>\n<div class=\"Picture-withVideo\"><svg class=\"Icon-root Icon-videoPlay\" width=\"31px\" height=\"40px\" viewbox=\"0 0 31 40\" fill=\"#FFFFFF\" opacity=\"0.9\" version=\"1.1\" xmlns=\"http:\/\/www.w3.org\/2000\/svg\" xmlns:xlink=\"http:\/\/www.w3.org\/1999\/xlink\"><g fill-rule=\"evenodd\"><g transform=\"translate(-14.000000, -8.000000)\"><path d=\"M17.0962701,9.21920419 L43.200784,26.3270141 C44.1246347,26.9324674 44.3827469,28.1722132 43.7772936,29.0960639 C43.6267472,29.3257802 43.4305003,29.5220271 43.200784,29.6725735 L17.0962701,46.7803835 C16.1724193,47.3858367 14.9326735,47.1277246 14.3272203,46.2038739 C14.1137272,45.8781084 14,45.4970938 14,45.1076038 L14,10.8919839 C14,9.78741439 14.8954305,8.89198389 16,8.89198389 C16.38949,8.89198389 16.7705046,9.00571108 17.0962701,9.21920419 Z\"><\/path><\/g><\/g><\/svg><\/div><\/div><\/div>\n<div class=\"Card-contentWrap\">\n<div class=\"Card-content\">\n<div class=\"Card-title\">\n<div class=\"HeaderNews-root HeaderNews-type_6 \">\n<p>            <a rel=\"nofollow noopener\" target=\"_blank\" href=\"https:\/\/de.rt.com\/kurzclips\/video\/136569-selenskij-kritiker-vermisst\/\" class=\"Link-root Link-isFullCard \"><br \/>\n                Selenskij-Kritiker vermisst \u2013 &#8220;Wenn ihr nichts von mir h\u00f6rt, dann hat mich der SBU&#8221;<br \/>\n            <\/a><\/p><\/div><\/div><\/div><\/div>\n<\/article>\n<\/div><\/div>\n<p>Der 43-J\u00e4hrige steht in der Ukraine unter dem Verdacht des Hochverrats und der subversiven prorussischen T\u00e4tigkeit. Der SBU wirft dem Journalisten vor, &#8220;illegale Aktivit\u00e4ten zum Nachteil der nationalen Sicherheit der Ukraine im Informationsbereich&#8221; betrieben zu haben. Es gebe auch Hinweise darauf, dass Scharij im Auftrag ausl\u00e4ndischer Strukturen gehandelt habe, so die Mitteilung des ukrainischen Inlandsgeheimdienstes.<\/p>\n<p>Als Gr\u00fcnder der gleichnamigen Oppositions-Partei in der Ukraine\u00a0ist <a rel=\"nofollow noopener\" target=\"_blank\" href=\"https:\/\/de.wikipedia.org\/wiki\/Anatolij_Scharij\">Anatolij Scharij<\/a> f\u00fcr seine kritische Haltung gegen\u00fcber der derzeitigen ukrainischen Regierung bekannt. Nach Beginn der russischen milit\u00e4rischen Sonderoperation in der Ukraine wurde die T\u00e4tigkeit der <a rel=\"nofollow noopener\" target=\"_blank\" href=\"https:\/\/de.wikipedia.org\/wiki\/Partei_Scharij\">Partei Scharij<\/a> neben einer Reihe weiterer Parteien per Beschluss des Nationalen Sicherheits- und Verteidigungsrats der Ukraine vor\u00fcbergehend suspendiert. Der ukrainische Pr\u00e4sident Wladimir Selenskij ordnete daraufhin an, ein Verbotsverfahren gegen die betroffenen Parteien einzuleiten.<\/p>\n<p>Der geb\u00fcrtige Ukrainer lebt wegen seiner politischen T\u00e4tigkeit seit Jahren im Exil.\u00a0Im Jahr 2012 gew\u00e4hrte Litauen Scharij den Status eines politischen Fl\u00fcchtlings. Anfang 2022 wurde ihm dieser Status jedoch wieder aberkannt.<\/p>\n<p>Bereits im Jahr 2013 wurde Scharij erstmals auf Ersuchen der Ukraine in den Niederlanden verhaftet. Damals lehnte ein Gericht die Auslieferung des Bloggers an die Ukraine ab.<\/p>\n<p><strong>Mehr zum Thema<\/strong> &#8211; <a rel=\"nofollow noopener\" target=\"_blank\" href=\"https:\/\/de.rt.com\/russland\/134810-russische-oppositionsmedien-interviewen-selenskij\/\">&#8220;Reine Werbung&#8221;: Russische Oppositionsmedien interviewen Selenskij<\/a><\/p>\n<\/div>\n<p><br \/>\n<br \/><a href=\"https:\/\/de.rt.com\/europa\/137751-ukrainischer-oppositions-blogger-in-spanien\/\">Source link <\/a><\/p>\n","protected":false},"excerpt":{"rendered":"<p>Am 4. Mai haben die spanischen Sicherheitskr\u00e4fte den ukrainischen Journalisten und Blogger Anatolij Scharij festgenommen. Dies geht aus einer Presseerkl\u00e4rung\u00a0des ukrainischen Sicherheitsdienstes (SBU) in seinem Telegram-Kanal am Donnerstag hervor. Die Meldung lautet ferner: &#8220;Dies wurde dank der engen Zusammenarbeit des Sicherheitsdienstes der Ukraine mit dem B\u00fcro des Generalstaatsanwalts, den internationalen Partnern und als Ergebnis einer [&hellip;]<\/p>\n","protected":false},"author":3,"featured_media":6830,"comment_status":"open","ping_status":"open","sticky":false,"template":"","format":"standard","meta":{"wp_automatic_camp":["217"],"2dd205c22b52a1621e331190ebe992b9":["Ukrainischer Oppositions-Blogger in Spanien festgenommen"],"original_link":["https:\/\/de.rt.com\/europa\/137751-ukrainischer-oppositions-blogger-in-spanien\/"],"_thumbnail_id":["6830"],"wp_automatic_remove_first_image":["yes"],"_wptg_p2tg_sent2tg":["2022-05-05 13:45:21"],"jnews_social_counter_last_update":["1777600467"]},"categories":[19,23],"tags":[1356,18747,1271,488],"yoast_head":"<!-- This site is optimized with the Yoast SEO Premium plugin v22.7 (Yoast SEO v22.7) - https:\/\/yoast.com\/wordpress\/plugins\/seo\/ -->\n<title>Ukrainischer Oppositions-Blogger in Spanien festgenommen - just-now.NEWS Deutschland<\/title>\n<meta name=\"robots\" content=\"index, follow, max-snippet:-1, max-image-preview:large, max-video-preview:-1\" \/>\n<link rel=\"canonical\" href=\"https:\/\/now-news.de\/de\/deutschland\/ukrainischer-oppositions-blogger-in-spanien-festgenommen\/\" \/>\n<meta property=\"og:locale\" content=\"de_DE\" \/>\n<meta property=\"og:type\" content=\"article\" \/>\n<meta property=\"og:title\" content=\"Ukrainischer Oppositions-Blogger in Spanien festgenommen\" \/>\n<meta property=\"og:description\" content=\"Am 4. Mai haben die spanischen Sicherheitskr\u00e4fte den ukrainischen Journalisten und Blogger Anatolij Scharij festgenommen. Dies geht aus einer Presseerkl\u00e4rung\u00a0des ukrainischen Sicherheitsdienstes (SBU) in seinem Telegram-Kanal am Donnerstag hervor. Die Meldung lautet ferner: &#8220;Dies wurde dank der engen Zusammenarbeit des Sicherheitsdienstes der Ukraine mit dem B\u00fcro des Generalstaatsanwalts, den internationalen Partnern und als Ergebnis einer [&hellip;]\" \/>\n<meta property=\"og:url\" content=\"https:\/\/now-news.de\/de\/deutschland\/ukrainischer-oppositions-blogger-in-spanien-festgenommen\/\" \/>\n<meta property=\"og:site_name\" content=\"just-now.NEWS Deutschland\" \/>\n<meta property=\"article:publisher\" content=\"https:\/\/www.facebook.com\/wirmachenauf\" \/>\n<meta property=\"article:published_time\" content=\"2022-05-05T11:30:18+00:00\" \/>\n<meta property=\"og:image\" content=\"https:\/\/now-news.de\/de\/wp-content\/uploads\/sites\/3\/2022\/05\/Ukrainischer-Oppositions-Blogger-in-Spanien-festgenommen.jpeg\" \/>\n\t<meta property=\"og:image:width\" content=\"1104\" \/>\n\t<meta property=\"og:image:height\" content=\"622\" \/>\n\t<meta property=\"og:image:type\" content=\"image\/jpeg\" \/>\n<meta name=\"author\" content=\"rtnews\" \/>\n<meta name=\"twitter:card\" content=\"summary_large_image\" \/>\n<meta name=\"twitter:creator\" content=\"@WirMachenAuf_de\" \/>\n<meta name=\"twitter:site\" content=\"@WirMachenAuf_de\" \/>\n<meta name=\"twitter:label1\" content=\"Verfasst von\" \/>\n\t<meta name=\"twitter:data1\" content=\"rtnews\" \/>\n\t<meta name=\"twitter:label2\" content=\"Gesch\u00e4tzte Lesezeit\" \/>\n\t<meta name=\"twitter:data2\" content=\"2\u00a0Minuten\" \/>\n<script type=\"application\/ld+json\" class=\"yoast-schema-graph\">{\"@context\":\"https:\/\/schema.org\",\"@graph\":[{\"@type\":\"Article\",\"@id\":\"https:\/\/now-news.de\/de\/deutschland\/ukrainischer-oppositions-blogger-in-spanien-festgenommen\/#article\",\"isPartOf\":{\"@id\":\"https:\/\/now-news.de\/de\/deutschland\/ukrainischer-oppositions-blogger-in-spanien-festgenommen\/\"},\"author\":{\"name\":\"rtnews\",\"@id\":\"https:\/\/now-news.de\/de\/#\/schema\/person\/fb534a4e865501d8b3285208df34a9b5\"},\"headline\":\"Ukrainischer Oppositions-Blogger in Spanien festgenommen\",\"datePublished\":\"2022-05-05T11:30:18+00:00\",\"dateModified\":\"2022-05-05T11:30:18+00:00\",\"mainEntityOfPage\":{\"@id\":\"https:\/\/now-news.de\/de\/deutschland\/ukrainischer-oppositions-blogger-in-spanien-festgenommen\/\"},\"wordCount\":344,\"commentCount\":0,\"publisher\":{\"@id\":\"https:\/\/now-news.de\/de\/#organization\"},\"image\":{\"@id\":\"https:\/\/now-news.de\/de\/deutschland\/ukrainischer-oppositions-blogger-in-spanien-festgenommen\/#primaryimage\"},\"thumbnailUrl\":\"https:\/\/now-news.de\/de\/wp-content\/uploads\/sites\/3\/2022\/05\/Ukrainischer-Oppositions-Blogger-in-Spanien-festgenommen.jpeg\",\"keywords\":[\"festgenommen\",\"OppositionsBlogger\",\"Spanien\",\"Ukrainischer\"],\"articleSection\":[\"Deutschland\",\"Russland\"],\"inLanguage\":\"de\",\"potentialAction\":[{\"@type\":\"CommentAction\",\"name\":\"Comment\",\"target\":[\"https:\/\/now-news.de\/de\/deutschland\/ukrainischer-oppositions-blogger-in-spanien-festgenommen\/#respond\"]}]},{\"@type\":\"WebPage\",\"@id\":\"https:\/\/now-news.de\/de\/deutschland\/ukrainischer-oppositions-blogger-in-spanien-festgenommen\/\",\"url\":\"https:\/\/now-news.de\/de\/deutschland\/ukrainischer-oppositions-blogger-in-spanien-festgenommen\/\",\"name\":\"Ukrainischer Oppositions-Blogger in Spanien festgenommen - just-now.NEWS Deutschland\",\"isPartOf\":{\"@id\":\"https:\/\/now-news.de\/de\/#website\"},\"primaryImageOfPage\":{\"@id\":\"https:\/\/now-news.de\/de\/deutschland\/ukrainischer-oppositions-blogger-in-spanien-festgenommen\/#primaryimage\"},\"image\":{\"@id\":\"https:\/\/now-news.de\/de\/deutschland\/ukrainischer-oppositions-blogger-in-spanien-festgenommen\/#primaryimage\"},\"thumbnailUrl\":\"https:\/\/now-news.de\/de\/wp-content\/uploads\/sites\/3\/2022\/05\/Ukrainischer-Oppositions-Blogger-in-Spanien-festgenommen.jpeg\",\"datePublished\":\"2022-05-05T11:30:18+00:00\",\"dateModified\":\"2022-05-05T11:30:18+00:00\",\"breadcrumb\":{\"@id\":\"https:\/\/now-news.de\/de\/deutschland\/ukrainischer-oppositions-blogger-in-spanien-festgenommen\/#breadcrumb\"},\"inLanguage\":\"de\",\"potentialAction\":[{\"@type\":\"ReadAction\",\"target\":[\"https:\/\/now-news.de\/de\/deutschland\/ukrainischer-oppositions-blogger-in-spanien-festgenommen\/\"]}]},{\"@type\":\"ImageObject\",\"inLanguage\":\"de\",\"@id\":\"https:\/\/now-news.de\/de\/deutschland\/ukrainischer-oppositions-blogger-in-spanien-festgenommen\/#primaryimage\",\"url\":\"https:\/\/now-news.de\/de\/wp-content\/uploads\/sites\/3\/2022\/05\/Ukrainischer-Oppositions-Blogger-in-Spanien-festgenommen.jpeg\",\"contentUrl\":\"https:\/\/now-news.de\/de\/wp-content\/uploads\/sites\/3\/2022\/05\/Ukrainischer-Oppositions-Blogger-in-Spanien-festgenommen.jpeg\",\"width\":1104,\"height\":622},{\"@type\":\"BreadcrumbList\",\"@id\":\"https:\/\/now-news.de\/de\/deutschland\/ukrainischer-oppositions-blogger-in-spanien-festgenommen\/#breadcrumb\",\"itemListElement\":[{\"@type\":\"ListItem\",\"position\":1,\"name\":\"Home\",\"item\":\"https:\/\/now-news.de\/de\/\"},{\"@type\":\"ListItem\",\"position\":2,\"name\":\"Ukrainischer Oppositions-Blogger in Spanien festgenommen\"}]},{\"@type\":\"WebSite\",\"@id\":\"https:\/\/now-news.de\/de\/#website\",\"url\":\"https:\/\/now-news.de\/de\/\",\"name\":\"just-now.NEWS Deutschland\",\"description\":\"Das Portal f\u00fcr unzensierte Nachrichten aus der Welt\",\"publisher\":{\"@id\":\"https:\/\/now-news.de\/de\/#organization\"},\"potentialAction\":[{\"@type\":\"SearchAction\",\"target\":{\"@type\":\"EntryPoint\",\"urlTemplate\":\"https:\/\/now-news.de\/de\/?s={search_term_string}\"},\"query-input\":\"required name=search_term_string\"}],\"inLanguage\":\"de\"},{\"@type\":\"Organization\",\"@id\":\"https:\/\/now-news.de\/de\/#organization\",\"name\":\"Just Now News\",\"url\":\"https:\/\/now-news.de\/de\/\",\"logo\":{\"@type\":\"ImageObject\",\"inLanguage\":\"de\",\"@id\":\"https:\/\/now-news.de\/de\/#\/schema\/logo\/image\/\",\"url\":\"http:\/\/just-now.news\/de\/wp-content\/uploads\/sites\/3\/2022\/04\/logo500x500.jpg\",\"contentUrl\":\"http:\/\/just-now.news\/de\/wp-content\/uploads\/sites\/3\/2022\/04\/logo500x500.jpg\",\"width\":500,\"height\":500,\"caption\":\"Just Now News\"},\"image\":{\"@id\":\"https:\/\/now-news.de\/de\/#\/schema\/logo\/image\/\"},\"sameAs\":[\"https:\/\/www.facebook.com\/wirmachenauf\",\"https:\/\/x.com\/WirMachenAuf_de\"]},{\"@type\":\"Person\",\"@id\":\"https:\/\/now-news.de\/de\/#\/schema\/person\/fb534a4e865501d8b3285208df34a9b5\",\"name\":\"rtnews\",\"image\":{\"@type\":\"ImageObject\",\"inLanguage\":\"de\",\"@id\":\"https:\/\/now-news.de\/de\/#\/schema\/person\/image\/\",\"url\":\"https:\/\/secure.gravatar.com\/avatar\/82aafea7d8127119dd649515f56e2117?s=96&d=mm&r=g\",\"contentUrl\":\"https:\/\/secure.gravatar.com\/avatar\/82aafea7d8127119dd649515f56e2117?s=96&d=mm&r=g\",\"caption\":\"rtnews\"},\"url\":\"https:\/\/now-news.de\/de\/author\/rnews\/\"}]}<\/script>\n<!-- \/ Yoast SEO Premium plugin. -->","yoast_head_json":{"title":"Ukrainischer Oppositions-Blogger in Spanien festgenommen - just-now.NEWS Deutschland","robots":{"index":"index","follow":"follow","max-snippet":"max-snippet:-1","max-image-preview":"max-image-preview:large","max-video-preview":"max-video-preview:-1"},"canonical":"https:\/\/now-news.de\/de\/deutschland\/ukrainischer-oppositions-blogger-in-spanien-festgenommen\/","og_locale":"de_DE","og_type":"article","og_title":"Ukrainischer Oppositions-Blogger in Spanien festgenommen","og_description":"Am 4. Mai haben die spanischen Sicherheitskr\u00e4fte den ukrainischen Journalisten und Blogger Anatolij Scharij festgenommen. Dies geht aus einer Presseerkl\u00e4rung\u00a0des ukrainischen Sicherheitsdienstes (SBU) in seinem Telegram-Kanal am Donnerstag hervor. Die Meldung lautet ferner: &#8220;Dies wurde dank der engen Zusammenarbeit des Sicherheitsdienstes der Ukraine mit dem B\u00fcro des Generalstaatsanwalts, den internationalen Partnern und als Ergebnis einer [&hellip;]","og_url":"https:\/\/now-news.de\/de\/deutschland\/ukrainischer-oppositions-blogger-in-spanien-festgenommen\/","og_site_name":"just-now.NEWS Deutschland","article_publisher":"https:\/\/www.facebook.com\/wirmachenauf","article_published_time":"2022-05-05T11:30:18+00:00","og_image":[{"width":1104,"height":622,"url":"https:\/\/now-news.de\/de\/wp-content\/uploads\/sites\/3\/2022\/05\/Ukrainischer-Oppositions-Blogger-in-Spanien-festgenommen.jpeg","type":"image\/jpeg"}],"author":"rtnews","twitter_card":"summary_large_image","twitter_creator":"@WirMachenAuf_de","twitter_site":"@WirMachenAuf_de","twitter_misc":{"Verfasst von":"rtnews","Gesch\u00e4tzte Lesezeit":"2\u00a0Minuten"},"schema":{"@context":"https:\/\/schema.org","@graph":[{"@type":"Article","@id":"https:\/\/now-news.de\/de\/deutschland\/ukrainischer-oppositions-blogger-in-spanien-festgenommen\/#article","isPartOf":{"@id":"https:\/\/now-news.de\/de\/deutschland\/ukrainischer-oppositions-blogger-in-spanien-festgenommen\/"},"author":{"name":"rtnews","@id":"https:\/\/now-news.de\/de\/#\/schema\/person\/fb534a4e865501d8b3285208df34a9b5"},"headline":"Ukrainischer Oppositions-Blogger in Spanien festgenommen","datePublished":"2022-05-05T11:30:18+00:00","dateModified":"2022-05-05T11:30:18+00:00","mainEntityOfPage":{"@id":"https:\/\/now-news.de\/de\/deutschland\/ukrainischer-oppositions-blogger-in-spanien-festgenommen\/"},"wordCount":344,"commentCount":0,"publisher":{"@id":"https:\/\/now-news.de\/de\/#organization"},"image":{"@id":"https:\/\/now-news.de\/de\/deutschland\/ukrainischer-oppositions-blogger-in-spanien-festgenommen\/#primaryimage"},"thumbnailUrl":"https:\/\/now-news.de\/de\/wp-content\/uploads\/sites\/3\/2022\/05\/Ukrainischer-Oppositions-Blogger-in-Spanien-festgenommen.jpeg","keywords":["festgenommen","OppositionsBlogger","Spanien","Ukrainischer"],"articleSection":["Deutschland","Russland"],"inLanguage":"de","potentialAction":[{"@type":"CommentAction","name":"Comment","target":["https:\/\/now-news.de\/de\/deutschland\/ukrainischer-oppositions-blogger-in-spanien-festgenommen\/#respond"]}]},{"@type":"WebPage","@id":"https:\/\/now-news.de\/de\/deutschland\/ukrainischer-oppositions-blogger-in-spanien-festgenommen\/","url":"https:\/\/now-news.de\/de\/deutschland\/ukrainischer-oppositions-blogger-in-spanien-festgenommen\/","name":"Ukrainischer Oppositions-Blogger in Spanien festgenommen - just-now.NEWS Deutschland","isPartOf":{"@id":"https:\/\/now-news.de\/de\/#website"},"primaryImageOfPage":{"@id":"https:\/\/now-news.de\/de\/deutschland\/ukrainischer-oppositions-blogger-in-spanien-festgenommen\/#primaryimage"},"image":{"@id":"https:\/\/now-news.de\/de\/deutschland\/ukrainischer-oppositions-blogger-in-spanien-festgenommen\/#primaryimage"},"thumbnailUrl":"https:\/\/now-news.de\/de\/wp-content\/uploads\/sites\/3\/2022\/05\/Ukrainischer-Oppositions-Blogger-in-Spanien-festgenommen.jpeg","datePublished":"2022-05-05T11:30:18+00:00","dateModified":"2022-05-05T11:30:18+00:00","breadcrumb":{"@id":"https:\/\/now-news.de\/de\/deutschland\/ukrainischer-oppositions-blogger-in-spanien-festgenommen\/#breadcrumb"},"inLanguage":"de","potentialAction":[{"@type":"ReadAction","target":["https:\/\/now-news.de\/de\/deutschland\/ukrainischer-oppositions-blogger-in-spanien-festgenommen\/"]}]},{"@type":"ImageObject","inLanguage":"de","@id":"https:\/\/now-news.de\/de\/deutschland\/ukrainischer-oppositions-blogger-in-spanien-festgenommen\/#primaryimage","url":"https:\/\/now-news.de\/de\/wp-content\/uploads\/sites\/3\/2022\/05\/Ukrainischer-Oppositions-Blogger-in-Spanien-festgenommen.jpeg","contentUrl":"https:\/\/now-news.de\/de\/wp-content\/uploads\/sites\/3\/2022\/05\/Ukrainischer-Oppositions-Blogger-in-Spanien-festgenommen.jpeg","width":1104,"height":622},{"@type":"BreadcrumbList","@id":"https:\/\/now-news.de\/de\/deutschland\/ukrainischer-oppositions-blogger-in-spanien-festgenommen\/#breadcrumb","itemListElement":[{"@type":"ListItem","position":1,"name":"Home","item":"https:\/\/now-news.de\/de\/"},{"@type":"ListItem","position":2,"name":"Ukrainischer Oppositions-Blogger in Spanien festgenommen"}]},{"@type":"WebSite","@id":"https:\/\/now-news.de\/de\/#website","url":"https:\/\/now-news.de\/de\/","name":"just-now.NEWS Deutschland","description":"Das Portal f\u00fcr unzensierte Nachrichten aus der Welt","publisher":{"@id":"https:\/\/now-news.de\/de\/#organization"},"potentialAction":[{"@type":"SearchAction","target":{"@type":"EntryPoint","urlTemplate":"https:\/\/now-news.de\/de\/?s={search_term_string}"},"query-input":"required name=search_term_string"}],"inLanguage":"de"},{"@type":"Organization","@id":"https:\/\/now-news.de\/de\/#organization","name":"Just Now News","url":"https:\/\/now-news.de\/de\/","logo":{"@type":"ImageObject","inLanguage":"de","@id":"https:\/\/now-news.de\/de\/#\/schema\/logo\/image\/","url":"http:\/\/just-now.news\/de\/wp-content\/uploads\/sites\/3\/2022\/04\/logo500x500.jpg","contentUrl":"http:\/\/just-now.news\/de\/wp-content\/uploads\/sites\/3\/2022\/04\/logo500x500.jpg","width":500,"height":500,"caption":"Just Now News"},"image":{"@id":"https:\/\/now-news.de\/de\/#\/schema\/logo\/image\/"},"sameAs":["https:\/\/www.facebook.com\/wirmachenauf","https:\/\/x.com\/WirMachenAuf_de"]},{"@type":"Person","@id":"https:\/\/now-news.de\/de\/#\/schema\/person\/fb534a4e865501d8b3285208df34a9b5","name":"rtnews","image":{"@type":"ImageObject","inLanguage":"de","@id":"https:\/\/now-news.de\/de\/#\/schema\/person\/image\/","url":"https:\/\/secure.gravatar.com\/avatar\/82aafea7d8127119dd649515f56e2117?s=96&d=mm&r=g","contentUrl":"https:\/\/secure.gravatar.com\/avatar\/82aafea7d8127119dd649515f56e2117?s=96&d=mm&r=g","caption":"rtnews"},"url":"https:\/\/now-news.de\/de\/author\/rnews\/"}]}},"_links":{"self":[{"href":"https:\/\/now-news.de\/de\/wp-json\/wp\/v2\/posts\/6829"}],"collection":[{"href":"https:\/\/now-news.de\/de\/wp-json\/wp\/v2\/posts"}],"about":[{"href":"https:\/\/now-news.de\/de\/wp-json\/wp\/v2\/types\/post"}],"author":[{"embeddable":true,"href":"https:\/\/now-news.de\/de\/wp-json\/wp\/v2\/users\/3"}],"replies":[{"embeddable":true,"href":"https:\/\/now-news.de\/de\/wp-json\/wp\/v2\/comments?post=6829"}],"version-history":[{"count":0,"href":"https:\/\/now-news.de\/de\/wp-json\/wp\/v2\/posts\/6829\/revisions"}],"wp:featuredmedia":[{"embeddable":true,"href":"https:\/\/now-news.de\/de\/wp-json\/wp\/v2\/media\/6830"}],"wp:attachment":[{"href":"https:\/\/now-news.de\/de\/wp-json\/wp\/v2\/media?parent=6829"}],"wp:term":[{"taxonomy":"category","embeddable":true,"href":"https:\/\/now-news.de\/de\/wp-json\/wp\/v2\/categories?post=6829"},{"taxonomy":"post_tag","embeddable":true,"href":"https:\/\/now-news.de\/de\/wp-json\/wp\/v2\/tags?post=6829"}],"curies":[{"name":"wp","href":"https:\/\/api.w.org\/{rel}","templated":true}]}}