{"id":68265,"date":"2024-09-05T12:35:27","date_gmt":"2024-09-05T10:35:27","guid":{"rendered":"https:\/\/now-news.de\/de\/deutschland\/wir-streben-verlust-der-kampffaehigkeit-des-gegners-an-putin-kommentiert-russische-frontvorstoesse\/"},"modified":"2024-09-05T12:35:27","modified_gmt":"2024-09-05T10:35:27","slug":"wir-streben-verlust-der-kampffaehigkeit-des-gegners-an-putin-kommentiert-russische-frontvorstoesse","status":"publish","type":"post","link":"https:\/\/now-news.de\/de\/deutschland\/wir-streben-verlust-der-kampffaehigkeit-des-gegners-an-putin-kommentiert-russische-frontvorstoesse\/","title":{"rendered":"&quot;Wir streben Verlust der Kampff\u00e4higkeit des Gegners an&quot; \u2013 Putin kommentiert russische Frontvorst\u00f6\u00dfe"},"content":{"rendered":"<p><img decoding=\"async\" src=\"https:\/\/now-news.de\/de\/wp-content\/uploads\/sites\/3\/2024\/09\/66d9728db480cc602950d71e.jpg\" \/><\/p>\n<div class=\"Text-root Text-type_1 \">\n                Der russische Pr\u00e4sident Wladimir Putin hat w\u00e4hrend der Plenarsitzung des \u00d6stlichen Wirtschaftsforums die Situation an den Fronten der milit\u00e4rischen Sonderoperation kommentiert und sich zu m\u00f6glichen Verhandlungen mit Kiew und dem Westen ge\u00e4u\u00dfert. Zudem sprach er \u00fcber die Lage im Gebiet Kursk.\n            <\/div>\n<p><\/p>\n<div class=\"Text-root Text-type_5 ArticleView-text ViewText-root \">\n<p>Russlands\u00a0Pr\u00e4sident, Wladimir Putin, nahm am Donnerstag an der Plenarsitzung des IX. \u00d6stlichen Wirtschaftsforums (EEF) in Wladiwostok teil. Zusammen mit dem malaysischen Premierminister Anwar Ibrahim und dem chinesischen Vizepr\u00e4sidenten Han Zheng\u00a0sprach er \u00fcber die internationalen Beziehungen und die russische Wirtschaftsentwicklung.\u00a0Dar\u00fcber hinaus hat er sich ausf\u00fchrlich zur Situation an der Front im Ukraine-Konflikt <a rel=\"nofollow noopener\" target=\"_blank\" href=\"https:\/\/vk.com\/video\/@rt_de?z=video-134310637_456279709%2Fclub134310637\">ge\u00e4u\u00dfert<\/a>.\u00a0<\/p>\n<p>Bez\u00fcglich des\u00a0ukrainischen Angriffs auf das russische Gebiet Kursk sagte er, dass die Lage an diesem Frontabschnitt stabilisiert sei. Der Gegner habe seine Ziele nicht erreicht, betonte er.\u00a0Der AFU-Angriff auf die Region Kursk habe die russische Gesellschaft nur gefestigt, obwohl der Feind Panik s\u00e4en und die Lage in Russland beeinflussen wollte, so Putin.\u00a0<\/p>\n<p>Die Angriffe der AFU auf das Atomkraftwerk Kursk nannte Putin &#8220;sehr gef\u00e4hrliche terroristische Angriffe&#8221; und bat die Gespr\u00e4chspartner, sich die Folgen einer russischen spiegelbildlichen Reaktion vorzustellen. Auch habe der Gegner versucht, die Russische F\u00f6deration mit dem Einmarsch im Gebiet Kursk von der russischen Offensive im Donbass abzulenken, was jedoch nicht gelungen sei.<\/p>\n<p>Russlands Staatschef\u00a0wies auf die letzten Gel\u00e4ndegewinne in der Donezker Volksrepublik hin. &#8220;Vorgestern hat die Wostok-Gruppe mit einem Schlag ein 7 mal 5 Kilometer gro\u00dfes Dreieck erobert, und auch in Richtung Pokrowsk gibt es Erfolge&#8221;, sagte Putin zu den Fortschritten der milit\u00e4rischen Sonderoperation. Bei den t\u00e4glichen Vorst\u00f6\u00dfen der russischen Armee sei nicht mehr von hunderten Metern, sondern von Kilometern die Rede. Auch sagte er, dass der Gegner sehr gro\u00dfe Verluste an Mensch und Material erleide, was nicht weniger wichtig sei. Dazu gebe es objektive Daten aus mehreren Quellen.\u00a0<\/p>\n<blockquote>\n<p><em>&#8220;Es kann zu Zerst\u00f6rung der Front in mehreren Richtungen kommen und die Verluste k\u00f6nnten zum Verlust der Kampff\u00e4higkeit\u00a0der gesamten Streitkr\u00e4fte f\u00fchren. Das ist es, was wir erreichen wollen&#8221;, sagte Putin.\u00a0<\/em><\/p>\n<\/blockquote>\n<p>Weitere Themen waren die internationale Situation\u00a0rund um die\u00a0Verhandlungen zu Beendigung des Konflikts und die Politik Kiews gegen\u00fcber der eigenen Bev\u00f6lkerung im Zuge der Mobilisierungskampagnen.\u00a0Putin wies darauf hin, dass die Mobilisierung in der Ukraine &#8220;das Land v\u00f6llig in den Ruin treiben&#8221; und bald Studenten und die &#8220;Hitlerjugend&#8221; erreichen werde.\u00a0Die Eliten in Kiew d\u00e4chten\u00a0nicht an ihr Volk, ihre Verwandten lebten im Ausland, und sie selbst k\u00f6nnten &#8220;in ein Flugzeug steigen, und weg sind sie.&#8221;\u00a0<\/p>\n<div class=\"EmbedBlock-root EmbedBlock-externalVideo EmbedBlock-vk\">\n<div class=\"VkEmbed\"><iframe class=\"lazyload\" data-src=\"https:\/\/vk.com\/video_ext.php?oid=-134310637&amp;id=456279709\" frameborder=\"0\" width=\"853\" height=\"480\" allowfullscreen><\/iframe><\/div>\n<\/div>\n<p>Dar\u00fcber hinaus\u00a0erinnerte der russische Pr\u00e4sident an die Istanbuler Vereinbarungen von April 2022 und sagte, dass sie von der Staatsduma paraphiert\u00a0und auch von Kiew akzeptiert worden seien, bis der britische Premier Boris Johnson Kiew zur Fortsetzung der K\u00e4mpfe gedr\u00e4ngt habe. Er wies\u00a0in diesem Zusammenhang auch auf die Rolle des Vermittlerlandes T\u00fcrkei hin.\u00a0Die Staats- und Regierungschefs Chinas, Brasiliens und Indiens seien aufrichtig daran interessiert, die Lage in der Ukraine zu verstehen, und Russland stehe in dieser Frage in st\u00e4ndigem Kontakt mit ihnen, betonte Putin.<\/p>\n<p>&#8220;Der Westen und Kiew haben die Vereinbarungen von Istanbul aufgegeben, um der Russischen F\u00f6deration eine strategische Niederlage beizubringen, Russland zu schw\u00e4chen und zu zerteilen. Aber sie sind gescheitert&#8221;, fasste der Pr\u00e4sident zusammen.\u00a0Auf eine\u00a0m\u00f6gliche \u00dcberlistung und die Nichteinhaltung der internationalen Vereinbarungen vonseiten des Westens angesprochen, sagte Putin, dass Russland wisse, mit wem es zu tun habe. Man werde nach Formen und Garantien suchen, die f\u00fcr eine Einigung mit Kiew und dem Westen geeignet seien.\u00a0<\/p>\n<p>Das Wachstum der russischen Wirtschaft und des milit\u00e4rischen Potenzials sowie stabile Beziehungen zu Partnern und Verb\u00fcndeten seien die wichtigste Garantie f\u00fcr die Sicherheit Russlands.\u00a0<\/p>\n<p>In Anwesenheit von Spitzeng\u00e4sten aus dem Globalen erinnerte der russische Pr\u00e4sident auch an die Urspr\u00fcnge des Ukraine-Konflikts. Diese seien in dem blutigen Staatsstreich in Kiew im Jahre 2014 zu suchen, und im Kampf der russischst\u00e4mmigen Bev\u00f6lkerung der Ukraine f\u00fcr ihre Rechte auf Sprache, Kultur und Geschichte. Die Russische F\u00f6deration werde immer die Interessen der Menschen in der Ukraine verteidigen, die f\u00fcr die russische Sprache und die russischen Traditionen eintreten, sagte Putin.\u00a0<\/p>\n<p>Das EEF findet seit 2015 j\u00e4hrlich Anfang September statt. Das Forum hat sich zu einer prominenten Plattform f\u00fcr den internationalen Austausch zwischen Russland, den L\u00e4ndern Asiens und des sogenannten Globalen S\u00fcdens entwickelt. Es werden zahlreiche Vertr\u00e4ge zur wirtschaftlichen Kooperation und Entwicklung logistischer Wege geschlossen und Perspektiven f\u00fcr die weitere Zusammenarbeit diskutiert. Traditionell nehmen an der Plenarsitzung am dritten Tag des Forums neben dem russischen Pr\u00e4sidenten auch Staats- und Regierungschefs und weitere Regierungsvertreter aus den L\u00e4ndern der Region teil.\u00a0\u00a0<\/p>\n<p><strong>Mehr zum Thema<\/strong> &#8211; <a rel=\"nofollow noopener\" target=\"_blank\" href=\"https:\/\/freedert.online\/international\/218020-putin-lobt-beziehungen-zwischen-russland\/\">Putin lobt Beziehungen zwischen Russland und China: &#8220;Beispielloser H\u00f6chststand&#8221;<\/a><\/p>\n<div class=\"EmbedBlock-root EmbedBlock-externalVideo EmbedBlock-rumble\">\n<div class=\"VkEmbed\"><iframe class=\"lazyload\" data-src=\"https:\/\/rumble.com\/embed\/v5bcejh\" frameborder=\"0\" width=\"853\" height=\"480\" allowfullscreen><\/iframe><\/div>\n<\/div>\n<\/div>\n<p><br \/>\n<br \/><a href=\"https:\/\/de.rt.com\/international\/218132-wir-streben-verlust-kampffaehigkeit-gegners-putin-kommentiert-russische-frontvorstoe%C3%9Fe\/\">Source link <\/a><\/p>\n","protected":false},"excerpt":{"rendered":"<p>Der russische Pr\u00e4sident Wladimir Putin hat w\u00e4hrend der Plenarsitzung des \u00d6stlichen Wirtschaftsforums die Situation an den Fronten der milit\u00e4rischen Sonderoperation kommentiert und sich zu m\u00f6glichen Verhandlungen mit Kiew und dem Westen ge\u00e4u\u00dfert. Zudem sprach er \u00fcber die Lage im Gebiet Kursk. Russlands\u00a0Pr\u00e4sident, Wladimir Putin, nahm am Donnerstag an der Plenarsitzung des IX. \u00d6stlichen Wirtschaftsforums (EEF) [&hellip;]<\/p>\n","protected":false},"author":3,"featured_media":68266,"comment_status":"open","ping_status":"open","sticky":false,"template":"","format":"standard","meta":{"_yoast_indexnow_last_ping":["1725533160"],"wp_automatic_camp":["217"],"6c1efc6a36370b8cee41fa2c95e44a4b":["&quot;Wir streben Verlust der Kampff\u00e4higkeit des Gegners an&quot; \u2013 Putin kommentiert russische Frontvorst\u00f6\u00dfe"],"original_link":["https:\/\/de.rt.com\/international\/218132-wir-streben-verlust-kampffaehigkeit-gegners-putin-kommentiert-russische-frontvorstoe%C3%9Fe\/"],"_thumbnail_id":["68266"],"jnews_social_counter_last_update":["1777067173"],"_wptgpro_p2tg_sent2tg":["a:1:{i:23737;s:19:\"2024-09-05 12:47:25\";}"]},"categories":[19,23],"tags":[35789,82,583,58250,58249,58248,33663,125,5451,570,10433,1372],"yoast_head":"<!-- This site is optimized with the Yoast SEO Premium plugin v22.7 (Yoast SEO v22.7) - https:\/\/yoast.com\/wordpress\/plugins\/seo\/ -->\n<title>&quot;Wir streben Verlust der Kampff\u00e4higkeit des Gegners an&quot; \u2013 Putin kommentiert russische Frontvorst\u00f6\u00dfe - just-now.NEWS Deutschland<\/title>\n<meta name=\"robots\" content=\"index, follow, max-snippet:-1, max-image-preview:large, max-video-preview:-1\" \/>\n<link rel=\"canonical\" href=\"https:\/\/now-news.de\/de\/deutschland\/wir-streben-verlust-der-kampffaehigkeit-des-gegners-an-putin-kommentiert-russische-frontvorstoesse\/\" \/>\n<meta property=\"og:locale\" content=\"de_DE\" \/>\n<meta property=\"og:type\" content=\"article\" \/>\n<meta property=\"og:title\" content=\"&quot;Wir streben Verlust der Kampff\u00e4higkeit des Gegners an&quot; \u2013 Putin kommentiert russische Frontvorst\u00f6\u00dfe\" \/>\n<meta property=\"og:description\" content=\"Der russische Pr\u00e4sident Wladimir Putin hat w\u00e4hrend der Plenarsitzung des \u00d6stlichen Wirtschaftsforums die Situation an den Fronten der milit\u00e4rischen Sonderoperation kommentiert und sich zu m\u00f6glichen Verhandlungen mit Kiew und dem Westen ge\u00e4u\u00dfert. Zudem sprach er \u00fcber die Lage im Gebiet Kursk. Russlands\u00a0Pr\u00e4sident, Wladimir Putin, nahm am Donnerstag an der Plenarsitzung des IX. \u00d6stlichen Wirtschaftsforums (EEF) [&hellip;]\" \/>\n<meta property=\"og:url\" content=\"https:\/\/now-news.de\/de\/deutschland\/wir-streben-verlust-der-kampffaehigkeit-des-gegners-an-putin-kommentiert-russische-frontvorstoesse\/\" \/>\n<meta property=\"og:site_name\" content=\"just-now.NEWS Deutschland\" \/>\n<meta property=\"article:publisher\" content=\"https:\/\/www.facebook.com\/wirmachenauf\" \/>\n<meta property=\"article:published_time\" content=\"2024-09-05T10:35:27+00:00\" \/>\n<meta property=\"og:image\" content=\"https:\/\/now-news.de\/de\/wp-content\/uploads\/sites\/3\/2024\/09\/66d9728db480cc602950d71e.jpg\" \/>\n<meta name=\"author\" content=\"rtnews\" \/>\n<meta name=\"twitter:card\" content=\"summary_large_image\" \/>\n<meta name=\"twitter:creator\" content=\"@WirMachenAuf_de\" \/>\n<meta name=\"twitter:site\" content=\"@WirMachenAuf_de\" \/>\n<meta name=\"twitter:label1\" content=\"Verfasst von\" \/>\n\t<meta name=\"twitter:data1\" content=\"rtnews\" \/>\n\t<meta name=\"twitter:label2\" content=\"Gesch\u00e4tzte Lesezeit\" \/>\n\t<meta name=\"twitter:data2\" content=\"4\u00a0Minuten\" \/>\n<script type=\"application\/ld+json\" class=\"yoast-schema-graph\">{\"@context\":\"https:\/\/schema.org\",\"@graph\":[{\"@type\":\"Article\",\"@id\":\"https:\/\/now-news.de\/de\/deutschland\/wir-streben-verlust-der-kampffaehigkeit-des-gegners-an-putin-kommentiert-russische-frontvorstoesse\/#article\",\"isPartOf\":{\"@id\":\"https:\/\/now-news.de\/de\/deutschland\/wir-streben-verlust-der-kampffaehigkeit-des-gegners-an-putin-kommentiert-russische-frontvorstoesse\/\"},\"author\":{\"name\":\"rtnews\",\"@id\":\"https:\/\/now-news.de\/de\/#\/schema\/person\/fb534a4e865501d8b3285208df34a9b5\"},\"headline\":\"&quot;Wir streben Verlust der Kampff\u00e4higkeit des Gegners an&quot; \u2013 Putin kommentiert russische Frontvorst\u00f6\u00dfe\",\"datePublished\":\"2024-09-05T10:35:27+00:00\",\"dateModified\":\"2024-09-05T10:35:27+00:00\",\"mainEntityOfPage\":{\"@id\":\"https:\/\/now-news.de\/de\/deutschland\/wir-streben-verlust-der-kampffaehigkeit-des-gegners-an-putin-kommentiert-russische-frontvorstoesse\/\"},\"wordCount\":823,\"commentCount\":0,\"publisher\":{\"@id\":\"https:\/\/now-news.de\/de\/#organization\"},\"image\":{\"@id\":\"https:\/\/now-news.de\/de\/deutschland\/wir-streben-verlust-der-kampffaehigkeit-des-gegners-an-putin-kommentiert-russische-frontvorstoesse\/#primaryimage\"},\"thumbnailUrl\":\"https:\/\/now-news.de\/de\/wp-content\/uploads\/sites\/3\/2024\/09\/quotWir-streben-Verlust-der-Kampffaehigkeit-des-Gegners-anquot-\u2013-Putin.jpg\",\"keywords\":[\"anquot\",\"der\",\"des\",\"Frontvorst\u00f6\u00dfe\",\"Gegners\",\"Kampff\u00e4higkeit\",\"kommentiert\",\"putin\",\"quotWir\",\"Russische\",\"streben\",\"Verlust\"],\"articleSection\":[\"Deutschland\",\"Russland\"],\"inLanguage\":\"de\",\"potentialAction\":[{\"@type\":\"CommentAction\",\"name\":\"Comment\",\"target\":[\"https:\/\/now-news.de\/de\/deutschland\/wir-streben-verlust-der-kampffaehigkeit-des-gegners-an-putin-kommentiert-russische-frontvorstoesse\/#respond\"]}]},{\"@type\":\"WebPage\",\"@id\":\"https:\/\/now-news.de\/de\/deutschland\/wir-streben-verlust-der-kampffaehigkeit-des-gegners-an-putin-kommentiert-russische-frontvorstoesse\/\",\"url\":\"https:\/\/now-news.de\/de\/deutschland\/wir-streben-verlust-der-kampffaehigkeit-des-gegners-an-putin-kommentiert-russische-frontvorstoesse\/\",\"name\":\"&quot;Wir streben Verlust der Kampff\u00e4higkeit des Gegners an&quot; \u2013 Putin kommentiert russische Frontvorst\u00f6\u00dfe - just-now.NEWS Deutschland\",\"isPartOf\":{\"@id\":\"https:\/\/now-news.de\/de\/#website\"},\"primaryImageOfPage\":{\"@id\":\"https:\/\/now-news.de\/de\/deutschland\/wir-streben-verlust-der-kampffaehigkeit-des-gegners-an-putin-kommentiert-russische-frontvorstoesse\/#primaryimage\"},\"image\":{\"@id\":\"https:\/\/now-news.de\/de\/deutschland\/wir-streben-verlust-der-kampffaehigkeit-des-gegners-an-putin-kommentiert-russische-frontvorstoesse\/#primaryimage\"},\"thumbnailUrl\":\"https:\/\/now-news.de\/de\/wp-content\/uploads\/sites\/3\/2024\/09\/quotWir-streben-Verlust-der-Kampffaehigkeit-des-Gegners-anquot-\u2013-Putin.jpg\",\"datePublished\":\"2024-09-05T10:35:27+00:00\",\"dateModified\":\"2024-09-05T10:35:27+00:00\",\"breadcrumb\":{\"@id\":\"https:\/\/now-news.de\/de\/deutschland\/wir-streben-verlust-der-kampffaehigkeit-des-gegners-an-putin-kommentiert-russische-frontvorstoesse\/#breadcrumb\"},\"inLanguage\":\"de\",\"potentialAction\":[{\"@type\":\"ReadAction\",\"target\":[\"https:\/\/now-news.de\/de\/deutschland\/wir-streben-verlust-der-kampffaehigkeit-des-gegners-an-putin-kommentiert-russische-frontvorstoesse\/\"]}]},{\"@type\":\"ImageObject\",\"inLanguage\":\"de\",\"@id\":\"https:\/\/now-news.de\/de\/deutschland\/wir-streben-verlust-der-kampffaehigkeit-des-gegners-an-putin-kommentiert-russische-frontvorstoesse\/#primaryimage\",\"url\":\"https:\/\/now-news.de\/de\/wp-content\/uploads\/sites\/3\/2024\/09\/quotWir-streben-Verlust-der-Kampffaehigkeit-des-Gegners-anquot-\u2013-Putin.jpg\",\"contentUrl\":\"https:\/\/now-news.de\/de\/wp-content\/uploads\/sites\/3\/2024\/09\/quotWir-streben-Verlust-der-Kampffaehigkeit-des-Gegners-anquot-\u2013-Putin.jpg\",\"width\":460,\"height\":259,\"caption\":\"&quot;Wir streben Verlust der Kampff\u00e4higkeit des Gegners an&quot; \u2013 Putin kommentiert russische Frontvorst\u00f6\u00dfe\"},{\"@type\":\"BreadcrumbList\",\"@id\":\"https:\/\/now-news.de\/de\/deutschland\/wir-streben-verlust-der-kampffaehigkeit-des-gegners-an-putin-kommentiert-russische-frontvorstoesse\/#breadcrumb\",\"itemListElement\":[{\"@type\":\"ListItem\",\"position\":1,\"name\":\"Home\",\"item\":\"https:\/\/now-news.de\/de\/\"},{\"@type\":\"ListItem\",\"position\":2,\"name\":\"&quot;Wir streben Verlust der Kampff\u00e4higkeit des Gegners an&quot; \u2013 Putin kommentiert russische Frontvorst\u00f6\u00dfe\"}]},{\"@type\":\"WebSite\",\"@id\":\"https:\/\/now-news.de\/de\/#website\",\"url\":\"https:\/\/now-news.de\/de\/\",\"name\":\"just-now.NEWS Deutschland\",\"description\":\"Das Portal f\u00fcr unzensierte Nachrichten aus der Welt\",\"publisher\":{\"@id\":\"https:\/\/now-news.de\/de\/#organization\"},\"potentialAction\":[{\"@type\":\"SearchAction\",\"target\":{\"@type\":\"EntryPoint\",\"urlTemplate\":\"https:\/\/now-news.de\/de\/?s={search_term_string}\"},\"query-input\":\"required name=search_term_string\"}],\"inLanguage\":\"de\"},{\"@type\":\"Organization\",\"@id\":\"https:\/\/now-news.de\/de\/#organization\",\"name\":\"Just Now News\",\"url\":\"https:\/\/now-news.de\/de\/\",\"logo\":{\"@type\":\"ImageObject\",\"inLanguage\":\"de\",\"@id\":\"https:\/\/now-news.de\/de\/#\/schema\/logo\/image\/\",\"url\":\"http:\/\/just-now.news\/de\/wp-content\/uploads\/sites\/3\/2022\/04\/logo500x500.jpg\",\"contentUrl\":\"http:\/\/just-now.news\/de\/wp-content\/uploads\/sites\/3\/2022\/04\/logo500x500.jpg\",\"width\":500,\"height\":500,\"caption\":\"Just Now News\"},\"image\":{\"@id\":\"https:\/\/now-news.de\/de\/#\/schema\/logo\/image\/\"},\"sameAs\":[\"https:\/\/www.facebook.com\/wirmachenauf\",\"https:\/\/x.com\/WirMachenAuf_de\"]},{\"@type\":\"Person\",\"@id\":\"https:\/\/now-news.de\/de\/#\/schema\/person\/fb534a4e865501d8b3285208df34a9b5\",\"name\":\"rtnews\",\"image\":{\"@type\":\"ImageObject\",\"inLanguage\":\"de\",\"@id\":\"https:\/\/now-news.de\/de\/#\/schema\/person\/image\/\",\"url\":\"https:\/\/secure.gravatar.com\/avatar\/82aafea7d8127119dd649515f56e2117?s=96&d=mm&r=g\",\"contentUrl\":\"https:\/\/secure.gravatar.com\/avatar\/82aafea7d8127119dd649515f56e2117?s=96&d=mm&r=g\",\"caption\":\"rtnews\"},\"url\":\"https:\/\/now-news.de\/de\/author\/rnews\/\"}]}<\/script>\n<!-- \/ Yoast SEO Premium plugin. -->","yoast_head_json":{"title":"&quot;Wir streben Verlust der Kampff\u00e4higkeit des Gegners an&quot; \u2013 Putin kommentiert russische Frontvorst\u00f6\u00dfe - just-now.NEWS Deutschland","robots":{"index":"index","follow":"follow","max-snippet":"max-snippet:-1","max-image-preview":"max-image-preview:large","max-video-preview":"max-video-preview:-1"},"canonical":"https:\/\/now-news.de\/de\/deutschland\/wir-streben-verlust-der-kampffaehigkeit-des-gegners-an-putin-kommentiert-russische-frontvorstoesse\/","og_locale":"de_DE","og_type":"article","og_title":"&quot;Wir streben Verlust der Kampff\u00e4higkeit des Gegners an&quot; \u2013 Putin kommentiert russische Frontvorst\u00f6\u00dfe","og_description":"Der russische Pr\u00e4sident Wladimir Putin hat w\u00e4hrend der Plenarsitzung des \u00d6stlichen Wirtschaftsforums die Situation an den Fronten der milit\u00e4rischen Sonderoperation kommentiert und sich zu m\u00f6glichen Verhandlungen mit Kiew und dem Westen ge\u00e4u\u00dfert. Zudem sprach er \u00fcber die Lage im Gebiet Kursk. Russlands\u00a0Pr\u00e4sident, Wladimir Putin, nahm am Donnerstag an der Plenarsitzung des IX. \u00d6stlichen Wirtschaftsforums (EEF) [&hellip;]","og_url":"https:\/\/now-news.de\/de\/deutschland\/wir-streben-verlust-der-kampffaehigkeit-des-gegners-an-putin-kommentiert-russische-frontvorstoesse\/","og_site_name":"just-now.NEWS Deutschland","article_publisher":"https:\/\/www.facebook.com\/wirmachenauf","article_published_time":"2024-09-05T10:35:27+00:00","og_image":[{"url":"https:\/\/now-news.de\/de\/wp-content\/uploads\/sites\/3\/2024\/09\/66d9728db480cc602950d71e.jpg"}],"author":"rtnews","twitter_card":"summary_large_image","twitter_creator":"@WirMachenAuf_de","twitter_site":"@WirMachenAuf_de","twitter_misc":{"Verfasst von":"rtnews","Gesch\u00e4tzte Lesezeit":"4\u00a0Minuten"},"schema":{"@context":"https:\/\/schema.org","@graph":[{"@type":"Article","@id":"https:\/\/now-news.de\/de\/deutschland\/wir-streben-verlust-der-kampffaehigkeit-des-gegners-an-putin-kommentiert-russische-frontvorstoesse\/#article","isPartOf":{"@id":"https:\/\/now-news.de\/de\/deutschland\/wir-streben-verlust-der-kampffaehigkeit-des-gegners-an-putin-kommentiert-russische-frontvorstoesse\/"},"author":{"name":"rtnews","@id":"https:\/\/now-news.de\/de\/#\/schema\/person\/fb534a4e865501d8b3285208df34a9b5"},"headline":"&quot;Wir streben Verlust der Kampff\u00e4higkeit des Gegners an&quot; \u2013 Putin kommentiert russische Frontvorst\u00f6\u00dfe","datePublished":"2024-09-05T10:35:27+00:00","dateModified":"2024-09-05T10:35:27+00:00","mainEntityOfPage":{"@id":"https:\/\/now-news.de\/de\/deutschland\/wir-streben-verlust-der-kampffaehigkeit-des-gegners-an-putin-kommentiert-russische-frontvorstoesse\/"},"wordCount":823,"commentCount":0,"publisher":{"@id":"https:\/\/now-news.de\/de\/#organization"},"image":{"@id":"https:\/\/now-news.de\/de\/deutschland\/wir-streben-verlust-der-kampffaehigkeit-des-gegners-an-putin-kommentiert-russische-frontvorstoesse\/#primaryimage"},"thumbnailUrl":"https:\/\/now-news.de\/de\/wp-content\/uploads\/sites\/3\/2024\/09\/quotWir-streben-Verlust-der-Kampffaehigkeit-des-Gegners-anquot-\u2013-Putin.jpg","keywords":["anquot","der","des","Frontvorst\u00f6\u00dfe","Gegners","Kampff\u00e4higkeit","kommentiert","putin","quotWir","Russische","streben","Verlust"],"articleSection":["Deutschland","Russland"],"inLanguage":"de","potentialAction":[{"@type":"CommentAction","name":"Comment","target":["https:\/\/now-news.de\/de\/deutschland\/wir-streben-verlust-der-kampffaehigkeit-des-gegners-an-putin-kommentiert-russische-frontvorstoesse\/#respond"]}]},{"@type":"WebPage","@id":"https:\/\/now-news.de\/de\/deutschland\/wir-streben-verlust-der-kampffaehigkeit-des-gegners-an-putin-kommentiert-russische-frontvorstoesse\/","url":"https:\/\/now-news.de\/de\/deutschland\/wir-streben-verlust-der-kampffaehigkeit-des-gegners-an-putin-kommentiert-russische-frontvorstoesse\/","name":"&quot;Wir streben Verlust der Kampff\u00e4higkeit des Gegners an&quot; \u2013 Putin kommentiert russische Frontvorst\u00f6\u00dfe - just-now.NEWS Deutschland","isPartOf":{"@id":"https:\/\/now-news.de\/de\/#website"},"primaryImageOfPage":{"@id":"https:\/\/now-news.de\/de\/deutschland\/wir-streben-verlust-der-kampffaehigkeit-des-gegners-an-putin-kommentiert-russische-frontvorstoesse\/#primaryimage"},"image":{"@id":"https:\/\/now-news.de\/de\/deutschland\/wir-streben-verlust-der-kampffaehigkeit-des-gegners-an-putin-kommentiert-russische-frontvorstoesse\/#primaryimage"},"thumbnailUrl":"https:\/\/now-news.de\/de\/wp-content\/uploads\/sites\/3\/2024\/09\/quotWir-streben-Verlust-der-Kampffaehigkeit-des-Gegners-anquot-\u2013-Putin.jpg","datePublished":"2024-09-05T10:35:27+00:00","dateModified":"2024-09-05T10:35:27+00:00","breadcrumb":{"@id":"https:\/\/now-news.de\/de\/deutschland\/wir-streben-verlust-der-kampffaehigkeit-des-gegners-an-putin-kommentiert-russische-frontvorstoesse\/#breadcrumb"},"inLanguage":"de","potentialAction":[{"@type":"ReadAction","target":["https:\/\/now-news.de\/de\/deutschland\/wir-streben-verlust-der-kampffaehigkeit-des-gegners-an-putin-kommentiert-russische-frontvorstoesse\/"]}]},{"@type":"ImageObject","inLanguage":"de","@id":"https:\/\/now-news.de\/de\/deutschland\/wir-streben-verlust-der-kampffaehigkeit-des-gegners-an-putin-kommentiert-russische-frontvorstoesse\/#primaryimage","url":"https:\/\/now-news.de\/de\/wp-content\/uploads\/sites\/3\/2024\/09\/quotWir-streben-Verlust-der-Kampffaehigkeit-des-Gegners-anquot-\u2013-Putin.jpg","contentUrl":"https:\/\/now-news.de\/de\/wp-content\/uploads\/sites\/3\/2024\/09\/quotWir-streben-Verlust-der-Kampffaehigkeit-des-Gegners-anquot-\u2013-Putin.jpg","width":460,"height":259,"caption":"&quot;Wir streben Verlust der Kampff\u00e4higkeit des Gegners an&quot; \u2013 Putin kommentiert russische Frontvorst\u00f6\u00dfe"},{"@type":"BreadcrumbList","@id":"https:\/\/now-news.de\/de\/deutschland\/wir-streben-verlust-der-kampffaehigkeit-des-gegners-an-putin-kommentiert-russische-frontvorstoesse\/#breadcrumb","itemListElement":[{"@type":"ListItem","position":1,"name":"Home","item":"https:\/\/now-news.de\/de\/"},{"@type":"ListItem","position":2,"name":"&quot;Wir streben Verlust der Kampff\u00e4higkeit des Gegners an&quot; \u2013 Putin kommentiert russische Frontvorst\u00f6\u00dfe"}]},{"@type":"WebSite","@id":"https:\/\/now-news.de\/de\/#website","url":"https:\/\/now-news.de\/de\/","name":"just-now.NEWS Deutschland","description":"Das Portal f\u00fcr unzensierte Nachrichten aus der Welt","publisher":{"@id":"https:\/\/now-news.de\/de\/#organization"},"potentialAction":[{"@type":"SearchAction","target":{"@type":"EntryPoint","urlTemplate":"https:\/\/now-news.de\/de\/?s={search_term_string}"},"query-input":"required name=search_term_string"}],"inLanguage":"de"},{"@type":"Organization","@id":"https:\/\/now-news.de\/de\/#organization","name":"Just Now News","url":"https:\/\/now-news.de\/de\/","logo":{"@type":"ImageObject","inLanguage":"de","@id":"https:\/\/now-news.de\/de\/#\/schema\/logo\/image\/","url":"http:\/\/just-now.news\/de\/wp-content\/uploads\/sites\/3\/2022\/04\/logo500x500.jpg","contentUrl":"http:\/\/just-now.news\/de\/wp-content\/uploads\/sites\/3\/2022\/04\/logo500x500.jpg","width":500,"height":500,"caption":"Just Now News"},"image":{"@id":"https:\/\/now-news.de\/de\/#\/schema\/logo\/image\/"},"sameAs":["https:\/\/www.facebook.com\/wirmachenauf","https:\/\/x.com\/WirMachenAuf_de"]},{"@type":"Person","@id":"https:\/\/now-news.de\/de\/#\/schema\/person\/fb534a4e865501d8b3285208df34a9b5","name":"rtnews","image":{"@type":"ImageObject","inLanguage":"de","@id":"https:\/\/now-news.de\/de\/#\/schema\/person\/image\/","url":"https:\/\/secure.gravatar.com\/avatar\/82aafea7d8127119dd649515f56e2117?s=96&d=mm&r=g","contentUrl":"https:\/\/secure.gravatar.com\/avatar\/82aafea7d8127119dd649515f56e2117?s=96&d=mm&r=g","caption":"rtnews"},"url":"https:\/\/now-news.de\/de\/author\/rnews\/"}]}},"_links":{"self":[{"href":"https:\/\/now-news.de\/de\/wp-json\/wp\/v2\/posts\/68265"}],"collection":[{"href":"https:\/\/now-news.de\/de\/wp-json\/wp\/v2\/posts"}],"about":[{"href":"https:\/\/now-news.de\/de\/wp-json\/wp\/v2\/types\/post"}],"author":[{"embeddable":true,"href":"https:\/\/now-news.de\/de\/wp-json\/wp\/v2\/users\/3"}],"replies":[{"embeddable":true,"href":"https:\/\/now-news.de\/de\/wp-json\/wp\/v2\/comments?post=68265"}],"version-history":[{"count":0,"href":"https:\/\/now-news.de\/de\/wp-json\/wp\/v2\/posts\/68265\/revisions"}],"wp:featuredmedia":[{"embeddable":true,"href":"https:\/\/now-news.de\/de\/wp-json\/wp\/v2\/media\/68266"}],"wp:attachment":[{"href":"https:\/\/now-news.de\/de\/wp-json\/wp\/v2\/media?parent=68265"}],"wp:term":[{"taxonomy":"category","embeddable":true,"href":"https:\/\/now-news.de\/de\/wp-json\/wp\/v2\/categories?post=68265"},{"taxonomy":"post_tag","embeddable":true,"href":"https:\/\/now-news.de\/de\/wp-json\/wp\/v2\/tags?post=68265"}],"curies":[{"name":"wp","href":"https:\/\/api.w.org\/{rel}","templated":true}]}}