{"id":68263,"date":"2024-09-05T12:19:15","date_gmt":"2024-09-05T10:19:15","guid":{"rendered":"https:\/\/now-news.de\/de\/deutschland\/russlandsanktionen-ehemaliger-geschaeftsfuehrer-des-paritaetischen-teilt-gegen-sevim-dagdelen-aus\/"},"modified":"2024-09-05T12:19:15","modified_gmt":"2024-09-05T10:19:15","slug":"russlandsanktionen-ehemaliger-geschaeftsfuehrer-des-paritaetischen-teilt-gegen-sevim-dagdelen-aus","status":"publish","type":"post","link":"https:\/\/now-news.de\/de\/deutschland\/russlandsanktionen-ehemaliger-geschaeftsfuehrer-des-paritaetischen-teilt-gegen-sevim-dagdelen-aus\/","title":{"rendered":"Russlandsanktionen: Ehemaliger Gesch\u00e4ftsf\u00fchrer des Parit\u00e4tischen teilt gegen Sevim Dagdelen aus"},"content":{"rendered":"<p><img decoding=\"async\" src=\"https:\/\/now-news.de\/de\/wp-content\/uploads\/sites\/3\/2024\/09\/66d9613c48fbef402d6050fb.jpg\" \/><\/p>\n<div class=\"Text-root Text-type_1 \">\n                Dass die Russlandsanktionen die deutsche Wirtschaft h\u00e4rter treffen als Russland, ist inzwischen unstrittig. Die BSW-Politikerin Sevim Dagdelen sieht die Bundesregierung in der Verantwortung. Widerspruch bekommt sie von einem ehemaligen Verbandsfunktion\u00e4r. Dagdelen betreibe T\u00e4ter-Opfer-Umkehr.\n            <\/div>\n<p><\/p>\n<div class=\"Text-root Text-type_5 ArticleView-text ViewText-root \">\n<p>Er ist erst k\u00fcrzlich in Rente gegangen, positioniert sich aber weiterhin politisch. Ulrich Schneider, ehemaliger Hauptgesch\u00e4ftsf\u00fchrer des Parit\u00e4tischen Wohlfahrtsverbandes, teilt in einem Tweet gegen die BSW-Politikerin Sevim Dagdelen aus. Dagdelen hat die Bundesregierung f\u00fcr ihre Wirtschaftspolitik kritisiert. Deutschland befindet sich in der Rezession. Daf\u00fcr macht Dagdelen unter anderem den &#8220;Wirtschaftskrieg gegen Russland&#8221; verantwortlich. Schneider wirft ihr daraufhin &#8220;T\u00e4ter-Opfer-Umkehr&#8221; und &#8220;Putin-Propaganda&#8221; vor. Dagdelens Tweet sei f\u00fcr ihn &#8220;unertr\u00e4glich&#8221;.\u00a0<\/p>\n<div class=\"EmbedBlock-root EmbedBlock-twitter\">\n<div class=\"TwitterEmbed\">\n<blockquote class=\"twitter-tweet lazyload\" data-twitter=\"twitter-tweet\">\n<p lang=\"de\" dir=\"ltr\">Der \u201eWirtschaftskrieg gegen Russland\u201c \u2026 Anl\u00e4\u00dflich solcher T\u00e4ter-Opfer-Umkehr oder auch einfach \u201ePutin-Propaganda\u201c aus dem Munde Wagenknechts im Bundestag bin ich seinerzeit aus der Linken ausgetreten. Finde es auch aus den Tweets ihrer Gefolgsleute nach wie vor unertr\u00e4glich. <a rel=\"nofollow noopener\" target=\"_blank\" href=\"https:\/\/t.co\/lwawfBphbf\">https:\/\/t.co\/lwawfBphbf<\/a><\/p>\n<p>\u2014 Ulrich Schneider (@UlrichSchneider) <a rel=\"nofollow noopener\" target=\"_blank\" href=\"https:\/\/twitter.com\/UlrichSchneider\/status\/1831427051590742484?ref_src=twsrc%5Etfw\">September 4, 2024<\/a><\/p><\/blockquote>\n<\/div>\n<\/div>\n<p>Dabei wird der Terminus &#8220;Wirtschaftskrieg&#8221; im Zusammenhang mit den Russlandsanktionen auch von Vertretern der Bundesregierung verwendet, macht Dagdelen in ihrer Antwort deutlich. So sagte Wirtschaftsminister Robert Habeck (B\u00fcndnis 90\/Die Gr\u00fcnen) bereits im M\u00e4rz 2022 im\u00a0<em>ZDF<\/em>\u00a0<em>&#8220;Wir sind quasi Kriegspartei als Wirtschaftskriegspartei&#8221;<\/em>.\u00a0<\/p>\n<p>Schneider galt in seiner Funktion als Gesch\u00e4ftsf\u00fchrer des Parit\u00e4tischen Wohlfahrtsverbands als Lobbyist f\u00fcr die sozial Schwachen in der Republik. Mit seinem Tweet macht er deutlich, dass er den Kampf gegen Armut der Ideologie und der deutschen Propaganda untergeordnet hat. Es ist unstrittig, dass die R\u00fcckwirkungen des Sanktionsregimes die deutsche Wirtschaft hart treffen. Die Sanktionen sind keine direkte Folge des Krieges. Sie wurden politisch entschieden und k\u00f6nnen daher auch korrigiert werden. Schneider \u00fcbernimmt jedoch die Sprachregelung der Bundesregierung, nach der die Sanktionen und ihre Auswirkungen direkte Folgen des Ukraine-Kriegs seien.\u00a0<\/p>\n<p>Ziel des Sanktionsregimes ist es, die Wirtschaft Russlands zu treffen, um einerseits die weitere Finanzierung des Ukraine-Krieges zu unterbinden, zum anderen sollen dadurch Proteste ausgel\u00f6st und im Idealfall ein Regimewechsel herbeigef\u00fchrt werden. Beide Ziele sind nicht realistisch.<\/p>\n<p>Russland ist zum F\u00fchren des Krieges nicht auf ausl\u00e4ndische Devisen angewiesen, da von der Waffenentwicklung \u00fcber die Waffenproduktion bis zum Sold alle Zahlungen in Rubel abgewickelt werden. Durch die offene Aggression gegen Russland, die das Sanktionsregime bedeutet, hat sich die russische Gesellschaft hinter Pr\u00e4sident Putin und seine Regierung gestellt. Putin erzielt Zustimmungswerte, von denen deutsche Politiker nur tr\u00e4umen k\u00f6nnen. Erst im M\u00e4rz wurde Putin mit 87,3 Prozent der abgegebenen W\u00e4hlerstimmen im Amt best\u00e4tigt. Die russische Wirtschaft w\u00e4chst in diesem Jahr voraussichtlich um deutlich \u00fcber drei Prozent. Vor diesem Hintergrund w\u00e4re eine Korrektur des Sanktionsregimes in deutschem Interesse.\u00a0<\/p>\n<p>Das Sanktionsregime verst\u00f6\u00dft zudem gegen das V\u00f6lkerrecht. Die Staaten der EU sind Mitglied in der UN. Sie erkennen damit an, dass der UN-Sicherheitsrat das einzige Gremium ist, das Zwangsma\u00dfnahmen gegen Staaten verh\u00e4ngen kann. Die EU hat sich dagegen selbst erm\u00e4chtigt und agiert au\u00dferhalb des V\u00f6lkerrechts. Sie ist damit international isoliert und wird regelm\u00e4\u00dfig scharf kritisiert.\u00a0<\/p>\n<p><strong>Mehr zum Thema<\/strong>\u00a0\u2013 <a rel=\"nofollow noopener\" target=\"_blank\" href=\"https:\/\/freedert.online\/europa\/218019-sippenhaft-und-jenseits-rechtsstaatlichkeit-rechtsanwaelte\/\">&#8220;Sippenhaft&#8221; und jenseits der Rechtsstaatlichkeit: Rechtsanw\u00e4lte kritisieren EU-Sanktionsregime<\/a><\/p>\n<div class=\"EmbedBlock-root EmbedBlock-externalVideo EmbedBlock-rumble\">\n<div class=\"VkEmbed\"><iframe class=\"lazyload\" data-src=\"https:\/\/rumble.com\/embed\/v5b735f\" frameborder=\"0\" width=\"853\" height=\"480\" allowfullscreen><\/iframe><\/div>\n<\/div>\n<\/div>\n<p><script async src=\"https:\/\/platform.twitter.com\/widgets.js\" charset=\"utf-8\"><\/script><br \/>\n<br \/><br \/>\n<br \/><a href=\"https:\/\/de.rt.com\/inland\/218124-russlandsanktionen-ehemaliger-geschaeftsfuehrer-paritaetischen-teilt\/\">Source link <\/a><\/p>\n","protected":false},"excerpt":{"rendered":"<p>Dass die Russlandsanktionen die deutsche Wirtschaft h\u00e4rter treffen als Russland, ist inzwischen unstrittig. Die BSW-Politikerin Sevim Dagdelen sieht die Bundesregierung in der Verantwortung. Widerspruch bekommt sie von einem ehemaligen Verbandsfunktion\u00e4r. Dagdelen betreibe T\u00e4ter-Opfer-Umkehr. Er ist erst k\u00fcrzlich in Rente gegangen, positioniert sich aber weiterhin politisch. Ulrich Schneider, ehemaliger Hauptgesch\u00e4ftsf\u00fchrer des Parit\u00e4tischen Wohlfahrtsverbandes, teilt in einem [&hellip;]<\/p>\n","protected":false},"author":3,"featured_media":68264,"comment_status":"open","ping_status":"open","sticky":false,"template":"","format":"standard","meta":{"_yoast_indexnow_last_ping":["1725532206"],"wp_automatic_camp":["217"],"1e2b8f7c05c0bd31b71b8a441db178d7":["Russlandsanktionen: Ehemaliger Gesch\u00e4ftsf\u00fchrer des Parit\u00e4tischen teilt gegen Sevim Dagdelen aus"],"original_link":["https:\/\/de.rt.com\/inland\/218124-russlandsanktionen-ehemaliger-geschaeftsfuehrer-paritaetischen-teilt\/"],"_thumbnail_id":["68264"],"jnews_social_counter_last_update":["1777199525"],"_wptgpro_p2tg_sent2tg":["a:1:{i:23737;s:19:\"2024-09-05 12:31:25\";}"]},"categories":[19,23],"tags":[679,29674,583,7622,278,26227,32735,2197,49371,19543],"yoast_head":"<!-- This site is optimized with the Yoast SEO Premium plugin v22.7 (Yoast SEO v22.7) - https:\/\/yoast.com\/wordpress\/plugins\/seo\/ -->\n<title>Russlandsanktionen: Ehemaliger Gesch\u00e4ftsf\u00fchrer des Parit\u00e4tischen teilt gegen Sevim Dagdelen aus - just-now.NEWS Deutschland<\/title>\n<meta name=\"robots\" content=\"index, follow, max-snippet:-1, max-image-preview:large, max-video-preview:-1\" \/>\n<link rel=\"canonical\" href=\"https:\/\/now-news.de\/de\/deutschland\/russlandsanktionen-ehemaliger-geschaeftsfuehrer-des-paritaetischen-teilt-gegen-sevim-dagdelen-aus\/\" \/>\n<meta property=\"og:locale\" content=\"de_DE\" \/>\n<meta property=\"og:type\" content=\"article\" \/>\n<meta property=\"og:title\" content=\"Russlandsanktionen: Ehemaliger Gesch\u00e4ftsf\u00fchrer des Parit\u00e4tischen teilt gegen Sevim Dagdelen aus\" \/>\n<meta property=\"og:description\" content=\"Dass die Russlandsanktionen die deutsche Wirtschaft h\u00e4rter treffen als Russland, ist inzwischen unstrittig. Die BSW-Politikerin Sevim Dagdelen sieht die Bundesregierung in der Verantwortung. Widerspruch bekommt sie von einem ehemaligen Verbandsfunktion\u00e4r. Dagdelen betreibe T\u00e4ter-Opfer-Umkehr. Er ist erst k\u00fcrzlich in Rente gegangen, positioniert sich aber weiterhin politisch. Ulrich Schneider, ehemaliger Hauptgesch\u00e4ftsf\u00fchrer des Parit\u00e4tischen Wohlfahrtsverbandes, teilt in einem [&hellip;]\" \/>\n<meta property=\"og:url\" content=\"https:\/\/now-news.de\/de\/deutschland\/russlandsanktionen-ehemaliger-geschaeftsfuehrer-des-paritaetischen-teilt-gegen-sevim-dagdelen-aus\/\" \/>\n<meta property=\"og:site_name\" content=\"just-now.NEWS Deutschland\" \/>\n<meta property=\"article:publisher\" content=\"https:\/\/www.facebook.com\/wirmachenauf\" \/>\n<meta property=\"article:published_time\" content=\"2024-09-05T10:19:15+00:00\" \/>\n<meta property=\"og:image\" content=\"https:\/\/now-news.de\/de\/wp-content\/uploads\/sites\/3\/2024\/09\/66d9613c48fbef402d6050fb.jpg\" \/>\n<meta name=\"author\" content=\"rtnews\" \/>\n<meta name=\"twitter:card\" content=\"summary_large_image\" \/>\n<meta name=\"twitter:creator\" content=\"@WirMachenAuf_de\" \/>\n<meta name=\"twitter:site\" content=\"@WirMachenAuf_de\" \/>\n<meta name=\"twitter:label1\" content=\"Verfasst von\" \/>\n\t<meta name=\"twitter:data1\" content=\"rtnews\" \/>\n\t<meta name=\"twitter:label2\" content=\"Gesch\u00e4tzte Lesezeit\" \/>\n\t<meta name=\"twitter:data2\" content=\"3\u00a0Minuten\" \/>\n<script type=\"application\/ld+json\" class=\"yoast-schema-graph\">{\"@context\":\"https:\/\/schema.org\",\"@graph\":[{\"@type\":\"Article\",\"@id\":\"https:\/\/now-news.de\/de\/deutschland\/russlandsanktionen-ehemaliger-geschaeftsfuehrer-des-paritaetischen-teilt-gegen-sevim-dagdelen-aus\/#article\",\"isPartOf\":{\"@id\":\"https:\/\/now-news.de\/de\/deutschland\/russlandsanktionen-ehemaliger-geschaeftsfuehrer-des-paritaetischen-teilt-gegen-sevim-dagdelen-aus\/\"},\"author\":{\"name\":\"rtnews\",\"@id\":\"https:\/\/now-news.de\/de\/#\/schema\/person\/fb534a4e865501d8b3285208df34a9b5\"},\"headline\":\"Russlandsanktionen: Ehemaliger Gesch\u00e4ftsf\u00fchrer des Parit\u00e4tischen teilt gegen Sevim Dagdelen aus\",\"datePublished\":\"2024-09-05T10:19:15+00:00\",\"dateModified\":\"2024-09-05T10:19:15+00:00\",\"mainEntityOfPage\":{\"@id\":\"https:\/\/now-news.de\/de\/deutschland\/russlandsanktionen-ehemaliger-geschaeftsfuehrer-des-paritaetischen-teilt-gegen-sevim-dagdelen-aus\/\"},\"wordCount\":534,\"commentCount\":0,\"publisher\":{\"@id\":\"https:\/\/now-news.de\/de\/#organization\"},\"image\":{\"@id\":\"https:\/\/now-news.de\/de\/deutschland\/russlandsanktionen-ehemaliger-geschaeftsfuehrer-des-paritaetischen-teilt-gegen-sevim-dagdelen-aus\/#primaryimage\"},\"thumbnailUrl\":\"https:\/\/now-news.de\/de\/wp-content\/uploads\/sites\/3\/2024\/09\/Russlandsanktionen-Ehemaliger-Geschaeftsfuehrer-des-Paritaetischen-teilt-gegen-Sevim-Dagdelen-aus.jpg\",\"keywords\":[\"aus\",\"Da\u011fdelen\",\"des\",\"Ehemaliger\",\"gegen\",\"Gesch\u00e4ftsf\u00fchrer\",\"Parit\u00e4tischen\",\"RusslandSanktionen\",\"Sevim\",\"teilt\"],\"articleSection\":[\"Deutschland\",\"Russland\"],\"inLanguage\":\"de\",\"potentialAction\":[{\"@type\":\"CommentAction\",\"name\":\"Comment\",\"target\":[\"https:\/\/now-news.de\/de\/deutschland\/russlandsanktionen-ehemaliger-geschaeftsfuehrer-des-paritaetischen-teilt-gegen-sevim-dagdelen-aus\/#respond\"]}]},{\"@type\":\"WebPage\",\"@id\":\"https:\/\/now-news.de\/de\/deutschland\/russlandsanktionen-ehemaliger-geschaeftsfuehrer-des-paritaetischen-teilt-gegen-sevim-dagdelen-aus\/\",\"url\":\"https:\/\/now-news.de\/de\/deutschland\/russlandsanktionen-ehemaliger-geschaeftsfuehrer-des-paritaetischen-teilt-gegen-sevim-dagdelen-aus\/\",\"name\":\"Russlandsanktionen: Ehemaliger Gesch\u00e4ftsf\u00fchrer des Parit\u00e4tischen teilt gegen Sevim Dagdelen aus - just-now.NEWS Deutschland\",\"isPartOf\":{\"@id\":\"https:\/\/now-news.de\/de\/#website\"},\"primaryImageOfPage\":{\"@id\":\"https:\/\/now-news.de\/de\/deutschland\/russlandsanktionen-ehemaliger-geschaeftsfuehrer-des-paritaetischen-teilt-gegen-sevim-dagdelen-aus\/#primaryimage\"},\"image\":{\"@id\":\"https:\/\/now-news.de\/de\/deutschland\/russlandsanktionen-ehemaliger-geschaeftsfuehrer-des-paritaetischen-teilt-gegen-sevim-dagdelen-aus\/#primaryimage\"},\"thumbnailUrl\":\"https:\/\/now-news.de\/de\/wp-content\/uploads\/sites\/3\/2024\/09\/Russlandsanktionen-Ehemaliger-Geschaeftsfuehrer-des-Paritaetischen-teilt-gegen-Sevim-Dagdelen-aus.jpg\",\"datePublished\":\"2024-09-05T10:19:15+00:00\",\"dateModified\":\"2024-09-05T10:19:15+00:00\",\"breadcrumb\":{\"@id\":\"https:\/\/now-news.de\/de\/deutschland\/russlandsanktionen-ehemaliger-geschaeftsfuehrer-des-paritaetischen-teilt-gegen-sevim-dagdelen-aus\/#breadcrumb\"},\"inLanguage\":\"de\",\"potentialAction\":[{\"@type\":\"ReadAction\",\"target\":[\"https:\/\/now-news.de\/de\/deutschland\/russlandsanktionen-ehemaliger-geschaeftsfuehrer-des-paritaetischen-teilt-gegen-sevim-dagdelen-aus\/\"]}]},{\"@type\":\"ImageObject\",\"inLanguage\":\"de\",\"@id\":\"https:\/\/now-news.de\/de\/deutschland\/russlandsanktionen-ehemaliger-geschaeftsfuehrer-des-paritaetischen-teilt-gegen-sevim-dagdelen-aus\/#primaryimage\",\"url\":\"https:\/\/now-news.de\/de\/wp-content\/uploads\/sites\/3\/2024\/09\/Russlandsanktionen-Ehemaliger-Geschaeftsfuehrer-des-Paritaetischen-teilt-gegen-Sevim-Dagdelen-aus.jpg\",\"contentUrl\":\"https:\/\/now-news.de\/de\/wp-content\/uploads\/sites\/3\/2024\/09\/Russlandsanktionen-Ehemaliger-Geschaeftsfuehrer-des-Paritaetischen-teilt-gegen-Sevim-Dagdelen-aus.jpg\",\"width\":460,\"height\":259,\"caption\":\"Russlandsanktionen: Ehemaliger Gesch\u00e4ftsf\u00fchrer des Parit\u00e4tischen teilt gegen Sevim Dagdelen aus\"},{\"@type\":\"BreadcrumbList\",\"@id\":\"https:\/\/now-news.de\/de\/deutschland\/russlandsanktionen-ehemaliger-geschaeftsfuehrer-des-paritaetischen-teilt-gegen-sevim-dagdelen-aus\/#breadcrumb\",\"itemListElement\":[{\"@type\":\"ListItem\",\"position\":1,\"name\":\"Home\",\"item\":\"https:\/\/now-news.de\/de\/\"},{\"@type\":\"ListItem\",\"position\":2,\"name\":\"Russlandsanktionen: Ehemaliger Gesch\u00e4ftsf\u00fchrer des Parit\u00e4tischen teilt gegen Sevim Dagdelen aus\"}]},{\"@type\":\"WebSite\",\"@id\":\"https:\/\/now-news.de\/de\/#website\",\"url\":\"https:\/\/now-news.de\/de\/\",\"name\":\"just-now.NEWS Deutschland\",\"description\":\"Das Portal f\u00fcr unzensierte Nachrichten aus der Welt\",\"publisher\":{\"@id\":\"https:\/\/now-news.de\/de\/#organization\"},\"potentialAction\":[{\"@type\":\"SearchAction\",\"target\":{\"@type\":\"EntryPoint\",\"urlTemplate\":\"https:\/\/now-news.de\/de\/?s={search_term_string}\"},\"query-input\":\"required name=search_term_string\"}],\"inLanguage\":\"de\"},{\"@type\":\"Organization\",\"@id\":\"https:\/\/now-news.de\/de\/#organization\",\"name\":\"Just Now News\",\"url\":\"https:\/\/now-news.de\/de\/\",\"logo\":{\"@type\":\"ImageObject\",\"inLanguage\":\"de\",\"@id\":\"https:\/\/now-news.de\/de\/#\/schema\/logo\/image\/\",\"url\":\"http:\/\/just-now.news\/de\/wp-content\/uploads\/sites\/3\/2022\/04\/logo500x500.jpg\",\"contentUrl\":\"http:\/\/just-now.news\/de\/wp-content\/uploads\/sites\/3\/2022\/04\/logo500x500.jpg\",\"width\":500,\"height\":500,\"caption\":\"Just Now News\"},\"image\":{\"@id\":\"https:\/\/now-news.de\/de\/#\/schema\/logo\/image\/\"},\"sameAs\":[\"https:\/\/www.facebook.com\/wirmachenauf\",\"https:\/\/x.com\/WirMachenAuf_de\"]},{\"@type\":\"Person\",\"@id\":\"https:\/\/now-news.de\/de\/#\/schema\/person\/fb534a4e865501d8b3285208df34a9b5\",\"name\":\"rtnews\",\"image\":{\"@type\":\"ImageObject\",\"inLanguage\":\"de\",\"@id\":\"https:\/\/now-news.de\/de\/#\/schema\/person\/image\/\",\"url\":\"https:\/\/secure.gravatar.com\/avatar\/82aafea7d8127119dd649515f56e2117?s=96&d=mm&r=g\",\"contentUrl\":\"https:\/\/secure.gravatar.com\/avatar\/82aafea7d8127119dd649515f56e2117?s=96&d=mm&r=g\",\"caption\":\"rtnews\"},\"url\":\"https:\/\/now-news.de\/de\/author\/rnews\/\"}]}<\/script>\n<!-- \/ Yoast SEO Premium plugin. -->","yoast_head_json":{"title":"Russlandsanktionen: Ehemaliger Gesch\u00e4ftsf\u00fchrer des Parit\u00e4tischen teilt gegen Sevim Dagdelen aus - just-now.NEWS Deutschland","robots":{"index":"index","follow":"follow","max-snippet":"max-snippet:-1","max-image-preview":"max-image-preview:large","max-video-preview":"max-video-preview:-1"},"canonical":"https:\/\/now-news.de\/de\/deutschland\/russlandsanktionen-ehemaliger-geschaeftsfuehrer-des-paritaetischen-teilt-gegen-sevim-dagdelen-aus\/","og_locale":"de_DE","og_type":"article","og_title":"Russlandsanktionen: Ehemaliger Gesch\u00e4ftsf\u00fchrer des Parit\u00e4tischen teilt gegen Sevim Dagdelen aus","og_description":"Dass die Russlandsanktionen die deutsche Wirtschaft h\u00e4rter treffen als Russland, ist inzwischen unstrittig. Die BSW-Politikerin Sevim Dagdelen sieht die Bundesregierung in der Verantwortung. Widerspruch bekommt sie von einem ehemaligen Verbandsfunktion\u00e4r. Dagdelen betreibe T\u00e4ter-Opfer-Umkehr. Er ist erst k\u00fcrzlich in Rente gegangen, positioniert sich aber weiterhin politisch. Ulrich Schneider, ehemaliger Hauptgesch\u00e4ftsf\u00fchrer des Parit\u00e4tischen Wohlfahrtsverbandes, teilt in einem [&hellip;]","og_url":"https:\/\/now-news.de\/de\/deutschland\/russlandsanktionen-ehemaliger-geschaeftsfuehrer-des-paritaetischen-teilt-gegen-sevim-dagdelen-aus\/","og_site_name":"just-now.NEWS Deutschland","article_publisher":"https:\/\/www.facebook.com\/wirmachenauf","article_published_time":"2024-09-05T10:19:15+00:00","og_image":[{"url":"https:\/\/now-news.de\/de\/wp-content\/uploads\/sites\/3\/2024\/09\/66d9613c48fbef402d6050fb.jpg"}],"author":"rtnews","twitter_card":"summary_large_image","twitter_creator":"@WirMachenAuf_de","twitter_site":"@WirMachenAuf_de","twitter_misc":{"Verfasst von":"rtnews","Gesch\u00e4tzte Lesezeit":"3\u00a0Minuten"},"schema":{"@context":"https:\/\/schema.org","@graph":[{"@type":"Article","@id":"https:\/\/now-news.de\/de\/deutschland\/russlandsanktionen-ehemaliger-geschaeftsfuehrer-des-paritaetischen-teilt-gegen-sevim-dagdelen-aus\/#article","isPartOf":{"@id":"https:\/\/now-news.de\/de\/deutschland\/russlandsanktionen-ehemaliger-geschaeftsfuehrer-des-paritaetischen-teilt-gegen-sevim-dagdelen-aus\/"},"author":{"name":"rtnews","@id":"https:\/\/now-news.de\/de\/#\/schema\/person\/fb534a4e865501d8b3285208df34a9b5"},"headline":"Russlandsanktionen: Ehemaliger Gesch\u00e4ftsf\u00fchrer des Parit\u00e4tischen teilt gegen Sevim Dagdelen aus","datePublished":"2024-09-05T10:19:15+00:00","dateModified":"2024-09-05T10:19:15+00:00","mainEntityOfPage":{"@id":"https:\/\/now-news.de\/de\/deutschland\/russlandsanktionen-ehemaliger-geschaeftsfuehrer-des-paritaetischen-teilt-gegen-sevim-dagdelen-aus\/"},"wordCount":534,"commentCount":0,"publisher":{"@id":"https:\/\/now-news.de\/de\/#organization"},"image":{"@id":"https:\/\/now-news.de\/de\/deutschland\/russlandsanktionen-ehemaliger-geschaeftsfuehrer-des-paritaetischen-teilt-gegen-sevim-dagdelen-aus\/#primaryimage"},"thumbnailUrl":"https:\/\/now-news.de\/de\/wp-content\/uploads\/sites\/3\/2024\/09\/Russlandsanktionen-Ehemaliger-Geschaeftsfuehrer-des-Paritaetischen-teilt-gegen-Sevim-Dagdelen-aus.jpg","keywords":["aus","Da\u011fdelen","des","Ehemaliger","gegen","Gesch\u00e4ftsf\u00fchrer","Parit\u00e4tischen","RusslandSanktionen","Sevim","teilt"],"articleSection":["Deutschland","Russland"],"inLanguage":"de","potentialAction":[{"@type":"CommentAction","name":"Comment","target":["https:\/\/now-news.de\/de\/deutschland\/russlandsanktionen-ehemaliger-geschaeftsfuehrer-des-paritaetischen-teilt-gegen-sevim-dagdelen-aus\/#respond"]}]},{"@type":"WebPage","@id":"https:\/\/now-news.de\/de\/deutschland\/russlandsanktionen-ehemaliger-geschaeftsfuehrer-des-paritaetischen-teilt-gegen-sevim-dagdelen-aus\/","url":"https:\/\/now-news.de\/de\/deutschland\/russlandsanktionen-ehemaliger-geschaeftsfuehrer-des-paritaetischen-teilt-gegen-sevim-dagdelen-aus\/","name":"Russlandsanktionen: Ehemaliger Gesch\u00e4ftsf\u00fchrer des Parit\u00e4tischen teilt gegen Sevim Dagdelen aus - just-now.NEWS Deutschland","isPartOf":{"@id":"https:\/\/now-news.de\/de\/#website"},"primaryImageOfPage":{"@id":"https:\/\/now-news.de\/de\/deutschland\/russlandsanktionen-ehemaliger-geschaeftsfuehrer-des-paritaetischen-teilt-gegen-sevim-dagdelen-aus\/#primaryimage"},"image":{"@id":"https:\/\/now-news.de\/de\/deutschland\/russlandsanktionen-ehemaliger-geschaeftsfuehrer-des-paritaetischen-teilt-gegen-sevim-dagdelen-aus\/#primaryimage"},"thumbnailUrl":"https:\/\/now-news.de\/de\/wp-content\/uploads\/sites\/3\/2024\/09\/Russlandsanktionen-Ehemaliger-Geschaeftsfuehrer-des-Paritaetischen-teilt-gegen-Sevim-Dagdelen-aus.jpg","datePublished":"2024-09-05T10:19:15+00:00","dateModified":"2024-09-05T10:19:15+00:00","breadcrumb":{"@id":"https:\/\/now-news.de\/de\/deutschland\/russlandsanktionen-ehemaliger-geschaeftsfuehrer-des-paritaetischen-teilt-gegen-sevim-dagdelen-aus\/#breadcrumb"},"inLanguage":"de","potentialAction":[{"@type":"ReadAction","target":["https:\/\/now-news.de\/de\/deutschland\/russlandsanktionen-ehemaliger-geschaeftsfuehrer-des-paritaetischen-teilt-gegen-sevim-dagdelen-aus\/"]}]},{"@type":"ImageObject","inLanguage":"de","@id":"https:\/\/now-news.de\/de\/deutschland\/russlandsanktionen-ehemaliger-geschaeftsfuehrer-des-paritaetischen-teilt-gegen-sevim-dagdelen-aus\/#primaryimage","url":"https:\/\/now-news.de\/de\/wp-content\/uploads\/sites\/3\/2024\/09\/Russlandsanktionen-Ehemaliger-Geschaeftsfuehrer-des-Paritaetischen-teilt-gegen-Sevim-Dagdelen-aus.jpg","contentUrl":"https:\/\/now-news.de\/de\/wp-content\/uploads\/sites\/3\/2024\/09\/Russlandsanktionen-Ehemaliger-Geschaeftsfuehrer-des-Paritaetischen-teilt-gegen-Sevim-Dagdelen-aus.jpg","width":460,"height":259,"caption":"Russlandsanktionen: Ehemaliger Gesch\u00e4ftsf\u00fchrer des Parit\u00e4tischen teilt gegen Sevim Dagdelen aus"},{"@type":"BreadcrumbList","@id":"https:\/\/now-news.de\/de\/deutschland\/russlandsanktionen-ehemaliger-geschaeftsfuehrer-des-paritaetischen-teilt-gegen-sevim-dagdelen-aus\/#breadcrumb","itemListElement":[{"@type":"ListItem","position":1,"name":"Home","item":"https:\/\/now-news.de\/de\/"},{"@type":"ListItem","position":2,"name":"Russlandsanktionen: Ehemaliger Gesch\u00e4ftsf\u00fchrer des Parit\u00e4tischen teilt gegen Sevim Dagdelen aus"}]},{"@type":"WebSite","@id":"https:\/\/now-news.de\/de\/#website","url":"https:\/\/now-news.de\/de\/","name":"just-now.NEWS Deutschland","description":"Das Portal f\u00fcr unzensierte Nachrichten aus der Welt","publisher":{"@id":"https:\/\/now-news.de\/de\/#organization"},"potentialAction":[{"@type":"SearchAction","target":{"@type":"EntryPoint","urlTemplate":"https:\/\/now-news.de\/de\/?s={search_term_string}"},"query-input":"required name=search_term_string"}],"inLanguage":"de"},{"@type":"Organization","@id":"https:\/\/now-news.de\/de\/#organization","name":"Just Now News","url":"https:\/\/now-news.de\/de\/","logo":{"@type":"ImageObject","inLanguage":"de","@id":"https:\/\/now-news.de\/de\/#\/schema\/logo\/image\/","url":"http:\/\/just-now.news\/de\/wp-content\/uploads\/sites\/3\/2022\/04\/logo500x500.jpg","contentUrl":"http:\/\/just-now.news\/de\/wp-content\/uploads\/sites\/3\/2022\/04\/logo500x500.jpg","width":500,"height":500,"caption":"Just Now News"},"image":{"@id":"https:\/\/now-news.de\/de\/#\/schema\/logo\/image\/"},"sameAs":["https:\/\/www.facebook.com\/wirmachenauf","https:\/\/x.com\/WirMachenAuf_de"]},{"@type":"Person","@id":"https:\/\/now-news.de\/de\/#\/schema\/person\/fb534a4e865501d8b3285208df34a9b5","name":"rtnews","image":{"@type":"ImageObject","inLanguage":"de","@id":"https:\/\/now-news.de\/de\/#\/schema\/person\/image\/","url":"https:\/\/secure.gravatar.com\/avatar\/82aafea7d8127119dd649515f56e2117?s=96&d=mm&r=g","contentUrl":"https:\/\/secure.gravatar.com\/avatar\/82aafea7d8127119dd649515f56e2117?s=96&d=mm&r=g","caption":"rtnews"},"url":"https:\/\/now-news.de\/de\/author\/rnews\/"}]}},"_links":{"self":[{"href":"https:\/\/now-news.de\/de\/wp-json\/wp\/v2\/posts\/68263"}],"collection":[{"href":"https:\/\/now-news.de\/de\/wp-json\/wp\/v2\/posts"}],"about":[{"href":"https:\/\/now-news.de\/de\/wp-json\/wp\/v2\/types\/post"}],"author":[{"embeddable":true,"href":"https:\/\/now-news.de\/de\/wp-json\/wp\/v2\/users\/3"}],"replies":[{"embeddable":true,"href":"https:\/\/now-news.de\/de\/wp-json\/wp\/v2\/comments?post=68263"}],"version-history":[{"count":0,"href":"https:\/\/now-news.de\/de\/wp-json\/wp\/v2\/posts\/68263\/revisions"}],"wp:featuredmedia":[{"embeddable":true,"href":"https:\/\/now-news.de\/de\/wp-json\/wp\/v2\/media\/68264"}],"wp:attachment":[{"href":"https:\/\/now-news.de\/de\/wp-json\/wp\/v2\/media?parent=68263"}],"wp:term":[{"taxonomy":"category","embeddable":true,"href":"https:\/\/now-news.de\/de\/wp-json\/wp\/v2\/categories?post=68263"},{"taxonomy":"post_tag","embeddable":true,"href":"https:\/\/now-news.de\/de\/wp-json\/wp\/v2\/tags?post=68263"}],"curies":[{"name":"wp","href":"https:\/\/api.w.org\/{rel}","templated":true}]}}